{"id":230664,"date":"2025-01-08T10:57:45","date_gmt":"2025-01-08T09:57:45","guid":{"rendered":"https:\/\/fernandezadvocats.es\/?p=230664"},"modified":"2025-01-08T10:57:45","modified_gmt":"2025-01-08T09:57:45","slug":"el-abuso-de-la-temporalidad-en-espana-analisis-de-la-sentencia-del-tjue","status":"publish","type":"post","link":"https:\/\/fernandezadvocats.es\/es\/el-abuso-de-la-temporalidad-en-espana-analisis-de-la-sentencia-del-tjue\/","title":{"rendered":"El Abuso de la Temporalidad en Espa\u00f1a: An\u00e1lisis de la Sentencia del TJUE"},"content":{"rendered":"<p><a href=\"https:\/\/www.eleconomista.es\/opinion\/noticias\/12920902\/07\/24\/a-vueltas-sobre-el-abuso-de-la-temporalidad-a-la-luz-del-tjue.html\"><strong>Por Ferran Bertr\u00e1n para Eleconomista.com<\/strong><\/a><\/p>\n<p>El abuso de la temporalidad en el sector p\u00fablico espa\u00f1ol ha sido, una vez m\u00e1s, objeto de an\u00e1lisis en una reciente sentencia del Tribunal de Justicia de la Uni\u00f3n Europea (TJUE). Este tema, de gran relevancia tanto jur\u00eddica como social, ha sido abordado de manera experta por nuestro compa\u00f1ero Ferran en su art\u00edculo para <em>El Economista<\/em>. A continuaci\u00f3n, comentamos sus ideas clave y reflexionamos sobre su impacto en el \u00e1mbito legal y laboral.<\/p>\n<h4>La Temporalidad en el Sector P\u00fablico Espa\u00f1ol<\/h4>\n<p>Tal como menciona Ferran, el TJUE ha puesto de manifiesto las deficiencias del sistema espa\u00f1ol para evitar el uso abusivo de contratos temporales en la administraci\u00f3n p\u00fablica. La sentencia responde a cuestiones planteadas por el Juzgado Contencioso-Administrativo n\u00ba 17 de Barcelona y recalca que las medidas adoptadas hasta ahora, como los procesos de estabilizaci\u00f3n, no son suficientes para garantizar la estabilidad laboral.<\/p>\n<h4>Conversi\u00f3n de Contratos Temporales en Plazas Fijas<\/h4>\n<p>En su an\u00e1lisis, Ferran destaca que el TJUE considera viable la conversi\u00f3n de contratos temporales en plazas fijas como una medida para prevenir este tipo de abusos, siempre que sea compatible con la legislaci\u00f3n nacional. Esta soluci\u00f3n ha generado esperanzas entre los funcionarios interinos, quienes ven en esta sentencia un posible camino hacia la regularizaci\u00f3n de su situaci\u00f3n laboral.<\/p>\n<h4>\u00bfQu\u00e9 Dice el Tribunal Supremo?<\/h4>\n<p>Ferran se\u00f1ala un aspecto cr\u00edtico en su art\u00edculo: el Tribunal Supremo espa\u00f1ol ha optado por mantener una postura cautelosa, esperando m\u00e1s directrices del TJUE antes de emitir decisiones definitivas sobre la estabilidad de los interinos. Este enfoque refleja las tensiones existentes entre las interpretaciones europeas y la aplicaci\u00f3n del derecho nacional.<\/p>\n<h4>La Necesidad de Reformas Estructurales<\/h4>\n<p>Un punto clave que subraya Ferran es la necesidad de implementar reformas legislativas efectivas en Espa\u00f1a para abordar el abuso de la temporalidad. Aunque el TJUE proporciona directrices claras, corresponde a las autoridades espa\u00f1olas garantizar medidas disuasorias y soluciones estructurales que respeten los derechos laborales.<\/p>\n<h4>Reflexiones Finales<\/h4>\n<p>La sentencia del TJUE es un recordatorio contundente de que el abuso de la temporalidad no solo afecta la estabilidad laboral de miles de empleados p\u00fablicos, sino que tambi\u00e9n supone un incumplimiento de las normativas europeas. A medida que Espa\u00f1a avanza en este debate, es crucial que los actores jur\u00eddicos y pol\u00edticos trabajen en conjunto para ofrecer soluciones justas y sostenibles.<\/p>\n","protected":false},"excerpt":{"rendered":"<p>Por Ferran Bertr\u00e1n para Eleconomista.com El abuso de la temporalidad en el sector p\u00fablico espa\u00f1ol ha sido, una vez m\u00e1s, objeto de an\u00e1lisis en una reciente sentencia del Tribunal de Justicia de la Uni\u00f3n Europea (TJUE). Este tema, de gran relevancia tanto jur\u00eddica como social, ha sido abordado de manera experta por nuestro compa\u00f1ero Ferran [&hellip;]<\/p>\n","protected":false},"author":2,"featured_media":230665,"comment_status":"closed","ping_status":"closed","sticky":false,"template":"","format":"standard","meta":{"_et_pb_use_builder":"","_et_pb_old_content":"","_et_gb_content_width":"","footnotes":""},"categories":[30],"tags":[],"class_list":["post-230664","post","type-post","status-publish","format-standard","has-post-thumbnail","hentry","category-prensa"],"yoast_head":"<!-- This site is optimized with the Yoast SEO plugin v27.1.1 - https:\/\/yoast.com\/product\/yoast-seo-wordpress\/ -->\n<title>El Abuso de la Temporalidad en Espa\u00f1a: An\u00e1lisis de la Sentencia del TJUE | Fern\u00e1ndez Advocats<\/title>\n<meta name=\"robots\" content=\"index, follow, max-snippet:-1, max-image-preview:large, max-video-preview:-1\" \/>\n<link rel=\"canonical\" href=\"https:\/\/fernandezadvocats.es\/es\/el-abuso-de-la-temporalidad-en-espana-analisis-de-la-sentencia-del-tjue\/\" \/>\n<meta property=\"og:locale\" content=\"es_ES\" \/>\n<meta property=\"og:type\" content=\"article\" \/>\n<meta property=\"og:title\" content=\"El Abuso de la Temporalidad en Espa\u00f1a: An\u00e1lisis de la Sentencia del TJUE | Fern\u00e1ndez Advocats\" \/>\n<meta property=\"og:description\" content=\"Por Ferran Bertr\u00e1n para Eleconomista.com El abuso de la temporalidad en el sector p\u00fablico espa\u00f1ol ha sido, una vez m\u00e1s, objeto de an\u00e1lisis en una reciente sentencia del Tribunal de Justicia de la Uni\u00f3n Europea (TJUE). Este tema, de gran relevancia tanto jur\u00eddica como social, ha sido abordado de manera experta por nuestro compa\u00f1ero Ferran [&hellip;]\" \/>\n<meta property=\"og:url\" content=\"https:\/\/fernandezadvocats.es\/es\/el-abuso-de-la-temporalidad-en-espana-analisis-de-la-sentencia-del-tjue\/\" \/>\n<meta property=\"og:site_name\" content=\"Fern\u00e1ndez Advocats\" \/>\n<meta property=\"article:published_time\" content=\"2025-01-08T09:57:45+00:00\" \/>\n<meta property=\"og:image\" content=\"https:\/\/fernandezadvocats.es\/wp-content\/uploads\/2025\/01\/company-corporate-meeting-business-people-brainst-2024-04-03-21-14-43-utc-scaled.jpg\" \/>\n\t<meta property=\"og:image:width\" content=\"2560\" \/>\n\t<meta property=\"og:image:height\" content=\"1707\" \/>\n\t<meta property=\"og:image:type\" content=\"image\/jpeg\" \/>\n<meta name=\"author\" content=\"Fern\u00e1ndez Advocats\" \/>\n<meta name=\"twitter:card\" content=\"summary_large_image\" \/>\n<meta name=\"twitter:label1\" content=\"Escrito por\" \/>\n\t<meta name=\"twitter:data1\" content=\"Fern\u00e1ndez Advocats\" \/>\n\t<meta name=\"twitter:label2\" content=\"Tiempo de lectura\" \/>\n\t<meta name=\"twitter:data2\" content=\"3 minutos\" \/>\n<script type=\"application\/ld+json\" class=\"yoast-schema-graph\">{\"@context\":\"https:\/\/schema.org\",\"@graph\":[{\"@type\":\"Article\",\"@id\":\"https:\/\/fernandezadvocats.es\/es\/el-abuso-de-la-temporalidad-en-espana-analisis-de-la-sentencia-del-tjue\/#article\",\"isPartOf\":{\"@id\":\"https:\/\/fernandezadvocats.es\/es\/el-abuso-de-la-temporalidad-en-espana-analisis-de-la-sentencia-del-tjue\/\"},\"author\":{\"name\":\"Fern\u00e1ndez Advocats\",\"@id\":\"https:\/\/fernandezadvocats.es\/#\/schema\/person\/b07c77bdf07c1e11b12a56cae182b521\"},\"headline\":\"El Abuso de la Temporalidad en Espa\u00f1a: An\u00e1lisis de la Sentencia del TJUE\",\"datePublished\":\"2025-01-08T09:57:45+00:00\",\"mainEntityOfPage\":{\"@id\":\"https:\/\/fernandezadvocats.es\/es\/el-abuso-de-la-temporalidad-en-espana-analisis-de-la-sentencia-del-tjue\/\"},\"wordCount\":433,\"publisher\":{\"@id\":\"https:\/\/fernandezadvocats.es\/#organization\"},\"image\":{\"@id\":\"https:\/\/fernandezadvocats.es\/es\/el-abuso-de-la-temporalidad-en-espana-analisis-de-la-sentencia-del-tjue\/#primaryimage\"},\"thumbnailUrl\":\"https:\/\/fernandezadvocats.es\/wp-content\/uploads\/2025\/01\/company-corporate-meeting-business-people-brainst-2024-04-03-21-14-43-utc-scaled.jpg\",\"articleSection\":[\"Prensa\"],\"inLanguage\":\"es\"},{\"@type\":\"WebPage\",\"@id\":\"https:\/\/fernandezadvocats.es\/es\/el-abuso-de-la-temporalidad-en-espana-analisis-de-la-sentencia-del-tjue\/\",\"url\":\"https:\/\/fernandezadvocats.es\/es\/el-abuso-de-la-temporalidad-en-espana-analisis-de-la-sentencia-del-tjue\/\",\"name\":\"El Abuso de la Temporalidad en Espa\u00f1a: An\u00e1lisis de la Sentencia del TJUE | Fern\u00e1ndez Advocats\",\"isPartOf\":{\"@id\":\"https:\/\/fernandezadvocats.es\/#website\"},\"primaryImageOfPage\":{\"@id\":\"https:\/\/fernandezadvocats.es\/es\/el-abuso-de-la-temporalidad-en-espana-analisis-de-la-sentencia-del-tjue\/#primaryimage\"},\"image\":{\"@id\":\"https:\/\/fernandezadvocats.es\/es\/el-abuso-de-la-temporalidad-en-espana-analisis-de-la-sentencia-del-tjue\/#primaryimage\"},\"thumbnailUrl\":\"https:\/\/fernandezadvocats.es\/wp-content\/uploads\/2025\/01\/company-corporate-meeting-business-people-brainst-2024-04-03-21-14-43-utc-scaled.jpg\",\"datePublished\":\"2025-01-08T09:57:45+00:00\",\"breadcrumb\":{\"@id\":\"https:\/\/fernandezadvocats.es\/es\/el-abuso-de-la-temporalidad-en-espana-analisis-de-la-sentencia-del-tjue\/#breadcrumb\"},\"inLanguage\":\"es\",\"potentialAction\":[{\"@type\":\"ReadAction\",\"target\":[\"https:\/\/fernandezadvocats.es\/es\/el-abuso-de-la-temporalidad-en-espana-analisis-de-la-sentencia-del-tjue\/\"]}]},{\"@type\":\"ImageObject\",\"inLanguage\":\"es\",\"@id\":\"https:\/\/fernandezadvocats.es\/es\/el-abuso-de-la-temporalidad-en-espana-analisis-de-la-sentencia-del-tjue\/#primaryimage\",\"url\":\"https:\/\/fernandezadvocats.es\/wp-content\/uploads\/2025\/01\/company-corporate-meeting-business-people-brainst-2024-04-03-21-14-43-utc-scaled.jpg\",\"contentUrl\":\"https:\/\/fernandezadvocats.es\/wp-content\/uploads\/2025\/01\/company-corporate-meeting-business-people-brainst-2024-04-03-21-14-43-utc-scaled.jpg\",\"width\":2560,\"height\":1707,\"caption\":\"Company corporate meeting, business people brainstorming, discussing planning, working in the organization and analyzing business strategies. Management meeting investment new business projects.\"},{\"@type\":\"BreadcrumbList\",\"@id\":\"https:\/\/fernandezadvocats.es\/es\/el-abuso-de-la-temporalidad-en-espana-analisis-de-la-sentencia-del-tjue\/#breadcrumb\",\"itemListElement\":[{\"@type\":\"ListItem\",\"position\":1,\"name\":\"Portada\",\"item\":\"https:\/\/fernandezadvocats.es\/es\/fernandez-advocats-berga\/\"},{\"@type\":\"ListItem\",\"position\":2,\"name\":\"El Abuso de la Temporalidad en Espa\u00f1a: An\u00e1lisis de la Sentencia del TJUE\"}]},{\"@type\":\"WebSite\",\"@id\":\"https:\/\/fernandezadvocats.es\/#website\",\"url\":\"https:\/\/fernandezadvocats.es\/\",\"name\":\"Fern\u00e1ndez Advocats\",\"description\":\"Advocats Berga i Barcelona\",\"publisher\":{\"@id\":\"https:\/\/fernandezadvocats.es\/#organization\"},\"alternateName\":\"Abogados Berga y Bracelona\",\"potentialAction\":[{\"@type\":\"SearchAction\",\"target\":{\"@type\":\"EntryPoint\",\"urlTemplate\":\"https:\/\/fernandezadvocats.es\/?s={search_term_string}\"},\"query-input\":{\"@type\":\"PropertyValueSpecification\",\"valueRequired\":true,\"valueName\":\"search_term_string\"}}],\"inLanguage\":\"es\"},{\"@type\":\"Organization\",\"@id\":\"https:\/\/fernandezadvocats.es\/#organization\",\"name\":\"Fern\u00e1ndez Advocats\",\"url\":\"https:\/\/fernandezadvocats.es\/\",\"logo\":{\"@type\":\"ImageObject\",\"inLanguage\":\"es\",\"@id\":\"https:\/\/fernandezadvocats.es\/#\/schema\/logo\/image\/\",\"url\":\"https:\/\/fernandezadvocats.es\/wp-content\/uploads\/2024\/11\/cropped-BF-e1731427554424.png\",\"contentUrl\":\"https:\/\/fernandezadvocats.es\/wp-content\/uploads\/2024\/11\/cropped-BF-e1731427554424.png\",\"width\":512,\"height\":512,\"caption\":\"Fern\u00e1ndez Advocats\"},\"image\":{\"@id\":\"https:\/\/fernandezadvocats.es\/#\/schema\/logo\/image\/\"}},{\"@type\":\"Person\",\"@id\":\"https:\/\/fernandezadvocats.es\/#\/schema\/person\/b07c77bdf07c1e11b12a56cae182b521\",\"name\":\"Fern\u00e1ndez Advocats\",\"image\":{\"@type\":\"ImageObject\",\"inLanguage\":\"es\",\"@id\":\"https:\/\/fernandezadvocats.es\/#\/schema\/person\/image\/\",\"url\":\"https:\/\/secure.gravatar.com\/avatar\/4fc29f47dccf5511fdf4ab55d2e22d915d944656636c10c38a1baf7a85eccbd2?s=96&d=mm&r=g\",\"contentUrl\":\"https:\/\/secure.gravatar.com\/avatar\/4fc29f47dccf5511fdf4ab55d2e22d915d944656636c10c38a1baf7a85eccbd2?s=96&d=mm&r=g\",\"caption\":\"Fern\u00e1ndez Advocats\"},\"sameAs\":[\"https:\/\/abogados.evotic.es\/\"],\"url\":\"https:\/\/fernandezadvocats.es\/es\/author\/javier\/\"}]}<\/script>\n<!-- \/ Yoast SEO plugin. -->","yoast_head_json":{"title":"El Abuso de la Temporalidad en Espa\u00f1a: An\u00e1lisis de la Sentencia del TJUE | Fern\u00e1ndez Advocats","robots":{"index":"index","follow":"follow","max-snippet":"max-snippet:-1","max-image-preview":"max-image-preview:large","max-video-preview":"max-video-preview:-1"},"canonical":"https:\/\/fernandezadvocats.es\/es\/el-abuso-de-la-temporalidad-en-espana-analisis-de-la-sentencia-del-tjue\/","og_locale":"es_ES","og_type":"article","og_title":"El Abuso de la Temporalidad en Espa\u00f1a: An\u00e1lisis de la Sentencia del TJUE | Fern\u00e1ndez Advocats","og_description":"Por Ferran Bertr\u00e1n para Eleconomista.com El abuso de la temporalidad en el sector p\u00fablico espa\u00f1ol ha sido, una vez m\u00e1s, objeto de an\u00e1lisis en una reciente sentencia del Tribunal de Justicia de la Uni\u00f3n Europea (TJUE). Este tema, de gran relevancia tanto jur\u00eddica como social, ha sido abordado de manera experta por nuestro compa\u00f1ero Ferran [&hellip;]","og_url":"https:\/\/fernandezadvocats.es\/es\/el-abuso-de-la-temporalidad-en-espana-analisis-de-la-sentencia-del-tjue\/","og_site_name":"Fern\u00e1ndez Advocats","article_published_time":"2025-01-08T09:57:45+00:00","og_image":[{"width":2560,"height":1707,"url":"https:\/\/fernandezadvocats.es\/wp-content\/uploads\/2025\/01\/company-corporate-meeting-business-people-brainst-2024-04-03-21-14-43-utc-scaled.jpg","type":"image\/jpeg"}],"author":"Fern\u00e1ndez Advocats","twitter_card":"summary_large_image","twitter_misc":{"Escrito por":"Fern\u00e1ndez Advocats","Tiempo de lectura":"3 minutos"},"schema":{"@context":"https:\/\/schema.org","@graph":[{"@type":"Article","@id":"https:\/\/fernandezadvocats.es\/es\/el-abuso-de-la-temporalidad-en-espana-analisis-de-la-sentencia-del-tjue\/#article","isPartOf":{"@id":"https:\/\/fernandezadvocats.es\/es\/el-abuso-de-la-temporalidad-en-espana-analisis-de-la-sentencia-del-tjue\/"},"author":{"name":"Fern\u00e1ndez Advocats","@id":"https:\/\/fernandezadvocats.es\/#\/schema\/person\/b07c77bdf07c1e11b12a56cae182b521"},"headline":"El Abuso de la Temporalidad en Espa\u00f1a: An\u00e1lisis de la Sentencia del TJUE","datePublished":"2025-01-08T09:57:45+00:00","mainEntityOfPage":{"@id":"https:\/\/fernandezadvocats.es\/es\/el-abuso-de-la-temporalidad-en-espana-analisis-de-la-sentencia-del-tjue\/"},"wordCount":433,"publisher":{"@id":"https:\/\/fernandezadvocats.es\/#organization"},"image":{"@id":"https:\/\/fernandezadvocats.es\/es\/el-abuso-de-la-temporalidad-en-espana-analisis-de-la-sentencia-del-tjue\/#primaryimage"},"thumbnailUrl":"https:\/\/fernandezadvocats.es\/wp-content\/uploads\/2025\/01\/company-corporate-meeting-business-people-brainst-2024-04-03-21-14-43-utc-scaled.jpg","articleSection":["Prensa"],"inLanguage":"es"},{"@type":"WebPage","@id":"https:\/\/fernandezadvocats.es\/es\/el-abuso-de-la-temporalidad-en-espana-analisis-de-la-sentencia-del-tjue\/","url":"https:\/\/fernandezadvocats.es\/es\/el-abuso-de-la-temporalidad-en-espana-analisis-de-la-sentencia-del-tjue\/","name":"El Abuso de la Temporalidad en Espa\u00f1a: An\u00e1lisis de la Sentencia del TJUE | Fern\u00e1ndez Advocats","isPartOf":{"@id":"https:\/\/fernandezadvocats.es\/#website"},"primaryImageOfPage":{"@id":"https:\/\/fernandezadvocats.es\/es\/el-abuso-de-la-temporalidad-en-espana-analisis-de-la-sentencia-del-tjue\/#primaryimage"},"image":{"@id":"https:\/\/fernandezadvocats.es\/es\/el-abuso-de-la-temporalidad-en-espana-analisis-de-la-sentencia-del-tjue\/#primaryimage"},"thumbnailUrl":"https:\/\/fernandezadvocats.es\/wp-content\/uploads\/2025\/01\/company-corporate-meeting-business-people-brainst-2024-04-03-21-14-43-utc-scaled.jpg","datePublished":"2025-01-08T09:57:45+00:00","breadcrumb":{"@id":"https:\/\/fernandezadvocats.es\/es\/el-abuso-de-la-temporalidad-en-espana-analisis-de-la-sentencia-del-tjue\/#breadcrumb"},"inLanguage":"es","potentialAction":[{"@type":"ReadAction","target":["https:\/\/fernandezadvocats.es\/es\/el-abuso-de-la-temporalidad-en-espana-analisis-de-la-sentencia-del-tjue\/"]}]},{"@type":"ImageObject","inLanguage":"es","@id":"https:\/\/fernandezadvocats.es\/es\/el-abuso-de-la-temporalidad-en-espana-analisis-de-la-sentencia-del-tjue\/#primaryimage","url":"https:\/\/fernandezadvocats.es\/wp-content\/uploads\/2025\/01\/company-corporate-meeting-business-people-brainst-2024-04-03-21-14-43-utc-scaled.jpg","contentUrl":"https:\/\/fernandezadvocats.es\/wp-content\/uploads\/2025\/01\/company-corporate-meeting-business-people-brainst-2024-04-03-21-14-43-utc-scaled.jpg","width":2560,"height":1707,"caption":"Company corporate meeting, business people brainstorming, discussing planning, working in the organization and analyzing business strategies. Management meeting investment new business projects."},{"@type":"BreadcrumbList","@id":"https:\/\/fernandezadvocats.es\/es\/el-abuso-de-la-temporalidad-en-espana-analisis-de-la-sentencia-del-tjue\/#breadcrumb","itemListElement":[{"@type":"ListItem","position":1,"name":"Portada","item":"https:\/\/fernandezadvocats.es\/es\/fernandez-advocats-berga\/"},{"@type":"ListItem","position":2,"name":"El Abuso de la Temporalidad en Espa\u00f1a: An\u00e1lisis de la Sentencia del TJUE"}]},{"@type":"WebSite","@id":"https:\/\/fernandezadvocats.es\/#website","url":"https:\/\/fernandezadvocats.es\/","name":"Fern\u00e1ndez Advocats","description":"Advocats Berga i Barcelona","publisher":{"@id":"https:\/\/fernandezadvocats.es\/#organization"},"alternateName":"Abogados Berga y Bracelona","potentialAction":[{"@type":"SearchAction","target":{"@type":"EntryPoint","urlTemplate":"https:\/\/fernandezadvocats.es\/?s={search_term_string}"},"query-input":{"@type":"PropertyValueSpecification","valueRequired":true,"valueName":"search_term_string"}}],"inLanguage":"es"},{"@type":"Organization","@id":"https:\/\/fernandezadvocats.es\/#organization","name":"Fern\u00e1ndez Advocats","url":"https:\/\/fernandezadvocats.es\/","logo":{"@type":"ImageObject","inLanguage":"es","@id":"https:\/\/fernandezadvocats.es\/#\/schema\/logo\/image\/","url":"https:\/\/fernandezadvocats.es\/wp-content\/uploads\/2024\/11\/cropped-BF-e1731427554424.png","contentUrl":"https:\/\/fernandezadvocats.es\/wp-content\/uploads\/2024\/11\/cropped-BF-e1731427554424.png","width":512,"height":512,"caption":"Fern\u00e1ndez Advocats"},"image":{"@id":"https:\/\/fernandezadvocats.es\/#\/schema\/logo\/image\/"}},{"@type":"Person","@id":"https:\/\/fernandezadvocats.es\/#\/schema\/person\/b07c77bdf07c1e11b12a56cae182b521","name":"Fern\u00e1ndez Advocats","image":{"@type":"ImageObject","inLanguage":"es","@id":"https:\/\/fernandezadvocats.es\/#\/schema\/person\/image\/","url":"https:\/\/secure.gravatar.com\/avatar\/4fc29f47dccf5511fdf4ab55d2e22d915d944656636c10c38a1baf7a85eccbd2?s=96&d=mm&r=g","contentUrl":"https:\/\/secure.gravatar.com\/avatar\/4fc29f47dccf5511fdf4ab55d2e22d915d944656636c10c38a1baf7a85eccbd2?s=96&d=mm&r=g","caption":"Fern\u00e1ndez Advocats"},"sameAs":["https:\/\/abogados.evotic.es\/"],"url":"https:\/\/fernandezadvocats.es\/es\/author\/javier\/"}]}},"_links":{"self":[{"href":"https:\/\/fernandezadvocats.es\/es\/wp-json\/wp\/v2\/posts\/230664","targetHints":{"allow":["GET"]}}],"collection":[{"href":"https:\/\/fernandezadvocats.es\/es\/wp-json\/wp\/v2\/posts"}],"about":[{"href":"https:\/\/fernandezadvocats.es\/es\/wp-json\/wp\/v2\/types\/post"}],"author":[{"embeddable":true,"href":"https:\/\/fernandezadvocats.es\/es\/wp-json\/wp\/v2\/users\/2"}],"replies":[{"embeddable":true,"href":"https:\/\/fernandezadvocats.es\/es\/wp-json\/wp\/v2\/comments?post=230664"}],"version-history":[{"count":2,"href":"https:\/\/fernandezadvocats.es\/es\/wp-json\/wp\/v2\/posts\/230664\/revisions"}],"predecessor-version":[{"id":230668,"href":"https:\/\/fernandezadvocats.es\/es\/wp-json\/wp\/v2\/posts\/230664\/revisions\/230668"}],"wp:featuredmedia":[{"embeddable":true,"href":"https:\/\/fernandezadvocats.es\/es\/wp-json\/wp\/v2\/media\/230665"}],"wp:attachment":[{"href":"https:\/\/fernandezadvocats.es\/es\/wp-json\/wp\/v2\/media?parent=230664"}],"wp:term":[{"taxonomy":"category","embeddable":true,"href":"https:\/\/fernandezadvocats.es\/es\/wp-json\/wp\/v2\/categories?post=230664"},{"taxonomy":"post_tag","embeddable":true,"href":"https:\/\/fernandezadvocats.es\/es\/wp-json\/wp\/v2\/tags?post=230664"}],"curies":[{"name":"wp","href":"https:\/\/api.w.org\/{rel}","templated":true}]}}