{"id":230674,"date":"2025-01-08T11:11:47","date_gmt":"2025-01-08T10:11:47","guid":{"rendered":"https:\/\/fernandezadvocats.es\/?p=230674"},"modified":"2025-01-08T11:12:42","modified_gmt":"2025-01-08T10:12:42","slug":"procesos-de-estabilizacion-en-tramite-cuando-los-plazos-son-orientativos-o-no","status":"publish","type":"post","link":"https:\/\/fernandezadvocats.es\/es\/procesos-de-estabilizacion-en-tramite-cuando-los-plazos-son-orientativos-o-no\/","title":{"rendered":"Procesos de Estabilizaci\u00f3n en Tr\u00e1mite: \u00bfCu\u00e1ndo los Plazos son Orientativos o No?"},"content":{"rendered":"<p><strong><a href=\"https:\/\/www.eleconomista.es\/opinion\/noticias\/13159800\/01\/25\/procesos-de-estabilizacion-en-tramite-cuando-los-plazos-son-orientativos-o-no.html\">Escrito por Ferr\u00e1n Bertan para eleconomista.es<\/a><\/strong><\/p>\n<p>&nbsp;<\/p>\n<p>Nuestro compa\u00f1ero Ferran Bertran ha publicado un art\u00edculo en <em>El Economista<\/em> titulado \u00abProcesos de estabilizaci\u00f3n en tr\u00e1mite: \u00bfcu\u00e1ndo los plazos son orientativos o no?\u00bb, donde analiza la interpretaci\u00f3n de los plazos en los procesos de estabilizaci\u00f3n de empleo p\u00fablico.<\/p>\n<h4>Contexto de los Procesos de Estabilizaci\u00f3n<\/h4>\n<p>Los procesos de estabilizaci\u00f3n buscan reducir la temporalidad en el empleo p\u00fablico, ofreciendo a los empleados temporales la oportunidad de acceder a plazas fijas. Estos procesos est\u00e1n sujetos a plazos establecidos por la normativa vigente, que determinan las fases de convocatoria, resoluci\u00f3n y toma de posesi\u00f3n.<\/p>\n<h4>Plazos: \u00bfOrientativos o Perentorios?<\/h4>\n<p>Ferran Bertran destaca que, en ocasiones, los plazos establecidos en estos procesos pueden interpretarse de manera flexible, consider\u00e1ndolos orientativos en lugar de perentorios. Esta interpretaci\u00f3n puede generar incertidumbre entre los aspirantes y afectar la transparencia y eficacia del proceso.<\/p>\n<h4>Consecuencias de la Flexibilidad en los Plazos<\/h4>\n<p>La consideraci\u00f3n de los plazos como orientativos puede conllevar:<\/p>\n<ul>\n<li><strong>Retrasos en las convocatorias<\/strong>: Afectando la planificaci\u00f3n de los aspirantes.<\/li>\n<li><strong>Inseguridad jur\u00eddica<\/strong>: Generando dudas sobre la validez de las actuaciones administrativas fuera de plazo.<\/li>\n<li><strong>Desigualdad de oportunidades<\/strong>: Perjudicando a quienes se ajustan estrictamente a los plazos establecidos.<\/li>\n<\/ul>\n<h4>Importancia de la Claridad Normativa<\/h4>\n<p>Ferr\u00e1n Bertran subraya la necesidad de una normativa clara que defina la naturaleza de los plazos en estos procesos. Una regulaci\u00f3n precisa garantizar\u00eda la transparencia, equidad y eficiencia en la estabilizaci\u00f3n del empleo p\u00fablico.<\/p>\n<p>Si necesitas asesoramiento sobre procesos de estabilizaci\u00f3n o cualquier aspecto relacionado con el empleo p\u00fablico, nuestro despacho est\u00e1 a tu disposici\u00f3n para ofrecerte la orientaci\u00f3n necesaria.<\/p>\n","protected":false},"excerpt":{"rendered":"<p>Escrito por Ferr\u00e1n Bertan para eleconomista.es &nbsp; Nuestro compa\u00f1ero Ferran Bertran ha publicado un art\u00edculo en El Economista titulado \u00abProcesos de estabilizaci\u00f3n en tr\u00e1mite: \u00bfcu\u00e1ndo los plazos son orientativos o no?\u00bb, donde analiza la interpretaci\u00f3n de los plazos en los procesos de estabilizaci\u00f3n de empleo p\u00fablico. Contexto de los Procesos de Estabilizaci\u00f3n Los procesos de [&hellip;]<\/p>\n","protected":false},"author":2,"featured_media":230675,"comment_status":"closed","ping_status":"closed","sticky":false,"template":"","format":"standard","meta":{"_et_pb_use_builder":"","_et_pb_old_content":"","_et_gb_content_width":"","footnotes":""},"categories":[30],"tags":[],"class_list":["post-230674","post","type-post","status-publish","format-standard","has-post-thumbnail","hentry","category-prensa"],"yoast_head":"<!-- This site is optimized with the Yoast SEO plugin v27.1.1 - https:\/\/yoast.com\/product\/yoast-seo-wordpress\/ -->\n<title>Procesos de Estabilizaci\u00f3n en Tr\u00e1mite: \u00bfCu\u00e1ndo los Plazos son Orientativos o No? | Fern\u00e1ndez Advocats<\/title>\n<meta name=\"robots\" content=\"index, follow, max-snippet:-1, max-image-preview:large, max-video-preview:-1\" \/>\n<link rel=\"canonical\" href=\"https:\/\/fernandezadvocats.es\/es\/procesos-de-estabilizacion-en-tramite-cuando-los-plazos-son-orientativos-o-no\/\" \/>\n<meta property=\"og:locale\" content=\"es_ES\" \/>\n<meta property=\"og:type\" content=\"article\" \/>\n<meta property=\"og:title\" content=\"Procesos de Estabilizaci\u00f3n en Tr\u00e1mite: \u00bfCu\u00e1ndo los Plazos son Orientativos o No? | Fern\u00e1ndez Advocats\" \/>\n<meta property=\"og:description\" content=\"Escrito por Ferr\u00e1n Bertan para eleconomista.es &nbsp; Nuestro compa\u00f1ero Ferran Bertran ha publicado un art\u00edculo en El Economista titulado \u00abProcesos de estabilizaci\u00f3n en tr\u00e1mite: \u00bfcu\u00e1ndo los plazos son orientativos o no?\u00bb, donde analiza la interpretaci\u00f3n de los plazos en los procesos de estabilizaci\u00f3n de empleo p\u00fablico. Contexto de los Procesos de Estabilizaci\u00f3n Los procesos de [&hellip;]\" \/>\n<meta property=\"og:url\" content=\"https:\/\/fernandezadvocats.es\/es\/procesos-de-estabilizacion-en-tramite-cuando-los-plazos-son-orientativos-o-no\/\" \/>\n<meta property=\"og:site_name\" content=\"Fern\u00e1ndez Advocats\" \/>\n<meta property=\"article:published_time\" content=\"2025-01-08T10:11:47+00:00\" \/>\n<meta property=\"article:modified_time\" content=\"2025-01-08T10:12:42+00:00\" \/>\n<meta property=\"og:image\" content=\"https:\/\/fernandezadvocats.es\/wp-content\/uploads\/2025\/01\/business-objects-on-table-2023-11-27-05-37-05-utc-min-1-scaled.jpg\" \/>\n\t<meta property=\"og:image:width\" content=\"2560\" \/>\n\t<meta property=\"og:image:height\" content=\"1707\" \/>\n\t<meta property=\"og:image:type\" content=\"image\/jpeg\" \/>\n<meta name=\"author\" content=\"Fern\u00e1ndez Advocats\" \/>\n<meta name=\"twitter:card\" content=\"summary_large_image\" \/>\n<meta name=\"twitter:label1\" content=\"Escrito por\" \/>\n\t<meta name=\"twitter:data1\" content=\"Fern\u00e1ndez Advocats\" \/>\n\t<meta name=\"twitter:label2\" content=\"Tiempo de lectura\" \/>\n\t<meta name=\"twitter:data2\" content=\"2 minutos\" \/>\n<script type=\"application\/ld+json\" class=\"yoast-schema-graph\">{\"@context\":\"https:\/\/schema.org\",\"@graph\":[{\"@type\":\"Article\",\"@id\":\"https:\/\/fernandezadvocats.es\/es\/procesos-de-estabilizacion-en-tramite-cuando-los-plazos-son-orientativos-o-no\/#article\",\"isPartOf\":{\"@id\":\"https:\/\/fernandezadvocats.es\/es\/procesos-de-estabilizacion-en-tramite-cuando-los-plazos-son-orientativos-o-no\/\"},\"author\":{\"name\":\"Fern\u00e1ndez Advocats\",\"@id\":\"https:\/\/fernandezadvocats.es\/#\/schema\/person\/b07c77bdf07c1e11b12a56cae182b521\"},\"headline\":\"Procesos de Estabilizaci\u00f3n en Tr\u00e1mite: \u00bfCu\u00e1ndo los Plazos son Orientativos o No?\",\"datePublished\":\"2025-01-08T10:11:47+00:00\",\"dateModified\":\"2025-01-08T10:12:42+00:00\",\"mainEntityOfPage\":{\"@id\":\"https:\/\/fernandezadvocats.es\/es\/procesos-de-estabilizacion-en-tramite-cuando-los-plazos-son-orientativos-o-no\/\"},\"wordCount\":304,\"publisher\":{\"@id\":\"https:\/\/fernandezadvocats.es\/#organization\"},\"image\":{\"@id\":\"https:\/\/fernandezadvocats.es\/es\/procesos-de-estabilizacion-en-tramite-cuando-los-plazos-son-orientativos-o-no\/#primaryimage\"},\"thumbnailUrl\":\"https:\/\/fernandezadvocats.es\/wp-content\/uploads\/2025\/01\/business-objects-on-table-2023-11-27-05-37-05-utc-min-1-scaled.jpg\",\"articleSection\":[\"Prensa\"],\"inLanguage\":\"es\"},{\"@type\":\"WebPage\",\"@id\":\"https:\/\/fernandezadvocats.es\/es\/procesos-de-estabilizacion-en-tramite-cuando-los-plazos-son-orientativos-o-no\/\",\"url\":\"https:\/\/fernandezadvocats.es\/es\/procesos-de-estabilizacion-en-tramite-cuando-los-plazos-son-orientativos-o-no\/\",\"name\":\"Procesos de Estabilizaci\u00f3n en Tr\u00e1mite: \u00bfCu\u00e1ndo los Plazos son Orientativos o No? | Fern\u00e1ndez Advocats\",\"isPartOf\":{\"@id\":\"https:\/\/fernandezadvocats.es\/#website\"},\"primaryImageOfPage\":{\"@id\":\"https:\/\/fernandezadvocats.es\/es\/procesos-de-estabilizacion-en-tramite-cuando-los-plazos-son-orientativos-o-no\/#primaryimage\"},\"image\":{\"@id\":\"https:\/\/fernandezadvocats.es\/es\/procesos-de-estabilizacion-en-tramite-cuando-los-plazos-son-orientativos-o-no\/#primaryimage\"},\"thumbnailUrl\":\"https:\/\/fernandezadvocats.es\/wp-content\/uploads\/2025\/01\/business-objects-on-table-2023-11-27-05-37-05-utc-min-1-scaled.jpg\",\"datePublished\":\"2025-01-08T10:11:47+00:00\",\"dateModified\":\"2025-01-08T10:12:42+00:00\",\"breadcrumb\":{\"@id\":\"https:\/\/fernandezadvocats.es\/es\/procesos-de-estabilizacion-en-tramite-cuando-los-plazos-son-orientativos-o-no\/#breadcrumb\"},\"inLanguage\":\"es\",\"potentialAction\":[{\"@type\":\"ReadAction\",\"target\":[\"https:\/\/fernandezadvocats.es\/es\/procesos-de-estabilizacion-en-tramite-cuando-los-plazos-son-orientativos-o-no\/\"]}]},{\"@type\":\"ImageObject\",\"inLanguage\":\"es\",\"@id\":\"https:\/\/fernandezadvocats.es\/es\/procesos-de-estabilizacion-en-tramite-cuando-los-plazos-son-orientativos-o-no\/#primaryimage\",\"url\":\"https:\/\/fernandezadvocats.es\/wp-content\/uploads\/2025\/01\/business-objects-on-table-2023-11-27-05-37-05-utc-min-1-scaled.jpg\",\"contentUrl\":\"https:\/\/fernandezadvocats.es\/wp-content\/uploads\/2025\/01\/business-objects-on-table-2023-11-27-05-37-05-utc-min-1-scaled.jpg\",\"width\":2560,\"height\":1707},{\"@type\":\"BreadcrumbList\",\"@id\":\"https:\/\/fernandezadvocats.es\/es\/procesos-de-estabilizacion-en-tramite-cuando-los-plazos-son-orientativos-o-no\/#breadcrumb\",\"itemListElement\":[{\"@type\":\"ListItem\",\"position\":1,\"name\":\"Portada\",\"item\":\"https:\/\/fernandezadvocats.es\/es\/fernandez-advocats-berga\/\"},{\"@type\":\"ListItem\",\"position\":2,\"name\":\"Procesos de Estabilizaci\u00f3n en Tr\u00e1mite: \u00bfCu\u00e1ndo los Plazos son Orientativos o No?\"}]},{\"@type\":\"WebSite\",\"@id\":\"https:\/\/fernandezadvocats.es\/#website\",\"url\":\"https:\/\/fernandezadvocats.es\/\",\"name\":\"Fern\u00e1ndez Advocats\",\"description\":\"Advocats Berga i Barcelona\",\"publisher\":{\"@id\":\"https:\/\/fernandezadvocats.es\/#organization\"},\"alternateName\":\"Abogados Berga y Bracelona\",\"potentialAction\":[{\"@type\":\"SearchAction\",\"target\":{\"@type\":\"EntryPoint\",\"urlTemplate\":\"https:\/\/fernandezadvocats.es\/?s={search_term_string}\"},\"query-input\":{\"@type\":\"PropertyValueSpecification\",\"valueRequired\":true,\"valueName\":\"search_term_string\"}}],\"inLanguage\":\"es\"},{\"@type\":\"Organization\",\"@id\":\"https:\/\/fernandezadvocats.es\/#organization\",\"name\":\"Fern\u00e1ndez Advocats\",\"url\":\"https:\/\/fernandezadvocats.es\/\",\"logo\":{\"@type\":\"ImageObject\",\"inLanguage\":\"es\",\"@id\":\"https:\/\/fernandezadvocats.es\/#\/schema\/logo\/image\/\",\"url\":\"https:\/\/fernandezadvocats.es\/wp-content\/uploads\/2024\/11\/cropped-BF-e1731427554424.png\",\"contentUrl\":\"https:\/\/fernandezadvocats.es\/wp-content\/uploads\/2024\/11\/cropped-BF-e1731427554424.png\",\"width\":512,\"height\":512,\"caption\":\"Fern\u00e1ndez Advocats\"},\"image\":{\"@id\":\"https:\/\/fernandezadvocats.es\/#\/schema\/logo\/image\/\"}},{\"@type\":\"Person\",\"@id\":\"https:\/\/fernandezadvocats.es\/#\/schema\/person\/b07c77bdf07c1e11b12a56cae182b521\",\"name\":\"Fern\u00e1ndez Advocats\",\"image\":{\"@type\":\"ImageObject\",\"inLanguage\":\"es\",\"@id\":\"https:\/\/fernandezadvocats.es\/#\/schema\/person\/image\/\",\"url\":\"https:\/\/secure.gravatar.com\/avatar\/4fc29f47dccf5511fdf4ab55d2e22d915d944656636c10c38a1baf7a85eccbd2?s=96&d=mm&r=g\",\"contentUrl\":\"https:\/\/secure.gravatar.com\/avatar\/4fc29f47dccf5511fdf4ab55d2e22d915d944656636c10c38a1baf7a85eccbd2?s=96&d=mm&r=g\",\"caption\":\"Fern\u00e1ndez Advocats\"},\"sameAs\":[\"https:\/\/abogados.evotic.es\/\"],\"url\":\"https:\/\/fernandezadvocats.es\/es\/author\/javier\/\"}]}<\/script>\n<!-- \/ Yoast SEO plugin. -->","yoast_head_json":{"title":"Procesos de Estabilizaci\u00f3n en Tr\u00e1mite: \u00bfCu\u00e1ndo los Plazos son Orientativos o No? | Fern\u00e1ndez Advocats","robots":{"index":"index","follow":"follow","max-snippet":"max-snippet:-1","max-image-preview":"max-image-preview:large","max-video-preview":"max-video-preview:-1"},"canonical":"https:\/\/fernandezadvocats.es\/es\/procesos-de-estabilizacion-en-tramite-cuando-los-plazos-son-orientativos-o-no\/","og_locale":"es_ES","og_type":"article","og_title":"Procesos de Estabilizaci\u00f3n en Tr\u00e1mite: \u00bfCu\u00e1ndo los Plazos son Orientativos o No? | Fern\u00e1ndez Advocats","og_description":"Escrito por Ferr\u00e1n Bertan para eleconomista.es &nbsp; Nuestro compa\u00f1ero Ferran Bertran ha publicado un art\u00edculo en El Economista titulado \u00abProcesos de estabilizaci\u00f3n en tr\u00e1mite: \u00bfcu\u00e1ndo los plazos son orientativos o no?\u00bb, donde analiza la interpretaci\u00f3n de los plazos en los procesos de estabilizaci\u00f3n de empleo p\u00fablico. Contexto de los Procesos de Estabilizaci\u00f3n Los procesos de [&hellip;]","og_url":"https:\/\/fernandezadvocats.es\/es\/procesos-de-estabilizacion-en-tramite-cuando-los-plazos-son-orientativos-o-no\/","og_site_name":"Fern\u00e1ndez Advocats","article_published_time":"2025-01-08T10:11:47+00:00","article_modified_time":"2025-01-08T10:12:42+00:00","og_image":[{"width":2560,"height":1707,"url":"https:\/\/fernandezadvocats.es\/wp-content\/uploads\/2025\/01\/business-objects-on-table-2023-11-27-05-37-05-utc-min-1-scaled.jpg","type":"image\/jpeg"}],"author":"Fern\u00e1ndez Advocats","twitter_card":"summary_large_image","twitter_misc":{"Escrito por":"Fern\u00e1ndez Advocats","Tiempo de lectura":"2 minutos"},"schema":{"@context":"https:\/\/schema.org","@graph":[{"@type":"Article","@id":"https:\/\/fernandezadvocats.es\/es\/procesos-de-estabilizacion-en-tramite-cuando-los-plazos-son-orientativos-o-no\/#article","isPartOf":{"@id":"https:\/\/fernandezadvocats.es\/es\/procesos-de-estabilizacion-en-tramite-cuando-los-plazos-son-orientativos-o-no\/"},"author":{"name":"Fern\u00e1ndez Advocats","@id":"https:\/\/fernandezadvocats.es\/#\/schema\/person\/b07c77bdf07c1e11b12a56cae182b521"},"headline":"Procesos de Estabilizaci\u00f3n en Tr\u00e1mite: \u00bfCu\u00e1ndo los Plazos son Orientativos o No?","datePublished":"2025-01-08T10:11:47+00:00","dateModified":"2025-01-08T10:12:42+00:00","mainEntityOfPage":{"@id":"https:\/\/fernandezadvocats.es\/es\/procesos-de-estabilizacion-en-tramite-cuando-los-plazos-son-orientativos-o-no\/"},"wordCount":304,"publisher":{"@id":"https:\/\/fernandezadvocats.es\/#organization"},"image":{"@id":"https:\/\/fernandezadvocats.es\/es\/procesos-de-estabilizacion-en-tramite-cuando-los-plazos-son-orientativos-o-no\/#primaryimage"},"thumbnailUrl":"https:\/\/fernandezadvocats.es\/wp-content\/uploads\/2025\/01\/business-objects-on-table-2023-11-27-05-37-05-utc-min-1-scaled.jpg","articleSection":["Prensa"],"inLanguage":"es"},{"@type":"WebPage","@id":"https:\/\/fernandezadvocats.es\/es\/procesos-de-estabilizacion-en-tramite-cuando-los-plazos-son-orientativos-o-no\/","url":"https:\/\/fernandezadvocats.es\/es\/procesos-de-estabilizacion-en-tramite-cuando-los-plazos-son-orientativos-o-no\/","name":"Procesos de Estabilizaci\u00f3n en Tr\u00e1mite: \u00bfCu\u00e1ndo los Plazos son Orientativos o No? | Fern\u00e1ndez Advocats","isPartOf":{"@id":"https:\/\/fernandezadvocats.es\/#website"},"primaryImageOfPage":{"@id":"https:\/\/fernandezadvocats.es\/es\/procesos-de-estabilizacion-en-tramite-cuando-los-plazos-son-orientativos-o-no\/#primaryimage"},"image":{"@id":"https:\/\/fernandezadvocats.es\/es\/procesos-de-estabilizacion-en-tramite-cuando-los-plazos-son-orientativos-o-no\/#primaryimage"},"thumbnailUrl":"https:\/\/fernandezadvocats.es\/wp-content\/uploads\/2025\/01\/business-objects-on-table-2023-11-27-05-37-05-utc-min-1-scaled.jpg","datePublished":"2025-01-08T10:11:47+00:00","dateModified":"2025-01-08T10:12:42+00:00","breadcrumb":{"@id":"https:\/\/fernandezadvocats.es\/es\/procesos-de-estabilizacion-en-tramite-cuando-los-plazos-son-orientativos-o-no\/#breadcrumb"},"inLanguage":"es","potentialAction":[{"@type":"ReadAction","target":["https:\/\/fernandezadvocats.es\/es\/procesos-de-estabilizacion-en-tramite-cuando-los-plazos-son-orientativos-o-no\/"]}]},{"@type":"ImageObject","inLanguage":"es","@id":"https:\/\/fernandezadvocats.es\/es\/procesos-de-estabilizacion-en-tramite-cuando-los-plazos-son-orientativos-o-no\/#primaryimage","url":"https:\/\/fernandezadvocats.es\/wp-content\/uploads\/2025\/01\/business-objects-on-table-2023-11-27-05-37-05-utc-min-1-scaled.jpg","contentUrl":"https:\/\/fernandezadvocats.es\/wp-content\/uploads\/2025\/01\/business-objects-on-table-2023-11-27-05-37-05-utc-min-1-scaled.jpg","width":2560,"height":1707},{"@type":"BreadcrumbList","@id":"https:\/\/fernandezadvocats.es\/es\/procesos-de-estabilizacion-en-tramite-cuando-los-plazos-son-orientativos-o-no\/#breadcrumb","itemListElement":[{"@type":"ListItem","position":1,"name":"Portada","item":"https:\/\/fernandezadvocats.es\/es\/fernandez-advocats-berga\/"},{"@type":"ListItem","position":2,"name":"Procesos de Estabilizaci\u00f3n en Tr\u00e1mite: \u00bfCu\u00e1ndo los Plazos son Orientativos o No?"}]},{"@type":"WebSite","@id":"https:\/\/fernandezadvocats.es\/#website","url":"https:\/\/fernandezadvocats.es\/","name":"Fern\u00e1ndez Advocats","description":"Advocats Berga i Barcelona","publisher":{"@id":"https:\/\/fernandezadvocats.es\/#organization"},"alternateName":"Abogados Berga y Bracelona","potentialAction":[{"@type":"SearchAction","target":{"@type":"EntryPoint","urlTemplate":"https:\/\/fernandezadvocats.es\/?s={search_term_string}"},"query-input":{"@type":"PropertyValueSpecification","valueRequired":true,"valueName":"search_term_string"}}],"inLanguage":"es"},{"@type":"Organization","@id":"https:\/\/fernandezadvocats.es\/#organization","name":"Fern\u00e1ndez Advocats","url":"https:\/\/fernandezadvocats.es\/","logo":{"@type":"ImageObject","inLanguage":"es","@id":"https:\/\/fernandezadvocats.es\/#\/schema\/logo\/image\/","url":"https:\/\/fernandezadvocats.es\/wp-content\/uploads\/2024\/11\/cropped-BF-e1731427554424.png","contentUrl":"https:\/\/fernandezadvocats.es\/wp-content\/uploads\/2024\/11\/cropped-BF-e1731427554424.png","width":512,"height":512,"caption":"Fern\u00e1ndez Advocats"},"image":{"@id":"https:\/\/fernandezadvocats.es\/#\/schema\/logo\/image\/"}},{"@type":"Person","@id":"https:\/\/fernandezadvocats.es\/#\/schema\/person\/b07c77bdf07c1e11b12a56cae182b521","name":"Fern\u00e1ndez Advocats","image":{"@type":"ImageObject","inLanguage":"es","@id":"https:\/\/fernandezadvocats.es\/#\/schema\/person\/image\/","url":"https:\/\/secure.gravatar.com\/avatar\/4fc29f47dccf5511fdf4ab55d2e22d915d944656636c10c38a1baf7a85eccbd2?s=96&d=mm&r=g","contentUrl":"https:\/\/secure.gravatar.com\/avatar\/4fc29f47dccf5511fdf4ab55d2e22d915d944656636c10c38a1baf7a85eccbd2?s=96&d=mm&r=g","caption":"Fern\u00e1ndez Advocats"},"sameAs":["https:\/\/abogados.evotic.es\/"],"url":"https:\/\/fernandezadvocats.es\/es\/author\/javier\/"}]}},"_links":{"self":[{"href":"https:\/\/fernandezadvocats.es\/es\/wp-json\/wp\/v2\/posts\/230674","targetHints":{"allow":["GET"]}}],"collection":[{"href":"https:\/\/fernandezadvocats.es\/es\/wp-json\/wp\/v2\/posts"}],"about":[{"href":"https:\/\/fernandezadvocats.es\/es\/wp-json\/wp\/v2\/types\/post"}],"author":[{"embeddable":true,"href":"https:\/\/fernandezadvocats.es\/es\/wp-json\/wp\/v2\/users\/2"}],"replies":[{"embeddable":true,"href":"https:\/\/fernandezadvocats.es\/es\/wp-json\/wp\/v2\/comments?post=230674"}],"version-history":[{"count":2,"href":"https:\/\/fernandezadvocats.es\/es\/wp-json\/wp\/v2\/posts\/230674\/revisions"}],"predecessor-version":[{"id":230678,"href":"https:\/\/fernandezadvocats.es\/es\/wp-json\/wp\/v2\/posts\/230674\/revisions\/230678"}],"wp:featuredmedia":[{"embeddable":true,"href":"https:\/\/fernandezadvocats.es\/es\/wp-json\/wp\/v2\/media\/230675"}],"wp:attachment":[{"href":"https:\/\/fernandezadvocats.es\/es\/wp-json\/wp\/v2\/media?parent=230674"}],"wp:term":[{"taxonomy":"category","embeddable":true,"href":"https:\/\/fernandezadvocats.es\/es\/wp-json\/wp\/v2\/categories?post=230674"},{"taxonomy":"post_tag","embeddable":true,"href":"https:\/\/fernandezadvocats.es\/es\/wp-json\/wp\/v2\/tags?post=230674"}],"curies":[{"name":"wp","href":"https:\/\/api.w.org\/{rel}","templated":true}]}}