{"id":230784,"date":"2024-12-20T14:36:36","date_gmt":"2024-12-20T13:36:36","guid":{"rendered":"https:\/\/fernandezadvocats.es\/?p=230784"},"modified":"2025-01-16T17:53:24","modified_gmt":"2025-01-16T16:53:24","slug":"obtencion-de-indemnizacion-por-danos-y-perjuicios-provocados-por-el-inss-al-denegar-la-brecha-de-genero-en-jubilacion-a-cliente","status":"publish","type":"post","link":"https:\/\/fernandezadvocats.es\/es\/obtencion-de-indemnizacion-por-danos-y-perjuicios-provocados-por-el-inss-al-denegar-la-brecha-de-genero-en-jubilacion-a-cliente\/","title":{"rendered":"Obtenci\u00f3n de indemnizaci\u00f3n por da\u00f1os y perjuicios provocados por el INSS al denegar la brecha de g\u00e9nero en jubilaci\u00f3n a un cliente."},"content":{"rendered":"<p>[et_pb_section fb_built=\u00bb1&#8243; admin_label=\u00bbsection\u00bb _builder_version=\u00bb4.16&#8243; global_colors_info=\u00bb{}\u00bb][et_pb_row admin_label=\u00bbrow\u00bb _builder_version=\u00bb4.16&#8243; background_size=\u00bbinitial\u00bb background_position=\u00bbtop_left\u00bb background_repeat=\u00bbrepeat\u00bb global_colors_info=\u00bb{}\u00bb][et_pb_column type=\u00bb4_4&#8243; _builder_version=\u00bb4.16&#8243; custom_padding=\u00bb|||\u00bb global_colors_info=\u00bb{}\u00bb custom_padding__hover=\u00bb|||\u00bb][et_pb_text admin_label=\u00bbText\u00bb _builder_version=\u00bb4.27.4&#8243; background_size=\u00bbinitial\u00bb background_position=\u00bbtop_left\u00bb background_repeat=\u00bbrepeat\u00bb hover_enabled=\u00bb0&#8243; global_colors_info=\u00bb{}\u00bb sticky_enabled=\u00bb0&#8243;]<\/p>\n<p><strong><a href=\"http:\/\/fernandezadvocats.es\/wp-content\/uploads\/2024\/12\/Expertise_FERNANDEZ-ADVOCATS-1983-S.L._704115.pdf\">DESCARGAR\u00a0 PDF<\/a><\/strong><\/p>\n<p>&nbsp;<\/p>\n<p>Recientemente, desde el equipo del departamento laboral hemos tenido la oportunidad de resolver un conflicto legal referente a la denegaci\u00f3n por parte del Instituto Nacional de la Seguridad Social (INSS) del complemento por brecha de g\u00e9nero en la jubilaci\u00f3n de uno de nuestros clientes. Este caso, que involucraba a un pensionista que fue discriminado al no percibir el complemento de paternidad, se resolvi\u00f3 de manera satisfactoria mediante una sentencia favorable.<\/p>\n<p>La sentencia del Juzgado de lo Social n\u00ba 2 de Lleida n\u00famero 73\/2024 reconoci\u00f3 a nuestro cliente el derecho a percibir el complemento de paternidad por brecha de g\u00e9nero, aplicable a las personas jubiladas entre el 1 de enero de 2016 y el 3 de febrero de 2021, por cada uno de sus hijos. Adem\u00e1s, se logr\u00f3 el reconocimiento con efectos retroactivos desde el mismo momento de la jubilaci\u00f3n y, por tanto, tambi\u00e9n se garantiz\u00f3 el pago de los atrasos correspondientes.<\/p>\n<p>En la misma sentencia, y siguiendo la doctrina establecida por las sentencias del Tribunal de Justicia de la Uni\u00f3n Europea de 12 de diciembre de 2019 (C-450\/18) y de 14 de septiembre de 2023 (C-113\/22), as\u00ed como las resoluciones posteriores del Tribunal Supremo, como la sentencia 977\/2023 de 15 de noviembre (recurso 5547\/2022), 10030\/2023 de 29 de noviembre, 10090\/2023 de 30 de noviembre y 10093\/2023 de 30 de noviembre de 2023, se estableci\u00f3 subsidiariamente la obligaci\u00f3n del INSS de pagar una indemnizaci\u00f3n por da\u00f1os y perjuicios al cliente por un importe de 1.800 \u20ac, como compensaci\u00f3n por las molestias causadas al haberse visto obligado a litigar ante los Tribunales para conseguir el reconocimiento de este complemento, reconociendo que hab\u00eda sido discriminado y vulnerado su derecho a la igualdad (art\u00edculo 14 CE).<\/p>\n<h3>Proceso Legal<\/h3>\n<p>En este caso, nuestro cliente solicit\u00f3 inicialmente el pago del complemento por brecha de g\u00e9nero de manera independiente. Sin embargo, le fue denegado por el INSS en primera instancia y su reclamaci\u00f3n previa fue desestimada. Tras la denegaci\u00f3n por parte del INSS, interpusimos una demanda ante el Juzgado de lo Social, que finalmente estim\u00f3 la demanda y reconoci\u00f3 el derecho al complemento, los atrasos y la indemnizaci\u00f3n por da\u00f1os y perjuicios por un importe de 1.800 \u20ac.<\/p>\n<h3>Otros Supuestos Similares<\/h3>\n<p>En otros casos, se ha logrado la percepci\u00f3n de la indemnizaci\u00f3n por da\u00f1os y perjuicios cuando el INSS ha acabado aceptando el criterio establecido por el Tribunal Supremo de pagar el complemento por brecha de g\u00e9nero con efectos retroactivos, despu\u00e9s de que el beneficiario se haya visto obligado a acudir a los Tribunales.<\/p>\n<p>Es cierto que, en supuestos de otros clientes, como por ejemplo en la sentencia N\u00ba 195\/2024 dictada por el Juzgado n\u00ba 1 de Granollers, se ha limitado la indemnizaci\u00f3n al importe de 600 \u20ac, aunque la mayor\u00eda de sentencias respetan el l\u00edmite establecido por el Tribunal Supremo de 1.800 \u20ac.<\/p>\n<h3>Discrepancia entre Tribunales<\/h3>\n<p>Cabe destacar la discrepancia existente entre varios tribunales, ya que, mientras muchos tribunales reconocen la compensaci\u00f3n en la cuant\u00eda m\u00e1xima de 1.800 \u20ac establecida por el Tribunal Supremo, otros, como el Juzgado de lo Social de Granollers, la reducen al importe de 600 \u20ac. No obstante, en todos los casos, los beneficiarios tienen derecho a ser indemnizados por este concepto, ya que se ha vulnerado su derecho a la igualdad.<\/p>\n<p>&nbsp;<\/p>\n<p>[\/et_pb_text][\/et_pb_column][\/et_pb_row][\/et_pb_section]<\/p>\n","protected":false},"excerpt":{"rendered":"<p>DESCARGAR\u00a0 PDF &nbsp; Recientemente, desde el equipo del departamento laboral hemos tenido la oportunidad de resolver un conflicto legal referente a la denegaci\u00f3n por parte del Instituto Nacional de la Seguridad Social (INSS) del complemento por brecha de g\u00e9nero en la jubilaci\u00f3n de uno de nuestros clientes. Este caso, que involucraba a un pensionista que [&hellip;]<\/p>\n","protected":false},"author":2,"featured_media":229971,"comment_status":"closed","ping_status":"closed","sticky":false,"template":"","format":"standard","meta":{"_et_pb_use_builder":"on","_et_pb_old_content":"","_et_gb_content_width":"","footnotes":""},"categories":[39,29],"tags":[],"class_list":["post-230784","post","type-post","status-publish","format-standard","has-post-thumbnail","hentry","category-derecho-laboral","category-expertise-fa-es"],"yoast_head":"<!-- This site is optimized with the Yoast SEO plugin v27.1.1 - https:\/\/yoast.com\/product\/yoast-seo-wordpress\/ -->\n<title>Obtenci\u00f3n de indemnizaci\u00f3n por da\u00f1os y perjuicios provocados por el INSS al denegar la brecha de g\u00e9nero en jubilaci\u00f3n a un cliente. | Fern\u00e1ndez Advocats<\/title>\n<meta name=\"robots\" content=\"index, follow, max-snippet:-1, max-image-preview:large, max-video-preview:-1\" \/>\n<link rel=\"canonical\" href=\"https:\/\/fernandezadvocats.es\/es\/obtencion-de-indemnizacion-por-danos-y-perjuicios-provocados-por-el-inss-al-denegar-la-brecha-de-genero-en-jubilacion-a-cliente\/\" \/>\n<meta property=\"og:locale\" content=\"es_ES\" \/>\n<meta property=\"og:type\" content=\"article\" \/>\n<meta property=\"og:title\" content=\"Obtenci\u00f3n de indemnizaci\u00f3n por da\u00f1os y perjuicios provocados por el INSS al denegar la brecha de g\u00e9nero en jubilaci\u00f3n a un cliente. | Fern\u00e1ndez Advocats\" \/>\n<meta property=\"og:description\" content=\"DESCARGAR\u00a0 PDF &nbsp; Recientemente, desde el equipo del departamento laboral hemos tenido la oportunidad de resolver un conflicto legal referente a la denegaci\u00f3n por parte del Instituto Nacional de la Seguridad Social (INSS) del complemento por brecha de g\u00e9nero en la jubilaci\u00f3n de uno de nuestros clientes. Este caso, que involucraba a un pensionista que [&hellip;]\" \/>\n<meta property=\"og:url\" content=\"https:\/\/fernandezadvocats.es\/es\/obtencion-de-indemnizacion-por-danos-y-perjuicios-provocados-por-el-inss-al-denegar-la-brecha-de-genero-en-jubilacion-a-cliente\/\" \/>\n<meta property=\"og:site_name\" content=\"Fern\u00e1ndez Advocats\" \/>\n<meta property=\"article:published_time\" content=\"2024-12-20T13:36:36+00:00\" \/>\n<meta property=\"article:modified_time\" content=\"2025-01-16T16:53:24+00:00\" \/>\n<meta property=\"og:image\" content=\"https:\/\/fernandezadvocats.es\/wp-content\/uploads\/2024\/12\/W5A8595_1.jpg\" \/>\n\t<meta property=\"og:image:width\" content=\"2048\" \/>\n\t<meta property=\"og:image:height\" content=\"1366\" \/>\n\t<meta property=\"og:image:type\" content=\"image\/jpeg\" \/>\n<meta name=\"author\" content=\"Fern\u00e1ndez Advocats\" \/>\n<meta name=\"twitter:card\" content=\"summary_large_image\" \/>\n<meta name=\"twitter:label1\" content=\"Escrito por\" \/>\n\t<meta name=\"twitter:data1\" content=\"Fern\u00e1ndez Advocats\" \/>\n\t<meta name=\"twitter:label2\" content=\"Tiempo de lectura\" \/>\n\t<meta name=\"twitter:data2\" content=\"4 minutos\" \/>\n<script type=\"application\/ld+json\" class=\"yoast-schema-graph\">{\"@context\":\"https:\/\/schema.org\",\"@graph\":[{\"@type\":\"Article\",\"@id\":\"https:\/\/fernandezadvocats.es\/es\/obtencion-de-indemnizacion-por-danos-y-perjuicios-provocados-por-el-inss-al-denegar-la-brecha-de-genero-en-jubilacion-a-cliente\/#article\",\"isPartOf\":{\"@id\":\"https:\/\/fernandezadvocats.es\/es\/obtencion-de-indemnizacion-por-danos-y-perjuicios-provocados-por-el-inss-al-denegar-la-brecha-de-genero-en-jubilacion-a-cliente\/\"},\"author\":{\"name\":\"Fern\u00e1ndez Advocats\",\"@id\":\"https:\/\/fernandezadvocats.es\/#\/schema\/person\/b07c77bdf07c1e11b12a56cae182b521\"},\"headline\":\"Obtenci\u00f3n de indemnizaci\u00f3n por da\u00f1os y perjuicios provocados por el INSS al denegar la brecha de g\u00e9nero en jubilaci\u00f3n a un cliente.\",\"datePublished\":\"2024-12-20T13:36:36+00:00\",\"dateModified\":\"2025-01-16T16:53:24+00:00\",\"mainEntityOfPage\":{\"@id\":\"https:\/\/fernandezadvocats.es\/es\/obtencion-de-indemnizacion-por-danos-y-perjuicios-provocados-por-el-inss-al-denegar-la-brecha-de-genero-en-jubilacion-a-cliente\/\"},\"wordCount\":652,\"publisher\":{\"@id\":\"https:\/\/fernandezadvocats.es\/#organization\"},\"image\":{\"@id\":\"https:\/\/fernandezadvocats.es\/es\/obtencion-de-indemnizacion-por-danos-y-perjuicios-provocados-por-el-inss-al-denegar-la-brecha-de-genero-en-jubilacion-a-cliente\/#primaryimage\"},\"thumbnailUrl\":\"https:\/\/fernandezadvocats.es\/wp-content\/uploads\/2024\/12\/W5A8595_1.jpg\",\"articleSection\":[\"Derecho Laboral\",\"Expertise FA\"],\"inLanguage\":\"es\"},{\"@type\":\"WebPage\",\"@id\":\"https:\/\/fernandezadvocats.es\/es\/obtencion-de-indemnizacion-por-danos-y-perjuicios-provocados-por-el-inss-al-denegar-la-brecha-de-genero-en-jubilacion-a-cliente\/\",\"url\":\"https:\/\/fernandezadvocats.es\/es\/obtencion-de-indemnizacion-por-danos-y-perjuicios-provocados-por-el-inss-al-denegar-la-brecha-de-genero-en-jubilacion-a-cliente\/\",\"name\":\"Obtenci\u00f3n de indemnizaci\u00f3n por da\u00f1os y perjuicios provocados por el INSS al denegar la brecha de g\u00e9nero en jubilaci\u00f3n a un cliente. | Fern\u00e1ndez Advocats\",\"isPartOf\":{\"@id\":\"https:\/\/fernandezadvocats.es\/#website\"},\"primaryImageOfPage\":{\"@id\":\"https:\/\/fernandezadvocats.es\/es\/obtencion-de-indemnizacion-por-danos-y-perjuicios-provocados-por-el-inss-al-denegar-la-brecha-de-genero-en-jubilacion-a-cliente\/#primaryimage\"},\"image\":{\"@id\":\"https:\/\/fernandezadvocats.es\/es\/obtencion-de-indemnizacion-por-danos-y-perjuicios-provocados-por-el-inss-al-denegar-la-brecha-de-genero-en-jubilacion-a-cliente\/#primaryimage\"},\"thumbnailUrl\":\"https:\/\/fernandezadvocats.es\/wp-content\/uploads\/2024\/12\/W5A8595_1.jpg\",\"datePublished\":\"2024-12-20T13:36:36+00:00\",\"dateModified\":\"2025-01-16T16:53:24+00:00\",\"breadcrumb\":{\"@id\":\"https:\/\/fernandezadvocats.es\/es\/obtencion-de-indemnizacion-por-danos-y-perjuicios-provocados-por-el-inss-al-denegar-la-brecha-de-genero-en-jubilacion-a-cliente\/#breadcrumb\"},\"inLanguage\":\"es\",\"potentialAction\":[{\"@type\":\"ReadAction\",\"target\":[\"https:\/\/fernandezadvocats.es\/es\/obtencion-de-indemnizacion-por-danos-y-perjuicios-provocados-por-el-inss-al-denegar-la-brecha-de-genero-en-jubilacion-a-cliente\/\"]}]},{\"@type\":\"ImageObject\",\"inLanguage\":\"es\",\"@id\":\"https:\/\/fernandezadvocats.es\/es\/obtencion-de-indemnizacion-por-danos-y-perjuicios-provocados-por-el-inss-al-denegar-la-brecha-de-genero-en-jubilacion-a-cliente\/#primaryimage\",\"url\":\"https:\/\/fernandezadvocats.es\/wp-content\/uploads\/2024\/12\/W5A8595_1.jpg\",\"contentUrl\":\"https:\/\/fernandezadvocats.es\/wp-content\/uploads\/2024\/12\/W5A8595_1.jpg\",\"width\":2048,\"height\":1366,\"caption\":\"derecho-civil\"},{\"@type\":\"BreadcrumbList\",\"@id\":\"https:\/\/fernandezadvocats.es\/es\/obtencion-de-indemnizacion-por-danos-y-perjuicios-provocados-por-el-inss-al-denegar-la-brecha-de-genero-en-jubilacion-a-cliente\/#breadcrumb\",\"itemListElement\":[{\"@type\":\"ListItem\",\"position\":1,\"name\":\"Portada\",\"item\":\"https:\/\/fernandezadvocats.es\/es\/fernandez-advocats-berga\/\"},{\"@type\":\"ListItem\",\"position\":2,\"name\":\"Obtenci\u00f3n de indemnizaci\u00f3n por da\u00f1os y perjuicios provocados por el INSS al denegar la brecha de g\u00e9nero en jubilaci\u00f3n a un cliente.\"}]},{\"@type\":\"WebSite\",\"@id\":\"https:\/\/fernandezadvocats.es\/#website\",\"url\":\"https:\/\/fernandezadvocats.es\/\",\"name\":\"Fern\u00e1ndez Advocats\",\"description\":\"Advocats Berga i Barcelona\",\"publisher\":{\"@id\":\"https:\/\/fernandezadvocats.es\/#organization\"},\"alternateName\":\"Abogados Berga y Bracelona\",\"potentialAction\":[{\"@type\":\"SearchAction\",\"target\":{\"@type\":\"EntryPoint\",\"urlTemplate\":\"https:\/\/fernandezadvocats.es\/?s={search_term_string}\"},\"query-input\":{\"@type\":\"PropertyValueSpecification\",\"valueRequired\":true,\"valueName\":\"search_term_string\"}}],\"inLanguage\":\"es\"},{\"@type\":\"Organization\",\"@id\":\"https:\/\/fernandezadvocats.es\/#organization\",\"name\":\"Fern\u00e1ndez Advocats\",\"url\":\"https:\/\/fernandezadvocats.es\/\",\"logo\":{\"@type\":\"ImageObject\",\"inLanguage\":\"es\",\"@id\":\"https:\/\/fernandezadvocats.es\/#\/schema\/logo\/image\/\",\"url\":\"https:\/\/fernandezadvocats.es\/wp-content\/uploads\/2024\/11\/cropped-BF-e1731427554424.png\",\"contentUrl\":\"https:\/\/fernandezadvocats.es\/wp-content\/uploads\/2024\/11\/cropped-BF-e1731427554424.png\",\"width\":512,\"height\":512,\"caption\":\"Fern\u00e1ndez Advocats\"},\"image\":{\"@id\":\"https:\/\/fernandezadvocats.es\/#\/schema\/logo\/image\/\"}},{\"@type\":\"Person\",\"@id\":\"https:\/\/fernandezadvocats.es\/#\/schema\/person\/b07c77bdf07c1e11b12a56cae182b521\",\"name\":\"Fern\u00e1ndez Advocats\",\"image\":{\"@type\":\"ImageObject\",\"inLanguage\":\"es\",\"@id\":\"https:\/\/fernandezadvocats.es\/#\/schema\/person\/image\/\",\"url\":\"https:\/\/secure.gravatar.com\/avatar\/4fc29f47dccf5511fdf4ab55d2e22d915d944656636c10c38a1baf7a85eccbd2?s=96&d=mm&r=g\",\"contentUrl\":\"https:\/\/secure.gravatar.com\/avatar\/4fc29f47dccf5511fdf4ab55d2e22d915d944656636c10c38a1baf7a85eccbd2?s=96&d=mm&r=g\",\"caption\":\"Fern\u00e1ndez Advocats\"},\"sameAs\":[\"https:\/\/abogados.evotic.es\/\"],\"url\":\"https:\/\/fernandezadvocats.es\/es\/author\/javier\/\"}]}<\/script>\n<!-- \/ Yoast SEO plugin. -->","yoast_head_json":{"title":"Obtenci\u00f3n de indemnizaci\u00f3n por da\u00f1os y perjuicios provocados por el INSS al denegar la brecha de g\u00e9nero en jubilaci\u00f3n a un cliente. | Fern\u00e1ndez Advocats","robots":{"index":"index","follow":"follow","max-snippet":"max-snippet:-1","max-image-preview":"max-image-preview:large","max-video-preview":"max-video-preview:-1"},"canonical":"https:\/\/fernandezadvocats.es\/es\/obtencion-de-indemnizacion-por-danos-y-perjuicios-provocados-por-el-inss-al-denegar-la-brecha-de-genero-en-jubilacion-a-cliente\/","og_locale":"es_ES","og_type":"article","og_title":"Obtenci\u00f3n de indemnizaci\u00f3n por da\u00f1os y perjuicios provocados por el INSS al denegar la brecha de g\u00e9nero en jubilaci\u00f3n a un cliente. | Fern\u00e1ndez Advocats","og_description":"DESCARGAR\u00a0 PDF &nbsp; Recientemente, desde el equipo del departamento laboral hemos tenido la oportunidad de resolver un conflicto legal referente a la denegaci\u00f3n por parte del Instituto Nacional de la Seguridad Social (INSS) del complemento por brecha de g\u00e9nero en la jubilaci\u00f3n de uno de nuestros clientes. Este caso, que involucraba a un pensionista que [&hellip;]","og_url":"https:\/\/fernandezadvocats.es\/es\/obtencion-de-indemnizacion-por-danos-y-perjuicios-provocados-por-el-inss-al-denegar-la-brecha-de-genero-en-jubilacion-a-cliente\/","og_site_name":"Fern\u00e1ndez Advocats","article_published_time":"2024-12-20T13:36:36+00:00","article_modified_time":"2025-01-16T16:53:24+00:00","og_image":[{"width":2048,"height":1366,"url":"https:\/\/fernandezadvocats.es\/wp-content\/uploads\/2024\/12\/W5A8595_1.jpg","type":"image\/jpeg"}],"author":"Fern\u00e1ndez Advocats","twitter_card":"summary_large_image","twitter_misc":{"Escrito por":"Fern\u00e1ndez Advocats","Tiempo de lectura":"4 minutos"},"schema":{"@context":"https:\/\/schema.org","@graph":[{"@type":"Article","@id":"https:\/\/fernandezadvocats.es\/es\/obtencion-de-indemnizacion-por-danos-y-perjuicios-provocados-por-el-inss-al-denegar-la-brecha-de-genero-en-jubilacion-a-cliente\/#article","isPartOf":{"@id":"https:\/\/fernandezadvocats.es\/es\/obtencion-de-indemnizacion-por-danos-y-perjuicios-provocados-por-el-inss-al-denegar-la-brecha-de-genero-en-jubilacion-a-cliente\/"},"author":{"name":"Fern\u00e1ndez Advocats","@id":"https:\/\/fernandezadvocats.es\/#\/schema\/person\/b07c77bdf07c1e11b12a56cae182b521"},"headline":"Obtenci\u00f3n de indemnizaci\u00f3n por da\u00f1os y perjuicios provocados por el INSS al denegar la brecha de g\u00e9nero en jubilaci\u00f3n a un cliente.","datePublished":"2024-12-20T13:36:36+00:00","dateModified":"2025-01-16T16:53:24+00:00","mainEntityOfPage":{"@id":"https:\/\/fernandezadvocats.es\/es\/obtencion-de-indemnizacion-por-danos-y-perjuicios-provocados-por-el-inss-al-denegar-la-brecha-de-genero-en-jubilacion-a-cliente\/"},"wordCount":652,"publisher":{"@id":"https:\/\/fernandezadvocats.es\/#organization"},"image":{"@id":"https:\/\/fernandezadvocats.es\/es\/obtencion-de-indemnizacion-por-danos-y-perjuicios-provocados-por-el-inss-al-denegar-la-brecha-de-genero-en-jubilacion-a-cliente\/#primaryimage"},"thumbnailUrl":"https:\/\/fernandezadvocats.es\/wp-content\/uploads\/2024\/12\/W5A8595_1.jpg","articleSection":["Derecho Laboral","Expertise FA"],"inLanguage":"es"},{"@type":"WebPage","@id":"https:\/\/fernandezadvocats.es\/es\/obtencion-de-indemnizacion-por-danos-y-perjuicios-provocados-por-el-inss-al-denegar-la-brecha-de-genero-en-jubilacion-a-cliente\/","url":"https:\/\/fernandezadvocats.es\/es\/obtencion-de-indemnizacion-por-danos-y-perjuicios-provocados-por-el-inss-al-denegar-la-brecha-de-genero-en-jubilacion-a-cliente\/","name":"Obtenci\u00f3n de indemnizaci\u00f3n por da\u00f1os y perjuicios provocados por el INSS al denegar la brecha de g\u00e9nero en jubilaci\u00f3n a un cliente. | Fern\u00e1ndez Advocats","isPartOf":{"@id":"https:\/\/fernandezadvocats.es\/#website"},"primaryImageOfPage":{"@id":"https:\/\/fernandezadvocats.es\/es\/obtencion-de-indemnizacion-por-danos-y-perjuicios-provocados-por-el-inss-al-denegar-la-brecha-de-genero-en-jubilacion-a-cliente\/#primaryimage"},"image":{"@id":"https:\/\/fernandezadvocats.es\/es\/obtencion-de-indemnizacion-por-danos-y-perjuicios-provocados-por-el-inss-al-denegar-la-brecha-de-genero-en-jubilacion-a-cliente\/#primaryimage"},"thumbnailUrl":"https:\/\/fernandezadvocats.es\/wp-content\/uploads\/2024\/12\/W5A8595_1.jpg","datePublished":"2024-12-20T13:36:36+00:00","dateModified":"2025-01-16T16:53:24+00:00","breadcrumb":{"@id":"https:\/\/fernandezadvocats.es\/es\/obtencion-de-indemnizacion-por-danos-y-perjuicios-provocados-por-el-inss-al-denegar-la-brecha-de-genero-en-jubilacion-a-cliente\/#breadcrumb"},"inLanguage":"es","potentialAction":[{"@type":"ReadAction","target":["https:\/\/fernandezadvocats.es\/es\/obtencion-de-indemnizacion-por-danos-y-perjuicios-provocados-por-el-inss-al-denegar-la-brecha-de-genero-en-jubilacion-a-cliente\/"]}]},{"@type":"ImageObject","inLanguage":"es","@id":"https:\/\/fernandezadvocats.es\/es\/obtencion-de-indemnizacion-por-danos-y-perjuicios-provocados-por-el-inss-al-denegar-la-brecha-de-genero-en-jubilacion-a-cliente\/#primaryimage","url":"https:\/\/fernandezadvocats.es\/wp-content\/uploads\/2024\/12\/W5A8595_1.jpg","contentUrl":"https:\/\/fernandezadvocats.es\/wp-content\/uploads\/2024\/12\/W5A8595_1.jpg","width":2048,"height":1366,"caption":"derecho-civil"},{"@type":"BreadcrumbList","@id":"https:\/\/fernandezadvocats.es\/es\/obtencion-de-indemnizacion-por-danos-y-perjuicios-provocados-por-el-inss-al-denegar-la-brecha-de-genero-en-jubilacion-a-cliente\/#breadcrumb","itemListElement":[{"@type":"ListItem","position":1,"name":"Portada","item":"https:\/\/fernandezadvocats.es\/es\/fernandez-advocats-berga\/"},{"@type":"ListItem","position":2,"name":"Obtenci\u00f3n de indemnizaci\u00f3n por da\u00f1os y perjuicios provocados por el INSS al denegar la brecha de g\u00e9nero en jubilaci\u00f3n a un cliente."}]},{"@type":"WebSite","@id":"https:\/\/fernandezadvocats.es\/#website","url":"https:\/\/fernandezadvocats.es\/","name":"Fern\u00e1ndez Advocats","description":"Advocats Berga i Barcelona","publisher":{"@id":"https:\/\/fernandezadvocats.es\/#organization"},"alternateName":"Abogados Berga y Bracelona","potentialAction":[{"@type":"SearchAction","target":{"@type":"EntryPoint","urlTemplate":"https:\/\/fernandezadvocats.es\/?s={search_term_string}"},"query-input":{"@type":"PropertyValueSpecification","valueRequired":true,"valueName":"search_term_string"}}],"inLanguage":"es"},{"@type":"Organization","@id":"https:\/\/fernandezadvocats.es\/#organization","name":"Fern\u00e1ndez Advocats","url":"https:\/\/fernandezadvocats.es\/","logo":{"@type":"ImageObject","inLanguage":"es","@id":"https:\/\/fernandezadvocats.es\/#\/schema\/logo\/image\/","url":"https:\/\/fernandezadvocats.es\/wp-content\/uploads\/2024\/11\/cropped-BF-e1731427554424.png","contentUrl":"https:\/\/fernandezadvocats.es\/wp-content\/uploads\/2024\/11\/cropped-BF-e1731427554424.png","width":512,"height":512,"caption":"Fern\u00e1ndez Advocats"},"image":{"@id":"https:\/\/fernandezadvocats.es\/#\/schema\/logo\/image\/"}},{"@type":"Person","@id":"https:\/\/fernandezadvocats.es\/#\/schema\/person\/b07c77bdf07c1e11b12a56cae182b521","name":"Fern\u00e1ndez Advocats","image":{"@type":"ImageObject","inLanguage":"es","@id":"https:\/\/fernandezadvocats.es\/#\/schema\/person\/image\/","url":"https:\/\/secure.gravatar.com\/avatar\/4fc29f47dccf5511fdf4ab55d2e22d915d944656636c10c38a1baf7a85eccbd2?s=96&d=mm&r=g","contentUrl":"https:\/\/secure.gravatar.com\/avatar\/4fc29f47dccf5511fdf4ab55d2e22d915d944656636c10c38a1baf7a85eccbd2?s=96&d=mm&r=g","caption":"Fern\u00e1ndez Advocats"},"sameAs":["https:\/\/abogados.evotic.es\/"],"url":"https:\/\/fernandezadvocats.es\/es\/author\/javier\/"}]}},"_links":{"self":[{"href":"https:\/\/fernandezadvocats.es\/es\/wp-json\/wp\/v2\/posts\/230784","targetHints":{"allow":["GET"]}}],"collection":[{"href":"https:\/\/fernandezadvocats.es\/es\/wp-json\/wp\/v2\/posts"}],"about":[{"href":"https:\/\/fernandezadvocats.es\/es\/wp-json\/wp\/v2\/types\/post"}],"author":[{"embeddable":true,"href":"https:\/\/fernandezadvocats.es\/es\/wp-json\/wp\/v2\/users\/2"}],"replies":[{"embeddable":true,"href":"https:\/\/fernandezadvocats.es\/es\/wp-json\/wp\/v2\/comments?post=230784"}],"version-history":[{"count":3,"href":"https:\/\/fernandezadvocats.es\/es\/wp-json\/wp\/v2\/posts\/230784\/revisions"}],"predecessor-version":[{"id":230794,"href":"https:\/\/fernandezadvocats.es\/es\/wp-json\/wp\/v2\/posts\/230784\/revisions\/230794"}],"wp:featuredmedia":[{"embeddable":true,"href":"https:\/\/fernandezadvocats.es\/es\/wp-json\/wp\/v2\/media\/229971"}],"wp:attachment":[{"href":"https:\/\/fernandezadvocats.es\/es\/wp-json\/wp\/v2\/media?parent=230784"}],"wp:term":[{"taxonomy":"category","embeddable":true,"href":"https:\/\/fernandezadvocats.es\/es\/wp-json\/wp\/v2\/categories?post=230784"},{"taxonomy":"post_tag","embeddable":true,"href":"https:\/\/fernandezadvocats.es\/es\/wp-json\/wp\/v2\/tags?post=230784"}],"curies":[{"name":"wp","href":"https:\/\/api.w.org\/{rel}","templated":true}]}}