{"id":230797,"date":"2024-12-20T14:52:34","date_gmt":"2024-12-20T13:52:34","guid":{"rendered":"https:\/\/fernandezadvocats.es\/?p=230797"},"modified":"2025-01-16T18:06:39","modified_gmt":"2025-01-16T17:06:39","slug":"nos-integramos-en-el-despacho-gimenez-salinas-de-barcelona-para-ampliar-nuestros-servicios","status":"publish","type":"post","link":"https:\/\/fernandezadvocats.es\/es\/nos-integramos-en-el-despacho-gimenez-salinas-de-barcelona-para-ampliar-nuestros-servicios\/","title":{"rendered":"Nos integramos en el despacho Gim\u00e9nez-Salinas de Barcelona para ampliar nuestros servicios."},"content":{"rendered":"<div class=\"flex max-w-full flex-col flex-grow\">\n<div class=\"min-h-8 text-message flex w-full flex-col items-end gap-2 whitespace-normal break-words text-start [.text-message+&amp;]:mt-5\" dir=\"auto\" data-message-author-role=\"assistant\" data-message-id=\"f26241b0-6358-47e9-8b22-4085fc207d7c\" data-message-model-slug=\"gpt-4o\">\n<div class=\"flex w-full flex-col gap-1 empty:hidden first:pt-[3px]\">\n<div class=\"markdown prose w-full break-words dark:prose-invert light\">\n<p><a href=\"http:\/\/fernandezadvocats.es\/wp-content\/uploads\/2024\/12\/Nota-Regio-7.pdf\"><strong>NOTA PRENSA REGIO 7<\/strong><\/a><\/p>\n<p>&nbsp;<\/p>\n<p>En <strong>Fern\u00e1ndez Advocats<\/strong>, estamos muy orgullosos de anunciar nuestra <strong>alianza estrat\u00e9gica con el reconocido despacho Gim\u00e9nez-Salinas<\/strong>, con sede en Barcelona y Madrid. Esta colaboraci\u00f3n nos permite dar un <strong>salto adelante en nuestras capacidades<\/strong>, ampliando el alcance de los servicios que ofrecemos a nuestros clientes y garantizando, como siempre, <strong>la m\u00e1xima calidad en la defensa de sus intereses<\/strong>.<\/p>\n<p>Desde nuestra fundaci\u00f3n en 1983, hemos trabajado con dedicaci\u00f3n y profesionalidad para convertirnos en el <strong>despacho de referencia en el Bergued\u00e0<\/strong>, especializ\u00e1ndonos en <strong>\u00e1reas como el derecho urban\u00edstico y medioambiental<\/strong>, as\u00ed como en derecho penal, civil y social. Ahora, gracias a esta integraci\u00f3n, reforzamos nuestro equipo con la experiencia y los recursos de <strong>Gim\u00e9nez-Salinas<\/strong>, un despacho fundado en 1941 con una larga trayectoria en el ejercicio del derecho y miembro exclusivo de la red internacional <strong>GBL Alliance<\/strong>.<\/p>\n<p>A pesar de esta alianza, <strong>continuaremos operando bajo el nombre de Fern\u00e1ndez Advocats<\/strong>, fieles a nuestro compromiso con los clientes y con el territorio. <strong>Nuestra oficina en Barcelona pasar\u00e1 a formar parte del equipo de Gim\u00e9nez-Salinas<\/strong>, lo que <strong>nos permitir\u00e1 ofrecer mayores garant\u00edas y llegar a m\u00e1s lugares,<\/strong> siempre con el objetivo de brindar un servicio integral y personalizado.<\/p>\n<p>Aportamos a esta alianza nuestra experiencia en derecho urban\u00edstico y medioambiental, \u00e1reas en las que somos referentes, y aprovechamos esta oportunidad para crecer como despacho y ampliar nuestro radio de acci\u00f3n, manteniendo intacta nuestra esencia.<\/p>\n<p>Estamos seguros de que esta nueva etapa ser\u00e1 beneficiosa tanto para nuestros clientes como para nuestro equipo. <strong>Gracias por confiar en nosotros.<\/strong><\/p>\n<\/div>\n<\/div>\n<\/div>\n<\/div>\n","protected":false},"excerpt":{"rendered":"<p>NOTA PRENSA REGIO 7 &nbsp; En Fern\u00e1ndez Advocats, estamos muy orgullosos de anunciar nuestra alianza estrat\u00e9gica con el reconocido despacho Gim\u00e9nez-Salinas, con sede en Barcelona y Madrid. Esta colaboraci\u00f3n nos permite dar un salto adelante en nuestras capacidades, ampliando el alcance de los servicios que ofrecemos a nuestros clientes y garantizando, como siempre, la m\u00e1xima [&hellip;]<\/p>\n","protected":false},"author":2,"featured_media":91145,"comment_status":"closed","ping_status":"closed","sticky":false,"template":"","format":"standard","meta":{"_et_pb_use_builder":"","_et_pb_old_content":"","_et_gb_content_width":"","footnotes":""},"categories":[30],"tags":[],"class_list":["post-230797","post","type-post","status-publish","format-standard","has-post-thumbnail","hentry","category-prensa"],"yoast_head":"<!-- This site is optimized with the Yoast SEO plugin v27.1.1 - https:\/\/yoast.com\/product\/yoast-seo-wordpress\/ -->\n<title>Nos integramos en el despacho Gim\u00e9nez-Salinas de Barcelona para ampliar nuestros servicios. | Fern\u00e1ndez Advocats<\/title>\n<meta name=\"robots\" content=\"index, follow, max-snippet:-1, max-image-preview:large, max-video-preview:-1\" \/>\n<link rel=\"canonical\" href=\"https:\/\/fernandezadvocats.es\/es\/nos-integramos-en-el-despacho-gimenez-salinas-de-barcelona-para-ampliar-nuestros-servicios\/\" \/>\n<meta property=\"og:locale\" content=\"es_ES\" \/>\n<meta property=\"og:type\" content=\"article\" \/>\n<meta property=\"og:title\" content=\"Nos integramos en el despacho Gim\u00e9nez-Salinas de Barcelona para ampliar nuestros servicios. | Fern\u00e1ndez Advocats\" \/>\n<meta property=\"og:description\" content=\"NOTA PRENSA REGIO 7 &nbsp; En Fern\u00e1ndez Advocats, estamos muy orgullosos de anunciar nuestra alianza estrat\u00e9gica con el reconocido despacho Gim\u00e9nez-Salinas, con sede en Barcelona y Madrid. Esta colaboraci\u00f3n nos permite dar un salto adelante en nuestras capacidades, ampliando el alcance de los servicios que ofrecemos a nuestros clientes y garantizando, como siempre, la m\u00e1xima [&hellip;]\" \/>\n<meta property=\"og:url\" content=\"https:\/\/fernandezadvocats.es\/es\/nos-integramos-en-el-despacho-gimenez-salinas-de-barcelona-para-ampliar-nuestros-servicios\/\" \/>\n<meta property=\"og:site_name\" content=\"Fern\u00e1ndez Advocats\" \/>\n<meta property=\"article:published_time\" content=\"2024-12-20T13:52:34+00:00\" \/>\n<meta property=\"article:modified_time\" content=\"2025-01-16T17:06:39+00:00\" \/>\n<meta property=\"og:image\" content=\"https:\/\/fernandezadvocats.es\/wp-content\/uploads\/2024\/12\/4A4A2090-scaled-e1733829009554.jpg\" \/>\n\t<meta property=\"og:image:width\" content=\"2560\" \/>\n\t<meta property=\"og:image:height\" content=\"1660\" \/>\n\t<meta property=\"og:image:type\" content=\"image\/jpeg\" \/>\n<meta name=\"author\" content=\"Fern\u00e1ndez Advocats\" \/>\n<meta name=\"twitter:card\" content=\"summary_large_image\" \/>\n<meta name=\"twitter:label1\" content=\"Escrito por\" \/>\n\t<meta name=\"twitter:data1\" content=\"Fern\u00e1ndez Advocats\" \/>\n\t<meta name=\"twitter:label2\" content=\"Tiempo de lectura\" \/>\n\t<meta name=\"twitter:data2\" content=\"2 minutos\" \/>\n<script type=\"application\/ld+json\" class=\"yoast-schema-graph\">{\"@context\":\"https:\/\/schema.org\",\"@graph\":[{\"@type\":\"Article\",\"@id\":\"https:\/\/fernandezadvocats.es\/es\/nos-integramos-en-el-despacho-gimenez-salinas-de-barcelona-para-ampliar-nuestros-servicios\/#article\",\"isPartOf\":{\"@id\":\"https:\/\/fernandezadvocats.es\/es\/nos-integramos-en-el-despacho-gimenez-salinas-de-barcelona-para-ampliar-nuestros-servicios\/\"},\"author\":{\"name\":\"Fern\u00e1ndez Advocats\",\"@id\":\"https:\/\/fernandezadvocats.es\/#\/schema\/person\/b07c77bdf07c1e11b12a56cae182b521\"},\"headline\":\"Nos integramos en el despacho Gim\u00e9nez-Salinas de Barcelona para ampliar nuestros servicios.\",\"datePublished\":\"2024-12-20T13:52:34+00:00\",\"dateModified\":\"2025-01-16T17:06:39+00:00\",\"mainEntityOfPage\":{\"@id\":\"https:\/\/fernandezadvocats.es\/es\/nos-integramos-en-el-despacho-gimenez-salinas-de-barcelona-para-ampliar-nuestros-servicios\/\"},\"wordCount\":282,\"publisher\":{\"@id\":\"https:\/\/fernandezadvocats.es\/#organization\"},\"image\":{\"@id\":\"https:\/\/fernandezadvocats.es\/es\/nos-integramos-en-el-despacho-gimenez-salinas-de-barcelona-para-ampliar-nuestros-servicios\/#primaryimage\"},\"thumbnailUrl\":\"https:\/\/fernandezadvocats.es\/wp-content\/uploads\/2024\/12\/4A4A2090-scaled-e1733829009554.jpg\",\"articleSection\":[\"Prensa\"],\"inLanguage\":\"es\"},{\"@type\":\"WebPage\",\"@id\":\"https:\/\/fernandezadvocats.es\/es\/nos-integramos-en-el-despacho-gimenez-salinas-de-barcelona-para-ampliar-nuestros-servicios\/\",\"url\":\"https:\/\/fernandezadvocats.es\/es\/nos-integramos-en-el-despacho-gimenez-salinas-de-barcelona-para-ampliar-nuestros-servicios\/\",\"name\":\"Nos integramos en el despacho Gim\u00e9nez-Salinas de Barcelona para ampliar nuestros servicios. | Fern\u00e1ndez Advocats\",\"isPartOf\":{\"@id\":\"https:\/\/fernandezadvocats.es\/#website\"},\"primaryImageOfPage\":{\"@id\":\"https:\/\/fernandezadvocats.es\/es\/nos-integramos-en-el-despacho-gimenez-salinas-de-barcelona-para-ampliar-nuestros-servicios\/#primaryimage\"},\"image\":{\"@id\":\"https:\/\/fernandezadvocats.es\/es\/nos-integramos-en-el-despacho-gimenez-salinas-de-barcelona-para-ampliar-nuestros-servicios\/#primaryimage\"},\"thumbnailUrl\":\"https:\/\/fernandezadvocats.es\/wp-content\/uploads\/2024\/12\/4A4A2090-scaled-e1733829009554.jpg\",\"datePublished\":\"2024-12-20T13:52:34+00:00\",\"dateModified\":\"2025-01-16T17:06:39+00:00\",\"breadcrumb\":{\"@id\":\"https:\/\/fernandezadvocats.es\/es\/nos-integramos-en-el-despacho-gimenez-salinas-de-barcelona-para-ampliar-nuestros-servicios\/#breadcrumb\"},\"inLanguage\":\"es\",\"potentialAction\":[{\"@type\":\"ReadAction\",\"target\":[\"https:\/\/fernandezadvocats.es\/es\/nos-integramos-en-el-despacho-gimenez-salinas-de-barcelona-para-ampliar-nuestros-servicios\/\"]}]},{\"@type\":\"ImageObject\",\"inLanguage\":\"es\",\"@id\":\"https:\/\/fernandezadvocats.es\/es\/nos-integramos-en-el-despacho-gimenez-salinas-de-barcelona-para-ampliar-nuestros-servicios\/#primaryimage\",\"url\":\"https:\/\/fernandezadvocats.es\/wp-content\/uploads\/2024\/12\/4A4A2090-scaled-e1733829009554.jpg\",\"contentUrl\":\"https:\/\/fernandezadvocats.es\/wp-content\/uploads\/2024\/12\/4A4A2090-scaled-e1733829009554.jpg\",\"width\":2560,\"height\":1660,\"caption\":\"Evoto\"},{\"@type\":\"BreadcrumbList\",\"@id\":\"https:\/\/fernandezadvocats.es\/es\/nos-integramos-en-el-despacho-gimenez-salinas-de-barcelona-para-ampliar-nuestros-servicios\/#breadcrumb\",\"itemListElement\":[{\"@type\":\"ListItem\",\"position\":1,\"name\":\"Portada\",\"item\":\"https:\/\/fernandezadvocats.es\/es\/fernandez-advocats-berga\/\"},{\"@type\":\"ListItem\",\"position\":2,\"name\":\"Nos integramos en el despacho Gim\u00e9nez-Salinas de Barcelona para ampliar nuestros servicios.\"}]},{\"@type\":\"WebSite\",\"@id\":\"https:\/\/fernandezadvocats.es\/#website\",\"url\":\"https:\/\/fernandezadvocats.es\/\",\"name\":\"Fern\u00e1ndez Advocats\",\"description\":\"Advocats Berga i Barcelona\",\"publisher\":{\"@id\":\"https:\/\/fernandezadvocats.es\/#organization\"},\"alternateName\":\"Abogados Berga y Bracelona\",\"potentialAction\":[{\"@type\":\"SearchAction\",\"target\":{\"@type\":\"EntryPoint\",\"urlTemplate\":\"https:\/\/fernandezadvocats.es\/?s={search_term_string}\"},\"query-input\":{\"@type\":\"PropertyValueSpecification\",\"valueRequired\":true,\"valueName\":\"search_term_string\"}}],\"inLanguage\":\"es\"},{\"@type\":\"Organization\",\"@id\":\"https:\/\/fernandezadvocats.es\/#organization\",\"name\":\"Fern\u00e1ndez Advocats\",\"url\":\"https:\/\/fernandezadvocats.es\/\",\"logo\":{\"@type\":\"ImageObject\",\"inLanguage\":\"es\",\"@id\":\"https:\/\/fernandezadvocats.es\/#\/schema\/logo\/image\/\",\"url\":\"https:\/\/fernandezadvocats.es\/wp-content\/uploads\/2024\/11\/cropped-BF-e1731427554424.png\",\"contentUrl\":\"https:\/\/fernandezadvocats.es\/wp-content\/uploads\/2024\/11\/cropped-BF-e1731427554424.png\",\"width\":512,\"height\":512,\"caption\":\"Fern\u00e1ndez Advocats\"},\"image\":{\"@id\":\"https:\/\/fernandezadvocats.es\/#\/schema\/logo\/image\/\"}},{\"@type\":\"Person\",\"@id\":\"https:\/\/fernandezadvocats.es\/#\/schema\/person\/b07c77bdf07c1e11b12a56cae182b521\",\"name\":\"Fern\u00e1ndez Advocats\",\"image\":{\"@type\":\"ImageObject\",\"inLanguage\":\"es\",\"@id\":\"https:\/\/fernandezadvocats.es\/#\/schema\/person\/image\/\",\"url\":\"https:\/\/secure.gravatar.com\/avatar\/4fc29f47dccf5511fdf4ab55d2e22d915d944656636c10c38a1baf7a85eccbd2?s=96&d=mm&r=g\",\"contentUrl\":\"https:\/\/secure.gravatar.com\/avatar\/4fc29f47dccf5511fdf4ab55d2e22d915d944656636c10c38a1baf7a85eccbd2?s=96&d=mm&r=g\",\"caption\":\"Fern\u00e1ndez Advocats\"},\"sameAs\":[\"https:\/\/abogados.evotic.es\/\"],\"url\":\"https:\/\/fernandezadvocats.es\/es\/author\/javier\/\"}]}<\/script>\n<!-- \/ Yoast SEO plugin. -->","yoast_head_json":{"title":"Nos integramos en el despacho Gim\u00e9nez-Salinas de Barcelona para ampliar nuestros servicios. | Fern\u00e1ndez Advocats","robots":{"index":"index","follow":"follow","max-snippet":"max-snippet:-1","max-image-preview":"max-image-preview:large","max-video-preview":"max-video-preview:-1"},"canonical":"https:\/\/fernandezadvocats.es\/es\/nos-integramos-en-el-despacho-gimenez-salinas-de-barcelona-para-ampliar-nuestros-servicios\/","og_locale":"es_ES","og_type":"article","og_title":"Nos integramos en el despacho Gim\u00e9nez-Salinas de Barcelona para ampliar nuestros servicios. | Fern\u00e1ndez Advocats","og_description":"NOTA PRENSA REGIO 7 &nbsp; En Fern\u00e1ndez Advocats, estamos muy orgullosos de anunciar nuestra alianza estrat\u00e9gica con el reconocido despacho Gim\u00e9nez-Salinas, con sede en Barcelona y Madrid. Esta colaboraci\u00f3n nos permite dar un salto adelante en nuestras capacidades, ampliando el alcance de los servicios que ofrecemos a nuestros clientes y garantizando, como siempre, la m\u00e1xima [&hellip;]","og_url":"https:\/\/fernandezadvocats.es\/es\/nos-integramos-en-el-despacho-gimenez-salinas-de-barcelona-para-ampliar-nuestros-servicios\/","og_site_name":"Fern\u00e1ndez Advocats","article_published_time":"2024-12-20T13:52:34+00:00","article_modified_time":"2025-01-16T17:06:39+00:00","og_image":[{"width":2560,"height":1660,"url":"https:\/\/fernandezadvocats.es\/wp-content\/uploads\/2024\/12\/4A4A2090-scaled-e1733829009554.jpg","type":"image\/jpeg"}],"author":"Fern\u00e1ndez Advocats","twitter_card":"summary_large_image","twitter_misc":{"Escrito por":"Fern\u00e1ndez Advocats","Tiempo de lectura":"2 minutos"},"schema":{"@context":"https:\/\/schema.org","@graph":[{"@type":"Article","@id":"https:\/\/fernandezadvocats.es\/es\/nos-integramos-en-el-despacho-gimenez-salinas-de-barcelona-para-ampliar-nuestros-servicios\/#article","isPartOf":{"@id":"https:\/\/fernandezadvocats.es\/es\/nos-integramos-en-el-despacho-gimenez-salinas-de-barcelona-para-ampliar-nuestros-servicios\/"},"author":{"name":"Fern\u00e1ndez Advocats","@id":"https:\/\/fernandezadvocats.es\/#\/schema\/person\/b07c77bdf07c1e11b12a56cae182b521"},"headline":"Nos integramos en el despacho Gim\u00e9nez-Salinas de Barcelona para ampliar nuestros servicios.","datePublished":"2024-12-20T13:52:34+00:00","dateModified":"2025-01-16T17:06:39+00:00","mainEntityOfPage":{"@id":"https:\/\/fernandezadvocats.es\/es\/nos-integramos-en-el-despacho-gimenez-salinas-de-barcelona-para-ampliar-nuestros-servicios\/"},"wordCount":282,"publisher":{"@id":"https:\/\/fernandezadvocats.es\/#organization"},"image":{"@id":"https:\/\/fernandezadvocats.es\/es\/nos-integramos-en-el-despacho-gimenez-salinas-de-barcelona-para-ampliar-nuestros-servicios\/#primaryimage"},"thumbnailUrl":"https:\/\/fernandezadvocats.es\/wp-content\/uploads\/2024\/12\/4A4A2090-scaled-e1733829009554.jpg","articleSection":["Prensa"],"inLanguage":"es"},{"@type":"WebPage","@id":"https:\/\/fernandezadvocats.es\/es\/nos-integramos-en-el-despacho-gimenez-salinas-de-barcelona-para-ampliar-nuestros-servicios\/","url":"https:\/\/fernandezadvocats.es\/es\/nos-integramos-en-el-despacho-gimenez-salinas-de-barcelona-para-ampliar-nuestros-servicios\/","name":"Nos integramos en el despacho Gim\u00e9nez-Salinas de Barcelona para ampliar nuestros servicios. | Fern\u00e1ndez Advocats","isPartOf":{"@id":"https:\/\/fernandezadvocats.es\/#website"},"primaryImageOfPage":{"@id":"https:\/\/fernandezadvocats.es\/es\/nos-integramos-en-el-despacho-gimenez-salinas-de-barcelona-para-ampliar-nuestros-servicios\/#primaryimage"},"image":{"@id":"https:\/\/fernandezadvocats.es\/es\/nos-integramos-en-el-despacho-gimenez-salinas-de-barcelona-para-ampliar-nuestros-servicios\/#primaryimage"},"thumbnailUrl":"https:\/\/fernandezadvocats.es\/wp-content\/uploads\/2024\/12\/4A4A2090-scaled-e1733829009554.jpg","datePublished":"2024-12-20T13:52:34+00:00","dateModified":"2025-01-16T17:06:39+00:00","breadcrumb":{"@id":"https:\/\/fernandezadvocats.es\/es\/nos-integramos-en-el-despacho-gimenez-salinas-de-barcelona-para-ampliar-nuestros-servicios\/#breadcrumb"},"inLanguage":"es","potentialAction":[{"@type":"ReadAction","target":["https:\/\/fernandezadvocats.es\/es\/nos-integramos-en-el-despacho-gimenez-salinas-de-barcelona-para-ampliar-nuestros-servicios\/"]}]},{"@type":"ImageObject","inLanguage":"es","@id":"https:\/\/fernandezadvocats.es\/es\/nos-integramos-en-el-despacho-gimenez-salinas-de-barcelona-para-ampliar-nuestros-servicios\/#primaryimage","url":"https:\/\/fernandezadvocats.es\/wp-content\/uploads\/2024\/12\/4A4A2090-scaled-e1733829009554.jpg","contentUrl":"https:\/\/fernandezadvocats.es\/wp-content\/uploads\/2024\/12\/4A4A2090-scaled-e1733829009554.jpg","width":2560,"height":1660,"caption":"Evoto"},{"@type":"BreadcrumbList","@id":"https:\/\/fernandezadvocats.es\/es\/nos-integramos-en-el-despacho-gimenez-salinas-de-barcelona-para-ampliar-nuestros-servicios\/#breadcrumb","itemListElement":[{"@type":"ListItem","position":1,"name":"Portada","item":"https:\/\/fernandezadvocats.es\/es\/fernandez-advocats-berga\/"},{"@type":"ListItem","position":2,"name":"Nos integramos en el despacho Gim\u00e9nez-Salinas de Barcelona para ampliar nuestros servicios."}]},{"@type":"WebSite","@id":"https:\/\/fernandezadvocats.es\/#website","url":"https:\/\/fernandezadvocats.es\/","name":"Fern\u00e1ndez Advocats","description":"Advocats Berga i Barcelona","publisher":{"@id":"https:\/\/fernandezadvocats.es\/#organization"},"alternateName":"Abogados Berga y Bracelona","potentialAction":[{"@type":"SearchAction","target":{"@type":"EntryPoint","urlTemplate":"https:\/\/fernandezadvocats.es\/?s={search_term_string}"},"query-input":{"@type":"PropertyValueSpecification","valueRequired":true,"valueName":"search_term_string"}}],"inLanguage":"es"},{"@type":"Organization","@id":"https:\/\/fernandezadvocats.es\/#organization","name":"Fern\u00e1ndez Advocats","url":"https:\/\/fernandezadvocats.es\/","logo":{"@type":"ImageObject","inLanguage":"es","@id":"https:\/\/fernandezadvocats.es\/#\/schema\/logo\/image\/","url":"https:\/\/fernandezadvocats.es\/wp-content\/uploads\/2024\/11\/cropped-BF-e1731427554424.png","contentUrl":"https:\/\/fernandezadvocats.es\/wp-content\/uploads\/2024\/11\/cropped-BF-e1731427554424.png","width":512,"height":512,"caption":"Fern\u00e1ndez Advocats"},"image":{"@id":"https:\/\/fernandezadvocats.es\/#\/schema\/logo\/image\/"}},{"@type":"Person","@id":"https:\/\/fernandezadvocats.es\/#\/schema\/person\/b07c77bdf07c1e11b12a56cae182b521","name":"Fern\u00e1ndez Advocats","image":{"@type":"ImageObject","inLanguage":"es","@id":"https:\/\/fernandezadvocats.es\/#\/schema\/person\/image\/","url":"https:\/\/secure.gravatar.com\/avatar\/4fc29f47dccf5511fdf4ab55d2e22d915d944656636c10c38a1baf7a85eccbd2?s=96&d=mm&r=g","contentUrl":"https:\/\/secure.gravatar.com\/avatar\/4fc29f47dccf5511fdf4ab55d2e22d915d944656636c10c38a1baf7a85eccbd2?s=96&d=mm&r=g","caption":"Fern\u00e1ndez Advocats"},"sameAs":["https:\/\/abogados.evotic.es\/"],"url":"https:\/\/fernandezadvocats.es\/es\/author\/javier\/"}]}},"_links":{"self":[{"href":"https:\/\/fernandezadvocats.es\/es\/wp-json\/wp\/v2\/posts\/230797","targetHints":{"allow":["GET"]}}],"collection":[{"href":"https:\/\/fernandezadvocats.es\/es\/wp-json\/wp\/v2\/posts"}],"about":[{"href":"https:\/\/fernandezadvocats.es\/es\/wp-json\/wp\/v2\/types\/post"}],"author":[{"embeddable":true,"href":"https:\/\/fernandezadvocats.es\/es\/wp-json\/wp\/v2\/users\/2"}],"replies":[{"embeddable":true,"href":"https:\/\/fernandezadvocats.es\/es\/wp-json\/wp\/v2\/comments?post=230797"}],"version-history":[{"count":1,"href":"https:\/\/fernandezadvocats.es\/es\/wp-json\/wp\/v2\/posts\/230797\/revisions"}],"predecessor-version":[{"id":230800,"href":"https:\/\/fernandezadvocats.es\/es\/wp-json\/wp\/v2\/posts\/230797\/revisions\/230800"}],"wp:featuredmedia":[{"embeddable":true,"href":"https:\/\/fernandezadvocats.es\/es\/wp-json\/wp\/v2\/media\/91145"}],"wp:attachment":[{"href":"https:\/\/fernandezadvocats.es\/es\/wp-json\/wp\/v2\/media?parent=230797"}],"wp:term":[{"taxonomy":"category","embeddable":true,"href":"https:\/\/fernandezadvocats.es\/es\/wp-json\/wp\/v2\/categories?post=230797"},{"taxonomy":"post_tag","embeddable":true,"href":"https:\/\/fernandezadvocats.es\/es\/wp-json\/wp\/v2\/tags?post=230797"}],"curies":[{"name":"wp","href":"https:\/\/api.w.org\/{rel}","templated":true}]}}