{"id":238454,"date":"2025-01-27T16:31:43","date_gmt":"2025-01-27T15:31:43","guid":{"rendered":"https:\/\/fernandezadvocats.es\/?p=238454"},"modified":"2025-01-27T16:59:19","modified_gmt":"2025-01-27T15:59:19","slug":"controversia-alquiler-social-cataluna","status":"publish","type":"post","link":"https:\/\/fernandezadvocats.es\/es\/controversia-alquiler-social-cataluna\/","title":{"rendered":"Gerard Rinc\u00f3n Andreu analiza la controversia sobre el alquiler social en Catalu\u00f1a"},"content":{"rendered":"<p><a href=\"https:\/\/diariolaley.laleynext.es\/Content\/Documento.aspx?params=H4sIAAAAAAAEAFWNMQ6CQBBFb7M1LERiMRXrDbY3wPwlEzczZlAjt1cKC3_5kve-MFPKzXf9cO6GU3jBNzGl2MS-jbENaoycRnoqo4iCQ51m1PHAeD9ohcJlubibH7aUPdmS9zuoTHVDwGx2-zu5_uIfcxQtQH4AAAA=WKE\"><strong>ART\u00cdCULO COMPLETO<\/strong><\/a><\/p>\n<p>Nuestro compa\u00f1ero <strong>Gerard Rinc\u00f3n Andreu<\/strong>, abogado de <strong>Fern\u00e1ndez Advocats<\/strong>, ha publicado en medios jur\u00eddicos especializados con un an\u00e1lisis sobre el debate legal relacionado con el ofrecimiento de alquiler social en Catalu\u00f1a. Esta cuesti\u00f3n, regulada por la <strong>Ley 24\/2015<\/strong>, genera discrepancias en los tribunales civiles, donde no hay consenso sobre c\u00f3mo aplicar esta obligaci\u00f3n.<\/p>\n<h3><strong>\u00bfQu\u00e9 establece la Ley 24\/2015 sobre el alquiler social?<\/strong><\/h3>\n<p>La Ley 24\/2015 obliga a los grandes tenedores de inmuebles a ofrecer un contrato de alquiler social antes de iniciar procesos de desahucio o ejecuci\u00f3n hipotecaria. Su objetivo principal es proteger a las personas o familias en riesgo de exclusi\u00f3n residencial. Sin embargo, la aplicaci\u00f3n de esta normativa ha dado lugar a conflictos legales, ya que no est\u00e1 claro si los tribunales civiles son competentes para exigir esta obligaci\u00f3n, que algunos consideran administrativa.<\/p>\n<h3><strong>Tres posturas principales en los tribunales civiles<\/strong><\/h3>\n<p>En Catalu\u00f1a, los tribunales han adoptado distintas posturas sobre este tema:<\/p>\n<ol>\n<li><strong>Falta de competencia civil:<\/strong><br \/>\nAlgunos juzgados, como el n.\u00ba 4 de Cerdanyola del Vall\u00e8s, consideran que esta obligaci\u00f3n pertenece al \u00e1mbito administrativo, rechazando la intervenci\u00f3n de la jurisdicci\u00f3n civil.<\/li>\n<li><strong>Competencia civil sin decidir sobre el fondo:<\/strong><br \/>\nEn una postura m\u00e1s abierta, la Audiencia Provincial de Tarragona (Auto n.\u00ba 261\/2023) permite a los tribunales civiles conocer este tipo de demandas, aunque sin entrar a valorar el derecho al alquiler social, dejando esta cuesti\u00f3n en manos de la Administraci\u00f3n.<\/li>\n<li><strong>Competencia civil con limitaciones:<\/strong><br \/>\nLa Audiencia Provincial de Barcelona (Auto n.\u00ba 296\/2024) admite que los juzgados civiles pueden analizar estas demandas, pero establece que no es posible imponer el cumplimiento del alquiler social, ya que esta obligaci\u00f3n se regula como una sanci\u00f3n administrativa.<\/li>\n<\/ol>\n<h3><strong>Un debate abierto<\/strong><\/h3>\n<p>Como explica Gerard Rinc\u00f3n Andreu, la cuesti\u00f3n principal es que el ofrecimiento de alquiler social tiene una naturaleza administrativa. Esto significa que su incumplimiento no puede dar lugar a una condena civil, sino a una sanci\u00f3n administrativa. Este argumento ha sido respaldado por la Sentencia n\u00fam. 601\/2022 de la Audiencia Provincial de Barcelona, que ha influido en muchas de las decisiones judiciales recientes.<\/p>\n<h3><strong>Conclusiones<\/strong><\/h3>\n<p>Aunque la Ley 24\/2015 busca garantizar el derecho a la vivienda en situaciones de vulnerabilidad, la interpretaci\u00f3n y aplicaci\u00f3n de esta normativa en los tribunales civiles sigue generando dudas. A d\u00eda de hoy, las resoluciones judiciales reflejan posturas divergentes, lo que dificulta una uniformidad en la jurisprudencia.<\/p>\n<p>En <strong>Fern\u00e1ndez Advocats<\/strong>, estamos atentos a estas evoluciones legales para ofrecer el mejor asesoramiento a nuestros clientes en temas de derecho inmobiliario y administrativo. Si necesitas orientaci\u00f3n en este \u00e1mbito, no dudes en contactarnos.<\/p>\n","protected":false},"excerpt":{"rendered":"<p>ART\u00cdCULO COMPLETO Nuestro compa\u00f1ero Gerard Rinc\u00f3n Andreu, abogado de Fern\u00e1ndez Advocats, ha publicado en medios jur\u00eddicos especializados con un an\u00e1lisis sobre el debate legal relacionado con el ofrecimiento de alquiler social en Catalu\u00f1a. Esta cuesti\u00f3n, regulada por la Ley 24\/2015, genera discrepancias en los tribunales civiles, donde no hay consenso sobre c\u00f3mo aplicar esta obligaci\u00f3n. [&hellip;]<\/p>\n","protected":false},"author":2,"featured_media":238455,"comment_status":"closed","ping_status":"closed","sticky":false,"template":"","format":"standard","meta":{"_et_pb_use_builder":"","_et_pb_old_content":"","_et_gb_content_width":"","footnotes":""},"categories":[48,47,30],"tags":[],"class_list":["post-238454","post","type-post","status-publish","format-standard","has-post-thumbnail","hentry","category-alquiler-social","category-cataluna","category-prensa"],"yoast_head":"<!-- This site is optimized with the Yoast SEO plugin v27.1.1 - https:\/\/yoast.com\/product\/yoast-seo-wordpress\/ -->\n<title>Gerard Rinc\u00f3n Andreu analiza la controversia sobre el alquiler social en Catalu\u00f1a | Fern\u00e1ndez Advocats<\/title>\n<meta name=\"robots\" content=\"index, follow, max-snippet:-1, max-image-preview:large, max-video-preview:-1\" \/>\n<link rel=\"canonical\" href=\"https:\/\/fernandezadvocats.es\/es\/controversia-alquiler-social-cataluna\/\" \/>\n<meta property=\"og:locale\" content=\"es_ES\" \/>\n<meta property=\"og:type\" content=\"article\" \/>\n<meta property=\"og:title\" content=\"Gerard Rinc\u00f3n Andreu analiza la controversia sobre el alquiler social en Catalu\u00f1a | Fern\u00e1ndez Advocats\" \/>\n<meta property=\"og:description\" content=\"ART\u00cdCULO COMPLETO Nuestro compa\u00f1ero Gerard Rinc\u00f3n Andreu, abogado de Fern\u00e1ndez Advocats, ha publicado en medios jur\u00eddicos especializados con un an\u00e1lisis sobre el debate legal relacionado con el ofrecimiento de alquiler social en Catalu\u00f1a. Esta cuesti\u00f3n, regulada por la Ley 24\/2015, genera discrepancias en los tribunales civiles, donde no hay consenso sobre c\u00f3mo aplicar esta obligaci\u00f3n. [&hellip;]\" \/>\n<meta property=\"og:url\" content=\"https:\/\/fernandezadvocats.es\/es\/controversia-alquiler-social-cataluna\/\" \/>\n<meta property=\"og:site_name\" content=\"Fern\u00e1ndez Advocats\" \/>\n<meta property=\"article:published_time\" content=\"2025-01-27T15:31:43+00:00\" \/>\n<meta property=\"article:modified_time\" content=\"2025-01-27T15:59:19+00:00\" \/>\n<meta property=\"og:image\" content=\"https:\/\/fernandezadvocats.es\/wp-content\/uploads\/2025\/01\/employer-or-committee-holding-reading-a-resume-wit-2024-10-17-00-17-04-utc-scaled.jpg\" \/>\n\t<meta property=\"og:image:width\" content=\"2560\" \/>\n\t<meta property=\"og:image:height\" content=\"1440\" \/>\n\t<meta property=\"og:image:type\" content=\"image\/jpeg\" \/>\n<meta name=\"author\" content=\"Fern\u00e1ndez Advocats\" \/>\n<meta name=\"twitter:card\" content=\"summary_large_image\" \/>\n<meta name=\"twitter:label1\" content=\"Escrito por\" \/>\n\t<meta name=\"twitter:data1\" content=\"Fern\u00e1ndez Advocats\" \/>\n\t<meta name=\"twitter:label2\" content=\"Tiempo de lectura\" \/>\n\t<meta name=\"twitter:data2\" content=\"3 minutos\" \/>\n<script type=\"application\/ld+json\" class=\"yoast-schema-graph\">{\"@context\":\"https:\/\/schema.org\",\"@graph\":[{\"@type\":\"Article\",\"@id\":\"https:\/\/fernandezadvocats.es\/es\/controversia-alquiler-social-cataluna\/#article\",\"isPartOf\":{\"@id\":\"https:\/\/fernandezadvocats.es\/es\/controversia-alquiler-social-cataluna\/\"},\"author\":{\"name\":\"Fern\u00e1ndez Advocats\",\"@id\":\"https:\/\/fernandezadvocats.es\/#\/schema\/person\/b07c77bdf07c1e11b12a56cae182b521\"},\"headline\":\"Gerard Rinc\u00f3n Andreu analiza la controversia sobre el alquiler social en Catalu\u00f1a\",\"datePublished\":\"2025-01-27T15:31:43+00:00\",\"dateModified\":\"2025-01-27T15:59:19+00:00\",\"mainEntityOfPage\":{\"@id\":\"https:\/\/fernandezadvocats.es\/es\/controversia-alquiler-social-cataluna\/\"},\"wordCount\":462,\"publisher\":{\"@id\":\"https:\/\/fernandezadvocats.es\/#organization\"},\"image\":{\"@id\":\"https:\/\/fernandezadvocats.es\/es\/controversia-alquiler-social-cataluna\/#primaryimage\"},\"thumbnailUrl\":\"https:\/\/fernandezadvocats.es\/wp-content\/uploads\/2025\/01\/employer-or-committee-holding-reading-a-resume-wit-2024-10-17-00-17-04-utc-scaled.jpg\",\"articleSection\":[\"Alquiler social\",\"Catalu\u00f1a\",\"Prensa\"],\"inLanguage\":\"es\"},{\"@type\":\"WebPage\",\"@id\":\"https:\/\/fernandezadvocats.es\/es\/controversia-alquiler-social-cataluna\/\",\"url\":\"https:\/\/fernandezadvocats.es\/es\/controversia-alquiler-social-cataluna\/\",\"name\":\"Gerard Rinc\u00f3n Andreu analiza la controversia sobre el alquiler social en Catalu\u00f1a | Fern\u00e1ndez Advocats\",\"isPartOf\":{\"@id\":\"https:\/\/fernandezadvocats.es\/#website\"},\"primaryImageOfPage\":{\"@id\":\"https:\/\/fernandezadvocats.es\/es\/controversia-alquiler-social-cataluna\/#primaryimage\"},\"image\":{\"@id\":\"https:\/\/fernandezadvocats.es\/es\/controversia-alquiler-social-cataluna\/#primaryimage\"},\"thumbnailUrl\":\"https:\/\/fernandezadvocats.es\/wp-content\/uploads\/2025\/01\/employer-or-committee-holding-reading-a-resume-wit-2024-10-17-00-17-04-utc-scaled.jpg\",\"datePublished\":\"2025-01-27T15:31:43+00:00\",\"dateModified\":\"2025-01-27T15:59:19+00:00\",\"breadcrumb\":{\"@id\":\"https:\/\/fernandezadvocats.es\/es\/controversia-alquiler-social-cataluna\/#breadcrumb\"},\"inLanguage\":\"es\",\"potentialAction\":[{\"@type\":\"ReadAction\",\"target\":[\"https:\/\/fernandezadvocats.es\/es\/controversia-alquiler-social-cataluna\/\"]}]},{\"@type\":\"ImageObject\",\"inLanguage\":\"es\",\"@id\":\"https:\/\/fernandezadvocats.es\/es\/controversia-alquiler-social-cataluna\/#primaryimage\",\"url\":\"https:\/\/fernandezadvocats.es\/wp-content\/uploads\/2025\/01\/employer-or-committee-holding-reading-a-resume-wit-2024-10-17-00-17-04-utc-scaled.jpg\",\"contentUrl\":\"https:\/\/fernandezadvocats.es\/wp-content\/uploads\/2025\/01\/employer-or-committee-holding-reading-a-resume-wit-2024-10-17-00-17-04-utc-scaled.jpg\",\"width\":2560,\"height\":1440,\"caption\":\"Employer or committee holding reading a resume with talking during about his profile of candidate, employer in suit is conducting a job interview, manager resource employment and recruitment concept.\"},{\"@type\":\"BreadcrumbList\",\"@id\":\"https:\/\/fernandezadvocats.es\/es\/controversia-alquiler-social-cataluna\/#breadcrumb\",\"itemListElement\":[{\"@type\":\"ListItem\",\"position\":1,\"name\":\"Portada\",\"item\":\"https:\/\/fernandezadvocats.es\/es\/fernandez-advocats-berga\/\"},{\"@type\":\"ListItem\",\"position\":2,\"name\":\"Gerard Rinc\u00f3n Andreu analiza la controversia sobre el alquiler social en Catalu\u00f1a\"}]},{\"@type\":\"WebSite\",\"@id\":\"https:\/\/fernandezadvocats.es\/#website\",\"url\":\"https:\/\/fernandezadvocats.es\/\",\"name\":\"Fern\u00e1ndez Advocats\",\"description\":\"Advocats Berga i Barcelona\",\"publisher\":{\"@id\":\"https:\/\/fernandezadvocats.es\/#organization\"},\"alternateName\":\"Abogados Berga y Bracelona\",\"potentialAction\":[{\"@type\":\"SearchAction\",\"target\":{\"@type\":\"EntryPoint\",\"urlTemplate\":\"https:\/\/fernandezadvocats.es\/?s={search_term_string}\"},\"query-input\":{\"@type\":\"PropertyValueSpecification\",\"valueRequired\":true,\"valueName\":\"search_term_string\"}}],\"inLanguage\":\"es\"},{\"@type\":\"Organization\",\"@id\":\"https:\/\/fernandezadvocats.es\/#organization\",\"name\":\"Fern\u00e1ndez Advocats\",\"url\":\"https:\/\/fernandezadvocats.es\/\",\"logo\":{\"@type\":\"ImageObject\",\"inLanguage\":\"es\",\"@id\":\"https:\/\/fernandezadvocats.es\/#\/schema\/logo\/image\/\",\"url\":\"https:\/\/fernandezadvocats.es\/wp-content\/uploads\/2024\/11\/cropped-BF-e1731427554424.png\",\"contentUrl\":\"https:\/\/fernandezadvocats.es\/wp-content\/uploads\/2024\/11\/cropped-BF-e1731427554424.png\",\"width\":512,\"height\":512,\"caption\":\"Fern\u00e1ndez Advocats\"},\"image\":{\"@id\":\"https:\/\/fernandezadvocats.es\/#\/schema\/logo\/image\/\"}},{\"@type\":\"Person\",\"@id\":\"https:\/\/fernandezadvocats.es\/#\/schema\/person\/b07c77bdf07c1e11b12a56cae182b521\",\"name\":\"Fern\u00e1ndez Advocats\",\"image\":{\"@type\":\"ImageObject\",\"inLanguage\":\"es\",\"@id\":\"https:\/\/fernandezadvocats.es\/#\/schema\/person\/image\/\",\"url\":\"https:\/\/secure.gravatar.com\/avatar\/4fc29f47dccf5511fdf4ab55d2e22d915d944656636c10c38a1baf7a85eccbd2?s=96&d=mm&r=g\",\"contentUrl\":\"https:\/\/secure.gravatar.com\/avatar\/4fc29f47dccf5511fdf4ab55d2e22d915d944656636c10c38a1baf7a85eccbd2?s=96&d=mm&r=g\",\"caption\":\"Fern\u00e1ndez Advocats\"},\"sameAs\":[\"https:\/\/abogados.evotic.es\/\"],\"url\":\"https:\/\/fernandezadvocats.es\/es\/author\/javier\/\"}]}<\/script>\n<!-- \/ Yoast SEO plugin. -->","yoast_head_json":{"title":"Gerard Rinc\u00f3n Andreu analiza la controversia sobre el alquiler social en Catalu\u00f1a | Fern\u00e1ndez Advocats","robots":{"index":"index","follow":"follow","max-snippet":"max-snippet:-1","max-image-preview":"max-image-preview:large","max-video-preview":"max-video-preview:-1"},"canonical":"https:\/\/fernandezadvocats.es\/es\/controversia-alquiler-social-cataluna\/","og_locale":"es_ES","og_type":"article","og_title":"Gerard Rinc\u00f3n Andreu analiza la controversia sobre el alquiler social en Catalu\u00f1a | Fern\u00e1ndez Advocats","og_description":"ART\u00cdCULO COMPLETO Nuestro compa\u00f1ero Gerard Rinc\u00f3n Andreu, abogado de Fern\u00e1ndez Advocats, ha publicado en medios jur\u00eddicos especializados con un an\u00e1lisis sobre el debate legal relacionado con el ofrecimiento de alquiler social en Catalu\u00f1a. Esta cuesti\u00f3n, regulada por la Ley 24\/2015, genera discrepancias en los tribunales civiles, donde no hay consenso sobre c\u00f3mo aplicar esta obligaci\u00f3n. [&hellip;]","og_url":"https:\/\/fernandezadvocats.es\/es\/controversia-alquiler-social-cataluna\/","og_site_name":"Fern\u00e1ndez Advocats","article_published_time":"2025-01-27T15:31:43+00:00","article_modified_time":"2025-01-27T15:59:19+00:00","og_image":[{"width":2560,"height":1440,"url":"https:\/\/fernandezadvocats.es\/wp-content\/uploads\/2025\/01\/employer-or-committee-holding-reading-a-resume-wit-2024-10-17-00-17-04-utc-scaled.jpg","type":"image\/jpeg"}],"author":"Fern\u00e1ndez Advocats","twitter_card":"summary_large_image","twitter_misc":{"Escrito por":"Fern\u00e1ndez Advocats","Tiempo de lectura":"3 minutos"},"schema":{"@context":"https:\/\/schema.org","@graph":[{"@type":"Article","@id":"https:\/\/fernandezadvocats.es\/es\/controversia-alquiler-social-cataluna\/#article","isPartOf":{"@id":"https:\/\/fernandezadvocats.es\/es\/controversia-alquiler-social-cataluna\/"},"author":{"name":"Fern\u00e1ndez Advocats","@id":"https:\/\/fernandezadvocats.es\/#\/schema\/person\/b07c77bdf07c1e11b12a56cae182b521"},"headline":"Gerard Rinc\u00f3n Andreu analiza la controversia sobre el alquiler social en Catalu\u00f1a","datePublished":"2025-01-27T15:31:43+00:00","dateModified":"2025-01-27T15:59:19+00:00","mainEntityOfPage":{"@id":"https:\/\/fernandezadvocats.es\/es\/controversia-alquiler-social-cataluna\/"},"wordCount":462,"publisher":{"@id":"https:\/\/fernandezadvocats.es\/#organization"},"image":{"@id":"https:\/\/fernandezadvocats.es\/es\/controversia-alquiler-social-cataluna\/#primaryimage"},"thumbnailUrl":"https:\/\/fernandezadvocats.es\/wp-content\/uploads\/2025\/01\/employer-or-committee-holding-reading-a-resume-wit-2024-10-17-00-17-04-utc-scaled.jpg","articleSection":["Alquiler social","Catalu\u00f1a","Prensa"],"inLanguage":"es"},{"@type":"WebPage","@id":"https:\/\/fernandezadvocats.es\/es\/controversia-alquiler-social-cataluna\/","url":"https:\/\/fernandezadvocats.es\/es\/controversia-alquiler-social-cataluna\/","name":"Gerard Rinc\u00f3n Andreu analiza la controversia sobre el alquiler social en Catalu\u00f1a | Fern\u00e1ndez Advocats","isPartOf":{"@id":"https:\/\/fernandezadvocats.es\/#website"},"primaryImageOfPage":{"@id":"https:\/\/fernandezadvocats.es\/es\/controversia-alquiler-social-cataluna\/#primaryimage"},"image":{"@id":"https:\/\/fernandezadvocats.es\/es\/controversia-alquiler-social-cataluna\/#primaryimage"},"thumbnailUrl":"https:\/\/fernandezadvocats.es\/wp-content\/uploads\/2025\/01\/employer-or-committee-holding-reading-a-resume-wit-2024-10-17-00-17-04-utc-scaled.jpg","datePublished":"2025-01-27T15:31:43+00:00","dateModified":"2025-01-27T15:59:19+00:00","breadcrumb":{"@id":"https:\/\/fernandezadvocats.es\/es\/controversia-alquiler-social-cataluna\/#breadcrumb"},"inLanguage":"es","potentialAction":[{"@type":"ReadAction","target":["https:\/\/fernandezadvocats.es\/es\/controversia-alquiler-social-cataluna\/"]}]},{"@type":"ImageObject","inLanguage":"es","@id":"https:\/\/fernandezadvocats.es\/es\/controversia-alquiler-social-cataluna\/#primaryimage","url":"https:\/\/fernandezadvocats.es\/wp-content\/uploads\/2025\/01\/employer-or-committee-holding-reading-a-resume-wit-2024-10-17-00-17-04-utc-scaled.jpg","contentUrl":"https:\/\/fernandezadvocats.es\/wp-content\/uploads\/2025\/01\/employer-or-committee-holding-reading-a-resume-wit-2024-10-17-00-17-04-utc-scaled.jpg","width":2560,"height":1440,"caption":"Employer or committee holding reading a resume with talking during about his profile of candidate, employer in suit is conducting a job interview, manager resource employment and recruitment concept."},{"@type":"BreadcrumbList","@id":"https:\/\/fernandezadvocats.es\/es\/controversia-alquiler-social-cataluna\/#breadcrumb","itemListElement":[{"@type":"ListItem","position":1,"name":"Portada","item":"https:\/\/fernandezadvocats.es\/es\/fernandez-advocats-berga\/"},{"@type":"ListItem","position":2,"name":"Gerard Rinc\u00f3n Andreu analiza la controversia sobre el alquiler social en Catalu\u00f1a"}]},{"@type":"WebSite","@id":"https:\/\/fernandezadvocats.es\/#website","url":"https:\/\/fernandezadvocats.es\/","name":"Fern\u00e1ndez Advocats","description":"Advocats Berga i Barcelona","publisher":{"@id":"https:\/\/fernandezadvocats.es\/#organization"},"alternateName":"Abogados Berga y Bracelona","potentialAction":[{"@type":"SearchAction","target":{"@type":"EntryPoint","urlTemplate":"https:\/\/fernandezadvocats.es\/?s={search_term_string}"},"query-input":{"@type":"PropertyValueSpecification","valueRequired":true,"valueName":"search_term_string"}}],"inLanguage":"es"},{"@type":"Organization","@id":"https:\/\/fernandezadvocats.es\/#organization","name":"Fern\u00e1ndez Advocats","url":"https:\/\/fernandezadvocats.es\/","logo":{"@type":"ImageObject","inLanguage":"es","@id":"https:\/\/fernandezadvocats.es\/#\/schema\/logo\/image\/","url":"https:\/\/fernandezadvocats.es\/wp-content\/uploads\/2024\/11\/cropped-BF-e1731427554424.png","contentUrl":"https:\/\/fernandezadvocats.es\/wp-content\/uploads\/2024\/11\/cropped-BF-e1731427554424.png","width":512,"height":512,"caption":"Fern\u00e1ndez Advocats"},"image":{"@id":"https:\/\/fernandezadvocats.es\/#\/schema\/logo\/image\/"}},{"@type":"Person","@id":"https:\/\/fernandezadvocats.es\/#\/schema\/person\/b07c77bdf07c1e11b12a56cae182b521","name":"Fern\u00e1ndez Advocats","image":{"@type":"ImageObject","inLanguage":"es","@id":"https:\/\/fernandezadvocats.es\/#\/schema\/person\/image\/","url":"https:\/\/secure.gravatar.com\/avatar\/4fc29f47dccf5511fdf4ab55d2e22d915d944656636c10c38a1baf7a85eccbd2?s=96&d=mm&r=g","contentUrl":"https:\/\/secure.gravatar.com\/avatar\/4fc29f47dccf5511fdf4ab55d2e22d915d944656636c10c38a1baf7a85eccbd2?s=96&d=mm&r=g","caption":"Fern\u00e1ndez Advocats"},"sameAs":["https:\/\/abogados.evotic.es\/"],"url":"https:\/\/fernandezadvocats.es\/es\/author\/javier\/"}]}},"_links":{"self":[{"href":"https:\/\/fernandezadvocats.es\/es\/wp-json\/wp\/v2\/posts\/238454","targetHints":{"allow":["GET"]}}],"collection":[{"href":"https:\/\/fernandezadvocats.es\/es\/wp-json\/wp\/v2\/posts"}],"about":[{"href":"https:\/\/fernandezadvocats.es\/es\/wp-json\/wp\/v2\/types\/post"}],"author":[{"embeddable":true,"href":"https:\/\/fernandezadvocats.es\/es\/wp-json\/wp\/v2\/users\/2"}],"replies":[{"embeddable":true,"href":"https:\/\/fernandezadvocats.es\/es\/wp-json\/wp\/v2\/comments?post=238454"}],"version-history":[{"count":2,"href":"https:\/\/fernandezadvocats.es\/es\/wp-json\/wp\/v2\/posts\/238454\/revisions"}],"predecessor-version":[{"id":238458,"href":"https:\/\/fernandezadvocats.es\/es\/wp-json\/wp\/v2\/posts\/238454\/revisions\/238458"}],"wp:featuredmedia":[{"embeddable":true,"href":"https:\/\/fernandezadvocats.es\/es\/wp-json\/wp\/v2\/media\/238455"}],"wp:attachment":[{"href":"https:\/\/fernandezadvocats.es\/es\/wp-json\/wp\/v2\/media?parent=238454"}],"wp:term":[{"taxonomy":"category","embeddable":true,"href":"https:\/\/fernandezadvocats.es\/es\/wp-json\/wp\/v2\/categories?post=238454"},{"taxonomy":"post_tag","embeddable":true,"href":"https:\/\/fernandezadvocats.es\/es\/wp-json\/wp\/v2\/tags?post=238454"}],"curies":[{"name":"wp","href":"https:\/\/api.w.org\/{rel}","templated":true}]}}