{"id":238482,"date":"2025-02-06T12:53:46","date_gmt":"2025-02-06T11:53:46","guid":{"rendered":"https:\/\/fernandezadvocats.es\/?p=238482"},"modified":"2025-02-06T13:05:44","modified_gmt":"2025-02-06T12:05:44","slug":"indemnizacion-civil-profesional-veterinario-muerte-vacas","status":"publish","type":"post","link":"https:\/\/fernandezadvocats.es\/es\/indemnizacion-civil-profesional-veterinario-muerte-vacas\/","title":{"rendered":"Indemnizaci\u00f3n por responsabilidad civil profesional de veterinario por muerte de vacas"},"content":{"rendered":"<p>[et_pb_section admin_label=\u00bbsection\u00bb]<br \/>\n[et_pb_row admin_label=\u00bbrow\u00bb]<br \/>\n[et_pb_column type=\u00bb4_4&#8243;][et_pb_text admin_label=\u00bbText\u00bb]<a href=\"https:\/\/fernandezadvocats.es\/wp-content\/uploads\/2025\/02\/Indemnitzacio-per-responsabilitat-civil-professional-de-veterinari-per-mort-de-vaques.pdf\"><strong>DESCARGAR PDF<\/strong><\/a><\/p>\n<p>Recientemente, hemos recibido Sentencia estimatoria de una reclamaci\u00f3n donde se planteaba la existencia de responsabilidad por la lesi\u00f3n y posterior muerte de vacas de una explotaci\u00f3n ganadera que hab\u00edan recibido un tratamiento de podolog\u00eda practicado por un veterinario, por el cual se precisaba el uso de un potro para sujetarlas. Si bien el veterinario llev\u00f3 a cabo los trabajos en varias vacas de la explotaci\u00f3n, las \u00faltimas del grupo salieron aparentemente lisiadas, hasta el punto de morir y\/o tener que ser sacrificadas. A ra\u00edz de la muerte de estas, se realizaron unas necropsias de campo a fin de descartar infecciones o enfermedades peligrosas por la manada.<\/p>\n<p>Una vez agotadas las posibilidades de entendimiento extrajudicial, se convino promover una demanda de reclamaci\u00f3n de cantidad por responsabilidad civil donde se reclamaban varios conceptos, tales como el valor de reposici\u00f3n de las vacas lecheras muertas, el coste de tratamientos veterinarios y eutanasia, y tambi\u00e9n el lucro cesante por la p\u00e9rdida de producci\u00f3n lechera, proponiendo una pericial exhaustiva al respeto, as\u00ed como tambi\u00e9n el testigo de algunos veterinarios conocedores.<\/p>\n<p>Por su parte, el veterinario demandado y su compa\u00f1\u00eda aseguradora se fundamentaban b\u00e1sicamente en la falta de responsabilidad, negando la relaci\u00f3n de causa-efecto entre la intervenci\u00f3n del profesional y la muerte de los animales, refiriendo que las vacas en cuesti\u00f3n ten\u00edan que presentar alg\u00fan tipo de enfermedad o patolog\u00eda previa que ser\u00eda la causa de la muerte, tal y como indicaba su perito propuesto, recriminando tambi\u00e9n el hecho que no se hubiera practicado una autopsia completa a instancia de la perjudicada.<\/p>\n<p>La Sentencia de primera instancia desestim\u00f3 la demanda, asumiendo los razonamientos exculpatorios de los demandados, y fundamentando la resoluci\u00f3n con base en jurisprudencia sobre la negligencia civil en el \u00e1mbito sanitario, de medicina general o veterinario cl\u00ednico.<\/p>\n<p>De este modo, al recurso de apelaci\u00f3n que promovimos se criticaban varios errores de la valoraci\u00f3n de la prueba y tambi\u00e9n del error en la aplicaci\u00f3n del derecho que indicaba Juzgado, toda vez que se confund\u00eda el que se denomina un encargo \u201cde medios\u201d, como podr\u00eda ser una delicada operaci\u00f3n de un animal de compa\u00f1\u00eda, con el que es un encargo \u201cde resultado\u201d, como ser\u00eda el recorte de las pezu\u00f1as de las vacas, aunque todo se trate de trabajos que pueda realizar un veterinario.<\/p>\n<p>La Audiencia Provincial de Lleida ha revocado la Sentencia del Juzgado, estimando \u00edntegramente la reclamaci\u00f3n formulada, y apreciando que de toda la prueba practicada se puede deducir que la causa de la muerte fue derivada de la lesi\u00f3n que sufrieron mientras el veterinario las manipulaba, si bien la necropsia de campo realizada como procedimiento habitual en explotaciones ganaderas tambi\u00e9n ayuda a descartar la tesis de los demandados sobre una supuesta patolog\u00eda previa de los animales.<\/p>\n<p>El\u00a0presente art\u00edculo es meramente divulgativo y no supone asesoramiento ni compromiso de actualizaci\u00f3n.<\/p>\n<p>Para mayor informaci\u00f3n o asesoramiento, contact\u00e1is con info@fernandezadvocats.es.[\/et_pb_text][\/et_pb_column]<br \/>\n[\/et_pb_row]<br \/>\n[\/et_pb_section]<\/p>\n","protected":false},"excerpt":{"rendered":"<p>[et_pb_section admin_label=\u00bbsection\u00bb] [et_pb_row admin_label=\u00bbrow\u00bb] [et_pb_column type=\u00bb4_4&#8243;][et_pb_text admin_label=\u00bbText\u00bb]DESCARGAR PDF Recientemente, hemos recibido Sentencia estimatoria de una reclamaci\u00f3n donde se planteaba la existencia de responsabilidad por la lesi\u00f3n y posterior muerte de vacas de una explotaci\u00f3n ganadera que hab\u00edan recibido un tratamiento de podolog\u00eda practicado por un veterinario, por el cual se precisaba el uso de un [&hellip;]<\/p>\n","protected":false},"author":2,"featured_media":238480,"comment_status":"closed","ping_status":"closed","sticky":false,"template":"","format":"standard","meta":{"_et_pb_use_builder":"","_et_pb_old_content":"<a href=\"https:\/\/fernandezadvocats.es\/wp-content\/uploads\/2025\/02\/Indemnitzacio-per-responsabilitat-civil-professional-de-veterinari-per-mort-de-vaques.pdf\"><strong>DESCARGAR ART\u00cdCULO<\/strong><\/a>\r\n\r\nRecientemente, hemos recibido Sentencia estimatoria de una reclamaci\u00f3n donde se planteaba la existencia de responsabilidad por la lesi\u00f3n y posterior muerte de vacas de una explotaci\u00f3n ganadera que hab\u00edan recibido un tratamiento de podolog\u00eda practicado por un veterinario, por el cual se precisaba el uso de un potro para sujetarlas. Si bien el veterinario llev\u00f3 a cabo los trabajos en varias vacas de la explotaci\u00f3n, las \u00faltimas del grupo salieron aparentemente lisiadas, hasta el punto de morir y\/o tener que ser sacrificadas. A ra\u00edz de la muerte de estas, se realizaron unas necropsias de campo a fin de descartar infecciones o enfermedades peligrosas por la manada.\r\n\r\nUna vez agotadas las posibilidades de entendimiento extrajudicial, se convino promover una demanda de reclamaci\u00f3n de cantidad por responsabilidad civil donde se reclamaban varios conceptos, tales como el valor de reposici\u00f3n de las vacas lecheras muertas, el coste de tratamientos veterinarios y eutanasia, y tambi\u00e9n el lucro cesante por la p\u00e9rdida de producci\u00f3n lechera, proponiendo una pericial exhaustiva al respeto, as\u00ed como tambi\u00e9n el testigo de algunos veterinarios conocedores.\r\n\r\nPor su parte, el veterinario demandado y su compa\u00f1\u00eda aseguradora se fundamentaban b\u00e1sicamente en la falta de responsabilidad, negando la relaci\u00f3n de causa-efecto entre la intervenci\u00f3n del profesional y la muerte de los animales, refiriendo que las vacas en cuesti\u00f3n ten\u00edan que presentar alg\u00fan tipo de enfermedad o patolog\u00eda previa que ser\u00eda la causa de la muerte, tal y como indicaba su perito propuesto, recriminando tambi\u00e9n el hecho que no se hubiera practicado una autopsia completa a instancia de la perjudicada.\r\n\r\nLa Sentencia de primera instancia desestim\u00f3 la demanda, asumiendo los razonamientos exculpatorios de los demandados, y fundamentando la resoluci\u00f3n con base en jurisprudencia sobre la negligencia civil en el \u00e1mbito sanitario, de medicina general o veterinario cl\u00ednico.\r\n\r\nDe este modo, al recurso de apelaci\u00f3n que promovimos se criticaban varios errores de la valoraci\u00f3n de la prueba y tambi\u00e9n del error en la aplicaci\u00f3n del derecho que indicaba Juzgado, toda vez que se confund\u00eda el que se denomina un encargo \u201cde medios\u201d, como podr\u00eda ser una delicada operaci\u00f3n de un animal de compa\u00f1\u00eda, con el que es un encargo \u201cde resultado\u201d, como ser\u00eda el recorte de las pezu\u00f1as de las vacas, aunque todo se trate de trabajos que pueda realizar un veterinario.\r\n\r\nLa Audiencia Provincial de Lleida ha revocado la Sentencia del Juzgado, estimando \u00edntegramente la reclamaci\u00f3n formulada, y apreciando que de toda la prueba practicada se puede deducir que la causa de la muerte fue derivada de la lesi\u00f3n que sufrieron mientras el veterinario las manipulaba, si bien la necropsia de campo realizada como procedimiento habitual en explotaciones ganaderas tambi\u00e9n ayuda a descartar la tesis de los demandados sobre una supuesta patolog\u00eda previa de los animales.\r\n\r\nEl\u00a0presente art\u00edculo es meramente divulgativo y no supone asesoramiento ni compromiso de actualizaci\u00f3n.\r\n\r\nPara mayor informaci\u00f3n o asesoramiento, contact\u00e1is con info@fernandezadvocats.es.","_et_gb_content_width":"","footnotes":""},"categories":[29,62,63,64],"tags":[],"class_list":["post-238482","post","type-post","status-publish","format-standard","has-post-thumbnail","hentry","category-expertise-fa-es","category-indemnizacion-responsabilidad-civil","category-negligencia-veterinaria-2","category-peritaje-veterinario-juicio"],"yoast_head":"<!-- This site is optimized with the Yoast SEO plugin v27.1.1 - https:\/\/yoast.com\/product\/yoast-seo-wordpress\/ -->\n<title>Indemnizaci\u00f3n por responsabilidad civil profesional de veterinario por muerte de vacas | Fern\u00e1ndez Advocats<\/title>\n<meta name=\"robots\" content=\"index, follow, max-snippet:-1, max-image-preview:large, max-video-preview:-1\" \/>\n<link rel=\"canonical\" href=\"https:\/\/fernandezadvocats.es\/es\/indemnizacion-civil-profesional-veterinario-muerte-vacas\/\" \/>\n<meta property=\"og:locale\" content=\"es_ES\" \/>\n<meta property=\"og:type\" content=\"article\" \/>\n<meta property=\"og:title\" content=\"Indemnizaci\u00f3n por responsabilidad civil profesional de veterinario por muerte de vacas | Fern\u00e1ndez Advocats\" \/>\n<meta property=\"og:description\" content=\"[et_pb_section admin_label=\u00bbsection\u00bb] [et_pb_row admin_label=\u00bbrow\u00bb] [et_pb_column type=\u00bb4_4&#8243;][et_pb_text admin_label=\u00bbText\u00bb]DESCARGAR PDF Recientemente, hemos recibido Sentencia estimatoria de una reclamaci\u00f3n donde se planteaba la existencia de responsabilidad por la lesi\u00f3n y posterior muerte de vacas de una explotaci\u00f3n ganadera que hab\u00edan recibido un tratamiento de podolog\u00eda practicado por un veterinario, por el cual se precisaba el uso de un [&hellip;]\" \/>\n<meta property=\"og:url\" content=\"https:\/\/fernandezadvocats.es\/es\/indemnizacion-civil-profesional-veterinario-muerte-vacas\/\" \/>\n<meta property=\"og:site_name\" content=\"Fern\u00e1ndez Advocats\" \/>\n<meta property=\"article:published_time\" content=\"2025-02-06T11:53:46+00:00\" \/>\n<meta property=\"article:modified_time\" content=\"2025-02-06T12:05:44+00:00\" \/>\n<meta property=\"og:image\" content=\"https:\/\/fernandezadvocats.es\/wp-content\/uploads\/2025\/02\/young-female-vet-in-uniform-and-protective-gloves-2023-11-27-05-29-02-utc-min-scaled.jpg\" \/>\n\t<meta property=\"og:image:width\" content=\"2560\" \/>\n\t<meta property=\"og:image:height\" content=\"1707\" \/>\n\t<meta property=\"og:image:type\" content=\"image\/jpeg\" \/>\n<meta name=\"author\" content=\"Fern\u00e1ndez Advocats\" \/>\n<meta name=\"twitter:card\" content=\"summary_large_image\" \/>\n<meta name=\"twitter:label1\" content=\"Escrito por\" \/>\n\t<meta name=\"twitter:data1\" content=\"Fern\u00e1ndez Advocats\" \/>\n\t<meta name=\"twitter:label2\" content=\"Tiempo de lectura\" \/>\n\t<meta name=\"twitter:data2\" content=\"3 minutos\" \/>\n<script type=\"application\/ld+json\" class=\"yoast-schema-graph\">{\"@context\":\"https:\/\/schema.org\",\"@graph\":[{\"@type\":\"Article\",\"@id\":\"https:\/\/fernandezadvocats.es\/es\/indemnizacion-civil-profesional-veterinario-muerte-vacas\/#article\",\"isPartOf\":{\"@id\":\"https:\/\/fernandezadvocats.es\/es\/indemnizacion-civil-profesional-veterinario-muerte-vacas\/\"},\"author\":{\"name\":\"Fern\u00e1ndez Advocats\",\"@id\":\"https:\/\/fernandezadvocats.es\/#\/schema\/person\/b07c77bdf07c1e11b12a56cae182b521\"},\"headline\":\"Indemnizaci\u00f3n por responsabilidad civil profesional de veterinario por muerte de vacas\",\"datePublished\":\"2025-02-06T11:53:46+00:00\",\"dateModified\":\"2025-02-06T12:05:44+00:00\",\"mainEntityOfPage\":{\"@id\":\"https:\/\/fernandezadvocats.es\/es\/indemnizacion-civil-profesional-veterinario-muerte-vacas\/\"},\"wordCount\":568,\"publisher\":{\"@id\":\"https:\/\/fernandezadvocats.es\/#organization\"},\"image\":{\"@id\":\"https:\/\/fernandezadvocats.es\/es\/indemnizacion-civil-profesional-veterinario-muerte-vacas\/#primaryimage\"},\"thumbnailUrl\":\"https:\/\/fernandezadvocats.es\/wp-content\/uploads\/2025\/02\/young-female-vet-in-uniform-and-protective-gloves-2023-11-27-05-29-02-utc-min-scaled.jpg\",\"articleSection\":[\"Expertise FA\",\"Indemnizaci\u00f3n responsabilidad civil\",\"Negligencia veterinaria\",\"Peritaje veterinario juicio\"],\"inLanguage\":\"es\"},{\"@type\":\"WebPage\",\"@id\":\"https:\/\/fernandezadvocats.es\/es\/indemnizacion-civil-profesional-veterinario-muerte-vacas\/\",\"url\":\"https:\/\/fernandezadvocats.es\/es\/indemnizacion-civil-profesional-veterinario-muerte-vacas\/\",\"name\":\"Indemnizaci\u00f3n por responsabilidad civil profesional de veterinario por muerte de vacas | Fern\u00e1ndez Advocats\",\"isPartOf\":{\"@id\":\"https:\/\/fernandezadvocats.es\/#website\"},\"primaryImageOfPage\":{\"@id\":\"https:\/\/fernandezadvocats.es\/es\/indemnizacion-civil-profesional-veterinario-muerte-vacas\/#primaryimage\"},\"image\":{\"@id\":\"https:\/\/fernandezadvocats.es\/es\/indemnizacion-civil-profesional-veterinario-muerte-vacas\/#primaryimage\"},\"thumbnailUrl\":\"https:\/\/fernandezadvocats.es\/wp-content\/uploads\/2025\/02\/young-female-vet-in-uniform-and-protective-gloves-2023-11-27-05-29-02-utc-min-scaled.jpg\",\"datePublished\":\"2025-02-06T11:53:46+00:00\",\"dateModified\":\"2025-02-06T12:05:44+00:00\",\"breadcrumb\":{\"@id\":\"https:\/\/fernandezadvocats.es\/es\/indemnizacion-civil-profesional-veterinario-muerte-vacas\/#breadcrumb\"},\"inLanguage\":\"es\",\"potentialAction\":[{\"@type\":\"ReadAction\",\"target\":[\"https:\/\/fernandezadvocats.es\/es\/indemnizacion-civil-profesional-veterinario-muerte-vacas\/\"]}]},{\"@type\":\"ImageObject\",\"inLanguage\":\"es\",\"@id\":\"https:\/\/fernandezadvocats.es\/es\/indemnizacion-civil-profesional-veterinario-muerte-vacas\/#primaryimage\",\"url\":\"https:\/\/fernandezadvocats.es\/wp-content\/uploads\/2025\/02\/young-female-vet-in-uniform-and-protective-gloves-2023-11-27-05-29-02-utc-min-scaled.jpg\",\"contentUrl\":\"https:\/\/fernandezadvocats.es\/wp-content\/uploads\/2025\/02\/young-female-vet-in-uniform-and-protective-gloves-2023-11-27-05-29-02-utc-min-scaled.jpg\",\"width\":2560,\"height\":1707},{\"@type\":\"BreadcrumbList\",\"@id\":\"https:\/\/fernandezadvocats.es\/es\/indemnizacion-civil-profesional-veterinario-muerte-vacas\/#breadcrumb\",\"itemListElement\":[{\"@type\":\"ListItem\",\"position\":1,\"name\":\"Portada\",\"item\":\"https:\/\/fernandezadvocats.es\/es\/fernandez-advocats-berga\/\"},{\"@type\":\"ListItem\",\"position\":2,\"name\":\"Indemnizaci\u00f3n por responsabilidad civil profesional de veterinario por muerte de vacas\"}]},{\"@type\":\"WebSite\",\"@id\":\"https:\/\/fernandezadvocats.es\/#website\",\"url\":\"https:\/\/fernandezadvocats.es\/\",\"name\":\"Fern\u00e1ndez Advocats\",\"description\":\"Advocats Berga i Barcelona\",\"publisher\":{\"@id\":\"https:\/\/fernandezadvocats.es\/#organization\"},\"alternateName\":\"Abogados Berga y Bracelona\",\"potentialAction\":[{\"@type\":\"SearchAction\",\"target\":{\"@type\":\"EntryPoint\",\"urlTemplate\":\"https:\/\/fernandezadvocats.es\/?s={search_term_string}\"},\"query-input\":{\"@type\":\"PropertyValueSpecification\",\"valueRequired\":true,\"valueName\":\"search_term_string\"}}],\"inLanguage\":\"es\"},{\"@type\":\"Organization\",\"@id\":\"https:\/\/fernandezadvocats.es\/#organization\",\"name\":\"Fern\u00e1ndez Advocats\",\"url\":\"https:\/\/fernandezadvocats.es\/\",\"logo\":{\"@type\":\"ImageObject\",\"inLanguage\":\"es\",\"@id\":\"https:\/\/fernandezadvocats.es\/#\/schema\/logo\/image\/\",\"url\":\"https:\/\/fernandezadvocats.es\/wp-content\/uploads\/2024\/11\/cropped-BF-e1731427554424.png\",\"contentUrl\":\"https:\/\/fernandezadvocats.es\/wp-content\/uploads\/2024\/11\/cropped-BF-e1731427554424.png\",\"width\":512,\"height\":512,\"caption\":\"Fern\u00e1ndez Advocats\"},\"image\":{\"@id\":\"https:\/\/fernandezadvocats.es\/#\/schema\/logo\/image\/\"}},{\"@type\":\"Person\",\"@id\":\"https:\/\/fernandezadvocats.es\/#\/schema\/person\/b07c77bdf07c1e11b12a56cae182b521\",\"name\":\"Fern\u00e1ndez Advocats\",\"image\":{\"@type\":\"ImageObject\",\"inLanguage\":\"es\",\"@id\":\"https:\/\/fernandezadvocats.es\/#\/schema\/person\/image\/\",\"url\":\"https:\/\/secure.gravatar.com\/avatar\/4fc29f47dccf5511fdf4ab55d2e22d915d944656636c10c38a1baf7a85eccbd2?s=96&d=mm&r=g\",\"contentUrl\":\"https:\/\/secure.gravatar.com\/avatar\/4fc29f47dccf5511fdf4ab55d2e22d915d944656636c10c38a1baf7a85eccbd2?s=96&d=mm&r=g\",\"caption\":\"Fern\u00e1ndez Advocats\"},\"sameAs\":[\"https:\/\/abogados.evotic.es\/\"],\"url\":\"https:\/\/fernandezadvocats.es\/es\/author\/javier\/\"}]}<\/script>\n<!-- \/ Yoast SEO plugin. -->","yoast_head_json":{"title":"Indemnizaci\u00f3n por responsabilidad civil profesional de veterinario por muerte de vacas | Fern\u00e1ndez Advocats","robots":{"index":"index","follow":"follow","max-snippet":"max-snippet:-1","max-image-preview":"max-image-preview:large","max-video-preview":"max-video-preview:-1"},"canonical":"https:\/\/fernandezadvocats.es\/es\/indemnizacion-civil-profesional-veterinario-muerte-vacas\/","og_locale":"es_ES","og_type":"article","og_title":"Indemnizaci\u00f3n por responsabilidad civil profesional de veterinario por muerte de vacas | Fern\u00e1ndez Advocats","og_description":"[et_pb_section admin_label=\u00bbsection\u00bb] [et_pb_row admin_label=\u00bbrow\u00bb] [et_pb_column type=\u00bb4_4&#8243;][et_pb_text admin_label=\u00bbText\u00bb]DESCARGAR PDF Recientemente, hemos recibido Sentencia estimatoria de una reclamaci\u00f3n donde se planteaba la existencia de responsabilidad por la lesi\u00f3n y posterior muerte de vacas de una explotaci\u00f3n ganadera que hab\u00edan recibido un tratamiento de podolog\u00eda practicado por un veterinario, por el cual se precisaba el uso de un [&hellip;]","og_url":"https:\/\/fernandezadvocats.es\/es\/indemnizacion-civil-profesional-veterinario-muerte-vacas\/","og_site_name":"Fern\u00e1ndez Advocats","article_published_time":"2025-02-06T11:53:46+00:00","article_modified_time":"2025-02-06T12:05:44+00:00","og_image":[{"width":2560,"height":1707,"url":"https:\/\/fernandezadvocats.es\/wp-content\/uploads\/2025\/02\/young-female-vet-in-uniform-and-protective-gloves-2023-11-27-05-29-02-utc-min-scaled.jpg","type":"image\/jpeg"}],"author":"Fern\u00e1ndez Advocats","twitter_card":"summary_large_image","twitter_misc":{"Escrito por":"Fern\u00e1ndez Advocats","Tiempo de lectura":"3 minutos"},"schema":{"@context":"https:\/\/schema.org","@graph":[{"@type":"Article","@id":"https:\/\/fernandezadvocats.es\/es\/indemnizacion-civil-profesional-veterinario-muerte-vacas\/#article","isPartOf":{"@id":"https:\/\/fernandezadvocats.es\/es\/indemnizacion-civil-profesional-veterinario-muerte-vacas\/"},"author":{"name":"Fern\u00e1ndez Advocats","@id":"https:\/\/fernandezadvocats.es\/#\/schema\/person\/b07c77bdf07c1e11b12a56cae182b521"},"headline":"Indemnizaci\u00f3n por responsabilidad civil profesional de veterinario por muerte de vacas","datePublished":"2025-02-06T11:53:46+00:00","dateModified":"2025-02-06T12:05:44+00:00","mainEntityOfPage":{"@id":"https:\/\/fernandezadvocats.es\/es\/indemnizacion-civil-profesional-veterinario-muerte-vacas\/"},"wordCount":568,"publisher":{"@id":"https:\/\/fernandezadvocats.es\/#organization"},"image":{"@id":"https:\/\/fernandezadvocats.es\/es\/indemnizacion-civil-profesional-veterinario-muerte-vacas\/#primaryimage"},"thumbnailUrl":"https:\/\/fernandezadvocats.es\/wp-content\/uploads\/2025\/02\/young-female-vet-in-uniform-and-protective-gloves-2023-11-27-05-29-02-utc-min-scaled.jpg","articleSection":["Expertise FA","Indemnizaci\u00f3n responsabilidad civil","Negligencia veterinaria","Peritaje veterinario juicio"],"inLanguage":"es"},{"@type":"WebPage","@id":"https:\/\/fernandezadvocats.es\/es\/indemnizacion-civil-profesional-veterinario-muerte-vacas\/","url":"https:\/\/fernandezadvocats.es\/es\/indemnizacion-civil-profesional-veterinario-muerte-vacas\/","name":"Indemnizaci\u00f3n por responsabilidad civil profesional de veterinario por muerte de vacas | Fern\u00e1ndez Advocats","isPartOf":{"@id":"https:\/\/fernandezadvocats.es\/#website"},"primaryImageOfPage":{"@id":"https:\/\/fernandezadvocats.es\/es\/indemnizacion-civil-profesional-veterinario-muerte-vacas\/#primaryimage"},"image":{"@id":"https:\/\/fernandezadvocats.es\/es\/indemnizacion-civil-profesional-veterinario-muerte-vacas\/#primaryimage"},"thumbnailUrl":"https:\/\/fernandezadvocats.es\/wp-content\/uploads\/2025\/02\/young-female-vet-in-uniform-and-protective-gloves-2023-11-27-05-29-02-utc-min-scaled.jpg","datePublished":"2025-02-06T11:53:46+00:00","dateModified":"2025-02-06T12:05:44+00:00","breadcrumb":{"@id":"https:\/\/fernandezadvocats.es\/es\/indemnizacion-civil-profesional-veterinario-muerte-vacas\/#breadcrumb"},"inLanguage":"es","potentialAction":[{"@type":"ReadAction","target":["https:\/\/fernandezadvocats.es\/es\/indemnizacion-civil-profesional-veterinario-muerte-vacas\/"]}]},{"@type":"ImageObject","inLanguage":"es","@id":"https:\/\/fernandezadvocats.es\/es\/indemnizacion-civil-profesional-veterinario-muerte-vacas\/#primaryimage","url":"https:\/\/fernandezadvocats.es\/wp-content\/uploads\/2025\/02\/young-female-vet-in-uniform-and-protective-gloves-2023-11-27-05-29-02-utc-min-scaled.jpg","contentUrl":"https:\/\/fernandezadvocats.es\/wp-content\/uploads\/2025\/02\/young-female-vet-in-uniform-and-protective-gloves-2023-11-27-05-29-02-utc-min-scaled.jpg","width":2560,"height":1707},{"@type":"BreadcrumbList","@id":"https:\/\/fernandezadvocats.es\/es\/indemnizacion-civil-profesional-veterinario-muerte-vacas\/#breadcrumb","itemListElement":[{"@type":"ListItem","position":1,"name":"Portada","item":"https:\/\/fernandezadvocats.es\/es\/fernandez-advocats-berga\/"},{"@type":"ListItem","position":2,"name":"Indemnizaci\u00f3n por responsabilidad civil profesional de veterinario por muerte de vacas"}]},{"@type":"WebSite","@id":"https:\/\/fernandezadvocats.es\/#website","url":"https:\/\/fernandezadvocats.es\/","name":"Fern\u00e1ndez Advocats","description":"Advocats Berga i Barcelona","publisher":{"@id":"https:\/\/fernandezadvocats.es\/#organization"},"alternateName":"Abogados Berga y Bracelona","potentialAction":[{"@type":"SearchAction","target":{"@type":"EntryPoint","urlTemplate":"https:\/\/fernandezadvocats.es\/?s={search_term_string}"},"query-input":{"@type":"PropertyValueSpecification","valueRequired":true,"valueName":"search_term_string"}}],"inLanguage":"es"},{"@type":"Organization","@id":"https:\/\/fernandezadvocats.es\/#organization","name":"Fern\u00e1ndez Advocats","url":"https:\/\/fernandezadvocats.es\/","logo":{"@type":"ImageObject","inLanguage":"es","@id":"https:\/\/fernandezadvocats.es\/#\/schema\/logo\/image\/","url":"https:\/\/fernandezadvocats.es\/wp-content\/uploads\/2024\/11\/cropped-BF-e1731427554424.png","contentUrl":"https:\/\/fernandezadvocats.es\/wp-content\/uploads\/2024\/11\/cropped-BF-e1731427554424.png","width":512,"height":512,"caption":"Fern\u00e1ndez Advocats"},"image":{"@id":"https:\/\/fernandezadvocats.es\/#\/schema\/logo\/image\/"}},{"@type":"Person","@id":"https:\/\/fernandezadvocats.es\/#\/schema\/person\/b07c77bdf07c1e11b12a56cae182b521","name":"Fern\u00e1ndez Advocats","image":{"@type":"ImageObject","inLanguage":"es","@id":"https:\/\/fernandezadvocats.es\/#\/schema\/person\/image\/","url":"https:\/\/secure.gravatar.com\/avatar\/4fc29f47dccf5511fdf4ab55d2e22d915d944656636c10c38a1baf7a85eccbd2?s=96&d=mm&r=g","contentUrl":"https:\/\/secure.gravatar.com\/avatar\/4fc29f47dccf5511fdf4ab55d2e22d915d944656636c10c38a1baf7a85eccbd2?s=96&d=mm&r=g","caption":"Fern\u00e1ndez Advocats"},"sameAs":["https:\/\/abogados.evotic.es\/"],"url":"https:\/\/fernandezadvocats.es\/es\/author\/javier\/"}]}},"_links":{"self":[{"href":"https:\/\/fernandezadvocats.es\/es\/wp-json\/wp\/v2\/posts\/238482","targetHints":{"allow":["GET"]}}],"collection":[{"href":"https:\/\/fernandezadvocats.es\/es\/wp-json\/wp\/v2\/posts"}],"about":[{"href":"https:\/\/fernandezadvocats.es\/es\/wp-json\/wp\/v2\/types\/post"}],"author":[{"embeddable":true,"href":"https:\/\/fernandezadvocats.es\/es\/wp-json\/wp\/v2\/users\/2"}],"replies":[{"embeddable":true,"href":"https:\/\/fernandezadvocats.es\/es\/wp-json\/wp\/v2\/comments?post=238482"}],"version-history":[{"count":3,"href":"https:\/\/fernandezadvocats.es\/es\/wp-json\/wp\/v2\/posts\/238482\/revisions"}],"predecessor-version":[{"id":238487,"href":"https:\/\/fernandezadvocats.es\/es\/wp-json\/wp\/v2\/posts\/238482\/revisions\/238487"}],"wp:featuredmedia":[{"embeddable":true,"href":"https:\/\/fernandezadvocats.es\/es\/wp-json\/wp\/v2\/media\/238480"}],"wp:attachment":[{"href":"https:\/\/fernandezadvocats.es\/es\/wp-json\/wp\/v2\/media?parent=238482"}],"wp:term":[{"taxonomy":"category","embeddable":true,"href":"https:\/\/fernandezadvocats.es\/es\/wp-json\/wp\/v2\/categories?post=238482"},{"taxonomy":"post_tag","embeddable":true,"href":"https:\/\/fernandezadvocats.es\/es\/wp-json\/wp\/v2\/tags?post=238482"}],"curies":[{"name":"wp","href":"https:\/\/api.w.org\/{rel}","templated":true}]}}