{"id":238492,"date":"2025-02-10T13:42:51","date_gmt":"2025-02-10T12:42:51","guid":{"rendered":"https:\/\/fernandezadvocats.es\/?p=238492"},"modified":"2025-02-10T16:13:58","modified_gmt":"2025-02-10T15:13:58","slug":"marta-nasarre-crimen-vilanova-cami","status":"publish","type":"post","link":"https:\/\/fernandezadvocats.es\/es\/marta-nasarre-crimen-vilanova-cami\/","title":{"rendered":"Marta Nasarre analiza el caso del crimen de Vilanova del Cam\u00ed y sus implicaciones penales"},"content":{"rendered":"<p><a href=\"https:\/\/veuanoia.cat\/crim-vilanova-moltes-preguntes-poques-respostes-2\/\"><strong>ENLACE NOTICIA\u00a0<\/strong><\/a><\/p>\n<p><a href=\"https:\/\/fernandezadvocats.es\/wp-content\/uploads\/2025\/02\/Documents-escanejats.pdf\"><strong>DESCARGAR PDF<\/strong><\/a><\/p>\n<p data-pm-slice=\"1 1 []\">Nuestra compa\u00f1era del despacho, <strong>Marta Nasarre<\/strong>, abogada especialista en <strong>Derecho Penal<\/strong>, ha sido entrevistada por el medio de comunicaci\u00f3n <strong>La Veu de l\u2019Anoia<\/strong> en relaci\u00f3n con el reciente caso de homicidio ocurrido en Vilanova del Cam\u00ed el pasado <strong>1 de febrero<\/strong>. Este tr\u00e1gico suceso ha conmocionado a la comunidad, y plantea importantes interrogantes sobre las implicaciones jur\u00eddicas del estado de salud mental del presunto autor.<\/p>\n<h3>\u00bfQu\u00e9 ocurri\u00f3 en Vilanova del Cam\u00ed?<\/h3>\n<p>La noche del <strong>1 de febrero de 2025<\/strong>, un hombre de <strong>53 a\u00f1os<\/strong> fue asesinado en su propio edificio, presuntamente a manos de su vecino. Seg\u00fan los testimonios recabados, el presunto agresor ten\u00eda un historial de conflictos vecinales y problemas de salud mental. El crimen, ocurrido tras una disputa relacionada con el volumen de la m\u00fasica, culmin\u00f3 con la detenci\u00f3n del sospechoso, quien <strong>ha sido ingresado en prisi\u00f3n provisional en un m\u00f3dulo psiqui\u00e1trico<\/strong>.<\/p>\n<h3>Implicaciones legales: \u00bfQu\u00e9 significa la prisi\u00f3n en un m\u00f3dulo psiqui\u00e1trico?<\/h3>\n<p>Uno de los puntos clave de este caso es la posible influencia del estado de salud mental del detenido en el procedimiento penal. Seg\u00fan explica <strong>Marta Nasarre<\/strong>, el C\u00f3digo Penal prev\u00e9 dos escenarios en estos casos:<\/p>\n<ol start=\"1\" data-spread=\"true\">\n<li><strong>Eximente completa por inimputabilidad (Art\u00edculo 20 del C\u00f3digo Penal):<\/strong> Si se determina que el acusado <strong>no era consciente de la ilicitud de sus actos<\/strong> debido a una enfermedad mental grave, podr\u00eda ser declarado inimputable y no se le impondr\u00eda una pena tradicional, sino una medida de seguridad, como el ingreso en un centro psiqui\u00e1trico durante un tiempo equivalente a la pena que se le habr\u00eda impuesto.<\/li>\n<li><strong>Atenuante por alteraci\u00f3n mental (Art\u00edculo 21 del C\u00f3digo Penal):<\/strong> En este caso, la persona <strong>comprende parcialmente<\/strong> la ilicitud de sus actos, lo que puede conllevar una reducci\u00f3n de la condena en funci\u00f3n de la evaluaci\u00f3n psiqui\u00e1trica y las pruebas aportadas.<\/li>\n<\/ol>\n<p>El <strong>Ministerio Fiscal ha solicitado el ingreso del detenido en un m\u00f3dulo psiqui\u00e1trico dentro de un centro penitenciario<\/strong>, mientras que la defensa podr\u00eda argumentar la conveniencia de un ingreso en un centro especializado de salud mental.<\/p>\n<h3>\u00bfSe puede atribuir el crimen a la enfermedad mental del detenido?<\/h3>\n<p>El caso ha reabierto el debate sobre la relaci\u00f3n entre la salud mental y la criminalidad. <strong>Jos\u00e9 Fern\u00e1ndez<\/strong>, psic\u00f3logo y presidente de la Asociaci\u00f3n de Psic\u00f3logos de la Anoia, se\u00f1ala que no se puede atribuir un crimen exclusivamente a una enfermedad mental. Seg\u00fan su an\u00e1lisis, el detenido <strong>presenta un trastorno con ideas delirantes<\/strong>, agravado por el consumo de sustancias como el cannabis, lo que podr\u00eda haber influido en su comportamiento.<\/p>\n<p>Sin embargo, Fern\u00e1ndez recalca que la conducta agresiva <strong>no es exclusiva de personas con trastornos mentales<\/strong> y que cada caso debe analizarse individualmente. En este sentido, el <strong>sistema judicial deber\u00e1 determinar hasta qu\u00e9 punto la enfermedad del acusado afect\u00f3 su capacidad de comprensi\u00f3n y voluntad en el momento de los hechos<\/strong>.<\/p>\n<h3>\u00bfC\u00f3mo se manejan estos casos en el sistema judicial?<\/h3>\n<p>En situaciones como esta, el procedimiento judicial sigue varios pasos:<\/p>\n<ul data-spread=\"false\">\n<li><strong>Evaluaci\u00f3n psiqui\u00e1trica del acusado<\/strong> por parte de peritos judiciales.<\/li>\n<li><strong>Determinaci\u00f3n de si es inimputable o si su enfermedad supone un atenuante<\/strong>.<\/li>\n<li><strong>Decisi\u00f3n sobre la medida cautelar:<\/strong> prisi\u00f3n preventiva o internamiento en un centro psiqui\u00e1trico.<\/li>\n<li><strong>Juicio y posible condena o medida de seguridad<\/strong>.<\/li>\n<\/ul>\n<p>El caso de Vilanova del Cam\u00ed <strong>se encuentra a\u00fan en una fase inicial<\/strong>, y ser\u00e1 crucial determinar si el acusado <strong>es declarado responsable penalmente o si se le aplica una medida alternativa por su estado de salud mental<\/strong>.<\/p>\n<h3>Reflexi\u00f3n: Un caso que evidencia los retos del sistema penal y sanitario<\/h3>\n<p>Este crimen ha generado un amplio debate sobre la seguridad ciudadana, la gesti\u00f3n de la salud mental y el papel de la justicia en estos casos. La comunidad de Vilanova del Cam\u00ed ha expresado su preocupaci\u00f3n ante la falta de protocolos claros para <strong>manejar a personas con antecedentes conflictivos y trastornos psiqui\u00e1tricos<\/strong>, especialmente cuando existen se\u00f1ales de peligro previas.<\/p>\n<p>Desde <strong>Fernandez Advocats<\/strong>, seguiremos de cerca la evoluci\u00f3n de este caso y sus repercusiones legales.<\/p>\n","protected":false},"excerpt":{"rendered":"<p>ENLACE NOTICIA\u00a0 DESCARGAR PDF Nuestra compa\u00f1era del despacho, Marta Nasarre, abogada especialista en Derecho Penal, ha sido entrevistada por el medio de comunicaci\u00f3n La Veu de l\u2019Anoia en relaci\u00f3n con el reciente caso de homicidio ocurrido en Vilanova del Cam\u00ed el pasado 1 de febrero. Este tr\u00e1gico suceso ha conmocionado a la comunidad, y plantea [&hellip;]<\/p>\n","protected":false},"author":2,"featured_media":238491,"comment_status":"closed","ping_status":"closed","sticky":false,"template":"","format":"standard","meta":{"_et_pb_use_builder":"","_et_pb_old_content":"","_et_gb_content_width":"","footnotes":""},"categories":[44,30,65],"tags":[],"class_list":["post-238492","post","type-post","status-publish","format-standard","has-post-thumbnail","hentry","category-derecho-penal","category-prensa","category-vilanova-del-cami"],"yoast_head":"<!-- This site is optimized with the Yoast SEO plugin v27.1.1 - https:\/\/yoast.com\/product\/yoast-seo-wordpress\/ -->\n<title>Marta Nasarre analiza el caso del crimen de Vilanova del Cam\u00ed y sus implicaciones penales | Fern\u00e1ndez Advocats<\/title>\n<meta name=\"robots\" content=\"index, follow, max-snippet:-1, max-image-preview:large, max-video-preview:-1\" \/>\n<link rel=\"canonical\" href=\"https:\/\/fernandezadvocats.es\/es\/marta-nasarre-crimen-vilanova-cami\/\" \/>\n<meta property=\"og:locale\" content=\"es_ES\" \/>\n<meta property=\"og:type\" content=\"article\" \/>\n<meta property=\"og:title\" content=\"Marta Nasarre analiza el caso del crimen de Vilanova del Cam\u00ed y sus implicaciones penales | Fern\u00e1ndez Advocats\" \/>\n<meta property=\"og:description\" content=\"ENLACE NOTICIA\u00a0 DESCARGAR PDF Nuestra compa\u00f1era del despacho, Marta Nasarre, abogada especialista en Derecho Penal, ha sido entrevistada por el medio de comunicaci\u00f3n La Veu de l\u2019Anoia en relaci\u00f3n con el reciente caso de homicidio ocurrido en Vilanova del Cam\u00ed el pasado 1 de febrero. Este tr\u00e1gico suceso ha conmocionado a la comunidad, y plantea [&hellip;]\" \/>\n<meta property=\"og:url\" content=\"https:\/\/fernandezadvocats.es\/es\/marta-nasarre-crimen-vilanova-cami\/\" \/>\n<meta property=\"og:site_name\" content=\"Fern\u00e1ndez Advocats\" \/>\n<meta property=\"article:published_time\" content=\"2025-02-10T12:42:51+00:00\" \/>\n<meta property=\"article:modified_time\" content=\"2025-02-10T15:13:58+00:00\" \/>\n<meta property=\"og:image\" content=\"https:\/\/fernandezadvocats.es\/wp-content\/uploads\/2025\/02\/Ajuntament_de_Vilanova_del_Cami_2014.jpg\" \/>\n\t<meta property=\"og:image:width\" content=\"2560\" \/>\n\t<meta property=\"og:image:height\" content=\"1920\" \/>\n\t<meta property=\"og:image:type\" content=\"image\/jpeg\" \/>\n<meta name=\"author\" content=\"Fern\u00e1ndez Advocats\" \/>\n<meta name=\"twitter:card\" content=\"summary_large_image\" \/>\n<meta name=\"twitter:label1\" content=\"Escrito por\" \/>\n\t<meta name=\"twitter:data1\" content=\"Fern\u00e1ndez Advocats\" \/>\n\t<meta name=\"twitter:label2\" content=\"Tiempo de lectura\" \/>\n\t<meta name=\"twitter:data2\" content=\"4 minutos\" \/>\n<script type=\"application\/ld+json\" class=\"yoast-schema-graph\">{\"@context\":\"https:\/\/schema.org\",\"@graph\":[{\"@type\":\"Article\",\"@id\":\"https:\/\/fernandezadvocats.es\/es\/marta-nasarre-crimen-vilanova-cami\/#article\",\"isPartOf\":{\"@id\":\"https:\/\/fernandezadvocats.es\/es\/marta-nasarre-crimen-vilanova-cami\/\"},\"author\":{\"name\":\"Fern\u00e1ndez Advocats\",\"@id\":\"https:\/\/fernandezadvocats.es\/#\/schema\/person\/b07c77bdf07c1e11b12a56cae182b521\"},\"headline\":\"Marta Nasarre analiza el caso del crimen de Vilanova del Cam\u00ed y sus implicaciones penales\",\"datePublished\":\"2025-02-10T12:42:51+00:00\",\"dateModified\":\"2025-02-10T15:13:58+00:00\",\"mainEntityOfPage\":{\"@id\":\"https:\/\/fernandezadvocats.es\/es\/marta-nasarre-crimen-vilanova-cami\/\"},\"wordCount\":722,\"publisher\":{\"@id\":\"https:\/\/fernandezadvocats.es\/#organization\"},\"image\":{\"@id\":\"https:\/\/fernandezadvocats.es\/es\/marta-nasarre-crimen-vilanova-cami\/#primaryimage\"},\"thumbnailUrl\":\"https:\/\/fernandezadvocats.es\/wp-content\/uploads\/2025\/02\/Ajuntament_de_Vilanova_del_Cami_2014.jpg\",\"articleSection\":[\"Derecho Penal\",\"Prensa\",\"Vilanova del Cam\u00ed\"],\"inLanguage\":\"es\"},{\"@type\":\"WebPage\",\"@id\":\"https:\/\/fernandezadvocats.es\/es\/marta-nasarre-crimen-vilanova-cami\/\",\"url\":\"https:\/\/fernandezadvocats.es\/es\/marta-nasarre-crimen-vilanova-cami\/\",\"name\":\"Marta Nasarre analiza el caso del crimen de Vilanova del Cam\u00ed y sus implicaciones penales | Fern\u00e1ndez Advocats\",\"isPartOf\":{\"@id\":\"https:\/\/fernandezadvocats.es\/#website\"},\"primaryImageOfPage\":{\"@id\":\"https:\/\/fernandezadvocats.es\/es\/marta-nasarre-crimen-vilanova-cami\/#primaryimage\"},\"image\":{\"@id\":\"https:\/\/fernandezadvocats.es\/es\/marta-nasarre-crimen-vilanova-cami\/#primaryimage\"},\"thumbnailUrl\":\"https:\/\/fernandezadvocats.es\/wp-content\/uploads\/2025\/02\/Ajuntament_de_Vilanova_del_Cami_2014.jpg\",\"datePublished\":\"2025-02-10T12:42:51+00:00\",\"dateModified\":\"2025-02-10T15:13:58+00:00\",\"breadcrumb\":{\"@id\":\"https:\/\/fernandezadvocats.es\/es\/marta-nasarre-crimen-vilanova-cami\/#breadcrumb\"},\"inLanguage\":\"es\",\"potentialAction\":[{\"@type\":\"ReadAction\",\"target\":[\"https:\/\/fernandezadvocats.es\/es\/marta-nasarre-crimen-vilanova-cami\/\"]}]},{\"@type\":\"ImageObject\",\"inLanguage\":\"es\",\"@id\":\"https:\/\/fernandezadvocats.es\/es\/marta-nasarre-crimen-vilanova-cami\/#primaryimage\",\"url\":\"https:\/\/fernandezadvocats.es\/wp-content\/uploads\/2025\/02\/Ajuntament_de_Vilanova_del_Cami_2014.jpg\",\"contentUrl\":\"https:\/\/fernandezadvocats.es\/wp-content\/uploads\/2025\/02\/Ajuntament_de_Vilanova_del_Cami_2014.jpg\",\"width\":2560,\"height\":1920},{\"@type\":\"BreadcrumbList\",\"@id\":\"https:\/\/fernandezadvocats.es\/es\/marta-nasarre-crimen-vilanova-cami\/#breadcrumb\",\"itemListElement\":[{\"@type\":\"ListItem\",\"position\":1,\"name\":\"Portada\",\"item\":\"https:\/\/fernandezadvocats.es\/es\/fernandez-advocats-berga\/\"},{\"@type\":\"ListItem\",\"position\":2,\"name\":\"Marta Nasarre analiza el caso del crimen de Vilanova del Cam\u00ed y sus implicaciones penales\"}]},{\"@type\":\"WebSite\",\"@id\":\"https:\/\/fernandezadvocats.es\/#website\",\"url\":\"https:\/\/fernandezadvocats.es\/\",\"name\":\"Fern\u00e1ndez Advocats\",\"description\":\"Advocats Berga i Barcelona\",\"publisher\":{\"@id\":\"https:\/\/fernandezadvocats.es\/#organization\"},\"alternateName\":\"Abogados Berga y Bracelona\",\"potentialAction\":[{\"@type\":\"SearchAction\",\"target\":{\"@type\":\"EntryPoint\",\"urlTemplate\":\"https:\/\/fernandezadvocats.es\/?s={search_term_string}\"},\"query-input\":{\"@type\":\"PropertyValueSpecification\",\"valueRequired\":true,\"valueName\":\"search_term_string\"}}],\"inLanguage\":\"es\"},{\"@type\":\"Organization\",\"@id\":\"https:\/\/fernandezadvocats.es\/#organization\",\"name\":\"Fern\u00e1ndez Advocats\",\"url\":\"https:\/\/fernandezadvocats.es\/\",\"logo\":{\"@type\":\"ImageObject\",\"inLanguage\":\"es\",\"@id\":\"https:\/\/fernandezadvocats.es\/#\/schema\/logo\/image\/\",\"url\":\"https:\/\/fernandezadvocats.es\/wp-content\/uploads\/2024\/11\/cropped-BF-e1731427554424.png\",\"contentUrl\":\"https:\/\/fernandezadvocats.es\/wp-content\/uploads\/2024\/11\/cropped-BF-e1731427554424.png\",\"width\":512,\"height\":512,\"caption\":\"Fern\u00e1ndez Advocats\"},\"image\":{\"@id\":\"https:\/\/fernandezadvocats.es\/#\/schema\/logo\/image\/\"}},{\"@type\":\"Person\",\"@id\":\"https:\/\/fernandezadvocats.es\/#\/schema\/person\/b07c77bdf07c1e11b12a56cae182b521\",\"name\":\"Fern\u00e1ndez Advocats\",\"image\":{\"@type\":\"ImageObject\",\"inLanguage\":\"es\",\"@id\":\"https:\/\/fernandezadvocats.es\/#\/schema\/person\/image\/\",\"url\":\"https:\/\/secure.gravatar.com\/avatar\/4fc29f47dccf5511fdf4ab55d2e22d915d944656636c10c38a1baf7a85eccbd2?s=96&d=mm&r=g\",\"contentUrl\":\"https:\/\/secure.gravatar.com\/avatar\/4fc29f47dccf5511fdf4ab55d2e22d915d944656636c10c38a1baf7a85eccbd2?s=96&d=mm&r=g\",\"caption\":\"Fern\u00e1ndez Advocats\"},\"sameAs\":[\"https:\/\/abogados.evotic.es\/\"],\"url\":\"https:\/\/fernandezadvocats.es\/es\/author\/javier\/\"}]}<\/script>\n<!-- \/ Yoast SEO plugin. -->","yoast_head_json":{"title":"Marta Nasarre analiza el caso del crimen de Vilanova del Cam\u00ed y sus implicaciones penales | Fern\u00e1ndez Advocats","robots":{"index":"index","follow":"follow","max-snippet":"max-snippet:-1","max-image-preview":"max-image-preview:large","max-video-preview":"max-video-preview:-1"},"canonical":"https:\/\/fernandezadvocats.es\/es\/marta-nasarre-crimen-vilanova-cami\/","og_locale":"es_ES","og_type":"article","og_title":"Marta Nasarre analiza el caso del crimen de Vilanova del Cam\u00ed y sus implicaciones penales | Fern\u00e1ndez Advocats","og_description":"ENLACE NOTICIA\u00a0 DESCARGAR PDF Nuestra compa\u00f1era del despacho, Marta Nasarre, abogada especialista en Derecho Penal, ha sido entrevistada por el medio de comunicaci\u00f3n La Veu de l\u2019Anoia en relaci\u00f3n con el reciente caso de homicidio ocurrido en Vilanova del Cam\u00ed el pasado 1 de febrero. Este tr\u00e1gico suceso ha conmocionado a la comunidad, y plantea [&hellip;]","og_url":"https:\/\/fernandezadvocats.es\/es\/marta-nasarre-crimen-vilanova-cami\/","og_site_name":"Fern\u00e1ndez Advocats","article_published_time":"2025-02-10T12:42:51+00:00","article_modified_time":"2025-02-10T15:13:58+00:00","og_image":[{"width":2560,"height":1920,"url":"https:\/\/fernandezadvocats.es\/wp-content\/uploads\/2025\/02\/Ajuntament_de_Vilanova_del_Cami_2014.jpg","type":"image\/jpeg"}],"author":"Fern\u00e1ndez Advocats","twitter_card":"summary_large_image","twitter_misc":{"Escrito por":"Fern\u00e1ndez Advocats","Tiempo de lectura":"4 minutos"},"schema":{"@context":"https:\/\/schema.org","@graph":[{"@type":"Article","@id":"https:\/\/fernandezadvocats.es\/es\/marta-nasarre-crimen-vilanova-cami\/#article","isPartOf":{"@id":"https:\/\/fernandezadvocats.es\/es\/marta-nasarre-crimen-vilanova-cami\/"},"author":{"name":"Fern\u00e1ndez Advocats","@id":"https:\/\/fernandezadvocats.es\/#\/schema\/person\/b07c77bdf07c1e11b12a56cae182b521"},"headline":"Marta Nasarre analiza el caso del crimen de Vilanova del Cam\u00ed y sus implicaciones penales","datePublished":"2025-02-10T12:42:51+00:00","dateModified":"2025-02-10T15:13:58+00:00","mainEntityOfPage":{"@id":"https:\/\/fernandezadvocats.es\/es\/marta-nasarre-crimen-vilanova-cami\/"},"wordCount":722,"publisher":{"@id":"https:\/\/fernandezadvocats.es\/#organization"},"image":{"@id":"https:\/\/fernandezadvocats.es\/es\/marta-nasarre-crimen-vilanova-cami\/#primaryimage"},"thumbnailUrl":"https:\/\/fernandezadvocats.es\/wp-content\/uploads\/2025\/02\/Ajuntament_de_Vilanova_del_Cami_2014.jpg","articleSection":["Derecho Penal","Prensa","Vilanova del Cam\u00ed"],"inLanguage":"es"},{"@type":"WebPage","@id":"https:\/\/fernandezadvocats.es\/es\/marta-nasarre-crimen-vilanova-cami\/","url":"https:\/\/fernandezadvocats.es\/es\/marta-nasarre-crimen-vilanova-cami\/","name":"Marta Nasarre analiza el caso del crimen de Vilanova del Cam\u00ed y sus implicaciones penales | Fern\u00e1ndez Advocats","isPartOf":{"@id":"https:\/\/fernandezadvocats.es\/#website"},"primaryImageOfPage":{"@id":"https:\/\/fernandezadvocats.es\/es\/marta-nasarre-crimen-vilanova-cami\/#primaryimage"},"image":{"@id":"https:\/\/fernandezadvocats.es\/es\/marta-nasarre-crimen-vilanova-cami\/#primaryimage"},"thumbnailUrl":"https:\/\/fernandezadvocats.es\/wp-content\/uploads\/2025\/02\/Ajuntament_de_Vilanova_del_Cami_2014.jpg","datePublished":"2025-02-10T12:42:51+00:00","dateModified":"2025-02-10T15:13:58+00:00","breadcrumb":{"@id":"https:\/\/fernandezadvocats.es\/es\/marta-nasarre-crimen-vilanova-cami\/#breadcrumb"},"inLanguage":"es","potentialAction":[{"@type":"ReadAction","target":["https:\/\/fernandezadvocats.es\/es\/marta-nasarre-crimen-vilanova-cami\/"]}]},{"@type":"ImageObject","inLanguage":"es","@id":"https:\/\/fernandezadvocats.es\/es\/marta-nasarre-crimen-vilanova-cami\/#primaryimage","url":"https:\/\/fernandezadvocats.es\/wp-content\/uploads\/2025\/02\/Ajuntament_de_Vilanova_del_Cami_2014.jpg","contentUrl":"https:\/\/fernandezadvocats.es\/wp-content\/uploads\/2025\/02\/Ajuntament_de_Vilanova_del_Cami_2014.jpg","width":2560,"height":1920},{"@type":"BreadcrumbList","@id":"https:\/\/fernandezadvocats.es\/es\/marta-nasarre-crimen-vilanova-cami\/#breadcrumb","itemListElement":[{"@type":"ListItem","position":1,"name":"Portada","item":"https:\/\/fernandezadvocats.es\/es\/fernandez-advocats-berga\/"},{"@type":"ListItem","position":2,"name":"Marta Nasarre analiza el caso del crimen de Vilanova del Cam\u00ed y sus implicaciones penales"}]},{"@type":"WebSite","@id":"https:\/\/fernandezadvocats.es\/#website","url":"https:\/\/fernandezadvocats.es\/","name":"Fern\u00e1ndez Advocats","description":"Advocats Berga i Barcelona","publisher":{"@id":"https:\/\/fernandezadvocats.es\/#organization"},"alternateName":"Abogados Berga y Bracelona","potentialAction":[{"@type":"SearchAction","target":{"@type":"EntryPoint","urlTemplate":"https:\/\/fernandezadvocats.es\/?s={search_term_string}"},"query-input":{"@type":"PropertyValueSpecification","valueRequired":true,"valueName":"search_term_string"}}],"inLanguage":"es"},{"@type":"Organization","@id":"https:\/\/fernandezadvocats.es\/#organization","name":"Fern\u00e1ndez Advocats","url":"https:\/\/fernandezadvocats.es\/","logo":{"@type":"ImageObject","inLanguage":"es","@id":"https:\/\/fernandezadvocats.es\/#\/schema\/logo\/image\/","url":"https:\/\/fernandezadvocats.es\/wp-content\/uploads\/2024\/11\/cropped-BF-e1731427554424.png","contentUrl":"https:\/\/fernandezadvocats.es\/wp-content\/uploads\/2024\/11\/cropped-BF-e1731427554424.png","width":512,"height":512,"caption":"Fern\u00e1ndez Advocats"},"image":{"@id":"https:\/\/fernandezadvocats.es\/#\/schema\/logo\/image\/"}},{"@type":"Person","@id":"https:\/\/fernandezadvocats.es\/#\/schema\/person\/b07c77bdf07c1e11b12a56cae182b521","name":"Fern\u00e1ndez Advocats","image":{"@type":"ImageObject","inLanguage":"es","@id":"https:\/\/fernandezadvocats.es\/#\/schema\/person\/image\/","url":"https:\/\/secure.gravatar.com\/avatar\/4fc29f47dccf5511fdf4ab55d2e22d915d944656636c10c38a1baf7a85eccbd2?s=96&d=mm&r=g","contentUrl":"https:\/\/secure.gravatar.com\/avatar\/4fc29f47dccf5511fdf4ab55d2e22d915d944656636c10c38a1baf7a85eccbd2?s=96&d=mm&r=g","caption":"Fern\u00e1ndez Advocats"},"sameAs":["https:\/\/abogados.evotic.es\/"],"url":"https:\/\/fernandezadvocats.es\/es\/author\/javier\/"}]}},"_links":{"self":[{"href":"https:\/\/fernandezadvocats.es\/es\/wp-json\/wp\/v2\/posts\/238492","targetHints":{"allow":["GET"]}}],"collection":[{"href":"https:\/\/fernandezadvocats.es\/es\/wp-json\/wp\/v2\/posts"}],"about":[{"href":"https:\/\/fernandezadvocats.es\/es\/wp-json\/wp\/v2\/types\/post"}],"author":[{"embeddable":true,"href":"https:\/\/fernandezadvocats.es\/es\/wp-json\/wp\/v2\/users\/2"}],"replies":[{"embeddable":true,"href":"https:\/\/fernandezadvocats.es\/es\/wp-json\/wp\/v2\/comments?post=238492"}],"version-history":[{"count":1,"href":"https:\/\/fernandezadvocats.es\/es\/wp-json\/wp\/v2\/posts\/238492\/revisions"}],"predecessor-version":[{"id":238495,"href":"https:\/\/fernandezadvocats.es\/es\/wp-json\/wp\/v2\/posts\/238492\/revisions\/238495"}],"wp:featuredmedia":[{"embeddable":true,"href":"https:\/\/fernandezadvocats.es\/es\/wp-json\/wp\/v2\/media\/238491"}],"wp:attachment":[{"href":"https:\/\/fernandezadvocats.es\/es\/wp-json\/wp\/v2\/media?parent=238492"}],"wp:term":[{"taxonomy":"category","embeddable":true,"href":"https:\/\/fernandezadvocats.es\/es\/wp-json\/wp\/v2\/categories?post=238492"},{"taxonomy":"post_tag","embeddable":true,"href":"https:\/\/fernandezadvocats.es\/es\/wp-json\/wp\/v2\/tags?post=238492"}],"curies":[{"name":"wp","href":"https:\/\/api.w.org\/{rel}","templated":true}]}}