{"id":238504,"date":"2025-02-17T10:24:54","date_gmt":"2025-02-17T09:24:54","guid":{"rendered":"https:\/\/fernandezadvocats.es\/?p=238504"},"modified":"2025-02-17T18:37:17","modified_gmt":"2025-02-17T17:37:17","slug":"designacion-de-asistencia-a-personas-con-discapacidad","status":"publish","type":"post","link":"https:\/\/fernandezadvocats.es\/es\/designacion-de-asistencia-a-personas-con-discapacidad\/","title":{"rendered":"Designaci\u00f3n de asistencia a personas con discapacidad para el ejercicio de su capacidad jur\u00eddica en condiciones de igualdad"},"content":{"rendered":"<p><a href=\"https:\/\/fernandezadvocats.es\/wp-content\/uploads\/2025\/02\/DESIGNACION-DE-ASISTENCIA-1.pdf\"><strong>DESCARGAR PDF<\/strong><\/a><\/p>\n<p>Es habitual encontrarnos con la visita de clientes preocupados por el estado de salud de sus seres queridos, quienes tienen dificultades para su autonom\u00eda personal y la toma de decisiones ordinarias y extraordinarias en condiciones de igualdad (pi\u00e9nsese en personas de la tercera edad con demencia, Alzheimer o Parkinson, entre muchas otras enfermedades; o bien personas de cualquier edad que padecen una discapacidad f\u00edsica, ps\u00edquica, neurol\u00f3gica, org\u00e1nica o sensorial).<\/p>\n<p>Sigue estando en mente de todos los procedimientos para incapacitar a una persona para la toma de decisiones, si bien la incapacitaci\u00f3n como tal es una medida judicial que desapareci\u00f3 a trav\u00e9s de la Ley 8\/2021, de 2 de junio, por la que se reforma la legislaci\u00f3n civil y procesal para el apoyo a las personas con discapacidad en el ejercicio de su capacidad jur\u00eddica. Esta reforma legislativa de gran calado es fruto de la Convenci\u00f3n Internacional sobre de los Derechos de las Personas con Discapacidad firmada en el a\u00f1o 2006 (Convenci\u00f3n de Nueva York), la cual fue ratificada por Espa\u00f1a.<\/p>\n<p>A colaci\u00f3n de esta reforma, todas las personas tienen capacidad jur\u00eddica, y, por tanto, ya no existen personas incapacitadas judicialmente. En su lugar, nuestro ordenamiento positivo establece medidas de apoyo para las personas con discapacidad, a fin de que puedan ejercer su capacidad jur\u00eddica sin que otros individuos se aprovechen de su condici\u00f3n de discapacidad para enga\u00f1arlas, defraudarlas o, simplemente, en aras de evitar que puedan tomar decisiones desacertadas que, a posteriori, ellos mismos y sus familiares deban lamentar.<\/p>\n<h3><strong>Soluci\u00f3n jur\u00eddica: dos opciones<\/strong><\/h3>\n<p>Para que las personas con discapacidad puedan ejercer su capacidad jur\u00eddica en situaci\u00f3n de igualdad, el Libro II del C\u00f3digo Civil de Catalunya permite la designaci\u00f3n judicial de una persona que tiene que prestar la asistencia a personas que lo requieran, para que aquellos que anteriormente eran susceptibles de ser incapacitados, puedan seguir obrando en el tr\u00e1fico jur\u00eddico, pero mediante un acompa\u00f1amiento de una persona de confianza que les asista en su toma de decisiones. El objetivo es muy simple: la persona discapacitada \u2013incluso con problemas de cognici\u00f3n- sigue teniendo capacidad jur\u00eddica para la toma de decisiones, si bien con el apoyo de un asistente que le permitir\u00e1 operar con la informaci\u00f3n necesaria y bajo su supervisi\u00f3n, con una prestaci\u00f3n de la asistencia que se tiene que basar en la mejor interpretaci\u00f3n de la voluntad de la persona concernida y de sus preferencias.<\/p>\n<h3><strong>a. Designaci\u00f3n judicial de la asistencia<\/strong><\/h3>\n<p>En caso de que la persona con discapacidad requiera de apoyo, la autoridad judicial podr\u00e1 designar un asistente, estableciendo las medidas de control que estime oportunas con el fin de garantizar el respeto de los derechos, la voluntad y las preferencias de la persona, y tambi\u00e9n para evitar los abusos, los conflictos de intereses y la influencia indebida (art. 226-2.4 CCCat). El nombramiento de la persona que asiste y la toma de posesi\u00f3n del cargo se tienen que inscribir en el registro civil mediante la comunicaci\u00f3n de la resoluci\u00f3n judicial correspondiente (art. 226-2.5 CCCat).<\/p>\n<p>Son personas legitimadas para solicitar la designaci\u00f3n judicial de la asistencia la propia persona discapacitada, el c\u00f3nyuge que conviva con \u00e9l, sus padres o hijos, hermanos, as\u00ed como el Ministerio Fiscal cuando ninguna otra persona lo solicite.<\/p>\n<p>La solicitud de medidas se presentar\u00e1 en el Juzgado de Primera Instancia del lugar donde resida la persona con discapacidad. En la solicitud se incluir\u00e1n los documentos que la justifiquen. Es importante presentar informes de profesionales con medidas sugeridas.<\/p>\n<p>El juez citar\u00e1 a la persona con discapacidad, a quienes solicitaron las medidas y a otras personas de su entorno y los escuchar\u00e1. A partir de los documentos y de la comparecencia, decidir\u00e1 si corresponden medidas y las alternativas posibles.<\/p>\n<p>A todo ello, precisar que la regulaci\u00f3n actual es v\u00eda Ley 15\/2015, de 2 de julio, de la Jurisdicci\u00f3n Voluntaria (art. 42 bis a), b) y c) en cuanto a su \u00e1mbito de aplicaci\u00f3n, competencia, legitimaci\u00f3n, postulaci\u00f3n, procedimiento y revisi\u00f3n de las medidas judiciales adoptadas).<\/p>\n<h3><strong>b. Designaci\u00f3n notarial por la propia persona<\/strong><\/h3>\n<p>No obstante, la propia persona con discapacidad puede realizar por s\u00ed mismo un otorgamiento de asistencia mediante escritura p\u00fablica siempre que tenga el discernimiento necesario para intervenir en su propio nombre y derecho, y en ejercicio de la capacidad jur\u00eddica oportuna (no ser\u00eda posible en el caso de tener un deterioro grave de sus capacidades cognitivas).<\/p>\n<p>En este sentido, si la persona discapacitada no se opone a este tipo de medidas, recomendamos designar voluntariamente una persona asistente por la v\u00eda notarial (pudiendo prever sustitutos), designaci\u00f3n que constar\u00e1 en escritura p\u00fablica y que deber\u00e1 ser comunicada al registro civil para su inscripci\u00f3n (art. 226-3 CCCat).<\/p>\n<p>En la escritura notarial constar\u00e1 el contenido concreto de la asistencia, que puede ir desde un contenido patrimonial (formalizaci\u00f3n de hipotecas, contratos de compraventa o de arrendamiento, etc.) al m\u00e1s personal (seguimiento m\u00e9dico, cuidados, etc.), pudi\u00e9ndose acotar las medidas de control que precisa la persona asistida (por ejemplo, que no pueda retirar m\u00e1s de 300 \u20ac mensuales de su cuenta corriente sin el visto bueno del asistente).<\/p>\n<p>De esta forma, nos aseguramos que las medidas dispuestas puedan ser previamente supervisadas y validadas por la persona con discapacidad y su n\u00facleo familiar, ahorrando al cliente tanto el coste econ\u00f3mico que siempre supone acudir a la v\u00eda judicial, como, y todav\u00eda m\u00e1s importante, el tiempo que requiere esperar a la finalizaci\u00f3n del procedimiento y su resoluci\u00f3n judicial, as\u00ed como la molestia de la persona discapacitada de comparecer en un juicio y, por ejemplo, de someterse a una pericial judicial de \u00edndole m\u00e9dica. Por ende, la designaci\u00f3n notarial es una medida m\u00e1s econ\u00f3mica, m\u00e1s c\u00f3moda y m\u00e1s efectiva en t\u00e9rminos de celeridad.<\/p>\n<h3><strong>Conclusi\u00f3n<\/strong><\/h3>\n<p>En definitiva, ya sea mediante una designaci\u00f3n de asistencia judicial o notarial, con el otorgamiento de este tipo de medidas se logra blindar el actuar futuro de la persona con discapacidad, garantizando la ineficacia de los actos que esta persona asistida haga sin la intervenci\u00f3n de su asistente, siempre que dicha intervenci\u00f3n sea necesaria de acuerdo con las medidas de asistencia dispuestas.<\/p>\n<p>As\u00ed las cosas, de constar la pertinente medida, si, por ejemplo, la persona con discapacidad formaliza una hipoteca o un cr\u00e9dito bancario sin la intervenci\u00f3n del asistente, tendremos base legal suficiente para solicitar la anulabilidad de ese contrato en un plazo de 4 a\u00f1os desde su celebraci\u00f3n (art. 226-5 CCCat).<\/p>\n<p><em>El presente art\u00edculo es meramente divulgativo y no supone asesoramiento ni compromiso de actualizaci\u00f3n.<\/em><\/p>\n<p>Para m\u00e1s informaci\u00f3n o asesoramiento, contacta con\u00a0<strong>info@fernandezadvocats.es<\/strong>.<\/p>\n<p><em>\u00a0<\/em><\/p>\n<div id=\"gtx-trans\" style=\"position: absolute; left: -19px; top: 63.0278px;\">\n<div class=\"gtx-trans-icon\"><\/div>\n<\/div>\n","protected":false},"excerpt":{"rendered":"<p>DESCARGAR PDF Es habitual encontrarnos con la visita de clientes preocupados por el estado de salud de sus seres queridos, quienes tienen dificultades para su autonom\u00eda personal y la toma de decisiones ordinarias y extraordinarias en condiciones de igualdad (pi\u00e9nsese en personas de la tercera edad con demencia, Alzheimer o Parkinson, entre muchas otras enfermedades; [&hellip;]<\/p>\n","protected":false},"author":2,"featured_media":238505,"comment_status":"closed","ping_status":"closed","sticky":false,"template":"","format":"standard","meta":{"_et_pb_use_builder":"","_et_pb_old_content":"","_et_gb_content_width":"","footnotes":""},"categories":[28,40,67],"tags":[],"class_list":["post-238504","post","type-post","status-publish","format-standard","has-post-thumbnail","hentry","category-articulos-fa","category-derecho-civil","category-discapacidad"],"yoast_head":"<!-- This site is optimized with the Yoast SEO plugin v27.1.1 - https:\/\/yoast.com\/product\/yoast-seo-wordpress\/ -->\n<title>Designaci\u00f3n de asistencia a personas con discapacidad para el ejercicio de su capacidad jur\u00eddica en condiciones de igualdad | Fern\u00e1ndez Advocats<\/title>\n<meta name=\"robots\" content=\"index, follow, max-snippet:-1, max-image-preview:large, max-video-preview:-1\" \/>\n<link rel=\"canonical\" href=\"https:\/\/fernandezadvocats.es\/es\/designacion-de-asistencia-a-personas-con-discapacidad\/\" \/>\n<meta property=\"og:locale\" content=\"es_ES\" \/>\n<meta property=\"og:type\" content=\"article\" \/>\n<meta property=\"og:title\" content=\"Designaci\u00f3n de asistencia a personas con discapacidad para el ejercicio de su capacidad jur\u00eddica en condiciones de igualdad | Fern\u00e1ndez Advocats\" \/>\n<meta property=\"og:description\" content=\"DESCARGAR PDF Es habitual encontrarnos con la visita de clientes preocupados por el estado de salud de sus seres queridos, quienes tienen dificultades para su autonom\u00eda personal y la toma de decisiones ordinarias y extraordinarias en condiciones de igualdad (pi\u00e9nsese en personas de la tercera edad con demencia, Alzheimer o Parkinson, entre muchas otras enfermedades; [&hellip;]\" \/>\n<meta property=\"og:url\" content=\"https:\/\/fernandezadvocats.es\/es\/designacion-de-asistencia-a-personas-con-discapacidad\/\" \/>\n<meta property=\"og:site_name\" content=\"Fern\u00e1ndez Advocats\" \/>\n<meta property=\"article:published_time\" content=\"2025-02-17T09:24:54+00:00\" \/>\n<meta property=\"article:modified_time\" content=\"2025-02-17T17:37:17+00:00\" \/>\n<meta property=\"og:image\" content=\"https:\/\/fernandezadvocats.es\/wp-content\/uploads\/2025\/02\/happy-family-with-disabled-father-on-wheelchair-in-2024-11-17-08-52-42-utc-min-scaled.jpg\" \/>\n\t<meta property=\"og:image:width\" content=\"2560\" \/>\n\t<meta property=\"og:image:height\" content=\"1709\" \/>\n\t<meta property=\"og:image:type\" content=\"image\/jpeg\" \/>\n<meta name=\"author\" content=\"Fern\u00e1ndez Advocats\" \/>\n<meta name=\"twitter:card\" content=\"summary_large_image\" \/>\n<meta name=\"twitter:label1\" content=\"Escrito por\" \/>\n\t<meta name=\"twitter:data1\" content=\"Fern\u00e1ndez Advocats\" \/>\n\t<meta name=\"twitter:label2\" content=\"Tiempo de lectura\" \/>\n\t<meta name=\"twitter:data2\" content=\"7 minutos\" \/>\n<script type=\"application\/ld+json\" class=\"yoast-schema-graph\">{\"@context\":\"https:\/\/schema.org\",\"@graph\":[{\"@type\":\"Article\",\"@id\":\"https:\/\/fernandezadvocats.es\/es\/designacion-de-asistencia-a-personas-con-discapacidad\/#article\",\"isPartOf\":{\"@id\":\"https:\/\/fernandezadvocats.es\/es\/designacion-de-asistencia-a-personas-con-discapacidad\/\"},\"author\":{\"name\":\"Fern\u00e1ndez Advocats\",\"@id\":\"https:\/\/fernandezadvocats.es\/#\/schema\/person\/b07c77bdf07c1e11b12a56cae182b521\"},\"headline\":\"Designaci\u00f3n de asistencia a personas con discapacidad para el ejercicio de su capacidad jur\u00eddica en condiciones de igualdad\",\"datePublished\":\"2025-02-17T09:24:54+00:00\",\"dateModified\":\"2025-02-17T17:37:17+00:00\",\"mainEntityOfPage\":{\"@id\":\"https:\/\/fernandezadvocats.es\/es\/designacion-de-asistencia-a-personas-con-discapacidad\/\"},\"wordCount\":1176,\"publisher\":{\"@id\":\"https:\/\/fernandezadvocats.es\/#organization\"},\"image\":{\"@id\":\"https:\/\/fernandezadvocats.es\/es\/designacion-de-asistencia-a-personas-con-discapacidad\/#primaryimage\"},\"thumbnailUrl\":\"https:\/\/fernandezadvocats.es\/wp-content\/uploads\/2025\/02\/happy-family-with-disabled-father-on-wheelchair-in-2024-11-17-08-52-42-utc-min-scaled.jpg\",\"articleSection\":[\"Art\u00edculos FA\",\"Derecho Civil\",\"Discapacidad\"],\"inLanguage\":\"es\"},{\"@type\":\"WebPage\",\"@id\":\"https:\/\/fernandezadvocats.es\/es\/designacion-de-asistencia-a-personas-con-discapacidad\/\",\"url\":\"https:\/\/fernandezadvocats.es\/es\/designacion-de-asistencia-a-personas-con-discapacidad\/\",\"name\":\"Designaci\u00f3n de asistencia a personas con discapacidad para el ejercicio de su capacidad jur\u00eddica en condiciones de igualdad | Fern\u00e1ndez Advocats\",\"isPartOf\":{\"@id\":\"https:\/\/fernandezadvocats.es\/#website\"},\"primaryImageOfPage\":{\"@id\":\"https:\/\/fernandezadvocats.es\/es\/designacion-de-asistencia-a-personas-con-discapacidad\/#primaryimage\"},\"image\":{\"@id\":\"https:\/\/fernandezadvocats.es\/es\/designacion-de-asistencia-a-personas-con-discapacidad\/#primaryimage\"},\"thumbnailUrl\":\"https:\/\/fernandezadvocats.es\/wp-content\/uploads\/2025\/02\/happy-family-with-disabled-father-on-wheelchair-in-2024-11-17-08-52-42-utc-min-scaled.jpg\",\"datePublished\":\"2025-02-17T09:24:54+00:00\",\"dateModified\":\"2025-02-17T17:37:17+00:00\",\"breadcrumb\":{\"@id\":\"https:\/\/fernandezadvocats.es\/es\/designacion-de-asistencia-a-personas-con-discapacidad\/#breadcrumb\"},\"inLanguage\":\"es\",\"potentialAction\":[{\"@type\":\"ReadAction\",\"target\":[\"https:\/\/fernandezadvocats.es\/es\/designacion-de-asistencia-a-personas-con-discapacidad\/\"]}]},{\"@type\":\"ImageObject\",\"inLanguage\":\"es\",\"@id\":\"https:\/\/fernandezadvocats.es\/es\/designacion-de-asistencia-a-personas-con-discapacidad\/#primaryimage\",\"url\":\"https:\/\/fernandezadvocats.es\/wp-content\/uploads\/2025\/02\/happy-family-with-disabled-father-on-wheelchair-in-2024-11-17-08-52-42-utc-min-scaled.jpg\",\"contentUrl\":\"https:\/\/fernandezadvocats.es\/wp-content\/uploads\/2025\/02\/happy-family-with-disabled-father-on-wheelchair-in-2024-11-17-08-52-42-utc-min-scaled.jpg\",\"width\":2560,\"height\":1709},{\"@type\":\"BreadcrumbList\",\"@id\":\"https:\/\/fernandezadvocats.es\/es\/designacion-de-asistencia-a-personas-con-discapacidad\/#breadcrumb\",\"itemListElement\":[{\"@type\":\"ListItem\",\"position\":1,\"name\":\"Portada\",\"item\":\"https:\/\/fernandezadvocats.es\/es\/fernandez-advocats-berga\/\"},{\"@type\":\"ListItem\",\"position\":2,\"name\":\"Designaci\u00f3n de asistencia a personas con discapacidad para el ejercicio de su capacidad jur\u00eddica en condiciones de igualdad\"}]},{\"@type\":\"WebSite\",\"@id\":\"https:\/\/fernandezadvocats.es\/#website\",\"url\":\"https:\/\/fernandezadvocats.es\/\",\"name\":\"Fern\u00e1ndez Advocats\",\"description\":\"Advocats Berga i Barcelona\",\"publisher\":{\"@id\":\"https:\/\/fernandezadvocats.es\/#organization\"},\"alternateName\":\"Abogados Berga y Bracelona\",\"potentialAction\":[{\"@type\":\"SearchAction\",\"target\":{\"@type\":\"EntryPoint\",\"urlTemplate\":\"https:\/\/fernandezadvocats.es\/?s={search_term_string}\"},\"query-input\":{\"@type\":\"PropertyValueSpecification\",\"valueRequired\":true,\"valueName\":\"search_term_string\"}}],\"inLanguage\":\"es\"},{\"@type\":\"Organization\",\"@id\":\"https:\/\/fernandezadvocats.es\/#organization\",\"name\":\"Fern\u00e1ndez Advocats\",\"url\":\"https:\/\/fernandezadvocats.es\/\",\"logo\":{\"@type\":\"ImageObject\",\"inLanguage\":\"es\",\"@id\":\"https:\/\/fernandezadvocats.es\/#\/schema\/logo\/image\/\",\"url\":\"https:\/\/fernandezadvocats.es\/wp-content\/uploads\/2024\/11\/cropped-BF-e1731427554424.png\",\"contentUrl\":\"https:\/\/fernandezadvocats.es\/wp-content\/uploads\/2024\/11\/cropped-BF-e1731427554424.png\",\"width\":512,\"height\":512,\"caption\":\"Fern\u00e1ndez Advocats\"},\"image\":{\"@id\":\"https:\/\/fernandezadvocats.es\/#\/schema\/logo\/image\/\"}},{\"@type\":\"Person\",\"@id\":\"https:\/\/fernandezadvocats.es\/#\/schema\/person\/b07c77bdf07c1e11b12a56cae182b521\",\"name\":\"Fern\u00e1ndez Advocats\",\"image\":{\"@type\":\"ImageObject\",\"inLanguage\":\"es\",\"@id\":\"https:\/\/fernandezadvocats.es\/#\/schema\/person\/image\/\",\"url\":\"https:\/\/secure.gravatar.com\/avatar\/4fc29f47dccf5511fdf4ab55d2e22d915d944656636c10c38a1baf7a85eccbd2?s=96&d=mm&r=g\",\"contentUrl\":\"https:\/\/secure.gravatar.com\/avatar\/4fc29f47dccf5511fdf4ab55d2e22d915d944656636c10c38a1baf7a85eccbd2?s=96&d=mm&r=g\",\"caption\":\"Fern\u00e1ndez Advocats\"},\"sameAs\":[\"https:\/\/abogados.evotic.es\/\"],\"url\":\"https:\/\/fernandezadvocats.es\/es\/author\/javier\/\"}]}<\/script>\n<!-- \/ Yoast SEO plugin. -->","yoast_head_json":{"title":"Designaci\u00f3n de asistencia a personas con discapacidad para el ejercicio de su capacidad jur\u00eddica en condiciones de igualdad | Fern\u00e1ndez Advocats","robots":{"index":"index","follow":"follow","max-snippet":"max-snippet:-1","max-image-preview":"max-image-preview:large","max-video-preview":"max-video-preview:-1"},"canonical":"https:\/\/fernandezadvocats.es\/es\/designacion-de-asistencia-a-personas-con-discapacidad\/","og_locale":"es_ES","og_type":"article","og_title":"Designaci\u00f3n de asistencia a personas con discapacidad para el ejercicio de su capacidad jur\u00eddica en condiciones de igualdad | Fern\u00e1ndez Advocats","og_description":"DESCARGAR PDF Es habitual encontrarnos con la visita de clientes preocupados por el estado de salud de sus seres queridos, quienes tienen dificultades para su autonom\u00eda personal y la toma de decisiones ordinarias y extraordinarias en condiciones de igualdad (pi\u00e9nsese en personas de la tercera edad con demencia, Alzheimer o Parkinson, entre muchas otras enfermedades; [&hellip;]","og_url":"https:\/\/fernandezadvocats.es\/es\/designacion-de-asistencia-a-personas-con-discapacidad\/","og_site_name":"Fern\u00e1ndez Advocats","article_published_time":"2025-02-17T09:24:54+00:00","article_modified_time":"2025-02-17T17:37:17+00:00","og_image":[{"width":2560,"height":1709,"url":"https:\/\/fernandezadvocats.es\/wp-content\/uploads\/2025\/02\/happy-family-with-disabled-father-on-wheelchair-in-2024-11-17-08-52-42-utc-min-scaled.jpg","type":"image\/jpeg"}],"author":"Fern\u00e1ndez Advocats","twitter_card":"summary_large_image","twitter_misc":{"Escrito por":"Fern\u00e1ndez Advocats","Tiempo de lectura":"7 minutos"},"schema":{"@context":"https:\/\/schema.org","@graph":[{"@type":"Article","@id":"https:\/\/fernandezadvocats.es\/es\/designacion-de-asistencia-a-personas-con-discapacidad\/#article","isPartOf":{"@id":"https:\/\/fernandezadvocats.es\/es\/designacion-de-asistencia-a-personas-con-discapacidad\/"},"author":{"name":"Fern\u00e1ndez Advocats","@id":"https:\/\/fernandezadvocats.es\/#\/schema\/person\/b07c77bdf07c1e11b12a56cae182b521"},"headline":"Designaci\u00f3n de asistencia a personas con discapacidad para el ejercicio de su capacidad jur\u00eddica en condiciones de igualdad","datePublished":"2025-02-17T09:24:54+00:00","dateModified":"2025-02-17T17:37:17+00:00","mainEntityOfPage":{"@id":"https:\/\/fernandezadvocats.es\/es\/designacion-de-asistencia-a-personas-con-discapacidad\/"},"wordCount":1176,"publisher":{"@id":"https:\/\/fernandezadvocats.es\/#organization"},"image":{"@id":"https:\/\/fernandezadvocats.es\/es\/designacion-de-asistencia-a-personas-con-discapacidad\/#primaryimage"},"thumbnailUrl":"https:\/\/fernandezadvocats.es\/wp-content\/uploads\/2025\/02\/happy-family-with-disabled-father-on-wheelchair-in-2024-11-17-08-52-42-utc-min-scaled.jpg","articleSection":["Art\u00edculos FA","Derecho Civil","Discapacidad"],"inLanguage":"es"},{"@type":"WebPage","@id":"https:\/\/fernandezadvocats.es\/es\/designacion-de-asistencia-a-personas-con-discapacidad\/","url":"https:\/\/fernandezadvocats.es\/es\/designacion-de-asistencia-a-personas-con-discapacidad\/","name":"Designaci\u00f3n de asistencia a personas con discapacidad para el ejercicio de su capacidad jur\u00eddica en condiciones de igualdad | Fern\u00e1ndez Advocats","isPartOf":{"@id":"https:\/\/fernandezadvocats.es\/#website"},"primaryImageOfPage":{"@id":"https:\/\/fernandezadvocats.es\/es\/designacion-de-asistencia-a-personas-con-discapacidad\/#primaryimage"},"image":{"@id":"https:\/\/fernandezadvocats.es\/es\/designacion-de-asistencia-a-personas-con-discapacidad\/#primaryimage"},"thumbnailUrl":"https:\/\/fernandezadvocats.es\/wp-content\/uploads\/2025\/02\/happy-family-with-disabled-father-on-wheelchair-in-2024-11-17-08-52-42-utc-min-scaled.jpg","datePublished":"2025-02-17T09:24:54+00:00","dateModified":"2025-02-17T17:37:17+00:00","breadcrumb":{"@id":"https:\/\/fernandezadvocats.es\/es\/designacion-de-asistencia-a-personas-con-discapacidad\/#breadcrumb"},"inLanguage":"es","potentialAction":[{"@type":"ReadAction","target":["https:\/\/fernandezadvocats.es\/es\/designacion-de-asistencia-a-personas-con-discapacidad\/"]}]},{"@type":"ImageObject","inLanguage":"es","@id":"https:\/\/fernandezadvocats.es\/es\/designacion-de-asistencia-a-personas-con-discapacidad\/#primaryimage","url":"https:\/\/fernandezadvocats.es\/wp-content\/uploads\/2025\/02\/happy-family-with-disabled-father-on-wheelchair-in-2024-11-17-08-52-42-utc-min-scaled.jpg","contentUrl":"https:\/\/fernandezadvocats.es\/wp-content\/uploads\/2025\/02\/happy-family-with-disabled-father-on-wheelchair-in-2024-11-17-08-52-42-utc-min-scaled.jpg","width":2560,"height":1709},{"@type":"BreadcrumbList","@id":"https:\/\/fernandezadvocats.es\/es\/designacion-de-asistencia-a-personas-con-discapacidad\/#breadcrumb","itemListElement":[{"@type":"ListItem","position":1,"name":"Portada","item":"https:\/\/fernandezadvocats.es\/es\/fernandez-advocats-berga\/"},{"@type":"ListItem","position":2,"name":"Designaci\u00f3n de asistencia a personas con discapacidad para el ejercicio de su capacidad jur\u00eddica en condiciones de igualdad"}]},{"@type":"WebSite","@id":"https:\/\/fernandezadvocats.es\/#website","url":"https:\/\/fernandezadvocats.es\/","name":"Fern\u00e1ndez Advocats","description":"Advocats Berga i Barcelona","publisher":{"@id":"https:\/\/fernandezadvocats.es\/#organization"},"alternateName":"Abogados Berga y Bracelona","potentialAction":[{"@type":"SearchAction","target":{"@type":"EntryPoint","urlTemplate":"https:\/\/fernandezadvocats.es\/?s={search_term_string}"},"query-input":{"@type":"PropertyValueSpecification","valueRequired":true,"valueName":"search_term_string"}}],"inLanguage":"es"},{"@type":"Organization","@id":"https:\/\/fernandezadvocats.es\/#organization","name":"Fern\u00e1ndez Advocats","url":"https:\/\/fernandezadvocats.es\/","logo":{"@type":"ImageObject","inLanguage":"es","@id":"https:\/\/fernandezadvocats.es\/#\/schema\/logo\/image\/","url":"https:\/\/fernandezadvocats.es\/wp-content\/uploads\/2024\/11\/cropped-BF-e1731427554424.png","contentUrl":"https:\/\/fernandezadvocats.es\/wp-content\/uploads\/2024\/11\/cropped-BF-e1731427554424.png","width":512,"height":512,"caption":"Fern\u00e1ndez Advocats"},"image":{"@id":"https:\/\/fernandezadvocats.es\/#\/schema\/logo\/image\/"}},{"@type":"Person","@id":"https:\/\/fernandezadvocats.es\/#\/schema\/person\/b07c77bdf07c1e11b12a56cae182b521","name":"Fern\u00e1ndez Advocats","image":{"@type":"ImageObject","inLanguage":"es","@id":"https:\/\/fernandezadvocats.es\/#\/schema\/person\/image\/","url":"https:\/\/secure.gravatar.com\/avatar\/4fc29f47dccf5511fdf4ab55d2e22d915d944656636c10c38a1baf7a85eccbd2?s=96&d=mm&r=g","contentUrl":"https:\/\/secure.gravatar.com\/avatar\/4fc29f47dccf5511fdf4ab55d2e22d915d944656636c10c38a1baf7a85eccbd2?s=96&d=mm&r=g","caption":"Fern\u00e1ndez Advocats"},"sameAs":["https:\/\/abogados.evotic.es\/"],"url":"https:\/\/fernandezadvocats.es\/es\/author\/javier\/"}]}},"_links":{"self":[{"href":"https:\/\/fernandezadvocats.es\/es\/wp-json\/wp\/v2\/posts\/238504","targetHints":{"allow":["GET"]}}],"collection":[{"href":"https:\/\/fernandezadvocats.es\/es\/wp-json\/wp\/v2\/posts"}],"about":[{"href":"https:\/\/fernandezadvocats.es\/es\/wp-json\/wp\/v2\/types\/post"}],"author":[{"embeddable":true,"href":"https:\/\/fernandezadvocats.es\/es\/wp-json\/wp\/v2\/users\/2"}],"replies":[{"embeddable":true,"href":"https:\/\/fernandezadvocats.es\/es\/wp-json\/wp\/v2\/comments?post=238504"}],"version-history":[{"count":1,"href":"https:\/\/fernandezadvocats.es\/es\/wp-json\/wp\/v2\/posts\/238504\/revisions"}],"predecessor-version":[{"id":238509,"href":"https:\/\/fernandezadvocats.es\/es\/wp-json\/wp\/v2\/posts\/238504\/revisions\/238509"}],"wp:featuredmedia":[{"embeddable":true,"href":"https:\/\/fernandezadvocats.es\/es\/wp-json\/wp\/v2\/media\/238505"}],"wp:attachment":[{"href":"https:\/\/fernandezadvocats.es\/es\/wp-json\/wp\/v2\/media?parent=238504"}],"wp:term":[{"taxonomy":"category","embeddable":true,"href":"https:\/\/fernandezadvocats.es\/es\/wp-json\/wp\/v2\/categories?post=238504"},{"taxonomy":"post_tag","embeddable":true,"href":"https:\/\/fernandezadvocats.es\/es\/wp-json\/wp\/v2\/tags?post=238504"}],"curies":[{"name":"wp","href":"https:\/\/api.w.org\/{rel}","templated":true}]}}