{"id":238521,"date":"2025-02-20T12:32:53","date_gmt":"2025-02-20T11:32:53","guid":{"rendered":"https:\/\/fernandezadvocats.es\/?p=238521"},"modified":"2026-01-22T10:19:27","modified_gmt":"2026-01-22T09:19:27","slug":"interinos-en-el-sector-publico-retraso-en-los-procesos-de-estabilizacion","status":"publish","type":"post","link":"https:\/\/fernandezadvocats.es\/es\/interinos-en-el-sector-publico-retraso-en-los-procesos-de-estabilizacion\/","title":{"rendered":"Interinos en el sector p\u00fablico: una reflexi\u00f3n sobre la falta de finalizaci\u00f3n de los procesos de estabilizaci\u00f3n despu\u00e9s del 31 de diciembre de 2024."},"content":{"rendered":"<p data-start=\"163\" data-end=\"251\"><a href=\"https:\/\/fernandezadvocats.es\/wp-content\/uploads\/2025\/02\/interins-al-sector-public.pdf\"><strong>DESCARGAR PDF<\/strong><\/a><\/p>\n<h1 data-start=\"0\" data-end=\"88\"><strong data-start=\"2\" data-end=\"86\">Proceso de estabilizaci\u00f3n y Ley 20\/2021: Consecuencias del retraso en los plazos<\/strong><\/h1>\n<p data-start=\"90\" data-end=\"482\">La Ley 20\/2021, de 28 de diciembre, estableci\u00f3 medidas urgentes para reducir la temporalidad en el empleo p\u00fablico, fijando el 31 de diciembre de 2024 como fecha l\u00edmite para finalizar los procesos de estabilizaci\u00f3n. Sin embargo, muchas administraciones p\u00fablicas no han cumplido con este plazo, generando incertidumbre jur\u00eddica y dudas sobre las posibles consecuencias de este incumplimiento.<\/p>\n<h2 data-start=\"484\" data-end=\"558\"><strong data-start=\"487\" data-end=\"556\">\u00bfLos plazos de la Ley 20\/2021 son esenciales o solo orientativos?<\/strong><\/h2>\n<p data-start=\"560\" data-end=\"1033\">Una de las principales dudas es si superar el plazo establecido implica la invalidez de los procesos de estabilizaci\u00f3n u otras repercusiones legales. La Direcci\u00f3n General de Funci\u00f3n P\u00fablica, en su <strong data-start=\"757\" data-end=\"787\">Consulta n\u00fam. 157\/2022-MMM<\/strong>, interpret\u00f3 que estos plazos tienen un car\u00e1cter <strong data-start=\"836\" data-end=\"851\">no esencial<\/strong>, aunque siguen siendo obligatorios dentro del marco de los compromisos adquiridos con la Comisi\u00f3n Europea dentro del <strong data-start=\"969\" data-end=\"1030\">Plan de Recuperaci\u00f3n, Transformaci\u00f3n y Resiliencia (PRTR)<\/strong>.<\/p>\n<h3 data-start=\"1035\" data-end=\"1094\"><strong data-start=\"1039\" data-end=\"1092\">Extractos destacados de la Consulta 157\/2022-MMM:<\/strong><\/h3>\n<p data-start=\"1095\" data-end=\"1431\">\ud83d\udccc <em data-start=\"1098\" data-end=\"1237\">\u00abLos plazos de la Ley 20\/2021 carecen desde el punto de vista jur\u00eddico de car\u00e1cter esencial y su dilaci\u00f3n supondr\u00eda un vicio subsanable.\u00bb<\/em><br data-start=\"1237\" data-end=\"1240\" \/>\ud83d\udccc <em data-start=\"1243\" data-end=\"1429\">\u00abSi se producen disfunciones en las fechas anteriores, pero se llega al objetivo final, se continuar\u00eda satisfaciendo el prop\u00f3sito de reducci\u00f3n de la temporalidad en el empleo p\u00fablico.\u00bb<\/em><\/p>\n<p data-start=\"1433\" data-end=\"1572\">Esto implica que, aunque el retraso no invalida los procesos, s\u00ed puede afectar la disponibilidad de fondos europeos para su financiaci\u00f3n.<\/p>\n<h2 data-start=\"1574\" data-end=\"1620\"><strong data-start=\"1577\" data-end=\"1618\">Implicaciones jur\u00eddicas seg\u00fan el TJUE<\/strong><\/h2>\n<p data-start=\"1622\" data-end=\"1888\">Desde la publicaci\u00f3n de esta consulta, el <strong data-start=\"1664\" data-end=\"1715\">Tribunal de Justicia de la Uni\u00f3n Europea (TJUE)<\/strong> ha emitido nuevas interpretaciones sobre la estabilizaci\u00f3n del empleo p\u00fablico, destacando la <strong data-start=\"1809\" data-end=\"1885\">Sentencia de la Sala Sexta del 13 de junio de 2024 (C-331\/22 y C-332\/22)<\/strong>.<\/p>\n<p data-start=\"1890\" data-end=\"2253\">\ud83d\udd39 <strong data-start=\"1893\" data-end=\"1960\">Principales cr\u00edticas del TJUE a los procesos de estabilizaci\u00f3n:<\/strong><br data-start=\"1960\" data-end=\"1963\" \/>\u2714\ufe0f No garantizan una sanci\u00f3n adecuada contra el abuso de la temporalidad.<br data-start=\"2036\" data-end=\"2039\" \/>\u2714\ufe0f Permiten la participaci\u00f3n de candidatos externos, afectando a los trabajadores temporales perjudicados.<br data-start=\"2145\" data-end=\"2148\" \/>\u2714\ufe0f La indemnizaci\u00f3n para los empleados que no superen el proceso selectivo no es una medida suficiente.<\/p>\n<p data-start=\"2255\" data-end=\"2420\">Estas valoraciones ponen en duda la efectividad de los procesos de estabilizaci\u00f3n como medida para corregir el uso abusivo de la temporalidad en el sector p\u00fablico.<\/p>\n<h2 data-start=\"2422\" data-end=\"2484\"><strong data-start=\"2425\" data-end=\"2482\">\u00bfQu\u00e9 pasa si no se cumple el plazo de la Ley 20\/2021?<\/strong><\/h2>\n<p data-start=\"2486\" data-end=\"2631\">Aunque la ley no establece consecuencias espec\u00edficas por el incumplimiento de los plazos, esto no significa que no tenga implicaciones legales.<\/p>\n<p data-start=\"2633\" data-end=\"2992\">\ud83d\udca1 <strong data-start=\"2636\" data-end=\"2668\">Aspectos clave a considerar:<\/strong><br data-start=\"2668\" data-end=\"2671\" \/>\u27a1\ufe0f <strong data-start=\"2674\" data-end=\"2709\">Posible nulidad de los procesos<\/strong> si se interpreta que el retraso afecta los derechos de los trabajadores.<br data-start=\"2782\" data-end=\"2785\" \/>\u27a1\ufe0f <strong data-start=\"2788\" data-end=\"2823\">P\u00e9rdida de financiaci\u00f3n europea<\/strong> por el incumplimiento de los compromisos del PRTR.<br data-start=\"2874\" data-end=\"2877\" \/>\u27a1\ufe0f <strong data-start=\"2880\" data-end=\"2935\">Derecho de los afectados a reclamar indemnizaciones<\/strong> si pueden demostrar un perjuicio derivado del retraso.<\/p>\n<h2 data-start=\"2994\" data-end=\"3048\"><strong data-start=\"2997\" data-end=\"3046\">Conclusi\u00f3n: \u00bfC\u00f3mo actuar ante esta situaci\u00f3n?<\/strong><\/h2>\n<p data-start=\"3050\" data-end=\"3233\">Ante la incertidumbre jur\u00eddica actual, es fundamental analizar <strong data-start=\"3113\" data-end=\"3146\">cada caso de forma individual<\/strong> y evaluar las posibles acciones legales para proteger los derechos de los afectados.<\/p>\n<p data-start=\"3235\" data-end=\"3400\">\ud83d\udccc Si tienes dudas sobre c\u00f3mo te afecta la Ley 20\/2021 o quieres saber si puedes reclamar, contacta con <strong data-start=\"3339\" data-end=\"3361\">Fern\u00e1ndez Advocats<\/strong> para un asesoramiento personalizado.<\/p>\n<p data-start=\"3402\" data-end=\"3485\" data-is-last-node=\"\" data-is-only-node=\"\">\ud83d\udce9 <strong data-start=\"3405\" data-end=\"3434\"><a rel=\"noopener\" data-start=\"3407\" data-end=\"3432\">info@fernandezadvocats.es<\/a><\/strong><\/p>\n","protected":false},"excerpt":{"rendered":"<p>DESCARGAR PDF Proceso de estabilizaci\u00f3n y Ley 20\/2021: Consecuencias del retraso en los plazos La Ley 20\/2021, de 28 de diciembre, estableci\u00f3 medidas urgentes para reducir la temporalidad en el empleo p\u00fablico, fijando el 31 de diciembre de 2024 como fecha l\u00edmite para finalizar los procesos de estabilizaci\u00f3n. Sin embargo, muchas administraciones p\u00fablicas no han [&hellip;]<\/p>\n","protected":false},"author":2,"featured_media":238515,"comment_status":"closed","ping_status":"closed","sticky":false,"template":"","format":"standard","meta":{"_et_pb_use_builder":"","_et_pb_old_content":"","_et_gb_content_width":"","footnotes":""},"categories":[71,28,72],"tags":[],"class_list":["post-238521","post","type-post","status-publish","format-standard","has-post-thumbnail","hentry","category-administracion-publica","category-articulos-fa","category-interinos"],"yoast_head":"<!-- This site is optimized with the Yoast SEO plugin v27.1.1 - https:\/\/yoast.com\/product\/yoast-seo-wordpress\/ -->\n<title>Interinos en el sector p\u00fablico: una reflexi\u00f3n sobre la falta de finalizaci\u00f3n de los procesos de estabilizaci\u00f3n despu\u00e9s del 31 de diciembre de 2024. | Fern\u00e1ndez Advocats<\/title>\n<meta name=\"robots\" content=\"index, follow, max-snippet:-1, max-image-preview:large, max-video-preview:-1\" \/>\n<link rel=\"canonical\" href=\"https:\/\/fernandezadvocats.es\/es\/interinos-en-el-sector-publico-retraso-en-los-procesos-de-estabilizacion\/\" \/>\n<meta property=\"og:locale\" content=\"es_ES\" \/>\n<meta property=\"og:type\" content=\"article\" \/>\n<meta property=\"og:title\" content=\"Interinos en el sector p\u00fablico: una reflexi\u00f3n sobre la falta de finalizaci\u00f3n de los procesos de estabilizaci\u00f3n despu\u00e9s del 31 de diciembre de 2024. | Fern\u00e1ndez Advocats\" \/>\n<meta property=\"og:description\" content=\"DESCARGAR PDF Proceso de estabilizaci\u00f3n y Ley 20\/2021: Consecuencias del retraso en los plazos La Ley 20\/2021, de 28 de diciembre, estableci\u00f3 medidas urgentes para reducir la temporalidad en el empleo p\u00fablico, fijando el 31 de diciembre de 2024 como fecha l\u00edmite para finalizar los procesos de estabilizaci\u00f3n. Sin embargo, muchas administraciones p\u00fablicas no han [&hellip;]\" \/>\n<meta property=\"og:url\" content=\"https:\/\/fernandezadvocats.es\/es\/interinos-en-el-sector-publico-retraso-en-los-procesos-de-estabilizacion\/\" \/>\n<meta property=\"og:site_name\" content=\"Fern\u00e1ndez Advocats\" \/>\n<meta property=\"article:published_time\" content=\"2025-02-20T11:32:53+00:00\" \/>\n<meta property=\"article:modified_time\" content=\"2026-01-22T09:19:27+00:00\" \/>\n<meta property=\"og:image\" content=\"https:\/\/fernandezadvocats.es\/wp-content\/uploads\/2025\/02\/corporate-business-2023-11-27-05-20-32-utc-1-min-scaled.jpg\" \/>\n\t<meta property=\"og:image:width\" content=\"2560\" \/>\n\t<meta property=\"og:image:height\" content=\"1707\" \/>\n\t<meta property=\"og:image:type\" content=\"image\/jpeg\" \/>\n<meta name=\"author\" content=\"Fern\u00e1ndez Advocats\" \/>\n<meta name=\"twitter:card\" content=\"summary_large_image\" \/>\n<meta name=\"twitter:label1\" content=\"Escrito por\" \/>\n\t<meta name=\"twitter:data1\" content=\"Fern\u00e1ndez Advocats\" \/>\n\t<meta name=\"twitter:label2\" content=\"Tiempo de lectura\" \/>\n\t<meta name=\"twitter:data2\" content=\"3 minutos\" \/>\n<script type=\"application\/ld+json\" class=\"yoast-schema-graph\">{\"@context\":\"https:\/\/schema.org\",\"@graph\":[{\"@type\":\"Article\",\"@id\":\"https:\/\/fernandezadvocats.es\/es\/interinos-en-el-sector-publico-retraso-en-los-procesos-de-estabilizacion\/#article\",\"isPartOf\":{\"@id\":\"https:\/\/fernandezadvocats.es\/es\/interinos-en-el-sector-publico-retraso-en-los-procesos-de-estabilizacion\/\"},\"author\":{\"name\":\"Fern\u00e1ndez Advocats\",\"@id\":\"https:\/\/fernandezadvocats.es\/#\/schema\/person\/b07c77bdf07c1e11b12a56cae182b521\"},\"headline\":\"Interinos en el sector p\u00fablico: una reflexi\u00f3n sobre la falta de finalizaci\u00f3n de los procesos de estabilizaci\u00f3n despu\u00e9s del 31 de diciembre de 2024.\",\"datePublished\":\"2025-02-20T11:32:53+00:00\",\"dateModified\":\"2026-01-22T09:19:27+00:00\",\"mainEntityOfPage\":{\"@id\":\"https:\/\/fernandezadvocats.es\/es\/interinos-en-el-sector-publico-retraso-en-los-procesos-de-estabilizacion\/\"},\"wordCount\":549,\"publisher\":{\"@id\":\"https:\/\/fernandezadvocats.es\/#organization\"},\"image\":{\"@id\":\"https:\/\/fernandezadvocats.es\/es\/interinos-en-el-sector-publico-retraso-en-los-procesos-de-estabilizacion\/#primaryimage\"},\"thumbnailUrl\":\"https:\/\/fernandezadvocats.es\/wp-content\/uploads\/2025\/02\/corporate-business-2023-11-27-05-20-32-utc-1-min-scaled.jpg\",\"articleSection\":[\"Administraci\u00f3n P\u00fablica\",\"Art\u00edculos FA\",\"Interinos\"],\"inLanguage\":\"es\"},{\"@type\":\"WebPage\",\"@id\":\"https:\/\/fernandezadvocats.es\/es\/interinos-en-el-sector-publico-retraso-en-los-procesos-de-estabilizacion\/\",\"url\":\"https:\/\/fernandezadvocats.es\/es\/interinos-en-el-sector-publico-retraso-en-los-procesos-de-estabilizacion\/\",\"name\":\"Interinos en el sector p\u00fablico: una reflexi\u00f3n sobre la falta de finalizaci\u00f3n de los procesos de estabilizaci\u00f3n despu\u00e9s del 31 de diciembre de 2024. | Fern\u00e1ndez Advocats\",\"isPartOf\":{\"@id\":\"https:\/\/fernandezadvocats.es\/#website\"},\"primaryImageOfPage\":{\"@id\":\"https:\/\/fernandezadvocats.es\/es\/interinos-en-el-sector-publico-retraso-en-los-procesos-de-estabilizacion\/#primaryimage\"},\"image\":{\"@id\":\"https:\/\/fernandezadvocats.es\/es\/interinos-en-el-sector-publico-retraso-en-los-procesos-de-estabilizacion\/#primaryimage\"},\"thumbnailUrl\":\"https:\/\/fernandezadvocats.es\/wp-content\/uploads\/2025\/02\/corporate-business-2023-11-27-05-20-32-utc-1-min-scaled.jpg\",\"datePublished\":\"2025-02-20T11:32:53+00:00\",\"dateModified\":\"2026-01-22T09:19:27+00:00\",\"breadcrumb\":{\"@id\":\"https:\/\/fernandezadvocats.es\/es\/interinos-en-el-sector-publico-retraso-en-los-procesos-de-estabilizacion\/#breadcrumb\"},\"inLanguage\":\"es\",\"potentialAction\":[{\"@type\":\"ReadAction\",\"target\":[\"https:\/\/fernandezadvocats.es\/es\/interinos-en-el-sector-publico-retraso-en-los-procesos-de-estabilizacion\/\"]}]},{\"@type\":\"ImageObject\",\"inLanguage\":\"es\",\"@id\":\"https:\/\/fernandezadvocats.es\/es\/interinos-en-el-sector-publico-retraso-en-los-procesos-de-estabilizacion\/#primaryimage\",\"url\":\"https:\/\/fernandezadvocats.es\/wp-content\/uploads\/2025\/02\/corporate-business-2023-11-27-05-20-32-utc-1-min-scaled.jpg\",\"contentUrl\":\"https:\/\/fernandezadvocats.es\/wp-content\/uploads\/2025\/02\/corporate-business-2023-11-27-05-20-32-utc-1-min-scaled.jpg\",\"width\":2560,\"height\":1707},{\"@type\":\"BreadcrumbList\",\"@id\":\"https:\/\/fernandezadvocats.es\/es\/interinos-en-el-sector-publico-retraso-en-los-procesos-de-estabilizacion\/#breadcrumb\",\"itemListElement\":[{\"@type\":\"ListItem\",\"position\":1,\"name\":\"Portada\",\"item\":\"https:\/\/fernandezadvocats.es\/es\/fernandez-advocats-berga\/\"},{\"@type\":\"ListItem\",\"position\":2,\"name\":\"Interinos en el sector p\u00fablico: una reflexi\u00f3n sobre la falta de finalizaci\u00f3n de los procesos de estabilizaci\u00f3n despu\u00e9s del 31 de diciembre de 2024.\"}]},{\"@type\":\"WebSite\",\"@id\":\"https:\/\/fernandezadvocats.es\/#website\",\"url\":\"https:\/\/fernandezadvocats.es\/\",\"name\":\"Fern\u00e1ndez Advocats\",\"description\":\"Advocats Berga i Barcelona\",\"publisher\":{\"@id\":\"https:\/\/fernandezadvocats.es\/#organization\"},\"alternateName\":\"Abogados Berga y Bracelona\",\"potentialAction\":[{\"@type\":\"SearchAction\",\"target\":{\"@type\":\"EntryPoint\",\"urlTemplate\":\"https:\/\/fernandezadvocats.es\/?s={search_term_string}\"},\"query-input\":{\"@type\":\"PropertyValueSpecification\",\"valueRequired\":true,\"valueName\":\"search_term_string\"}}],\"inLanguage\":\"es\"},{\"@type\":\"Organization\",\"@id\":\"https:\/\/fernandezadvocats.es\/#organization\",\"name\":\"Fern\u00e1ndez Advocats\",\"url\":\"https:\/\/fernandezadvocats.es\/\",\"logo\":{\"@type\":\"ImageObject\",\"inLanguage\":\"es\",\"@id\":\"https:\/\/fernandezadvocats.es\/#\/schema\/logo\/image\/\",\"url\":\"https:\/\/fernandezadvocats.es\/wp-content\/uploads\/2024\/11\/cropped-BF-e1731427554424.png\",\"contentUrl\":\"https:\/\/fernandezadvocats.es\/wp-content\/uploads\/2024\/11\/cropped-BF-e1731427554424.png\",\"width\":512,\"height\":512,\"caption\":\"Fern\u00e1ndez Advocats\"},\"image\":{\"@id\":\"https:\/\/fernandezadvocats.es\/#\/schema\/logo\/image\/\"}},{\"@type\":\"Person\",\"@id\":\"https:\/\/fernandezadvocats.es\/#\/schema\/person\/b07c77bdf07c1e11b12a56cae182b521\",\"name\":\"Fern\u00e1ndez Advocats\",\"image\":{\"@type\":\"ImageObject\",\"inLanguage\":\"es\",\"@id\":\"https:\/\/fernandezadvocats.es\/#\/schema\/person\/image\/\",\"url\":\"https:\/\/secure.gravatar.com\/avatar\/4fc29f47dccf5511fdf4ab55d2e22d915d944656636c10c38a1baf7a85eccbd2?s=96&d=mm&r=g\",\"contentUrl\":\"https:\/\/secure.gravatar.com\/avatar\/4fc29f47dccf5511fdf4ab55d2e22d915d944656636c10c38a1baf7a85eccbd2?s=96&d=mm&r=g\",\"caption\":\"Fern\u00e1ndez Advocats\"},\"sameAs\":[\"https:\/\/abogados.evotic.es\/\"],\"url\":\"https:\/\/fernandezadvocats.es\/es\/author\/javier\/\"}]}<\/script>\n<!-- \/ Yoast SEO plugin. -->","yoast_head_json":{"title":"Interinos en el sector p\u00fablico: una reflexi\u00f3n sobre la falta de finalizaci\u00f3n de los procesos de estabilizaci\u00f3n despu\u00e9s del 31 de diciembre de 2024. | Fern\u00e1ndez Advocats","robots":{"index":"index","follow":"follow","max-snippet":"max-snippet:-1","max-image-preview":"max-image-preview:large","max-video-preview":"max-video-preview:-1"},"canonical":"https:\/\/fernandezadvocats.es\/es\/interinos-en-el-sector-publico-retraso-en-los-procesos-de-estabilizacion\/","og_locale":"es_ES","og_type":"article","og_title":"Interinos en el sector p\u00fablico: una reflexi\u00f3n sobre la falta de finalizaci\u00f3n de los procesos de estabilizaci\u00f3n despu\u00e9s del 31 de diciembre de 2024. | Fern\u00e1ndez Advocats","og_description":"DESCARGAR PDF Proceso de estabilizaci\u00f3n y Ley 20\/2021: Consecuencias del retraso en los plazos La Ley 20\/2021, de 28 de diciembre, estableci\u00f3 medidas urgentes para reducir la temporalidad en el empleo p\u00fablico, fijando el 31 de diciembre de 2024 como fecha l\u00edmite para finalizar los procesos de estabilizaci\u00f3n. Sin embargo, muchas administraciones p\u00fablicas no han [&hellip;]","og_url":"https:\/\/fernandezadvocats.es\/es\/interinos-en-el-sector-publico-retraso-en-los-procesos-de-estabilizacion\/","og_site_name":"Fern\u00e1ndez Advocats","article_published_time":"2025-02-20T11:32:53+00:00","article_modified_time":"2026-01-22T09:19:27+00:00","og_image":[{"width":2560,"height":1707,"url":"https:\/\/fernandezadvocats.es\/wp-content\/uploads\/2025\/02\/corporate-business-2023-11-27-05-20-32-utc-1-min-scaled.jpg","type":"image\/jpeg"}],"author":"Fern\u00e1ndez Advocats","twitter_card":"summary_large_image","twitter_misc":{"Escrito por":"Fern\u00e1ndez Advocats","Tiempo de lectura":"3 minutos"},"schema":{"@context":"https:\/\/schema.org","@graph":[{"@type":"Article","@id":"https:\/\/fernandezadvocats.es\/es\/interinos-en-el-sector-publico-retraso-en-los-procesos-de-estabilizacion\/#article","isPartOf":{"@id":"https:\/\/fernandezadvocats.es\/es\/interinos-en-el-sector-publico-retraso-en-los-procesos-de-estabilizacion\/"},"author":{"name":"Fern\u00e1ndez Advocats","@id":"https:\/\/fernandezadvocats.es\/#\/schema\/person\/b07c77bdf07c1e11b12a56cae182b521"},"headline":"Interinos en el sector p\u00fablico: una reflexi\u00f3n sobre la falta de finalizaci\u00f3n de los procesos de estabilizaci\u00f3n despu\u00e9s del 31 de diciembre de 2024.","datePublished":"2025-02-20T11:32:53+00:00","dateModified":"2026-01-22T09:19:27+00:00","mainEntityOfPage":{"@id":"https:\/\/fernandezadvocats.es\/es\/interinos-en-el-sector-publico-retraso-en-los-procesos-de-estabilizacion\/"},"wordCount":549,"publisher":{"@id":"https:\/\/fernandezadvocats.es\/#organization"},"image":{"@id":"https:\/\/fernandezadvocats.es\/es\/interinos-en-el-sector-publico-retraso-en-los-procesos-de-estabilizacion\/#primaryimage"},"thumbnailUrl":"https:\/\/fernandezadvocats.es\/wp-content\/uploads\/2025\/02\/corporate-business-2023-11-27-05-20-32-utc-1-min-scaled.jpg","articleSection":["Administraci\u00f3n P\u00fablica","Art\u00edculos FA","Interinos"],"inLanguage":"es"},{"@type":"WebPage","@id":"https:\/\/fernandezadvocats.es\/es\/interinos-en-el-sector-publico-retraso-en-los-procesos-de-estabilizacion\/","url":"https:\/\/fernandezadvocats.es\/es\/interinos-en-el-sector-publico-retraso-en-los-procesos-de-estabilizacion\/","name":"Interinos en el sector p\u00fablico: una reflexi\u00f3n sobre la falta de finalizaci\u00f3n de los procesos de estabilizaci\u00f3n despu\u00e9s del 31 de diciembre de 2024. | Fern\u00e1ndez Advocats","isPartOf":{"@id":"https:\/\/fernandezadvocats.es\/#website"},"primaryImageOfPage":{"@id":"https:\/\/fernandezadvocats.es\/es\/interinos-en-el-sector-publico-retraso-en-los-procesos-de-estabilizacion\/#primaryimage"},"image":{"@id":"https:\/\/fernandezadvocats.es\/es\/interinos-en-el-sector-publico-retraso-en-los-procesos-de-estabilizacion\/#primaryimage"},"thumbnailUrl":"https:\/\/fernandezadvocats.es\/wp-content\/uploads\/2025\/02\/corporate-business-2023-11-27-05-20-32-utc-1-min-scaled.jpg","datePublished":"2025-02-20T11:32:53+00:00","dateModified":"2026-01-22T09:19:27+00:00","breadcrumb":{"@id":"https:\/\/fernandezadvocats.es\/es\/interinos-en-el-sector-publico-retraso-en-los-procesos-de-estabilizacion\/#breadcrumb"},"inLanguage":"es","potentialAction":[{"@type":"ReadAction","target":["https:\/\/fernandezadvocats.es\/es\/interinos-en-el-sector-publico-retraso-en-los-procesos-de-estabilizacion\/"]}]},{"@type":"ImageObject","inLanguage":"es","@id":"https:\/\/fernandezadvocats.es\/es\/interinos-en-el-sector-publico-retraso-en-los-procesos-de-estabilizacion\/#primaryimage","url":"https:\/\/fernandezadvocats.es\/wp-content\/uploads\/2025\/02\/corporate-business-2023-11-27-05-20-32-utc-1-min-scaled.jpg","contentUrl":"https:\/\/fernandezadvocats.es\/wp-content\/uploads\/2025\/02\/corporate-business-2023-11-27-05-20-32-utc-1-min-scaled.jpg","width":2560,"height":1707},{"@type":"BreadcrumbList","@id":"https:\/\/fernandezadvocats.es\/es\/interinos-en-el-sector-publico-retraso-en-los-procesos-de-estabilizacion\/#breadcrumb","itemListElement":[{"@type":"ListItem","position":1,"name":"Portada","item":"https:\/\/fernandezadvocats.es\/es\/fernandez-advocats-berga\/"},{"@type":"ListItem","position":2,"name":"Interinos en el sector p\u00fablico: una reflexi\u00f3n sobre la falta de finalizaci\u00f3n de los procesos de estabilizaci\u00f3n despu\u00e9s del 31 de diciembre de 2024."}]},{"@type":"WebSite","@id":"https:\/\/fernandezadvocats.es\/#website","url":"https:\/\/fernandezadvocats.es\/","name":"Fern\u00e1ndez Advocats","description":"Advocats Berga i Barcelona","publisher":{"@id":"https:\/\/fernandezadvocats.es\/#organization"},"alternateName":"Abogados Berga y Bracelona","potentialAction":[{"@type":"SearchAction","target":{"@type":"EntryPoint","urlTemplate":"https:\/\/fernandezadvocats.es\/?s={search_term_string}"},"query-input":{"@type":"PropertyValueSpecification","valueRequired":true,"valueName":"search_term_string"}}],"inLanguage":"es"},{"@type":"Organization","@id":"https:\/\/fernandezadvocats.es\/#organization","name":"Fern\u00e1ndez Advocats","url":"https:\/\/fernandezadvocats.es\/","logo":{"@type":"ImageObject","inLanguage":"es","@id":"https:\/\/fernandezadvocats.es\/#\/schema\/logo\/image\/","url":"https:\/\/fernandezadvocats.es\/wp-content\/uploads\/2024\/11\/cropped-BF-e1731427554424.png","contentUrl":"https:\/\/fernandezadvocats.es\/wp-content\/uploads\/2024\/11\/cropped-BF-e1731427554424.png","width":512,"height":512,"caption":"Fern\u00e1ndez Advocats"},"image":{"@id":"https:\/\/fernandezadvocats.es\/#\/schema\/logo\/image\/"}},{"@type":"Person","@id":"https:\/\/fernandezadvocats.es\/#\/schema\/person\/b07c77bdf07c1e11b12a56cae182b521","name":"Fern\u00e1ndez Advocats","image":{"@type":"ImageObject","inLanguage":"es","@id":"https:\/\/fernandezadvocats.es\/#\/schema\/person\/image\/","url":"https:\/\/secure.gravatar.com\/avatar\/4fc29f47dccf5511fdf4ab55d2e22d915d944656636c10c38a1baf7a85eccbd2?s=96&d=mm&r=g","contentUrl":"https:\/\/secure.gravatar.com\/avatar\/4fc29f47dccf5511fdf4ab55d2e22d915d944656636c10c38a1baf7a85eccbd2?s=96&d=mm&r=g","caption":"Fern\u00e1ndez Advocats"},"sameAs":["https:\/\/abogados.evotic.es\/"],"url":"https:\/\/fernandezadvocats.es\/es\/author\/javier\/"}]}},"_links":{"self":[{"href":"https:\/\/fernandezadvocats.es\/es\/wp-json\/wp\/v2\/posts\/238521","targetHints":{"allow":["GET"]}}],"collection":[{"href":"https:\/\/fernandezadvocats.es\/es\/wp-json\/wp\/v2\/posts"}],"about":[{"href":"https:\/\/fernandezadvocats.es\/es\/wp-json\/wp\/v2\/types\/post"}],"author":[{"embeddable":true,"href":"https:\/\/fernandezadvocats.es\/es\/wp-json\/wp\/v2\/users\/2"}],"replies":[{"embeddable":true,"href":"https:\/\/fernandezadvocats.es\/es\/wp-json\/wp\/v2\/comments?post=238521"}],"version-history":[{"count":1,"href":"https:\/\/fernandezadvocats.es\/es\/wp-json\/wp\/v2\/posts\/238521\/revisions"}],"predecessor-version":[{"id":238522,"href":"https:\/\/fernandezadvocats.es\/es\/wp-json\/wp\/v2\/posts\/238521\/revisions\/238522"}],"wp:featuredmedia":[{"embeddable":true,"href":"https:\/\/fernandezadvocats.es\/es\/wp-json\/wp\/v2\/media\/238515"}],"wp:attachment":[{"href":"https:\/\/fernandezadvocats.es\/es\/wp-json\/wp\/v2\/media?parent=238521"}],"wp:term":[{"taxonomy":"category","embeddable":true,"href":"https:\/\/fernandezadvocats.es\/es\/wp-json\/wp\/v2\/categories?post=238521"},{"taxonomy":"post_tag","embeddable":true,"href":"https:\/\/fernandezadvocats.es\/es\/wp-json\/wp\/v2\/tags?post=238521"}],"curies":[{"name":"wp","href":"https:\/\/api.w.org\/{rel}","templated":true}]}}