{"id":238552,"date":"2025-03-04T15:38:50","date_gmt":"2025-03-04T14:38:50","guid":{"rendered":"https:\/\/fernandezadvocats.es\/?p=238552"},"modified":"2025-03-05T12:34:44","modified_gmt":"2025-03-05T11:34:44","slug":"vulnerabilidad-del-inquilino-en-desahucios-y-ejecuciones","status":"publish","type":"post","link":"https:\/\/fernandezadvocats.es\/es\/vulnerabilidad-del-inquilino-en-desahucios-y-ejecuciones\/","title":{"rendered":"El Tribunal Constitucional anula la obligaci\u00f3n de los grandes tenedores de acreditar la vulnerabilidad del inquilino en desahucios y ejecuciones"},"content":{"rendered":"<p><a href=\"https:\/\/fernandezadvocats.es\/wp-content\/uploads\/2025\/03\/Article-sobre-inconstitucionalitat-arts.-439.6-i-7-i-655-bis-LEC.pdf\"><strong>DESCARGAR ART\u00cdCULO COMPLETO EN PDF<\/strong><\/a><\/p>\n<p>Recientemente, el Pleno del Tribunal Constitucional ha dictado una sentencia de gran relevancia, con fecha de 29 de enero de 2025, en respuesta al recurso de inconstitucionalidad presentado por 136 diputados del Grupo Parlamentario Popular. La impugnaci\u00f3n se dirigi\u00f3 contra diversos preceptos de la Ley 12\/2023, de 24 de mayo, por el derecho a la vivienda, entre ellos, la obligaci\u00f3n impuesta a los grandes tenedores de acreditar la situaci\u00f3n de vulnerabilidad econ\u00f3mica del demandado o ejecutado antes de interponer una demanda de desahucio o iniciar la v\u00eda de apremio.<\/p>\n<h3>Fundamentos de la Declaraci\u00f3n de Inconstitucionalidad<\/h3>\n<p>El Tribunal Constitucional ha declarado inconstitucionales los arts. 439.6 y 655 bis 1 de la Ley de Enjuiciamiento Civil (LEC), que establec\u00edan la mencionada obligaci\u00f3n. Seg\u00fan el Tribunal, estos preceptos vulneran el derecho fundamental a la tutela judicial efectiva (art. 24.1 de la Constituci\u00f3n Espa\u00f1ola). La doctrina constitucional ha reiterado en varias ocasiones que el acceso a la jurisdicci\u00f3n es el primer contenido del derecho a la tutela judicial efectiva, lo que implica el derecho a ser parte en un proceso y promover la actividad jurisdiccional que derive en una decisi\u00f3n judicial (STC 140\/2018, FJ5, entre otras).<\/p>\n<p>Si bien este derecho no es absoluto y puede estar sujeto a restricciones legales, dichas limitaciones deben responder a un fin de inter\u00e9s general, estar suficientemente delimitadas y respetar el principio de proporcionalidad. La norma impugnada pretend\u00eda garantizar una mayor protecci\u00f3n a las personas en situaci\u00f3n de vulnerabilidad econ\u00f3mica en procesos de desahucio y ejecuci\u00f3n hipotecaria. No obstante, el Tribunal considera que esta obligaci\u00f3n impuesta a los grandes tenedores no supera el test de proporcionalidad, ya que la acreditaci\u00f3n de la situaci\u00f3n de vulnerabilidad podr\u00eda lograrse mediante otros mecanismos sin restringir el acceso a la justicia de los propietarios o ejecutantes.<\/p>\n<h3>Implicaciones de la Sentencia<\/h3>\n<h4><strong>Sobre el art\u00edculo 439.6 de la LEC<\/strong><\/h4>\n<p>Este precepto impon\u00eda a los grandes tenedores (definidos en Catalu\u00f1a como aquellos con cinco o m\u00e1s viviendas) la obligaci\u00f3n de acreditar la situaci\u00f3n de vulnerabilidad econ\u00f3mica de los demandados antes de interponer una demanda de desahucio en los casos regulados en los arts. 250.1.1\u00ba, 2\u00ba, 4\u00ba y 7\u00ba de la LEC.<\/p>\n<p>El Tribunal considera que esta exigencia resulta innecesaria y excesiva, ya que el art. 441.5 de la LEC ya prev\u00e9 que, en los supuestos de vivienda habitual, se informe a la parte demandada de la posibilidad de acudir a las administraciones competentes en materia de vivienda y asistencia social. Adem\u00e1s, el Juzgado debe comunicar de oficio la existencia del procedimiento a dichas administraciones para que puedan evaluar la situaci\u00f3n de vulnerabilidad y, en su caso, proponer soluciones habitacionales. En consecuencia, la exigencia previa de acreditaci\u00f3n por parte del demandante se considera una carga desproporcionada y una barrera injustificada al ejercicio de la acci\u00f3n judicial.<\/p>\n<h4><strong>Sobre el art\u00edculo 655 bis 1 de la LEC<\/strong><\/h4>\n<p>De manera an\u00e1loga, este precepto obligaba al ejecutante, si era gran tenedor o empresa de vivienda, a acreditar la situaci\u00f3n de vulnerabilidad del deudor antes de iniciar la v\u00eda de apremio cuando el bien objeto de la subasta fuera la vivienda habitual del ejecutado.<\/p>\n<p>El Tribunal concluye que esta carga procesal tambi\u00e9n es desproporcionada, ya que las administraciones competentes pueden evaluar la situaci\u00f3n de vulnerabilidad sin necesidad de imponer dicha carga al ejecutante. La exigencia de acreditaci\u00f3n impuesta al ejecutante genera un obst\u00e1culo innecesario para la realizaci\u00f3n de su derecho, vulnerando as\u00ed el art. 24.1 de la CE.<\/p>\n<h3>Efectos de la Sentencia y Normas Derivadas<\/h3>\n<p>Como consecuencia de la declaraci\u00f3n de inconstitucionalidad de los arts. 439.6 y 655 bis 1 de la LEC, el Tribunal tambi\u00e9n ha declarado la inconstitucionalidad y nulidad de los siguientes preceptos:<\/p>\n<ul>\n<li><strong>Art. 439.7 de la LEC<\/strong>: que regulaba la intervenci\u00f3n de las administraciones p\u00fablicas en el procedimiento de desahucio en funci\u00f3n de la acreditaci\u00f3n de la situaci\u00f3n de vulnerabilidad econ\u00f3mica.<\/li>\n<li><strong>Art. 655 bis 2 de la LEC<\/strong>: que establec\u00eda la posibilidad de suspender la ejecuci\u00f3n en caso de verificarse la situaci\u00f3n de vulnerabilidad econ\u00f3mica.<\/li>\n<li><strong>Art. 685.2 de la LEC<\/strong>: relativo a la demanda ejecutiva sobre bienes hipotecados o pignorados, en la medida en que tambi\u00e9n se remit\u00eda al sistema de acreditaci\u00f3n de vulnerabilidad econ\u00f3mica declarado inconstitucional.<\/li>\n<\/ul>\n<p>Estos preceptos quedaban intr\u00ednsecamente ligados a la obligatoriedad de acreditaci\u00f3n de la vulnerabilidad econ\u00f3mica por parte del demandante o ejecutante, por lo que su declaraci\u00f3n de nulidad es una consecuencia l\u00f3gica e inevitable.<\/p>\n<h3>Conclusiones y Perspectivas Futuras<\/h3>\n<p>La sentencia del Tribunal Constitucional supone un cambio significativo en la normativa de desahucios y ejecuciones hipotecarias, reforzando el derecho de acceso a la justicia de los propietarios y grandes tenedores. Si bien la protecci\u00f3n de las personas en situaci\u00f3n de vulnerabilidad econ\u00f3mica sigue siendo un objetivo prioritario, el Tribunal ha dejado claro que no puede lograrse a costa de restringir de forma desproporcionada el derecho a la tutela judicial efectiva.<\/p>\n<p>Esta decisi\u00f3n podr\u00eda dar lugar a futuras modificaciones legislativas que busquen mecanismos alternativos para garantizar la protecci\u00f3n de los colectivos vulnerables sin comprometer el acceso a la justicia. Es previsible que el Gobierno y las comunidades aut\u00f3nomas deban reforzar sus pol\u00edticas de asistencia habitacional para mitigar el impacto de esta decisi\u00f3n.<\/p>\n<p><strong>Aviso legal:<\/strong> Este art\u00edculo tiene un car\u00e1cter meramente informativo y no constituye asesoramiento jur\u00eddico. Para obtener asesoramiento espec\u00edfico, contacte con <strong><a href=\"mailto:info@fernandezadvocats.es\">info@fernandezadvocats.es<\/a><\/strong>.<\/p>\n","protected":false},"excerpt":{"rendered":"<p>DESCARGAR ART\u00cdCULO COMPLETO EN PDF Recientemente, el Pleno del Tribunal Constitucional ha dictado una sentencia de gran relevancia, con fecha de 29 de enero de 2025, en respuesta al recurso de inconstitucionalidad presentado por 136 diputados del Grupo Parlamentario Popular. La impugnaci\u00f3n se dirigi\u00f3 contra diversos preceptos de la Ley 12\/2023, de 24 de mayo, [&hellip;]<\/p>\n","protected":false},"author":2,"featured_media":238556,"comment_status":"closed","ping_status":"closed","sticky":false,"template":"","format":"standard","meta":{"_et_pb_use_builder":"","_et_pb_old_content":"","_et_gb_content_width":"","footnotes":""},"categories":[28,78,79,77,55],"tags":[],"class_list":["post-238552","post","type-post","status-publish","format-standard","has-post-thumbnail","hentry","category-articulos-fa","category-derecho-constitucional","category-derecho-procesal","category-desahucios-y-ejecuciones-hipotecarias","category-sentencia-2"],"yoast_head":"<!-- This site is optimized with the Yoast SEO plugin v27.1.1 - https:\/\/yoast.com\/product\/yoast-seo-wordpress\/ -->\n<title>El Tribunal Constitucional anula la obligaci\u00f3n de los grandes tenedores de acreditar la vulnerabilidad del inquilino en desahucios y ejecuciones | Fern\u00e1ndez Advocats<\/title>\n<meta name=\"robots\" content=\"index, follow, max-snippet:-1, max-image-preview:large, max-video-preview:-1\" \/>\n<link rel=\"canonical\" href=\"https:\/\/fernandezadvocats.es\/es\/vulnerabilidad-del-inquilino-en-desahucios-y-ejecuciones\/\" \/>\n<meta property=\"og:locale\" content=\"es_ES\" \/>\n<meta property=\"og:type\" content=\"article\" \/>\n<meta property=\"og:title\" content=\"El Tribunal Constitucional anula la obligaci\u00f3n de los grandes tenedores de acreditar la vulnerabilidad del inquilino en desahucios y ejecuciones | Fern\u00e1ndez Advocats\" \/>\n<meta property=\"og:description\" content=\"DESCARGAR ART\u00cdCULO COMPLETO EN PDF Recientemente, el Pleno del Tribunal Constitucional ha dictado una sentencia de gran relevancia, con fecha de 29 de enero de 2025, en respuesta al recurso de inconstitucionalidad presentado por 136 diputados del Grupo Parlamentario Popular. La impugnaci\u00f3n se dirigi\u00f3 contra diversos preceptos de la Ley 12\/2023, de 24 de mayo, [&hellip;]\" \/>\n<meta property=\"og:url\" content=\"https:\/\/fernandezadvocats.es\/es\/vulnerabilidad-del-inquilino-en-desahucios-y-ejecuciones\/\" \/>\n<meta property=\"og:site_name\" content=\"Fern\u00e1ndez Advocats\" \/>\n<meta property=\"article:published_time\" content=\"2025-03-04T14:38:50+00:00\" \/>\n<meta property=\"article:modified_time\" content=\"2025-03-05T11:34:44+00:00\" \/>\n<meta property=\"og:image\" content=\"https:\/\/fernandezadvocats.es\/wp-content\/uploads\/2025\/03\/Tribunal_Constitucional-scaled.jpg\" \/>\n\t<meta property=\"og:image:width\" content=\"2560\" \/>\n\t<meta property=\"og:image:height\" content=\"1440\" \/>\n\t<meta property=\"og:image:type\" content=\"image\/jpeg\" \/>\n<meta name=\"author\" content=\"Fern\u00e1ndez Advocats\" \/>\n<meta name=\"twitter:card\" content=\"summary_large_image\" \/>\n<meta name=\"twitter:label1\" content=\"Escrito por\" \/>\n\t<meta name=\"twitter:data1\" content=\"Fern\u00e1ndez Advocats\" \/>\n\t<meta name=\"twitter:label2\" content=\"Tiempo de lectura\" \/>\n\t<meta name=\"twitter:data2\" content=\"5 minutos\" \/>\n<script type=\"application\/ld+json\" class=\"yoast-schema-graph\">{\"@context\":\"https:\/\/schema.org\",\"@graph\":[{\"@type\":\"Article\",\"@id\":\"https:\/\/fernandezadvocats.es\/es\/vulnerabilidad-del-inquilino-en-desahucios-y-ejecuciones\/#article\",\"isPartOf\":{\"@id\":\"https:\/\/fernandezadvocats.es\/es\/vulnerabilidad-del-inquilino-en-desahucios-y-ejecuciones\/\"},\"author\":{\"name\":\"Fern\u00e1ndez Advocats\",\"@id\":\"https:\/\/fernandezadvocats.es\/#\/schema\/person\/b07c77bdf07c1e11b12a56cae182b521\"},\"headline\":\"El Tribunal Constitucional anula la obligaci\u00f3n de los grandes tenedores de acreditar la vulnerabilidad del inquilino en desahucios y ejecuciones\",\"datePublished\":\"2025-03-04T14:38:50+00:00\",\"dateModified\":\"2025-03-05T11:34:44+00:00\",\"mainEntityOfPage\":{\"@id\":\"https:\/\/fernandezadvocats.es\/es\/vulnerabilidad-del-inquilino-en-desahucios-y-ejecuciones\/\"},\"wordCount\":949,\"publisher\":{\"@id\":\"https:\/\/fernandezadvocats.es\/#organization\"},\"image\":{\"@id\":\"https:\/\/fernandezadvocats.es\/es\/vulnerabilidad-del-inquilino-en-desahucios-y-ejecuciones\/#primaryimage\"},\"thumbnailUrl\":\"https:\/\/fernandezadvocats.es\/wp-content\/uploads\/2025\/03\/Tribunal_Constitucional-scaled.jpg\",\"articleSection\":[\"Art\u00edculos FA\",\"Derecho Constitucional\",\"Derecho Procesal\",\"Desahucios y Ejecuciones Hipotecarias\",\"Sentencia\"],\"inLanguage\":\"es\"},{\"@type\":\"WebPage\",\"@id\":\"https:\/\/fernandezadvocats.es\/es\/vulnerabilidad-del-inquilino-en-desahucios-y-ejecuciones\/\",\"url\":\"https:\/\/fernandezadvocats.es\/es\/vulnerabilidad-del-inquilino-en-desahucios-y-ejecuciones\/\",\"name\":\"El Tribunal Constitucional anula la obligaci\u00f3n de los grandes tenedores de acreditar la vulnerabilidad del inquilino en desahucios y ejecuciones | Fern\u00e1ndez Advocats\",\"isPartOf\":{\"@id\":\"https:\/\/fernandezadvocats.es\/#website\"},\"primaryImageOfPage\":{\"@id\":\"https:\/\/fernandezadvocats.es\/es\/vulnerabilidad-del-inquilino-en-desahucios-y-ejecuciones\/#primaryimage\"},\"image\":{\"@id\":\"https:\/\/fernandezadvocats.es\/es\/vulnerabilidad-del-inquilino-en-desahucios-y-ejecuciones\/#primaryimage\"},\"thumbnailUrl\":\"https:\/\/fernandezadvocats.es\/wp-content\/uploads\/2025\/03\/Tribunal_Constitucional-scaled.jpg\",\"datePublished\":\"2025-03-04T14:38:50+00:00\",\"dateModified\":\"2025-03-05T11:34:44+00:00\",\"breadcrumb\":{\"@id\":\"https:\/\/fernandezadvocats.es\/es\/vulnerabilidad-del-inquilino-en-desahucios-y-ejecuciones\/#breadcrumb\"},\"inLanguage\":\"es\",\"potentialAction\":[{\"@type\":\"ReadAction\",\"target\":[\"https:\/\/fernandezadvocats.es\/es\/vulnerabilidad-del-inquilino-en-desahucios-y-ejecuciones\/\"]}]},{\"@type\":\"ImageObject\",\"inLanguage\":\"es\",\"@id\":\"https:\/\/fernandezadvocats.es\/es\/vulnerabilidad-del-inquilino-en-desahucios-y-ejecuciones\/#primaryimage\",\"url\":\"https:\/\/fernandezadvocats.es\/wp-content\/uploads\/2025\/03\/Tribunal_Constitucional-scaled.jpg\",\"contentUrl\":\"https:\/\/fernandezadvocats.es\/wp-content\/uploads\/2025\/03\/Tribunal_Constitucional-scaled.jpg\",\"width\":2560,\"height\":1440,\"caption\":\"\u00f8;\"},{\"@type\":\"BreadcrumbList\",\"@id\":\"https:\/\/fernandezadvocats.es\/es\/vulnerabilidad-del-inquilino-en-desahucios-y-ejecuciones\/#breadcrumb\",\"itemListElement\":[{\"@type\":\"ListItem\",\"position\":1,\"name\":\"Portada\",\"item\":\"https:\/\/fernandezadvocats.es\/es\/fernandez-advocats-berga\/\"},{\"@type\":\"ListItem\",\"position\":2,\"name\":\"El Tribunal Constitucional anula la obligaci\u00f3n de los grandes tenedores de acreditar la vulnerabilidad del inquilino en desahucios y ejecuciones\"}]},{\"@type\":\"WebSite\",\"@id\":\"https:\/\/fernandezadvocats.es\/#website\",\"url\":\"https:\/\/fernandezadvocats.es\/\",\"name\":\"Fern\u00e1ndez Advocats\",\"description\":\"Advocats Berga i Barcelona\",\"publisher\":{\"@id\":\"https:\/\/fernandezadvocats.es\/#organization\"},\"alternateName\":\"Abogados Berga y Bracelona\",\"potentialAction\":[{\"@type\":\"SearchAction\",\"target\":{\"@type\":\"EntryPoint\",\"urlTemplate\":\"https:\/\/fernandezadvocats.es\/?s={search_term_string}\"},\"query-input\":{\"@type\":\"PropertyValueSpecification\",\"valueRequired\":true,\"valueName\":\"search_term_string\"}}],\"inLanguage\":\"es\"},{\"@type\":\"Organization\",\"@id\":\"https:\/\/fernandezadvocats.es\/#organization\",\"name\":\"Fern\u00e1ndez Advocats\",\"url\":\"https:\/\/fernandezadvocats.es\/\",\"logo\":{\"@type\":\"ImageObject\",\"inLanguage\":\"es\",\"@id\":\"https:\/\/fernandezadvocats.es\/#\/schema\/logo\/image\/\",\"url\":\"https:\/\/fernandezadvocats.es\/wp-content\/uploads\/2024\/11\/cropped-BF-e1731427554424.png\",\"contentUrl\":\"https:\/\/fernandezadvocats.es\/wp-content\/uploads\/2024\/11\/cropped-BF-e1731427554424.png\",\"width\":512,\"height\":512,\"caption\":\"Fern\u00e1ndez Advocats\"},\"image\":{\"@id\":\"https:\/\/fernandezadvocats.es\/#\/schema\/logo\/image\/\"}},{\"@type\":\"Person\",\"@id\":\"https:\/\/fernandezadvocats.es\/#\/schema\/person\/b07c77bdf07c1e11b12a56cae182b521\",\"name\":\"Fern\u00e1ndez Advocats\",\"image\":{\"@type\":\"ImageObject\",\"inLanguage\":\"es\",\"@id\":\"https:\/\/fernandezadvocats.es\/#\/schema\/person\/image\/\",\"url\":\"https:\/\/secure.gravatar.com\/avatar\/4fc29f47dccf5511fdf4ab55d2e22d915d944656636c10c38a1baf7a85eccbd2?s=96&d=mm&r=g\",\"contentUrl\":\"https:\/\/secure.gravatar.com\/avatar\/4fc29f47dccf5511fdf4ab55d2e22d915d944656636c10c38a1baf7a85eccbd2?s=96&d=mm&r=g\",\"caption\":\"Fern\u00e1ndez Advocats\"},\"sameAs\":[\"https:\/\/abogados.evotic.es\/\"],\"url\":\"https:\/\/fernandezadvocats.es\/es\/author\/javier\/\"}]}<\/script>\n<!-- \/ Yoast SEO plugin. -->","yoast_head_json":{"title":"El Tribunal Constitucional anula la obligaci\u00f3n de los grandes tenedores de acreditar la vulnerabilidad del inquilino en desahucios y ejecuciones | Fern\u00e1ndez Advocats","robots":{"index":"index","follow":"follow","max-snippet":"max-snippet:-1","max-image-preview":"max-image-preview:large","max-video-preview":"max-video-preview:-1"},"canonical":"https:\/\/fernandezadvocats.es\/es\/vulnerabilidad-del-inquilino-en-desahucios-y-ejecuciones\/","og_locale":"es_ES","og_type":"article","og_title":"El Tribunal Constitucional anula la obligaci\u00f3n de los grandes tenedores de acreditar la vulnerabilidad del inquilino en desahucios y ejecuciones | Fern\u00e1ndez Advocats","og_description":"DESCARGAR ART\u00cdCULO COMPLETO EN PDF Recientemente, el Pleno del Tribunal Constitucional ha dictado una sentencia de gran relevancia, con fecha de 29 de enero de 2025, en respuesta al recurso de inconstitucionalidad presentado por 136 diputados del Grupo Parlamentario Popular. La impugnaci\u00f3n se dirigi\u00f3 contra diversos preceptos de la Ley 12\/2023, de 24 de mayo, [&hellip;]","og_url":"https:\/\/fernandezadvocats.es\/es\/vulnerabilidad-del-inquilino-en-desahucios-y-ejecuciones\/","og_site_name":"Fern\u00e1ndez Advocats","article_published_time":"2025-03-04T14:38:50+00:00","article_modified_time":"2025-03-05T11:34:44+00:00","og_image":[{"width":2560,"height":1440,"url":"https:\/\/fernandezadvocats.es\/wp-content\/uploads\/2025\/03\/Tribunal_Constitucional-scaled.jpg","type":"image\/jpeg"}],"author":"Fern\u00e1ndez Advocats","twitter_card":"summary_large_image","twitter_misc":{"Escrito por":"Fern\u00e1ndez Advocats","Tiempo de lectura":"5 minutos"},"schema":{"@context":"https:\/\/schema.org","@graph":[{"@type":"Article","@id":"https:\/\/fernandezadvocats.es\/es\/vulnerabilidad-del-inquilino-en-desahucios-y-ejecuciones\/#article","isPartOf":{"@id":"https:\/\/fernandezadvocats.es\/es\/vulnerabilidad-del-inquilino-en-desahucios-y-ejecuciones\/"},"author":{"name":"Fern\u00e1ndez Advocats","@id":"https:\/\/fernandezadvocats.es\/#\/schema\/person\/b07c77bdf07c1e11b12a56cae182b521"},"headline":"El Tribunal Constitucional anula la obligaci\u00f3n de los grandes tenedores de acreditar la vulnerabilidad del inquilino en desahucios y ejecuciones","datePublished":"2025-03-04T14:38:50+00:00","dateModified":"2025-03-05T11:34:44+00:00","mainEntityOfPage":{"@id":"https:\/\/fernandezadvocats.es\/es\/vulnerabilidad-del-inquilino-en-desahucios-y-ejecuciones\/"},"wordCount":949,"publisher":{"@id":"https:\/\/fernandezadvocats.es\/#organization"},"image":{"@id":"https:\/\/fernandezadvocats.es\/es\/vulnerabilidad-del-inquilino-en-desahucios-y-ejecuciones\/#primaryimage"},"thumbnailUrl":"https:\/\/fernandezadvocats.es\/wp-content\/uploads\/2025\/03\/Tribunal_Constitucional-scaled.jpg","articleSection":["Art\u00edculos FA","Derecho Constitucional","Derecho Procesal","Desahucios y Ejecuciones Hipotecarias","Sentencia"],"inLanguage":"es"},{"@type":"WebPage","@id":"https:\/\/fernandezadvocats.es\/es\/vulnerabilidad-del-inquilino-en-desahucios-y-ejecuciones\/","url":"https:\/\/fernandezadvocats.es\/es\/vulnerabilidad-del-inquilino-en-desahucios-y-ejecuciones\/","name":"El Tribunal Constitucional anula la obligaci\u00f3n de los grandes tenedores de acreditar la vulnerabilidad del inquilino en desahucios y ejecuciones | Fern\u00e1ndez Advocats","isPartOf":{"@id":"https:\/\/fernandezadvocats.es\/#website"},"primaryImageOfPage":{"@id":"https:\/\/fernandezadvocats.es\/es\/vulnerabilidad-del-inquilino-en-desahucios-y-ejecuciones\/#primaryimage"},"image":{"@id":"https:\/\/fernandezadvocats.es\/es\/vulnerabilidad-del-inquilino-en-desahucios-y-ejecuciones\/#primaryimage"},"thumbnailUrl":"https:\/\/fernandezadvocats.es\/wp-content\/uploads\/2025\/03\/Tribunal_Constitucional-scaled.jpg","datePublished":"2025-03-04T14:38:50+00:00","dateModified":"2025-03-05T11:34:44+00:00","breadcrumb":{"@id":"https:\/\/fernandezadvocats.es\/es\/vulnerabilidad-del-inquilino-en-desahucios-y-ejecuciones\/#breadcrumb"},"inLanguage":"es","potentialAction":[{"@type":"ReadAction","target":["https:\/\/fernandezadvocats.es\/es\/vulnerabilidad-del-inquilino-en-desahucios-y-ejecuciones\/"]}]},{"@type":"ImageObject","inLanguage":"es","@id":"https:\/\/fernandezadvocats.es\/es\/vulnerabilidad-del-inquilino-en-desahucios-y-ejecuciones\/#primaryimage","url":"https:\/\/fernandezadvocats.es\/wp-content\/uploads\/2025\/03\/Tribunal_Constitucional-scaled.jpg","contentUrl":"https:\/\/fernandezadvocats.es\/wp-content\/uploads\/2025\/03\/Tribunal_Constitucional-scaled.jpg","width":2560,"height":1440,"caption":"\u00f8;"},{"@type":"BreadcrumbList","@id":"https:\/\/fernandezadvocats.es\/es\/vulnerabilidad-del-inquilino-en-desahucios-y-ejecuciones\/#breadcrumb","itemListElement":[{"@type":"ListItem","position":1,"name":"Portada","item":"https:\/\/fernandezadvocats.es\/es\/fernandez-advocats-berga\/"},{"@type":"ListItem","position":2,"name":"El Tribunal Constitucional anula la obligaci\u00f3n de los grandes tenedores de acreditar la vulnerabilidad del inquilino en desahucios y ejecuciones"}]},{"@type":"WebSite","@id":"https:\/\/fernandezadvocats.es\/#website","url":"https:\/\/fernandezadvocats.es\/","name":"Fern\u00e1ndez Advocats","description":"Advocats Berga i Barcelona","publisher":{"@id":"https:\/\/fernandezadvocats.es\/#organization"},"alternateName":"Abogados Berga y Bracelona","potentialAction":[{"@type":"SearchAction","target":{"@type":"EntryPoint","urlTemplate":"https:\/\/fernandezadvocats.es\/?s={search_term_string}"},"query-input":{"@type":"PropertyValueSpecification","valueRequired":true,"valueName":"search_term_string"}}],"inLanguage":"es"},{"@type":"Organization","@id":"https:\/\/fernandezadvocats.es\/#organization","name":"Fern\u00e1ndez Advocats","url":"https:\/\/fernandezadvocats.es\/","logo":{"@type":"ImageObject","inLanguage":"es","@id":"https:\/\/fernandezadvocats.es\/#\/schema\/logo\/image\/","url":"https:\/\/fernandezadvocats.es\/wp-content\/uploads\/2024\/11\/cropped-BF-e1731427554424.png","contentUrl":"https:\/\/fernandezadvocats.es\/wp-content\/uploads\/2024\/11\/cropped-BF-e1731427554424.png","width":512,"height":512,"caption":"Fern\u00e1ndez Advocats"},"image":{"@id":"https:\/\/fernandezadvocats.es\/#\/schema\/logo\/image\/"}},{"@type":"Person","@id":"https:\/\/fernandezadvocats.es\/#\/schema\/person\/b07c77bdf07c1e11b12a56cae182b521","name":"Fern\u00e1ndez Advocats","image":{"@type":"ImageObject","inLanguage":"es","@id":"https:\/\/fernandezadvocats.es\/#\/schema\/person\/image\/","url":"https:\/\/secure.gravatar.com\/avatar\/4fc29f47dccf5511fdf4ab55d2e22d915d944656636c10c38a1baf7a85eccbd2?s=96&d=mm&r=g","contentUrl":"https:\/\/secure.gravatar.com\/avatar\/4fc29f47dccf5511fdf4ab55d2e22d915d944656636c10c38a1baf7a85eccbd2?s=96&d=mm&r=g","caption":"Fern\u00e1ndez Advocats"},"sameAs":["https:\/\/abogados.evotic.es\/"],"url":"https:\/\/fernandezadvocats.es\/es\/author\/javier\/"}]}},"_links":{"self":[{"href":"https:\/\/fernandezadvocats.es\/es\/wp-json\/wp\/v2\/posts\/238552","targetHints":{"allow":["GET"]}}],"collection":[{"href":"https:\/\/fernandezadvocats.es\/es\/wp-json\/wp\/v2\/posts"}],"about":[{"href":"https:\/\/fernandezadvocats.es\/es\/wp-json\/wp\/v2\/types\/post"}],"author":[{"embeddable":true,"href":"https:\/\/fernandezadvocats.es\/es\/wp-json\/wp\/v2\/users\/2"}],"replies":[{"embeddable":true,"href":"https:\/\/fernandezadvocats.es\/es\/wp-json\/wp\/v2\/comments?post=238552"}],"version-history":[{"count":2,"href":"https:\/\/fernandezadvocats.es\/es\/wp-json\/wp\/v2\/posts\/238552\/revisions"}],"predecessor-version":[{"id":238561,"href":"https:\/\/fernandezadvocats.es\/es\/wp-json\/wp\/v2\/posts\/238552\/revisions\/238561"}],"wp:featuredmedia":[{"embeddable":true,"href":"https:\/\/fernandezadvocats.es\/es\/wp-json\/wp\/v2\/media\/238556"}],"wp:attachment":[{"href":"https:\/\/fernandezadvocats.es\/es\/wp-json\/wp\/v2\/media?parent=238552"}],"wp:term":[{"taxonomy":"category","embeddable":true,"href":"https:\/\/fernandezadvocats.es\/es\/wp-json\/wp\/v2\/categories?post=238552"},{"taxonomy":"post_tag","embeddable":true,"href":"https:\/\/fernandezadvocats.es\/es\/wp-json\/wp\/v2\/tags?post=238552"}],"curies":[{"name":"wp","href":"https:\/\/api.w.org\/{rel}","templated":true}]}}