{"id":252625,"date":"2025-03-21T10:42:26","date_gmt":"2025-03-21T09:42:26","guid":{"rendered":"https:\/\/fernandezadvocats.es\/?p=252625"},"modified":"2025-03-21T14:21:15","modified_gmt":"2025-03-21T13:21:15","slug":"absolucion-tecnicos-municipales-prevaricacion-urbanistica","status":"publish","type":"post","link":"https:\/\/fernandezadvocats.es\/es\/absolucion-tecnicos-municipales-prevaricacion-urbanistica\/","title":{"rendered":"Absoluci\u00f3n de t\u00e9cnicos municipales por prevaricaci\u00f3n urban\u00edstica"},"content":{"rendered":"<p data-start=\"354\" data-end=\"505\"><a href=\"https:\/\/fernandezadvocats.es\/wp-content\/uploads\/2025\/03\/EXPERTISE.pdf\"><strong>DESCARGAR ARTICULO COMPLETO EN PDF<\/strong><\/a><\/p>\n<p data-start=\"282\" data-end=\"610\">Tras un complejo y prolongado procedimiento judicial, la Sala Penal de la Audiencia Provincial de Barcelona ha dictado <strong data-start=\"401\" data-end=\"436\">sentencia absolutoria favorable<\/strong> a los intereses de nuestro cliente, arquitecto municipal, injustamente acusado de un <strong data-start=\"522\" data-end=\"561\">delito de prevaricaci\u00f3n urban\u00edstica<\/strong>, previsto en el art\u00edculo 320.1 del C\u00f3digo Penal.<\/p>\n<h3 data-start=\"612\" data-end=\"672\">El origen del caso: una licencia urban\u00edstica cuestionada<\/h3>\n<p data-start=\"674\" data-end=\"1209\">Los hechos se remontan a la concesi\u00f3n de una <strong data-start=\"719\" data-end=\"764\">licencia de rehabilitaci\u00f3n de un inmueble<\/strong> situado en un barrio antiguo protegido. El proyecto implicaba, seg\u00fan la acusaci\u00f3n, una ampliaci\u00f3n de volumen supuestamente contraria a la normativa urban\u00edstica. A ra\u00edz de ello, el Ministerio Fiscal present\u00f3 <strong data-start=\"972\" data-end=\"1022\">querella penal contra los t\u00e9cnicos municipales<\/strong> \u2014el arquitecto y el secretario-interventor\u2014 por un presunto <strong data-start=\"1083\" data-end=\"1129\">delito contra la ordenaci\u00f3n del territorio<\/strong>, al considerar que sus informes hab\u00edan dado cobertura a una licencia irregular.<\/p>\n<h3 data-start=\"1211\" data-end=\"1254\">La evoluci\u00f3n del procedimiento judicial<\/h3>\n<p data-start=\"1256\" data-end=\"1613\">Tras la fase de instrucci\u00f3n, el Juzgado Penal abri\u00f3 juicio oral contra ambos t\u00e9cnicos que defend\u00edamos. En el juicio, se aport\u00f3 <strong data-start=\"1367\" data-end=\"1389\">prueba de descargo<\/strong> basada en una <strong data-start=\"1404\" data-end=\"1460\">interpretaci\u00f3n razonable de la normativa urban\u00edstica<\/strong>, y en el hecho de que el informe del Secretario ten\u00eda car\u00e1cter meramente procedimental, sin entrar en valoraciones jur\u00eddicas ni t\u00e9cnicas urban\u00edsticas.<\/p>\n<p data-start=\"1615\" data-end=\"1967\">El Juzgado Penal <strong data-start=\"1632\" data-end=\"1671\">absolvi\u00f3 inicialmente al Secretario<\/strong>, pero <strong data-start=\"1678\" data-end=\"1713\">conden\u00f3 al arquitecto municipal<\/strong> a una pena de multa e inhabilitaci\u00f3n. Esta decisi\u00f3n fue recurrida tanto por la defensa como por el Ministerio Fiscal. La Audiencia Provincial <strong data-start=\"1856\" data-end=\"1879\">estim\u00f3 los recursos<\/strong> y orden\u00f3 dictar una nueva sentencia que corrigiera errores en la valoraci\u00f3n probatoria.<\/p>\n<p data-start=\"1969\" data-end=\"2464\">A pesar de que el Juzgado volvi\u00f3 a absolver al Secretario, <strong data-start=\"2028\" data-end=\"2065\">mantuvo la condena del arquitecto<\/strong>, lo que motiv\u00f3 un <strong data-start=\"2084\" data-end=\"2114\">nuevo recurso de apelaci\u00f3n<\/strong>. En este se alegaban omisiones relevantes en los hechos probados, como la inexistencia de v\u00ednculo alguno con la promotora de la obra y la existencia de un procedimiento administrativo paralelo de protecci\u00f3n de la legalidad urban\u00edstica. La Audiencia volvi\u00f3 a estimar el recurso, ordenando una nueva sentencia que se pronunciara sobre dichos extremos.<\/p>\n<h3 data-start=\"2466\" data-end=\"2541\">Sentencia absolutoria final: no hay delito de prevaricaci\u00f3n urban\u00edstica<\/h3>\n<p data-start=\"2543\" data-end=\"2703\">Finalmente, la <strong data-start=\"2558\" data-end=\"2662\">Audiencia Provincial de Barcelona ha puesto fin al procedimiento absolviendo al arquitecto municipal<\/strong>, con base en los siguientes fundamentos:<\/p>\n<ul data-start=\"2705\" data-end=\"3445\">\n<li data-start=\"2705\" data-end=\"2873\"><strong data-start=\"2707\" data-end=\"2753\">No se ha acreditado la comisi\u00f3n del delito<\/strong> urban\u00edstico, ya que no consta probado que la obra informada supusiera un aumento de volumen prohibido por la normativa.<\/li>\n<li data-start=\"2874\" data-end=\"3096\"><strong data-start=\"2876\" data-end=\"2929\">El informe t\u00e9cnico no era manifiestamente injusto<\/strong>, ni puede considerarse claramente ilegal, dado que exist\u00eda una <strong data-start=\"2993\" data-end=\"3033\">interpretaci\u00f3n urban\u00edstica razonable<\/strong>, respaldada adem\u00e1s por una <strong data-start=\"3061\" data-end=\"3095\">pericial t\u00e9cnica independiente<\/strong>.<\/li>\n<li data-start=\"3097\" data-end=\"3445\"><strong data-start=\"3099\" data-end=\"3157\">No ha quedado probado el elemento subjetivo del delito<\/strong>, es decir, que el informe se emitiera \u201ca sabiendas de su injusticia\u201d. La sentencia destaca que no existe indicio alguno que permita desmontar la versi\u00f3n de la defensa, especialmente al no constar relaci\u00f3n personal con la promotora ni intencionalidad en beneficiar intereses particulares.<\/li>\n<\/ul>\n<h3 data-start=\"3447\" data-end=\"3485\">El derecho penal como \u00faltima ratio<\/h3>\n<p data-start=\"3487\" data-end=\"3811\">La resoluci\u00f3n tambi\u00e9n subraya el car\u00e1cter de <strong data-start=\"3532\" data-end=\"3566\">\u00faltima ratio del derecho penal<\/strong>, recordando que solo debe actuar ante <strong data-start=\"3605\" data-end=\"3687\">ilegalidades graves, arbitrarias y con desprecio manifiesto al inter\u00e9s general<\/strong>, lo cual no concurre en este caso. Aqu\u00ed no se aprecia ni arbitrariedad ni dolo en la actuaci\u00f3n de los t\u00e9cnicos municipales.<\/p>\n","protected":false},"excerpt":{"rendered":"<p>DESCARGAR ARTICULO COMPLETO EN PDF Tras un complejo y prolongado procedimiento judicial, la Sala Penal de la Audiencia Provincial de Barcelona ha dictado sentencia absolutoria favorable a los intereses de nuestro cliente, arquitecto municipal, injustamente acusado de un delito de prevaricaci\u00f3n urban\u00edstica, previsto en el art\u00edculo 320.1 del C\u00f3digo Penal. El origen del caso: una [&hellip;]<\/p>\n","protected":false},"author":2,"featured_media":252623,"comment_status":"closed","ping_status":"closed","sticky":false,"template":"","format":"standard","meta":{"_et_pb_use_builder":"","_et_pb_old_content":"","_et_gb_content_width":"","footnotes":""},"categories":[33,44,177,29,101],"tags":[],"class_list":["post-252625","post","type-post","status-publish","format-standard","has-post-thumbnail","hentry","category-derecho-inmobiliario","category-derecho-penal","category-dret-inmobiliari-es","category-expertise-fa-es","category-prevaricacion"],"yoast_head":"<!-- This site is optimized with the Yoast SEO plugin v27.1.1 - https:\/\/yoast.com\/product\/yoast-seo-wordpress\/ -->\n<title>Absoluci\u00f3n de t\u00e9cnicos municipales por prevaricaci\u00f3n urban\u00edstica | Fern\u00e1ndez Advocats<\/title>\n<meta name=\"robots\" content=\"index, follow, max-snippet:-1, max-image-preview:large, max-video-preview:-1\" \/>\n<link rel=\"canonical\" href=\"https:\/\/fernandezadvocats.es\/es\/absolucion-tecnicos-municipales-prevaricacion-urbanistica\/\" \/>\n<meta property=\"og:locale\" content=\"es_ES\" \/>\n<meta property=\"og:type\" content=\"article\" \/>\n<meta property=\"og:title\" content=\"Absoluci\u00f3n de t\u00e9cnicos municipales por prevaricaci\u00f3n urban\u00edstica | Fern\u00e1ndez Advocats\" \/>\n<meta property=\"og:description\" content=\"DESCARGAR ARTICULO COMPLETO EN PDF Tras un complejo y prolongado procedimiento judicial, la Sala Penal de la Audiencia Provincial de Barcelona ha dictado sentencia absolutoria favorable a los intereses de nuestro cliente, arquitecto municipal, injustamente acusado de un delito de prevaricaci\u00f3n urban\u00edstica, previsto en el art\u00edculo 320.1 del C\u00f3digo Penal. El origen del caso: una [&hellip;]\" \/>\n<meta property=\"og:url\" content=\"https:\/\/fernandezadvocats.es\/es\/absolucion-tecnicos-municipales-prevaricacion-urbanistica\/\" \/>\n<meta property=\"og:site_name\" content=\"Fern\u00e1ndez Advocats\" \/>\n<meta property=\"article:published_time\" content=\"2025-03-21T09:42:26+00:00\" \/>\n<meta property=\"article:modified_time\" content=\"2025-03-21T13:21:15+00:00\" \/>\n<meta property=\"og:image\" content=\"https:\/\/fernandezadvocats.es\/wp-content\/uploads\/2025\/03\/interior-of-empty-modern-office-with-desks-compute-2023-11-27-05-01-13-utc-min-scaled.jpg\" \/>\n\t<meta property=\"og:image:width\" content=\"2560\" \/>\n\t<meta property=\"og:image:height\" content=\"1707\" \/>\n\t<meta property=\"og:image:type\" content=\"image\/jpeg\" \/>\n<meta name=\"author\" content=\"Fern\u00e1ndez Advocats\" \/>\n<meta name=\"twitter:card\" content=\"summary_large_image\" \/>\n<meta name=\"twitter:label1\" content=\"Escrito por\" \/>\n\t<meta name=\"twitter:data1\" content=\"Fern\u00e1ndez Advocats\" \/>\n\t<meta name=\"twitter:label2\" content=\"Tiempo de lectura\" \/>\n\t<meta name=\"twitter:data2\" content=\"4 minutos\" \/>\n<script type=\"application\/ld+json\" class=\"yoast-schema-graph\">{\"@context\":\"https:\/\/schema.org\",\"@graph\":[{\"@type\":\"Article\",\"@id\":\"https:\/\/fernandezadvocats.es\/es\/absolucion-tecnicos-municipales-prevaricacion-urbanistica\/#article\",\"isPartOf\":{\"@id\":\"https:\/\/fernandezadvocats.es\/es\/absolucion-tecnicos-municipales-prevaricacion-urbanistica\/\"},\"author\":{\"name\":\"Fern\u00e1ndez Advocats\",\"@id\":\"https:\/\/fernandezadvocats.es\/#\/schema\/person\/b07c77bdf07c1e11b12a56cae182b521\"},\"headline\":\"Absoluci\u00f3n de t\u00e9cnicos municipales por prevaricaci\u00f3n urban\u00edstica\",\"datePublished\":\"2025-03-21T09:42:26+00:00\",\"dateModified\":\"2025-03-21T13:21:15+00:00\",\"mainEntityOfPage\":{\"@id\":\"https:\/\/fernandezadvocats.es\/es\/absolucion-tecnicos-municipales-prevaricacion-urbanistica\/\"},\"wordCount\":575,\"publisher\":{\"@id\":\"https:\/\/fernandezadvocats.es\/#organization\"},\"image\":{\"@id\":\"https:\/\/fernandezadvocats.es\/es\/absolucion-tecnicos-municipales-prevaricacion-urbanistica\/#primaryimage\"},\"thumbnailUrl\":\"https:\/\/fernandezadvocats.es\/wp-content\/uploads\/2025\/03\/interior-of-empty-modern-office-with-desks-compute-2023-11-27-05-01-13-utc-min-scaled.jpg\",\"articleSection\":[\"Derecho Inmobiliario\",\"Derecho Penal\",\"Dret Inmobiliari\",\"Expertise FA\",\"Prevaricaci\u00f3n\"],\"inLanguage\":\"es\"},{\"@type\":\"WebPage\",\"@id\":\"https:\/\/fernandezadvocats.es\/es\/absolucion-tecnicos-municipales-prevaricacion-urbanistica\/\",\"url\":\"https:\/\/fernandezadvocats.es\/es\/absolucion-tecnicos-municipales-prevaricacion-urbanistica\/\",\"name\":\"Absoluci\u00f3n de t\u00e9cnicos municipales por prevaricaci\u00f3n urban\u00edstica | Fern\u00e1ndez Advocats\",\"isPartOf\":{\"@id\":\"https:\/\/fernandezadvocats.es\/#website\"},\"primaryImageOfPage\":{\"@id\":\"https:\/\/fernandezadvocats.es\/es\/absolucion-tecnicos-municipales-prevaricacion-urbanistica\/#primaryimage\"},\"image\":{\"@id\":\"https:\/\/fernandezadvocats.es\/es\/absolucion-tecnicos-municipales-prevaricacion-urbanistica\/#primaryimage\"},\"thumbnailUrl\":\"https:\/\/fernandezadvocats.es\/wp-content\/uploads\/2025\/03\/interior-of-empty-modern-office-with-desks-compute-2023-11-27-05-01-13-utc-min-scaled.jpg\",\"datePublished\":\"2025-03-21T09:42:26+00:00\",\"dateModified\":\"2025-03-21T13:21:15+00:00\",\"breadcrumb\":{\"@id\":\"https:\/\/fernandezadvocats.es\/es\/absolucion-tecnicos-municipales-prevaricacion-urbanistica\/#breadcrumb\"},\"inLanguage\":\"es\",\"potentialAction\":[{\"@type\":\"ReadAction\",\"target\":[\"https:\/\/fernandezadvocats.es\/es\/absolucion-tecnicos-municipales-prevaricacion-urbanistica\/\"]}]},{\"@type\":\"ImageObject\",\"inLanguage\":\"es\",\"@id\":\"https:\/\/fernandezadvocats.es\/es\/absolucion-tecnicos-municipales-prevaricacion-urbanistica\/#primaryimage\",\"url\":\"https:\/\/fernandezadvocats.es\/wp-content\/uploads\/2025\/03\/interior-of-empty-modern-office-with-desks-compute-2023-11-27-05-01-13-utc-min-scaled.jpg\",\"contentUrl\":\"https:\/\/fernandezadvocats.es\/wp-content\/uploads\/2025\/03\/interior-of-empty-modern-office-with-desks-compute-2023-11-27-05-01-13-utc-min-scaled.jpg\",\"width\":2560,\"height\":1707},{\"@type\":\"BreadcrumbList\",\"@id\":\"https:\/\/fernandezadvocats.es\/es\/absolucion-tecnicos-municipales-prevaricacion-urbanistica\/#breadcrumb\",\"itemListElement\":[{\"@type\":\"ListItem\",\"position\":1,\"name\":\"Portada\",\"item\":\"https:\/\/fernandezadvocats.es\/es\/fernandez-advocats-berga\/\"},{\"@type\":\"ListItem\",\"position\":2,\"name\":\"Absoluci\u00f3n de t\u00e9cnicos municipales por prevaricaci\u00f3n urban\u00edstica\"}]},{\"@type\":\"WebSite\",\"@id\":\"https:\/\/fernandezadvocats.es\/#website\",\"url\":\"https:\/\/fernandezadvocats.es\/\",\"name\":\"Fern\u00e1ndez Advocats\",\"description\":\"Advocats Berga i Barcelona\",\"publisher\":{\"@id\":\"https:\/\/fernandezadvocats.es\/#organization\"},\"alternateName\":\"Abogados Berga y Bracelona\",\"potentialAction\":[{\"@type\":\"SearchAction\",\"target\":{\"@type\":\"EntryPoint\",\"urlTemplate\":\"https:\/\/fernandezadvocats.es\/?s={search_term_string}\"},\"query-input\":{\"@type\":\"PropertyValueSpecification\",\"valueRequired\":true,\"valueName\":\"search_term_string\"}}],\"inLanguage\":\"es\"},{\"@type\":\"Organization\",\"@id\":\"https:\/\/fernandezadvocats.es\/#organization\",\"name\":\"Fern\u00e1ndez Advocats\",\"url\":\"https:\/\/fernandezadvocats.es\/\",\"logo\":{\"@type\":\"ImageObject\",\"inLanguage\":\"es\",\"@id\":\"https:\/\/fernandezadvocats.es\/#\/schema\/logo\/image\/\",\"url\":\"https:\/\/fernandezadvocats.es\/wp-content\/uploads\/2024\/11\/cropped-BF-e1731427554424.png\",\"contentUrl\":\"https:\/\/fernandezadvocats.es\/wp-content\/uploads\/2024\/11\/cropped-BF-e1731427554424.png\",\"width\":512,\"height\":512,\"caption\":\"Fern\u00e1ndez Advocats\"},\"image\":{\"@id\":\"https:\/\/fernandezadvocats.es\/#\/schema\/logo\/image\/\"}},{\"@type\":\"Person\",\"@id\":\"https:\/\/fernandezadvocats.es\/#\/schema\/person\/b07c77bdf07c1e11b12a56cae182b521\",\"name\":\"Fern\u00e1ndez Advocats\",\"image\":{\"@type\":\"ImageObject\",\"inLanguage\":\"es\",\"@id\":\"https:\/\/fernandezadvocats.es\/#\/schema\/person\/image\/\",\"url\":\"https:\/\/secure.gravatar.com\/avatar\/4fc29f47dccf5511fdf4ab55d2e22d915d944656636c10c38a1baf7a85eccbd2?s=96&d=mm&r=g\",\"contentUrl\":\"https:\/\/secure.gravatar.com\/avatar\/4fc29f47dccf5511fdf4ab55d2e22d915d944656636c10c38a1baf7a85eccbd2?s=96&d=mm&r=g\",\"caption\":\"Fern\u00e1ndez Advocats\"},\"sameAs\":[\"https:\/\/abogados.evotic.es\/\"],\"url\":\"https:\/\/fernandezadvocats.es\/es\/author\/javier\/\"}]}<\/script>\n<!-- \/ Yoast SEO plugin. -->","yoast_head_json":{"title":"Absoluci\u00f3n de t\u00e9cnicos municipales por prevaricaci\u00f3n urban\u00edstica | Fern\u00e1ndez Advocats","robots":{"index":"index","follow":"follow","max-snippet":"max-snippet:-1","max-image-preview":"max-image-preview:large","max-video-preview":"max-video-preview:-1"},"canonical":"https:\/\/fernandezadvocats.es\/es\/absolucion-tecnicos-municipales-prevaricacion-urbanistica\/","og_locale":"es_ES","og_type":"article","og_title":"Absoluci\u00f3n de t\u00e9cnicos municipales por prevaricaci\u00f3n urban\u00edstica | Fern\u00e1ndez Advocats","og_description":"DESCARGAR ARTICULO COMPLETO EN PDF Tras un complejo y prolongado procedimiento judicial, la Sala Penal de la Audiencia Provincial de Barcelona ha dictado sentencia absolutoria favorable a los intereses de nuestro cliente, arquitecto municipal, injustamente acusado de un delito de prevaricaci\u00f3n urban\u00edstica, previsto en el art\u00edculo 320.1 del C\u00f3digo Penal. El origen del caso: una [&hellip;]","og_url":"https:\/\/fernandezadvocats.es\/es\/absolucion-tecnicos-municipales-prevaricacion-urbanistica\/","og_site_name":"Fern\u00e1ndez Advocats","article_published_time":"2025-03-21T09:42:26+00:00","article_modified_time":"2025-03-21T13:21:15+00:00","og_image":[{"width":2560,"height":1707,"url":"https:\/\/fernandezadvocats.es\/wp-content\/uploads\/2025\/03\/interior-of-empty-modern-office-with-desks-compute-2023-11-27-05-01-13-utc-min-scaled.jpg","type":"image\/jpeg"}],"author":"Fern\u00e1ndez Advocats","twitter_card":"summary_large_image","twitter_misc":{"Escrito por":"Fern\u00e1ndez Advocats","Tiempo de lectura":"4 minutos"},"schema":{"@context":"https:\/\/schema.org","@graph":[{"@type":"Article","@id":"https:\/\/fernandezadvocats.es\/es\/absolucion-tecnicos-municipales-prevaricacion-urbanistica\/#article","isPartOf":{"@id":"https:\/\/fernandezadvocats.es\/es\/absolucion-tecnicos-municipales-prevaricacion-urbanistica\/"},"author":{"name":"Fern\u00e1ndez Advocats","@id":"https:\/\/fernandezadvocats.es\/#\/schema\/person\/b07c77bdf07c1e11b12a56cae182b521"},"headline":"Absoluci\u00f3n de t\u00e9cnicos municipales por prevaricaci\u00f3n urban\u00edstica","datePublished":"2025-03-21T09:42:26+00:00","dateModified":"2025-03-21T13:21:15+00:00","mainEntityOfPage":{"@id":"https:\/\/fernandezadvocats.es\/es\/absolucion-tecnicos-municipales-prevaricacion-urbanistica\/"},"wordCount":575,"publisher":{"@id":"https:\/\/fernandezadvocats.es\/#organization"},"image":{"@id":"https:\/\/fernandezadvocats.es\/es\/absolucion-tecnicos-municipales-prevaricacion-urbanistica\/#primaryimage"},"thumbnailUrl":"https:\/\/fernandezadvocats.es\/wp-content\/uploads\/2025\/03\/interior-of-empty-modern-office-with-desks-compute-2023-11-27-05-01-13-utc-min-scaled.jpg","articleSection":["Derecho Inmobiliario","Derecho Penal","Dret Inmobiliari","Expertise FA","Prevaricaci\u00f3n"],"inLanguage":"es"},{"@type":"WebPage","@id":"https:\/\/fernandezadvocats.es\/es\/absolucion-tecnicos-municipales-prevaricacion-urbanistica\/","url":"https:\/\/fernandezadvocats.es\/es\/absolucion-tecnicos-municipales-prevaricacion-urbanistica\/","name":"Absoluci\u00f3n de t\u00e9cnicos municipales por prevaricaci\u00f3n urban\u00edstica | Fern\u00e1ndez Advocats","isPartOf":{"@id":"https:\/\/fernandezadvocats.es\/#website"},"primaryImageOfPage":{"@id":"https:\/\/fernandezadvocats.es\/es\/absolucion-tecnicos-municipales-prevaricacion-urbanistica\/#primaryimage"},"image":{"@id":"https:\/\/fernandezadvocats.es\/es\/absolucion-tecnicos-municipales-prevaricacion-urbanistica\/#primaryimage"},"thumbnailUrl":"https:\/\/fernandezadvocats.es\/wp-content\/uploads\/2025\/03\/interior-of-empty-modern-office-with-desks-compute-2023-11-27-05-01-13-utc-min-scaled.jpg","datePublished":"2025-03-21T09:42:26+00:00","dateModified":"2025-03-21T13:21:15+00:00","breadcrumb":{"@id":"https:\/\/fernandezadvocats.es\/es\/absolucion-tecnicos-municipales-prevaricacion-urbanistica\/#breadcrumb"},"inLanguage":"es","potentialAction":[{"@type":"ReadAction","target":["https:\/\/fernandezadvocats.es\/es\/absolucion-tecnicos-municipales-prevaricacion-urbanistica\/"]}]},{"@type":"ImageObject","inLanguage":"es","@id":"https:\/\/fernandezadvocats.es\/es\/absolucion-tecnicos-municipales-prevaricacion-urbanistica\/#primaryimage","url":"https:\/\/fernandezadvocats.es\/wp-content\/uploads\/2025\/03\/interior-of-empty-modern-office-with-desks-compute-2023-11-27-05-01-13-utc-min-scaled.jpg","contentUrl":"https:\/\/fernandezadvocats.es\/wp-content\/uploads\/2025\/03\/interior-of-empty-modern-office-with-desks-compute-2023-11-27-05-01-13-utc-min-scaled.jpg","width":2560,"height":1707},{"@type":"BreadcrumbList","@id":"https:\/\/fernandezadvocats.es\/es\/absolucion-tecnicos-municipales-prevaricacion-urbanistica\/#breadcrumb","itemListElement":[{"@type":"ListItem","position":1,"name":"Portada","item":"https:\/\/fernandezadvocats.es\/es\/fernandez-advocats-berga\/"},{"@type":"ListItem","position":2,"name":"Absoluci\u00f3n de t\u00e9cnicos municipales por prevaricaci\u00f3n urban\u00edstica"}]},{"@type":"WebSite","@id":"https:\/\/fernandezadvocats.es\/#website","url":"https:\/\/fernandezadvocats.es\/","name":"Fern\u00e1ndez Advocats","description":"Advocats Berga i Barcelona","publisher":{"@id":"https:\/\/fernandezadvocats.es\/#organization"},"alternateName":"Abogados Berga y Bracelona","potentialAction":[{"@type":"SearchAction","target":{"@type":"EntryPoint","urlTemplate":"https:\/\/fernandezadvocats.es\/?s={search_term_string}"},"query-input":{"@type":"PropertyValueSpecification","valueRequired":true,"valueName":"search_term_string"}}],"inLanguage":"es"},{"@type":"Organization","@id":"https:\/\/fernandezadvocats.es\/#organization","name":"Fern\u00e1ndez Advocats","url":"https:\/\/fernandezadvocats.es\/","logo":{"@type":"ImageObject","inLanguage":"es","@id":"https:\/\/fernandezadvocats.es\/#\/schema\/logo\/image\/","url":"https:\/\/fernandezadvocats.es\/wp-content\/uploads\/2024\/11\/cropped-BF-e1731427554424.png","contentUrl":"https:\/\/fernandezadvocats.es\/wp-content\/uploads\/2024\/11\/cropped-BF-e1731427554424.png","width":512,"height":512,"caption":"Fern\u00e1ndez Advocats"},"image":{"@id":"https:\/\/fernandezadvocats.es\/#\/schema\/logo\/image\/"}},{"@type":"Person","@id":"https:\/\/fernandezadvocats.es\/#\/schema\/person\/b07c77bdf07c1e11b12a56cae182b521","name":"Fern\u00e1ndez Advocats","image":{"@type":"ImageObject","inLanguage":"es","@id":"https:\/\/fernandezadvocats.es\/#\/schema\/person\/image\/","url":"https:\/\/secure.gravatar.com\/avatar\/4fc29f47dccf5511fdf4ab55d2e22d915d944656636c10c38a1baf7a85eccbd2?s=96&d=mm&r=g","contentUrl":"https:\/\/secure.gravatar.com\/avatar\/4fc29f47dccf5511fdf4ab55d2e22d915d944656636c10c38a1baf7a85eccbd2?s=96&d=mm&r=g","caption":"Fern\u00e1ndez Advocats"},"sameAs":["https:\/\/abogados.evotic.es\/"],"url":"https:\/\/fernandezadvocats.es\/es\/author\/javier\/"}]}},"_links":{"self":[{"href":"https:\/\/fernandezadvocats.es\/es\/wp-json\/wp\/v2\/posts\/252625","targetHints":{"allow":["GET"]}}],"collection":[{"href":"https:\/\/fernandezadvocats.es\/es\/wp-json\/wp\/v2\/posts"}],"about":[{"href":"https:\/\/fernandezadvocats.es\/es\/wp-json\/wp\/v2\/types\/post"}],"author":[{"embeddable":true,"href":"https:\/\/fernandezadvocats.es\/es\/wp-json\/wp\/v2\/users\/2"}],"replies":[{"embeddable":true,"href":"https:\/\/fernandezadvocats.es\/es\/wp-json\/wp\/v2\/comments?post=252625"}],"version-history":[{"count":2,"href":"https:\/\/fernandezadvocats.es\/es\/wp-json\/wp\/v2\/posts\/252625\/revisions"}],"predecessor-version":[{"id":252628,"href":"https:\/\/fernandezadvocats.es\/es\/wp-json\/wp\/v2\/posts\/252625\/revisions\/252628"}],"wp:featuredmedia":[{"embeddable":true,"href":"https:\/\/fernandezadvocats.es\/es\/wp-json\/wp\/v2\/media\/252623"}],"wp:attachment":[{"href":"https:\/\/fernandezadvocats.es\/es\/wp-json\/wp\/v2\/media?parent=252625"}],"wp:term":[{"taxonomy":"category","embeddable":true,"href":"https:\/\/fernandezadvocats.es\/es\/wp-json\/wp\/v2\/categories?post=252625"},{"taxonomy":"post_tag","embeddable":true,"href":"https:\/\/fernandezadvocats.es\/es\/wp-json\/wp\/v2\/tags?post=252625"}],"curies":[{"name":"wp","href":"https:\/\/api.w.org\/{rel}","templated":true}]}}