{"id":252637,"date":"2025-03-25T15:49:34","date_gmt":"2025-03-25T14:49:34","guid":{"rendered":"https:\/\/fernandezadvocats.es\/?p=252637"},"modified":"2026-01-22T10:19:06","modified_gmt":"2026-01-22T09:19:06","slug":"permiso-por-nacimiento-en-familias-monoparentales-el-tribunal-supremo-reconoce-el-derecho-a-la-ampliacion","status":"publish","type":"post","link":"https:\/\/fernandezadvocats.es\/es\/permiso-por-nacimiento-en-familias-monoparentales-el-tribunal-supremo-reconoce-el-derecho-a-la-ampliacion\/","title":{"rendered":"Permiso por nacimiento en familias monoparentales: El Tribunal Supremo reconoce el derecho a la ampliaci\u00f3n"},"content":{"rendered":"<p>[et_pb_section][et_pb_row][et_pb_column type=\u00bb4_4&#8243;][et_pb_text]<\/p>\n<p data-start=\"292\" data-end=\"383\"><a href=\"https:\/\/fernandezadvocats.es\/wp-content\/uploads\/2025\/03\/Article_-Permis-per-Naixement-en-Families-Monoparentals.pdf\"><strong>DESCARGAR ART\u00cdCULO COMPLETO EN PDF<\/strong><\/a><\/p>\n<p class=\"\" data-start=\"385\" data-end=\"807\">El <strong data-start=\"388\" data-end=\"408\">Tribunal Supremo<\/strong>, mediante su reciente <strong data-start=\"431\" data-end=\"470\">Sentencia 121\/2025 de 21 de febrero<\/strong>, ha establecido un <strong data-start=\"490\" data-end=\"543\">precedente clave en materia de derechos laborales<\/strong> y <strong data-start=\"546\" data-end=\"567\">protecci\u00f3n social<\/strong> para las <strong data-start=\"577\" data-end=\"604\">familias monoparentales<\/strong> en Espa\u00f1a. Esta resoluci\u00f3n reconoce el derecho a <strong data-start=\"654\" data-end=\"711\">ampliar el permiso por nacimiento y cuidado del menor<\/strong> con las semanas adicionales que, en una familia biparental, corresponder\u00edan al otro progenitor.<\/p>\n<p class=\"\" data-start=\"809\" data-end=\"1011\">Este cambio interpretativo supone un avance importante hacia la <strong data-start=\"873\" data-end=\"897\">igualdad de derechos<\/strong> y la <strong data-start=\"903\" data-end=\"932\">protecci\u00f3n de la infancia<\/strong>, corrigiendo una situaci\u00f3n de discriminaci\u00f3n que afectaba a miles de familias.<\/p>\n<h2 class=\"\" data-start=\"1018\" data-end=\"1060\"><strong data-start=\"1021\" data-end=\"1060\">\u00bfQu\u00e9 ha pasado? Los hechos del caso<\/strong><\/h2>\n<p class=\"\" data-start=\"1062\" data-end=\"1463\">Una madre trabajadora aut\u00f3noma, tras dar a luz, solicit\u00f3 al <strong data-start=\"1122\" data-end=\"1174\">Instituto Nacional de la Seguridad Social (INSS)<\/strong> la ampliaci\u00f3n del <strong data-start=\"1193\" data-end=\"1219\">permiso por nacimiento<\/strong> de 16 a 32 semanas, reclamando el periodo que habr\u00eda correspondido a un segundo progenitor. Esta solicitud fue inicialmente denegada, al considerar el INSS que la legislaci\u00f3n vigente no contempla esta opci\u00f3n para casos de <strong data-start=\"1442\" data-end=\"1462\">monoparentalidad<\/strong>.<\/p>\n<p class=\"\" data-start=\"1465\" data-end=\"1856\">La madre recurri\u00f3 la decisi\u00f3n ante el <strong data-start=\"1503\" data-end=\"1541\">Juzgado de lo Social n\u00ba 1 de Ibiza<\/strong>, que le dio la raz\u00f3n reconociendo su derecho a disfrutar de 16 semanas adicionales. Posteriormente, el <strong data-start=\"1645\" data-end=\"1700\">Tribunal Superior de Justicia de las Islas Baleares<\/strong>, en recurso de suplicaci\u00f3n, ajust\u00f3 el reconocimiento a <strong data-start=\"1756\" data-end=\"1782\">10 semanas adicionales<\/strong>, excluyendo las 6 primeras semanas de disfrute obligatorio tras el parto.<\/p>\n<h2 class=\"\" data-start=\"1863\" data-end=\"1915\"><strong data-start=\"1866\" data-end=\"1915\">Base legal: cambio de doctrina constitucional<\/strong><\/h2>\n<p class=\"\" data-start=\"1917\" data-end=\"2250\">El punto clave del caso es la <strong data-start=\"1947\" data-end=\"1997\">Sentencia 140\/2024 del Tribunal Constitucional<\/strong>, de 6 de noviembre, que declara <strong data-start=\"2030\" data-end=\"2052\">inconstitucionales<\/strong> los art\u00edculos 48.4 del <strong data-start=\"2076\" data-end=\"2113\">Estatuto de los Trabajadores (ET)<\/strong> y 177 de la <strong data-start=\"2126\" data-end=\"2171\">Ley General de la Seguridad Social (LGSS)<\/strong>, en tanto en cuanto no permiten ampliar el permiso en familias monoparentales.<\/p>\n<p class=\"\" data-start=\"2252\" data-end=\"2321\">El <strong data-start=\"2255\" data-end=\"2282\">Tribunal Constitucional<\/strong> considera que esta limitaci\u00f3n vulnera:<\/p>\n<ul data-start=\"2323\" data-end=\"2509\">\n<li class=\"\" data-start=\"2323\" data-end=\"2420\">\n<p class=\"\" data-start=\"2325\" data-end=\"2420\">El <strong data-start=\"2328\" data-end=\"2371\">art\u00edculo 14 de la Constituci\u00f3n Espa\u00f1ola<\/strong>, por <strong data-start=\"2377\" data-end=\"2419\">discriminaci\u00f3n por raz\u00f3n de nacimiento<\/strong>.<\/p>\n<\/li>\n<li class=\"\" data-start=\"2421\" data-end=\"2509\">\n<p class=\"\" data-start=\"2423\" data-end=\"2509\">El <strong data-start=\"2426\" data-end=\"2460\">art\u00edculo 39 de la Constituci\u00f3n<\/strong>, que garantiza la <strong data-start=\"2479\" data-end=\"2508\">protecci\u00f3n de la infancia<\/strong>.<\/p>\n<\/li>\n<\/ul>\n<p class=\"\" data-start=\"2511\" data-end=\"2779\">Con esta base, el <strong data-start=\"2529\" data-end=\"2549\">Tribunal Supremo<\/strong> establece que, hasta que el legislador reforme la normativa, debe permitirse que las familias monoparentales <strong data-start=\"2659\" data-end=\"2691\">sumen 10 semanas adicionales<\/strong> al permiso por nacimiento, en condiciones equivalentes a las de una familia biparental.<\/p>\n<h2 class=\"\" data-start=\"2786\" data-end=\"2873\"><strong data-start=\"2789\" data-end=\"2873\">\u00bfQu\u00e9 familias pueden beneficiarse de esta ampliaci\u00f3n del permiso por nacimiento?<\/strong><\/h2>\n<p class=\"\" data-start=\"2875\" data-end=\"2986\">Este precedente <strong data-start=\"2891\" data-end=\"2948\">abre la puerta a que miles de familias monoparentales<\/strong> \u2014tanto madres como padres\u2014 soliciten:<\/p>\n<ul data-start=\"2988\" data-end=\"3140\">\n<li class=\"\" data-start=\"2988\" data-end=\"3058\">\n<p class=\"\" data-start=\"2990\" data-end=\"3058\">La <strong data-start=\"2993\" data-end=\"3034\">ampliaci\u00f3n del permiso por nacimiento<\/strong> de 16 a <strong data-start=\"3043\" data-end=\"3057\">26 semanas<\/strong>.<\/p>\n<\/li>\n<li class=\"\" data-start=\"3059\" data-end=\"3140\">\n<p class=\"\" data-start=\"3061\" data-end=\"3140\">El <strong data-start=\"3064\" data-end=\"3120\">reconocimiento del derecho a la prestaci\u00f3n econ\u00f3mica<\/strong> durante ese tiempo.<\/p>\n<\/li>\n<\/ul>\n<p class=\"\" data-start=\"3142\" data-end=\"3292\">Este enfoque favorece la <strong data-start=\"3167\" data-end=\"3213\">conciliaci\u00f3n de la vida familiar y laboral<\/strong> y equipara la protecci\u00f3n de la infancia con independencia del modelo familiar.<\/p>\n<h2 class=\"\" data-start=\"3299\" data-end=\"3392\"><strong data-start=\"3302\" data-end=\"3392\">\u00bfC\u00f3mo solicitar la ampliaci\u00f3n del permiso por nacimiento si eres familia monoparental?<\/strong><\/h2>\n<p class=\"\" data-start=\"3394\" data-end=\"3470\">Los progenitores en situaci\u00f3n de monoparentalidad pueden seguir estos pasos:<\/p>\n<p>1.<strong data-start=\"3475\" data-end=\"3522\">Presentar una solicitud formal ante el INSS<\/strong>, alegando la Sentencia del Tribunal Supremo y la doctrina del Tribunal Constitucional.<\/p>\n<p class=\"\" data-start=\"3613\" data-end=\"3689\">2.Si el INSS <strong data-start=\"3624\" data-end=\"3647\">deniega la petici\u00f3n<\/strong>, presentar un <strong data-start=\"3662\" data-end=\"3688\">recurso administrativo<\/strong>.<\/p>\n<p class=\"\" data-start=\"3693\" data-end=\"3770\">3.En \u00faltima instancia, acudir a la <strong data-start=\"3726\" data-end=\"3742\">v\u00eda judicial<\/strong> para reclamar este derecho.<\/p>\n<p class=\"\" data-start=\"3772\" data-end=\"3878\">Es recomendable contar con el apoyo de un <strong data-start=\"3814\" data-end=\"3877\">abogado especializado en derecho laboral y Seguridad Social<\/strong>.<\/p>\n<h2 class=\"\" data-start=\"3885\" data-end=\"3947\"><strong data-start=\"3888\" data-end=\"3947\">\u00bfQu\u00e9 implicaciones tiene esta sentencia para el futuro?<\/strong><\/h2>\n<p class=\"\" data-start=\"3949\" data-end=\"3965\">Esta resoluci\u00f3n:<\/p>\n<ul data-start=\"3967\" data-end=\"4253\">\n<li class=\"\" data-start=\"3967\" data-end=\"4079\">\n<p class=\"\" data-start=\"3969\" data-end=\"4079\"><strong data-start=\"3969\" data-end=\"3995\">Presiona al legislador<\/strong> para que adapte la legislaci\u00f3n laboral y de Seguridad Social a esta nueva realidad.<\/p>\n<\/li>\n<li class=\"\" data-start=\"4080\" data-end=\"4152\">\n<p class=\"\" data-start=\"4082\" data-end=\"4152\"><strong data-start=\"4082\" data-end=\"4132\">Ofrece un criterio claro a jueces y tribunales<\/strong> en casos similares.<\/p>\n<\/li>\n<li class=\"\" data-start=\"4153\" data-end=\"4253\">\n<p class=\"\" data-start=\"4155\" data-end=\"4253\"><strong data-start=\"4155\" data-end=\"4211\">Refuerza los derechos de las familias monoparentales<\/strong> dentro del ordenamiento jur\u00eddico espa\u00f1ol.<\/p>\n<\/li>\n<\/ul>\n<p class=\"\" data-start=\"4255\" data-end=\"4456\">Se trata de una interpretaci\u00f3n progresista que garantiza <strong data-start=\"4312\" data-end=\"4349\">igualdad en el tiempo de cuidados<\/strong>, evitando que las familias monoparentales queden en <strong data-start=\"4402\" data-end=\"4429\">situaci\u00f3n de desventaja<\/strong> frente a las biparentales.<\/p>\n<h2 class=\"\" data-start=\"4463\" data-end=\"4530\"><strong data-start=\"4466\" data-end=\"4530\">Conclusi\u00f3n: Hacia una igualdad real entre modelos de familia<\/strong><\/h2>\n<p class=\"\" data-start=\"4532\" data-end=\"4868\">El reconocimiento judicial del derecho a <strong data-start=\"4573\" data-end=\"4637\">ampliar el permiso por nacimiento en familias monoparentales<\/strong> representa un paso firme hacia la <strong data-start=\"4672\" data-end=\"4693\">igualdad efectiva<\/strong> entre modelos familiares. Esta sentencia no solo tiene efectos inmediatos, sino que marca un <strong data-start=\"4787\" data-end=\"4810\">cambio de paradigma<\/strong> en la protecci\u00f3n de la infancia y los derechos laborales.<\/p>\n<p class=\"\" data-start=\"4875\" data-end=\"5045\">\ud83d\udccc <em data-start=\"4878\" data-end=\"5045\">Este art\u00edculo tiene car\u00e1cter meramente informativo y no constituye asesoramiento legal. Para una valoraci\u00f3n personalizada, recomendamos consultar con un profesional.<\/em><\/p>\n<p class=\"\" data-start=\"5047\" data-end=\"5105\">\ud83d\udce7 <strong data-start=\"5050\" data-end=\"5078\">Contacta con nosotros en<\/strong>: <a rel=\"noopener\" data-start=\"5080\" data-end=\"5105\">info@fernandezadvocats.es<\/a><\/p>\n<p>[\/et_pb_text][\/et_pb_column][\/et_pb_row][\/et_pb_section]<\/p>\n","protected":false},"excerpt":{"rendered":"<p><div class=\"et_pb_section et_pb_section_0 et_section_regular\" >\n\t\t\t\t\n\t\t\t\t\n\t\t\t\t\n\t\t\t\t\n\t\t\t\t\n\t\t\t\t\n\t\t\t\t\n\t\t\t\t\n\t\t\t\t\n\t\t\t<\/div><div class=\"et_pb_row et_pb_row_0 et_pb_row_empty\">\n\t\t\t\t\n\t\t\t\t\n\t\t\t\t\n\t\t\t\t\n\t\t\t\t\n\t\t\t<\/div><div class=\"et_pb_module et_pb_text et_pb_text_0  et_pb_text_align_left et_pb_bg_layout_light\">\n\t\t\t\t\n\t\t\t\t\n\t\t\t\t\n\t\t\t\t\n\t\t\t\t\n\t\t\t<\/div> DESCARGAR ART\u00cdCULO COMPLETO EN PDF El Tribunal Supremo, mediante su reciente Sentencia 121\/2025 de 21 de febrero, ha establecido un precedente clave en materia de derechos laborales y protecci\u00f3n social para las familias monoparentales en Espa\u00f1a. Esta resoluci\u00f3n reconoce el derecho a ampliar el permiso por nacimiento y cuidado del menor con las semanas [&hellip;]<\/p>\n","protected":false},"author":2,"featured_media":252635,"comment_status":"closed","ping_status":"closed","sticky":false,"template":"","format":"standard","meta":{"_et_pb_use_builder":"on","_et_pb_old_content":"<p data-start=\"292\" data-end=\"383\"><a href=\"https:\/\/fernandezadvocats.es\/wp-content\/uploads\/2025\/03\/Article_-Permis-per-Naixement-en-Families-Monoparentals.pdf\"><strong>DESCARGAR ART\u00cdCULO COMPLETO EN PDF<\/strong><\/a><\/p><p class=\"\" data-start=\"385\" data-end=\"807\">El <strong data-start=\"388\" data-end=\"408\">Tribunal Supremo<\/strong>, mediante su reciente <strong data-start=\"431\" data-end=\"470\">Sentencia 121\/2025 de 21 de febrero<\/strong>, ha establecido un <strong data-start=\"490\" data-end=\"543\">precedente clave en materia de derechos laborales<\/strong> y <strong data-start=\"546\" data-end=\"567\">protecci\u00f3n social<\/strong> para las <strong data-start=\"577\" data-end=\"604\">familias monoparentales<\/strong> en Espa\u00f1a. Esta resoluci\u00f3n reconoce el derecho a <strong data-start=\"654\" data-end=\"711\">ampliar el permiso por nacimiento y cuidado del menor<\/strong> con las semanas adicionales que, en una familia biparental, corresponder\u00edan al otro progenitor.<\/p><p class=\"\" data-start=\"809\" data-end=\"1011\">Este cambio interpretativo supone un avance importante hacia la <strong data-start=\"873\" data-end=\"897\">igualdad de derechos<\/strong> y la <strong data-start=\"903\" data-end=\"932\">protecci\u00f3n de la infancia<\/strong>, corrigiendo una situaci\u00f3n de discriminaci\u00f3n que afectaba a miles de familias.<\/p><h2 class=\"\" data-start=\"1018\" data-end=\"1060\"><strong data-start=\"1021\" data-end=\"1060\">\u00bfQu\u00e9 ha pasado? Los hechos del caso<\/strong><\/h2><p class=\"\" data-start=\"1062\" data-end=\"1463\">Una madre trabajadora aut\u00f3noma, tras dar a luz, solicit\u00f3 al <strong data-start=\"1122\" data-end=\"1174\">Instituto Nacional de la Seguridad Social (INSS)<\/strong> la ampliaci\u00f3n del <strong data-start=\"1193\" data-end=\"1219\">permiso por nacimiento<\/strong> de 16 a 32 semanas, reclamando el periodo que habr\u00eda correspondido a un segundo progenitor. Esta solicitud fue inicialmente denegada, al considerar el INSS que la legislaci\u00f3n vigente no contempla esta opci\u00f3n para casos de <strong data-start=\"1442\" data-end=\"1462\">monoparentalidad<\/strong>.<\/p><p class=\"\" data-start=\"1465\" data-end=\"1856\">La madre recurri\u00f3 la decisi\u00f3n ante el <strong data-start=\"1503\" data-end=\"1541\">Juzgado de lo Social n\u00ba 1 de Ibiza<\/strong>, que le dio la raz\u00f3n reconociendo su derecho a disfrutar de 16 semanas adicionales. Posteriormente, el <strong data-start=\"1645\" data-end=\"1700\">Tribunal Superior de Justicia de las Islas Baleares<\/strong>, en recurso de suplicaci\u00f3n, ajust\u00f3 el reconocimiento a <strong data-start=\"1756\" data-end=\"1782\">10 semanas adicionales<\/strong>, excluyendo las 6 primeras semanas de disfrute obligatorio tras el parto.<\/p><h2 class=\"\" data-start=\"1863\" data-end=\"1915\"><strong data-start=\"1866\" data-end=\"1915\">Base legal: cambio de doctrina constitucional<\/strong><\/h2><p class=\"\" data-start=\"1917\" data-end=\"2250\">El punto clave del caso es la <strong data-start=\"1947\" data-end=\"1997\">Sentencia 140\/2024 del Tribunal Constitucional<\/strong>, de 6 de noviembre, que declara <strong data-start=\"2030\" data-end=\"2052\">inconstitucionales<\/strong> los art\u00edculos 48.4 del <strong data-start=\"2076\" data-end=\"2113\">Estatuto de los Trabajadores (ET)<\/strong> y 177 de la <strong data-start=\"2126\" data-end=\"2171\">Ley General de la Seguridad Social (LGSS)<\/strong>, en tanto en cuanto no permiten ampliar el permiso en familias monoparentales.<\/p><p class=\"\" data-start=\"2252\" data-end=\"2321\">El <strong data-start=\"2255\" data-end=\"2282\">Tribunal Constitucional<\/strong> considera que esta limitaci\u00f3n vulnera:<\/p><ul data-start=\"2323\" data-end=\"2509\"><li class=\"\" data-start=\"2323\" data-end=\"2420\"><p class=\"\" data-start=\"2325\" data-end=\"2420\">El <strong data-start=\"2328\" data-end=\"2371\">art\u00edculo 14 de la Constituci\u00f3n Espa\u00f1ola<\/strong>, por <strong data-start=\"2377\" data-end=\"2419\">discriminaci\u00f3n por raz\u00f3n de nacimiento<\/strong>.<\/p><\/li><li class=\"\" data-start=\"2421\" data-end=\"2509\"><p class=\"\" data-start=\"2423\" data-end=\"2509\">El <strong data-start=\"2426\" data-end=\"2460\">art\u00edculo 39 de la Constituci\u00f3n<\/strong>, que garantiza la <strong data-start=\"2479\" data-end=\"2508\">protecci\u00f3n de la infancia<\/strong>.<\/p><\/li><\/ul><p class=\"\" data-start=\"2511\" data-end=\"2779\">Con esta base, el <strong data-start=\"2529\" data-end=\"2549\">Tribunal Supremo<\/strong> establece que, hasta que el legislador reforme la normativa, debe permitirse que las familias monoparentales <strong data-start=\"2659\" data-end=\"2691\">sumen 10 semanas adicionales<\/strong> al permiso por nacimiento, en condiciones equivalentes a las de una familia biparental.<\/p><h2 class=\"\" data-start=\"2786\" data-end=\"2873\"><strong data-start=\"2789\" data-end=\"2873\">\u00bfQu\u00e9 familias pueden beneficiarse de esta ampliaci\u00f3n del permiso por nacimiento?<\/strong><\/h2><p class=\"\" data-start=\"2875\" data-end=\"2986\">Este precedente <strong data-start=\"2891\" data-end=\"2948\">abre la puerta a que miles de familias monoparentales<\/strong> \u2014tanto madres como padres\u2014 soliciten:<\/p><ul data-start=\"2988\" data-end=\"3140\"><li class=\"\" data-start=\"2988\" data-end=\"3058\"><p class=\"\" data-start=\"2990\" data-end=\"3058\">La <strong data-start=\"2993\" data-end=\"3034\">ampliaci\u00f3n del permiso por nacimiento<\/strong> de 16 a <strong data-start=\"3043\" data-end=\"3057\">26 semanas<\/strong>.<\/p><\/li><li class=\"\" data-start=\"3059\" data-end=\"3140\"><p class=\"\" data-start=\"3061\" data-end=\"3140\">El <strong data-start=\"3064\" data-end=\"3120\">reconocimiento del derecho a la prestaci\u00f3n econ\u00f3mica<\/strong> durante ese tiempo.<\/p><\/li><\/ul><p class=\"\" data-start=\"3142\" data-end=\"3292\">Este enfoque favorece la <strong data-start=\"3167\" data-end=\"3213\">conciliaci\u00f3n de la vida familiar y laboral<\/strong> y equipara la protecci\u00f3n de la infancia con independencia del modelo familiar.<\/p><h2 class=\"\" data-start=\"3299\" data-end=\"3392\"><strong data-start=\"3302\" data-end=\"3392\">\u00bfC\u00f3mo solicitar la ampliaci\u00f3n del permiso por nacimiento si eres familia monoparental?<\/strong><\/h2><p class=\"\" data-start=\"3394\" data-end=\"3470\">Los progenitores en situaci\u00f3n de monoparentalidad pueden seguir estos pasos:<\/p><p>1.<strong data-start=\"3475\" data-end=\"3522\">Presentar una solicitud formal ante el INSS<\/strong>, alegando la Sentencia del Tribunal Supremo y la doctrina del Tribunal Constitucional.<\/p><p class=\"\" data-start=\"3613\" data-end=\"3689\">2.Si el INSS <strong data-start=\"3624\" data-end=\"3647\">deniega la petici\u00f3n<\/strong>, presentar un <strong data-start=\"3662\" data-end=\"3688\">recurso administrativo<\/strong>.<\/p><p class=\"\" data-start=\"3693\" data-end=\"3770\">3.En \u00faltima instancia, acudir a la <strong data-start=\"3726\" data-end=\"3742\">v\u00eda judicial<\/strong> para reclamar este derecho.<\/p><p class=\"\" data-start=\"3772\" data-end=\"3878\">Es recomendable contar con el apoyo de un <strong data-start=\"3814\" data-end=\"3877\">abogado especializado en derecho laboral y Seguridad Social<\/strong>.<\/p><h2 class=\"\" data-start=\"3885\" data-end=\"3947\"><strong data-start=\"3888\" data-end=\"3947\">\u00bfQu\u00e9 implicaciones tiene esta sentencia para el futuro?<\/strong><\/h2><p class=\"\" data-start=\"3949\" data-end=\"3965\">Esta resoluci\u00f3n:<\/p><ul data-start=\"3967\" data-end=\"4253\"><li class=\"\" data-start=\"3967\" data-end=\"4079\"><p class=\"\" data-start=\"3969\" data-end=\"4079\"><strong data-start=\"3969\" data-end=\"3995\">Presiona al legislador<\/strong> para que adapte la legislaci\u00f3n laboral y de Seguridad Social a esta nueva realidad.<\/p><\/li><li class=\"\" data-start=\"4080\" data-end=\"4152\"><p class=\"\" data-start=\"4082\" data-end=\"4152\"><strong data-start=\"4082\" data-end=\"4132\">Ofrece un criterio claro a jueces y tribunales<\/strong> en casos similares.<\/p><\/li><li class=\"\" data-start=\"4153\" data-end=\"4253\"><p class=\"\" data-start=\"4155\" data-end=\"4253\"><strong data-start=\"4155\" data-end=\"4211\">Refuerza los derechos de las familias monoparentales<\/strong> dentro del ordenamiento jur\u00eddico espa\u00f1ol.<\/p><\/li><\/ul><p class=\"\" data-start=\"4255\" data-end=\"4456\">Se trata de una interpretaci\u00f3n progresista que garantiza <strong data-start=\"4312\" data-end=\"4349\">igualdad en el tiempo de cuidados<\/strong>, evitando que las familias monoparentales queden en <strong data-start=\"4402\" data-end=\"4429\">situaci\u00f3n de desventaja<\/strong> frente a las biparentales.<\/p><h2 class=\"\" data-start=\"4463\" data-end=\"4530\"><strong data-start=\"4466\" data-end=\"4530\">Conclusi\u00f3n: Hacia una igualdad real entre modelos de familia<\/strong><\/h2><p class=\"\" data-start=\"4532\" data-end=\"4868\">El reconocimiento judicial del derecho a <strong data-start=\"4573\" data-end=\"4637\">ampliar el permiso por nacimiento en familias monoparentales<\/strong> representa un paso firme hacia la <strong data-start=\"4672\" data-end=\"4693\">igualdad efectiva<\/strong> entre modelos familiares. Esta sentencia no solo tiene efectos inmediatos, sino que marca un <strong data-start=\"4787\" data-end=\"4810\">cambio de paradigma<\/strong> en la protecci\u00f3n de la infancia y los derechos laborales.<\/p><p class=\"\" data-start=\"4875\" data-end=\"5045\">\ud83d\udccc <em data-start=\"4878\" data-end=\"5045\">Este art\u00edculo tiene car\u00e1cter meramente informativo y no constituye asesoramiento legal. Para una valoraci\u00f3n personalizada, recomendamos consultar con un profesional.<\/em><\/p><p class=\"\" data-start=\"5047\" data-end=\"5105\">\ud83d\udce7 <strong data-start=\"5050\" data-end=\"5078\">Contacta con nosotros en<\/strong>: <a rel=\"noopener\" data-start=\"5080\" data-end=\"5105\">info@fernandezadvocats.es<\/a><\/p>","_et_gb_content_width":"","footnotes":""},"categories":[28,105,39,107,106],"tags":[],"class_list":["post-252637","post","type-post","status-publish","format-standard","has-post-thumbnail","hentry","category-articulos-fa","category-derecho-de-familia","category-derecho-laboral","category-familia-monoparental","category-permiso-por-nacimiento"],"yoast_head":"<!-- This site is optimized with the Yoast SEO plugin v27.1.1 - https:\/\/yoast.com\/product\/yoast-seo-wordpress\/ -->\n<title>Permiso por nacimiento en familias monoparentales: El Tribunal Supremo reconoce el derecho a la ampliaci\u00f3n | Fern\u00e1ndez Advocats<\/title>\n<meta name=\"robots\" content=\"index, follow, max-snippet:-1, max-image-preview:large, max-video-preview:-1\" \/>\n<link rel=\"canonical\" href=\"https:\/\/fernandezadvocats.es\/es\/permiso-por-nacimiento-en-familias-monoparentales-el-tribunal-supremo-reconoce-el-derecho-a-la-ampliacion\/\" \/>\n<meta property=\"og:locale\" content=\"es_ES\" \/>\n<meta property=\"og:type\" content=\"article\" \/>\n<meta property=\"og:title\" content=\"Permiso por nacimiento en familias monoparentales: El Tribunal Supremo reconoce el derecho a la ampliaci\u00f3n | Fern\u00e1ndez Advocats\" \/>\n<meta property=\"og:description\" content=\"DESCARGAR ART\u00cdCULO COMPLETO EN PDF El Tribunal Supremo, mediante su reciente Sentencia 121\/2025 de 21 de febrero, ha establecido un precedente clave en materia de derechos laborales y protecci\u00f3n social para las familias monoparentales en Espa\u00f1a. Esta resoluci\u00f3n reconoce el derecho a ampliar el permiso por nacimiento y cuidado del menor con las semanas [&hellip;]\" \/>\n<meta property=\"og:url\" content=\"https:\/\/fernandezadvocats.es\/es\/permiso-por-nacimiento-en-familias-monoparentales-el-tribunal-supremo-reconoce-el-derecho-a-la-ampliacion\/\" \/>\n<meta property=\"og:site_name\" content=\"Fern\u00e1ndez Advocats\" \/>\n<meta property=\"article:published_time\" content=\"2025-03-25T14:49:34+00:00\" \/>\n<meta property=\"article:modified_time\" content=\"2026-01-22T09:19:06+00:00\" \/>\n<meta property=\"og:image\" content=\"https:\/\/fernandezadvocats.es\/wp-content\/uploads\/2025\/03\/portrait-of-young-mother-with-cute-baby-at-home-2025-03-14-13-47-55-utc-min-scaled.jpg\" \/>\n\t<meta property=\"og:image:width\" content=\"2560\" \/>\n\t<meta property=\"og:image:height\" content=\"1709\" \/>\n\t<meta property=\"og:image:type\" content=\"image\/jpeg\" \/>\n<meta name=\"author\" content=\"Fern\u00e1ndez Advocats\" \/>\n<meta name=\"twitter:card\" content=\"summary_large_image\" \/>\n<meta name=\"twitter:label1\" content=\"Escrito por\" \/>\n\t<meta name=\"twitter:data1\" content=\"Fern\u00e1ndez Advocats\" \/>\n\t<meta name=\"twitter:label2\" content=\"Tiempo de lectura\" \/>\n\t<meta name=\"twitter:data2\" content=\"4 minutos\" \/>\n<script type=\"application\/ld+json\" class=\"yoast-schema-graph\">{\"@context\":\"https:\/\/schema.org\",\"@graph\":[{\"@type\":\"Article\",\"@id\":\"https:\/\/fernandezadvocats.es\/es\/permiso-por-nacimiento-en-familias-monoparentales-el-tribunal-supremo-reconoce-el-derecho-a-la-ampliacion\/#article\",\"isPartOf\":{\"@id\":\"https:\/\/fernandezadvocats.es\/es\/permiso-por-nacimiento-en-familias-monoparentales-el-tribunal-supremo-reconoce-el-derecho-a-la-ampliacion\/\"},\"author\":{\"name\":\"Fern\u00e1ndez Advocats\",\"@id\":\"https:\/\/fernandezadvocats.es\/#\/schema\/person\/b07c77bdf07c1e11b12a56cae182b521\"},\"headline\":\"Permiso por nacimiento en familias monoparentales: El Tribunal Supremo reconoce el derecho a la ampliaci\u00f3n\",\"datePublished\":\"2025-03-25T14:49:34+00:00\",\"dateModified\":\"2026-01-22T09:19:06+00:00\",\"mainEntityOfPage\":{\"@id\":\"https:\/\/fernandezadvocats.es\/es\/permiso-por-nacimiento-en-familias-monoparentales-el-tribunal-supremo-reconoce-el-derecho-a-la-ampliacion\/\"},\"wordCount\":735,\"publisher\":{\"@id\":\"https:\/\/fernandezadvocats.es\/#organization\"},\"image\":{\"@id\":\"https:\/\/fernandezadvocats.es\/es\/permiso-por-nacimiento-en-familias-monoparentales-el-tribunal-supremo-reconoce-el-derecho-a-la-ampliacion\/#primaryimage\"},\"thumbnailUrl\":\"https:\/\/fernandezadvocats.es\/wp-content\/uploads\/2025\/03\/portrait-of-young-mother-with-cute-baby-at-home-2025-03-14-13-47-55-utc-min-scaled.jpg\",\"articleSection\":[\"Art\u00edculos FA\",\"Derecho de Familia\",\"Derecho Laboral\",\"Familia monoparental\",\"Permiso por nacimiento\"],\"inLanguage\":\"es\"},{\"@type\":\"WebPage\",\"@id\":\"https:\/\/fernandezadvocats.es\/es\/permiso-por-nacimiento-en-familias-monoparentales-el-tribunal-supremo-reconoce-el-derecho-a-la-ampliacion\/\",\"url\":\"https:\/\/fernandezadvocats.es\/es\/permiso-por-nacimiento-en-familias-monoparentales-el-tribunal-supremo-reconoce-el-derecho-a-la-ampliacion\/\",\"name\":\"Permiso por nacimiento en familias monoparentales: El Tribunal Supremo reconoce el derecho a la ampliaci\u00f3n | Fern\u00e1ndez Advocats\",\"isPartOf\":{\"@id\":\"https:\/\/fernandezadvocats.es\/#website\"},\"primaryImageOfPage\":{\"@id\":\"https:\/\/fernandezadvocats.es\/es\/permiso-por-nacimiento-en-familias-monoparentales-el-tribunal-supremo-reconoce-el-derecho-a-la-ampliacion\/#primaryimage\"},\"image\":{\"@id\":\"https:\/\/fernandezadvocats.es\/es\/permiso-por-nacimiento-en-familias-monoparentales-el-tribunal-supremo-reconoce-el-derecho-a-la-ampliacion\/#primaryimage\"},\"thumbnailUrl\":\"https:\/\/fernandezadvocats.es\/wp-content\/uploads\/2025\/03\/portrait-of-young-mother-with-cute-baby-at-home-2025-03-14-13-47-55-utc-min-scaled.jpg\",\"datePublished\":\"2025-03-25T14:49:34+00:00\",\"dateModified\":\"2026-01-22T09:19:06+00:00\",\"breadcrumb\":{\"@id\":\"https:\/\/fernandezadvocats.es\/es\/permiso-por-nacimiento-en-familias-monoparentales-el-tribunal-supremo-reconoce-el-derecho-a-la-ampliacion\/#breadcrumb\"},\"inLanguage\":\"es\",\"potentialAction\":[{\"@type\":\"ReadAction\",\"target\":[\"https:\/\/fernandezadvocats.es\/es\/permiso-por-nacimiento-en-familias-monoparentales-el-tribunal-supremo-reconoce-el-derecho-a-la-ampliacion\/\"]}]},{\"@type\":\"ImageObject\",\"inLanguage\":\"es\",\"@id\":\"https:\/\/fernandezadvocats.es\/es\/permiso-por-nacimiento-en-familias-monoparentales-el-tribunal-supremo-reconoce-el-derecho-a-la-ampliacion\/#primaryimage\",\"url\":\"https:\/\/fernandezadvocats.es\/wp-content\/uploads\/2025\/03\/portrait-of-young-mother-with-cute-baby-at-home-2025-03-14-13-47-55-utc-min-scaled.jpg\",\"contentUrl\":\"https:\/\/fernandezadvocats.es\/wp-content\/uploads\/2025\/03\/portrait-of-young-mother-with-cute-baby-at-home-2025-03-14-13-47-55-utc-min-scaled.jpg\",\"width\":2560,\"height\":1709},{\"@type\":\"BreadcrumbList\",\"@id\":\"https:\/\/fernandezadvocats.es\/es\/permiso-por-nacimiento-en-familias-monoparentales-el-tribunal-supremo-reconoce-el-derecho-a-la-ampliacion\/#breadcrumb\",\"itemListElement\":[{\"@type\":\"ListItem\",\"position\":1,\"name\":\"Portada\",\"item\":\"https:\/\/fernandezadvocats.es\/es\/fernandez-advocats-berga\/\"},{\"@type\":\"ListItem\",\"position\":2,\"name\":\"Permiso por nacimiento en familias monoparentales: El Tribunal Supremo reconoce el derecho a la ampliaci\u00f3n\"}]},{\"@type\":\"WebSite\",\"@id\":\"https:\/\/fernandezadvocats.es\/#website\",\"url\":\"https:\/\/fernandezadvocats.es\/\",\"name\":\"Fern\u00e1ndez Advocats\",\"description\":\"Advocats Berga i Barcelona\",\"publisher\":{\"@id\":\"https:\/\/fernandezadvocats.es\/#organization\"},\"alternateName\":\"Abogados Berga y Bracelona\",\"potentialAction\":[{\"@type\":\"SearchAction\",\"target\":{\"@type\":\"EntryPoint\",\"urlTemplate\":\"https:\/\/fernandezadvocats.es\/?s={search_term_string}\"},\"query-input\":{\"@type\":\"PropertyValueSpecification\",\"valueRequired\":true,\"valueName\":\"search_term_string\"}}],\"inLanguage\":\"es\"},{\"@type\":\"Organization\",\"@id\":\"https:\/\/fernandezadvocats.es\/#organization\",\"name\":\"Fern\u00e1ndez Advocats\",\"url\":\"https:\/\/fernandezadvocats.es\/\",\"logo\":{\"@type\":\"ImageObject\",\"inLanguage\":\"es\",\"@id\":\"https:\/\/fernandezadvocats.es\/#\/schema\/logo\/image\/\",\"url\":\"https:\/\/fernandezadvocats.es\/wp-content\/uploads\/2024\/11\/cropped-BF-e1731427554424.png\",\"contentUrl\":\"https:\/\/fernandezadvocats.es\/wp-content\/uploads\/2024\/11\/cropped-BF-e1731427554424.png\",\"width\":512,\"height\":512,\"caption\":\"Fern\u00e1ndez Advocats\"},\"image\":{\"@id\":\"https:\/\/fernandezadvocats.es\/#\/schema\/logo\/image\/\"}},{\"@type\":\"Person\",\"@id\":\"https:\/\/fernandezadvocats.es\/#\/schema\/person\/b07c77bdf07c1e11b12a56cae182b521\",\"name\":\"Fern\u00e1ndez Advocats\",\"image\":{\"@type\":\"ImageObject\",\"inLanguage\":\"es\",\"@id\":\"https:\/\/fernandezadvocats.es\/#\/schema\/person\/image\/\",\"url\":\"https:\/\/secure.gravatar.com\/avatar\/4fc29f47dccf5511fdf4ab55d2e22d915d944656636c10c38a1baf7a85eccbd2?s=96&d=mm&r=g\",\"contentUrl\":\"https:\/\/secure.gravatar.com\/avatar\/4fc29f47dccf5511fdf4ab55d2e22d915d944656636c10c38a1baf7a85eccbd2?s=96&d=mm&r=g\",\"caption\":\"Fern\u00e1ndez Advocats\"},\"sameAs\":[\"https:\/\/abogados.evotic.es\/\"],\"url\":\"https:\/\/fernandezadvocats.es\/es\/author\/javier\/\"}]}<\/script>\n<!-- \/ Yoast SEO plugin. -->","yoast_head_json":{"title":"Permiso por nacimiento en familias monoparentales: El Tribunal Supremo reconoce el derecho a la ampliaci\u00f3n | Fern\u00e1ndez Advocats","robots":{"index":"index","follow":"follow","max-snippet":"max-snippet:-1","max-image-preview":"max-image-preview:large","max-video-preview":"max-video-preview:-1"},"canonical":"https:\/\/fernandezadvocats.es\/es\/permiso-por-nacimiento-en-familias-monoparentales-el-tribunal-supremo-reconoce-el-derecho-a-la-ampliacion\/","og_locale":"es_ES","og_type":"article","og_title":"Permiso por nacimiento en familias monoparentales: El Tribunal Supremo reconoce el derecho a la ampliaci\u00f3n | Fern\u00e1ndez Advocats","og_description":"DESCARGAR ART\u00cdCULO COMPLETO EN PDF El Tribunal Supremo, mediante su reciente Sentencia 121\/2025 de 21 de febrero, ha establecido un precedente clave en materia de derechos laborales y protecci\u00f3n social para las familias monoparentales en Espa\u00f1a. Esta resoluci\u00f3n reconoce el derecho a ampliar el permiso por nacimiento y cuidado del menor con las semanas [&hellip;]","og_url":"https:\/\/fernandezadvocats.es\/es\/permiso-por-nacimiento-en-familias-monoparentales-el-tribunal-supremo-reconoce-el-derecho-a-la-ampliacion\/","og_site_name":"Fern\u00e1ndez Advocats","article_published_time":"2025-03-25T14:49:34+00:00","article_modified_time":"2026-01-22T09:19:06+00:00","og_image":[{"width":2560,"height":1709,"url":"https:\/\/fernandezadvocats.es\/wp-content\/uploads\/2025\/03\/portrait-of-young-mother-with-cute-baby-at-home-2025-03-14-13-47-55-utc-min-scaled.jpg","type":"image\/jpeg"}],"author":"Fern\u00e1ndez Advocats","twitter_card":"summary_large_image","twitter_misc":{"Escrito por":"Fern\u00e1ndez Advocats","Tiempo de lectura":"4 minutos"},"schema":{"@context":"https:\/\/schema.org","@graph":[{"@type":"Article","@id":"https:\/\/fernandezadvocats.es\/es\/permiso-por-nacimiento-en-familias-monoparentales-el-tribunal-supremo-reconoce-el-derecho-a-la-ampliacion\/#article","isPartOf":{"@id":"https:\/\/fernandezadvocats.es\/es\/permiso-por-nacimiento-en-familias-monoparentales-el-tribunal-supremo-reconoce-el-derecho-a-la-ampliacion\/"},"author":{"name":"Fern\u00e1ndez Advocats","@id":"https:\/\/fernandezadvocats.es\/#\/schema\/person\/b07c77bdf07c1e11b12a56cae182b521"},"headline":"Permiso por nacimiento en familias monoparentales: El Tribunal Supremo reconoce el derecho a la ampliaci\u00f3n","datePublished":"2025-03-25T14:49:34+00:00","dateModified":"2026-01-22T09:19:06+00:00","mainEntityOfPage":{"@id":"https:\/\/fernandezadvocats.es\/es\/permiso-por-nacimiento-en-familias-monoparentales-el-tribunal-supremo-reconoce-el-derecho-a-la-ampliacion\/"},"wordCount":735,"publisher":{"@id":"https:\/\/fernandezadvocats.es\/#organization"},"image":{"@id":"https:\/\/fernandezadvocats.es\/es\/permiso-por-nacimiento-en-familias-monoparentales-el-tribunal-supremo-reconoce-el-derecho-a-la-ampliacion\/#primaryimage"},"thumbnailUrl":"https:\/\/fernandezadvocats.es\/wp-content\/uploads\/2025\/03\/portrait-of-young-mother-with-cute-baby-at-home-2025-03-14-13-47-55-utc-min-scaled.jpg","articleSection":["Art\u00edculos FA","Derecho de Familia","Derecho Laboral","Familia monoparental","Permiso por nacimiento"],"inLanguage":"es"},{"@type":"WebPage","@id":"https:\/\/fernandezadvocats.es\/es\/permiso-por-nacimiento-en-familias-monoparentales-el-tribunal-supremo-reconoce-el-derecho-a-la-ampliacion\/","url":"https:\/\/fernandezadvocats.es\/es\/permiso-por-nacimiento-en-familias-monoparentales-el-tribunal-supremo-reconoce-el-derecho-a-la-ampliacion\/","name":"Permiso por nacimiento en familias monoparentales: El Tribunal Supremo reconoce el derecho a la ampliaci\u00f3n | Fern\u00e1ndez Advocats","isPartOf":{"@id":"https:\/\/fernandezadvocats.es\/#website"},"primaryImageOfPage":{"@id":"https:\/\/fernandezadvocats.es\/es\/permiso-por-nacimiento-en-familias-monoparentales-el-tribunal-supremo-reconoce-el-derecho-a-la-ampliacion\/#primaryimage"},"image":{"@id":"https:\/\/fernandezadvocats.es\/es\/permiso-por-nacimiento-en-familias-monoparentales-el-tribunal-supremo-reconoce-el-derecho-a-la-ampliacion\/#primaryimage"},"thumbnailUrl":"https:\/\/fernandezadvocats.es\/wp-content\/uploads\/2025\/03\/portrait-of-young-mother-with-cute-baby-at-home-2025-03-14-13-47-55-utc-min-scaled.jpg","datePublished":"2025-03-25T14:49:34+00:00","dateModified":"2026-01-22T09:19:06+00:00","breadcrumb":{"@id":"https:\/\/fernandezadvocats.es\/es\/permiso-por-nacimiento-en-familias-monoparentales-el-tribunal-supremo-reconoce-el-derecho-a-la-ampliacion\/#breadcrumb"},"inLanguage":"es","potentialAction":[{"@type":"ReadAction","target":["https:\/\/fernandezadvocats.es\/es\/permiso-por-nacimiento-en-familias-monoparentales-el-tribunal-supremo-reconoce-el-derecho-a-la-ampliacion\/"]}]},{"@type":"ImageObject","inLanguage":"es","@id":"https:\/\/fernandezadvocats.es\/es\/permiso-por-nacimiento-en-familias-monoparentales-el-tribunal-supremo-reconoce-el-derecho-a-la-ampliacion\/#primaryimage","url":"https:\/\/fernandezadvocats.es\/wp-content\/uploads\/2025\/03\/portrait-of-young-mother-with-cute-baby-at-home-2025-03-14-13-47-55-utc-min-scaled.jpg","contentUrl":"https:\/\/fernandezadvocats.es\/wp-content\/uploads\/2025\/03\/portrait-of-young-mother-with-cute-baby-at-home-2025-03-14-13-47-55-utc-min-scaled.jpg","width":2560,"height":1709},{"@type":"BreadcrumbList","@id":"https:\/\/fernandezadvocats.es\/es\/permiso-por-nacimiento-en-familias-monoparentales-el-tribunal-supremo-reconoce-el-derecho-a-la-ampliacion\/#breadcrumb","itemListElement":[{"@type":"ListItem","position":1,"name":"Portada","item":"https:\/\/fernandezadvocats.es\/es\/fernandez-advocats-berga\/"},{"@type":"ListItem","position":2,"name":"Permiso por nacimiento en familias monoparentales: El Tribunal Supremo reconoce el derecho a la ampliaci\u00f3n"}]},{"@type":"WebSite","@id":"https:\/\/fernandezadvocats.es\/#website","url":"https:\/\/fernandezadvocats.es\/","name":"Fern\u00e1ndez Advocats","description":"Advocats Berga i Barcelona","publisher":{"@id":"https:\/\/fernandezadvocats.es\/#organization"},"alternateName":"Abogados Berga y Bracelona","potentialAction":[{"@type":"SearchAction","target":{"@type":"EntryPoint","urlTemplate":"https:\/\/fernandezadvocats.es\/?s={search_term_string}"},"query-input":{"@type":"PropertyValueSpecification","valueRequired":true,"valueName":"search_term_string"}}],"inLanguage":"es"},{"@type":"Organization","@id":"https:\/\/fernandezadvocats.es\/#organization","name":"Fern\u00e1ndez Advocats","url":"https:\/\/fernandezadvocats.es\/","logo":{"@type":"ImageObject","inLanguage":"es","@id":"https:\/\/fernandezadvocats.es\/#\/schema\/logo\/image\/","url":"https:\/\/fernandezadvocats.es\/wp-content\/uploads\/2024\/11\/cropped-BF-e1731427554424.png","contentUrl":"https:\/\/fernandezadvocats.es\/wp-content\/uploads\/2024\/11\/cropped-BF-e1731427554424.png","width":512,"height":512,"caption":"Fern\u00e1ndez Advocats"},"image":{"@id":"https:\/\/fernandezadvocats.es\/#\/schema\/logo\/image\/"}},{"@type":"Person","@id":"https:\/\/fernandezadvocats.es\/#\/schema\/person\/b07c77bdf07c1e11b12a56cae182b521","name":"Fern\u00e1ndez Advocats","image":{"@type":"ImageObject","inLanguage":"es","@id":"https:\/\/fernandezadvocats.es\/#\/schema\/person\/image\/","url":"https:\/\/secure.gravatar.com\/avatar\/4fc29f47dccf5511fdf4ab55d2e22d915d944656636c10c38a1baf7a85eccbd2?s=96&d=mm&r=g","contentUrl":"https:\/\/secure.gravatar.com\/avatar\/4fc29f47dccf5511fdf4ab55d2e22d915d944656636c10c38a1baf7a85eccbd2?s=96&d=mm&r=g","caption":"Fern\u00e1ndez Advocats"},"sameAs":["https:\/\/abogados.evotic.es\/"],"url":"https:\/\/fernandezadvocats.es\/es\/author\/javier\/"}]}},"_links":{"self":[{"href":"https:\/\/fernandezadvocats.es\/es\/wp-json\/wp\/v2\/posts\/252637","targetHints":{"allow":["GET"]}}],"collection":[{"href":"https:\/\/fernandezadvocats.es\/es\/wp-json\/wp\/v2\/posts"}],"about":[{"href":"https:\/\/fernandezadvocats.es\/es\/wp-json\/wp\/v2\/types\/post"}],"author":[{"embeddable":true,"href":"https:\/\/fernandezadvocats.es\/es\/wp-json\/wp\/v2\/users\/2"}],"replies":[{"embeddable":true,"href":"https:\/\/fernandezadvocats.es\/es\/wp-json\/wp\/v2\/comments?post=252637"}],"version-history":[{"count":3,"href":"https:\/\/fernandezadvocats.es\/es\/wp-json\/wp\/v2\/posts\/252637\/revisions"}],"predecessor-version":[{"id":252641,"href":"https:\/\/fernandezadvocats.es\/es\/wp-json\/wp\/v2\/posts\/252637\/revisions\/252641"}],"wp:featuredmedia":[{"embeddable":true,"href":"https:\/\/fernandezadvocats.es\/es\/wp-json\/wp\/v2\/media\/252635"}],"wp:attachment":[{"href":"https:\/\/fernandezadvocats.es\/es\/wp-json\/wp\/v2\/media?parent=252637"}],"wp:term":[{"taxonomy":"category","embeddable":true,"href":"https:\/\/fernandezadvocats.es\/es\/wp-json\/wp\/v2\/categories?post=252637"},{"taxonomy":"post_tag","embeddable":true,"href":"https:\/\/fernandezadvocats.es\/es\/wp-json\/wp\/v2\/tags?post=252637"}],"curies":[{"name":"wp","href":"https:\/\/api.w.org\/{rel}","templated":true}]}}