{"id":252660,"date":"2025-04-07T17:37:52","date_gmt":"2025-04-07T15:37:52","guid":{"rendered":"https:\/\/fernandezadvocats.es\/?p=252660"},"modified":"2025-04-10T13:23:41","modified_gmt":"2025-04-10T11:23:41","slug":"gerard-rincon-analiza-la-sentencia-del-tribunal-constitucional","status":"publish","type":"post","link":"https:\/\/fernandezadvocats.es\/es\/gerard-rincon-analiza-la-sentencia-del-tribunal-constitucional\/","title":{"rendered":"Publicaci\u00f3n en LA LEY: Nuestro abogado Gerard Rinc\u00f3n analiza la sentencia del Tribunal Constitucional sobre el alquiler social en Catalu\u00f1a"},"content":{"rendered":"<p><a href=\"https:\/\/diariolaley.laleynext.es\/Content\/Documento.aspx?params=H4sIAAAAAAAEAFWNMQ7CMBRDT0PmEFrRDn9quEF2lDYO-iLKR2lA9PY0DEh48GDLfhwCWad3dUM_nkf1QllZMhlten06DipLgLMTPXNA5Iygkp-RphbjXemGjMLLpRQpbc1xs7K47QGKPq1QmEXuf5Dr7xyB606zvoJ0dzDd11r9AXlTbrmZAAAAWKE\"><strong>ART\u00cdCULO COMPLETO<\/strong><\/a><\/p>\n<p class=\"\" data-start=\"127\" data-end=\"269\"><strong data-start=\"127\" data-end=\"269\">Publicaci\u00f3n en LA LEY: Nuestro abogado Gerard Rinc\u00f3n analiza la sentencia del Tribunal Constitucional sobre el alquiler social en Catalu\u00f1a<\/strong><\/p>\n<p class=\"\" data-start=\"271\" data-end=\"614\">El pasado 4 de abril de 2025, la revista jur\u00eddica <em data-start=\"321\" data-end=\"336\">Diario LA LEY<\/em> (n.\u00ba 10698, Secci\u00f3n Tribuna) public\u00f3 un art\u00edculo firmado por nuestro compa\u00f1ero <strong data-start=\"416\" data-end=\"440\">Gerard Rinc\u00f3n Andreu<\/strong>, abogado en <strong data-start=\"453\" data-end=\"486\">Fern\u00e1ndez Advocats <\/strong>y profesor colaborador en la <strong data-start=\"516\" data-end=\"551\">Universitat Oberta de Catalunya<\/strong>, junto con <strong data-start=\"563\" data-end=\"585\">V\u00edctor Ruiz Oliach<\/strong>, abogado en <strong data-start=\"598\" data-end=\"613\">M&amp;P Ledesma<\/strong>.<\/p>\n<p class=\"\" data-start=\"616\" data-end=\"1139\">Bajo el t\u00edtulo <em data-start=\"631\" data-end=\"845\">\u00abLas consecuencias de la Sentencia del Tribunal Constitucional de 8 de octubre de 2024 sobre la obligaci\u00f3n de ofrecimiento de alquiler social y el r\u00e9gimen jur\u00eddico de los contratos de alquiler social en Catalu\u00f1a\u00bb<\/em>, el art\u00edculo examina las implicaciones jur\u00eddicas de la reciente <strong data-start=\"910\" data-end=\"960\">Sentencia del Tribunal Constitucional 120\/2024<\/strong>, que afecta aspectos clave de la <strong data-start=\"994\" data-end=\"1040\">regulaci\u00f3n del alquiler social en Catalu\u00f1a<\/strong>, especialmente en relaci\u00f3n con la <strong data-start=\"1075\" data-end=\"1105\">obligaci\u00f3n de ofrecimiento<\/strong> y la <strong data-start=\"1111\" data-end=\"1138\">renovaci\u00f3n de contratos<\/strong>.<\/p>\n<p class=\"\" data-start=\"1141\" data-end=\"1506\">En el art\u00edculo, los autores analizan en detalle el alcance de la <strong data-start=\"1206\" data-end=\"1268\">nulidad declarada sobre varios preceptos de la Ley 24\/2015<\/strong> y sus efectos pr\u00e1cticos: desde la limitaci\u00f3n de los supuestos en los que debe ofrecerse un alquiler social, hasta la revisi\u00f3n de procedimientos sancionadores y el debate sobre la vigencia de ciertos derechos en contratos ya formalizados.<\/p>\n<p class=\"\" data-start=\"1508\" data-end=\"1772\">Esta publicaci\u00f3n es una nueva muestra del compromiso de <strong data-start=\"1564\" data-end=\"1591\">Fern\u00e1ndez Advocats <\/strong>con la reflexi\u00f3n jur\u00eddica en torno a temas de actualidad y relevancia social, como el <strong data-start=\"1678\" data-end=\"1710\">derecho a una vivienda digna<\/strong> y la protecci\u00f3n de colectivos en situaci\u00f3n de vulnerabilidad.<\/p>\n<p class=\"\" data-start=\"1774\" data-end=\"1899\"><a href=\"https:\/\/diariolaley.laleynext.es\/Content\/Documento.aspx?params=H4sIAAAAAAAEAFWNMQ7CMBRDT0PmEFrRDn9quEF2lDYO-iLKR2lA9PY0DEh48GDLfhwCWad3dUM_nkf1QllZMhlten06DipLgLMTPXNA5Iygkp-RphbjXemGjMLLpRQpbc1xs7K47QGKPq1QmEXuf5Dr7xyB606zvoJ0dzDd11r9AXlTbrmZAAAAWKE\">Puedes consultar el art\u00edculo completo en <em data-start=\"1815\" data-end=\"1830\">Diario LA LEY<\/em> y seguirnos para m\u00e1s contenidos sobre cuestiones legales de inter\u00e9s.<\/a><\/p>\n<div id=\"gtx-trans\" style=\"position: absolute; left: 17px; top: 506.333px;\">\n<div class=\"gtx-trans-icon\"><\/div>\n<\/div>\n","protected":false},"excerpt":{"rendered":"<p>ART\u00cdCULO COMPLETO Publicaci\u00f3n en LA LEY: Nuestro abogado Gerard Rinc\u00f3n analiza la sentencia del Tribunal Constitucional sobre el alquiler social en Catalu\u00f1a El pasado 4 de abril de 2025, la revista jur\u00eddica Diario LA LEY (n.\u00ba 10698, Secci\u00f3n Tribuna) public\u00f3 un art\u00edculo firmado por nuestro compa\u00f1ero Gerard Rinc\u00f3n Andreu, abogado en Fern\u00e1ndez Advocats y profesor [&hellip;]<\/p>\n","protected":false},"author":2,"featured_media":252658,"comment_status":"closed","ping_status":"closed","sticky":false,"template":"","format":"standard","meta":{"_et_pb_use_builder":"","_et_pb_old_content":"","_et_gb_content_width":"","footnotes":""},"categories":[33,177,178,30,55,110,109],"tags":[],"class_list":["post-252660","post","type-post","status-publish","format-standard","has-post-thumbnail","hentry","category-derecho-inmobiliario","category-dret-inmobiliari-es","category-habitatge-es","category-prensa","category-sentencia-2","category-tribunal-constitucional","category-vivienda"],"yoast_head":"<!-- This site is optimized with the Yoast SEO plugin v27.1.1 - https:\/\/yoast.com\/product\/yoast-seo-wordpress\/ -->\n<title>Gerard Rinc\u00f3n analiza la sentencia del Tribunal Constitucional | Fern\u00e1ndez Advocats<\/title>\n<meta name=\"robots\" content=\"index, follow, max-snippet:-1, max-image-preview:large, max-video-preview:-1\" \/>\n<link rel=\"canonical\" href=\"https:\/\/fernandezadvocats.es\/es\/gerard-rincon-analiza-la-sentencia-del-tribunal-constitucional\/\" \/>\n<meta property=\"og:locale\" content=\"es_ES\" \/>\n<meta property=\"og:type\" content=\"article\" \/>\n<meta property=\"og:title\" content=\"Gerard Rinc\u00f3n analiza la sentencia del Tribunal Constitucional | Fern\u00e1ndez Advocats\" \/>\n<meta property=\"og:description\" content=\"ART\u00cdCULO COMPLETO Publicaci\u00f3n en LA LEY: Nuestro abogado Gerard Rinc\u00f3n analiza la sentencia del Tribunal Constitucional sobre el alquiler social en Catalu\u00f1a El pasado 4 de abril de 2025, la revista jur\u00eddica Diario LA LEY (n.\u00ba 10698, Secci\u00f3n Tribuna) public\u00f3 un art\u00edculo firmado por nuestro compa\u00f1ero Gerard Rinc\u00f3n Andreu, abogado en Fern\u00e1ndez Advocats y profesor [&hellip;]\" \/>\n<meta property=\"og:url\" content=\"https:\/\/fernandezadvocats.es\/es\/gerard-rincon-analiza-la-sentencia-del-tribunal-constitucional\/\" \/>\n<meta property=\"og:site_name\" content=\"Fern\u00e1ndez Advocats\" \/>\n<meta property=\"article:published_time\" content=\"2025-04-07T15:37:52+00:00\" \/>\n<meta property=\"article:modified_time\" content=\"2025-04-10T11:23:41+00:00\" \/>\n<meta property=\"og:image\" content=\"https:\/\/fernandezadvocats.es\/wp-content\/uploads\/2025\/04\/cropped-view-of-multicultural-businessmen-signing-2024-11-19-15-16-15-utc-min-scaled.jpg\" \/>\n\t<meta property=\"og:image:width\" content=\"2560\" \/>\n\t<meta property=\"og:image:height\" content=\"1709\" \/>\n\t<meta property=\"og:image:type\" content=\"image\/jpeg\" \/>\n<meta name=\"author\" content=\"Fern\u00e1ndez Advocats\" \/>\n<meta name=\"twitter:card\" content=\"summary_large_image\" \/>\n<meta name=\"twitter:label1\" content=\"Escrito por\" \/>\n\t<meta name=\"twitter:data1\" content=\"Fern\u00e1ndez Advocats\" \/>\n\t<meta name=\"twitter:label2\" content=\"Tiempo de lectura\" \/>\n\t<meta name=\"twitter:data2\" content=\"2 minutos\" \/>\n<script type=\"application\/ld+json\" class=\"yoast-schema-graph\">{\"@context\":\"https:\/\/schema.org\",\"@graph\":[{\"@type\":\"Article\",\"@id\":\"https:\/\/fernandezadvocats.es\/es\/gerard-rincon-analiza-la-sentencia-del-tribunal-constitucional\/#article\",\"isPartOf\":{\"@id\":\"https:\/\/fernandezadvocats.es\/es\/gerard-rincon-analiza-la-sentencia-del-tribunal-constitucional\/\"},\"author\":{\"name\":\"Fern\u00e1ndez Advocats\",\"@id\":\"https:\/\/fernandezadvocats.es\/#\/schema\/person\/b07c77bdf07c1e11b12a56cae182b521\"},\"headline\":\"Publicaci\u00f3n en LA LEY: Nuestro abogado Gerard Rinc\u00f3n analiza la sentencia del Tribunal Constitucional sobre el alquiler social en Catalu\u00f1a\",\"datePublished\":\"2025-04-07T15:37:52+00:00\",\"dateModified\":\"2025-04-10T11:23:41+00:00\",\"mainEntityOfPage\":{\"@id\":\"https:\/\/fernandezadvocats.es\/es\/gerard-rincon-analiza-la-sentencia-del-tribunal-constitucional\/\"},\"wordCount\":318,\"publisher\":{\"@id\":\"https:\/\/fernandezadvocats.es\/#organization\"},\"image\":{\"@id\":\"https:\/\/fernandezadvocats.es\/es\/gerard-rincon-analiza-la-sentencia-del-tribunal-constitucional\/#primaryimage\"},\"thumbnailUrl\":\"https:\/\/fernandezadvocats.es\/wp-content\/uploads\/2025\/04\/cropped-view-of-multicultural-businessmen-signing-2024-11-19-15-16-15-utc-min-scaled.jpg\",\"articleSection\":[\"Derecho Inmobiliario\",\"Dret Inmobiliari\",\"Habitatge\",\"Prensa\",\"Sentencia\",\"Tribunal Constitucional\",\"Vivienda\"],\"inLanguage\":\"es\"},{\"@type\":\"WebPage\",\"@id\":\"https:\/\/fernandezadvocats.es\/es\/gerard-rincon-analiza-la-sentencia-del-tribunal-constitucional\/\",\"url\":\"https:\/\/fernandezadvocats.es\/es\/gerard-rincon-analiza-la-sentencia-del-tribunal-constitucional\/\",\"name\":\"Gerard Rinc\u00f3n analiza la sentencia del Tribunal Constitucional | Fern\u00e1ndez Advocats\",\"isPartOf\":{\"@id\":\"https:\/\/fernandezadvocats.es\/#website\"},\"primaryImageOfPage\":{\"@id\":\"https:\/\/fernandezadvocats.es\/es\/gerard-rincon-analiza-la-sentencia-del-tribunal-constitucional\/#primaryimage\"},\"image\":{\"@id\":\"https:\/\/fernandezadvocats.es\/es\/gerard-rincon-analiza-la-sentencia-del-tribunal-constitucional\/#primaryimage\"},\"thumbnailUrl\":\"https:\/\/fernandezadvocats.es\/wp-content\/uploads\/2025\/04\/cropped-view-of-multicultural-businessmen-signing-2024-11-19-15-16-15-utc-min-scaled.jpg\",\"datePublished\":\"2025-04-07T15:37:52+00:00\",\"dateModified\":\"2025-04-10T11:23:41+00:00\",\"breadcrumb\":{\"@id\":\"https:\/\/fernandezadvocats.es\/es\/gerard-rincon-analiza-la-sentencia-del-tribunal-constitucional\/#breadcrumb\"},\"inLanguage\":\"es\",\"potentialAction\":[{\"@type\":\"ReadAction\",\"target\":[\"https:\/\/fernandezadvocats.es\/es\/gerard-rincon-analiza-la-sentencia-del-tribunal-constitucional\/\"]}]},{\"@type\":\"ImageObject\",\"inLanguage\":\"es\",\"@id\":\"https:\/\/fernandezadvocats.es\/es\/gerard-rincon-analiza-la-sentencia-del-tribunal-constitucional\/#primaryimage\",\"url\":\"https:\/\/fernandezadvocats.es\/wp-content\/uploads\/2025\/04\/cropped-view-of-multicultural-businessmen-signing-2024-11-19-15-16-15-utc-min-scaled.jpg\",\"contentUrl\":\"https:\/\/fernandezadvocats.es\/wp-content\/uploads\/2025\/04\/cropped-view-of-multicultural-businessmen-signing-2024-11-19-15-16-15-utc-min-scaled.jpg\",\"width\":2560,\"height\":1709},{\"@type\":\"BreadcrumbList\",\"@id\":\"https:\/\/fernandezadvocats.es\/es\/gerard-rincon-analiza-la-sentencia-del-tribunal-constitucional\/#breadcrumb\",\"itemListElement\":[{\"@type\":\"ListItem\",\"position\":1,\"name\":\"Portada\",\"item\":\"https:\/\/fernandezadvocats.es\/es\/fernandez-advocats-berga\/\"},{\"@type\":\"ListItem\",\"position\":2,\"name\":\"Publicaci\u00f3n en LA LEY: Nuestro abogado Gerard Rinc\u00f3n analiza la sentencia del Tribunal Constitucional sobre el alquiler social en Catalu\u00f1a\"}]},{\"@type\":\"WebSite\",\"@id\":\"https:\/\/fernandezadvocats.es\/#website\",\"url\":\"https:\/\/fernandezadvocats.es\/\",\"name\":\"Fern\u00e1ndez Advocats\",\"description\":\"Advocats Berga i Barcelona\",\"publisher\":{\"@id\":\"https:\/\/fernandezadvocats.es\/#organization\"},\"alternateName\":\"Abogados Berga y Bracelona\",\"potentialAction\":[{\"@type\":\"SearchAction\",\"target\":{\"@type\":\"EntryPoint\",\"urlTemplate\":\"https:\/\/fernandezadvocats.es\/?s={search_term_string}\"},\"query-input\":{\"@type\":\"PropertyValueSpecification\",\"valueRequired\":true,\"valueName\":\"search_term_string\"}}],\"inLanguage\":\"es\"},{\"@type\":\"Organization\",\"@id\":\"https:\/\/fernandezadvocats.es\/#organization\",\"name\":\"Fern\u00e1ndez Advocats\",\"url\":\"https:\/\/fernandezadvocats.es\/\",\"logo\":{\"@type\":\"ImageObject\",\"inLanguage\":\"es\",\"@id\":\"https:\/\/fernandezadvocats.es\/#\/schema\/logo\/image\/\",\"url\":\"https:\/\/fernandezadvocats.es\/wp-content\/uploads\/2024\/11\/cropped-BF-e1731427554424.png\",\"contentUrl\":\"https:\/\/fernandezadvocats.es\/wp-content\/uploads\/2024\/11\/cropped-BF-e1731427554424.png\",\"width\":512,\"height\":512,\"caption\":\"Fern\u00e1ndez Advocats\"},\"image\":{\"@id\":\"https:\/\/fernandezadvocats.es\/#\/schema\/logo\/image\/\"}},{\"@type\":\"Person\",\"@id\":\"https:\/\/fernandezadvocats.es\/#\/schema\/person\/b07c77bdf07c1e11b12a56cae182b521\",\"name\":\"Fern\u00e1ndez Advocats\",\"image\":{\"@type\":\"ImageObject\",\"inLanguage\":\"es\",\"@id\":\"https:\/\/fernandezadvocats.es\/#\/schema\/person\/image\/\",\"url\":\"https:\/\/secure.gravatar.com\/avatar\/4fc29f47dccf5511fdf4ab55d2e22d915d944656636c10c38a1baf7a85eccbd2?s=96&d=mm&r=g\",\"contentUrl\":\"https:\/\/secure.gravatar.com\/avatar\/4fc29f47dccf5511fdf4ab55d2e22d915d944656636c10c38a1baf7a85eccbd2?s=96&d=mm&r=g\",\"caption\":\"Fern\u00e1ndez Advocats\"},\"sameAs\":[\"https:\/\/abogados.evotic.es\/\"],\"url\":\"https:\/\/fernandezadvocats.es\/es\/author\/javier\/\"}]}<\/script>\n<!-- \/ Yoast SEO plugin. -->","yoast_head_json":{"title":"Gerard Rinc\u00f3n analiza la sentencia del Tribunal Constitucional | Fern\u00e1ndez Advocats","robots":{"index":"index","follow":"follow","max-snippet":"max-snippet:-1","max-image-preview":"max-image-preview:large","max-video-preview":"max-video-preview:-1"},"canonical":"https:\/\/fernandezadvocats.es\/es\/gerard-rincon-analiza-la-sentencia-del-tribunal-constitucional\/","og_locale":"es_ES","og_type":"article","og_title":"Gerard Rinc\u00f3n analiza la sentencia del Tribunal Constitucional | Fern\u00e1ndez Advocats","og_description":"ART\u00cdCULO COMPLETO Publicaci\u00f3n en LA LEY: Nuestro abogado Gerard Rinc\u00f3n analiza la sentencia del Tribunal Constitucional sobre el alquiler social en Catalu\u00f1a El pasado 4 de abril de 2025, la revista jur\u00eddica Diario LA LEY (n.\u00ba 10698, Secci\u00f3n Tribuna) public\u00f3 un art\u00edculo firmado por nuestro compa\u00f1ero Gerard Rinc\u00f3n Andreu, abogado en Fern\u00e1ndez Advocats y profesor [&hellip;]","og_url":"https:\/\/fernandezadvocats.es\/es\/gerard-rincon-analiza-la-sentencia-del-tribunal-constitucional\/","og_site_name":"Fern\u00e1ndez Advocats","article_published_time":"2025-04-07T15:37:52+00:00","article_modified_time":"2025-04-10T11:23:41+00:00","og_image":[{"width":2560,"height":1709,"url":"https:\/\/fernandezadvocats.es\/wp-content\/uploads\/2025\/04\/cropped-view-of-multicultural-businessmen-signing-2024-11-19-15-16-15-utc-min-scaled.jpg","type":"image\/jpeg"}],"author":"Fern\u00e1ndez Advocats","twitter_card":"summary_large_image","twitter_misc":{"Escrito por":"Fern\u00e1ndez Advocats","Tiempo de lectura":"2 minutos"},"schema":{"@context":"https:\/\/schema.org","@graph":[{"@type":"Article","@id":"https:\/\/fernandezadvocats.es\/es\/gerard-rincon-analiza-la-sentencia-del-tribunal-constitucional\/#article","isPartOf":{"@id":"https:\/\/fernandezadvocats.es\/es\/gerard-rincon-analiza-la-sentencia-del-tribunal-constitucional\/"},"author":{"name":"Fern\u00e1ndez Advocats","@id":"https:\/\/fernandezadvocats.es\/#\/schema\/person\/b07c77bdf07c1e11b12a56cae182b521"},"headline":"Publicaci\u00f3n en LA LEY: Nuestro abogado Gerard Rinc\u00f3n analiza la sentencia del Tribunal Constitucional sobre el alquiler social en Catalu\u00f1a","datePublished":"2025-04-07T15:37:52+00:00","dateModified":"2025-04-10T11:23:41+00:00","mainEntityOfPage":{"@id":"https:\/\/fernandezadvocats.es\/es\/gerard-rincon-analiza-la-sentencia-del-tribunal-constitucional\/"},"wordCount":318,"publisher":{"@id":"https:\/\/fernandezadvocats.es\/#organization"},"image":{"@id":"https:\/\/fernandezadvocats.es\/es\/gerard-rincon-analiza-la-sentencia-del-tribunal-constitucional\/#primaryimage"},"thumbnailUrl":"https:\/\/fernandezadvocats.es\/wp-content\/uploads\/2025\/04\/cropped-view-of-multicultural-businessmen-signing-2024-11-19-15-16-15-utc-min-scaled.jpg","articleSection":["Derecho Inmobiliario","Dret Inmobiliari","Habitatge","Prensa","Sentencia","Tribunal Constitucional","Vivienda"],"inLanguage":"es"},{"@type":"WebPage","@id":"https:\/\/fernandezadvocats.es\/es\/gerard-rincon-analiza-la-sentencia-del-tribunal-constitucional\/","url":"https:\/\/fernandezadvocats.es\/es\/gerard-rincon-analiza-la-sentencia-del-tribunal-constitucional\/","name":"Gerard Rinc\u00f3n analiza la sentencia del Tribunal Constitucional | Fern\u00e1ndez Advocats","isPartOf":{"@id":"https:\/\/fernandezadvocats.es\/#website"},"primaryImageOfPage":{"@id":"https:\/\/fernandezadvocats.es\/es\/gerard-rincon-analiza-la-sentencia-del-tribunal-constitucional\/#primaryimage"},"image":{"@id":"https:\/\/fernandezadvocats.es\/es\/gerard-rincon-analiza-la-sentencia-del-tribunal-constitucional\/#primaryimage"},"thumbnailUrl":"https:\/\/fernandezadvocats.es\/wp-content\/uploads\/2025\/04\/cropped-view-of-multicultural-businessmen-signing-2024-11-19-15-16-15-utc-min-scaled.jpg","datePublished":"2025-04-07T15:37:52+00:00","dateModified":"2025-04-10T11:23:41+00:00","breadcrumb":{"@id":"https:\/\/fernandezadvocats.es\/es\/gerard-rincon-analiza-la-sentencia-del-tribunal-constitucional\/#breadcrumb"},"inLanguage":"es","potentialAction":[{"@type":"ReadAction","target":["https:\/\/fernandezadvocats.es\/es\/gerard-rincon-analiza-la-sentencia-del-tribunal-constitucional\/"]}]},{"@type":"ImageObject","inLanguage":"es","@id":"https:\/\/fernandezadvocats.es\/es\/gerard-rincon-analiza-la-sentencia-del-tribunal-constitucional\/#primaryimage","url":"https:\/\/fernandezadvocats.es\/wp-content\/uploads\/2025\/04\/cropped-view-of-multicultural-businessmen-signing-2024-11-19-15-16-15-utc-min-scaled.jpg","contentUrl":"https:\/\/fernandezadvocats.es\/wp-content\/uploads\/2025\/04\/cropped-view-of-multicultural-businessmen-signing-2024-11-19-15-16-15-utc-min-scaled.jpg","width":2560,"height":1709},{"@type":"BreadcrumbList","@id":"https:\/\/fernandezadvocats.es\/es\/gerard-rincon-analiza-la-sentencia-del-tribunal-constitucional\/#breadcrumb","itemListElement":[{"@type":"ListItem","position":1,"name":"Portada","item":"https:\/\/fernandezadvocats.es\/es\/fernandez-advocats-berga\/"},{"@type":"ListItem","position":2,"name":"Publicaci\u00f3n en LA LEY: Nuestro abogado Gerard Rinc\u00f3n analiza la sentencia del Tribunal Constitucional sobre el alquiler social en Catalu\u00f1a"}]},{"@type":"WebSite","@id":"https:\/\/fernandezadvocats.es\/#website","url":"https:\/\/fernandezadvocats.es\/","name":"Fern\u00e1ndez Advocats","description":"Advocats Berga i Barcelona","publisher":{"@id":"https:\/\/fernandezadvocats.es\/#organization"},"alternateName":"Abogados Berga y Bracelona","potentialAction":[{"@type":"SearchAction","target":{"@type":"EntryPoint","urlTemplate":"https:\/\/fernandezadvocats.es\/?s={search_term_string}"},"query-input":{"@type":"PropertyValueSpecification","valueRequired":true,"valueName":"search_term_string"}}],"inLanguage":"es"},{"@type":"Organization","@id":"https:\/\/fernandezadvocats.es\/#organization","name":"Fern\u00e1ndez Advocats","url":"https:\/\/fernandezadvocats.es\/","logo":{"@type":"ImageObject","inLanguage":"es","@id":"https:\/\/fernandezadvocats.es\/#\/schema\/logo\/image\/","url":"https:\/\/fernandezadvocats.es\/wp-content\/uploads\/2024\/11\/cropped-BF-e1731427554424.png","contentUrl":"https:\/\/fernandezadvocats.es\/wp-content\/uploads\/2024\/11\/cropped-BF-e1731427554424.png","width":512,"height":512,"caption":"Fern\u00e1ndez Advocats"},"image":{"@id":"https:\/\/fernandezadvocats.es\/#\/schema\/logo\/image\/"}},{"@type":"Person","@id":"https:\/\/fernandezadvocats.es\/#\/schema\/person\/b07c77bdf07c1e11b12a56cae182b521","name":"Fern\u00e1ndez Advocats","image":{"@type":"ImageObject","inLanguage":"es","@id":"https:\/\/fernandezadvocats.es\/#\/schema\/person\/image\/","url":"https:\/\/secure.gravatar.com\/avatar\/4fc29f47dccf5511fdf4ab55d2e22d915d944656636c10c38a1baf7a85eccbd2?s=96&d=mm&r=g","contentUrl":"https:\/\/secure.gravatar.com\/avatar\/4fc29f47dccf5511fdf4ab55d2e22d915d944656636c10c38a1baf7a85eccbd2?s=96&d=mm&r=g","caption":"Fern\u00e1ndez Advocats"},"sameAs":["https:\/\/abogados.evotic.es\/"],"url":"https:\/\/fernandezadvocats.es\/es\/author\/javier\/"}]}},"_links":{"self":[{"href":"https:\/\/fernandezadvocats.es\/es\/wp-json\/wp\/v2\/posts\/252660","targetHints":{"allow":["GET"]}}],"collection":[{"href":"https:\/\/fernandezadvocats.es\/es\/wp-json\/wp\/v2\/posts"}],"about":[{"href":"https:\/\/fernandezadvocats.es\/es\/wp-json\/wp\/v2\/types\/post"}],"author":[{"embeddable":true,"href":"https:\/\/fernandezadvocats.es\/es\/wp-json\/wp\/v2\/users\/2"}],"replies":[{"embeddable":true,"href":"https:\/\/fernandezadvocats.es\/es\/wp-json\/wp\/v2\/comments?post=252660"}],"version-history":[{"count":2,"href":"https:\/\/fernandezadvocats.es\/es\/wp-json\/wp\/v2\/posts\/252660\/revisions"}],"predecessor-version":[{"id":252665,"href":"https:\/\/fernandezadvocats.es\/es\/wp-json\/wp\/v2\/posts\/252660\/revisions\/252665"}],"wp:featuredmedia":[{"embeddable":true,"href":"https:\/\/fernandezadvocats.es\/es\/wp-json\/wp\/v2\/media\/252658"}],"wp:attachment":[{"href":"https:\/\/fernandezadvocats.es\/es\/wp-json\/wp\/v2\/media?parent=252660"}],"wp:term":[{"taxonomy":"category","embeddable":true,"href":"https:\/\/fernandezadvocats.es\/es\/wp-json\/wp\/v2\/categories?post=252660"},{"taxonomy":"post_tag","embeddable":true,"href":"https:\/\/fernandezadvocats.es\/es\/wp-json\/wp\/v2\/tags?post=252660"}],"curies":[{"name":"wp","href":"https:\/\/api.w.org\/{rel}","templated":true}]}}