{"id":252706,"date":"2025-04-23T14:03:33","date_gmt":"2025-04-23T12:03:33","guid":{"rendered":"https:\/\/fernandezadvocats.es\/?p=252706"},"modified":"2025-04-24T11:50:13","modified_gmt":"2025-04-24T09:50:13","slug":"ausencia-relacion-familiar-desheredamiento","status":"publish","type":"post","link":"https:\/\/fernandezadvocats.es\/es\/ausencia-relacion-familiar-desheredamiento\/","title":{"rendered":"Ausencia de relaci\u00f3n familiar como causa de desheredamiento: \u00bfcu\u00e1ndo es legal y c\u00f3mo se acredita?"},"content":{"rendered":"<p data-start=\"353\" data-end=\"455\"><a href=\"https:\/\/fernandezadvocats.es\/wp-content\/uploads\/2025\/04\/AUSENCIA-DE-RELACION-FAMILIAR-COMO-CAUSA-DE-DESHEREDAMIENTO.pdf\"><strong>DESCARGAR ART\u00cdCULO COMPLETO EN PDF<\/strong><\/a><\/p>\n<h1 class=\"\" data-start=\"353\" data-end=\"455\">Ausencia de relaci\u00f3n familiar como causa de desheredamiento: \u00bfcu\u00e1ndo es legal y c\u00f3mo se acredita?<\/h1>\n<p class=\"\" data-start=\"457\" data-end=\"784\">La <strong data-start=\"460\" data-end=\"477\">desheredaci\u00f3n<\/strong> es una de las figuras jur\u00eddicas m\u00e1s controvertidas dentro del <strong data-start=\"540\" data-end=\"579\">derecho sucesorio espa\u00f1ol y catal\u00e1n<\/strong>, ya que permite al testador privar de su leg\u00edtima a un heredero forzoso. En este art\u00edculo analizamos en profundidad una de las causas m\u00e1s debatidas en los tribunales: <strong data-start=\"747\" data-end=\"783\">la ausencia de relaci\u00f3n familiar<\/strong>.<\/p>\n<h2 class=\"\" data-start=\"791\" data-end=\"840\">\u00bfQu\u00e9 significa desheredar a un legitimario?<\/h2>\n<p class=\"\" data-start=\"842\" data-end=\"1189\">En t\u00e9rminos legales, la <strong data-start=\"866\" data-end=\"883\">desheredaci\u00f3n<\/strong> es el acto por el cual el causante priva expresamente a un <strong data-start=\"943\" data-end=\"958\">legitimario<\/strong> (generalmente un hijo o descendiente) de su derecho a la leg\u00edtima. Este derecho se encuentra regulado en los art\u00edculos 848 y siguientes del <strong data-start=\"1099\" data-end=\"1123\">C\u00f3digo Civil espa\u00f1ol<\/strong> y en el art\u00edculo 451-17 del <strong data-start=\"1152\" data-end=\"1188\">C\u00f3digo Civil de Catalu\u00f1a (CCCat)<\/strong>.<\/p>\n<p class=\"\" data-start=\"1191\" data-end=\"1373\">\ud83d\udccc <strong data-start=\"1194\" data-end=\"1212\">Clave jur\u00eddica<\/strong>: Solo es posible desheredar si se indica expresamente en testamento, codicilo o pacto sucesorio (en Catalu\u00f1a) y se basa en una <strong data-start=\"1340\" data-end=\"1372\">causa legalmente establecida<\/strong>.<\/p>\n<h2 class=\"\" data-start=\"1380\" data-end=\"1474\">Desheredamiento en Catalu\u00f1a: incorporaci\u00f3n expl\u00edcita de la ausencia de relaci\u00f3n familiar<\/h2>\n<p class=\"\" data-start=\"1476\" data-end=\"1729\">Desde 2009, el <strong data-start=\"1491\" data-end=\"1519\">C\u00f3digo Civil de Catalu\u00f1a<\/strong> admite como <strong data-start=\"1532\" data-end=\"1564\">causa legal de desheredaci\u00f3n<\/strong> la \u00abausencia manifiesta y continuada de relaci\u00f3n familiar entre el causante y el legitimario, si es imputable exclusivamente a este \u00faltimo\u00bb (art. 451-17.2.e CCCat).<\/p>\n<p class=\"\" data-start=\"1731\" data-end=\"2031\">Esta incorporaci\u00f3n responde a una realidad social cada vez m\u00e1s com\u00fan: progenitores que envejecen en soledad, sin contacto alguno con sus hijos. La ley catalana permite al testador actuar ante esta situaci\u00f3n, siempre que pueda probarse la falta de relaci\u00f3n y su culpabilidad por parte del legitimario.<\/p>\n<p class=\"\" data-start=\"2033\" data-end=\"2193\">\ud83d\udc41\ufe0f <strong data-start=\"2037\" data-end=\"2051\">Importante<\/strong>: El perd\u00f3n posterior anula la desheredaci\u00f3n, pero en Catalu\u00f1a debe otorgarse mediante escritura p\u00fablica y es irrevocable (art. 451-19 CCCat).<\/p>\n<h2 class=\"\" data-start=\"2200\" data-end=\"2265\">El derecho com\u00fan espa\u00f1ol: la v\u00eda del maltrato psicol\u00f3gico<\/h2>\n<p class=\"\" data-start=\"2267\" data-end=\"2621\">A diferencia del derecho catal\u00e1n, el <strong data-start=\"2304\" data-end=\"2381\">C\u00f3digo Civil com\u00fan no reconoce expresamente la falta de relaci\u00f3n familiar<\/strong> como causa aut\u00f3noma de desheredaci\u00f3n. Sin embargo, el <strong data-start=\"2436\" data-end=\"2456\">Tribunal Supremo<\/strong> ha interpretado de forma extensiva el <strong data-start=\"2495\" data-end=\"2531\">maltrato de obra (art. 853.2 CC)<\/strong> para incluir el <strong data-start=\"2548\" data-end=\"2570\">abandono emocional<\/strong> o el <strong data-start=\"2576\" data-end=\"2600\">maltrato psicol\u00f3gico<\/strong> como causas v\u00e1lidas.<\/p>\n<p class=\"\" data-start=\"2623\" data-end=\"2647\">\ud83d\udcda Jurisprudencia clave:<\/p>\n<ul data-start=\"2648\" data-end=\"2994\">\n<li class=\"\" data-start=\"2648\" data-end=\"2739\">\n<p class=\"\" data-start=\"2650\" data-end=\"2739\"><strong data-start=\"2650\" data-end=\"2666\">STS 258\/2014<\/strong>: reconoce el maltrato ps\u00edquico por abandono como causa de desheredaci\u00f3n.<\/p>\n<\/li>\n<li class=\"\" data-start=\"2740\" data-end=\"2837\">\n<p class=\"\" data-start=\"2742\" data-end=\"2837\"><strong data-start=\"2742\" data-end=\"2757\">STS 59\/2015<\/strong> y <strong data-start=\"2760\" data-end=\"2772\">267\/2019<\/strong>: consolidan la interpretaci\u00f3n flexible del maltrato psicol\u00f3gico.<\/p>\n<\/li>\n<li class=\"\" data-start=\"2838\" data-end=\"2994\">\n<p class=\"\" data-start=\"2840\" data-end=\"2994\"><strong data-start=\"2840\" data-end=\"2856\">STS 556\/2023<\/strong>: aclara que no toda falta de relaci\u00f3n justifica la desheredaci\u00f3n, pero s\u00ed aquella que cause da\u00f1o psicol\u00f3gico y sea imputable al heredero.<\/p>\n<\/li>\n<\/ul>\n<h2 class=\"\" data-start=\"3593\" data-end=\"3636\">Efectos jur\u00eddicos de la desheredaci\u00f3n<\/h2>\n<p class=\"\" data-start=\"3638\" data-end=\"3693\">Cuando se declara v\u00e1lida una cl\u00e1usula de desheredaci\u00f3n:<\/p>\n<ul data-start=\"3695\" data-end=\"3965\">\n<li class=\"\" data-start=\"3695\" data-end=\"3748\">\n<p class=\"\" data-start=\"3697\" data-end=\"3748\">El <strong data-start=\"3700\" data-end=\"3747\">legitimario pierde su derecho a la leg\u00edtima<\/strong>.<\/p>\n<\/li>\n<li class=\"\" data-start=\"3749\" data-end=\"3876\">\n<p class=\"\" data-start=\"3751\" data-end=\"3876\">Si el desheredado tiene descendientes, <strong data-start=\"3790\" data-end=\"3845\">estos ocupan su lugar por derecho de representaci\u00f3n<\/strong> (art. 929 CC y 451-3.2 CCCat).<\/p>\n<\/li>\n<li class=\"\" data-start=\"3877\" data-end=\"3965\">\n<p class=\"\" data-start=\"3879\" data-end=\"3965\">No existe <strong data-start=\"3889\" data-end=\"3908\">acrecentamiento<\/strong> para los otros legitimarios si el desheredado era \u00fanico.<\/p>\n<\/li>\n<\/ul>\n<p class=\"\" data-start=\"3967\" data-end=\"4142\">En cambio, si se impugna la desheredaci\u00f3n y esta se declara nula, el legitimario recupera su derecho y puede <strong data-start=\"4076\" data-end=\"4098\">exigir su leg\u00edtima<\/strong> incluso despu\u00e9s del reparto de la herencia.<\/p>\n<h2 class=\"\" data-start=\"4149\" data-end=\"4212\">Recomendaciones legales ante una posible desheredaci\u00f3n<\/h2>\n<p class=\"\" data-start=\"4214\" data-end=\"4234\">Para <strong data-start=\"4219\" data-end=\"4233\">testadores<\/strong>:<\/p>\n<ul data-start=\"4235\" data-end=\"4398\">\n<li class=\"\" data-start=\"4235\" data-end=\"4302\">\n<p class=\"\" data-start=\"4237\" data-end=\"4302\">Recoge claramente la causa de desheredaci\u00f3n y detalla los hechos.<\/p>\n<\/li>\n<li class=\"\" data-start=\"4303\" data-end=\"4351\">\n<p class=\"\" data-start=\"4305\" data-end=\"4351\">Identifica al desheredado de forma inequ\u00edvoca.<\/p>\n<\/li>\n<li class=\"\" data-start=\"4352\" data-end=\"4398\">\n<p class=\"\" data-start=\"4354\" data-end=\"4398\">Conserva pruebas y testimonios documentados.<\/p>\n<\/li>\n<\/ul>\n<p class=\"\" data-start=\"4400\" data-end=\"4435\">Para <strong data-start=\"4405\" data-end=\"4434\">legitimarios desheredados<\/strong>:<\/p>\n<ul data-start=\"4436\" data-end=\"4629\">\n<li class=\"\" data-start=\"4436\" data-end=\"4503\">\n<p class=\"\" data-start=\"4438\" data-end=\"4503\">Analiza si la causa alegada es real y si hay pruebas suficientes.<\/p>\n<\/li>\n<li class=\"\" data-start=\"4504\" data-end=\"4567\">\n<p class=\"\" data-start=\"4506\" data-end=\"4567\">Considera impugnar el testamento si se vulneran tus derechos.<\/p>\n<\/li>\n<li class=\"\" data-start=\"4568\" data-end=\"4629\">\n<p class=\"\" data-start=\"4570\" data-end=\"4629\">Busca asesoramiento especializado en <strong data-start=\"4607\" data-end=\"4628\">derecho sucesorio<\/strong>.<\/p>\n<\/li>\n<\/ul>\n<h2 class=\"\" data-start=\"4636\" data-end=\"4704\">Conclusi\u00f3n: un cambio de paradigma en el derecho de sucesiones<\/h2>\n<p class=\"\" data-start=\"4706\" data-end=\"5058\">La evoluci\u00f3n de la jurisprudencia y la legislaci\u00f3n catalana muestran una <strong data-start=\"4779\" data-end=\"4813\">apertura del derecho sucesorio<\/strong> a realidades sociales m\u00e1s complejas, como el abandono emocional. Este cambio busca <strong data-start=\"4897\" data-end=\"4945\">equilibrar el principio de justicia familiar<\/strong> con la autonom\u00eda del testador, permitiendo que este pueda protegerse ante situaciones de desafecci\u00f3n prolongada.<\/p>\n<h2 class=\"\" data-start=\"5065\" data-end=\"5117\">\u00bfNecesitas ayuda con un caso de desheredaci\u00f3n?<\/h2>\n<p class=\"\" data-start=\"5119\" data-end=\"5458\">En <strong data-start=\"5122\" data-end=\"5144\">Fern\u00e1ndez Advocats<\/strong>, contamos con un equipo de abogados especializados en <strong data-start=\"5199\" data-end=\"5224\">derecho de sucesiones<\/strong> en Catalu\u00f1a y en el resto de Espa\u00f1a. Si necesitas <strong data-start=\"5275\" data-end=\"5301\">redactar un testamento<\/strong>, <strong data-start=\"5303\" data-end=\"5328\">defender una leg\u00edtima<\/strong> o <strong data-start=\"5331\" data-end=\"5373\">impugnar una cl\u00e1usula de desheredaci\u00f3n<\/strong>, te ofrecemos un asesoramiento riguroso, personalizado y con total confidencialidad.<\/p>\n<p class=\"\" data-start=\"5460\" data-end=\"5571\">\ud83d\udccd Escr\u00edbenos a: <strong data-start=\"5477\" data-end=\"5506\"><a rel=\"noopener\" data-start=\"5479\" data-end=\"5504\">info@fernandezadvocats.es<\/a><\/strong><br data-start=\"5506\" data-end=\"5509\" \/>\ud83c\udf10 Visita nuestra web para m\u00e1s informaci\u00f3n y recursos legales.<\/p>\n<p class=\"\" data-start=\"5573\" data-end=\"5680\"><strong data-start=\"5573\" data-end=\"5680\">Conf\u00eda en la experiencia de quienes entienden el derecho familiar desde la sensibilidad y la legalidad.<\/strong><\/p>\n","protected":false},"excerpt":{"rendered":"<p>DESCARGAR ART\u00cdCULO COMPLETO EN PDF Ausencia de relaci\u00f3n familiar como causa de desheredamiento: \u00bfcu\u00e1ndo es legal y c\u00f3mo se acredita? La desheredaci\u00f3n es una de las figuras jur\u00eddicas m\u00e1s controvertidas dentro del derecho sucesorio espa\u00f1ol y catal\u00e1n, ya que permite al testador privar de su leg\u00edtima a un heredero forzoso. En este art\u00edculo analizamos en [&hellip;]<\/p>\n","protected":false},"author":2,"featured_media":252710,"comment_status":"closed","ping_status":"closed","sticky":false,"template":"","format":"standard","meta":{"_et_pb_use_builder":"","_et_pb_old_content":"","_et_gb_content_width":"","footnotes":""},"categories":[28,47,105,120,118],"tags":[],"class_list":["post-252706","post","type-post","status-publish","format-standard","has-post-thumbnail","hentry","category-articulos-fa","category-cataluna","category-derecho-de-familia","category-desheredacion","category-herencias"],"yoast_head":"<!-- This site is optimized with the Yoast SEO plugin v27.1.1 - https:\/\/yoast.com\/product\/yoast-seo-wordpress\/ -->\n<title>Ausencia de relaci\u00f3n familiar como causa de desheredamiento: \u00bfcu\u00e1ndo es legal y c\u00f3mo se acredita? | Fern\u00e1ndez Advocats<\/title>\n<meta name=\"robots\" content=\"index, follow, max-snippet:-1, max-image-preview:large, max-video-preview:-1\" \/>\n<link rel=\"canonical\" href=\"https:\/\/fernandezadvocats.es\/es\/ausencia-relacion-familiar-desheredamiento\/\" \/>\n<meta property=\"og:locale\" content=\"es_ES\" \/>\n<meta property=\"og:type\" content=\"article\" \/>\n<meta property=\"og:title\" content=\"Ausencia de relaci\u00f3n familiar como causa de desheredamiento: \u00bfcu\u00e1ndo es legal y c\u00f3mo se acredita? | Fern\u00e1ndez Advocats\" \/>\n<meta property=\"og:description\" content=\"DESCARGAR ART\u00cdCULO COMPLETO EN PDF Ausencia de relaci\u00f3n familiar como causa de desheredamiento: \u00bfcu\u00e1ndo es legal y c\u00f3mo se acredita? La desheredaci\u00f3n es una de las figuras jur\u00eddicas m\u00e1s controvertidas dentro del derecho sucesorio espa\u00f1ol y catal\u00e1n, ya que permite al testador privar de su leg\u00edtima a un heredero forzoso. En este art\u00edculo analizamos en [&hellip;]\" \/>\n<meta property=\"og:url\" content=\"https:\/\/fernandezadvocats.es\/es\/ausencia-relacion-familiar-desheredamiento\/\" \/>\n<meta property=\"og:site_name\" content=\"Fern\u00e1ndez Advocats\" \/>\n<meta property=\"article:published_time\" content=\"2025-04-23T12:03:33+00:00\" \/>\n<meta property=\"article:modified_time\" content=\"2025-04-24T09:50:13+00:00\" \/>\n<meta property=\"og:image\" content=\"https:\/\/fernandezadvocats.es\/wp-content\/uploads\/2025\/04\/caring-grownup-daughter-comforting-frustrated-unha-2025-03-18-17-18-53-utc-min-scaled.jpg\" \/>\n\t<meta property=\"og:image:width\" content=\"2560\" \/>\n\t<meta property=\"og:image:height\" content=\"1707\" \/>\n\t<meta property=\"og:image:type\" content=\"image\/jpeg\" \/>\n<meta name=\"author\" content=\"Fern\u00e1ndez Advocats\" \/>\n<meta name=\"twitter:card\" content=\"summary_large_image\" \/>\n<meta name=\"twitter:label1\" content=\"Escrito por\" \/>\n\t<meta name=\"twitter:data1\" content=\"Fern\u00e1ndez Advocats\" \/>\n\t<meta name=\"twitter:label2\" content=\"Tiempo de lectura\" \/>\n\t<meta name=\"twitter:data2\" content=\"5 minutos\" \/>\n<script type=\"application\/ld+json\" class=\"yoast-schema-graph\">{\"@context\":\"https:\/\/schema.org\",\"@graph\":[{\"@type\":\"Article\",\"@id\":\"https:\/\/fernandezadvocats.es\/es\/ausencia-relacion-familiar-desheredamiento\/#article\",\"isPartOf\":{\"@id\":\"https:\/\/fernandezadvocats.es\/es\/ausencia-relacion-familiar-desheredamiento\/\"},\"author\":{\"name\":\"Fern\u00e1ndez Advocats\",\"@id\":\"https:\/\/fernandezadvocats.es\/#\/schema\/person\/b07c77bdf07c1e11b12a56cae182b521\"},\"headline\":\"Ausencia de relaci\u00f3n familiar como causa de desheredamiento: \u00bfcu\u00e1ndo es legal y c\u00f3mo se acredita?\",\"datePublished\":\"2025-04-23T12:03:33+00:00\",\"dateModified\":\"2025-04-24T09:50:13+00:00\",\"mainEntityOfPage\":{\"@id\":\"https:\/\/fernandezadvocats.es\/es\/ausencia-relacion-familiar-desheredamiento\/\"},\"wordCount\":765,\"publisher\":{\"@id\":\"https:\/\/fernandezadvocats.es\/#organization\"},\"image\":{\"@id\":\"https:\/\/fernandezadvocats.es\/es\/ausencia-relacion-familiar-desheredamiento\/#primaryimage\"},\"thumbnailUrl\":\"https:\/\/fernandezadvocats.es\/wp-content\/uploads\/2025\/04\/caring-grownup-daughter-comforting-frustrated-unha-2025-03-18-17-18-53-utc-min-scaled.jpg\",\"articleSection\":[\"Art\u00edculos FA\",\"Catalu\u00f1a\",\"Derecho de Familia\",\"Desheredaci\u00f3n\",\"Herencias\"],\"inLanguage\":\"es\"},{\"@type\":\"WebPage\",\"@id\":\"https:\/\/fernandezadvocats.es\/es\/ausencia-relacion-familiar-desheredamiento\/\",\"url\":\"https:\/\/fernandezadvocats.es\/es\/ausencia-relacion-familiar-desheredamiento\/\",\"name\":\"Ausencia de relaci\u00f3n familiar como causa de desheredamiento: \u00bfcu\u00e1ndo es legal y c\u00f3mo se acredita? | Fern\u00e1ndez Advocats\",\"isPartOf\":{\"@id\":\"https:\/\/fernandezadvocats.es\/#website\"},\"primaryImageOfPage\":{\"@id\":\"https:\/\/fernandezadvocats.es\/es\/ausencia-relacion-familiar-desheredamiento\/#primaryimage\"},\"image\":{\"@id\":\"https:\/\/fernandezadvocats.es\/es\/ausencia-relacion-familiar-desheredamiento\/#primaryimage\"},\"thumbnailUrl\":\"https:\/\/fernandezadvocats.es\/wp-content\/uploads\/2025\/04\/caring-grownup-daughter-comforting-frustrated-unha-2025-03-18-17-18-53-utc-min-scaled.jpg\",\"datePublished\":\"2025-04-23T12:03:33+00:00\",\"dateModified\":\"2025-04-24T09:50:13+00:00\",\"breadcrumb\":{\"@id\":\"https:\/\/fernandezadvocats.es\/es\/ausencia-relacion-familiar-desheredamiento\/#breadcrumb\"},\"inLanguage\":\"es\",\"potentialAction\":[{\"@type\":\"ReadAction\",\"target\":[\"https:\/\/fernandezadvocats.es\/es\/ausencia-relacion-familiar-desheredamiento\/\"]}]},{\"@type\":\"ImageObject\",\"inLanguage\":\"es\",\"@id\":\"https:\/\/fernandezadvocats.es\/es\/ausencia-relacion-familiar-desheredamiento\/#primaryimage\",\"url\":\"https:\/\/fernandezadvocats.es\/wp-content\/uploads\/2025\/04\/caring-grownup-daughter-comforting-frustrated-unha-2025-03-18-17-18-53-utc-min-scaled.jpg\",\"contentUrl\":\"https:\/\/fernandezadvocats.es\/wp-content\/uploads\/2025\/04\/caring-grownup-daughter-comforting-frustrated-unha-2025-03-18-17-18-53-utc-min-scaled.jpg\",\"width\":2560,\"height\":1707},{\"@type\":\"BreadcrumbList\",\"@id\":\"https:\/\/fernandezadvocats.es\/es\/ausencia-relacion-familiar-desheredamiento\/#breadcrumb\",\"itemListElement\":[{\"@type\":\"ListItem\",\"position\":1,\"name\":\"Portada\",\"item\":\"https:\/\/fernandezadvocats.es\/es\/fernandez-advocats-berga\/\"},{\"@type\":\"ListItem\",\"position\":2,\"name\":\"Ausencia de relaci\u00f3n familiar como causa de desheredamiento: \u00bfcu\u00e1ndo es legal y c\u00f3mo se acredita?\"}]},{\"@type\":\"WebSite\",\"@id\":\"https:\/\/fernandezadvocats.es\/#website\",\"url\":\"https:\/\/fernandezadvocats.es\/\",\"name\":\"Fern\u00e1ndez Advocats\",\"description\":\"Advocats Berga i Barcelona\",\"publisher\":{\"@id\":\"https:\/\/fernandezadvocats.es\/#organization\"},\"alternateName\":\"Abogados Berga y Bracelona\",\"potentialAction\":[{\"@type\":\"SearchAction\",\"target\":{\"@type\":\"EntryPoint\",\"urlTemplate\":\"https:\/\/fernandezadvocats.es\/?s={search_term_string}\"},\"query-input\":{\"@type\":\"PropertyValueSpecification\",\"valueRequired\":true,\"valueName\":\"search_term_string\"}}],\"inLanguage\":\"es\"},{\"@type\":\"Organization\",\"@id\":\"https:\/\/fernandezadvocats.es\/#organization\",\"name\":\"Fern\u00e1ndez Advocats\",\"url\":\"https:\/\/fernandezadvocats.es\/\",\"logo\":{\"@type\":\"ImageObject\",\"inLanguage\":\"es\",\"@id\":\"https:\/\/fernandezadvocats.es\/#\/schema\/logo\/image\/\",\"url\":\"https:\/\/fernandezadvocats.es\/wp-content\/uploads\/2024\/11\/cropped-BF-e1731427554424.png\",\"contentUrl\":\"https:\/\/fernandezadvocats.es\/wp-content\/uploads\/2024\/11\/cropped-BF-e1731427554424.png\",\"width\":512,\"height\":512,\"caption\":\"Fern\u00e1ndez Advocats\"},\"image\":{\"@id\":\"https:\/\/fernandezadvocats.es\/#\/schema\/logo\/image\/\"}},{\"@type\":\"Person\",\"@id\":\"https:\/\/fernandezadvocats.es\/#\/schema\/person\/b07c77bdf07c1e11b12a56cae182b521\",\"name\":\"Fern\u00e1ndez Advocats\",\"image\":{\"@type\":\"ImageObject\",\"inLanguage\":\"es\",\"@id\":\"https:\/\/fernandezadvocats.es\/#\/schema\/person\/image\/\",\"url\":\"https:\/\/secure.gravatar.com\/avatar\/4fc29f47dccf5511fdf4ab55d2e22d915d944656636c10c38a1baf7a85eccbd2?s=96&d=mm&r=g\",\"contentUrl\":\"https:\/\/secure.gravatar.com\/avatar\/4fc29f47dccf5511fdf4ab55d2e22d915d944656636c10c38a1baf7a85eccbd2?s=96&d=mm&r=g\",\"caption\":\"Fern\u00e1ndez Advocats\"},\"sameAs\":[\"https:\/\/abogados.evotic.es\/\"],\"url\":\"https:\/\/fernandezadvocats.es\/es\/author\/javier\/\"}]}<\/script>\n<!-- \/ Yoast SEO plugin. -->","yoast_head_json":{"title":"Ausencia de relaci\u00f3n familiar como causa de desheredamiento: \u00bfcu\u00e1ndo es legal y c\u00f3mo se acredita? | Fern\u00e1ndez Advocats","robots":{"index":"index","follow":"follow","max-snippet":"max-snippet:-1","max-image-preview":"max-image-preview:large","max-video-preview":"max-video-preview:-1"},"canonical":"https:\/\/fernandezadvocats.es\/es\/ausencia-relacion-familiar-desheredamiento\/","og_locale":"es_ES","og_type":"article","og_title":"Ausencia de relaci\u00f3n familiar como causa de desheredamiento: \u00bfcu\u00e1ndo es legal y c\u00f3mo se acredita? | Fern\u00e1ndez Advocats","og_description":"DESCARGAR ART\u00cdCULO COMPLETO EN PDF Ausencia de relaci\u00f3n familiar como causa de desheredamiento: \u00bfcu\u00e1ndo es legal y c\u00f3mo se acredita? La desheredaci\u00f3n es una de las figuras jur\u00eddicas m\u00e1s controvertidas dentro del derecho sucesorio espa\u00f1ol y catal\u00e1n, ya que permite al testador privar de su leg\u00edtima a un heredero forzoso. En este art\u00edculo analizamos en [&hellip;]","og_url":"https:\/\/fernandezadvocats.es\/es\/ausencia-relacion-familiar-desheredamiento\/","og_site_name":"Fern\u00e1ndez Advocats","article_published_time":"2025-04-23T12:03:33+00:00","article_modified_time":"2025-04-24T09:50:13+00:00","og_image":[{"width":2560,"height":1707,"url":"https:\/\/fernandezadvocats.es\/wp-content\/uploads\/2025\/04\/caring-grownup-daughter-comforting-frustrated-unha-2025-03-18-17-18-53-utc-min-scaled.jpg","type":"image\/jpeg"}],"author":"Fern\u00e1ndez Advocats","twitter_card":"summary_large_image","twitter_misc":{"Escrito por":"Fern\u00e1ndez Advocats","Tiempo de lectura":"5 minutos"},"schema":{"@context":"https:\/\/schema.org","@graph":[{"@type":"Article","@id":"https:\/\/fernandezadvocats.es\/es\/ausencia-relacion-familiar-desheredamiento\/#article","isPartOf":{"@id":"https:\/\/fernandezadvocats.es\/es\/ausencia-relacion-familiar-desheredamiento\/"},"author":{"name":"Fern\u00e1ndez Advocats","@id":"https:\/\/fernandezadvocats.es\/#\/schema\/person\/b07c77bdf07c1e11b12a56cae182b521"},"headline":"Ausencia de relaci\u00f3n familiar como causa de desheredamiento: \u00bfcu\u00e1ndo es legal y c\u00f3mo se acredita?","datePublished":"2025-04-23T12:03:33+00:00","dateModified":"2025-04-24T09:50:13+00:00","mainEntityOfPage":{"@id":"https:\/\/fernandezadvocats.es\/es\/ausencia-relacion-familiar-desheredamiento\/"},"wordCount":765,"publisher":{"@id":"https:\/\/fernandezadvocats.es\/#organization"},"image":{"@id":"https:\/\/fernandezadvocats.es\/es\/ausencia-relacion-familiar-desheredamiento\/#primaryimage"},"thumbnailUrl":"https:\/\/fernandezadvocats.es\/wp-content\/uploads\/2025\/04\/caring-grownup-daughter-comforting-frustrated-unha-2025-03-18-17-18-53-utc-min-scaled.jpg","articleSection":["Art\u00edculos FA","Catalu\u00f1a","Derecho de Familia","Desheredaci\u00f3n","Herencias"],"inLanguage":"es"},{"@type":"WebPage","@id":"https:\/\/fernandezadvocats.es\/es\/ausencia-relacion-familiar-desheredamiento\/","url":"https:\/\/fernandezadvocats.es\/es\/ausencia-relacion-familiar-desheredamiento\/","name":"Ausencia de relaci\u00f3n familiar como causa de desheredamiento: \u00bfcu\u00e1ndo es legal y c\u00f3mo se acredita? | Fern\u00e1ndez Advocats","isPartOf":{"@id":"https:\/\/fernandezadvocats.es\/#website"},"primaryImageOfPage":{"@id":"https:\/\/fernandezadvocats.es\/es\/ausencia-relacion-familiar-desheredamiento\/#primaryimage"},"image":{"@id":"https:\/\/fernandezadvocats.es\/es\/ausencia-relacion-familiar-desheredamiento\/#primaryimage"},"thumbnailUrl":"https:\/\/fernandezadvocats.es\/wp-content\/uploads\/2025\/04\/caring-grownup-daughter-comforting-frustrated-unha-2025-03-18-17-18-53-utc-min-scaled.jpg","datePublished":"2025-04-23T12:03:33+00:00","dateModified":"2025-04-24T09:50:13+00:00","breadcrumb":{"@id":"https:\/\/fernandezadvocats.es\/es\/ausencia-relacion-familiar-desheredamiento\/#breadcrumb"},"inLanguage":"es","potentialAction":[{"@type":"ReadAction","target":["https:\/\/fernandezadvocats.es\/es\/ausencia-relacion-familiar-desheredamiento\/"]}]},{"@type":"ImageObject","inLanguage":"es","@id":"https:\/\/fernandezadvocats.es\/es\/ausencia-relacion-familiar-desheredamiento\/#primaryimage","url":"https:\/\/fernandezadvocats.es\/wp-content\/uploads\/2025\/04\/caring-grownup-daughter-comforting-frustrated-unha-2025-03-18-17-18-53-utc-min-scaled.jpg","contentUrl":"https:\/\/fernandezadvocats.es\/wp-content\/uploads\/2025\/04\/caring-grownup-daughter-comforting-frustrated-unha-2025-03-18-17-18-53-utc-min-scaled.jpg","width":2560,"height":1707},{"@type":"BreadcrumbList","@id":"https:\/\/fernandezadvocats.es\/es\/ausencia-relacion-familiar-desheredamiento\/#breadcrumb","itemListElement":[{"@type":"ListItem","position":1,"name":"Portada","item":"https:\/\/fernandezadvocats.es\/es\/fernandez-advocats-berga\/"},{"@type":"ListItem","position":2,"name":"Ausencia de relaci\u00f3n familiar como causa de desheredamiento: \u00bfcu\u00e1ndo es legal y c\u00f3mo se acredita?"}]},{"@type":"WebSite","@id":"https:\/\/fernandezadvocats.es\/#website","url":"https:\/\/fernandezadvocats.es\/","name":"Fern\u00e1ndez Advocats","description":"Advocats Berga i Barcelona","publisher":{"@id":"https:\/\/fernandezadvocats.es\/#organization"},"alternateName":"Abogados Berga y Bracelona","potentialAction":[{"@type":"SearchAction","target":{"@type":"EntryPoint","urlTemplate":"https:\/\/fernandezadvocats.es\/?s={search_term_string}"},"query-input":{"@type":"PropertyValueSpecification","valueRequired":true,"valueName":"search_term_string"}}],"inLanguage":"es"},{"@type":"Organization","@id":"https:\/\/fernandezadvocats.es\/#organization","name":"Fern\u00e1ndez Advocats","url":"https:\/\/fernandezadvocats.es\/","logo":{"@type":"ImageObject","inLanguage":"es","@id":"https:\/\/fernandezadvocats.es\/#\/schema\/logo\/image\/","url":"https:\/\/fernandezadvocats.es\/wp-content\/uploads\/2024\/11\/cropped-BF-e1731427554424.png","contentUrl":"https:\/\/fernandezadvocats.es\/wp-content\/uploads\/2024\/11\/cropped-BF-e1731427554424.png","width":512,"height":512,"caption":"Fern\u00e1ndez Advocats"},"image":{"@id":"https:\/\/fernandezadvocats.es\/#\/schema\/logo\/image\/"}},{"@type":"Person","@id":"https:\/\/fernandezadvocats.es\/#\/schema\/person\/b07c77bdf07c1e11b12a56cae182b521","name":"Fern\u00e1ndez Advocats","image":{"@type":"ImageObject","inLanguage":"es","@id":"https:\/\/fernandezadvocats.es\/#\/schema\/person\/image\/","url":"https:\/\/secure.gravatar.com\/avatar\/4fc29f47dccf5511fdf4ab55d2e22d915d944656636c10c38a1baf7a85eccbd2?s=96&d=mm&r=g","contentUrl":"https:\/\/secure.gravatar.com\/avatar\/4fc29f47dccf5511fdf4ab55d2e22d915d944656636c10c38a1baf7a85eccbd2?s=96&d=mm&r=g","caption":"Fern\u00e1ndez Advocats"},"sameAs":["https:\/\/abogados.evotic.es\/"],"url":"https:\/\/fernandezadvocats.es\/es\/author\/javier\/"}]}},"_links":{"self":[{"href":"https:\/\/fernandezadvocats.es\/es\/wp-json\/wp\/v2\/posts\/252706","targetHints":{"allow":["GET"]}}],"collection":[{"href":"https:\/\/fernandezadvocats.es\/es\/wp-json\/wp\/v2\/posts"}],"about":[{"href":"https:\/\/fernandezadvocats.es\/es\/wp-json\/wp\/v2\/types\/post"}],"author":[{"embeddable":true,"href":"https:\/\/fernandezadvocats.es\/es\/wp-json\/wp\/v2\/users\/2"}],"replies":[{"embeddable":true,"href":"https:\/\/fernandezadvocats.es\/es\/wp-json\/wp\/v2\/comments?post=252706"}],"version-history":[{"count":2,"href":"https:\/\/fernandezadvocats.es\/es\/wp-json\/wp\/v2\/posts\/252706\/revisions"}],"predecessor-version":[{"id":252713,"href":"https:\/\/fernandezadvocats.es\/es\/wp-json\/wp\/v2\/posts\/252706\/revisions\/252713"}],"wp:featuredmedia":[{"embeddable":true,"href":"https:\/\/fernandezadvocats.es\/es\/wp-json\/wp\/v2\/media\/252710"}],"wp:attachment":[{"href":"https:\/\/fernandezadvocats.es\/es\/wp-json\/wp\/v2\/media?parent=252706"}],"wp:term":[{"taxonomy":"category","embeddable":true,"href":"https:\/\/fernandezadvocats.es\/es\/wp-json\/wp\/v2\/categories?post=252706"},{"taxonomy":"post_tag","embeddable":true,"href":"https:\/\/fernandezadvocats.es\/es\/wp-json\/wp\/v2\/tags?post=252706"}],"curies":[{"name":"wp","href":"https:\/\/api.w.org\/{rel}","templated":true}]}}