{"id":252740,"date":"2025-04-30T13:01:49","date_gmt":"2025-04-30T11:01:49","guid":{"rendered":"https:\/\/fernandezadvocats.es\/?p=252740"},"modified":"2026-01-21T18:16:40","modified_gmt":"2026-01-21T17:16:40","slug":"delito-de-conduccion-sin-carne-2","status":"publish","type":"post","link":"https:\/\/fernandezadvocats.es\/es\/delito-de-conduccion-sin-carne-2\/","title":{"rendered":"Delito de Conducci\u00f3n sin Carn\u00e9: Qu\u00e9 es, Penas y Diferencias con las Sanciones Administrativas"},"content":{"rendered":"<article class=\"text-token-text-primary w-full\" dir=\"auto\" data-testid=\"conversation-turn-2\" data-scroll-anchor=\"false\">\n<div class=\"text-base my-auto mx-auto py-5 [--thread-content-margin:--spacing(4)] @[37rem]:[--thread-content-margin:--spacing(6)] @[70rem]:[--thread-content-margin:--spacing(12)] px-(--thread-content-margin)\">\n<div class=\"[--thread-content-max-width:32rem] @[34rem]:[--thread-content-max-width:40rem] @[64rem]:[--thread-content-max-width:48rem] mx-auto flex max-w-(--thread-content-max-width) flex-1 text-base gap-4 md:gap-5 lg:gap-6 group\/turn-messages focus-visible:outline-hidden\" tabindex=\"-1\">\n<div class=\"group\/conversation-turn relative flex w-full min-w-0 flex-col agent-turn\">\n<div class=\"relative flex-col gap-1 md:gap-3\">\n<div class=\"flex max-w-full flex-col grow\">\n<div class=\"min-h-8 text-message relative flex w-full flex-col items-end gap-2 text-start break-words whitespace-normal [.text-message+&amp;]:mt-5\" dir=\"auto\" data-message-author-role=\"assistant\" data-message-id=\"829cba30-05f1-44ac-9b2c-30e35589398e\" data-message-model-slug=\"gpt-4o\">\n<div class=\"flex w-full flex-col gap-1 empty:hidden first:pt-[3px]\">\n<div class=\"markdown prose dark:prose-invert w-full break-words light\">\n<p data-start=\"133\" data-end=\"231\"><a href=\"https:\/\/fernandezadvocats.es\/wp-content\/uploads\/2025\/04\/DELICTE-DE-CONDUCCIO-SENSE-CARNET.pdf\"><strong>DESCARGAR ART\u00cdCULO COMPLETO EN PDF.<\/strong><\/a><\/p>\n<p data-start=\"133\" data-end=\"231\"><span class=\"relative -mx-px my-[-0.2rem] rounded px-px py-[0.2rem] transition-colors duration-100 ease-in-out\">Conducir sin carn\u00e9 en Espa\u00f1a no es simplemente una infracci\u00f3n de tr\u00e1fico: en determinados supuestos, constituye un <strong data-start=\"115\" data-end=\"178\">delito penal tipificado en el art\u00edculo 384 del C\u00f3digo Penal<\/strong>.<\/span> <span class=\"relative -mx-px my-[-0.2rem] rounded px-px py-[0.2rem] transition-colors duration-100 ease-in-out\">Este art\u00edculo analiza en profundidad cu\u00e1ndo se incurre en este delito, las penas aplicables, las diferencias con las sanciones administrativas y el procedimiento judicial correspondiente.<\/span>\u200b<\/p>\n<h2 class=\"\" data-start=\"359\" data-end=\"426\">\u00bfQu\u00e9 Conductas Constituyen el Delito de Conducci\u00f3n sin Carn\u00e9?<\/h2>\n<p class=\"\" data-start=\"428\" data-end=\"509\"><span class=\"relative -mx-px my-[-0.2rem] rounded px-px py-[0.2rem] transition-colors duration-100 ease-in-out\">El <strong data-start=\"3\" data-end=\"36\">art\u00edculo 384 del C\u00f3digo Penal<\/strong> establece que incurren en delito quienes:<\/span>\u200b<\/p>\n<ul data-start=\"511\" data-end=\"801\">\n<li class=\"\" data-start=\"511\" data-end=\"620\">\n<p class=\"\" data-start=\"514\" data-end=\"620\"><strong data-start=\"514\" data-end=\"566\">Conducen tras la p\u00e9rdida de vigencia del permiso<\/strong> por p\u00e9rdida total de los puntos asignados legalmente.<\/p>\n<\/li>\n<li class=\"\" data-start=\"621\" data-end=\"723\">\n<p class=\"\" data-start=\"624\" data-end=\"723\"><strong data-start=\"624\" data-end=\"700\">Conducen tras haber sido privados cautelar o definitivamente del permiso<\/strong> por decisi\u00f3n judicial.<\/p>\n<\/li>\n<li class=\"\" data-start=\"724\" data-end=\"801\">\n<p class=\"\" data-start=\"727\" data-end=\"801\"><strong data-start=\"727\" data-end=\"800\">Conducen sin haber obtenido nunca un permiso o licencia de conducci\u00f3n<\/strong>.<\/p>\n<\/li>\n<\/ul>\n<p class=\"\" data-start=\"803\" data-end=\"884\"><span class=\"relative -mx-px my-[-0.2rem] rounded px-px py-[0.2rem] transition-colors duration-100 ease-in-out\">En estos casos, la conducta se considera delito, independientemente de que no se haya causado un da\u00f1o concreto.<\/span>\u200b<\/p>\n<h2 class=\"\" data-start=\"891\" data-end=\"951\">Penas Previstas para el Delito de Conducci\u00f3n sin Carn\u00e9<\/h2>\n<p class=\"\" data-start=\"953\" data-end=\"1038\"><span class=\"relative -mx-px my-[-0.2rem] rounded px-px py-[0.2rem] transition-colors duration-100 ease-in-out\">Las penas contempladas en el art\u00edculo 384 del C\u00f3digo Penal son:<\/span><\/p>\n<ul data-start=\"1040\" data-end=\"1160\">\n<li class=\"\" data-start=\"1040\" data-end=\"1069\">\n<p class=\"\" data-start=\"1042\" data-end=\"1069\"><strong data-start=\"1042\" data-end=\"1068\">Prisi\u00f3n de 3 a 6 meses<\/strong>.<\/p>\n<\/li>\n<li class=\"\" data-start=\"1070\" data-end=\"1099\">\n<p class=\"\" data-start=\"1072\" data-end=\"1099\"><strong data-start=\"1072\" data-end=\"1098\">Multa de 12 a 24 meses<\/strong>.<\/p>\n<\/li>\n<li class=\"\" data-start=\"1100\" data-end=\"1160\">\n<p class=\"\" data-start=\"1102\" data-end=\"1160\"><strong data-start=\"1102\" data-end=\"1159\">Trabajos en beneficio de la comunidad de 31 a 90 d\u00edas<\/strong>.<\/p>\n<\/li>\n<\/ul>\n<p class=\"\" data-start=\"1162\" data-end=\"1327\"><span class=\"relative -mx-px my-[-0.2rem] rounded px-px py-[0.2rem] transition-colors duration-100 ease-in-out\">La elecci\u00f3n de la pena corresponde al juez, quien valorar\u00e1 las circunstancias del caso.<\/span> <span class=\"relative -mx-px my-[-0.2rem] rounded px-px py-[0.2rem] transition-colors duration-100 ease-in-out\">En situaciones donde el riesgo generado sea menor, el tribunal puede reducir la pena de prisi\u00f3n en un grado, siempre que lo justifique en la sentencia.<\/span><\/p>\n<h2 class=\"\" data-start=\"1334\" data-end=\"1366\">Caracter\u00edsticas del Delito<\/h2>\n<ul data-start=\"1368\" data-end=\"1676\">\n<li class=\"\" data-start=\"1368\" data-end=\"1428\">\n<p class=\"\" data-start=\"1370\" data-end=\"1428\"><strong data-start=\"1370\" data-end=\"1387\">Delito doloso<\/strong>: <span class=\"relative -mx-px my-[-0.2rem] rounded px-px py-[0.2rem] transition-colors duration-100 ease-in-out\">Requiere que el autor act\u00fae con conocimiento y voluntad de conducir sin permiso.<\/span><\/p>\n<\/li>\n<li class=\"\" data-start=\"1429\" data-end=\"1500\">\n<p class=\"\" data-start=\"1431\" data-end=\"1500\"><strong data-start=\"1431\" data-end=\"1459\">Delito de mera actividad<\/strong>: <span class=\"relative -mx-px my-[-0.2rem] rounded px-px py-[0.2rem] transition-colors duration-100 ease-in-out\">Se consuma con la simple acci\u00f3n de conducir sin carn\u00e9, sin necesidad de causar un da\u00f1o.<\/span><\/p>\n<\/li>\n<li class=\"\" data-start=\"1501\" data-end=\"1567\">\n<p class=\"\" data-start=\"1503\" data-end=\"1567\"><strong data-start=\"1503\" data-end=\"1526\">No admite tentativa<\/strong>: <span class=\"relative -mx-px my-[-0.2rem] rounded px-px py-[0.2rem] transition-colors duration-100 ease-in-out\">Al consumarse con la acci\u00f3n de conducir, no cabe la tentativa.<\/span><\/p>\n<\/li>\n<li class=\"\" data-start=\"1568\" data-end=\"1676\">\n<p class=\"\" data-start=\"1570\" data-end=\"1676\"><strong data-start=\"1570\" data-end=\"1589\">Delito especial<\/strong>: <span class=\"relative -mx-px my-[-0.2rem] rounded px-px py-[0.2rem] transition-colors duration-100 ease-in-out\">Solo puede ser cometido por quien conduce un veh\u00edculo a motor o ciclomotor.<\/span>\u200b<\/p>\n<\/li>\n<\/ul>\n<h2 class=\"\" data-start=\"1683\" data-end=\"1738\">Diferencias entre Delito y Sanci\u00f3n Administrativa<\/h2>\n<p class=\"\" data-start=\"1740\" data-end=\"1865\"><span class=\"relative -mx-px my-[-0.2rem] rounded px-px py-[0.2rem] transition-colors duration-100 ease-in-out\">No todas las conductas relacionadas con la conducci\u00f3n sin carn\u00e9 constituyen delito.<\/span> <span class=\"relative -mx-px my-[-0.2rem] rounded px-px py-[0.2rem] transition-colors duration-100 ease-in-out\">Algunas se sancionan administrativamente:<\/span>\u200b<\/p>\n<ul data-start=\"1867\" data-end=\"2435\">\n<li class=\"\" data-start=\"1867\" data-end=\"1986\">\n<p class=\"\" data-start=\"1869\" data-end=\"1986\"><strong data-start=\"1869\" data-end=\"1905\">Conducir con el permiso caducado<\/strong>: <span class=\"relative -mx-px my-[-0.2rem] rounded px-px py-[0.2rem] transition-colors duration-100 ease-in-out\">Infracci\u00f3n administrativa grave, sancionada con multa de 200 euros.<\/span><\/p>\n<\/li>\n<li class=\"\" data-start=\"1987\" data-end=\"2114\">\n<p class=\"\" data-start=\"1989\" data-end=\"2114\"><strong data-start=\"1989\" data-end=\"2033\">Conducir sin llevar el carn\u00e9 f\u00edsicamente<\/strong>: <span class=\"relative -mx-px my-[-0.2rem] rounded px-px py-[0.2rem] transition-colors duration-100 ease-in-out\">Infracci\u00f3n leve, sancionada con multa de hasta 100 euros.<\/span><\/p>\n<\/li>\n<li class=\"\" data-start=\"2115\" data-end=\"2250\">\n<p class=\"\" data-start=\"2117\" data-end=\"2250\"><strong data-start=\"2117\" data-end=\"2169\">Conducir con un permiso extranjero no homologado<\/strong>: <span class=\"relative -mx-px my-[-0.2rem] rounded px-px py-[0.2rem] transition-colors duration-100 ease-in-out\">Infracci\u00f3n grave o muy grave, sancionada con multas de 200 a 500 euros.<\/span><\/p>\n<\/li>\n<li class=\"\" data-start=\"2251\" data-end=\"2435\">\n<p class=\"\" data-start=\"2253\" data-end=\"2435\"><strong data-start=\"2253\" data-end=\"2308\">Conducir con un permiso inadecuado para el veh\u00edculo<\/strong>: <span class=\"relative -mx-px my-[-0.2rem] rounded px-px py-[0.2rem] transition-colors duration-100 ease-in-out\">Infracci\u00f3n muy grave, sancionada con multa de 500 euros y p\u00e9rdida de 4 puntos.<\/span><\/p>\n<\/li>\n<\/ul>\n<p class=\"\" data-start=\"2437\" data-end=\"2522\"><span class=\"relative -mx-px my-[-0.2rem] rounded px-px py-[0.2rem] transition-colors duration-100 ease-in-out\">Es fundamental distinguir entre estas conductas para determinar si se trata de un delito penal o una infracci\u00f3n administrativa.<\/span>\u200b<\/p>\n<h2 class=\"\" data-start=\"2529\" data-end=\"2572\">Procedimiento Judicial: Juicio R\u00e1pido<\/h2>\n<p class=\"\" data-start=\"2574\" data-end=\"2699\"><span class=\"relative -mx-px my-[-0.2rem] rounded px-px py-[0.2rem] transition-colors duration-100 ease-in-out\">El delito de conducci\u00f3n sin carn\u00e9 suele tramitarse mediante <strong data-start=\"60\" data-end=\"77\">juicio r\u00e1pido<\/strong>, seg\u00fan lo dispuesto en la Ley de Enjuiciamiento Criminal.<\/span> <span class=\"relative -mx-px my-[-0.2rem] rounded px-px py-[0.2rem] transition-colors duration-100 ease-in-out\">Este procedimiento se aplica cuando:<\/span>\u200b<\/p>\n<ul data-start=\"2701\" data-end=\"2872\">\n<li class=\"\" data-start=\"2701\" data-end=\"2742\">\n<p class=\"\" data-start=\"2703\" data-end=\"2742\"><span class=\"relative -mx-px my-[-0.2rem] rounded px-px py-[0.2rem] transition-colors duration-100 ease-in-out\">El delito es flagrante.<\/span><\/p>\n<\/li>\n<li class=\"\" data-start=\"2743\" data-end=\"2784\">\n<p class=\"\" data-start=\"2745\" data-end=\"2784\"><span class=\"relative -mx-px my-[-0.2rem] rounded px-px py-[0.2rem] transition-colors duration-100 ease-in-out\">La instrucci\u00f3n es sencilla.<\/span><\/p>\n<\/li>\n<li class=\"\" data-start=\"2785\" data-end=\"2872\">\n<p class=\"\" data-start=\"2787\" data-end=\"2872\"><span class=\"relative -mx-px my-[-0.2rem] rounded px-px py-[0.2rem] transition-colors duration-100 ease-in-out\">La pena prevista no excede de cinco a\u00f1os de prisi\u00f3n.<\/span><\/p>\n<\/li>\n<\/ul>\n<p class=\"\" data-start=\"2874\" data-end=\"3039\"><span class=\"relative -mx-px my-[-0.2rem] rounded px-px py-[0.2rem] transition-colors duration-100 ease-in-out\">En el juicio r\u00e1pido, el acusado puede conformarse con la pena propuesta por la acusaci\u00f3n, lo que permite reducir la condena en un tercio.<\/span> <span class=\"relative -mx-px my-[-0.2rem] rounded px-px py-[0.2rem] transition-colors duration-100 ease-in-out\">Si no hay conformidad, se celebra juicio oral.<\/span> \u200b<\/p>\n<h2 class=\"\" data-start=\"3046\" data-end=\"3103\">Concurrencia de Sanciones Penales y Administrativas<\/h2>\n<p class=\"\" data-start=\"3105\" data-end=\"3190\"><span class=\"relative -mx-px my-[-0.2rem] rounded px-px py-[0.2rem] transition-colors duration-100 ease-in-out\">Cuando una conducta puede ser sancionada tanto penal como administrativamente, se aplican los siguientes principios:<\/span>\u200b<\/p>\n<ul data-start=\"3192\" data-end=\"3573\">\n<li class=\"\" data-start=\"3192\" data-end=\"3268\">\n<p class=\"\" data-start=\"3194\" data-end=\"3268\"><strong data-start=\"3194\" data-end=\"3227\">Prevalencia del derecho penal<\/strong>: <span class=\"relative -mx-px my-[-0.2rem] rounded px-px py-[0.2rem] transition-colors duration-100 ease-in-out\">Si la conducta constituye delito, se aplica la sanci\u00f3n penal.<\/span><\/p>\n<\/li>\n<li class=\"\" data-start=\"3269\" data-end=\"3343\">\n<p class=\"\" data-start=\"3271\" data-end=\"3343\"><strong data-start=\"3271\" data-end=\"3302\">Prohibici\u00f3n del bis in \u00eddem<\/strong>: <span class=\"relative -mx-px my-[-0.2rem] rounded px-px py-[0.2rem] transition-colors duration-100 ease-in-out\">No se puede sancionar dos veces por los mismos hechos.<\/span><\/p>\n<\/li>\n<li class=\"\" data-start=\"3344\" data-end=\"3434\">\n<p class=\"\" data-start=\"3346\" data-end=\"3434\"><strong data-start=\"3346\" data-end=\"3393\">Suspensi\u00f3n del procedimiento administrativo<\/strong>: <span class=\"relative -mx-px my-[-0.2rem] rounded px-px py-[0.2rem] transition-colors duration-100 ease-in-out\">Si se inicia un proceso penal, el procedimiento administrativo se suspende hasta la resoluci\u00f3n judicial.<\/span><\/p>\n<\/li>\n<li class=\"\" data-start=\"3435\" data-end=\"3573\">\n<p class=\"\" data-start=\"3437\" data-end=\"3573\"><strong data-start=\"3437\" data-end=\"3486\">Reactivaci\u00f3n del procedimiento administrativo<\/strong>: <span class=\"relative -mx-px my-[-0.2rem] rounded px-px py-[0.2rem] transition-colors duration-100 ease-in-out\">Si la sentencia penal es absolutoria y no se basa en la inexistencia del hecho, se puede reactivar el procedimiento administrativo.<\/span>\u200b\u200b<\/p>\n<\/li>\n<\/ul>\n<\/div>\n<\/div>\n<\/div>\n<\/div>\n<\/div>\n<\/div>\n<\/div>\n<\/div>\n<\/article>\n<article class=\"text-token-text-primary w-full\" dir=\"auto\" data-testid=\"conversation-turn-4\" data-scroll-anchor=\"true\">\n<div class=\"text-base my-auto mx-auto py-5 [--thread-content-margin:--spacing(4)] @[37rem]:[--thread-content-margin:--spacing(6)] @[70rem]:[--thread-content-margin:--spacing(12)] px-(--thread-content-margin)\">\n<div class=\"[--thread-content-max-width:32rem] @[34rem]:[--thread-content-max-width:40rem] @[64rem]:[--thread-content-max-width:48rem] mx-auto flex max-w-(--thread-content-max-width) flex-1 text-base gap-4 md:gap-5 lg:gap-6 group\/turn-messages focus-visible:outline-hidden\" tabindex=\"-1\">\n<div class=\"group\/conversation-turn relative flex w-full min-w-0 flex-col agent-turn\">\n<div class=\"relative flex-col gap-1 md:gap-3\">\n<div class=\"flex max-w-full flex-col grow\">\n<div class=\"min-h-8 text-message relative flex w-full flex-col items-end gap-2 text-start break-words whitespace-normal [.text-message+&amp;]:mt-5\" dir=\"auto\" data-message-author-role=\"assistant\" data-message-id=\"e67c79bd-47eb-47a5-98d6-79fadaaf6bed\" data-message-model-slug=\"gpt-4o\">\n<div class=\"flex w-full flex-col gap-1 empty:hidden first:pt-[3px]\">\n<div class=\"markdown prose dark:prose-invert w-full break-words light\">\n<h2 class=\"\" data-start=\"156\" data-end=\"172\">Conclusi\u00f3n<\/h2>\n<p class=\"\" data-start=\"174\" data-end=\"746\">El <strong data-start=\"177\" data-end=\"211\">delito de conducci\u00f3n sin carn\u00e9<\/strong> es una infracci\u00f3n penal grave que afecta directamente a la <strong data-start=\"271\" data-end=\"289\">seguridad vial<\/strong> y puede acarrear consecuencias importantes como <strong data-start=\"338\" data-end=\"358\">penas de prisi\u00f3n<\/strong>, <strong data-start=\"360\" data-end=\"381\">multas econ\u00f3micas<\/strong> o incluso la <strong data-start=\"395\" data-end=\"440\">p\u00e9rdida definitiva del derecho a conducir<\/strong>. A diferencia de otras infracciones relacionadas con la documentaci\u00f3n del conductor, como llevar el permiso caducado o no homologado, que pueden resolverse por v\u00eda administrativa, conducir sin haber obtenido nunca el permiso o tras una retirada judicial constituye un delito que deja antecedentes penales.<\/p>\n<p class=\"\" data-start=\"748\" data-end=\"1017\">Dado que cada caso puede presentar particularidades legales relevantes \u2014como si ha habido o no conformidad, la existencia de reincidencia o la concurrencia de delitos adicionales\u2014, es esencial contar con <strong data-start=\"952\" data-end=\"992\">asesoramiento jur\u00eddico especializado<\/strong> desde el primer momento.<\/p>\n<h2 class=\"\" data-start=\"1024\" data-end=\"1067\">\u00bfNecesitas ayuda legal personalizada?<\/h2>\n<p class=\"\" data-start=\"1069\" data-end=\"1505\">En <strong data-start=\"1072\" data-end=\"1094\">Fern\u00e1ndez Advocats<\/strong> contamos con un equipo de abogados expertos en <strong data-start=\"1142\" data-end=\"1176\">Derecho Penal y Seguridad Vial<\/strong> que puede asesorarte en todo el procedimiento, desde la asistencia en juicio r\u00e1pido hasta la defensa en caso de acusaci\u00f3n por delito de conducci\u00f3n sin carn\u00e9. Si has recibido una notificaci\u00f3n o tienes dudas sobre tu situaci\u00f3n legal, <strong data-start=\"1409\" data-end=\"1430\">no lo dejes pasar<\/strong>: actuar con rapidez puede marcar la diferencia en el resultado de tu caso.<\/p>\n<p class=\"\" data-start=\"1507\" data-end=\"1677\">\ud83d\udce9 <strong data-start=\"1510\" data-end=\"1543\">Cont\u00e1ctanos sin compromiso en<\/strong>: <a class=\"cursor-pointer\" rel=\"noopener\" data-start=\"1545\" data-end=\"1606\">info@fernandezadvocats.es<\/a><\/p>\n<\/div>\n<\/div>\n<\/div>\n<\/div>\n<\/div>\n<\/div>\n<\/div>\n<\/div>\n<\/article>\n","protected":false},"excerpt":{"rendered":"<p>DESCARGAR ART\u00cdCULO COMPLETO EN PDF. Conducir sin carn\u00e9 en Espa\u00f1a no es simplemente una infracci\u00f3n de tr\u00e1fico: en determinados supuestos, constituye un delito penal tipificado en el art\u00edculo 384 del C\u00f3digo Penal. Este art\u00edculo analiza en profundidad cu\u00e1ndo se incurre en este delito, las penas aplicables, las diferencias con las sanciones administrativas y el procedimiento [&hellip;]<\/p>\n","protected":false},"author":2,"featured_media":252743,"comment_status":"closed","ping_status":"closed","sticky":false,"template":"","format":"standard","meta":{"_et_pb_use_builder":"","_et_pb_old_content":"","_et_gb_content_width":"","footnotes":""},"categories":[28,122,44],"tags":[],"class_list":["post-252740","post","type-post","status-publish","format-standard","has-post-thumbnail","hentry","category-articulos-fa","category-conducir-sin-carne","category-derecho-penal"],"yoast_head":"<!-- This site is optimized with the Yoast SEO plugin v27.1.1 - https:\/\/yoast.com\/product\/yoast-seo-wordpress\/ -->\n<title>Delito de Conducci\u00f3n sin Carn\u00e9: Qu\u00e9 es, Penas y Diferencias con las Sanciones Administrativas | Fern\u00e1ndez Advocats<\/title>\n<meta name=\"robots\" content=\"index, follow, max-snippet:-1, max-image-preview:large, max-video-preview:-1\" \/>\n<link rel=\"canonical\" href=\"https:\/\/fernandezadvocats.es\/es\/delito-de-conduccion-sin-carne-2\/\" \/>\n<meta property=\"og:locale\" content=\"es_ES\" \/>\n<meta property=\"og:type\" content=\"article\" \/>\n<meta property=\"og:title\" content=\"Delito de Conducci\u00f3n sin Carn\u00e9: Qu\u00e9 es, Penas y Diferencias con las Sanciones Administrativas | Fern\u00e1ndez Advocats\" \/>\n<meta property=\"og:description\" content=\"DESCARGAR ART\u00cdCULO COMPLETO EN PDF. Conducir sin carn\u00e9 en Espa\u00f1a no es simplemente una infracci\u00f3n de tr\u00e1fico: en determinados supuestos, constituye un delito penal tipificado en el art\u00edculo 384 del C\u00f3digo Penal. Este art\u00edculo analiza en profundidad cu\u00e1ndo se incurre en este delito, las penas aplicables, las diferencias con las sanciones administrativas y el procedimiento [&hellip;]\" \/>\n<meta property=\"og:url\" content=\"https:\/\/fernandezadvocats.es\/es\/delito-de-conduccion-sin-carne-2\/\" \/>\n<meta property=\"og:site_name\" content=\"Fern\u00e1ndez Advocats\" \/>\n<meta property=\"article:published_time\" content=\"2025-04-30T11:01:49+00:00\" \/>\n<meta property=\"article:modified_time\" content=\"2026-01-21T17:16:40+00:00\" \/>\n<meta property=\"og:image\" content=\"https:\/\/fernandezadvocats.es\/wp-content\/uploads\/2025\/04\/male-police-officer-in-green-uniform-with-notepad-2025-03-18-19-33-37-utc-min-1-scaled.jpg\" \/>\n\t<meta property=\"og:image:width\" content=\"2560\" \/>\n\t<meta property=\"og:image:height\" content=\"1636\" \/>\n\t<meta property=\"og:image:type\" content=\"image\/jpeg\" \/>\n<meta name=\"author\" content=\"Fern\u00e1ndez Advocats\" \/>\n<meta name=\"twitter:card\" content=\"summary_large_image\" \/>\n<meta name=\"twitter:label1\" content=\"Escrito por\" \/>\n\t<meta name=\"twitter:data1\" content=\"Fern\u00e1ndez Advocats\" \/>\n\t<meta name=\"twitter:label2\" content=\"Tiempo de lectura\" \/>\n\t<meta name=\"twitter:data2\" content=\"5 minutos\" \/>\n<script type=\"application\/ld+json\" class=\"yoast-schema-graph\">{\"@context\":\"https:\/\/schema.org\",\"@graph\":[{\"@type\":\"Article\",\"@id\":\"https:\/\/fernandezadvocats.es\/es\/delito-de-conduccion-sin-carne-2\/#article\",\"isPartOf\":{\"@id\":\"https:\/\/fernandezadvocats.es\/es\/delito-de-conduccion-sin-carne-2\/\"},\"author\":{\"name\":\"Fern\u00e1ndez Advocats\",\"@id\":\"https:\/\/fernandezadvocats.es\/#\/schema\/person\/b07c77bdf07c1e11b12a56cae182b521\"},\"headline\":\"Delito de Conducci\u00f3n sin Carn\u00e9: Qu\u00e9 es, Penas y Diferencias con las Sanciones Administrativas\",\"datePublished\":\"2025-04-30T11:01:49+00:00\",\"dateModified\":\"2026-01-21T17:16:40+00:00\",\"mainEntityOfPage\":{\"@id\":\"https:\/\/fernandezadvocats.es\/es\/delito-de-conduccion-sin-carne-2\/\"},\"wordCount\":842,\"publisher\":{\"@id\":\"https:\/\/fernandezadvocats.es\/#organization\"},\"image\":{\"@id\":\"https:\/\/fernandezadvocats.es\/es\/delito-de-conduccion-sin-carne-2\/#primaryimage\"},\"thumbnailUrl\":\"https:\/\/fernandezadvocats.es\/wp-content\/uploads\/2025\/04\/male-police-officer-in-green-uniform-with-notepad-2025-03-18-19-33-37-utc-min-1-scaled.jpg\",\"articleSection\":[\"Art\u00edculos FA\",\"Conducir sin carn\u00e9\",\"Derecho Penal\"],\"inLanguage\":\"es\"},{\"@type\":\"WebPage\",\"@id\":\"https:\/\/fernandezadvocats.es\/es\/delito-de-conduccion-sin-carne-2\/\",\"url\":\"https:\/\/fernandezadvocats.es\/es\/delito-de-conduccion-sin-carne-2\/\",\"name\":\"Delito de Conducci\u00f3n sin Carn\u00e9: Qu\u00e9 es, Penas y Diferencias con las Sanciones Administrativas | Fern\u00e1ndez Advocats\",\"isPartOf\":{\"@id\":\"https:\/\/fernandezadvocats.es\/#website\"},\"primaryImageOfPage\":{\"@id\":\"https:\/\/fernandezadvocats.es\/es\/delito-de-conduccion-sin-carne-2\/#primaryimage\"},\"image\":{\"@id\":\"https:\/\/fernandezadvocats.es\/es\/delito-de-conduccion-sin-carne-2\/#primaryimage\"},\"thumbnailUrl\":\"https:\/\/fernandezadvocats.es\/wp-content\/uploads\/2025\/04\/male-police-officer-in-green-uniform-with-notepad-2025-03-18-19-33-37-utc-min-1-scaled.jpg\",\"datePublished\":\"2025-04-30T11:01:49+00:00\",\"dateModified\":\"2026-01-21T17:16:40+00:00\",\"breadcrumb\":{\"@id\":\"https:\/\/fernandezadvocats.es\/es\/delito-de-conduccion-sin-carne-2\/#breadcrumb\"},\"inLanguage\":\"es\",\"potentialAction\":[{\"@type\":\"ReadAction\",\"target\":[\"https:\/\/fernandezadvocats.es\/es\/delito-de-conduccion-sin-carne-2\/\"]}]},{\"@type\":\"ImageObject\",\"inLanguage\":\"es\",\"@id\":\"https:\/\/fernandezadvocats.es\/es\/delito-de-conduccion-sin-carne-2\/#primaryimage\",\"url\":\"https:\/\/fernandezadvocats.es\/wp-content\/uploads\/2025\/04\/male-police-officer-in-green-uniform-with-notepad-2025-03-18-19-33-37-utc-min-1-scaled.jpg\",\"contentUrl\":\"https:\/\/fernandezadvocats.es\/wp-content\/uploads\/2025\/04\/male-police-officer-in-green-uniform-with-notepad-2025-03-18-19-33-37-utc-min-1-scaled.jpg\",\"width\":2560,\"height\":1636},{\"@type\":\"BreadcrumbList\",\"@id\":\"https:\/\/fernandezadvocats.es\/es\/delito-de-conduccion-sin-carne-2\/#breadcrumb\",\"itemListElement\":[{\"@type\":\"ListItem\",\"position\":1,\"name\":\"Portada\",\"item\":\"https:\/\/fernandezadvocats.es\/es\/fernandez-advocats-berga\/\"},{\"@type\":\"ListItem\",\"position\":2,\"name\":\"Delito de Conducci\u00f3n sin Carn\u00e9: Qu\u00e9 es, Penas y Diferencias con las Sanciones Administrativas\"}]},{\"@type\":\"WebSite\",\"@id\":\"https:\/\/fernandezadvocats.es\/#website\",\"url\":\"https:\/\/fernandezadvocats.es\/\",\"name\":\"Fern\u00e1ndez Advocats\",\"description\":\"Advocats Berga i Barcelona\",\"publisher\":{\"@id\":\"https:\/\/fernandezadvocats.es\/#organization\"},\"alternateName\":\"Abogados Berga y Bracelona\",\"potentialAction\":[{\"@type\":\"SearchAction\",\"target\":{\"@type\":\"EntryPoint\",\"urlTemplate\":\"https:\/\/fernandezadvocats.es\/?s={search_term_string}\"},\"query-input\":{\"@type\":\"PropertyValueSpecification\",\"valueRequired\":true,\"valueName\":\"search_term_string\"}}],\"inLanguage\":\"es\"},{\"@type\":\"Organization\",\"@id\":\"https:\/\/fernandezadvocats.es\/#organization\",\"name\":\"Fern\u00e1ndez Advocats\",\"url\":\"https:\/\/fernandezadvocats.es\/\",\"logo\":{\"@type\":\"ImageObject\",\"inLanguage\":\"es\",\"@id\":\"https:\/\/fernandezadvocats.es\/#\/schema\/logo\/image\/\",\"url\":\"https:\/\/fernandezadvocats.es\/wp-content\/uploads\/2024\/11\/cropped-BF-e1731427554424.png\",\"contentUrl\":\"https:\/\/fernandezadvocats.es\/wp-content\/uploads\/2024\/11\/cropped-BF-e1731427554424.png\",\"width\":512,\"height\":512,\"caption\":\"Fern\u00e1ndez Advocats\"},\"image\":{\"@id\":\"https:\/\/fernandezadvocats.es\/#\/schema\/logo\/image\/\"}},{\"@type\":\"Person\",\"@id\":\"https:\/\/fernandezadvocats.es\/#\/schema\/person\/b07c77bdf07c1e11b12a56cae182b521\",\"name\":\"Fern\u00e1ndez Advocats\",\"image\":{\"@type\":\"ImageObject\",\"inLanguage\":\"es\",\"@id\":\"https:\/\/fernandezadvocats.es\/#\/schema\/person\/image\/\",\"url\":\"https:\/\/secure.gravatar.com\/avatar\/4fc29f47dccf5511fdf4ab55d2e22d915d944656636c10c38a1baf7a85eccbd2?s=96&d=mm&r=g\",\"contentUrl\":\"https:\/\/secure.gravatar.com\/avatar\/4fc29f47dccf5511fdf4ab55d2e22d915d944656636c10c38a1baf7a85eccbd2?s=96&d=mm&r=g\",\"caption\":\"Fern\u00e1ndez Advocats\"},\"sameAs\":[\"https:\/\/abogados.evotic.es\/\"],\"url\":\"https:\/\/fernandezadvocats.es\/es\/author\/javier\/\"}]}<\/script>\n<!-- \/ Yoast SEO plugin. -->","yoast_head_json":{"title":"Delito de Conducci\u00f3n sin Carn\u00e9: Qu\u00e9 es, Penas y Diferencias con las Sanciones Administrativas | Fern\u00e1ndez Advocats","robots":{"index":"index","follow":"follow","max-snippet":"max-snippet:-1","max-image-preview":"max-image-preview:large","max-video-preview":"max-video-preview:-1"},"canonical":"https:\/\/fernandezadvocats.es\/es\/delito-de-conduccion-sin-carne-2\/","og_locale":"es_ES","og_type":"article","og_title":"Delito de Conducci\u00f3n sin Carn\u00e9: Qu\u00e9 es, Penas y Diferencias con las Sanciones Administrativas | Fern\u00e1ndez Advocats","og_description":"DESCARGAR ART\u00cdCULO COMPLETO EN PDF. Conducir sin carn\u00e9 en Espa\u00f1a no es simplemente una infracci\u00f3n de tr\u00e1fico: en determinados supuestos, constituye un delito penal tipificado en el art\u00edculo 384 del C\u00f3digo Penal. Este art\u00edculo analiza en profundidad cu\u00e1ndo se incurre en este delito, las penas aplicables, las diferencias con las sanciones administrativas y el procedimiento [&hellip;]","og_url":"https:\/\/fernandezadvocats.es\/es\/delito-de-conduccion-sin-carne-2\/","og_site_name":"Fern\u00e1ndez Advocats","article_published_time":"2025-04-30T11:01:49+00:00","article_modified_time":"2026-01-21T17:16:40+00:00","og_image":[{"width":2560,"height":1636,"url":"https:\/\/fernandezadvocats.es\/wp-content\/uploads\/2025\/04\/male-police-officer-in-green-uniform-with-notepad-2025-03-18-19-33-37-utc-min-1-scaled.jpg","type":"image\/jpeg"}],"author":"Fern\u00e1ndez Advocats","twitter_card":"summary_large_image","twitter_misc":{"Escrito por":"Fern\u00e1ndez Advocats","Tiempo de lectura":"5 minutos"},"schema":{"@context":"https:\/\/schema.org","@graph":[{"@type":"Article","@id":"https:\/\/fernandezadvocats.es\/es\/delito-de-conduccion-sin-carne-2\/#article","isPartOf":{"@id":"https:\/\/fernandezadvocats.es\/es\/delito-de-conduccion-sin-carne-2\/"},"author":{"name":"Fern\u00e1ndez Advocats","@id":"https:\/\/fernandezadvocats.es\/#\/schema\/person\/b07c77bdf07c1e11b12a56cae182b521"},"headline":"Delito de Conducci\u00f3n sin Carn\u00e9: Qu\u00e9 es, Penas y Diferencias con las Sanciones Administrativas","datePublished":"2025-04-30T11:01:49+00:00","dateModified":"2026-01-21T17:16:40+00:00","mainEntityOfPage":{"@id":"https:\/\/fernandezadvocats.es\/es\/delito-de-conduccion-sin-carne-2\/"},"wordCount":842,"publisher":{"@id":"https:\/\/fernandezadvocats.es\/#organization"},"image":{"@id":"https:\/\/fernandezadvocats.es\/es\/delito-de-conduccion-sin-carne-2\/#primaryimage"},"thumbnailUrl":"https:\/\/fernandezadvocats.es\/wp-content\/uploads\/2025\/04\/male-police-officer-in-green-uniform-with-notepad-2025-03-18-19-33-37-utc-min-1-scaled.jpg","articleSection":["Art\u00edculos FA","Conducir sin carn\u00e9","Derecho Penal"],"inLanguage":"es"},{"@type":"WebPage","@id":"https:\/\/fernandezadvocats.es\/es\/delito-de-conduccion-sin-carne-2\/","url":"https:\/\/fernandezadvocats.es\/es\/delito-de-conduccion-sin-carne-2\/","name":"Delito de Conducci\u00f3n sin Carn\u00e9: Qu\u00e9 es, Penas y Diferencias con las Sanciones Administrativas | Fern\u00e1ndez Advocats","isPartOf":{"@id":"https:\/\/fernandezadvocats.es\/#website"},"primaryImageOfPage":{"@id":"https:\/\/fernandezadvocats.es\/es\/delito-de-conduccion-sin-carne-2\/#primaryimage"},"image":{"@id":"https:\/\/fernandezadvocats.es\/es\/delito-de-conduccion-sin-carne-2\/#primaryimage"},"thumbnailUrl":"https:\/\/fernandezadvocats.es\/wp-content\/uploads\/2025\/04\/male-police-officer-in-green-uniform-with-notepad-2025-03-18-19-33-37-utc-min-1-scaled.jpg","datePublished":"2025-04-30T11:01:49+00:00","dateModified":"2026-01-21T17:16:40+00:00","breadcrumb":{"@id":"https:\/\/fernandezadvocats.es\/es\/delito-de-conduccion-sin-carne-2\/#breadcrumb"},"inLanguage":"es","potentialAction":[{"@type":"ReadAction","target":["https:\/\/fernandezadvocats.es\/es\/delito-de-conduccion-sin-carne-2\/"]}]},{"@type":"ImageObject","inLanguage":"es","@id":"https:\/\/fernandezadvocats.es\/es\/delito-de-conduccion-sin-carne-2\/#primaryimage","url":"https:\/\/fernandezadvocats.es\/wp-content\/uploads\/2025\/04\/male-police-officer-in-green-uniform-with-notepad-2025-03-18-19-33-37-utc-min-1-scaled.jpg","contentUrl":"https:\/\/fernandezadvocats.es\/wp-content\/uploads\/2025\/04\/male-police-officer-in-green-uniform-with-notepad-2025-03-18-19-33-37-utc-min-1-scaled.jpg","width":2560,"height":1636},{"@type":"BreadcrumbList","@id":"https:\/\/fernandezadvocats.es\/es\/delito-de-conduccion-sin-carne-2\/#breadcrumb","itemListElement":[{"@type":"ListItem","position":1,"name":"Portada","item":"https:\/\/fernandezadvocats.es\/es\/fernandez-advocats-berga\/"},{"@type":"ListItem","position":2,"name":"Delito de Conducci\u00f3n sin Carn\u00e9: Qu\u00e9 es, Penas y Diferencias con las Sanciones Administrativas"}]},{"@type":"WebSite","@id":"https:\/\/fernandezadvocats.es\/#website","url":"https:\/\/fernandezadvocats.es\/","name":"Fern\u00e1ndez Advocats","description":"Advocats Berga i Barcelona","publisher":{"@id":"https:\/\/fernandezadvocats.es\/#organization"},"alternateName":"Abogados Berga y Bracelona","potentialAction":[{"@type":"SearchAction","target":{"@type":"EntryPoint","urlTemplate":"https:\/\/fernandezadvocats.es\/?s={search_term_string}"},"query-input":{"@type":"PropertyValueSpecification","valueRequired":true,"valueName":"search_term_string"}}],"inLanguage":"es"},{"@type":"Organization","@id":"https:\/\/fernandezadvocats.es\/#organization","name":"Fern\u00e1ndez Advocats","url":"https:\/\/fernandezadvocats.es\/","logo":{"@type":"ImageObject","inLanguage":"es","@id":"https:\/\/fernandezadvocats.es\/#\/schema\/logo\/image\/","url":"https:\/\/fernandezadvocats.es\/wp-content\/uploads\/2024\/11\/cropped-BF-e1731427554424.png","contentUrl":"https:\/\/fernandezadvocats.es\/wp-content\/uploads\/2024\/11\/cropped-BF-e1731427554424.png","width":512,"height":512,"caption":"Fern\u00e1ndez Advocats"},"image":{"@id":"https:\/\/fernandezadvocats.es\/#\/schema\/logo\/image\/"}},{"@type":"Person","@id":"https:\/\/fernandezadvocats.es\/#\/schema\/person\/b07c77bdf07c1e11b12a56cae182b521","name":"Fern\u00e1ndez Advocats","image":{"@type":"ImageObject","inLanguage":"es","@id":"https:\/\/fernandezadvocats.es\/#\/schema\/person\/image\/","url":"https:\/\/secure.gravatar.com\/avatar\/4fc29f47dccf5511fdf4ab55d2e22d915d944656636c10c38a1baf7a85eccbd2?s=96&d=mm&r=g","contentUrl":"https:\/\/secure.gravatar.com\/avatar\/4fc29f47dccf5511fdf4ab55d2e22d915d944656636c10c38a1baf7a85eccbd2?s=96&d=mm&r=g","caption":"Fern\u00e1ndez Advocats"},"sameAs":["https:\/\/abogados.evotic.es\/"],"url":"https:\/\/fernandezadvocats.es\/es\/author\/javier\/"}]}},"_links":{"self":[{"href":"https:\/\/fernandezadvocats.es\/es\/wp-json\/wp\/v2\/posts\/252740","targetHints":{"allow":["GET"]}}],"collection":[{"href":"https:\/\/fernandezadvocats.es\/es\/wp-json\/wp\/v2\/posts"}],"about":[{"href":"https:\/\/fernandezadvocats.es\/es\/wp-json\/wp\/v2\/types\/post"}],"author":[{"embeddable":true,"href":"https:\/\/fernandezadvocats.es\/es\/wp-json\/wp\/v2\/users\/2"}],"replies":[{"embeddable":true,"href":"https:\/\/fernandezadvocats.es\/es\/wp-json\/wp\/v2\/comments?post=252740"}],"version-history":[{"count":5,"href":"https:\/\/fernandezadvocats.es\/es\/wp-json\/wp\/v2\/posts\/252740\/revisions"}],"predecessor-version":[{"id":252751,"href":"https:\/\/fernandezadvocats.es\/es\/wp-json\/wp\/v2\/posts\/252740\/revisions\/252751"}],"wp:featuredmedia":[{"embeddable":true,"href":"https:\/\/fernandezadvocats.es\/es\/wp-json\/wp\/v2\/media\/252743"}],"wp:attachment":[{"href":"https:\/\/fernandezadvocats.es\/es\/wp-json\/wp\/v2\/media?parent=252740"}],"wp:term":[{"taxonomy":"category","embeddable":true,"href":"https:\/\/fernandezadvocats.es\/es\/wp-json\/wp\/v2\/categories?post=252740"},{"taxonomy":"post_tag","embeddable":true,"href":"https:\/\/fernandezadvocats.es\/es\/wp-json\/wp\/v2\/tags?post=252740"}],"curies":[{"name":"wp","href":"https:\/\/api.w.org\/{rel}","templated":true}]}}