{"id":252765,"date":"2025-05-05T18:47:14","date_gmt":"2025-05-05T16:47:14","guid":{"rendered":"https:\/\/fernandezadvocats.es\/?p=252765"},"modified":"2026-01-21T18:15:57","modified_gmt":"2026-01-21T17:15:57","slug":"no-conversion-automatica-de-funcionarios-interinos","status":"publish","type":"post","link":"https:\/\/fernandezadvocats.es\/es\/no-conversion-automatica-de-funcionarios-interinos\/","title":{"rendered":"Implicaciones jur\u00eddicas de la no conversi\u00f3n autom\u00e1tica de funcionarios interinos: An\u00e1lisis de las sentencias del Tribunal Supremo (STS 197\/2025 y STS 220\/2025)"},"content":{"rendered":"<p><a href=\"https:\/\/fernandezadvocats.es\/wp-content\/uploads\/2025\/05\/Implicacions-sobre-la-no-conversio-automatica-de-funcionaris-interins-FA.pdf\"><strong>DESCARREGAR ARTICLE COMPLET EN PDF.<\/strong><\/a><\/p>\n<h3 class=\"\" data-start=\"290\" data-end=\"334\"><strong data-start=\"294\" data-end=\"334\">Contexto normativo y jurisprudencial<\/strong><\/h3>\n<p class=\"\" data-start=\"336\" data-end=\"654\">La problem\u00e1tica de la <strong data-start=\"358\" data-end=\"395\">temporalidad en el empleo p\u00fablico<\/strong> ha sido objeto de un intenso debate tanto a nivel estatal como europeo. La <strong data-start=\"471\" data-end=\"495\">Directiva 1999\/70\/CE<\/strong> de la Uni\u00f3n Europea, mediante el Acuerdo Marco sobre el trabajo de duraci\u00f3n determinada, establece medidas para prevenir el abuso en la contrataci\u00f3n temporal.<\/p>\n<p class=\"\" data-start=\"656\" data-end=\"970\">En particular, la cl\u00e1usula 5 del Acuerdo Marco permite, en ausencia de medidas adecuadas en el derecho nacional, la conversi\u00f3n de contratos temporales en indefinidos como medida para sancionar el abuso, siempre que esta conversi\u00f3n no implique una interpretaci\u00f3n contra legem del ordenamiento jur\u00eddico nacional. El Tribunal de Justicia de la Uni\u00f3n Europea (TJUE), en su sentencia de 13 de junio de 2024 (asuntos acumulados C-331\/22 y C-332\/22), reiter\u00f3 esta posibilidad.<\/p>\n<h3 class=\"\" data-start=\"1315\" data-end=\"1374\"><strong data-start=\"1319\" data-end=\"1374\">An\u00e1lisis de la STS 197\/2025 (25 de febrero de 2025)<\/strong><\/h3>\n<p class=\"\" data-start=\"1376\" data-end=\"1747\">En esta sentencia, el <strong data-start=\"1398\" data-end=\"1418\">Tribunal Supremo<\/strong> examin\u00f3 el caso de una funcionaria interina que hab\u00eda ocupado una plaza durante m\u00e1s de trece a\u00f1os sin que esta fuese convocada oficialmente. La recurrente alegaba que se encontraba ante una situaci\u00f3n de <strong data-start=\"1622\" data-end=\"1650\">abuso de la temporalidad<\/strong> y solicitaba su reconocimiento como funcionaria fija o, de forma subsidiaria, una indemnizaci\u00f3n.<\/p>\n<p class=\"\" data-start=\"1749\" data-end=\"1845\">El Tribunal Supremo desestim\u00f3 la pretensi\u00f3n, fundamentando su decisi\u00f3n en los siguientes puntos:<\/p>\n<ul data-start=\"1847\" data-end=\"2465\">\n<li class=\"\" data-start=\"1847\" data-end=\"2038\">\n<p class=\"\" data-start=\"1849\" data-end=\"2038\">El <strong data-start=\"1852\" data-end=\"1880\">acceso al empleo p\u00fablico<\/strong> en Espa\u00f1a debe realizarse conforme a los principios de <strong data-start=\"1936\" data-end=\"1968\">m\u00e9rito, capacidad e igualdad<\/strong>, tal y como establece el art\u00edculo 23 de la <strong data-start=\"2012\" data-end=\"2037\">Constituci\u00f3n Espa\u00f1ola<\/strong>.<\/p>\n<\/li>\n<li class=\"\" data-start=\"2040\" data-end=\"2220\">\n<p class=\"\" data-start=\"2042\" data-end=\"2220\">La <strong data-start=\"2045\" data-end=\"2070\">conversi\u00f3n autom\u00e1tica<\/strong> de interinos en funcionarios de carrera sin superar un proceso selectivo ser\u00eda contraria tanto a la normativa nacional como a la propia Constituci\u00f3n.<\/p>\n<\/li>\n<li class=\"\" data-start=\"2222\" data-end=\"2465\">\n<p class=\"\" data-start=\"2224\" data-end=\"2465\">Aunque pueda reconocerse la existencia de un abuso, <strong data-start=\"2276\" data-end=\"2340\">la medida sancionadora no puede ser la conversi\u00f3n autom\u00e1tica<\/strong>, sino otras alternativas previstas por la legislaci\u00f3n, como la indemnizaci\u00f3n, <strong data-start=\"2419\" data-end=\"2464\">siempre que se acredite un perjuicio real<\/strong>.<\/p>\n<\/li>\n<\/ul>\n<p class=\"\" data-start=\"2467\" data-end=\"2625\">Adem\u00e1s, el Tribunal consider\u00f3 que la interpretaci\u00f3n del TJUE en la sentencia de junio de 2024 era clara, por lo que no proced\u00eda plantear cuesti\u00f3n prejudicial.<\/p>\n<h3 class=\"\" data-start=\"2632\" data-end=\"2688\"><strong data-start=\"2636\" data-end=\"2688\">An\u00e1lisis de la STS 220\/2025 (4 de marzo de 2025)<\/strong><\/h3>\n<p class=\"\" data-start=\"2690\" data-end=\"3047\">En esta sentencia, se abord\u00f3 el caso de una funcionaria interina que fue cesada tras la convocatoria y provisi\u00f3n reglamentaria de su plaza. La afectada argumentaba que el cese deb\u00eda considerarse nulo, al no haberse acogido al proceso de estabilizaci\u00f3n previsto por la\u00a0<b>Ley 20\/2021, de 28 de diciembre<\/b>, adem\u00e1s que el cese como tal no sanciona el abuso de temporalidad, e implica vulneraci\u00f3n del Derecho de la UE.<\/p>\n<p class=\"\" data-start=\"3049\" data-end=\"3104\">El Tribunal Supremo reiter\u00f3 su doctrina, afirmando que:<\/p>\n<ul data-start=\"3106\" data-end=\"3542\">\n<li class=\"\" data-start=\"3106\" data-end=\"3231\">\n<p class=\"\" data-start=\"3108\" data-end=\"3231\">La conversi\u00f3n de interinos en fijos sin proceso selectivo infringe la normativa nacional y los principios constitucionales.<\/p>\n<\/li>\n<li class=\"\" data-start=\"3233\" data-end=\"3385\">\n<p class=\"\" data-start=\"3235\" data-end=\"3385\"><strong data-start=\"3235\" data-end=\"3329\">La mera duraci\u00f3n prolongada de la relaci\u00f3n de interinidad no es prueba suficiente de abuso<\/strong> que justifique la conversi\u00f3n en funcionario de carrera.<\/p>\n<\/li>\n<li class=\"\" data-start=\"3387\" data-end=\"3542\">\n<p class=\"\" data-start=\"3389\" data-end=\"3542\">Ante una situaci\u00f3n de abuso, <strong data-start=\"3418\" data-end=\"3460\">la medida adecuada es la indemnizaci\u00f3n<\/strong>, proporcional y ajustada al caso concreto, siempre que el perjuicio est\u00e9 probado.<\/p>\n<\/li>\n<\/ul>\n<p class=\"\" data-start=\"3544\" data-end=\"3651\">Con esta resoluci\u00f3n, el Alto Tribunal <strong data-start=\"3582\" data-end=\"3619\">confirma la l\u00ednea jurisprudencial<\/strong> ya adoptada en la STS 197\/2025.<\/p>\n<p class=\"\" data-start=\"3678\" data-end=\"3958\">Las sentencias STS 197\/2025 y STS 220\/2025 del <strong data-start=\"3725\" data-end=\"3745\">Tribunal Supremo<\/strong> clarifican que <strong data-start=\"3761\" data-end=\"3803\">no es posible la conversi\u00f3n autom\u00e1tica<\/strong> de funcionarios interinos en funcionarios de carrera en el ordenamiento jur\u00eddico espa\u00f1ol, sin superar los <strong data-start=\"3910\" data-end=\"3957\">procesos selectivos legalmente establecidos<\/strong>.<\/p>\n<p class=\"\" data-start=\"3960\" data-end=\"4178\">Aunque el <strong data-start=\"3970\" data-end=\"4063\">TJUE admite la conversi\u00f3n como una posible medida para sancionar el abuso de temporalidad<\/strong>, esta opci\u00f3n <strong data-start=\"4077\" data-end=\"4137\">no puede aplicarse si contraviene la legislaci\u00f3n interna<\/strong>, especialmente la Constituci\u00f3n Espa\u00f1ola.<\/p>\n<p class=\"\" data-start=\"4180\" data-end=\"4791\">En consecuencia, y en el estado actual de la normativa espa\u00f1ola, las reclamaciones de los funcionarios interinos <strong data-start=\"4293\" data-end=\"4348\">se ven limitadas al reconocimiento de indemnizaci\u00f3n<\/strong>, siempre que se acredite debidamente un perjuicio y se respete el principio de proporcionalidad. Casos como los regulados por la Ley 20\/2021 prev\u00e9n espec\u00edficamente este tipo de compensaciones. Fuera de este marco, cada situaci\u00f3n requerir\u00e1 un <strong data-start=\"4591\" data-end=\"4619\">an\u00e1lisis individualizado<\/strong> conforme a la \u00faltima doctrina jurisprudencial, hasta que futuras reformas legislativas puedan regular de forma expresa los <strong data-start=\"4743\" data-end=\"4769\">abusos de temporalidad<\/strong> en el sector p\u00fablico.<\/p>\n<p class=\"\" data-start=\"4798\" data-end=\"4966\"><em data-start=\"4798\" data-end=\"4966\">Este art\u00edculo tiene car\u00e1cter meramente informativo y no constituye asesoramiento legal. Para consultas personalizadas, puedes contactar con: <a class=\"cursor-pointer\" rel=\"noopener\" data-start=\"4940\" data-end=\"4965\">info@fernandezadvocats.es<\/a><\/em><\/p>\n","protected":false},"excerpt":{"rendered":"<p>DESCARREGAR ARTICLE COMPLET EN PDF. Contexto normativo y jurisprudencial La problem\u00e1tica de la temporalidad en el empleo p\u00fablico ha sido objeto de un intenso debate tanto a nivel estatal como europeo. La Directiva 1999\/70\/CE de la Uni\u00f3n Europea, mediante el Acuerdo Marco sobre el trabajo de duraci\u00f3n determinada, establece medidas para prevenir el abuso en [&hellip;]<\/p>\n","protected":false},"author":18,"featured_media":238599,"comment_status":"closed","ping_status":"closed","sticky":false,"template":"","format":"standard","meta":{"_et_pb_use_builder":"","_et_pb_old_content":"","_et_gb_content_width":"","footnotes":""},"categories":[71,28],"tags":[],"class_list":["post-252765","post","type-post","status-publish","format-standard","has-post-thumbnail","hentry","category-administracion-publica","category-articulos-fa"],"yoast_head":"<!-- This site is optimized with the Yoast SEO plugin v27.1.1 - https:\/\/yoast.com\/product\/yoast-seo-wordpress\/ -->\n<title>Implicaciones jur\u00eddicas de la no conversi\u00f3n autom\u00e1tica de funcionarios interinos: An\u00e1lisis de las sentencias del Tribunal Supremo (STS 197\/2025 y STS 220\/2025) | Fern\u00e1ndez Advocats<\/title>\n<meta name=\"robots\" content=\"index, follow, max-snippet:-1, max-image-preview:large, max-video-preview:-1\" \/>\n<link rel=\"canonical\" href=\"https:\/\/fernandezadvocats.es\/es\/no-conversion-automatica-de-funcionarios-interinos\/\" \/>\n<meta property=\"og:locale\" content=\"es_ES\" \/>\n<meta property=\"og:type\" content=\"article\" \/>\n<meta property=\"og:title\" content=\"Implicaciones jur\u00eddicas de la no conversi\u00f3n autom\u00e1tica de funcionarios interinos: An\u00e1lisis de las sentencias del Tribunal Supremo (STS 197\/2025 y STS 220\/2025) | Fern\u00e1ndez Advocats\" \/>\n<meta property=\"og:description\" content=\"DESCARREGAR ARTICLE COMPLET EN PDF. Contexto normativo y jurisprudencial La problem\u00e1tica de la temporalidad en el empleo p\u00fablico ha sido objeto de un intenso debate tanto a nivel estatal como europeo. La Directiva 1999\/70\/CE de la Uni\u00f3n Europea, mediante el Acuerdo Marco sobre el trabajo de duraci\u00f3n determinada, establece medidas para prevenir el abuso en [&hellip;]\" \/>\n<meta property=\"og:url\" content=\"https:\/\/fernandezadvocats.es\/es\/no-conversion-automatica-de-funcionarios-interinos\/\" \/>\n<meta property=\"og:site_name\" content=\"Fern\u00e1ndez Advocats\" \/>\n<meta property=\"article:published_time\" content=\"2025-05-05T16:47:14+00:00\" \/>\n<meta property=\"article:modified_time\" content=\"2026-01-21T17:15:57+00:00\" \/>\n<meta property=\"og:image\" content=\"https:\/\/fernandezadvocats.es\/wp-content\/uploads\/2025\/03\/2560px-\u00ae_S.D._MADRID_ARTECTURA_TRIBUNAL_SUPREMO_-_panoramio_7.jpg\" \/>\n\t<meta property=\"og:image:width\" content=\"2560\" \/>\n\t<meta property=\"og:image:height\" content=\"1714\" \/>\n\t<meta property=\"og:image:type\" content=\"image\/jpeg\" \/>\n<meta name=\"author\" content=\"cotsnavarro@gmail.com\" \/>\n<meta name=\"twitter:card\" content=\"summary_large_image\" \/>\n<meta name=\"twitter:label1\" content=\"Escrito por\" \/>\n\t<meta name=\"twitter:data1\" content=\"cotsnavarro@gmail.com\" \/>\n\t<meta name=\"twitter:label2\" content=\"Tiempo de lectura\" \/>\n\t<meta name=\"twitter:data2\" content=\"4 minutos\" \/>\n<script type=\"application\/ld+json\" class=\"yoast-schema-graph\">{\"@context\":\"https:\/\/schema.org\",\"@graph\":[{\"@type\":\"Article\",\"@id\":\"https:\/\/fernandezadvocats.es\/es\/no-conversion-automatica-de-funcionarios-interinos\/#article\",\"isPartOf\":{\"@id\":\"https:\/\/fernandezadvocats.es\/es\/no-conversion-automatica-de-funcionarios-interinos\/\"},\"author\":{\"name\":\"cotsnavarro@gmail.com\",\"@id\":\"https:\/\/fernandezadvocats.es\/#\/schema\/person\/aff2913b94027c7ae14fa5b65c8e952e\"},\"headline\":\"Implicaciones jur\u00eddicas de la no conversi\u00f3n autom\u00e1tica de funcionarios interinos: An\u00e1lisis de las sentencias del Tribunal Supremo (STS 197\/2025 y STS 220\/2025)\",\"datePublished\":\"2025-05-05T16:47:14+00:00\",\"dateModified\":\"2026-01-21T17:15:57+00:00\",\"mainEntityOfPage\":{\"@id\":\"https:\/\/fernandezadvocats.es\/es\/no-conversion-automatica-de-funcionarios-interinos\/\"},\"wordCount\":738,\"publisher\":{\"@id\":\"https:\/\/fernandezadvocats.es\/#organization\"},\"image\":{\"@id\":\"https:\/\/fernandezadvocats.es\/es\/no-conversion-automatica-de-funcionarios-interinos\/#primaryimage\"},\"thumbnailUrl\":\"https:\/\/fernandezadvocats.es\/wp-content\/uploads\/2025\/03\/2560px-\u00ae_S.D._MADRID_ARTECTURA_TRIBUNAL_SUPREMO_-_panoramio_7.jpg\",\"articleSection\":[\"Administraci\u00f3n P\u00fablica\",\"Art\u00edculos FA\"],\"inLanguage\":\"es\"},{\"@type\":\"WebPage\",\"@id\":\"https:\/\/fernandezadvocats.es\/es\/no-conversion-automatica-de-funcionarios-interinos\/\",\"url\":\"https:\/\/fernandezadvocats.es\/es\/no-conversion-automatica-de-funcionarios-interinos\/\",\"name\":\"Implicaciones jur\u00eddicas de la no conversi\u00f3n autom\u00e1tica de funcionarios interinos: An\u00e1lisis de las sentencias del Tribunal Supremo (STS 197\/2025 y STS 220\/2025) | Fern\u00e1ndez Advocats\",\"isPartOf\":{\"@id\":\"https:\/\/fernandezadvocats.es\/#website\"},\"primaryImageOfPage\":{\"@id\":\"https:\/\/fernandezadvocats.es\/es\/no-conversion-automatica-de-funcionarios-interinos\/#primaryimage\"},\"image\":{\"@id\":\"https:\/\/fernandezadvocats.es\/es\/no-conversion-automatica-de-funcionarios-interinos\/#primaryimage\"},\"thumbnailUrl\":\"https:\/\/fernandezadvocats.es\/wp-content\/uploads\/2025\/03\/2560px-\u00ae_S.D._MADRID_ARTECTURA_TRIBUNAL_SUPREMO_-_panoramio_7.jpg\",\"datePublished\":\"2025-05-05T16:47:14+00:00\",\"dateModified\":\"2026-01-21T17:15:57+00:00\",\"breadcrumb\":{\"@id\":\"https:\/\/fernandezadvocats.es\/es\/no-conversion-automatica-de-funcionarios-interinos\/#breadcrumb\"},\"inLanguage\":\"es\",\"potentialAction\":[{\"@type\":\"ReadAction\",\"target\":[\"https:\/\/fernandezadvocats.es\/es\/no-conversion-automatica-de-funcionarios-interinos\/\"]}]},{\"@type\":\"ImageObject\",\"inLanguage\":\"es\",\"@id\":\"https:\/\/fernandezadvocats.es\/es\/no-conversion-automatica-de-funcionarios-interinos\/#primaryimage\",\"url\":\"https:\/\/fernandezadvocats.es\/wp-content\/uploads\/2025\/03\/2560px-\u00ae_S.D._MADRID_ARTECTURA_TRIBUNAL_SUPREMO_-_panoramio_7.jpg\",\"contentUrl\":\"https:\/\/fernandezadvocats.es\/wp-content\/uploads\/2025\/03\/2560px-\u00ae_S.D._MADRID_ARTECTURA_TRIBUNAL_SUPREMO_-_panoramio_7.jpg\",\"width\":2560,\"height\":1714},{\"@type\":\"BreadcrumbList\",\"@id\":\"https:\/\/fernandezadvocats.es\/es\/no-conversion-automatica-de-funcionarios-interinos\/#breadcrumb\",\"itemListElement\":[{\"@type\":\"ListItem\",\"position\":1,\"name\":\"Portada\",\"item\":\"https:\/\/fernandezadvocats.es\/es\/fernandez-advocats-berga\/\"},{\"@type\":\"ListItem\",\"position\":2,\"name\":\"Implicaciones jur\u00eddicas de la no conversi\u00f3n autom\u00e1tica de funcionarios interinos: An\u00e1lisis de las sentencias del Tribunal Supremo (STS 197\/2025 y STS 220\/2025)\"}]},{\"@type\":\"WebSite\",\"@id\":\"https:\/\/fernandezadvocats.es\/#website\",\"url\":\"https:\/\/fernandezadvocats.es\/\",\"name\":\"Fern\u00e1ndez Advocats\",\"description\":\"Advocats Berga i Barcelona\",\"publisher\":{\"@id\":\"https:\/\/fernandezadvocats.es\/#organization\"},\"alternateName\":\"Abogados Berga y Bracelona\",\"potentialAction\":[{\"@type\":\"SearchAction\",\"target\":{\"@type\":\"EntryPoint\",\"urlTemplate\":\"https:\/\/fernandezadvocats.es\/?s={search_term_string}\"},\"query-input\":{\"@type\":\"PropertyValueSpecification\",\"valueRequired\":true,\"valueName\":\"search_term_string\"}}],\"inLanguage\":\"es\"},{\"@type\":\"Organization\",\"@id\":\"https:\/\/fernandezadvocats.es\/#organization\",\"name\":\"Fern\u00e1ndez Advocats\",\"url\":\"https:\/\/fernandezadvocats.es\/\",\"logo\":{\"@type\":\"ImageObject\",\"inLanguage\":\"es\",\"@id\":\"https:\/\/fernandezadvocats.es\/#\/schema\/logo\/image\/\",\"url\":\"https:\/\/fernandezadvocats.es\/wp-content\/uploads\/2024\/11\/cropped-BF-e1731427554424.png\",\"contentUrl\":\"https:\/\/fernandezadvocats.es\/wp-content\/uploads\/2024\/11\/cropped-BF-e1731427554424.png\",\"width\":512,\"height\":512,\"caption\":\"Fern\u00e1ndez Advocats\"},\"image\":{\"@id\":\"https:\/\/fernandezadvocats.es\/#\/schema\/logo\/image\/\"}},{\"@type\":\"Person\",\"@id\":\"https:\/\/fernandezadvocats.es\/#\/schema\/person\/aff2913b94027c7ae14fa5b65c8e952e\",\"name\":\"cotsnavarro@gmail.com\",\"image\":{\"@type\":\"ImageObject\",\"inLanguage\":\"es\",\"@id\":\"https:\/\/fernandezadvocats.es\/#\/schema\/person\/image\/\",\"url\":\"https:\/\/secure.gravatar.com\/avatar\/f7b5f19c8706f5015123ab36ea43fc8c2d7e0ac445afc57f0bc3506aa91af918?s=96&d=mm&r=g\",\"contentUrl\":\"https:\/\/secure.gravatar.com\/avatar\/f7b5f19c8706f5015123ab36ea43fc8c2d7e0ac445afc57f0bc3506aa91af918?s=96&d=mm&r=g\",\"caption\":\"cotsnavarro@gmail.com\"},\"url\":\"https:\/\/fernandezadvocats.es\/es\/author\/cotsnavarrogmail-com\/\"}]}<\/script>\n<!-- \/ Yoast SEO plugin. -->","yoast_head_json":{"title":"Implicaciones jur\u00eddicas de la no conversi\u00f3n autom\u00e1tica de funcionarios interinos: An\u00e1lisis de las sentencias del Tribunal Supremo (STS 197\/2025 y STS 220\/2025) | Fern\u00e1ndez Advocats","robots":{"index":"index","follow":"follow","max-snippet":"max-snippet:-1","max-image-preview":"max-image-preview:large","max-video-preview":"max-video-preview:-1"},"canonical":"https:\/\/fernandezadvocats.es\/es\/no-conversion-automatica-de-funcionarios-interinos\/","og_locale":"es_ES","og_type":"article","og_title":"Implicaciones jur\u00eddicas de la no conversi\u00f3n autom\u00e1tica de funcionarios interinos: An\u00e1lisis de las sentencias del Tribunal Supremo (STS 197\/2025 y STS 220\/2025) | Fern\u00e1ndez Advocats","og_description":"DESCARREGAR ARTICLE COMPLET EN PDF. Contexto normativo y jurisprudencial La problem\u00e1tica de la temporalidad en el empleo p\u00fablico ha sido objeto de un intenso debate tanto a nivel estatal como europeo. La Directiva 1999\/70\/CE de la Uni\u00f3n Europea, mediante el Acuerdo Marco sobre el trabajo de duraci\u00f3n determinada, establece medidas para prevenir el abuso en [&hellip;]","og_url":"https:\/\/fernandezadvocats.es\/es\/no-conversion-automatica-de-funcionarios-interinos\/","og_site_name":"Fern\u00e1ndez Advocats","article_published_time":"2025-05-05T16:47:14+00:00","article_modified_time":"2026-01-21T17:15:57+00:00","og_image":[{"width":2560,"height":1714,"url":"https:\/\/fernandezadvocats.es\/wp-content\/uploads\/2025\/03\/2560px-\u00ae_S.D._MADRID_ARTECTURA_TRIBUNAL_SUPREMO_-_panoramio_7.jpg","type":"image\/jpeg"}],"author":"cotsnavarro@gmail.com","twitter_card":"summary_large_image","twitter_misc":{"Escrito por":"cotsnavarro@gmail.com","Tiempo de lectura":"4 minutos"},"schema":{"@context":"https:\/\/schema.org","@graph":[{"@type":"Article","@id":"https:\/\/fernandezadvocats.es\/es\/no-conversion-automatica-de-funcionarios-interinos\/#article","isPartOf":{"@id":"https:\/\/fernandezadvocats.es\/es\/no-conversion-automatica-de-funcionarios-interinos\/"},"author":{"name":"cotsnavarro@gmail.com","@id":"https:\/\/fernandezadvocats.es\/#\/schema\/person\/aff2913b94027c7ae14fa5b65c8e952e"},"headline":"Implicaciones jur\u00eddicas de la no conversi\u00f3n autom\u00e1tica de funcionarios interinos: An\u00e1lisis de las sentencias del Tribunal Supremo (STS 197\/2025 y STS 220\/2025)","datePublished":"2025-05-05T16:47:14+00:00","dateModified":"2026-01-21T17:15:57+00:00","mainEntityOfPage":{"@id":"https:\/\/fernandezadvocats.es\/es\/no-conversion-automatica-de-funcionarios-interinos\/"},"wordCount":738,"publisher":{"@id":"https:\/\/fernandezadvocats.es\/#organization"},"image":{"@id":"https:\/\/fernandezadvocats.es\/es\/no-conversion-automatica-de-funcionarios-interinos\/#primaryimage"},"thumbnailUrl":"https:\/\/fernandezadvocats.es\/wp-content\/uploads\/2025\/03\/2560px-\u00ae_S.D._MADRID_ARTECTURA_TRIBUNAL_SUPREMO_-_panoramio_7.jpg","articleSection":["Administraci\u00f3n P\u00fablica","Art\u00edculos FA"],"inLanguage":"es"},{"@type":"WebPage","@id":"https:\/\/fernandezadvocats.es\/es\/no-conversion-automatica-de-funcionarios-interinos\/","url":"https:\/\/fernandezadvocats.es\/es\/no-conversion-automatica-de-funcionarios-interinos\/","name":"Implicaciones jur\u00eddicas de la no conversi\u00f3n autom\u00e1tica de funcionarios interinos: An\u00e1lisis de las sentencias del Tribunal Supremo (STS 197\/2025 y STS 220\/2025) | Fern\u00e1ndez Advocats","isPartOf":{"@id":"https:\/\/fernandezadvocats.es\/#website"},"primaryImageOfPage":{"@id":"https:\/\/fernandezadvocats.es\/es\/no-conversion-automatica-de-funcionarios-interinos\/#primaryimage"},"image":{"@id":"https:\/\/fernandezadvocats.es\/es\/no-conversion-automatica-de-funcionarios-interinos\/#primaryimage"},"thumbnailUrl":"https:\/\/fernandezadvocats.es\/wp-content\/uploads\/2025\/03\/2560px-\u00ae_S.D._MADRID_ARTECTURA_TRIBUNAL_SUPREMO_-_panoramio_7.jpg","datePublished":"2025-05-05T16:47:14+00:00","dateModified":"2026-01-21T17:15:57+00:00","breadcrumb":{"@id":"https:\/\/fernandezadvocats.es\/es\/no-conversion-automatica-de-funcionarios-interinos\/#breadcrumb"},"inLanguage":"es","potentialAction":[{"@type":"ReadAction","target":["https:\/\/fernandezadvocats.es\/es\/no-conversion-automatica-de-funcionarios-interinos\/"]}]},{"@type":"ImageObject","inLanguage":"es","@id":"https:\/\/fernandezadvocats.es\/es\/no-conversion-automatica-de-funcionarios-interinos\/#primaryimage","url":"https:\/\/fernandezadvocats.es\/wp-content\/uploads\/2025\/03\/2560px-\u00ae_S.D._MADRID_ARTECTURA_TRIBUNAL_SUPREMO_-_panoramio_7.jpg","contentUrl":"https:\/\/fernandezadvocats.es\/wp-content\/uploads\/2025\/03\/2560px-\u00ae_S.D._MADRID_ARTECTURA_TRIBUNAL_SUPREMO_-_panoramio_7.jpg","width":2560,"height":1714},{"@type":"BreadcrumbList","@id":"https:\/\/fernandezadvocats.es\/es\/no-conversion-automatica-de-funcionarios-interinos\/#breadcrumb","itemListElement":[{"@type":"ListItem","position":1,"name":"Portada","item":"https:\/\/fernandezadvocats.es\/es\/fernandez-advocats-berga\/"},{"@type":"ListItem","position":2,"name":"Implicaciones jur\u00eddicas de la no conversi\u00f3n autom\u00e1tica de funcionarios interinos: An\u00e1lisis de las sentencias del Tribunal Supremo (STS 197\/2025 y STS 220\/2025)"}]},{"@type":"WebSite","@id":"https:\/\/fernandezadvocats.es\/#website","url":"https:\/\/fernandezadvocats.es\/","name":"Fern\u00e1ndez Advocats","description":"Advocats Berga i Barcelona","publisher":{"@id":"https:\/\/fernandezadvocats.es\/#organization"},"alternateName":"Abogados Berga y Bracelona","potentialAction":[{"@type":"SearchAction","target":{"@type":"EntryPoint","urlTemplate":"https:\/\/fernandezadvocats.es\/?s={search_term_string}"},"query-input":{"@type":"PropertyValueSpecification","valueRequired":true,"valueName":"search_term_string"}}],"inLanguage":"es"},{"@type":"Organization","@id":"https:\/\/fernandezadvocats.es\/#organization","name":"Fern\u00e1ndez Advocats","url":"https:\/\/fernandezadvocats.es\/","logo":{"@type":"ImageObject","inLanguage":"es","@id":"https:\/\/fernandezadvocats.es\/#\/schema\/logo\/image\/","url":"https:\/\/fernandezadvocats.es\/wp-content\/uploads\/2024\/11\/cropped-BF-e1731427554424.png","contentUrl":"https:\/\/fernandezadvocats.es\/wp-content\/uploads\/2024\/11\/cropped-BF-e1731427554424.png","width":512,"height":512,"caption":"Fern\u00e1ndez Advocats"},"image":{"@id":"https:\/\/fernandezadvocats.es\/#\/schema\/logo\/image\/"}},{"@type":"Person","@id":"https:\/\/fernandezadvocats.es\/#\/schema\/person\/aff2913b94027c7ae14fa5b65c8e952e","name":"cotsnavarro@gmail.com","image":{"@type":"ImageObject","inLanguage":"es","@id":"https:\/\/fernandezadvocats.es\/#\/schema\/person\/image\/","url":"https:\/\/secure.gravatar.com\/avatar\/f7b5f19c8706f5015123ab36ea43fc8c2d7e0ac445afc57f0bc3506aa91af918?s=96&d=mm&r=g","contentUrl":"https:\/\/secure.gravatar.com\/avatar\/f7b5f19c8706f5015123ab36ea43fc8c2d7e0ac445afc57f0bc3506aa91af918?s=96&d=mm&r=g","caption":"cotsnavarro@gmail.com"},"url":"https:\/\/fernandezadvocats.es\/es\/author\/cotsnavarrogmail-com\/"}]}},"_links":{"self":[{"href":"https:\/\/fernandezadvocats.es\/es\/wp-json\/wp\/v2\/posts\/252765","targetHints":{"allow":["GET"]}}],"collection":[{"href":"https:\/\/fernandezadvocats.es\/es\/wp-json\/wp\/v2\/posts"}],"about":[{"href":"https:\/\/fernandezadvocats.es\/es\/wp-json\/wp\/v2\/types\/post"}],"author":[{"embeddable":true,"href":"https:\/\/fernandezadvocats.es\/es\/wp-json\/wp\/v2\/users\/18"}],"replies":[{"embeddable":true,"href":"https:\/\/fernandezadvocats.es\/es\/wp-json\/wp\/v2\/comments?post=252765"}],"version-history":[{"count":6,"href":"https:\/\/fernandezadvocats.es\/es\/wp-json\/wp\/v2\/posts\/252765\/revisions"}],"predecessor-version":[{"id":254264,"href":"https:\/\/fernandezadvocats.es\/es\/wp-json\/wp\/v2\/posts\/252765\/revisions\/254264"}],"wp:featuredmedia":[{"embeddable":true,"href":"https:\/\/fernandezadvocats.es\/es\/wp-json\/wp\/v2\/media\/238599"}],"wp:attachment":[{"href":"https:\/\/fernandezadvocats.es\/es\/wp-json\/wp\/v2\/media?parent=252765"}],"wp:term":[{"taxonomy":"category","embeddable":true,"href":"https:\/\/fernandezadvocats.es\/es\/wp-json\/wp\/v2\/categories?post=252765"},{"taxonomy":"post_tag","embeddable":true,"href":"https:\/\/fernandezadvocats.es\/es\/wp-json\/wp\/v2\/tags?post=252765"}],"curies":[{"name":"wp","href":"https:\/\/api.w.org\/{rel}","templated":true}]}}