{"id":252933,"date":"2025-05-22T09:45:32","date_gmt":"2025-05-22T07:45:32","guid":{"rendered":"https:\/\/fernandezadvocats.es\/?p=252933"},"modified":"2026-01-21T18:12:15","modified_gmt":"2026-01-21T17:12:15","slug":"fernandez-advocats-abogados-especialistas-en-derecho-laboral-y-seguridad-social","status":"publish","type":"post","link":"https:\/\/fernandezadvocats.es\/es\/fernandez-advocats-abogados-especialistas-en-derecho-laboral-y-seguridad-social\/","title":{"rendered":"Fern\u00e1ndez Advocats \u2013 Abogados especialistas en Derecho Laboral y Seguridad Social"},"content":{"rendered":"<h3><strong>Introducci\u00f3n: una firma comprometida con tus derechos laborales<\/strong><\/h3>\n<p>En un contexto laboral cada vez m\u00e1s exigente y regulado, contar con un respaldo jur\u00eddico especializado no es solo una ventaja, sino una necesidad. En <strong>Fern\u00e1ndez Advocats<\/strong>, nos dedicamos exclusivamente al <strong>Derecho Laboral y de la Seguridad Social<\/strong>, ofreciendo un servicio riguroso, cercano y adaptado a las necesidades reales de empresas, trabajadores y colectivos.<\/p>\n<p>Desde hace m\u00e1s de cuatro d\u00e9cadas, trabajamos para garantizar que cada cliente encuentre en nosotros la seguridad legal que necesita ante cualquier situaci\u00f3n relacionada con el mundo del trabajo. Nuestra firma se caracteriza por su enfoque preventivo y resolutivo, combinando experiencia, t\u00e9cnica jur\u00eddica y compromiso \u00e9tico.<\/p>\n<h3><strong>Especializaci\u00f3n: Derecho Laboral y de la Seguridad Social<\/strong><\/h3>\n<p>A diferencia de otros despachos de car\u00e1cter generalista, <strong>Fern\u00e1ndez Advocats<\/strong> se ha consolidado como una firma 100 % especializada. Esta orientaci\u00f3n exclusiva nos permite estar siempre actualizados frente a los constantes cambios normativos y jurisprudenciales que afectan el \u00e1mbito laboral.<\/p>\n<p>Nuestro conocimiento profundo del sistema de relaciones laborales nos permite anticipar riesgos, dise\u00f1ar estrategias eficaces y actuar con precisi\u00f3n tanto en la prevenci\u00f3n como en la resoluci\u00f3n de conflictos. Esta especializaci\u00f3n se traduce en soluciones s\u00f3lidas, seguras y viables para nuestros clientes.<\/p>\n<h3><strong>\u00bfA qui\u00e9n nos dirigimos?<\/strong><\/h3>\n<p>Nuestro despacho asesora y representa a:<\/p>\n<ul>\n<li><strong>Empresas y departamentos de recursos humanos<\/strong> que requieren orientaci\u00f3n jur\u00eddica continua, revisi\u00f3n contractual o intervenci\u00f3n ante conflictos laborales.<\/li>\n<li><strong>Directivos y profesionales<\/strong> que necesitan un respaldo legal frente a situaciones complejas como despidos, cl\u00e1usulas de exclusividad o cesi\u00f3n de funciones.<\/li>\n<li><strong>Trabajadores<\/strong> que buscan defender sus derechos ante situaciones como despidos injustificados, accidentes laborales, mobbing o reclamaciones ante la Seguridad Social.<\/li>\n<li><strong>Colectivos y comit\u00e9s de empresa<\/strong>, en procesos de negociaci\u00f3n colectiva o ante litigios laborales masivos.<\/li>\n<\/ul>\n<p>Cada perfil recibe una atenci\u00f3n especializada y un tratamiento adaptado a sus objetivos e intereses legales.<\/p>\n<h3><strong>Nuestra filosof\u00eda de trabajo: cercan\u00eda, rigor y confianza<\/strong><\/h3>\n<p>En Fern\u00e1ndez Advocats creemos que un buen asesoramiento legal debe ser m\u00e1s que t\u00e9cnico: debe ser humano, accesible y estrat\u00e9gico. Por eso, nuestra filosof\u00eda se basa en tres pilares fundamentales:<\/p>\n<ol>\n<li><strong>Cercan\u00eda<\/strong>: mantenemos una comunicaci\u00f3n fluida, transparente y constante con cada cliente.<\/li>\n<li><strong>Rigor jur\u00eddico<\/strong>: cada actuaci\u00f3n est\u00e1 fundamentada en el an\u00e1lisis legal m\u00e1s exhaustivo y actualizado.<\/li>\n<li><strong>Confianza<\/strong>: nuestro objetivo es generar relaciones duraderas basadas en la transparencia, la profesionalidad y los resultados.<\/li>\n<\/ol>\n<p>No ofrecemos f\u00f3rmulas gen\u00e9ricas: dise\u00f1amos estrategias legales que se ajustan a las circunstancias concretas de cada caso, garantizando una respuesta jur\u00eddica s\u00f3lida, eficiente y adaptada.<\/p>\n<h3><strong>\u00bfNecesitas asesoramiento especializado?<\/strong><\/h3>\n<p>Si te enfrentas a una situaci\u00f3n laboral delicada o buscas optimizar la gesti\u00f3n jur\u00eddica de tu empresa, <strong>en Fern\u00e1ndez Advocats estamos aqu\u00ed para ayudarte<\/strong>. Nuestro equipo est\u00e1 preparado para ofrecerte la tranquilidad legal que necesitas.<\/p>\n<p>\ud83d\udd39 <strong>Abogados en Derecho Laboral y Seguridad Social<\/strong><br \/>\n\ud83d\udd39 <strong>M\u00e1s de 40 a\u00f1os defendiendo derechos laborales<\/strong><br \/>\n\ud83d\udd39 <strong>Atenci\u00f3n personalizada y soluciones eficaces<\/strong><\/p>\n<h3><strong>Asesoramiento integral adaptado a cada necesidad<\/strong><\/h3>\n<p>En <strong>Fern\u00e1ndez Advocats<\/strong>, entendemos que cada situaci\u00f3n laboral es distinta, y que una misma normativa puede aplicarse de maneras muy diferentes seg\u00fan el contexto. Por eso, ofrecemos un <strong>servicio jur\u00eddico integral<\/strong>, centrado en resolver los desaf\u00edos que enfrentan tanto las empresas como los trabajadores en el \u00e1mbito del <strong>Derecho Laboral y de la Seguridad Social<\/strong>.<\/p>\n<p>Nuestro enfoque es doble: <strong>preventivo<\/strong>, para evitar conflictos futuros mediante asesoramiento s\u00f3lido; y <strong>reactivo<\/strong>, para dar respuesta inmediata y eficaz a situaciones ya existentes, siempre con una estrategia jur\u00eddica clara y ajustada a derecho.<\/p>\n<h4><strong>Contrataci\u00f3n laboral: seguridad desde el inicio<\/strong><\/h4>\n<p>Redactamos y revisamos contratos de trabajo para garantizar que cumplan con la legislaci\u00f3n vigente, sean claros en sus cl\u00e1usulas, y reflejen adecuadamente las condiciones pactadas. Nuestro objetivo es prevenir litigios, proteger los intereses de ambas partes y asegurar relaciones laborales transparentes y estables.<\/p>\n<p>Asesoramos tambi\u00e9n en <strong>modalidades contractuales especiales<\/strong>, como contratos temporales, formativos, de alta direcci\u00f3n o contratos internacionales, siempre con una perspectiva estrat\u00e9gica.<\/p>\n<h4><strong>Despidos y reestructuraciones: intervenciones legales con precisi\u00f3n<\/strong><\/h4>\n<p>Asistimos tanto a empresas como a trabajadores ante procedimientos de despido individual o colectivo. Analizamos cada caso para determinar su viabilidad legal, su correcta tramitaci\u00f3n y la defensa de derechos fundamentales.<\/p>\n<p>Adem\u00e1s, prestamos apoyo legal en <strong>procesos de reestructuraci\u00f3n empresarial<\/strong>, fusiones, externalizaciones o modificaciones sustanciales de condiciones laborales.<\/p>\n<h4><strong>Litigios laborales: defensa experta ante tribunales<\/strong><\/h4>\n<p>Contamos con amplia experiencia representando a nuestros clientes ante los <strong>Juzgados de lo Social<\/strong> y Tribunales Superiores de Justicia. Defendemos reclamaciones salariales, despidos, sanciones disciplinarias, clasificaciones profesionales y cualquier conflicto de origen laboral.<\/p>\n<p>Trabajamos cada caso con detalle, preparando pruebas, redactando escritos jur\u00eddicos s\u00f3lidos y desarrollando una estrategia argumental orientada a lograr los mejores resultados.<\/p>\n<h4><strong>Inspecciones de trabajo: acompa\u00f1amiento jur\u00eddico en tiempo real<\/strong><\/h4>\n<p>Las visitas e inspecciones de la Inspecci\u00f3n de Trabajo pueden generar gran incertidumbre. Nuestro equipo presta asistencia t\u00e9cnica y jur\u00eddica durante todo el proceso: desde la preparaci\u00f3n de la documentaci\u00f3n hasta la defensa de alegaciones.<\/p>\n<p>Aportamos <strong>soluciones r\u00e1pidas y eficaces<\/strong>, minimizando riesgos y garantizando el cumplimiento normativo.<\/p>\n<h4><strong>Incapacidad y accidentes laborales: defensa de tus derechos<\/strong><\/h4>\n<p>Asesoramos y representamos en procedimientos derivados de <strong>accidentes de trabajo<\/strong> e <strong>incapacidades laborales<\/strong>, tanto ante la Seguridad Social como frente a mutuas o empresas aseguradoras.<\/p>\n<p>Analizamos la viabilidad del caso, tramitamos recursos contra resoluciones injustas y defendemos el derecho a recibir prestaciones justas, incluyendo incapacidades temporales, permanentes o derivadas de enfermedad profesional.<\/p>\n<h4><strong>Recursos humanos y negociaci\u00f3n colectiva<\/strong><\/h4>\n<p>Ofrecemos orientaci\u00f3n continua en <strong>gesti\u00f3n laboral estrat\u00e9gica<\/strong>: convenios colectivos, pol\u00edticas internas, protocolos de prevenci\u00f3n del acoso, cesi\u00f3n ilegal de trabajadores, etc. Representamos a empresas o comit\u00e9s en <strong>negociaciones colectivas<\/strong>, mediaciones y conflictos laborales.<\/p>\n<p>Nuestro papel es construir un entorno laboral sano, legal y sostenible, equilibrando derechos y deberes en favor de soluciones duraderas.<\/p>\n<h4><strong>Reclamaciones ante la Seguridad Social<\/strong><\/h4>\n<p>Tramitamos y defendemos <strong>reclamaciones administrativas y judiciales<\/strong> relacionadas con prestaciones, jubilaciones, altas m\u00e9dicas indebidas, pensiones de viudedad o invalidez, y otras situaciones frente al Instituto Nacional de la Seguridad Social (INSS) o TGSS.<\/p>\n<p>Nuestro objetivo es asegurar que nuestros clientes <strong>accedan a las prestaciones que les corresponden<\/strong> y reciban un trato justo por parte de la administraci\u00f3n.<\/p>\n<h3><strong>Entendemos los retos reales del mundo laboral<\/strong><\/h3>\n<p>En <strong>Fern\u00e1ndez Advocats<\/strong>, no solo conocemos la legislaci\u00f3n: conocemos las situaciones reales que enfrentan empresas, trabajadores y colectivos en su d\u00eda a d\u00eda. Nuestra experiencia de m\u00e1s de 40 a\u00f1os nos permite identificar con rapidez los problemas m\u00e1s frecuentes y ofrecer soluciones jur\u00eddicas eficaces, realistas y adaptadas a cada contexto.<\/p>\n<p>Cada cliente que llega a nuestro despacho trae consigo una preocupaci\u00f3n concreta. Nuestro papel es <strong>convertir esa incertidumbre en claridad legal y confianza<\/strong>.<\/p>\n<h3><strong>Empresas: cumplimiento, prevenci\u00f3n y resoluci\u00f3n de conflictos<\/strong><\/h3>\n<p>Las organizaciones enfrentan desaf\u00edos laborales continuos. Algunos de los casos m\u00e1s comunes que resolvemos para nuestros clientes corporativos son:<\/p>\n<ul>\n<li><strong>Despidos disciplinarios y objetivos<\/strong>: asesoramos en la preparaci\u00f3n y ejecuci\u00f3n, cuidando el fondo y la forma para evitar futuras impugnaciones.<\/li>\n<li><strong>Reestructuraciones empresariales<\/strong>: planificamos con rigor jur\u00eddico procesos de modificaci\u00f3n colectiva, traslados, externalizaciones o reducciones de plantilla.<\/li>\n<li><strong>Inspecciones de trabajo<\/strong>: intervenimos ante requerimientos de la autoridad laboral, gestionamos documentaci\u00f3n, elaboramos alegaciones y recurrimos sanciones.<\/li>\n<li><strong>Conflictos con comit\u00e9s de empresa o sindicatos<\/strong>: representamos a la empresa en procesos de negociaci\u00f3n o litigios colectivos.<\/li>\n<li><strong>Revisi\u00f3n de contratos y pol\u00edticas internas<\/strong>: analizamos cl\u00e1usulas de confidencialidad, pactos de no competencia, convenios aplicables y protocolos.<\/li>\n<\/ul>\n<p>Nuestro objetivo es ayudar a las empresas a <strong>minimizar el riesgo jur\u00eddico<\/strong> y tomar decisiones laborales fundamentadas, sostenibles y alineadas con la ley.<\/p>\n<h3><strong>Trabajadores y directivos: defensa ante abusos o irregularidades<\/strong><\/h3>\n<p>Asistimos a trabajadores de todos los niveles jer\u00e1rquicos, incluidos cargos intermedios y directivos, que requieren protecci\u00f3n frente a situaciones laborales injustas o inciertas. Los casos m\u00e1s frecuentes incluyen:<\/p>\n<ul>\n<li><strong>Despidos improcedentes o nulos<\/strong>: analizamos cada expediente y reclamamos la readmisi\u00f3n o indemnizaci\u00f3n correspondiente.<\/li>\n<li><strong>Impugnaciones de altas m\u00e9dicas<\/strong>: tramitamos recursos cuando el trabajador considera que su recuperaci\u00f3n no ha concluido.<\/li>\n<li><strong>Acoso laboral (mobbing)<\/strong>: documentamos los hechos, protegemos la integridad del trabajador y activamos procedimientos internos o judiciales.<\/li>\n<li><strong>Reclamaciones salariales<\/strong>: exigimos el pago de salarios pendientes, horas extra o complementos que hayan sido omitidos.<\/li>\n<li><strong>Incapacidades y accidentes laborales<\/strong>: defendemos los derechos del trabajador ante la Seguridad Social y la empresa.<\/li>\n<\/ul>\n<p>Ofrecemos un acompa\u00f1amiento emp\u00e1tico y t\u00e9cnico a quienes se enfrentan a estas situaciones, con un compromiso claro: <strong>proteger sus derechos laborales con rigor<\/strong>.<\/p>\n<h3><strong>Casu\u00edsticas complejas y de alta especializaci\u00f3n<\/strong><\/h3>\n<p>Existen tambi\u00e9n casos menos frecuentes, pero especialmente delicados, que requieren un alto grado de especializaci\u00f3n. Algunos ejemplos:<\/p>\n<ul>\n<li><strong>Cesi\u00f3n ilegal de trabajadores<\/strong>: detectamos y denunciamos situaciones en las que una empresa utiliza trabajadores de otra sin respetar la normativa legal.<\/li>\n<li><strong>Aplicaci\u00f3n indebida de convenios colectivos<\/strong>: asesoramos sobre cu\u00e1l es el convenio correcto y defendemos su aplicaci\u00f3n.<\/li>\n<li><strong>Cl\u00e1usulas abusivas o restrictivas en contratos de alta direcci\u00f3n<\/strong>: revisamos pactos de exclusividad, permanencia y no competencia.<\/li>\n<li><strong>Desacuerdos en procesos de jubilaci\u00f3n parcial o anticipada<\/strong>: tramitamos y defendemos los derechos ante la Seguridad Social y empresas.<\/li>\n<\/ul>\n<p>Estos casos requieren un an\u00e1lisis t\u00e9cnico y estrat\u00e9gico que solo una firma especializada puede ofrecer. En Fern\u00e1ndez Advocats, asumimos estos retos con solvencia y discreci\u00f3n.<\/p>\n<h3><strong>Defensa legal desde el primer momento<\/strong><\/h3>\n<p>M\u00e1s all\u00e1 del tipo de cliente o caso, nuestro objetivo siempre es el mismo: <strong>ofrecer soluciones jur\u00eddicas s\u00f3lidas que resuelvan conflictos, protejan derechos y eviten futuras contingencias<\/strong>.<\/p>\n<p>En Fern\u00e1ndez Advocats, cada situaci\u00f3n es tratada con la atenci\u00f3n que merece, porque sabemos que detr\u00e1s de cada expediente hay una persona, una empresa o una familia que necesita apoyo legal claro, eficaz y humano.<\/p>\n<h3><strong>M\u00e1s de 40 a\u00f1os de experiencia al servicio del Derecho Laboral<\/strong><\/h3>\n<p>En <strong>Fern\u00e1ndez Advocats<\/strong> no hablamos solo desde el conocimiento te\u00f3rico, sino desde la <strong>experiencia pr\u00e1ctica<\/strong> acumulada durante m\u00e1s de cuatro d\u00e9cadas. Hemos acompa\u00f1ado a empresas, trabajadores y colectivos a lo largo de m\u00faltiples reformas laborales, sentencias clave, procesos colectivos complejos y cambios normativos sustanciales en el \u00e1mbito de la <strong>Seguridad Social<\/strong>.<\/p>\n<p>Este recorrido nos ha permitido intervenir en escenarios de todo tipo: desde litigios individuales hasta conflictos colectivos, desde peque\u00f1as pymes hasta grandes empresas con estructuras laborales complejas. Nuestra trayectoria se ha construido con rigor, constancia y resultados.<\/p>\n<h3><strong>Especializaci\u00f3n: la clave de una defensa eficaz<\/strong><\/h3>\n<p>Uno de los factores que nos diferencia como despacho es nuestra <strong>dedicaci\u00f3n exclusiva al Derecho Laboral y de la Seguridad Social<\/strong>. No diversificamos en \u00e1reas que puedan dispersar el foco. Apostamos por una especializaci\u00f3n aut\u00e9ntica, que nos permite ofrecer un asesoramiento mucho m\u00e1s profundo, t\u00e9cnico y actualizado.<\/p>\n<p>Cada uno de nuestros abogados domina las especificidades de esta rama del derecho: desde la regulaci\u00f3n contractual hasta las normas sobre cotizaciones, incapacidades, jubilaci\u00f3n o relaciones sindicales. Esta especializaci\u00f3n garantiza respuestas ajustadas, seguras y r\u00e1pidas, con una visi\u00f3n estrat\u00e9gica adaptada al perfil del cliente.<\/p>\n<h3><strong>Atenci\u00f3n personalizada: cada cliente, una estrategia \u00fanica<\/strong><\/h3>\n<p>En Fern\u00e1ndez Advocats entendemos que <strong>cada caso merece una estrategia propia<\/strong>. No aplicamos soluciones gen\u00e9ricas, sino que estudiamos las circunstancias individuales de cada cliente para dise\u00f1ar una respuesta jur\u00eddica que maximice sus posibilidades de \u00e9xito y minimice los riesgos legales.<\/p>\n<p>Nuestro trato es directo, continuo y accesible. Mantenemos a nuestros clientes informados en todo momento y fomentamos una <strong>relaci\u00f3n de confianza<\/strong> basada en la transparencia, la claridad del lenguaje jur\u00eddico y el compromiso con los resultados.<\/p>\n<p>Adem\u00e1s, trabajamos estrechamente con departamentos de recursos humanos, asesor\u00edas y otros equipos profesionales que valoran nuestra capacidad para aportar valor estrat\u00e9gico y t\u00e9cnico a su gesti\u00f3n laboral interna.<\/p>\n<h3><strong>Rigor t\u00e9cnico y acompa\u00f1amiento humano<\/strong><\/h3>\n<p>Sabemos que detr\u00e1s de cada caso hay decisiones dif\u00edciles, conflictos personales o retos empresariales importantes. Por eso, <strong>combinamos un enfoque jur\u00eddico s\u00f3lido con una actitud humana y respetuosa<\/strong>. Nuestra prioridad no es solo ganar casos, sino resolver problemas de manera sostenible y proteger los intereses de nuestros clientes a largo plazo.<\/p>\n<ul>\n<li>Actuamos con <strong>discreci\u00f3n<\/strong>, especialmente en casos sensibles.<\/li>\n<li>Priorizamos la <strong>prevenci\u00f3n de conflictos<\/strong>, cuando es posible.<\/li>\n<li>Afrontamos el <strong>litigio con firmeza<\/strong>, cuando es necesario.<\/li>\n<\/ul>\n<p>Nos comprometemos con cada cliente desde el primer contacto hasta la resoluci\u00f3n definitiva, ya sea en fase de consulta, negociaci\u00f3n o proceso judicial.<\/p>\n<h3><strong>Un despacho de referencia en Derecho Laboral<\/strong><\/h3>\n<p>A lo largo de los a\u00f1os, <strong>Fern\u00e1ndez Advocats<\/strong> se ha consolidado como un <strong>referente en el \u00e1mbito laboral<\/strong>, tanto por su conocimiento t\u00e9cnico como por la confianza que genera. Empresas de distintos sectores y profesionales de m\u00faltiples niveles conf\u00edan en nuestro equipo por una raz\u00f3n clara: <strong>damos soluciones con base jur\u00eddica, sentido com\u00fan y visi\u00f3n estrat\u00e9gica<\/strong>.<\/p>\n<h3><strong>Tu tranquilidad legal comienza con una decisi\u00f3n informada<\/strong><\/h3>\n<p>En un entorno laboral donde los derechos pueden verse afectados por decisiones incorrectas o falta de asesoramiento, contar con un equipo legal especializado marca la diferencia. Ya sea para prevenir conflictos, defenderte ante una situaci\u00f3n injusta o mejorar la gesti\u00f3n laboral de tu empresa, en <strong>Fern\u00e1ndez Advocats<\/strong> estamos preparados para acompa\u00f1arte.<\/p>\n<p>Nuestra firma ofrece un <strong>asesoramiento t\u00e9cnico, estrat\u00e9gico y personalizado<\/strong> en todas las \u00e1reas del Derecho Laboral y de la Seguridad Social. Cada consulta es atendida con rigor, seriedad y plena dedicaci\u00f3n, porque entendemos que detr\u00e1s de cada expediente hay personas que conf\u00edan en nuestra experiencia.<\/p>\n<h3><strong>\u00bfA qui\u00e9n podemos ayudarte?<\/strong><\/h3>\n<ul>\n<li>Si eres <strong>empresa<\/strong>, te ofrecemos una visi\u00f3n legal clara para tomar decisiones laborales correctas y evitar riesgos futuros.<\/li>\n<li>Si eres <strong>trabajador o directivo<\/strong>, te ayudamos a proteger tus derechos y actuar frente a despidos, mobbing, bajas m\u00e9dicas indebidas o reclamaciones salariales.<\/li>\n<li>Si formas parte de un <strong>colectivo<\/strong>, representamos vuestros intereses en procesos de negociaci\u00f3n o ante conflictos laborales.<\/li>\n<\/ul>\n<p>Nos adaptamos a tu situaci\u00f3n. Nuestro equipo analiza tu caso con precisi\u00f3n, propone soluciones realistas y act\u00faa con eficacia desde el primer momento.<\/p>\n<h3><strong>Por qu\u00e9 confiar en Fern\u00e1ndez Advocats<\/strong><\/h3>\n<ul>\n<li>M\u00e1s de <strong>40 a\u00f1os de experiencia especializada<\/strong> en Derecho Laboral y Seguridad Social.<\/li>\n<li>Equipo de abogados expertos, con formaci\u00f3n continua y compromiso \u00e9tico.<\/li>\n<li>Atenci\u00f3n <strong>personalizada<\/strong>, confidencial y orientada a resultados.<\/li>\n<li>Amplio conocimiento de los sectores p\u00fablico y privado.<\/li>\n<\/ul>\n<p>No improvisamos. Estudiamos, planificamos y ejecutamos estrategias legales basadas en normativa vigente, jurisprudencia actualizada y una visi\u00f3n realista del mundo laboral.<\/p>\n<h3><strong>Contacta con nosotros<\/strong><\/h3>\n<p>Si necesitas orientaci\u00f3n o defensa legal en materia laboral o de Seguridad Social, no lo dejes para despu\u00e9s. <strong>Cuanto antes act\u00faes, m\u00e1s opciones legales tendr\u00e1s a tu favor.<\/strong><\/p>\n<p>Te invitamos a ponerte en contacto con nuestro despacho para una primera consulta profesional:<\/p>\n<p>En Fern\u00e1ndez Advocats, trabajamos por tu tranquilidad jur\u00eddica. Estamos aqu\u00ed para ayudarte, orientarte y defenderte. <strong>Cont\u00e1ctanos hoy mismo<\/strong>.<\/p>\n","protected":false},"excerpt":{"rendered":"<p>Introducci\u00f3n: una firma comprometida con tus derechos laborales En un contexto laboral cada vez m\u00e1s exigente y regulado, contar con un respaldo jur\u00eddico especializado no es solo una ventaja, sino una necesidad. En Fern\u00e1ndez Advocats, nos dedicamos exclusivamente al Derecho Laboral y de la Seguridad Social, ofreciendo un servicio riguroso, cercano y adaptado a las [&hellip;]<\/p>\n","protected":false},"author":18,"featured_media":252934,"comment_status":"closed","ping_status":"closed","sticky":false,"template":"","format":"standard","meta":{"_et_pb_use_builder":"","_et_pb_old_content":"","_et_gb_content_width":"","footnotes":""},"categories":[28,39],"tags":[],"class_list":["post-252933","post","type-post","status-publish","format-standard","has-post-thumbnail","hentry","category-articulos-fa","category-derecho-laboral"],"yoast_head":"<!-- This site is optimized with the Yoast SEO plugin v27.1.1 - https:\/\/yoast.com\/product\/yoast-seo-wordpress\/ -->\n<title>Fern\u00e1ndez Advocats \u2013 Abogados especialistas en Derecho Laboral y Seguridad Social | Fern\u00e1ndez Advocats<\/title>\n<meta name=\"robots\" content=\"index, follow, max-snippet:-1, max-image-preview:large, max-video-preview:-1\" \/>\n<link rel=\"canonical\" href=\"https:\/\/fernandezadvocats.es\/es\/fernandez-advocats-abogados-especialistas-en-derecho-laboral-y-seguridad-social\/\" \/>\n<meta property=\"og:locale\" content=\"es_ES\" \/>\n<meta property=\"og:type\" content=\"article\" \/>\n<meta property=\"og:title\" content=\"Fern\u00e1ndez Advocats \u2013 Abogados especialistas en Derecho Laboral y Seguridad Social | Fern\u00e1ndez Advocats\" \/>\n<meta property=\"og:description\" content=\"Introducci\u00f3n: una firma comprometida con tus derechos laborales En un contexto laboral cada vez m\u00e1s exigente y regulado, contar con un respaldo jur\u00eddico especializado no es solo una ventaja, sino una necesidad. En Fern\u00e1ndez Advocats, nos dedicamos exclusivamente al Derecho Laboral y de la Seguridad Social, ofreciendo un servicio riguroso, cercano y adaptado a las [&hellip;]\" \/>\n<meta property=\"og:url\" content=\"https:\/\/fernandezadvocats.es\/es\/fernandez-advocats-abogados-especialistas-en-derecho-laboral-y-seguridad-social\/\" \/>\n<meta property=\"og:site_name\" content=\"Fern\u00e1ndez Advocats\" \/>\n<meta property=\"article:published_time\" content=\"2025-05-22T07:45:32+00:00\" \/>\n<meta property=\"article:modified_time\" content=\"2026-01-21T17:12:15+00:00\" \/>\n<meta property=\"og:image\" content=\"https:\/\/fernandezadvocats.es\/wp-content\/uploads\/2025\/05\/new-partners-2025-03-15-15-23-31-utc-scaled.jpg\" \/>\n\t<meta property=\"og:image:width\" content=\"2560\" \/>\n\t<meta property=\"og:image:height\" content=\"1707\" \/>\n\t<meta property=\"og:image:type\" content=\"image\/jpeg\" \/>\n<meta name=\"author\" content=\"cotsnavarro@gmail.com\" \/>\n<meta name=\"twitter:card\" content=\"summary_large_image\" \/>\n<meta name=\"twitter:label1\" content=\"Escrito por\" \/>\n\t<meta name=\"twitter:data1\" content=\"cotsnavarro@gmail.com\" \/>\n\t<meta name=\"twitter:label2\" content=\"Tiempo de lectura\" \/>\n\t<meta name=\"twitter:data2\" content=\"13 minutos\" \/>\n<script type=\"application\/ld+json\" class=\"yoast-schema-graph\">{\"@context\":\"https:\/\/schema.org\",\"@graph\":[{\"@type\":\"Article\",\"@id\":\"https:\/\/fernandezadvocats.es\/es\/fernandez-advocats-abogados-especialistas-en-derecho-laboral-y-seguridad-social\/#article\",\"isPartOf\":{\"@id\":\"https:\/\/fernandezadvocats.es\/es\/fernandez-advocats-abogados-especialistas-en-derecho-laboral-y-seguridad-social\/\"},\"author\":{\"name\":\"cotsnavarro@gmail.com\",\"@id\":\"https:\/\/fernandezadvocats.es\/#\/schema\/person\/aff2913b94027c7ae14fa5b65c8e952e\"},\"headline\":\"Fern\u00e1ndez Advocats \u2013 Abogados especialistas en Derecho Laboral y Seguridad Social\",\"datePublished\":\"2025-05-22T07:45:32+00:00\",\"dateModified\":\"2026-01-21T17:12:15+00:00\",\"mainEntityOfPage\":{\"@id\":\"https:\/\/fernandezadvocats.es\/es\/fernandez-advocats-abogados-especialistas-en-derecho-laboral-y-seguridad-social\/\"},\"wordCount\":2550,\"publisher\":{\"@id\":\"https:\/\/fernandezadvocats.es\/#organization\"},\"image\":{\"@id\":\"https:\/\/fernandezadvocats.es\/es\/fernandez-advocats-abogados-especialistas-en-derecho-laboral-y-seguridad-social\/#primaryimage\"},\"thumbnailUrl\":\"https:\/\/fernandezadvocats.es\/wp-content\/uploads\/2025\/05\/new-partners-2025-03-15-15-23-31-utc-scaled.jpg\",\"articleSection\":[\"Art\u00edculos FA\",\"Derecho Laboral\"],\"inLanguage\":\"es\"},{\"@type\":\"WebPage\",\"@id\":\"https:\/\/fernandezadvocats.es\/es\/fernandez-advocats-abogados-especialistas-en-derecho-laboral-y-seguridad-social\/\",\"url\":\"https:\/\/fernandezadvocats.es\/es\/fernandez-advocats-abogados-especialistas-en-derecho-laboral-y-seguridad-social\/\",\"name\":\"Fern\u00e1ndez Advocats \u2013 Abogados especialistas en Derecho Laboral y Seguridad Social | Fern\u00e1ndez Advocats\",\"isPartOf\":{\"@id\":\"https:\/\/fernandezadvocats.es\/#website\"},\"primaryImageOfPage\":{\"@id\":\"https:\/\/fernandezadvocats.es\/es\/fernandez-advocats-abogados-especialistas-en-derecho-laboral-y-seguridad-social\/#primaryimage\"},\"image\":{\"@id\":\"https:\/\/fernandezadvocats.es\/es\/fernandez-advocats-abogados-especialistas-en-derecho-laboral-y-seguridad-social\/#primaryimage\"},\"thumbnailUrl\":\"https:\/\/fernandezadvocats.es\/wp-content\/uploads\/2025\/05\/new-partners-2025-03-15-15-23-31-utc-scaled.jpg\",\"datePublished\":\"2025-05-22T07:45:32+00:00\",\"dateModified\":\"2026-01-21T17:12:15+00:00\",\"breadcrumb\":{\"@id\":\"https:\/\/fernandezadvocats.es\/es\/fernandez-advocats-abogados-especialistas-en-derecho-laboral-y-seguridad-social\/#breadcrumb\"},\"inLanguage\":\"es\",\"potentialAction\":[{\"@type\":\"ReadAction\",\"target\":[\"https:\/\/fernandezadvocats.es\/es\/fernandez-advocats-abogados-especialistas-en-derecho-laboral-y-seguridad-social\/\"]}]},{\"@type\":\"ImageObject\",\"inLanguage\":\"es\",\"@id\":\"https:\/\/fernandezadvocats.es\/es\/fernandez-advocats-abogados-especialistas-en-derecho-laboral-y-seguridad-social\/#primaryimage\",\"url\":\"https:\/\/fernandezadvocats.es\/wp-content\/uploads\/2025\/05\/new-partners-2025-03-15-15-23-31-utc-scaled.jpg\",\"contentUrl\":\"https:\/\/fernandezadvocats.es\/wp-content\/uploads\/2025\/05\/new-partners-2025-03-15-15-23-31-utc-scaled.jpg\",\"width\":2560,\"height\":1707,\"caption\":\"Handshaking business partners after negotiations\"},{\"@type\":\"BreadcrumbList\",\"@id\":\"https:\/\/fernandezadvocats.es\/es\/fernandez-advocats-abogados-especialistas-en-derecho-laboral-y-seguridad-social\/#breadcrumb\",\"itemListElement\":[{\"@type\":\"ListItem\",\"position\":1,\"name\":\"Portada\",\"item\":\"https:\/\/fernandezadvocats.es\/es\/fernandez-advocats-berga\/\"},{\"@type\":\"ListItem\",\"position\":2,\"name\":\"Fern\u00e1ndez Advocats \u2013 Abogados especialistas en Derecho Laboral y Seguridad Social\"}]},{\"@type\":\"WebSite\",\"@id\":\"https:\/\/fernandezadvocats.es\/#website\",\"url\":\"https:\/\/fernandezadvocats.es\/\",\"name\":\"Fern\u00e1ndez Advocats\",\"description\":\"Advocats Berga i Barcelona\",\"publisher\":{\"@id\":\"https:\/\/fernandezadvocats.es\/#organization\"},\"alternateName\":\"Abogados Berga y Bracelona\",\"potentialAction\":[{\"@type\":\"SearchAction\",\"target\":{\"@type\":\"EntryPoint\",\"urlTemplate\":\"https:\/\/fernandezadvocats.es\/?s={search_term_string}\"},\"query-input\":{\"@type\":\"PropertyValueSpecification\",\"valueRequired\":true,\"valueName\":\"search_term_string\"}}],\"inLanguage\":\"es\"},{\"@type\":\"Organization\",\"@id\":\"https:\/\/fernandezadvocats.es\/#organization\",\"name\":\"Fern\u00e1ndez Advocats\",\"url\":\"https:\/\/fernandezadvocats.es\/\",\"logo\":{\"@type\":\"ImageObject\",\"inLanguage\":\"es\",\"@id\":\"https:\/\/fernandezadvocats.es\/#\/schema\/logo\/image\/\",\"url\":\"https:\/\/fernandezadvocats.es\/wp-content\/uploads\/2024\/11\/cropped-BF-e1731427554424.png\",\"contentUrl\":\"https:\/\/fernandezadvocats.es\/wp-content\/uploads\/2024\/11\/cropped-BF-e1731427554424.png\",\"width\":512,\"height\":512,\"caption\":\"Fern\u00e1ndez Advocats\"},\"image\":{\"@id\":\"https:\/\/fernandezadvocats.es\/#\/schema\/logo\/image\/\"}},{\"@type\":\"Person\",\"@id\":\"https:\/\/fernandezadvocats.es\/#\/schema\/person\/aff2913b94027c7ae14fa5b65c8e952e\",\"name\":\"cotsnavarro@gmail.com\",\"image\":{\"@type\":\"ImageObject\",\"inLanguage\":\"es\",\"@id\":\"https:\/\/fernandezadvocats.es\/#\/schema\/person\/image\/\",\"url\":\"https:\/\/secure.gravatar.com\/avatar\/f7b5f19c8706f5015123ab36ea43fc8c2d7e0ac445afc57f0bc3506aa91af918?s=96&d=mm&r=g\",\"contentUrl\":\"https:\/\/secure.gravatar.com\/avatar\/f7b5f19c8706f5015123ab36ea43fc8c2d7e0ac445afc57f0bc3506aa91af918?s=96&d=mm&r=g\",\"caption\":\"cotsnavarro@gmail.com\"},\"url\":\"https:\/\/fernandezadvocats.es\/es\/author\/cotsnavarrogmail-com\/\"}]}<\/script>\n<!-- \/ Yoast SEO plugin. -->","yoast_head_json":{"title":"Fern\u00e1ndez Advocats \u2013 Abogados especialistas en Derecho Laboral y Seguridad Social | Fern\u00e1ndez Advocats","robots":{"index":"index","follow":"follow","max-snippet":"max-snippet:-1","max-image-preview":"max-image-preview:large","max-video-preview":"max-video-preview:-1"},"canonical":"https:\/\/fernandezadvocats.es\/es\/fernandez-advocats-abogados-especialistas-en-derecho-laboral-y-seguridad-social\/","og_locale":"es_ES","og_type":"article","og_title":"Fern\u00e1ndez Advocats \u2013 Abogados especialistas en Derecho Laboral y Seguridad Social | Fern\u00e1ndez Advocats","og_description":"Introducci\u00f3n: una firma comprometida con tus derechos laborales En un contexto laboral cada vez m\u00e1s exigente y regulado, contar con un respaldo jur\u00eddico especializado no es solo una ventaja, sino una necesidad. En Fern\u00e1ndez Advocats, nos dedicamos exclusivamente al Derecho Laboral y de la Seguridad Social, ofreciendo un servicio riguroso, cercano y adaptado a las [&hellip;]","og_url":"https:\/\/fernandezadvocats.es\/es\/fernandez-advocats-abogados-especialistas-en-derecho-laboral-y-seguridad-social\/","og_site_name":"Fern\u00e1ndez Advocats","article_published_time":"2025-05-22T07:45:32+00:00","article_modified_time":"2026-01-21T17:12:15+00:00","og_image":[{"width":2560,"height":1707,"url":"https:\/\/fernandezadvocats.es\/wp-content\/uploads\/2025\/05\/new-partners-2025-03-15-15-23-31-utc-scaled.jpg","type":"image\/jpeg"}],"author":"cotsnavarro@gmail.com","twitter_card":"summary_large_image","twitter_misc":{"Escrito por":"cotsnavarro@gmail.com","Tiempo de lectura":"13 minutos"},"schema":{"@context":"https:\/\/schema.org","@graph":[{"@type":"Article","@id":"https:\/\/fernandezadvocats.es\/es\/fernandez-advocats-abogados-especialistas-en-derecho-laboral-y-seguridad-social\/#article","isPartOf":{"@id":"https:\/\/fernandezadvocats.es\/es\/fernandez-advocats-abogados-especialistas-en-derecho-laboral-y-seguridad-social\/"},"author":{"name":"cotsnavarro@gmail.com","@id":"https:\/\/fernandezadvocats.es\/#\/schema\/person\/aff2913b94027c7ae14fa5b65c8e952e"},"headline":"Fern\u00e1ndez Advocats \u2013 Abogados especialistas en Derecho Laboral y Seguridad Social","datePublished":"2025-05-22T07:45:32+00:00","dateModified":"2026-01-21T17:12:15+00:00","mainEntityOfPage":{"@id":"https:\/\/fernandezadvocats.es\/es\/fernandez-advocats-abogados-especialistas-en-derecho-laboral-y-seguridad-social\/"},"wordCount":2550,"publisher":{"@id":"https:\/\/fernandezadvocats.es\/#organization"},"image":{"@id":"https:\/\/fernandezadvocats.es\/es\/fernandez-advocats-abogados-especialistas-en-derecho-laboral-y-seguridad-social\/#primaryimage"},"thumbnailUrl":"https:\/\/fernandezadvocats.es\/wp-content\/uploads\/2025\/05\/new-partners-2025-03-15-15-23-31-utc-scaled.jpg","articleSection":["Art\u00edculos FA","Derecho Laboral"],"inLanguage":"es"},{"@type":"WebPage","@id":"https:\/\/fernandezadvocats.es\/es\/fernandez-advocats-abogados-especialistas-en-derecho-laboral-y-seguridad-social\/","url":"https:\/\/fernandezadvocats.es\/es\/fernandez-advocats-abogados-especialistas-en-derecho-laboral-y-seguridad-social\/","name":"Fern\u00e1ndez Advocats \u2013 Abogados especialistas en Derecho Laboral y Seguridad Social | Fern\u00e1ndez Advocats","isPartOf":{"@id":"https:\/\/fernandezadvocats.es\/#website"},"primaryImageOfPage":{"@id":"https:\/\/fernandezadvocats.es\/es\/fernandez-advocats-abogados-especialistas-en-derecho-laboral-y-seguridad-social\/#primaryimage"},"image":{"@id":"https:\/\/fernandezadvocats.es\/es\/fernandez-advocats-abogados-especialistas-en-derecho-laboral-y-seguridad-social\/#primaryimage"},"thumbnailUrl":"https:\/\/fernandezadvocats.es\/wp-content\/uploads\/2025\/05\/new-partners-2025-03-15-15-23-31-utc-scaled.jpg","datePublished":"2025-05-22T07:45:32+00:00","dateModified":"2026-01-21T17:12:15+00:00","breadcrumb":{"@id":"https:\/\/fernandezadvocats.es\/es\/fernandez-advocats-abogados-especialistas-en-derecho-laboral-y-seguridad-social\/#breadcrumb"},"inLanguage":"es","potentialAction":[{"@type":"ReadAction","target":["https:\/\/fernandezadvocats.es\/es\/fernandez-advocats-abogados-especialistas-en-derecho-laboral-y-seguridad-social\/"]}]},{"@type":"ImageObject","inLanguage":"es","@id":"https:\/\/fernandezadvocats.es\/es\/fernandez-advocats-abogados-especialistas-en-derecho-laboral-y-seguridad-social\/#primaryimage","url":"https:\/\/fernandezadvocats.es\/wp-content\/uploads\/2025\/05\/new-partners-2025-03-15-15-23-31-utc-scaled.jpg","contentUrl":"https:\/\/fernandezadvocats.es\/wp-content\/uploads\/2025\/05\/new-partners-2025-03-15-15-23-31-utc-scaled.jpg","width":2560,"height":1707,"caption":"Handshaking business partners after negotiations"},{"@type":"BreadcrumbList","@id":"https:\/\/fernandezadvocats.es\/es\/fernandez-advocats-abogados-especialistas-en-derecho-laboral-y-seguridad-social\/#breadcrumb","itemListElement":[{"@type":"ListItem","position":1,"name":"Portada","item":"https:\/\/fernandezadvocats.es\/es\/fernandez-advocats-berga\/"},{"@type":"ListItem","position":2,"name":"Fern\u00e1ndez Advocats \u2013 Abogados especialistas en Derecho Laboral y Seguridad Social"}]},{"@type":"WebSite","@id":"https:\/\/fernandezadvocats.es\/#website","url":"https:\/\/fernandezadvocats.es\/","name":"Fern\u00e1ndez Advocats","description":"Advocats Berga i Barcelona","publisher":{"@id":"https:\/\/fernandezadvocats.es\/#organization"},"alternateName":"Abogados Berga y Bracelona","potentialAction":[{"@type":"SearchAction","target":{"@type":"EntryPoint","urlTemplate":"https:\/\/fernandezadvocats.es\/?s={search_term_string}"},"query-input":{"@type":"PropertyValueSpecification","valueRequired":true,"valueName":"search_term_string"}}],"inLanguage":"es"},{"@type":"Organization","@id":"https:\/\/fernandezadvocats.es\/#organization","name":"Fern\u00e1ndez Advocats","url":"https:\/\/fernandezadvocats.es\/","logo":{"@type":"ImageObject","inLanguage":"es","@id":"https:\/\/fernandezadvocats.es\/#\/schema\/logo\/image\/","url":"https:\/\/fernandezadvocats.es\/wp-content\/uploads\/2024\/11\/cropped-BF-e1731427554424.png","contentUrl":"https:\/\/fernandezadvocats.es\/wp-content\/uploads\/2024\/11\/cropped-BF-e1731427554424.png","width":512,"height":512,"caption":"Fern\u00e1ndez Advocats"},"image":{"@id":"https:\/\/fernandezadvocats.es\/#\/schema\/logo\/image\/"}},{"@type":"Person","@id":"https:\/\/fernandezadvocats.es\/#\/schema\/person\/aff2913b94027c7ae14fa5b65c8e952e","name":"cotsnavarro@gmail.com","image":{"@type":"ImageObject","inLanguage":"es","@id":"https:\/\/fernandezadvocats.es\/#\/schema\/person\/image\/","url":"https:\/\/secure.gravatar.com\/avatar\/f7b5f19c8706f5015123ab36ea43fc8c2d7e0ac445afc57f0bc3506aa91af918?s=96&d=mm&r=g","contentUrl":"https:\/\/secure.gravatar.com\/avatar\/f7b5f19c8706f5015123ab36ea43fc8c2d7e0ac445afc57f0bc3506aa91af918?s=96&d=mm&r=g","caption":"cotsnavarro@gmail.com"},"url":"https:\/\/fernandezadvocats.es\/es\/author\/cotsnavarrogmail-com\/"}]}},"_links":{"self":[{"href":"https:\/\/fernandezadvocats.es\/es\/wp-json\/wp\/v2\/posts\/252933","targetHints":{"allow":["GET"]}}],"collection":[{"href":"https:\/\/fernandezadvocats.es\/es\/wp-json\/wp\/v2\/posts"}],"about":[{"href":"https:\/\/fernandezadvocats.es\/es\/wp-json\/wp\/v2\/types\/post"}],"author":[{"embeddable":true,"href":"https:\/\/fernandezadvocats.es\/es\/wp-json\/wp\/v2\/users\/18"}],"replies":[{"embeddable":true,"href":"https:\/\/fernandezadvocats.es\/es\/wp-json\/wp\/v2\/comments?post=252933"}],"version-history":[{"count":3,"href":"https:\/\/fernandezadvocats.es\/es\/wp-json\/wp\/v2\/posts\/252933\/revisions"}],"predecessor-version":[{"id":254262,"href":"https:\/\/fernandezadvocats.es\/es\/wp-json\/wp\/v2\/posts\/252933\/revisions\/254262"}],"wp:featuredmedia":[{"embeddable":true,"href":"https:\/\/fernandezadvocats.es\/es\/wp-json\/wp\/v2\/media\/252934"}],"wp:attachment":[{"href":"https:\/\/fernandezadvocats.es\/es\/wp-json\/wp\/v2\/media?parent=252933"}],"wp:term":[{"taxonomy":"category","embeddable":true,"href":"https:\/\/fernandezadvocats.es\/es\/wp-json\/wp\/v2\/categories?post=252933"},{"taxonomy":"post_tag","embeddable":true,"href":"https:\/\/fernandezadvocats.es\/es\/wp-json\/wp\/v2\/tags?post=252933"}],"curies":[{"name":"wp","href":"https:\/\/api.w.org\/{rel}","templated":true}]}}