{"id":252977,"date":"2025-05-29T10:15:35","date_gmt":"2025-05-29T08:15:35","guid":{"rendered":"https:\/\/fernandezadvocats.es\/?p=252977"},"modified":"2026-01-21T18:11:14","modified_gmt":"2026-01-21T17:11:14","slug":"abogados-reclamaciones-seguros-berga-2","status":"publish","type":"post","link":"https:\/\/fernandezadvocats.es\/es\/abogados-reclamaciones-seguros-berga-2\/","title":{"rendered":"Abogados Reclamaciones Seguros Berga: Protege tus Derechos con Fern\u00e1ndez Advocats"},"content":{"rendered":"<p>Cuando surge un conflicto con una aseguradora, <strong>contar con un abogado especializado en reclamaciones de seguros<\/strong> puede marcar la diferencia entre una resoluci\u00f3n justa o una p\u00e9rdida econ\u00f3mica importante. Las aseguradoras no siempre cumplen con lo pactado en la p\u00f3liza, y muchas veces intentan minimizar los pagos o denegar indemnizaciones basadas en interpretaciones restrictivas del contrato. Un abogado con experiencia en esta \u00e1rea te ayudar\u00e1 a interpretar correctamente la p\u00f3liza, evaluar el siniestro y reclamar lo que legalmente te corresponde.<\/p>\n<h4><strong>Servicios de Fern\u00e1ndez Advocats en Seguros y Responsabilidad Civil<\/strong><\/h4>\n<p>En <strong>Fern\u00e1ndez Advocats<\/strong>, somos expertos en Derecho de seguros y responsabilidad civil. Contamos con un equipo multidisciplinar con m\u00e1s de 40 a\u00f1os de experiencia que asesora y representa a clientes en todo tipo de conflictos relacionados con seguros. Ofrecemos un servicio integral adaptado a las necesidades concretas de cada caso.<\/p>\n<p><strong>Servicios principales:<\/strong><\/p>\n<ul>\n<li><strong>Conflictos con compa\u00f1\u00edas de seguros<\/strong><\/li>\n<li><strong>Conflictos entre asegurado y terceros<\/strong><\/li>\n<li><strong>Gesti\u00f3n de conflictos con aseguradoras<\/strong><\/li>\n<li><strong>Defensa del asegurado<\/strong><\/li>\n<li><strong>Reclamaciones por cobertura o importe del siniestro<\/strong><\/li>\n<li><strong>Conflictos entre diversas aseguradoras<\/strong><\/li>\n<li><strong>Mediaci\u00f3n entre compa\u00f1\u00eda y asegurado<\/strong><\/li>\n<li><strong>Reclamaciones ante la Direcci\u00f3n General de Seguros<\/strong><\/li>\n<\/ul>\n<h3><strong>Reclamaciones m\u00e1s comunes en seguros<\/strong><\/h3>\n<p>A lo largo de nuestra experiencia, hemos detectado que hay una serie de reclamaciones que se repiten con frecuencia. Algunas de las m\u00e1s habituales son:<\/p>\n<ol>\n<li><strong> Denegaci\u00f3n de cobertura<\/strong><\/li>\n<\/ol>\n<p>Es com\u00fan que las aseguradoras se nieguen a cubrir un siniestro alegando exclusiones de la p\u00f3liza o interpretaci\u00f3n restrictiva de las condiciones generales.<\/p>\n<ol start=\"2\">\n<li><strong> Infravaloraci\u00f3n del siniestro<\/strong><\/li>\n<\/ol>\n<p>Muchas veces las compa\u00f1\u00edas reconocen el siniestro, pero ofrecen una indemnizaci\u00f3n muy inferior a la que corresponde.<\/p>\n<ol start=\"3\">\n<li><strong> Retrasos injustificados en el pago<\/strong><\/li>\n<\/ol>\n<p>La ley establece plazos para que las aseguradoras paguen las indemnizaciones, pero no siempre los cumplen.<\/p>\n<ol start=\"4\">\n<li><strong> Rescisi\u00f3n unilateral del contrato<\/strong><\/li>\n<\/ol>\n<p>Algunas aseguradoras rescinden el contrato alegando causas injustificadas, dejando al asegurado sin cobertura.<\/p>\n<ol start=\"5\">\n<li><strong> Incumplimiento en seguros de salud<\/strong><\/li>\n<\/ol>\n<p>Negativas a autorizar tratamientos, pruebas diagn\u00f3sticas o intervenciones quir\u00fargicas.<\/p>\n<ol start=\"6\">\n<li><strong> Negligencias en seguros de vida y accidentes<\/strong><\/li>\n<\/ol>\n<p>Disputas sobre la causa del fallecimiento o invalidez que impiden cobrar el seguro.<\/p>\n<h4><strong>Tipos de seguros m\u00e1s conflictivos<\/strong><\/h4>\n<p>Aunque cualquier p\u00f3liza puede generar conflictos, hay ciertos tipos de seguros que concentran la mayor\u00eda de reclamaciones:<\/p>\n<h4><strong>Seguros de autom\u00f3vil<\/strong><\/h4>\n<p>Incluyen desde disputas por responsabilidad en accidentes hasta problemas con coberturas de da\u00f1os propios, asistencia o robo. Es uno de los seguros con m\u00e1s litigios.<\/p>\n<h4><strong>Seguros de hogar<\/strong><\/h4>\n<p>Son frecuentes los conflictos por da\u00f1os por agua, incendio o robo. Tambi\u00e9n hay muchas reclamaciones por no cubrir todos los bienes asegurados.<\/p>\n<h4><strong>Seguros de salud<\/strong><\/h4>\n<p>Las negativas de cobertura, la exclusi\u00f3n de enfermedades preexistentes o la demora en autorizaciones m\u00e9dicas generan numerosos conflictos.<\/p>\n<h4><strong>Seguros de vida y accidentes<\/strong><\/h4>\n<p>Pueden surgir disputas sobre la causa del fallecimiento, exclusiones por enfermedades o condiciones del beneficiario.<\/p>\n<h4><strong>Seguros de responsabilidad civil<\/strong><\/h4>\n<p>Tanto en el \u00e1mbito personal como profesional, es habitual que existan discrepancias sobre la existencia de responsabilidad o el alcance de la cobertura.<\/p>\n<h3><strong>Procedimiento legal para reclamar a una aseguradora<\/strong><\/h3>\n<p>Reclamar a una aseguradora requiere seguir ciertos pasos para maximizar las posibilidades de \u00e9xito:<\/p>\n<ol>\n<li><strong>An\u00e1lisis de la p\u00f3liza<\/strong>: revisar las condiciones generales y particulares.<\/li>\n<li><strong>Recopilaci\u00f3n de pruebas<\/strong>: informes periciales, facturas, fotograf\u00edas, partes m\u00e9dicos, etc.<\/li>\n<li><strong>Reclamaci\u00f3n extrajudicial<\/strong>: mediante un escrito formal dirigido a la compa\u00f1\u00eda.<\/li>\n<li><strong>Mediaci\u00f3n o arbitraje<\/strong>: si existe cl\u00e1usula espec\u00edfica en la p\u00f3liza.<\/li>\n<li><strong>Reclamaci\u00f3n ante la Direcci\u00f3n General de Seguros<\/strong>: en caso de negativa.<\/li>\n<li><strong>Demanda judicial<\/strong>: si no se resuelve satisfactoriamente por v\u00edas anteriores.<\/li>\n<\/ol>\n<p>En Fern\u00e1ndez Advocats acompa\u00f1amos a nuestros clientes en todas las etapas, desde la negociaci\u00f3n amistosa hasta el proceso judicial si fuera necesario.<\/p>\n<h3><strong>Preguntas frecuentes sobre reclamaciones de seguros<\/strong><\/h3>\n<p><strong>\u00bfPuedo reclamar si la aseguradora ya ha pagado una parte?<\/strong><br \/>\nS\u00ed. Si consideras que la cantidad no cubre el da\u00f1o real, puedes reclamar la diferencia.<\/p>\n<p><strong>\u00bfCu\u00e1nto tiempo tengo para reclamar?<\/strong><br \/>\nDepende del tipo de seguro, pero en general el plazo de prescripci\u00f3n es de dos a\u00f1os desde que se produce el hecho.<\/p>\n<p><strong>\u00bfQu\u00e9 ocurre si no tengo copia de la p\u00f3liza?<\/strong><br \/>\nLa aseguradora est\u00e1 obligada a facilitarte una copia si la solicitas.<\/p>\n<p><strong>\u00bfQu\u00e9 es la Direcci\u00f3n General de Seguros?<\/strong><br \/>\nEs el organismo estatal encargado de supervisar el sector asegurador en Espa\u00f1a. Puede mediar en reclamaciones de consumidores.<\/p>\n<h3><strong>Nuestra filosof\u00eda: defensa eficaz y cercana<\/strong><\/h3>\n<p>En <strong>Fern\u00e1ndez Advocats<\/strong>, creemos en una abogac\u00eda cercana, accesible y eficaz. Nuestro objetivo no es solo ganar casos, sino ofrecer tranquilidad a nuestros clientes. Cada reclamaci\u00f3n que gestionamos es tratada con la m\u00e1xima profesionalidad, transparencia y \u00e9tica.<\/p>\n<p>Trabajamos con:<\/p>\n<ul>\n<li>Particulares<\/li>\n<li>Profesionales liberales<\/li>\n<li>PYMES<\/li>\n<li>Administradores de fincas<\/li>\n<li>Comunidades de propietarios<\/li>\n<\/ul>\n<h3><strong>Contacta con nosotros<\/strong><\/h3>\n<p>Si est\u00e1s enfrentando un conflicto con tu seguro o quieres asesoramiento antes de iniciar una reclamaci\u00f3n, no lo dudes. Contacta con nuestros <strong>abogados especialistas en seguros y responsabilidad civil<\/strong>.<\/p>\n<p><strong>Fern\u00e1ndez Advocats: <\/strong>M\u00e1s de 40 a\u00f1os protegiendo los derechos de los asegurados.<\/p>\n","protected":false},"excerpt":{"rendered":"<p>Cuando surge un conflicto con una aseguradora, contar con un abogado especializado en reclamaciones de seguros puede marcar la diferencia entre una resoluci\u00f3n justa o una p\u00e9rdida econ\u00f3mica importante. Las aseguradoras no siempre cumplen con lo pactado en la p\u00f3liza, y muchas veces intentan minimizar los pagos o denegar indemnizaciones basadas en interpretaciones restrictivas del [&hellip;]<\/p>\n","protected":false},"author":18,"featured_media":252978,"comment_status":"closed","ping_status":"closed","sticky":false,"template":"","format":"standard","meta":{"_et_pb_use_builder":"","_et_pb_old_content":"","_et_gb_content_width":"","footnotes":""},"categories":[28,143],"tags":[],"class_list":["post-252977","post","type-post","status-publish","format-standard","has-post-thumbnail","hentry","category-articulos-fa","category-reclamacion-seguros"],"yoast_head":"<!-- This site is optimized with the Yoast SEO plugin v27.1.1 - https:\/\/yoast.com\/product\/yoast-seo-wordpress\/ -->\n<title>Abogados Reclamaciones Seguros Berga: Protege tus Derechos con Fern\u00e1ndez Advocats | Fern\u00e1ndez Advocats<\/title>\n<meta name=\"robots\" content=\"index, follow, max-snippet:-1, max-image-preview:large, max-video-preview:-1\" \/>\n<link rel=\"canonical\" href=\"https:\/\/fernandezadvocats.es\/es\/abogados-reclamaciones-seguros-berga-2\/\" \/>\n<meta property=\"og:locale\" content=\"es_ES\" \/>\n<meta property=\"og:type\" content=\"article\" \/>\n<meta property=\"og:title\" content=\"Abogados Reclamaciones Seguros Berga: Protege tus Derechos con Fern\u00e1ndez Advocats | Fern\u00e1ndez Advocats\" \/>\n<meta property=\"og:description\" content=\"Cuando surge un conflicto con una aseguradora, contar con un abogado especializado en reclamaciones de seguros puede marcar la diferencia entre una resoluci\u00f3n justa o una p\u00e9rdida econ\u00f3mica importante. Las aseguradoras no siempre cumplen con lo pactado en la p\u00f3liza, y muchas veces intentan minimizar los pagos o denegar indemnizaciones basadas en interpretaciones restrictivas del [&hellip;]\" \/>\n<meta property=\"og:url\" content=\"https:\/\/fernandezadvocats.es\/es\/abogados-reclamaciones-seguros-berga-2\/\" \/>\n<meta property=\"og:site_name\" content=\"Fern\u00e1ndez Advocats\" \/>\n<meta property=\"article:published_time\" content=\"2025-05-29T08:15:35+00:00\" \/>\n<meta property=\"article:modified_time\" content=\"2026-01-21T17:11:14+00:00\" \/>\n<meta property=\"og:image\" content=\"https:\/\/fernandezadvocats.es\/wp-content\/uploads\/2025\/05\/young-man-gets-acquainted-with-terms-of-insurance-2025-02-12-18-32-20-utc-min-scaled.jpg\" \/>\n\t<meta property=\"og:image:width\" content=\"2560\" \/>\n\t<meta property=\"og:image:height\" content=\"1707\" \/>\n\t<meta property=\"og:image:type\" content=\"image\/jpeg\" \/>\n<meta name=\"author\" content=\"cotsnavarro@gmail.com\" \/>\n<meta name=\"twitter:card\" content=\"summary_large_image\" \/>\n<meta name=\"twitter:label1\" content=\"Escrito por\" \/>\n\t<meta name=\"twitter:data1\" content=\"cotsnavarro@gmail.com\" \/>\n\t<meta name=\"twitter:label2\" content=\"Tiempo de lectura\" \/>\n\t<meta name=\"twitter:data2\" content=\"5 minutos\" \/>\n<script type=\"application\/ld+json\" class=\"yoast-schema-graph\">{\"@context\":\"https:\/\/schema.org\",\"@graph\":[{\"@type\":\"Article\",\"@id\":\"https:\/\/fernandezadvocats.es\/es\/abogados-reclamaciones-seguros-berga-2\/#article\",\"isPartOf\":{\"@id\":\"https:\/\/fernandezadvocats.es\/es\/abogados-reclamaciones-seguros-berga-2\/\"},\"author\":{\"name\":\"cotsnavarro@gmail.com\",\"@id\":\"https:\/\/fernandezadvocats.es\/#\/schema\/person\/aff2913b94027c7ae14fa5b65c8e952e\"},\"headline\":\"Abogados Reclamaciones Seguros Berga: Protege tus Derechos con Fern\u00e1ndez Advocats\",\"datePublished\":\"2025-05-29T08:15:35+00:00\",\"dateModified\":\"2026-01-21T17:11:14+00:00\",\"mainEntityOfPage\":{\"@id\":\"https:\/\/fernandezadvocats.es\/es\/abogados-reclamaciones-seguros-berga-2\/\"},\"wordCount\":858,\"publisher\":{\"@id\":\"https:\/\/fernandezadvocats.es\/#organization\"},\"image\":{\"@id\":\"https:\/\/fernandezadvocats.es\/es\/abogados-reclamaciones-seguros-berga-2\/#primaryimage\"},\"thumbnailUrl\":\"https:\/\/fernandezadvocats.es\/wp-content\/uploads\/2025\/05\/young-man-gets-acquainted-with-terms-of-insurance-2025-02-12-18-32-20-utc-min-scaled.jpg\",\"articleSection\":[\"Art\u00edculos FA\",\"Reclamaci\u00f3n seguros\"],\"inLanguage\":\"es\"},{\"@type\":\"WebPage\",\"@id\":\"https:\/\/fernandezadvocats.es\/es\/abogados-reclamaciones-seguros-berga-2\/\",\"url\":\"https:\/\/fernandezadvocats.es\/es\/abogados-reclamaciones-seguros-berga-2\/\",\"name\":\"Abogados Reclamaciones Seguros Berga: Protege tus Derechos con Fern\u00e1ndez Advocats | Fern\u00e1ndez Advocats\",\"isPartOf\":{\"@id\":\"https:\/\/fernandezadvocats.es\/#website\"},\"primaryImageOfPage\":{\"@id\":\"https:\/\/fernandezadvocats.es\/es\/abogados-reclamaciones-seguros-berga-2\/#primaryimage\"},\"image\":{\"@id\":\"https:\/\/fernandezadvocats.es\/es\/abogados-reclamaciones-seguros-berga-2\/#primaryimage\"},\"thumbnailUrl\":\"https:\/\/fernandezadvocats.es\/wp-content\/uploads\/2025\/05\/young-man-gets-acquainted-with-terms-of-insurance-2025-02-12-18-32-20-utc-min-scaled.jpg\",\"datePublished\":\"2025-05-29T08:15:35+00:00\",\"dateModified\":\"2026-01-21T17:11:14+00:00\",\"breadcrumb\":{\"@id\":\"https:\/\/fernandezadvocats.es\/es\/abogados-reclamaciones-seguros-berga-2\/#breadcrumb\"},\"inLanguage\":\"es\",\"potentialAction\":[{\"@type\":\"ReadAction\",\"target\":[\"https:\/\/fernandezadvocats.es\/es\/abogados-reclamaciones-seguros-berga-2\/\"]}]},{\"@type\":\"ImageObject\",\"inLanguage\":\"es\",\"@id\":\"https:\/\/fernandezadvocats.es\/es\/abogados-reclamaciones-seguros-berga-2\/#primaryimage\",\"url\":\"https:\/\/fernandezadvocats.es\/wp-content\/uploads\/2025\/05\/young-man-gets-acquainted-with-terms-of-insurance-2025-02-12-18-32-20-utc-min-scaled.jpg\",\"contentUrl\":\"https:\/\/fernandezadvocats.es\/wp-content\/uploads\/2025\/05\/young-man-gets-acquainted-with-terms-of-insurance-2025-02-12-18-32-20-utc-min-scaled.jpg\",\"width\":2560,\"height\":1707},{\"@type\":\"BreadcrumbList\",\"@id\":\"https:\/\/fernandezadvocats.es\/es\/abogados-reclamaciones-seguros-berga-2\/#breadcrumb\",\"itemListElement\":[{\"@type\":\"ListItem\",\"position\":1,\"name\":\"Portada\",\"item\":\"https:\/\/fernandezadvocats.es\/es\/fernandez-advocats-berga\/\"},{\"@type\":\"ListItem\",\"position\":2,\"name\":\"Abogados Reclamaciones Seguros Berga: Protege tus Derechos con Fern\u00e1ndez Advocats\"}]},{\"@type\":\"WebSite\",\"@id\":\"https:\/\/fernandezadvocats.es\/#website\",\"url\":\"https:\/\/fernandezadvocats.es\/\",\"name\":\"Fern\u00e1ndez Advocats\",\"description\":\"Advocats Berga i Barcelona\",\"publisher\":{\"@id\":\"https:\/\/fernandezadvocats.es\/#organization\"},\"alternateName\":\"Abogados Berga y Bracelona\",\"potentialAction\":[{\"@type\":\"SearchAction\",\"target\":{\"@type\":\"EntryPoint\",\"urlTemplate\":\"https:\/\/fernandezadvocats.es\/?s={search_term_string}\"},\"query-input\":{\"@type\":\"PropertyValueSpecification\",\"valueRequired\":true,\"valueName\":\"search_term_string\"}}],\"inLanguage\":\"es\"},{\"@type\":\"Organization\",\"@id\":\"https:\/\/fernandezadvocats.es\/#organization\",\"name\":\"Fern\u00e1ndez Advocats\",\"url\":\"https:\/\/fernandezadvocats.es\/\",\"logo\":{\"@type\":\"ImageObject\",\"inLanguage\":\"es\",\"@id\":\"https:\/\/fernandezadvocats.es\/#\/schema\/logo\/image\/\",\"url\":\"https:\/\/fernandezadvocats.es\/wp-content\/uploads\/2024\/11\/cropped-BF-e1731427554424.png\",\"contentUrl\":\"https:\/\/fernandezadvocats.es\/wp-content\/uploads\/2024\/11\/cropped-BF-e1731427554424.png\",\"width\":512,\"height\":512,\"caption\":\"Fern\u00e1ndez Advocats\"},\"image\":{\"@id\":\"https:\/\/fernandezadvocats.es\/#\/schema\/logo\/image\/\"}},{\"@type\":\"Person\",\"@id\":\"https:\/\/fernandezadvocats.es\/#\/schema\/person\/aff2913b94027c7ae14fa5b65c8e952e\",\"name\":\"cotsnavarro@gmail.com\",\"image\":{\"@type\":\"ImageObject\",\"inLanguage\":\"es\",\"@id\":\"https:\/\/fernandezadvocats.es\/#\/schema\/person\/image\/\",\"url\":\"https:\/\/secure.gravatar.com\/avatar\/f7b5f19c8706f5015123ab36ea43fc8c2d7e0ac445afc57f0bc3506aa91af918?s=96&d=mm&r=g\",\"contentUrl\":\"https:\/\/secure.gravatar.com\/avatar\/f7b5f19c8706f5015123ab36ea43fc8c2d7e0ac445afc57f0bc3506aa91af918?s=96&d=mm&r=g\",\"caption\":\"cotsnavarro@gmail.com\"},\"url\":\"https:\/\/fernandezadvocats.es\/es\/author\/cotsnavarrogmail-com\/\"}]}<\/script>\n<!-- \/ Yoast SEO plugin. -->","yoast_head_json":{"title":"Abogados Reclamaciones Seguros Berga: Protege tus Derechos con Fern\u00e1ndez Advocats | Fern\u00e1ndez Advocats","robots":{"index":"index","follow":"follow","max-snippet":"max-snippet:-1","max-image-preview":"max-image-preview:large","max-video-preview":"max-video-preview:-1"},"canonical":"https:\/\/fernandezadvocats.es\/es\/abogados-reclamaciones-seguros-berga-2\/","og_locale":"es_ES","og_type":"article","og_title":"Abogados Reclamaciones Seguros Berga: Protege tus Derechos con Fern\u00e1ndez Advocats | Fern\u00e1ndez Advocats","og_description":"Cuando surge un conflicto con una aseguradora, contar con un abogado especializado en reclamaciones de seguros puede marcar la diferencia entre una resoluci\u00f3n justa o una p\u00e9rdida econ\u00f3mica importante. Las aseguradoras no siempre cumplen con lo pactado en la p\u00f3liza, y muchas veces intentan minimizar los pagos o denegar indemnizaciones basadas en interpretaciones restrictivas del [&hellip;]","og_url":"https:\/\/fernandezadvocats.es\/es\/abogados-reclamaciones-seguros-berga-2\/","og_site_name":"Fern\u00e1ndez Advocats","article_published_time":"2025-05-29T08:15:35+00:00","article_modified_time":"2026-01-21T17:11:14+00:00","og_image":[{"width":2560,"height":1707,"url":"https:\/\/fernandezadvocats.es\/wp-content\/uploads\/2025\/05\/young-man-gets-acquainted-with-terms-of-insurance-2025-02-12-18-32-20-utc-min-scaled.jpg","type":"image\/jpeg"}],"author":"cotsnavarro@gmail.com","twitter_card":"summary_large_image","twitter_misc":{"Escrito por":"cotsnavarro@gmail.com","Tiempo de lectura":"5 minutos"},"schema":{"@context":"https:\/\/schema.org","@graph":[{"@type":"Article","@id":"https:\/\/fernandezadvocats.es\/es\/abogados-reclamaciones-seguros-berga-2\/#article","isPartOf":{"@id":"https:\/\/fernandezadvocats.es\/es\/abogados-reclamaciones-seguros-berga-2\/"},"author":{"name":"cotsnavarro@gmail.com","@id":"https:\/\/fernandezadvocats.es\/#\/schema\/person\/aff2913b94027c7ae14fa5b65c8e952e"},"headline":"Abogados Reclamaciones Seguros Berga: Protege tus Derechos con Fern\u00e1ndez Advocats","datePublished":"2025-05-29T08:15:35+00:00","dateModified":"2026-01-21T17:11:14+00:00","mainEntityOfPage":{"@id":"https:\/\/fernandezadvocats.es\/es\/abogados-reclamaciones-seguros-berga-2\/"},"wordCount":858,"publisher":{"@id":"https:\/\/fernandezadvocats.es\/#organization"},"image":{"@id":"https:\/\/fernandezadvocats.es\/es\/abogados-reclamaciones-seguros-berga-2\/#primaryimage"},"thumbnailUrl":"https:\/\/fernandezadvocats.es\/wp-content\/uploads\/2025\/05\/young-man-gets-acquainted-with-terms-of-insurance-2025-02-12-18-32-20-utc-min-scaled.jpg","articleSection":["Art\u00edculos FA","Reclamaci\u00f3n seguros"],"inLanguage":"es"},{"@type":"WebPage","@id":"https:\/\/fernandezadvocats.es\/es\/abogados-reclamaciones-seguros-berga-2\/","url":"https:\/\/fernandezadvocats.es\/es\/abogados-reclamaciones-seguros-berga-2\/","name":"Abogados Reclamaciones Seguros Berga: Protege tus Derechos con Fern\u00e1ndez Advocats | Fern\u00e1ndez Advocats","isPartOf":{"@id":"https:\/\/fernandezadvocats.es\/#website"},"primaryImageOfPage":{"@id":"https:\/\/fernandezadvocats.es\/es\/abogados-reclamaciones-seguros-berga-2\/#primaryimage"},"image":{"@id":"https:\/\/fernandezadvocats.es\/es\/abogados-reclamaciones-seguros-berga-2\/#primaryimage"},"thumbnailUrl":"https:\/\/fernandezadvocats.es\/wp-content\/uploads\/2025\/05\/young-man-gets-acquainted-with-terms-of-insurance-2025-02-12-18-32-20-utc-min-scaled.jpg","datePublished":"2025-05-29T08:15:35+00:00","dateModified":"2026-01-21T17:11:14+00:00","breadcrumb":{"@id":"https:\/\/fernandezadvocats.es\/es\/abogados-reclamaciones-seguros-berga-2\/#breadcrumb"},"inLanguage":"es","potentialAction":[{"@type":"ReadAction","target":["https:\/\/fernandezadvocats.es\/es\/abogados-reclamaciones-seguros-berga-2\/"]}]},{"@type":"ImageObject","inLanguage":"es","@id":"https:\/\/fernandezadvocats.es\/es\/abogados-reclamaciones-seguros-berga-2\/#primaryimage","url":"https:\/\/fernandezadvocats.es\/wp-content\/uploads\/2025\/05\/young-man-gets-acquainted-with-terms-of-insurance-2025-02-12-18-32-20-utc-min-scaled.jpg","contentUrl":"https:\/\/fernandezadvocats.es\/wp-content\/uploads\/2025\/05\/young-man-gets-acquainted-with-terms-of-insurance-2025-02-12-18-32-20-utc-min-scaled.jpg","width":2560,"height":1707},{"@type":"BreadcrumbList","@id":"https:\/\/fernandezadvocats.es\/es\/abogados-reclamaciones-seguros-berga-2\/#breadcrumb","itemListElement":[{"@type":"ListItem","position":1,"name":"Portada","item":"https:\/\/fernandezadvocats.es\/es\/fernandez-advocats-berga\/"},{"@type":"ListItem","position":2,"name":"Abogados Reclamaciones Seguros Berga: Protege tus Derechos con Fern\u00e1ndez Advocats"}]},{"@type":"WebSite","@id":"https:\/\/fernandezadvocats.es\/#website","url":"https:\/\/fernandezadvocats.es\/","name":"Fern\u00e1ndez Advocats","description":"Advocats Berga i Barcelona","publisher":{"@id":"https:\/\/fernandezadvocats.es\/#organization"},"alternateName":"Abogados Berga y Bracelona","potentialAction":[{"@type":"SearchAction","target":{"@type":"EntryPoint","urlTemplate":"https:\/\/fernandezadvocats.es\/?s={search_term_string}"},"query-input":{"@type":"PropertyValueSpecification","valueRequired":true,"valueName":"search_term_string"}}],"inLanguage":"es"},{"@type":"Organization","@id":"https:\/\/fernandezadvocats.es\/#organization","name":"Fern\u00e1ndez Advocats","url":"https:\/\/fernandezadvocats.es\/","logo":{"@type":"ImageObject","inLanguage":"es","@id":"https:\/\/fernandezadvocats.es\/#\/schema\/logo\/image\/","url":"https:\/\/fernandezadvocats.es\/wp-content\/uploads\/2024\/11\/cropped-BF-e1731427554424.png","contentUrl":"https:\/\/fernandezadvocats.es\/wp-content\/uploads\/2024\/11\/cropped-BF-e1731427554424.png","width":512,"height":512,"caption":"Fern\u00e1ndez Advocats"},"image":{"@id":"https:\/\/fernandezadvocats.es\/#\/schema\/logo\/image\/"}},{"@type":"Person","@id":"https:\/\/fernandezadvocats.es\/#\/schema\/person\/aff2913b94027c7ae14fa5b65c8e952e","name":"cotsnavarro@gmail.com","image":{"@type":"ImageObject","inLanguage":"es","@id":"https:\/\/fernandezadvocats.es\/#\/schema\/person\/image\/","url":"https:\/\/secure.gravatar.com\/avatar\/f7b5f19c8706f5015123ab36ea43fc8c2d7e0ac445afc57f0bc3506aa91af918?s=96&d=mm&r=g","contentUrl":"https:\/\/secure.gravatar.com\/avatar\/f7b5f19c8706f5015123ab36ea43fc8c2d7e0ac445afc57f0bc3506aa91af918?s=96&d=mm&r=g","caption":"cotsnavarro@gmail.com"},"url":"https:\/\/fernandezadvocats.es\/es\/author\/cotsnavarrogmail-com\/"}]}},"_links":{"self":[{"href":"https:\/\/fernandezadvocats.es\/es\/wp-json\/wp\/v2\/posts\/252977","targetHints":{"allow":["GET"]}}],"collection":[{"href":"https:\/\/fernandezadvocats.es\/es\/wp-json\/wp\/v2\/posts"}],"about":[{"href":"https:\/\/fernandezadvocats.es\/es\/wp-json\/wp\/v2\/types\/post"}],"author":[{"embeddable":true,"href":"https:\/\/fernandezadvocats.es\/es\/wp-json\/wp\/v2\/users\/18"}],"replies":[{"embeddable":true,"href":"https:\/\/fernandezadvocats.es\/es\/wp-json\/wp\/v2\/comments?post=252977"}],"version-history":[{"count":1,"href":"https:\/\/fernandezadvocats.es\/es\/wp-json\/wp\/v2\/posts\/252977\/revisions"}],"predecessor-version":[{"id":252980,"href":"https:\/\/fernandezadvocats.es\/es\/wp-json\/wp\/v2\/posts\/252977\/revisions\/252980"}],"wp:featuredmedia":[{"embeddable":true,"href":"https:\/\/fernandezadvocats.es\/es\/wp-json\/wp\/v2\/media\/252978"}],"wp:attachment":[{"href":"https:\/\/fernandezadvocats.es\/es\/wp-json\/wp\/v2\/media?parent=252977"}],"wp:term":[{"taxonomy":"category","embeddable":true,"href":"https:\/\/fernandezadvocats.es\/es\/wp-json\/wp\/v2\/categories?post=252977"},{"taxonomy":"post_tag","embeddable":true,"href":"https:\/\/fernandezadvocats.es\/es\/wp-json\/wp\/v2\/tags?post=252977"}],"curies":[{"name":"wp","href":"https:\/\/api.w.org\/{rel}","templated":true}]}}