{"id":252986,"date":"2025-06-02T16:10:40","date_gmt":"2025-06-02T14:10:40","guid":{"rendered":"https:\/\/fernandezadvocats.es\/?p=252986"},"modified":"2026-01-21T18:10:57","modified_gmt":"2026-01-21T17:10:57","slug":"derechos-del-inquilino-en-caso-de-venta-de-vivienda-enajenacion-forzosa-y-voluntaria","status":"publish","type":"post","link":"https:\/\/fernandezadvocats.es\/es\/derechos-del-inquilino-en-caso-de-venta-de-vivienda-enajenacion-forzosa-y-voluntaria\/","title":{"rendered":"Derechos del Inquilino en Caso de Venta de Vivienda: Enajenaci\u00f3n Forzosa y Voluntaria"},"content":{"rendered":"<p><a href=\"https:\/\/fernandezadvocats.es\/wp-content\/uploads\/2025\/06\/Enajenacion-de-vivienda-arrendada.pdf\"><strong>DESCARGAR ART\u00cdCULO COMPLETO EN PDF.<\/strong><\/a><\/p>\n<h3><strong>Introducci\u00f3n<\/strong><\/h3>\n<p>Cuando una persona reside en una vivienda en calidad de arrendatario, puede enfrentarse a la situaci\u00f3n en la que el propietario decide vender el inmueble a un tercero. Adem\u00e1s, es com\u00fan que el arrendador pierda su condici\u00f3n de propietario debido a una enajenaci\u00f3n forzosa, como una ejecuci\u00f3n hipotecaria instada por la entidad bancaria que ten\u00eda inscrita una hipoteca a su favor.<\/p>\n<p>Estas situaciones generan incertidumbre y preocupaci\u00f3n para el inquilino, quien se pregunta: \u00bfQu\u00e9 efectos jur\u00eddicos tiene la venta sobre el contrato de arrendamiento previamente suscrito? \u00bfPuede el inquilino permanecer en la vivienda conforme a los t\u00e9rminos pactados en el contrato de alquiler?<\/p>\n<p>A continuaci\u00f3n, analizamos c\u00f3mo afectan las enajenaciones forzosas y voluntarias al contrato de arrendamiento, seg\u00fan la Ley de Arrendamientos Urbanos (LAU) y las reformas legislativas aplicables.<\/p>\n<h3><strong>Enajenaci\u00f3n Forzosa de la Vivienda Arrendada (Art\u00edculo 13 LAU)<\/strong><\/h3>\n<p>La enajenaci\u00f3n forzosa se produce cuando la propiedad de la vivienda cambia por causas ajenas a la voluntad del arrendador, como una ejecuci\u00f3n hipotecaria o una sentencia judicial. El art\u00edculo 13 de la LAU regula esta situaci\u00f3n, y su aplicaci\u00f3n var\u00eda seg\u00fan la fecha de celebraci\u00f3n del contrato de arrendamiento.<\/p>\n<h4><strong>Contratos Celebrados entre el 1 de Enero de 1995 y el 5 de Junio de 2013<\/strong><\/h4>\n<p>Durante este per\u00edodo, el art\u00edculo 13.1 de la LAU proteg\u00eda al arrendatario durante los primeros cinco a\u00f1os del contrato, independientemente de la inscripci\u00f3n en el Registro de la Propiedad. El nuevo propietario deb\u00eda respetar el contrato de arrendamiento hasta que se cumplieran esos cinco a\u00f1os.<\/p>\n<h4><strong>Contratos Celebrados entre el 6 de Junio de 2013 y el 5 de Marzo de 2019<\/strong><\/h4>\n<p>La reforma de la LAU en 2013 modific\u00f3 el art\u00edculo 13, eliminando la protecci\u00f3n que se conced\u00eda para el arrendatario. Desde entonces, si el contrato de arrendamiento no estaba inscrito en el Registro de la Propiedad antes de la inscripci\u00f3n de la hipoteca o del derecho que provoc\u00f3 la enajenaci\u00f3n forzosa, el arrendamiento no subsiste y queda resuelto autom\u00e1ticamente desde que el nuevo propietario se adjudica el bien inmueble.<\/p>\n<h4><strong>Contratos Celebrados a Partir del 6 de Marzo de 2019<\/strong><\/h4>\n<p>La reforma de la LAU en 2019 restableci\u00f3 la protecci\u00f3n al arrendatario. Seg\u00fan el art\u00edculo 13 vigente, si durante los primeros cinco a\u00f1os del contrato (o siete a\u00f1os si el arrendador es una persona jur\u00eddica) se produce una enajenaci\u00f3n forzosa, el arrendatario tiene derecho a continuar en la vivienda hasta que se cumpla ese plazo, incluso si el contrato no est\u00e1 inscrito en el Registro de la Propiedad.<\/p>\n<h3><strong>Enajenaci\u00f3n Voluntaria de la Vivienda Arrendada (Art\u00edculo 14 LAU)<\/strong><\/h3>\n<p>La enajenaci\u00f3n voluntaria ocurre cuando el arrendador decide transmitir la vivienda de forma voluntaria, por ejemplo, mediante una compraventa o donaci\u00f3n. El art\u00edculo 14 de la LAU regula esta situaci\u00f3n.<\/p>\n<h4><strong>Contratos Celebrados entre el 1 de Enero de 1995 y el 5 de Junio de 2013<\/strong><\/h4>\n<p>Durante este per\u00edodo, el nuevo propietario deb\u00eda respetar el contrato de arrendamiento durante los primeros cinco a\u00f1os, incluso si el contrato no estaba inscrito en el Registro de la Propiedad. Si el contrato ten\u00eda una duraci\u00f3n superior a cinco a\u00f1os, el nuevo propietario pod\u00eda extinguir el contrato si cumpl\u00eda con los requisitos del art\u00edculo 34 de la Ley Hipotecaria.<\/p>\n<h4><strong>Contratos Celebrados entre el 6 de Junio de 2013 y el 5 de Marzo de 2019<\/strong><\/h4>\n<p>La reforma de la LAU en 2013 modific\u00f3 el art\u00edculo 14, estableciendo que el nuevo propietario solo estaba obligado a respetar el contrato de arrendamiento si este estaba inscrito en el Registro de la Propiedad antes de la venta. En caso contrario, el nuevo propietario pod\u00eda extinguir el contrato, aplicando la doctrina de \u00abventa quita renta\u00bb.<\/p>\n<h4><strong>Contratos Celebrados a Partir del 6 de Marzo de 2019<\/strong><\/h4>\n<p>La reforma de la LAU en 2019 fortaleci\u00f3 la protecci\u00f3n del arrendatario. Seg\u00fan el art\u00edculo 14 vigente, el nuevo propietario debe respetar el contrato de arrendamiento durante los primeros cinco a\u00f1os (o siete a\u00f1os si el arrendador es una persona jur\u00eddica), incluso si el contrato no est\u00e1 inscrito en el Registro de la Propiedad.<\/p>\n<p>Si el contrato tiene una duraci\u00f3n pactada superior a cinco o siete a\u00f1os, el nuevo propietario debe respetar la totalidad del plazo pactado, salvo que cumpla con los requisitos del art\u00edculo 34 de la Ley Hipotecaria. En ese caso, el arrendatario tiene derecho a una indemnizaci\u00f3n equivalente a una mensualidad de la renta en vigor por cada a\u00f1o del contrato que exceda del plazo de cinco o siete a\u00f1os que reste por cumplir.<\/p>\n<h4><strong>Conclusi\u00f3n<\/strong><\/h4>\n<p>La protecci\u00f3n del arrendatario en caso de venta de la vivienda ha variado seg\u00fan las reformas legislativas de la LAU. Actualmente, los contratos celebrados a partir del 6 de marzo de 2019 ofrecen una mayor seguridad jur\u00eddica al inquilino, tanto en casos de enajenaci\u00f3n forzosa como voluntaria.<\/p>\n<p>Es fundamental que los arrendatarios conozcan sus derechos y las implicaciones legales de la venta de la vivienda que ocupan. Para garantizar la protecci\u00f3n de sus intereses, se recomienda contar con asesoramiento legal especializado.<\/p>\n<p><em>El presente art\u00edculo es meramente divulgativo y no supone asesoramiento ni compromiso de actualizaci\u00f3n. Para m\u00e1s informaci\u00f3n o asesoramiento, contacte con info@fernandezadvocats.es.<\/em><\/p>\n","protected":false},"excerpt":{"rendered":"<p>DESCARGAR ART\u00cdCULO COMPLETO EN PDF. Introducci\u00f3n Cuando una persona reside en una vivienda en calidad de arrendatario, puede enfrentarse a la situaci\u00f3n en la que el propietario decide vender el inmueble a un tercero. Adem\u00e1s, es com\u00fan que el arrendador pierda su condici\u00f3n de propietario debido a una enajenaci\u00f3n forzosa, como una ejecuci\u00f3n hipotecaria instada [&hellip;]<\/p>\n","protected":false},"author":18,"featured_media":252987,"comment_status":"closed","ping_status":"closed","sticky":false,"template":"","format":"standard","meta":{"_et_pb_use_builder":"","_et_pb_old_content":"","_et_gb_content_width":"","footnotes":""},"categories":[145,28,33],"tags":[],"class_list":["post-252986","post","type-post","status-publish","format-standard","has-post-thumbnail","hentry","category-arrendamientos-urbanos","category-articulos-fa","category-derecho-inmobiliario"],"yoast_head":"<!-- This site is optimized with the Yoast SEO plugin v27.1.1 - https:\/\/yoast.com\/product\/yoast-seo-wordpress\/ -->\n<title>Derechos del Inquilino en Caso de Venta de Vivienda: Enajenaci\u00f3n Forzosa y Voluntaria | Fern\u00e1ndez Advocats<\/title>\n<meta name=\"robots\" content=\"index, follow, max-snippet:-1, max-image-preview:large, max-video-preview:-1\" \/>\n<link rel=\"canonical\" href=\"https:\/\/fernandezadvocats.es\/es\/derechos-del-inquilino-en-caso-de-venta-de-vivienda-enajenacion-forzosa-y-voluntaria\/\" \/>\n<meta property=\"og:locale\" content=\"es_ES\" \/>\n<meta property=\"og:type\" content=\"article\" \/>\n<meta property=\"og:title\" content=\"Derechos del Inquilino en Caso de Venta de Vivienda: Enajenaci\u00f3n Forzosa y Voluntaria | Fern\u00e1ndez Advocats\" \/>\n<meta property=\"og:description\" content=\"DESCARGAR ART\u00cdCULO COMPLETO EN PDF. Introducci\u00f3n Cuando una persona reside en una vivienda en calidad de arrendatario, puede enfrentarse a la situaci\u00f3n en la que el propietario decide vender el inmueble a un tercero. Adem\u00e1s, es com\u00fan que el arrendador pierda su condici\u00f3n de propietario debido a una enajenaci\u00f3n forzosa, como una ejecuci\u00f3n hipotecaria instada [&hellip;]\" \/>\n<meta property=\"og:url\" content=\"https:\/\/fernandezadvocats.es\/es\/derechos-del-inquilino-en-caso-de-venta-de-vivienda-enajenacion-forzosa-y-voluntaria\/\" \/>\n<meta property=\"og:site_name\" content=\"Fern\u00e1ndez Advocats\" \/>\n<meta property=\"article:published_time\" content=\"2025-06-02T14:10:40+00:00\" \/>\n<meta property=\"article:modified_time\" content=\"2026-01-21T17:10:57+00:00\" \/>\n<meta property=\"og:image\" content=\"https:\/\/fernandezadvocats.es\/wp-content\/uploads\/2025\/06\/new-home-buyers-are-signing-a-home-purchase-contra-2024-12-05-14-26-03-utc-1-min-1-scaled.jpg\" \/>\n\t<meta property=\"og:image:width\" content=\"2560\" \/>\n\t<meta property=\"og:image:height\" content=\"1707\" \/>\n\t<meta property=\"og:image:type\" content=\"image\/jpeg\" \/>\n<meta name=\"author\" content=\"cotsnavarro@gmail.com\" \/>\n<meta name=\"twitter:card\" content=\"summary_large_image\" \/>\n<meta name=\"twitter:label1\" content=\"Escrito por\" \/>\n\t<meta name=\"twitter:data1\" content=\"cotsnavarro@gmail.com\" \/>\n\t<meta name=\"twitter:label2\" content=\"Tiempo de lectura\" \/>\n\t<meta name=\"twitter:data2\" content=\"5 minutos\" \/>\n<script type=\"application\/ld+json\" class=\"yoast-schema-graph\">{\"@context\":\"https:\/\/schema.org\",\"@graph\":[{\"@type\":\"Article\",\"@id\":\"https:\/\/fernandezadvocats.es\/es\/derechos-del-inquilino-en-caso-de-venta-de-vivienda-enajenacion-forzosa-y-voluntaria\/#article\",\"isPartOf\":{\"@id\":\"https:\/\/fernandezadvocats.es\/es\/derechos-del-inquilino-en-caso-de-venta-de-vivienda-enajenacion-forzosa-y-voluntaria\/\"},\"author\":{\"name\":\"cotsnavarro@gmail.com\",\"@id\":\"https:\/\/fernandezadvocats.es\/#\/schema\/person\/aff2913b94027c7ae14fa5b65c8e952e\"},\"headline\":\"Derechos del Inquilino en Caso de Venta de Vivienda: Enajenaci\u00f3n Forzosa y Voluntaria\",\"datePublished\":\"2025-06-02T14:10:40+00:00\",\"dateModified\":\"2026-01-21T17:10:57+00:00\",\"mainEntityOfPage\":{\"@id\":\"https:\/\/fernandezadvocats.es\/es\/derechos-del-inquilino-en-caso-de-venta-de-vivienda-enajenacion-forzosa-y-voluntaria\/\"},\"wordCount\":908,\"publisher\":{\"@id\":\"https:\/\/fernandezadvocats.es\/#organization\"},\"image\":{\"@id\":\"https:\/\/fernandezadvocats.es\/es\/derechos-del-inquilino-en-caso-de-venta-de-vivienda-enajenacion-forzosa-y-voluntaria\/#primaryimage\"},\"thumbnailUrl\":\"https:\/\/fernandezadvocats.es\/wp-content\/uploads\/2025\/06\/new-home-buyers-are-signing-a-home-purchase-contra-2024-12-05-14-26-03-utc-1-min-1-scaled.jpg\",\"articleSection\":[\"Arrendamientos Urbanos\",\"Art\u00edculos FA\",\"Derecho Inmobiliario\"],\"inLanguage\":\"es\"},{\"@type\":\"WebPage\",\"@id\":\"https:\/\/fernandezadvocats.es\/es\/derechos-del-inquilino-en-caso-de-venta-de-vivienda-enajenacion-forzosa-y-voluntaria\/\",\"url\":\"https:\/\/fernandezadvocats.es\/es\/derechos-del-inquilino-en-caso-de-venta-de-vivienda-enajenacion-forzosa-y-voluntaria\/\",\"name\":\"Derechos del Inquilino en Caso de Venta de Vivienda: Enajenaci\u00f3n Forzosa y Voluntaria | Fern\u00e1ndez Advocats\",\"isPartOf\":{\"@id\":\"https:\/\/fernandezadvocats.es\/#website\"},\"primaryImageOfPage\":{\"@id\":\"https:\/\/fernandezadvocats.es\/es\/derechos-del-inquilino-en-caso-de-venta-de-vivienda-enajenacion-forzosa-y-voluntaria\/#primaryimage\"},\"image\":{\"@id\":\"https:\/\/fernandezadvocats.es\/es\/derechos-del-inquilino-en-caso-de-venta-de-vivienda-enajenacion-forzosa-y-voluntaria\/#primaryimage\"},\"thumbnailUrl\":\"https:\/\/fernandezadvocats.es\/wp-content\/uploads\/2025\/06\/new-home-buyers-are-signing-a-home-purchase-contra-2024-12-05-14-26-03-utc-1-min-1-scaled.jpg\",\"datePublished\":\"2025-06-02T14:10:40+00:00\",\"dateModified\":\"2026-01-21T17:10:57+00:00\",\"breadcrumb\":{\"@id\":\"https:\/\/fernandezadvocats.es\/es\/derechos-del-inquilino-en-caso-de-venta-de-vivienda-enajenacion-forzosa-y-voluntaria\/#breadcrumb\"},\"inLanguage\":\"es\",\"potentialAction\":[{\"@type\":\"ReadAction\",\"target\":[\"https:\/\/fernandezadvocats.es\/es\/derechos-del-inquilino-en-caso-de-venta-de-vivienda-enajenacion-forzosa-y-voluntaria\/\"]}]},{\"@type\":\"ImageObject\",\"inLanguage\":\"es\",\"@id\":\"https:\/\/fernandezadvocats.es\/es\/derechos-del-inquilino-en-caso-de-venta-de-vivienda-enajenacion-forzosa-y-voluntaria\/#primaryimage\",\"url\":\"https:\/\/fernandezadvocats.es\/wp-content\/uploads\/2025\/06\/new-home-buyers-are-signing-a-home-purchase-contra-2024-12-05-14-26-03-utc-1-min-1-scaled.jpg\",\"contentUrl\":\"https:\/\/fernandezadvocats.es\/wp-content\/uploads\/2025\/06\/new-home-buyers-are-signing-a-home-purchase-contra-2024-12-05-14-26-03-utc-1-min-1-scaled.jpg\",\"width\":2560,\"height\":1707,\"caption\":\"derecho urban\u00edstico\"},{\"@type\":\"BreadcrumbList\",\"@id\":\"https:\/\/fernandezadvocats.es\/es\/derechos-del-inquilino-en-caso-de-venta-de-vivienda-enajenacion-forzosa-y-voluntaria\/#breadcrumb\",\"itemListElement\":[{\"@type\":\"ListItem\",\"position\":1,\"name\":\"Portada\",\"item\":\"https:\/\/fernandezadvocats.es\/es\/fernandez-advocats-berga\/\"},{\"@type\":\"ListItem\",\"position\":2,\"name\":\"Derechos del Inquilino en Caso de Venta de Vivienda: Enajenaci\u00f3n Forzosa y Voluntaria\"}]},{\"@type\":\"WebSite\",\"@id\":\"https:\/\/fernandezadvocats.es\/#website\",\"url\":\"https:\/\/fernandezadvocats.es\/\",\"name\":\"Fern\u00e1ndez Advocats\",\"description\":\"Advocats Berga i Barcelona\",\"publisher\":{\"@id\":\"https:\/\/fernandezadvocats.es\/#organization\"},\"alternateName\":\"Abogados Berga y Bracelona\",\"potentialAction\":[{\"@type\":\"SearchAction\",\"target\":{\"@type\":\"EntryPoint\",\"urlTemplate\":\"https:\/\/fernandezadvocats.es\/?s={search_term_string}\"},\"query-input\":{\"@type\":\"PropertyValueSpecification\",\"valueRequired\":true,\"valueName\":\"search_term_string\"}}],\"inLanguage\":\"es\"},{\"@type\":\"Organization\",\"@id\":\"https:\/\/fernandezadvocats.es\/#organization\",\"name\":\"Fern\u00e1ndez Advocats\",\"url\":\"https:\/\/fernandezadvocats.es\/\",\"logo\":{\"@type\":\"ImageObject\",\"inLanguage\":\"es\",\"@id\":\"https:\/\/fernandezadvocats.es\/#\/schema\/logo\/image\/\",\"url\":\"https:\/\/fernandezadvocats.es\/wp-content\/uploads\/2024\/11\/cropped-BF-e1731427554424.png\",\"contentUrl\":\"https:\/\/fernandezadvocats.es\/wp-content\/uploads\/2024\/11\/cropped-BF-e1731427554424.png\",\"width\":512,\"height\":512,\"caption\":\"Fern\u00e1ndez Advocats\"},\"image\":{\"@id\":\"https:\/\/fernandezadvocats.es\/#\/schema\/logo\/image\/\"}},{\"@type\":\"Person\",\"@id\":\"https:\/\/fernandezadvocats.es\/#\/schema\/person\/aff2913b94027c7ae14fa5b65c8e952e\",\"name\":\"cotsnavarro@gmail.com\",\"image\":{\"@type\":\"ImageObject\",\"inLanguage\":\"es\",\"@id\":\"https:\/\/fernandezadvocats.es\/#\/schema\/person\/image\/\",\"url\":\"https:\/\/secure.gravatar.com\/avatar\/f7b5f19c8706f5015123ab36ea43fc8c2d7e0ac445afc57f0bc3506aa91af918?s=96&d=mm&r=g\",\"contentUrl\":\"https:\/\/secure.gravatar.com\/avatar\/f7b5f19c8706f5015123ab36ea43fc8c2d7e0ac445afc57f0bc3506aa91af918?s=96&d=mm&r=g\",\"caption\":\"cotsnavarro@gmail.com\"},\"url\":\"https:\/\/fernandezadvocats.es\/es\/author\/cotsnavarrogmail-com\/\"}]}<\/script>\n<!-- \/ Yoast SEO plugin. -->","yoast_head_json":{"title":"Derechos del Inquilino en Caso de Venta de Vivienda: Enajenaci\u00f3n Forzosa y Voluntaria | Fern\u00e1ndez Advocats","robots":{"index":"index","follow":"follow","max-snippet":"max-snippet:-1","max-image-preview":"max-image-preview:large","max-video-preview":"max-video-preview:-1"},"canonical":"https:\/\/fernandezadvocats.es\/es\/derechos-del-inquilino-en-caso-de-venta-de-vivienda-enajenacion-forzosa-y-voluntaria\/","og_locale":"es_ES","og_type":"article","og_title":"Derechos del Inquilino en Caso de Venta de Vivienda: Enajenaci\u00f3n Forzosa y Voluntaria | Fern\u00e1ndez Advocats","og_description":"DESCARGAR ART\u00cdCULO COMPLETO EN PDF. Introducci\u00f3n Cuando una persona reside en una vivienda en calidad de arrendatario, puede enfrentarse a la situaci\u00f3n en la que el propietario decide vender el inmueble a un tercero. Adem\u00e1s, es com\u00fan que el arrendador pierda su condici\u00f3n de propietario debido a una enajenaci\u00f3n forzosa, como una ejecuci\u00f3n hipotecaria instada [&hellip;]","og_url":"https:\/\/fernandezadvocats.es\/es\/derechos-del-inquilino-en-caso-de-venta-de-vivienda-enajenacion-forzosa-y-voluntaria\/","og_site_name":"Fern\u00e1ndez Advocats","article_published_time":"2025-06-02T14:10:40+00:00","article_modified_time":"2026-01-21T17:10:57+00:00","og_image":[{"width":2560,"height":1707,"url":"https:\/\/fernandezadvocats.es\/wp-content\/uploads\/2025\/06\/new-home-buyers-are-signing-a-home-purchase-contra-2024-12-05-14-26-03-utc-1-min-1-scaled.jpg","type":"image\/jpeg"}],"author":"cotsnavarro@gmail.com","twitter_card":"summary_large_image","twitter_misc":{"Escrito por":"cotsnavarro@gmail.com","Tiempo de lectura":"5 minutos"},"schema":{"@context":"https:\/\/schema.org","@graph":[{"@type":"Article","@id":"https:\/\/fernandezadvocats.es\/es\/derechos-del-inquilino-en-caso-de-venta-de-vivienda-enajenacion-forzosa-y-voluntaria\/#article","isPartOf":{"@id":"https:\/\/fernandezadvocats.es\/es\/derechos-del-inquilino-en-caso-de-venta-de-vivienda-enajenacion-forzosa-y-voluntaria\/"},"author":{"name":"cotsnavarro@gmail.com","@id":"https:\/\/fernandezadvocats.es\/#\/schema\/person\/aff2913b94027c7ae14fa5b65c8e952e"},"headline":"Derechos del Inquilino en Caso de Venta de Vivienda: Enajenaci\u00f3n Forzosa y Voluntaria","datePublished":"2025-06-02T14:10:40+00:00","dateModified":"2026-01-21T17:10:57+00:00","mainEntityOfPage":{"@id":"https:\/\/fernandezadvocats.es\/es\/derechos-del-inquilino-en-caso-de-venta-de-vivienda-enajenacion-forzosa-y-voluntaria\/"},"wordCount":908,"publisher":{"@id":"https:\/\/fernandezadvocats.es\/#organization"},"image":{"@id":"https:\/\/fernandezadvocats.es\/es\/derechos-del-inquilino-en-caso-de-venta-de-vivienda-enajenacion-forzosa-y-voluntaria\/#primaryimage"},"thumbnailUrl":"https:\/\/fernandezadvocats.es\/wp-content\/uploads\/2025\/06\/new-home-buyers-are-signing-a-home-purchase-contra-2024-12-05-14-26-03-utc-1-min-1-scaled.jpg","articleSection":["Arrendamientos Urbanos","Art\u00edculos FA","Derecho Inmobiliario"],"inLanguage":"es"},{"@type":"WebPage","@id":"https:\/\/fernandezadvocats.es\/es\/derechos-del-inquilino-en-caso-de-venta-de-vivienda-enajenacion-forzosa-y-voluntaria\/","url":"https:\/\/fernandezadvocats.es\/es\/derechos-del-inquilino-en-caso-de-venta-de-vivienda-enajenacion-forzosa-y-voluntaria\/","name":"Derechos del Inquilino en Caso de Venta de Vivienda: Enajenaci\u00f3n Forzosa y Voluntaria | Fern\u00e1ndez Advocats","isPartOf":{"@id":"https:\/\/fernandezadvocats.es\/#website"},"primaryImageOfPage":{"@id":"https:\/\/fernandezadvocats.es\/es\/derechos-del-inquilino-en-caso-de-venta-de-vivienda-enajenacion-forzosa-y-voluntaria\/#primaryimage"},"image":{"@id":"https:\/\/fernandezadvocats.es\/es\/derechos-del-inquilino-en-caso-de-venta-de-vivienda-enajenacion-forzosa-y-voluntaria\/#primaryimage"},"thumbnailUrl":"https:\/\/fernandezadvocats.es\/wp-content\/uploads\/2025\/06\/new-home-buyers-are-signing-a-home-purchase-contra-2024-12-05-14-26-03-utc-1-min-1-scaled.jpg","datePublished":"2025-06-02T14:10:40+00:00","dateModified":"2026-01-21T17:10:57+00:00","breadcrumb":{"@id":"https:\/\/fernandezadvocats.es\/es\/derechos-del-inquilino-en-caso-de-venta-de-vivienda-enajenacion-forzosa-y-voluntaria\/#breadcrumb"},"inLanguage":"es","potentialAction":[{"@type":"ReadAction","target":["https:\/\/fernandezadvocats.es\/es\/derechos-del-inquilino-en-caso-de-venta-de-vivienda-enajenacion-forzosa-y-voluntaria\/"]}]},{"@type":"ImageObject","inLanguage":"es","@id":"https:\/\/fernandezadvocats.es\/es\/derechos-del-inquilino-en-caso-de-venta-de-vivienda-enajenacion-forzosa-y-voluntaria\/#primaryimage","url":"https:\/\/fernandezadvocats.es\/wp-content\/uploads\/2025\/06\/new-home-buyers-are-signing-a-home-purchase-contra-2024-12-05-14-26-03-utc-1-min-1-scaled.jpg","contentUrl":"https:\/\/fernandezadvocats.es\/wp-content\/uploads\/2025\/06\/new-home-buyers-are-signing-a-home-purchase-contra-2024-12-05-14-26-03-utc-1-min-1-scaled.jpg","width":2560,"height":1707,"caption":"derecho urban\u00edstico"},{"@type":"BreadcrumbList","@id":"https:\/\/fernandezadvocats.es\/es\/derechos-del-inquilino-en-caso-de-venta-de-vivienda-enajenacion-forzosa-y-voluntaria\/#breadcrumb","itemListElement":[{"@type":"ListItem","position":1,"name":"Portada","item":"https:\/\/fernandezadvocats.es\/es\/fernandez-advocats-berga\/"},{"@type":"ListItem","position":2,"name":"Derechos del Inquilino en Caso de Venta de Vivienda: Enajenaci\u00f3n Forzosa y Voluntaria"}]},{"@type":"WebSite","@id":"https:\/\/fernandezadvocats.es\/#website","url":"https:\/\/fernandezadvocats.es\/","name":"Fern\u00e1ndez Advocats","description":"Advocats Berga i Barcelona","publisher":{"@id":"https:\/\/fernandezadvocats.es\/#organization"},"alternateName":"Abogados Berga y Bracelona","potentialAction":[{"@type":"SearchAction","target":{"@type":"EntryPoint","urlTemplate":"https:\/\/fernandezadvocats.es\/?s={search_term_string}"},"query-input":{"@type":"PropertyValueSpecification","valueRequired":true,"valueName":"search_term_string"}}],"inLanguage":"es"},{"@type":"Organization","@id":"https:\/\/fernandezadvocats.es\/#organization","name":"Fern\u00e1ndez Advocats","url":"https:\/\/fernandezadvocats.es\/","logo":{"@type":"ImageObject","inLanguage":"es","@id":"https:\/\/fernandezadvocats.es\/#\/schema\/logo\/image\/","url":"https:\/\/fernandezadvocats.es\/wp-content\/uploads\/2024\/11\/cropped-BF-e1731427554424.png","contentUrl":"https:\/\/fernandezadvocats.es\/wp-content\/uploads\/2024\/11\/cropped-BF-e1731427554424.png","width":512,"height":512,"caption":"Fern\u00e1ndez Advocats"},"image":{"@id":"https:\/\/fernandezadvocats.es\/#\/schema\/logo\/image\/"}},{"@type":"Person","@id":"https:\/\/fernandezadvocats.es\/#\/schema\/person\/aff2913b94027c7ae14fa5b65c8e952e","name":"cotsnavarro@gmail.com","image":{"@type":"ImageObject","inLanguage":"es","@id":"https:\/\/fernandezadvocats.es\/#\/schema\/person\/image\/","url":"https:\/\/secure.gravatar.com\/avatar\/f7b5f19c8706f5015123ab36ea43fc8c2d7e0ac445afc57f0bc3506aa91af918?s=96&d=mm&r=g","contentUrl":"https:\/\/secure.gravatar.com\/avatar\/f7b5f19c8706f5015123ab36ea43fc8c2d7e0ac445afc57f0bc3506aa91af918?s=96&d=mm&r=g","caption":"cotsnavarro@gmail.com"},"url":"https:\/\/fernandezadvocats.es\/es\/author\/cotsnavarrogmail-com\/"}]}},"_links":{"self":[{"href":"https:\/\/fernandezadvocats.es\/es\/wp-json\/wp\/v2\/posts\/252986","targetHints":{"allow":["GET"]}}],"collection":[{"href":"https:\/\/fernandezadvocats.es\/es\/wp-json\/wp\/v2\/posts"}],"about":[{"href":"https:\/\/fernandezadvocats.es\/es\/wp-json\/wp\/v2\/types\/post"}],"author":[{"embeddable":true,"href":"https:\/\/fernandezadvocats.es\/es\/wp-json\/wp\/v2\/users\/18"}],"replies":[{"embeddable":true,"href":"https:\/\/fernandezadvocats.es\/es\/wp-json\/wp\/v2\/comments?post=252986"}],"version-history":[{"count":2,"href":"https:\/\/fernandezadvocats.es\/es\/wp-json\/wp\/v2\/posts\/252986\/revisions"}],"predecessor-version":[{"id":252990,"href":"https:\/\/fernandezadvocats.es\/es\/wp-json\/wp\/v2\/posts\/252986\/revisions\/252990"}],"wp:featuredmedia":[{"embeddable":true,"href":"https:\/\/fernandezadvocats.es\/es\/wp-json\/wp\/v2\/media\/252987"}],"wp:attachment":[{"href":"https:\/\/fernandezadvocats.es\/es\/wp-json\/wp\/v2\/media?parent=252986"}],"wp:term":[{"taxonomy":"category","embeddable":true,"href":"https:\/\/fernandezadvocats.es\/es\/wp-json\/wp\/v2\/categories?post=252986"},{"taxonomy":"post_tag","embeddable":true,"href":"https:\/\/fernandezadvocats.es\/es\/wp-json\/wp\/v2\/tags?post=252986"}],"curies":[{"name":"wp","href":"https:\/\/api.w.org\/{rel}","templated":true}]}}