{"id":252996,"date":"2025-06-05T12:12:04","date_gmt":"2025-06-05T10:12:04","guid":{"rendered":"https:\/\/fernandezadvocats.es\/?p=252996"},"modified":"2026-01-21T18:10:32","modified_gmt":"2026-01-21T17:10:32","slug":"abogados-en-derecho-laboral-y-seguridad-social-en-berga-servicios-juridicos-integrales-para-empresas-y-trabajadores","status":"publish","type":"post","link":"https:\/\/fernandezadvocats.es\/es\/abogados-en-derecho-laboral-y-seguridad-social-en-berga-servicios-juridicos-integrales-para-empresas-y-trabajadores\/","title":{"rendered":"Abogados en Derecho Laboral y Seguridad Social en Berga: Servicios Jur\u00eddicos Integrales para Empresas y Trabajadores"},"content":{"rendered":"<p>En <strong>Fern\u00e1ndez Advocats<\/strong>, llevamos m\u00e1s de 40 a\u00f1os defendiendo los derechos laborales de empresas, aut\u00f3nomos, directivos y trabajadores en <strong>Berga y comarca<\/strong>. Nuestro equipo de <strong>abogados especialistas en Derecho Laboral y de la Seguridad Social<\/strong> ofrece una asesor\u00eda jur\u00eddica completa para prevenir, gestionar y resolver cualquier tipo de conflicto o tr\u00e1mite relacionado con el \u00e1mbito laboral.<\/p>\n<p>Tanto si eres una empresa que necesita apoyo para una reestructuraci\u00f3n, como si eres un trabajador afectado por un despido o una incapacidad, te acompa\u00f1amos con una estrategia legal clara, eficaz y centrada en la defensa de tus intereses.<\/p>\n<h3><strong>Contrataci\u00f3n laboral: redacci\u00f3n y revisi\u00f3n de contratos<\/strong><\/h3>\n<p>Una contrataci\u00f3n bien planteada es la base de cualquier relaci\u00f3n laboral estable. En <strong>Fern\u00e1ndez Advocats<\/strong> nos encargamos de:<\/p>\n<ul>\n<li>Redactar contratos laborales adaptados a la normativa actual y al tipo de puesto de trabajo.<\/li>\n<li>Revisar cl\u00e1usulas contractuales para evitar futuros conflictos.<\/li>\n<li>Asesorar sobre modalidades de contrataci\u00f3n, convenios colectivos y bonificaciones disponibles.<\/li>\n<\/ul>\n<p>Tanto en relaciones laborales ordinarias como en contratos de alta direcci\u00f3n, nos aseguramos de que los acuerdos sean equilibrados y legalmente s\u00f3lidos.<\/p>\n<h3><strong>Despidos y reestructuraciones: asesoramiento jur\u00eddico estrat\u00e9gico<\/strong><\/h3>\n<p>Los despidos son momentos delicados tanto para empresas como para empleados. Nuestro despacho ofrece apoyo experto en:<\/p>\n<ul>\n<li>Despidos disciplinarios, objetivos o colectivos.<\/li>\n<li>Expedientes de Regulaci\u00f3n de Empleo (ERE).<\/li>\n<li>C\u00e1lculo de indemnizaciones.<\/li>\n<li>Reclamaci\u00f3n de despidos improcedentes o nulos.<\/li>\n<\/ul>\n<p>Asesoramos tanto en procesos individuales como colectivos, garantizando la legalidad y reduciendo el riesgo de litigios futuros.<\/p>\n<h3><strong>Litigios laborales: defensa legal ante los tribunales<\/strong><\/h3>\n<p>Contar con un abogado laboralista experto marca la diferencia en cualquier juicio laboral. Representamos a nuestros clientes en:<\/p>\n<ul>\n<li>Juicios por despido.<\/li>\n<li>Reclamaciones de cantidad o diferencias salariales.<\/li>\n<li>Modificaciones sustanciales de las condiciones laborales.<\/li>\n<li>Sanciones disciplinarias.<\/li>\n<li>Conflictos por movilidad geogr\u00e1fica o funcional.<\/li>\n<\/ul>\n<p>Nuestra experiencia nos permite afrontar estos procedimientos con solvencia, rigor jur\u00eddico y visi\u00f3n estrat\u00e9gica.<\/p>\n<h3><strong>Inspecciones de trabajo: asistencia legal preventiva y reactiva<\/strong><\/h3>\n<p>Una inspecci\u00f3n laboral puede tener consecuencias importantes si no se gestiona adecuadamente. Nuestro equipo te ayuda a:<\/p>\n<ul>\n<li>Preparar y responder adecuadamente ante una inspecci\u00f3n.<\/li>\n<li>Regularizar situaciones laborales antes de recibir una visita de la Inspecci\u00f3n.<\/li>\n<li>Asesorarte frente a actas de infracci\u00f3n o sanciones administrativas.<\/li>\n<li>Representarte ante procedimientos sancionadores.<\/li>\n<\/ul>\n<p>Nuestro objetivo es garantizar el cumplimiento normativo y reducir el riesgo econ\u00f3mico y reputacional.<\/p>\n<h3><strong>Incapacidad laboral y accidentes de trabajo: defensa de tus derechos<\/strong><\/h3>\n<p>Cuando un trabajador sufre un accidente laboral o una enfermedad profesional, es fundamental contar con apoyo jur\u00eddico especializado. En <strong>Fern\u00e1ndez Advocats<\/strong>:<\/p>\n<ul>\n<li>Tramitamos procedimientos de incapacidad temporal y permanente.<\/li>\n<li>Reclamamos indemnizaciones por accidente de trabajo o enfermedad profesional.<\/li>\n<li>Impugnamos altas m\u00e9dicas indebidas.<\/li>\n<li>Intervenimos ante el INSS y mutuas colaboradoras.<\/li>\n<\/ul>\n<p>Actuamos en defensa del trabajador o en representaci\u00f3n de la empresa, en funci\u00f3n de cada caso concreto.<\/p>\n<h3><strong>Asesor\u00eda laboral para empresas: externalizaci\u00f3n y apoyo continuo<\/strong><\/h3>\n<p>Nuestro servicio de <strong>asesor\u00eda laboral<\/strong> permite a las empresas centrarse en su negocio mientras nosotros nos ocupamos de:<\/p>\n<ul>\n<li>Gesti\u00f3n de contratos, n\u00f3minas y seguros sociales.<\/li>\n<li>Aplicaci\u00f3n de convenios colectivos.<\/li>\n<li>Auditor\u00eda laboral interna.<\/li>\n<li>Estrategias de RRHH para optimizar plantillas y costes.<\/li>\n<\/ul>\n<p>Un acompa\u00f1amiento legal constante que aporta tranquilidad, seguridad jur\u00eddica y eficiencia.<\/p>\n<h3><strong>Negociaci\u00f3n colectiva: representaci\u00f3n y di\u00e1logo con garant\u00edas<\/strong><\/h3>\n<p>La negociaci\u00f3n colectiva es clave para mantener un clima laboral estable. Representamos tanto a empresas como a representantes de los trabajadores en:<\/p>\n<ul>\n<li>Negociaci\u00f3n de convenios.<\/li>\n<li>Modificaciones sustanciales colectivas.<\/li>\n<li>Procesos de mediaci\u00f3n y arbitraje.<\/li>\n<li>Conflictos colectivos o huelgas.<\/li>\n<\/ul>\n<p>Nuestra experiencia como <strong>abogados de Derecho Laboral en Berga<\/strong> nos permite facilitar acuerdos duraderos y equilibrados.<\/p>\n<h3><strong>Reclamaciones ante la Seguridad Social: pensiones, prestaciones y recursos<\/strong><\/h3>\n<p>El sistema de la Seguridad Social es complejo, y cualquier error puede derivar en la p\u00e9rdida de derechos. Te asesoramos y representamos en:<\/p>\n<ul>\n<li>Solicitudes de pensi\u00f3n de jubilaci\u00f3n, viudedad o incapacidad.<\/li>\n<li>Revisi\u00f3n de resoluciones denegatorias del INSS.<\/li>\n<li>Recursos ante el Instituto Nacional de la Seguridad Social.<\/li>\n<li>Procedimientos ante los juzgados de lo social.<\/li>\n<\/ul>\n<p>Luchamos para que recibas lo que te corresponde, sin demoras ni errores administrativos.<\/p>\n<h3><strong>Casos complejos: acoso laboral, cesi\u00f3n ilegal, cl\u00e1usulas especiales<\/strong><\/h3>\n<p>En <strong>Fern\u00e1ndez Advocats<\/strong> tambi\u00e9n abordamos casos especiales como:<\/p>\n<ul>\n<li>Acoso laboral (mobbing) y protecci\u00f3n frente al mismo.<\/li>\n<li>Cesi\u00f3n ilegal de trabajadores y contrataci\u00f3n fraudulenta.<\/li>\n<li>Cl\u00e1usulas de no competencia postcontractual.<\/li>\n<li>Conciliaciones previas y actas de conciliaci\u00f3n.<\/li>\n<\/ul>\n<p>Analizamos cada situaci\u00f3n con profundidad para ofrecer la mejor estrategia legal y proteger tus intereses.<\/p>\n<h3><strong>\u00bfPor qu\u00e9 confiar en Fern\u00e1ndez Advocats?<\/strong><\/h3>\n<p>\u2705 <strong>M\u00e1s de 40 a\u00f1os de experiencia<\/strong> defendiendo derechos laborales.<br \/>\n\u2705 Asesoramiento jur\u00eddico a medida, tanto para empresas como para particulares.<br \/>\n\u2705 Atenci\u00f3n personal y cercana, con sede en <strong>Berga<\/strong>.<br \/>\n\u2705 Intervenci\u00f3n directa ante Juzgados, Inspecci\u00f3n de Trabajo, Seguridad Social y organismos p\u00fablicos.<\/p>\n<h3><strong>Contacta con abogados expertos en Derecho Laboral y de la Seguridad Social<\/strong><\/h3>\n<p>Si buscas un <strong>abogado laboralista en Berga<\/strong> con experiencia, compromiso y resultados, en <strong>Fern\u00e1ndez Advocats<\/strong> te ofrecemos la ayuda que necesitas. Ya sea para resolver un conflicto, prevenir sanciones o proteger tus derechos como trabajador o empresa, podemos ayudarte.<\/p>\n<p>\ud83d\udcde <strong>Pide tu cita<\/strong> hoy mismo y cu\u00e9ntanos tu caso.<br \/>\n\u2709\ufe0f Estaremos encantados de escucharte y ofrecerte una soluci\u00f3n legal eficaz y personalizada.<\/p>\n<div id=\"gtx-trans\" style=\"position: absolute; left: -35px; top: 227.694px;\">\n<div class=\"gtx-trans-icon\"><\/div>\n<\/div>\n","protected":false},"excerpt":{"rendered":"<p>En Fern\u00e1ndez Advocats, llevamos m\u00e1s de 40 a\u00f1os defendiendo los derechos laborales de empresas, aut\u00f3nomos, directivos y trabajadores en Berga y comarca. Nuestro equipo de abogados especialistas en Derecho Laboral y de la Seguridad Social ofrece una asesor\u00eda jur\u00eddica completa para prevenir, gestionar y resolver cualquier tipo de conflicto o tr\u00e1mite relacionado con el \u00e1mbito [&hellip;]<\/p>\n","protected":false},"author":18,"featured_media":252997,"comment_status":"closed","ping_status":"closed","sticky":false,"template":"","format":"standard","meta":{"_et_pb_use_builder":"","_et_pb_old_content":"","_et_gb_content_width":"","footnotes":""},"categories":[28,39],"tags":[],"class_list":["post-252996","post","type-post","status-publish","format-standard","has-post-thumbnail","hentry","category-articulos-fa","category-derecho-laboral"],"yoast_head":"<!-- This site is optimized with the Yoast SEO plugin v27.1.1 - https:\/\/yoast.com\/product\/yoast-seo-wordpress\/ -->\n<title>Abogados en Derecho Laboral y Seguridad Social en Berga: Servicios Jur\u00eddicos Integrales para Empresas y Trabajadores | Fern\u00e1ndez Advocats<\/title>\n<meta name=\"robots\" content=\"index, follow, max-snippet:-1, max-image-preview:large, max-video-preview:-1\" \/>\n<link rel=\"canonical\" href=\"https:\/\/fernandezadvocats.es\/es\/abogados-en-derecho-laboral-y-seguridad-social-en-berga-servicios-juridicos-integrales-para-empresas-y-trabajadores\/\" \/>\n<meta property=\"og:locale\" content=\"es_ES\" \/>\n<meta property=\"og:type\" content=\"article\" \/>\n<meta property=\"og:title\" content=\"Abogados en Derecho Laboral y Seguridad Social en Berga: Servicios Jur\u00eddicos Integrales para Empresas y Trabajadores | Fern\u00e1ndez Advocats\" \/>\n<meta property=\"og:description\" content=\"En Fern\u00e1ndez Advocats, llevamos m\u00e1s de 40 a\u00f1os defendiendo los derechos laborales de empresas, aut\u00f3nomos, directivos y trabajadores en Berga y comarca. Nuestro equipo de abogados especialistas en Derecho Laboral y de la Seguridad Social ofrece una asesor\u00eda jur\u00eddica completa para prevenir, gestionar y resolver cualquier tipo de conflicto o tr\u00e1mite relacionado con el \u00e1mbito [&hellip;]\" \/>\n<meta property=\"og:url\" content=\"https:\/\/fernandezadvocats.es\/es\/abogados-en-derecho-laboral-y-seguridad-social-en-berga-servicios-juridicos-integrales-para-empresas-y-trabajadores\/\" \/>\n<meta property=\"og:site_name\" content=\"Fern\u00e1ndez Advocats\" \/>\n<meta property=\"article:published_time\" content=\"2025-06-05T10:12:04+00:00\" \/>\n<meta property=\"article:modified_time\" content=\"2026-01-21T17:10:32+00:00\" \/>\n<meta property=\"og:image\" content=\"https:\/\/fernandezadvocats.es\/wp-content\/uploads\/2025\/06\/cropped-view-of-businesswoman-holding-clipboard-ne-2024-11-11-09-59-18-utc-1-min-scaled.jpg\" \/>\n\t<meta property=\"og:image:width\" content=\"2560\" \/>\n\t<meta property=\"og:image:height\" content=\"1709\" \/>\n\t<meta property=\"og:image:type\" content=\"image\/jpeg\" \/>\n<meta name=\"author\" content=\"cotsnavarro@gmail.com\" \/>\n<meta name=\"twitter:card\" content=\"summary_large_image\" \/>\n<meta name=\"twitter:label1\" content=\"Escrito por\" \/>\n\t<meta name=\"twitter:data1\" content=\"cotsnavarro@gmail.com\" \/>\n\t<meta name=\"twitter:label2\" content=\"Tiempo de lectura\" \/>\n\t<meta name=\"twitter:data2\" content=\"5 minutos\" \/>\n<script type=\"application\/ld+json\" class=\"yoast-schema-graph\">{\"@context\":\"https:\/\/schema.org\",\"@graph\":[{\"@type\":\"Article\",\"@id\":\"https:\/\/fernandezadvocats.es\/es\/abogados-en-derecho-laboral-y-seguridad-social-en-berga-servicios-juridicos-integrales-para-empresas-y-trabajadores\/#article\",\"isPartOf\":{\"@id\":\"https:\/\/fernandezadvocats.es\/es\/abogados-en-derecho-laboral-y-seguridad-social-en-berga-servicios-juridicos-integrales-para-empresas-y-trabajadores\/\"},\"author\":{\"name\":\"cotsnavarro@gmail.com\",\"@id\":\"https:\/\/fernandezadvocats.es\/#\/schema\/person\/aff2913b94027c7ae14fa5b65c8e952e\"},\"headline\":\"Abogados en Derecho Laboral y Seguridad Social en Berga: Servicios Jur\u00eddicos Integrales para Empresas y Trabajadores\",\"datePublished\":\"2025-06-05T10:12:04+00:00\",\"dateModified\":\"2026-01-21T17:10:32+00:00\",\"mainEntityOfPage\":{\"@id\":\"https:\/\/fernandezadvocats.es\/es\/abogados-en-derecho-laboral-y-seguridad-social-en-berga-servicios-juridicos-integrales-para-empresas-y-trabajadores\/\"},\"wordCount\":903,\"publisher\":{\"@id\":\"https:\/\/fernandezadvocats.es\/#organization\"},\"image\":{\"@id\":\"https:\/\/fernandezadvocats.es\/es\/abogados-en-derecho-laboral-y-seguridad-social-en-berga-servicios-juridicos-integrales-para-empresas-y-trabajadores\/#primaryimage\"},\"thumbnailUrl\":\"https:\/\/fernandezadvocats.es\/wp-content\/uploads\/2025\/06\/cropped-view-of-businesswoman-holding-clipboard-ne-2024-11-11-09-59-18-utc-1-min-scaled.jpg\",\"articleSection\":[\"Art\u00edculos FA\",\"Derecho Laboral\"],\"inLanguage\":\"es\"},{\"@type\":\"WebPage\",\"@id\":\"https:\/\/fernandezadvocats.es\/es\/abogados-en-derecho-laboral-y-seguridad-social-en-berga-servicios-juridicos-integrales-para-empresas-y-trabajadores\/\",\"url\":\"https:\/\/fernandezadvocats.es\/es\/abogados-en-derecho-laboral-y-seguridad-social-en-berga-servicios-juridicos-integrales-para-empresas-y-trabajadores\/\",\"name\":\"Abogados en Derecho Laboral y Seguridad Social en Berga: Servicios Jur\u00eddicos Integrales para Empresas y Trabajadores | Fern\u00e1ndez Advocats\",\"isPartOf\":{\"@id\":\"https:\/\/fernandezadvocats.es\/#website\"},\"primaryImageOfPage\":{\"@id\":\"https:\/\/fernandezadvocats.es\/es\/abogados-en-derecho-laboral-y-seguridad-social-en-berga-servicios-juridicos-integrales-para-empresas-y-trabajadores\/#primaryimage\"},\"image\":{\"@id\":\"https:\/\/fernandezadvocats.es\/es\/abogados-en-derecho-laboral-y-seguridad-social-en-berga-servicios-juridicos-integrales-para-empresas-y-trabajadores\/#primaryimage\"},\"thumbnailUrl\":\"https:\/\/fernandezadvocats.es\/wp-content\/uploads\/2025\/06\/cropped-view-of-businesswoman-holding-clipboard-ne-2024-11-11-09-59-18-utc-1-min-scaled.jpg\",\"datePublished\":\"2025-06-05T10:12:04+00:00\",\"dateModified\":\"2026-01-21T17:10:32+00:00\",\"breadcrumb\":{\"@id\":\"https:\/\/fernandezadvocats.es\/es\/abogados-en-derecho-laboral-y-seguridad-social-en-berga-servicios-juridicos-integrales-para-empresas-y-trabajadores\/#breadcrumb\"},\"inLanguage\":\"es\",\"potentialAction\":[{\"@type\":\"ReadAction\",\"target\":[\"https:\/\/fernandezadvocats.es\/es\/abogados-en-derecho-laboral-y-seguridad-social-en-berga-servicios-juridicos-integrales-para-empresas-y-trabajadores\/\"]}]},{\"@type\":\"ImageObject\",\"inLanguage\":\"es\",\"@id\":\"https:\/\/fernandezadvocats.es\/es\/abogados-en-derecho-laboral-y-seguridad-social-en-berga-servicios-juridicos-integrales-para-empresas-y-trabajadores\/#primaryimage\",\"url\":\"https:\/\/fernandezadvocats.es\/wp-content\/uploads\/2025\/06\/cropped-view-of-businesswoman-holding-clipboard-ne-2024-11-11-09-59-18-utc-1-min-scaled.jpg\",\"contentUrl\":\"https:\/\/fernandezadvocats.es\/wp-content\/uploads\/2025\/06\/cropped-view-of-businesswoman-holding-clipboard-ne-2024-11-11-09-59-18-utc-1-min-scaled.jpg\",\"width\":2560,\"height\":1709},{\"@type\":\"BreadcrumbList\",\"@id\":\"https:\/\/fernandezadvocats.es\/es\/abogados-en-derecho-laboral-y-seguridad-social-en-berga-servicios-juridicos-integrales-para-empresas-y-trabajadores\/#breadcrumb\",\"itemListElement\":[{\"@type\":\"ListItem\",\"position\":1,\"name\":\"Portada\",\"item\":\"https:\/\/fernandezadvocats.es\/es\/fernandez-advocats-berga\/\"},{\"@type\":\"ListItem\",\"position\":2,\"name\":\"Abogados en Derecho Laboral y Seguridad Social en Berga: Servicios Jur\u00eddicos Integrales para Empresas y Trabajadores\"}]},{\"@type\":\"WebSite\",\"@id\":\"https:\/\/fernandezadvocats.es\/#website\",\"url\":\"https:\/\/fernandezadvocats.es\/\",\"name\":\"Fern\u00e1ndez Advocats\",\"description\":\"Advocats Berga i Barcelona\",\"publisher\":{\"@id\":\"https:\/\/fernandezadvocats.es\/#organization\"},\"alternateName\":\"Abogados Berga y Bracelona\",\"potentialAction\":[{\"@type\":\"SearchAction\",\"target\":{\"@type\":\"EntryPoint\",\"urlTemplate\":\"https:\/\/fernandezadvocats.es\/?s={search_term_string}\"},\"query-input\":{\"@type\":\"PropertyValueSpecification\",\"valueRequired\":true,\"valueName\":\"search_term_string\"}}],\"inLanguage\":\"es\"},{\"@type\":\"Organization\",\"@id\":\"https:\/\/fernandezadvocats.es\/#organization\",\"name\":\"Fern\u00e1ndez Advocats\",\"url\":\"https:\/\/fernandezadvocats.es\/\",\"logo\":{\"@type\":\"ImageObject\",\"inLanguage\":\"es\",\"@id\":\"https:\/\/fernandezadvocats.es\/#\/schema\/logo\/image\/\",\"url\":\"https:\/\/fernandezadvocats.es\/wp-content\/uploads\/2024\/11\/cropped-BF-e1731427554424.png\",\"contentUrl\":\"https:\/\/fernandezadvocats.es\/wp-content\/uploads\/2024\/11\/cropped-BF-e1731427554424.png\",\"width\":512,\"height\":512,\"caption\":\"Fern\u00e1ndez Advocats\"},\"image\":{\"@id\":\"https:\/\/fernandezadvocats.es\/#\/schema\/logo\/image\/\"}},{\"@type\":\"Person\",\"@id\":\"https:\/\/fernandezadvocats.es\/#\/schema\/person\/aff2913b94027c7ae14fa5b65c8e952e\",\"name\":\"cotsnavarro@gmail.com\",\"image\":{\"@type\":\"ImageObject\",\"inLanguage\":\"es\",\"@id\":\"https:\/\/fernandezadvocats.es\/#\/schema\/person\/image\/\",\"url\":\"https:\/\/secure.gravatar.com\/avatar\/f7b5f19c8706f5015123ab36ea43fc8c2d7e0ac445afc57f0bc3506aa91af918?s=96&d=mm&r=g\",\"contentUrl\":\"https:\/\/secure.gravatar.com\/avatar\/f7b5f19c8706f5015123ab36ea43fc8c2d7e0ac445afc57f0bc3506aa91af918?s=96&d=mm&r=g\",\"caption\":\"cotsnavarro@gmail.com\"},\"url\":\"https:\/\/fernandezadvocats.es\/es\/author\/cotsnavarrogmail-com\/\"}]}<\/script>\n<!-- \/ Yoast SEO plugin. -->","yoast_head_json":{"title":"Abogados en Derecho Laboral y Seguridad Social en Berga: Servicios Jur\u00eddicos Integrales para Empresas y Trabajadores | Fern\u00e1ndez Advocats","robots":{"index":"index","follow":"follow","max-snippet":"max-snippet:-1","max-image-preview":"max-image-preview:large","max-video-preview":"max-video-preview:-1"},"canonical":"https:\/\/fernandezadvocats.es\/es\/abogados-en-derecho-laboral-y-seguridad-social-en-berga-servicios-juridicos-integrales-para-empresas-y-trabajadores\/","og_locale":"es_ES","og_type":"article","og_title":"Abogados en Derecho Laboral y Seguridad Social en Berga: Servicios Jur\u00eddicos Integrales para Empresas y Trabajadores | Fern\u00e1ndez Advocats","og_description":"En Fern\u00e1ndez Advocats, llevamos m\u00e1s de 40 a\u00f1os defendiendo los derechos laborales de empresas, aut\u00f3nomos, directivos y trabajadores en Berga y comarca. Nuestro equipo de abogados especialistas en Derecho Laboral y de la Seguridad Social ofrece una asesor\u00eda jur\u00eddica completa para prevenir, gestionar y resolver cualquier tipo de conflicto o tr\u00e1mite relacionado con el \u00e1mbito [&hellip;]","og_url":"https:\/\/fernandezadvocats.es\/es\/abogados-en-derecho-laboral-y-seguridad-social-en-berga-servicios-juridicos-integrales-para-empresas-y-trabajadores\/","og_site_name":"Fern\u00e1ndez Advocats","article_published_time":"2025-06-05T10:12:04+00:00","article_modified_time":"2026-01-21T17:10:32+00:00","og_image":[{"width":2560,"height":1709,"url":"https:\/\/fernandezadvocats.es\/wp-content\/uploads\/2025\/06\/cropped-view-of-businesswoman-holding-clipboard-ne-2024-11-11-09-59-18-utc-1-min-scaled.jpg","type":"image\/jpeg"}],"author":"cotsnavarro@gmail.com","twitter_card":"summary_large_image","twitter_misc":{"Escrito por":"cotsnavarro@gmail.com","Tiempo de lectura":"5 minutos"},"schema":{"@context":"https:\/\/schema.org","@graph":[{"@type":"Article","@id":"https:\/\/fernandezadvocats.es\/es\/abogados-en-derecho-laboral-y-seguridad-social-en-berga-servicios-juridicos-integrales-para-empresas-y-trabajadores\/#article","isPartOf":{"@id":"https:\/\/fernandezadvocats.es\/es\/abogados-en-derecho-laboral-y-seguridad-social-en-berga-servicios-juridicos-integrales-para-empresas-y-trabajadores\/"},"author":{"name":"cotsnavarro@gmail.com","@id":"https:\/\/fernandezadvocats.es\/#\/schema\/person\/aff2913b94027c7ae14fa5b65c8e952e"},"headline":"Abogados en Derecho Laboral y Seguridad Social en Berga: Servicios Jur\u00eddicos Integrales para Empresas y Trabajadores","datePublished":"2025-06-05T10:12:04+00:00","dateModified":"2026-01-21T17:10:32+00:00","mainEntityOfPage":{"@id":"https:\/\/fernandezadvocats.es\/es\/abogados-en-derecho-laboral-y-seguridad-social-en-berga-servicios-juridicos-integrales-para-empresas-y-trabajadores\/"},"wordCount":903,"publisher":{"@id":"https:\/\/fernandezadvocats.es\/#organization"},"image":{"@id":"https:\/\/fernandezadvocats.es\/es\/abogados-en-derecho-laboral-y-seguridad-social-en-berga-servicios-juridicos-integrales-para-empresas-y-trabajadores\/#primaryimage"},"thumbnailUrl":"https:\/\/fernandezadvocats.es\/wp-content\/uploads\/2025\/06\/cropped-view-of-businesswoman-holding-clipboard-ne-2024-11-11-09-59-18-utc-1-min-scaled.jpg","articleSection":["Art\u00edculos FA","Derecho Laboral"],"inLanguage":"es"},{"@type":"WebPage","@id":"https:\/\/fernandezadvocats.es\/es\/abogados-en-derecho-laboral-y-seguridad-social-en-berga-servicios-juridicos-integrales-para-empresas-y-trabajadores\/","url":"https:\/\/fernandezadvocats.es\/es\/abogados-en-derecho-laboral-y-seguridad-social-en-berga-servicios-juridicos-integrales-para-empresas-y-trabajadores\/","name":"Abogados en Derecho Laboral y Seguridad Social en Berga: Servicios Jur\u00eddicos Integrales para Empresas y Trabajadores | Fern\u00e1ndez Advocats","isPartOf":{"@id":"https:\/\/fernandezadvocats.es\/#website"},"primaryImageOfPage":{"@id":"https:\/\/fernandezadvocats.es\/es\/abogados-en-derecho-laboral-y-seguridad-social-en-berga-servicios-juridicos-integrales-para-empresas-y-trabajadores\/#primaryimage"},"image":{"@id":"https:\/\/fernandezadvocats.es\/es\/abogados-en-derecho-laboral-y-seguridad-social-en-berga-servicios-juridicos-integrales-para-empresas-y-trabajadores\/#primaryimage"},"thumbnailUrl":"https:\/\/fernandezadvocats.es\/wp-content\/uploads\/2025\/06\/cropped-view-of-businesswoman-holding-clipboard-ne-2024-11-11-09-59-18-utc-1-min-scaled.jpg","datePublished":"2025-06-05T10:12:04+00:00","dateModified":"2026-01-21T17:10:32+00:00","breadcrumb":{"@id":"https:\/\/fernandezadvocats.es\/es\/abogados-en-derecho-laboral-y-seguridad-social-en-berga-servicios-juridicos-integrales-para-empresas-y-trabajadores\/#breadcrumb"},"inLanguage":"es","potentialAction":[{"@type":"ReadAction","target":["https:\/\/fernandezadvocats.es\/es\/abogados-en-derecho-laboral-y-seguridad-social-en-berga-servicios-juridicos-integrales-para-empresas-y-trabajadores\/"]}]},{"@type":"ImageObject","inLanguage":"es","@id":"https:\/\/fernandezadvocats.es\/es\/abogados-en-derecho-laboral-y-seguridad-social-en-berga-servicios-juridicos-integrales-para-empresas-y-trabajadores\/#primaryimage","url":"https:\/\/fernandezadvocats.es\/wp-content\/uploads\/2025\/06\/cropped-view-of-businesswoman-holding-clipboard-ne-2024-11-11-09-59-18-utc-1-min-scaled.jpg","contentUrl":"https:\/\/fernandezadvocats.es\/wp-content\/uploads\/2025\/06\/cropped-view-of-businesswoman-holding-clipboard-ne-2024-11-11-09-59-18-utc-1-min-scaled.jpg","width":2560,"height":1709},{"@type":"BreadcrumbList","@id":"https:\/\/fernandezadvocats.es\/es\/abogados-en-derecho-laboral-y-seguridad-social-en-berga-servicios-juridicos-integrales-para-empresas-y-trabajadores\/#breadcrumb","itemListElement":[{"@type":"ListItem","position":1,"name":"Portada","item":"https:\/\/fernandezadvocats.es\/es\/fernandez-advocats-berga\/"},{"@type":"ListItem","position":2,"name":"Abogados en Derecho Laboral y Seguridad Social en Berga: Servicios Jur\u00eddicos Integrales para Empresas y Trabajadores"}]},{"@type":"WebSite","@id":"https:\/\/fernandezadvocats.es\/#website","url":"https:\/\/fernandezadvocats.es\/","name":"Fern\u00e1ndez Advocats","description":"Advocats Berga i Barcelona","publisher":{"@id":"https:\/\/fernandezadvocats.es\/#organization"},"alternateName":"Abogados Berga y Bracelona","potentialAction":[{"@type":"SearchAction","target":{"@type":"EntryPoint","urlTemplate":"https:\/\/fernandezadvocats.es\/?s={search_term_string}"},"query-input":{"@type":"PropertyValueSpecification","valueRequired":true,"valueName":"search_term_string"}}],"inLanguage":"es"},{"@type":"Organization","@id":"https:\/\/fernandezadvocats.es\/#organization","name":"Fern\u00e1ndez Advocats","url":"https:\/\/fernandezadvocats.es\/","logo":{"@type":"ImageObject","inLanguage":"es","@id":"https:\/\/fernandezadvocats.es\/#\/schema\/logo\/image\/","url":"https:\/\/fernandezadvocats.es\/wp-content\/uploads\/2024\/11\/cropped-BF-e1731427554424.png","contentUrl":"https:\/\/fernandezadvocats.es\/wp-content\/uploads\/2024\/11\/cropped-BF-e1731427554424.png","width":512,"height":512,"caption":"Fern\u00e1ndez Advocats"},"image":{"@id":"https:\/\/fernandezadvocats.es\/#\/schema\/logo\/image\/"}},{"@type":"Person","@id":"https:\/\/fernandezadvocats.es\/#\/schema\/person\/aff2913b94027c7ae14fa5b65c8e952e","name":"cotsnavarro@gmail.com","image":{"@type":"ImageObject","inLanguage":"es","@id":"https:\/\/fernandezadvocats.es\/#\/schema\/person\/image\/","url":"https:\/\/secure.gravatar.com\/avatar\/f7b5f19c8706f5015123ab36ea43fc8c2d7e0ac445afc57f0bc3506aa91af918?s=96&d=mm&r=g","contentUrl":"https:\/\/secure.gravatar.com\/avatar\/f7b5f19c8706f5015123ab36ea43fc8c2d7e0ac445afc57f0bc3506aa91af918?s=96&d=mm&r=g","caption":"cotsnavarro@gmail.com"},"url":"https:\/\/fernandezadvocats.es\/es\/author\/cotsnavarrogmail-com\/"}]}},"_links":{"self":[{"href":"https:\/\/fernandezadvocats.es\/es\/wp-json\/wp\/v2\/posts\/252996","targetHints":{"allow":["GET"]}}],"collection":[{"href":"https:\/\/fernandezadvocats.es\/es\/wp-json\/wp\/v2\/posts"}],"about":[{"href":"https:\/\/fernandezadvocats.es\/es\/wp-json\/wp\/v2\/types\/post"}],"author":[{"embeddable":true,"href":"https:\/\/fernandezadvocats.es\/es\/wp-json\/wp\/v2\/users\/18"}],"replies":[{"embeddable":true,"href":"https:\/\/fernandezadvocats.es\/es\/wp-json\/wp\/v2\/comments?post=252996"}],"version-history":[{"count":1,"href":"https:\/\/fernandezadvocats.es\/es\/wp-json\/wp\/v2\/posts\/252996\/revisions"}],"predecessor-version":[{"id":252999,"href":"https:\/\/fernandezadvocats.es\/es\/wp-json\/wp\/v2\/posts\/252996\/revisions\/252999"}],"wp:featuredmedia":[{"embeddable":true,"href":"https:\/\/fernandezadvocats.es\/es\/wp-json\/wp\/v2\/media\/252997"}],"wp:attachment":[{"href":"https:\/\/fernandezadvocats.es\/es\/wp-json\/wp\/v2\/media?parent=252996"}],"wp:term":[{"taxonomy":"category","embeddable":true,"href":"https:\/\/fernandezadvocats.es\/es\/wp-json\/wp\/v2\/categories?post=252996"},{"taxonomy":"post_tag","embeddable":true,"href":"https:\/\/fernandezadvocats.es\/es\/wp-json\/wp\/v2\/tags?post=252996"}],"curies":[{"name":"wp","href":"https:\/\/api.w.org\/{rel}","templated":true}]}}