{"id":253031,"date":"2025-06-16T17:51:25","date_gmt":"2025-06-16T15:51:25","guid":{"rendered":"https:\/\/fernandezadvocats.es\/?p=253031"},"modified":"2026-01-21T18:09:46","modified_gmt":"2026-01-21T17:09:46","slug":"la-audiencia-provincial-ordena-la-reapertura-de-una-causa-archivada-por-robo-tras-nuevas-diligencias-clave","status":"publish","type":"post","link":"https:\/\/fernandezadvocats.es\/es\/la-audiencia-provincial-ordena-la-reapertura-de-una-causa-archivada-por-robo-tras-nuevas-diligencias-clave\/","title":{"rendered":"La Audiencia Provincial ordena la reapertura de una causa archivada por robo tras nuevas diligencias clave"},"content":{"rendered":"<p><a href=\"https:\/\/fernandezadvocats.es\/wp-content\/uploads\/2025\/06\/expertise-sobreseiment.pdf\"><strong>DESCARGAR ART\u00cdCULO COMPLETO EN PDF.<\/strong><\/a><\/p>\n<p>Acude a nuestro despacho un cliente el cual ha sido v\u00edctima de un robo. Concretamente hab\u00eda ido cobrar unos cheques al banco y se hab\u00eda trasladado a su lugar de trabajo dejando los billetes dentro de un sobre en la guantera de su veh\u00edculo el cual hab\u00eda estacionado delante de las oficinas de su empresa, situadas en un pol\u00edgono industrial. Al cabo de un rato, se le alerta por parte del personal de su empresa que tiene el cristal del copiloto roto con la guantera abierta.<\/p>\n<p>Desde el inicio, nuestras sospechas fueron que el culpable del robo hab\u00eda seguido a nuestro cliente desde el momento en que el mismo hab\u00eda acudido al banco a cobrar los cheques. Para poder probar nuestra tesis, aportamos las c\u00e1maras de seguridad cercanas al recinto de la empresa de nuestro cliente para que, de esta manera, la fuerza instructora pudiera valorarlas e intentar determinar qui\u00e9nes eran los culpables del delito investigado.<\/p>\n<p>Si bien las im\u00e1genes de las c\u00e1maras de seguridad aportadas mostraban a unos individuos merodeando cerca del veh\u00edculo objeto del robo hablando por tel\u00e9fono, de las mismas no se pudo reconocer al autor o autores de los hechos, sino que tan solo se pudo determinar el veh\u00edculo utilizado para realizar su huida.\u00a0 La fuerza instructora realiz\u00f3 todo el conjunto de diligencias que consider\u00f3 pertinentes para poder identificar al autor, pero su se\u00f1or\u00eda, respaldada en todo momento por el Ministerio Fiscal, considero que lo m\u00e1s adecuado, atendiendo a que no se pod\u00eda determinar la identidad del autor de los hechos investigados era sobreseer provisionalmente las actuaciones y en consecuencia, archivar las mismas.<\/p>\n<p>Nuestro objetivo era claro. Necesit\u00e1bamos que se reabriera el procedimiento ya que consider\u00e1bamos que hab\u00eda otras diligencias de investigaci\u00f3n pertinentes y \u00fatiles que pod\u00edan ser utilizadas para poder, al menos, intentar averiguar quien o quienes eran los culpables del robo.<\/p>\n<p>Para solicitar la reapertura del procedimiento, en primer lugar, interpusimos un recurso de reforma ante el mismo Juzgado conocedor del conjunto de actuaciones llevadas a cabo en el que expon\u00edamos que no era procedente determinar un sobreseimiento debido a que no se hab\u00edan extinguido todos los mecanismos existentes para poder identificar a los autores de los hechos y, en consecuencia, dicho sobreseimiento causaba una clara indefensi\u00f3n a nuestro representado al no poderse practicar las diligencias pertinentes. Nuestro argumento principal era que la instrucci\u00f3n ten\u00eda que seguir vigente, para poder proponer y acordar nuevas diligencias de investigaci\u00f3n distintas a las ya acordadas y\/o consideradas por parte del Juzgado atendiendo a que consider\u00e1bamos que el sobreseimiento ten\u00eda que ser la \u00faltima opci\u00f3n por considerar por parte del Juez instructor.<\/p>\n<p>Asimismo, en el mismo recurso aprovechamos para proponer un conjunto de diligencias. Sin embargo, al ser peticiones que pod\u00edan afectar a terceros como pod\u00eda ser el an\u00e1lisis del tr\u00e1fico de llamadas registrado en los distintos repetidores de telefon\u00eda m\u00f3vil, as\u00ed como el an\u00e1lisis de las c\u00e1maras de tr\u00e1fico que pod\u00edan encontrarse entre el banco y la oficina de nuestro representado el juzgado desestimo nuestro recurso de reforma.<\/p>\n<p>No quedando satisfechos con el resultado, nuestro equipo del departamento de penal interpuso un recurso de apelaci\u00f3n ante la Audiencia Provincial de Barcelona siguiendo la misma l\u00ednea. Antes de proceder a un sobreseimiento con su consecuente archivo, se ten\u00edan que agotar todas v\u00edas de investigaci\u00f3n para evitar, de esta manera, una indefensi\u00f3n para nuestro cliente.<\/p>\n<h3><strong>Resoluci\u00f3n de la Audiencia<\/strong><\/h3>\n<p>La Audiencia Provincial ha estimado \u00edntegramente el recurso presentado por nuestro equipo legal, permitiendo que se adopten diligencias de investigaci\u00f3n previamente denegadas, muchas de ellas de car\u00e1cter tecnol\u00f3gico. Las mismas, para poderse adoptar, deben pasar filtro basado en un conjunto de requisitos \u2013 establecidos en el art. 588 bis LECrim- a valorar por parte del tribunal ya que normalmente producen una injerencia a los derechos y libertades fundamentales de terceros.<\/p>\n<p>Dichos requisitos- la especialidad, idoneidad, excepcionalidad, necesidad y proporcionalidad- para la Audiencia Provincial, en el caso concreto se cumplen al haberse extinguido todas las otras v\u00edas de investigaci\u00f3n con menos injerencia en los derechos fundamentales.<\/p>\n<p>En su resoluci\u00f3n, la Audiencia Provincial subraya que, si bien las c\u00e1maras de seguridad no lograron identificar directamente al sospechoso, proporcionaron informaci\u00f3n relevante, como el modelo y color del veh\u00edculo utilizado y las horas aproximadas del seguimiento al cliente. Estos datos justifican la adopci\u00f3n de medidas adicionales para avanzar en la investigaci\u00f3n.<\/p>\n<p>Atendiendo a los datos que constaban, y siendo que las diligencias propuestas por nuestro equipo legal ten\u00edan en cuenta la posible injerencia a derechos y libertades fundamentales de terceros y acotaban al m\u00e1ximo las peticiones efectuadas, cuando el tribunal ponder\u00f3 los intereses en conflicto, es decir, cuando se valoraron todas las circunstancias del caso, la Audiencia Provincial, \u00a0consider\u00f3 que el perjuicio a los derechos e intereses afectados era menor al beneficio que la adopci\u00f3n de la diligencia de investigaci\u00f3n resultaba para el inter\u00e9s p\u00fablico. En palabras llanas, la injerencia de poder descubrir qu\u00e9 veh\u00edculos circulaban por una determinada carretera en una hora concreta era un perjuicio a los derechos y libertades fundamentales a terceros totalmente aceptable siendo que solo se buscar\u00eda la titularidad del veh\u00edculo\/veh\u00edculos que se asemejaran al modelo obtenido por las c\u00e1maras de seguridad que constaban en las actuaciones.<\/p>\n<p>De la misma manera, solicitar a las compa\u00f1\u00edas telef\u00f3nicas el an\u00e1lisis de tr\u00e1fico de llamadas registrado en los repetidores cercanos al lugar de los hechos tambi\u00e9n es unan diligencia de investigaci\u00f3n \u00f3ptima y necesaria. La misma se solicit\u00f3 con todas las limitaciones necesarias con la clara voluntad de evitar la menor afectaci\u00f3n posible de derechos de terceros. Al contar con una evidencia gr\u00e1fica y registrada como es que el sujeto sospechoso se encontraba en ese preciso lapso de tiempo utilizando el dispositivo y, por ende, ser un elemento indiciario s\u00f3lido que pod\u00eda contribuir a la identificaci\u00f3n del sujeto part\u00edcipe de los hechos, as\u00ed como que los datos que se pod\u00edan obtener de la pr\u00e1ctica de la referida diligencia ser\u00edan tratados \u00fanicamente por la fuerza policial -y en ocasi\u00f3n de una instrucci\u00f3n penal- con el \u00fanico objetivo de identificar a los presuntos autores, ponderando la injerencia que podr\u00eda suponer para la poblaci\u00f3n en general la medida solicitada es, en palabras de la Audiencia Provincial de Barcelona, totalmente proporcional y ajustada a Derecho.<\/p>\n<h3><strong>Conclusiones<\/strong><\/h3>\n<p>La estimaci\u00f3n \u00edntegra del recurso interpuesto por nuestro equipo legal ha logrado que la v\u00edctima del robo pueda agotar todas las v\u00edas de investigaci\u00f3n disponibles antes de que se archive el procedimiento. Si bien todav\u00eda no se ha podido identificar a los responsables de los hechos, \u00a0la resoluci\u00f3n de la Audiencia Provincial refleja su clara voluntad de evitar dejar impunes los actos investigados.<\/p>\n<p>A pesar de que las diligencias solicitadas podr\u00edan vulnerar derechos y libertades fundamentales de terceros, la argumentaci\u00f3n precisa presentada, basada en la necesidad, idoneidad y proporcionalidad de las mismas, ha sido determinante para que la Audiencia considerara su pr\u00e1ctica como ajustada a Derecho.<\/p>\n<p>Este resultado destaca la importancia de fundamentar adecuadamente las solicitudes de diligencias de investigaci\u00f3n, explicando detalladamente su relevancia y limitando al m\u00e1ximo las posibles injerencias en derechos de terceros. As\u00ed, se garantiza que el inter\u00e9s p\u00fablico y el derecho a la tutela judicial efectiva prevalezcan sin comprometer los principios de proporcionalidad y respeto a los derechos fundamentales.<\/p>\n<p><em>*El presente art\u00edculo es meramente divulgativo y no supone asesoramiento ni compromiso de actualizaci\u00f3n.<\/em><\/p>\n<p><em>Para m\u00e1s informaci\u00f3n o asesoramiento, contacte con info@fernandezadvocats.es.<\/em><\/p>\n","protected":false},"excerpt":{"rendered":"<p>DESCARGAR ART\u00cdCULO COMPLETO EN PDF. Acude a nuestro despacho un cliente el cual ha sido v\u00edctima de un robo. Concretamente hab\u00eda ido cobrar unos cheques al banco y se hab\u00eda trasladado a su lugar de trabajo dejando los billetes dentro de un sobre en la guantera de su veh\u00edculo el cual hab\u00eda estacionado delante de [&hellip;]<\/p>\n","protected":false},"author":18,"featured_media":253034,"comment_status":"closed","ping_status":"closed","sticky":false,"template":"","format":"standard","meta":{"_et_pb_use_builder":"","_et_pb_old_content":"","_et_gb_content_width":"","footnotes":""},"categories":[44,29,153],"tags":[],"class_list":["post-253031","post","type-post","status-publish","format-standard","has-post-thumbnail","hentry","category-derecho-penal","category-expertise-fa-es","category-investigacion-criminal"],"yoast_head":"<!-- This site is optimized with the Yoast SEO plugin v27.1.1 - https:\/\/yoast.com\/product\/yoast-seo-wordpress\/ -->\n<title>La Audiencia Provincial ordena la reapertura de una causa archivada por robo tras nuevas diligencias clave | Fern\u00e1ndez Advocats<\/title>\n<meta name=\"robots\" content=\"index, follow, max-snippet:-1, max-image-preview:large, max-video-preview:-1\" \/>\n<link rel=\"canonical\" href=\"https:\/\/fernandezadvocats.es\/es\/la-audiencia-provincial-ordena-la-reapertura-de-una-causa-archivada-por-robo-tras-nuevas-diligencias-clave\/\" \/>\n<meta property=\"og:locale\" content=\"es_ES\" \/>\n<meta property=\"og:type\" content=\"article\" \/>\n<meta property=\"og:title\" content=\"La Audiencia Provincial ordena la reapertura de una causa archivada por robo tras nuevas diligencias clave | Fern\u00e1ndez Advocats\" \/>\n<meta property=\"og:description\" content=\"DESCARGAR ART\u00cdCULO COMPLETO EN PDF. Acude a nuestro despacho un cliente el cual ha sido v\u00edctima de un robo. Concretamente hab\u00eda ido cobrar unos cheques al banco y se hab\u00eda trasladado a su lugar de trabajo dejando los billetes dentro de un sobre en la guantera de su veh\u00edculo el cual hab\u00eda estacionado delante de [&hellip;]\" \/>\n<meta property=\"og:url\" content=\"https:\/\/fernandezadvocats.es\/es\/la-audiencia-provincial-ordena-la-reapertura-de-una-causa-archivada-por-robo-tras-nuevas-diligencias-clave\/\" \/>\n<meta property=\"og:site_name\" content=\"Fern\u00e1ndez Advocats\" \/>\n<meta property=\"article:published_time\" content=\"2025-06-16T15:51:25+00:00\" \/>\n<meta property=\"article:modified_time\" content=\"2026-01-21T17:09:46+00:00\" \/>\n<meta property=\"og:image\" content=\"https:\/\/fernandezadvocats.es\/wp-content\/uploads\/2025\/06\/the-thief-is-stealing-the-purse-in-the-car-2024-10-11-13-22-49-utc-min-scaled.jpg\" \/>\n\t<meta property=\"og:image:width\" content=\"2560\" \/>\n\t<meta property=\"og:image:height\" content=\"1707\" \/>\n\t<meta property=\"og:image:type\" content=\"image\/jpeg\" \/>\n<meta name=\"author\" content=\"cotsnavarro@gmail.com\" \/>\n<meta name=\"twitter:card\" content=\"summary_large_image\" \/>\n<meta name=\"twitter:label1\" content=\"Escrito por\" \/>\n\t<meta name=\"twitter:data1\" content=\"cotsnavarro@gmail.com\" \/>\n\t<meta name=\"twitter:label2\" content=\"Tiempo de lectura\" \/>\n\t<meta name=\"twitter:data2\" content=\"7 minutos\" \/>\n<script type=\"application\/ld+json\" class=\"yoast-schema-graph\">{\"@context\":\"https:\/\/schema.org\",\"@graph\":[{\"@type\":\"Article\",\"@id\":\"https:\/\/fernandezadvocats.es\/es\/la-audiencia-provincial-ordena-la-reapertura-de-una-causa-archivada-por-robo-tras-nuevas-diligencias-clave\/#article\",\"isPartOf\":{\"@id\":\"https:\/\/fernandezadvocats.es\/es\/la-audiencia-provincial-ordena-la-reapertura-de-una-causa-archivada-por-robo-tras-nuevas-diligencias-clave\/\"},\"author\":{\"name\":\"cotsnavarro@gmail.com\",\"@id\":\"https:\/\/fernandezadvocats.es\/#\/schema\/person\/aff2913b94027c7ae14fa5b65c8e952e\"},\"headline\":\"La Audiencia Provincial ordena la reapertura de una causa archivada por robo tras nuevas diligencias clave\",\"datePublished\":\"2025-06-16T15:51:25+00:00\",\"dateModified\":\"2026-01-21T17:09:46+00:00\",\"mainEntityOfPage\":{\"@id\":\"https:\/\/fernandezadvocats.es\/es\/la-audiencia-provincial-ordena-la-reapertura-de-una-causa-archivada-por-robo-tras-nuevas-diligencias-clave\/\"},\"wordCount\":1347,\"publisher\":{\"@id\":\"https:\/\/fernandezadvocats.es\/#organization\"},\"image\":{\"@id\":\"https:\/\/fernandezadvocats.es\/es\/la-audiencia-provincial-ordena-la-reapertura-de-una-causa-archivada-por-robo-tras-nuevas-diligencias-clave\/#primaryimage\"},\"thumbnailUrl\":\"https:\/\/fernandezadvocats.es\/wp-content\/uploads\/2025\/06\/the-thief-is-stealing-the-purse-in-the-car-2024-10-11-13-22-49-utc-min-scaled.jpg\",\"articleSection\":[\"Derecho Penal\",\"Expertise FA\",\"Investigaci\u00f3n Criminal\"],\"inLanguage\":\"es\"},{\"@type\":\"WebPage\",\"@id\":\"https:\/\/fernandezadvocats.es\/es\/la-audiencia-provincial-ordena-la-reapertura-de-una-causa-archivada-por-robo-tras-nuevas-diligencias-clave\/\",\"url\":\"https:\/\/fernandezadvocats.es\/es\/la-audiencia-provincial-ordena-la-reapertura-de-una-causa-archivada-por-robo-tras-nuevas-diligencias-clave\/\",\"name\":\"La Audiencia Provincial ordena la reapertura de una causa archivada por robo tras nuevas diligencias clave | Fern\u00e1ndez Advocats\",\"isPartOf\":{\"@id\":\"https:\/\/fernandezadvocats.es\/#website\"},\"primaryImageOfPage\":{\"@id\":\"https:\/\/fernandezadvocats.es\/es\/la-audiencia-provincial-ordena-la-reapertura-de-una-causa-archivada-por-robo-tras-nuevas-diligencias-clave\/#primaryimage\"},\"image\":{\"@id\":\"https:\/\/fernandezadvocats.es\/es\/la-audiencia-provincial-ordena-la-reapertura-de-una-causa-archivada-por-robo-tras-nuevas-diligencias-clave\/#primaryimage\"},\"thumbnailUrl\":\"https:\/\/fernandezadvocats.es\/wp-content\/uploads\/2025\/06\/the-thief-is-stealing-the-purse-in-the-car-2024-10-11-13-22-49-utc-min-scaled.jpg\",\"datePublished\":\"2025-06-16T15:51:25+00:00\",\"dateModified\":\"2026-01-21T17:09:46+00:00\",\"breadcrumb\":{\"@id\":\"https:\/\/fernandezadvocats.es\/es\/la-audiencia-provincial-ordena-la-reapertura-de-una-causa-archivada-por-robo-tras-nuevas-diligencias-clave\/#breadcrumb\"},\"inLanguage\":\"es\",\"potentialAction\":[{\"@type\":\"ReadAction\",\"target\":[\"https:\/\/fernandezadvocats.es\/es\/la-audiencia-provincial-ordena-la-reapertura-de-una-causa-archivada-por-robo-tras-nuevas-diligencias-clave\/\"]}]},{\"@type\":\"ImageObject\",\"inLanguage\":\"es\",\"@id\":\"https:\/\/fernandezadvocats.es\/es\/la-audiencia-provincial-ordena-la-reapertura-de-una-causa-archivada-por-robo-tras-nuevas-diligencias-clave\/#primaryimage\",\"url\":\"https:\/\/fernandezadvocats.es\/wp-content\/uploads\/2025\/06\/the-thief-is-stealing-the-purse-in-the-car-2024-10-11-13-22-49-utc-min-scaled.jpg\",\"contentUrl\":\"https:\/\/fernandezadvocats.es\/wp-content\/uploads\/2025\/06\/the-thief-is-stealing-the-purse-in-the-car-2024-10-11-13-22-49-utc-min-scaled.jpg\",\"width\":2560,\"height\":1707},{\"@type\":\"BreadcrumbList\",\"@id\":\"https:\/\/fernandezadvocats.es\/es\/la-audiencia-provincial-ordena-la-reapertura-de-una-causa-archivada-por-robo-tras-nuevas-diligencias-clave\/#breadcrumb\",\"itemListElement\":[{\"@type\":\"ListItem\",\"position\":1,\"name\":\"Portada\",\"item\":\"https:\/\/fernandezadvocats.es\/es\/fernandez-advocats-berga\/\"},{\"@type\":\"ListItem\",\"position\":2,\"name\":\"La Audiencia Provincial ordena la reapertura de una causa archivada por robo tras nuevas diligencias clave\"}]},{\"@type\":\"WebSite\",\"@id\":\"https:\/\/fernandezadvocats.es\/#website\",\"url\":\"https:\/\/fernandezadvocats.es\/\",\"name\":\"Fern\u00e1ndez Advocats\",\"description\":\"Advocats Berga i Barcelona\",\"publisher\":{\"@id\":\"https:\/\/fernandezadvocats.es\/#organization\"},\"alternateName\":\"Abogados Berga y Bracelona\",\"potentialAction\":[{\"@type\":\"SearchAction\",\"target\":{\"@type\":\"EntryPoint\",\"urlTemplate\":\"https:\/\/fernandezadvocats.es\/?s={search_term_string}\"},\"query-input\":{\"@type\":\"PropertyValueSpecification\",\"valueRequired\":true,\"valueName\":\"search_term_string\"}}],\"inLanguage\":\"es\"},{\"@type\":\"Organization\",\"@id\":\"https:\/\/fernandezadvocats.es\/#organization\",\"name\":\"Fern\u00e1ndez Advocats\",\"url\":\"https:\/\/fernandezadvocats.es\/\",\"logo\":{\"@type\":\"ImageObject\",\"inLanguage\":\"es\",\"@id\":\"https:\/\/fernandezadvocats.es\/#\/schema\/logo\/image\/\",\"url\":\"https:\/\/fernandezadvocats.es\/wp-content\/uploads\/2024\/11\/cropped-BF-e1731427554424.png\",\"contentUrl\":\"https:\/\/fernandezadvocats.es\/wp-content\/uploads\/2024\/11\/cropped-BF-e1731427554424.png\",\"width\":512,\"height\":512,\"caption\":\"Fern\u00e1ndez Advocats\"},\"image\":{\"@id\":\"https:\/\/fernandezadvocats.es\/#\/schema\/logo\/image\/\"}},{\"@type\":\"Person\",\"@id\":\"https:\/\/fernandezadvocats.es\/#\/schema\/person\/aff2913b94027c7ae14fa5b65c8e952e\",\"name\":\"cotsnavarro@gmail.com\",\"image\":{\"@type\":\"ImageObject\",\"inLanguage\":\"es\",\"@id\":\"https:\/\/fernandezadvocats.es\/#\/schema\/person\/image\/\",\"url\":\"https:\/\/secure.gravatar.com\/avatar\/f7b5f19c8706f5015123ab36ea43fc8c2d7e0ac445afc57f0bc3506aa91af918?s=96&d=mm&r=g\",\"contentUrl\":\"https:\/\/secure.gravatar.com\/avatar\/f7b5f19c8706f5015123ab36ea43fc8c2d7e0ac445afc57f0bc3506aa91af918?s=96&d=mm&r=g\",\"caption\":\"cotsnavarro@gmail.com\"},\"url\":\"https:\/\/fernandezadvocats.es\/es\/author\/cotsnavarrogmail-com\/\"}]}<\/script>\n<!-- \/ Yoast SEO plugin. -->","yoast_head_json":{"title":"La Audiencia Provincial ordena la reapertura de una causa archivada por robo tras nuevas diligencias clave | Fern\u00e1ndez Advocats","robots":{"index":"index","follow":"follow","max-snippet":"max-snippet:-1","max-image-preview":"max-image-preview:large","max-video-preview":"max-video-preview:-1"},"canonical":"https:\/\/fernandezadvocats.es\/es\/la-audiencia-provincial-ordena-la-reapertura-de-una-causa-archivada-por-robo-tras-nuevas-diligencias-clave\/","og_locale":"es_ES","og_type":"article","og_title":"La Audiencia Provincial ordena la reapertura de una causa archivada por robo tras nuevas diligencias clave | Fern\u00e1ndez Advocats","og_description":"DESCARGAR ART\u00cdCULO COMPLETO EN PDF. Acude a nuestro despacho un cliente el cual ha sido v\u00edctima de un robo. Concretamente hab\u00eda ido cobrar unos cheques al banco y se hab\u00eda trasladado a su lugar de trabajo dejando los billetes dentro de un sobre en la guantera de su veh\u00edculo el cual hab\u00eda estacionado delante de [&hellip;]","og_url":"https:\/\/fernandezadvocats.es\/es\/la-audiencia-provincial-ordena-la-reapertura-de-una-causa-archivada-por-robo-tras-nuevas-diligencias-clave\/","og_site_name":"Fern\u00e1ndez Advocats","article_published_time":"2025-06-16T15:51:25+00:00","article_modified_time":"2026-01-21T17:09:46+00:00","og_image":[{"width":2560,"height":1707,"url":"https:\/\/fernandezadvocats.es\/wp-content\/uploads\/2025\/06\/the-thief-is-stealing-the-purse-in-the-car-2024-10-11-13-22-49-utc-min-scaled.jpg","type":"image\/jpeg"}],"author":"cotsnavarro@gmail.com","twitter_card":"summary_large_image","twitter_misc":{"Escrito por":"cotsnavarro@gmail.com","Tiempo de lectura":"7 minutos"},"schema":{"@context":"https:\/\/schema.org","@graph":[{"@type":"Article","@id":"https:\/\/fernandezadvocats.es\/es\/la-audiencia-provincial-ordena-la-reapertura-de-una-causa-archivada-por-robo-tras-nuevas-diligencias-clave\/#article","isPartOf":{"@id":"https:\/\/fernandezadvocats.es\/es\/la-audiencia-provincial-ordena-la-reapertura-de-una-causa-archivada-por-robo-tras-nuevas-diligencias-clave\/"},"author":{"name":"cotsnavarro@gmail.com","@id":"https:\/\/fernandezadvocats.es\/#\/schema\/person\/aff2913b94027c7ae14fa5b65c8e952e"},"headline":"La Audiencia Provincial ordena la reapertura de una causa archivada por robo tras nuevas diligencias clave","datePublished":"2025-06-16T15:51:25+00:00","dateModified":"2026-01-21T17:09:46+00:00","mainEntityOfPage":{"@id":"https:\/\/fernandezadvocats.es\/es\/la-audiencia-provincial-ordena-la-reapertura-de-una-causa-archivada-por-robo-tras-nuevas-diligencias-clave\/"},"wordCount":1347,"publisher":{"@id":"https:\/\/fernandezadvocats.es\/#organization"},"image":{"@id":"https:\/\/fernandezadvocats.es\/es\/la-audiencia-provincial-ordena-la-reapertura-de-una-causa-archivada-por-robo-tras-nuevas-diligencias-clave\/#primaryimage"},"thumbnailUrl":"https:\/\/fernandezadvocats.es\/wp-content\/uploads\/2025\/06\/the-thief-is-stealing-the-purse-in-the-car-2024-10-11-13-22-49-utc-min-scaled.jpg","articleSection":["Derecho Penal","Expertise FA","Investigaci\u00f3n Criminal"],"inLanguage":"es"},{"@type":"WebPage","@id":"https:\/\/fernandezadvocats.es\/es\/la-audiencia-provincial-ordena-la-reapertura-de-una-causa-archivada-por-robo-tras-nuevas-diligencias-clave\/","url":"https:\/\/fernandezadvocats.es\/es\/la-audiencia-provincial-ordena-la-reapertura-de-una-causa-archivada-por-robo-tras-nuevas-diligencias-clave\/","name":"La Audiencia Provincial ordena la reapertura de una causa archivada por robo tras nuevas diligencias clave | Fern\u00e1ndez Advocats","isPartOf":{"@id":"https:\/\/fernandezadvocats.es\/#website"},"primaryImageOfPage":{"@id":"https:\/\/fernandezadvocats.es\/es\/la-audiencia-provincial-ordena-la-reapertura-de-una-causa-archivada-por-robo-tras-nuevas-diligencias-clave\/#primaryimage"},"image":{"@id":"https:\/\/fernandezadvocats.es\/es\/la-audiencia-provincial-ordena-la-reapertura-de-una-causa-archivada-por-robo-tras-nuevas-diligencias-clave\/#primaryimage"},"thumbnailUrl":"https:\/\/fernandezadvocats.es\/wp-content\/uploads\/2025\/06\/the-thief-is-stealing-the-purse-in-the-car-2024-10-11-13-22-49-utc-min-scaled.jpg","datePublished":"2025-06-16T15:51:25+00:00","dateModified":"2026-01-21T17:09:46+00:00","breadcrumb":{"@id":"https:\/\/fernandezadvocats.es\/es\/la-audiencia-provincial-ordena-la-reapertura-de-una-causa-archivada-por-robo-tras-nuevas-diligencias-clave\/#breadcrumb"},"inLanguage":"es","potentialAction":[{"@type":"ReadAction","target":["https:\/\/fernandezadvocats.es\/es\/la-audiencia-provincial-ordena-la-reapertura-de-una-causa-archivada-por-robo-tras-nuevas-diligencias-clave\/"]}]},{"@type":"ImageObject","inLanguage":"es","@id":"https:\/\/fernandezadvocats.es\/es\/la-audiencia-provincial-ordena-la-reapertura-de-una-causa-archivada-por-robo-tras-nuevas-diligencias-clave\/#primaryimage","url":"https:\/\/fernandezadvocats.es\/wp-content\/uploads\/2025\/06\/the-thief-is-stealing-the-purse-in-the-car-2024-10-11-13-22-49-utc-min-scaled.jpg","contentUrl":"https:\/\/fernandezadvocats.es\/wp-content\/uploads\/2025\/06\/the-thief-is-stealing-the-purse-in-the-car-2024-10-11-13-22-49-utc-min-scaled.jpg","width":2560,"height":1707},{"@type":"BreadcrumbList","@id":"https:\/\/fernandezadvocats.es\/es\/la-audiencia-provincial-ordena-la-reapertura-de-una-causa-archivada-por-robo-tras-nuevas-diligencias-clave\/#breadcrumb","itemListElement":[{"@type":"ListItem","position":1,"name":"Portada","item":"https:\/\/fernandezadvocats.es\/es\/fernandez-advocats-berga\/"},{"@type":"ListItem","position":2,"name":"La Audiencia Provincial ordena la reapertura de una causa archivada por robo tras nuevas diligencias clave"}]},{"@type":"WebSite","@id":"https:\/\/fernandezadvocats.es\/#website","url":"https:\/\/fernandezadvocats.es\/","name":"Fern\u00e1ndez Advocats","description":"Advocats Berga i Barcelona","publisher":{"@id":"https:\/\/fernandezadvocats.es\/#organization"},"alternateName":"Abogados Berga y Bracelona","potentialAction":[{"@type":"SearchAction","target":{"@type":"EntryPoint","urlTemplate":"https:\/\/fernandezadvocats.es\/?s={search_term_string}"},"query-input":{"@type":"PropertyValueSpecification","valueRequired":true,"valueName":"search_term_string"}}],"inLanguage":"es"},{"@type":"Organization","@id":"https:\/\/fernandezadvocats.es\/#organization","name":"Fern\u00e1ndez Advocats","url":"https:\/\/fernandezadvocats.es\/","logo":{"@type":"ImageObject","inLanguage":"es","@id":"https:\/\/fernandezadvocats.es\/#\/schema\/logo\/image\/","url":"https:\/\/fernandezadvocats.es\/wp-content\/uploads\/2024\/11\/cropped-BF-e1731427554424.png","contentUrl":"https:\/\/fernandezadvocats.es\/wp-content\/uploads\/2024\/11\/cropped-BF-e1731427554424.png","width":512,"height":512,"caption":"Fern\u00e1ndez Advocats"},"image":{"@id":"https:\/\/fernandezadvocats.es\/#\/schema\/logo\/image\/"}},{"@type":"Person","@id":"https:\/\/fernandezadvocats.es\/#\/schema\/person\/aff2913b94027c7ae14fa5b65c8e952e","name":"cotsnavarro@gmail.com","image":{"@type":"ImageObject","inLanguage":"es","@id":"https:\/\/fernandezadvocats.es\/#\/schema\/person\/image\/","url":"https:\/\/secure.gravatar.com\/avatar\/f7b5f19c8706f5015123ab36ea43fc8c2d7e0ac445afc57f0bc3506aa91af918?s=96&d=mm&r=g","contentUrl":"https:\/\/secure.gravatar.com\/avatar\/f7b5f19c8706f5015123ab36ea43fc8c2d7e0ac445afc57f0bc3506aa91af918?s=96&d=mm&r=g","caption":"cotsnavarro@gmail.com"},"url":"https:\/\/fernandezadvocats.es\/es\/author\/cotsnavarrogmail-com\/"}]}},"_links":{"self":[{"href":"https:\/\/fernandezadvocats.es\/es\/wp-json\/wp\/v2\/posts\/253031","targetHints":{"allow":["GET"]}}],"collection":[{"href":"https:\/\/fernandezadvocats.es\/es\/wp-json\/wp\/v2\/posts"}],"about":[{"href":"https:\/\/fernandezadvocats.es\/es\/wp-json\/wp\/v2\/types\/post"}],"author":[{"embeddable":true,"href":"https:\/\/fernandezadvocats.es\/es\/wp-json\/wp\/v2\/users\/18"}],"replies":[{"embeddable":true,"href":"https:\/\/fernandezadvocats.es\/es\/wp-json\/wp\/v2\/comments?post=253031"}],"version-history":[{"count":1,"href":"https:\/\/fernandezadvocats.es\/es\/wp-json\/wp\/v2\/posts\/253031\/revisions"}],"predecessor-version":[{"id":253036,"href":"https:\/\/fernandezadvocats.es\/es\/wp-json\/wp\/v2\/posts\/253031\/revisions\/253036"}],"wp:featuredmedia":[{"embeddable":true,"href":"https:\/\/fernandezadvocats.es\/es\/wp-json\/wp\/v2\/media\/253034"}],"wp:attachment":[{"href":"https:\/\/fernandezadvocats.es\/es\/wp-json\/wp\/v2\/media?parent=253031"}],"wp:term":[{"taxonomy":"category","embeddable":true,"href":"https:\/\/fernandezadvocats.es\/es\/wp-json\/wp\/v2\/categories?post=253031"},{"taxonomy":"post_tag","embeddable":true,"href":"https:\/\/fernandezadvocats.es\/es\/wp-json\/wp\/v2\/tags?post=253031"}],"curies":[{"name":"wp","href":"https:\/\/api.w.org\/{rel}","templated":true}]}}