{"id":253042,"date":"2025-06-20T10:50:36","date_gmt":"2025-06-20T08:50:36","guid":{"rendered":"https:\/\/fernandezadvocats.es\/?p=253042"},"modified":"2026-01-21T18:09:28","modified_gmt":"2026-01-21T17:09:28","slug":"mediacion-familiar-en-berga-seguridad-confianza-y-acuerdos-en-fernandez-advocats","status":"publish","type":"post","link":"https:\/\/fernandezadvocats.es\/es\/mediacion-familiar-en-berga-seguridad-confianza-y-acuerdos-en-fernandez-advocats\/","title":{"rendered":"Mediaci\u00f3n Familiar en Berga: Seguridad, Confianza y Acuerdos en Fern\u00e1ndez Advocats"},"content":{"rendered":"<p>En Fern\u00e1ndez Advocats, despacho con m\u00e1s de 40 a\u00f1os de experiencia en Berga, ofrecemos un servicio especializado en <strong>mediaci\u00f3n familiar<\/strong>. Este recurso permite resolver conflictos familiares de manera dialogada, r\u00e1pida y respetuosa, evitando los costes emocionales y econ\u00f3micos que conlleva acudir directamente a los tribunales. La mediaci\u00f3n familiar se ha convertido en un mecanismo clave tras la entrada en vigor de la nueva Ley Org\u00e1nica 1\/2025, que la establece como un paso obligatorio en muchos procedimientos judiciales en el \u00e1mbito civil y familiar. Nuestro equipo combina experiencia legal, sensibilidad y compromiso con el bienestar de nuestros clientes.<\/p>\n<h3><strong>\u00bfQu\u00e9 es la mediaci\u00f3n familiar?<\/strong><\/h3>\n<p>La mediaci\u00f3n familiar es un proceso confidencial, voluntario y estructurado en el que dos o m\u00e1s personas involucradas en un conflicto son asistidas por un mediador imparcial que facilita la comunicaci\u00f3n y la b\u00fasqueda de acuerdos justos. A diferencia de un procedimiento judicial, no hay un juez que impone una soluci\u00f3n, sino que las partes trabajan de manera cooperativa para encontrar una salida que responda a sus necesidades reales.<\/p>\n<p>La figura del mediador no act\u00faa como abogado, ni como juez, ni como terapeuta. Su papel es ayudar a las partes a expresar sus intereses, identificar puntos en com\u00fan y explorar soluciones posibles. Es especialmente \u00fatil cuando existe un v\u00ednculo emocional o familiar entre las partes, y el objetivo es preservar esa relaci\u00f3n en la medida de lo posible.<\/p>\n<h3><strong>\u00bfEn qu\u00e9 casos funciona la mediaci\u00f3n familiar?<\/strong><\/h3>\n<p>La mediaci\u00f3n familiar es eficaz en una amplia variedad de conflictos:<\/p>\n<ul>\n<li><strong>Divorcios y separaciones<\/strong>: permite pactar la custodia de los hijos, r\u00e9gimen de visitas, uso de la vivienda familiar, pensiones alimenticias y otros aspectos econ\u00f3micos de forma consensuada.<\/li>\n<li><strong>Modificaciones de medidas<\/strong>: si cambian las circunstancias tras un divorcio (como un cambio de empleo o de domicilio), puede renegociarse el acuerdo de forma pac\u00edfica.<\/li>\n<li><strong>Conflictos entre padres e hijos<\/strong>: puede ayudar a resolver tensiones derivadas de la convivencia o de decisiones importantes sobre educaci\u00f3n o salud.<\/li>\n<li><strong>Problemas entre hermanos o herederos<\/strong>: en contextos de herencia, puede evitar enfrentamientos prolongados y costosos.<\/li>\n<li><strong>Cuidados de personas mayores o dependientes<\/strong>: ayuda a organizar responsabilidades entre familiares, establecer turnos, gastos o condiciones de cuidado sin recurrir a juicios.<\/li>\n<\/ul>\n<p>La mediaci\u00f3n familiar tiene un alto grado de \u00e9xito cuando las partes est\u00e1n dispuestas a colaborar y buscan una soluci\u00f3n pr\u00e1ctica sin renunciar a sus derechos.<\/p>\n<h3><strong>Marco legal y obligatoriedad<\/strong><\/h3>\n<p>Desde abril de 2025, la Ley Org\u00e1nica 1\/2025 establece que en muchos conflictos civiles y familiares es obligatorio intentar una mediaci\u00f3n antes de acudir al juzgado. Esta medida busca aliviar la carga de los tribunales y fomentar acuerdos m\u00e1s r\u00e1pidos, menos costosos y m\u00e1s satisfactorios para todas las partes. En casos como divorcios, disputas de custodia, conflictos de herencia o tutela, no se podr\u00e1 presentar demanda sin haber asistido primero a una sesi\u00f3n informativa de mediaci\u00f3n.<\/p>\n<p>Esta sesi\u00f3n informativa no obliga a continuar con el proceso si una de las partes no lo desea, pero sirve como paso previo imprescindible. En Fern\u00e1ndez Advocats cumplimos con todos los requisitos legales y ofrecemos este servicio con todas las garant\u00edas para que nuestros clientes puedan avanzar con total seguridad jur\u00eddica.<\/p>\n<h3><strong>Beneficios de la mediaci\u00f3n familiar<\/strong><\/h3>\n<p>Optar por la mediaci\u00f3n ofrece numerosas ventajas:<\/p>\n<ul>\n<li><strong>Rapidez<\/strong>: se puede llegar a un acuerdo en pocas sesiones, frente a los largos plazos judiciales.<\/li>\n<li><strong>Ahorro econ\u00f3mico<\/strong>: los costes son muy inferiores a los de un procedimiento contencioso.<\/li>\n<li><strong>Confidencialidad<\/strong>: todo lo tratado en las sesiones es privado y no puede utilizarse en juicio sin consentimiento.<\/li>\n<li><strong>Participaci\u00f3n activa<\/strong>: las decisiones las toman las partes, no un juez. Esto facilita acuerdos m\u00e1s estables y satisfactorios.<\/li>\n<li><strong>Preservaci\u00f3n de relaciones<\/strong>: al evitar el enfrentamiento judicial, se protege el v\u00ednculo entre las partes, especialmente en presencia de hijos o familiares mayores.<\/li>\n<li><strong>Flexibilidad<\/strong>: los acuerdos se adaptan a las necesidades espec\u00edficas de cada familia y pueden revisarse en el futuro si cambian las circunstancias.<\/li>\n<\/ul>\n<h3><strong>Proceso de mediaci\u00f3n en Fern\u00e1ndez Advocats<\/strong><\/h3>\n<p>El proceso de mediaci\u00f3n en nuestro despacho est\u00e1 dise\u00f1ado para ser claro, accesible y respetuoso:<\/p>\n<ol>\n<li><strong>Primera toma de contacto<\/strong>: evaluaci\u00f3n del caso y explicaci\u00f3n del procedimiento.<\/li>\n<li><strong>Sesi\u00f3n informativa<\/strong>: ambas partes conocen en qu\u00e9 consiste la mediaci\u00f3n y sus beneficios.<\/li>\n<li><strong>Sesiones de trabajo<\/strong>: reuniones estructuradas en las que se abordan los temas a resolver con la ayuda del mediador.<\/li>\n<li><strong>Redacci\u00f3n del acuerdo<\/strong>: si se llega a un entendimiento, redactamos un documento claro que recoge todos los puntos pactados.<\/li>\n<li><strong>Formalizaci\u00f3n<\/strong>: el acuerdo puede elevarse a escritura p\u00fablica o solicitar su homologaci\u00f3n judicial, dot\u00e1ndolo de plena validez legal.<\/li>\n<li><strong>Seguimiento<\/strong>: en algunos casos ofrecemos sesiones de revisi\u00f3n para adaptar los acuerdos si las condiciones familiares cambian.<\/li>\n<\/ol>\n<h3><strong>\u00bfC\u00f3mo iniciar una mediaci\u00f3n en Berga?<\/strong><\/h3>\n<p>Si est\u00e1s viviendo un conflicto familiar o prev\u00e9s una separaci\u00f3n, herencia o situaci\u00f3n similar, la mediaci\u00f3n puede ser la mejor alternativa. Contacta con nuestro equipo en Fern\u00e1ndez Advocats, te ofreceremos una primera cita informativa gratuita y sin compromiso. Evaluaremos tu situaci\u00f3n y te explicaremos c\u00f3mo comenzar, con un trato cercano, profesional y plenamente ajustado a la legislaci\u00f3n vigente.<\/p>\n<p>La mediaci\u00f3n familiar en Berga es una v\u00eda eficaz, r\u00e1pida y humana para resolver conflictos en el \u00e1mbito familiar. En Fern\u00e1ndez Advocats, ofrecemos este servicio desde una perspectiva jur\u00eddica y social, con el firme compromiso de ayudar a las familias a construir acuerdos s\u00f3lidos, justos y duraderos. Si necesitas orientaci\u00f3n o deseas saber si tu caso puede resolverse por mediaci\u00f3n, estamos aqu\u00ed para ayudarte.<\/p>\n<div id=\"gtx-trans\" style=\"position: absolute; left: -16px; top: 175.889px;\">\n<div class=\"gtx-trans-icon\"><\/div>\n<\/div>\n","protected":false},"excerpt":{"rendered":"<p>En Fern\u00e1ndez Advocats, despacho con m\u00e1s de 40 a\u00f1os de experiencia en Berga, ofrecemos un servicio especializado en mediaci\u00f3n familiar. Este recurso permite resolver conflictos familiares de manera dialogada, r\u00e1pida y respetuosa, evitando los costes emocionales y econ\u00f3micos que conlleva acudir directamente a los tribunales. La mediaci\u00f3n familiar se ha convertido en un mecanismo clave [&hellip;]<\/p>\n","protected":false},"author":18,"featured_media":253043,"comment_status":"closed","ping_status":"closed","sticky":false,"template":"","format":"standard","meta":{"_et_pb_use_builder":"","_et_pb_old_content":"","_et_gb_content_width":"","footnotes":""},"categories":[28,105,154],"tags":[],"class_list":["post-253042","post","type-post","status-publish","format-standard","has-post-thumbnail","hentry","category-articulos-fa","category-derecho-de-familia","category-mediacion-familiar"],"yoast_head":"<!-- This site is optimized with the Yoast SEO plugin v27.1.1 - https:\/\/yoast.com\/product\/yoast-seo-wordpress\/ -->\n<title>Mediaci\u00f3n Familiar en Berga: Seguridad, Confianza y Acuerdos en Fern\u00e1ndez Advocats | Fern\u00e1ndez Advocats<\/title>\n<meta name=\"robots\" content=\"index, follow, max-snippet:-1, max-image-preview:large, max-video-preview:-1\" \/>\n<link rel=\"canonical\" href=\"https:\/\/fernandezadvocats.es\/es\/mediacion-familiar-en-berga-seguridad-confianza-y-acuerdos-en-fernandez-advocats\/\" \/>\n<meta property=\"og:locale\" content=\"es_ES\" \/>\n<meta property=\"og:type\" content=\"article\" \/>\n<meta property=\"og:title\" content=\"Mediaci\u00f3n Familiar en Berga: Seguridad, Confianza y Acuerdos en Fern\u00e1ndez Advocats | Fern\u00e1ndez Advocats\" \/>\n<meta property=\"og:description\" content=\"En Fern\u00e1ndez Advocats, despacho con m\u00e1s de 40 a\u00f1os de experiencia en Berga, ofrecemos un servicio especializado en mediaci\u00f3n familiar. Este recurso permite resolver conflictos familiares de manera dialogada, r\u00e1pida y respetuosa, evitando los costes emocionales y econ\u00f3micos que conlleva acudir directamente a los tribunales. La mediaci\u00f3n familiar se ha convertido en un mecanismo clave [&hellip;]\" \/>\n<meta property=\"og:url\" content=\"https:\/\/fernandezadvocats.es\/es\/mediacion-familiar-en-berga-seguridad-confianza-y-acuerdos-en-fernandez-advocats\/\" \/>\n<meta property=\"og:site_name\" content=\"Fern\u00e1ndez Advocats\" \/>\n<meta property=\"article:published_time\" content=\"2025-06-20T08:50:36+00:00\" \/>\n<meta property=\"article:modified_time\" content=\"2026-01-21T17:09:28+00:00\" \/>\n<meta property=\"og:image\" content=\"https:\/\/fernandezadvocats.es\/wp-content\/uploads\/2025\/06\/multi-generation-family-sitting-together-on-the-so-2025-02-22-06-57-13-utc-min-scaled.jpg\" \/>\n\t<meta property=\"og:image:width\" content=\"2560\" \/>\n\t<meta property=\"og:image:height\" content=\"1486\" \/>\n\t<meta property=\"og:image:type\" content=\"image\/jpeg\" \/>\n<meta name=\"author\" content=\"cotsnavarro@gmail.com\" \/>\n<meta name=\"twitter:card\" content=\"summary_large_image\" \/>\n<meta name=\"twitter:label1\" content=\"Escrito por\" \/>\n\t<meta name=\"twitter:data1\" content=\"cotsnavarro@gmail.com\" \/>\n\t<meta name=\"twitter:label2\" content=\"Tiempo de lectura\" \/>\n\t<meta name=\"twitter:data2\" content=\"6 minutos\" \/>\n<script type=\"application\/ld+json\" class=\"yoast-schema-graph\">{\"@context\":\"https:\/\/schema.org\",\"@graph\":[{\"@type\":\"Article\",\"@id\":\"https:\/\/fernandezadvocats.es\/es\/mediacion-familiar-en-berga-seguridad-confianza-y-acuerdos-en-fernandez-advocats\/#article\",\"isPartOf\":{\"@id\":\"https:\/\/fernandezadvocats.es\/es\/mediacion-familiar-en-berga-seguridad-confianza-y-acuerdos-en-fernandez-advocats\/\"},\"author\":{\"name\":\"cotsnavarro@gmail.com\",\"@id\":\"https:\/\/fernandezadvocats.es\/#\/schema\/person\/aff2913b94027c7ae14fa5b65c8e952e\"},\"headline\":\"Mediaci\u00f3n Familiar en Berga: Seguridad, Confianza y Acuerdos en Fern\u00e1ndez Advocats\",\"datePublished\":\"2025-06-20T08:50:36+00:00\",\"dateModified\":\"2026-01-21T17:09:28+00:00\",\"mainEntityOfPage\":{\"@id\":\"https:\/\/fernandezadvocats.es\/es\/mediacion-familiar-en-berga-seguridad-confianza-y-acuerdos-en-fernandez-advocats\/\"},\"wordCount\":973,\"publisher\":{\"@id\":\"https:\/\/fernandezadvocats.es\/#organization\"},\"image\":{\"@id\":\"https:\/\/fernandezadvocats.es\/es\/mediacion-familiar-en-berga-seguridad-confianza-y-acuerdos-en-fernandez-advocats\/#primaryimage\"},\"thumbnailUrl\":\"https:\/\/fernandezadvocats.es\/wp-content\/uploads\/2025\/06\/multi-generation-family-sitting-together-on-the-so-2025-02-22-06-57-13-utc-min-scaled.jpg\",\"articleSection\":[\"Art\u00edculos FA\",\"Derecho de Familia\",\"Mediaci\u00f3n Familiar\"],\"inLanguage\":\"es\"},{\"@type\":\"WebPage\",\"@id\":\"https:\/\/fernandezadvocats.es\/es\/mediacion-familiar-en-berga-seguridad-confianza-y-acuerdos-en-fernandez-advocats\/\",\"url\":\"https:\/\/fernandezadvocats.es\/es\/mediacion-familiar-en-berga-seguridad-confianza-y-acuerdos-en-fernandez-advocats\/\",\"name\":\"Mediaci\u00f3n Familiar en Berga: Seguridad, Confianza y Acuerdos en Fern\u00e1ndez Advocats | Fern\u00e1ndez Advocats\",\"isPartOf\":{\"@id\":\"https:\/\/fernandezadvocats.es\/#website\"},\"primaryImageOfPage\":{\"@id\":\"https:\/\/fernandezadvocats.es\/es\/mediacion-familiar-en-berga-seguridad-confianza-y-acuerdos-en-fernandez-advocats\/#primaryimage\"},\"image\":{\"@id\":\"https:\/\/fernandezadvocats.es\/es\/mediacion-familiar-en-berga-seguridad-confianza-y-acuerdos-en-fernandez-advocats\/#primaryimage\"},\"thumbnailUrl\":\"https:\/\/fernandezadvocats.es\/wp-content\/uploads\/2025\/06\/multi-generation-family-sitting-together-on-the-so-2025-02-22-06-57-13-utc-min-scaled.jpg\",\"datePublished\":\"2025-06-20T08:50:36+00:00\",\"dateModified\":\"2026-01-21T17:09:28+00:00\",\"breadcrumb\":{\"@id\":\"https:\/\/fernandezadvocats.es\/es\/mediacion-familiar-en-berga-seguridad-confianza-y-acuerdos-en-fernandez-advocats\/#breadcrumb\"},\"inLanguage\":\"es\",\"potentialAction\":[{\"@type\":\"ReadAction\",\"target\":[\"https:\/\/fernandezadvocats.es\/es\/mediacion-familiar-en-berga-seguridad-confianza-y-acuerdos-en-fernandez-advocats\/\"]}]},{\"@type\":\"ImageObject\",\"inLanguage\":\"es\",\"@id\":\"https:\/\/fernandezadvocats.es\/es\/mediacion-familiar-en-berga-seguridad-confianza-y-acuerdos-en-fernandez-advocats\/#primaryimage\",\"url\":\"https:\/\/fernandezadvocats.es\/wp-content\/uploads\/2025\/06\/multi-generation-family-sitting-together-on-the-so-2025-02-22-06-57-13-utc-min-scaled.jpg\",\"contentUrl\":\"https:\/\/fernandezadvocats.es\/wp-content\/uploads\/2025\/06\/multi-generation-family-sitting-together-on-the-so-2025-02-22-06-57-13-utc-min-scaled.jpg\",\"width\":2560,\"height\":1486},{\"@type\":\"BreadcrumbList\",\"@id\":\"https:\/\/fernandezadvocats.es\/es\/mediacion-familiar-en-berga-seguridad-confianza-y-acuerdos-en-fernandez-advocats\/#breadcrumb\",\"itemListElement\":[{\"@type\":\"ListItem\",\"position\":1,\"name\":\"Portada\",\"item\":\"https:\/\/fernandezadvocats.es\/es\/fernandez-advocats-berga\/\"},{\"@type\":\"ListItem\",\"position\":2,\"name\":\"Mediaci\u00f3n Familiar en Berga: Seguridad, Confianza y Acuerdos en Fern\u00e1ndez Advocats\"}]},{\"@type\":\"WebSite\",\"@id\":\"https:\/\/fernandezadvocats.es\/#website\",\"url\":\"https:\/\/fernandezadvocats.es\/\",\"name\":\"Fern\u00e1ndez Advocats\",\"description\":\"Advocats Berga i Barcelona\",\"publisher\":{\"@id\":\"https:\/\/fernandezadvocats.es\/#organization\"},\"alternateName\":\"Abogados Berga y Bracelona\",\"potentialAction\":[{\"@type\":\"SearchAction\",\"target\":{\"@type\":\"EntryPoint\",\"urlTemplate\":\"https:\/\/fernandezadvocats.es\/?s={search_term_string}\"},\"query-input\":{\"@type\":\"PropertyValueSpecification\",\"valueRequired\":true,\"valueName\":\"search_term_string\"}}],\"inLanguage\":\"es\"},{\"@type\":\"Organization\",\"@id\":\"https:\/\/fernandezadvocats.es\/#organization\",\"name\":\"Fern\u00e1ndez Advocats\",\"url\":\"https:\/\/fernandezadvocats.es\/\",\"logo\":{\"@type\":\"ImageObject\",\"inLanguage\":\"es\",\"@id\":\"https:\/\/fernandezadvocats.es\/#\/schema\/logo\/image\/\",\"url\":\"https:\/\/fernandezadvocats.es\/wp-content\/uploads\/2024\/11\/cropped-BF-e1731427554424.png\",\"contentUrl\":\"https:\/\/fernandezadvocats.es\/wp-content\/uploads\/2024\/11\/cropped-BF-e1731427554424.png\",\"width\":512,\"height\":512,\"caption\":\"Fern\u00e1ndez Advocats\"},\"image\":{\"@id\":\"https:\/\/fernandezadvocats.es\/#\/schema\/logo\/image\/\"}},{\"@type\":\"Person\",\"@id\":\"https:\/\/fernandezadvocats.es\/#\/schema\/person\/aff2913b94027c7ae14fa5b65c8e952e\",\"name\":\"cotsnavarro@gmail.com\",\"image\":{\"@type\":\"ImageObject\",\"inLanguage\":\"es\",\"@id\":\"https:\/\/fernandezadvocats.es\/#\/schema\/person\/image\/\",\"url\":\"https:\/\/secure.gravatar.com\/avatar\/f7b5f19c8706f5015123ab36ea43fc8c2d7e0ac445afc57f0bc3506aa91af918?s=96&d=mm&r=g\",\"contentUrl\":\"https:\/\/secure.gravatar.com\/avatar\/f7b5f19c8706f5015123ab36ea43fc8c2d7e0ac445afc57f0bc3506aa91af918?s=96&d=mm&r=g\",\"caption\":\"cotsnavarro@gmail.com\"},\"url\":\"https:\/\/fernandezadvocats.es\/es\/author\/cotsnavarrogmail-com\/\"}]}<\/script>\n<!-- \/ Yoast SEO plugin. -->","yoast_head_json":{"title":"Mediaci\u00f3n Familiar en Berga: Seguridad, Confianza y Acuerdos en Fern\u00e1ndez Advocats | Fern\u00e1ndez Advocats","robots":{"index":"index","follow":"follow","max-snippet":"max-snippet:-1","max-image-preview":"max-image-preview:large","max-video-preview":"max-video-preview:-1"},"canonical":"https:\/\/fernandezadvocats.es\/es\/mediacion-familiar-en-berga-seguridad-confianza-y-acuerdos-en-fernandez-advocats\/","og_locale":"es_ES","og_type":"article","og_title":"Mediaci\u00f3n Familiar en Berga: Seguridad, Confianza y Acuerdos en Fern\u00e1ndez Advocats | Fern\u00e1ndez Advocats","og_description":"En Fern\u00e1ndez Advocats, despacho con m\u00e1s de 40 a\u00f1os de experiencia en Berga, ofrecemos un servicio especializado en mediaci\u00f3n familiar. Este recurso permite resolver conflictos familiares de manera dialogada, r\u00e1pida y respetuosa, evitando los costes emocionales y econ\u00f3micos que conlleva acudir directamente a los tribunales. La mediaci\u00f3n familiar se ha convertido en un mecanismo clave [&hellip;]","og_url":"https:\/\/fernandezadvocats.es\/es\/mediacion-familiar-en-berga-seguridad-confianza-y-acuerdos-en-fernandez-advocats\/","og_site_name":"Fern\u00e1ndez Advocats","article_published_time":"2025-06-20T08:50:36+00:00","article_modified_time":"2026-01-21T17:09:28+00:00","og_image":[{"width":2560,"height":1486,"url":"https:\/\/fernandezadvocats.es\/wp-content\/uploads\/2025\/06\/multi-generation-family-sitting-together-on-the-so-2025-02-22-06-57-13-utc-min-scaled.jpg","type":"image\/jpeg"}],"author":"cotsnavarro@gmail.com","twitter_card":"summary_large_image","twitter_misc":{"Escrito por":"cotsnavarro@gmail.com","Tiempo de lectura":"6 minutos"},"schema":{"@context":"https:\/\/schema.org","@graph":[{"@type":"Article","@id":"https:\/\/fernandezadvocats.es\/es\/mediacion-familiar-en-berga-seguridad-confianza-y-acuerdos-en-fernandez-advocats\/#article","isPartOf":{"@id":"https:\/\/fernandezadvocats.es\/es\/mediacion-familiar-en-berga-seguridad-confianza-y-acuerdos-en-fernandez-advocats\/"},"author":{"name":"cotsnavarro@gmail.com","@id":"https:\/\/fernandezadvocats.es\/#\/schema\/person\/aff2913b94027c7ae14fa5b65c8e952e"},"headline":"Mediaci\u00f3n Familiar en Berga: Seguridad, Confianza y Acuerdos en Fern\u00e1ndez Advocats","datePublished":"2025-06-20T08:50:36+00:00","dateModified":"2026-01-21T17:09:28+00:00","mainEntityOfPage":{"@id":"https:\/\/fernandezadvocats.es\/es\/mediacion-familiar-en-berga-seguridad-confianza-y-acuerdos-en-fernandez-advocats\/"},"wordCount":973,"publisher":{"@id":"https:\/\/fernandezadvocats.es\/#organization"},"image":{"@id":"https:\/\/fernandezadvocats.es\/es\/mediacion-familiar-en-berga-seguridad-confianza-y-acuerdos-en-fernandez-advocats\/#primaryimage"},"thumbnailUrl":"https:\/\/fernandezadvocats.es\/wp-content\/uploads\/2025\/06\/multi-generation-family-sitting-together-on-the-so-2025-02-22-06-57-13-utc-min-scaled.jpg","articleSection":["Art\u00edculos FA","Derecho de Familia","Mediaci\u00f3n Familiar"],"inLanguage":"es"},{"@type":"WebPage","@id":"https:\/\/fernandezadvocats.es\/es\/mediacion-familiar-en-berga-seguridad-confianza-y-acuerdos-en-fernandez-advocats\/","url":"https:\/\/fernandezadvocats.es\/es\/mediacion-familiar-en-berga-seguridad-confianza-y-acuerdos-en-fernandez-advocats\/","name":"Mediaci\u00f3n Familiar en Berga: Seguridad, Confianza y Acuerdos en Fern\u00e1ndez Advocats | Fern\u00e1ndez Advocats","isPartOf":{"@id":"https:\/\/fernandezadvocats.es\/#website"},"primaryImageOfPage":{"@id":"https:\/\/fernandezadvocats.es\/es\/mediacion-familiar-en-berga-seguridad-confianza-y-acuerdos-en-fernandez-advocats\/#primaryimage"},"image":{"@id":"https:\/\/fernandezadvocats.es\/es\/mediacion-familiar-en-berga-seguridad-confianza-y-acuerdos-en-fernandez-advocats\/#primaryimage"},"thumbnailUrl":"https:\/\/fernandezadvocats.es\/wp-content\/uploads\/2025\/06\/multi-generation-family-sitting-together-on-the-so-2025-02-22-06-57-13-utc-min-scaled.jpg","datePublished":"2025-06-20T08:50:36+00:00","dateModified":"2026-01-21T17:09:28+00:00","breadcrumb":{"@id":"https:\/\/fernandezadvocats.es\/es\/mediacion-familiar-en-berga-seguridad-confianza-y-acuerdos-en-fernandez-advocats\/#breadcrumb"},"inLanguage":"es","potentialAction":[{"@type":"ReadAction","target":["https:\/\/fernandezadvocats.es\/es\/mediacion-familiar-en-berga-seguridad-confianza-y-acuerdos-en-fernandez-advocats\/"]}]},{"@type":"ImageObject","inLanguage":"es","@id":"https:\/\/fernandezadvocats.es\/es\/mediacion-familiar-en-berga-seguridad-confianza-y-acuerdos-en-fernandez-advocats\/#primaryimage","url":"https:\/\/fernandezadvocats.es\/wp-content\/uploads\/2025\/06\/multi-generation-family-sitting-together-on-the-so-2025-02-22-06-57-13-utc-min-scaled.jpg","contentUrl":"https:\/\/fernandezadvocats.es\/wp-content\/uploads\/2025\/06\/multi-generation-family-sitting-together-on-the-so-2025-02-22-06-57-13-utc-min-scaled.jpg","width":2560,"height":1486},{"@type":"BreadcrumbList","@id":"https:\/\/fernandezadvocats.es\/es\/mediacion-familiar-en-berga-seguridad-confianza-y-acuerdos-en-fernandez-advocats\/#breadcrumb","itemListElement":[{"@type":"ListItem","position":1,"name":"Portada","item":"https:\/\/fernandezadvocats.es\/es\/fernandez-advocats-berga\/"},{"@type":"ListItem","position":2,"name":"Mediaci\u00f3n Familiar en Berga: Seguridad, Confianza y Acuerdos en Fern\u00e1ndez Advocats"}]},{"@type":"WebSite","@id":"https:\/\/fernandezadvocats.es\/#website","url":"https:\/\/fernandezadvocats.es\/","name":"Fern\u00e1ndez Advocats","description":"Advocats Berga i Barcelona","publisher":{"@id":"https:\/\/fernandezadvocats.es\/#organization"},"alternateName":"Abogados Berga y Bracelona","potentialAction":[{"@type":"SearchAction","target":{"@type":"EntryPoint","urlTemplate":"https:\/\/fernandezadvocats.es\/?s={search_term_string}"},"query-input":{"@type":"PropertyValueSpecification","valueRequired":true,"valueName":"search_term_string"}}],"inLanguage":"es"},{"@type":"Organization","@id":"https:\/\/fernandezadvocats.es\/#organization","name":"Fern\u00e1ndez Advocats","url":"https:\/\/fernandezadvocats.es\/","logo":{"@type":"ImageObject","inLanguage":"es","@id":"https:\/\/fernandezadvocats.es\/#\/schema\/logo\/image\/","url":"https:\/\/fernandezadvocats.es\/wp-content\/uploads\/2024\/11\/cropped-BF-e1731427554424.png","contentUrl":"https:\/\/fernandezadvocats.es\/wp-content\/uploads\/2024\/11\/cropped-BF-e1731427554424.png","width":512,"height":512,"caption":"Fern\u00e1ndez Advocats"},"image":{"@id":"https:\/\/fernandezadvocats.es\/#\/schema\/logo\/image\/"}},{"@type":"Person","@id":"https:\/\/fernandezadvocats.es\/#\/schema\/person\/aff2913b94027c7ae14fa5b65c8e952e","name":"cotsnavarro@gmail.com","image":{"@type":"ImageObject","inLanguage":"es","@id":"https:\/\/fernandezadvocats.es\/#\/schema\/person\/image\/","url":"https:\/\/secure.gravatar.com\/avatar\/f7b5f19c8706f5015123ab36ea43fc8c2d7e0ac445afc57f0bc3506aa91af918?s=96&d=mm&r=g","contentUrl":"https:\/\/secure.gravatar.com\/avatar\/f7b5f19c8706f5015123ab36ea43fc8c2d7e0ac445afc57f0bc3506aa91af918?s=96&d=mm&r=g","caption":"cotsnavarro@gmail.com"},"url":"https:\/\/fernandezadvocats.es\/es\/author\/cotsnavarrogmail-com\/"}]}},"_links":{"self":[{"href":"https:\/\/fernandezadvocats.es\/es\/wp-json\/wp\/v2\/posts\/253042","targetHints":{"allow":["GET"]}}],"collection":[{"href":"https:\/\/fernandezadvocats.es\/es\/wp-json\/wp\/v2\/posts"}],"about":[{"href":"https:\/\/fernandezadvocats.es\/es\/wp-json\/wp\/v2\/types\/post"}],"author":[{"embeddable":true,"href":"https:\/\/fernandezadvocats.es\/es\/wp-json\/wp\/v2\/users\/18"}],"replies":[{"embeddable":true,"href":"https:\/\/fernandezadvocats.es\/es\/wp-json\/wp\/v2\/comments?post=253042"}],"version-history":[{"count":1,"href":"https:\/\/fernandezadvocats.es\/es\/wp-json\/wp\/v2\/posts\/253042\/revisions"}],"predecessor-version":[{"id":253045,"href":"https:\/\/fernandezadvocats.es\/es\/wp-json\/wp\/v2\/posts\/253042\/revisions\/253045"}],"wp:featuredmedia":[{"embeddable":true,"href":"https:\/\/fernandezadvocats.es\/es\/wp-json\/wp\/v2\/media\/253043"}],"wp:attachment":[{"href":"https:\/\/fernandezadvocats.es\/es\/wp-json\/wp\/v2\/media?parent=253042"}],"wp:term":[{"taxonomy":"category","embeddable":true,"href":"https:\/\/fernandezadvocats.es\/es\/wp-json\/wp\/v2\/categories?post=253042"},{"taxonomy":"post_tag","embeddable":true,"href":"https:\/\/fernandezadvocats.es\/es\/wp-json\/wp\/v2\/tags?post=253042"}],"curies":[{"name":"wp","href":"https:\/\/api.w.org\/{rel}","templated":true}]}}