{"id":253358,"date":"2025-07-18T12:06:14","date_gmt":"2025-07-18T10:06:14","guid":{"rendered":"https:\/\/fernandezadvocats.es\/?p=253358"},"modified":"2025-07-24T12:10:04","modified_gmt":"2025-07-24T10:10:04","slug":"abogados-en-manresa-vic-solsona-puigcerda-ripoll-y-la-seu-durgell","status":"publish","type":"post","link":"https:\/\/fernandezadvocats.es\/es\/abogados-en-manresa-vic-solsona-puigcerda-ripoll-y-la-seu-durgell\/","title":{"rendered":"Abogados en Manresa, Vic, Solsona, Puigcerd\u00e0, Ripoll y La Seu d\u2019Urgell: cercan\u00eda y experiencia jur\u00eddica a tu lado"},"content":{"rendered":"<p>En el coraz\u00f3n de Catalu\u00f1a, donde se combinan la tradici\u00f3n jur\u00eddica con una sociedad moderna y cambiante, contar con un <strong>despacho de abogados cercano, resolutivo y multidisciplinar<\/strong> es fundamental. En <strong>Fern\u00e1ndez Advocats<\/strong>, ponemos a tu disposici\u00f3n un equipo con m\u00e1s de 40 a\u00f1os de trayectoria, preparado para ofrecer asesoramiento legal en <strong>Manresa, Vic, Solsona, Puigcerd\u00e0, Ripoll y La Seu d\u2019Urgell<\/strong>, combinando el trato humano con una s\u00f3lida base t\u00e9cnica y estrat\u00e9gica.<\/p>\n<h3><strong>\u00bfPor qu\u00e9 elegir Fern\u00e1ndez Advocats si buscas abogados en el Pirineo catal\u00e1n?<\/strong><\/h3>\n<ul>\n<li><strong>Despacho fundado en 1979<\/strong> con un enfoque transversal y moderno del Derecho.<\/li>\n<li><strong>Atenci\u00f3n presencial y digital<\/strong> para adaptarnos a las necesidades del cliente, vivas donde vivas.<\/li>\n<li><strong>\u00c1reas de pr\u00e1ctica especializadas:<\/strong> herencias, familia, penal, civil, urbanismo, empresa.<\/li>\n<li>Alianzas con despachos de prestigio como <strong>Gim\u00e9nez Salinas Abogados<\/strong>.<\/li>\n<\/ul>\n<p>Desde nuestras oficinas centrales, damos servicio a personas y empresas en toda la zona del <strong>Bages, Osona, Alt Urgell, Ripoll\u00e8s, Cerdanya y Solson\u00e8s<\/strong>.<\/p>\n<h3><strong>Derecho P\u00fablico y Administrativo en Manresa, Vic, Solsona, Puigcerd\u00e0, Ripoll y La Seu d\u2019Urgell<\/strong><\/h3>\n<p>En Fern\u00e1ndez Advocats, nuestro equipo especializado en Derecho P\u00fablico y Administrativo asesora a ciudadanos, empresas y entidades locales en sus relaciones con la Administraci\u00f3n P\u00fablica, tanto en procedimientos administrativos como en litigios ante los tribunales contencioso-administrativos.<\/p>\n<p>En <strong>Manresa<\/strong> y <strong>Vic<\/strong>, zonas con una fuerte presencia de actividad econ\u00f3mica y crecimiento urbano, es habitual que surjan conflictos relacionados con licencias de actividad, urbanismo o sanciones administrativas. Asistimos a empresas en la tramitaci\u00f3n de expedientes ante los ayuntamientos y organismos auton\u00f3micos, as\u00ed como en la impugnaci\u00f3n de resoluciones desfavorables.<\/p>\n<p>En <strong>Solsona<\/strong> y <strong>Ripoll<\/strong>, donde la Administraci\u00f3n local desempe\u00f1a un papel clave en el desarrollo de infraestructuras rurales y programas p\u00fablicos, nuestros abogados intervienen en asuntos como subvenciones, contrataci\u00f3n p\u00fablica o reclamaciones por responsabilidad patrimonial de la administraci\u00f3n. Tambi\u00e9n trabajamos con agricultores, asociaciones y cooperativas que requieren claridad normativa en proyectos cofinanciados o actuaciones urban\u00edsticas en suelo no urbanizable.<\/p>\n<p>En <strong>Puigcerd\u00e0<\/strong> y <strong>La Seu d\u2019Urgell<\/strong>, al tratarse de entornos fronterizos o de monta\u00f1a, es frecuente que nuestros clientes enfrenten temas complejos relacionados con medio ambiente, ordenaci\u00f3n territorial, turismo rural y protecci\u00f3n del patrimonio natural. En estos casos, ofrecemos un asesoramiento t\u00e9cnico y estrat\u00e9gico frente a la Generalitat, Diputaciones y ayuntamientos.<\/p>\n<p>Algunos de los servicios m\u00e1s frecuentes que ofrecemos en estas zonas incluyen:<\/p>\n<ul>\n<li>Alegaciones y recursos frente a sanciones administrativas<\/li>\n<li>Expedientes de responsabilidad patrimonial<\/li>\n<li>Procedimientos de licencias, autorizaciones y concesiones<\/li>\n<li>Reclamaciones por silencio administrativo o denegaci\u00f3n expresa<\/li>\n<li>Recursos contencioso-administrativos en juzgados de Barcelona, Lleida o Girona<\/li>\n<\/ul>\n<p>Adem\u00e1s, mantenemos una estrecha colaboraci\u00f3n con arquitectos, ingenieros y peritos para acompa\u00f1ar a nuestros clientes en todo tipo de procedimientos administrativos complejos, como expropiaciones, planes urban\u00edsticos o autorizaciones ambientales.<\/p>\n<p>Nuestro enfoque combina el conocimiento t\u00e9cnico del Derecho Administrativo con un profundo entendimiento de la realidad local en cada municipio. Esto nos permite ofrecer soluciones realistas, evitando largos litigios cuando es posible alcanzar acuerdos eficaces con las administraciones implicadas.<\/p>\n<p>Fern\u00e1ndez Advocats es un despacho de referencia en zonas donde no siempre existen especialistas en Derecho P\u00fablico, y precisamente por eso, muchos clientes de municipios de menor tama\u00f1o recurren a nosotros buscando respuestas claras, cercanas y eficaces. Ya sea un problema con el Catastro, una sanci\u00f3n de tr\u00e1fico injusta o un expediente urban\u00edstico que requiere ser desbloqueado, nuestro equipo est\u00e1 preparado para defender tus derechos frente a la administraci\u00f3n p\u00fablica.<\/p>\n<h3><strong>Derecho Laboral y de la Seguridad Social en Manresa, Vic, Solsona, Puigcerd\u00e0, Ripoll y La Seu d\u2019Urgell<\/strong><\/h3>\n<p>En <strong>Fern\u00e1ndez Advocats<\/strong>, contamos con un equipo experto en Derecho Laboral y de la Seguridad Social que presta asesoramiento legal integral tanto a trabajadores como a empresas en conflictos derivados de la relaci\u00f3n laboral. En las zonas de <strong>Manresa, Vic, Solsona, Puigcerd\u00e0, Ripoll y La Seu d\u2019Urgell<\/strong>, atendemos una gran variedad de consultas relacionadas con despidos, impagos salariales, acoso laboral, pensiones o procedimientos de inspecci\u00f3n.<\/p>\n<p>En <strong>Manresa<\/strong> y <strong>Vic<\/strong>, dos polos industriales y log\u00edsticos de la Catalu\u00f1a central, trabajamos con pymes, cooperativas y aut\u00f3nomos que necesitan apoyo en la redacci\u00f3n de contratos laborales, pol\u00edticas de prevenci\u00f3n de riesgos o expedientes disciplinarios. Tambi\u00e9n representamos a trabajadores en procedimientos de despido improcedente, modificaci\u00f3n sustancial de condiciones de trabajo y reclamaciones de cantidad. Asimismo, muchas asesor\u00edas laborales de la zona nos derivan casos que requieren intervenci\u00f3n jur\u00eddica directa o defensa ante los tribunales.<\/p>\n<p>En <strong>Solsona<\/strong> y <strong>Ripoll<\/strong>, donde predomina una econom\u00eda basada en el sector agroalimentario, forestal y servicios p\u00fablicos, los conflictos laborales suelen girar en torno a la temporalidad, cotizaciones a la Seguridad Social o la sucesi\u00f3n de empresas familiares. Acompa\u00f1amos a empresas en la gesti\u00f3n de bajas, incapacidad temporal, absentismo y prevenci\u00f3n de riesgos. Tambi\u00e9n defendemos a empleados p\u00fablicos y privados en situaciones de abuso, discriminaci\u00f3n o incumplimientos contractuales.<\/p>\n<p>En <strong>Puigcerd\u00e0<\/strong> y <strong>La Seu d\u2019Urgell<\/strong>, al tratarse de zonas con una fuerte presencia del sector tur\u00edstico y servicios sanitarios o educativos, son frecuentes los contratos de temporada y los problemas con altas, bajas o cotizaciones. Atendemos a profesionales que trabajan en hoteles, estaciones de esqu\u00ed, residencias y centros p\u00fablicos, y que requieren asistencia en casos de sanciones laborales, impagos o falta de regularizaci\u00f3n de su situaci\u00f3n profesional.<\/p>\n<p>Adem\u00e1s, muchos residentes de estas \u00e1reas tienen una vinculaci\u00f3n laboral o cotizan en <strong>Andorra o Francia<\/strong>, por lo que prestamos asesoramiento en <strong>materia de Seguridad Social internacional<\/strong>, convenios bilaterales y pensiones transfronterizas, incluyendo jubilaciones, viudedad o incapacidad permanente.<\/p>\n<p>Entre los servicios laborales m\u00e1s demandados por nuestros clientes en estas zonas destacan:<\/p>\n<ul>\n<li>Reclamaciones por despido improcedente o nulo<\/li>\n<li>Actos de conciliaci\u00f3n ante el CMAC<\/li>\n<li>Reclamaciones de salarios, pagas extras o finiquitos<\/li>\n<li>Defensa en procedimientos disciplinarios o sancionadores<\/li>\n<li>Asistencia en inspecciones de trabajo<\/li>\n<li>Asesoramiento a empresas en ERTEs, EREs y reestructuraciones<\/li>\n<li>Gesti\u00f3n de pensiones, prestaciones por desempleo o incapacidad<\/li>\n<\/ul>\n<p>Gracias a nuestra experiencia, conocemos las din\u00e1micas laborales locales y la jurisprudencia de los juzgados de lo social m\u00e1s cercanos (Manresa, Vic, Lleida o Barcelona), lo que nos permite ofrecer estrategias realistas y enfocadas a resultados.<\/p>\n<p>En Fern\u00e1ndez Advocats, defendemos los derechos laborales con firmeza, claridad y cercan\u00eda, ya seas empresa o trabajador. Si necesitas asesoramiento en cualquier conflicto laboral o con la Seguridad Social en tu zona, estamos a tu disposici\u00f3n.<\/p>\n<h3><strong>Derecho de la Funci\u00f3n P\u00fablica en Manresa, Vic, Solsona, Puigcerd\u00e0, Ripoll y La Seu d\u2019Urgell<\/strong><\/h3>\n<p>El <strong>Derecho de la Funci\u00f3n P\u00fablica<\/strong> es una especialidad clave dentro del Derecho Administrativo y en Fern\u00e1ndez Advocats contamos con un equipo con amplia experiencia en asesorar y defender los derechos de empleados p\u00fablicos, interinos, personal estatutario y funcionarios de carrera en todos los niveles de la Administraci\u00f3n: local, auton\u00f3mica y estatal.<\/p>\n<p>En zonas como <strong>Manresa<\/strong> y <strong>Vic<\/strong>, donde existen grandes centros hospitalarios, juzgados, servicios sociales y ayuntamientos con una plantilla numerosa de personal funcionario, es com\u00fan que surjan disputas relacionadas con procesos de oposici\u00f3n, promoci\u00f3n interna, acceso a plazas, retribuciones o reconocimiento de antig\u00fcedad. Representamos tanto a funcionarios como a aspirantes que desean impugnar bases de convocatorias, notas o actos administrativos que vulneran los principios de m\u00e9rito y capacidad.<\/p>\n<p>En <strong>Solsona<\/strong> y <strong>Ripoll<\/strong>, trabajamos con cuerpos de polic\u00eda local, personal sanitario y educativo, as\u00ed como con t\u00e9cnicos y administrativos de corporaciones locales que necesitan orientaci\u00f3n en cuestiones como:<\/p>\n<ul>\n<li>Comisiones de servicio<\/li>\n<li>Reducciones de jornada<\/li>\n<li>Incompatibilidades y r\u00e9gimen disciplinario<\/li>\n<li>Reclamaciones de trienios y complementos espec\u00edficos<\/li>\n<\/ul>\n<p>Tambi\u00e9n intervenimos en defensa de empleados p\u00fablicos que han sido objeto de <strong>sanciones disciplinarias<\/strong>, traslados forzosos o evaluaciones injustas, as\u00ed como en casos de <strong>acoso institucional<\/strong> o mobbing en el \u00e1mbito de la Administraci\u00f3n.<\/p>\n<p>En municipios de monta\u00f1a como <strong>Puigcerd\u00e0<\/strong> o <strong>La Seu d\u2019Urgell<\/strong>, donde la prestaci\u00f3n de servicios p\u00fablicos est\u00e1 muy concentrada y la dependencia del personal es especialmente sensible, muchos de nuestros clientes pertenecen al \u00e1mbito sanitario (CAPs, hospitales comarcales), educativo (institutos y escuelas) o seguridad ciudadana (mossos d&#8217;esquadra, polic\u00eda local). Ayudamos a este personal a hacer valer sus derechos frente a decisiones arbitrarias o discriminatorias.<\/p>\n<p>Tambi\u00e9n hemos desarrollado una l\u00ednea de trabajo en defensa de <strong>funcionarios interinos y personal temporal<\/strong> que, tras a\u00f1os de servicio, ven vulnerados sus derechos frente a nuevas convocatorias de estabilizaci\u00f3n, ceses injustificados o falta de consolidaci\u00f3n de m\u00e9ritos. En muchos casos, recurrimos a instancias judiciales para garantizar que estos procesos respeten los principios de legalidad y no discriminaci\u00f3n.<\/p>\n<p>Entre nuestros servicios m\u00e1s habituales en materia de funci\u00f3n p\u00fablica se encuentran:<\/p>\n<ul>\n<li>Recursos administrativos y contencioso-administrativos contra resoluciones de la administraci\u00f3n<\/li>\n<li>Reclamaciones por reconocimiento de servicios previos y trienios<\/li>\n<li>Impugnaci\u00f3n de bases de convocatorias y baremos<\/li>\n<li>Defensa ante expedientes disciplinarios<\/li>\n<li>Asesoramiento en procesos de estabilizaci\u00f3n y acceso a plazas fijas<\/li>\n<li>Redacci\u00f3n de alegaciones y defensa t\u00e9cnica en tribunales<\/li>\n<\/ul>\n<p>Nuestra experiencia en toda Catalu\u00f1a central y los Pirineos nos permite conocer bien las particularidades organizativas de cada administraci\u00f3n local, consorcio o \u00e1rea de salud, y actuar con la estrategia m\u00e1s adecuada seg\u00fan el \u00f3rgano implicado.<\/p>\n<p>En Fern\u00e1ndez Advocats, defendemos a quienes sostienen el buen funcionamiento del servicio p\u00fablico. Si trabajas en la administraci\u00f3n y necesitas apoyo legal, puedes contar con nosotros en <strong>Manresa, Vic, Solsona, Puigcerd\u00e0, Ripoll o La Seu d\u2019Urgell<\/strong>.<\/p>\n<h3><strong>Derecho Urban\u00edstico e Inmobiliario en Manresa, Vic, Solsona, Puigcerd\u00e0, Ripoll y La Seu d\u2019Urgell<\/strong><\/h3>\n<p>El Derecho Urban\u00edstico e Inmobiliario es una de las \u00e1reas m\u00e1s estrat\u00e9gicas del despacho Fern\u00e1ndez Advocats, especialmente en territorios como <strong>la Catalu\u00f1a Central y los Pirineos<\/strong>, donde convergen intereses p\u00fablicos, inversiones privadas, desarrollos tur\u00edsticos y necesidades de regulaci\u00f3n del suelo. Prestamos asesoramiento integral tanto a particulares como a promotores, inversores, arquitectos, ingenieros y entidades p\u00fablicas.<\/p>\n<p>En <strong>Manresa<\/strong> y <strong>Vic<\/strong>, dos municipios en expansi\u00f3n con fuerte actividad urban\u00edstica e industrial, acompa\u00f1amos a nuestros clientes en todos los tr\u00e1mites relacionados con:<\/p>\n<ul>\n<li>Obtenci\u00f3n de licencias de obra y actividad<\/li>\n<li>Redacci\u00f3n y revisi\u00f3n de contratos de compraventa de inmuebles<\/li>\n<li>Asesoramiento en cooperativas de viviendas<\/li>\n<li>Cambios de uso del suelo<\/li>\n<li>Procesos de reparcelaci\u00f3n, expropiaci\u00f3n y compensaci\u00f3n urban\u00edstica<\/li>\n<\/ul>\n<p>Colaboramos estrechamente con arquitectos t\u00e9cnicos y aparejadores de la zona para desbloquear expedientes urban\u00edsticos y resolver conflictos con las oficinas municipales de urbanismo. Tambi\u00e9n asesoramos a empresas constructoras que desean iniciar proyectos en suelo urbano consolidado o urbanizable, redactando informes de viabilidad urban\u00edstica.<\/p>\n<p>En <strong>Solsona<\/strong> y <strong>Ripoll<\/strong>, donde predominan las segundas residencias, las fincas r\u00fasticas y el patrimonio hist\u00f3rico, prestamos servicios orientados a:<\/p>\n<ul>\n<li>Regularizaci\u00f3n de edificaciones no legalizadas<\/li>\n<li>Disputas entre vecinos por servidumbres, lindes y caminos<\/li>\n<li>Herencias con bienes inmuebles en suelo r\u00fastico<\/li>\n<li>Asesoramiento en operaciones de segregaci\u00f3n o agrupaci\u00f3n de parcelas<\/li>\n<li>Recursos contra \u00f3rdenes de demolici\u00f3n o sanciones urban\u00edsticas<\/li>\n<\/ul>\n<p>El equipo de Fern\u00e1ndez Advocats act\u00faa con rigor y sensibilidad en estas zonas, teniendo en cuenta el valor afectivo y econ\u00f3mico que las propiedades tienen para muchas familias.<\/p>\n<p>En <strong>Puigcerd\u00e0<\/strong> y <strong>La Seu d\u2019Urgell<\/strong>, epicentros del mercado inmobiliario pirenaico, atendemos a clientes nacionales e internacionales \u2014muchos de ellos no residentes\u2014 que desean comprar, vender o regularizar propiedades. Ofrecemos un <strong>servicio integral en operaciones inmobiliarias<\/strong>, incluyendo:<\/p>\n<ul>\n<li>Due diligence jur\u00eddica<\/li>\n<li>Comprobaci\u00f3n del estado registral y catastral<\/li>\n<li>Revisi\u00f3n de cargas, hipotecas o afecciones urban\u00edsticas<\/li>\n<li>Asistencia en firma notarial<\/li>\n<li>Fiscalidad de la operaci\u00f3n (Plusval\u00eda, IRNR, ITP, etc.)<\/li>\n<\/ul>\n<p>Tambi\u00e9n gestionamos asuntos complejos como:<\/p>\n<ul>\n<li>Conflictos de propiedad en herencias compartidas<\/li>\n<li>Invasiones de linde en terrenos de monta\u00f1a<\/li>\n<li>Incidencias con obras en comunidades de propietarios<\/li>\n<li>Asesoramiento en promociones tur\u00edsticas y alojamientos rurales<\/li>\n<\/ul>\n<p>Conocemos a fondo la normativa urban\u00edstica catalana, incluyendo la <strong>Ley de Urbanismo de Catalu\u00f1a<\/strong> y sus reglamentos, as\u00ed como las Normas Subsidiarias y Planes de Ordenaci\u00f3n Urban\u00edstica Municipal (POUM) de cada localidad, lo que nos permite actuar con eficacia frente a los ayuntamientos implicados.<\/p>\n<p>Adem\u00e1s, somos expertos en defender a particulares frente a decisiones arbitrarias de la administraci\u00f3n en expedientes de infracci\u00f3n urban\u00edstica, clausura de actividad o imposici\u00f3n de sanciones por presuntas irregularidades constructivas.<\/p>\n<p>En definitiva, si necesitas asesoramiento legal en urbanismo o quieres proteger tus inversiones inmobiliarias en <strong>Manresa, Vic, Solsona, Puigcerd\u00e0, Ripoll o La Seu d\u2019Urgell<\/strong>, en Fern\u00e1ndez Advocats encontrar\u00e1s un aliado estrat\u00e9gico con conocimiento local y visi\u00f3n global.<\/p>\n<h3><strong>Derecho de Familia y Sucesiones en Manresa, Vic, Solsona, Puigcerd\u00e0, Ripoll y La Seu d\u2019Urgell<\/strong><\/h3>\n<p>En <strong>Fern\u00e1ndez Advocats<\/strong>, llevamos m\u00e1s de cuatro d\u00e9cadas ayudando a familias de la Catalu\u00f1a interior y los Pirineos a resolver asuntos complejos relacionados con el <strong>Derecho de Familia y las Sucesiones<\/strong>, una de nuestras \u00e1reas m\u00e1s sensibles y demandadas. Ofrecemos un servicio humano, cercano y estrat\u00e9gico para afrontar divorcios, custodias, herencias y conflictos entre familiares, siempre desde la empat\u00eda y el rigor jur\u00eddico.<\/p>\n<h4><strong>Manresa y Vic: separaci\u00f3n de bienes, custodia y herencias familiares<\/strong><\/h4>\n<p>En ciudades como <strong>Manresa<\/strong> y <strong>Vic<\/strong>, donde muchas familias llevan generaciones establecidas y conviven modelos tradicionales y actuales de convivencia, atendemos casos frecuentes como:<\/p>\n<ul>\n<li>Separaciones y divorcios, tanto de mutuo acuerdo como contenciosos<\/li>\n<li>Reparto de bienes gananciales o patrimonios comunes<\/li>\n<li>R\u00e9gimen de visitas y custodias compartidas<\/li>\n<li>Modificaci\u00f3n de medidas y pensiones de alimentos<\/li>\n<li>Incumplimientos de convenios reguladores<\/li>\n<\/ul>\n<p>Adem\u00e1s, intervenimos en <strong>planificaciones sucesorias<\/strong>, ayudando a las familias a organizar herencias antes del fallecimiento mediante testamentos, pactos sucesorios y donaciones en vida, especialmente cuando existen propiedades heredadas o negocios familiares.<\/p>\n<h4><strong>Solsona y Ripoll: conflictos hereditarios y leg\u00edtimas<\/strong><\/h4>\n<p>En <strong>Solsona<\/strong> y <strong>Ripoll<\/strong>, los casos relacionados con <strong>herencias y leg\u00edtimas<\/strong> son especialmente frecuentes, dado el car\u00e1cter arraigado de la propiedad rural o inmobiliaria. Muchos clientes nos contactan para:<\/p>\n<ul>\n<li>Redactar testamentos que garanticen la voluntad del testador<\/li>\n<li>Repartir herencias entre varios hermanos con inmuebles indivisibles<\/li>\n<li>Reclamar la leg\u00edtima cuando se ha vulnerado su derecho<\/li>\n<li>Resolver herencias con herederos residentes en el extranjero<\/li>\n<li>Evitar conflictos con herencias sin testamento<\/li>\n<\/ul>\n<p>Tambi\u00e9n actuamos como mediadores cuando surgen tensiones familiares, proponiendo soluciones viables para evitar largos procesos judiciales que deterioren a\u00fan m\u00e1s los v\u00ednculos personales.<\/p>\n<h4><strong>Puigcerd\u00e0 y La Seu d\u2019Urgell: herencias internacionales, divorcios y menores<\/strong><\/h4>\n<p>En \u00e1reas transfronterizas como <strong>Puigcerd\u00e0<\/strong> y <strong>La Seu d\u2019Urgell<\/strong>, muchos asuntos de familia y sucesiones tienen un componente <strong>internacional o fiscal<\/strong>. Atendemos a residentes extranjeros o familias con bienes en Francia o Andorra que necesitan:<\/p>\n<ul>\n<li>Tramitar herencias con bienes en varios pa\u00edses<\/li>\n<li>Asesoramiento sobre la ley aplicable en sucesiones internacionales<\/li>\n<li>Reparto de patrimonios con inmuebles en la Cerdanya<\/li>\n<li>Divorcios con c\u00f3nyuges de distintas nacionalidades<\/li>\n<li>Custodias de menores con traslados internacionales<\/li>\n<\/ul>\n<p>Trabajamos en coordinaci\u00f3n con notarios, traductores jurados, registros de la propiedad y abogados extranjeros para que cada proceso se resuelva con agilidad y conforme a la legalidad.<\/p>\n<p><strong>Servicios m\u00e1s solicitados en esta \u00e1rea:<\/strong><\/p>\n<ul>\n<li>Divorcios, separaciones y nulidades<\/li>\n<li>Liquidaci\u00f3n de r\u00e9gimen econ\u00f3mico matrimonial<\/li>\n<li>Custodia, visitas y pensiones<\/li>\n<li>Testamentos y planificaci\u00f3n sucesoria<\/li>\n<li>Declaraciones de herederos ab intestato<\/li>\n<li>Reclamaci\u00f3n de leg\u00edtimas<\/li>\n<li>Particiones hereditarias judiciales o notariales<\/li>\n<li>Mediaci\u00f3n familiar<\/li>\n<\/ul>\n<p>Adem\u00e1s, en muchos de estos procesos nos encontramos con bienes comunes como <strong>mas\u00edas, pisos heredados, terrenos agr\u00edcolas o negocios familiares<\/strong>, lo que exige un enfoque t\u00e9cnico que combine derecho civil, fiscalidad y conocimientos de la realidad local.<\/p>\n<h3><strong>Derecho Penal en Manresa, Vic, Solsona, Puigcerd\u00e0, Ripoll y La Seu d\u2019Urgell<\/strong><\/h3>\n<p>El equipo de <strong>Derecho Penal de Fern\u00e1ndez Advocats<\/strong> est\u00e1 preparado para intervenir con rapidez, precisi\u00f3n y compromiso en procedimientos penales de todo tipo. Atendemos tanto a personas acusadas como a v\u00edctimas de delitos, garantizando una defensa t\u00e9cnica y rigurosa desde el primer momento del procedimiento. Nuestra experiencia en los juzgados de la Catalu\u00f1a central y pirenaica \u2014especialmente en <strong>Manresa, Vic, Solsona, Puigcerd\u00e0, Ripoll y La Seu d\u2019Urgell<\/strong>\u2014 nos permite anticipar el desarrollo de cada caso y adaptar nuestra estrategia a la realidad judicial de cada demarcaci\u00f3n.<\/p>\n<h4><strong>Manresa y Vic: delitos contra el patrimonio, violencia dom\u00e9stica y delitos econ\u00f3micos<\/strong><\/h4>\n<p>En ciudades como <strong>Manresa<\/strong> y <strong>Vic<\/strong>, donde se concentra gran parte de la actividad comercial e industrial de la zona, defendemos habitualmente a clientes en casos relacionados con:<\/p>\n<ul>\n<li>Delitos contra la propiedad: hurtos, robos, apropiaciones indebidas<\/li>\n<li>Estafas y fraudes, especialmente en entornos mercantiles o digitales<\/li>\n<li>Delitos de violencia de g\u00e9nero o dom\u00e9stica<\/li>\n<li>Amenazas, coacciones, injurias o calumnias<\/li>\n<li>Delitos contra la seguridad vial (alcoholemias, conducci\u00f3n sin carn\u00e9, exceso de velocidad)<\/li>\n<\/ul>\n<p>Tambi\u00e9n asesoramos a empresas y particulares en procedimientos penales derivados de conflictos laborales, fraudes societarios o delitos econ\u00f3micos vinculados a la actividad empresarial.<\/p>\n<h4><strong>Solsona y Ripoll: delitos rurales, cazadores, conflictos vecinales<\/strong><\/h4>\n<p>En entornos rurales como <strong>Solsona<\/strong> y <strong>Ripoll<\/strong>, muchos procedimientos penales est\u00e1n relacionados con el entorno natural y la convivencia vecinal. Hemos intervenido en asuntos como:<\/p>\n<ul>\n<li>Delitos relacionados con caza o pesca furtiva<\/li>\n<li>Incendios forestales, incluso por negligencia<\/li>\n<li>Invasi\u00f3n de propiedad o da\u00f1os en explotaciones agr\u00edcolas<\/li>\n<li>Enfrentamientos vecinales con agresiones o amenazas<\/li>\n<li>Maltrato animal y ocupaciones ilegales de inmuebles rurales<\/li>\n<\/ul>\n<p>Dado que en estas zonas los conflictos personales muchas veces trascienden lo jur\u00eddico, aplicamos una estrategia sensible al contexto social, buscando siempre una soluci\u00f3n eficaz sin agravar los v\u00ednculos personales ni familiares.<\/p>\n<h4><strong>Puigcerd\u00e0 y La Seu d\u2019Urgell: delitos transfronterizos, extranjer\u00eda y defensa penal internacional<\/strong><\/h4>\n<p>En <strong>Puigcerd\u00e0<\/strong> y <strong>La Seu d\u2019Urgell<\/strong>, debido a su cercan\u00eda con <strong>Francia y Andorra<\/strong>, es com\u00fan enfrentarse a procedimientos que implican un componente internacional. Asesoramos a clientes en temas como:<\/p>\n<ul>\n<li>Detenciones por delitos cometidos en otro pa\u00eds con orden europea de detenci\u00f3n y entrega<\/li>\n<li>Delitos de contrabando, blanqueo de capitales y fiscalidad<\/li>\n<li>Tr\u00e1fico de drogas en frontera<\/li>\n<li>Procedimientos penales con personas extranjeras no residentes<\/li>\n<li>Detenciones por delitos de conducci\u00f3n con permisos extranjeros<\/li>\n<\/ul>\n<p>Nuestra colaboraci\u00f3n con despachos en Francia y Andorra nos permite intervenir de forma eficaz en casos con implicaciones transnacionales.<\/p>\n<p><strong>Servicios m\u00e1s habituales en derecho penal:<\/strong><\/p>\n<ul>\n<li>Defensa penal desde fase de instrucci\u00f3n hasta juicio oral<\/li>\n<li>Asistencia al detenido en comisar\u00eda o juzgados de guardia<\/li>\n<li>Acusaci\u00f3n particular para v\u00edctimas de delitos<\/li>\n<li>Recursos contra sentencias penales<\/li>\n<li>Suspensi\u00f3n o sustituci\u00f3n de penas<\/li>\n<li>Procedimientos de menores<\/li>\n<li>Indultos y cancelaci\u00f3n de antecedentes penales<\/li>\n<\/ul>\n<p>En Fern\u00e1ndez Advocats trabajamos con la m\u00e1xima rapidez y discreci\u00f3n, ofreciendo una atenci\u00f3n inmediata ante cualquier citaci\u00f3n judicial, denuncia o detenci\u00f3n. Nuestra prioridad es proteger los derechos y la libertad de nuestros clientes desde el primer minuto.<\/p>\n<h3><strong>Derecho Civil en Manresa, Vic, Solsona, Puigcerd\u00e0, Ripoll y La Seu d\u2019Urgell<\/strong><\/h3>\n<p>El <strong>Derecho Civil<\/strong> es la columna vertebral de las relaciones jur\u00eddicas entre personas, empresas y familias. En <strong>Fern\u00e1ndez Advocats<\/strong>, ofrecemos una atenci\u00f3n especializada en esta \u00e1rea, abordando conflictos patrimoniales, contractuales y personales con soluciones claras, eficientes y adaptadas al contexto local de cada uno de los municipios en los que trabajamos: <strong>Manresa, Vic, Solsona, Puigcerd\u00e0, Ripoll y La Seu d\u2019Urgell<\/strong>.<\/p>\n<h4><strong>Manresa y Vic: contratos, arrendamientos y responsabilidad civil<\/strong><\/h4>\n<p>En entornos urbanos como <strong>Manresa<\/strong> y <strong>Vic<\/strong>, donde existe una intensa actividad econ\u00f3mica y residencial, es habitual que nos lleguen consultas sobre:<\/p>\n<ul>\n<li>Redacci\u00f3n y revisi\u00f3n de contratos de compraventa, arrendamiento y pr\u00e9stamo<\/li>\n<li>Conflictos entre propietarios e inquilinos (impago de rentas, desahucios)<\/li>\n<li>Reclamaciones por incumplimiento contractual<\/li>\n<li>Da\u00f1os derivados de accidentes, obras o filtraciones<\/li>\n<li>Procesos judiciales por responsabilidad civil extracontractual<\/li>\n<\/ul>\n<p>Tambi\u00e9n prestamos asistencia a comunidades de propietarios en reclamaciones contra constructores por defectos estructurales o vicios ocultos, as\u00ed como en impugnaci\u00f3n de acuerdos adoptados de forma irregular.<\/p>\n<h4><strong>Solsona y Ripoll: conflictos vecinales, propiedad rural y servidumbres<\/strong><\/h4>\n<p>En <strong>Solsona<\/strong> y <strong>Ripoll<\/strong>, donde abundan las fincas r\u00fasticas, casas aisladas y n\u00facleos peque\u00f1os, nuestros abogados civilistas intervienen en:<\/p>\n<ul>\n<li>Litigios sobre lindes, caminos rurales y servidumbres de paso<\/li>\n<li>Reclamaciones por da\u00f1os en cultivos o animales<\/li>\n<li>Conflictos vecinales por ruidos, humos o \u00e1rboles en linde<\/li>\n<li>Acciones reivindicatorias y de deslinde<\/li>\n<li>Problemas de copropiedad heredada entre hermanos o familiares<\/li>\n<\/ul>\n<p>Tambi\u00e9n asesoramos a familias que desean formalizar contratos privados de compraventa de terrenos o regularizar escrituras antiguas.<\/p>\n<h4><strong>Puigcerd\u00e0 y La Seu d\u2019Urgell: compraventas, contratos internacionales y conflictos transfronterizos<\/strong><\/h4>\n<p>En zonas como <strong>Puigcerd\u00e0<\/strong> y <strong>La Seu d\u2019Urgell<\/strong>, donde el mercado inmobiliario est\u00e1 muy activo y hay una gran presencia de compradores extranjeros (especialmente franceses y andorranos), nos ocupamos de:<\/p>\n<ul>\n<li>Redacci\u00f3n de contratos en operaciones inmobiliarias transfronterizas<\/li>\n<li>Reclamaciones por incumplimiento de contrato por una de las partes<\/li>\n<li>Procesos civiles con partes de distinta nacionalidad<\/li>\n<li>Reclamaci\u00f3n de deudas civiles con domicilio en el extranjero<\/li>\n<li>Contratos de arrendamiento de temporada o tur\u00edsticos<\/li>\n<\/ul>\n<p>Muchos de estos asuntos requieren un enfoque multidisciplinar, ya que pueden afectar a otras \u00e1reas como fiscalidad, extranjer\u00eda o derecho internacional privado.<\/p>\n<p><strong>Servicios m\u00e1s habituales en Derecho Civil:<\/strong><\/p>\n<ul>\n<li>Redacci\u00f3n y revisi\u00f3n de contratos privados y p\u00fablicos<\/li>\n<li>Procedimientos de desahucio por falta de pago o fin de contrato<\/li>\n<li>Reclamaciones de cantidad por deudas civiles<\/li>\n<li>Da\u00f1os y perjuicios por accidentes, negligencias o mala praxis<\/li>\n<li>Acciones declarativas de dominio y divisi\u00f3n de cosa com\u00fan<\/li>\n<li>Mediaci\u00f3n y resoluci\u00f3n extrajudicial de conflictos patrimoniales<\/li>\n<li>Asesoramiento en compraventas, donaciones y pactos entre familiares<\/li>\n<\/ul>\n<p>En <strong>Fern\u00e1ndez Advocats<\/strong>, abordamos los conflictos civiles con una visi\u00f3n estrat\u00e9gica y preventiva, minimizando el impacto emocional y econ\u00f3mico que suelen generar este tipo de disputas. Nuestra experiencia local en juzgados de <strong>Manresa, Vic, Solsona, Puigcerd\u00e0, Ripoll y La Seu d\u2019Urgell<\/strong>, nos permite anticipar la evoluci\u00f3n de cada caso y elegir la mejor v\u00eda: negociaci\u00f3n, mediaci\u00f3n o juicio.<\/p>\n<h3><strong>Derecho Rural, Agrario y Agropecuario en Manresa, Vic, Solsona, Puigcerd\u00e0, Ripoll y La Seu d\u2019Urgell<\/strong><\/h3>\n<p>El <strong>Derecho Rural y Agrario<\/strong> tiene un peso fundamental en comarcas donde la actividad ganadera, agr\u00edcola y forestal forma parte esencial del tejido econ\u00f3mico y social. En <strong>Fern\u00e1ndez Advocats<\/strong>, prestamos un asesoramiento t\u00e9cnico y especializado a agricultores, ganaderos, cooperativas, propietarios de explotaciones rurales y empresas agroalimentarias en toda la zona de influencia de <strong>Manresa, Vic, Solsona, Puigcerd\u00e0, Ripoll y La Seu d\u2019Urgell<\/strong>.<\/p>\n<p>Nuestro equipo combina la tradici\u00f3n jur\u00eddica con un profundo conocimiento del entorno rural catal\u00e1n, lo que nos permite ofrecer soluciones ajustadas a la normativa vigente, pero tambi\u00e9n adaptadas a los usos y costumbres locales.<\/p>\n<h4><strong>Manresa y Vic: conflictos sobre fincas r\u00fasticas y contratos agrarios<\/strong><\/h4>\n<p>En las comarcas del Bages y Osona, que abarcan <strong>Manresa y Vic<\/strong>, atendemos numerosos casos relacionados con:<\/p>\n<ul>\n<li>Contratos de arrendamiento r\u00fastico<\/li>\n<li>Compraventas de terrenos agr\u00edcolas y naves agrarias<\/li>\n<li>Derechos de paso, servidumbres y caminos de uso com\u00fan<\/li>\n<li>Conflictos entre agricultores y propietarios<\/li>\n<li>Reclamaciones por da\u00f1os a cultivos o ganado<\/li>\n<\/ul>\n<p>Tambi\u00e9n acompa\u00f1amos a ganaderos y productores locales en tr\u00e1mites con la administraci\u00f3n agraria, como la inscripci\u00f3n en registros agrarios, ayudas de la PAC, declaraciones de explotaci\u00f3n prioritaria o modificaciones de titularidad.<\/p>\n<h4><strong>Solsona y Ripoll: herencias agrarias, montes comunales y ordenaci\u00f3n del territorio<\/strong><\/h4>\n<p>En <strong>Solsona y Ripoll<\/strong>, ubicados en zonas con gran superficie forestal y terrenos de monta\u00f1a, trabajamos en:<\/p>\n<ul>\n<li>Repartos de herencias con fincas indivisibles<\/li>\n<li>Problemas de copropiedad agraria entre herederos<\/li>\n<li>Conflictos con ayuntamientos o entidades locales menores sobre pastos, caminos o servidumbres<\/li>\n<li>Protecci\u00f3n del patrimonio forestal y explotaci\u00f3n de recursos naturales<\/li>\n<li>Asesoramiento en contratos de aparcer\u00eda y cesiones de uso<\/li>\n<\/ul>\n<p>Tambi\u00e9n representamos a propietarios afectados por planes urban\u00edsticos o proyectos p\u00fablicos que afectan a terrenos agr\u00edcolas o bosques, ayud\u00e1ndoles a defender sus derechos en procesos de expropiaci\u00f3n, compensaci\u00f3n o impugnaci\u00f3n de normativas.<\/p>\n<h4><strong>Puigcerd\u00e0 y La Seu d\u2019Urgell: regulaci\u00f3n transfronteriza, turismo rural y explotaci\u00f3n agroganadera<\/strong><\/h4>\n<p>En <strong>Puigcerd\u00e0 y La Seu d\u2019Urgell<\/strong>, con un importante componente de <strong>propiedad compartida entre Espa\u00f1a y Francia<\/strong>, y gran desarrollo del <strong>turismo rural<\/strong>, prestamos servicios como:<\/p>\n<ul>\n<li>Asesoramiento en la transformaci\u00f3n de explotaciones en alojamientos tur\u00edsticos (casas rurales, agroturismos)<\/li>\n<li>Revisi\u00f3n de la fiscalidad agraria transfronteriza<\/li>\n<li>Conflictos por uso de caminos, pistas forestales y aguas compartidas<\/li>\n<li>Defensa jur\u00eddica frente a denuncias por impacto ambiental<\/li>\n<li>Tramitaci\u00f3n de licencias para actividades ganaderas o agr\u00edcolas extensivas<\/li>\n<\/ul>\n<p>En muchas ocasiones, estos servicios requieren colaboraci\u00f3n con t\u00e9cnicos agr\u00edcolas, ingenieros forestales o veterinarios, con quienes trabajamos en red para ofrecer soluciones multidisciplinares y viables para el cliente.<\/p>\n<p><strong>Servicios m\u00e1s habituales en Derecho Rural:<\/strong><\/p>\n<ul>\n<li>Contratos de arrendamiento r\u00fastico y cesi\u00f3n de explotaciones<\/li>\n<li>Asesoramiento en herencias con fincas agrarias<\/li>\n<li>Reclamaciones por da\u00f1os en cultivos, cosechas o ganado<\/li>\n<li>Problemas con lindes, caminos rurales y servidumbres<\/li>\n<li>Asistencia legal en inspecciones agrarias o sanciones medioambientales<\/li>\n<li>Defensa frente a expropiaciones por infraestructuras p\u00fablicas<\/li>\n<\/ul>\n<p>En Fern\u00e1ndez Advocats, entendemos el valor estrat\u00e9gico, patrimonial y afectivo que tienen las propiedades rurales. Por eso, actuamos con rigor jur\u00eddico, pero tambi\u00e9n con una visi\u00f3n cercana y pr\u00e1ctica del entorno rural de la <strong>Catalu\u00f1a interior y pirenaica<\/strong>.<\/p>\n<h3><strong>Seguros y Responsabilidad Civil en Manresa, Vic, Solsona, Puigcerd\u00e0, Ripoll y La Seu d\u2019Urgell<\/strong><\/h3>\n<p>En <strong>Fern\u00e1ndez Advocats<\/strong> contamos con una s\u00f3lida trayectoria en la defensa de los derechos de particulares, familias y empresas frente a aseguradoras. Prestamos servicios legales especializados en <strong>reclamaciones por seguros y responsabilidad civil<\/strong> en toda la zona de <strong>Manresa, Vic, Solsona, Puigcerd\u00e0, Ripoll y La Seu d\u2019Urgell<\/strong>, defendiendo tanto a v\u00edctimas como a tomadores de p\u00f3lizas que ven vulneradas sus coberturas.<\/p>\n<p>Esta \u00e1rea del Derecho requiere un conocimiento profundo de las condiciones generales y particulares de los contratos de seguro, as\u00ed como de la jurisprudencia actual en materia de siniestros, da\u00f1os personales y patrimoniales, negligencias y responsabilidad contractual o extracontractual.<\/p>\n<h4><strong>Manresa y Vic: seguros de hogar, accidentes y responsabilidad profesional<\/strong><\/h4>\n<p>En zonas urbanas como <strong>Manresa<\/strong> y <strong>Vic<\/strong>, es frecuente que nuestros clientes se enfrenten a conflictos con aseguradoras por:<\/p>\n<ul>\n<li>Da\u00f1os por agua, incendios o roturas en viviendas y locales comerciales<\/li>\n<li>Reclamaciones derivadas de accidentes de tr\u00e1fico<\/li>\n<li>Incumplimientos de cobertura en seguros de salud o vida<\/li>\n<li>Negativa a indemnizar por da\u00f1os materiales o personales<\/li>\n<li>Conflictos con seguros de responsabilidad civil profesional (m\u00e9dicos, arquitectos, abogados)<\/li>\n<\/ul>\n<p>Tambi\u00e9n defendemos a comunidades de propietarios ante compa\u00f1\u00edas aseguradoras cuando existen siniestros mal gestionados o diferencias en la interpretaci\u00f3n de las cl\u00e1usulas de la p\u00f3liza.<\/p>\n<h4><strong>Solsona y Ripoll: da\u00f1os en fincas, animales y conflictos de vecindad<\/strong><\/h4>\n<p>En entornos rurales como <strong>Solsona<\/strong> y <strong>Ripoll<\/strong>, donde abundan las propiedades r\u00fasticas, caminos comunales y explotaciones agrarias, es com\u00fan que surjan:<\/p>\n<ul>\n<li>Da\u00f1os por tormentas, nieve, rayos o incendios forestales<\/li>\n<li>Conflictos por accidentes con animales sueltos o da\u00f1os a cultivos<\/li>\n<li>Reclamaciones por responsabilidad civil por da\u00f1os causados a terceros<\/li>\n<li>Incumplimientos de aseguradoras frente a siniestros agr\u00edcolas o ganaderos<\/li>\n<\/ul>\n<p>Tambi\u00e9n asistimos a personas afectadas por negligencias en obras, instalaciones el\u00e9ctricas o mantenimiento, gestionando reclamaciones extrajudiciales o litigios cuando es necesario.<\/p>\n<h4><strong>Puigcerd\u00e0 y La Seu d\u2019Urgell: turismo, deportes y seguros internacionales<\/strong><\/h4>\n<p>En <strong>Puigcerd\u00e0<\/strong> y <strong>La Seu d\u2019Urgell<\/strong>, donde muchas p\u00f3lizas est\u00e1n ligadas al turismo, al deporte de monta\u00f1a y a la actividad transfronteriza, intervenimos en reclamaciones por:<\/p>\n<ul>\n<li>Siniestros en seguros de viaje o cancelaci\u00f3n de actividades tur\u00edsticas<\/li>\n<li>Accidentes de esqu\u00ed, ciclismo o senderismo no cubiertos adecuadamente<\/li>\n<li>Incidentes con veh\u00edculos asegurados en Francia o Andorra<\/li>\n<li>Rechazo de indemnizaciones en seguros contratados online en otros pa\u00edses<\/li>\n<li>Reclamaciones por responsabilidad civil en alojamientos rurales o actividades al aire libre<\/li>\n<\/ul>\n<p>Colaboramos con peritos independientes y mediadores para valorar correctamente los da\u00f1os e identificar incumplimientos de las aseguradoras, ya sea por falta de cobertura, aplicaci\u00f3n abusiva de franquicias o interpretaci\u00f3n restrictiva del contrato.<\/p>\n<p><strong>Servicios m\u00e1s frecuentes en esta \u00e1rea:<\/strong><\/p>\n<ul>\n<li>Reclamaciones contra aseguradoras por incumplimiento de p\u00f3liza<\/li>\n<li>Indemnizaciones por accidentes de tr\u00e1fico (como v\u00edctima o responsable)<\/li>\n<li>Responsabilidad civil por da\u00f1os a terceros o negligencias<\/li>\n<li>Defensa frente a reclamaciones injustificadas<\/li>\n<li>Revisi\u00f3n de cl\u00e1usulas abusivas en contratos de seguro<\/li>\n<li>Reclamaciones por responsabilidad patrimonial frente a la Administraci\u00f3n<\/li>\n<\/ul>\n<p>En <strong>Fern\u00e1ndez Advocats<\/strong>, combinamos experiencia t\u00e9cnica y cercan\u00eda personal para que nuestros clientes no queden desprotegidos ante grandes compa\u00f1\u00edas aseguradoras. Si has sufrido un da\u00f1o o tu seguro no responde como deber\u00eda, puedes contar con nosotros en <strong>Manresa, Vic, Solsona, Puigcerd\u00e0, Ripoll o La Seu d\u2019Urgell<\/strong>.<\/p>\n<h3><strong>Derecho Mercantil en Manresa, Vic, Solsona, Puigcerd\u00e0, Ripoll y La Seu d\u2019Urgell<\/strong><\/h3>\n<p>En <strong>Fern\u00e1ndez Advocats<\/strong> acompa\u00f1amos desde hace m\u00e1s de 40 a\u00f1os a aut\u00f3nomos, emprendedores, peque\u00f1as y medianas empresas en todo tipo de asuntos relacionados con el <strong>Derecho Mercantil<\/strong>. Ofrecemos una atenci\u00f3n directa, resolutiva y continuada a empresas de sectores tan diversos como la industria, la construcci\u00f3n, el comercio, el turismo, la agricultura y los servicios profesionales, adapt\u00e1ndonos a las particularidades de cada zona: <strong>Manresa, Vic, Solsona, Puigcerd\u00e0, Ripoll y La Seu d\u2019Urgell<\/strong>.<\/p>\n<h4><strong>Manresa y Vic: asesoramiento mercantil preventivo y resoluci\u00f3n de conflictos societarios<\/strong><\/h4>\n<p><strong>Manresa<\/strong> y <strong>Vic<\/strong> son dos centros econ\u00f3micos clave en la Catalu\u00f1a Central, donde operan m\u00faltiples sociedades mercantiles, cooperativas y profesionales aut\u00f3nomos. Nuestro equipo jur\u00eddico presta asistencia habitual en:<\/p>\n<ul>\n<li>Constituci\u00f3n de sociedades limitadas o an\u00f3nimas<\/li>\n<li>Reformas estatutarias, cambios de domicilio o ampliaciones de capital<\/li>\n<li>Redacci\u00f3n de pactos entre socios<\/li>\n<li>Conflictos societarios: impugnaci\u00f3n de acuerdos, separaci\u00f3n de socios<\/li>\n<li>Reclamaciones de impagados y gesti\u00f3n de morosidad<\/li>\n<li>Insolvencias y procedimientos concursales<\/li>\n<\/ul>\n<p>Tambi\u00e9n trabajamos con comercios, asesor\u00edas y startups locales para revisar sus condiciones generales de contrataci\u00f3n, contratos con proveedores y relaciones con distribuidores.<\/p>\n<h4><strong>Solsona y Ripoll: empresas familiares, cooperativas agrarias y contratos de suministro<\/strong><\/h4>\n<p>En poblaciones como <strong>Solsona<\/strong> y <strong>Ripoll<\/strong>, muchas empresas son de car\u00e1cter familiar o cooperativo. Prestamos servicios a:<\/p>\n<ul>\n<li>Empresas familiares con necesidad de relevo generacional o reorganizaci\u00f3n<\/li>\n<li>Cooperativas de servicios, agr\u00edcolas o de consumidores<\/li>\n<li>Contratos mercantiles en el \u00e1mbito agroalimentario<\/li>\n<li>Responsabilidad de administradores por deudas o mala gesti\u00f3n<\/li>\n<li>Conflictos contractuales con distribuidores o clientes<\/li>\n<li>Redacci\u00f3n de contratos de suministro, transporte o servicios continuados<\/li>\n<\/ul>\n<p>Nos involucramos especialmente en el asesoramiento preventivo, ayudando a las empresas a evitar litigios y mantener relaciones comerciales s\u00f3lidas.<\/p>\n<h4><strong>Puigcerd\u00e0 y La Seu d\u2019Urgell: sociedades transfronterizas, fiscalidad internacional y negocios tur\u00edsticos<\/strong><\/h4>\n<p>En municipios como <strong>Puigcerd\u00e0<\/strong> o <strong>La Seu d\u2019Urgell<\/strong>, donde existe una intensa relaci\u00f3n comercial con <strong>Francia y Andorra<\/strong>, prestamos apoyo legal en:<\/p>\n<ul>\n<li>Constituci\u00f3n de sociedades con socios extranjeros<\/li>\n<li>Operaciones transfronterizas de compraventa y prestaci\u00f3n de servicios<\/li>\n<li>Fiscalidad internacional y convenios para evitar la doble imposici\u00f3n<\/li>\n<li>Contratos con plataformas tur\u00edsticas y cl\u00e1usulas de protecci\u00f3n<\/li>\n<li>Conflictos con proveedores internacionales o marketplaces<\/li>\n<\/ul>\n<p>Adem\u00e1s, ofrecemos asistencia continua a empresas del sector hotelero, inmobiliario y de actividades deportivas de monta\u00f1a que necesitan seguridad jur\u00eddica en sus relaciones comerciales y un asesoramiento riguroso en temas de responsabilidad empresarial.<\/p>\n<p><strong>Servicios habituales en Derecho Mercantil:<\/strong><\/p>\n<ul>\n<li>Creaci\u00f3n y modificaci\u00f3n de sociedades<\/li>\n<li>Conflictos entre socios o con el \u00f3rgano de administraci\u00f3n<\/li>\n<li>Reclamaciones por incumplimiento de contrato<\/li>\n<li>Contratos de agencia, distribuci\u00f3n, franquicia y prestaci\u00f3n de servicios<\/li>\n<li>Asistencia en juntas de socios y procesos de disoluci\u00f3n o liquidaci\u00f3n<\/li>\n<li>Reestructuraciones societarias<\/li>\n<li>Planificaci\u00f3n jur\u00eddica para negocios familiares<\/li>\n<\/ul>\n<p>En Fern\u00e1ndez Advocats, entendemos las din\u00e1micas empresariales de cada zona y ofrecemos un acompa\u00f1amiento jur\u00eddico orientado al crecimiento, a la resoluci\u00f3n \u00e1gil de conflictos y a la protecci\u00f3n del patrimonio empresarial.<\/p>\n<h3><strong>Asesoramiento legal para empresas en Manresa, Vic, Solsona, Puigcerd\u00e0, Ripoll y La Seu d\u2019Urgell<\/strong><\/h3>\n<p>En el entorno empresarial actual, contar con un despacho de abogados que combine conocimiento jur\u00eddico, agilidad en la gesti\u00f3n y un trato cercano es clave para garantizar el buen funcionamiento del negocio y anticiparse a posibles conflictos. En <strong>Fern\u00e1ndez Advocats<\/strong>, llevamos m\u00e1s de cuatro d\u00e9cadas acompa\u00f1ando a <strong>empresas de todos los sectores<\/strong> en la Catalu\u00f1a interior y el Pirineo. Si buscas <strong>abogados para empresas en Manresa, Vic, Solsona, Puigcerd\u00e0, Ripoll o La Seu d\u2019Urgell<\/strong>, somos tu despacho de confianza.<\/p>\n<h4><strong>Apoyo integral en todas las fases del negocio<\/strong><\/h4>\n<p>Desde la constituci\u00f3n de una sociedad hasta su posible reestructuraci\u00f3n o disoluci\u00f3n, nuestros abogados mercantiles y laborales ofrecen asesoramiento preventivo y estrat\u00e9gico en cada etapa. Atendemos habitualmente a pymes, cooperativas, comercios familiares y profesionales aut\u00f3nomos que valoran un acompa\u00f1amiento directo y especializado.<\/p>\n<p>Entre los servicios m\u00e1s demandados por nuestros clientes empresariales se encuentran:<\/p>\n<ul>\n<li>Constituci\u00f3n de sociedades y reformas estatutarias<\/li>\n<li>Pactos entre socios y resoluci\u00f3n de conflictos societarios<\/li>\n<li>Contratos mercantiles (distribuci\u00f3n, agencia, prestaci\u00f3n de servicios)<\/li>\n<li>Gesti\u00f3n de impagados y reclamaciones de deuda<\/li>\n<li>Asesoramiento laboral (contrataci\u00f3n, sanciones, despidos, ERTEs)<\/li>\n<li>Representaci\u00f3n ante inspecciones de trabajo y Hacienda<\/li>\n<\/ul>\n<h4><strong>Experiencia local en entornos empresariales diversos<\/strong><\/h4>\n<p>En <strong>Manresa y Vic<\/strong>, donde se concentra buena parte del tejido industrial de la Catalu\u00f1a Central, prestamos servicios jur\u00eddicos a empresas del sector log\u00edstico, metal\u00fargico, retail y nuevas tecnolog\u00edas. En <strong>Solsona y Ripoll<\/strong>, acompa\u00f1amos a negocios familiares del sector agrario, forestal y de servicios.<\/p>\n<p>En zonas como <strong>Puigcerd\u00e0 y La Seu d\u2019Urgell<\/strong>, trabajamos con empresas del \u00e1mbito tur\u00edstico, inmobiliario y transfronterizo, ayud\u00e1ndoles a gestionar contratos internacionales, relaciones laborales estacionales y fiscalidad entre pa\u00edses.<\/p>\n<h4><strong>Proximidad, agilidad y visi\u00f3n estrat\u00e9gica<\/strong><\/h4>\n<p>Nuestro despacho combina la cercan\u00eda del abogado tradicional con la eficacia de un equipo t\u00e9cnico multidisciplinar. Actuamos como <strong>asesores legales externos de empresas<\/strong>, pero con implicaci\u00f3n y disponibilidad total, adapt\u00e1ndonos al tama\u00f1o y a la realidad de cada negocio.<\/p>\n<p>Adem\u00e1s, resolvemos los problemas con rapidez y lenguaje claro, para que tomes decisiones jur\u00eddicas fundamentadas sin perder el enfoque empresarial.<\/p>\n<h4><strong>Servicios en tu zona: sin desplazamientos innecesarios<\/strong><\/h4>\n<p>Si tienes tu empresa en <strong>Manresa, Vic, Solsona, Puigcerd\u00e0, Ripoll o La Seu d\u2019Urgell<\/strong>, te ofrecemos atenci\u00f3n presencial o por videollamada. Asistimos a juntas, representamos a nuestros clientes en tribunales mercantiles, laborales o contencioso-administrativos, y nos encargamos de la relaci\u00f3n con registros, notarios y organismos p\u00fablicos.<\/p>\n<p><strong>Conf\u00eda en un despacho que entiende tu negocio y tu territorio.<\/strong> En <strong>Fern\u00e1ndez Advocats<\/strong>, nos implicamos con cada empresa como si fuera propia. M\u00e1s de 40 a\u00f1os asesorando empresas en el coraz\u00f3n de Catalu\u00f1a nos avalan.<\/p>\n<h3><strong>Asesoramiento jur\u00eddico para particulares en Manresa, Vic, Solsona, Puigcerd\u00e0, Ripoll y La Seu d\u2019Urgell<\/strong><\/h3>\n<p>En la vida cotidiana, todos nos enfrentamos a situaciones que requieren ayuda legal: una herencia, un divorcio, un accidente, una sanci\u00f3n, una compra inmobiliaria o un conflicto con un vecino. En <strong>Fern\u00e1ndez Advocats<\/strong> defendemos los derechos de las personas con un enfoque cercano, profesional y plenamente adaptado a las particularidades de cada municipio. Si buscas <strong>abogados de confianza en Manresa, Vic, Solsona, Puigcerd\u00e0, Ripoll o La Seu d\u2019Urgell<\/strong>, estamos aqu\u00ed para ayudarte.<\/p>\n<h4><strong>Un despacho para toda la vida<\/strong><\/h4>\n<p>Nuestro objetivo no es solo resolver tu problema actual, sino convertirnos en tu despacho de referencia ante cualquier necesidad jur\u00eddica, presente o futura. Nos tomamos el tiempo de entender tu situaci\u00f3n personal, explicarte tus opciones legales con claridad y acompa\u00f1arte en todo el proceso, ya sea judicial o extrajudicial.<\/p>\n<p>Nuestros servicios para particulares incluyen:<\/p>\n<ul>\n<li>Divorcios, separaciones y custodias<\/li>\n<li>Herencias, testamentos y leg\u00edtimas<\/li>\n<li>Contratos de compraventa de inmuebles o fincas<\/li>\n<li>Reclamaciones por da\u00f1os, negligencias o impagos<\/li>\n<li>Asistencia en procedimientos penales como acusaci\u00f3n o defensa<\/li>\n<li>Defensa frente a la Administraci\u00f3n en sanciones o procedimientos<\/li>\n<\/ul>\n<h4><strong>Abogados de proximidad con conocimiento local<\/strong><\/h4>\n<p>En <strong>Manresa y Vic<\/strong>, trabajamos habitualmente con familias que necesitan resolver conflictos patrimoniales, gestionar una herencia con inmuebles o tramitar divorcios con hijos menores. En <strong>Solsona y Ripoll<\/strong>, muchos de nuestros clientes son propietarios de fincas r\u00fasticas o viviendas heredadas que necesitan regularizar, repartir o vender.<\/p>\n<p>En zonas como <strong>Puigcerd\u00e0 y La Seu d\u2019Urgell<\/strong>, atendemos a muchos particulares con bienes en <strong>Espa\u00f1a y Francia<\/strong> o <strong>Espa\u00f1a y Andorra<\/strong>, ofreciendo soluciones jur\u00eddicas completas en herencias transfronterizas, compraventas internacionales o reclamaciones con elementos de extranjer\u00eda.<\/p>\n<h4><strong>Atenci\u00f3n personal, sin intermediarios<\/strong><\/h4>\n<p>Con nosotros, hablas directamente con el abogado que lleva tu caso. Sin plataformas externas, sin filtros ni burocracias innecesarias. Atendemos tanto presencialmente como por medios digitales, adapt\u00e1ndonos a tus horarios y circunstancias.<\/p>\n<p>Nuestro equipo domina todos los procedimientos civiles, penales, administrativos o de familia, y cuenta con experiencia en los juzgados de <strong>Manresa, Vic, Solsona, Ripoll, Puigcerd\u00e0 y La Seu d\u2019Urgell<\/strong>.<\/p>\n<h4><strong>Trato humano + experiencia jur\u00eddica = resultados<\/strong><\/h4>\n<p>Sabemos que detr\u00e1s de cada problema legal hay una persona que necesita sentirse escuchada y protegida. En <strong>Fern\u00e1ndez Advocats<\/strong>, unimos la t\u00e9cnica jur\u00eddica con el trato humano. Te explicamos las cosas sin tecnicismos, te acompa\u00f1amos en cada paso y te damos la tranquilidad de estar en buenas manos.<\/p>\n<p><strong>Si vives en Manresa, Vic, Solsona, Puigcerd\u00e0, Ripoll o La Seu d\u2019Urgell y necesitas asesoramiento legal,<\/strong> cuenta con un despacho con m\u00e1s de 40 a\u00f1os defendiendo los derechos de las personas. En Fern\u00e1ndez Advocats estamos cerca de ti, para ayudarte a resolver lo importante.<\/p>\n<h3><strong>\u00bfPor qu\u00e9 elegir Fern\u00e1ndez Advocats como tu despacho de abogados en Manresa, Vic, Solsona, Puigcerd\u00e0, Ripoll o La Seu d\u2019Urgell?<\/strong><\/h3>\n<p>Cuando se trata de encontrar un <strong>despacho de abogados de confianza<\/strong>, no solo importa la experiencia, sino tambi\u00e9n la cercan\u00eda, el conocimiento del entorno y la capacidad para ofrecer soluciones jur\u00eddicas adaptadas a cada situaci\u00f3n concreta. En <strong>Fern\u00e1ndez Advocats<\/strong>, llevamos m\u00e1s de 40 a\u00f1os ofreciendo <strong>asesoramiento legal integral<\/strong> a personas, empresas y entidades p\u00fablicas en toda la Catalu\u00f1a Central y el Pirineo. Si est\u00e1s buscando <strong>abogados en Manresa, Vic, Solsona, Puigcerd\u00e0, Ripoll o La Seu d\u2019Urgell<\/strong>, te contamos por qu\u00e9 somos la mejor opci\u00f3n.<\/p>\n<h4><strong>Experiencia contrastada y multidisciplinar<\/strong><\/h4>\n<p>Nuestra firma fue fundada en 1979, y desde entonces hemos consolidado un equipo legal capaz de abordar con solvencia casos de <strong>Derecho Civil, Penal, Laboral, Administrativo, Urban\u00edstico, Mercantil, de Familia y Sucesiones<\/strong>, entre otras \u00e1reas. Esta especializaci\u00f3n nos permite ofrecer un servicio integral, adaptado a las necesidades legales de <strong>particulares, aut\u00f3nomos y pymes<\/strong>.<\/p>\n<p>Adem\u00e1s, somos el despacho de referencia para muchos clientes de <strong>Manresa y Vic<\/strong> que valoran la combinaci\u00f3n entre un trato cercano y la solvencia t\u00e9cnica de nuestros abogados. En comarcas como el <strong>Bages<\/strong> o <strong>Osona<\/strong>, donde la actividad econ\u00f3mica e inmobiliaria es intensa, trabajamos de forma proactiva con empresas, comunidades de vecinos y particulares que necesitan asesor\u00eda jur\u00eddica de calidad.<\/p>\n<h4><strong>Atenci\u00f3n personalizada y proximidad geogr\u00e1fica<\/strong><\/h4>\n<p>A diferencia de los grandes bufetes impersonales, en Fern\u00e1ndez Advocats <strong>te atiende siempre un abogado con nombre y apellidos<\/strong>, que conoce tu caso a fondo y act\u00faa con compromiso. Nos desplazamos habitualmente a los juzgados de <strong>Solsona, Ripoll, Puigcerd\u00e0 y La Seu d\u2019Urgell<\/strong>, as\u00ed como a ayuntamientos, notar\u00edas y registros para acompa\u00f1ar a nuestros clientes en cada gesti\u00f3n.<\/p>\n<p>Entendemos la realidad jur\u00eddica de zonas rurales y de monta\u00f1a, lo que nos convierte en un aliado esencial para propietarios, agricultores, residentes extranjeros o familias con patrimonios compartidos en distintos municipios.<\/p>\n<h4><strong>Soluciones legales claras, eficaces y bien fundamentadas<\/strong><\/h4>\n<p>En cada consulta, analizamos tu caso con honestidad y claridad. Evitamos litigios innecesarios y proponemos la mejor estrategia para resolver el conflicto con rapidez y seguridad jur\u00eddica. Si buscas un <strong>despacho de abogados en Puigcerd\u00e0 o La Seu d\u2019Urgell<\/strong> que entienda las complejidades de una herencia internacional, o <strong>abogados en Ripoll<\/strong> que puedan defender tus derechos en un problema de lindes o servidumbres, puedes contar con nuestra experiencia.<\/p>\n<h4><strong>Tecnolog\u00eda, agilidad y comunicaci\u00f3n fluida<\/strong><\/h4>\n<p>Utilizamos herramientas digitales para mantenerte informado, agilizar procedimientos y coordinar documentaci\u00f3n sin desplazamientos innecesarios. Muchos de nuestros clientes nos contactan por tel\u00e9fono o videollamada desde <strong>Solsona, Manresa o Vic<\/strong>, y reciben la misma atenci\u00f3n que si vinieran a nuestras oficinas.<\/p>\n<p><strong>En resumen:<\/strong> si necesitas un equipo de <strong>abogados en Manresa, Vic, Solsona, Puigcerd\u00e0, Ripoll o La Seu d\u2019Urgell<\/strong> con experiencia, cercan\u00eda y compromiso, en <strong>Fern\u00e1ndez Advocats<\/strong> te ofrecemos mucho m\u00e1s que asesoramiento legal: te ofrecemos confianza.<\/p>\n","protected":false},"excerpt":{"rendered":"<p>En el coraz\u00f3n de Catalu\u00f1a, donde se combinan la tradici\u00f3n jur\u00eddica con una sociedad moderna y cambiante, contar con un despacho de abogados cercano, resolutivo y multidisciplinar es fundamental. En Fern\u00e1ndez Advocats, ponemos a tu disposici\u00f3n un equipo con m\u00e1s de 40 a\u00f1os de trayectoria, preparado para ofrecer asesoramiento legal en Manresa, Vic, Solsona, Puigcerd\u00e0, [&hellip;]<\/p>\n","protected":false},"author":19,"featured_media":230147,"comment_status":"closed","ping_status":"closed","sticky":false,"template":"","format":"standard","meta":{"_et_pb_use_builder":"","_et_pb_old_content":"","_et_gb_content_width":"","footnotes":""},"categories":[28],"tags":[],"class_list":["post-253358","post","type-post","status-publish","format-standard","has-post-thumbnail","hentry","category-articulos-fa"],"yoast_head":"<!-- This site is optimized with the Yoast SEO plugin v27.1.1 - https:\/\/yoast.com\/product\/yoast-seo-wordpress\/ -->\n<title>Abogados en Manresa, Vic, Solsona, Puigcerd\u00e0, Ripoll y La Seu d\u2019Urgell: cercan\u00eda y experiencia jur\u00eddica a tu lado | Fern\u00e1ndez Advocats<\/title>\n<meta name=\"robots\" content=\"index, follow, max-snippet:-1, max-image-preview:large, max-video-preview:-1\" \/>\n<link rel=\"canonical\" href=\"https:\/\/fernandezadvocats.es\/es\/abogados-en-manresa-vic-solsona-puigcerda-ripoll-y-la-seu-durgell\/\" \/>\n<meta property=\"og:locale\" content=\"es_ES\" \/>\n<meta property=\"og:type\" content=\"article\" \/>\n<meta property=\"og:title\" content=\"Abogados en Manresa, Vic, Solsona, Puigcerd\u00e0, Ripoll y La Seu d\u2019Urgell: cercan\u00eda y experiencia jur\u00eddica a tu lado | Fern\u00e1ndez Advocats\" \/>\n<meta property=\"og:description\" content=\"En el coraz\u00f3n de Catalu\u00f1a, donde se combinan la tradici\u00f3n jur\u00eddica con una sociedad moderna y cambiante, contar con un despacho de abogados cercano, resolutivo y multidisciplinar es fundamental. En Fern\u00e1ndez Advocats, ponemos a tu disposici\u00f3n un equipo con m\u00e1s de 40 a\u00f1os de trayectoria, preparado para ofrecer asesoramiento legal en Manresa, Vic, Solsona, Puigcerd\u00e0, [&hellip;]\" \/>\n<meta property=\"og:url\" content=\"https:\/\/fernandezadvocats.es\/es\/abogados-en-manresa-vic-solsona-puigcerda-ripoll-y-la-seu-durgell\/\" \/>\n<meta property=\"og:site_name\" content=\"Fern\u00e1ndez Advocats\" \/>\n<meta property=\"article:published_time\" content=\"2025-07-18T10:06:14+00:00\" \/>\n<meta property=\"article:modified_time\" content=\"2025-07-24T10:10:04+00:00\" \/>\n<meta property=\"og:image\" content=\"https:\/\/fernandezadvocats.es\/wp-content\/uploads\/2024\/12\/4A4A2124-1-scaled-e1733828303721-fotor-20241216181032-1024x428.png\" \/>\n\t<meta property=\"og:image:width\" content=\"1024\" \/>\n\t<meta property=\"og:image:height\" content=\"428\" \/>\n\t<meta property=\"og:image:type\" content=\"image\/png\" \/>\n<meta name=\"author\" content=\"mrclickbarcelona@gmail.com\" \/>\n<meta name=\"twitter:card\" content=\"summary_large_image\" \/>\n<meta name=\"twitter:label1\" content=\"Escrito por\" \/>\n\t<meta name=\"twitter:data1\" content=\"mrclickbarcelona@gmail.com\" \/>\n\t<meta name=\"twitter:label2\" content=\"Tiempo de lectura\" \/>\n\t<meta name=\"twitter:data2\" content=\"34 minutos\" \/>\n<script type=\"application\/ld+json\" class=\"yoast-schema-graph\">{\"@context\":\"https:\/\/schema.org\",\"@graph\":[{\"@type\":\"Article\",\"@id\":\"https:\/\/fernandezadvocats.es\/es\/abogados-en-manresa-vic-solsona-puigcerda-ripoll-y-la-seu-durgell\/#article\",\"isPartOf\":{\"@id\":\"https:\/\/fernandezadvocats.es\/es\/abogados-en-manresa-vic-solsona-puigcerda-ripoll-y-la-seu-durgell\/\"},\"author\":{\"name\":\"mrclickbarcelona@gmail.com\",\"@id\":\"https:\/\/fernandezadvocats.es\/#\/schema\/person\/8ee482a071b4b039d55e3b5981b20a98\"},\"headline\":\"Abogados en Manresa, Vic, Solsona, Puigcerd\u00e0, Ripoll y La Seu d\u2019Urgell: cercan\u00eda y experiencia jur\u00eddica a tu lado\",\"datePublished\":\"2025-07-18T10:06:14+00:00\",\"dateModified\":\"2025-07-24T10:10:04+00:00\",\"mainEntityOfPage\":{\"@id\":\"https:\/\/fernandezadvocats.es\/es\/abogados-en-manresa-vic-solsona-puigcerda-ripoll-y-la-seu-durgell\/\"},\"wordCount\":6812,\"publisher\":{\"@id\":\"https:\/\/fernandezadvocats.es\/#organization\"},\"image\":{\"@id\":\"https:\/\/fernandezadvocats.es\/es\/abogados-en-manresa-vic-solsona-puigcerda-ripoll-y-la-seu-durgell\/#primaryimage\"},\"thumbnailUrl\":\"https:\/\/fernandezadvocats.es\/wp-content\/uploads\/2024\/12\/4A4A2124-1-scaled-e1733828303721-fotor-20241216181032.png\",\"articleSection\":[\"Art\u00edculos FA\"],\"inLanguage\":\"es\"},{\"@type\":\"WebPage\",\"@id\":\"https:\/\/fernandezadvocats.es\/es\/abogados-en-manresa-vic-solsona-puigcerda-ripoll-y-la-seu-durgell\/\",\"url\":\"https:\/\/fernandezadvocats.es\/es\/abogados-en-manresa-vic-solsona-puigcerda-ripoll-y-la-seu-durgell\/\",\"name\":\"Abogados en Manresa, Vic, Solsona, Puigcerd\u00e0, Ripoll y La Seu d\u2019Urgell: cercan\u00eda y experiencia jur\u00eddica a tu lado | Fern\u00e1ndez Advocats\",\"isPartOf\":{\"@id\":\"https:\/\/fernandezadvocats.es\/#website\"},\"primaryImageOfPage\":{\"@id\":\"https:\/\/fernandezadvocats.es\/es\/abogados-en-manresa-vic-solsona-puigcerda-ripoll-y-la-seu-durgell\/#primaryimage\"},\"image\":{\"@id\":\"https:\/\/fernandezadvocats.es\/es\/abogados-en-manresa-vic-solsona-puigcerda-ripoll-y-la-seu-durgell\/#primaryimage\"},\"thumbnailUrl\":\"https:\/\/fernandezadvocats.es\/wp-content\/uploads\/2024\/12\/4A4A2124-1-scaled-e1733828303721-fotor-20241216181032.png\",\"datePublished\":\"2025-07-18T10:06:14+00:00\",\"dateModified\":\"2025-07-24T10:10:04+00:00\",\"breadcrumb\":{\"@id\":\"https:\/\/fernandezadvocats.es\/es\/abogados-en-manresa-vic-solsona-puigcerda-ripoll-y-la-seu-durgell\/#breadcrumb\"},\"inLanguage\":\"es\",\"potentialAction\":[{\"@type\":\"ReadAction\",\"target\":[\"https:\/\/fernandezadvocats.es\/es\/abogados-en-manresa-vic-solsona-puigcerda-ripoll-y-la-seu-durgell\/\"]}]},{\"@type\":\"ImageObject\",\"inLanguage\":\"es\",\"@id\":\"https:\/\/fernandezadvocats.es\/es\/abogados-en-manresa-vic-solsona-puigcerda-ripoll-y-la-seu-durgell\/#primaryimage\",\"url\":\"https:\/\/fernandezadvocats.es\/wp-content\/uploads\/2024\/12\/4A4A2124-1-scaled-e1733828303721-fotor-20241216181032.png\",\"contentUrl\":\"https:\/\/fernandezadvocats.es\/wp-content\/uploads\/2024\/12\/4A4A2124-1-scaled-e1733828303721-fotor-20241216181032.png\",\"width\":2560,\"height\":1070},{\"@type\":\"BreadcrumbList\",\"@id\":\"https:\/\/fernandezadvocats.es\/es\/abogados-en-manresa-vic-solsona-puigcerda-ripoll-y-la-seu-durgell\/#breadcrumb\",\"itemListElement\":[{\"@type\":\"ListItem\",\"position\":1,\"name\":\"Portada\",\"item\":\"https:\/\/fernandezadvocats.es\/es\/fernandez-advocats-berga\/\"},{\"@type\":\"ListItem\",\"position\":2,\"name\":\"Abogados en Manresa, Vic, Solsona, Puigcerd\u00e0, Ripoll y La Seu d\u2019Urgell: cercan\u00eda y experiencia jur\u00eddica a tu lado\"}]},{\"@type\":\"WebSite\",\"@id\":\"https:\/\/fernandezadvocats.es\/#website\",\"url\":\"https:\/\/fernandezadvocats.es\/\",\"name\":\"Fern\u00e1ndez Advocats\",\"description\":\"Advocats Berga i Barcelona\",\"publisher\":{\"@id\":\"https:\/\/fernandezadvocats.es\/#organization\"},\"alternateName\":\"Abogados Berga y Bracelona\",\"potentialAction\":[{\"@type\":\"SearchAction\",\"target\":{\"@type\":\"EntryPoint\",\"urlTemplate\":\"https:\/\/fernandezadvocats.es\/?s={search_term_string}\"},\"query-input\":{\"@type\":\"PropertyValueSpecification\",\"valueRequired\":true,\"valueName\":\"search_term_string\"}}],\"inLanguage\":\"es\"},{\"@type\":\"Organization\",\"@id\":\"https:\/\/fernandezadvocats.es\/#organization\",\"name\":\"Fern\u00e1ndez Advocats\",\"url\":\"https:\/\/fernandezadvocats.es\/\",\"logo\":{\"@type\":\"ImageObject\",\"inLanguage\":\"es\",\"@id\":\"https:\/\/fernandezadvocats.es\/#\/schema\/logo\/image\/\",\"url\":\"https:\/\/fernandezadvocats.es\/wp-content\/uploads\/2024\/11\/cropped-BF-e1731427554424.png\",\"contentUrl\":\"https:\/\/fernandezadvocats.es\/wp-content\/uploads\/2024\/11\/cropped-BF-e1731427554424.png\",\"width\":512,\"height\":512,\"caption\":\"Fern\u00e1ndez Advocats\"},\"image\":{\"@id\":\"https:\/\/fernandezadvocats.es\/#\/schema\/logo\/image\/\"}},{\"@type\":\"Person\",\"@id\":\"https:\/\/fernandezadvocats.es\/#\/schema\/person\/8ee482a071b4b039d55e3b5981b20a98\",\"name\":\"mrclickbarcelona@gmail.com\",\"image\":{\"@type\":\"ImageObject\",\"inLanguage\":\"es\",\"@id\":\"https:\/\/fernandezadvocats.es\/#\/schema\/person\/image\/\",\"url\":\"https:\/\/secure.gravatar.com\/avatar\/e16cc9a830d1a221b9e83b040154617903c650598282d145b5b76cdcb02f009e?s=96&d=mm&r=g\",\"contentUrl\":\"https:\/\/secure.gravatar.com\/avatar\/e16cc9a830d1a221b9e83b040154617903c650598282d145b5b76cdcb02f009e?s=96&d=mm&r=g\",\"caption\":\"mrclickbarcelona@gmail.com\"},\"url\":\"https:\/\/fernandezadvocats.es\/es\/author\/mrclickbarcelonagmail-com\/\"}]}<\/script>\n<!-- \/ Yoast SEO plugin. -->","yoast_head_json":{"title":"Abogados en Manresa, Vic, Solsona, Puigcerd\u00e0, Ripoll y La Seu d\u2019Urgell: cercan\u00eda y experiencia jur\u00eddica a tu lado | Fern\u00e1ndez Advocats","robots":{"index":"index","follow":"follow","max-snippet":"max-snippet:-1","max-image-preview":"max-image-preview:large","max-video-preview":"max-video-preview:-1"},"canonical":"https:\/\/fernandezadvocats.es\/es\/abogados-en-manresa-vic-solsona-puigcerda-ripoll-y-la-seu-durgell\/","og_locale":"es_ES","og_type":"article","og_title":"Abogados en Manresa, Vic, Solsona, Puigcerd\u00e0, Ripoll y La Seu d\u2019Urgell: cercan\u00eda y experiencia jur\u00eddica a tu lado | Fern\u00e1ndez Advocats","og_description":"En el coraz\u00f3n de Catalu\u00f1a, donde se combinan la tradici\u00f3n jur\u00eddica con una sociedad moderna y cambiante, contar con un despacho de abogados cercano, resolutivo y multidisciplinar es fundamental. En Fern\u00e1ndez Advocats, ponemos a tu disposici\u00f3n un equipo con m\u00e1s de 40 a\u00f1os de trayectoria, preparado para ofrecer asesoramiento legal en Manresa, Vic, Solsona, Puigcerd\u00e0, [&hellip;]","og_url":"https:\/\/fernandezadvocats.es\/es\/abogados-en-manresa-vic-solsona-puigcerda-ripoll-y-la-seu-durgell\/","og_site_name":"Fern\u00e1ndez Advocats","article_published_time":"2025-07-18T10:06:14+00:00","article_modified_time":"2025-07-24T10:10:04+00:00","og_image":[{"width":1024,"height":428,"url":"https:\/\/fernandezadvocats.es\/wp-content\/uploads\/2024\/12\/4A4A2124-1-scaled-e1733828303721-fotor-20241216181032-1024x428.png","type":"image\/png"}],"author":"mrclickbarcelona@gmail.com","twitter_card":"summary_large_image","twitter_misc":{"Escrito por":"mrclickbarcelona@gmail.com","Tiempo de lectura":"34 minutos"},"schema":{"@context":"https:\/\/schema.org","@graph":[{"@type":"Article","@id":"https:\/\/fernandezadvocats.es\/es\/abogados-en-manresa-vic-solsona-puigcerda-ripoll-y-la-seu-durgell\/#article","isPartOf":{"@id":"https:\/\/fernandezadvocats.es\/es\/abogados-en-manresa-vic-solsona-puigcerda-ripoll-y-la-seu-durgell\/"},"author":{"name":"mrclickbarcelona@gmail.com","@id":"https:\/\/fernandezadvocats.es\/#\/schema\/person\/8ee482a071b4b039d55e3b5981b20a98"},"headline":"Abogados en Manresa, Vic, Solsona, Puigcerd\u00e0, Ripoll y La Seu d\u2019Urgell: cercan\u00eda y experiencia jur\u00eddica a tu lado","datePublished":"2025-07-18T10:06:14+00:00","dateModified":"2025-07-24T10:10:04+00:00","mainEntityOfPage":{"@id":"https:\/\/fernandezadvocats.es\/es\/abogados-en-manresa-vic-solsona-puigcerda-ripoll-y-la-seu-durgell\/"},"wordCount":6812,"publisher":{"@id":"https:\/\/fernandezadvocats.es\/#organization"},"image":{"@id":"https:\/\/fernandezadvocats.es\/es\/abogados-en-manresa-vic-solsona-puigcerda-ripoll-y-la-seu-durgell\/#primaryimage"},"thumbnailUrl":"https:\/\/fernandezadvocats.es\/wp-content\/uploads\/2024\/12\/4A4A2124-1-scaled-e1733828303721-fotor-20241216181032.png","articleSection":["Art\u00edculos FA"],"inLanguage":"es"},{"@type":"WebPage","@id":"https:\/\/fernandezadvocats.es\/es\/abogados-en-manresa-vic-solsona-puigcerda-ripoll-y-la-seu-durgell\/","url":"https:\/\/fernandezadvocats.es\/es\/abogados-en-manresa-vic-solsona-puigcerda-ripoll-y-la-seu-durgell\/","name":"Abogados en Manresa, Vic, Solsona, Puigcerd\u00e0, Ripoll y La Seu d\u2019Urgell: cercan\u00eda y experiencia jur\u00eddica a tu lado | Fern\u00e1ndez Advocats","isPartOf":{"@id":"https:\/\/fernandezadvocats.es\/#website"},"primaryImageOfPage":{"@id":"https:\/\/fernandezadvocats.es\/es\/abogados-en-manresa-vic-solsona-puigcerda-ripoll-y-la-seu-durgell\/#primaryimage"},"image":{"@id":"https:\/\/fernandezadvocats.es\/es\/abogados-en-manresa-vic-solsona-puigcerda-ripoll-y-la-seu-durgell\/#primaryimage"},"thumbnailUrl":"https:\/\/fernandezadvocats.es\/wp-content\/uploads\/2024\/12\/4A4A2124-1-scaled-e1733828303721-fotor-20241216181032.png","datePublished":"2025-07-18T10:06:14+00:00","dateModified":"2025-07-24T10:10:04+00:00","breadcrumb":{"@id":"https:\/\/fernandezadvocats.es\/es\/abogados-en-manresa-vic-solsona-puigcerda-ripoll-y-la-seu-durgell\/#breadcrumb"},"inLanguage":"es","potentialAction":[{"@type":"ReadAction","target":["https:\/\/fernandezadvocats.es\/es\/abogados-en-manresa-vic-solsona-puigcerda-ripoll-y-la-seu-durgell\/"]}]},{"@type":"ImageObject","inLanguage":"es","@id":"https:\/\/fernandezadvocats.es\/es\/abogados-en-manresa-vic-solsona-puigcerda-ripoll-y-la-seu-durgell\/#primaryimage","url":"https:\/\/fernandezadvocats.es\/wp-content\/uploads\/2024\/12\/4A4A2124-1-scaled-e1733828303721-fotor-20241216181032.png","contentUrl":"https:\/\/fernandezadvocats.es\/wp-content\/uploads\/2024\/12\/4A4A2124-1-scaled-e1733828303721-fotor-20241216181032.png","width":2560,"height":1070},{"@type":"BreadcrumbList","@id":"https:\/\/fernandezadvocats.es\/es\/abogados-en-manresa-vic-solsona-puigcerda-ripoll-y-la-seu-durgell\/#breadcrumb","itemListElement":[{"@type":"ListItem","position":1,"name":"Portada","item":"https:\/\/fernandezadvocats.es\/es\/fernandez-advocats-berga\/"},{"@type":"ListItem","position":2,"name":"Abogados en Manresa, Vic, Solsona, Puigcerd\u00e0, Ripoll y La Seu d\u2019Urgell: cercan\u00eda y experiencia jur\u00eddica a tu lado"}]},{"@type":"WebSite","@id":"https:\/\/fernandezadvocats.es\/#website","url":"https:\/\/fernandezadvocats.es\/","name":"Fern\u00e1ndez Advocats","description":"Advocats Berga i Barcelona","publisher":{"@id":"https:\/\/fernandezadvocats.es\/#organization"},"alternateName":"Abogados Berga y Bracelona","potentialAction":[{"@type":"SearchAction","target":{"@type":"EntryPoint","urlTemplate":"https:\/\/fernandezadvocats.es\/?s={search_term_string}"},"query-input":{"@type":"PropertyValueSpecification","valueRequired":true,"valueName":"search_term_string"}}],"inLanguage":"es"},{"@type":"Organization","@id":"https:\/\/fernandezadvocats.es\/#organization","name":"Fern\u00e1ndez Advocats","url":"https:\/\/fernandezadvocats.es\/","logo":{"@type":"ImageObject","inLanguage":"es","@id":"https:\/\/fernandezadvocats.es\/#\/schema\/logo\/image\/","url":"https:\/\/fernandezadvocats.es\/wp-content\/uploads\/2024\/11\/cropped-BF-e1731427554424.png","contentUrl":"https:\/\/fernandezadvocats.es\/wp-content\/uploads\/2024\/11\/cropped-BF-e1731427554424.png","width":512,"height":512,"caption":"Fern\u00e1ndez Advocats"},"image":{"@id":"https:\/\/fernandezadvocats.es\/#\/schema\/logo\/image\/"}},{"@type":"Person","@id":"https:\/\/fernandezadvocats.es\/#\/schema\/person\/8ee482a071b4b039d55e3b5981b20a98","name":"mrclickbarcelona@gmail.com","image":{"@type":"ImageObject","inLanguage":"es","@id":"https:\/\/fernandezadvocats.es\/#\/schema\/person\/image\/","url":"https:\/\/secure.gravatar.com\/avatar\/e16cc9a830d1a221b9e83b040154617903c650598282d145b5b76cdcb02f009e?s=96&d=mm&r=g","contentUrl":"https:\/\/secure.gravatar.com\/avatar\/e16cc9a830d1a221b9e83b040154617903c650598282d145b5b76cdcb02f009e?s=96&d=mm&r=g","caption":"mrclickbarcelona@gmail.com"},"url":"https:\/\/fernandezadvocats.es\/es\/author\/mrclickbarcelonagmail-com\/"}]}},"_links":{"self":[{"href":"https:\/\/fernandezadvocats.es\/es\/wp-json\/wp\/v2\/posts\/253358","targetHints":{"allow":["GET"]}}],"collection":[{"href":"https:\/\/fernandezadvocats.es\/es\/wp-json\/wp\/v2\/posts"}],"about":[{"href":"https:\/\/fernandezadvocats.es\/es\/wp-json\/wp\/v2\/types\/post"}],"author":[{"embeddable":true,"href":"https:\/\/fernandezadvocats.es\/es\/wp-json\/wp\/v2\/users\/19"}],"replies":[{"embeddable":true,"href":"https:\/\/fernandezadvocats.es\/es\/wp-json\/wp\/v2\/comments?post=253358"}],"version-history":[{"count":1,"href":"https:\/\/fernandezadvocats.es\/es\/wp-json\/wp\/v2\/posts\/253358\/revisions"}],"predecessor-version":[{"id":253359,"href":"https:\/\/fernandezadvocats.es\/es\/wp-json\/wp\/v2\/posts\/253358\/revisions\/253359"}],"wp:featuredmedia":[{"embeddable":true,"href":"https:\/\/fernandezadvocats.es\/es\/wp-json\/wp\/v2\/media\/230147"}],"wp:attachment":[{"href":"https:\/\/fernandezadvocats.es\/es\/wp-json\/wp\/v2\/media?parent=253358"}],"wp:term":[{"taxonomy":"category","embeddable":true,"href":"https:\/\/fernandezadvocats.es\/es\/wp-json\/wp\/v2\/categories?post=253358"},{"taxonomy":"post_tag","embeddable":true,"href":"https:\/\/fernandezadvocats.es\/es\/wp-json\/wp\/v2\/tags?post=253358"}],"curies":[{"name":"wp","href":"https:\/\/api.w.org\/{rel}","templated":true}]}}