{"id":253363,"date":"2026-01-21T18:03:44","date_gmt":"2026-01-21T17:03:44","guid":{"rendered":"https:\/\/fernandezadvocats.es\/?p=253363"},"modified":"2026-01-21T18:03:44","modified_gmt":"2026-01-21T17:03:44","slug":"defensa-de-persona-a-quien-pretendian-designar-asistente-con-funciones-representativas-resolucion-favorable-de-no-adopcion-de-medidas-de-apoyo","status":"publish","type":"post","link":"https:\/\/fernandezadvocats.es\/es\/defensa-de-persona-a-quien-pretendian-designar-asistente-con-funciones-representativas-resolucion-favorable-de-no-adopcion-de-medidas-de-apoyo\/","title":{"rendered":"Defensa de persona a qui\u00e9n pretend\u00edan designar asistente con funciones representativas: resoluci\u00f3n favorable de no adopci\u00f3n de medidas de apoyo"},"content":{"rendered":"<h3><strong>Antecedentes del caso<\/strong><\/h3>\n<p>Los Servicios Sociales de la poblaci\u00f3n de residencia de nuestro cliente puso en conocimiento de la fiscal\u00eda provincial una serie de hechos relativos a un ciudadano que entend\u00edan que presentaba importantes patolog\u00edas a nivel de salud mental que limitaban de manera importante su capacidad de obrar. Tambi\u00e9n comunicaron m\u00faltiples denuncias de nuestro cliente interpuestas contra algunos vecinos por problemas de convivencia vecinal. De este modo, de oficio, el Ministerio Fiscal consider\u00f3 que hab\u00eda necesidad de acordar la adopci\u00f3n de medidas de apoyo, solicitando judicialmente que se nombrara como asistente representativo de nuestro representado a una fundaci\u00f3n para que le prestara apoyo tanto en el \u00e1mbito personal, m\u00e9dico como en el procesal.<\/p>\n<h3><strong>Desarrollo del procedimiento contencioso<\/strong><\/h3>\n<p>Partiendo del relato f\u00e1ctico expuesto, se le notific\u00f3 a nuestro mandante la demanda para la provisi\u00f3n de medidas judiciales de apoyo y se inici\u00f3 el procedimiento contencioso pertinente, conducente a que se dictase resoluci\u00f3n judicial para acordar la adopci\u00f3n de medidas de apoyo consistentes en asistencia con funciones representativas, lo que hasta septiembre de 2021 supon\u00eda, propiamente, una incapacitaci\u00f3n de la persona con discapacidad que le imped\u00eda obrar por s\u00ed misma.<\/p>\n<p>Tras la contestaci\u00f3n a la demanda, en la que se acompa\u00f1\u00f3 la prueba documental pertinente, con especial atenci\u00f3n a un dictamen de un perito m\u00e9dico-psiquiatra, se practic\u00f3 la visita a nuestro cliente por parte de la m\u00e9dico-forense judicial. Tras entrevista cl\u00ednica y revisi\u00f3n de la documentaci\u00f3n obrante en autos e historial m\u00e9dico-forenses, este emiti\u00f3 el correspondiente informe y se se\u00f1al\u00f3 la comparecencia en sede judicial.<\/p>\n<p>La tramitaci\u00f3n, con ciertas particularidades, sigue los tr\u00e1mites del juicio verbal, y se se\u00f1ala acto de comparecencia a modo de vista.<\/p>\n<h3><strong>La importancia probatoria para acreditar las habilidades de la persona a qui\u00e9n se pretende designar asistente <\/strong><\/h3>\n<p>En la comparecencia se llev\u00f3 a cabo entrevista a la persona con discapacidad por parte de juez y fiscal, para luego practicar las pruebas que se propusieron en sede judicial. Entre ellas, testificales de una amiga del demandado, del que fue su empleador, de la asistente social, as\u00ed como la ratificaci\u00f3n del perito m\u00e9dico que emiti\u00f3 nuestro informe incorporado en la contestaci\u00f3n. Con la citada prueba, logramos acreditar:<\/p>\n<ol>\n<li>Por parte de las testificales de la amiga y el ex empleador, que con nuestro cliente se pod\u00eda mantener conversaciones coherentes y fluidas, y que, con la relaci\u00f3n e interactuaci\u00f3n que manten\u00edan con \u00e9l, lo consideraban una persona aut\u00f3noma y con facultades para actuar por s\u00ed mismo. Especialmente relevante fue el testigo del que fue recientemente empleador del demandado, al acreditarse que este no solo ten\u00eda habilidades para llevar a cabo una vida independiente, sino que respondi\u00f3 satisfactoriamente a nivel laboral, atendiendo a las \u00f3rdenes y mostrando ser una persona suficiente y con buenas capacidades en la labor desempe\u00f1ada.<\/li>\n<li>En cuanto a la trabajadora de servicios sociales, con su testifical se logr\u00f3 poner en evidencia su irrelevancia, pues recientemente reconoci\u00f3 que no hab\u00eda interactuado con nuestro cliente y que solo hab\u00eda mantenido alguna conversaci\u00f3n telef\u00f3nica con el demandado hac\u00eda m\u00e1s de un a\u00f1o, por asuntos relativos al grado de dependencia de su difunta madre. Adem\u00e1s, reconoci\u00f3 que le constaba que nuestro cliente era qui\u00e9n atend\u00eda y cuidaba de su madre, con quien conviv\u00eda.<\/li>\n<li>En cuanto a la ratificaci\u00f3n del dictamen pericial del m\u00e9dico-psiquiatra de parte, este ratific\u00f3 con rotundidad que, en la actualidad, nuestro cliente no presentaba ninguna psicopatolog\u00eda cl\u00ednica activa significativa, concluyendo que dispon\u00eda de una adecuada capacidad de juicio y cr\u00edtica.<\/li>\n<li>Para el informe de la m\u00e9dico-forense judicial, no se hab\u00eda sometido a nuestro cliente a una exploraci\u00f3n psicopatol\u00f3gica tan completa como la del psiquiatra de parte, sin practicar pruebas psicodiagn\u00f3sticas tendentes a evaluar la personalidad y la psicopatolog\u00eda que pod\u00eda presentar.<\/li>\n<\/ol>\n<h3><strong>Auto favorable que determina la no adopci\u00f3n de medidas de apoyo <\/strong><\/h3>\n<p>Tras la pr\u00e1ctica probatoria, el juez dio tr\u00e1mite de conclusiones tanto a nuestra representaci\u00f3n letrada como al Ministerio Fiscal. En esta fase, aprovechamos para analizar y poner en conexi\u00f3n toda la prueba, la cual evidenciaba la innecesaridad de adoptar medidas de apoyo frente a nuestro cliente, quien no presentaba psicopatolog\u00eda activa y quien demostr\u00f3 en todo momento tener capacidad para expresar su voluntad, deseos y preferencias de forma libre, sin necesidad de asistencia para ninguna toma de decisi\u00f3n, tampoco para las decisiones econ\u00f3micas, jur\u00eddicas y administrativas.<\/p>\n<p>Adem\u00e1s, es bien sabido que en la actualidad se presume que toda persona tiene capacidad jur\u00eddica, pudi\u00e9ndose establecer medidas de apoyo tipo curatela solamente en supuestos de acreditarse una discapacidad severa de la persona a quien se asistir\u00e1, dado que la regla general y la voluntad del legislador, acorde con la Convenci\u00f3n de Nueva York de 2006, es que toda persona pueda ejercer su capacidad jur\u00eddica.<\/p>\n<p>De este modo, se puso de manifiesto que, a partir del nuevo marco normativo dispuesto por la Ley 8\/2021, de 2 de junio, por la que se reforma la legislaci\u00f3n civil y procesal para el apoyo a las personas con discapacidad, conforme a la interpretaci\u00f3n literal del propio art. 226-4 en su punto 3 del C\u00f3digo Civil de Catalu\u00f1a, la autoridad judicial solo en los casos excepcionales en los que resulte imprescindible por las circunstancias de la persona asistida, podr\u00e1 determinar los actos concretos en los que el asistente pueda asumir la representaci\u00f3n de la persona asistida.<\/p>\n<p>Finalmente, se nos notific\u00f3 Auto favorable a los intereses de nuestro cliente, resolviendo no adoptar medida de apoyo alguna.<\/p>\n<p data-start=\"40\" data-end=\"150\">El presente art\u00edculo es meramente divulgativo y no constituye asesoramiento ni compromiso de actualizaci\u00f3n.<\/p>\n<p data-start=\"158\" data-end=\"236\" data-is-last-node=\"\">Para m\u00e1s informaci\u00f3n o asesoramiento, contacte con <a class=\"cursor-pointer\" rel=\"noopener\" data-start=\"209\" data-end=\"234\">info@fernandezadvocats.es<\/a>.<\/p>\n<div id=\"gtx-trans\" style=\"position: absolute; left: -11px; top: 1449.17px;\">\n<div class=\"gtx-trans-icon\"><\/div>\n<\/div>\n","protected":false},"excerpt":{"rendered":"<p>Antecedentes del caso Los Servicios Sociales de la poblaci\u00f3n de residencia de nuestro cliente puso en conocimiento de la fiscal\u00eda provincial una serie de hechos relativos a un ciudadano que entend\u00edan que presentaba importantes patolog\u00edas a nivel de salud mental que limitaban de manera importante su capacidad de obrar. Tambi\u00e9n comunicaron m\u00faltiples denuncias de nuestro [&hellip;]<\/p>\n","protected":false},"author":19,"featured_media":0,"comment_status":"closed","ping_status":"closed","sticky":false,"template":"","format":"standard","meta":{"_et_pb_use_builder":"","_et_pb_old_content":"","_et_gb_content_width":"","footnotes":""},"categories":[29],"tags":[],"class_list":["post-253363","post","type-post","status-publish","format-standard","hentry","category-expertise-fa-es"],"yoast_head":"<!-- This site is optimized with the Yoast SEO plugin v27.1.1 - https:\/\/yoast.com\/product\/yoast-seo-wordpress\/ -->\n<title>Defensa de persona a qui\u00e9n pretend\u00edan designar asistente con funciones representativas: resoluci\u00f3n favorable de no adopci\u00f3n de medidas de apoyo | Fern\u00e1ndez Advocats<\/title>\n<meta name=\"robots\" content=\"index, follow, max-snippet:-1, max-image-preview:large, max-video-preview:-1\" \/>\n<link rel=\"canonical\" href=\"https:\/\/fernandezadvocats.es\/es\/defensa-de-persona-a-quien-pretendian-designar-asistente-con-funciones-representativas-resolucion-favorable-de-no-adopcion-de-medidas-de-apoyo\/\" \/>\n<meta property=\"og:locale\" content=\"es_ES\" \/>\n<meta property=\"og:type\" content=\"article\" \/>\n<meta property=\"og:title\" content=\"Defensa de persona a qui\u00e9n pretend\u00edan designar asistente con funciones representativas: resoluci\u00f3n favorable de no adopci\u00f3n de medidas de apoyo | Fern\u00e1ndez Advocats\" \/>\n<meta property=\"og:description\" content=\"Antecedentes del caso Los Servicios Sociales de la poblaci\u00f3n de residencia de nuestro cliente puso en conocimiento de la fiscal\u00eda provincial una serie de hechos relativos a un ciudadano que entend\u00edan que presentaba importantes patolog\u00edas a nivel de salud mental que limitaban de manera importante su capacidad de obrar. Tambi\u00e9n comunicaron m\u00faltiples denuncias de nuestro [&hellip;]\" \/>\n<meta property=\"og:url\" content=\"https:\/\/fernandezadvocats.es\/es\/defensa-de-persona-a-quien-pretendian-designar-asistente-con-funciones-representativas-resolucion-favorable-de-no-adopcion-de-medidas-de-apoyo\/\" \/>\n<meta property=\"og:site_name\" content=\"Fern\u00e1ndez Advocats\" \/>\n<meta property=\"article:published_time\" content=\"2026-01-21T17:03:44+00:00\" \/>\n<meta name=\"author\" content=\"mrclickbarcelona@gmail.com\" \/>\n<meta name=\"twitter:card\" content=\"summary_large_image\" \/>\n<meta name=\"twitter:label1\" content=\"Escrito por\" \/>\n\t<meta name=\"twitter:data1\" content=\"mrclickbarcelona@gmail.com\" \/>\n\t<meta name=\"twitter:label2\" content=\"Tiempo de lectura\" \/>\n\t<meta name=\"twitter:data2\" content=\"5 minutos\" \/>\n<script type=\"application\/ld+json\" class=\"yoast-schema-graph\">{\"@context\":\"https:\/\/schema.org\",\"@graph\":[{\"@type\":\"Article\",\"@id\":\"https:\/\/fernandezadvocats.es\/es\/defensa-de-persona-a-quien-pretendian-designar-asistente-con-funciones-representativas-resolucion-favorable-de-no-adopcion-de-medidas-de-apoyo\/#article\",\"isPartOf\":{\"@id\":\"https:\/\/fernandezadvocats.es\/es\/defensa-de-persona-a-quien-pretendian-designar-asistente-con-funciones-representativas-resolucion-favorable-de-no-adopcion-de-medidas-de-apoyo\/\"},\"author\":{\"name\":\"mrclickbarcelona@gmail.com\",\"@id\":\"https:\/\/fernandezadvocats.es\/#\/schema\/person\/8ee482a071b4b039d55e3b5981b20a98\"},\"headline\":\"Defensa de persona a qui\u00e9n pretend\u00edan designar asistente con funciones representativas: resoluci\u00f3n favorable de no adopci\u00f3n de medidas de apoyo\",\"datePublished\":\"2026-01-21T17:03:44+00:00\",\"mainEntityOfPage\":{\"@id\":\"https:\/\/fernandezadvocats.es\/es\/defensa-de-persona-a-quien-pretendian-designar-asistente-con-funciones-representativas-resolucion-favorable-de-no-adopcion-de-medidas-de-apoyo\/\"},\"wordCount\":1022,\"publisher\":{\"@id\":\"https:\/\/fernandezadvocats.es\/#organization\"},\"articleSection\":[\"Expertise FA\"],\"inLanguage\":\"es\"},{\"@type\":\"WebPage\",\"@id\":\"https:\/\/fernandezadvocats.es\/es\/defensa-de-persona-a-quien-pretendian-designar-asistente-con-funciones-representativas-resolucion-favorable-de-no-adopcion-de-medidas-de-apoyo\/\",\"url\":\"https:\/\/fernandezadvocats.es\/es\/defensa-de-persona-a-quien-pretendian-designar-asistente-con-funciones-representativas-resolucion-favorable-de-no-adopcion-de-medidas-de-apoyo\/\",\"name\":\"Defensa de persona a qui\u00e9n pretend\u00edan designar asistente con funciones representativas: resoluci\u00f3n favorable de no adopci\u00f3n de medidas de apoyo | Fern\u00e1ndez Advocats\",\"isPartOf\":{\"@id\":\"https:\/\/fernandezadvocats.es\/#website\"},\"datePublished\":\"2026-01-21T17:03:44+00:00\",\"breadcrumb\":{\"@id\":\"https:\/\/fernandezadvocats.es\/es\/defensa-de-persona-a-quien-pretendian-designar-asistente-con-funciones-representativas-resolucion-favorable-de-no-adopcion-de-medidas-de-apoyo\/#breadcrumb\"},\"inLanguage\":\"es\",\"potentialAction\":[{\"@type\":\"ReadAction\",\"target\":[\"https:\/\/fernandezadvocats.es\/es\/defensa-de-persona-a-quien-pretendian-designar-asistente-con-funciones-representativas-resolucion-favorable-de-no-adopcion-de-medidas-de-apoyo\/\"]}]},{\"@type\":\"BreadcrumbList\",\"@id\":\"https:\/\/fernandezadvocats.es\/es\/defensa-de-persona-a-quien-pretendian-designar-asistente-con-funciones-representativas-resolucion-favorable-de-no-adopcion-de-medidas-de-apoyo\/#breadcrumb\",\"itemListElement\":[{\"@type\":\"ListItem\",\"position\":1,\"name\":\"Portada\",\"item\":\"https:\/\/fernandezadvocats.es\/es\/fernandez-advocats-berga\/\"},{\"@type\":\"ListItem\",\"position\":2,\"name\":\"Defensa de persona a qui\u00e9n pretend\u00edan designar asistente con funciones representativas: resoluci\u00f3n favorable de no adopci\u00f3n de medidas de apoyo\"}]},{\"@type\":\"WebSite\",\"@id\":\"https:\/\/fernandezadvocats.es\/#website\",\"url\":\"https:\/\/fernandezadvocats.es\/\",\"name\":\"Fern\u00e1ndez Advocats\",\"description\":\"Advocats Berga i Barcelona\",\"publisher\":{\"@id\":\"https:\/\/fernandezadvocats.es\/#organization\"},\"alternateName\":\"Abogados Berga y Bracelona\",\"potentialAction\":[{\"@type\":\"SearchAction\",\"target\":{\"@type\":\"EntryPoint\",\"urlTemplate\":\"https:\/\/fernandezadvocats.es\/?s={search_term_string}\"},\"query-input\":{\"@type\":\"PropertyValueSpecification\",\"valueRequired\":true,\"valueName\":\"search_term_string\"}}],\"inLanguage\":\"es\"},{\"@type\":\"Organization\",\"@id\":\"https:\/\/fernandezadvocats.es\/#organization\",\"name\":\"Fern\u00e1ndez Advocats\",\"url\":\"https:\/\/fernandezadvocats.es\/\",\"logo\":{\"@type\":\"ImageObject\",\"inLanguage\":\"es\",\"@id\":\"https:\/\/fernandezadvocats.es\/#\/schema\/logo\/image\/\",\"url\":\"https:\/\/fernandezadvocats.es\/wp-content\/uploads\/2024\/11\/cropped-BF-e1731427554424.png\",\"contentUrl\":\"https:\/\/fernandezadvocats.es\/wp-content\/uploads\/2024\/11\/cropped-BF-e1731427554424.png\",\"width\":512,\"height\":512,\"caption\":\"Fern\u00e1ndez Advocats\"},\"image\":{\"@id\":\"https:\/\/fernandezadvocats.es\/#\/schema\/logo\/image\/\"}},{\"@type\":\"Person\",\"@id\":\"https:\/\/fernandezadvocats.es\/#\/schema\/person\/8ee482a071b4b039d55e3b5981b20a98\",\"name\":\"mrclickbarcelona@gmail.com\",\"image\":{\"@type\":\"ImageObject\",\"inLanguage\":\"es\",\"@id\":\"https:\/\/fernandezadvocats.es\/#\/schema\/person\/image\/\",\"url\":\"https:\/\/secure.gravatar.com\/avatar\/e16cc9a830d1a221b9e83b040154617903c650598282d145b5b76cdcb02f009e?s=96&d=mm&r=g\",\"contentUrl\":\"https:\/\/secure.gravatar.com\/avatar\/e16cc9a830d1a221b9e83b040154617903c650598282d145b5b76cdcb02f009e?s=96&d=mm&r=g\",\"caption\":\"mrclickbarcelona@gmail.com\"},\"url\":\"https:\/\/fernandezadvocats.es\/es\/author\/mrclickbarcelonagmail-com\/\"}]}<\/script>\n<!-- \/ Yoast SEO plugin. -->","yoast_head_json":{"title":"Defensa de persona a qui\u00e9n pretend\u00edan designar asistente con funciones representativas: resoluci\u00f3n favorable de no adopci\u00f3n de medidas de apoyo | Fern\u00e1ndez Advocats","robots":{"index":"index","follow":"follow","max-snippet":"max-snippet:-1","max-image-preview":"max-image-preview:large","max-video-preview":"max-video-preview:-1"},"canonical":"https:\/\/fernandezadvocats.es\/es\/defensa-de-persona-a-quien-pretendian-designar-asistente-con-funciones-representativas-resolucion-favorable-de-no-adopcion-de-medidas-de-apoyo\/","og_locale":"es_ES","og_type":"article","og_title":"Defensa de persona a qui\u00e9n pretend\u00edan designar asistente con funciones representativas: resoluci\u00f3n favorable de no adopci\u00f3n de medidas de apoyo | Fern\u00e1ndez Advocats","og_description":"Antecedentes del caso Los Servicios Sociales de la poblaci\u00f3n de residencia de nuestro cliente puso en conocimiento de la fiscal\u00eda provincial una serie de hechos relativos a un ciudadano que entend\u00edan que presentaba importantes patolog\u00edas a nivel de salud mental que limitaban de manera importante su capacidad de obrar. Tambi\u00e9n comunicaron m\u00faltiples denuncias de nuestro [&hellip;]","og_url":"https:\/\/fernandezadvocats.es\/es\/defensa-de-persona-a-quien-pretendian-designar-asistente-con-funciones-representativas-resolucion-favorable-de-no-adopcion-de-medidas-de-apoyo\/","og_site_name":"Fern\u00e1ndez Advocats","article_published_time":"2026-01-21T17:03:44+00:00","author":"mrclickbarcelona@gmail.com","twitter_card":"summary_large_image","twitter_misc":{"Escrito por":"mrclickbarcelona@gmail.com","Tiempo de lectura":"5 minutos"},"schema":{"@context":"https:\/\/schema.org","@graph":[{"@type":"Article","@id":"https:\/\/fernandezadvocats.es\/es\/defensa-de-persona-a-quien-pretendian-designar-asistente-con-funciones-representativas-resolucion-favorable-de-no-adopcion-de-medidas-de-apoyo\/#article","isPartOf":{"@id":"https:\/\/fernandezadvocats.es\/es\/defensa-de-persona-a-quien-pretendian-designar-asistente-con-funciones-representativas-resolucion-favorable-de-no-adopcion-de-medidas-de-apoyo\/"},"author":{"name":"mrclickbarcelona@gmail.com","@id":"https:\/\/fernandezadvocats.es\/#\/schema\/person\/8ee482a071b4b039d55e3b5981b20a98"},"headline":"Defensa de persona a qui\u00e9n pretend\u00edan designar asistente con funciones representativas: resoluci\u00f3n favorable de no adopci\u00f3n de medidas de apoyo","datePublished":"2026-01-21T17:03:44+00:00","mainEntityOfPage":{"@id":"https:\/\/fernandezadvocats.es\/es\/defensa-de-persona-a-quien-pretendian-designar-asistente-con-funciones-representativas-resolucion-favorable-de-no-adopcion-de-medidas-de-apoyo\/"},"wordCount":1022,"publisher":{"@id":"https:\/\/fernandezadvocats.es\/#organization"},"articleSection":["Expertise FA"],"inLanguage":"es"},{"@type":"WebPage","@id":"https:\/\/fernandezadvocats.es\/es\/defensa-de-persona-a-quien-pretendian-designar-asistente-con-funciones-representativas-resolucion-favorable-de-no-adopcion-de-medidas-de-apoyo\/","url":"https:\/\/fernandezadvocats.es\/es\/defensa-de-persona-a-quien-pretendian-designar-asistente-con-funciones-representativas-resolucion-favorable-de-no-adopcion-de-medidas-de-apoyo\/","name":"Defensa de persona a qui\u00e9n pretend\u00edan designar asistente con funciones representativas: resoluci\u00f3n favorable de no adopci\u00f3n de medidas de apoyo | Fern\u00e1ndez Advocats","isPartOf":{"@id":"https:\/\/fernandezadvocats.es\/#website"},"datePublished":"2026-01-21T17:03:44+00:00","breadcrumb":{"@id":"https:\/\/fernandezadvocats.es\/es\/defensa-de-persona-a-quien-pretendian-designar-asistente-con-funciones-representativas-resolucion-favorable-de-no-adopcion-de-medidas-de-apoyo\/#breadcrumb"},"inLanguage":"es","potentialAction":[{"@type":"ReadAction","target":["https:\/\/fernandezadvocats.es\/es\/defensa-de-persona-a-quien-pretendian-designar-asistente-con-funciones-representativas-resolucion-favorable-de-no-adopcion-de-medidas-de-apoyo\/"]}]},{"@type":"BreadcrumbList","@id":"https:\/\/fernandezadvocats.es\/es\/defensa-de-persona-a-quien-pretendian-designar-asistente-con-funciones-representativas-resolucion-favorable-de-no-adopcion-de-medidas-de-apoyo\/#breadcrumb","itemListElement":[{"@type":"ListItem","position":1,"name":"Portada","item":"https:\/\/fernandezadvocats.es\/es\/fernandez-advocats-berga\/"},{"@type":"ListItem","position":2,"name":"Defensa de persona a qui\u00e9n pretend\u00edan designar asistente con funciones representativas: resoluci\u00f3n favorable de no adopci\u00f3n de medidas de apoyo"}]},{"@type":"WebSite","@id":"https:\/\/fernandezadvocats.es\/#website","url":"https:\/\/fernandezadvocats.es\/","name":"Fern\u00e1ndez Advocats","description":"Advocats Berga i Barcelona","publisher":{"@id":"https:\/\/fernandezadvocats.es\/#organization"},"alternateName":"Abogados Berga y Bracelona","potentialAction":[{"@type":"SearchAction","target":{"@type":"EntryPoint","urlTemplate":"https:\/\/fernandezadvocats.es\/?s={search_term_string}"},"query-input":{"@type":"PropertyValueSpecification","valueRequired":true,"valueName":"search_term_string"}}],"inLanguage":"es"},{"@type":"Organization","@id":"https:\/\/fernandezadvocats.es\/#organization","name":"Fern\u00e1ndez Advocats","url":"https:\/\/fernandezadvocats.es\/","logo":{"@type":"ImageObject","inLanguage":"es","@id":"https:\/\/fernandezadvocats.es\/#\/schema\/logo\/image\/","url":"https:\/\/fernandezadvocats.es\/wp-content\/uploads\/2024\/11\/cropped-BF-e1731427554424.png","contentUrl":"https:\/\/fernandezadvocats.es\/wp-content\/uploads\/2024\/11\/cropped-BF-e1731427554424.png","width":512,"height":512,"caption":"Fern\u00e1ndez Advocats"},"image":{"@id":"https:\/\/fernandezadvocats.es\/#\/schema\/logo\/image\/"}},{"@type":"Person","@id":"https:\/\/fernandezadvocats.es\/#\/schema\/person\/8ee482a071b4b039d55e3b5981b20a98","name":"mrclickbarcelona@gmail.com","image":{"@type":"ImageObject","inLanguage":"es","@id":"https:\/\/fernandezadvocats.es\/#\/schema\/person\/image\/","url":"https:\/\/secure.gravatar.com\/avatar\/e16cc9a830d1a221b9e83b040154617903c650598282d145b5b76cdcb02f009e?s=96&d=mm&r=g","contentUrl":"https:\/\/secure.gravatar.com\/avatar\/e16cc9a830d1a221b9e83b040154617903c650598282d145b5b76cdcb02f009e?s=96&d=mm&r=g","caption":"mrclickbarcelona@gmail.com"},"url":"https:\/\/fernandezadvocats.es\/es\/author\/mrclickbarcelonagmail-com\/"}]}},"_links":{"self":[{"href":"https:\/\/fernandezadvocats.es\/es\/wp-json\/wp\/v2\/posts\/253363","targetHints":{"allow":["GET"]}}],"collection":[{"href":"https:\/\/fernandezadvocats.es\/es\/wp-json\/wp\/v2\/posts"}],"about":[{"href":"https:\/\/fernandezadvocats.es\/es\/wp-json\/wp\/v2\/types\/post"}],"author":[{"embeddable":true,"href":"https:\/\/fernandezadvocats.es\/es\/wp-json\/wp\/v2\/users\/19"}],"replies":[{"embeddable":true,"href":"https:\/\/fernandezadvocats.es\/es\/wp-json\/wp\/v2\/comments?post=253363"}],"version-history":[{"count":1,"href":"https:\/\/fernandezadvocats.es\/es\/wp-json\/wp\/v2\/posts\/253363\/revisions"}],"predecessor-version":[{"id":254258,"href":"https:\/\/fernandezadvocats.es\/es\/wp-json\/wp\/v2\/posts\/253363\/revisions\/254258"}],"wp:attachment":[{"href":"https:\/\/fernandezadvocats.es\/es\/wp-json\/wp\/v2\/media?parent=253363"}],"wp:term":[{"taxonomy":"category","embeddable":true,"href":"https:\/\/fernandezadvocats.es\/es\/wp-json\/wp\/v2\/categories?post=253363"},{"taxonomy":"post_tag","embeddable":true,"href":"https:\/\/fernandezadvocats.es\/es\/wp-json\/wp\/v2\/tags?post=253363"}],"curies":[{"name":"wp","href":"https:\/\/api.w.org\/{rel}","templated":true}]}}