{"id":253397,"date":"2025-08-06T09:42:37","date_gmt":"2025-08-06T07:42:37","guid":{"rendered":"https:\/\/fernandezadvocats.es\/?p=253397"},"modified":"2026-01-21T18:02:23","modified_gmt":"2026-01-21T17:02:23","slug":"facultad-disciplinaria-empresario-sanciones","status":"publish","type":"post","link":"https:\/\/fernandezadvocats.es\/es\/facultad-disciplinaria-empresario-sanciones\/","title":{"rendered":"Facultad disciplinaria del empresario. Imposici\u00f3n de sanciones de menor gravedad por la comisi\u00f3n de infracciones de mayor gravedad."},"content":{"rendered":"<p><a href=\"https:\/\/fernandezadvocats.es\/wp-content\/uploads\/2025\/08\/Facultad-disciplinaria-del-empresario.pdf\"><b>DESCARGAR ART\u00cdCULO COMPLETO EN PDF.<\/b><\/a><\/p>\n<h3><b>INTRODUCCI\u00d3N:<\/b><\/h3>\n<p><span style=\"font-weight: 400;\">El Tribunal Supremo, en su Sentencia n\u00fam. 559\/2025, de 10 de junio, resuelve un interesante debate jur\u00eddico en torno a la calificaci\u00f3n por el empresario de unos hechos como muy graves y sancionados con una sanci\u00f3n inferior. La cuesti\u00f3n debatida se centra en determinar si el empresario tiene la facultad de elegir dentro de la horquilla de sanciones previstas legal o convencionales para una concreta infracci\u00f3n, la que considere m\u00e1s conveniente, rompiendo el principio de correspondencia entre infracci\u00f3n y sanci\u00f3n y si se produce, si la sanci\u00f3n debe ser declarada nula por falta de esta correspondencia.<\/span><\/p>\n<p><span style=\"font-weight: 400;\">Por lo que, el n\u00facleo de este caso reside en una colisi\u00f3n de principios, por un lado, el principio de tipicidad y legalidad y por otro lado el principio de proporcionalidad que aplica el poder de direcci\u00f3n y disciplinario del empresario.<\/span><\/p>\n<p><span style=\"font-weight: 400;\">Por lo que nos conduce a preguntarnos: \u00bfEl principio de tipicidad funciona como un cors\u00e9 r\u00edgido que obliga a una correlaci\u00f3n matem\u00e1tica entre falta y sanci\u00f3n, o bien permite al empresario un margen de maniobra para atenuar el castigo?<\/span><\/p>\n<h3><b>Los hechos: Un caso de ofensas graves y una sanci\u00f3n \u201cben\u00e9vola\u201d<\/b><\/h3>\n<p><span style=\"font-weight: 400;\">El supuesto de hecho que da origen a la sentencia es el siguiente: la trabajadora de una empresa profiri\u00f3 insultos y acusaciones de extrema gravedad contra un superior. En concreto se refiri\u00f3 a \u00e9l como \u201chijo de la gran puta\u201d y, en otra ocasi\u00f3n y en presencia de este, lo acus\u00f3 de ser un \u201casesino\u201d responsable de la muerte de un compa\u00f1ero.<\/span><\/p>\n<p><span style=\"font-weight: 400;\">La empresa calific\u00f3 estos hechos como una falta muy grave de acuerdo con lo que estipulaba el convenio colectivo aplicable, pero a pesar de la calificaci\u00f3n, la empresa decidi\u00f3 imponer una sanci\u00f3n solo de dos d\u00edas de suspensi\u00f3n de empleo y sueldo.<\/span><\/p>\n<p><span style=\"font-weight: 400;\">Sin embargo, esta sanci\u00f3n no correspond\u00eda a las faltas muy graves, sino a las graves.<\/span><\/p>\n<p><span style=\"font-weight: 400;\">Ante ello, la trabajadora impugn\u00f3 la sanci\u00f3n, argumentando que deb\u00eda ser declarada nula precisamente por esa falta de correspondencia entre la calificaci\u00f3n de la falta y la sanci\u00f3n impuesta. Su principal argumento era que, para ser v\u00e1lida, la sanci\u00f3n deber\u00eda haber sido mucho m\u00e1s severa.<\/span><\/p>\n<h3><b>Itinerario judicial<\/b><\/h3>\n<p><span style=\"font-weight: 400;\">La cuesti\u00f3n fue tratada en primera instancia por el Juzgado de lo Social n\u00fam. 23 de Madrid, que desestimo \u00edntegramente la demanda presentada por la trabajadora y absolv\u00eda a la empresa de todos los pedimentos formulados, confirm\u00e1ndose \u00edntegramente la sanci\u00f3n impuesta.<\/span><\/p>\n<p><span style=\"font-weight: 400;\">La Sala de lo Social del Tribunal Superior de Madrid, dict\u00f3 Sentencia en la que estimaba el recurso de suplicaci\u00f3n interpuesto por la trabajadora, revoc\u00f3 la sentencia de instancia y declar\u00f3 nula la falta y subsiguiente sanci\u00f3n que le fue impuesta a la trabajadora, condenando a la empresa a estar y pasar por estas declaraciones, con devoluci\u00f3n de los salarios impagados en los dos d\u00edas que su contrato estuvo suspendido indebidamente.<\/span><\/p>\n<p><span style=\"font-weight: 400;\">Finalmente, por la representaci\u00f3n de la trabajadora, se formaliz\u00f3 el recurso de casaci\u00f3n por unificaci\u00f3n de doctrina ante la misma Sala de suplicaci\u00f3n, alegando la contradicci\u00f3n existente ente esta y otra sentencia de otra Sala de lo Social del Tribunal Superior de Justicia del Pa\u00eds Vasco.<\/span><\/p>\n<h3><b>La Doctrina del Tribunal Supremo: El poder de sancionar incluye el de perdonar (total o parcialmente)<\/b><\/h3>\n<p><span style=\"font-weight: 400;\">El Alto Tribunal en la Sentencia objeto de esta publicaci\u00f3n desestima el recurso de la trabajadora y establece una doctrina clara y contundente, confirmando la validez de la actuaci\u00f3n de la empresa.<\/span><\/p>\n<p><span style=\"font-weight: 400;\">Los principales argumentos son:<\/span><\/p>\n<ul>\n<li style=\"font-weight: 400;\" aria-level=\"1\"><span style=\"font-weight: 400;\">El poder disciplinario es del empresario. En efecto la empresa es la titular del derecho a sancionar en el \u00e1mbito laboral y a su vez, la perjudicada por el incumplimiento contractual del trabajador.<\/span><\/li>\n<\/ul>\n<ul>\n<li style=\"font-weight: 400;\" aria-level=\"1\"><span style=\"font-weight: 400;\">Si la empresa tiene la potestad de perdonar una falta y no imponer ninguna sanci\u00f3n, con mayor raz\u00f3n puede optar por imponer una sanci\u00f3n m\u00e1s leve de la que corresponder\u00eda.<\/span><\/li>\n<\/ul>\n<ul>\n<li style=\"font-weight: 400;\" aria-level=\"1\"><span style=\"font-weight: 400;\">Aplicaci\u00f3n de la teor\u00eda gradualista. Imponer una sanci\u00f3n inferior a la m\u00e1xima posible es una manifestaci\u00f3n del principio de proporcionalidad y de la teor\u00eda gradualista, que en definitiva busca adecuar la sanci\u00f3n a todas las circunstancias concurrentes, beneficiando en este caso al trabajador. El Tribunal Supremo destaca lo que califica de \u201caparente contrasentido\u201d en la postura de la trabajadora: solicita la nulidad de la sanci\u00f3n porque en lugar de recibir un castigo de 11 d\u00edas, recibi\u00f3 uno de solo 2 d\u00edas. Es decir, si la empresa hubiera sido m\u00e1s severa, la sanci\u00f3n habr\u00eda sido confirmada, pero por ser m\u00e1s ben\u00e9vola, se pide su anulaci\u00f3n.<\/span><\/li>\n<\/ul>\n<ul>\n<li style=\"font-weight: 400;\" aria-level=\"1\"><span style=\"font-weight: 400;\">No se vulneran las garant\u00edas del trabajador. No se produce ning\u00fan perjuicio procesal porque la empresa ha cumplido con las garant\u00edas formales. Los plazos de prestaci\u00f3n de la falta se rigen por gravedad de la conducta y no por la sanci\u00f3n finalmente impuesta. Puede existir fraude si se demostrara que la empresa utiliza esta t\u00e9cnica de forma fraudulenta, pero en este caso no hab\u00eda indicio alguno.<\/span><\/li>\n<\/ul>\n<ul>\n<li style=\"font-weight: 400;\" aria-level=\"1\"><span style=\"font-weight: 400;\">Limite a la potestad empresarial: La \u00fanica condici\u00f3n es que la sanci\u00f3n debe estar tipificada. El empresario puede escoger una sanci\u00f3n m\u00e1s leve pero no puede invent\u00e1rselas. La sanci\u00f3n impuesta, (en el caso concreto suspensi\u00f3n de 2 d\u00edas) debe estar prevista y tipificada en el r\u00e9gimen sancionador del convenio colectivo.<\/span><\/li>\n<\/ul>\n<h3><b>Conclusiones y relevancia pr\u00e1ctica<\/b><\/h3>\n<p><span style=\"font-weight: 400;\">La Sentencia analizada es de gran relevancia porque proporciona flexibilidad estrat\u00e9gica a las empresas para calificar una conducta en su justa medida, pero al mismo tiempo aplicar una sanci\u00f3n menor para no generar un conflicto mayor o desmotivar excesivamente el trabajador. A nuestro parecer una herramienta \u00fatil para gestionar el clima laboral.<\/span><\/p>\n<p><span style=\"font-weight: 400;\">Con la doctrina sentada en esta Sentencia, adem\u00e1s de aclarar una cuesti\u00f3n que generaba sentencias contradictorias, produce seguridad jur\u00eddica. Por lo que, el Tribunal Supremo nos valida una pr\u00e1ctica que encuentra su fundamento en el equilibrio entre mantener la firmeza en la calificaci\u00f3n de las conductas inaceptables, pero permitiendo una respuesta sancionadora flexible y adaptada a las circunstancias de cada caso, siempre en beneficio del trabajador y dentro de lo que establece el marco legal y convencional.<\/span><\/p>\n<p><i><span style=\"font-weight: 400;\">*El presente art\u00edculo es meramente divulgativo y no supone asesoramiento ni compromiso de actualizaci\u00f3n.<\/span><\/i><\/p>\n<p><i><span style=\"font-weight: 400;\">Para m\u00e1s informaci\u00f3n o asesoramiento, contacte con info@fernandezadvocats.es.<\/span><\/i><\/p>\n","protected":false},"excerpt":{"rendered":"<p>DESCARGAR ART\u00cdCULO COMPLETO EN PDF. INTRODUCCI\u00d3N: El Tribunal Supremo, en su Sentencia n\u00fam. 559\/2025, de 10 de junio, resuelve un interesante debate jur\u00eddico en torno a la calificaci\u00f3n por el empresario de unos hechos como muy graves y sancionados con una sanci\u00f3n inferior. La cuesti\u00f3n debatida se centra en determinar si el empresario tiene la [&hellip;]<\/p>\n","protected":false},"author":19,"featured_media":253385,"comment_status":"closed","ping_status":"closed","sticky":false,"template":"","format":"standard","meta":{"_et_pb_use_builder":"","_et_pb_old_content":"","_et_gb_content_width":"","footnotes":""},"categories":[28,39,173],"tags":[],"class_list":["post-253397","post","type-post","status-publish","format-standard","has-post-thumbnail","hentry","category-articulos-fa","category-derecho-laboral","category-sanciones-disciplinarias"],"yoast_head":"<!-- This site is optimized with the Yoast SEO plugin v27.1.1 - https:\/\/yoast.com\/product\/yoast-seo-wordpress\/ -->\n<title>Facultad disciplinaria del empresario. Imposici\u00f3n de sanciones de menor gravedad por la comisi\u00f3n de infracciones de mayor gravedad. | Fern\u00e1ndez Advocats<\/title>\n<meta name=\"description\" content=\"Descubre c\u00f3mo el Tribunal Supremo respalda la facultad del empresario para imponer sanciones m\u00e1s leves a faltas muy graves, seg\u00fan la reciente Sentencia 559\/2025. Un an\u00e1lisis clave sobre legalidad, tipicidad y proporcionalidad en el \u00e1mbito laboral.\" \/>\n<meta name=\"robots\" content=\"index, follow, max-snippet:-1, max-image-preview:large, max-video-preview:-1\" \/>\n<link rel=\"canonical\" href=\"https:\/\/fernandezadvocats.es\/es\/facultad-disciplinaria-empresario-sanciones\/\" \/>\n<meta property=\"og:locale\" content=\"es_ES\" \/>\n<meta property=\"og:type\" content=\"article\" \/>\n<meta property=\"og:title\" content=\"Facultad disciplinaria del empresario. Imposici\u00f3n de sanciones de menor gravedad por la comisi\u00f3n de infracciones de mayor gravedad. | Fern\u00e1ndez Advocats\" \/>\n<meta property=\"og:description\" content=\"Descubre c\u00f3mo el Tribunal Supremo respalda la facultad del empresario para imponer sanciones m\u00e1s leves a faltas muy graves, seg\u00fan la reciente Sentencia 559\/2025. Un an\u00e1lisis clave sobre legalidad, tipicidad y proporcionalidad en el \u00e1mbito laboral.\" \/>\n<meta property=\"og:url\" content=\"https:\/\/fernandezadvocats.es\/es\/facultad-disciplinaria-empresario-sanciones\/\" \/>\n<meta property=\"og:site_name\" content=\"Fern\u00e1ndez Advocats\" \/>\n<meta property=\"article:published_time\" content=\"2025-08-06T07:42:37+00:00\" \/>\n<meta property=\"article:modified_time\" content=\"2026-01-21T17:02:23+00:00\" \/>\n<meta property=\"og:image\" content=\"https:\/\/fernandezadvocats.es\/wp-content\/uploads\/2025\/08\/empresario-imposicion-de-sanciones.jpg\" \/>\n\t<meta property=\"og:image:width\" content=\"1562\" \/>\n\t<meta property=\"og:image:height\" content=\"1043\" \/>\n\t<meta property=\"og:image:type\" content=\"image\/jpeg\" \/>\n<meta name=\"author\" content=\"mrclickbarcelona@gmail.com\" \/>\n<meta name=\"twitter:card\" content=\"summary_large_image\" \/>\n<meta name=\"twitter:label1\" content=\"Escrito por\" \/>\n\t<meta name=\"twitter:data1\" content=\"mrclickbarcelona@gmail.com\" \/>\n\t<meta name=\"twitter:label2\" content=\"Tiempo de lectura\" \/>\n\t<meta name=\"twitter:data2\" content=\"6 minutos\" \/>\n<script type=\"application\/ld+json\" class=\"yoast-schema-graph\">{\"@context\":\"https:\/\/schema.org\",\"@graph\":[{\"@type\":\"Article\",\"@id\":\"https:\/\/fernandezadvocats.es\/es\/facultad-disciplinaria-empresario-sanciones\/#article\",\"isPartOf\":{\"@id\":\"https:\/\/fernandezadvocats.es\/es\/facultad-disciplinaria-empresario-sanciones\/\"},\"author\":{\"name\":\"mrclickbarcelona@gmail.com\",\"@id\":\"https:\/\/fernandezadvocats.es\/#\/schema\/person\/8ee482a071b4b039d55e3b5981b20a98\"},\"headline\":\"Facultad disciplinaria del empresario. Imposici\u00f3n de sanciones de menor gravedad por la comisi\u00f3n de infracciones de mayor gravedad.\",\"datePublished\":\"2025-08-06T07:42:37+00:00\",\"dateModified\":\"2026-01-21T17:02:23+00:00\",\"mainEntityOfPage\":{\"@id\":\"https:\/\/fernandezadvocats.es\/es\/facultad-disciplinaria-empresario-sanciones\/\"},\"wordCount\":1126,\"publisher\":{\"@id\":\"https:\/\/fernandezadvocats.es\/#organization\"},\"image\":{\"@id\":\"https:\/\/fernandezadvocats.es\/es\/facultad-disciplinaria-empresario-sanciones\/#primaryimage\"},\"thumbnailUrl\":\"https:\/\/fernandezadvocats.es\/wp-content\/uploads\/2025\/08\/empresario-imposicion-de-sanciones.jpg\",\"articleSection\":[\"Art\u00edculos FA\",\"Derecho Laboral\",\"Sanciones disciplinarias\"],\"inLanguage\":\"es\"},{\"@type\":\"WebPage\",\"@id\":\"https:\/\/fernandezadvocats.es\/es\/facultad-disciplinaria-empresario-sanciones\/\",\"url\":\"https:\/\/fernandezadvocats.es\/es\/facultad-disciplinaria-empresario-sanciones\/\",\"name\":\"Facultad disciplinaria del empresario. Imposici\u00f3n de sanciones de menor gravedad por la comisi\u00f3n de infracciones de mayor gravedad. | Fern\u00e1ndez Advocats\",\"isPartOf\":{\"@id\":\"https:\/\/fernandezadvocats.es\/#website\"},\"primaryImageOfPage\":{\"@id\":\"https:\/\/fernandezadvocats.es\/es\/facultad-disciplinaria-empresario-sanciones\/#primaryimage\"},\"image\":{\"@id\":\"https:\/\/fernandezadvocats.es\/es\/facultad-disciplinaria-empresario-sanciones\/#primaryimage\"},\"thumbnailUrl\":\"https:\/\/fernandezadvocats.es\/wp-content\/uploads\/2025\/08\/empresario-imposicion-de-sanciones.jpg\",\"datePublished\":\"2025-08-06T07:42:37+00:00\",\"dateModified\":\"2026-01-21T17:02:23+00:00\",\"description\":\"Descubre c\u00f3mo el Tribunal Supremo respalda la facultad del empresario para imponer sanciones m\u00e1s leves a faltas muy graves, seg\u00fan la reciente Sentencia 559\/2025. Un an\u00e1lisis clave sobre legalidad, tipicidad y proporcionalidad en el \u00e1mbito laboral.\",\"breadcrumb\":{\"@id\":\"https:\/\/fernandezadvocats.es\/es\/facultad-disciplinaria-empresario-sanciones\/#breadcrumb\"},\"inLanguage\":\"es\",\"potentialAction\":[{\"@type\":\"ReadAction\",\"target\":[\"https:\/\/fernandezadvocats.es\/es\/facultad-disciplinaria-empresario-sanciones\/\"]}]},{\"@type\":\"ImageObject\",\"inLanguage\":\"es\",\"@id\":\"https:\/\/fernandezadvocats.es\/es\/facultad-disciplinaria-empresario-sanciones\/#primaryimage\",\"url\":\"https:\/\/fernandezadvocats.es\/wp-content\/uploads\/2025\/08\/empresario-imposicion-de-sanciones.jpg\",\"contentUrl\":\"https:\/\/fernandezadvocats.es\/wp-content\/uploads\/2025\/08\/empresario-imposicion-de-sanciones.jpg\",\"width\":1562,\"height\":1043,\"caption\":\"empresario sanciones\"},{\"@type\":\"BreadcrumbList\",\"@id\":\"https:\/\/fernandezadvocats.es\/es\/facultad-disciplinaria-empresario-sanciones\/#breadcrumb\",\"itemListElement\":[{\"@type\":\"ListItem\",\"position\":1,\"name\":\"Portada\",\"item\":\"https:\/\/fernandezadvocats.es\/es\/fernandez-advocats-berga\/\"},{\"@type\":\"ListItem\",\"position\":2,\"name\":\"Facultad disciplinaria del empresario. Imposici\u00f3n de sanciones de menor gravedad por la comisi\u00f3n de infracciones de mayor gravedad.\"}]},{\"@type\":\"WebSite\",\"@id\":\"https:\/\/fernandezadvocats.es\/#website\",\"url\":\"https:\/\/fernandezadvocats.es\/\",\"name\":\"Fern\u00e1ndez Advocats\",\"description\":\"Advocats Berga i Barcelona\",\"publisher\":{\"@id\":\"https:\/\/fernandezadvocats.es\/#organization\"},\"alternateName\":\"Abogados Berga y Bracelona\",\"potentialAction\":[{\"@type\":\"SearchAction\",\"target\":{\"@type\":\"EntryPoint\",\"urlTemplate\":\"https:\/\/fernandezadvocats.es\/?s={search_term_string}\"},\"query-input\":{\"@type\":\"PropertyValueSpecification\",\"valueRequired\":true,\"valueName\":\"search_term_string\"}}],\"inLanguage\":\"es\"},{\"@type\":\"Organization\",\"@id\":\"https:\/\/fernandezadvocats.es\/#organization\",\"name\":\"Fern\u00e1ndez Advocats\",\"url\":\"https:\/\/fernandezadvocats.es\/\",\"logo\":{\"@type\":\"ImageObject\",\"inLanguage\":\"es\",\"@id\":\"https:\/\/fernandezadvocats.es\/#\/schema\/logo\/image\/\",\"url\":\"https:\/\/fernandezadvocats.es\/wp-content\/uploads\/2024\/11\/cropped-BF-e1731427554424.png\",\"contentUrl\":\"https:\/\/fernandezadvocats.es\/wp-content\/uploads\/2024\/11\/cropped-BF-e1731427554424.png\",\"width\":512,\"height\":512,\"caption\":\"Fern\u00e1ndez Advocats\"},\"image\":{\"@id\":\"https:\/\/fernandezadvocats.es\/#\/schema\/logo\/image\/\"}},{\"@type\":\"Person\",\"@id\":\"https:\/\/fernandezadvocats.es\/#\/schema\/person\/8ee482a071b4b039d55e3b5981b20a98\",\"name\":\"mrclickbarcelona@gmail.com\",\"image\":{\"@type\":\"ImageObject\",\"inLanguage\":\"es\",\"@id\":\"https:\/\/fernandezadvocats.es\/#\/schema\/person\/image\/\",\"url\":\"https:\/\/secure.gravatar.com\/avatar\/e16cc9a830d1a221b9e83b040154617903c650598282d145b5b76cdcb02f009e?s=96&d=mm&r=g\",\"contentUrl\":\"https:\/\/secure.gravatar.com\/avatar\/e16cc9a830d1a221b9e83b040154617903c650598282d145b5b76cdcb02f009e?s=96&d=mm&r=g\",\"caption\":\"mrclickbarcelona@gmail.com\"},\"url\":\"https:\/\/fernandezadvocats.es\/es\/author\/mrclickbarcelonagmail-com\/\"}]}<\/script>\n<!-- \/ Yoast SEO plugin. -->","yoast_head_json":{"title":"Facultad disciplinaria del empresario. Imposici\u00f3n de sanciones de menor gravedad por la comisi\u00f3n de infracciones de mayor gravedad. | Fern\u00e1ndez Advocats","description":"Descubre c\u00f3mo el Tribunal Supremo respalda la facultad del empresario para imponer sanciones m\u00e1s leves a faltas muy graves, seg\u00fan la reciente Sentencia 559\/2025. Un an\u00e1lisis clave sobre legalidad, tipicidad y proporcionalidad en el \u00e1mbito laboral.","robots":{"index":"index","follow":"follow","max-snippet":"max-snippet:-1","max-image-preview":"max-image-preview:large","max-video-preview":"max-video-preview:-1"},"canonical":"https:\/\/fernandezadvocats.es\/es\/facultad-disciplinaria-empresario-sanciones\/","og_locale":"es_ES","og_type":"article","og_title":"Facultad disciplinaria del empresario. Imposici\u00f3n de sanciones de menor gravedad por la comisi\u00f3n de infracciones de mayor gravedad. | Fern\u00e1ndez Advocats","og_description":"Descubre c\u00f3mo el Tribunal Supremo respalda la facultad del empresario para imponer sanciones m\u00e1s leves a faltas muy graves, seg\u00fan la reciente Sentencia 559\/2025. Un an\u00e1lisis clave sobre legalidad, tipicidad y proporcionalidad en el \u00e1mbito laboral.","og_url":"https:\/\/fernandezadvocats.es\/es\/facultad-disciplinaria-empresario-sanciones\/","og_site_name":"Fern\u00e1ndez Advocats","article_published_time":"2025-08-06T07:42:37+00:00","article_modified_time":"2026-01-21T17:02:23+00:00","og_image":[{"width":1562,"height":1043,"url":"https:\/\/fernandezadvocats.es\/wp-content\/uploads\/2025\/08\/empresario-imposicion-de-sanciones.jpg","type":"image\/jpeg"}],"author":"mrclickbarcelona@gmail.com","twitter_card":"summary_large_image","twitter_misc":{"Escrito por":"mrclickbarcelona@gmail.com","Tiempo de lectura":"6 minutos"},"schema":{"@context":"https:\/\/schema.org","@graph":[{"@type":"Article","@id":"https:\/\/fernandezadvocats.es\/es\/facultad-disciplinaria-empresario-sanciones\/#article","isPartOf":{"@id":"https:\/\/fernandezadvocats.es\/es\/facultad-disciplinaria-empresario-sanciones\/"},"author":{"name":"mrclickbarcelona@gmail.com","@id":"https:\/\/fernandezadvocats.es\/#\/schema\/person\/8ee482a071b4b039d55e3b5981b20a98"},"headline":"Facultad disciplinaria del empresario. Imposici\u00f3n de sanciones de menor gravedad por la comisi\u00f3n de infracciones de mayor gravedad.","datePublished":"2025-08-06T07:42:37+00:00","dateModified":"2026-01-21T17:02:23+00:00","mainEntityOfPage":{"@id":"https:\/\/fernandezadvocats.es\/es\/facultad-disciplinaria-empresario-sanciones\/"},"wordCount":1126,"publisher":{"@id":"https:\/\/fernandezadvocats.es\/#organization"},"image":{"@id":"https:\/\/fernandezadvocats.es\/es\/facultad-disciplinaria-empresario-sanciones\/#primaryimage"},"thumbnailUrl":"https:\/\/fernandezadvocats.es\/wp-content\/uploads\/2025\/08\/empresario-imposicion-de-sanciones.jpg","articleSection":["Art\u00edculos FA","Derecho Laboral","Sanciones disciplinarias"],"inLanguage":"es"},{"@type":"WebPage","@id":"https:\/\/fernandezadvocats.es\/es\/facultad-disciplinaria-empresario-sanciones\/","url":"https:\/\/fernandezadvocats.es\/es\/facultad-disciplinaria-empresario-sanciones\/","name":"Facultad disciplinaria del empresario. Imposici\u00f3n de sanciones de menor gravedad por la comisi\u00f3n de infracciones de mayor gravedad. | Fern\u00e1ndez Advocats","isPartOf":{"@id":"https:\/\/fernandezadvocats.es\/#website"},"primaryImageOfPage":{"@id":"https:\/\/fernandezadvocats.es\/es\/facultad-disciplinaria-empresario-sanciones\/#primaryimage"},"image":{"@id":"https:\/\/fernandezadvocats.es\/es\/facultad-disciplinaria-empresario-sanciones\/#primaryimage"},"thumbnailUrl":"https:\/\/fernandezadvocats.es\/wp-content\/uploads\/2025\/08\/empresario-imposicion-de-sanciones.jpg","datePublished":"2025-08-06T07:42:37+00:00","dateModified":"2026-01-21T17:02:23+00:00","description":"Descubre c\u00f3mo el Tribunal Supremo respalda la facultad del empresario para imponer sanciones m\u00e1s leves a faltas muy graves, seg\u00fan la reciente Sentencia 559\/2025. Un an\u00e1lisis clave sobre legalidad, tipicidad y proporcionalidad en el \u00e1mbito laboral.","breadcrumb":{"@id":"https:\/\/fernandezadvocats.es\/es\/facultad-disciplinaria-empresario-sanciones\/#breadcrumb"},"inLanguage":"es","potentialAction":[{"@type":"ReadAction","target":["https:\/\/fernandezadvocats.es\/es\/facultad-disciplinaria-empresario-sanciones\/"]}]},{"@type":"ImageObject","inLanguage":"es","@id":"https:\/\/fernandezadvocats.es\/es\/facultad-disciplinaria-empresario-sanciones\/#primaryimage","url":"https:\/\/fernandezadvocats.es\/wp-content\/uploads\/2025\/08\/empresario-imposicion-de-sanciones.jpg","contentUrl":"https:\/\/fernandezadvocats.es\/wp-content\/uploads\/2025\/08\/empresario-imposicion-de-sanciones.jpg","width":1562,"height":1043,"caption":"empresario sanciones"},{"@type":"BreadcrumbList","@id":"https:\/\/fernandezadvocats.es\/es\/facultad-disciplinaria-empresario-sanciones\/#breadcrumb","itemListElement":[{"@type":"ListItem","position":1,"name":"Portada","item":"https:\/\/fernandezadvocats.es\/es\/fernandez-advocats-berga\/"},{"@type":"ListItem","position":2,"name":"Facultad disciplinaria del empresario. Imposici\u00f3n de sanciones de menor gravedad por la comisi\u00f3n de infracciones de mayor gravedad."}]},{"@type":"WebSite","@id":"https:\/\/fernandezadvocats.es\/#website","url":"https:\/\/fernandezadvocats.es\/","name":"Fern\u00e1ndez Advocats","description":"Advocats Berga i Barcelona","publisher":{"@id":"https:\/\/fernandezadvocats.es\/#organization"},"alternateName":"Abogados Berga y Bracelona","potentialAction":[{"@type":"SearchAction","target":{"@type":"EntryPoint","urlTemplate":"https:\/\/fernandezadvocats.es\/?s={search_term_string}"},"query-input":{"@type":"PropertyValueSpecification","valueRequired":true,"valueName":"search_term_string"}}],"inLanguage":"es"},{"@type":"Organization","@id":"https:\/\/fernandezadvocats.es\/#organization","name":"Fern\u00e1ndez Advocats","url":"https:\/\/fernandezadvocats.es\/","logo":{"@type":"ImageObject","inLanguage":"es","@id":"https:\/\/fernandezadvocats.es\/#\/schema\/logo\/image\/","url":"https:\/\/fernandezadvocats.es\/wp-content\/uploads\/2024\/11\/cropped-BF-e1731427554424.png","contentUrl":"https:\/\/fernandezadvocats.es\/wp-content\/uploads\/2024\/11\/cropped-BF-e1731427554424.png","width":512,"height":512,"caption":"Fern\u00e1ndez Advocats"},"image":{"@id":"https:\/\/fernandezadvocats.es\/#\/schema\/logo\/image\/"}},{"@type":"Person","@id":"https:\/\/fernandezadvocats.es\/#\/schema\/person\/8ee482a071b4b039d55e3b5981b20a98","name":"mrclickbarcelona@gmail.com","image":{"@type":"ImageObject","inLanguage":"es","@id":"https:\/\/fernandezadvocats.es\/#\/schema\/person\/image\/","url":"https:\/\/secure.gravatar.com\/avatar\/e16cc9a830d1a221b9e83b040154617903c650598282d145b5b76cdcb02f009e?s=96&d=mm&r=g","contentUrl":"https:\/\/secure.gravatar.com\/avatar\/e16cc9a830d1a221b9e83b040154617903c650598282d145b5b76cdcb02f009e?s=96&d=mm&r=g","caption":"mrclickbarcelona@gmail.com"},"url":"https:\/\/fernandezadvocats.es\/es\/author\/mrclickbarcelonagmail-com\/"}]}},"_links":{"self":[{"href":"https:\/\/fernandezadvocats.es\/es\/wp-json\/wp\/v2\/posts\/253397","targetHints":{"allow":["GET"]}}],"collection":[{"href":"https:\/\/fernandezadvocats.es\/es\/wp-json\/wp\/v2\/posts"}],"about":[{"href":"https:\/\/fernandezadvocats.es\/es\/wp-json\/wp\/v2\/types\/post"}],"author":[{"embeddable":true,"href":"https:\/\/fernandezadvocats.es\/es\/wp-json\/wp\/v2\/users\/19"}],"replies":[{"embeddable":true,"href":"https:\/\/fernandezadvocats.es\/es\/wp-json\/wp\/v2\/comments?post=253397"}],"version-history":[{"count":4,"href":"https:\/\/fernandezadvocats.es\/es\/wp-json\/wp\/v2\/posts\/253397\/revisions"}],"predecessor-version":[{"id":254257,"href":"https:\/\/fernandezadvocats.es\/es\/wp-json\/wp\/v2\/posts\/253397\/revisions\/254257"}],"wp:featuredmedia":[{"embeddable":true,"href":"https:\/\/fernandezadvocats.es\/es\/wp-json\/wp\/v2\/media\/253385"}],"wp:attachment":[{"href":"https:\/\/fernandezadvocats.es\/es\/wp-json\/wp\/v2\/media?parent=253397"}],"wp:term":[{"taxonomy":"category","embeddable":true,"href":"https:\/\/fernandezadvocats.es\/es\/wp-json\/wp\/v2\/categories?post=253397"},{"taxonomy":"post_tag","embeddable":true,"href":"https:\/\/fernandezadvocats.es\/es\/wp-json\/wp\/v2\/tags?post=253397"}],"curies":[{"name":"wp","href":"https:\/\/api.w.org\/{rel}","templated":true}]}}