{"id":253430,"date":"2025-08-11T13:24:06","date_gmt":"2025-08-11T11:24:06","guid":{"rendered":"https:\/\/fernandezadvocats.es\/?p=253430"},"modified":"2026-01-21T18:01:32","modified_gmt":"2026-01-21T17:01:32","slug":"reclamacion-danos-perjuicios-comunero-poseedor-finca-coopropietarios","status":"publish","type":"post","link":"https:\/\/fernandezadvocats.es\/es\/reclamacion-danos-perjuicios-comunero-poseedor-finca-coopropietarios\/","title":{"rendered":"La reclamaci\u00f3n de da\u00f1os y perjuicios al comunero poseedor de la finca por parte del resto de copropietarios"},"content":{"rendered":"<p><strong><a href=\"https:\/\/fernandezadvocats.es\/wp-content\/uploads\/2025\/08\/Posesion-exclusiva-de-un-comunero.docx\">DESCARGAR ART\u00cdCULO COMPLETO EN PDF. <\/a><\/strong><\/p>\n<h3><b>Introducci\u00f3n\u00a0<\/b><\/h3>\n<p><span style=\"font-weight: 400;\">Es habitual que en inmuebles en proindiviso solamente uno de los copropietarios se beneficie de la finca, al residir en ella o beneficiarse de su posesi\u00f3n de forma exclusiva, estando los dem\u00e1s copropietarios sin la posesi\u00f3n y sin poder explotar su propiedad para obtener unos rendimientos econ\u00f3micos.\u00a0<\/span><\/p>\n<p><span style=\"font-weight: 400;\">En este sentido, el uso de la finca por parte de uno de los cotitulares no debe impedir al resto de usarla, pues todo copropietario tiene derecho de servirse del inmueble como cosa com\u00fan.\u00a0<\/span><\/p>\n<p><span style=\"font-weight: 400;\">Ante esta casu\u00edstica, veremos como la jurisprudencia viene admitiendo la procedencia de demandar judicialmente a qui\u00e9n haga un uso exclusivo y excluyente de la finca, para que los dem\u00e1s copropietarios puedan percibir la correspondiente indemnizaci\u00f3n en concepto de da\u00f1os y perjuicios.\u00a0\u00a0<\/span><b><\/b><\/p>\n<h3><b>Viabilidad de la acci\u00f3n y marco legal<\/b><b><\/b><\/h3>\n<p><span style=\"font-weight: 400;\">La utilizaci\u00f3n de la finca por uno solo de los part\u00edcipes en la comunidad de bienes, excluyendo el goce o uso de los dem\u00e1s y sin contar con su consentimiento es ileg\u00edtima, en cuanto infringe el art. 394 CC.<\/span><\/p>\n<p><span style=\"font-weight: 400;\">Cabe la posibilidad de reclamar una indemnizaci\u00f3n en concepto de los da\u00f1os y perjuicios econ\u00f3micos que nos causa como copropietarios, al detentar la ocupante un uso exclusivo y excluyente de la finca que nos impide explotar el inmueble, no teniendo la posibilidad, por ejemplo, de arrendar el citado inmueble a terceros con la obtenci\u00f3n por ello de la parte de la renta que corresponda.<\/span><\/p>\n<p><span style=\"font-weight: 400;\">En consecuencia, ante esta casu\u00edstica estamos habilitados a interponer una acci\u00f3n de reclamaci\u00f3n de da\u00f1os y perjuicios atendiendo a la renta media de mercado que corresponder\u00eda a la finca seg\u00fan sus caracter\u00edsticas y ubicaci\u00f3n, en proporci\u00f3n al porcentaje de cuota de la que seamos condue\u00f1os.<\/span><\/p>\n<p><span style=\"font-weight: 400;\">A nivel normativo, v\u00e9ase como el C\u00f3digo Civil dispone en su art. 394 que \u201c<\/span><i><span style=\"font-weight: 400;\">Cada part\u00edcipe podr\u00e1 servirse de las cosas comunes, siempre que disponga de ellas conforme a su destino y de manera que no perjudique el inter\u00e9s de la comunidad, ni impida a los copart\u00edcipes utilizarlas seg\u00fan su derecho<\/span><\/i><span style=\"font-weight: 400;\">\u201d.<\/span><\/p>\n<p><span style=\"font-weight: 400;\">Por su parte, el art. 1902 CC establece: \u201c<\/span><i><span style=\"font-weight: 400;\">El que por acci\u00f3n u omisi\u00f3n causa da\u00f1o a otro, interviniendo culpa o negligencia, est\u00e1 obligado a reparar el da\u00f1o causado<\/span><\/i><span style=\"font-weight: 400;\">\u201d.<\/span><\/p>\n<p><span style=\"font-weight: 400;\">Recientemente, la <\/span><span style=\"font-weight: 400;\">STS, Sala 1\u00aa, 244\/2022 de 29 de marzo<\/span><span style=\"font-weight: 400;\">, siguiendo el criterio que es doctrina jurisprudencial del Tribunal Supremo, y partiendo de las SSTS, Sala 1\u00aa, 93\/2016, de 19 de febrero y 700\/2015, de 9 de diciembre, dispone lo siguiente:\u00a0<\/span><\/p>\n<p><i><span style=\"font-weight: 400;\">\u201cLos l\u00edmites, establecidos por el art\u00edculo 394 CC, de que el uso por cada comunero de la cosa com\u00fan sea \u00abconforme a su destino\u00bb y de que no \u00abimpida a los copart\u00edcipes utilizarla seg\u00fan su derecho\u00bb, no plantean problemas dif\u00edciles de interpretaci\u00f3n jur\u00eddica. (\u2026) -es sin duda contrario a derecho que un comunero utilice la cosa com\u00fan de un modo excluyente: que impida el ejercicio por el otro u otro de los part\u00edcipes de su igual facultad de uso solidario; que, en palabras del art\u00edculo 1695.2\u00aa CC, \u00abimpida el uso a que tienen derecho sus compa\u00f1eros\u00bb.<\/span><\/i><\/p>\n<p><span style=\"font-weight: 400;\">Consiguientemente, la jurisprudencia menor ha acogido la doctrina sentada por el TS y ha resuelto casos an\u00e1logos de la siguiente forma:<\/span><\/p>\n<h3><strong>SAP de Oviedo, Sec. 6\u00aa, 246\/2019, de 10 de julio:<\/strong><\/h3>\n<p><i><span style=\"font-weight: 400;\">\u201cNo se trata por ello, de aplicar una indemnizaci\u00f3n autom\u00e1tica por el citado no uso del otro comunero que se opone al uso exclusivo y excluyente por parte del otro, sino que una vez justificado que el uso exclusivo del inmueble se mantiene pese a la voluntad contraria del otro copropietario con id\u00e9ntica cuota, en este caso la demandada que requiri\u00f3 al actor para que le compensara de tal ocupaci\u00f3n exclusiva y excluyente, esa oposici\u00f3n expresa a la continuidad del uso sin contraprestaci\u00f3n, debe estimarse <\/span><\/i><b><i>da derecho a pretender una indemnizaci\u00f3n por los perjuicios causados, concretados en este caso en la perdida de la posibilidad de arrendar el citado inmueble a terceros con la obtenci\u00f3n por ello de la parte de la renta correspondiente<\/i><\/b><span style=\"font-weight: 400;\">\u201d.<\/span><\/p>\n<p><span style=\"font-weight: 400;\">\u201c<\/span><i><span style=\"font-weight: 400;\">En definitiva <\/span><\/i><b><i>el art. 394 CCivil<\/i><\/b><i><span style=\"font-weight: 400;\"> no condiciona el uso de la cosa com\u00fan por cada condue\u00f1o m\u00e1s que a que dicho uso no impida a los copart\u00edcipes usarla seg\u00fan su derecho, lo que, en principio, <\/span><\/i><b><i>supone un uso solidario<\/i><\/b><i><span style=\"font-weight: 400;\">, de forma que cuando como aqu\u00ed sucede por la propia naturaleza de la cosa com\u00fan, este no es posible, <\/span><\/i><b><i>esa facultad que ostenta todo copropietario de servirse de la cosa com\u00fan<\/i><\/b><i><span style=\"font-weight: 400;\"> conforme a su destino, <\/span><\/i><b><i>no puede utilizarse en perjuicio de la comunidad o resto de los part\u00edcipes<\/i><\/b><i><span style=\"font-weight: 400;\">, <\/span><\/i><b><i>de modo que ha de estimarse que el uso exclusivo y excluyente en este caso por su propia naturaleza de la vivienda com\u00fan tiene una indudable relevancia econ\u00f3mica para el coparticipe excluido<\/i><\/b><i><span style=\"font-weight: 400;\"> del mismo al verse privado tambi\u00e9n de la obtenci\u00f3n de frutos, <\/span><\/i><b><i>de forma que una vez este \u00faltimo muestre su disconformidad con ese uso exclusivo incompatible con su derecho y que le perjudica<\/i><\/b><i><span style=\"font-weight: 400;\">, con el requerimiento de compensaci\u00f3n cursado en este caso, <\/span><\/i><b><i>cesa la presunci\u00f3n de consentimiento t\u00e1cito a la misma, surgiendo el derecho a la indemnizaci\u00f3n de da\u00f1os y perjuicios<\/i><\/b><b>\u201d.<\/b><\/p>\n<p><span style=\"font-weight: 400;\">SAP de Barcelona, Sec. 4\u00aa, de 13 de mayo de 2015<\/span><span style=\"font-weight: 400;\">:<\/span><\/p>\n<p><span style=\"font-weight: 400;\">En los presentes autos, la finca objeto de litigio era un local en copropiedad, y esta sentencia de segunda instancia recoge que \u201c<\/span><i><span style=\"font-weight: 400;\">la jurisprudencia se inclina por considerar que el uso exclusivo y excluyente del inmueble por un copropietario, que impide el uso de los dem\u00e1s copart\u00edcipes, <\/span><\/i><b><i>debe compensarse a los excluidos del uso con una renta o indemnizaci\u00f3n, lo cual viene amparado por el art\u00edculo 394 del C\u00f3digo Civil<\/i><\/b><i><span style=\"font-weight: 400;\"> y la interpretaci\u00f3n que del mismo se hace<\/span><\/i><span style=\"font-weight: 400;\">\u201d.<\/span><b><\/b><\/p>\n<h3><b>Pasos a seguir previo a la judicializaci\u00f3n\u00a0<\/b><b><\/b><\/h3>\n<p><span style=\"font-weight: 400;\">A parte de cumplir con el preceptivo requisito de procedibilidad que impone la Ley Org\u00e1nica 1\/2025, de 2 de enero, de medidas en materia de eficiencia del Servicio P\u00fablico de Justicia, con los MASC, ya sea instando a una fase de negociaci\u00f3n o, por ejemplo, mediante una oferta vinculante confidencial, previo a entablar la correspondiente acci\u00f3n judicial de reclamaci\u00f3n de da\u00f1os y perjuicios, es necesario:\u00a0<\/span><\/p>\n<ul>\n<li style=\"font-weight: 400;\" aria-level=\"1\"><span style=\"font-weight: 400;\"><strong>Comunicar de forma fehaciente v\u00eda burofax<\/strong> nuestra disconformidad con ese uso exclusivo y excluyente del ocupante, que es incompatible con nuestro derecho y que nos ocasiona un perjuicio, para acreditar el cese de todo consentimiento t\u00e1cito con respecto a que haga un uso exclusivo de la finca. En definitiva, en esta notificaci\u00f3n debemos <\/span><b>reclamar que el uso exclusivo finalice o se nos compense econ\u00f3micamente por tal uso contrario a nuestros derechos<\/b><span style=\"font-weight: 400;\">.<\/span><\/li>\n<\/ul>\n<p><span style=\"font-weight: 400;\">En este sentido, la jurisprudencia concluye que la ocupaci\u00f3n del copropietario no conlleva autom\u00e1ticamente el pago de una compensaci\u00f3n hacia el otro copropietario que no detenta la posesi\u00f3n ni hace uso de la finca, siendo su posesi\u00f3n leg\u00edtima hasta que haya una oposici\u00f3n expresa del otro copart\u00edcipe. En consecuencia, el c\u00f3mputo para los importes a reclamar tendr\u00eda su <\/span><i><span style=\"font-weight: 400;\">dies a quo<\/span><\/i><span style=\"font-weight: 400;\"> desde la notificaci\u00f3n del burofax hasta el cese de la posesi\u00f3n exclusiva. [<\/span><i><span style=\"font-weight: 400;\">Vid.<\/span><\/i><span style=\"font-weight: 400;\"> SSTS, Sala 1\u00aa, 4 de marzo de 1996; 416\/1996, de 20 de mayo (Rec. 3398\/1992); 975\/2004, de 20 octubre (Rec. 2712\/1998) y 1234\/2007, de 28 de noviembre (Rec. 3613\/2000)].<\/span><\/p>\n<ul>\n<li style=\"font-weight: 400;\" aria-level=\"1\"><span style=\"font-weight: 400;\"><strong>Solicitar un informe pericial<\/strong> emitido por un arquitecto, arquitecto t\u00e9cnico o por parte de un API, para <\/span><b>cuantificar la indemnizaci\u00f3n<\/b><span style=\"font-weight: 400;\"> a reclamar, a efectos de que determine el <\/span><b>valor de renta de mercado<\/b><span style=\"font-weight: 400;\"> aplicable a la finca, para luego reclamar una indemnizaci\u00f3n correspondiente a la parte proporcional de nuestra propiedad.\u00a0<\/span><\/li>\n<\/ul>\n<p>&nbsp;<\/p>\n<p><i><span style=\"font-weight: 400;\">*El presente art\u00edculo es meramente divulgativo y no supone asesoramiento ni compromiso de actualizaci\u00f3n. Para m\u00e1s informaci\u00f3n o asesoramiento, contacte con <\/span><\/i><a href=\"mailto:info@fernandezadvocats.es\"><i><span style=\"font-weight: 400;\">info@fernandezadvocats.es<\/span><\/i><\/a><i><span style=\"font-weight: 400;\">\u00a0<\/span><\/i><\/p>\n","protected":false},"excerpt":{"rendered":"<p>DESCARGAR ART\u00cdCULO COMPLETO EN PDF. Introducci\u00f3n\u00a0 Es habitual que en inmuebles en proindiviso solamente uno de los copropietarios se beneficie de la finca, al residir en ella o beneficiarse de su posesi\u00f3n de forma exclusiva, estando los dem\u00e1s copropietarios sin la posesi\u00f3n y sin poder explotar su propiedad para obtener unos rendimientos econ\u00f3micos.\u00a0 En este [&hellip;]<\/p>\n","protected":false},"author":19,"featured_media":253426,"comment_status":"closed","ping_status":"closed","sticky":false,"template":"","format":"standard","meta":{"_et_pb_use_builder":"","_et_pb_old_content":"","_et_gb_content_width":"","footnotes":""},"categories":[28,40,33,132],"tags":[],"class_list":["post-253430","post","type-post","status-publish","format-standard","has-post-thumbnail","hentry","category-articulos-fa","category-derecho-civil","category-derecho-inmobiliario","category-jurisprudencia"],"yoast_head":"<!-- This site is optimized with the Yoast SEO plugin v27.1.1 - https:\/\/yoast.com\/product\/yoast-seo-wordpress\/ -->\n<title>La reclamaci\u00f3n de da\u00f1os y perjuicios al comunero poseedor de la finca por parte del resto de copropietarios | Fern\u00e1ndez Advocats<\/title>\n<meta name=\"description\" content=\"Reclama tu parte si un comunero poseedor de finca impide tu uso: derechos, jurisprudencia y c\u00f3mo obtener indemnizaci\u00f3n.\" \/>\n<meta name=\"robots\" content=\"index, follow, max-snippet:-1, max-image-preview:large, max-video-preview:-1\" \/>\n<link rel=\"canonical\" href=\"https:\/\/fernandezadvocats.es\/es\/reclamacion-danos-perjuicios-comunero-poseedor-finca-coopropietarios\/\" \/>\n<meta property=\"og:locale\" content=\"es_ES\" \/>\n<meta property=\"og:type\" content=\"article\" \/>\n<meta property=\"og:title\" content=\"La reclamaci\u00f3n de da\u00f1os y perjuicios al comunero poseedor de la finca por parte del resto de copropietarios | Fern\u00e1ndez Advocats\" \/>\n<meta property=\"og:description\" content=\"Reclama tu parte si un comunero poseedor de finca impide tu uso: derechos, jurisprudencia y c\u00f3mo obtener indemnizaci\u00f3n.\" \/>\n<meta property=\"og:url\" content=\"https:\/\/fernandezadvocats.es\/es\/reclamacion-danos-perjuicios-comunero-poseedor-finca-coopropietarios\/\" \/>\n<meta property=\"og:site_name\" content=\"Fern\u00e1ndez Advocats\" \/>\n<meta property=\"article:published_time\" content=\"2025-08-11T11:24:06+00:00\" \/>\n<meta property=\"article:modified_time\" content=\"2026-01-21T17:01:32+00:00\" \/>\n<meta property=\"og:image\" content=\"https:\/\/fernandezadvocats.es\/wp-content\/uploads\/2025\/08\/selling-and-insuring-a-home-or-car-2025-03-09-01-11-29-utc-1.jpg\" \/>\n\t<meta property=\"og:image:width\" content=\"1471\" \/>\n\t<meta property=\"og:image:height\" content=\"859\" \/>\n\t<meta property=\"og:image:type\" content=\"image\/jpeg\" \/>\n<meta name=\"author\" content=\"mrclickbarcelona@gmail.com\" \/>\n<meta name=\"twitter:card\" content=\"summary_large_image\" \/>\n<meta name=\"twitter:label1\" content=\"Escrito por\" \/>\n\t<meta name=\"twitter:data1\" content=\"mrclickbarcelona@gmail.com\" \/>\n\t<meta name=\"twitter:label2\" content=\"Tiempo de lectura\" \/>\n\t<meta name=\"twitter:data2\" content=\"7 minutos\" \/>\n<script type=\"application\/ld+json\" class=\"yoast-schema-graph\">{\"@context\":\"https:\/\/schema.org\",\"@graph\":[{\"@type\":\"Article\",\"@id\":\"https:\/\/fernandezadvocats.es\/es\/reclamacion-danos-perjuicios-comunero-poseedor-finca-coopropietarios\/#article\",\"isPartOf\":{\"@id\":\"https:\/\/fernandezadvocats.es\/es\/reclamacion-danos-perjuicios-comunero-poseedor-finca-coopropietarios\/\"},\"author\":{\"name\":\"mrclickbarcelona@gmail.com\",\"@id\":\"https:\/\/fernandezadvocats.es\/#\/schema\/person\/8ee482a071b4b039d55e3b5981b20a98\"},\"headline\":\"La reclamaci\u00f3n de da\u00f1os y perjuicios al comunero poseedor de la finca por parte del resto de copropietarios\",\"datePublished\":\"2025-08-11T11:24:06+00:00\",\"dateModified\":\"2026-01-21T17:01:32+00:00\",\"mainEntityOfPage\":{\"@id\":\"https:\/\/fernandezadvocats.es\/es\/reclamacion-danos-perjuicios-comunero-poseedor-finca-coopropietarios\/\"},\"wordCount\":1345,\"publisher\":{\"@id\":\"https:\/\/fernandezadvocats.es\/#organization\"},\"image\":{\"@id\":\"https:\/\/fernandezadvocats.es\/es\/reclamacion-danos-perjuicios-comunero-poseedor-finca-coopropietarios\/#primaryimage\"},\"thumbnailUrl\":\"https:\/\/fernandezadvocats.es\/wp-content\/uploads\/2025\/08\/selling-and-insuring-a-home-or-car-2025-03-09-01-11-29-utc-1.jpg\",\"articleSection\":[\"Art\u00edculos FA\",\"Derecho Civil\",\"Derecho Inmobiliario\",\"Jurisprudencia\"],\"inLanguage\":\"es\"},{\"@type\":\"WebPage\",\"@id\":\"https:\/\/fernandezadvocats.es\/es\/reclamacion-danos-perjuicios-comunero-poseedor-finca-coopropietarios\/\",\"url\":\"https:\/\/fernandezadvocats.es\/es\/reclamacion-danos-perjuicios-comunero-poseedor-finca-coopropietarios\/\",\"name\":\"La reclamaci\u00f3n de da\u00f1os y perjuicios al comunero poseedor de la finca por parte del resto de copropietarios | Fern\u00e1ndez Advocats\",\"isPartOf\":{\"@id\":\"https:\/\/fernandezadvocats.es\/#website\"},\"primaryImageOfPage\":{\"@id\":\"https:\/\/fernandezadvocats.es\/es\/reclamacion-danos-perjuicios-comunero-poseedor-finca-coopropietarios\/#primaryimage\"},\"image\":{\"@id\":\"https:\/\/fernandezadvocats.es\/es\/reclamacion-danos-perjuicios-comunero-poseedor-finca-coopropietarios\/#primaryimage\"},\"thumbnailUrl\":\"https:\/\/fernandezadvocats.es\/wp-content\/uploads\/2025\/08\/selling-and-insuring-a-home-or-car-2025-03-09-01-11-29-utc-1.jpg\",\"datePublished\":\"2025-08-11T11:24:06+00:00\",\"dateModified\":\"2026-01-21T17:01:32+00:00\",\"description\":\"Reclama tu parte si un comunero poseedor de finca impide tu uso: derechos, jurisprudencia y c\u00f3mo obtener indemnizaci\u00f3n.\",\"breadcrumb\":{\"@id\":\"https:\/\/fernandezadvocats.es\/es\/reclamacion-danos-perjuicios-comunero-poseedor-finca-coopropietarios\/#breadcrumb\"},\"inLanguage\":\"es\",\"potentialAction\":[{\"@type\":\"ReadAction\",\"target\":[\"https:\/\/fernandezadvocats.es\/es\/reclamacion-danos-perjuicios-comunero-poseedor-finca-coopropietarios\/\"]}]},{\"@type\":\"ImageObject\",\"inLanguage\":\"es\",\"@id\":\"https:\/\/fernandezadvocats.es\/es\/reclamacion-danos-perjuicios-comunero-poseedor-finca-coopropietarios\/#primaryimage\",\"url\":\"https:\/\/fernandezadvocats.es\/wp-content\/uploads\/2025\/08\/selling-and-insuring-a-home-or-car-2025-03-09-01-11-29-utc-1.jpg\",\"contentUrl\":\"https:\/\/fernandezadvocats.es\/wp-content\/uploads\/2025\/08\/selling-and-insuring-a-home-or-car-2025-03-09-01-11-29-utc-1.jpg\",\"width\":1471,\"height\":859,\"caption\":\"danys i perjudicis al comuner posse\u00efdor de la finca\"},{\"@type\":\"BreadcrumbList\",\"@id\":\"https:\/\/fernandezadvocats.es\/es\/reclamacion-danos-perjuicios-comunero-poseedor-finca-coopropietarios\/#breadcrumb\",\"itemListElement\":[{\"@type\":\"ListItem\",\"position\":1,\"name\":\"Portada\",\"item\":\"https:\/\/fernandezadvocats.es\/es\/fernandez-advocats-berga\/\"},{\"@type\":\"ListItem\",\"position\":2,\"name\":\"La reclamaci\u00f3n de da\u00f1os y perjuicios al comunero poseedor de la finca por parte del resto de copropietarios\"}]},{\"@type\":\"WebSite\",\"@id\":\"https:\/\/fernandezadvocats.es\/#website\",\"url\":\"https:\/\/fernandezadvocats.es\/\",\"name\":\"Fern\u00e1ndez Advocats\",\"description\":\"Advocats Berga i Barcelona\",\"publisher\":{\"@id\":\"https:\/\/fernandezadvocats.es\/#organization\"},\"alternateName\":\"Abogados Berga y Bracelona\",\"potentialAction\":[{\"@type\":\"SearchAction\",\"target\":{\"@type\":\"EntryPoint\",\"urlTemplate\":\"https:\/\/fernandezadvocats.es\/?s={search_term_string}\"},\"query-input\":{\"@type\":\"PropertyValueSpecification\",\"valueRequired\":true,\"valueName\":\"search_term_string\"}}],\"inLanguage\":\"es\"},{\"@type\":\"Organization\",\"@id\":\"https:\/\/fernandezadvocats.es\/#organization\",\"name\":\"Fern\u00e1ndez Advocats\",\"url\":\"https:\/\/fernandezadvocats.es\/\",\"logo\":{\"@type\":\"ImageObject\",\"inLanguage\":\"es\",\"@id\":\"https:\/\/fernandezadvocats.es\/#\/schema\/logo\/image\/\",\"url\":\"https:\/\/fernandezadvocats.es\/wp-content\/uploads\/2024\/11\/cropped-BF-e1731427554424.png\",\"contentUrl\":\"https:\/\/fernandezadvocats.es\/wp-content\/uploads\/2024\/11\/cropped-BF-e1731427554424.png\",\"width\":512,\"height\":512,\"caption\":\"Fern\u00e1ndez Advocats\"},\"image\":{\"@id\":\"https:\/\/fernandezadvocats.es\/#\/schema\/logo\/image\/\"}},{\"@type\":\"Person\",\"@id\":\"https:\/\/fernandezadvocats.es\/#\/schema\/person\/8ee482a071b4b039d55e3b5981b20a98\",\"name\":\"mrclickbarcelona@gmail.com\",\"image\":{\"@type\":\"ImageObject\",\"inLanguage\":\"es\",\"@id\":\"https:\/\/fernandezadvocats.es\/#\/schema\/person\/image\/\",\"url\":\"https:\/\/secure.gravatar.com\/avatar\/e16cc9a830d1a221b9e83b040154617903c650598282d145b5b76cdcb02f009e?s=96&d=mm&r=g\",\"contentUrl\":\"https:\/\/secure.gravatar.com\/avatar\/e16cc9a830d1a221b9e83b040154617903c650598282d145b5b76cdcb02f009e?s=96&d=mm&r=g\",\"caption\":\"mrclickbarcelona@gmail.com\"},\"url\":\"https:\/\/fernandezadvocats.es\/es\/author\/mrclickbarcelonagmail-com\/\"}]}<\/script>\n<!-- \/ Yoast SEO plugin. -->","yoast_head_json":{"title":"La reclamaci\u00f3n de da\u00f1os y perjuicios al comunero poseedor de la finca por parte del resto de copropietarios | Fern\u00e1ndez Advocats","description":"Reclama tu parte si un comunero poseedor de finca impide tu uso: derechos, jurisprudencia y c\u00f3mo obtener indemnizaci\u00f3n.","robots":{"index":"index","follow":"follow","max-snippet":"max-snippet:-1","max-image-preview":"max-image-preview:large","max-video-preview":"max-video-preview:-1"},"canonical":"https:\/\/fernandezadvocats.es\/es\/reclamacion-danos-perjuicios-comunero-poseedor-finca-coopropietarios\/","og_locale":"es_ES","og_type":"article","og_title":"La reclamaci\u00f3n de da\u00f1os y perjuicios al comunero poseedor de la finca por parte del resto de copropietarios | Fern\u00e1ndez Advocats","og_description":"Reclama tu parte si un comunero poseedor de finca impide tu uso: derechos, jurisprudencia y c\u00f3mo obtener indemnizaci\u00f3n.","og_url":"https:\/\/fernandezadvocats.es\/es\/reclamacion-danos-perjuicios-comunero-poseedor-finca-coopropietarios\/","og_site_name":"Fern\u00e1ndez Advocats","article_published_time":"2025-08-11T11:24:06+00:00","article_modified_time":"2026-01-21T17:01:32+00:00","og_image":[{"width":1471,"height":859,"url":"https:\/\/fernandezadvocats.es\/wp-content\/uploads\/2025\/08\/selling-and-insuring-a-home-or-car-2025-03-09-01-11-29-utc-1.jpg","type":"image\/jpeg"}],"author":"mrclickbarcelona@gmail.com","twitter_card":"summary_large_image","twitter_misc":{"Escrito por":"mrclickbarcelona@gmail.com","Tiempo de lectura":"7 minutos"},"schema":{"@context":"https:\/\/schema.org","@graph":[{"@type":"Article","@id":"https:\/\/fernandezadvocats.es\/es\/reclamacion-danos-perjuicios-comunero-poseedor-finca-coopropietarios\/#article","isPartOf":{"@id":"https:\/\/fernandezadvocats.es\/es\/reclamacion-danos-perjuicios-comunero-poseedor-finca-coopropietarios\/"},"author":{"name":"mrclickbarcelona@gmail.com","@id":"https:\/\/fernandezadvocats.es\/#\/schema\/person\/8ee482a071b4b039d55e3b5981b20a98"},"headline":"La reclamaci\u00f3n de da\u00f1os y perjuicios al comunero poseedor de la finca por parte del resto de copropietarios","datePublished":"2025-08-11T11:24:06+00:00","dateModified":"2026-01-21T17:01:32+00:00","mainEntityOfPage":{"@id":"https:\/\/fernandezadvocats.es\/es\/reclamacion-danos-perjuicios-comunero-poseedor-finca-coopropietarios\/"},"wordCount":1345,"publisher":{"@id":"https:\/\/fernandezadvocats.es\/#organization"},"image":{"@id":"https:\/\/fernandezadvocats.es\/es\/reclamacion-danos-perjuicios-comunero-poseedor-finca-coopropietarios\/#primaryimage"},"thumbnailUrl":"https:\/\/fernandezadvocats.es\/wp-content\/uploads\/2025\/08\/selling-and-insuring-a-home-or-car-2025-03-09-01-11-29-utc-1.jpg","articleSection":["Art\u00edculos FA","Derecho Civil","Derecho Inmobiliario","Jurisprudencia"],"inLanguage":"es"},{"@type":"WebPage","@id":"https:\/\/fernandezadvocats.es\/es\/reclamacion-danos-perjuicios-comunero-poseedor-finca-coopropietarios\/","url":"https:\/\/fernandezadvocats.es\/es\/reclamacion-danos-perjuicios-comunero-poseedor-finca-coopropietarios\/","name":"La reclamaci\u00f3n de da\u00f1os y perjuicios al comunero poseedor de la finca por parte del resto de copropietarios | Fern\u00e1ndez Advocats","isPartOf":{"@id":"https:\/\/fernandezadvocats.es\/#website"},"primaryImageOfPage":{"@id":"https:\/\/fernandezadvocats.es\/es\/reclamacion-danos-perjuicios-comunero-poseedor-finca-coopropietarios\/#primaryimage"},"image":{"@id":"https:\/\/fernandezadvocats.es\/es\/reclamacion-danos-perjuicios-comunero-poseedor-finca-coopropietarios\/#primaryimage"},"thumbnailUrl":"https:\/\/fernandezadvocats.es\/wp-content\/uploads\/2025\/08\/selling-and-insuring-a-home-or-car-2025-03-09-01-11-29-utc-1.jpg","datePublished":"2025-08-11T11:24:06+00:00","dateModified":"2026-01-21T17:01:32+00:00","description":"Reclama tu parte si un comunero poseedor de finca impide tu uso: derechos, jurisprudencia y c\u00f3mo obtener indemnizaci\u00f3n.","breadcrumb":{"@id":"https:\/\/fernandezadvocats.es\/es\/reclamacion-danos-perjuicios-comunero-poseedor-finca-coopropietarios\/#breadcrumb"},"inLanguage":"es","potentialAction":[{"@type":"ReadAction","target":["https:\/\/fernandezadvocats.es\/es\/reclamacion-danos-perjuicios-comunero-poseedor-finca-coopropietarios\/"]}]},{"@type":"ImageObject","inLanguage":"es","@id":"https:\/\/fernandezadvocats.es\/es\/reclamacion-danos-perjuicios-comunero-poseedor-finca-coopropietarios\/#primaryimage","url":"https:\/\/fernandezadvocats.es\/wp-content\/uploads\/2025\/08\/selling-and-insuring-a-home-or-car-2025-03-09-01-11-29-utc-1.jpg","contentUrl":"https:\/\/fernandezadvocats.es\/wp-content\/uploads\/2025\/08\/selling-and-insuring-a-home-or-car-2025-03-09-01-11-29-utc-1.jpg","width":1471,"height":859,"caption":"danys i perjudicis al comuner posse\u00efdor de la finca"},{"@type":"BreadcrumbList","@id":"https:\/\/fernandezadvocats.es\/es\/reclamacion-danos-perjuicios-comunero-poseedor-finca-coopropietarios\/#breadcrumb","itemListElement":[{"@type":"ListItem","position":1,"name":"Portada","item":"https:\/\/fernandezadvocats.es\/es\/fernandez-advocats-berga\/"},{"@type":"ListItem","position":2,"name":"La reclamaci\u00f3n de da\u00f1os y perjuicios al comunero poseedor de la finca por parte del resto de copropietarios"}]},{"@type":"WebSite","@id":"https:\/\/fernandezadvocats.es\/#website","url":"https:\/\/fernandezadvocats.es\/","name":"Fern\u00e1ndez Advocats","description":"Advocats Berga i Barcelona","publisher":{"@id":"https:\/\/fernandezadvocats.es\/#organization"},"alternateName":"Abogados Berga y Bracelona","potentialAction":[{"@type":"SearchAction","target":{"@type":"EntryPoint","urlTemplate":"https:\/\/fernandezadvocats.es\/?s={search_term_string}"},"query-input":{"@type":"PropertyValueSpecification","valueRequired":true,"valueName":"search_term_string"}}],"inLanguage":"es"},{"@type":"Organization","@id":"https:\/\/fernandezadvocats.es\/#organization","name":"Fern\u00e1ndez Advocats","url":"https:\/\/fernandezadvocats.es\/","logo":{"@type":"ImageObject","inLanguage":"es","@id":"https:\/\/fernandezadvocats.es\/#\/schema\/logo\/image\/","url":"https:\/\/fernandezadvocats.es\/wp-content\/uploads\/2024\/11\/cropped-BF-e1731427554424.png","contentUrl":"https:\/\/fernandezadvocats.es\/wp-content\/uploads\/2024\/11\/cropped-BF-e1731427554424.png","width":512,"height":512,"caption":"Fern\u00e1ndez Advocats"},"image":{"@id":"https:\/\/fernandezadvocats.es\/#\/schema\/logo\/image\/"}},{"@type":"Person","@id":"https:\/\/fernandezadvocats.es\/#\/schema\/person\/8ee482a071b4b039d55e3b5981b20a98","name":"mrclickbarcelona@gmail.com","image":{"@type":"ImageObject","inLanguage":"es","@id":"https:\/\/fernandezadvocats.es\/#\/schema\/person\/image\/","url":"https:\/\/secure.gravatar.com\/avatar\/e16cc9a830d1a221b9e83b040154617903c650598282d145b5b76cdcb02f009e?s=96&d=mm&r=g","contentUrl":"https:\/\/secure.gravatar.com\/avatar\/e16cc9a830d1a221b9e83b040154617903c650598282d145b5b76cdcb02f009e?s=96&d=mm&r=g","caption":"mrclickbarcelona@gmail.com"},"url":"https:\/\/fernandezadvocats.es\/es\/author\/mrclickbarcelonagmail-com\/"}]}},"_links":{"self":[{"href":"https:\/\/fernandezadvocats.es\/es\/wp-json\/wp\/v2\/posts\/253430","targetHints":{"allow":["GET"]}}],"collection":[{"href":"https:\/\/fernandezadvocats.es\/es\/wp-json\/wp\/v2\/posts"}],"about":[{"href":"https:\/\/fernandezadvocats.es\/es\/wp-json\/wp\/v2\/types\/post"}],"author":[{"embeddable":true,"href":"https:\/\/fernandezadvocats.es\/es\/wp-json\/wp\/v2\/users\/19"}],"replies":[{"embeddable":true,"href":"https:\/\/fernandezadvocats.es\/es\/wp-json\/wp\/v2\/comments?post=253430"}],"version-history":[{"count":1,"href":"https:\/\/fernandezadvocats.es\/es\/wp-json\/wp\/v2\/posts\/253430\/revisions"}],"predecessor-version":[{"id":253431,"href":"https:\/\/fernandezadvocats.es\/es\/wp-json\/wp\/v2\/posts\/253430\/revisions\/253431"}],"wp:featuredmedia":[{"embeddable":true,"href":"https:\/\/fernandezadvocats.es\/es\/wp-json\/wp\/v2\/media\/253426"}],"wp:attachment":[{"href":"https:\/\/fernandezadvocats.es\/es\/wp-json\/wp\/v2\/media?parent=253430"}],"wp:term":[{"taxonomy":"category","embeddable":true,"href":"https:\/\/fernandezadvocats.es\/es\/wp-json\/wp\/v2\/categories?post=253430"},{"taxonomy":"post_tag","embeddable":true,"href":"https:\/\/fernandezadvocats.es\/es\/wp-json\/wp\/v2\/tags?post=253430"}],"curies":[{"name":"wp","href":"https:\/\/api.w.org\/{rel}","templated":true}]}}