{"id":253459,"date":"2025-08-21T18:01:03","date_gmt":"2025-08-21T16:01:03","guid":{"rendered":"https:\/\/fernandezadvocats.es\/?p=253459"},"modified":"2026-01-21T17:59:12","modified_gmt":"2026-01-21T16:59:12","slug":"abogados-derecho-civil-berga-reclamaciones-contratos-proteccion-particulares","status":"publish","type":"post","link":"https:\/\/fernandezadvocats.es\/es\/abogados-derecho-civil-berga-reclamaciones-contratos-proteccion-particulares\/","title":{"rendered":"Abogados especialistas en Derecho Civil en Berga: Reclamaciones, contratos y protecci\u00f3n legal del particular"},"content":{"rendered":"<p><span style=\"font-weight: 400;\">El derecho civil es la rama del ordenamiento jur\u00eddico que regula las relaciones entre particulares: personas, familias, comunidades o empresas en su faceta privada. Desde Fern\u00e1ndez Advocats, como despacho de abogados con sede en <\/span><b>Berga<\/b><span style=\"font-weight: 400;\">, ofrecemos un servicio especializado y pr\u00f3ximo para atender todas aquellas cuestiones civiles que afectan al d\u00eda a d\u00eda de nuestros clientes.<\/span><\/p>\n<p><span style=\"font-weight: 400;\">Ya sea en materia de <\/span><b>reclamaciones econ\u00f3micas<\/b><span style=\"font-weight: 400;\">, <\/span><b>conflictos contractuales<\/b><span style=\"font-weight: 400;\">, <\/span><b>herencias<\/b><span style=\"font-weight: 400;\">, <\/span><b>propiedad horizontal<\/b><span style=\"font-weight: 400;\">, o <\/span><b>responsabilidad civil<\/b><span style=\"font-weight: 400;\">, nuestro equipo de <\/span><b>abogados civilistas en Berga<\/b><span style=\"font-weight: 400;\"> proporciona asesoramiento jur\u00eddico riguroso, eficiente y personalizado.<\/span><\/p>\n<h2><b>\u00bfQu\u00e9 cubre el Derecho Civil?<\/b><\/h2>\n<p><span style=\"font-weight: 400;\">El derecho civil es una de las \u00e1reas m\u00e1s amplias del derecho, y engloba cuestiones fundamentales como:<\/span><\/p>\n<ul>\n<li style=\"font-weight: 400;\" aria-level=\"1\"><span style=\"font-weight: 400;\">Obligaciones y contratos<\/span><\/li>\n<li style=\"font-weight: 400;\" aria-level=\"1\"><span style=\"font-weight: 400;\">Propiedad y derechos reales<\/span><\/li>\n<li style=\"font-weight: 400;\" aria-level=\"1\"><span style=\"font-weight: 400;\">Reclamaciones de cantidad<\/span><\/li>\n<li style=\"font-weight: 400;\" aria-level=\"1\"><span style=\"font-weight: 400;\">Da\u00f1os y perjuicios<\/span><\/li>\n<li style=\"font-weight: 400;\" aria-level=\"1\"><span style=\"font-weight: 400;\">Herencias y sucesiones<\/span><\/li>\n<li style=\"font-weight: 400;\" aria-level=\"1\"><span style=\"font-weight: 400;\">Derecho de familia<\/span><\/li>\n<li style=\"font-weight: 400;\" aria-level=\"1\"><span style=\"font-weight: 400;\">Propiedad horizontal y comunidades<\/span><\/li>\n<li style=\"font-weight: 400;\" aria-level=\"1\"><span style=\"font-weight: 400;\">Capacidad jur\u00eddica y representaci\u00f3n legal<\/span><\/li>\n<\/ul>\n<p><span style=\"font-weight: 400;\">Gracias a esta amplitud, es com\u00fan que cualquier persona, en alg\u00fan momento de su vida, necesite el apoyo de un abogado especializado en esta materia.<\/span><\/p>\n<h2><b>Contratos civiles: redacci\u00f3n, revisi\u00f3n y reclamaci\u00f3n<\/b><\/h2>\n<p><span style=\"font-weight: 400;\">En Fern\u00e1ndez Advocats elaboramos y revisamos todo tipo de <\/span><b>contratos civiles<\/b><span style=\"font-weight: 400;\">, asegurando que se ajusten a la legalidad y protejan los intereses de nuestros clientes.<\/span><\/p>\n<p><span style=\"font-weight: 400;\">Adem\u00e1s, cuando se produce un <\/span><b>incumplimiento contractual<\/b><span style=\"font-weight: 400;\">, asesoramos en la <\/span><b>v\u00eda amistosa o judicial<\/b><span style=\"font-weight: 400;\"> para reclamar el cumplimiento del acuerdo, exigir la resoluci\u00f3n del contrato o solicitar indemnizaci\u00f3n por da\u00f1os.<\/span><\/p>\n<p><span style=\"font-weight: 400;\">Trabajamos con contratos de:<\/span><\/p>\n<ul>\n<li style=\"font-weight: 400;\" aria-level=\"1\"><span style=\"font-weight: 400;\">Compraventa de bienes muebles e inmuebles<\/span><\/li>\n<li style=\"font-weight: 400;\" aria-level=\"1\"><span style=\"font-weight: 400;\">Arrendamientos de vivienda y local<\/span><\/li>\n<li style=\"font-weight: 400;\" aria-level=\"1\"><span style=\"font-weight: 400;\">Contratos de pr\u00e9stamo, dep\u00f3sito, donaci\u00f3n<\/span><\/li>\n<li style=\"font-weight: 400;\" aria-level=\"1\"><span style=\"font-weight: 400;\">Contratos de prestaci\u00f3n de servicios<\/span><\/li>\n<\/ul>\n<h2><b>Reclamaciones civiles: deudas, da\u00f1os y perjuicios<\/b><\/h2>\n<p><span style=\"font-weight: 400;\">Una parte esencial de nuestro trabajo es la <\/span><b>reclamaci\u00f3n de deudas<\/b><span style=\"font-weight: 400;\"> derivadas de pr\u00e9stamos, impagos de alquileres o servicios. Contamos con experiencia en procesos monitorios, ordinarios y ejecutivos.<\/span><\/p>\n<p><span style=\"font-weight: 400;\">Tambi\u00e9n asesoramos a clientes que han sufrido un da\u00f1o por acci\u00f3n u omisi\u00f3n de un tercero \u2014sea persona f\u00edsica o jur\u00eddica\u2014 en procesos por <\/span><b>responsabilidad civil contractual o extracontractual<\/b><span style=\"font-weight: 400;\">.<\/span><\/p>\n<p><span style=\"font-weight: 400;\">Ejemplos frecuentes incluyen:<\/span><\/p>\n<ul>\n<li style=\"font-weight: 400;\" aria-level=\"1\"><span style=\"font-weight: 400;\">Accidentes con da\u00f1os personales o materiales<\/span><\/li>\n<li style=\"font-weight: 400;\" aria-level=\"1\"><span style=\"font-weight: 400;\">Da\u00f1os por obras mal ejecutadas<\/span><\/li>\n<li style=\"font-weight: 400;\" aria-level=\"1\"><span style=\"font-weight: 400;\">Incumplimientos contractuales que generan perjuicios econ\u00f3micos<\/span><\/li>\n<li style=\"font-weight: 400;\" aria-level=\"1\"><span style=\"font-weight: 400;\">Da\u00f1os causados por vecinos o comunidades<\/span><\/li>\n<\/ul>\n<h2><b>Herencias, sucesiones y testamentos<\/b><\/h2>\n<p><span style=\"font-weight: 400;\">El <\/span><b>derecho sucesorio<\/b><span style=\"font-weight: 400;\"> forma parte integral del derecho civil. En Fern\u00e1ndez Advocats ayudamos tanto en la <\/span><b>planificaci\u00f3n hereditaria<\/b><span style=\"font-weight: 400;\"> \u2014redacci\u00f3n de testamentos, pactos sucesorios, donaciones en vida\u2014 como en la <\/span><b>gesti\u00f3n de herencias<\/b><span style=\"font-weight: 400;\"> tras el fallecimiento.<\/span><\/p>\n<p><span style=\"font-weight: 400;\">Asistimos en procedimientos notariales, aceptaci\u00f3n de herencia, partici\u00f3n, colaciones y leg\u00edtimas. Tambi\u00e9n intervenimos en conflictos entre herederos o en <\/span><b>impugnaciones de testamentos<\/b><span style=\"font-weight: 400;\">.<\/span><\/p>\n<p><span style=\"font-weight: 400;\">En el caso de clientes de Catalu\u00f1a, aplicamos las particularidades del <\/span><b>derecho civil catal\u00e1n<\/b><span style=\"font-weight: 400;\"> en materia de sucesiones.<\/span><\/p>\n<h2><b>Propiedad horizontal y conflictos vecinales<\/b><\/h2>\n<p><span style=\"font-weight: 400;\">Las relaciones dentro de comunidades de propietarios pueden dar lugar a <\/span><b>disputas jur\u00eddicas<\/b><span style=\"font-weight: 400;\"> que requieren asesoramiento t\u00e9cnico y legal.<\/span><\/p>\n<p><span style=\"font-weight: 400;\">Asistimos a nuestros clientes en asuntos como:<\/span><\/p>\n<ul>\n<li style=\"font-weight: 400;\" aria-level=\"1\"><span style=\"font-weight: 400;\">Impugnaci\u00f3n de acuerdos comunitarios<\/span><\/li>\n<li style=\"font-weight: 400;\" aria-level=\"1\"><span style=\"font-weight: 400;\">Reclamaciones por filtraciones o da\u00f1os<\/span><\/li>\n<li style=\"font-weight: 400;\" aria-level=\"1\"><span style=\"font-weight: 400;\">Obligaciones de pago de cuotas<\/span><\/li>\n<li style=\"font-weight: 400;\" aria-level=\"1\"><span style=\"font-weight: 400;\">Reclamaciones entre vecinos<\/span><\/li>\n<\/ul>\n<p><span style=\"font-weight: 400;\">Nuestra experiencia nos permite intervenir tanto en representaci\u00f3n individual como colectiva, velando por los derechos de los propietarios afectados.<\/span><\/p>\n<h2><b>Defensa procesal en procedimientos civiles<\/b><\/h2>\n<p><span style=\"font-weight: 400;\">Cuando no es posible resolver el conflicto de forma amistosa, nuestros abogados civilistas en Berga representan a los clientes ante los juzgados y tribunales civiles.<\/span><\/p>\n<ul>\n<li style=\"font-weight: 400;\" aria-level=\"1\"><span style=\"font-weight: 400;\">Procedimientos monitorios y cambiarios<\/span><\/li>\n<li style=\"font-weight: 400;\" aria-level=\"1\"><span style=\"font-weight: 400;\">Juicios ordinarios y verbales<\/span><\/li>\n<li style=\"font-weight: 400;\" aria-level=\"1\"><span style=\"font-weight: 400;\">Ejecuciones de sentencia<\/span><\/li>\n<li style=\"font-weight: 400;\" aria-level=\"1\"><span style=\"font-weight: 400;\">Incidentes procesales<\/span><\/li>\n<\/ul>\n<p><span style=\"font-weight: 400;\">Nuestra intervenci\u00f3n se basa en una <\/span><b>estrategia legal clara<\/b><span style=\"font-weight: 400;\">, una defensa rigurosa de los intereses del cliente y una gesti\u00f3n transparente del procedimiento.<\/span><\/p>\n<h2><b>Un equipo cercano, eficaz y multidisciplinar<\/b><\/h2>\n<p><span style=\"font-weight: 400;\">En Fern\u00e1ndez Advocats creemos que el asesoramiento legal debe ser <\/span><b>accesible, comprensible y eficaz<\/b><span style=\"font-weight: 400;\">. Nuestro equipo de derecho civil colabora con otros departamentos del despacho (derecho penal, laboral, administrativo, etc.) para ofrecer una visi\u00f3n completa del problema legal.<\/span><\/p>\n<p><span style=\"font-weight: 400;\">Ya sea en un conflicto familiar, una disputa contractual o una herencia complicada, proporcionamos la <\/span><b>seguridad jur\u00eddica<\/b><span style=\"font-weight: 400;\"> que cada cliente necesita.<\/span><\/p>\n<h2><b>Reclama y protege tus derechos<\/b><\/h2>\n<p><span style=\"font-weight: 400;\">Si resides en Berga o comarcas cercanas y necesitas <\/span><b>asesoramiento en derecho civil<\/b><span style=\"font-weight: 400;\">, contacta con Fern\u00e1ndez Advocats. Estamos comprometidos con la defensa de tus derechos como particular, con profesionalidad y proximidad.<\/span><\/p>\n","protected":false},"excerpt":{"rendered":"<p>El derecho civil es la rama del ordenamiento jur\u00eddico que regula las relaciones entre particulares: personas, familias, comunidades o empresas en su faceta privada. Desde Fern\u00e1ndez Advocats, como despacho de abogados con sede en Berga, ofrecemos un servicio especializado y pr\u00f3ximo para atender todas aquellas cuestiones civiles que afectan al d\u00eda a d\u00eda de nuestros [&hellip;]<\/p>\n","protected":false},"author":19,"featured_media":238455,"comment_status":"closed","ping_status":"closed","sticky":false,"template":"","format":"standard","meta":{"_et_pb_use_builder":"","_et_pb_old_content":"","_et_gb_content_width":"","footnotes":""},"categories":[28,40],"tags":[],"class_list":["post-253459","post","type-post","status-publish","format-standard","has-post-thumbnail","hentry","category-articulos-fa","category-derecho-civil"],"yoast_head":"<!-- This site is optimized with the Yoast SEO plugin v27.1.1 - https:\/\/yoast.com\/product\/yoast-seo-wordpress\/ -->\n<title>Abogados Derecho Civil Berga: Contratos, Reclamaciones, Defensa<\/title>\n<meta name=\"description\" content=\"Abogados especializados en derecho civil en Berga. Te asesoramos en herencias, reclamaciones, contratos y disputas legales con rigor y cercan\u00eda\" \/>\n<meta name=\"robots\" content=\"index, follow, max-snippet:-1, max-image-preview:large, max-video-preview:-1\" \/>\n<link rel=\"canonical\" href=\"https:\/\/fernandezadvocats.es\/es\/abogados-derecho-civil-berga-reclamaciones-contratos-proteccion-particulares\/\" \/>\n<meta property=\"og:locale\" content=\"es_ES\" \/>\n<meta property=\"og:type\" content=\"article\" \/>\n<meta property=\"og:title\" content=\"Abogados Derecho Civil Berga: Contratos, Reclamaciones, Defensa\" \/>\n<meta property=\"og:description\" content=\"Abogados especializados en derecho civil en Berga. Te asesoramos en herencias, reclamaciones, contratos y disputas legales con rigor y cercan\u00eda\" \/>\n<meta property=\"og:url\" content=\"https:\/\/fernandezadvocats.es\/es\/abogados-derecho-civil-berga-reclamaciones-contratos-proteccion-particulares\/\" \/>\n<meta property=\"og:site_name\" content=\"Fern\u00e1ndez Advocats\" \/>\n<meta property=\"article:published_time\" content=\"2025-08-21T16:01:03+00:00\" \/>\n<meta property=\"article:modified_time\" content=\"2026-01-21T16:59:12+00:00\" \/>\n<meta property=\"og:image\" content=\"https:\/\/fernandezadvocats.es\/wp-content\/uploads\/2025\/01\/employer-or-committee-holding-reading-a-resume-wit-2024-10-17-00-17-04-utc-scaled.jpg\" \/>\n\t<meta property=\"og:image:width\" content=\"2560\" \/>\n\t<meta property=\"og:image:height\" content=\"1440\" \/>\n\t<meta property=\"og:image:type\" content=\"image\/jpeg\" \/>\n<meta name=\"author\" content=\"mrclickbarcelona@gmail.com\" \/>\n<meta name=\"twitter:card\" content=\"summary_large_image\" \/>\n<meta name=\"twitter:label1\" content=\"Escrito por\" \/>\n\t<meta name=\"twitter:data1\" content=\"mrclickbarcelona@gmail.com\" \/>\n\t<meta name=\"twitter:label2\" content=\"Tiempo de lectura\" \/>\n\t<meta name=\"twitter:data2\" content=\"4 minutos\" \/>\n<script type=\"application\/ld+json\" class=\"yoast-schema-graph\">{\"@context\":\"https:\/\/schema.org\",\"@graph\":[{\"@type\":\"Article\",\"@id\":\"https:\/\/fernandezadvocats.es\/es\/abogados-derecho-civil-berga-reclamaciones-contratos-proteccion-particulares\/#article\",\"isPartOf\":{\"@id\":\"https:\/\/fernandezadvocats.es\/es\/abogados-derecho-civil-berga-reclamaciones-contratos-proteccion-particulares\/\"},\"author\":{\"name\":\"mrclickbarcelona@gmail.com\",\"@id\":\"https:\/\/fernandezadvocats.es\/#\/schema\/person\/8ee482a071b4b039d55e3b5981b20a98\"},\"headline\":\"Abogados especialistas en Derecho Civil en Berga: Reclamaciones, contratos y protecci\u00f3n legal del particular\",\"datePublished\":\"2025-08-21T16:01:03+00:00\",\"dateModified\":\"2026-01-21T16:59:12+00:00\",\"mainEntityOfPage\":{\"@id\":\"https:\/\/fernandezadvocats.es\/es\/abogados-derecho-civil-berga-reclamaciones-contratos-proteccion-particulares\/\"},\"wordCount\":723,\"publisher\":{\"@id\":\"https:\/\/fernandezadvocats.es\/#organization\"},\"image\":{\"@id\":\"https:\/\/fernandezadvocats.es\/es\/abogados-derecho-civil-berga-reclamaciones-contratos-proteccion-particulares\/#primaryimage\"},\"thumbnailUrl\":\"https:\/\/fernandezadvocats.es\/wp-content\/uploads\/2025\/01\/employer-or-committee-holding-reading-a-resume-wit-2024-10-17-00-17-04-utc-scaled.jpg\",\"articleSection\":[\"Art\u00edculos FA\",\"Derecho Civil\"],\"inLanguage\":\"es\"},{\"@type\":\"WebPage\",\"@id\":\"https:\/\/fernandezadvocats.es\/es\/abogados-derecho-civil-berga-reclamaciones-contratos-proteccion-particulares\/\",\"url\":\"https:\/\/fernandezadvocats.es\/es\/abogados-derecho-civil-berga-reclamaciones-contratos-proteccion-particulares\/\",\"name\":\"Abogados Derecho Civil Berga: Contratos, Reclamaciones, Defensa\",\"isPartOf\":{\"@id\":\"https:\/\/fernandezadvocats.es\/#website\"},\"primaryImageOfPage\":{\"@id\":\"https:\/\/fernandezadvocats.es\/es\/abogados-derecho-civil-berga-reclamaciones-contratos-proteccion-particulares\/#primaryimage\"},\"image\":{\"@id\":\"https:\/\/fernandezadvocats.es\/es\/abogados-derecho-civil-berga-reclamaciones-contratos-proteccion-particulares\/#primaryimage\"},\"thumbnailUrl\":\"https:\/\/fernandezadvocats.es\/wp-content\/uploads\/2025\/01\/employer-or-committee-holding-reading-a-resume-wit-2024-10-17-00-17-04-utc-scaled.jpg\",\"datePublished\":\"2025-08-21T16:01:03+00:00\",\"dateModified\":\"2026-01-21T16:59:12+00:00\",\"description\":\"Abogados especializados en derecho civil en Berga. Te asesoramos en herencias, reclamaciones, contratos y disputas legales con rigor y cercan\u00eda\",\"breadcrumb\":{\"@id\":\"https:\/\/fernandezadvocats.es\/es\/abogados-derecho-civil-berga-reclamaciones-contratos-proteccion-particulares\/#breadcrumb\"},\"inLanguage\":\"es\",\"potentialAction\":[{\"@type\":\"ReadAction\",\"target\":[\"https:\/\/fernandezadvocats.es\/es\/abogados-derecho-civil-berga-reclamaciones-contratos-proteccion-particulares\/\"]}]},{\"@type\":\"ImageObject\",\"inLanguage\":\"es\",\"@id\":\"https:\/\/fernandezadvocats.es\/es\/abogados-derecho-civil-berga-reclamaciones-contratos-proteccion-particulares\/#primaryimage\",\"url\":\"https:\/\/fernandezadvocats.es\/wp-content\/uploads\/2025\/01\/employer-or-committee-holding-reading-a-resume-wit-2024-10-17-00-17-04-utc-scaled.jpg\",\"contentUrl\":\"https:\/\/fernandezadvocats.es\/wp-content\/uploads\/2025\/01\/employer-or-committee-holding-reading-a-resume-wit-2024-10-17-00-17-04-utc-scaled.jpg\",\"width\":2560,\"height\":1440,\"caption\":\"Employer or committee holding reading a resume with talking during about his profile of candidate, employer in suit is conducting a job interview, manager resource employment and recruitment concept.\"},{\"@type\":\"BreadcrumbList\",\"@id\":\"https:\/\/fernandezadvocats.es\/es\/abogados-derecho-civil-berga-reclamaciones-contratos-proteccion-particulares\/#breadcrumb\",\"itemListElement\":[{\"@type\":\"ListItem\",\"position\":1,\"name\":\"Portada\",\"item\":\"https:\/\/fernandezadvocats.es\/es\/fernandez-advocats-berga\/\"},{\"@type\":\"ListItem\",\"position\":2,\"name\":\"Abogados especialistas en Derecho Civil en Berga: Reclamaciones, contratos y protecci\u00f3n legal del particular\"}]},{\"@type\":\"WebSite\",\"@id\":\"https:\/\/fernandezadvocats.es\/#website\",\"url\":\"https:\/\/fernandezadvocats.es\/\",\"name\":\"Fern\u00e1ndez Advocats\",\"description\":\"Advocats Berga i Barcelona\",\"publisher\":{\"@id\":\"https:\/\/fernandezadvocats.es\/#organization\"},\"alternateName\":\"Abogados Berga y Bracelona\",\"potentialAction\":[{\"@type\":\"SearchAction\",\"target\":{\"@type\":\"EntryPoint\",\"urlTemplate\":\"https:\/\/fernandezadvocats.es\/?s={search_term_string}\"},\"query-input\":{\"@type\":\"PropertyValueSpecification\",\"valueRequired\":true,\"valueName\":\"search_term_string\"}}],\"inLanguage\":\"es\"},{\"@type\":\"Organization\",\"@id\":\"https:\/\/fernandezadvocats.es\/#organization\",\"name\":\"Fern\u00e1ndez Advocats\",\"url\":\"https:\/\/fernandezadvocats.es\/\",\"logo\":{\"@type\":\"ImageObject\",\"inLanguage\":\"es\",\"@id\":\"https:\/\/fernandezadvocats.es\/#\/schema\/logo\/image\/\",\"url\":\"https:\/\/fernandezadvocats.es\/wp-content\/uploads\/2024\/11\/cropped-BF-e1731427554424.png\",\"contentUrl\":\"https:\/\/fernandezadvocats.es\/wp-content\/uploads\/2024\/11\/cropped-BF-e1731427554424.png\",\"width\":512,\"height\":512,\"caption\":\"Fern\u00e1ndez Advocats\"},\"image\":{\"@id\":\"https:\/\/fernandezadvocats.es\/#\/schema\/logo\/image\/\"}},{\"@type\":\"Person\",\"@id\":\"https:\/\/fernandezadvocats.es\/#\/schema\/person\/8ee482a071b4b039d55e3b5981b20a98\",\"name\":\"mrclickbarcelona@gmail.com\",\"image\":{\"@type\":\"ImageObject\",\"inLanguage\":\"es\",\"@id\":\"https:\/\/fernandezadvocats.es\/#\/schema\/person\/image\/\",\"url\":\"https:\/\/secure.gravatar.com\/avatar\/e16cc9a830d1a221b9e83b040154617903c650598282d145b5b76cdcb02f009e?s=96&d=mm&r=g\",\"contentUrl\":\"https:\/\/secure.gravatar.com\/avatar\/e16cc9a830d1a221b9e83b040154617903c650598282d145b5b76cdcb02f009e?s=96&d=mm&r=g\",\"caption\":\"mrclickbarcelona@gmail.com\"},\"url\":\"https:\/\/fernandezadvocats.es\/es\/author\/mrclickbarcelonagmail-com\/\"}]}<\/script>\n<!-- \/ Yoast SEO plugin. -->","yoast_head_json":{"title":"Abogados Derecho Civil Berga: Contratos, Reclamaciones, Defensa","description":"Abogados especializados en derecho civil en Berga. Te asesoramos en herencias, reclamaciones, contratos y disputas legales con rigor y cercan\u00eda","robots":{"index":"index","follow":"follow","max-snippet":"max-snippet:-1","max-image-preview":"max-image-preview:large","max-video-preview":"max-video-preview:-1"},"canonical":"https:\/\/fernandezadvocats.es\/es\/abogados-derecho-civil-berga-reclamaciones-contratos-proteccion-particulares\/","og_locale":"es_ES","og_type":"article","og_title":"Abogados Derecho Civil Berga: Contratos, Reclamaciones, Defensa","og_description":"Abogados especializados en derecho civil en Berga. Te asesoramos en herencias, reclamaciones, contratos y disputas legales con rigor y cercan\u00eda","og_url":"https:\/\/fernandezadvocats.es\/es\/abogados-derecho-civil-berga-reclamaciones-contratos-proteccion-particulares\/","og_site_name":"Fern\u00e1ndez Advocats","article_published_time":"2025-08-21T16:01:03+00:00","article_modified_time":"2026-01-21T16:59:12+00:00","og_image":[{"width":2560,"height":1440,"url":"https:\/\/fernandezadvocats.es\/wp-content\/uploads\/2025\/01\/employer-or-committee-holding-reading-a-resume-wit-2024-10-17-00-17-04-utc-scaled.jpg","type":"image\/jpeg"}],"author":"mrclickbarcelona@gmail.com","twitter_card":"summary_large_image","twitter_misc":{"Escrito por":"mrclickbarcelona@gmail.com","Tiempo de lectura":"4 minutos"},"schema":{"@context":"https:\/\/schema.org","@graph":[{"@type":"Article","@id":"https:\/\/fernandezadvocats.es\/es\/abogados-derecho-civil-berga-reclamaciones-contratos-proteccion-particulares\/#article","isPartOf":{"@id":"https:\/\/fernandezadvocats.es\/es\/abogados-derecho-civil-berga-reclamaciones-contratos-proteccion-particulares\/"},"author":{"name":"mrclickbarcelona@gmail.com","@id":"https:\/\/fernandezadvocats.es\/#\/schema\/person\/8ee482a071b4b039d55e3b5981b20a98"},"headline":"Abogados especialistas en Derecho Civil en Berga: Reclamaciones, contratos y protecci\u00f3n legal del particular","datePublished":"2025-08-21T16:01:03+00:00","dateModified":"2026-01-21T16:59:12+00:00","mainEntityOfPage":{"@id":"https:\/\/fernandezadvocats.es\/es\/abogados-derecho-civil-berga-reclamaciones-contratos-proteccion-particulares\/"},"wordCount":723,"publisher":{"@id":"https:\/\/fernandezadvocats.es\/#organization"},"image":{"@id":"https:\/\/fernandezadvocats.es\/es\/abogados-derecho-civil-berga-reclamaciones-contratos-proteccion-particulares\/#primaryimage"},"thumbnailUrl":"https:\/\/fernandezadvocats.es\/wp-content\/uploads\/2025\/01\/employer-or-committee-holding-reading-a-resume-wit-2024-10-17-00-17-04-utc-scaled.jpg","articleSection":["Art\u00edculos FA","Derecho Civil"],"inLanguage":"es"},{"@type":"WebPage","@id":"https:\/\/fernandezadvocats.es\/es\/abogados-derecho-civil-berga-reclamaciones-contratos-proteccion-particulares\/","url":"https:\/\/fernandezadvocats.es\/es\/abogados-derecho-civil-berga-reclamaciones-contratos-proteccion-particulares\/","name":"Abogados Derecho Civil Berga: Contratos, Reclamaciones, Defensa","isPartOf":{"@id":"https:\/\/fernandezadvocats.es\/#website"},"primaryImageOfPage":{"@id":"https:\/\/fernandezadvocats.es\/es\/abogados-derecho-civil-berga-reclamaciones-contratos-proteccion-particulares\/#primaryimage"},"image":{"@id":"https:\/\/fernandezadvocats.es\/es\/abogados-derecho-civil-berga-reclamaciones-contratos-proteccion-particulares\/#primaryimage"},"thumbnailUrl":"https:\/\/fernandezadvocats.es\/wp-content\/uploads\/2025\/01\/employer-or-committee-holding-reading-a-resume-wit-2024-10-17-00-17-04-utc-scaled.jpg","datePublished":"2025-08-21T16:01:03+00:00","dateModified":"2026-01-21T16:59:12+00:00","description":"Abogados especializados en derecho civil en Berga. Te asesoramos en herencias, reclamaciones, contratos y disputas legales con rigor y cercan\u00eda","breadcrumb":{"@id":"https:\/\/fernandezadvocats.es\/es\/abogados-derecho-civil-berga-reclamaciones-contratos-proteccion-particulares\/#breadcrumb"},"inLanguage":"es","potentialAction":[{"@type":"ReadAction","target":["https:\/\/fernandezadvocats.es\/es\/abogados-derecho-civil-berga-reclamaciones-contratos-proteccion-particulares\/"]}]},{"@type":"ImageObject","inLanguage":"es","@id":"https:\/\/fernandezadvocats.es\/es\/abogados-derecho-civil-berga-reclamaciones-contratos-proteccion-particulares\/#primaryimage","url":"https:\/\/fernandezadvocats.es\/wp-content\/uploads\/2025\/01\/employer-or-committee-holding-reading-a-resume-wit-2024-10-17-00-17-04-utc-scaled.jpg","contentUrl":"https:\/\/fernandezadvocats.es\/wp-content\/uploads\/2025\/01\/employer-or-committee-holding-reading-a-resume-wit-2024-10-17-00-17-04-utc-scaled.jpg","width":2560,"height":1440,"caption":"Employer or committee holding reading a resume with talking during about his profile of candidate, employer in suit is conducting a job interview, manager resource employment and recruitment concept."},{"@type":"BreadcrumbList","@id":"https:\/\/fernandezadvocats.es\/es\/abogados-derecho-civil-berga-reclamaciones-contratos-proteccion-particulares\/#breadcrumb","itemListElement":[{"@type":"ListItem","position":1,"name":"Portada","item":"https:\/\/fernandezadvocats.es\/es\/fernandez-advocats-berga\/"},{"@type":"ListItem","position":2,"name":"Abogados especialistas en Derecho Civil en Berga: Reclamaciones, contratos y protecci\u00f3n legal del particular"}]},{"@type":"WebSite","@id":"https:\/\/fernandezadvocats.es\/#website","url":"https:\/\/fernandezadvocats.es\/","name":"Fern\u00e1ndez Advocats","description":"Advocats Berga i Barcelona","publisher":{"@id":"https:\/\/fernandezadvocats.es\/#organization"},"alternateName":"Abogados Berga y Bracelona","potentialAction":[{"@type":"SearchAction","target":{"@type":"EntryPoint","urlTemplate":"https:\/\/fernandezadvocats.es\/?s={search_term_string}"},"query-input":{"@type":"PropertyValueSpecification","valueRequired":true,"valueName":"search_term_string"}}],"inLanguage":"es"},{"@type":"Organization","@id":"https:\/\/fernandezadvocats.es\/#organization","name":"Fern\u00e1ndez Advocats","url":"https:\/\/fernandezadvocats.es\/","logo":{"@type":"ImageObject","inLanguage":"es","@id":"https:\/\/fernandezadvocats.es\/#\/schema\/logo\/image\/","url":"https:\/\/fernandezadvocats.es\/wp-content\/uploads\/2024\/11\/cropped-BF-e1731427554424.png","contentUrl":"https:\/\/fernandezadvocats.es\/wp-content\/uploads\/2024\/11\/cropped-BF-e1731427554424.png","width":512,"height":512,"caption":"Fern\u00e1ndez Advocats"},"image":{"@id":"https:\/\/fernandezadvocats.es\/#\/schema\/logo\/image\/"}},{"@type":"Person","@id":"https:\/\/fernandezadvocats.es\/#\/schema\/person\/8ee482a071b4b039d55e3b5981b20a98","name":"mrclickbarcelona@gmail.com","image":{"@type":"ImageObject","inLanguage":"es","@id":"https:\/\/fernandezadvocats.es\/#\/schema\/person\/image\/","url":"https:\/\/secure.gravatar.com\/avatar\/e16cc9a830d1a221b9e83b040154617903c650598282d145b5b76cdcb02f009e?s=96&d=mm&r=g","contentUrl":"https:\/\/secure.gravatar.com\/avatar\/e16cc9a830d1a221b9e83b040154617903c650598282d145b5b76cdcb02f009e?s=96&d=mm&r=g","caption":"mrclickbarcelona@gmail.com"},"url":"https:\/\/fernandezadvocats.es\/es\/author\/mrclickbarcelonagmail-com\/"}]}},"_links":{"self":[{"href":"https:\/\/fernandezadvocats.es\/es\/wp-json\/wp\/v2\/posts\/253459","targetHints":{"allow":["GET"]}}],"collection":[{"href":"https:\/\/fernandezadvocats.es\/es\/wp-json\/wp\/v2\/posts"}],"about":[{"href":"https:\/\/fernandezadvocats.es\/es\/wp-json\/wp\/v2\/types\/post"}],"author":[{"embeddable":true,"href":"https:\/\/fernandezadvocats.es\/es\/wp-json\/wp\/v2\/users\/19"}],"replies":[{"embeddable":true,"href":"https:\/\/fernandezadvocats.es\/es\/wp-json\/wp\/v2\/comments?post=253459"}],"version-history":[{"count":3,"href":"https:\/\/fernandezadvocats.es\/es\/wp-json\/wp\/v2\/posts\/253459\/revisions"}],"predecessor-version":[{"id":254250,"href":"https:\/\/fernandezadvocats.es\/es\/wp-json\/wp\/v2\/posts\/253459\/revisions\/254250"}],"wp:featuredmedia":[{"embeddable":true,"href":"https:\/\/fernandezadvocats.es\/es\/wp-json\/wp\/v2\/media\/238455"}],"wp:attachment":[{"href":"https:\/\/fernandezadvocats.es\/es\/wp-json\/wp\/v2\/media?parent=253459"}],"wp:term":[{"taxonomy":"category","embeddable":true,"href":"https:\/\/fernandezadvocats.es\/es\/wp-json\/wp\/v2\/categories?post=253459"},{"taxonomy":"post_tag","embeddable":true,"href":"https:\/\/fernandezadvocats.es\/es\/wp-json\/wp\/v2\/tags?post=253459"}],"curies":[{"name":"wp","href":"https:\/\/api.w.org\/{rel}","templated":true}]}}