{"id":253494,"date":"2025-09-04T10:00:43","date_gmt":"2025-09-04T08:00:43","guid":{"rendered":"https:\/\/fernandezadvocats.es\/?p=253494"},"modified":"2026-01-21T17:47:03","modified_gmt":"2026-01-21T16:47:03","slug":"asesoramiento-derecho-urbanistico-berga","status":"publish","type":"post","link":"https:\/\/fernandezadvocats.es\/es\/asesoramiento-derecho-urbanistico-berga\/","title":{"rendered":"Asesoramiento en Derecho Urban\u00edstico en Berga: Soluciones Jur\u00eddicas para Licencias, Suelo y Planeamiento"},"content":{"rendered":"<p><span style=\"font-weight: 400;\">En <\/span><b>Fern\u00e1ndez Advocats<\/b><span style=\"font-weight: 400;\">, despacho con sede en <\/span><b>Berga<\/b><span style=\"font-weight: 400;\">, somos especialistas en <\/span><b>derecho urban\u00edstico e inmobiliario<\/b><span style=\"font-weight: 400;\">, con m\u00e1s de 40 a\u00f1os de experiencia en la defensa de los intereses de <\/span><b>particulares, promotores inmobiliarios, arquitectos y entidades p\u00fablicas<\/b><span style=\"font-weight: 400;\">. Nuestro objetivo es ayudarte a navegar con seguridad en un \u00e1mbito jur\u00eddico tan complejo como es el de la <\/span><b>normativa urban\u00edstica catalana<\/b><span style=\"font-weight: 400;\">, ofreciendo un <\/span><b>asesoramiento legal riguroso, cercano y adaptado a cada caso<\/b><span style=\"font-weight: 400;\">.<\/span><\/p>\n<p><span style=\"font-weight: 400;\">Ya sea para obtener una <\/span><b>licencia de obras<\/b><span style=\"font-weight: 400;\">, regularizar una construcci\u00f3n, impugnar un plan urban\u00edstico o defenderte ante un expediente sancionador, nuestro equipo pone a tu disposici\u00f3n un <\/span><b>servicio integral en derecho urban\u00edstico en Berga y comarca<\/b><span style=\"font-weight: 400;\">.<\/span><\/p>\n<h3><b>Servicios en derecho urban\u00edstico e inmobiliario<\/b><\/h3>\n<h4><b>Tramitaci\u00f3n y defensa en licencias urban\u00edsticas<\/b><\/h4>\n<p><span style=\"font-weight: 400;\">Nos encargamos de todo el procedimiento relacionado con la <\/span><b>solicitud, revisi\u00f3n, obtenci\u00f3n y defensa de licencias urban\u00edsticas<\/b><span style=\"font-weight: 400;\">, tanto para <\/span><b>obras mayores como menores<\/b><span style=\"font-weight: 400;\">, cambios de uso o licencias de actividad. Te asesoramos desde el dise\u00f1o del proyecto junto al arquitecto t\u00e9cnico hasta la obtenci\u00f3n del permiso municipal, revisando la <\/span><b>conformidad urban\u00edstica con el planeamiento vigente<\/b><span style=\"font-weight: 400;\"> y evitando posibles nulidades o sanciones futuras.<\/span><\/p>\n<p><span style=\"font-weight: 400;\">Si ya se ha denegado la licencia, analizamos las causas legales y redactamos el <\/span><b>recurso administrativo o contencioso-administrativo<\/b><span style=\"font-weight: 400;\"> correspondiente, defendiendo tus derechos frente al <\/span><b>Ayuntamiento o cualquier \u00f3rgano urban\u00edstico competente<\/b><span style=\"font-weight: 400;\">.<\/span><\/p>\n<h4><b>Clasificaci\u00f3n del suelo y planeamiento urban\u00edstico<\/b><\/h4>\n<p><span style=\"font-weight: 400;\">Uno de los aspectos clave del derecho urban\u00edstico es la <\/span><b>determinaci\u00f3n del r\u00e9gimen del suelo<\/b><span style=\"font-weight: 400;\">: urbano, urbanizable o r\u00fastico. Estudiamos la <\/span><b>calificaci\u00f3n urban\u00edstica<\/b><span style=\"font-weight: 400;\"> de tu finca y te asesoramos sobre su potencial edificable, la normativa aplicable y los requisitos urban\u00edsticos que podr\u00edan condicionar tu proyecto.<\/span><\/p>\n<p><span style=\"font-weight: 400;\">Asistimos en procesos de <\/span><b>revisi\u00f3n de planes generales o parciales<\/b><span style=\"font-weight: 400;\">, <\/span><b>alegaciones a modificaciones urban\u00edsticas<\/b><span style=\"font-weight: 400;\">, <\/span><b>informes de viabilidad<\/b><span style=\"font-weight: 400;\">, y te ayudamos a interpretar el <\/span><b>PGOU, POUM, normas subsidiarias o planeamiento sectorial<\/b><span style=\"font-weight: 400;\">, actuando como puente entre tu iniciativa y la Administraci\u00f3n urban\u00edstica.<\/span><\/p>\n<h4><b>Regularizaci\u00f3n de construcciones y disciplina urban\u00edstica<\/b><\/h4>\n<p><span style=\"font-weight: 400;\">Si te enfrentas a un <\/span><b>expediente de disciplina urban\u00edstica<\/b><span style=\"font-weight: 400;\"> (por obras ilegales, ampliaciones no autorizadas o incumplimiento de licencias), intervenimos para analizar la legalidad del procedimiento, defenderte frente a \u00f3rdenes de <\/span><b>paralizaci\u00f3n, demolici\u00f3n o sanci\u00f3n econ\u00f3mica<\/b><span style=\"font-weight: 400;\">, y buscar alternativas de <\/span><b>legalizaci\u00f3n o prescripci\u00f3n<\/b><span style=\"font-weight: 400;\">.<\/span><\/p>\n<p><span style=\"font-weight: 400;\">Nuestra intervenci\u00f3n combina <\/span><b>conocimiento t\u00e9cnico y jur\u00eddico<\/b><span style=\"font-weight: 400;\"> para proteger tu inversi\u00f3n inmobiliaria ante resoluciones administrativas que puedan vulnerar tus derechos.<\/span><\/p>\n<h4><b>Redacci\u00f3n de informes y dict\u00e1menes urban\u00edsticos<\/b><\/h4>\n<p><span style=\"font-weight: 400;\">Redactamos <\/span><b>dict\u00e1menes jur\u00eddicos urban\u00edsticos e inmobiliarios<\/b><span style=\"font-weight: 400;\"> para apoyar decisiones estrat\u00e9gicas, compraventas, inversiones o procesos judiciales. Analizamos la legislaci\u00f3n auton\u00f3mica y municipal, los usos del suelo, servidumbres, cargas y afecciones urban\u00edsticas para ofrecer un documento claro, riguroso y defendible ante cualquier autoridad u operador jur\u00eddico.<\/span><\/p>\n<p><span style=\"font-weight: 400;\">Estos informes son especialmente \u00fatiles para <\/span><b>constructores, inversores, t\u00e9cnicos o propietarios<\/b><span style=\"font-weight: 400;\"> que necesitan certidumbre legal antes de actuar.<\/span><\/p>\n<h4><b>Recursos administrativos y contencioso-administrativos<\/b><\/h4>\n<p><span style=\"font-weight: 400;\">Si la v\u00eda administrativa no resuelve el conflicto, presentamos <\/span><b>recursos contencioso-administrativos ante los juzgados competentes<\/b><span style=\"font-weight: 400;\">, impugnando resoluciones que afecten tu derecho a construir, explotar o conservar una propiedad. Nuestra experiencia incluye <\/span><b>planes urban\u00edsticos, licencias, \u00f3rdenes de demolici\u00f3n, expropiaciones y sanciones<\/b><span style=\"font-weight: 400;\">.<\/span><\/p>\n<p><span style=\"font-weight: 400;\">En Fern\u00e1ndez Advocats te representamos en todas las fases: <\/span><b>desde la reclamaci\u00f3n previa hasta el procedimiento judicial completo<\/b><span style=\"font-weight: 400;\">, con un enfoque estrat\u00e9gico y t\u00e9cnicamente s\u00f3lido.<\/span><\/p>\n<h4><b>Convenios y protocolos urban\u00edsticos<\/b><\/h4>\n<p><span style=\"font-weight: 400;\">Asesoramos y redactamos <\/span><b>convenios urban\u00edsticos de colaboraci\u00f3n<\/b><span style=\"font-weight: 400;\"> entre particulares y administraciones, as\u00ed como protocolos interadministrativos para asegurar proyectos urban\u00edsticos complejos. Nuestro objetivo es garantizar <\/span><b>seguridad jur\u00eddica, equilibrio entre las partes y cumplimiento de la normativa<\/b><span style=\"font-weight: 400;\"> en cada proyecto.<\/span><\/p>\n<h3><b>C\u00f3mo trabajamos en Fern\u00e1ndez Advocats<\/b><\/h3>\n<h4><b>Diagn\u00f3stico legal personalizado<\/b><\/h4>\n<p><span style=\"font-weight: 400;\">Realizamos un <\/span><b>an\u00e1lisis exhaustivo del expediente urban\u00edstico o inmobiliario<\/b><span style=\"font-weight: 400;\">, valorando el historial de la propiedad, normativa vigente, planeamiento urban\u00edstico aplicable y actos administrativos que afecten a tu caso. Esta fase es clave para ofrecerte una <\/span><b>hoja de ruta legal adaptada<\/b><span style=\"font-weight: 400;\"> y decisiones informadas.<\/span><\/p>\n<h4><b>Estrategia preventiva para promotores y propietarios<\/b><\/h4>\n<p><span style=\"font-weight: 400;\">Prevenir conflictos con la Administraci\u00f3n Urban\u00edstica es fundamental. Por eso ofrecemos <\/span><b>consultor\u00eda legal preventiva<\/b><span style=\"font-weight: 400;\"> en fase de proyecto o de compra de terrenos, verificando desde el primer momento la viabilidad jur\u00eddica de la operaci\u00f3n y sus l\u00edmites urban\u00edsticos.<\/span><\/p>\n<h4><b>Representaci\u00f3n integral<\/b><\/h4>\n<p><span style=\"font-weight: 400;\">Actuamos como <\/span><b>interlocutores directos frente a las administraciones locales, auton\u00f3micas o estatales<\/b><span style=\"font-weight: 400;\">, gestionando expedientes urban\u00edsticos, defendiendo tus intereses en recursos, asesor\u00e1ndote en juntas de compensaci\u00f3n, reparcelaciones y desarrollos urban\u00edsticos.<\/span><\/p>\n<h3><b>\u00bfPor qu\u00e9 confiar en nosotros?<\/b><\/h3>\n<ul>\n<li style=\"font-weight: 400;\" aria-level=\"1\"><span style=\"font-weight: 400;\">M\u00e1s de 40 a\u00f1os de experiencia en derecho p\u00fablico, inmobiliario y urban\u00edstico.<\/span><\/li>\n<li style=\"font-weight: 400;\" aria-level=\"1\"><span style=\"font-weight: 400;\">Conocimiento pr\u00e1ctico del <\/span><b>funcionamiento de los departamentos de urbanismo municipales<\/b><span style=\"font-weight: 400;\">.<\/span><\/li>\n<li style=\"font-weight: 400;\" aria-level=\"1\"><span style=\"font-weight: 400;\">Coordinaci\u00f3n con t\u00e9cnicos urbanistas, arquitectos e ingenieros.<\/span><\/li>\n<li style=\"font-weight: 400;\" aria-level=\"1\"><span style=\"font-weight: 400;\">Despacho con fuerte implantaci\u00f3n en <\/span><b>Berga y comarca<\/b><span style=\"font-weight: 400;\">.<\/span><\/li>\n<li style=\"font-weight: 400;\" aria-level=\"1\"><span style=\"font-weight: 400;\">Enfoque multidisciplinar: integramos \u00e1reas de derecho civil, contencioso y administrativo.<\/span><\/li>\n<\/ul>\n<h2><b>Un equipo experto, cercano y multidisciplinar<\/b><\/h2>\n<p><span style=\"font-weight: 400;\">En <\/span><b>Fern\u00e1ndez Advocats<\/b><span style=\"font-weight: 400;\"> creemos que el <\/span><b>asesoramiento urban\u00edstico<\/b><span style=\"font-weight: 400;\"> debe ser claro, accesible y eficaz. Nuestro equipo especializado en <\/span><b>derecho urban\u00edstico e inmobiliario<\/b><span style=\"font-weight: 400;\"> trabaja de forma coordinada con los departamentos de <\/span><b>derecho administrativo, civil, contencioso y mercantil<\/b><span style=\"font-weight: 400;\">, para ofrecer una visi\u00f3n legal completa y estrat\u00e9gica en cada caso.<\/span><\/p>\n<p><span style=\"font-weight: 400;\">Ya se trate de una <\/span><b>licencia urban\u00edstica denegada<\/b><span style=\"font-weight: 400;\">, una <\/span><b>modificaci\u00f3n de planeamiento<\/b><span style=\"font-weight: 400;\">, un <\/span><b>expediente de demolici\u00f3n<\/b><span style=\"font-weight: 400;\"> o un <\/span><b>proyecto de desarrollo inmobiliario<\/b><span style=\"font-weight: 400;\">, te ofrecemos la <\/span><b>seguridad jur\u00eddica<\/b><span style=\"font-weight: 400;\"> que necesitas para avanzar con garant\u00edas.<\/span><\/p>\n<h2><b>Protege tu inversi\u00f3n. Defiende tus derechos<\/b><\/h2>\n<p><span style=\"font-weight: 400;\">Si resides en <\/span><b>Berga o comarcas cercanas<\/b><span style=\"font-weight: 400;\"> y necesitas <\/span><b>asesoramiento legal en materia urban\u00edstica<\/b><span style=\"font-weight: 400;\">, contacta con <\/span><b>Fern\u00e1ndez Advocats<\/b><span style=\"font-weight: 400;\">. Estamos comprometidos con la defensa de tus derechos como <\/span><b>particular, t\u00e9cnico o promotor inmobiliario<\/b><span style=\"font-weight: 400;\">, actuando con <\/span><b>rigor, compromiso y cercan\u00eda<\/b><span style=\"font-weight: 400;\">.<\/span><\/p>\n<p><span style=\"font-weight: 400;\">\u00a0<\/span><b>Solicita una consulta legal<\/b><span style=\"font-weight: 400;\"> con nuestro equipo experto en derecho urban\u00edstico. Estamos aqu\u00ed para ayudarte.<\/span><\/p>\n","protected":false},"excerpt":{"rendered":"<p>En Fern\u00e1ndez Advocats, despacho con sede en Berga, somos especialistas en derecho urban\u00edstico e inmobiliario, con m\u00e1s de 40 a\u00f1os de experiencia en la defensa de los intereses de particulares, promotores inmobiliarios, arquitectos y entidades p\u00fablicas. Nuestro objetivo es ayudarte a navegar con seguridad en un \u00e1mbito jur\u00eddico tan complejo como es el de la [&hellip;]<\/p>\n","protected":false},"author":19,"featured_media":252987,"comment_status":"closed","ping_status":"closed","sticky":false,"template":"","format":"standard","meta":{"_et_pb_use_builder":"","_et_pb_old_content":"","_et_gb_content_width":"","footnotes":""},"categories":[28,131,141],"tags":[],"class_list":["post-253494","post","type-post","status-publish","format-standard","has-post-thumbnail","hentry","category-articulos-fa","category-derecho-administrativo","category-derecho-urbanistico"],"yoast_head":"<!-- This site is optimized with the Yoast SEO plugin v27.1.1 - https:\/\/yoast.com\/product\/yoast-seo-wordpress\/ -->\n<title>Asesoramiento en Derecho Urban\u00edstico en Berga: Soluciones jur\u00eddicas<\/title>\n<meta name=\"description\" content=\"Expertos en derecho urban\u00edstico en Berga. Licencias, suelo, planeamiento y defensa legal con m\u00e1s de 40 a\u00f1os de experiencia.\" \/>\n<meta name=\"robots\" content=\"index, follow, max-snippet:-1, max-image-preview:large, max-video-preview:-1\" \/>\n<link rel=\"canonical\" href=\"https:\/\/fernandezadvocats.es\/es\/asesoramiento-derecho-urbanistico-berga\/\" \/>\n<meta property=\"og:locale\" content=\"es_ES\" \/>\n<meta property=\"og:type\" content=\"article\" \/>\n<meta property=\"og:title\" content=\"Asesoramiento en Derecho Urban\u00edstico en Berga: Soluciones jur\u00eddicas\" \/>\n<meta property=\"og:description\" content=\"Expertos en derecho urban\u00edstico en Berga. Licencias, suelo, planeamiento y defensa legal con m\u00e1s de 40 a\u00f1os de experiencia.\" \/>\n<meta property=\"og:url\" content=\"https:\/\/fernandezadvocats.es\/es\/asesoramiento-derecho-urbanistico-berga\/\" \/>\n<meta property=\"og:site_name\" content=\"Fern\u00e1ndez Advocats\" \/>\n<meta property=\"article:published_time\" content=\"2025-09-04T08:00:43+00:00\" \/>\n<meta property=\"article:modified_time\" content=\"2026-01-21T16:47:03+00:00\" \/>\n<meta property=\"og:image\" content=\"https:\/\/fernandezadvocats.es\/wp-content\/uploads\/2025\/06\/new-home-buyers-are-signing-a-home-purchase-contra-2024-12-05-14-26-03-utc-1-min-1-scaled.jpg\" \/>\n\t<meta property=\"og:image:width\" content=\"2560\" \/>\n\t<meta property=\"og:image:height\" content=\"1707\" \/>\n\t<meta property=\"og:image:type\" content=\"image\/jpeg\" \/>\n<meta name=\"author\" content=\"mrclickbarcelona@gmail.com\" \/>\n<meta name=\"twitter:card\" content=\"summary_large_image\" \/>\n<meta name=\"twitter:label1\" content=\"Escrito por\" \/>\n\t<meta name=\"twitter:data1\" content=\"mrclickbarcelona@gmail.com\" \/>\n\t<meta name=\"twitter:label2\" content=\"Tiempo de lectura\" \/>\n\t<meta name=\"twitter:data2\" content=\"5 minutos\" \/>\n<script type=\"application\/ld+json\" class=\"yoast-schema-graph\">{\"@context\":\"https:\/\/schema.org\",\"@graph\":[{\"@type\":\"Article\",\"@id\":\"https:\/\/fernandezadvocats.es\/es\/asesoramiento-derecho-urbanistico-berga\/#article\",\"isPartOf\":{\"@id\":\"https:\/\/fernandezadvocats.es\/es\/asesoramiento-derecho-urbanistico-berga\/\"},\"author\":{\"name\":\"mrclickbarcelona@gmail.com\",\"@id\":\"https:\/\/fernandezadvocats.es\/#\/schema\/person\/8ee482a071b4b039d55e3b5981b20a98\"},\"headline\":\"Asesoramiento en Derecho Urban\u00edstico en Berga: Soluciones Jur\u00eddicas para Licencias, Suelo y Planeamiento\",\"datePublished\":\"2025-09-04T08:00:43+00:00\",\"dateModified\":\"2026-01-21T16:47:03+00:00\",\"mainEntityOfPage\":{\"@id\":\"https:\/\/fernandezadvocats.es\/es\/asesoramiento-derecho-urbanistico-berga\/\"},\"wordCount\":1002,\"publisher\":{\"@id\":\"https:\/\/fernandezadvocats.es\/#organization\"},\"image\":{\"@id\":\"https:\/\/fernandezadvocats.es\/es\/asesoramiento-derecho-urbanistico-berga\/#primaryimage\"},\"thumbnailUrl\":\"https:\/\/fernandezadvocats.es\/wp-content\/uploads\/2025\/06\/new-home-buyers-are-signing-a-home-purchase-contra-2024-12-05-14-26-03-utc-1-min-1-scaled.jpg\",\"articleSection\":[\"Art\u00edculos FA\",\"Derecho Administrativo\",\"Derecho Urban\u00edstico\"],\"inLanguage\":\"es\"},{\"@type\":\"WebPage\",\"@id\":\"https:\/\/fernandezadvocats.es\/es\/asesoramiento-derecho-urbanistico-berga\/\",\"url\":\"https:\/\/fernandezadvocats.es\/es\/asesoramiento-derecho-urbanistico-berga\/\",\"name\":\"Asesoramiento en Derecho Urban\u00edstico en Berga: Soluciones jur\u00eddicas\",\"isPartOf\":{\"@id\":\"https:\/\/fernandezadvocats.es\/#website\"},\"primaryImageOfPage\":{\"@id\":\"https:\/\/fernandezadvocats.es\/es\/asesoramiento-derecho-urbanistico-berga\/#primaryimage\"},\"image\":{\"@id\":\"https:\/\/fernandezadvocats.es\/es\/asesoramiento-derecho-urbanistico-berga\/#primaryimage\"},\"thumbnailUrl\":\"https:\/\/fernandezadvocats.es\/wp-content\/uploads\/2025\/06\/new-home-buyers-are-signing-a-home-purchase-contra-2024-12-05-14-26-03-utc-1-min-1-scaled.jpg\",\"datePublished\":\"2025-09-04T08:00:43+00:00\",\"dateModified\":\"2026-01-21T16:47:03+00:00\",\"description\":\"Expertos en derecho urban\u00edstico en Berga. Licencias, suelo, planeamiento y defensa legal con m\u00e1s de 40 a\u00f1os de experiencia.\",\"breadcrumb\":{\"@id\":\"https:\/\/fernandezadvocats.es\/es\/asesoramiento-derecho-urbanistico-berga\/#breadcrumb\"},\"inLanguage\":\"es\",\"potentialAction\":[{\"@type\":\"ReadAction\",\"target\":[\"https:\/\/fernandezadvocats.es\/es\/asesoramiento-derecho-urbanistico-berga\/\"]}]},{\"@type\":\"ImageObject\",\"inLanguage\":\"es\",\"@id\":\"https:\/\/fernandezadvocats.es\/es\/asesoramiento-derecho-urbanistico-berga\/#primaryimage\",\"url\":\"https:\/\/fernandezadvocats.es\/wp-content\/uploads\/2025\/06\/new-home-buyers-are-signing-a-home-purchase-contra-2024-12-05-14-26-03-utc-1-min-1-scaled.jpg\",\"contentUrl\":\"https:\/\/fernandezadvocats.es\/wp-content\/uploads\/2025\/06\/new-home-buyers-are-signing-a-home-purchase-contra-2024-12-05-14-26-03-utc-1-min-1-scaled.jpg\",\"width\":2560,\"height\":1707,\"caption\":\"derecho urban\u00edstico\"},{\"@type\":\"BreadcrumbList\",\"@id\":\"https:\/\/fernandezadvocats.es\/es\/asesoramiento-derecho-urbanistico-berga\/#breadcrumb\",\"itemListElement\":[{\"@type\":\"ListItem\",\"position\":1,\"name\":\"Portada\",\"item\":\"https:\/\/fernandezadvocats.es\/es\/fernandez-advocats-berga\/\"},{\"@type\":\"ListItem\",\"position\":2,\"name\":\"Asesoramiento en Derecho Urban\u00edstico en Berga: Soluciones Jur\u00eddicas para Licencias, Suelo y Planeamiento\"}]},{\"@type\":\"WebSite\",\"@id\":\"https:\/\/fernandezadvocats.es\/#website\",\"url\":\"https:\/\/fernandezadvocats.es\/\",\"name\":\"Fern\u00e1ndez Advocats\",\"description\":\"Advocats Berga i Barcelona\",\"publisher\":{\"@id\":\"https:\/\/fernandezadvocats.es\/#organization\"},\"alternateName\":\"Abogados Berga y Bracelona\",\"potentialAction\":[{\"@type\":\"SearchAction\",\"target\":{\"@type\":\"EntryPoint\",\"urlTemplate\":\"https:\/\/fernandezadvocats.es\/?s={search_term_string}\"},\"query-input\":{\"@type\":\"PropertyValueSpecification\",\"valueRequired\":true,\"valueName\":\"search_term_string\"}}],\"inLanguage\":\"es\"},{\"@type\":\"Organization\",\"@id\":\"https:\/\/fernandezadvocats.es\/#organization\",\"name\":\"Fern\u00e1ndez Advocats\",\"url\":\"https:\/\/fernandezadvocats.es\/\",\"logo\":{\"@type\":\"ImageObject\",\"inLanguage\":\"es\",\"@id\":\"https:\/\/fernandezadvocats.es\/#\/schema\/logo\/image\/\",\"url\":\"https:\/\/fernandezadvocats.es\/wp-content\/uploads\/2024\/11\/cropped-BF-e1731427554424.png\",\"contentUrl\":\"https:\/\/fernandezadvocats.es\/wp-content\/uploads\/2024\/11\/cropped-BF-e1731427554424.png\",\"width\":512,\"height\":512,\"caption\":\"Fern\u00e1ndez Advocats\"},\"image\":{\"@id\":\"https:\/\/fernandezadvocats.es\/#\/schema\/logo\/image\/\"}},{\"@type\":\"Person\",\"@id\":\"https:\/\/fernandezadvocats.es\/#\/schema\/person\/8ee482a071b4b039d55e3b5981b20a98\",\"name\":\"mrclickbarcelona@gmail.com\",\"image\":{\"@type\":\"ImageObject\",\"inLanguage\":\"es\",\"@id\":\"https:\/\/fernandezadvocats.es\/#\/schema\/person\/image\/\",\"url\":\"https:\/\/secure.gravatar.com\/avatar\/e16cc9a830d1a221b9e83b040154617903c650598282d145b5b76cdcb02f009e?s=96&d=mm&r=g\",\"contentUrl\":\"https:\/\/secure.gravatar.com\/avatar\/e16cc9a830d1a221b9e83b040154617903c650598282d145b5b76cdcb02f009e?s=96&d=mm&r=g\",\"caption\":\"mrclickbarcelona@gmail.com\"},\"url\":\"https:\/\/fernandezadvocats.es\/es\/author\/mrclickbarcelonagmail-com\/\"}]}<\/script>\n<!-- \/ Yoast SEO plugin. -->","yoast_head_json":{"title":"Asesoramiento en Derecho Urban\u00edstico en Berga: Soluciones jur\u00eddicas","description":"Expertos en derecho urban\u00edstico en Berga. Licencias, suelo, planeamiento y defensa legal con m\u00e1s de 40 a\u00f1os de experiencia.","robots":{"index":"index","follow":"follow","max-snippet":"max-snippet:-1","max-image-preview":"max-image-preview:large","max-video-preview":"max-video-preview:-1"},"canonical":"https:\/\/fernandezadvocats.es\/es\/asesoramiento-derecho-urbanistico-berga\/","og_locale":"es_ES","og_type":"article","og_title":"Asesoramiento en Derecho Urban\u00edstico en Berga: Soluciones jur\u00eddicas","og_description":"Expertos en derecho urban\u00edstico en Berga. Licencias, suelo, planeamiento y defensa legal con m\u00e1s de 40 a\u00f1os de experiencia.","og_url":"https:\/\/fernandezadvocats.es\/es\/asesoramiento-derecho-urbanistico-berga\/","og_site_name":"Fern\u00e1ndez Advocats","article_published_time":"2025-09-04T08:00:43+00:00","article_modified_time":"2026-01-21T16:47:03+00:00","og_image":[{"width":2560,"height":1707,"url":"https:\/\/fernandezadvocats.es\/wp-content\/uploads\/2025\/06\/new-home-buyers-are-signing-a-home-purchase-contra-2024-12-05-14-26-03-utc-1-min-1-scaled.jpg","type":"image\/jpeg"}],"author":"mrclickbarcelona@gmail.com","twitter_card":"summary_large_image","twitter_misc":{"Escrito por":"mrclickbarcelona@gmail.com","Tiempo de lectura":"5 minutos"},"schema":{"@context":"https:\/\/schema.org","@graph":[{"@type":"Article","@id":"https:\/\/fernandezadvocats.es\/es\/asesoramiento-derecho-urbanistico-berga\/#article","isPartOf":{"@id":"https:\/\/fernandezadvocats.es\/es\/asesoramiento-derecho-urbanistico-berga\/"},"author":{"name":"mrclickbarcelona@gmail.com","@id":"https:\/\/fernandezadvocats.es\/#\/schema\/person\/8ee482a071b4b039d55e3b5981b20a98"},"headline":"Asesoramiento en Derecho Urban\u00edstico en Berga: Soluciones Jur\u00eddicas para Licencias, Suelo y Planeamiento","datePublished":"2025-09-04T08:00:43+00:00","dateModified":"2026-01-21T16:47:03+00:00","mainEntityOfPage":{"@id":"https:\/\/fernandezadvocats.es\/es\/asesoramiento-derecho-urbanistico-berga\/"},"wordCount":1002,"publisher":{"@id":"https:\/\/fernandezadvocats.es\/#organization"},"image":{"@id":"https:\/\/fernandezadvocats.es\/es\/asesoramiento-derecho-urbanistico-berga\/#primaryimage"},"thumbnailUrl":"https:\/\/fernandezadvocats.es\/wp-content\/uploads\/2025\/06\/new-home-buyers-are-signing-a-home-purchase-contra-2024-12-05-14-26-03-utc-1-min-1-scaled.jpg","articleSection":["Art\u00edculos FA","Derecho Administrativo","Derecho Urban\u00edstico"],"inLanguage":"es"},{"@type":"WebPage","@id":"https:\/\/fernandezadvocats.es\/es\/asesoramiento-derecho-urbanistico-berga\/","url":"https:\/\/fernandezadvocats.es\/es\/asesoramiento-derecho-urbanistico-berga\/","name":"Asesoramiento en Derecho Urban\u00edstico en Berga: Soluciones jur\u00eddicas","isPartOf":{"@id":"https:\/\/fernandezadvocats.es\/#website"},"primaryImageOfPage":{"@id":"https:\/\/fernandezadvocats.es\/es\/asesoramiento-derecho-urbanistico-berga\/#primaryimage"},"image":{"@id":"https:\/\/fernandezadvocats.es\/es\/asesoramiento-derecho-urbanistico-berga\/#primaryimage"},"thumbnailUrl":"https:\/\/fernandezadvocats.es\/wp-content\/uploads\/2025\/06\/new-home-buyers-are-signing-a-home-purchase-contra-2024-12-05-14-26-03-utc-1-min-1-scaled.jpg","datePublished":"2025-09-04T08:00:43+00:00","dateModified":"2026-01-21T16:47:03+00:00","description":"Expertos en derecho urban\u00edstico en Berga. Licencias, suelo, planeamiento y defensa legal con m\u00e1s de 40 a\u00f1os de experiencia.","breadcrumb":{"@id":"https:\/\/fernandezadvocats.es\/es\/asesoramiento-derecho-urbanistico-berga\/#breadcrumb"},"inLanguage":"es","potentialAction":[{"@type":"ReadAction","target":["https:\/\/fernandezadvocats.es\/es\/asesoramiento-derecho-urbanistico-berga\/"]}]},{"@type":"ImageObject","inLanguage":"es","@id":"https:\/\/fernandezadvocats.es\/es\/asesoramiento-derecho-urbanistico-berga\/#primaryimage","url":"https:\/\/fernandezadvocats.es\/wp-content\/uploads\/2025\/06\/new-home-buyers-are-signing-a-home-purchase-contra-2024-12-05-14-26-03-utc-1-min-1-scaled.jpg","contentUrl":"https:\/\/fernandezadvocats.es\/wp-content\/uploads\/2025\/06\/new-home-buyers-are-signing-a-home-purchase-contra-2024-12-05-14-26-03-utc-1-min-1-scaled.jpg","width":2560,"height":1707,"caption":"derecho urban\u00edstico"},{"@type":"BreadcrumbList","@id":"https:\/\/fernandezadvocats.es\/es\/asesoramiento-derecho-urbanistico-berga\/#breadcrumb","itemListElement":[{"@type":"ListItem","position":1,"name":"Portada","item":"https:\/\/fernandezadvocats.es\/es\/fernandez-advocats-berga\/"},{"@type":"ListItem","position":2,"name":"Asesoramiento en Derecho Urban\u00edstico en Berga: Soluciones Jur\u00eddicas para Licencias, Suelo y Planeamiento"}]},{"@type":"WebSite","@id":"https:\/\/fernandezadvocats.es\/#website","url":"https:\/\/fernandezadvocats.es\/","name":"Fern\u00e1ndez Advocats","description":"Advocats Berga i Barcelona","publisher":{"@id":"https:\/\/fernandezadvocats.es\/#organization"},"alternateName":"Abogados Berga y Bracelona","potentialAction":[{"@type":"SearchAction","target":{"@type":"EntryPoint","urlTemplate":"https:\/\/fernandezadvocats.es\/?s={search_term_string}"},"query-input":{"@type":"PropertyValueSpecification","valueRequired":true,"valueName":"search_term_string"}}],"inLanguage":"es"},{"@type":"Organization","@id":"https:\/\/fernandezadvocats.es\/#organization","name":"Fern\u00e1ndez Advocats","url":"https:\/\/fernandezadvocats.es\/","logo":{"@type":"ImageObject","inLanguage":"es","@id":"https:\/\/fernandezadvocats.es\/#\/schema\/logo\/image\/","url":"https:\/\/fernandezadvocats.es\/wp-content\/uploads\/2024\/11\/cropped-BF-e1731427554424.png","contentUrl":"https:\/\/fernandezadvocats.es\/wp-content\/uploads\/2024\/11\/cropped-BF-e1731427554424.png","width":512,"height":512,"caption":"Fern\u00e1ndez Advocats"},"image":{"@id":"https:\/\/fernandezadvocats.es\/#\/schema\/logo\/image\/"}},{"@type":"Person","@id":"https:\/\/fernandezadvocats.es\/#\/schema\/person\/8ee482a071b4b039d55e3b5981b20a98","name":"mrclickbarcelona@gmail.com","image":{"@type":"ImageObject","inLanguage":"es","@id":"https:\/\/fernandezadvocats.es\/#\/schema\/person\/image\/","url":"https:\/\/secure.gravatar.com\/avatar\/e16cc9a830d1a221b9e83b040154617903c650598282d145b5b76cdcb02f009e?s=96&d=mm&r=g","contentUrl":"https:\/\/secure.gravatar.com\/avatar\/e16cc9a830d1a221b9e83b040154617903c650598282d145b5b76cdcb02f009e?s=96&d=mm&r=g","caption":"mrclickbarcelona@gmail.com"},"url":"https:\/\/fernandezadvocats.es\/es\/author\/mrclickbarcelonagmail-com\/"}]}},"_links":{"self":[{"href":"https:\/\/fernandezadvocats.es\/es\/wp-json\/wp\/v2\/posts\/253494","targetHints":{"allow":["GET"]}}],"collection":[{"href":"https:\/\/fernandezadvocats.es\/es\/wp-json\/wp\/v2\/posts"}],"about":[{"href":"https:\/\/fernandezadvocats.es\/es\/wp-json\/wp\/v2\/types\/post"}],"author":[{"embeddable":true,"href":"https:\/\/fernandezadvocats.es\/es\/wp-json\/wp\/v2\/users\/19"}],"replies":[{"embeddable":true,"href":"https:\/\/fernandezadvocats.es\/es\/wp-json\/wp\/v2\/comments?post=253494"}],"version-history":[{"count":4,"href":"https:\/\/fernandezadvocats.es\/es\/wp-json\/wp\/v2\/posts\/253494\/revisions"}],"predecessor-version":[{"id":254244,"href":"https:\/\/fernandezadvocats.es\/es\/wp-json\/wp\/v2\/posts\/253494\/revisions\/254244"}],"wp:featuredmedia":[{"embeddable":true,"href":"https:\/\/fernandezadvocats.es\/es\/wp-json\/wp\/v2\/media\/252987"}],"wp:attachment":[{"href":"https:\/\/fernandezadvocats.es\/es\/wp-json\/wp\/v2\/media?parent=253494"}],"wp:term":[{"taxonomy":"category","embeddable":true,"href":"https:\/\/fernandezadvocats.es\/es\/wp-json\/wp\/v2\/categories?post=253494"},{"taxonomy":"post_tag","embeddable":true,"href":"https:\/\/fernandezadvocats.es\/es\/wp-json\/wp\/v2\/tags?post=253494"}],"curies":[{"name":"wp","href":"https:\/\/api.w.org\/{rel}","templated":true}]}}