{"id":253523,"date":"2025-09-16T09:52:11","date_gmt":"2025-09-16T07:52:11","guid":{"rendered":"https:\/\/fernandezadvocats.es\/?p=253523"},"modified":"2026-01-21T17:44:28","modified_gmt":"2026-01-21T16:44:28","slug":"lesiones-imprudencia-menos-grave-accidentes-trafico","status":"publish","type":"post","link":"https:\/\/fernandezadvocats.es\/es\/lesiones-imprudencia-menos-grave-accidentes-trafico\/","title":{"rendered":"El delito de lesiones por imprudencia menos grave en accidentes de circulaci\u00f3n de veh\u00edculos a motor"},"content":{"rendered":"<p><strong><a href=\"https:\/\/fernandezadvocats.es\/wp-content\/uploads\/2025\/09\/Articulo-lesiones-por-imprudencia-menos-grave.pdf\">DESCARGAR ART\u00cdCULO COMPLETO EN PDF.<br \/>\n<\/a><\/strong><\/p>\n<h3><b>Introducci\u00f3n<\/b><\/h3>\n<p><span style=\"font-weight: 400;\">La evoluci\u00f3n del Derecho penal espa\u00f1ol en materia de imprudencia ha experimentado en los \u00faltimos a\u00f1os una transformaci\u00f3n significativa, particularmente en lo que respecta a los delitos de tr\u00e1fico. La reforma introducida por la Ley Org\u00e1nica 11\/2022, de 13 de septiembre, se inscribe en esa tendencia, respondiendo a la necesidad de evitar vac\u00edos punitivos en supuestos en los que, pese a existir un resultado lesivo relevante, la jurisprudencia consideraba la conducta como mera imprudencia leve, lo que exclu\u00eda la responsabilidad penal.<\/span><\/p>\n<p><span style=\"font-weight: 400;\">Este trabajo tiene como objetivo analizar en profundidad el delito de lesiones por imprudencia menos grave regulado en el art\u00edculo 152.2 del C\u00f3digo Penal. El an\u00e1lisis doctrinal y jurisprudencial se centrar\u00e1 en los efectos de esta \u00faltima reforma, la delimitaci\u00f3n conceptual entre las distintas modalidades de imprudencia, y la interpretaci\u00f3n judicial de los requisitos estructurales del tipo penal. Asimismo, se abordar\u00e1n los efectos penol\u00f3gicos y procesales derivados de dicha reforma.<\/span><\/p>\n<h3><b>Evoluci\u00f3n normativa: del CP de 1995 a la LO 11\/2022<\/b><\/h3>\n<p><span style=\"font-weight: 400;\">Desde la entrada en vigor del C\u00f3digo Penal de 1995, la distinci\u00f3n entre imprudencia grave, menos grave y leve ha sido objeto de m\u00faltiples interpretaciones doctrinales y judiciales. Originalmente, solo se preve\u00eda la punibilidad de la imprudencia grave. La LO 15\/2003 introdujo por primera vez la posibilidad de penar tambi\u00e9n la imprudencia menos grave, aunque su aplicaci\u00f3n fue limitada.<\/span><\/p>\n<p><span style=\"font-weight: 400;\">Posteriormente, la LO 2\/2019 estableci\u00f3 un nuevo marco interpretativo, incluyendo presunciones de imprudencia grave en funci\u00f3n de la concurrencia de determinadas infracciones de tr\u00e1fico como el exceso de velocidad o la conducci\u00f3n bajo los efectos del alcohol o drogas (art. 379 CP). Esta reforma pretend\u00eda reducir la discrecionalidad judicial, pero sin eliminarla completamente.<\/span><\/p>\n<p><span style=\"font-weight: 400;\">La LO 11\/2022 va m\u00e1s all\u00e1 y establece una presunci\u00f3n legal de imprudencia menos grave cuando el resultado lesivo deriva de la comisi\u00f3n de una infracci\u00f3n administrativa grave de tr\u00e1fico. Ello implica una clara orientaci\u00f3n del legislador hacia la objetivaci\u00f3n de la imprudencia penal, al menos en el \u00e1mbito de la seguridad vial. La exposici\u00f3n de motivos de la ley destaca expresamente que no se pretende eliminar la facultad judicial de valorar la existencia de imprudencia o el nexo causal, pero s\u00ed se fija un umbral m\u00ednimo de respuesta penal ante ciertos comportamientos peligrosos al volante.<\/span><\/p>\n<h3><b>Elementos estructurales del tipo: imprudencia, resultado y nexo causal<\/b><\/h3>\n<p><span style=\"font-weight: 400;\">El delito de lesiones por imprudencia menos grave exige:<\/span><\/p>\n<ul>\n<li style=\"font-weight: 400;\" aria-level=\"1\"><span style=\"font-weight: 400;\">Una conducta que infrinja el deber objetivo de cuidado, entendida como aquella que, conforme a par\u00e1metros normativos o de experiencia com\u00fan, crea un riesgo jur\u00eddicamente desaprobado para bienes jur\u00eddicos ajenos.<\/span><\/li>\n<li style=\"font-weight: 400;\" aria-level=\"1\"><span style=\"font-weight: 400;\">Un resultado lesivo tipificado en el art. 147.1 CP (lesiones que requieren tratamiento m\u00e9dico o quir\u00fargico), o en los arts. 149 y 150 (lesiones graves o mutilaciones).<\/span><\/li>\n<li style=\"font-weight: 400;\" aria-level=\"1\"><span style=\"font-weight: 400;\">Una relaci\u00f3n causal entre la acci\u00f3n y el resultado, tanto en su dimensi\u00f3n natural\u00edstica como normativa (imputaci\u00f3n objetiva).<\/span><\/li>\n<\/ul>\n<p><span style=\"font-weight: 400;\">Doctrinalmente, la infracci\u00f3n del deber de cuidado se descompone en un deber interno (de prever el peligro) y uno externo (de evitar el resultado). El Tribunal Supremo ha reiterado que no toda infracci\u00f3n administrativa supone autom\u00e1ticamente una infracci\u00f3n penal (STS 1185\/1999, STS 561\/2002), aunque las normas de tr\u00e1fico pueden servir como criterio indiciario del contenido del deber de cuidado.<\/span><\/p>\n<p><span style=\"font-weight: 400;\">En cuanto a la imputaci\u00f3n objetiva, esta requiere que el resultado sea consecuencia del riesgo creado por la conducta del autor, riesgo que debe ser relevante ex ante, previsible y no permitido por el ordenamiento jur\u00eddico. Sentencias como la STS 598\/2013 y la STS 54\/2015 insisten en la exigencia de previsibilidad y evitabilidad del resultado para justificar la atribuci\u00f3n penal del mismo.<\/span><\/p>\n<h3><b>Jurisprudencia consolidada: interpretaci\u00f3n y l\u00edmites de la reforma<\/b><\/h3>\n<p><span style=\"font-weight: 400;\">La jurisprudencia del Tribunal Supremo ha contribuido de forma decisiva a clarificar los elementos del tipo imprudente y su relaci\u00f3n con las infracciones de tr\u00e1fico. Algunas sentencias clave:<\/span><\/p>\n<ul>\n<li style=\"font-weight: 400;\" aria-level=\"1\"><span style=\"font-weight: 400;\">STS 421\/2020: estableci\u00f3 que la mera concurrencia de una infracci\u00f3n administrativa grave no implica necesariamente una imprudencia penal, aunque constituye un indicio relevante. Introduce el deber de valorar &#8216;la entidad de la infracci\u00f3n&#8217; para distinguir entre imprudencia leve, menos grave o grave.<\/span><\/li>\n<li style=\"font-weight: 400;\" aria-level=\"1\"><span style=\"font-weight: 400;\">\u00a0STS 1050\/2004: se\u00f1ala que, si el resultado se hubiera producido igualmente con una conducta diligente, se excluye la imputaci\u00f3n objetiva. Este criterio ha sido confirmado en fallos posteriores.<\/span><\/li>\n<li style=\"font-weight: 400;\" aria-level=\"1\"><span style=\"font-weight: 400;\">STS 598\/2013: configura la estructura del delito imprudente en torno a los deberes de cuidado interno y externo, y alude expresamente a la necesidad de imputaci\u00f3n objetiva.<\/span><\/li>\n<li style=\"font-weight: 400;\" aria-level=\"1\"><span style=\"font-weight: 400;\">STS 54\/2015: reafirma la necesidad de previsibilidad y evitabilidad, y advierte que el resultado debe ser atribuible al autor solo si era razonablemente evitable ex ante.<\/span><\/li>\n<\/ul>\n<p><span style=\"font-weight: 400;\">La aplicaci\u00f3n de estas doctrinas al nuevo art. 152.2 CP exige que el juez motive expresamente si considera que la infracci\u00f3n grave no fue determinante del resultado, o si no concurre imputaci\u00f3n objetiva. Esta valoraci\u00f3n casu\u00edstica permite evitar un automatismo que convertir\u00eda toda infracci\u00f3n en delito, con el consiguiente riesgo de desproporci\u00f3n punitiva.<\/span><\/p>\n<h3><b>Aspectos penol\u00f3gicos y procesales: pena, acceso a la jurisdicci\u00f3n penal y consecuencias accesorias<\/b><\/h3>\n<p><span style=\"font-weight: 400;\">La LO 11\/2022 introduce una diferenciaci\u00f3n en la pena conforme al tipo de lesi\u00f3n causada:<\/span><\/p>\n<ul>\n<li style=\"font-weight: 400;\" aria-level=\"1\"><span style=\"font-weight: 400;\">Lesiones leves (art. 147.1): multa de 1 a 2 meses.<\/span><\/li>\n<li style=\"font-weight: 400;\" aria-level=\"1\"><span style=\"font-weight: 400;\">Lesiones graves (arts. 149 y 150): multa de 3 a 12 meses.<\/span><\/li>\n<\/ul>\n<p><span style=\"font-weight: 400;\">Adem\u00e1s, se impone de forma obligatoria la pena de privaci\u00f3n del derecho a conducir veh\u00edculos a motor o ciclomotores.<\/span><\/p>\n<p><span style=\"font-weight: 400;\">Procesalmente, el delito leve por imprudencia menos grave se convierte en delito p\u00fablico cuando el hecho tiene lugar en el \u00e1mbito del tr\u00e1fico. Esto significa que no se requiere denuncia previa de la v\u00edctima para su persecuci\u00f3n, lo cual ampl\u00eda notablemente el alcance de la actuaci\u00f3n penal.<\/span><\/p>\n<p><span style=\"font-weight: 400;\">Se modifica as\u00ed el equilibrio entre jurisdicci\u00f3n penal y civil, desplazando supuestos que anteriormente se resolv\u00edan por la v\u00eda de la responsabilidad extracontractual al \u00e1mbito penal, con el consiguiente aumento en la carga judicial y mayores garant\u00edas procesales para las v\u00edctimas.<\/span><\/p>\n<h3><b>Consideraciones cr\u00edticas y propuestas de mejora<\/b><\/h3>\n<p><span style=\"font-weight: 400;\">Aunque la reforma responde a una leg\u00edtima preocupaci\u00f3n por la seguridad vial y la protecci\u00f3n de las v\u00edctimas, puede ser criticada desde diversos \u00e1ngulos:<\/span><\/p>\n<ol>\n<li style=\"font-weight: 400;\" aria-level=\"1\"><span style=\"font-weight: 400;\">Riesgo de automatismo: la expresi\u00f3n &#8216;en todo caso&#8217; podr\u00eda entenderse como una cl\u00e1usula cerrada, eliminando la posibilidad de valorar el caso concreto.<\/span><\/li>\n<li style=\"font-weight: 400;\" aria-level=\"1\"><span style=\"font-weight: 400;\">Ambig\u00fcedad normativa: muchas infracciones graves de la LSV (art. 76) son de redacci\u00f3n gen\u00e9rica (&#8216;conducci\u00f3n negligente&#8217;), lo que dificulta una aplicaci\u00f3n coherente.<\/span><\/li>\n<li style=\"font-weight: 400;\" aria-level=\"1\"><span style=\"font-weight: 400;\">Saturaci\u00f3n del sistema penal: al convertir en delito supuestos antes tratados como infracci\u00f3n administrativa o responsabilidad civil, se puede producir un colapso del sistema penal menor.<\/span><\/li>\n<\/ol>\n<p><span style=\"font-weight: 400;\">Ser\u00eda conveniente una interpretaci\u00f3n jurisprudencial que mantenga el an\u00e1lisis individualizado del caso concreto, exigiendo motivaci\u00f3n reforzada para la calificaci\u00f3n de la imprudencia como menos grave. Asimismo, se recomienda una revisi\u00f3n futura del cat\u00e1logo de infracciones para depurar las que realmente generan riesgos relevantes para el bien jur\u00eddico protegido.<\/span><\/p>\n<h3><b>Conclusiones<\/b><\/h3>\n<p><span style=\"font-weight: 400;\">La modificaci\u00f3n del art. 152.2 CP ha redefinido el r\u00e9gimen jur\u00eddico de las lesiones causadas por imprudencia en el tr\u00e1fico, imponiendo un est\u00e1ndar m\u00ednimo de respuesta penal ante infracciones administrativas graves. Aunque esta reforma refuerza la protecci\u00f3n del bien jur\u00eddico &#8216;integridad f\u00edsica&#8217;, tambi\u00e9n plantea interrogantes respecto a la seguridad jur\u00eddica, la proporcionalidad de la pena y el uso racional del Derecho penal.<\/span><span style=\"font-weight: 400;\"><br \/>\n<\/span><span style=\"font-weight: 400;\"><br \/>\n<\/span><span style=\"font-weight: 400;\">El an\u00e1lisis jurisprudencial sugiere que la aplicaci\u00f3n del nuevo tipo debe ser guiada por el principio de imputaci\u00f3n objetiva y por una valoraci\u00f3n motivada de la relaci\u00f3n entre conducta y resultado. La eficacia de la reforma depender\u00e1, en \u00faltima instancia, del equilibrio que logre la jurisprudencia entre automatismo legal y ponderaci\u00f3n casu\u00edstica.<\/span><\/p>\n<p><i><span style=\"font-weight: 400;\">*El presente art\u00edculo es meramente divulgativo y no supone asesoramiento ni compromiso de actualizaci\u00f3n.<\/span><\/i><\/p>\n<p><i><span style=\"font-weight: 400;\">Para m\u00e1s informaci\u00f3n o asesoramiento, contacte con info@fernandezadvocats.es.<\/span><\/i><\/p>\n<p>&nbsp;<\/p>\n","protected":false},"excerpt":{"rendered":"<p>DESCARGAR ART\u00cdCULO COMPLETO EN PDF. Introducci\u00f3n La evoluci\u00f3n del Derecho penal espa\u00f1ol en materia de imprudencia ha experimentado en los \u00faltimos a\u00f1os una transformaci\u00f3n significativa, particularmente en lo que respecta a los delitos de tr\u00e1fico. La reforma introducida por la Ley Org\u00e1nica 11\/2022, de 13 de septiembre, se inscribe en esa tendencia, respondiendo a la [&hellip;]<\/p>\n","protected":false},"author":19,"featured_media":253521,"comment_status":"closed","ping_status":"closed","sticky":false,"template":"","format":"standard","meta":{"_et_pb_use_builder":"","_et_pb_old_content":"","_et_gb_content_width":"","footnotes":""},"categories":[28,44,132,75],"tags":[],"class_list":["post-253523","post","type-post","status-publish","format-standard","has-post-thumbnail","hentry","category-articulos-fa","category-derecho-penal","category-jurisprudencia","category-pena-de-multa"],"yoast_head":"<!-- This site is optimized with the Yoast SEO plugin v27.1.1 - https:\/\/yoast.com\/product\/yoast-seo-wordpress\/ -->\n<title>Lesiones por imprudencia menos grave: accidentes de tr\u00e1fico y C\u00f3digo Penal<\/title>\n<meta name=\"description\" content=\"An\u00e1lisis del delito de lesiones por imprudencia menos grave en accidentes de tr\u00e1fico. Abogados penalistas en Berga expertos en defensa penal y jurisprudencia\" \/>\n<meta name=\"robots\" content=\"index, follow, max-snippet:-1, max-image-preview:large, max-video-preview:-1\" \/>\n<link rel=\"canonical\" href=\"https:\/\/fernandezadvocats.es\/es\/lesiones-imprudencia-menos-grave-accidentes-trafico\/\" \/>\n<meta property=\"og:locale\" content=\"es_ES\" \/>\n<meta property=\"og:type\" content=\"article\" \/>\n<meta property=\"og:title\" content=\"Lesiones por imprudencia menos grave: accidentes de tr\u00e1fico y C\u00f3digo Penal\" \/>\n<meta property=\"og:description\" content=\"An\u00e1lisis del delito de lesiones por imprudencia menos grave en accidentes de tr\u00e1fico. Abogados penalistas en Berga expertos en defensa penal y jurisprudencia\" \/>\n<meta property=\"og:url\" content=\"https:\/\/fernandezadvocats.es\/es\/lesiones-imprudencia-menos-grave-accidentes-trafico\/\" \/>\n<meta property=\"og:site_name\" content=\"Fern\u00e1ndez Advocats\" \/>\n<meta property=\"article:published_time\" content=\"2025-09-16T07:52:11+00:00\" \/>\n<meta property=\"article:modified_time\" content=\"2026-01-21T16:44:28+00:00\" \/>\n<meta property=\"og:image\" content=\"https:\/\/fernandezadvocats.es\/wp-content\/uploads\/2025\/09\/crashed-car-loaded-on-a-tow-truck-2025-02-22-09-31-50-utc-1.jpg\" \/>\n\t<meta property=\"og:image:width\" content=\"915\" \/>\n\t<meta property=\"og:image:height\" content=\"610\" \/>\n\t<meta property=\"og:image:type\" content=\"image\/jpeg\" \/>\n<meta name=\"author\" content=\"mrclickbarcelona@gmail.com\" \/>\n<meta name=\"twitter:card\" content=\"summary_large_image\" \/>\n<meta name=\"twitter:label1\" content=\"Escrito por\" \/>\n\t<meta name=\"twitter:data1\" content=\"mrclickbarcelona@gmail.com\" \/>\n\t<meta name=\"twitter:label2\" content=\"Tiempo de lectura\" \/>\n\t<meta name=\"twitter:data2\" content=\"7 minutos\" \/>\n<script type=\"application\/ld+json\" class=\"yoast-schema-graph\">{\"@context\":\"https:\/\/schema.org\",\"@graph\":[{\"@type\":\"Article\",\"@id\":\"https:\/\/fernandezadvocats.es\/es\/lesiones-imprudencia-menos-grave-accidentes-trafico\/#article\",\"isPartOf\":{\"@id\":\"https:\/\/fernandezadvocats.es\/es\/lesiones-imprudencia-menos-grave-accidentes-trafico\/\"},\"author\":{\"name\":\"mrclickbarcelona@gmail.com\",\"@id\":\"https:\/\/fernandezadvocats.es\/#\/schema\/person\/8ee482a071b4b039d55e3b5981b20a98\"},\"headline\":\"El delito de lesiones por imprudencia menos grave en accidentes de circulaci\u00f3n de veh\u00edculos a motor\",\"datePublished\":\"2025-09-16T07:52:11+00:00\",\"dateModified\":\"2026-01-21T16:44:28+00:00\",\"mainEntityOfPage\":{\"@id\":\"https:\/\/fernandezadvocats.es\/es\/lesiones-imprudencia-menos-grave-accidentes-trafico\/\"},\"wordCount\":1368,\"publisher\":{\"@id\":\"https:\/\/fernandezadvocats.es\/#organization\"},\"image\":{\"@id\":\"https:\/\/fernandezadvocats.es\/es\/lesiones-imprudencia-menos-grave-accidentes-trafico\/#primaryimage\"},\"thumbnailUrl\":\"https:\/\/fernandezadvocats.es\/wp-content\/uploads\/2025\/09\/crashed-car-loaded-on-a-tow-truck-2025-02-22-09-31-50-utc-1.jpg\",\"articleSection\":[\"Art\u00edculos FA\",\"Derecho Penal\",\"Jurisprudencia\",\"Pena de Multa\"],\"inLanguage\":\"es\"},{\"@type\":\"WebPage\",\"@id\":\"https:\/\/fernandezadvocats.es\/es\/lesiones-imprudencia-menos-grave-accidentes-trafico\/\",\"url\":\"https:\/\/fernandezadvocats.es\/es\/lesiones-imprudencia-menos-grave-accidentes-trafico\/\",\"name\":\"Lesiones por imprudencia menos grave: accidentes de tr\u00e1fico y C\u00f3digo Penal\",\"isPartOf\":{\"@id\":\"https:\/\/fernandezadvocats.es\/#website\"},\"primaryImageOfPage\":{\"@id\":\"https:\/\/fernandezadvocats.es\/es\/lesiones-imprudencia-menos-grave-accidentes-trafico\/#primaryimage\"},\"image\":{\"@id\":\"https:\/\/fernandezadvocats.es\/es\/lesiones-imprudencia-menos-grave-accidentes-trafico\/#primaryimage\"},\"thumbnailUrl\":\"https:\/\/fernandezadvocats.es\/wp-content\/uploads\/2025\/09\/crashed-car-loaded-on-a-tow-truck-2025-02-22-09-31-50-utc-1.jpg\",\"datePublished\":\"2025-09-16T07:52:11+00:00\",\"dateModified\":\"2026-01-21T16:44:28+00:00\",\"description\":\"An\u00e1lisis del delito de lesiones por imprudencia menos grave en accidentes de tr\u00e1fico. Abogados penalistas en Berga expertos en defensa penal y jurisprudencia\",\"breadcrumb\":{\"@id\":\"https:\/\/fernandezadvocats.es\/es\/lesiones-imprudencia-menos-grave-accidentes-trafico\/#breadcrumb\"},\"inLanguage\":\"es\",\"potentialAction\":[{\"@type\":\"ReadAction\",\"target\":[\"https:\/\/fernandezadvocats.es\/es\/lesiones-imprudencia-menos-grave-accidentes-trafico\/\"]}]},{\"@type\":\"ImageObject\",\"inLanguage\":\"es\",\"@id\":\"https:\/\/fernandezadvocats.es\/es\/lesiones-imprudencia-menos-grave-accidentes-trafico\/#primaryimage\",\"url\":\"https:\/\/fernandezadvocats.es\/wp-content\/uploads\/2025\/09\/crashed-car-loaded-on-a-tow-truck-2025-02-22-09-31-50-utc-1.jpg\",\"contentUrl\":\"https:\/\/fernandezadvocats.es\/wp-content\/uploads\/2025\/09\/crashed-car-loaded-on-a-tow-truck-2025-02-22-09-31-50-utc-1.jpg\",\"width\":915,\"height\":610,\"caption\":\"delicte imprud\u00e8ncia tr\u00e0nsit Catalunya\"},{\"@type\":\"BreadcrumbList\",\"@id\":\"https:\/\/fernandezadvocats.es\/es\/lesiones-imprudencia-menos-grave-accidentes-trafico\/#breadcrumb\",\"itemListElement\":[{\"@type\":\"ListItem\",\"position\":1,\"name\":\"Portada\",\"item\":\"https:\/\/fernandezadvocats.es\/es\/fernandez-advocats-berga\/\"},{\"@type\":\"ListItem\",\"position\":2,\"name\":\"El delito de lesiones por imprudencia menos grave en accidentes de circulaci\u00f3n de veh\u00edculos a motor\"}]},{\"@type\":\"WebSite\",\"@id\":\"https:\/\/fernandezadvocats.es\/#website\",\"url\":\"https:\/\/fernandezadvocats.es\/\",\"name\":\"Fern\u00e1ndez Advocats\",\"description\":\"Advocats Berga i Barcelona\",\"publisher\":{\"@id\":\"https:\/\/fernandezadvocats.es\/#organization\"},\"alternateName\":\"Abogados Berga y Bracelona\",\"potentialAction\":[{\"@type\":\"SearchAction\",\"target\":{\"@type\":\"EntryPoint\",\"urlTemplate\":\"https:\/\/fernandezadvocats.es\/?s={search_term_string}\"},\"query-input\":{\"@type\":\"PropertyValueSpecification\",\"valueRequired\":true,\"valueName\":\"search_term_string\"}}],\"inLanguage\":\"es\"},{\"@type\":\"Organization\",\"@id\":\"https:\/\/fernandezadvocats.es\/#organization\",\"name\":\"Fern\u00e1ndez Advocats\",\"url\":\"https:\/\/fernandezadvocats.es\/\",\"logo\":{\"@type\":\"ImageObject\",\"inLanguage\":\"es\",\"@id\":\"https:\/\/fernandezadvocats.es\/#\/schema\/logo\/image\/\",\"url\":\"https:\/\/fernandezadvocats.es\/wp-content\/uploads\/2024\/11\/cropped-BF-e1731427554424.png\",\"contentUrl\":\"https:\/\/fernandezadvocats.es\/wp-content\/uploads\/2024\/11\/cropped-BF-e1731427554424.png\",\"width\":512,\"height\":512,\"caption\":\"Fern\u00e1ndez Advocats\"},\"image\":{\"@id\":\"https:\/\/fernandezadvocats.es\/#\/schema\/logo\/image\/\"}},{\"@type\":\"Person\",\"@id\":\"https:\/\/fernandezadvocats.es\/#\/schema\/person\/8ee482a071b4b039d55e3b5981b20a98\",\"name\":\"mrclickbarcelona@gmail.com\",\"image\":{\"@type\":\"ImageObject\",\"inLanguage\":\"es\",\"@id\":\"https:\/\/fernandezadvocats.es\/#\/schema\/person\/image\/\",\"url\":\"https:\/\/secure.gravatar.com\/avatar\/e16cc9a830d1a221b9e83b040154617903c650598282d145b5b76cdcb02f009e?s=96&d=mm&r=g\",\"contentUrl\":\"https:\/\/secure.gravatar.com\/avatar\/e16cc9a830d1a221b9e83b040154617903c650598282d145b5b76cdcb02f009e?s=96&d=mm&r=g\",\"caption\":\"mrclickbarcelona@gmail.com\"},\"url\":\"https:\/\/fernandezadvocats.es\/es\/author\/mrclickbarcelonagmail-com\/\"}]}<\/script>\n<!-- \/ Yoast SEO plugin. -->","yoast_head_json":{"title":"Lesiones por imprudencia menos grave: accidentes de tr\u00e1fico y C\u00f3digo Penal","description":"An\u00e1lisis del delito de lesiones por imprudencia menos grave en accidentes de tr\u00e1fico. Abogados penalistas en Berga expertos en defensa penal y jurisprudencia","robots":{"index":"index","follow":"follow","max-snippet":"max-snippet:-1","max-image-preview":"max-image-preview:large","max-video-preview":"max-video-preview:-1"},"canonical":"https:\/\/fernandezadvocats.es\/es\/lesiones-imprudencia-menos-grave-accidentes-trafico\/","og_locale":"es_ES","og_type":"article","og_title":"Lesiones por imprudencia menos grave: accidentes de tr\u00e1fico y C\u00f3digo Penal","og_description":"An\u00e1lisis del delito de lesiones por imprudencia menos grave en accidentes de tr\u00e1fico. Abogados penalistas en Berga expertos en defensa penal y jurisprudencia","og_url":"https:\/\/fernandezadvocats.es\/es\/lesiones-imprudencia-menos-grave-accidentes-trafico\/","og_site_name":"Fern\u00e1ndez Advocats","article_published_time":"2025-09-16T07:52:11+00:00","article_modified_time":"2026-01-21T16:44:28+00:00","og_image":[{"width":915,"height":610,"url":"https:\/\/fernandezadvocats.es\/wp-content\/uploads\/2025\/09\/crashed-car-loaded-on-a-tow-truck-2025-02-22-09-31-50-utc-1.jpg","type":"image\/jpeg"}],"author":"mrclickbarcelona@gmail.com","twitter_card":"summary_large_image","twitter_misc":{"Escrito por":"mrclickbarcelona@gmail.com","Tiempo de lectura":"7 minutos"},"schema":{"@context":"https:\/\/schema.org","@graph":[{"@type":"Article","@id":"https:\/\/fernandezadvocats.es\/es\/lesiones-imprudencia-menos-grave-accidentes-trafico\/#article","isPartOf":{"@id":"https:\/\/fernandezadvocats.es\/es\/lesiones-imprudencia-menos-grave-accidentes-trafico\/"},"author":{"name":"mrclickbarcelona@gmail.com","@id":"https:\/\/fernandezadvocats.es\/#\/schema\/person\/8ee482a071b4b039d55e3b5981b20a98"},"headline":"El delito de lesiones por imprudencia menos grave en accidentes de circulaci\u00f3n de veh\u00edculos a motor","datePublished":"2025-09-16T07:52:11+00:00","dateModified":"2026-01-21T16:44:28+00:00","mainEntityOfPage":{"@id":"https:\/\/fernandezadvocats.es\/es\/lesiones-imprudencia-menos-grave-accidentes-trafico\/"},"wordCount":1368,"publisher":{"@id":"https:\/\/fernandezadvocats.es\/#organization"},"image":{"@id":"https:\/\/fernandezadvocats.es\/es\/lesiones-imprudencia-menos-grave-accidentes-trafico\/#primaryimage"},"thumbnailUrl":"https:\/\/fernandezadvocats.es\/wp-content\/uploads\/2025\/09\/crashed-car-loaded-on-a-tow-truck-2025-02-22-09-31-50-utc-1.jpg","articleSection":["Art\u00edculos FA","Derecho Penal","Jurisprudencia","Pena de Multa"],"inLanguage":"es"},{"@type":"WebPage","@id":"https:\/\/fernandezadvocats.es\/es\/lesiones-imprudencia-menos-grave-accidentes-trafico\/","url":"https:\/\/fernandezadvocats.es\/es\/lesiones-imprudencia-menos-grave-accidentes-trafico\/","name":"Lesiones por imprudencia menos grave: accidentes de tr\u00e1fico y C\u00f3digo Penal","isPartOf":{"@id":"https:\/\/fernandezadvocats.es\/#website"},"primaryImageOfPage":{"@id":"https:\/\/fernandezadvocats.es\/es\/lesiones-imprudencia-menos-grave-accidentes-trafico\/#primaryimage"},"image":{"@id":"https:\/\/fernandezadvocats.es\/es\/lesiones-imprudencia-menos-grave-accidentes-trafico\/#primaryimage"},"thumbnailUrl":"https:\/\/fernandezadvocats.es\/wp-content\/uploads\/2025\/09\/crashed-car-loaded-on-a-tow-truck-2025-02-22-09-31-50-utc-1.jpg","datePublished":"2025-09-16T07:52:11+00:00","dateModified":"2026-01-21T16:44:28+00:00","description":"An\u00e1lisis del delito de lesiones por imprudencia menos grave en accidentes de tr\u00e1fico. Abogados penalistas en Berga expertos en defensa penal y jurisprudencia","breadcrumb":{"@id":"https:\/\/fernandezadvocats.es\/es\/lesiones-imprudencia-menos-grave-accidentes-trafico\/#breadcrumb"},"inLanguage":"es","potentialAction":[{"@type":"ReadAction","target":["https:\/\/fernandezadvocats.es\/es\/lesiones-imprudencia-menos-grave-accidentes-trafico\/"]}]},{"@type":"ImageObject","inLanguage":"es","@id":"https:\/\/fernandezadvocats.es\/es\/lesiones-imprudencia-menos-grave-accidentes-trafico\/#primaryimage","url":"https:\/\/fernandezadvocats.es\/wp-content\/uploads\/2025\/09\/crashed-car-loaded-on-a-tow-truck-2025-02-22-09-31-50-utc-1.jpg","contentUrl":"https:\/\/fernandezadvocats.es\/wp-content\/uploads\/2025\/09\/crashed-car-loaded-on-a-tow-truck-2025-02-22-09-31-50-utc-1.jpg","width":915,"height":610,"caption":"delicte imprud\u00e8ncia tr\u00e0nsit Catalunya"},{"@type":"BreadcrumbList","@id":"https:\/\/fernandezadvocats.es\/es\/lesiones-imprudencia-menos-grave-accidentes-trafico\/#breadcrumb","itemListElement":[{"@type":"ListItem","position":1,"name":"Portada","item":"https:\/\/fernandezadvocats.es\/es\/fernandez-advocats-berga\/"},{"@type":"ListItem","position":2,"name":"El delito de lesiones por imprudencia menos grave en accidentes de circulaci\u00f3n de veh\u00edculos a motor"}]},{"@type":"WebSite","@id":"https:\/\/fernandezadvocats.es\/#website","url":"https:\/\/fernandezadvocats.es\/","name":"Fern\u00e1ndez Advocats","description":"Advocats Berga i Barcelona","publisher":{"@id":"https:\/\/fernandezadvocats.es\/#organization"},"alternateName":"Abogados Berga y Bracelona","potentialAction":[{"@type":"SearchAction","target":{"@type":"EntryPoint","urlTemplate":"https:\/\/fernandezadvocats.es\/?s={search_term_string}"},"query-input":{"@type":"PropertyValueSpecification","valueRequired":true,"valueName":"search_term_string"}}],"inLanguage":"es"},{"@type":"Organization","@id":"https:\/\/fernandezadvocats.es\/#organization","name":"Fern\u00e1ndez Advocats","url":"https:\/\/fernandezadvocats.es\/","logo":{"@type":"ImageObject","inLanguage":"es","@id":"https:\/\/fernandezadvocats.es\/#\/schema\/logo\/image\/","url":"https:\/\/fernandezadvocats.es\/wp-content\/uploads\/2024\/11\/cropped-BF-e1731427554424.png","contentUrl":"https:\/\/fernandezadvocats.es\/wp-content\/uploads\/2024\/11\/cropped-BF-e1731427554424.png","width":512,"height":512,"caption":"Fern\u00e1ndez Advocats"},"image":{"@id":"https:\/\/fernandezadvocats.es\/#\/schema\/logo\/image\/"}},{"@type":"Person","@id":"https:\/\/fernandezadvocats.es\/#\/schema\/person\/8ee482a071b4b039d55e3b5981b20a98","name":"mrclickbarcelona@gmail.com","image":{"@type":"ImageObject","inLanguage":"es","@id":"https:\/\/fernandezadvocats.es\/#\/schema\/person\/image\/","url":"https:\/\/secure.gravatar.com\/avatar\/e16cc9a830d1a221b9e83b040154617903c650598282d145b5b76cdcb02f009e?s=96&d=mm&r=g","contentUrl":"https:\/\/secure.gravatar.com\/avatar\/e16cc9a830d1a221b9e83b040154617903c650598282d145b5b76cdcb02f009e?s=96&d=mm&r=g","caption":"mrclickbarcelona@gmail.com"},"url":"https:\/\/fernandezadvocats.es\/es\/author\/mrclickbarcelonagmail-com\/"}]}},"_links":{"self":[{"href":"https:\/\/fernandezadvocats.es\/es\/wp-json\/wp\/v2\/posts\/253523","targetHints":{"allow":["GET"]}}],"collection":[{"href":"https:\/\/fernandezadvocats.es\/es\/wp-json\/wp\/v2\/posts"}],"about":[{"href":"https:\/\/fernandezadvocats.es\/es\/wp-json\/wp\/v2\/types\/post"}],"author":[{"embeddable":true,"href":"https:\/\/fernandezadvocats.es\/es\/wp-json\/wp\/v2\/users\/19"}],"replies":[{"embeddable":true,"href":"https:\/\/fernandezadvocats.es\/es\/wp-json\/wp\/v2\/comments?post=253523"}],"version-history":[{"count":3,"href":"https:\/\/fernandezadvocats.es\/es\/wp-json\/wp\/v2\/posts\/253523\/revisions"}],"predecessor-version":[{"id":254238,"href":"https:\/\/fernandezadvocats.es\/es\/wp-json\/wp\/v2\/posts\/253523\/revisions\/254238"}],"wp:featuredmedia":[{"embeddable":true,"href":"https:\/\/fernandezadvocats.es\/es\/wp-json\/wp\/v2\/media\/253521"}],"wp:attachment":[{"href":"https:\/\/fernandezadvocats.es\/es\/wp-json\/wp\/v2\/media?parent=253523"}],"wp:term":[{"taxonomy":"category","embeddable":true,"href":"https:\/\/fernandezadvocats.es\/es\/wp-json\/wp\/v2\/categories?post=253523"},{"taxonomy":"post_tag","embeddable":true,"href":"https:\/\/fernandezadvocats.es\/es\/wp-json\/wp\/v2\/tags?post=253523"}],"curies":[{"name":"wp","href":"https:\/\/api.w.org\/{rel}","templated":true}]}}