{"id":253542,"date":"2025-09-19T17:43:18","date_gmt":"2025-09-19T15:43:18","guid":{"rendered":"https:\/\/fernandezadvocats.es\/?p=253542"},"modified":"2026-01-21T17:43:46","modified_gmt":"2026-01-21T16:43:46","slug":"contratacion-publica-cataluna-recursos-exclusiones-adjudicaciones","status":"publish","type":"post","link":"https:\/\/fernandezadvocats.es\/es\/contratacion-publica-cataluna-recursos-exclusiones-adjudicaciones\/","title":{"rendered":"Contrataci\u00f3n p\u00fablica en catalu\u00f1a: recursos frente a exclusiones y adjudicaciones irregulares"},"content":{"rendered":"<h2 data-start=\"321\" data-end=\"338\">Introducci\u00f3n<\/h2>\n<p data-start=\"340\" data-end=\"833\">La <strong data-start=\"343\" data-end=\"367\">contrataci\u00f3n p\u00fablica<\/strong> es una de las principales v\u00edas de acceso de empresas y profesionales a proyectos impulsados por las administraciones. En Catalu\u00f1a, miles de licitaciones se convocan cada a\u00f1o por parte de ayuntamientos, entes locales, Generalitat y sector p\u00fablico institucional. Participar en estos procedimientos es una oportunidad de crecimiento empresarial, pero tambi\u00e9n puede generar conflictos legales cuando surgen <strong data-start=\"771\" data-end=\"830\">exclusiones injustificadas o adjudicaciones irregulares<\/strong>.<\/p>\n<p data-start=\"835\" data-end=\"1162\">En <strong data-start=\"838\" data-end=\"860\">Fern\u00e1ndez Advocats<\/strong>, con sede en Berga y m\u00e1s de 40 a\u00f1os de experiencia en <strong data-start=\"915\" data-end=\"951\">Derecho P\u00fablico y Administrativo<\/strong>, asesoramos a empresas y profesionales en todas las fases de la contrataci\u00f3n p\u00fablica, desde la preparaci\u00f3n de ofertas hasta la interposici\u00f3n de recursos, garantizando un acompa\u00f1amiento riguroso y estrat\u00e9gico.<\/p>\n<h2 data-start=\"1169\" data-end=\"1227\">Exclusiones en procedimientos de contrataci\u00f3n p\u00fablica<\/h2>\n<p data-start=\"1229\" data-end=\"1464\">Las causas de exclusi\u00f3n de una oferta deben estar siempre fundamentadas en la normativa y en los pliegos que rigen el procedimiento. Sin embargo, en la pr\u00e1ctica es frecuente que se produzcan exclusiones por motivos discutibles, como:<\/p>\n<ul data-start=\"1466\" data-end=\"1754\">\n<li data-start=\"1466\" data-end=\"1529\">\n<p data-start=\"1468\" data-end=\"1529\">Supuestos defectos formales en la documentaci\u00f3n presentada.<\/p>\n<\/li>\n<li data-start=\"1530\" data-end=\"1595\">\n<p data-start=\"1532\" data-end=\"1595\">Interpretaciones restrictivas de los requisitos de solvencia.<\/p>\n<\/li>\n<li data-start=\"1596\" data-end=\"1682\">\n<p data-start=\"1598\" data-end=\"1682\">Exclusi\u00f3n de ofertas por presuntas bajas temerarias sin una motivaci\u00f3n suficiente.<\/p>\n<\/li>\n<li data-start=\"1683\" data-end=\"1754\">\n<p data-start=\"1685\" data-end=\"1754\">Errores en la aplicaci\u00f3n de los pliegos t\u00e9cnicos o administrativos.<\/p>\n<\/li>\n<\/ul>\n<p data-start=\"1756\" data-end=\"1950\">En estos casos, el operador econ\u00f3mico afectado puede interponer recurso para defender su derecho a permanecer en el procedimiento, siempre que act\u00fae dentro de los <strong data-start=\"1919\" data-end=\"1947\">plazos legales estrictos<\/strong>.<\/p>\n<h2 data-start=\"1957\" data-end=\"1988\">Adjudicaciones irregulares<\/h2>\n<p data-start=\"1990\" data-end=\"2182\">Adem\u00e1s de las exclusiones, otro de los puntos conflictivos son las adjudicaciones que no respetan los principios de igualdad, transparencia y libre concurrencia. Algunos ejemplos habituales:<\/p>\n<ul data-start=\"2184\" data-end=\"2501\">\n<li data-start=\"2184\" data-end=\"2279\">\n<p data-start=\"2186\" data-end=\"2279\">Adjudicaci\u00f3n a empresas que no cumplen requisitos m\u00ednimos de solvencia t\u00e9cnica o econ\u00f3mica.<\/p>\n<\/li>\n<li data-start=\"2280\" data-end=\"2348\">\n<p data-start=\"2282\" data-end=\"2348\">Valoraciones arbitrarias en criterios sujetos a juicio de valor.<\/p>\n<\/li>\n<li data-start=\"2349\" data-end=\"2431\">\n<p data-start=\"2351\" data-end=\"2431\">Puntuaciones desproporcionadas o falta de motivaci\u00f3n en los informes t\u00e9cnicos.<\/p>\n<\/li>\n<li data-start=\"2432\" data-end=\"2501\">\n<p data-start=\"2434\" data-end=\"2501\">Modificaci\u00f3n posterior de condiciones en favor del adjudicatario.<\/p>\n<\/li>\n<\/ul>\n<p data-start=\"2503\" data-end=\"2686\">Cuando se produce una adjudicaci\u00f3n irregular, es posible impugnarla a trav\u00e9s de los recursos administrativos y, en \u00faltima instancia, ante la jurisdicci\u00f3n contencioso-administrativa.<\/p>\n<h2 data-start=\"2693\" data-end=\"2730\">Recursos disponibles en Catalu\u00f1a<\/h2>\n<p data-start=\"2732\" data-end=\"2795\">El ordenamiento jur\u00eddico ofrece diversas v\u00edas de impugnaci\u00f3n:<\/p>\n<ul data-start=\"2797\" data-end=\"3360\">\n<li data-start=\"2797\" data-end=\"3051\">\n<p data-start=\"2799\" data-end=\"3051\"><strong data-start=\"2799\" data-end=\"2846\">Recurso especial en materia de contrataci\u00f3n<\/strong>: regulado en la Ley de Contratos del Sector P\u00fablico (LCSP), aplicable a determinados contratos por raz\u00f3n de la materia o el importe. Se presenta ante el Tribunal Catal\u00e1n de Contratos del Sector P\u00fablico.<\/p>\n<\/li>\n<li data-start=\"3052\" data-end=\"3172\">\n<p data-start=\"3054\" data-end=\"3172\"><strong data-start=\"3054\" data-end=\"3088\">Recurso de alzada o reposici\u00f3n<\/strong>: frente a resoluciones dictadas en procedimientos no sujetos al recurso especial.<\/p>\n<\/li>\n<li data-start=\"3173\" data-end=\"3360\">\n<p data-start=\"3175\" data-end=\"3360\"><strong data-start=\"3175\" data-end=\"3213\">Recurso contencioso-administrativo<\/strong>: si se agota la v\u00eda administrativa, siempre queda abierta la posibilidad de acudir a los tribunales para revisar la legalidad del procedimiento.<\/p>\n<\/li>\n<\/ul>\n<p data-start=\"3362\" data-end=\"3510\">Estos mecanismos permiten garantizar que las decisiones administrativas se ajusten a derecho y respeten los principios de igualdad y concurrencia.<\/p>\n<h2 data-start=\"3517\" data-end=\"3559\">C\u00f3mo trabajamos en Fern\u00e1ndez Advocats<\/h2>\n<ul data-start=\"3561\" data-end=\"4144\">\n<li data-start=\"3561\" data-end=\"3683\">\n<p data-start=\"3563\" data-end=\"3683\"><strong data-start=\"3563\" data-end=\"3597\">An\u00e1lisis previo del expediente<\/strong>: revisamos pliegos, informes t\u00e9cnicos y resoluciones para detectar irregularidades.<\/p>\n<\/li>\n<li data-start=\"3684\" data-end=\"3819\">\n<p data-start=\"3686\" data-end=\"3819\"><strong data-start=\"3686\" data-end=\"3714\">Asesoramiento preventivo<\/strong>: acompa\u00f1amos a las empresas desde la fase de preparaci\u00f3n de ofertas para reducir riesgos de exclusi\u00f3n.<\/p>\n<\/li>\n<li data-start=\"3820\" data-end=\"3993\">\n<p data-start=\"3822\" data-end=\"3993\"><strong data-start=\"3822\" data-end=\"3859\">Defensa administrativa y judicial<\/strong>: representamos a nuestros clientes ante \u00f3rganos administrativos, tribunales de contrataci\u00f3n y juzgados contencioso-administrativos.<\/p>\n<\/li>\n<li data-start=\"3994\" data-end=\"4144\">\n<p data-start=\"3996\" data-end=\"4144\"><strong data-start=\"3996\" data-end=\"4018\">Visi\u00f3n estrat\u00e9gica<\/strong>: buscamos no solo ganar un recurso, sino tambi\u00e9n proteger la viabilidad y reputaci\u00f3n de la empresa en futuras licitaciones.<\/p>\n<\/li>\n<\/ul>\n<p data-start=\"4168\" data-end=\"4600\">La contrataci\u00f3n p\u00fablica es una oportunidad clave para empresas en Catalu\u00f1a, pero exige un conocimiento profundo de la normativa y una reacci\u00f3n r\u00e1pida ante decisiones injustas. En <strong data-start=\"4347\" data-end=\"4369\">Fern\u00e1ndez Advocats<\/strong>, como especialistas en <strong data-start=\"4393\" data-end=\"4438\">Derecho P\u00fablico y Administrativo en Berga<\/strong>, defendemos los derechos de empresas y profesionales frente a exclusiones y adjudicaciones irregulares, aportando rigor, proximidad y experiencia en cada caso.<\/p>\n<p data-start=\"4602\" data-end=\"4654\">\ud83d\udce9 <a class=\"decorated-link cursor-pointer\" rel=\"noopener\" data-start=\"4605\" data-end=\"4630\">info@fernandezadvocats.es<\/a><br data-start=\"4630\" data-end=\"4633\" \/>\ud83d\udcde +34 938 21 25 11<\/p>\n","protected":false},"excerpt":{"rendered":"<p>Introducci\u00f3n La contrataci\u00f3n p\u00fablica es una de las principales v\u00edas de acceso de empresas y profesionales a proyectos impulsados por las administraciones. En Catalu\u00f1a, miles de licitaciones se convocan cada a\u00f1o por parte de ayuntamientos, entes locales, Generalitat y sector p\u00fablico institucional. Participar en estos procedimientos es una oportunidad de crecimiento empresarial, pero tambi\u00e9n puede [&hellip;]<\/p>\n","protected":false},"author":19,"featured_media":253540,"comment_status":"closed","ping_status":"closed","sticky":false,"template":"","format":"standard","meta":{"_et_pb_use_builder":"","_et_pb_old_content":"","_et_gb_content_width":"","footnotes":""},"categories":[28,130,131],"tags":[],"class_list":["post-253542","post","type-post","status-publish","format-standard","has-post-thumbnail","hentry","category-articulos-fa","category-contratacion-publica","category-derecho-administrativo"],"yoast_head":"<!-- This site is optimized with the Yoast SEO plugin v27.1.1 - https:\/\/yoast.com\/product\/yoast-seo-wordpress\/ -->\n<title>Contrataci\u00f3n p\u00fablica en Catalu\u00f1a: recursos frente a exclusiones y adjudicaciones<\/title>\n<meta name=\"description\" content=\"Abogados expertos en contrataci\u00f3n p\u00fablica en Catalu\u00f1a. Recursos frente a exclusiones injustas y adjudicaciones irregulares. Defensa administrativa y judicial en Berga.\" \/>\n<meta name=\"robots\" content=\"index, follow, max-snippet:-1, max-image-preview:large, max-video-preview:-1\" \/>\n<link rel=\"canonical\" href=\"https:\/\/fernandezadvocats.es\/es\/contratacion-publica-cataluna-recursos-exclusiones-adjudicaciones\/\" \/>\n<meta property=\"og:locale\" content=\"es_ES\" \/>\n<meta property=\"og:type\" content=\"article\" \/>\n<meta property=\"og:title\" content=\"Contrataci\u00f3n p\u00fablica en Catalu\u00f1a: recursos frente a exclusiones y adjudicaciones\" \/>\n<meta property=\"og:description\" content=\"Abogados expertos en contrataci\u00f3n p\u00fablica en Catalu\u00f1a. Recursos frente a exclusiones injustas y adjudicaciones irregulares. Defensa administrativa y judicial en Berga.\" \/>\n<meta property=\"og:url\" content=\"https:\/\/fernandezadvocats.es\/es\/contratacion-publica-cataluna-recursos-exclusiones-adjudicaciones\/\" \/>\n<meta property=\"og:site_name\" content=\"Fern\u00e1ndez Advocats\" \/>\n<meta property=\"article:published_time\" content=\"2025-09-19T15:43:18+00:00\" \/>\n<meta property=\"article:modified_time\" content=\"2026-01-21T16:43:46+00:00\" \/>\n<meta property=\"og:image\" content=\"https:\/\/fernandezadvocats.es\/wp-content\/uploads\/2025\/09\/a-skilled-team-of-engineers-collaborates-in-meetin-2025-03-07-06-01-28-utc-1.jpg\" \/>\n\t<meta property=\"og:image:width\" content=\"1679\" \/>\n\t<meta property=\"og:image:height\" content=\"1119\" \/>\n\t<meta property=\"og:image:type\" content=\"image\/jpeg\" \/>\n<meta name=\"author\" content=\"mrclickbarcelona@gmail.com\" \/>\n<meta name=\"twitter:card\" content=\"summary_large_image\" \/>\n<meta name=\"twitter:label1\" content=\"Escrito por\" \/>\n\t<meta name=\"twitter:data1\" content=\"mrclickbarcelona@gmail.com\" \/>\n\t<meta name=\"twitter:label2\" content=\"Tiempo de lectura\" \/>\n\t<meta name=\"twitter:data2\" content=\"4 minutos\" \/>\n<script type=\"application\/ld+json\" class=\"yoast-schema-graph\">{\"@context\":\"https:\/\/schema.org\",\"@graph\":[{\"@type\":\"Article\",\"@id\":\"https:\/\/fernandezadvocats.es\/es\/contratacion-publica-cataluna-recursos-exclusiones-adjudicaciones\/#article\",\"isPartOf\":{\"@id\":\"https:\/\/fernandezadvocats.es\/es\/contratacion-publica-cataluna-recursos-exclusiones-adjudicaciones\/\"},\"author\":{\"name\":\"mrclickbarcelona@gmail.com\",\"@id\":\"https:\/\/fernandezadvocats.es\/#\/schema\/person\/8ee482a071b4b039d55e3b5981b20a98\"},\"headline\":\"Contrataci\u00f3n p\u00fablica en catalu\u00f1a: recursos frente a exclusiones y adjudicaciones irregulares\",\"datePublished\":\"2025-09-19T15:43:18+00:00\",\"dateModified\":\"2026-01-21T16:43:46+00:00\",\"mainEntityOfPage\":{\"@id\":\"https:\/\/fernandezadvocats.es\/es\/contratacion-publica-cataluna-recursos-exclusiones-adjudicaciones\/\"},\"wordCount\":640,\"publisher\":{\"@id\":\"https:\/\/fernandezadvocats.es\/#organization\"},\"image\":{\"@id\":\"https:\/\/fernandezadvocats.es\/es\/contratacion-publica-cataluna-recursos-exclusiones-adjudicaciones\/#primaryimage\"},\"thumbnailUrl\":\"https:\/\/fernandezadvocats.es\/wp-content\/uploads\/2025\/09\/a-skilled-team-of-engineers-collaborates-in-meetin-2025-03-07-06-01-28-utc-1.jpg\",\"articleSection\":[\"Art\u00edculos FA\",\"Contrataci\u00f3n P\u00fablica\",\"Derecho Administrativo\"],\"inLanguage\":\"es\"},{\"@type\":\"WebPage\",\"@id\":\"https:\/\/fernandezadvocats.es\/es\/contratacion-publica-cataluna-recursos-exclusiones-adjudicaciones\/\",\"url\":\"https:\/\/fernandezadvocats.es\/es\/contratacion-publica-cataluna-recursos-exclusiones-adjudicaciones\/\",\"name\":\"Contrataci\u00f3n p\u00fablica en Catalu\u00f1a: recursos frente a exclusiones y adjudicaciones\",\"isPartOf\":{\"@id\":\"https:\/\/fernandezadvocats.es\/#website\"},\"primaryImageOfPage\":{\"@id\":\"https:\/\/fernandezadvocats.es\/es\/contratacion-publica-cataluna-recursos-exclusiones-adjudicaciones\/#primaryimage\"},\"image\":{\"@id\":\"https:\/\/fernandezadvocats.es\/es\/contratacion-publica-cataluna-recursos-exclusiones-adjudicaciones\/#primaryimage\"},\"thumbnailUrl\":\"https:\/\/fernandezadvocats.es\/wp-content\/uploads\/2025\/09\/a-skilled-team-of-engineers-collaborates-in-meetin-2025-03-07-06-01-28-utc-1.jpg\",\"datePublished\":\"2025-09-19T15:43:18+00:00\",\"dateModified\":\"2026-01-21T16:43:46+00:00\",\"description\":\"Abogados expertos en contrataci\u00f3n p\u00fablica en Catalu\u00f1a. Recursos frente a exclusiones injustas y adjudicaciones irregulares. Defensa administrativa y judicial en Berga.\",\"breadcrumb\":{\"@id\":\"https:\/\/fernandezadvocats.es\/es\/contratacion-publica-cataluna-recursos-exclusiones-adjudicaciones\/#breadcrumb\"},\"inLanguage\":\"es\",\"potentialAction\":[{\"@type\":\"ReadAction\",\"target\":[\"https:\/\/fernandezadvocats.es\/es\/contratacion-publica-cataluna-recursos-exclusiones-adjudicaciones\/\"]}]},{\"@type\":\"ImageObject\",\"inLanguage\":\"es\",\"@id\":\"https:\/\/fernandezadvocats.es\/es\/contratacion-publica-cataluna-recursos-exclusiones-adjudicaciones\/#primaryimage\",\"url\":\"https:\/\/fernandezadvocats.es\/wp-content\/uploads\/2025\/09\/a-skilled-team-of-engineers-collaborates-in-meetin-2025-03-07-06-01-28-utc-1.jpg\",\"contentUrl\":\"https:\/\/fernandezadvocats.es\/wp-content\/uploads\/2025\/09\/a-skilled-team-of-engineers-collaborates-in-meetin-2025-03-07-06-01-28-utc-1.jpg\",\"width\":1679,\"height\":1119,\"caption\":\"recurs contractaci\u00f3 p\u00fablica\"},{\"@type\":\"BreadcrumbList\",\"@id\":\"https:\/\/fernandezadvocats.es\/es\/contratacion-publica-cataluna-recursos-exclusiones-adjudicaciones\/#breadcrumb\",\"itemListElement\":[{\"@type\":\"ListItem\",\"position\":1,\"name\":\"Portada\",\"item\":\"https:\/\/fernandezadvocats.es\/es\/fernandez-advocats-berga\/\"},{\"@type\":\"ListItem\",\"position\":2,\"name\":\"Contrataci\u00f3n p\u00fablica en catalu\u00f1a: recursos frente a exclusiones y adjudicaciones irregulares\"}]},{\"@type\":\"WebSite\",\"@id\":\"https:\/\/fernandezadvocats.es\/#website\",\"url\":\"https:\/\/fernandezadvocats.es\/\",\"name\":\"Fern\u00e1ndez Advocats\",\"description\":\"Advocats Berga i Barcelona\",\"publisher\":{\"@id\":\"https:\/\/fernandezadvocats.es\/#organization\"},\"alternateName\":\"Abogados Berga y Bracelona\",\"potentialAction\":[{\"@type\":\"SearchAction\",\"target\":{\"@type\":\"EntryPoint\",\"urlTemplate\":\"https:\/\/fernandezadvocats.es\/?s={search_term_string}\"},\"query-input\":{\"@type\":\"PropertyValueSpecification\",\"valueRequired\":true,\"valueName\":\"search_term_string\"}}],\"inLanguage\":\"es\"},{\"@type\":\"Organization\",\"@id\":\"https:\/\/fernandezadvocats.es\/#organization\",\"name\":\"Fern\u00e1ndez Advocats\",\"url\":\"https:\/\/fernandezadvocats.es\/\",\"logo\":{\"@type\":\"ImageObject\",\"inLanguage\":\"es\",\"@id\":\"https:\/\/fernandezadvocats.es\/#\/schema\/logo\/image\/\",\"url\":\"https:\/\/fernandezadvocats.es\/wp-content\/uploads\/2024\/11\/cropped-BF-e1731427554424.png\",\"contentUrl\":\"https:\/\/fernandezadvocats.es\/wp-content\/uploads\/2024\/11\/cropped-BF-e1731427554424.png\",\"width\":512,\"height\":512,\"caption\":\"Fern\u00e1ndez Advocats\"},\"image\":{\"@id\":\"https:\/\/fernandezadvocats.es\/#\/schema\/logo\/image\/\"}},{\"@type\":\"Person\",\"@id\":\"https:\/\/fernandezadvocats.es\/#\/schema\/person\/8ee482a071b4b039d55e3b5981b20a98\",\"name\":\"mrclickbarcelona@gmail.com\",\"image\":{\"@type\":\"ImageObject\",\"inLanguage\":\"es\",\"@id\":\"https:\/\/fernandezadvocats.es\/#\/schema\/person\/image\/\",\"url\":\"https:\/\/secure.gravatar.com\/avatar\/e16cc9a830d1a221b9e83b040154617903c650598282d145b5b76cdcb02f009e?s=96&d=mm&r=g\",\"contentUrl\":\"https:\/\/secure.gravatar.com\/avatar\/e16cc9a830d1a221b9e83b040154617903c650598282d145b5b76cdcb02f009e?s=96&d=mm&r=g\",\"caption\":\"mrclickbarcelona@gmail.com\"},\"url\":\"https:\/\/fernandezadvocats.es\/es\/author\/mrclickbarcelonagmail-com\/\"}]}<\/script>\n<!-- \/ Yoast SEO plugin. -->","yoast_head_json":{"title":"Contrataci\u00f3n p\u00fablica en Catalu\u00f1a: recursos frente a exclusiones y adjudicaciones","description":"Abogados expertos en contrataci\u00f3n p\u00fablica en Catalu\u00f1a. Recursos frente a exclusiones injustas y adjudicaciones irregulares. Defensa administrativa y judicial en Berga.","robots":{"index":"index","follow":"follow","max-snippet":"max-snippet:-1","max-image-preview":"max-image-preview:large","max-video-preview":"max-video-preview:-1"},"canonical":"https:\/\/fernandezadvocats.es\/es\/contratacion-publica-cataluna-recursos-exclusiones-adjudicaciones\/","og_locale":"es_ES","og_type":"article","og_title":"Contrataci\u00f3n p\u00fablica en Catalu\u00f1a: recursos frente a exclusiones y adjudicaciones","og_description":"Abogados expertos en contrataci\u00f3n p\u00fablica en Catalu\u00f1a. Recursos frente a exclusiones injustas y adjudicaciones irregulares. Defensa administrativa y judicial en Berga.","og_url":"https:\/\/fernandezadvocats.es\/es\/contratacion-publica-cataluna-recursos-exclusiones-adjudicaciones\/","og_site_name":"Fern\u00e1ndez Advocats","article_published_time":"2025-09-19T15:43:18+00:00","article_modified_time":"2026-01-21T16:43:46+00:00","og_image":[{"width":1679,"height":1119,"url":"https:\/\/fernandezadvocats.es\/wp-content\/uploads\/2025\/09\/a-skilled-team-of-engineers-collaborates-in-meetin-2025-03-07-06-01-28-utc-1.jpg","type":"image\/jpeg"}],"author":"mrclickbarcelona@gmail.com","twitter_card":"summary_large_image","twitter_misc":{"Escrito por":"mrclickbarcelona@gmail.com","Tiempo de lectura":"4 minutos"},"schema":{"@context":"https:\/\/schema.org","@graph":[{"@type":"Article","@id":"https:\/\/fernandezadvocats.es\/es\/contratacion-publica-cataluna-recursos-exclusiones-adjudicaciones\/#article","isPartOf":{"@id":"https:\/\/fernandezadvocats.es\/es\/contratacion-publica-cataluna-recursos-exclusiones-adjudicaciones\/"},"author":{"name":"mrclickbarcelona@gmail.com","@id":"https:\/\/fernandezadvocats.es\/#\/schema\/person\/8ee482a071b4b039d55e3b5981b20a98"},"headline":"Contrataci\u00f3n p\u00fablica en catalu\u00f1a: recursos frente a exclusiones y adjudicaciones irregulares","datePublished":"2025-09-19T15:43:18+00:00","dateModified":"2026-01-21T16:43:46+00:00","mainEntityOfPage":{"@id":"https:\/\/fernandezadvocats.es\/es\/contratacion-publica-cataluna-recursos-exclusiones-adjudicaciones\/"},"wordCount":640,"publisher":{"@id":"https:\/\/fernandezadvocats.es\/#organization"},"image":{"@id":"https:\/\/fernandezadvocats.es\/es\/contratacion-publica-cataluna-recursos-exclusiones-adjudicaciones\/#primaryimage"},"thumbnailUrl":"https:\/\/fernandezadvocats.es\/wp-content\/uploads\/2025\/09\/a-skilled-team-of-engineers-collaborates-in-meetin-2025-03-07-06-01-28-utc-1.jpg","articleSection":["Art\u00edculos FA","Contrataci\u00f3n P\u00fablica","Derecho Administrativo"],"inLanguage":"es"},{"@type":"WebPage","@id":"https:\/\/fernandezadvocats.es\/es\/contratacion-publica-cataluna-recursos-exclusiones-adjudicaciones\/","url":"https:\/\/fernandezadvocats.es\/es\/contratacion-publica-cataluna-recursos-exclusiones-adjudicaciones\/","name":"Contrataci\u00f3n p\u00fablica en Catalu\u00f1a: recursos frente a exclusiones y adjudicaciones","isPartOf":{"@id":"https:\/\/fernandezadvocats.es\/#website"},"primaryImageOfPage":{"@id":"https:\/\/fernandezadvocats.es\/es\/contratacion-publica-cataluna-recursos-exclusiones-adjudicaciones\/#primaryimage"},"image":{"@id":"https:\/\/fernandezadvocats.es\/es\/contratacion-publica-cataluna-recursos-exclusiones-adjudicaciones\/#primaryimage"},"thumbnailUrl":"https:\/\/fernandezadvocats.es\/wp-content\/uploads\/2025\/09\/a-skilled-team-of-engineers-collaborates-in-meetin-2025-03-07-06-01-28-utc-1.jpg","datePublished":"2025-09-19T15:43:18+00:00","dateModified":"2026-01-21T16:43:46+00:00","description":"Abogados expertos en contrataci\u00f3n p\u00fablica en Catalu\u00f1a. Recursos frente a exclusiones injustas y adjudicaciones irregulares. Defensa administrativa y judicial en Berga.","breadcrumb":{"@id":"https:\/\/fernandezadvocats.es\/es\/contratacion-publica-cataluna-recursos-exclusiones-adjudicaciones\/#breadcrumb"},"inLanguage":"es","potentialAction":[{"@type":"ReadAction","target":["https:\/\/fernandezadvocats.es\/es\/contratacion-publica-cataluna-recursos-exclusiones-adjudicaciones\/"]}]},{"@type":"ImageObject","inLanguage":"es","@id":"https:\/\/fernandezadvocats.es\/es\/contratacion-publica-cataluna-recursos-exclusiones-adjudicaciones\/#primaryimage","url":"https:\/\/fernandezadvocats.es\/wp-content\/uploads\/2025\/09\/a-skilled-team-of-engineers-collaborates-in-meetin-2025-03-07-06-01-28-utc-1.jpg","contentUrl":"https:\/\/fernandezadvocats.es\/wp-content\/uploads\/2025\/09\/a-skilled-team-of-engineers-collaborates-in-meetin-2025-03-07-06-01-28-utc-1.jpg","width":1679,"height":1119,"caption":"recurs contractaci\u00f3 p\u00fablica"},{"@type":"BreadcrumbList","@id":"https:\/\/fernandezadvocats.es\/es\/contratacion-publica-cataluna-recursos-exclusiones-adjudicaciones\/#breadcrumb","itemListElement":[{"@type":"ListItem","position":1,"name":"Portada","item":"https:\/\/fernandezadvocats.es\/es\/fernandez-advocats-berga\/"},{"@type":"ListItem","position":2,"name":"Contrataci\u00f3n p\u00fablica en catalu\u00f1a: recursos frente a exclusiones y adjudicaciones irregulares"}]},{"@type":"WebSite","@id":"https:\/\/fernandezadvocats.es\/#website","url":"https:\/\/fernandezadvocats.es\/","name":"Fern\u00e1ndez Advocats","description":"Advocats Berga i Barcelona","publisher":{"@id":"https:\/\/fernandezadvocats.es\/#organization"},"alternateName":"Abogados Berga y Bracelona","potentialAction":[{"@type":"SearchAction","target":{"@type":"EntryPoint","urlTemplate":"https:\/\/fernandezadvocats.es\/?s={search_term_string}"},"query-input":{"@type":"PropertyValueSpecification","valueRequired":true,"valueName":"search_term_string"}}],"inLanguage":"es"},{"@type":"Organization","@id":"https:\/\/fernandezadvocats.es\/#organization","name":"Fern\u00e1ndez Advocats","url":"https:\/\/fernandezadvocats.es\/","logo":{"@type":"ImageObject","inLanguage":"es","@id":"https:\/\/fernandezadvocats.es\/#\/schema\/logo\/image\/","url":"https:\/\/fernandezadvocats.es\/wp-content\/uploads\/2024\/11\/cropped-BF-e1731427554424.png","contentUrl":"https:\/\/fernandezadvocats.es\/wp-content\/uploads\/2024\/11\/cropped-BF-e1731427554424.png","width":512,"height":512,"caption":"Fern\u00e1ndez Advocats"},"image":{"@id":"https:\/\/fernandezadvocats.es\/#\/schema\/logo\/image\/"}},{"@type":"Person","@id":"https:\/\/fernandezadvocats.es\/#\/schema\/person\/8ee482a071b4b039d55e3b5981b20a98","name":"mrclickbarcelona@gmail.com","image":{"@type":"ImageObject","inLanguage":"es","@id":"https:\/\/fernandezadvocats.es\/#\/schema\/person\/image\/","url":"https:\/\/secure.gravatar.com\/avatar\/e16cc9a830d1a221b9e83b040154617903c650598282d145b5b76cdcb02f009e?s=96&d=mm&r=g","contentUrl":"https:\/\/secure.gravatar.com\/avatar\/e16cc9a830d1a221b9e83b040154617903c650598282d145b5b76cdcb02f009e?s=96&d=mm&r=g","caption":"mrclickbarcelona@gmail.com"},"url":"https:\/\/fernandezadvocats.es\/es\/author\/mrclickbarcelonagmail-com\/"}]}},"_links":{"self":[{"href":"https:\/\/fernandezadvocats.es\/es\/wp-json\/wp\/v2\/posts\/253542","targetHints":{"allow":["GET"]}}],"collection":[{"href":"https:\/\/fernandezadvocats.es\/es\/wp-json\/wp\/v2\/posts"}],"about":[{"href":"https:\/\/fernandezadvocats.es\/es\/wp-json\/wp\/v2\/types\/post"}],"author":[{"embeddable":true,"href":"https:\/\/fernandezadvocats.es\/es\/wp-json\/wp\/v2\/users\/19"}],"replies":[{"embeddable":true,"href":"https:\/\/fernandezadvocats.es\/es\/wp-json\/wp\/v2\/comments?post=253542"}],"version-history":[{"count":3,"href":"https:\/\/fernandezadvocats.es\/es\/wp-json\/wp\/v2\/posts\/253542\/revisions"}],"predecessor-version":[{"id":254236,"href":"https:\/\/fernandezadvocats.es\/es\/wp-json\/wp\/v2\/posts\/253542\/revisions\/254236"}],"wp:featuredmedia":[{"embeddable":true,"href":"https:\/\/fernandezadvocats.es\/es\/wp-json\/wp\/v2\/media\/253540"}],"wp:attachment":[{"href":"https:\/\/fernandezadvocats.es\/es\/wp-json\/wp\/v2\/media?parent=253542"}],"wp:term":[{"taxonomy":"category","embeddable":true,"href":"https:\/\/fernandezadvocats.es\/es\/wp-json\/wp\/v2\/categories?post=253542"},{"taxonomy":"post_tag","embeddable":true,"href":"https:\/\/fernandezadvocats.es\/es\/wp-json\/wp\/v2\/tags?post=253542"}],"curies":[{"name":"wp","href":"https:\/\/api.w.org\/{rel}","templated":true}]}}