{"id":253550,"date":"2025-09-23T09:48:24","date_gmt":"2025-09-23T07:48:24","guid":{"rendered":"https:\/\/fernandezadvocats.es\/?p=253550"},"modified":"2026-01-21T17:43:14","modified_gmt":"2026-01-21T16:43:14","slug":"indemnizacion-despido-improcedente-sts-736-2025","status":"publish","type":"post","link":"https:\/\/fernandezadvocats.es\/es\/indemnizacion-despido-improcedente-sts-736-2025\/","title":{"rendered":"An\u00e1lisis de la STS, Sala Cuarta, n\u00ba 736\/2025 de 16 de julio: La indemnizaci\u00f3n por despido improcedente y sus l\u00edmites"},"content":{"rendered":"<p data-start=\"371\" data-end=\"860\"><strong><a href=\"https:\/\/fernandezadvocats.es\/wp-content\/uploads\/2025\/09\/Analisi-de-la-STS-736-2025-de-16-de-juliol-sobre-la-indemnitzacio-per-acomiadament-improcedent.pdf\">DESCARGAR ART\u00cdCULO COMPLETO EN PDF.<\/a><\/strong><\/p>\n<p data-start=\"371\" data-end=\"860\">La Sentencia del Pleno del Tribunal Supremo 736\/2025, de 16 de julio (rec. 3993\/2024), ha establecido un criterio de gran trascendencia en materia de despido improcedente: los \u00f3rganos judiciales no tienen la facultad de incrementar la indemnizaci\u00f3n legalmente tasada. Esta decisi\u00f3n, que cuenta con dos votos particulares discrepantes, cierra, al menos a nivel jurisprudencial, el debate sobre la posibilidad de otorgar indemnizaciones adicionales bas\u00e1ndose en la normativa internacional.<\/p>\n<p data-start=\"862\" data-end=\"1039\">A continuaci\u00f3n, se analizan los puntos clave de la Sentencia, desde los antecedentes del caso hasta las diferentes posturas sostenidas por la mayor\u00eda y los votos particulares.<\/p>\n<h3 data-start=\"1046\" data-end=\"1068\">El caso analizado<\/h3>\n<p data-start=\"1070\" data-end=\"1369\">El caso se origina a partir de un despido disciplinario que, en primera instancia, es declarado improcedente por insuficiencia del relato f\u00e1ctico en la carta de comunicaci\u00f3n. El juzgado social, adem\u00e1s de la indemnizaci\u00f3n legal, concedi\u00f3 una indemnizaci\u00f3n adicional de 5.410,36 \u20ac por lucro cesante.<\/p>\n<p data-start=\"1371\" data-end=\"1808\">No obstante, el Tribunal Superior de Justicia de Catalu\u00f1a estim\u00f3 el recurso de la empresa (STSJ Catalu\u00f1a de 31 de mayo, rec. 21\/2024) y dej\u00f3 sin efecto esta indemnizaci\u00f3n adicional. Argument\u00f3 que ni el Convenio 158 de la OIT ni el art\u00edculo 24 de la Carta Social Europea (CSEr) justificaban este abono, considerando que la indemnizaci\u00f3n legal era adecuada dada la corta duraci\u00f3n de la relaci\u00f3n laboral y la ausencia de abuso de derecho.<\/p>\n<p data-start=\"1810\" data-end=\"2201\">El trabajador recurri\u00f3 en casaci\u00f3n ante el Tribunal Supremo, aportando como sentencia de contraste la STSJ Pa\u00eds Vasco 1040\/2024, de 23 de abril, que s\u00ed hab\u00eda reconocido una indemnizaci\u00f3n adicional en un caso con ciertas similitudes. La cuesti\u00f3n central a resolver era, por tanto, si los tribunales pueden superar la indemnizaci\u00f3n tasada por el art\u00edculo 56 del Estatuto de los Trabajadores.<\/p>\n<h3 data-start=\"2208\" data-end=\"2278\">La decisi\u00f3n: criterio mayoritario (de Pleno) del Tribunal Supremo<\/h3>\n<p data-start=\"2280\" data-end=\"2490\">El Pleno de la Sala IV concluye que los \u00f3rganos judiciales no est\u00e1n facultados para reconocer una indemnizaci\u00f3n adicional a la legalmente tasada. Su argumentaci\u00f3n se basa en los siguientes puntos principales:<\/p>\n<ul data-start=\"2492\" data-end=\"5003\">\n<li data-start=\"2492\" data-end=\"2915\">\n<p data-start=\"2494\" data-end=\"2915\"><strong data-start=\"2494\" data-end=\"2550\">Car\u00e1cter no ejecutivo de las normas internacionales:<\/strong> El Tribunal sostiene que tanto el art\u00edculo 10 del Convenio 158 de la OIT como el art\u00edculo 24 de la CSEr son normas program\u00e1ticas, es decir, no son de aplicaci\u00f3n directa (\u201cnon self-executing\u201d). Considera que su inconcreci\u00f3n (\u00abindemnizaci\u00f3n adecuada\u00bb, \u00abreparaci\u00f3n apropiada\u00bb) exige un desarrollo normativo por parte del legislador interno para poder ser aplicadas.<\/p>\n<\/li>\n<li data-start=\"2917\" data-end=\"3773\">\n<p data-start=\"2919\" data-end=\"3773\"><strong data-start=\"2919\" data-end=\"2982\">El destinatario de las normas es el legislador, no el juez:<\/strong> La sentencia interpreta que el mandato de fijar una indemnizaci\u00f3n \u00abadecuada\u00bb se dirige a los poderes del Estado con capacidad normativa (legislador ordinario o convencional), no a los jueces. En este sentido, el Anexo de la CSEr, al remitirse a \u00ablas leyes\u00bb, \u00ablos convenios colectivos\u00bb o \u00abcualquier otro procedimiento adecuado a las circunstancias nacionales\u00bb, excluir\u00eda la v\u00eda judicial directa para esta determinaci\u00f3n. El tribunal afirma que: <em data-start=\"3426\" data-end=\"3770\">\u201ces un mandato al legislador, ordinario o convencional, no al juzgador; por ello, no es en modo alguno un llamamiento al juez en un proceso judicial; ya que para ello hubiera sido necesario que las consecuencias del despido sin raz\u00f3n v\u00e1lida estuvieran fijadas de modo ejecutivo aplicable directamente, lo que -como se ha visto- no es el caso\u201d<\/em>.<\/p>\n<\/li>\n<li data-start=\"3775\" data-end=\"4764\">\n<p data-start=\"3777\" data-end=\"4764\"><strong data-start=\"3777\" data-end=\"3828\">Valor no vinculante de las decisiones del CEDS:<\/strong> El Supremo establece que las decisiones del Comit\u00e9 Europeo de Derechos Sociales (CEDS) no son vinculantes para los tribunales espa\u00f1oles. Argumenta que el CEDS no es un \u00f3rgano jurisdiccional y que sus decisiones son informes dirigidos al Comit\u00e9 de Ministros, que es quien puede emitir \u00abrecomendaciones\u00bb a los Estados. Adem\u00e1s, se\u00f1ala que estas decisiones no est\u00e1n incluidas como doctrina de contradicci\u00f3n en el recurso de casaci\u00f3n para la unificaci\u00f3n de doctrina (art. 219 LRJS). La sentencia es contundente en este punto: <em data-start=\"4350\" data-end=\"4761\">\u201clas decisiones del CEDS no son directamente aplicables ya que carecen de eficacia ejecutiva (STC 61\/2024); esto es: no son vinculantes respecto a la resoluci\u00f3n que pudiera adoptar -en forma de recomendaci\u00f3n- el propio Comit\u00e9 de Ministros; ni lo son respecto a la interpretaci\u00f3n de la CSE revisada; ni, en definitiva, pueden vincular, en modo alguno, a esta Sala en el ejercicio de su potestad jurisdiccional\u201d<\/em>.<\/p>\n<\/li>\n<li data-start=\"4766\" data-end=\"5003\">\n<p data-start=\"4768\" data-end=\"5003\"><strong data-start=\"4768\" data-end=\"4791\">Seguridad jur\u00eddica:<\/strong> El tribunal considera que desplazar una norma interna clara y precisa (el art\u00edculo 56 del ET) para aplicar normas internacionales con conceptos jur\u00eddicos indeterminados generar\u00eda una gran inseguridad jur\u00eddica.<\/p>\n<\/li>\n<\/ul>\n<h3 data-start=\"5010\" data-end=\"5090\">Los Votos Particulares: las opiniones discrepantes del criterio mayoritario<\/h3>\n<p data-start=\"5092\" data-end=\"5244\">La Sentencia cuenta con dos votos particulares que discrepan profundamente del criterio mayoritario, y que suscriben varios magistrados de la Sala IV:<\/p>\n<ul data-start=\"5246\" data-end=\"7235\">\n<li data-start=\"5246\" data-end=\"5645\">\n<p data-start=\"5248\" data-end=\"5645\"><strong data-start=\"5248\" data-end=\"5293\">Voto Particular del Magistrado F\u00e9lix Az\u00f3n<\/strong><br data-start=\"5293\" data-end=\"5296\" \/>Este voto particular sugiere que no ser\u00eda necesario ni siquiera recurrir a la normativa internacional, ya que el propio ordenamiento interno, a trav\u00e9s del art\u00edculo 1101 del C\u00f3digo Civil, ya permitir\u00eda reclamar una indemnizaci\u00f3n complementaria por da\u00f1os adicionales y extraordinarios derivados del despido, acumulable a la acci\u00f3n del despido mismo.<\/p>\n<\/li>\n<li data-start=\"5647\" data-end=\"7235\">\n<p data-start=\"5649\" data-end=\"5888\"><strong data-start=\"5649\" data-end=\"5744\">Voto Particular de la Magistrada Isabel Olmo (al que se adhiere el Magistrado Rafael L\u00f3pez)<\/strong><br data-start=\"5744\" data-end=\"5747\" \/>Este voto, especialmente extenso y detallado, defiende la aplicabilidad directa del art\u00edculo 24 de la CSEr. Sus argumentos principales son:<\/p>\n<\/li>\n<\/ul>\n<p style=\"padding-left: 40px;\" data-start=\"5892\" data-end=\"6181\">a) <strong data-start=\"5895\" data-end=\"5941\">El art\u00edculo 24 CSEr es una norma jur\u00eddica:<\/strong> El hecho de que utilice conceptos jur\u00eddicos indeterminados como \u00abindemnizaci\u00f3n adecuada\u00bb no le resta su car\u00e1cter de norma jur\u00eddica directamente aplicable, ya que los tribunales tienen la funci\u00f3n de concretar estos conceptos en cada caso.<\/p>\n<p style=\"padding-left: 40px;\" data-start=\"6185\" data-end=\"6921\">b) <strong data-start=\"6188\" data-end=\"6232\">Obligaci\u00f3n del juez de aplicar la Carta:<\/strong> El juez tiene la obligaci\u00f3n de aplicar el art\u00edculo 24 y decidir si, en el caso concreto, la indemnizaci\u00f3n del art\u00edculo 56 del ET es \u00abadecuada\u00bb. Considera que no se puede aceptar que cualquier indemnizaci\u00f3n fijada por el legislador sea autom\u00e1ticamente adecuada, ya que eso vaciar\u00eda de contenido la norma internacional, indicando que <em data-start=\"6565\" data-end=\"6918\">\u201cLo que no nos parece posible es decir que cualquier posible importe tasado de la indemnizaci\u00f3n en caso de despido il\u00edcito (puesto que el despido improcedente es un despido il\u00edcito), por el hecho de ser el fijado por el legislador nacional, constituye una indemnizaci\u00f3n adecuada. As\u00ed se vaciar\u00eda de contenido el art\u00edculo 24 de la Carta Social Europea\u201d<\/em>.<\/p>\n<p style=\"padding-left: 40px;\" data-start=\"6925\" data-end=\"7235\">c) <strong data-start=\"6928\" data-end=\"6968\">V\u00eda para la indemnizaci\u00f3n adicional:<\/strong> Propone que, para aplicar el derecho a una indemnizaci\u00f3n adecuada, los tribunales pueden recurrir a los art\u00edculos 1101 y 1124 del C\u00f3digo Civil para condenar a una indemnizaci\u00f3n adicional que compense los da\u00f1os que superen los cubiertos por la indemnizaci\u00f3n tasada.<\/p>\n<h3 data-start=\"7242\" data-end=\"7257\">Conclusi\u00f3n<\/h3>\n<p data-start=\"7259\" data-end=\"7637\">En conclusi\u00f3n, la Sentencia del Pleno del Tribunal Supremo cierra la v\u00eda judicial para la obtenci\u00f3n de indemnizaciones superiores a la legalmente tasada, dejando la pelota en el tejado del poder legislativo, que ser\u00eda el \u00fanico habilitado para llevar a cabo una reforma que adec\u00fae la legislaci\u00f3n espa\u00f1ola a las posibles exigencias derivadas de la Carta Social Europea revisada.<\/p>\n<p data-start=\"7644\" data-end=\"7834\"><em data-start=\"7644\" data-end=\"7749\">El presente art\u00edculo es meramente divulgativo y no supone asesoramiento ni compromiso de actualizaci\u00f3n.<\/em><br data-start=\"7749\" data-end=\"7752\" \/>Para m\u00e1s informaci\u00f3n o asesoramiento, contacte con <strong data-start=\"7803\" data-end=\"7832\"><a class=\"decorated-link cursor-pointer\" rel=\"noopener\" data-start=\"7805\" data-end=\"7830\">info@fernandezadvocats.es<\/a><\/strong><\/p>\n","protected":false},"excerpt":{"rendered":"<p>DESCARGAR ART\u00cdCULO COMPLETO EN PDF. La Sentencia del Pleno del Tribunal Supremo 736\/2025, de 16 de julio (rec. 3993\/2024), ha establecido un criterio de gran trascendencia en materia de despido improcedente: los \u00f3rganos judiciales no tienen la facultad de incrementar la indemnizaci\u00f3n legalmente tasada. Esta decisi\u00f3n, que cuenta con dos votos particulares discrepantes, cierra, al [&hellip;]<\/p>\n","protected":false},"author":19,"featured_media":253548,"comment_status":"closed","ping_status":"closed","sticky":false,"template":"","format":"standard","meta":{"_et_pb_use_builder":"","_et_pb_old_content":"","_et_gb_content_width":"","footnotes":""},"categories":[28,39,132],"tags":[],"class_list":["post-253550","post","type-post","status-publish","format-standard","has-post-thumbnail","hentry","category-articulos-fa","category-derecho-laboral","category-jurisprudencia"],"yoast_head":"<!-- This site is optimized with the Yoast SEO plugin v27.1.1 - https:\/\/yoast.com\/product\/yoast-seo-wordpress\/ -->\n<title>Indemnizaci\u00f3n por despido improcedente: an\u00e1lisis de la STS 736\/2025<\/title>\n<meta name=\"description\" content=\"El TS limita la indemnizaci\u00f3n por despido improcedente en la STS 736\/2025. Abogados laboralistas en Berga expertos en derecho laboral y jurisprudencia reciente.\" \/>\n<meta name=\"robots\" content=\"index, follow, max-snippet:-1, max-image-preview:large, max-video-preview:-1\" \/>\n<link rel=\"canonical\" href=\"https:\/\/fernandezadvocats.es\/es\/indemnizacion-despido-improcedente-sts-736-2025\/\" \/>\n<meta property=\"og:locale\" content=\"es_ES\" \/>\n<meta property=\"og:type\" content=\"article\" \/>\n<meta property=\"og:title\" content=\"Indemnizaci\u00f3n por despido improcedente: an\u00e1lisis de la STS 736\/2025\" \/>\n<meta property=\"og:description\" content=\"El TS limita la indemnizaci\u00f3n por despido improcedente en la STS 736\/2025. Abogados laboralistas en Berga expertos en derecho laboral y jurisprudencia reciente.\" \/>\n<meta property=\"og:url\" content=\"https:\/\/fernandezadvocats.es\/es\/indemnizacion-despido-improcedente-sts-736-2025\/\" \/>\n<meta property=\"og:site_name\" content=\"Fern\u00e1ndez Advocats\" \/>\n<meta property=\"article:published_time\" content=\"2025-09-23T07:48:24+00:00\" \/>\n<meta property=\"article:modified_time\" content=\"2026-01-21T16:43:14+00:00\" \/>\n<meta property=\"og:image\" content=\"https:\/\/fernandezadvocats.es\/wp-content\/uploads\/2025\/09\/employee-packing-belongings-into-a-box-during-a-jo-2025-03-25-04-29-42-utc-1.jpg\" \/>\n\t<meta property=\"og:image:width\" content=\"1305\" \/>\n\t<meta property=\"og:image:height\" content=\"869\" \/>\n\t<meta property=\"og:image:type\" content=\"image\/jpeg\" \/>\n<meta name=\"author\" content=\"mrclickbarcelona@gmail.com\" \/>\n<meta name=\"twitter:card\" content=\"summary_large_image\" \/>\n<meta name=\"twitter:label1\" content=\"Escrito por\" \/>\n\t<meta name=\"twitter:data1\" content=\"mrclickbarcelona@gmail.com\" \/>\n\t<meta name=\"twitter:label2\" content=\"Tiempo de lectura\" \/>\n\t<meta name=\"twitter:data2\" content=\"7 minutos\" \/>\n<script type=\"application\/ld+json\" class=\"yoast-schema-graph\">{\"@context\":\"https:\/\/schema.org\",\"@graph\":[{\"@type\":\"Article\",\"@id\":\"https:\/\/fernandezadvocats.es\/es\/indemnizacion-despido-improcedente-sts-736-2025\/#article\",\"isPartOf\":{\"@id\":\"https:\/\/fernandezadvocats.es\/es\/indemnizacion-despido-improcedente-sts-736-2025\/\"},\"author\":{\"name\":\"mrclickbarcelona@gmail.com\",\"@id\":\"https:\/\/fernandezadvocats.es\/#\/schema\/person\/8ee482a071b4b039d55e3b5981b20a98\"},\"headline\":\"An\u00e1lisis de la STS, Sala Cuarta, n\u00ba 736\/2025 de 16 de julio: La indemnizaci\u00f3n por despido improcedente y sus l\u00edmites\",\"datePublished\":\"2025-09-23T07:48:24+00:00\",\"dateModified\":\"2026-01-21T16:43:14+00:00\",\"mainEntityOfPage\":{\"@id\":\"https:\/\/fernandezadvocats.es\/es\/indemnizacion-despido-improcedente-sts-736-2025\/\"},\"wordCount\":1228,\"publisher\":{\"@id\":\"https:\/\/fernandezadvocats.es\/#organization\"},\"image\":{\"@id\":\"https:\/\/fernandezadvocats.es\/es\/indemnizacion-despido-improcedente-sts-736-2025\/#primaryimage\"},\"thumbnailUrl\":\"https:\/\/fernandezadvocats.es\/wp-content\/uploads\/2025\/09\/employee-packing-belongings-into-a-box-during-a-jo-2025-03-25-04-29-42-utc-1.jpg\",\"articleSection\":[\"Art\u00edculos FA\",\"Derecho Laboral\",\"Jurisprudencia\"],\"inLanguage\":\"es\"},{\"@type\":\"WebPage\",\"@id\":\"https:\/\/fernandezadvocats.es\/es\/indemnizacion-despido-improcedente-sts-736-2025\/\",\"url\":\"https:\/\/fernandezadvocats.es\/es\/indemnizacion-despido-improcedente-sts-736-2025\/\",\"name\":\"Indemnizaci\u00f3n por despido improcedente: an\u00e1lisis de la STS 736\/2025\",\"isPartOf\":{\"@id\":\"https:\/\/fernandezadvocats.es\/#website\"},\"primaryImageOfPage\":{\"@id\":\"https:\/\/fernandezadvocats.es\/es\/indemnizacion-despido-improcedente-sts-736-2025\/#primaryimage\"},\"image\":{\"@id\":\"https:\/\/fernandezadvocats.es\/es\/indemnizacion-despido-improcedente-sts-736-2025\/#primaryimage\"},\"thumbnailUrl\":\"https:\/\/fernandezadvocats.es\/wp-content\/uploads\/2025\/09\/employee-packing-belongings-into-a-box-during-a-jo-2025-03-25-04-29-42-utc-1.jpg\",\"datePublished\":\"2025-09-23T07:48:24+00:00\",\"dateModified\":\"2026-01-21T16:43:14+00:00\",\"description\":\"El TS limita la indemnizaci\u00f3n por despido improcedente en la STS 736\/2025. Abogados laboralistas en Berga expertos en derecho laboral y jurisprudencia reciente.\",\"breadcrumb\":{\"@id\":\"https:\/\/fernandezadvocats.es\/es\/indemnizacion-despido-improcedente-sts-736-2025\/#breadcrumb\"},\"inLanguage\":\"es\",\"potentialAction\":[{\"@type\":\"ReadAction\",\"target\":[\"https:\/\/fernandezadvocats.es\/es\/indemnizacion-despido-improcedente-sts-736-2025\/\"]}]},{\"@type\":\"ImageObject\",\"inLanguage\":\"es\",\"@id\":\"https:\/\/fernandezadvocats.es\/es\/indemnizacion-despido-improcedente-sts-736-2025\/#primaryimage\",\"url\":\"https:\/\/fernandezadvocats.es\/wp-content\/uploads\/2025\/09\/employee-packing-belongings-into-a-box-during-a-jo-2025-03-25-04-29-42-utc-1.jpg\",\"contentUrl\":\"https:\/\/fernandezadvocats.es\/wp-content\/uploads\/2025\/09\/employee-packing-belongings-into-a-box-during-a-jo-2025-03-25-04-29-42-utc-1.jpg\",\"width\":1305,\"height\":869,\"caption\":\"STS despido improcedente\"},{\"@type\":\"BreadcrumbList\",\"@id\":\"https:\/\/fernandezadvocats.es\/es\/indemnizacion-despido-improcedente-sts-736-2025\/#breadcrumb\",\"itemListElement\":[{\"@type\":\"ListItem\",\"position\":1,\"name\":\"Portada\",\"item\":\"https:\/\/fernandezadvocats.es\/es\/fernandez-advocats-berga\/\"},{\"@type\":\"ListItem\",\"position\":2,\"name\":\"An\u00e1lisis de la STS, Sala Cuarta, n\u00ba 736\/2025 de 16 de julio: La indemnizaci\u00f3n por despido improcedente y sus l\u00edmites\"}]},{\"@type\":\"WebSite\",\"@id\":\"https:\/\/fernandezadvocats.es\/#website\",\"url\":\"https:\/\/fernandezadvocats.es\/\",\"name\":\"Fern\u00e1ndez Advocats\",\"description\":\"Advocats Berga i Barcelona\",\"publisher\":{\"@id\":\"https:\/\/fernandezadvocats.es\/#organization\"},\"alternateName\":\"Abogados Berga y Bracelona\",\"potentialAction\":[{\"@type\":\"SearchAction\",\"target\":{\"@type\":\"EntryPoint\",\"urlTemplate\":\"https:\/\/fernandezadvocats.es\/?s={search_term_string}\"},\"query-input\":{\"@type\":\"PropertyValueSpecification\",\"valueRequired\":true,\"valueName\":\"search_term_string\"}}],\"inLanguage\":\"es\"},{\"@type\":\"Organization\",\"@id\":\"https:\/\/fernandezadvocats.es\/#organization\",\"name\":\"Fern\u00e1ndez Advocats\",\"url\":\"https:\/\/fernandezadvocats.es\/\",\"logo\":{\"@type\":\"ImageObject\",\"inLanguage\":\"es\",\"@id\":\"https:\/\/fernandezadvocats.es\/#\/schema\/logo\/image\/\",\"url\":\"https:\/\/fernandezadvocats.es\/wp-content\/uploads\/2024\/11\/cropped-BF-e1731427554424.png\",\"contentUrl\":\"https:\/\/fernandezadvocats.es\/wp-content\/uploads\/2024\/11\/cropped-BF-e1731427554424.png\",\"width\":512,\"height\":512,\"caption\":\"Fern\u00e1ndez Advocats\"},\"image\":{\"@id\":\"https:\/\/fernandezadvocats.es\/#\/schema\/logo\/image\/\"}},{\"@type\":\"Person\",\"@id\":\"https:\/\/fernandezadvocats.es\/#\/schema\/person\/8ee482a071b4b039d55e3b5981b20a98\",\"name\":\"mrclickbarcelona@gmail.com\",\"image\":{\"@type\":\"ImageObject\",\"inLanguage\":\"es\",\"@id\":\"https:\/\/fernandezadvocats.es\/#\/schema\/person\/image\/\",\"url\":\"https:\/\/secure.gravatar.com\/avatar\/e16cc9a830d1a221b9e83b040154617903c650598282d145b5b76cdcb02f009e?s=96&d=mm&r=g\",\"contentUrl\":\"https:\/\/secure.gravatar.com\/avatar\/e16cc9a830d1a221b9e83b040154617903c650598282d145b5b76cdcb02f009e?s=96&d=mm&r=g\",\"caption\":\"mrclickbarcelona@gmail.com\"},\"url\":\"https:\/\/fernandezadvocats.es\/es\/author\/mrclickbarcelonagmail-com\/\"}]}<\/script>\n<!-- \/ Yoast SEO plugin. -->","yoast_head_json":{"title":"Indemnizaci\u00f3n por despido improcedente: an\u00e1lisis de la STS 736\/2025","description":"El TS limita la indemnizaci\u00f3n por despido improcedente en la STS 736\/2025. Abogados laboralistas en Berga expertos en derecho laboral y jurisprudencia reciente.","robots":{"index":"index","follow":"follow","max-snippet":"max-snippet:-1","max-image-preview":"max-image-preview:large","max-video-preview":"max-video-preview:-1"},"canonical":"https:\/\/fernandezadvocats.es\/es\/indemnizacion-despido-improcedente-sts-736-2025\/","og_locale":"es_ES","og_type":"article","og_title":"Indemnizaci\u00f3n por despido improcedente: an\u00e1lisis de la STS 736\/2025","og_description":"El TS limita la indemnizaci\u00f3n por despido improcedente en la STS 736\/2025. Abogados laboralistas en Berga expertos en derecho laboral y jurisprudencia reciente.","og_url":"https:\/\/fernandezadvocats.es\/es\/indemnizacion-despido-improcedente-sts-736-2025\/","og_site_name":"Fern\u00e1ndez Advocats","article_published_time":"2025-09-23T07:48:24+00:00","article_modified_time":"2026-01-21T16:43:14+00:00","og_image":[{"width":1305,"height":869,"url":"https:\/\/fernandezadvocats.es\/wp-content\/uploads\/2025\/09\/employee-packing-belongings-into-a-box-during-a-jo-2025-03-25-04-29-42-utc-1.jpg","type":"image\/jpeg"}],"author":"mrclickbarcelona@gmail.com","twitter_card":"summary_large_image","twitter_misc":{"Escrito por":"mrclickbarcelona@gmail.com","Tiempo de lectura":"7 minutos"},"schema":{"@context":"https:\/\/schema.org","@graph":[{"@type":"Article","@id":"https:\/\/fernandezadvocats.es\/es\/indemnizacion-despido-improcedente-sts-736-2025\/#article","isPartOf":{"@id":"https:\/\/fernandezadvocats.es\/es\/indemnizacion-despido-improcedente-sts-736-2025\/"},"author":{"name":"mrclickbarcelona@gmail.com","@id":"https:\/\/fernandezadvocats.es\/#\/schema\/person\/8ee482a071b4b039d55e3b5981b20a98"},"headline":"An\u00e1lisis de la STS, Sala Cuarta, n\u00ba 736\/2025 de 16 de julio: La indemnizaci\u00f3n por despido improcedente y sus l\u00edmites","datePublished":"2025-09-23T07:48:24+00:00","dateModified":"2026-01-21T16:43:14+00:00","mainEntityOfPage":{"@id":"https:\/\/fernandezadvocats.es\/es\/indemnizacion-despido-improcedente-sts-736-2025\/"},"wordCount":1228,"publisher":{"@id":"https:\/\/fernandezadvocats.es\/#organization"},"image":{"@id":"https:\/\/fernandezadvocats.es\/es\/indemnizacion-despido-improcedente-sts-736-2025\/#primaryimage"},"thumbnailUrl":"https:\/\/fernandezadvocats.es\/wp-content\/uploads\/2025\/09\/employee-packing-belongings-into-a-box-during-a-jo-2025-03-25-04-29-42-utc-1.jpg","articleSection":["Art\u00edculos FA","Derecho Laboral","Jurisprudencia"],"inLanguage":"es"},{"@type":"WebPage","@id":"https:\/\/fernandezadvocats.es\/es\/indemnizacion-despido-improcedente-sts-736-2025\/","url":"https:\/\/fernandezadvocats.es\/es\/indemnizacion-despido-improcedente-sts-736-2025\/","name":"Indemnizaci\u00f3n por despido improcedente: an\u00e1lisis de la STS 736\/2025","isPartOf":{"@id":"https:\/\/fernandezadvocats.es\/#website"},"primaryImageOfPage":{"@id":"https:\/\/fernandezadvocats.es\/es\/indemnizacion-despido-improcedente-sts-736-2025\/#primaryimage"},"image":{"@id":"https:\/\/fernandezadvocats.es\/es\/indemnizacion-despido-improcedente-sts-736-2025\/#primaryimage"},"thumbnailUrl":"https:\/\/fernandezadvocats.es\/wp-content\/uploads\/2025\/09\/employee-packing-belongings-into-a-box-during-a-jo-2025-03-25-04-29-42-utc-1.jpg","datePublished":"2025-09-23T07:48:24+00:00","dateModified":"2026-01-21T16:43:14+00:00","description":"El TS limita la indemnizaci\u00f3n por despido improcedente en la STS 736\/2025. Abogados laboralistas en Berga expertos en derecho laboral y jurisprudencia reciente.","breadcrumb":{"@id":"https:\/\/fernandezadvocats.es\/es\/indemnizacion-despido-improcedente-sts-736-2025\/#breadcrumb"},"inLanguage":"es","potentialAction":[{"@type":"ReadAction","target":["https:\/\/fernandezadvocats.es\/es\/indemnizacion-despido-improcedente-sts-736-2025\/"]}]},{"@type":"ImageObject","inLanguage":"es","@id":"https:\/\/fernandezadvocats.es\/es\/indemnizacion-despido-improcedente-sts-736-2025\/#primaryimage","url":"https:\/\/fernandezadvocats.es\/wp-content\/uploads\/2025\/09\/employee-packing-belongings-into-a-box-during-a-jo-2025-03-25-04-29-42-utc-1.jpg","contentUrl":"https:\/\/fernandezadvocats.es\/wp-content\/uploads\/2025\/09\/employee-packing-belongings-into-a-box-during-a-jo-2025-03-25-04-29-42-utc-1.jpg","width":1305,"height":869,"caption":"STS despido improcedente"},{"@type":"BreadcrumbList","@id":"https:\/\/fernandezadvocats.es\/es\/indemnizacion-despido-improcedente-sts-736-2025\/#breadcrumb","itemListElement":[{"@type":"ListItem","position":1,"name":"Portada","item":"https:\/\/fernandezadvocats.es\/es\/fernandez-advocats-berga\/"},{"@type":"ListItem","position":2,"name":"An\u00e1lisis de la STS, Sala Cuarta, n\u00ba 736\/2025 de 16 de julio: La indemnizaci\u00f3n por despido improcedente y sus l\u00edmites"}]},{"@type":"WebSite","@id":"https:\/\/fernandezadvocats.es\/#website","url":"https:\/\/fernandezadvocats.es\/","name":"Fern\u00e1ndez Advocats","description":"Advocats Berga i Barcelona","publisher":{"@id":"https:\/\/fernandezadvocats.es\/#organization"},"alternateName":"Abogados Berga y Bracelona","potentialAction":[{"@type":"SearchAction","target":{"@type":"EntryPoint","urlTemplate":"https:\/\/fernandezadvocats.es\/?s={search_term_string}"},"query-input":{"@type":"PropertyValueSpecification","valueRequired":true,"valueName":"search_term_string"}}],"inLanguage":"es"},{"@type":"Organization","@id":"https:\/\/fernandezadvocats.es\/#organization","name":"Fern\u00e1ndez Advocats","url":"https:\/\/fernandezadvocats.es\/","logo":{"@type":"ImageObject","inLanguage":"es","@id":"https:\/\/fernandezadvocats.es\/#\/schema\/logo\/image\/","url":"https:\/\/fernandezadvocats.es\/wp-content\/uploads\/2024\/11\/cropped-BF-e1731427554424.png","contentUrl":"https:\/\/fernandezadvocats.es\/wp-content\/uploads\/2024\/11\/cropped-BF-e1731427554424.png","width":512,"height":512,"caption":"Fern\u00e1ndez Advocats"},"image":{"@id":"https:\/\/fernandezadvocats.es\/#\/schema\/logo\/image\/"}},{"@type":"Person","@id":"https:\/\/fernandezadvocats.es\/#\/schema\/person\/8ee482a071b4b039d55e3b5981b20a98","name":"mrclickbarcelona@gmail.com","image":{"@type":"ImageObject","inLanguage":"es","@id":"https:\/\/fernandezadvocats.es\/#\/schema\/person\/image\/","url":"https:\/\/secure.gravatar.com\/avatar\/e16cc9a830d1a221b9e83b040154617903c650598282d145b5b76cdcb02f009e?s=96&d=mm&r=g","contentUrl":"https:\/\/secure.gravatar.com\/avatar\/e16cc9a830d1a221b9e83b040154617903c650598282d145b5b76cdcb02f009e?s=96&d=mm&r=g","caption":"mrclickbarcelona@gmail.com"},"url":"https:\/\/fernandezadvocats.es\/es\/author\/mrclickbarcelonagmail-com\/"}]}},"_links":{"self":[{"href":"https:\/\/fernandezadvocats.es\/es\/wp-json\/wp\/v2\/posts\/253550","targetHints":{"allow":["GET"]}}],"collection":[{"href":"https:\/\/fernandezadvocats.es\/es\/wp-json\/wp\/v2\/posts"}],"about":[{"href":"https:\/\/fernandezadvocats.es\/es\/wp-json\/wp\/v2\/types\/post"}],"author":[{"embeddable":true,"href":"https:\/\/fernandezadvocats.es\/es\/wp-json\/wp\/v2\/users\/19"}],"replies":[{"embeddable":true,"href":"https:\/\/fernandezadvocats.es\/es\/wp-json\/wp\/v2\/comments?post=253550"}],"version-history":[{"count":5,"href":"https:\/\/fernandezadvocats.es\/es\/wp-json\/wp\/v2\/posts\/253550\/revisions"}],"predecessor-version":[{"id":254234,"href":"https:\/\/fernandezadvocats.es\/es\/wp-json\/wp\/v2\/posts\/253550\/revisions\/254234"}],"wp:featuredmedia":[{"embeddable":true,"href":"https:\/\/fernandezadvocats.es\/es\/wp-json\/wp\/v2\/media\/253548"}],"wp:attachment":[{"href":"https:\/\/fernandezadvocats.es\/es\/wp-json\/wp\/v2\/media?parent=253550"}],"wp:term":[{"taxonomy":"category","embeddable":true,"href":"https:\/\/fernandezadvocats.es\/es\/wp-json\/wp\/v2\/categories?post=253550"},{"taxonomy":"post_tag","embeddable":true,"href":"https:\/\/fernandezadvocats.es\/es\/wp-json\/wp\/v2\/tags?post=253550"}],"curies":[{"name":"wp","href":"https:\/\/api.w.org\/{rel}","templated":true}]}}