{"id":253574,"date":"2025-09-29T11:50:24","date_gmt":"2025-09-29T09:50:24","guid":{"rendered":"https:\/\/fernandezadvocats.es\/?p=253574"},"modified":"2026-01-21T17:42:18","modified_gmt":"2026-01-21T16:42:18","slug":"modificacion-medidas-derecho-familia-cataluna","status":"publish","type":"post","link":"https:\/\/fernandezadvocats.es\/es\/modificacion-medidas-derecho-familia-cataluna\/","title":{"rendered":"La modificaci\u00f3n de medidas en el derecho de familia catal\u00e1n: un an\u00e1lisis pr\u00e1ctico"},"content":{"rendered":"<p><strong><a href=\"https:\/\/fernandezadvocats.es\/wp-content\/uploads\/2025\/09\/Modificacio-de-mesures-el-el-Dret-de-Familia-catala.pdf\">DESCARGAR ART\u00cdCULO COMPLETO EN PDF. <\/a><\/strong><\/p>\n<h2><b>I. Introducci\u00f3n<\/b><\/h2>\n<p><span style=\"font-weight: 400;\">Las sentencias dictadas en los procedimientos de nulidad, separaci\u00f3n o divorcio establecen un conjunto de medidas, tanto personales como patrimoniales, que buscan regular las consecuencias de la ruptura y ordenar la nueva realidad familiar. No obstante, estas resoluciones no son inmutables, ya que su eficacia y justicia est\u00e1n intr\u00ednsecamente ligadas a la realidad f\u00e1ctica que las motiv\u00f3. La vida es din\u00e1mica y las circunstancias personales, econ\u00f3micas y familiares que sirvieron de base para su adopci\u00f3n pueden cambiar de forma dr\u00e1stica con el tiempo. Es aqu\u00ed donde entra en juego la figura de la modificaci\u00f3n de medidas, un mecanismo jur\u00eddico esencial que permite adaptar el marco regulador a las nuevas necesidades de los miembros de la familia, siempre con el principio del inter\u00e9s superior del menor como principio rector.<\/span><\/p>\n<p><span style=\"font-weight: 400;\">El art\u00edculo 233-7 del C\u00f3digo Civil de Catalu\u00f1a (CCCat.) prev\u00e9 esta posibilidad, al establecer que las medidas pueden modificarse \u201csi var\u00edan sustancialmente las circunstancias concurrentes en el momento de dictarlas\u201d. Este precepto acoge la cl\u00e1usula impl\u00edcita <\/span><i><span style=\"font-weight: 400;\">rebus sic stantibus<\/span><\/i><span style=\"font-weight: 400;\">, reconociendo que la validez y adecuaci\u00f3n de las medidas dependen de la persistencia del escenario f\u00e1ctico que las origin\u00f3. La finalidad de este procedimiento no es, por tanto, una segunda instancia para revisar o corregir la sentencia original, ni para reabrir un debate ya cerrado por la autoridad judicial. Se trata, en cambio, de una herramienta procesal indispensable para ajustar una resoluci\u00f3n a una nueva realidad sobrevenida que la ha vuelto inadecuada, desproporcionada o injusta, garantizando que las decisiones judiciales sigan cumpliendo su prop\u00f3sito a lo largo del tiempo.<\/span><\/p>\n<h2><b>II. \u00c1mbito de la modificaci\u00f3n: \u00bfQu\u00e9 medidas son susceptibles de cambio?<\/b><\/h2>\n<p><span style=\"font-weight: 400;\">No todas las decisiones contenidas en una sentencia de divorcio son modificables por esta v\u00eda. La propia declaraci\u00f3n de divorcio, nulidad o separaci\u00f3n es inalterable una vez deviene firme. Del mismo modo, aquellas determinaciones de car\u00e1cter patrimonial que ya han sido liquidadas y ejecutadas, como la divisi\u00f3n de bienes comunes, no pueden ser revisadas a trav\u00e9s de este procedimiento, ya que constituyen actos jur\u00eddicos consumados.<\/span><\/p>\n<p><span style=\"font-weight: 400;\">La modificaci\u00f3n se centra en aquellas medidas que tienen una proyecci\u00f3n de futuro y est\u00e1n intr\u00ednsecamente ligadas a las circunstancias personales y econ\u00f3micas de las partes. Conforme a lo que se establece en un convenio regulador o se decide judicialmente, seg\u00fan el art\u00edculo 233-2 del CCCat., las medidas m\u00e1s com\u00fanmente sujetas a modificaci\u00f3n son:<\/span><\/p>\n<ul>\n<li style=\"font-weight: 400;\" aria-level=\"1\"><b>El plan de parentalidad:<\/b><span style=\"font-weight: 400;\"> Este es el n\u00facleo de las medidas relativas a los hijos. Una modificaci\u00f3n puede afectar al r\u00e9gimen de guarda y custodia (por ejemplo, pasar de una guarda individual a una compartida o viceversa), al r\u00e9gimen de relaciones personales (visitas y comunicaciones) del progenitor no custodio, o a decisiones sobre la educaci\u00f3n o salud de los menores. Las causas pueden ser muy diversas: un cambio de residencia de uno de los progenitores que haga inviable el r\u00e9gimen actual, una alteraci\u00f3n significativa en sus horarios laborales, la propia voluntad del menor si tiene la madurez suficiente, o la aparici\u00f3n de circunstancias que hagan m\u00e1s id\u00f3neo un modelo de guarda diferente para el desarrollo del menor, entre muchas otras.<\/span><\/li>\n<li style=\"font-weight: 400;\" aria-level=\"1\"><b>La pensi\u00f3n de alimentos a favor de los hijos:<\/b><span style=\"font-weight: 400;\"> Su cuant\u00eda se fija en base a un binomio: las necesidades del hijo y la capacidad econ\u00f3mica de los progenitores. Cualquier alteraci\u00f3n sustancial en uno de estos dos pilares puede justificar una modificaci\u00f3n. Por ejemplo, una reducci\u00f3n de la pensi\u00f3n podr\u00eda solicitarse por una disminuci\u00f3n dr\u00e1stica y no voluntaria de los ingresos del progenitor obligado (despido, enfermedad incapacitante, etc.). Por el contrario, un aumento podr\u00eda justificarse por un incremento de las necesidades del menor (gastos educativos especiales, una enfermedad cr\u00f3nica, etc.) o por una mejora sustancial de la fortuna del alimentante.<\/span><\/li>\n<li style=\"font-weight: 400;\" aria-level=\"1\"><b>La prestaci\u00f3n compensatoria:<\/b><span style=\"font-weight: 400;\"> Esta medida busca reequilibrar la situaci\u00f3n econ\u00f3mica de un c\u00f3nyuge que ha resultado perjudicado por la ruptura. Su modificaci\u00f3n o extinci\u00f3n puede producirse si la situaci\u00f3n econ\u00f3mica del acreedor mejora sustancialmente (por ejemplo, si encuentra un trabajo estable y bien remunerado) o si la del deudor empeora de forma dr\u00e1stica. Una de las causas m\u00e1s comunes de extinci\u00f3n es la convivencia marital del c\u00f3nyuge acreedor con una nueva pareja, ya que se entiende que desaparece el desequilibrio que la origin\u00f3.<\/span><\/li>\n<li style=\"font-weight: 400;\" aria-level=\"1\"><b>La atribuci\u00f3n del uso de la vivienda familiar:<\/b><span style=\"font-weight: 400;\"> Generalmente vinculada a la guarda de los hijos menores o al inter\u00e9s del c\u00f3nyuge m\u00e1s necesitado, esta medida puede modificarse cuando cesa la causa que la motiv\u00f3. Por ejemplo, si los hijos alcanzan la independencia econ\u00f3mica, si el c\u00f3nyuge beneficiario se traslada a vivir a otro domicilio, o si introduce una nueva pareja a convivir de forma estable en la vivienda familiar, alterando su naturaleza.<\/span><\/li>\n<\/ul>\n<h2><b>III. La v\u00eda del consenso: Modificaci\u00f3n de mutuo acuerdo<\/b><\/h2>\n<p><span style=\"font-weight: 400;\">La v\u00eda m\u00e1s \u00e1gil, econ\u00f3mica y emocionalmente saludable para adaptar las medidas es, sin duda, el mutuo acuerdo. El propio art\u00edculo 233-7 del CCCat. lo prioriza al se\u00f1alar que las medidas \u201cpueden modificarse, en todo caso, de com\u00fan acuerdo entre los c\u00f3nyuges dentro de sus facultades de actuaci\u00f3n\u201d. Cuando existe consenso, los progenitores pueden formalizar un nuevo convenio regulador que sustituya o complemente al anterior, adapt\u00e1ndolo a las nuevas circunstancias.<\/span><\/p>\n<p><span style=\"font-weight: 400;\">No obstante, este acuerdo presenta una excepci\u00f3n fundamental cuando existen hijos menores de edad o con la capacidad modificada judicialmente. En estos casos, la autonom\u00eda de la voluntad de los progenitores est\u00e1 limitada por el inter\u00e9s superior de los menores. Por ello, el nuevo convenio debe ser sometido a aprobaci\u00f3n judicial para garantizar su validez y eficacia. El procedimiento a seguir es el estipulado en el art\u00edculo 775 de la Ley de Enjuiciamiento Civil (LEC), que remite al tr\u00e1mite de mutuo acuerdo. Los requisitos por esta v\u00eda son:<\/span><\/p>\n<ul>\n<li style=\"font-weight: 400;\" aria-level=\"1\"><b>Acuerdo libre y voluntario:<\/b><span style=\"font-weight: 400;\"> Debe existir un consenso real entre ambos progenitores, sin vicios en el consentimiento.<\/span><\/li>\n<li style=\"font-weight: 400;\" aria-level=\"1\"><b>Nuevo convenio regulador:<\/b><span style=\"font-weight: 400;\"> El acuerdo debe plasmarse por escrito en un documento que detalle de forma clara y precisa las nuevas medidas.<\/span><\/li>\n<li style=\"font-weight: 400;\" aria-level=\"1\"><b>Ratificaci\u00f3n judicial:<\/b><span style=\"font-weight: 400;\"> Ambos progenitores deber\u00e1n comparecer ante la autoridad judicial para confirmar personalmente su voluntad de modificar las medidas en los t\u00e9rminos pactados.<\/span><\/li>\n<li style=\"font-weight: 400;\" aria-level=\"1\"><b>Intervenci\u00f3n del Ministerio Fiscal:<\/b><span style=\"font-weight: 400;\"> Su participaci\u00f3n es preceptiva y fundamental. El fiscal emitir\u00e1 un informe evaluando si las nuevas medidas son conformes a la ley y, sobre todo, si no son perjudiciales para el inter\u00e9s de los menores, actuando como garante de sus derechos.<\/span><\/li>\n<li style=\"font-weight: 400;\" aria-level=\"1\"><b>Aprobaci\u00f3n judicial:<\/b><span style=\"font-weight: 400;\"> Finalmente, el Juez o Jueza, tras valorar el acuerdo y el informe favorable del fiscal, dictar\u00e1 una resoluci\u00f3n que apruebe, en su caso, el nuevo convenio, confiri\u00e9ndole plena eficacia jur\u00eddica y fuerza ejecutiva.<\/span><\/li>\n<\/ul>\n<h2><b>IV. La v\u00eda contenciosa: cuando el acuerdo no es posible<\/b><\/h2>\n<p><span style=\"font-weight: 400;\">En ausencia de consenso, cualquiera de los progenitores puede instar la modificaci\u00f3n de medidas de forma contenciosa, interponiendo la correspondiente demanda judicial contra el otro. Para que esta v\u00eda prospere, es indispensable cumplir con una serie de requisitos estrictos que han sido perfilados tanto por la ley como por una consolidada jurisprudencia.<\/span><\/p>\n<p><span style=\"font-weight: 400;\">El requisito fundamental es la existencia de una alteraci\u00f3n sustancial de las circunstancias que se tuvieron en cuenta a la hora de adoptar las medidas iniciales. La doctrina jurisprudencial catalana ha perfilado los contornos de este concepto, exigiendo la concurrencia de los siguientes elementos para que la modificaci\u00f3n prospere:<\/span><\/p>\n<ul>\n<li style=\"font-weight: 400;\" aria-level=\"1\"><b>Relevancia y fundamentalidad:<\/b><span style=\"font-weight: 400;\"> El cambio debe ser de tal magnitud que rompa el equilibrio econ\u00f3mico o personal que la sentencia original estableci\u00f3. No son suficientes simples variaciones accesorias o de escasa trascendencia; la alteraci\u00f3n debe ser significativa.<\/span><\/li>\n<li style=\"font-weight: 400;\" aria-level=\"1\"><b>Permanencia o durabilidad:<\/b><span style=\"font-weight: 400;\"> La nueva situaci\u00f3n no puede ser transitoria o puntual. Debe tener un car\u00e1cter de estabilidad y proyectarse en el tiempo, aunque no se exija que sea irreversible.<\/span><\/li>\n<li style=\"font-weight: 400;\" aria-level=\"1\"><b>Car\u00e1cter sobrevenido e imprevisible:<\/b><span style=\"font-weight: 400;\"> La alteraci\u00f3n debe haber ocurrido con posterioridad a la firmeza de la sentencia cuyas medidas se pretenden modificar. Adem\u00e1s, no debe haber sido considerada ni haber podido ser razonablemente prevista en el momento de dictarse aquella resoluci\u00f3n. Asimismo, la alteraci\u00f3n debe ser ajena a la voluntad de quien entabla la acci\u00f3n de modificaci\u00f3n, es decir, no puede haber sido provocada a prop\u00f3sito para obtener un beneficio.<\/span><\/li>\n<li style=\"font-weight: 400;\" aria-level=\"1\"><b>Acreditaci\u00f3n probatoria:<\/b><span style=\"font-weight: 400;\"> La carga de la prueba recae sobre quien solicita la modificaci\u00f3n. Es imprescindible aportar al procedimiento los medios probatorios necesarios que acrediten fehacientemente la existencia de dicha alteraci\u00f3n y el cumplimiento de todos los requisitos anteriores.<\/span><\/li>\n<\/ul>\n<p><span style=\"font-weight: 400;\">Es importante destacar que, como se\u00f1ala la jurisprudencia, en materias que afectan a los menores, el principio dispositivo de las partes se ve matizado por un marcado car\u00e1cter de orden p\u00fablico. El Juez dispone de amplias facultades para adoptar las decisiones que considere m\u00e1s beneficiosas para los hijos, incluso de oficio, priorizando siempre su bienestar.<\/span><\/p>\n<h2><b>V. Conclusi\u00f3n<\/b><\/h2>\n<p><span style=\"font-weight: 400;\">La modificaci\u00f3n de medidas es un instrumento jur\u00eddico indispensable para que las resoluciones judiciales en materia de familia sigan cumpliendo su funci\u00f3n de manera justa y eficaz a lo largo del tiempo. Permite que el derecho se adapte a la vida, y no al rev\u00e9s. Ya sea por la v\u00eda del di\u00e1logo y el consenso \u2013la v\u00eda preferente y m\u00e1s beneficiosa para la estabilidad familiar post-ruptura\u2013 o mediante la v\u00eda judicial contenciosa, el sistema legal provee las v\u00edas necesarias para que los acuerdos y decisiones se adapten a la realidad cambiante, asegurando siempre la protecci\u00f3n debida a los miembros m\u00e1s vulnerables de la familia y garantizando la adecuaci\u00f3n de las medidas a las circunstancias sobrevenidas.<\/span><\/p>\n<p>&nbsp;<\/p>\n<p><i><span style=\"font-weight: 400;\">El presente art\u00edculo es meramente divulgativo y no supone asesoramiento ni compromiso de actualizaci\u00f3n. Para m\u00e1s informaci\u00f3n o asesoramiento, contacte con info@fernandezadvocats.es<\/span><\/i><\/p>\n","protected":false},"excerpt":{"rendered":"<p>DESCARGAR ART\u00cdCULO COMPLETO EN PDF. I. Introducci\u00f3n Las sentencias dictadas en los procedimientos de nulidad, separaci\u00f3n o divorcio establecen un conjunto de medidas, tanto personales como patrimoniales, que buscan regular las consecuencias de la ruptura y ordenar la nueva realidad familiar. No obstante, estas resoluciones no son inmutables, ya que su eficacia y justicia est\u00e1n [&hellip;]<\/p>\n","protected":false},"author":2,"featured_media":253572,"comment_status":"closed","ping_status":"closed","sticky":false,"template":"","format":"standard","meta":{"_et_pb_use_builder":"","_et_pb_old_content":"","_et_gb_content_width":"","footnotes":""},"categories":[28,105,114],"tags":[],"class_list":["post-253574","post","type-post","status-publish","format-standard","has-post-thumbnail","hentry","category-articulos-fa","category-derecho-de-familia","category-procesos-judiciales-civiles"],"yoast_head":"<!-- This site is optimized with the Yoast SEO plugin v27.1.1 - https:\/\/yoast.com\/product\/yoast-seo-wordpress\/ -->\n<title>Modificaci\u00f3n de medidas en derecho de familia en Catalu\u00f1a<\/title>\n<meta name=\"description\" content=\"Modificaci\u00f3n de medidas en derecho de familia en Catalu\u00f1a. Custodia, pensi\u00f3n de alimentos y uso de vivienda. Abogados de familia en Berga expertos en divorcios.\" \/>\n<meta name=\"robots\" content=\"index, follow, max-snippet:-1, max-image-preview:large, max-video-preview:-1\" \/>\n<link rel=\"canonical\" href=\"https:\/\/fernandezadvocats.es\/es\/modificacion-medidas-derecho-familia-cataluna\/\" \/>\n<meta property=\"og:locale\" content=\"es_ES\" \/>\n<meta property=\"og:type\" content=\"article\" \/>\n<meta property=\"og:title\" content=\"Modificaci\u00f3n de medidas en derecho de familia en Catalu\u00f1a\" \/>\n<meta property=\"og:description\" content=\"Modificaci\u00f3n de medidas en derecho de familia en Catalu\u00f1a. Custodia, pensi\u00f3n de alimentos y uso de vivienda. Abogados de familia en Berga expertos en divorcios.\" \/>\n<meta property=\"og:url\" content=\"https:\/\/fernandezadvocats.es\/es\/modificacion-medidas-derecho-familia-cataluna\/\" \/>\n<meta property=\"og:site_name\" content=\"Fern\u00e1ndez Advocats\" \/>\n<meta property=\"article:published_time\" content=\"2025-09-29T09:50:24+00:00\" \/>\n<meta property=\"article:modified_time\" content=\"2026-01-21T16:42:18+00:00\" \/>\n<meta property=\"og:image\" content=\"https:\/\/fernandezadvocats.es\/wp-content\/uploads\/2025\/09\/active-senior-caucasian-couple-signing-an-agreemen-2025-04-04-11-10-57-utc-1.jpg\" \/>\n\t<meta property=\"og:image:width\" content=\"1254\" \/>\n\t<meta property=\"og:image:height\" content=\"835\" \/>\n\t<meta property=\"og:image:type\" content=\"image\/jpeg\" \/>\n<meta name=\"author\" content=\"Fern\u00e1ndez Advocats\" \/>\n<meta name=\"twitter:card\" content=\"summary_large_image\" \/>\n<meta name=\"twitter:label1\" content=\"Escrito por\" \/>\n\t<meta name=\"twitter:data1\" content=\"Fern\u00e1ndez Advocats\" \/>\n\t<meta name=\"twitter:label2\" content=\"Tiempo de lectura\" \/>\n\t<meta name=\"twitter:data2\" content=\"9 minutos\" \/>\n<script type=\"application\/ld+json\" class=\"yoast-schema-graph\">{\"@context\":\"https:\/\/schema.org\",\"@graph\":[{\"@type\":\"Article\",\"@id\":\"https:\/\/fernandezadvocats.es\/es\/modificacion-medidas-derecho-familia-cataluna\/#article\",\"isPartOf\":{\"@id\":\"https:\/\/fernandezadvocats.es\/es\/modificacion-medidas-derecho-familia-cataluna\/\"},\"author\":{\"name\":\"Fern\u00e1ndez Advocats\",\"@id\":\"https:\/\/fernandezadvocats.es\/#\/schema\/person\/b07c77bdf07c1e11b12a56cae182b521\"},\"headline\":\"La modificaci\u00f3n de medidas en el derecho de familia catal\u00e1n: un an\u00e1lisis pr\u00e1ctico\",\"datePublished\":\"2025-09-29T09:50:24+00:00\",\"dateModified\":\"2026-01-21T16:42:18+00:00\",\"mainEntityOfPage\":{\"@id\":\"https:\/\/fernandezadvocats.es\/es\/modificacion-medidas-derecho-familia-cataluna\/\"},\"wordCount\":1727,\"publisher\":{\"@id\":\"https:\/\/fernandezadvocats.es\/#organization\"},\"image\":{\"@id\":\"https:\/\/fernandezadvocats.es\/es\/modificacion-medidas-derecho-familia-cataluna\/#primaryimage\"},\"thumbnailUrl\":\"https:\/\/fernandezadvocats.es\/wp-content\/uploads\/2025\/09\/active-senior-caucasian-couple-signing-an-agreemen-2025-04-04-11-10-57-utc-1.jpg\",\"articleSection\":[\"Art\u00edculos FA\",\"Derecho de Familia\",\"Procesos Judiciales Civiles\"],\"inLanguage\":\"es\"},{\"@type\":\"WebPage\",\"@id\":\"https:\/\/fernandezadvocats.es\/es\/modificacion-medidas-derecho-familia-cataluna\/\",\"url\":\"https:\/\/fernandezadvocats.es\/es\/modificacion-medidas-derecho-familia-cataluna\/\",\"name\":\"Modificaci\u00f3n de medidas en derecho de familia en Catalu\u00f1a\",\"isPartOf\":{\"@id\":\"https:\/\/fernandezadvocats.es\/#website\"},\"primaryImageOfPage\":{\"@id\":\"https:\/\/fernandezadvocats.es\/es\/modificacion-medidas-derecho-familia-cataluna\/#primaryimage\"},\"image\":{\"@id\":\"https:\/\/fernandezadvocats.es\/es\/modificacion-medidas-derecho-familia-cataluna\/#primaryimage\"},\"thumbnailUrl\":\"https:\/\/fernandezadvocats.es\/wp-content\/uploads\/2025\/09\/active-senior-caucasian-couple-signing-an-agreemen-2025-04-04-11-10-57-utc-1.jpg\",\"datePublished\":\"2025-09-29T09:50:24+00:00\",\"dateModified\":\"2026-01-21T16:42:18+00:00\",\"description\":\"Modificaci\u00f3n de medidas en derecho de familia en Catalu\u00f1a. Custodia, pensi\u00f3n de alimentos y uso de vivienda. Abogados de familia en Berga expertos en divorcios.\",\"breadcrumb\":{\"@id\":\"https:\/\/fernandezadvocats.es\/es\/modificacion-medidas-derecho-familia-cataluna\/#breadcrumb\"},\"inLanguage\":\"es\",\"potentialAction\":[{\"@type\":\"ReadAction\",\"target\":[\"https:\/\/fernandezadvocats.es\/es\/modificacion-medidas-derecho-familia-cataluna\/\"]}]},{\"@type\":\"ImageObject\",\"inLanguage\":\"es\",\"@id\":\"https:\/\/fernandezadvocats.es\/es\/modificacion-medidas-derecho-familia-cataluna\/#primaryimage\",\"url\":\"https:\/\/fernandezadvocats.es\/wp-content\/uploads\/2025\/09\/active-senior-caucasian-couple-signing-an-agreemen-2025-04-04-11-10-57-utc-1.jpg\",\"contentUrl\":\"https:\/\/fernandezadvocats.es\/wp-content\/uploads\/2025\/09\/active-senior-caucasian-couple-signing-an-agreemen-2025-04-04-11-10-57-utc-1.jpg\",\"width\":1254,\"height\":835,\"caption\":\"mediaci\u00f3n familiar abogado\"},{\"@type\":\"BreadcrumbList\",\"@id\":\"https:\/\/fernandezadvocats.es\/es\/modificacion-medidas-derecho-familia-cataluna\/#breadcrumb\",\"itemListElement\":[{\"@type\":\"ListItem\",\"position\":1,\"name\":\"Portada\",\"item\":\"https:\/\/fernandezadvocats.es\/es\/fernandez-advocats-berga\/\"},{\"@type\":\"ListItem\",\"position\":2,\"name\":\"La modificaci\u00f3n de medidas en el derecho de familia catal\u00e1n: un an\u00e1lisis pr\u00e1ctico\"}]},{\"@type\":\"WebSite\",\"@id\":\"https:\/\/fernandezadvocats.es\/#website\",\"url\":\"https:\/\/fernandezadvocats.es\/\",\"name\":\"Fern\u00e1ndez Advocats\",\"description\":\"Advocats Berga i Barcelona\",\"publisher\":{\"@id\":\"https:\/\/fernandezadvocats.es\/#organization\"},\"alternateName\":\"Abogados Berga y Bracelona\",\"potentialAction\":[{\"@type\":\"SearchAction\",\"target\":{\"@type\":\"EntryPoint\",\"urlTemplate\":\"https:\/\/fernandezadvocats.es\/?s={search_term_string}\"},\"query-input\":{\"@type\":\"PropertyValueSpecification\",\"valueRequired\":true,\"valueName\":\"search_term_string\"}}],\"inLanguage\":\"es\"},{\"@type\":\"Organization\",\"@id\":\"https:\/\/fernandezadvocats.es\/#organization\",\"name\":\"Fern\u00e1ndez Advocats\",\"url\":\"https:\/\/fernandezadvocats.es\/\",\"logo\":{\"@type\":\"ImageObject\",\"inLanguage\":\"es\",\"@id\":\"https:\/\/fernandezadvocats.es\/#\/schema\/logo\/image\/\",\"url\":\"https:\/\/fernandezadvocats.es\/wp-content\/uploads\/2024\/11\/cropped-BF-e1731427554424.png\",\"contentUrl\":\"https:\/\/fernandezadvocats.es\/wp-content\/uploads\/2024\/11\/cropped-BF-e1731427554424.png\",\"width\":512,\"height\":512,\"caption\":\"Fern\u00e1ndez Advocats\"},\"image\":{\"@id\":\"https:\/\/fernandezadvocats.es\/#\/schema\/logo\/image\/\"}},{\"@type\":\"Person\",\"@id\":\"https:\/\/fernandezadvocats.es\/#\/schema\/person\/b07c77bdf07c1e11b12a56cae182b521\",\"name\":\"Fern\u00e1ndez Advocats\",\"image\":{\"@type\":\"ImageObject\",\"inLanguage\":\"es\",\"@id\":\"https:\/\/fernandezadvocats.es\/#\/schema\/person\/image\/\",\"url\":\"https:\/\/secure.gravatar.com\/avatar\/4fc29f47dccf5511fdf4ab55d2e22d915d944656636c10c38a1baf7a85eccbd2?s=96&d=mm&r=g\",\"contentUrl\":\"https:\/\/secure.gravatar.com\/avatar\/4fc29f47dccf5511fdf4ab55d2e22d915d944656636c10c38a1baf7a85eccbd2?s=96&d=mm&r=g\",\"caption\":\"Fern\u00e1ndez Advocats\"},\"sameAs\":[\"https:\/\/abogados.evotic.es\/\"],\"url\":\"https:\/\/fernandezadvocats.es\/es\/author\/javier\/\"}]}<\/script>\n<!-- \/ Yoast SEO plugin. -->","yoast_head_json":{"title":"Modificaci\u00f3n de medidas en derecho de familia en Catalu\u00f1a","description":"Modificaci\u00f3n de medidas en derecho de familia en Catalu\u00f1a. Custodia, pensi\u00f3n de alimentos y uso de vivienda. Abogados de familia en Berga expertos en divorcios.","robots":{"index":"index","follow":"follow","max-snippet":"max-snippet:-1","max-image-preview":"max-image-preview:large","max-video-preview":"max-video-preview:-1"},"canonical":"https:\/\/fernandezadvocats.es\/es\/modificacion-medidas-derecho-familia-cataluna\/","og_locale":"es_ES","og_type":"article","og_title":"Modificaci\u00f3n de medidas en derecho de familia en Catalu\u00f1a","og_description":"Modificaci\u00f3n de medidas en derecho de familia en Catalu\u00f1a. Custodia, pensi\u00f3n de alimentos y uso de vivienda. Abogados de familia en Berga expertos en divorcios.","og_url":"https:\/\/fernandezadvocats.es\/es\/modificacion-medidas-derecho-familia-cataluna\/","og_site_name":"Fern\u00e1ndez Advocats","article_published_time":"2025-09-29T09:50:24+00:00","article_modified_time":"2026-01-21T16:42:18+00:00","og_image":[{"width":1254,"height":835,"url":"https:\/\/fernandezadvocats.es\/wp-content\/uploads\/2025\/09\/active-senior-caucasian-couple-signing-an-agreemen-2025-04-04-11-10-57-utc-1.jpg","type":"image\/jpeg"}],"author":"Fern\u00e1ndez Advocats","twitter_card":"summary_large_image","twitter_misc":{"Escrito por":"Fern\u00e1ndez Advocats","Tiempo de lectura":"9 minutos"},"schema":{"@context":"https:\/\/schema.org","@graph":[{"@type":"Article","@id":"https:\/\/fernandezadvocats.es\/es\/modificacion-medidas-derecho-familia-cataluna\/#article","isPartOf":{"@id":"https:\/\/fernandezadvocats.es\/es\/modificacion-medidas-derecho-familia-cataluna\/"},"author":{"name":"Fern\u00e1ndez Advocats","@id":"https:\/\/fernandezadvocats.es\/#\/schema\/person\/b07c77bdf07c1e11b12a56cae182b521"},"headline":"La modificaci\u00f3n de medidas en el derecho de familia catal\u00e1n: un an\u00e1lisis pr\u00e1ctico","datePublished":"2025-09-29T09:50:24+00:00","dateModified":"2026-01-21T16:42:18+00:00","mainEntityOfPage":{"@id":"https:\/\/fernandezadvocats.es\/es\/modificacion-medidas-derecho-familia-cataluna\/"},"wordCount":1727,"publisher":{"@id":"https:\/\/fernandezadvocats.es\/#organization"},"image":{"@id":"https:\/\/fernandezadvocats.es\/es\/modificacion-medidas-derecho-familia-cataluna\/#primaryimage"},"thumbnailUrl":"https:\/\/fernandezadvocats.es\/wp-content\/uploads\/2025\/09\/active-senior-caucasian-couple-signing-an-agreemen-2025-04-04-11-10-57-utc-1.jpg","articleSection":["Art\u00edculos FA","Derecho de Familia","Procesos Judiciales Civiles"],"inLanguage":"es"},{"@type":"WebPage","@id":"https:\/\/fernandezadvocats.es\/es\/modificacion-medidas-derecho-familia-cataluna\/","url":"https:\/\/fernandezadvocats.es\/es\/modificacion-medidas-derecho-familia-cataluna\/","name":"Modificaci\u00f3n de medidas en derecho de familia en Catalu\u00f1a","isPartOf":{"@id":"https:\/\/fernandezadvocats.es\/#website"},"primaryImageOfPage":{"@id":"https:\/\/fernandezadvocats.es\/es\/modificacion-medidas-derecho-familia-cataluna\/#primaryimage"},"image":{"@id":"https:\/\/fernandezadvocats.es\/es\/modificacion-medidas-derecho-familia-cataluna\/#primaryimage"},"thumbnailUrl":"https:\/\/fernandezadvocats.es\/wp-content\/uploads\/2025\/09\/active-senior-caucasian-couple-signing-an-agreemen-2025-04-04-11-10-57-utc-1.jpg","datePublished":"2025-09-29T09:50:24+00:00","dateModified":"2026-01-21T16:42:18+00:00","description":"Modificaci\u00f3n de medidas en derecho de familia en Catalu\u00f1a. Custodia, pensi\u00f3n de alimentos y uso de vivienda. Abogados de familia en Berga expertos en divorcios.","breadcrumb":{"@id":"https:\/\/fernandezadvocats.es\/es\/modificacion-medidas-derecho-familia-cataluna\/#breadcrumb"},"inLanguage":"es","potentialAction":[{"@type":"ReadAction","target":["https:\/\/fernandezadvocats.es\/es\/modificacion-medidas-derecho-familia-cataluna\/"]}]},{"@type":"ImageObject","inLanguage":"es","@id":"https:\/\/fernandezadvocats.es\/es\/modificacion-medidas-derecho-familia-cataluna\/#primaryimage","url":"https:\/\/fernandezadvocats.es\/wp-content\/uploads\/2025\/09\/active-senior-caucasian-couple-signing-an-agreemen-2025-04-04-11-10-57-utc-1.jpg","contentUrl":"https:\/\/fernandezadvocats.es\/wp-content\/uploads\/2025\/09\/active-senior-caucasian-couple-signing-an-agreemen-2025-04-04-11-10-57-utc-1.jpg","width":1254,"height":835,"caption":"mediaci\u00f3n familiar abogado"},{"@type":"BreadcrumbList","@id":"https:\/\/fernandezadvocats.es\/es\/modificacion-medidas-derecho-familia-cataluna\/#breadcrumb","itemListElement":[{"@type":"ListItem","position":1,"name":"Portada","item":"https:\/\/fernandezadvocats.es\/es\/fernandez-advocats-berga\/"},{"@type":"ListItem","position":2,"name":"La modificaci\u00f3n de medidas en el derecho de familia catal\u00e1n: un an\u00e1lisis pr\u00e1ctico"}]},{"@type":"WebSite","@id":"https:\/\/fernandezadvocats.es\/#website","url":"https:\/\/fernandezadvocats.es\/","name":"Fern\u00e1ndez Advocats","description":"Advocats Berga i Barcelona","publisher":{"@id":"https:\/\/fernandezadvocats.es\/#organization"},"alternateName":"Abogados Berga y Bracelona","potentialAction":[{"@type":"SearchAction","target":{"@type":"EntryPoint","urlTemplate":"https:\/\/fernandezadvocats.es\/?s={search_term_string}"},"query-input":{"@type":"PropertyValueSpecification","valueRequired":true,"valueName":"search_term_string"}}],"inLanguage":"es"},{"@type":"Organization","@id":"https:\/\/fernandezadvocats.es\/#organization","name":"Fern\u00e1ndez Advocats","url":"https:\/\/fernandezadvocats.es\/","logo":{"@type":"ImageObject","inLanguage":"es","@id":"https:\/\/fernandezadvocats.es\/#\/schema\/logo\/image\/","url":"https:\/\/fernandezadvocats.es\/wp-content\/uploads\/2024\/11\/cropped-BF-e1731427554424.png","contentUrl":"https:\/\/fernandezadvocats.es\/wp-content\/uploads\/2024\/11\/cropped-BF-e1731427554424.png","width":512,"height":512,"caption":"Fern\u00e1ndez Advocats"},"image":{"@id":"https:\/\/fernandezadvocats.es\/#\/schema\/logo\/image\/"}},{"@type":"Person","@id":"https:\/\/fernandezadvocats.es\/#\/schema\/person\/b07c77bdf07c1e11b12a56cae182b521","name":"Fern\u00e1ndez Advocats","image":{"@type":"ImageObject","inLanguage":"es","@id":"https:\/\/fernandezadvocats.es\/#\/schema\/person\/image\/","url":"https:\/\/secure.gravatar.com\/avatar\/4fc29f47dccf5511fdf4ab55d2e22d915d944656636c10c38a1baf7a85eccbd2?s=96&d=mm&r=g","contentUrl":"https:\/\/secure.gravatar.com\/avatar\/4fc29f47dccf5511fdf4ab55d2e22d915d944656636c10c38a1baf7a85eccbd2?s=96&d=mm&r=g","caption":"Fern\u00e1ndez Advocats"},"sameAs":["https:\/\/abogados.evotic.es\/"],"url":"https:\/\/fernandezadvocats.es\/es\/author\/javier\/"}]}},"_links":{"self":[{"href":"https:\/\/fernandezadvocats.es\/es\/wp-json\/wp\/v2\/posts\/253574","targetHints":{"allow":["GET"]}}],"collection":[{"href":"https:\/\/fernandezadvocats.es\/es\/wp-json\/wp\/v2\/posts"}],"about":[{"href":"https:\/\/fernandezadvocats.es\/es\/wp-json\/wp\/v2\/types\/post"}],"author":[{"embeddable":true,"href":"https:\/\/fernandezadvocats.es\/es\/wp-json\/wp\/v2\/users\/2"}],"replies":[{"embeddable":true,"href":"https:\/\/fernandezadvocats.es\/es\/wp-json\/wp\/v2\/comments?post=253574"}],"version-history":[{"count":4,"href":"https:\/\/fernandezadvocats.es\/es\/wp-json\/wp\/v2\/posts\/253574\/revisions"}],"predecessor-version":[{"id":254232,"href":"https:\/\/fernandezadvocats.es\/es\/wp-json\/wp\/v2\/posts\/253574\/revisions\/254232"}],"wp:featuredmedia":[{"embeddable":true,"href":"https:\/\/fernandezadvocats.es\/es\/wp-json\/wp\/v2\/media\/253572"}],"wp:attachment":[{"href":"https:\/\/fernandezadvocats.es\/es\/wp-json\/wp\/v2\/media?parent=253574"}],"wp:term":[{"taxonomy":"category","embeddable":true,"href":"https:\/\/fernandezadvocats.es\/es\/wp-json\/wp\/v2\/categories?post=253574"},{"taxonomy":"post_tag","embeddable":true,"href":"https:\/\/fernandezadvocats.es\/es\/wp-json\/wp\/v2\/tags?post=253574"}],"curies":[{"name":"wp","href":"https:\/\/api.w.org\/{rel}","templated":true}]}}