{"id":253601,"date":"2025-10-07T10:52:39","date_gmt":"2025-10-07T08:52:39","guid":{"rendered":"https:\/\/fernandezadvocats.es\/?p=253601"},"modified":"2026-01-21T17:40:53","modified_gmt":"2026-01-21T16:40:53","slug":"masc-correo-electronico-interpretacion-flexible-tribunales","status":"publish","type":"post","link":"https:\/\/fernandezadvocats.es\/es\/masc-correo-electronico-interpretacion-flexible-tribunales\/","title":{"rendered":"Los MASC y el uso del correo electr\u00f3nico: primeras reacciones y tribunales que apuestan por una interpretaci\u00f3n flexible y garantista"},"content":{"rendered":"<div data-test-render-count=\"2\">\n<div>\n<div class=\"group relative pb-8\" data-is-streaming=\"false\">\n<div class=\"font-claude-response relative leading-[1.65rem] [&amp;_pre&gt;div]:bg-bg-000\/50 [&amp;_pre&gt;div]:border-0.5 [&amp;_pre&gt;div]:border-border-400 [&amp;_.ignore-pre-bg&gt;div]:bg-transparent [&amp;_.standard-markdown_:is(p,blockquote,h1,h2,h3,h4,h5,h6)]:pl-2 [&amp;_.standard-markdown_:is(p,blockquote,ul,ol,h1,h2,h3,h4,h5,h6)]:pr-8 [&amp;_.progressive-markdown_:is(p,blockquote,h1,h2,h3,h4,h5,h6)]:pl-2 [&amp;_.progressive-markdown_:is(p,blockquote,ul,ol,h1,h2,h3,h4,h5,h6)]:pr-8\">\n<div>\n<div class=\"grid-cols-1 grid gap-2.5 [&amp;_&gt;_*]:min-w-0 standard-markdown\">\n<p class=\"whitespace-normal break-words\"><strong><a href=\"https:\/\/fernandezadvocats.es\/wp-content\/uploads\/2025\/10\/MASC-i-correu-electronic-1.pdf\">DESCARGAR ART\u00cdCULO COMPLETO EN PDF. <\/a><\/strong><\/p>\n<p>La reciente implementaci\u00f3n de los <strong>Medios Adecuados de Soluci\u00f3n de Controversias (MASC)<\/strong> como requisito de procedibilidad, introducida por la <strong>Ley Org\u00e1nica 1\/2025<\/strong>, ha generado un intenso debate jur\u00eddico sobre su correcta aplicaci\u00f3n. El objetivo del legislador era claro: fomentar la negociaci\u00f3n y descongestionar los juzgados. No obstante, las primeras interpretaciones de algunos \u00f3rganos judiciales encendieron las alarmas al aplicar un formalismo excesivo que amenazaba con convertir este mecanismo en una barrera infranqueable para el acceso a la justicia, como el que coment\u00e1bamos en un anterior art\u00edculo. Afortunadamente, dos resoluciones recientes de las Audiencias Provinciales de Alicante y M\u00e1laga han venido a reconducir la situaci\u00f3n, apostando por una interpretaci\u00f3n coherente con el esp\u00edritu de la norma y, sobre todo, respetuosa con el derecho a la tutela judicial efectiva.<\/p>\n<p class=\"whitespace-normal break-words\">Soluci\u00f3n semejante se plantean los recientes <strong>Acuerdos de Pleno Jurisdiccional de la Sala Civil de la Audiencia Provincial de Ourense<\/strong> de 4 de julio de 2025, que tambi\u00e9n se postulan por tener por acreditado el MASC remitido por correo postal con acuse de recibo, burofax, buromail y e-mail, y cualquier otro medio que deje constancia del env\u00edo y recepci\u00f3n.<\/p>\n<h3 class=\"text-xl font-bold text-text-100 mt-1 -mb-0.5\">1. El problema inicial: una interpretaci\u00f3n excesivamente rigorosa<\/h3>\n<p class=\"whitespace-normal break-words\">El conflicto surgi\u00f3 en casos donde, para cumplir con el requisito del MASC, la parte demandante hab\u00eda remitido una \u00aboferta vinculante confidencial\u00bb a la parte contraria mediante un correo electr\u00f3nico certificado. Diversos juzgados de primera instancia inadmitieron las demandas ad limine argumentando que no quedaba acreditado que el correo electr\u00f3nico fuese un canal de comunicaci\u00f3n pactado o habitual entre las partes. Esta decisi\u00f3n, basada en una interpretaci\u00f3n literal y restrictiva, cerraba la puerta de los tribunales sin permitir tan siquiera la posibilidad de corregir el supuesto defecto.<\/p>\n<p class=\"whitespace-normal break-words\">Esta praxis convert\u00eda el MASC en lo que la Interlocutoria de la <strong>Audiencia Provincial de Alicante<\/strong>, Secci\u00f3n 8\u00aa, de 18 de julio de 2025 califica de manera muy gr\u00e1fica, y acertadamente, como una (sic.) \u00abcarrera de obst\u00e1culos para el actor, de imposible subsanaci\u00f3n\u00bb.<\/p>\n<h3 class=\"text-xl font-bold text-text-100 mt-1 -mb-0.5\">2. La correcci\u00f3n de las Audiencias Provinciales: principio pro actione y sentido com\u00fan<\/h3>\n<p class=\"whitespace-normal break-words\">Tanto la mencionada Interlocutoria de la <strong>Audiencia Provincial de Alicante como tambi\u00e9n la Interlocutoria de la Audiencia Provincial de M\u00e1lag<\/strong>a, Secci\u00f3n 6\u00aa, de 23 de julio de 2025, revocan las decisiones de inadmisi\u00f3n y establecen una doctrina clara y fundamentada en principios esenciales de nuestro ordenamiento jur\u00eddico.<\/p>\n<p class=\"whitespace-normal break-words\">Ambos tribunales coinciden en diversos puntos clave:<\/p>\n<p class=\"whitespace-normal break-words\">i) <strong>Prevalencia del derecho a la tutela judicial efectiva<\/strong>: Recuerdan que el derecho consagrado en el art\u00edculo 24 de la Constituci\u00f3n Espa\u00f1ola obliga a interpretar los requisitos procesales de la manera m\u00e1s favorable al ejercicio del derecho (principio pro actione). La inadmisi\u00f3n de una demanda es una medida excepcional que debe basarse en motivos sustanciales y no en formalismos desproporcionados.<\/p>\n<p class=\"whitespace-normal break-words\">ii) <strong>El correo electr\u00f3nico como medio v\u00e1lido y habitual<\/strong>: Las dos resoluciones destacan que, en la realidad social y mercantil actual, el correo electr\u00f3nico es un canal de comunicaci\u00f3n ordinario. Exigir un pacto expreso o un historial de comunicaciones previo para validarlo como medio para un MASC es una exigencia que no se encuentra en la ley y que resulta desajustada. Como se\u00f1ala la Audiencia de M\u00e1laga, si los contactos comerciales habituales se hac\u00edan por este medio, es l\u00f3gico entender que se puede utilizar para una oferta vinculante.<\/p>\n<p class=\"whitespace-normal break-words\">iii) <strong>La obligaci\u00f3n de permitir la subsanaci\u00f3n<\/strong>: Este es quiz\u00e1s de los puntos m\u00e1s relevante. Las Audiencias Provinciales critican duramente que los juzgados de instancia archivaran directamente las demandas. Si el juez ten\u00eda dudas sobre si la direcci\u00f3n de correo electr\u00f3nico era la empleada habitualmente por la parte demandada, el procedimiento correcto no era la inadmisi\u00f3n, sino conceder un plazo a la parte actora para aclarar y acreditar este extremo. El archivo directo, sin dar esta oportunidad, es una decisi\u00f3n \u00abprecipitada\u00bb y \u00abdesproporcionada\u00bb. Cabe pues exigir que los Tribunales de Instancia sean m\u00e1s proactivos en la admisi\u00f3n de las demandas.<\/p>\n<p class=\"whitespace-normal break-words\">iv) <strong>La consecuencia real del incumplimiento<\/strong>: La Audiencia de Alicante va m\u00e1s all\u00e1 y aclara que, incluso en el caso de que se acreditase que el MASC no se intent\u00f3 correctamente, la consecuencia prevista en la ley no es la inadmisi\u00f3n de la demanda, sino posibles efectos desfavorables en materia de costas procesales<strong> (art\u00edculos 394.1 y 394.2 de la LEC).<\/strong><\/p>\n<h3 class=\"text-xl font-bold text-text-100 mt-1 -mb-0.5\">3. Conclusi\u00f3n<\/h3>\n<p class=\"whitespace-normal break-words\">Celebramos estas resoluciones porque aportan<strong> seguridad jur\u00eddica<\/strong> y sentido com\u00fan a la aplicaci\u00f3n de los MASC. Los tribunales nos recuerdan que los requisitos de procedibilidad son instrumentos para garantizar un proceso ordenado, no trampas para impedir el acceso a la justicia.<\/p>\n<p class=\"whitespace-normal break-words\">Los MASC deben ser una herramienta para la soluci\u00f3n de conflictos, no un nuevo laberinto burocr\u00e1tico. El esp\u00edritu de la reforma es promover la negociaci\u00f3n de buena fe, y el env\u00edo certificado de una oferta por correo electr\u00f3nico cumple perfectamente esta finalidad. Pretender o sostener lo contrario es ignorar la realidad del<strong> tr\u00e1fico jur\u00eddico privado<\/strong> (civil y mercantil) del siglo XXI.<\/p>\n<p class=\"whitespace-normal break-words\">Estas decisiones de las<strong> Audiencias Provinciales de Alicante y M\u00e1lag<\/strong>a marcan, a nuestro juicio, el camino judicial correcto: una aplicaci\u00f3n de los MASC que sea flexible y sensata, pragm\u00e1tica y, por encima de todo, garantista. Confiamos en que este criterio se imponga y que los MASC cumplan su funci\u00f3n de eficiencia sin menoscabar el derecho fundamental a obtener una resoluci\u00f3n sobre el fondo de la cuesti\u00f3n.<\/p>\n<p class=\"whitespace-normal break-words\">*<strong>El presente art\u00edculo es meramente divulgativo y no supone asesoramiento ni compromiso de actualizaci\u00f3n.<\/strong><\/p>\n<p class=\"whitespace-normal break-words\"><strong>Para m\u00e1s informaci\u00f3n o asesoramiento, contacte con <a class=\"underline\" href=\"mailto:info@fernandezadvocats.es\">info@fernandezadvocats.es<\/a><\/strong><\/p>\n<\/div>\n<\/div>\n<\/div>\n<div class=\"absolute bottom-0 right-2 pointer-events-none\">\n<div class=\"rounded-lg transition min-w-max pointer-events-auto translate-x-2 opacity-0 group-hover:opacity-100\">\n<div class=\"text-text-300 flex items-stretch justify-between\">\n<div class=\"w-fit\" data-state=\"closed\">\n<div class=\"relative\">\n<div class=\"flex items-center justify-center transition-all opacity-100 scale-100\"><\/div>\n<div class=\"flex items-center justify-center absolute top-0 left-0 transition-all opacity-0 scale-50\"><\/div>\n<\/div>\n<\/div>\n<\/div>\n<\/div>\n<\/div>\n<\/div>\n<\/div>\n<\/div>\n<div data-test-render-count=\"2\">\n<div class=\"mb-1 mt-1\">\n<div class=\"group relative inline-flex gap-2 bg-bg-300 rounded-xl pl-2.5 py-2.5 break-words text-text-100 transition-all max-w-[75ch] flex-col pr-6\">\n<div class=\"flex flex-row gap-2\">\n<div class=\"font-large !font-user-message grid grid-cols-1 gap-2 py-0.5\" data-testid=\"user-message\">\n<p class=\"whitespace-pre-wrap break-words\">\n<\/div>\n<\/div>\n<\/div>\n<\/div>\n<\/div>\n","protected":false},"excerpt":{"rendered":"<p>DESCARGAR ART\u00cdCULO COMPLETO EN PDF. La reciente implementaci\u00f3n de los Medios Adecuados de Soluci\u00f3n de Controversias (MASC) como requisito de procedibilidad, introducida por la Ley Org\u00e1nica 1\/2025, ha generado un intenso debate jur\u00eddico sobre su correcta aplicaci\u00f3n. El objetivo del legislador era claro: fomentar la negociaci\u00f3n y descongestionar los juzgados. No obstante, las primeras interpretaciones [&hellip;]<\/p>\n","protected":false},"author":19,"featured_media":253597,"comment_status":"closed","ping_status":"closed","sticky":false,"template":"","format":"standard","meta":{"_et_pb_use_builder":"","_et_pb_old_content":"","_et_gb_content_width":"","footnotes":""},"categories":[28,96,79],"tags":[],"class_list":["post-253601","post","type-post","status-publish","format-standard","has-post-thumbnail","hentry","category-articulos-fa","category-contencioso-administrativo","category-derecho-procesal"],"yoast_head":"<!-- This site is optimized with the Yoast SEO plugin v27.1.1 - https:\/\/yoast.com\/product\/yoast-seo-wordpress\/ -->\n<title>MASC y correo electr\u00f3nico: interpretaci\u00f3n tribunales 2025<\/title>\n<meta name=\"description\" content=\"Audiencias Provinciales validan el correo electr\u00f3nico para MASC. An\u00e1lisis de las resoluciones de Alicante y M\u00e1laga sobre tutela judicial efectiva.\" \/>\n<meta name=\"robots\" content=\"index, follow, max-snippet:-1, max-image-preview:large, max-video-preview:-1\" \/>\n<link rel=\"canonical\" href=\"https:\/\/fernandezadvocats.es\/es\/masc-correo-electronico-interpretacion-flexible-tribunales\/\" \/>\n<meta property=\"og:locale\" content=\"es_ES\" \/>\n<meta property=\"og:type\" content=\"article\" \/>\n<meta property=\"og:title\" content=\"MASC y correo electr\u00f3nico: interpretaci\u00f3n tribunales 2025\" \/>\n<meta property=\"og:description\" content=\"Audiencias Provinciales validan el correo electr\u00f3nico para MASC. An\u00e1lisis de las resoluciones de Alicante y M\u00e1laga sobre tutela judicial efectiva.\" \/>\n<meta property=\"og:url\" content=\"https:\/\/fernandezadvocats.es\/es\/masc-correo-electronico-interpretacion-flexible-tribunales\/\" \/>\n<meta property=\"og:site_name\" content=\"Fern\u00e1ndez Advocats\" \/>\n<meta property=\"article:published_time\" content=\"2025-10-07T08:52:39+00:00\" \/>\n<meta property=\"article:modified_time\" content=\"2026-01-21T16:40:53+00:00\" \/>\n<meta property=\"og:image\" content=\"https:\/\/fernandezadvocats.es\/wp-content\/uploads\/2025\/10\/masc-correu-electronic-tribunals-2025.jpg\" \/>\n\t<meta property=\"og:image:width\" content=\"1286\" \/>\n\t<meta property=\"og:image:height\" content=\"857\" \/>\n\t<meta property=\"og:image:type\" content=\"image\/jpeg\" \/>\n<meta name=\"author\" content=\"mrclickbarcelona@gmail.com\" \/>\n<meta name=\"twitter:card\" content=\"summary_large_image\" \/>\n<meta name=\"twitter:label1\" content=\"Escrito por\" \/>\n\t<meta name=\"twitter:data1\" content=\"mrclickbarcelona@gmail.com\" \/>\n\t<meta name=\"twitter:label2\" content=\"Tiempo de lectura\" \/>\n\t<meta name=\"twitter:data2\" content=\"6 minutos\" \/>\n<script type=\"application\/ld+json\" class=\"yoast-schema-graph\">{\"@context\":\"https:\/\/schema.org\",\"@graph\":[{\"@type\":\"Article\",\"@id\":\"https:\/\/fernandezadvocats.es\/es\/masc-correo-electronico-interpretacion-flexible-tribunales\/#article\",\"isPartOf\":{\"@id\":\"https:\/\/fernandezadvocats.es\/es\/masc-correo-electronico-interpretacion-flexible-tribunales\/\"},\"author\":{\"name\":\"mrclickbarcelona@gmail.com\",\"@id\":\"https:\/\/fernandezadvocats.es\/#\/schema\/person\/8ee482a071b4b039d55e3b5981b20a98\"},\"headline\":\"Los MASC y el uso del correo electr\u00f3nico: primeras reacciones y tribunales que apuestan por una interpretaci\u00f3n flexible y garantista\",\"datePublished\":\"2025-10-07T08:52:39+00:00\",\"dateModified\":\"2026-01-21T16:40:53+00:00\",\"mainEntityOfPage\":{\"@id\":\"https:\/\/fernandezadvocats.es\/es\/masc-correo-electronico-interpretacion-flexible-tribunales\/\"},\"wordCount\":990,\"publisher\":{\"@id\":\"https:\/\/fernandezadvocats.es\/#organization\"},\"image\":{\"@id\":\"https:\/\/fernandezadvocats.es\/es\/masc-correo-electronico-interpretacion-flexible-tribunales\/#primaryimage\"},\"thumbnailUrl\":\"https:\/\/fernandezadvocats.es\/wp-content\/uploads\/2025\/10\/masc-correu-electronic-tribunals-2025.jpg\",\"articleSection\":[\"Art\u00edculos FA\",\"Contencioso-administrativo\",\"Derecho Procesal\"],\"inLanguage\":\"es\"},{\"@type\":\"WebPage\",\"@id\":\"https:\/\/fernandezadvocats.es\/es\/masc-correo-electronico-interpretacion-flexible-tribunales\/\",\"url\":\"https:\/\/fernandezadvocats.es\/es\/masc-correo-electronico-interpretacion-flexible-tribunales\/\",\"name\":\"MASC y correo electr\u00f3nico: interpretaci\u00f3n tribunales 2025\",\"isPartOf\":{\"@id\":\"https:\/\/fernandezadvocats.es\/#website\"},\"primaryImageOfPage\":{\"@id\":\"https:\/\/fernandezadvocats.es\/es\/masc-correo-electronico-interpretacion-flexible-tribunales\/#primaryimage\"},\"image\":{\"@id\":\"https:\/\/fernandezadvocats.es\/es\/masc-correo-electronico-interpretacion-flexible-tribunales\/#primaryimage\"},\"thumbnailUrl\":\"https:\/\/fernandezadvocats.es\/wp-content\/uploads\/2025\/10\/masc-correu-electronic-tribunals-2025.jpg\",\"datePublished\":\"2025-10-07T08:52:39+00:00\",\"dateModified\":\"2026-01-21T16:40:53+00:00\",\"description\":\"Audiencias Provinciales validan el correo electr\u00f3nico para MASC. An\u00e1lisis de las resoluciones de Alicante y M\u00e1laga sobre tutela judicial efectiva.\",\"breadcrumb\":{\"@id\":\"https:\/\/fernandezadvocats.es\/es\/masc-correo-electronico-interpretacion-flexible-tribunales\/#breadcrumb\"},\"inLanguage\":\"es\",\"potentialAction\":[{\"@type\":\"ReadAction\",\"target\":[\"https:\/\/fernandezadvocats.es\/es\/masc-correo-electronico-interpretacion-flexible-tribunales\/\"]}]},{\"@type\":\"ImageObject\",\"inLanguage\":\"es\",\"@id\":\"https:\/\/fernandezadvocats.es\/es\/masc-correo-electronico-interpretacion-flexible-tribunales\/#primaryimage\",\"url\":\"https:\/\/fernandezadvocats.es\/wp-content\/uploads\/2025\/10\/masc-correu-electronic-tribunals-2025.jpg\",\"contentUrl\":\"https:\/\/fernandezadvocats.es\/wp-content\/uploads\/2025\/10\/masc-correu-electronic-tribunals-2025.jpg\",\"width\":1286,\"height\":857,\"caption\":\"MASC i correu electr\u00f2nic validat per Audi\u00e8ncies Provincials Alacant M\u00e0laga 2025\"},{\"@type\":\"BreadcrumbList\",\"@id\":\"https:\/\/fernandezadvocats.es\/es\/masc-correo-electronico-interpretacion-flexible-tribunales\/#breadcrumb\",\"itemListElement\":[{\"@type\":\"ListItem\",\"position\":1,\"name\":\"Portada\",\"item\":\"https:\/\/fernandezadvocats.es\/es\/fernandez-advocats-berga\/\"},{\"@type\":\"ListItem\",\"position\":2,\"name\":\"Los MASC y el uso del correo electr\u00f3nico: primeras reacciones y tribunales que apuestan por una interpretaci\u00f3n flexible y garantista\"}]},{\"@type\":\"WebSite\",\"@id\":\"https:\/\/fernandezadvocats.es\/#website\",\"url\":\"https:\/\/fernandezadvocats.es\/\",\"name\":\"Fern\u00e1ndez Advocats\",\"description\":\"Advocats Berga i Barcelona\",\"publisher\":{\"@id\":\"https:\/\/fernandezadvocats.es\/#organization\"},\"alternateName\":\"Abogados Berga y Bracelona\",\"potentialAction\":[{\"@type\":\"SearchAction\",\"target\":{\"@type\":\"EntryPoint\",\"urlTemplate\":\"https:\/\/fernandezadvocats.es\/?s={search_term_string}\"},\"query-input\":{\"@type\":\"PropertyValueSpecification\",\"valueRequired\":true,\"valueName\":\"search_term_string\"}}],\"inLanguage\":\"es\"},{\"@type\":\"Organization\",\"@id\":\"https:\/\/fernandezadvocats.es\/#organization\",\"name\":\"Fern\u00e1ndez Advocats\",\"url\":\"https:\/\/fernandezadvocats.es\/\",\"logo\":{\"@type\":\"ImageObject\",\"inLanguage\":\"es\",\"@id\":\"https:\/\/fernandezadvocats.es\/#\/schema\/logo\/image\/\",\"url\":\"https:\/\/fernandezadvocats.es\/wp-content\/uploads\/2024\/11\/cropped-BF-e1731427554424.png\",\"contentUrl\":\"https:\/\/fernandezadvocats.es\/wp-content\/uploads\/2024\/11\/cropped-BF-e1731427554424.png\",\"width\":512,\"height\":512,\"caption\":\"Fern\u00e1ndez Advocats\"},\"image\":{\"@id\":\"https:\/\/fernandezadvocats.es\/#\/schema\/logo\/image\/\"}},{\"@type\":\"Person\",\"@id\":\"https:\/\/fernandezadvocats.es\/#\/schema\/person\/8ee482a071b4b039d55e3b5981b20a98\",\"name\":\"mrclickbarcelona@gmail.com\",\"image\":{\"@type\":\"ImageObject\",\"inLanguage\":\"es\",\"@id\":\"https:\/\/fernandezadvocats.es\/#\/schema\/person\/image\/\",\"url\":\"https:\/\/secure.gravatar.com\/avatar\/e16cc9a830d1a221b9e83b040154617903c650598282d145b5b76cdcb02f009e?s=96&d=mm&r=g\",\"contentUrl\":\"https:\/\/secure.gravatar.com\/avatar\/e16cc9a830d1a221b9e83b040154617903c650598282d145b5b76cdcb02f009e?s=96&d=mm&r=g\",\"caption\":\"mrclickbarcelona@gmail.com\"},\"url\":\"https:\/\/fernandezadvocats.es\/es\/author\/mrclickbarcelonagmail-com\/\"}]}<\/script>\n<!-- \/ Yoast SEO plugin. -->","yoast_head_json":{"title":"MASC y correo electr\u00f3nico: interpretaci\u00f3n tribunales 2025","description":"Audiencias Provinciales validan el correo electr\u00f3nico para MASC. An\u00e1lisis de las resoluciones de Alicante y M\u00e1laga sobre tutela judicial efectiva.","robots":{"index":"index","follow":"follow","max-snippet":"max-snippet:-1","max-image-preview":"max-image-preview:large","max-video-preview":"max-video-preview:-1"},"canonical":"https:\/\/fernandezadvocats.es\/es\/masc-correo-electronico-interpretacion-flexible-tribunales\/","og_locale":"es_ES","og_type":"article","og_title":"MASC y correo electr\u00f3nico: interpretaci\u00f3n tribunales 2025","og_description":"Audiencias Provinciales validan el correo electr\u00f3nico para MASC. An\u00e1lisis de las resoluciones de Alicante y M\u00e1laga sobre tutela judicial efectiva.","og_url":"https:\/\/fernandezadvocats.es\/es\/masc-correo-electronico-interpretacion-flexible-tribunales\/","og_site_name":"Fern\u00e1ndez Advocats","article_published_time":"2025-10-07T08:52:39+00:00","article_modified_time":"2026-01-21T16:40:53+00:00","og_image":[{"width":1286,"height":857,"url":"https:\/\/fernandezadvocats.es\/wp-content\/uploads\/2025\/10\/masc-correu-electronic-tribunals-2025.jpg","type":"image\/jpeg"}],"author":"mrclickbarcelona@gmail.com","twitter_card":"summary_large_image","twitter_misc":{"Escrito por":"mrclickbarcelona@gmail.com","Tiempo de lectura":"6 minutos"},"schema":{"@context":"https:\/\/schema.org","@graph":[{"@type":"Article","@id":"https:\/\/fernandezadvocats.es\/es\/masc-correo-electronico-interpretacion-flexible-tribunales\/#article","isPartOf":{"@id":"https:\/\/fernandezadvocats.es\/es\/masc-correo-electronico-interpretacion-flexible-tribunales\/"},"author":{"name":"mrclickbarcelona@gmail.com","@id":"https:\/\/fernandezadvocats.es\/#\/schema\/person\/8ee482a071b4b039d55e3b5981b20a98"},"headline":"Los MASC y el uso del correo electr\u00f3nico: primeras reacciones y tribunales que apuestan por una interpretaci\u00f3n flexible y garantista","datePublished":"2025-10-07T08:52:39+00:00","dateModified":"2026-01-21T16:40:53+00:00","mainEntityOfPage":{"@id":"https:\/\/fernandezadvocats.es\/es\/masc-correo-electronico-interpretacion-flexible-tribunales\/"},"wordCount":990,"publisher":{"@id":"https:\/\/fernandezadvocats.es\/#organization"},"image":{"@id":"https:\/\/fernandezadvocats.es\/es\/masc-correo-electronico-interpretacion-flexible-tribunales\/#primaryimage"},"thumbnailUrl":"https:\/\/fernandezadvocats.es\/wp-content\/uploads\/2025\/10\/masc-correu-electronic-tribunals-2025.jpg","articleSection":["Art\u00edculos FA","Contencioso-administrativo","Derecho Procesal"],"inLanguage":"es"},{"@type":"WebPage","@id":"https:\/\/fernandezadvocats.es\/es\/masc-correo-electronico-interpretacion-flexible-tribunales\/","url":"https:\/\/fernandezadvocats.es\/es\/masc-correo-electronico-interpretacion-flexible-tribunales\/","name":"MASC y correo electr\u00f3nico: interpretaci\u00f3n tribunales 2025","isPartOf":{"@id":"https:\/\/fernandezadvocats.es\/#website"},"primaryImageOfPage":{"@id":"https:\/\/fernandezadvocats.es\/es\/masc-correo-electronico-interpretacion-flexible-tribunales\/#primaryimage"},"image":{"@id":"https:\/\/fernandezadvocats.es\/es\/masc-correo-electronico-interpretacion-flexible-tribunales\/#primaryimage"},"thumbnailUrl":"https:\/\/fernandezadvocats.es\/wp-content\/uploads\/2025\/10\/masc-correu-electronic-tribunals-2025.jpg","datePublished":"2025-10-07T08:52:39+00:00","dateModified":"2026-01-21T16:40:53+00:00","description":"Audiencias Provinciales validan el correo electr\u00f3nico para MASC. An\u00e1lisis de las resoluciones de Alicante y M\u00e1laga sobre tutela judicial efectiva.","breadcrumb":{"@id":"https:\/\/fernandezadvocats.es\/es\/masc-correo-electronico-interpretacion-flexible-tribunales\/#breadcrumb"},"inLanguage":"es","potentialAction":[{"@type":"ReadAction","target":["https:\/\/fernandezadvocats.es\/es\/masc-correo-electronico-interpretacion-flexible-tribunales\/"]}]},{"@type":"ImageObject","inLanguage":"es","@id":"https:\/\/fernandezadvocats.es\/es\/masc-correo-electronico-interpretacion-flexible-tribunales\/#primaryimage","url":"https:\/\/fernandezadvocats.es\/wp-content\/uploads\/2025\/10\/masc-correu-electronic-tribunals-2025.jpg","contentUrl":"https:\/\/fernandezadvocats.es\/wp-content\/uploads\/2025\/10\/masc-correu-electronic-tribunals-2025.jpg","width":1286,"height":857,"caption":"MASC i correu electr\u00f2nic validat per Audi\u00e8ncies Provincials Alacant M\u00e0laga 2025"},{"@type":"BreadcrumbList","@id":"https:\/\/fernandezadvocats.es\/es\/masc-correo-electronico-interpretacion-flexible-tribunales\/#breadcrumb","itemListElement":[{"@type":"ListItem","position":1,"name":"Portada","item":"https:\/\/fernandezadvocats.es\/es\/fernandez-advocats-berga\/"},{"@type":"ListItem","position":2,"name":"Los MASC y el uso del correo electr\u00f3nico: primeras reacciones y tribunales que apuestan por una interpretaci\u00f3n flexible y garantista"}]},{"@type":"WebSite","@id":"https:\/\/fernandezadvocats.es\/#website","url":"https:\/\/fernandezadvocats.es\/","name":"Fern\u00e1ndez Advocats","description":"Advocats Berga i Barcelona","publisher":{"@id":"https:\/\/fernandezadvocats.es\/#organization"},"alternateName":"Abogados Berga y Bracelona","potentialAction":[{"@type":"SearchAction","target":{"@type":"EntryPoint","urlTemplate":"https:\/\/fernandezadvocats.es\/?s={search_term_string}"},"query-input":{"@type":"PropertyValueSpecification","valueRequired":true,"valueName":"search_term_string"}}],"inLanguage":"es"},{"@type":"Organization","@id":"https:\/\/fernandezadvocats.es\/#organization","name":"Fern\u00e1ndez Advocats","url":"https:\/\/fernandezadvocats.es\/","logo":{"@type":"ImageObject","inLanguage":"es","@id":"https:\/\/fernandezadvocats.es\/#\/schema\/logo\/image\/","url":"https:\/\/fernandezadvocats.es\/wp-content\/uploads\/2024\/11\/cropped-BF-e1731427554424.png","contentUrl":"https:\/\/fernandezadvocats.es\/wp-content\/uploads\/2024\/11\/cropped-BF-e1731427554424.png","width":512,"height":512,"caption":"Fern\u00e1ndez Advocats"},"image":{"@id":"https:\/\/fernandezadvocats.es\/#\/schema\/logo\/image\/"}},{"@type":"Person","@id":"https:\/\/fernandezadvocats.es\/#\/schema\/person\/8ee482a071b4b039d55e3b5981b20a98","name":"mrclickbarcelona@gmail.com","image":{"@type":"ImageObject","inLanguage":"es","@id":"https:\/\/fernandezadvocats.es\/#\/schema\/person\/image\/","url":"https:\/\/secure.gravatar.com\/avatar\/e16cc9a830d1a221b9e83b040154617903c650598282d145b5b76cdcb02f009e?s=96&d=mm&r=g","contentUrl":"https:\/\/secure.gravatar.com\/avatar\/e16cc9a830d1a221b9e83b040154617903c650598282d145b5b76cdcb02f009e?s=96&d=mm&r=g","caption":"mrclickbarcelona@gmail.com"},"url":"https:\/\/fernandezadvocats.es\/es\/author\/mrclickbarcelonagmail-com\/"}]}},"_links":{"self":[{"href":"https:\/\/fernandezadvocats.es\/es\/wp-json\/wp\/v2\/posts\/253601","targetHints":{"allow":["GET"]}}],"collection":[{"href":"https:\/\/fernandezadvocats.es\/es\/wp-json\/wp\/v2\/posts"}],"about":[{"href":"https:\/\/fernandezadvocats.es\/es\/wp-json\/wp\/v2\/types\/post"}],"author":[{"embeddable":true,"href":"https:\/\/fernandezadvocats.es\/es\/wp-json\/wp\/v2\/users\/19"}],"replies":[{"embeddable":true,"href":"https:\/\/fernandezadvocats.es\/es\/wp-json\/wp\/v2\/comments?post=253601"}],"version-history":[{"count":3,"href":"https:\/\/fernandezadvocats.es\/es\/wp-json\/wp\/v2\/posts\/253601\/revisions"}],"predecessor-version":[{"id":254229,"href":"https:\/\/fernandezadvocats.es\/es\/wp-json\/wp\/v2\/posts\/253601\/revisions\/254229"}],"wp:featuredmedia":[{"embeddable":true,"href":"https:\/\/fernandezadvocats.es\/es\/wp-json\/wp\/v2\/media\/253597"}],"wp:attachment":[{"href":"https:\/\/fernandezadvocats.es\/es\/wp-json\/wp\/v2\/media?parent=253601"}],"wp:term":[{"taxonomy":"category","embeddable":true,"href":"https:\/\/fernandezadvocats.es\/es\/wp-json\/wp\/v2\/categories?post=253601"},{"taxonomy":"post_tag","embeddable":true,"href":"https:\/\/fernandezadvocats.es\/es\/wp-json\/wp\/v2\/tags?post=253601"}],"curies":[{"name":"wp","href":"https:\/\/api.w.org\/{rel}","templated":true}]}}