{"id":253617,"date":"2025-10-10T09:37:34","date_gmt":"2025-10-10T07:37:34","guid":{"rendered":"https:\/\/fernandezadvocats.es\/?p=253617"},"modified":"2026-01-21T17:40:13","modified_gmt":"2026-01-21T16:40:13","slug":"como-impugnar-licitacion-publica-exclusion-empresa","status":"publish","type":"post","link":"https:\/\/fernandezadvocats.es\/es\/como-impugnar-licitacion-publica-exclusion-empresa\/","title":{"rendered":"C\u00f3mo impugnar una licitaci\u00f3n p\u00fablica si tu empresa ha sido excluida"},"content":{"rendered":"<p><strong><a href=\"https:\/\/fernandezadvocats.es\/wp-content\/uploads\/2025\/10\/Article-impugnacio-exclusio-CAT.docx\">DESCARGAR ART\u00cdCULO COMPLETO EN PDF. <\/a><\/strong><\/p>\n<p><span style=\"font-weight: 400;\">Participar en licitaciones p\u00fablicas representa una oportunidad importante para muchas empresas. Sin embargo, cuando recibes una notificaci\u00f3n de exclusi\u00f3n tras haber preparado tu oferta con esfuerzo, la frustraci\u00f3n puede ser considerable. Lo fundamental es saber que la exclusi\u00f3n no siempre es definitiva y que existen mecanismos legales espec\u00edficos para impugnarla.<\/span><\/p>\n<p><span style=\"font-weight: 400;\">En este art\u00edculo te explicamos cu\u00e1ndo se puede recurrir una exclusi\u00f3n, qu\u00e9 procedimientos est\u00e1n disponibles, los plazos que debes respetar y c\u00f3mo defender tus derechos en la contrataci\u00f3n p\u00fablica.<\/span><\/p>\n<h2><b>\u00bfQu\u00e9 significa que tu empresa sea excluida?<\/b><\/h2>\n<p><span style=\"font-weight: 400;\">Cuando una administraci\u00f3n p\u00fablica convoca un contrato, establece requisitos que las empresas deben cumplir para participar. Estos pueden ser de capacidad, solvencia, documentaci\u00f3n administrativa o especificaciones t\u00e9cnicas.<\/span><\/p>\n<p><span style=\"font-weight: 400;\">La exclusi\u00f3n se produce cuando el \u00f3rgano de contrataci\u00f3n considera que tu oferta no cumple alguno de esos requisitos, ya sea por defectos formales (falta un documento, una declaraci\u00f3n no est\u00e1 firmada) o por cuestiones de fondo (no acreditas la solvencia exigida, tu propuesta incumple las especificaciones).<\/span><\/p>\n<p><span style=\"font-weight: 400;\">Importante: no todas las exclusiones son correctas. En muchos casos, la administraci\u00f3n interpreta de forma excesivamente rigurosa los requisitos o comete errores en la valoraci\u00f3n. Por eso, la Ley de Contratos del Sector P\u00fablico y otras normas de aplicaci\u00f3n permiten que las empresas afectadas puedan recurrir estas decisiones.<\/span><\/p>\n<h2><b>Motivos frecuentes para impugnar<\/b><\/h2>\n<p><span style=\"font-weight: 400;\">Se puede impugnar la exclusi\u00f3n por varios motivos legales:<\/span><\/p>\n<ul>\n<li style=\"font-weight: 400;\" aria-level=\"1\"><span style=\"font-weight: 400;\">Defectos subsanables no permitidos.<\/span><\/li>\n<li style=\"font-weight: 400;\" aria-level=\"1\"><span style=\"font-weight: 400;\">Interpretaci\u00f3n excesivamente rigurosa.<\/span><\/li>\n<li style=\"font-weight: 400;\" aria-level=\"1\"><span style=\"font-weight: 400;\">Error en la valoraci\u00f3n.<\/span><\/li>\n<li style=\"font-weight: 400;\" aria-level=\"1\"><span style=\"font-weight: 400;\">Vulneraci\u00f3n del principio de igualdad.<\/span><\/li>\n<li style=\"font-weight: 400;\" aria-level=\"1\"><span style=\"font-weight: 400;\">Criterios no previstos en el pliego.<\/span><\/li>\n<li style=\"font-weight: 400;\" aria-level=\"1\"><span style=\"font-weight: 400;\">Ofertas anormalmente bajas sin justificaci\u00f3n.<\/span><\/li>\n<li style=\"font-weight: 400;\" aria-level=\"1\"><span style=\"font-weight: 400;\">Otros motivos espec\u00edficos.<\/span><\/li>\n<\/ul>\n<h2><b>Recursos disponibles<\/b><\/h2>\n<h3><b>Recurso especial en materia de contrataci\u00f3n<\/b><\/h3>\n<p><span style=\"font-weight: 400;\">Este recurso se presenta ante un \u00f3rgano administrativo independiente. Procede en contratos p\u00fablicos que superan ciertos umbrales y tiene ventajas como la suspensi\u00f3n autom\u00e1tica y la resoluci\u00f3n r\u00e1pida por expertos.<\/span><\/p>\n<p><span style=\"font-weight: 400;\">Plazo: 15 d\u00edas h\u00e1biles.<\/span><\/p>\n<h3><b>Recurso potestativo de reposici\u00f3n<\/b><\/h3>\n<p><span style=\"font-weight: 400;\">Es un recurso menos eficaz, pero posible cuando no procede el recurso especial. Se presenta ante el mismo \u00f3rgano de contrataci\u00f3n. Plazo: un mes.<\/span><\/p>\n<h3><b>Recurso contencioso-administrativo<\/b><\/h3>\n<p><span style=\"font-weight: 400;\">Se plantea cuando se agota la v\u00eda administrativa. Requiere abogado y normalmente procurador. Plazo: dos meses.<\/span><\/p>\n<h2><b>Proceso de impugnaci\u00f3n<\/b><\/h2>\n<ol>\n<li style=\"font-weight: 400;\" aria-level=\"1\"><span style=\"font-weight: 400;\">An\u00e1lisis inmediato del acto de exclusi\u00f3n.<\/span><\/li>\n<li style=\"font-weight: 400;\" aria-level=\"1\"><span style=\"font-weight: 400;\">Consulta con abogado especializado.<\/span><\/li>\n<li style=\"font-weight: 400;\" aria-level=\"1\"><span style=\"font-weight: 400;\">Recopilaci\u00f3n de documentaci\u00f3n relevante.<\/span><\/li>\n<li style=\"font-weight: 400;\" aria-level=\"1\"><span style=\"font-weight: 400;\">Presentaci\u00f3n del recurso correspondiente.<\/span><\/li>\n<\/ol>\n<h2><b>Consecuencias si se estima el recurso<\/b><\/h2>\n<ul>\n<li style=\"font-weight: 400;\" aria-level=\"1\"><span style=\"font-weight: 400;\">Anulaci\u00f3n de la exclusi\u00f3n.<\/span><\/li>\n<li style=\"font-weight: 400;\" aria-level=\"1\"><span style=\"font-weight: 400;\">Retroacci\u00f3n del procedimiento.<\/span><\/li>\n<li style=\"font-weight: 400;\" aria-level=\"1\"><span style=\"font-weight: 400;\">Anulaci\u00f3n de la licitaci\u00f3n completa (en casos graves).<\/span><\/li>\n<li style=\"font-weight: 400;\" aria-level=\"1\"><span style=\"font-weight: 400;\">Posible indemnizaci\u00f3n por responsabilidad patrimonial.<\/span><\/li>\n<\/ul>\n<h2><b>Recomendaciones pr\u00e1cticas<\/b><\/h2>\n<ul>\n<li style=\"font-weight: 400;\" aria-level=\"1\"><span style=\"font-weight: 400;\">Actuar inmediatamente.<\/span><\/li>\n<li style=\"font-weight: 400;\" aria-level=\"1\"><span style=\"font-weight: 400;\">Consultar con un especialista en contrataci\u00f3n p\u00fablica.<\/span><\/li>\n<li style=\"font-weight: 400;\" aria-level=\"1\"><span style=\"font-weight: 400;\">No asumir que la exclusi\u00f3n es correcta.<\/span><\/li>\n<li style=\"font-weight: 400;\" aria-level=\"1\"><span style=\"font-weight: 400;\">Valorar el coste-beneficio de recurrir.<\/span><\/li>\n<li style=\"font-weight: 400;\" aria-level=\"1\"><span style=\"font-weight: 400;\">Solicitar el acceso al expediente completo.<\/span><\/li>\n<li style=\"font-weight: 400;\" aria-level=\"1\"><span style=\"font-weight: 400;\">Conservar toda la documentaci\u00f3n presentada y recibida.<\/span><\/li>\n<\/ul>\n<h2><b>Conclusi\u00f3n<\/b><\/h2>\n<p><span style=\"font-weight: 400;\">La exclusi\u00f3n de una licitaci\u00f3n no es necesariamente el final del camino. Existen recursos legales eficaces, especialmente el recurso especial en materia de contrataci\u00f3n, que permiten defender tus derechos frente a errores o valoraciones injustas.<\/span><\/p>\n<p><span style=\"font-weight: 400;\">Si recibes una exclusi\u00f3n, consulta con un abogado especializado lo antes posible. El tiempo es clave para poder actuar.<\/span><\/p>\n<p><i><span style=\"font-weight: 400;\">El presente art\u00edculo es meramente divulgativo y no supone asesoramiento ni compromiso de actualizaci\u00f3n. Para m\u00e1s informaci\u00f3n o asesoramiento, contacte a info@fernandezadvocats.es.<\/span><\/i><\/p>\n<p>&nbsp;<\/p>\n","protected":false},"excerpt":{"rendered":"<p>DESCARGAR ART\u00cdCULO COMPLETO EN PDF. Participar en licitaciones p\u00fablicas representa una oportunidad importante para muchas empresas. Sin embargo, cuando recibes una notificaci\u00f3n de exclusi\u00f3n tras haber preparado tu oferta con esfuerzo, la frustraci\u00f3n puede ser considerable. Lo fundamental es saber que la exclusi\u00f3n no siempre es definitiva y que existen mecanismos legales espec\u00edficos para impugnarla. [&hellip;]<\/p>\n","protected":false},"author":19,"featured_media":253614,"comment_status":"closed","ping_status":"closed","sticky":false,"template":"","format":"standard","meta":{"_et_pb_use_builder":"","_et_pb_old_content":"","_et_gb_content_width":"","footnotes":""},"categories":[28,96,130],"tags":[],"class_list":["post-253617","post","type-post","status-publish","format-standard","has-post-thumbnail","hentry","category-articulos-fa","category-contencioso-administrativo","category-contratacion-publica"],"yoast_head":"<!-- This site is optimized with the Yoast SEO plugin v27.1.1 - https:\/\/yoast.com\/product\/yoast-seo-wordpress\/ -->\n<title>C\u00f3mo impugnar una licitaci\u00f3n p\u00fablica | Abogados Barcelona<\/title>\n<meta name=\"description\" content=\"\u00bfTu empresa ha sido excluida de una licitaci\u00f3n p\u00fablica? Te explicamos c\u00f3mo impugnarla, plazos legales y el recurso especial en contrataci\u00f3n.\" \/>\n<meta name=\"robots\" content=\"index, follow, max-snippet:-1, max-image-preview:large, max-video-preview:-1\" \/>\n<link rel=\"canonical\" href=\"https:\/\/fernandezadvocats.es\/es\/como-impugnar-licitacion-publica-exclusion-empresa\/\" \/>\n<meta property=\"og:locale\" content=\"es_ES\" \/>\n<meta property=\"og:type\" content=\"article\" \/>\n<meta property=\"og:title\" content=\"C\u00f3mo impugnar una licitaci\u00f3n p\u00fablica | Abogados Barcelona\" \/>\n<meta property=\"og:description\" content=\"\u00bfTu empresa ha sido excluida de una licitaci\u00f3n p\u00fablica? Te explicamos c\u00f3mo impugnarla, plazos legales y el recurso especial en contrataci\u00f3n.\" \/>\n<meta property=\"og:url\" content=\"https:\/\/fernandezadvocats.es\/es\/como-impugnar-licitacion-publica-exclusion-empresa\/\" \/>\n<meta property=\"og:site_name\" content=\"Fern\u00e1ndez Advocats\" \/>\n<meta property=\"article:published_time\" content=\"2025-10-10T07:37:34+00:00\" \/>\n<meta property=\"article:modified_time\" content=\"2026-01-21T16:40:13+00:00\" \/>\n<meta property=\"og:image\" content=\"https:\/\/fernandezadvocats.es\/wp-content\/uploads\/2025\/10\/impugnar-licitacion-publica.jpg\" \/>\n\t<meta property=\"og:image:width\" content=\"1566\" \/>\n\t<meta property=\"og:image:height\" content=\"1044\" \/>\n\t<meta property=\"og:image:type\" content=\"image\/jpeg\" \/>\n<meta name=\"author\" content=\"mrclickbarcelona@gmail.com\" \/>\n<meta name=\"twitter:card\" content=\"summary_large_image\" \/>\n<meta name=\"twitter:label1\" content=\"Escrito por\" \/>\n\t<meta name=\"twitter:data1\" content=\"mrclickbarcelona@gmail.com\" \/>\n\t<meta name=\"twitter:label2\" content=\"Tiempo de lectura\" \/>\n\t<meta name=\"twitter:data2\" content=\"3 minutos\" \/>\n<script type=\"application\/ld+json\" class=\"yoast-schema-graph\">{\"@context\":\"https:\/\/schema.org\",\"@graph\":[{\"@type\":\"Article\",\"@id\":\"https:\/\/fernandezadvocats.es\/es\/como-impugnar-licitacion-publica-exclusion-empresa\/#article\",\"isPartOf\":{\"@id\":\"https:\/\/fernandezadvocats.es\/es\/como-impugnar-licitacion-publica-exclusion-empresa\/\"},\"author\":{\"name\":\"mrclickbarcelona@gmail.com\",\"@id\":\"https:\/\/fernandezadvocats.es\/#\/schema\/person\/8ee482a071b4b039d55e3b5981b20a98\"},\"headline\":\"C\u00f3mo impugnar una licitaci\u00f3n p\u00fablica si tu empresa ha sido excluida\",\"datePublished\":\"2025-10-10T07:37:34+00:00\",\"dateModified\":\"2026-01-21T16:40:13+00:00\",\"mainEntityOfPage\":{\"@id\":\"https:\/\/fernandezadvocats.es\/es\/como-impugnar-licitacion-publica-exclusion-empresa\/\"},\"wordCount\":588,\"publisher\":{\"@id\":\"https:\/\/fernandezadvocats.es\/#organization\"},\"image\":{\"@id\":\"https:\/\/fernandezadvocats.es\/es\/como-impugnar-licitacion-publica-exclusion-empresa\/#primaryimage\"},\"thumbnailUrl\":\"https:\/\/fernandezadvocats.es\/wp-content\/uploads\/2025\/10\/impugnar-licitacion-publica.jpg\",\"articleSection\":[\"Art\u00edculos FA\",\"Contencioso-administrativo\",\"Contrataci\u00f3n P\u00fablica\"],\"inLanguage\":\"es\"},{\"@type\":\"WebPage\",\"@id\":\"https:\/\/fernandezadvocats.es\/es\/como-impugnar-licitacion-publica-exclusion-empresa\/\",\"url\":\"https:\/\/fernandezadvocats.es\/es\/como-impugnar-licitacion-publica-exclusion-empresa\/\",\"name\":\"C\u00f3mo impugnar una licitaci\u00f3n p\u00fablica | Abogados Barcelona\",\"isPartOf\":{\"@id\":\"https:\/\/fernandezadvocats.es\/#website\"},\"primaryImageOfPage\":{\"@id\":\"https:\/\/fernandezadvocats.es\/es\/como-impugnar-licitacion-publica-exclusion-empresa\/#primaryimage\"},\"image\":{\"@id\":\"https:\/\/fernandezadvocats.es\/es\/como-impugnar-licitacion-publica-exclusion-empresa\/#primaryimage\"},\"thumbnailUrl\":\"https:\/\/fernandezadvocats.es\/wp-content\/uploads\/2025\/10\/impugnar-licitacion-publica.jpg\",\"datePublished\":\"2025-10-10T07:37:34+00:00\",\"dateModified\":\"2026-01-21T16:40:13+00:00\",\"description\":\"\u00bfTu empresa ha sido excluida de una licitaci\u00f3n p\u00fablica? Te explicamos c\u00f3mo impugnarla, plazos legales y el recurso especial en contrataci\u00f3n.\",\"breadcrumb\":{\"@id\":\"https:\/\/fernandezadvocats.es\/es\/como-impugnar-licitacion-publica-exclusion-empresa\/#breadcrumb\"},\"inLanguage\":\"es\",\"potentialAction\":[{\"@type\":\"ReadAction\",\"target\":[\"https:\/\/fernandezadvocats.es\/es\/como-impugnar-licitacion-publica-exclusion-empresa\/\"]}]},{\"@type\":\"ImageObject\",\"inLanguage\":\"es\",\"@id\":\"https:\/\/fernandezadvocats.es\/es\/como-impugnar-licitacion-publica-exclusion-empresa\/#primaryimage\",\"url\":\"https:\/\/fernandezadvocats.es\/wp-content\/uploads\/2025\/10\/impugnar-licitacion-publica.jpg\",\"contentUrl\":\"https:\/\/fernandezadvocats.es\/wp-content\/uploads\/2025\/10\/impugnar-licitacion-publica.jpg\",\"width\":1566,\"height\":1044,\"caption\":\"Impugnar licitaci\u00f3n p\u00fablica\"},{\"@type\":\"BreadcrumbList\",\"@id\":\"https:\/\/fernandezadvocats.es\/es\/como-impugnar-licitacion-publica-exclusion-empresa\/#breadcrumb\",\"itemListElement\":[{\"@type\":\"ListItem\",\"position\":1,\"name\":\"Portada\",\"item\":\"https:\/\/fernandezadvocats.es\/es\/fernandez-advocats-berga\/\"},{\"@type\":\"ListItem\",\"position\":2,\"name\":\"C\u00f3mo impugnar una licitaci\u00f3n p\u00fablica si tu empresa ha sido excluida\"}]},{\"@type\":\"WebSite\",\"@id\":\"https:\/\/fernandezadvocats.es\/#website\",\"url\":\"https:\/\/fernandezadvocats.es\/\",\"name\":\"Fern\u00e1ndez Advocats\",\"description\":\"Advocats Berga i Barcelona\",\"publisher\":{\"@id\":\"https:\/\/fernandezadvocats.es\/#organization\"},\"alternateName\":\"Abogados Berga y Bracelona\",\"potentialAction\":[{\"@type\":\"SearchAction\",\"target\":{\"@type\":\"EntryPoint\",\"urlTemplate\":\"https:\/\/fernandezadvocats.es\/?s={search_term_string}\"},\"query-input\":{\"@type\":\"PropertyValueSpecification\",\"valueRequired\":true,\"valueName\":\"search_term_string\"}}],\"inLanguage\":\"es\"},{\"@type\":\"Organization\",\"@id\":\"https:\/\/fernandezadvocats.es\/#organization\",\"name\":\"Fern\u00e1ndez Advocats\",\"url\":\"https:\/\/fernandezadvocats.es\/\",\"logo\":{\"@type\":\"ImageObject\",\"inLanguage\":\"es\",\"@id\":\"https:\/\/fernandezadvocats.es\/#\/schema\/logo\/image\/\",\"url\":\"https:\/\/fernandezadvocats.es\/wp-content\/uploads\/2024\/11\/cropped-BF-e1731427554424.png\",\"contentUrl\":\"https:\/\/fernandezadvocats.es\/wp-content\/uploads\/2024\/11\/cropped-BF-e1731427554424.png\",\"width\":512,\"height\":512,\"caption\":\"Fern\u00e1ndez Advocats\"},\"image\":{\"@id\":\"https:\/\/fernandezadvocats.es\/#\/schema\/logo\/image\/\"}},{\"@type\":\"Person\",\"@id\":\"https:\/\/fernandezadvocats.es\/#\/schema\/person\/8ee482a071b4b039d55e3b5981b20a98\",\"name\":\"mrclickbarcelona@gmail.com\",\"image\":{\"@type\":\"ImageObject\",\"inLanguage\":\"es\",\"@id\":\"https:\/\/fernandezadvocats.es\/#\/schema\/person\/image\/\",\"url\":\"https:\/\/secure.gravatar.com\/avatar\/e16cc9a830d1a221b9e83b040154617903c650598282d145b5b76cdcb02f009e?s=96&d=mm&r=g\",\"contentUrl\":\"https:\/\/secure.gravatar.com\/avatar\/e16cc9a830d1a221b9e83b040154617903c650598282d145b5b76cdcb02f009e?s=96&d=mm&r=g\",\"caption\":\"mrclickbarcelona@gmail.com\"},\"url\":\"https:\/\/fernandezadvocats.es\/es\/author\/mrclickbarcelonagmail-com\/\"}]}<\/script>\n<!-- \/ Yoast SEO plugin. -->","yoast_head_json":{"title":"C\u00f3mo impugnar una licitaci\u00f3n p\u00fablica | Abogados Barcelona","description":"\u00bfTu empresa ha sido excluida de una licitaci\u00f3n p\u00fablica? Te explicamos c\u00f3mo impugnarla, plazos legales y el recurso especial en contrataci\u00f3n.","robots":{"index":"index","follow":"follow","max-snippet":"max-snippet:-1","max-image-preview":"max-image-preview:large","max-video-preview":"max-video-preview:-1"},"canonical":"https:\/\/fernandezadvocats.es\/es\/como-impugnar-licitacion-publica-exclusion-empresa\/","og_locale":"es_ES","og_type":"article","og_title":"C\u00f3mo impugnar una licitaci\u00f3n p\u00fablica | Abogados Barcelona","og_description":"\u00bfTu empresa ha sido excluida de una licitaci\u00f3n p\u00fablica? Te explicamos c\u00f3mo impugnarla, plazos legales y el recurso especial en contrataci\u00f3n.","og_url":"https:\/\/fernandezadvocats.es\/es\/como-impugnar-licitacion-publica-exclusion-empresa\/","og_site_name":"Fern\u00e1ndez Advocats","article_published_time":"2025-10-10T07:37:34+00:00","article_modified_time":"2026-01-21T16:40:13+00:00","og_image":[{"width":1566,"height":1044,"url":"https:\/\/fernandezadvocats.es\/wp-content\/uploads\/2025\/10\/impugnar-licitacion-publica.jpg","type":"image\/jpeg"}],"author":"mrclickbarcelona@gmail.com","twitter_card":"summary_large_image","twitter_misc":{"Escrito por":"mrclickbarcelona@gmail.com","Tiempo de lectura":"3 minutos"},"schema":{"@context":"https:\/\/schema.org","@graph":[{"@type":"Article","@id":"https:\/\/fernandezadvocats.es\/es\/como-impugnar-licitacion-publica-exclusion-empresa\/#article","isPartOf":{"@id":"https:\/\/fernandezadvocats.es\/es\/como-impugnar-licitacion-publica-exclusion-empresa\/"},"author":{"name":"mrclickbarcelona@gmail.com","@id":"https:\/\/fernandezadvocats.es\/#\/schema\/person\/8ee482a071b4b039d55e3b5981b20a98"},"headline":"C\u00f3mo impugnar una licitaci\u00f3n p\u00fablica si tu empresa ha sido excluida","datePublished":"2025-10-10T07:37:34+00:00","dateModified":"2026-01-21T16:40:13+00:00","mainEntityOfPage":{"@id":"https:\/\/fernandezadvocats.es\/es\/como-impugnar-licitacion-publica-exclusion-empresa\/"},"wordCount":588,"publisher":{"@id":"https:\/\/fernandezadvocats.es\/#organization"},"image":{"@id":"https:\/\/fernandezadvocats.es\/es\/como-impugnar-licitacion-publica-exclusion-empresa\/#primaryimage"},"thumbnailUrl":"https:\/\/fernandezadvocats.es\/wp-content\/uploads\/2025\/10\/impugnar-licitacion-publica.jpg","articleSection":["Art\u00edculos FA","Contencioso-administrativo","Contrataci\u00f3n P\u00fablica"],"inLanguage":"es"},{"@type":"WebPage","@id":"https:\/\/fernandezadvocats.es\/es\/como-impugnar-licitacion-publica-exclusion-empresa\/","url":"https:\/\/fernandezadvocats.es\/es\/como-impugnar-licitacion-publica-exclusion-empresa\/","name":"C\u00f3mo impugnar una licitaci\u00f3n p\u00fablica | Abogados Barcelona","isPartOf":{"@id":"https:\/\/fernandezadvocats.es\/#website"},"primaryImageOfPage":{"@id":"https:\/\/fernandezadvocats.es\/es\/como-impugnar-licitacion-publica-exclusion-empresa\/#primaryimage"},"image":{"@id":"https:\/\/fernandezadvocats.es\/es\/como-impugnar-licitacion-publica-exclusion-empresa\/#primaryimage"},"thumbnailUrl":"https:\/\/fernandezadvocats.es\/wp-content\/uploads\/2025\/10\/impugnar-licitacion-publica.jpg","datePublished":"2025-10-10T07:37:34+00:00","dateModified":"2026-01-21T16:40:13+00:00","description":"\u00bfTu empresa ha sido excluida de una licitaci\u00f3n p\u00fablica? Te explicamos c\u00f3mo impugnarla, plazos legales y el recurso especial en contrataci\u00f3n.","breadcrumb":{"@id":"https:\/\/fernandezadvocats.es\/es\/como-impugnar-licitacion-publica-exclusion-empresa\/#breadcrumb"},"inLanguage":"es","potentialAction":[{"@type":"ReadAction","target":["https:\/\/fernandezadvocats.es\/es\/como-impugnar-licitacion-publica-exclusion-empresa\/"]}]},{"@type":"ImageObject","inLanguage":"es","@id":"https:\/\/fernandezadvocats.es\/es\/como-impugnar-licitacion-publica-exclusion-empresa\/#primaryimage","url":"https:\/\/fernandezadvocats.es\/wp-content\/uploads\/2025\/10\/impugnar-licitacion-publica.jpg","contentUrl":"https:\/\/fernandezadvocats.es\/wp-content\/uploads\/2025\/10\/impugnar-licitacion-publica.jpg","width":1566,"height":1044,"caption":"Impugnar licitaci\u00f3n p\u00fablica"},{"@type":"BreadcrumbList","@id":"https:\/\/fernandezadvocats.es\/es\/como-impugnar-licitacion-publica-exclusion-empresa\/#breadcrumb","itemListElement":[{"@type":"ListItem","position":1,"name":"Portada","item":"https:\/\/fernandezadvocats.es\/es\/fernandez-advocats-berga\/"},{"@type":"ListItem","position":2,"name":"C\u00f3mo impugnar una licitaci\u00f3n p\u00fablica si tu empresa ha sido excluida"}]},{"@type":"WebSite","@id":"https:\/\/fernandezadvocats.es\/#website","url":"https:\/\/fernandezadvocats.es\/","name":"Fern\u00e1ndez Advocats","description":"Advocats Berga i Barcelona","publisher":{"@id":"https:\/\/fernandezadvocats.es\/#organization"},"alternateName":"Abogados Berga y Bracelona","potentialAction":[{"@type":"SearchAction","target":{"@type":"EntryPoint","urlTemplate":"https:\/\/fernandezadvocats.es\/?s={search_term_string}"},"query-input":{"@type":"PropertyValueSpecification","valueRequired":true,"valueName":"search_term_string"}}],"inLanguage":"es"},{"@type":"Organization","@id":"https:\/\/fernandezadvocats.es\/#organization","name":"Fern\u00e1ndez Advocats","url":"https:\/\/fernandezadvocats.es\/","logo":{"@type":"ImageObject","inLanguage":"es","@id":"https:\/\/fernandezadvocats.es\/#\/schema\/logo\/image\/","url":"https:\/\/fernandezadvocats.es\/wp-content\/uploads\/2024\/11\/cropped-BF-e1731427554424.png","contentUrl":"https:\/\/fernandezadvocats.es\/wp-content\/uploads\/2024\/11\/cropped-BF-e1731427554424.png","width":512,"height":512,"caption":"Fern\u00e1ndez Advocats"},"image":{"@id":"https:\/\/fernandezadvocats.es\/#\/schema\/logo\/image\/"}},{"@type":"Person","@id":"https:\/\/fernandezadvocats.es\/#\/schema\/person\/8ee482a071b4b039d55e3b5981b20a98","name":"mrclickbarcelona@gmail.com","image":{"@type":"ImageObject","inLanguage":"es","@id":"https:\/\/fernandezadvocats.es\/#\/schema\/person\/image\/","url":"https:\/\/secure.gravatar.com\/avatar\/e16cc9a830d1a221b9e83b040154617903c650598282d145b5b76cdcb02f009e?s=96&d=mm&r=g","contentUrl":"https:\/\/secure.gravatar.com\/avatar\/e16cc9a830d1a221b9e83b040154617903c650598282d145b5b76cdcb02f009e?s=96&d=mm&r=g","caption":"mrclickbarcelona@gmail.com"},"url":"https:\/\/fernandezadvocats.es\/es\/author\/mrclickbarcelonagmail-com\/"}]}},"_links":{"self":[{"href":"https:\/\/fernandezadvocats.es\/es\/wp-json\/wp\/v2\/posts\/253617","targetHints":{"allow":["GET"]}}],"collection":[{"href":"https:\/\/fernandezadvocats.es\/es\/wp-json\/wp\/v2\/posts"}],"about":[{"href":"https:\/\/fernandezadvocats.es\/es\/wp-json\/wp\/v2\/types\/post"}],"author":[{"embeddable":true,"href":"https:\/\/fernandezadvocats.es\/es\/wp-json\/wp\/v2\/users\/19"}],"replies":[{"embeddable":true,"href":"https:\/\/fernandezadvocats.es\/es\/wp-json\/wp\/v2\/comments?post=253617"}],"version-history":[{"count":3,"href":"https:\/\/fernandezadvocats.es\/es\/wp-json\/wp\/v2\/posts\/253617\/revisions"}],"predecessor-version":[{"id":254228,"href":"https:\/\/fernandezadvocats.es\/es\/wp-json\/wp\/v2\/posts\/253617\/revisions\/254228"}],"wp:featuredmedia":[{"embeddable":true,"href":"https:\/\/fernandezadvocats.es\/es\/wp-json\/wp\/v2\/media\/253614"}],"wp:attachment":[{"href":"https:\/\/fernandezadvocats.es\/es\/wp-json\/wp\/v2\/media?parent=253617"}],"wp:term":[{"taxonomy":"category","embeddable":true,"href":"https:\/\/fernandezadvocats.es\/es\/wp-json\/wp\/v2\/categories?post=253617"},{"taxonomy":"post_tag","embeddable":true,"href":"https:\/\/fernandezadvocats.es\/es\/wp-json\/wp\/v2\/tags?post=253617"}],"curies":[{"name":"wp","href":"https:\/\/api.w.org\/{rel}","templated":true}]}}