{"id":253642,"date":"2025-10-16T11:46:40","date_gmt":"2025-10-16T09:46:40","guid":{"rendered":"https:\/\/fernandezadvocats.es\/?p=253642"},"modified":"2026-01-21T17:38:48","modified_gmt":"2026-01-21T16:38:48","slug":"evitamos-ingreso-prision-multirreincidente-conducir-sin-carnet","status":"publish","type":"post","link":"https:\/\/fernandezadvocats.es\/es\/evitamos-ingreso-prision-multirreincidente-conducir-sin-carnet\/","title":{"rendered":"Expertise: Evitamos el ingreso a prisi\u00f3n de un multireincidente"},"content":{"rendered":"<p><span style=\"font-weight: 400;\"><strong><a href=\"https:\/\/fernandezadvocats.es\/wp-content\/uploads\/2025\/10\/EXPERTISE-conduccio-sense-carnet-2.pdf\">DESCARGAR ART\u00cdCULO COMPLETO EN PDF. <\/a><\/strong><\/span><\/p>\n<p>Nuestro despacho fue contactado por un cliente acusado de conducir sin licencia, un delito que, en apariencia, podr\u00eda parecer rutinario, pero que en este caso adquir\u00eda un alto grado de complejidad. El cliente contaba con tres sentencias firmes por hechos similares, lo que le situaba en la categor\u00eda de multireincidente y complicaba considerablemente cualquier posibilidad de evitar la prisi\u00f3n. Desde el primer momento, nuestro objetivo fue claro: proteger la libertad del acusado y buscar una soluci\u00f3n que tuviera en cuenta tanto la legalidad como su proceso de reinserci\u00f3n social.<\/p>\n<h3><span style=\"font-weight: 400;\">Primera reuni\u00f3n y estrategia inicial<\/span><\/h3>\n<p><span style=\"font-weight: 400;\">La primera reuni\u00f3n se realiz\u00f3 dos meses antes del juicio, cuando ya exist\u00eda una acusaci\u00f3n formal solicitando nueve meses de prisi\u00f3n. Nuestro cliente hab\u00eda sido previamente asesorado por otro abogado, y era fundamental revisar y valorar la l\u00ednea de defensa hasta entonces propuesta. Tras analizar la documentaci\u00f3n y antecedentes, definimos una estrategia preliminar centrada en la negociaci\u00f3n con Fiscal\u00eda y en la preparaci\u00f3n de pruebas que pudieran respaldar la defensa de nuestro cliente.<\/span><\/p>\n<p><span style=\"font-weight: 400;\">El delito imputado estaba previsto en el art\u00edculo 384, inciso segundo, del C\u00f3digo Penal, que contempla varias alternativas: trabajos en beneficio de la comunidad, pena de multa o prisi\u00f3n. Por tanto, exist\u00eda un marco legal que permit\u00eda explorar soluciones distintas a la c\u00e1rcel, aun trat\u00e1ndose de un multireincidente. Sin embargo, la respuesta inicial de la Fiscal\u00eda fue clara: dada la reincidencia y el cumplimiento previo de penas alternativas por delitos similares, la \u00fanica posibilidad que se contemplaba era la prisi\u00f3n.<\/span><\/p>\n<h3><span style=\"font-weight: 400;\">An\u00e1lisis de la situaci\u00f3n personal del cliente<\/span><\/h3>\n<p><span style=\"font-weight: 400;\">Ante este escenario, nuestra labor se centr\u00f3 en estudiar en profundidad la situaci\u00f3n personal y social de nuestro representado. Al revisar sus sentencias anteriores, se evidenci\u00f3 que los delitos se hab\u00edan cometido en un corto per\u00edodo de tiempo durante el cual el cliente atravesaba un estado de depresi\u00f3n severa y hab\u00eda ca\u00eddo en un consumo problem\u00e1tico de drogas. Estos factores no justificaban el delito, pero s\u00ed ofrec\u00edan un contexto relevante para la valoraci\u00f3n judicial.<\/span><\/p>\n<p><span style=\"font-weight: 400;\">Asimismo, se constat\u00f3 que, desde esos hechos, nuestro cliente hab\u00eda iniciado un cambio significativo en su vida. Para acreditarlo, se presentaron documentos que demostraban su evoluci\u00f3n: informes psicol\u00f3gicos, anal\u00edticas de orina con resultados negativos en t\u00f3xicos y seguimiento en un centro de desintoxicaci\u00f3n. Toda esta documentaci\u00f3n reforzaba la tesis de que se trataba de una persona que hab\u00eda asumido un compromiso serio con su rehabilitaci\u00f3n y reinserci\u00f3n<\/span><\/p>\n<h3><span style=\"font-weight: 400;\">Preparaci\u00f3n de la defensa<\/span><\/h3>\n<p><span style=\"font-weight: 400;\">Dado que en este tipo de delitos es muy dif\u00edcil negar los hechos \u2014ya que la denuncia se produce en el momento de la infracci\u00f3n y sin testigos o coartadas\u2014 nuestra estrategia consisti\u00f3 en aceptar la comisi\u00f3n del delito, pero contextualizando su conducta y apelando a su situaci\u00f3n personal. La defensa se centr\u00f3 en explicar a su se\u00f1or\u00eda que, aunque exist\u00eda reiteraci\u00f3n delictiva, era igualmente importante valorar los elementos que motivaron sus acciones y los cambios positivos que hab\u00eda experimentado.<\/span><\/p>\n<p><span style=\"font-weight: 400;\">Se hizo especial hincapi\u00e9 en la brevedad de la pena solicitada por la Fiscal\u00eda, argumentando que un ingreso en prisi\u00f3n ser\u00eda desproporcionado y podr\u00eda resultar contraproducente para la rehabilitaci\u00f3n. La idea principal era transmitir que, aunque el delito era indiscutible, la persona detr\u00e1s del delito estaba en proceso de transformaci\u00f3n y merec\u00eda una oportunidad de reinserci\u00f3n sin enfrentarse a un ambiente hostil y carcelario.<\/span><\/p>\n<h3><span style=\"font-weight: 400;\">Negociaci\u00f3n con Fiscal\u00eda<\/span><\/h3>\n<p><span style=\"font-weight: 400;\">Previo al juicio, intentamos negociar con la Fiscal\u00eda para explorar cualquier posibilidad de modificaci\u00f3n de la pena. La intenci\u00f3n era conseguir una alternativa que no implicara la prisi\u00f3n. Sin embargo, la Fiscal\u00eda mantuvo su postura: la reincidencia y los antecedentes hac\u00edan pr\u00e1cticamente inevitable que solo se contemplara una pena privativa de libertad.<\/span><\/p>\n<h3><span style=\"font-weight: 400;\">Resoluci\u00f3n judicial<\/span><\/h3>\n<p><span style=\"font-weight: 400;\">Durante el juicio, se presentaron todos los informes y pruebas que acreditaban la evoluci\u00f3n personal del acusado. Su se\u00f1or\u00eda valor\u00f3 cuidadosamente estos elementos y decidi\u00f3 imponer una pena inferior a la solicitada inicialmente, sustituyendo la prisi\u00f3n por una multa. En su resoluci\u00f3n, se destac\u00f3 el prop\u00f3sito de enmienda del acusado, su sometimiento voluntario a tratamiento de deshabituaci\u00f3n y la evoluci\u00f3n positiva demostrada. El tribunal tambi\u00e9n reconoci\u00f3 que el ingreso en prisi\u00f3n podr\u00eda ser contraproducente para su rehabilitaci\u00f3n.<\/span><\/p>\n<h3><span style=\"font-weight: 400;\">Reflexi\u00f3n final<\/span><\/h3>\n<p><span style=\"font-weight: 400;\">Aunque nuestro cliente tuvo que afrontar una multa, logr\u00f3 evitar un ingreso que parec\u00eda pr\u00e1cticamente seguro. Este caso demuestra que ganar en derecho no siempre implica obtener una sentencia absolutoria. Ganar tambi\u00e9n significa proteger la reinserci\u00f3n, y alcanzar soluciones que permitan al acusado rehacer su vida dentro de la legalidad.<\/span><\/p>\n<p><span style=\"font-weight: 400;\">La experiencia evidencia que una defensa penal efectiva requiere un enfoque humano y personalizado: analizar la situaci\u00f3n personal del acusado, identificar factores atenuantes y demostrar compromiso con la rehabilitaci\u00f3n puede marcar la diferencia entre un ingreso en prisi\u00f3n y la oportunidad de una nueva vida.<\/span><\/p>\n<p><span style=\"font-weight: 400;\">En derecho penal, el \u00e9xito muchas veces se mide en t\u00e9rminos de resultados que preservan la libertad y fomentan la reinserci\u00f3n, y este caso es un ejemplo claro de c\u00f3mo una estrategia bien fundamentada puede lograrlo incluso frente a acusaciones graves y antecedentes complejos.<\/span><\/p>\n<p>&nbsp;<\/p>\n<p><i><span style=\"font-weight: 400;\">*El presente art\u00edculo es meramente divulgativo y no supone asesoramiento ni compromiso de actualizaci\u00f3n.<\/span><\/i><\/p>\n<p><i><span style=\"font-weight: 400;\">Para m\u00e1s informaci\u00f3n o asesoramiento, contacte con info@fernandezadvocats.es.<\/span><\/i><\/p>\n<p>&nbsp;<\/p>\n","protected":false},"excerpt":{"rendered":"<p>DESCARGAR ART\u00cdCULO COMPLETO EN PDF. Nuestro despacho fue contactado por un cliente acusado de conducir sin licencia, un delito que, en apariencia, podr\u00eda parecer rutinario, pero que en este caso adquir\u00eda un alto grado de complejidad. El cliente contaba con tres sentencias firmes por hechos similares, lo que le situaba en la categor\u00eda de multireincidente [&hellip;]<\/p>\n","protected":false},"author":19,"featured_media":253640,"comment_status":"closed","ping_status":"closed","sticky":false,"template":"","format":"standard","meta":{"_et_pb_use_builder":"","_et_pb_old_content":"","_et_gb_content_width":"","footnotes":""},"categories":[44,29,75,55],"tags":[],"class_list":["post-253642","post","type-post","status-publish","format-standard","has-post-thumbnail","hentry","category-derecho-penal","category-expertise-fa-es","category-pena-de-multa","category-sentencia-2"],"yoast_head":"<!-- This site is optimized with the Yoast SEO plugin v27.1.1 - https:\/\/yoast.com\/product\/yoast-seo-wordpress\/ -->\n<title>Expertise: Evitamos el ingreso a prisi\u00f3n de un multireincidente | Fern\u00e1ndez Advocats<\/title>\n<meta name=\"description\" content=\"Caso de \u00e9xito en derecho penal: logramos sustituir la prisi\u00f3n por una multa en un caso de conducir sin carnet con antecedentes, acreditando rehabilitaci\u00f3n y reinserci\u00f3n.\" \/>\n<meta name=\"robots\" content=\"index, follow, max-snippet:-1, max-image-preview:large, max-video-preview:-1\" \/>\n<link rel=\"canonical\" href=\"https:\/\/fernandezadvocats.es\/es\/evitamos-ingreso-prision-multirreincidente-conducir-sin-carnet\/\" \/>\n<meta property=\"og:locale\" content=\"es_ES\" \/>\n<meta property=\"og:type\" content=\"article\" \/>\n<meta property=\"og:title\" content=\"Expertise: Evitamos el ingreso a prisi\u00f3n de un multireincidente | Fern\u00e1ndez Advocats\" \/>\n<meta property=\"og:description\" content=\"Caso de \u00e9xito en derecho penal: logramos sustituir la prisi\u00f3n por una multa en un caso de conducir sin carnet con antecedentes, acreditando rehabilitaci\u00f3n y reinserci\u00f3n.\" \/>\n<meta property=\"og:url\" content=\"https:\/\/fernandezadvocats.es\/es\/evitamos-ingreso-prision-multirreincidente-conducir-sin-carnet\/\" \/>\n<meta property=\"og:site_name\" content=\"Fern\u00e1ndez Advocats\" \/>\n<meta property=\"article:published_time\" content=\"2025-10-16T09:46:40+00:00\" \/>\n<meta property=\"article:modified_time\" content=\"2026-01-21T16:38:48+00:00\" \/>\n<meta property=\"og:image\" content=\"https:\/\/fernandezadvocats.es\/wp-content\/uploads\/2025\/10\/Evitem-lingres-a-preso-dun-multireincident-per-conduccio-sense-carnet.jpg\" \/>\n\t<meta property=\"og:image:width\" content=\"1485\" \/>\n\t<meta property=\"og:image:height\" content=\"990\" \/>\n\t<meta property=\"og:image:type\" content=\"image\/jpeg\" \/>\n<meta name=\"author\" content=\"mrclickbarcelona@gmail.com\" \/>\n<meta name=\"twitter:card\" content=\"summary_large_image\" \/>\n<meta name=\"twitter:label1\" content=\"Escrito por\" \/>\n\t<meta name=\"twitter:data1\" content=\"mrclickbarcelona@gmail.com\" \/>\n\t<meta name=\"twitter:label2\" content=\"Tiempo de lectura\" \/>\n\t<meta name=\"twitter:data2\" content=\"5 minutos\" \/>\n<script type=\"application\/ld+json\" class=\"yoast-schema-graph\">{\"@context\":\"https:\/\/schema.org\",\"@graph\":[{\"@type\":\"Article\",\"@id\":\"https:\/\/fernandezadvocats.es\/es\/evitamos-ingreso-prision-multirreincidente-conducir-sin-carnet\/#article\",\"isPartOf\":{\"@id\":\"https:\/\/fernandezadvocats.es\/es\/evitamos-ingreso-prision-multirreincidente-conducir-sin-carnet\/\"},\"author\":{\"name\":\"mrclickbarcelona@gmail.com\",\"@id\":\"https:\/\/fernandezadvocats.es\/#\/schema\/person\/8ee482a071b4b039d55e3b5981b20a98\"},\"headline\":\"Expertise: Evitamos el ingreso a prisi\u00f3n de un multireincidente\",\"datePublished\":\"2025-10-16T09:46:40+00:00\",\"dateModified\":\"2026-01-21T16:38:48+00:00\",\"mainEntityOfPage\":{\"@id\":\"https:\/\/fernandezadvocats.es\/es\/evitamos-ingreso-prision-multirreincidente-conducir-sin-carnet\/\"},\"wordCount\":962,\"publisher\":{\"@id\":\"https:\/\/fernandezadvocats.es\/#organization\"},\"image\":{\"@id\":\"https:\/\/fernandezadvocats.es\/es\/evitamos-ingreso-prision-multirreincidente-conducir-sin-carnet\/#primaryimage\"},\"thumbnailUrl\":\"https:\/\/fernandezadvocats.es\/wp-content\/uploads\/2025\/10\/Evitem-lingres-a-preso-dun-multireincident-per-conduccio-sense-carnet.jpg\",\"articleSection\":[\"Derecho Penal\",\"Expertise FA\",\"Pena de Multa\",\"Sentencia\"],\"inLanguage\":\"es\"},{\"@type\":\"WebPage\",\"@id\":\"https:\/\/fernandezadvocats.es\/es\/evitamos-ingreso-prision-multirreincidente-conducir-sin-carnet\/\",\"url\":\"https:\/\/fernandezadvocats.es\/es\/evitamos-ingreso-prision-multirreincidente-conducir-sin-carnet\/\",\"name\":\"Expertise: Evitamos el ingreso a prisi\u00f3n de un multireincidente | Fern\u00e1ndez Advocats\",\"isPartOf\":{\"@id\":\"https:\/\/fernandezadvocats.es\/#website\"},\"primaryImageOfPage\":{\"@id\":\"https:\/\/fernandezadvocats.es\/es\/evitamos-ingreso-prision-multirreincidente-conducir-sin-carnet\/#primaryimage\"},\"image\":{\"@id\":\"https:\/\/fernandezadvocats.es\/es\/evitamos-ingreso-prision-multirreincidente-conducir-sin-carnet\/#primaryimage\"},\"thumbnailUrl\":\"https:\/\/fernandezadvocats.es\/wp-content\/uploads\/2025\/10\/Evitem-lingres-a-preso-dun-multireincident-per-conduccio-sense-carnet.jpg\",\"datePublished\":\"2025-10-16T09:46:40+00:00\",\"dateModified\":\"2026-01-21T16:38:48+00:00\",\"description\":\"Caso de \u00e9xito en derecho penal: logramos sustituir la prisi\u00f3n por una multa en un caso de conducir sin carnet con antecedentes, acreditando rehabilitaci\u00f3n y reinserci\u00f3n.\",\"breadcrumb\":{\"@id\":\"https:\/\/fernandezadvocats.es\/es\/evitamos-ingreso-prision-multirreincidente-conducir-sin-carnet\/#breadcrumb\"},\"inLanguage\":\"es\",\"potentialAction\":[{\"@type\":\"ReadAction\",\"target\":[\"https:\/\/fernandezadvocats.es\/es\/evitamos-ingreso-prision-multirreincidente-conducir-sin-carnet\/\"]}]},{\"@type\":\"ImageObject\",\"inLanguage\":\"es\",\"@id\":\"https:\/\/fernandezadvocats.es\/es\/evitamos-ingreso-prision-multirreincidente-conducir-sin-carnet\/#primaryimage\",\"url\":\"https:\/\/fernandezadvocats.es\/wp-content\/uploads\/2025\/10\/Evitem-lingres-a-preso-dun-multireincident-per-conduccio-sense-carnet.jpg\",\"contentUrl\":\"https:\/\/fernandezadvocats.es\/wp-content\/uploads\/2025\/10\/Evitem-lingres-a-preso-dun-multireincident-per-conduccio-sense-carnet.jpg\",\"width\":1485,\"height\":990,\"caption\":\"Evitem l\u2019ingr\u00e9s a pres\u00f3 d\u2019un multireincident per conducci\u00f3 sense carnet\"},{\"@type\":\"BreadcrumbList\",\"@id\":\"https:\/\/fernandezadvocats.es\/es\/evitamos-ingreso-prision-multirreincidente-conducir-sin-carnet\/#breadcrumb\",\"itemListElement\":[{\"@type\":\"ListItem\",\"position\":1,\"name\":\"Portada\",\"item\":\"https:\/\/fernandezadvocats.es\/es\/fernandez-advocats-berga\/\"},{\"@type\":\"ListItem\",\"position\":2,\"name\":\"Expertise: Evitamos el ingreso a prisi\u00f3n de un multireincidente\"}]},{\"@type\":\"WebSite\",\"@id\":\"https:\/\/fernandezadvocats.es\/#website\",\"url\":\"https:\/\/fernandezadvocats.es\/\",\"name\":\"Fern\u00e1ndez Advocats\",\"description\":\"Advocats Berga i Barcelona\",\"publisher\":{\"@id\":\"https:\/\/fernandezadvocats.es\/#organization\"},\"alternateName\":\"Abogados Berga y Bracelona\",\"potentialAction\":[{\"@type\":\"SearchAction\",\"target\":{\"@type\":\"EntryPoint\",\"urlTemplate\":\"https:\/\/fernandezadvocats.es\/?s={search_term_string}\"},\"query-input\":{\"@type\":\"PropertyValueSpecification\",\"valueRequired\":true,\"valueName\":\"search_term_string\"}}],\"inLanguage\":\"es\"},{\"@type\":\"Organization\",\"@id\":\"https:\/\/fernandezadvocats.es\/#organization\",\"name\":\"Fern\u00e1ndez Advocats\",\"url\":\"https:\/\/fernandezadvocats.es\/\",\"logo\":{\"@type\":\"ImageObject\",\"inLanguage\":\"es\",\"@id\":\"https:\/\/fernandezadvocats.es\/#\/schema\/logo\/image\/\",\"url\":\"https:\/\/fernandezadvocats.es\/wp-content\/uploads\/2024\/11\/cropped-BF-e1731427554424.png\",\"contentUrl\":\"https:\/\/fernandezadvocats.es\/wp-content\/uploads\/2024\/11\/cropped-BF-e1731427554424.png\",\"width\":512,\"height\":512,\"caption\":\"Fern\u00e1ndez Advocats\"},\"image\":{\"@id\":\"https:\/\/fernandezadvocats.es\/#\/schema\/logo\/image\/\"}},{\"@type\":\"Person\",\"@id\":\"https:\/\/fernandezadvocats.es\/#\/schema\/person\/8ee482a071b4b039d55e3b5981b20a98\",\"name\":\"mrclickbarcelona@gmail.com\",\"image\":{\"@type\":\"ImageObject\",\"inLanguage\":\"es\",\"@id\":\"https:\/\/fernandezadvocats.es\/#\/schema\/person\/image\/\",\"url\":\"https:\/\/secure.gravatar.com\/avatar\/e16cc9a830d1a221b9e83b040154617903c650598282d145b5b76cdcb02f009e?s=96&d=mm&r=g\",\"contentUrl\":\"https:\/\/secure.gravatar.com\/avatar\/e16cc9a830d1a221b9e83b040154617903c650598282d145b5b76cdcb02f009e?s=96&d=mm&r=g\",\"caption\":\"mrclickbarcelona@gmail.com\"},\"url\":\"https:\/\/fernandezadvocats.es\/es\/author\/mrclickbarcelonagmail-com\/\"}]}<\/script>\n<!-- \/ Yoast SEO plugin. -->","yoast_head_json":{"title":"Expertise: Evitamos el ingreso a prisi\u00f3n de un multireincidente | Fern\u00e1ndez Advocats","description":"Caso de \u00e9xito en derecho penal: logramos sustituir la prisi\u00f3n por una multa en un caso de conducir sin carnet con antecedentes, acreditando rehabilitaci\u00f3n y reinserci\u00f3n.","robots":{"index":"index","follow":"follow","max-snippet":"max-snippet:-1","max-image-preview":"max-image-preview:large","max-video-preview":"max-video-preview:-1"},"canonical":"https:\/\/fernandezadvocats.es\/es\/evitamos-ingreso-prision-multirreincidente-conducir-sin-carnet\/","og_locale":"es_ES","og_type":"article","og_title":"Expertise: Evitamos el ingreso a prisi\u00f3n de un multireincidente | Fern\u00e1ndez Advocats","og_description":"Caso de \u00e9xito en derecho penal: logramos sustituir la prisi\u00f3n por una multa en un caso de conducir sin carnet con antecedentes, acreditando rehabilitaci\u00f3n y reinserci\u00f3n.","og_url":"https:\/\/fernandezadvocats.es\/es\/evitamos-ingreso-prision-multirreincidente-conducir-sin-carnet\/","og_site_name":"Fern\u00e1ndez Advocats","article_published_time":"2025-10-16T09:46:40+00:00","article_modified_time":"2026-01-21T16:38:48+00:00","og_image":[{"width":1485,"height":990,"url":"https:\/\/fernandezadvocats.es\/wp-content\/uploads\/2025\/10\/Evitem-lingres-a-preso-dun-multireincident-per-conduccio-sense-carnet.jpg","type":"image\/jpeg"}],"author":"mrclickbarcelona@gmail.com","twitter_card":"summary_large_image","twitter_misc":{"Escrito por":"mrclickbarcelona@gmail.com","Tiempo de lectura":"5 minutos"},"schema":{"@context":"https:\/\/schema.org","@graph":[{"@type":"Article","@id":"https:\/\/fernandezadvocats.es\/es\/evitamos-ingreso-prision-multirreincidente-conducir-sin-carnet\/#article","isPartOf":{"@id":"https:\/\/fernandezadvocats.es\/es\/evitamos-ingreso-prision-multirreincidente-conducir-sin-carnet\/"},"author":{"name":"mrclickbarcelona@gmail.com","@id":"https:\/\/fernandezadvocats.es\/#\/schema\/person\/8ee482a071b4b039d55e3b5981b20a98"},"headline":"Expertise: Evitamos el ingreso a prisi\u00f3n de un multireincidente","datePublished":"2025-10-16T09:46:40+00:00","dateModified":"2026-01-21T16:38:48+00:00","mainEntityOfPage":{"@id":"https:\/\/fernandezadvocats.es\/es\/evitamos-ingreso-prision-multirreincidente-conducir-sin-carnet\/"},"wordCount":962,"publisher":{"@id":"https:\/\/fernandezadvocats.es\/#organization"},"image":{"@id":"https:\/\/fernandezadvocats.es\/es\/evitamos-ingreso-prision-multirreincidente-conducir-sin-carnet\/#primaryimage"},"thumbnailUrl":"https:\/\/fernandezadvocats.es\/wp-content\/uploads\/2025\/10\/Evitem-lingres-a-preso-dun-multireincident-per-conduccio-sense-carnet.jpg","articleSection":["Derecho Penal","Expertise FA","Pena de Multa","Sentencia"],"inLanguage":"es"},{"@type":"WebPage","@id":"https:\/\/fernandezadvocats.es\/es\/evitamos-ingreso-prision-multirreincidente-conducir-sin-carnet\/","url":"https:\/\/fernandezadvocats.es\/es\/evitamos-ingreso-prision-multirreincidente-conducir-sin-carnet\/","name":"Expertise: Evitamos el ingreso a prisi\u00f3n de un multireincidente | Fern\u00e1ndez Advocats","isPartOf":{"@id":"https:\/\/fernandezadvocats.es\/#website"},"primaryImageOfPage":{"@id":"https:\/\/fernandezadvocats.es\/es\/evitamos-ingreso-prision-multirreincidente-conducir-sin-carnet\/#primaryimage"},"image":{"@id":"https:\/\/fernandezadvocats.es\/es\/evitamos-ingreso-prision-multirreincidente-conducir-sin-carnet\/#primaryimage"},"thumbnailUrl":"https:\/\/fernandezadvocats.es\/wp-content\/uploads\/2025\/10\/Evitem-lingres-a-preso-dun-multireincident-per-conduccio-sense-carnet.jpg","datePublished":"2025-10-16T09:46:40+00:00","dateModified":"2026-01-21T16:38:48+00:00","description":"Caso de \u00e9xito en derecho penal: logramos sustituir la prisi\u00f3n por una multa en un caso de conducir sin carnet con antecedentes, acreditando rehabilitaci\u00f3n y reinserci\u00f3n.","breadcrumb":{"@id":"https:\/\/fernandezadvocats.es\/es\/evitamos-ingreso-prision-multirreincidente-conducir-sin-carnet\/#breadcrumb"},"inLanguage":"es","potentialAction":[{"@type":"ReadAction","target":["https:\/\/fernandezadvocats.es\/es\/evitamos-ingreso-prision-multirreincidente-conducir-sin-carnet\/"]}]},{"@type":"ImageObject","inLanguage":"es","@id":"https:\/\/fernandezadvocats.es\/es\/evitamos-ingreso-prision-multirreincidente-conducir-sin-carnet\/#primaryimage","url":"https:\/\/fernandezadvocats.es\/wp-content\/uploads\/2025\/10\/Evitem-lingres-a-preso-dun-multireincident-per-conduccio-sense-carnet.jpg","contentUrl":"https:\/\/fernandezadvocats.es\/wp-content\/uploads\/2025\/10\/Evitem-lingres-a-preso-dun-multireincident-per-conduccio-sense-carnet.jpg","width":1485,"height":990,"caption":"Evitem l\u2019ingr\u00e9s a pres\u00f3 d\u2019un multireincident per conducci\u00f3 sense carnet"},{"@type":"BreadcrumbList","@id":"https:\/\/fernandezadvocats.es\/es\/evitamos-ingreso-prision-multirreincidente-conducir-sin-carnet\/#breadcrumb","itemListElement":[{"@type":"ListItem","position":1,"name":"Portada","item":"https:\/\/fernandezadvocats.es\/es\/fernandez-advocats-berga\/"},{"@type":"ListItem","position":2,"name":"Expertise: Evitamos el ingreso a prisi\u00f3n de un multireincidente"}]},{"@type":"WebSite","@id":"https:\/\/fernandezadvocats.es\/#website","url":"https:\/\/fernandezadvocats.es\/","name":"Fern\u00e1ndez Advocats","description":"Advocats Berga i Barcelona","publisher":{"@id":"https:\/\/fernandezadvocats.es\/#organization"},"alternateName":"Abogados Berga y Bracelona","potentialAction":[{"@type":"SearchAction","target":{"@type":"EntryPoint","urlTemplate":"https:\/\/fernandezadvocats.es\/?s={search_term_string}"},"query-input":{"@type":"PropertyValueSpecification","valueRequired":true,"valueName":"search_term_string"}}],"inLanguage":"es"},{"@type":"Organization","@id":"https:\/\/fernandezadvocats.es\/#organization","name":"Fern\u00e1ndez Advocats","url":"https:\/\/fernandezadvocats.es\/","logo":{"@type":"ImageObject","inLanguage":"es","@id":"https:\/\/fernandezadvocats.es\/#\/schema\/logo\/image\/","url":"https:\/\/fernandezadvocats.es\/wp-content\/uploads\/2024\/11\/cropped-BF-e1731427554424.png","contentUrl":"https:\/\/fernandezadvocats.es\/wp-content\/uploads\/2024\/11\/cropped-BF-e1731427554424.png","width":512,"height":512,"caption":"Fern\u00e1ndez Advocats"},"image":{"@id":"https:\/\/fernandezadvocats.es\/#\/schema\/logo\/image\/"}},{"@type":"Person","@id":"https:\/\/fernandezadvocats.es\/#\/schema\/person\/8ee482a071b4b039d55e3b5981b20a98","name":"mrclickbarcelona@gmail.com","image":{"@type":"ImageObject","inLanguage":"es","@id":"https:\/\/fernandezadvocats.es\/#\/schema\/person\/image\/","url":"https:\/\/secure.gravatar.com\/avatar\/e16cc9a830d1a221b9e83b040154617903c650598282d145b5b76cdcb02f009e?s=96&d=mm&r=g","contentUrl":"https:\/\/secure.gravatar.com\/avatar\/e16cc9a830d1a221b9e83b040154617903c650598282d145b5b76cdcb02f009e?s=96&d=mm&r=g","caption":"mrclickbarcelona@gmail.com"},"url":"https:\/\/fernandezadvocats.es\/es\/author\/mrclickbarcelonagmail-com\/"}]}},"_links":{"self":[{"href":"https:\/\/fernandezadvocats.es\/es\/wp-json\/wp\/v2\/posts\/253642","targetHints":{"allow":["GET"]}}],"collection":[{"href":"https:\/\/fernandezadvocats.es\/es\/wp-json\/wp\/v2\/posts"}],"about":[{"href":"https:\/\/fernandezadvocats.es\/es\/wp-json\/wp\/v2\/types\/post"}],"author":[{"embeddable":true,"href":"https:\/\/fernandezadvocats.es\/es\/wp-json\/wp\/v2\/users\/19"}],"replies":[{"embeddable":true,"href":"https:\/\/fernandezadvocats.es\/es\/wp-json\/wp\/v2\/comments?post=253642"}],"version-history":[{"count":3,"href":"https:\/\/fernandezadvocats.es\/es\/wp-json\/wp\/v2\/posts\/253642\/revisions"}],"predecessor-version":[{"id":254225,"href":"https:\/\/fernandezadvocats.es\/es\/wp-json\/wp\/v2\/posts\/253642\/revisions\/254225"}],"wp:featuredmedia":[{"embeddable":true,"href":"https:\/\/fernandezadvocats.es\/es\/wp-json\/wp\/v2\/media\/253640"}],"wp:attachment":[{"href":"https:\/\/fernandezadvocats.es\/es\/wp-json\/wp\/v2\/media?parent=253642"}],"wp:term":[{"taxonomy":"category","embeddable":true,"href":"https:\/\/fernandezadvocats.es\/es\/wp-json\/wp\/v2\/categories?post=253642"},{"taxonomy":"post_tag","embeddable":true,"href":"https:\/\/fernandezadvocats.es\/es\/wp-json\/wp\/v2\/tags?post=253642"}],"curies":[{"name":"wp","href":"https:\/\/api.w.org\/{rel}","templated":true}]}}