{"id":253741,"date":"2025-11-11T10:13:03","date_gmt":"2025-11-11T09:13:03","guid":{"rendered":"https:\/\/fernandezadvocats.es\/?p=253741"},"modified":"2026-01-21T17:22:28","modified_gmt":"2026-01-21T16:22:28","slug":"licitador-excluido-proceso-licitacion-administrativa-derecho-recurrir","status":"publish","type":"post","link":"https:\/\/fernandezadvocats.es\/es\/licitador-excluido-proceso-licitacion-administrativa-derecho-recurrir\/","title":{"rendered":"Licitador excluido en el proceso de licitaci\u00f3n administrativa: \u00bfhasta d\u00f3nde llega el derecho a recurrir?"},"content":{"rendered":"<p><strong><a href=\"https:\/\/fernandezadvocats.es\/wp-content\/uploads\/2025\/11\/Licitador-exclos-en-el-proces-de-licitacio-administrativa.pdf\">DESCARGAR ART\u00cdCULO COMPLETO EN PDF.<\/a><\/strong><\/p>\n<p><b>An\u00e1lisis de la Resoluci\u00f3n TCCSP n\u00ba 333\/2025 de 31 de julio<\/b><\/p>\n<p><span style=\"font-weight: 400;\">En el \u00e1mbito de la contrataci\u00f3n p\u00fablica, la legitimaci\u00f3n para recurrir es una cuesti\u00f3n procesal clave que delimita taxativamente y desde el inicio qui\u00e9n puede impugnar las decisiones de la Administraci\u00f3n y en qu\u00e9 momento.<\/span><span style=\"font-weight: 400;\"><br \/>\n<\/span><span style=\"font-weight: 400;\"> Una de las situaciones m\u00e1s complejas al respecto surge cuando un licitador, despu\u00e9s de ser excluido de un procedimiento, pretende impugnar la adjudicaci\u00f3n del contrato a otra empresa.<\/span><\/p>\n<p><span style=\"font-weight: 400;\">La reciente Resoluci\u00f3n n\u00ba 333\/2025, de 31 de julio, dictada por el <\/span><b>Tribunal Catal\u00e1n de Contratos del Sector P\u00fablico (TCCSP)<\/b><span style=\"font-weight: 400;\"> aclara de manera contundente los l\u00edmites de esta legitimaci\u00f3n, consolidando una doctrina alineada con el derecho europeo y la jurisprudencia del <\/span><b>Tribunal de Justicia de la Uni\u00f3n Europea (TJUE)<\/b><span style=\"font-weight: 400;\">.<\/span><\/p>\n<p><span style=\"font-weight: 400;\">El caso analizado por el TCCSP presenta una serie de peculiaridades que permiten un an\u00e1lisis did\u00e1ctico interesante sobre cuestiones habituales y debatidas que deben tenerse en cuenta a la hora de interponer recursos especiales, como son los l\u00edmites de la <\/span><b>legitimaci\u00f3n activa<\/b><span style=\"font-weight: 400;\"> de las empresas que pretenden impugnar decisiones de los \u00f3rganos de contrataci\u00f3n.<\/span><\/p>\n<h2><b>1. Antecedentes del caso<\/b><\/h2>\n<p><span style=\"font-weight: 400;\">La problem\u00e1tica que se presenta tiene su origen en una licitaci\u00f3n del <\/span><b>Servicio Catal\u00e1n de la Salud (CatSalut)<\/b><span style=\"font-weight: 400;\"> para el suministro de exoesqueletos.<\/span><span style=\"font-weight: 400;\"><br \/>\n<\/span><span style=\"font-weight: 400;\"> La empresa <\/span><b>GMR SL<\/b><span style=\"font-weight: 400;\"> fue excluida del procedimiento por un presunto incumplimiento t\u00e9cnico.<\/span><\/p>\n<p><span style=\"font-weight: 400;\">Esta decisi\u00f3n fue objeto de un primer recurso especial, que el TCCSP desestim\u00f3 previamente mediante su <\/span><b>Resoluci\u00f3n n\u00ba 214\/2025<\/b><span style=\"font-weight: 400;\">, confirmando as\u00ed la legalidad de la exclusi\u00f3n.<\/span><\/p>\n<p><span style=\"font-weight: 400;\">Posteriormente, el CatSalut adjudic\u00f3 el contrato a la empresa <\/span><b>AHM SL<\/b><span style=\"font-weight: 400;\">.<\/span><span style=\"font-weight: 400;\"><br \/>\n<\/span><span style=\"font-weight: 400;\"> En ese momento, GMR SL interpuso un segundo recurso especial, esta vez contra el acuerdo de adjudicaci\u00f3n.<\/span><\/p>\n<p><span style=\"font-weight: 400;\">Para fundamentar su legitimaci\u00f3n, la recurrente esgrimi\u00f3 dos argumentos principales:<\/span><\/p>\n<p><span style=\"font-weight: 400;\">a) Que su exclusi\u00f3n no era firme, ya que hab\u00eda interpuesto un recurso contencioso-administrativo ante el <\/span><b>Tribunal Superior de Justicia de Catalu\u00f1a<\/b><span style=\"font-weight: 400;\">;<\/span><span style=\"font-weight: 400;\"><br \/>\n<\/span><span style=\"font-weight: 400;\"> b) Que ostentaba un inter\u00e9s leg\u00edtimo derivado de la posibilidad de que, si se anulaba la adjudicaci\u00f3n, la licitaci\u00f3n se declarara desierta y se convocara un nuevo procedimiento en el que podr\u00eda participar.<\/span><\/p>\n<h2><b>2. An\u00e1lisis de la legitimaci\u00f3n activa de la entidad recurrente por parte del TCCSP<\/b><\/h2>\n<p><span style=\"font-weight: 400;\">El Tribunal Catal\u00e1n aborda ambos argumentos para concluir que la recurrente no tiene legitimaci\u00f3n activa para impugnar la adjudicaci\u00f3n, y dictamina la inadmisi\u00f3n del recurso especial, no sin una importante y nutrida resoluci\u00f3n al respecto:<\/span><\/p>\n<p><b>El inter\u00e9s en una nueva licitaci\u00f3n: un beneficio hipot\u00e9tico y no un inter\u00e9s leg\u00edtimo.<\/b><b><br \/>\n<\/b><span style=\"font-weight: 400;\"> El TCCSP descarta r\u00e1pidamente el segundo argumento. Considera que el posible beneficio de participar en una futura licitaci\u00f3n es meramente \u201chipot\u00e9tico y eventual\u201d, no cierto y directo.<\/span><\/p>\n<p><span style=\"font-weight: 400;\">El Tribunal recuerda que la normativa de contrataci\u00f3n p\u00fablica no obliga al \u00f3rgano de contrataci\u00f3n a convocar una nueva licitaci\u00f3n si la actual se declara desierta, ni a hacerlo en los mismos t\u00e9rminos (vid. Resoluci\u00f3n del <\/span><b>Tribunal Administrativo Central de Recursos Contractuales \u2013 TACRC \u2013 n\u00ba 149\/2020, de 26 de marzo<\/b><span style=\"font-weight: 400;\">).<\/span><\/p>\n<p><span style=\"font-weight: 400;\">Este razonamiento se alinea perfectamente con la doctrina consolidada del TCCSP (entre muchas, la <\/span><b>Resoluci\u00f3n TCCSP n\u00ba 243\/2025, de 28 de mayo<\/b><span style=\"font-weight: 400;\">) as\u00ed como tambi\u00e9n con la de otros tribunales, como el TACRC, que rechaza sistem\u00e1ticamente los recursos basados en un inter\u00e9s gen\u00e9rico en la legalidad.<\/span><\/p>\n<p><span style=\"font-weight: 400;\">Como se establece, por ejemplo, y entre otras, en la <\/span><b>Resoluci\u00f3n TACRC n\u00ba 1391\/2023, de 27 de octubre<\/b><span style=\"font-weight: 400;\">, el recurso especial no admite la acci\u00f3n popular, o en la <\/span><b>Resoluci\u00f3n TACRC n\u00ba 146\/2023, de 9 de febrero<\/b><span style=\"font-weight: 400;\">, que comentaba que:<\/span><\/p>\n<blockquote><p><span style=\"font-weight: 400;\">\u201c&#8230;el inter\u00e9s invocado ha de ser un inter\u00e9s cualificado por su vinculaci\u00f3n al objeto de la impugnaci\u00f3n\u2026 el inter\u00e9s simple y general de la eventual restauraci\u00f3n de la legalidad supuestamente vulnerada y de la satisfacci\u00f3n moral o de otra \u00edndole que pueda reportarle a la reclamante el que no resulten adjudicatarias algunas otras empresas licitadoras, toda vez que nuestro ordenamiento no reconoce la acci\u00f3n popular en materia de contrataci\u00f3n p\u00fablica.\u201d<\/span><\/p><\/blockquote>\n<p><span style=\"font-weight: 400;\">El <\/span><b>art\u00edculo 48 de la Ley de Contratos del Sector P\u00fablico<\/b><span style=\"font-weight: 400;\"> exige que los derechos o intereses leg\u00edtimos del recurrente se vean perjudicados o puedan resultar afectados, de manera directa o indirecta.<\/span><span style=\"font-weight: 400;\"><br \/>\n<\/span><span style=\"font-weight: 400;\"> Un inter\u00e9s abstracto en el cumplimiento de la legalidad, sin un v\u00ednculo directo con la posibilidad de obtener el contrato, no cumple este requisito.<\/span><span style=\"font-weight: 400;\"><br \/>\n<\/span><span style=\"font-weight: 400;\"> Por tanto, la esperanza de una nueva licitaci\u00f3n <\/span><b>no confiere legitimaci\u00f3n<\/b><span style=\"font-weight: 400;\">.<\/span><\/p>\n<p><b>El concepto clave de la exclusi\u00f3n \u201cdefinitiva\u201d seg\u00fan la doctrina del TJUE.<\/b><\/p>\n<p><b><\/b><span style=\"font-weight: 400;\"> El n\u00facleo de la resoluci\u00f3n radica en el an\u00e1lisis del primer argumento: el car\u00e1cter no firme de la exclusi\u00f3n.<\/span><span style=\"font-weight: 400;\"><br \/>\n<\/span><span style=\"font-weight: 400;\"> El TCCSP recurre a la <\/span><b>Directiva 89\/665\/CEE<\/b><span style=\"font-weight: 400;\"> y a la jurisprudencia del TJUE (vid. <\/span><b>STJUE de 9 de febrero de 2023, C-53\/22<\/b><span style=\"font-weight: 400;\">) para determinar cu\u00e1ndo una decisi\u00f3n de exclusi\u00f3n se convierte en \u201cdefinitiva\u201d a efectos de poder recurrir actos posteriores.<\/span><\/p>\n<p><span style=\"font-weight: 400;\">Seg\u00fan el TJUE, una exclusi\u00f3n es definitiva cuando ha sido notificada al licitador y, adem\u00e1s, ha sido considerada legal por un \u00f3rgano de recurso independiente o ya no puede ser objeto de recurso.<\/span><\/p>\n<p><span style=\"font-weight: 400;\">El TCCSP afirma, citando jurisprudencia previa del TJUE, que \u00e9l mismo tiene la consideraci\u00f3n de <\/span><b>\u201c\u00f3rgano de recurso independiente\u201d<\/b><span style=\"font-weight: 400;\"> en Catalu\u00f1a.<\/span><span style=\"font-weight: 400;\"><br \/>\n<\/span><span style=\"font-weight: 400;\"> En consecuencia, en el momento en que el Tribunal dict\u00f3 la <\/span><b>Resoluci\u00f3n n\u00ba 214\/2025<\/b><span style=\"font-weight: 400;\">, desestimando el recurso de GMR SL contra su exclusi\u00f3n, \u00e9sta adquiri\u00f3 car\u00e1cter <\/span><b>\u201cdefinitivo en v\u00eda administrativa.\u201d<\/b><\/p>\n<p><span style=\"font-weight: 400;\">Esta \u201cdefinitividad\u201d implica que GMR perdi\u00f3 su condici\u00f3n de licitador y, por tanto, cualquier inter\u00e9s leg\u00edtimo y directo en los actos posteriores del procedimiento, como la adjudicaci\u00f3n.<\/span><\/p>\n<p><span style=\"font-weight: 400;\">No obstante, el hecho de que la exclusi\u00f3n est\u00e9 pendiente de revisi\u00f3n en la v\u00eda contencioso-administrativa no altera esta conclusi\u00f3n en el \u00e1mbito del recurso especial.<\/span><span style=\"font-weight: 400;\"><br \/>\n<\/span><span style=\"font-weight: 400;\"> De esta manera, si GMR obtuviera una sentencia favorable del TSJC, esta comportar\u00eda la anulaci\u00f3n de todo el procedimiento posterior, incluida la adjudicaci\u00f3n, pero este es un efecto de la v\u00eda judicial, no una raz\u00f3n para mantener abierta la v\u00eda del recurso especial administrativo ni su legitimaci\u00f3n en este punto o fase.<\/span><\/p>\n<h2><b>3. Implicaciones pr\u00e1cticas de la doctrina comentada<\/b><\/h2>\n<p><span style=\"font-weight: 400;\">Esta resoluci\u00f3n supone un aviso importante para las empresas interesadas en las licitaciones, m\u00e1xime cuando consolida una interpretaci\u00f3n coherente y alineada con el derecho europeo, delimitando claramente los caminos procesales y el concepto de inter\u00e9s leg\u00edtimo en cada caso y escenario.<\/span><\/p>\n<p><span style=\"font-weight: 400;\">Por otra parte, la batalla contra una exclusi\u00f3n es una lucha que, una vez agotada la v\u00eda administrativa especial ante los Tribunales Administrativos de Contrataci\u00f3n, <\/span><b>traslada definitivamente el campo de juego a la jurisdicci\u00f3n contencioso-administrativa.<\/b><\/p>\n<h2><\/h2>\n<p><i><span style=\"font-weight: 400;\">El presente art\u00edculo es meramente divulgativo y no supone asesoramiento ni compromiso de actualizaci\u00f3n.<\/span><\/i><i><span style=\"font-weight: 400;\"><br \/>\n<\/span><\/i><span style=\"font-weight: 400;\"> Para m\u00e1s informaci\u00f3n o asesoramiento, contacte con <\/span><b>info@fernandezadvocats.es<\/b><\/p>\n<h2><\/h2>\n<p>&nbsp;<\/p>\n","protected":false},"excerpt":{"rendered":"<p>DESCARGAR ART\u00cdCULO COMPLETO EN PDF. An\u00e1lisis de la Resoluci\u00f3n TCCSP n\u00ba 333\/2025 de 31 de julio En el \u00e1mbito de la contrataci\u00f3n p\u00fablica, la legitimaci\u00f3n para recurrir es una cuesti\u00f3n procesal clave que delimita taxativamente y desde el inicio qui\u00e9n puede impugnar las decisiones de la Administraci\u00f3n y en qu\u00e9 momento. Una de las situaciones [&hellip;]<\/p>\n","protected":false},"author":19,"featured_media":253736,"comment_status":"closed","ping_status":"closed","sticky":false,"template":"","format":"standard","meta":{"_et_pb_use_builder":"","_et_pb_old_content":"","_et_gb_content_width":"","footnotes":""},"categories":[28,96,130,131],"tags":[],"class_list":["post-253741","post","type-post","status-publish","format-standard","has-post-thumbnail","hentry","category-articulos-fa","category-contencioso-administrativo","category-contratacion-publica","category-derecho-administrativo"],"yoast_head":"<!-- This site is optimized with the Yoast SEO plugin v27.1.1 - https:\/\/yoast.com\/product\/yoast-seo-wordpress\/ -->\n<title>Licitador excluido en proceso de licitaci\u00f3n administrativa | Fern\u00e1ndez Advocats<\/title>\n<meta name=\"description\" content=\"El TCCSP define los l\u00edmites del derecho a recurrir de un licitador excluido. An\u00e1lisis de la Resoluci\u00f3n 333\/2025 y la doctrina del TJUE sobre legitimaci\u00f3n activa.\" \/>\n<meta name=\"robots\" content=\"index, follow, max-snippet:-1, max-image-preview:large, max-video-preview:-1\" \/>\n<link rel=\"canonical\" href=\"https:\/\/fernandezadvocats.es\/es\/licitador-excluido-proceso-licitacion-administrativa-derecho-recurrir\/\" \/>\n<meta property=\"og:locale\" content=\"es_ES\" \/>\n<meta property=\"og:type\" content=\"article\" \/>\n<meta property=\"og:title\" content=\"Licitador excluido en proceso de licitaci\u00f3n administrativa | Fern\u00e1ndez Advocats\" \/>\n<meta property=\"og:description\" content=\"El TCCSP define los l\u00edmites del derecho a recurrir de un licitador excluido. An\u00e1lisis de la Resoluci\u00f3n 333\/2025 y la doctrina del TJUE sobre legitimaci\u00f3n activa.\" \/>\n<meta property=\"og:url\" content=\"https:\/\/fernandezadvocats.es\/es\/licitador-excluido-proceso-licitacion-administrativa-derecho-recurrir\/\" \/>\n<meta property=\"og:site_name\" content=\"Fern\u00e1ndez Advocats\" \/>\n<meta property=\"article:published_time\" content=\"2025-11-11T09:13:03+00:00\" \/>\n<meta property=\"article:modified_time\" content=\"2026-01-21T16:22:28+00:00\" \/>\n<meta property=\"og:image\" content=\"https:\/\/fernandezadvocats.es\/wp-content\/uploads\/2025\/11\/Recurs-especial-en-contractacio-publica.jpg\" \/>\n\t<meta property=\"og:image:width\" content=\"1436\" \/>\n\t<meta property=\"og:image:height\" content=\"957\" \/>\n\t<meta property=\"og:image:type\" content=\"image\/jpeg\" \/>\n<meta name=\"author\" content=\"mrclickbarcelona@gmail.com\" \/>\n<meta name=\"twitter:card\" content=\"summary_large_image\" \/>\n<meta name=\"twitter:label1\" content=\"Escrito por\" \/>\n\t<meta name=\"twitter:data1\" content=\"mrclickbarcelona@gmail.com\" \/>\n\t<meta name=\"twitter:label2\" content=\"Tiempo de lectura\" \/>\n\t<meta name=\"twitter:data2\" content=\"6 minutos\" \/>\n<script type=\"application\/ld+json\" class=\"yoast-schema-graph\">{\"@context\":\"https:\/\/schema.org\",\"@graph\":[{\"@type\":\"Article\",\"@id\":\"https:\/\/fernandezadvocats.es\/es\/licitador-excluido-proceso-licitacion-administrativa-derecho-recurrir\/#article\",\"isPartOf\":{\"@id\":\"https:\/\/fernandezadvocats.es\/es\/licitador-excluido-proceso-licitacion-administrativa-derecho-recurrir\/\"},\"author\":{\"name\":\"mrclickbarcelona@gmail.com\",\"@id\":\"https:\/\/fernandezadvocats.es\/#\/schema\/person\/8ee482a071b4b039d55e3b5981b20a98\"},\"headline\":\"Licitador excluido en el proceso de licitaci\u00f3n administrativa: \u00bfhasta d\u00f3nde llega el derecho a recurrir?\",\"datePublished\":\"2025-11-11T09:13:03+00:00\",\"dateModified\":\"2026-01-21T16:22:28+00:00\",\"mainEntityOfPage\":{\"@id\":\"https:\/\/fernandezadvocats.es\/es\/licitador-excluido-proceso-licitacion-administrativa-derecho-recurrir\/\"},\"wordCount\":1202,\"publisher\":{\"@id\":\"https:\/\/fernandezadvocats.es\/#organization\"},\"image\":{\"@id\":\"https:\/\/fernandezadvocats.es\/es\/licitador-excluido-proceso-licitacion-administrativa-derecho-recurrir\/#primaryimage\"},\"thumbnailUrl\":\"https:\/\/fernandezadvocats.es\/wp-content\/uploads\/2025\/11\/Recurs-especial-en-contractacio-publica.jpg\",\"articleSection\":[\"Art\u00edculos FA\",\"Contencioso-administrativo\",\"Contrataci\u00f3n P\u00fablica\",\"Derecho Administrativo\"],\"inLanguage\":\"es\"},{\"@type\":\"WebPage\",\"@id\":\"https:\/\/fernandezadvocats.es\/es\/licitador-excluido-proceso-licitacion-administrativa-derecho-recurrir\/\",\"url\":\"https:\/\/fernandezadvocats.es\/es\/licitador-excluido-proceso-licitacion-administrativa-derecho-recurrir\/\",\"name\":\"Licitador excluido en proceso de licitaci\u00f3n administrativa | Fern\u00e1ndez Advocats\",\"isPartOf\":{\"@id\":\"https:\/\/fernandezadvocats.es\/#website\"},\"primaryImageOfPage\":{\"@id\":\"https:\/\/fernandezadvocats.es\/es\/licitador-excluido-proceso-licitacion-administrativa-derecho-recurrir\/#primaryimage\"},\"image\":{\"@id\":\"https:\/\/fernandezadvocats.es\/es\/licitador-excluido-proceso-licitacion-administrativa-derecho-recurrir\/#primaryimage\"},\"thumbnailUrl\":\"https:\/\/fernandezadvocats.es\/wp-content\/uploads\/2025\/11\/Recurs-especial-en-contractacio-publica.jpg\",\"datePublished\":\"2025-11-11T09:13:03+00:00\",\"dateModified\":\"2026-01-21T16:22:28+00:00\",\"description\":\"El TCCSP define los l\u00edmites del derecho a recurrir de un licitador excluido. An\u00e1lisis de la Resoluci\u00f3n 333\/2025 y la doctrina del TJUE sobre legitimaci\u00f3n activa.\",\"breadcrumb\":{\"@id\":\"https:\/\/fernandezadvocats.es\/es\/licitador-excluido-proceso-licitacion-administrativa-derecho-recurrir\/#breadcrumb\"},\"inLanguage\":\"es\",\"potentialAction\":[{\"@type\":\"ReadAction\",\"target\":[\"https:\/\/fernandezadvocats.es\/es\/licitador-excluido-proceso-licitacion-administrativa-derecho-recurrir\/\"]}]},{\"@type\":\"ImageObject\",\"inLanguage\":\"es\",\"@id\":\"https:\/\/fernandezadvocats.es\/es\/licitador-excluido-proceso-licitacion-administrativa-derecho-recurrir\/#primaryimage\",\"url\":\"https:\/\/fernandezadvocats.es\/wp-content\/uploads\/2025\/11\/Recurs-especial-en-contractacio-publica.jpg\",\"contentUrl\":\"https:\/\/fernandezadvocats.es\/wp-content\/uploads\/2025\/11\/Recurs-especial-en-contractacio-publica.jpg\",\"width\":1436,\"height\":957,\"caption\":\"recurs especial en contractaci\u00f3 p\u00fablica\"},{\"@type\":\"BreadcrumbList\",\"@id\":\"https:\/\/fernandezadvocats.es\/es\/licitador-excluido-proceso-licitacion-administrativa-derecho-recurrir\/#breadcrumb\",\"itemListElement\":[{\"@type\":\"ListItem\",\"position\":1,\"name\":\"Portada\",\"item\":\"https:\/\/fernandezadvocats.es\/es\/fernandez-advocats-berga\/\"},{\"@type\":\"ListItem\",\"position\":2,\"name\":\"Licitador excluido en el proceso de licitaci\u00f3n administrativa: \u00bfhasta d\u00f3nde llega el derecho a recurrir?\"}]},{\"@type\":\"WebSite\",\"@id\":\"https:\/\/fernandezadvocats.es\/#website\",\"url\":\"https:\/\/fernandezadvocats.es\/\",\"name\":\"Fern\u00e1ndez Advocats\",\"description\":\"Advocats Berga i Barcelona\",\"publisher\":{\"@id\":\"https:\/\/fernandezadvocats.es\/#organization\"},\"alternateName\":\"Abogados Berga y Bracelona\",\"potentialAction\":[{\"@type\":\"SearchAction\",\"target\":{\"@type\":\"EntryPoint\",\"urlTemplate\":\"https:\/\/fernandezadvocats.es\/?s={search_term_string}\"},\"query-input\":{\"@type\":\"PropertyValueSpecification\",\"valueRequired\":true,\"valueName\":\"search_term_string\"}}],\"inLanguage\":\"es\"},{\"@type\":\"Organization\",\"@id\":\"https:\/\/fernandezadvocats.es\/#organization\",\"name\":\"Fern\u00e1ndez Advocats\",\"url\":\"https:\/\/fernandezadvocats.es\/\",\"logo\":{\"@type\":\"ImageObject\",\"inLanguage\":\"es\",\"@id\":\"https:\/\/fernandezadvocats.es\/#\/schema\/logo\/image\/\",\"url\":\"https:\/\/fernandezadvocats.es\/wp-content\/uploads\/2024\/11\/cropped-BF-e1731427554424.png\",\"contentUrl\":\"https:\/\/fernandezadvocats.es\/wp-content\/uploads\/2024\/11\/cropped-BF-e1731427554424.png\",\"width\":512,\"height\":512,\"caption\":\"Fern\u00e1ndez Advocats\"},\"image\":{\"@id\":\"https:\/\/fernandezadvocats.es\/#\/schema\/logo\/image\/\"}},{\"@type\":\"Person\",\"@id\":\"https:\/\/fernandezadvocats.es\/#\/schema\/person\/8ee482a071b4b039d55e3b5981b20a98\",\"name\":\"mrclickbarcelona@gmail.com\",\"image\":{\"@type\":\"ImageObject\",\"inLanguage\":\"es\",\"@id\":\"https:\/\/fernandezadvocats.es\/#\/schema\/person\/image\/\",\"url\":\"https:\/\/secure.gravatar.com\/avatar\/e16cc9a830d1a221b9e83b040154617903c650598282d145b5b76cdcb02f009e?s=96&d=mm&r=g\",\"contentUrl\":\"https:\/\/secure.gravatar.com\/avatar\/e16cc9a830d1a221b9e83b040154617903c650598282d145b5b76cdcb02f009e?s=96&d=mm&r=g\",\"caption\":\"mrclickbarcelona@gmail.com\"},\"url\":\"https:\/\/fernandezadvocats.es\/es\/author\/mrclickbarcelonagmail-com\/\"}]}<\/script>\n<!-- \/ Yoast SEO plugin. -->","yoast_head_json":{"title":"Licitador excluido en proceso de licitaci\u00f3n administrativa | Fern\u00e1ndez Advocats","description":"El TCCSP define los l\u00edmites del derecho a recurrir de un licitador excluido. An\u00e1lisis de la Resoluci\u00f3n 333\/2025 y la doctrina del TJUE sobre legitimaci\u00f3n activa.","robots":{"index":"index","follow":"follow","max-snippet":"max-snippet:-1","max-image-preview":"max-image-preview:large","max-video-preview":"max-video-preview:-1"},"canonical":"https:\/\/fernandezadvocats.es\/es\/licitador-excluido-proceso-licitacion-administrativa-derecho-recurrir\/","og_locale":"es_ES","og_type":"article","og_title":"Licitador excluido en proceso de licitaci\u00f3n administrativa | Fern\u00e1ndez Advocats","og_description":"El TCCSP define los l\u00edmites del derecho a recurrir de un licitador excluido. An\u00e1lisis de la Resoluci\u00f3n 333\/2025 y la doctrina del TJUE sobre legitimaci\u00f3n activa.","og_url":"https:\/\/fernandezadvocats.es\/es\/licitador-excluido-proceso-licitacion-administrativa-derecho-recurrir\/","og_site_name":"Fern\u00e1ndez Advocats","article_published_time":"2025-11-11T09:13:03+00:00","article_modified_time":"2026-01-21T16:22:28+00:00","og_image":[{"width":1436,"height":957,"url":"https:\/\/fernandezadvocats.es\/wp-content\/uploads\/2025\/11\/Recurs-especial-en-contractacio-publica.jpg","type":"image\/jpeg"}],"author":"mrclickbarcelona@gmail.com","twitter_card":"summary_large_image","twitter_misc":{"Escrito por":"mrclickbarcelona@gmail.com","Tiempo de lectura":"6 minutos"},"schema":{"@context":"https:\/\/schema.org","@graph":[{"@type":"Article","@id":"https:\/\/fernandezadvocats.es\/es\/licitador-excluido-proceso-licitacion-administrativa-derecho-recurrir\/#article","isPartOf":{"@id":"https:\/\/fernandezadvocats.es\/es\/licitador-excluido-proceso-licitacion-administrativa-derecho-recurrir\/"},"author":{"name":"mrclickbarcelona@gmail.com","@id":"https:\/\/fernandezadvocats.es\/#\/schema\/person\/8ee482a071b4b039d55e3b5981b20a98"},"headline":"Licitador excluido en el proceso de licitaci\u00f3n administrativa: \u00bfhasta d\u00f3nde llega el derecho a recurrir?","datePublished":"2025-11-11T09:13:03+00:00","dateModified":"2026-01-21T16:22:28+00:00","mainEntityOfPage":{"@id":"https:\/\/fernandezadvocats.es\/es\/licitador-excluido-proceso-licitacion-administrativa-derecho-recurrir\/"},"wordCount":1202,"publisher":{"@id":"https:\/\/fernandezadvocats.es\/#organization"},"image":{"@id":"https:\/\/fernandezadvocats.es\/es\/licitador-excluido-proceso-licitacion-administrativa-derecho-recurrir\/#primaryimage"},"thumbnailUrl":"https:\/\/fernandezadvocats.es\/wp-content\/uploads\/2025\/11\/Recurs-especial-en-contractacio-publica.jpg","articleSection":["Art\u00edculos FA","Contencioso-administrativo","Contrataci\u00f3n P\u00fablica","Derecho Administrativo"],"inLanguage":"es"},{"@type":"WebPage","@id":"https:\/\/fernandezadvocats.es\/es\/licitador-excluido-proceso-licitacion-administrativa-derecho-recurrir\/","url":"https:\/\/fernandezadvocats.es\/es\/licitador-excluido-proceso-licitacion-administrativa-derecho-recurrir\/","name":"Licitador excluido en proceso de licitaci\u00f3n administrativa | Fern\u00e1ndez Advocats","isPartOf":{"@id":"https:\/\/fernandezadvocats.es\/#website"},"primaryImageOfPage":{"@id":"https:\/\/fernandezadvocats.es\/es\/licitador-excluido-proceso-licitacion-administrativa-derecho-recurrir\/#primaryimage"},"image":{"@id":"https:\/\/fernandezadvocats.es\/es\/licitador-excluido-proceso-licitacion-administrativa-derecho-recurrir\/#primaryimage"},"thumbnailUrl":"https:\/\/fernandezadvocats.es\/wp-content\/uploads\/2025\/11\/Recurs-especial-en-contractacio-publica.jpg","datePublished":"2025-11-11T09:13:03+00:00","dateModified":"2026-01-21T16:22:28+00:00","description":"El TCCSP define los l\u00edmites del derecho a recurrir de un licitador excluido. An\u00e1lisis de la Resoluci\u00f3n 333\/2025 y la doctrina del TJUE sobre legitimaci\u00f3n activa.","breadcrumb":{"@id":"https:\/\/fernandezadvocats.es\/es\/licitador-excluido-proceso-licitacion-administrativa-derecho-recurrir\/#breadcrumb"},"inLanguage":"es","potentialAction":[{"@type":"ReadAction","target":["https:\/\/fernandezadvocats.es\/es\/licitador-excluido-proceso-licitacion-administrativa-derecho-recurrir\/"]}]},{"@type":"ImageObject","inLanguage":"es","@id":"https:\/\/fernandezadvocats.es\/es\/licitador-excluido-proceso-licitacion-administrativa-derecho-recurrir\/#primaryimage","url":"https:\/\/fernandezadvocats.es\/wp-content\/uploads\/2025\/11\/Recurs-especial-en-contractacio-publica.jpg","contentUrl":"https:\/\/fernandezadvocats.es\/wp-content\/uploads\/2025\/11\/Recurs-especial-en-contractacio-publica.jpg","width":1436,"height":957,"caption":"recurs especial en contractaci\u00f3 p\u00fablica"},{"@type":"BreadcrumbList","@id":"https:\/\/fernandezadvocats.es\/es\/licitador-excluido-proceso-licitacion-administrativa-derecho-recurrir\/#breadcrumb","itemListElement":[{"@type":"ListItem","position":1,"name":"Portada","item":"https:\/\/fernandezadvocats.es\/es\/fernandez-advocats-berga\/"},{"@type":"ListItem","position":2,"name":"Licitador excluido en el proceso de licitaci\u00f3n administrativa: \u00bfhasta d\u00f3nde llega el derecho a recurrir?"}]},{"@type":"WebSite","@id":"https:\/\/fernandezadvocats.es\/#website","url":"https:\/\/fernandezadvocats.es\/","name":"Fern\u00e1ndez Advocats","description":"Advocats Berga i Barcelona","publisher":{"@id":"https:\/\/fernandezadvocats.es\/#organization"},"alternateName":"Abogados Berga y Bracelona","potentialAction":[{"@type":"SearchAction","target":{"@type":"EntryPoint","urlTemplate":"https:\/\/fernandezadvocats.es\/?s={search_term_string}"},"query-input":{"@type":"PropertyValueSpecification","valueRequired":true,"valueName":"search_term_string"}}],"inLanguage":"es"},{"@type":"Organization","@id":"https:\/\/fernandezadvocats.es\/#organization","name":"Fern\u00e1ndez Advocats","url":"https:\/\/fernandezadvocats.es\/","logo":{"@type":"ImageObject","inLanguage":"es","@id":"https:\/\/fernandezadvocats.es\/#\/schema\/logo\/image\/","url":"https:\/\/fernandezadvocats.es\/wp-content\/uploads\/2024\/11\/cropped-BF-e1731427554424.png","contentUrl":"https:\/\/fernandezadvocats.es\/wp-content\/uploads\/2024\/11\/cropped-BF-e1731427554424.png","width":512,"height":512,"caption":"Fern\u00e1ndez Advocats"},"image":{"@id":"https:\/\/fernandezadvocats.es\/#\/schema\/logo\/image\/"}},{"@type":"Person","@id":"https:\/\/fernandezadvocats.es\/#\/schema\/person\/8ee482a071b4b039d55e3b5981b20a98","name":"mrclickbarcelona@gmail.com","image":{"@type":"ImageObject","inLanguage":"es","@id":"https:\/\/fernandezadvocats.es\/#\/schema\/person\/image\/","url":"https:\/\/secure.gravatar.com\/avatar\/e16cc9a830d1a221b9e83b040154617903c650598282d145b5b76cdcb02f009e?s=96&d=mm&r=g","contentUrl":"https:\/\/secure.gravatar.com\/avatar\/e16cc9a830d1a221b9e83b040154617903c650598282d145b5b76cdcb02f009e?s=96&d=mm&r=g","caption":"mrclickbarcelona@gmail.com"},"url":"https:\/\/fernandezadvocats.es\/es\/author\/mrclickbarcelonagmail-com\/"}]}},"_links":{"self":[{"href":"https:\/\/fernandezadvocats.es\/es\/wp-json\/wp\/v2\/posts\/253741","targetHints":{"allow":["GET"]}}],"collection":[{"href":"https:\/\/fernandezadvocats.es\/es\/wp-json\/wp\/v2\/posts"}],"about":[{"href":"https:\/\/fernandezadvocats.es\/es\/wp-json\/wp\/v2\/types\/post"}],"author":[{"embeddable":true,"href":"https:\/\/fernandezadvocats.es\/es\/wp-json\/wp\/v2\/users\/19"}],"replies":[{"embeddable":true,"href":"https:\/\/fernandezadvocats.es\/es\/wp-json\/wp\/v2\/comments?post=253741"}],"version-history":[{"count":6,"href":"https:\/\/fernandezadvocats.es\/es\/wp-json\/wp\/v2\/posts\/253741\/revisions"}],"predecessor-version":[{"id":254214,"href":"https:\/\/fernandezadvocats.es\/es\/wp-json\/wp\/v2\/posts\/253741\/revisions\/254214"}],"wp:featuredmedia":[{"embeddable":true,"href":"https:\/\/fernandezadvocats.es\/es\/wp-json\/wp\/v2\/media\/253736"}],"wp:attachment":[{"href":"https:\/\/fernandezadvocats.es\/es\/wp-json\/wp\/v2\/media?parent=253741"}],"wp:term":[{"taxonomy":"category","embeddable":true,"href":"https:\/\/fernandezadvocats.es\/es\/wp-json\/wp\/v2\/categories?post=253741"},{"taxonomy":"post_tag","embeddable":true,"href":"https:\/\/fernandezadvocats.es\/es\/wp-json\/wp\/v2\/tags?post=253741"}],"curies":[{"name":"wp","href":"https:\/\/api.w.org\/{rel}","templated":true}]}}