{"id":253770,"date":"2025-11-18T17:37:06","date_gmt":"2025-11-18T16:37:06","guid":{"rendered":"https:\/\/fernandezadvocats.es\/?p=253770"},"modified":"2026-01-21T17:19:14","modified_gmt":"2026-01-21T16:19:14","slug":"convenio-regulador-no-ratificado-eficacia-consecuencias-procesales","status":"publish","type":"post","link":"https:\/\/fernandezadvocats.es\/es\/convenio-regulador-no-ratificado-eficacia-consecuencias-procesales\/","title":{"rendered":"Convenio regulador no ratificado: eficacia y consecuencias procesales"},"content":{"rendered":"<h2><b>1. Introducci\u00f3n: la autonom\u00eda de la voluntad en las crisis matrimoniales<\/b><\/h2>\n<p><span style=\"font-weight: 400;\">El Derecho de Familia contempor\u00e1neo, y en particular el regulado por el C\u00f3digo Civil de Catalu\u00f1a, se fundamenta en el principio de la autonom\u00eda de la voluntad de los c\u00f3nyuges.<\/span><span style=\"font-weight: 400;\"><br \/>\n<\/span><span style=\"font-weight: 400;\"> Este principio encuentra su m\u00e1xima expresi\u00f3n en el convenio regulador, un instrumento concebido para que las partes, de mutuo acuerdo, dise\u00f1en el marco de sus relaciones personales y patrimoniales tras la ruptura de la convivencia.<\/span><\/p>\n<p><span style=\"font-weight: 400;\">Este negocio jur\u00eddico de familia permite a los c\u00f3nyuges establecer las bases de su futuro de forma consensuada, evitando la imposici\u00f3n de una soluci\u00f3n por un tercero.<\/span><\/p>\n<p><span style=\"font-weight: 400;\">No obstante, la eficacia de este pacto privado no es absoluta.<\/span><span style=\"font-weight: 400;\"><br \/>\n<\/span><span style=\"font-weight: 400;\"> El ordenamiento jur\u00eddico establece un mecanismo de control a trav\u00e9s de la ratificaci\u00f3n y posterior homologaci\u00f3n judicial, especialmente cuando existen intereses superiores que proteger, como los de los hijos menores.<\/span><\/p>\n<p><span style=\"font-weight: 400;\">Surge entonces una cuesti\u00f3n de gran relevancia pr\u00e1ctica y dogm\u00e1tica: \u00bfqu\u00e9 valor jur\u00eddico posee un convenio regulador que, habiendo sido libremente firmado por ambos c\u00f3nyuges, no llega a ser ratificado judicialmente por la negativa sobrevenida de uno de ellos?<\/span><\/p>\n<p><span style=\"font-weight: 400;\">Lejos de ser un simple documento preparatorio o una simple declaraci\u00f3n de intenciones, la jurisprudencia del Tribunal Supremo, acogida por las diversas Audiencias Provinciales, ha consolidado una doctrina que otorga a este acuerdo una notable fuerza vinculante.<\/span><\/p>\n<p><span style=\"font-weight: 400;\">El presente art\u00edculo analiza en profundidad la naturaleza jur\u00eddica del convenio no ratificado, su eficacia diferenciada seg\u00fan la materia que regula y las importantes consecuencias procesales que se derivan de su existencia en el marco de un procedimiento contencioso de divorcio.<\/span><\/p>\n<h2><b>2. Naturaleza jur\u00eddica del convenio regulador: un negocio jur\u00eddico de familia<\/b><\/h2>\n<p><span style=\"font-weight: 400;\">El convenio regulador, definido en el art\u00edculo 233-2 del C\u00f3digo Civil de Catalu\u00f1a, es un contrato que debe reunir los elementos esenciales de todo negocio jur\u00eddico: consentimiento, objeto y causa.<\/span><span style=\"font-weight: 400;\"><br \/>\n<\/span><span style=\"font-weight: 400;\"> Su contenido abarca desde un plan de parentalidad hasta la liquidaci\u00f3n del r\u00e9gimen econ\u00f3mico matrimonial, pasando por la prestaci\u00f3n compensatoria o el uso de la vivienda familiar, entre otras cuestiones.<\/span><\/p>\n<p><span style=\"font-weight: 400;\">La doctrina del Tribunal Supremo, siendo un fiel reflejo la STS 615\/2018, de 7 de noviembre, y las sentencias que en ella se mencionan, ha sido clara al calificar el convenio regulador, incluso el no ratificado, como un \u201cnegocio jur\u00eddico de Derecho de Familia\u201d.<\/span><\/p>\n<p><span style=\"font-weight: 400;\">Esta calificaci\u00f3n es fundamental, alej\u00e1ndolo de la consideraci\u00f3n de un simple borrador o un elemento de negociaci\u00f3n.<\/span><span style=\"font-weight: 400;\"><br \/>\n<\/span><span style=\"font-weight: 400;\"> Como tal, el convenio es v\u00e1lido y eficaz <\/span><b>inter partes<\/b><span style=\"font-weight: 400;\"> desde el momento de su firma, generando un v\u00ednculo obligacional entre los c\u00f3nyuges.<\/span><\/p>\n<p><span style=\"font-weight: 400;\">La aprobaci\u00f3n judicial, exigida por el art\u00edculo 233-3 del CCCat, no es un requisito de validez del acuerdo, sino una <\/span><b>conditio iuris<\/b><span style=\"font-weight: 400;\"> de eficacia que le otorga fuerza ejecutiva y lo hace oponible frente a terceros.<\/span><span style=\"font-weight: 400;\"><br \/>\n<\/span><span style=\"font-weight: 400;\"> Lo que suceder\u00e1 si no se ratifica es que el procedimiento de divorcio de mutuo acuerdo se archivar\u00e1 por parte del Juzgado y las partes deber\u00e1n iniciar un nuevo procedimiento contencioso.<\/span><\/p>\n<h2><b>3. Consecuencias procesales en el procedimiento contencioso: la inversi\u00f3n de la carga de la prueba<\/b><\/h2>\n<p><span style=\"font-weight: 400;\">La principal consecuencia pr\u00e1ctica de esta doctrina se manifiesta cuando, frustrado el procedimiento de mutuo acuerdo por la falta de ratificaci\u00f3n de una de las partes, se inicia un procedimiento contencioso.<\/span><\/p>\n<p><span style=\"font-weight: 400;\">En este escenario, la parte que s\u00ed desea cumplir con lo pactado puede aportar el convenio firmado como fundamento de sus pretensiones.<\/span><\/p>\n<p><span style=\"font-weight: 400;\">En este punto, el convenio firmado no opera como un simple medio probatorio, sino como la base de la propia acci\u00f3n, especialmente en lo que respecta a las medidas de contenido patrimonial.<\/span><span style=\"font-weight: 400;\"><br \/>\n<\/span><span style=\"font-weight: 400;\"> Esto provoca una inversi\u00f3n de la carga de la prueba de enorme trascendencia.<\/span><span style=\"font-weight: 400;\"><br \/>\n<\/span><span style=\"font-weight: 400;\"> Ya no es el demandante quien debe acreditar la procedencia de las medidas econ\u00f3micas solicitadas, sino que es el c\u00f3nyuge que se neg\u00f3 a ratificar quien debe probar la existencia de una causa que justifique la ineficacia del acuerdo que suscribi\u00f3.<\/span><\/p>\n<p><span style=\"font-weight: 400;\">La Sentencia del Tribunal Supremo 615\/2018 establece con total claridad las \u00fanicas causas que pueden justificar esta negativa:<\/span><\/p>\n<ul>\n<li style=\"font-weight: 400;\" aria-level=\"1\"><span style=\"font-weight: 400;\">Incumplimiento de las exigencias del art\u00edculo 1255 del C\u00f3digo Civil: que los pactos sean contrarios a la ley, la moral o el orden p\u00fablico.<\/span><\/li>\n<li style=\"font-weight: 400;\" aria-level=\"1\"><span style=\"font-weight: 400;\">Concurrencia de un vicio en el consentimiento: error, dolo, violencia o intimidaci\u00f3n, en los t\u00e9rminos del art\u00edculo 1265 del C\u00f3digo Civil.<\/span><\/li>\n<li style=\"font-weight: 400;\" aria-level=\"1\"><span style=\"font-weight: 400;\">Modificaci\u00f3n sustancial de las circunstancias: un cambio radical e imprevisto de las condiciones que exist\u00edan en el momento de la firma y que determinaron el consenso inicial.<\/span><\/li>\n<\/ul>\n<p><span style=\"font-weight: 400;\">El Tribunal Supremo afirma que no puede justificarse en un cambio de opini\u00f3n injustificado.<\/span><span style=\"font-weight: 400;\"><br \/>\n<\/span><span style=\"font-weight: 400;\"> Por tanto, si el demandado no consigue acreditar fehacientemente alguna de estas circunstancias, el juez no debe apartarse de lo pactado y deber\u00e1 incorporar los acuerdos econ\u00f3micos a la sentencia, dot\u00e1ndolos as\u00ed de fuerza ejecutiva.<\/span><\/p>\n<p><span style=\"font-weight: 400;\">Un ejemplo claro se encuentra en la Sentencia de la Audiencia Provincial de Barcelona, Secci\u00f3n 12\u00aa, n\u00ba 282\/2024, de 14 de mayo:<\/span><span style=\"font-weight: 400;\"><br \/>\n<\/span><span style=\"font-weight: 400;\"> La esposa aleg\u00f3 intimidaci\u00f3n, pero el Tribunal desestim\u00f3 sus argumentos, al considerar que, por su formaci\u00f3n jur\u00eddica, conoc\u00eda perfectamente lo que firmaba.<\/span><\/p>\n<h2><b>4. La eficacia diferenciada de los pactos: l\u00edmites a la autonom\u00eda de la voluntad<\/b><\/h2>\n<p><span style=\"font-weight: 400;\">La fuerza vinculante del convenio no ratificado no es homog\u00e9nea.<\/span><span style=\"font-weight: 400;\"><br \/>\n<\/span><span style=\"font-weight: 400;\"> Su eficacia var\u00eda seg\u00fan la naturaleza de las medidas acordadas.<\/span><\/p>\n<h3><b>a) Medidas de car\u00e1cter patrimonial y dispositivo<\/b><\/h3>\n<p><span style=\"font-weight: 400;\">Aqu\u00ed la autonom\u00eda de la voluntad opera en m\u00e1xima intensidad.<\/span><span style=\"font-weight: 400;\"><br \/>\n<\/span><span style=\"font-weight: 400;\"> Los pactos sobre prestaci\u00f3n compensatoria, compensaci\u00f3n econ\u00f3mica por trabajo, liquidaci\u00f3n del r\u00e9gimen econ\u00f3mico matrimonial o divisi\u00f3n de bienes comunes son plenamente vinculantes desde la firma.<\/span><\/p>\n<h3><b>b) Medidas relativas a los hijos menores<\/b><\/h3>\n<p><span style=\"font-weight: 400;\">En este \u00e1mbito prevalece el inter\u00e9s superior del menor.<\/span><span style=\"font-weight: 400;\"><br \/>\n<\/span><span style=\"font-weight: 400;\"> El juez no queda vinculado por el convenio y debe verificar su adecuaci\u00f3n al bienestar del menor.<\/span><\/p>\n<h3><b>c) Medidas no dispositivas: la disoluci\u00f3n del v\u00ednculo matrimonial<\/b><\/h3>\n<p><span style=\"font-weight: 400;\">Las partes no pueden disponer del estado civil.<\/span><span style=\"font-weight: 400;\"><br \/>\n<\/span><span style=\"font-weight: 400;\"> El divorcio solo puede ser decretado judicialmente.<\/span><span style=\"font-weight: 400;\"><br \/>\n<\/span><span style=\"font-weight: 400;\"> Un convenio no ratificado <\/span><b>no disuelve el matrimonio<\/b><span style=\"font-weight: 400;\">.<\/span><\/p>\n<h2><b>5. Conclusiones<\/b><\/h2>\n<p><span style=\"font-weight: 400;\">La doctrina del convenio no ratificado aporta seguridad jur\u00eddica y refuerza el principio <\/span><b>pacta sunt servanda<\/b><span style=\"font-weight: 400;\">, especialmente en el \u00e1mbito patrimonial.<\/span><span style=\"font-weight: 400;\"><br \/>\n<\/span><span style=\"font-weight: 400;\"> Protege a la parte que act\u00faa de buena fe e impide que el otro se desligue del acuerdo sin causa legal.<\/span><\/p>\n<p><span style=\"font-weight: 400;\">No obstante, los l\u00edmites aparecen en la protecci\u00f3n de los menores y en la indisponibilidad del estado civil.<\/span><\/p>\n<p><span style=\"font-weight: 400;\">El convenio no ratificado es, por tanto:<\/span><\/p>\n<ul>\n<li style=\"font-weight: 400;\" aria-level=\"1\"><span style=\"font-weight: 400;\">un contrato privado plenamente vinculante en cuestiones econ\u00f3micas,<\/span><\/li>\n<li style=\"font-weight: 400;\" aria-level=\"1\"><span style=\"font-weight: 400;\">una simple propuesta sujeta a control en cuestiones de menores,<\/span><\/li>\n<li style=\"font-weight: 400;\" aria-level=\"1\"><span style=\"font-weight: 400;\">y completamente ineficaz para disolver el v\u00ednculo matrimonial.<\/span>&nbsp;<\/li>\n<\/ul>\n<p><i><span style=\"font-weight: 400;\">El presente art\u00edculo es meramente divulgativo y no supone asesoramiento ni compromiso de actualizaci\u00f3n.<\/span><\/i><i><span style=\"font-weight: 400;\"><br \/>\n<\/span><\/i><i><span style=\"font-weight: 400;\"> Para m\u00e1s informaci\u00f3n o asesoramiento, contacta con info@fernandezadvocats.es<\/span><\/i><\/p>\n<p>&nbsp;<\/p>\n","protected":false},"excerpt":{"rendered":"<p>1. Introducci\u00f3n: la autonom\u00eda de la voluntad en las crisis matrimoniales El Derecho de Familia contempor\u00e1neo, y en particular el regulado por el C\u00f3digo Civil de Catalu\u00f1a, se fundamenta en el principio de la autonom\u00eda de la voluntad de los c\u00f3nyuges. Este principio encuentra su m\u00e1xima expresi\u00f3n en el convenio regulador, un instrumento concebido para [&hellip;]<\/p>\n","protected":false},"author":19,"featured_media":253765,"comment_status":"closed","ping_status":"closed","sticky":false,"template":"","format":"standard","meta":{"_et_pb_use_builder":"","_et_pb_old_content":"","_et_gb_content_width":"","footnotes":""},"categories":[28,40,105,55],"tags":[],"class_list":["post-253770","post","type-post","status-publish","format-standard","has-post-thumbnail","hentry","category-articulos-fa","category-derecho-civil","category-derecho-de-familia","category-sentencia-2"],"yoast_head":"<!-- This site is optimized with the Yoast SEO plugin v27.1.1 - https:\/\/yoast.com\/product\/yoast-seo-wordpress\/ -->\n<title>Convenio regulador no ratificado: eficacia y consecuencias procesales | Fern\u00e1ndez Advocats<\/title>\n<meta name=\"description\" content=\"An\u00e1lisis jur\u00eddico del convenio regulador no ratificado: naturaleza, eficacia inter partes e impacto en el procedimiento contencioso de divorcio.\" \/>\n<meta name=\"robots\" content=\"index, follow, max-snippet:-1, max-image-preview:large, max-video-preview:-1\" \/>\n<link rel=\"canonical\" href=\"https:\/\/fernandezadvocats.es\/es\/convenio-regulador-no-ratificado-eficacia-consecuencias-procesales\/\" \/>\n<meta property=\"og:locale\" content=\"es_ES\" \/>\n<meta property=\"og:type\" content=\"article\" \/>\n<meta property=\"og:title\" content=\"Convenio regulador no ratificado: eficacia y consecuencias procesales | Fern\u00e1ndez Advocats\" \/>\n<meta property=\"og:description\" content=\"An\u00e1lisis jur\u00eddico del convenio regulador no ratificado: naturaleza, eficacia inter partes e impacto en el procedimiento contencioso de divorcio.\" \/>\n<meta property=\"og:url\" content=\"https:\/\/fernandezadvocats.es\/es\/convenio-regulador-no-ratificado-eficacia-consecuencias-procesales\/\" \/>\n<meta property=\"og:site_name\" content=\"Fern\u00e1ndez Advocats\" \/>\n<meta property=\"article:published_time\" content=\"2025-11-18T16:37:06+00:00\" \/>\n<meta property=\"article:modified_time\" content=\"2026-01-21T16:19:14+00:00\" \/>\n<meta property=\"og:image\" content=\"https:\/\/fernandezadvocats.es\/wp-content\/uploads\/2025\/11\/crisis-matrimonio.jpg\" \/>\n\t<meta property=\"og:image:width\" content=\"918\" \/>\n\t<meta property=\"og:image:height\" content=\"612\" \/>\n\t<meta property=\"og:image:type\" content=\"image\/jpeg\" \/>\n<meta name=\"author\" content=\"mrclickbarcelona@gmail.com\" \/>\n<meta name=\"twitter:card\" content=\"summary_large_image\" \/>\n<meta name=\"twitter:label1\" content=\"Escrito por\" \/>\n\t<meta name=\"twitter:data1\" content=\"mrclickbarcelona@gmail.com\" \/>\n\t<meta name=\"twitter:label2\" content=\"Tiempo de lectura\" \/>\n\t<meta name=\"twitter:data2\" content=\"7 minutos\" \/>\n<script type=\"application\/ld+json\" class=\"yoast-schema-graph\">{\"@context\":\"https:\/\/schema.org\",\"@graph\":[{\"@type\":\"Article\",\"@id\":\"https:\/\/fernandezadvocats.es\/es\/convenio-regulador-no-ratificado-eficacia-consecuencias-procesales\/#article\",\"isPartOf\":{\"@id\":\"https:\/\/fernandezadvocats.es\/es\/convenio-regulador-no-ratificado-eficacia-consecuencias-procesales\/\"},\"author\":{\"name\":\"mrclickbarcelona@gmail.com\",\"@id\":\"https:\/\/fernandezadvocats.es\/#\/schema\/person\/8ee482a071b4b039d55e3b5981b20a98\"},\"headline\":\"Convenio regulador no ratificado: eficacia y consecuencias procesales\",\"datePublished\":\"2025-11-18T16:37:06+00:00\",\"dateModified\":\"2026-01-21T16:19:14+00:00\",\"mainEntityOfPage\":{\"@id\":\"https:\/\/fernandezadvocats.es\/es\/convenio-regulador-no-ratificado-eficacia-consecuencias-procesales\/\"},\"wordCount\":1178,\"publisher\":{\"@id\":\"https:\/\/fernandezadvocats.es\/#organization\"},\"image\":{\"@id\":\"https:\/\/fernandezadvocats.es\/es\/convenio-regulador-no-ratificado-eficacia-consecuencias-procesales\/#primaryimage\"},\"thumbnailUrl\":\"https:\/\/fernandezadvocats.es\/wp-content\/uploads\/2025\/11\/crisis-matrimonio.jpg\",\"articleSection\":[\"Art\u00edculos FA\",\"Derecho Civil\",\"Derecho de Familia\",\"Sentencia\"],\"inLanguage\":\"es\"},{\"@type\":\"WebPage\",\"@id\":\"https:\/\/fernandezadvocats.es\/es\/convenio-regulador-no-ratificado-eficacia-consecuencias-procesales\/\",\"url\":\"https:\/\/fernandezadvocats.es\/es\/convenio-regulador-no-ratificado-eficacia-consecuencias-procesales\/\",\"name\":\"Convenio regulador no ratificado: eficacia y consecuencias procesales | Fern\u00e1ndez Advocats\",\"isPartOf\":{\"@id\":\"https:\/\/fernandezadvocats.es\/#website\"},\"primaryImageOfPage\":{\"@id\":\"https:\/\/fernandezadvocats.es\/es\/convenio-regulador-no-ratificado-eficacia-consecuencias-procesales\/#primaryimage\"},\"image\":{\"@id\":\"https:\/\/fernandezadvocats.es\/es\/convenio-regulador-no-ratificado-eficacia-consecuencias-procesales\/#primaryimage\"},\"thumbnailUrl\":\"https:\/\/fernandezadvocats.es\/wp-content\/uploads\/2025\/11\/crisis-matrimonio.jpg\",\"datePublished\":\"2025-11-18T16:37:06+00:00\",\"dateModified\":\"2026-01-21T16:19:14+00:00\",\"description\":\"An\u00e1lisis jur\u00eddico del convenio regulador no ratificado: naturaleza, eficacia inter partes e impacto en el procedimiento contencioso de divorcio.\",\"breadcrumb\":{\"@id\":\"https:\/\/fernandezadvocats.es\/es\/convenio-regulador-no-ratificado-eficacia-consecuencias-procesales\/#breadcrumb\"},\"inLanguage\":\"es\",\"potentialAction\":[{\"@type\":\"ReadAction\",\"target\":[\"https:\/\/fernandezadvocats.es\/es\/convenio-regulador-no-ratificado-eficacia-consecuencias-procesales\/\"]}]},{\"@type\":\"ImageObject\",\"inLanguage\":\"es\",\"@id\":\"https:\/\/fernandezadvocats.es\/es\/convenio-regulador-no-ratificado-eficacia-consecuencias-procesales\/#primaryimage\",\"url\":\"https:\/\/fernandezadvocats.es\/wp-content\/uploads\/2025\/11\/crisis-matrimonio.jpg\",\"contentUrl\":\"https:\/\/fernandezadvocats.es\/wp-content\/uploads\/2025\/11\/crisis-matrimonio.jpg\",\"width\":918,\"height\":612,\"caption\":\"conveni regulador no ratificat\"},{\"@type\":\"BreadcrumbList\",\"@id\":\"https:\/\/fernandezadvocats.es\/es\/convenio-regulador-no-ratificado-eficacia-consecuencias-procesales\/#breadcrumb\",\"itemListElement\":[{\"@type\":\"ListItem\",\"position\":1,\"name\":\"Portada\",\"item\":\"https:\/\/fernandezadvocats.es\/es\/fernandez-advocats-berga\/\"},{\"@type\":\"ListItem\",\"position\":2,\"name\":\"Convenio regulador no ratificado: eficacia y consecuencias procesales\"}]},{\"@type\":\"WebSite\",\"@id\":\"https:\/\/fernandezadvocats.es\/#website\",\"url\":\"https:\/\/fernandezadvocats.es\/\",\"name\":\"Fern\u00e1ndez Advocats\",\"description\":\"Advocats Berga i Barcelona\",\"publisher\":{\"@id\":\"https:\/\/fernandezadvocats.es\/#organization\"},\"alternateName\":\"Abogados Berga y Bracelona\",\"potentialAction\":[{\"@type\":\"SearchAction\",\"target\":{\"@type\":\"EntryPoint\",\"urlTemplate\":\"https:\/\/fernandezadvocats.es\/?s={search_term_string}\"},\"query-input\":{\"@type\":\"PropertyValueSpecification\",\"valueRequired\":true,\"valueName\":\"search_term_string\"}}],\"inLanguage\":\"es\"},{\"@type\":\"Organization\",\"@id\":\"https:\/\/fernandezadvocats.es\/#organization\",\"name\":\"Fern\u00e1ndez Advocats\",\"url\":\"https:\/\/fernandezadvocats.es\/\",\"logo\":{\"@type\":\"ImageObject\",\"inLanguage\":\"es\",\"@id\":\"https:\/\/fernandezadvocats.es\/#\/schema\/logo\/image\/\",\"url\":\"https:\/\/fernandezadvocats.es\/wp-content\/uploads\/2024\/11\/cropped-BF-e1731427554424.png\",\"contentUrl\":\"https:\/\/fernandezadvocats.es\/wp-content\/uploads\/2024\/11\/cropped-BF-e1731427554424.png\",\"width\":512,\"height\":512,\"caption\":\"Fern\u00e1ndez Advocats\"},\"image\":{\"@id\":\"https:\/\/fernandezadvocats.es\/#\/schema\/logo\/image\/\"}},{\"@type\":\"Person\",\"@id\":\"https:\/\/fernandezadvocats.es\/#\/schema\/person\/8ee482a071b4b039d55e3b5981b20a98\",\"name\":\"mrclickbarcelona@gmail.com\",\"image\":{\"@type\":\"ImageObject\",\"inLanguage\":\"es\",\"@id\":\"https:\/\/fernandezadvocats.es\/#\/schema\/person\/image\/\",\"url\":\"https:\/\/secure.gravatar.com\/avatar\/e16cc9a830d1a221b9e83b040154617903c650598282d145b5b76cdcb02f009e?s=96&d=mm&r=g\",\"contentUrl\":\"https:\/\/secure.gravatar.com\/avatar\/e16cc9a830d1a221b9e83b040154617903c650598282d145b5b76cdcb02f009e?s=96&d=mm&r=g\",\"caption\":\"mrclickbarcelona@gmail.com\"},\"url\":\"https:\/\/fernandezadvocats.es\/es\/author\/mrclickbarcelonagmail-com\/\"}]}<\/script>\n<!-- \/ Yoast SEO plugin. -->","yoast_head_json":{"title":"Convenio regulador no ratificado: eficacia y consecuencias procesales | Fern\u00e1ndez Advocats","description":"An\u00e1lisis jur\u00eddico del convenio regulador no ratificado: naturaleza, eficacia inter partes e impacto en el procedimiento contencioso de divorcio.","robots":{"index":"index","follow":"follow","max-snippet":"max-snippet:-1","max-image-preview":"max-image-preview:large","max-video-preview":"max-video-preview:-1"},"canonical":"https:\/\/fernandezadvocats.es\/es\/convenio-regulador-no-ratificado-eficacia-consecuencias-procesales\/","og_locale":"es_ES","og_type":"article","og_title":"Convenio regulador no ratificado: eficacia y consecuencias procesales | Fern\u00e1ndez Advocats","og_description":"An\u00e1lisis jur\u00eddico del convenio regulador no ratificado: naturaleza, eficacia inter partes e impacto en el procedimiento contencioso de divorcio.","og_url":"https:\/\/fernandezadvocats.es\/es\/convenio-regulador-no-ratificado-eficacia-consecuencias-procesales\/","og_site_name":"Fern\u00e1ndez Advocats","article_published_time":"2025-11-18T16:37:06+00:00","article_modified_time":"2026-01-21T16:19:14+00:00","og_image":[{"width":918,"height":612,"url":"https:\/\/fernandezadvocats.es\/wp-content\/uploads\/2025\/11\/crisis-matrimonio.jpg","type":"image\/jpeg"}],"author":"mrclickbarcelona@gmail.com","twitter_card":"summary_large_image","twitter_misc":{"Escrito por":"mrclickbarcelona@gmail.com","Tiempo de lectura":"7 minutos"},"schema":{"@context":"https:\/\/schema.org","@graph":[{"@type":"Article","@id":"https:\/\/fernandezadvocats.es\/es\/convenio-regulador-no-ratificado-eficacia-consecuencias-procesales\/#article","isPartOf":{"@id":"https:\/\/fernandezadvocats.es\/es\/convenio-regulador-no-ratificado-eficacia-consecuencias-procesales\/"},"author":{"name":"mrclickbarcelona@gmail.com","@id":"https:\/\/fernandezadvocats.es\/#\/schema\/person\/8ee482a071b4b039d55e3b5981b20a98"},"headline":"Convenio regulador no ratificado: eficacia y consecuencias procesales","datePublished":"2025-11-18T16:37:06+00:00","dateModified":"2026-01-21T16:19:14+00:00","mainEntityOfPage":{"@id":"https:\/\/fernandezadvocats.es\/es\/convenio-regulador-no-ratificado-eficacia-consecuencias-procesales\/"},"wordCount":1178,"publisher":{"@id":"https:\/\/fernandezadvocats.es\/#organization"},"image":{"@id":"https:\/\/fernandezadvocats.es\/es\/convenio-regulador-no-ratificado-eficacia-consecuencias-procesales\/#primaryimage"},"thumbnailUrl":"https:\/\/fernandezadvocats.es\/wp-content\/uploads\/2025\/11\/crisis-matrimonio.jpg","articleSection":["Art\u00edculos FA","Derecho Civil","Derecho de Familia","Sentencia"],"inLanguage":"es"},{"@type":"WebPage","@id":"https:\/\/fernandezadvocats.es\/es\/convenio-regulador-no-ratificado-eficacia-consecuencias-procesales\/","url":"https:\/\/fernandezadvocats.es\/es\/convenio-regulador-no-ratificado-eficacia-consecuencias-procesales\/","name":"Convenio regulador no ratificado: eficacia y consecuencias procesales | Fern\u00e1ndez Advocats","isPartOf":{"@id":"https:\/\/fernandezadvocats.es\/#website"},"primaryImageOfPage":{"@id":"https:\/\/fernandezadvocats.es\/es\/convenio-regulador-no-ratificado-eficacia-consecuencias-procesales\/#primaryimage"},"image":{"@id":"https:\/\/fernandezadvocats.es\/es\/convenio-regulador-no-ratificado-eficacia-consecuencias-procesales\/#primaryimage"},"thumbnailUrl":"https:\/\/fernandezadvocats.es\/wp-content\/uploads\/2025\/11\/crisis-matrimonio.jpg","datePublished":"2025-11-18T16:37:06+00:00","dateModified":"2026-01-21T16:19:14+00:00","description":"An\u00e1lisis jur\u00eddico del convenio regulador no ratificado: naturaleza, eficacia inter partes e impacto en el procedimiento contencioso de divorcio.","breadcrumb":{"@id":"https:\/\/fernandezadvocats.es\/es\/convenio-regulador-no-ratificado-eficacia-consecuencias-procesales\/#breadcrumb"},"inLanguage":"es","potentialAction":[{"@type":"ReadAction","target":["https:\/\/fernandezadvocats.es\/es\/convenio-regulador-no-ratificado-eficacia-consecuencias-procesales\/"]}]},{"@type":"ImageObject","inLanguage":"es","@id":"https:\/\/fernandezadvocats.es\/es\/convenio-regulador-no-ratificado-eficacia-consecuencias-procesales\/#primaryimage","url":"https:\/\/fernandezadvocats.es\/wp-content\/uploads\/2025\/11\/crisis-matrimonio.jpg","contentUrl":"https:\/\/fernandezadvocats.es\/wp-content\/uploads\/2025\/11\/crisis-matrimonio.jpg","width":918,"height":612,"caption":"conveni regulador no ratificat"},{"@type":"BreadcrumbList","@id":"https:\/\/fernandezadvocats.es\/es\/convenio-regulador-no-ratificado-eficacia-consecuencias-procesales\/#breadcrumb","itemListElement":[{"@type":"ListItem","position":1,"name":"Portada","item":"https:\/\/fernandezadvocats.es\/es\/fernandez-advocats-berga\/"},{"@type":"ListItem","position":2,"name":"Convenio regulador no ratificado: eficacia y consecuencias procesales"}]},{"@type":"WebSite","@id":"https:\/\/fernandezadvocats.es\/#website","url":"https:\/\/fernandezadvocats.es\/","name":"Fern\u00e1ndez Advocats","description":"Advocats Berga i Barcelona","publisher":{"@id":"https:\/\/fernandezadvocats.es\/#organization"},"alternateName":"Abogados Berga y Bracelona","potentialAction":[{"@type":"SearchAction","target":{"@type":"EntryPoint","urlTemplate":"https:\/\/fernandezadvocats.es\/?s={search_term_string}"},"query-input":{"@type":"PropertyValueSpecification","valueRequired":true,"valueName":"search_term_string"}}],"inLanguage":"es"},{"@type":"Organization","@id":"https:\/\/fernandezadvocats.es\/#organization","name":"Fern\u00e1ndez Advocats","url":"https:\/\/fernandezadvocats.es\/","logo":{"@type":"ImageObject","inLanguage":"es","@id":"https:\/\/fernandezadvocats.es\/#\/schema\/logo\/image\/","url":"https:\/\/fernandezadvocats.es\/wp-content\/uploads\/2024\/11\/cropped-BF-e1731427554424.png","contentUrl":"https:\/\/fernandezadvocats.es\/wp-content\/uploads\/2024\/11\/cropped-BF-e1731427554424.png","width":512,"height":512,"caption":"Fern\u00e1ndez Advocats"},"image":{"@id":"https:\/\/fernandezadvocats.es\/#\/schema\/logo\/image\/"}},{"@type":"Person","@id":"https:\/\/fernandezadvocats.es\/#\/schema\/person\/8ee482a071b4b039d55e3b5981b20a98","name":"mrclickbarcelona@gmail.com","image":{"@type":"ImageObject","inLanguage":"es","@id":"https:\/\/fernandezadvocats.es\/#\/schema\/person\/image\/","url":"https:\/\/secure.gravatar.com\/avatar\/e16cc9a830d1a221b9e83b040154617903c650598282d145b5b76cdcb02f009e?s=96&d=mm&r=g","contentUrl":"https:\/\/secure.gravatar.com\/avatar\/e16cc9a830d1a221b9e83b040154617903c650598282d145b5b76cdcb02f009e?s=96&d=mm&r=g","caption":"mrclickbarcelona@gmail.com"},"url":"https:\/\/fernandezadvocats.es\/es\/author\/mrclickbarcelonagmail-com\/"}]}},"_links":{"self":[{"href":"https:\/\/fernandezadvocats.es\/es\/wp-json\/wp\/v2\/posts\/253770","targetHints":{"allow":["GET"]}}],"collection":[{"href":"https:\/\/fernandezadvocats.es\/es\/wp-json\/wp\/v2\/posts"}],"about":[{"href":"https:\/\/fernandezadvocats.es\/es\/wp-json\/wp\/v2\/types\/post"}],"author":[{"embeddable":true,"href":"https:\/\/fernandezadvocats.es\/es\/wp-json\/wp\/v2\/users\/19"}],"replies":[{"embeddable":true,"href":"https:\/\/fernandezadvocats.es\/es\/wp-json\/wp\/v2\/comments?post=253770"}],"version-history":[{"count":3,"href":"https:\/\/fernandezadvocats.es\/es\/wp-json\/wp\/v2\/posts\/253770\/revisions"}],"predecessor-version":[{"id":254210,"href":"https:\/\/fernandezadvocats.es\/es\/wp-json\/wp\/v2\/posts\/253770\/revisions\/254210"}],"wp:featuredmedia":[{"embeddable":true,"href":"https:\/\/fernandezadvocats.es\/es\/wp-json\/wp\/v2\/media\/253765"}],"wp:attachment":[{"href":"https:\/\/fernandezadvocats.es\/es\/wp-json\/wp\/v2\/media?parent=253770"}],"wp:term":[{"taxonomy":"category","embeddable":true,"href":"https:\/\/fernandezadvocats.es\/es\/wp-json\/wp\/v2\/categories?post=253770"},{"taxonomy":"post_tag","embeddable":true,"href":"https:\/\/fernandezadvocats.es\/es\/wp-json\/wp\/v2\/tags?post=253770"}],"curies":[{"name":"wp","href":"https:\/\/api.w.org\/{rel}","templated":true}]}}