{"id":253778,"date":"2025-11-20T11:11:07","date_gmt":"2025-11-20T10:11:07","guid":{"rendered":"https:\/\/fernandezadvocats.es\/?p=253778"},"modified":"2026-01-21T17:18:29","modified_gmt":"2026-01-21T16:18:29","slug":"desistimiento-procesos-selectivos-aspirantes-admitidos","status":"publish","type":"post","link":"https:\/\/fernandezadvocats.es\/es\/desistimiento-procesos-selectivos-aspirantes-admitidos\/","title":{"rendered":"\u00bfPuede la Administraci\u00f3n cancelar sobrevenidamente un proceso selectivo a voluntad? El Tribunal Supremo dice que no"},"content":{"rendered":"<p><strong><a href=\"https:\/\/fernandezadvocats.es\/wp-content\/uploads\/2025\/11\/Desistiment-processos-selectius-amb-aspirants-admesos.pdf\">DESCARGAR ART\u00cdCULO COMPLETO EN PDF.<\/a><\/strong><\/p>\n<p>Comentario a la STS, Sala Tercera, de 17 de junio de 2025 (rec. 3139\/2023)<\/p>\n<p><span style=\"font-weight: 400;\">Una reciente sentencia de la Sala Tercera refuerza la seguridad jur\u00eddica de los aspirantes y limita la facultad de desistimiento de las administraciones p\u00fablicas cuando \u00e9stas se han iniciado, y han ido avanzando hasta la admisi\u00f3n de aspirantes.<\/span><\/p>\n<p><span style=\"font-weight: 400;\">Hasta ahora, la posici\u00f3n de los aspirantes en estos casos era relativamente incierta, pero sin embargo una importante Sentencia de la Sala Tercera del Tribunal Supremo de 17 de junio de 2025 (rec. 3139\/2023) ha venido a aclarar el escenario, estableciendo l\u00edmites claros a la potestad de la Administraci\u00f3n para desistir de un proceso selectivo ya iniciado.<\/span><\/p>\n<h2><b>1. El caso concreto: un cambio de criterio \u201ca mitad de partido\u201d<\/b><\/h2>\n<p><span style=\"font-weight: 400;\">El caso analizado por el Supremo se origin\u00f3 en la Diputaci\u00f3n Provincial de Ourense.<\/span><span style=\"font-weight: 400;\"><br \/>\n<\/span><span style=\"font-weight: 400;\"> \u00c9sta convoc\u00f3 un concurso para una plaza de asesor\/a jur\u00eddico\/a.<\/span><span style=\"font-weight: 400;\"><br \/>\n<\/span><span style=\"font-weight: 400;\"> Una funcionaria se present\u00f3 y fue la \u00fanica aspirante admitida definitivamente, ya que cumpl\u00eda el requisito exigido en las bases: ser funcionaria del grupo A1.<\/span><\/p>\n<p><span style=\"font-weight: 400;\">Fue entonces cuando, una vez publicada la lista definitiva de admitidos, la Diputaci\u00f3n Provincial se dio cuenta de que, para las funciones del puesto, deber\u00eda haber exigido la titulaci\u00f3n de Grado en Derecho.<\/span><\/p>\n<p><span style=\"font-weight: 400;\">En lugar de continuar el procedimiento o recurrir a la revisi\u00f3n de oficio de las bases, opt\u00f3 por la v\u00eda r\u00e1pida: acord\u00f3 el \u201cdesistimiento\u201d del proceso, ampar\u00e1ndose en el inter\u00e9s p\u00fablico y en la intenci\u00f3n de corregir el error y convocar un nuevo concurso.<\/span><\/p>\n<p><span style=\"font-weight: 400;\">Tanto el Juzgado Contencioso-Administrativo como el Tribunal Superior de Justicia de Galicia avalaron la decisi\u00f3n de la Diputaci\u00f3n, considerando que el inter\u00e9s p\u00fablico deb\u00eda prevalecer y que la posici\u00f3n de la aspirante admitida era en todo caso una \u201cmera expectativa\u201d.<\/span><\/p>\n<h2><b>2. El fondo de la cuesti\u00f3n: la interpretaci\u00f3n del art\u00edculo 93 de la Ley 39\/2015<\/b><\/h2>\n<p><span style=\"font-weight: 400;\">El n\u00facleo del debate jur\u00eddico radica en la interpretaci\u00f3n del art\u00edculo 93 de la Ley 39\/2015, del Procedimiento Administrativo Com\u00fan (LPAC), que establece que en los procedimientos iniciados de oficio, la Administraci\u00f3n podr\u00e1 desistir, motivadamente, en los supuestos y con los requisitos previstos en las Leyes.<\/span><\/p>\n<p><span style=\"font-weight: 400;\">La Sala Tercera desmonta la tesis de que este art\u00edculo otorga una habilitaci\u00f3n general para desistir.<\/span><span style=\"font-weight: 400;\"><br \/>\n<\/span><span style=\"font-weight: 400;\"> La clave, seg\u00fan el Alto Tribunal, se encuentra en la expresi\u00f3n \u201cen las Leyes\u201d.<\/span><span style=\"font-weight: 400;\"><br \/>\n<\/span><span style=\"font-weight: 400;\"> Esta f\u00f3rmula no es un \u201ccheque en blanco\u201d, sino una verdadera remisi\u00f3n normativa. Es decir, la Administraci\u00f3n s\u00f3lo puede desistir si una ley sectorial espec\u00edfica que regule ese procedimiento concreto (como la legislaci\u00f3n de contratos o de expropiaci\u00f3n forzosa) lo prev\u00e9 expresamente.<\/span><\/p>\n<p><span style=\"font-weight: 400;\">De hecho, el art\u00edculo 93 LPAC no otorga una habilitaci\u00f3n general para poder desistir, sino que establece dos condiciones ineludibles:<\/span><\/p>\n<ol>\n<li><b>A)<\/b> <b>Debe ser motivado<\/b><span style=\"font-weight: 400;\">: esta exigencia, para no ser redundante con otros preceptos, se interpreta como la necesidad de una motivaci\u00f3n reforzada, que permite un control judicial m\u00e1s espec\u00edfico y riguroso.<\/span><\/li>\n<li><b>B)<\/b> <b>Debe preverse espec\u00edficamente en otras leyes:<\/b><span style=\"font-weight: 400;\"> el desistimiento s\u00f3lo es posible \u201cen los supuestos y con los requisitos previstos en las Leyes\u201d.<\/span><span style=\"font-weight: 400;\"><br \/>\n<\/span><span style=\"font-weight: 400;\"> El uso del plural (\u201clas Leyes\u201d) indica que la Ley 39\/2015 no es suficiente por s\u00ed misma, sino que hace falta otra ley sectorial que defina expresamente los casos y las condiciones en que la Administraci\u00f3n puede desistir.<\/span><\/li>\n<\/ol>\n<p><span style=\"font-weight: 400;\">En el caso de los procesos selectivos, la ley aplicable no contemplaba esta posibilidad.<\/span><span style=\"font-weight: 400;\"><br \/>\n<\/span><span style=\"font-weight: 400;\"> Por tanto, el desistimiento acordado por la Diputaci\u00f3n fue contrario a derecho.<\/span><\/p>\n<p><span style=\"font-weight: 400;\">El Supremo subraya que el desistimiento es una soluci\u00f3n <\/span><b>excepcional<\/b><span style=\"font-weight: 400;\"> y no una herramienta de libre disposici\u00f3n por parte de la Administraci\u00f3n para corregir sus propios errores de planificaci\u00f3n.<\/span><\/p>\n<p><span style=\"font-weight: 400;\">El desistimiento de la Administraci\u00f3n en un procedimiento que ha iniciado de oficio es una soluci\u00f3n excepcional.<\/span><span style=\"font-weight: 400;\"><br \/>\n<\/span><span style=\"font-weight: 400;\"> Se considera incoherente que la Administraci\u00f3n, que debe actuar siempre conforme a la ley y para la mejor satisfacci\u00f3n del inter\u00e9s p\u00fablico, comience procedimientos para despu\u00e9s terminarlos por su propia voluntad.<\/span><\/p>\n<h2><b>3. El derecho de los aspirantes al proceso selectivo: algo m\u00e1s que una simple expectativa difusa<\/b><\/h2>\n<p><span style=\"font-weight: 400;\">Otro de los pilares de la sentencia es el rechazo frontal a la idea de que un aspirante admitido s\u00f3lo tiene una \u201cmera expectativa\u201d.<\/span><span style=\"font-weight: 400;\"><br \/>\n<\/span><span style=\"font-weight: 400;\"> El Tribunal Supremo es contundente, en el sentido de que no puede reducirse a la mera expectativa a aquel aspirante que inicialmente se encuentra admitido a participar en un proceso selectivo.<\/span><\/p>\n<p><span style=\"font-weight: 400;\">Una vez aprobada la lista definitiva de admitidos, el aspirante adquiere un \u201cderecho a participar efectivamente en el proceso selectivo\u201d de acuerdo con las bases de la convocatoria.<\/span><\/p>\n<p><span style=\"font-weight: 400;\">Estas bases, recuerda el Tribunal, son \u201cla ley del proceso selectivo\u201d.<\/span><span style=\"font-weight: 400;\"><br \/>\n<\/span><span style=\"font-weight: 400;\"> Si bien esto no garantiza <\/span><i><span style=\"font-weight: 400;\">ex ante<\/span><\/i><span style=\"font-weight: 400;\"> superar el proceso, s\u00ed otorga el derecho a realizar las pruebas y a que el procedimiento contin\u00fae hasta su finalizaci\u00f3n.<\/span><\/p>\n<p><b style=\"color: #333333; font-size: 26px;\">4. Conclusiones<\/b><\/p>\n<p><span style=\"font-weight: 400;\">La sentencia comentada supone un interesante precedente sobre los l\u00edmites de la actuaci\u00f3n y los derechos y posiciones del aspirante en el proceso selectivo, pues:<\/span><\/p>\n<ul>\n<li style=\"font-weight: 400;\" aria-level=\"1\"><span style=\"font-weight: 400;\">refuerza la seguridad jur\u00eddica,<\/span><\/li>\n<li style=\"font-weight: 400;\" aria-level=\"1\"><span style=\"font-weight: 400;\">limita la discrecionalidad administrativa,<\/span><\/li>\n<li style=\"font-weight: 400;\" aria-level=\"1\"><span style=\"font-weight: 400;\">protege reforzadamente la confianza leg\u00edtima del aspirante,<\/span><\/li>\n<li style=\"font-weight: 400;\" aria-level=\"1\"><span style=\"font-weight: 400;\">y obliga a la Administraci\u00f3n a actuar conforme a sus propias normas sin poder actuar caprichosamente.<\/span><\/li>\n<\/ul>\n<p>&nbsp;<\/p>\n<p><i><span style=\"font-weight: 400;\">El presente art\u00edculo es meramente divulgativo y no supone asesoramiento ni compromiso de actualizaci\u00f3n.<\/span><\/i><i><span style=\"font-weight: 400;\"><br \/>\n<\/span><\/i><i><span style=\"font-weight: 400;\"> Para m\u00e1s informaci\u00f3n o asesoramiento, contacte con info@fernandezadvocats.es<\/span><\/i><\/p>\n<p>&nbsp;<\/p>\n","protected":false},"excerpt":{"rendered":"<p>DESCARGAR ART\u00cdCULO COMPLETO EN PDF. Comentario a la STS, Sala Tercera, de 17 de junio de 2025 (rec. 3139\/2023) Una reciente sentencia de la Sala Tercera refuerza la seguridad jur\u00eddica de los aspirantes y limita la facultad de desistimiento de las administraciones p\u00fablicas cuando \u00e9stas se han iniciado, y han ido avanzando hasta la admisi\u00f3n [&hellip;]<\/p>\n","protected":false},"author":19,"featured_media":253776,"comment_status":"closed","ping_status":"closed","sticky":false,"template":"","format":"standard","meta":{"_et_pb_use_builder":"","_et_pb_old_content":"","_et_gb_content_width":"","footnotes":""},"categories":[28,131],"tags":[],"class_list":["post-253778","post","type-post","status-publish","format-standard","has-post-thumbnail","hentry","category-articulos-fa","category-derecho-administrativo"],"yoast_head":"<!-- This site is optimized with the Yoast SEO plugin v27.1.1 - https:\/\/yoast.com\/product\/yoast-seo-wordpress\/ -->\n<title>Desistimiento de la administracio\u00f3n en procesos selectivos con aspirantes admitidos | Fern\u00e1ndez Advocats<\/title>\n<meta name=\"description\" content=\"El Tribunal Supremo limita el desistimiento de la Administraci\u00f3n en procesos selectivos ya iniciados y con aspirantes admitidos. An\u00e1lisis de la STS 17\/06\/2025.\" \/>\n<meta name=\"robots\" content=\"index, follow, max-snippet:-1, max-image-preview:large, max-video-preview:-1\" \/>\n<link rel=\"canonical\" href=\"https:\/\/fernandezadvocats.es\/es\/desistimiento-procesos-selectivos-aspirantes-admitidos\/\" \/>\n<meta property=\"og:locale\" content=\"es_ES\" \/>\n<meta property=\"og:type\" content=\"article\" \/>\n<meta property=\"og:title\" content=\"Desistimiento de la administracio\u00f3n en procesos selectivos con aspirantes admitidos | Fern\u00e1ndez Advocats\" \/>\n<meta property=\"og:description\" content=\"El Tribunal Supremo limita el desistimiento de la Administraci\u00f3n en procesos selectivos ya iniciados y con aspirantes admitidos. An\u00e1lisis de la STS 17\/06\/2025.\" \/>\n<meta property=\"og:url\" content=\"https:\/\/fernandezadvocats.es\/es\/desistimiento-procesos-selectivos-aspirantes-admitidos\/\" \/>\n<meta property=\"og:site_name\" content=\"Fern\u00e1ndez Advocats\" \/>\n<meta property=\"article:published_time\" content=\"2025-11-20T10:11:07+00:00\" \/>\n<meta property=\"article:modified_time\" content=\"2026-01-21T16:18:29+00:00\" \/>\n<meta property=\"og:image\" content=\"https:\/\/fernandezadvocats.es\/wp-content\/uploads\/2025\/11\/seguretat-juridica-aspirants.jpg\" \/>\n\t<meta property=\"og:image:width\" content=\"1891\" \/>\n\t<meta property=\"og:image:height\" content=\"1261\" \/>\n\t<meta property=\"og:image:type\" content=\"image\/jpeg\" \/>\n<meta name=\"author\" content=\"mrclickbarcelona@gmail.com\" \/>\n<meta name=\"twitter:card\" content=\"summary_large_image\" \/>\n<meta name=\"twitter:label1\" content=\"Escrito por\" \/>\n\t<meta name=\"twitter:data1\" content=\"mrclickbarcelona@gmail.com\" \/>\n\t<meta name=\"twitter:label2\" content=\"Tiempo de lectura\" \/>\n\t<meta name=\"twitter:data2\" content=\"5 minutos\" \/>\n<script type=\"application\/ld+json\" class=\"yoast-schema-graph\">{\"@context\":\"https:\/\/schema.org\",\"@graph\":[{\"@type\":\"Article\",\"@id\":\"https:\/\/fernandezadvocats.es\/es\/desistimiento-procesos-selectivos-aspirantes-admitidos\/#article\",\"isPartOf\":{\"@id\":\"https:\/\/fernandezadvocats.es\/es\/desistimiento-procesos-selectivos-aspirantes-admitidos\/\"},\"author\":{\"name\":\"mrclickbarcelona@gmail.com\",\"@id\":\"https:\/\/fernandezadvocats.es\/#\/schema\/person\/8ee482a071b4b039d55e3b5981b20a98\"},\"headline\":\"\u00bfPuede la Administraci\u00f3n cancelar sobrevenidamente un proceso selectivo a voluntad? El Tribunal Supremo dice que no\",\"datePublished\":\"2025-11-20T10:11:07+00:00\",\"dateModified\":\"2026-01-21T16:18:29+00:00\",\"mainEntityOfPage\":{\"@id\":\"https:\/\/fernandezadvocats.es\/es\/desistimiento-procesos-selectivos-aspirantes-admitidos\/\"},\"wordCount\":943,\"publisher\":{\"@id\":\"https:\/\/fernandezadvocats.es\/#organization\"},\"image\":{\"@id\":\"https:\/\/fernandezadvocats.es\/es\/desistimiento-procesos-selectivos-aspirantes-admitidos\/#primaryimage\"},\"thumbnailUrl\":\"https:\/\/fernandezadvocats.es\/wp-content\/uploads\/2025\/11\/seguretat-juridica-aspirants.jpg\",\"articleSection\":[\"Art\u00edculos FA\",\"Derecho Administrativo\"],\"inLanguage\":\"es\"},{\"@type\":\"WebPage\",\"@id\":\"https:\/\/fernandezadvocats.es\/es\/desistimiento-procesos-selectivos-aspirantes-admitidos\/\",\"url\":\"https:\/\/fernandezadvocats.es\/es\/desistimiento-procesos-selectivos-aspirantes-admitidos\/\",\"name\":\"Desistimiento de la administracio\u00f3n en procesos selectivos con aspirantes admitidos | Fern\u00e1ndez Advocats\",\"isPartOf\":{\"@id\":\"https:\/\/fernandezadvocats.es\/#website\"},\"primaryImageOfPage\":{\"@id\":\"https:\/\/fernandezadvocats.es\/es\/desistimiento-procesos-selectivos-aspirantes-admitidos\/#primaryimage\"},\"image\":{\"@id\":\"https:\/\/fernandezadvocats.es\/es\/desistimiento-procesos-selectivos-aspirantes-admitidos\/#primaryimage\"},\"thumbnailUrl\":\"https:\/\/fernandezadvocats.es\/wp-content\/uploads\/2025\/11\/seguretat-juridica-aspirants.jpg\",\"datePublished\":\"2025-11-20T10:11:07+00:00\",\"dateModified\":\"2026-01-21T16:18:29+00:00\",\"description\":\"El Tribunal Supremo limita el desistimiento de la Administraci\u00f3n en procesos selectivos ya iniciados y con aspirantes admitidos. An\u00e1lisis de la STS 17\/06\/2025.\",\"breadcrumb\":{\"@id\":\"https:\/\/fernandezadvocats.es\/es\/desistimiento-procesos-selectivos-aspirantes-admitidos\/#breadcrumb\"},\"inLanguage\":\"es\",\"potentialAction\":[{\"@type\":\"ReadAction\",\"target\":[\"https:\/\/fernandezadvocats.es\/es\/desistimiento-procesos-selectivos-aspirantes-admitidos\/\"]}]},{\"@type\":\"ImageObject\",\"inLanguage\":\"es\",\"@id\":\"https:\/\/fernandezadvocats.es\/es\/desistimiento-procesos-selectivos-aspirantes-admitidos\/#primaryimage\",\"url\":\"https:\/\/fernandezadvocats.es\/wp-content\/uploads\/2025\/11\/seguretat-juridica-aspirants.jpg\",\"contentUrl\":\"https:\/\/fernandezadvocats.es\/wp-content\/uploads\/2025\/11\/seguretat-juridica-aspirants.jpg\",\"width\":1891,\"height\":1261,\"caption\":\"seguretat jur\u00eddica aspirants\"},{\"@type\":\"BreadcrumbList\",\"@id\":\"https:\/\/fernandezadvocats.es\/es\/desistimiento-procesos-selectivos-aspirantes-admitidos\/#breadcrumb\",\"itemListElement\":[{\"@type\":\"ListItem\",\"position\":1,\"name\":\"Portada\",\"item\":\"https:\/\/fernandezadvocats.es\/es\/fernandez-advocats-berga\/\"},{\"@type\":\"ListItem\",\"position\":2,\"name\":\"\u00bfPuede la Administraci\u00f3n cancelar sobrevenidamente un proceso selectivo a voluntad? El Tribunal Supremo dice que no\"}]},{\"@type\":\"WebSite\",\"@id\":\"https:\/\/fernandezadvocats.es\/#website\",\"url\":\"https:\/\/fernandezadvocats.es\/\",\"name\":\"Fern\u00e1ndez Advocats\",\"description\":\"Advocats Berga i Barcelona\",\"publisher\":{\"@id\":\"https:\/\/fernandezadvocats.es\/#organization\"},\"alternateName\":\"Abogados Berga y Bracelona\",\"potentialAction\":[{\"@type\":\"SearchAction\",\"target\":{\"@type\":\"EntryPoint\",\"urlTemplate\":\"https:\/\/fernandezadvocats.es\/?s={search_term_string}\"},\"query-input\":{\"@type\":\"PropertyValueSpecification\",\"valueRequired\":true,\"valueName\":\"search_term_string\"}}],\"inLanguage\":\"es\"},{\"@type\":\"Organization\",\"@id\":\"https:\/\/fernandezadvocats.es\/#organization\",\"name\":\"Fern\u00e1ndez Advocats\",\"url\":\"https:\/\/fernandezadvocats.es\/\",\"logo\":{\"@type\":\"ImageObject\",\"inLanguage\":\"es\",\"@id\":\"https:\/\/fernandezadvocats.es\/#\/schema\/logo\/image\/\",\"url\":\"https:\/\/fernandezadvocats.es\/wp-content\/uploads\/2024\/11\/cropped-BF-e1731427554424.png\",\"contentUrl\":\"https:\/\/fernandezadvocats.es\/wp-content\/uploads\/2024\/11\/cropped-BF-e1731427554424.png\",\"width\":512,\"height\":512,\"caption\":\"Fern\u00e1ndez Advocats\"},\"image\":{\"@id\":\"https:\/\/fernandezadvocats.es\/#\/schema\/logo\/image\/\"}},{\"@type\":\"Person\",\"@id\":\"https:\/\/fernandezadvocats.es\/#\/schema\/person\/8ee482a071b4b039d55e3b5981b20a98\",\"name\":\"mrclickbarcelona@gmail.com\",\"image\":{\"@type\":\"ImageObject\",\"inLanguage\":\"es\",\"@id\":\"https:\/\/fernandezadvocats.es\/#\/schema\/person\/image\/\",\"url\":\"https:\/\/secure.gravatar.com\/avatar\/e16cc9a830d1a221b9e83b040154617903c650598282d145b5b76cdcb02f009e?s=96&d=mm&r=g\",\"contentUrl\":\"https:\/\/secure.gravatar.com\/avatar\/e16cc9a830d1a221b9e83b040154617903c650598282d145b5b76cdcb02f009e?s=96&d=mm&r=g\",\"caption\":\"mrclickbarcelona@gmail.com\"},\"url\":\"https:\/\/fernandezadvocats.es\/es\/author\/mrclickbarcelonagmail-com\/\"}]}<\/script>\n<!-- \/ Yoast SEO plugin. -->","yoast_head_json":{"title":"Desistimiento de la administracio\u00f3n en procesos selectivos con aspirantes admitidos | Fern\u00e1ndez Advocats","description":"El Tribunal Supremo limita el desistimiento de la Administraci\u00f3n en procesos selectivos ya iniciados y con aspirantes admitidos. An\u00e1lisis de la STS 17\/06\/2025.","robots":{"index":"index","follow":"follow","max-snippet":"max-snippet:-1","max-image-preview":"max-image-preview:large","max-video-preview":"max-video-preview:-1"},"canonical":"https:\/\/fernandezadvocats.es\/es\/desistimiento-procesos-selectivos-aspirantes-admitidos\/","og_locale":"es_ES","og_type":"article","og_title":"Desistimiento de la administracio\u00f3n en procesos selectivos con aspirantes admitidos | Fern\u00e1ndez Advocats","og_description":"El Tribunal Supremo limita el desistimiento de la Administraci\u00f3n en procesos selectivos ya iniciados y con aspirantes admitidos. An\u00e1lisis de la STS 17\/06\/2025.","og_url":"https:\/\/fernandezadvocats.es\/es\/desistimiento-procesos-selectivos-aspirantes-admitidos\/","og_site_name":"Fern\u00e1ndez Advocats","article_published_time":"2025-11-20T10:11:07+00:00","article_modified_time":"2026-01-21T16:18:29+00:00","og_image":[{"width":1891,"height":1261,"url":"https:\/\/fernandezadvocats.es\/wp-content\/uploads\/2025\/11\/seguretat-juridica-aspirants.jpg","type":"image\/jpeg"}],"author":"mrclickbarcelona@gmail.com","twitter_card":"summary_large_image","twitter_misc":{"Escrito por":"mrclickbarcelona@gmail.com","Tiempo de lectura":"5 minutos"},"schema":{"@context":"https:\/\/schema.org","@graph":[{"@type":"Article","@id":"https:\/\/fernandezadvocats.es\/es\/desistimiento-procesos-selectivos-aspirantes-admitidos\/#article","isPartOf":{"@id":"https:\/\/fernandezadvocats.es\/es\/desistimiento-procesos-selectivos-aspirantes-admitidos\/"},"author":{"name":"mrclickbarcelona@gmail.com","@id":"https:\/\/fernandezadvocats.es\/#\/schema\/person\/8ee482a071b4b039d55e3b5981b20a98"},"headline":"\u00bfPuede la Administraci\u00f3n cancelar sobrevenidamente un proceso selectivo a voluntad? El Tribunal Supremo dice que no","datePublished":"2025-11-20T10:11:07+00:00","dateModified":"2026-01-21T16:18:29+00:00","mainEntityOfPage":{"@id":"https:\/\/fernandezadvocats.es\/es\/desistimiento-procesos-selectivos-aspirantes-admitidos\/"},"wordCount":943,"publisher":{"@id":"https:\/\/fernandezadvocats.es\/#organization"},"image":{"@id":"https:\/\/fernandezadvocats.es\/es\/desistimiento-procesos-selectivos-aspirantes-admitidos\/#primaryimage"},"thumbnailUrl":"https:\/\/fernandezadvocats.es\/wp-content\/uploads\/2025\/11\/seguretat-juridica-aspirants.jpg","articleSection":["Art\u00edculos FA","Derecho Administrativo"],"inLanguage":"es"},{"@type":"WebPage","@id":"https:\/\/fernandezadvocats.es\/es\/desistimiento-procesos-selectivos-aspirantes-admitidos\/","url":"https:\/\/fernandezadvocats.es\/es\/desistimiento-procesos-selectivos-aspirantes-admitidos\/","name":"Desistimiento de la administracio\u00f3n en procesos selectivos con aspirantes admitidos | Fern\u00e1ndez Advocats","isPartOf":{"@id":"https:\/\/fernandezadvocats.es\/#website"},"primaryImageOfPage":{"@id":"https:\/\/fernandezadvocats.es\/es\/desistimiento-procesos-selectivos-aspirantes-admitidos\/#primaryimage"},"image":{"@id":"https:\/\/fernandezadvocats.es\/es\/desistimiento-procesos-selectivos-aspirantes-admitidos\/#primaryimage"},"thumbnailUrl":"https:\/\/fernandezadvocats.es\/wp-content\/uploads\/2025\/11\/seguretat-juridica-aspirants.jpg","datePublished":"2025-11-20T10:11:07+00:00","dateModified":"2026-01-21T16:18:29+00:00","description":"El Tribunal Supremo limita el desistimiento de la Administraci\u00f3n en procesos selectivos ya iniciados y con aspirantes admitidos. An\u00e1lisis de la STS 17\/06\/2025.","breadcrumb":{"@id":"https:\/\/fernandezadvocats.es\/es\/desistimiento-procesos-selectivos-aspirantes-admitidos\/#breadcrumb"},"inLanguage":"es","potentialAction":[{"@type":"ReadAction","target":["https:\/\/fernandezadvocats.es\/es\/desistimiento-procesos-selectivos-aspirantes-admitidos\/"]}]},{"@type":"ImageObject","inLanguage":"es","@id":"https:\/\/fernandezadvocats.es\/es\/desistimiento-procesos-selectivos-aspirantes-admitidos\/#primaryimage","url":"https:\/\/fernandezadvocats.es\/wp-content\/uploads\/2025\/11\/seguretat-juridica-aspirants.jpg","contentUrl":"https:\/\/fernandezadvocats.es\/wp-content\/uploads\/2025\/11\/seguretat-juridica-aspirants.jpg","width":1891,"height":1261,"caption":"seguretat jur\u00eddica aspirants"},{"@type":"BreadcrumbList","@id":"https:\/\/fernandezadvocats.es\/es\/desistimiento-procesos-selectivos-aspirantes-admitidos\/#breadcrumb","itemListElement":[{"@type":"ListItem","position":1,"name":"Portada","item":"https:\/\/fernandezadvocats.es\/es\/fernandez-advocats-berga\/"},{"@type":"ListItem","position":2,"name":"\u00bfPuede la Administraci\u00f3n cancelar sobrevenidamente un proceso selectivo a voluntad? El Tribunal Supremo dice que no"}]},{"@type":"WebSite","@id":"https:\/\/fernandezadvocats.es\/#website","url":"https:\/\/fernandezadvocats.es\/","name":"Fern\u00e1ndez Advocats","description":"Advocats Berga i Barcelona","publisher":{"@id":"https:\/\/fernandezadvocats.es\/#organization"},"alternateName":"Abogados Berga y Bracelona","potentialAction":[{"@type":"SearchAction","target":{"@type":"EntryPoint","urlTemplate":"https:\/\/fernandezadvocats.es\/?s={search_term_string}"},"query-input":{"@type":"PropertyValueSpecification","valueRequired":true,"valueName":"search_term_string"}}],"inLanguage":"es"},{"@type":"Organization","@id":"https:\/\/fernandezadvocats.es\/#organization","name":"Fern\u00e1ndez Advocats","url":"https:\/\/fernandezadvocats.es\/","logo":{"@type":"ImageObject","inLanguage":"es","@id":"https:\/\/fernandezadvocats.es\/#\/schema\/logo\/image\/","url":"https:\/\/fernandezadvocats.es\/wp-content\/uploads\/2024\/11\/cropped-BF-e1731427554424.png","contentUrl":"https:\/\/fernandezadvocats.es\/wp-content\/uploads\/2024\/11\/cropped-BF-e1731427554424.png","width":512,"height":512,"caption":"Fern\u00e1ndez Advocats"},"image":{"@id":"https:\/\/fernandezadvocats.es\/#\/schema\/logo\/image\/"}},{"@type":"Person","@id":"https:\/\/fernandezadvocats.es\/#\/schema\/person\/8ee482a071b4b039d55e3b5981b20a98","name":"mrclickbarcelona@gmail.com","image":{"@type":"ImageObject","inLanguage":"es","@id":"https:\/\/fernandezadvocats.es\/#\/schema\/person\/image\/","url":"https:\/\/secure.gravatar.com\/avatar\/e16cc9a830d1a221b9e83b040154617903c650598282d145b5b76cdcb02f009e?s=96&d=mm&r=g","contentUrl":"https:\/\/secure.gravatar.com\/avatar\/e16cc9a830d1a221b9e83b040154617903c650598282d145b5b76cdcb02f009e?s=96&d=mm&r=g","caption":"mrclickbarcelona@gmail.com"},"url":"https:\/\/fernandezadvocats.es\/es\/author\/mrclickbarcelonagmail-com\/"}]}},"_links":{"self":[{"href":"https:\/\/fernandezadvocats.es\/es\/wp-json\/wp\/v2\/posts\/253778","targetHints":{"allow":["GET"]}}],"collection":[{"href":"https:\/\/fernandezadvocats.es\/es\/wp-json\/wp\/v2\/posts"}],"about":[{"href":"https:\/\/fernandezadvocats.es\/es\/wp-json\/wp\/v2\/types\/post"}],"author":[{"embeddable":true,"href":"https:\/\/fernandezadvocats.es\/es\/wp-json\/wp\/v2\/users\/19"}],"replies":[{"embeddable":true,"href":"https:\/\/fernandezadvocats.es\/es\/wp-json\/wp\/v2\/comments?post=253778"}],"version-history":[{"count":3,"href":"https:\/\/fernandezadvocats.es\/es\/wp-json\/wp\/v2\/posts\/253778\/revisions"}],"predecessor-version":[{"id":254208,"href":"https:\/\/fernandezadvocats.es\/es\/wp-json\/wp\/v2\/posts\/253778\/revisions\/254208"}],"wp:featuredmedia":[{"embeddable":true,"href":"https:\/\/fernandezadvocats.es\/es\/wp-json\/wp\/v2\/media\/253776"}],"wp:attachment":[{"href":"https:\/\/fernandezadvocats.es\/es\/wp-json\/wp\/v2\/media?parent=253778"}],"wp:term":[{"taxonomy":"category","embeddable":true,"href":"https:\/\/fernandezadvocats.es\/es\/wp-json\/wp\/v2\/categories?post=253778"},{"taxonomy":"post_tag","embeddable":true,"href":"https:\/\/fernandezadvocats.es\/es\/wp-json\/wp\/v2\/tags?post=253778"}],"curies":[{"name":"wp","href":"https:\/\/api.w.org\/{rel}","templated":true}]}}