{"id":253815,"date":"2025-12-02T10:18:12","date_gmt":"2025-12-02T09:18:12","guid":{"rendered":"https:\/\/fernandezadvocats.es\/?p=253815"},"modified":"2026-01-21T17:14:44","modified_gmt":"2026-01-21T16:14:44","slug":"acoso-escolar-responsabilidad-patrimonial-administracion-educativa","status":"publish","type":"post","link":"https:\/\/fernandezadvocats.es\/es\/acoso-escolar-responsabilidad-patrimonial-administracion-educativa\/","title":{"rendered":"Acoso escolar y responsabilidad patrimonial de la Administraci\u00f3n educativa"},"content":{"rendered":"<p><span style=\"font-weight: 400;\">La Sala Contenciosa-Administrativa del Tribunal Superior de Justicia de las Islas Baleares en Sentencia 312\/2025, de 10 de julio, ha vuelto a poner sobre la mesa una cuesti\u00f3n de m\u00e1xima relevancia social y jur\u00eddica en los tiempos actuales: la responsabilidad de las administraciones educativas ante casos de acoso escolar.<\/span><span style=\"font-weight: 400;\"><br \/>\n<\/span><span style=\"font-weight: 400;\"> La resoluci\u00f3n, que condena a la Administraci\u00f3n Educativa a indemnizar con 20.000 euros a la familia de un menor por da\u00f1os morales, no solo reconoce el sufrimiento de la v\u00edctima, sino que se\u00f1ala directamente una serie de errores y omisiones por parte del centro educativo que agravaron la situaci\u00f3n.<\/span><\/p>\n<h3><b>El contexto del caso analizado: Un acoso continuado y una respuesta deficiente<\/b><\/h3>\n<p><span style=\"font-weight: 400;\">El caso versa sobre el sufrimiento de un alumno que padeci\u00f3 un acoso constante y sistem\u00e1tico durante los cursos 2017\/2018 y 2018\/2019. Los hechos inclu\u00edan insultos vejatorios (\u00abgordo\u00bb, \u00abbola de grasa\u00bb, \u00abhijo de puta\u00bb, \u00abojal\u00e1 te mueras\u00bb) e incluso agresiones f\u00edsicas.<\/span><span style=\"font-weight: 400;\"><br \/>\n<\/span><span style=\"font-weight: 400;\"> Como consecuencia, el menor desarroll\u00f3 un cuadro cl\u00ednico grave con s\u00edntomas depresivos, ansiedad, estr\u00e9s postraum\u00e1tico, baja autoestima e incluso pensamientos recurrentes sobre la muerte.<\/span><span style=\"font-weight: 400;\"><br \/>\n<\/span><span style=\"font-weight: 400;\"> Lo m\u00e1s alarmante es que el equipo directivo del centro era conocedor desde el primer momento de las dificultades de integraci\u00f3n e habilidades sociales del alumno. Aun as\u00ed, su actuaci\u00f3n fue meramente reactiva y claramente insuficiente.<\/span><\/p>\n<h3><b>Los errores tributarios de la responsabilidad patrimonial por la pasividad del centro educativo<\/b><\/h3>\n<p><span style=\"font-weight: 400;\">La Sala identifica una cadena de decisiones err\u00f3neas y omisiones que configuran un funcionamiento anormal del servicio p\u00fablico educativo, haciendo especial \u00e9nfasis en los siguientes factores:<\/span><\/p>\n<p><span style=\"font-weight: 400;\">I) Equiparar v\u00edctima con agresor: El Tribunal destaca como error fundamental la interpretaci\u00f3n que hizo el centro de las reacciones del menor. Este, en un intento de defenderse, ten\u00eda lo que un perito llam\u00f3 \u00abexplosiones emocionales\u00bb.<\/span><span style=\"font-weight: 400;\"><br \/>\n<\/span><span style=\"font-weight: 400;\"> El equipo directivo confundi\u00f3 estos actos de defensa con agresiones, llegando a la conclusi\u00f3n err\u00f3nea de que el menor era \u00abv\u00edctima y agresor al mismo tiempo\u00bb.<\/span><span style=\"font-weight: 400;\"><br \/>\n<\/span><span style=\"font-weight: 400;\"> La sentencia es especialmente taxativa en este punto, pues \u00abnunca es lo mismo agredir que defenderse\u00bb.<\/span><span style=\"font-weight: 400;\"><br \/>\n<\/span><span style=\"font-weight: 400;\"> Esta confusi\u00f3n llev\u00f3 a medidas inadecuadas y a la desprotecci\u00f3n de la verdadera v\u00edctima.<\/span><\/p>\n<p><span style=\"font-weight: 400;\">II) Activaci\u00f3n tard\u00eda e incorrecta del Protocolo de Acoso: El protocolo se activ\u00f3 m\u00e1s de un a\u00f1o despu\u00e9s del inicio de los hechos. Adem\u00e1s, su aplicaci\u00f3n fue constatadamente deficiente, ya que no se recogieron pruebas de los insultos, no se realizaron los informes psicol\u00f3gicos pertinentes y, en definitiva, no se llev\u00f3 a cabo una intervenci\u00f3n adecuada.<\/span><\/p>\n<p><span style=\"font-weight: 400;\">III) Medidas contraproducentes como vigilar a la v\u00edctima, no al agresor: Una de las medidas m\u00e1s desacertadas que censura el TSJBaleares fue someter al alumno acosado a una vigilancia intensa, dificultando su relaci\u00f3n con los compa\u00f1eros.<\/span><span style=\"font-weight: 400;\"><br \/>\n<\/span><span style=\"font-weight: 400;\"> Esta actuaci\u00f3n, lejos de protegerlo, lo se\u00f1al\u00f3 y estigmatiz\u00f3 a\u00fan m\u00e1s.<\/span><span style=\"font-weight: 400;\"><br \/>\n<\/span><span style=\"font-weight: 400;\"> La Sala recuerda una obviedad que, en este caso, fue ignorada por el centro: la vigilancia debe recaer sobre el agresor, no sobre la v\u00edctima.<\/span><\/p>\n<p><span style=\"font-weight: 400;\">IV) Falta de prevenci\u00f3n y seguimiento por parte del centro: se constata que, simplemente, se adoptaron \u00abmedidas ocasionales y reactivas\u00bb, sin persistencia ni seguimiento.<\/span><span style=\"font-weight: 400;\"><br \/>\n<\/span><span style=\"font-weight: 400;\"> No existi\u00f3 un aut\u00e9ntico plan preventivo para evitar situaciones de riesgo, a pesar de ser conscientes de la vulnerabilidad del alumno.<\/span><span style=\"font-weight: 400;\"><br \/>\n<\/span><span style=\"font-weight: 400;\"> Esta pasividad gener\u00f3 en el alumno una sensaci\u00f3n de indefensi\u00f3n y, al mismo tiempo, fortaleci\u00f3 a los agresores, que percib\u00edan una total falta de consecuencias por sus actos.<\/span><\/p>\n<p><span style=\"font-weight: 400;\">Estimaci\u00f3n de la existencia de responsabilidad patrimonial de la Administraci\u00f3n Educativa<\/span><\/p>\n<p><span style=\"font-weight: 400;\">El tribunal fundamenta su decisi\u00f3n en vista a la acci\u00f3n ejercida y el principio de responsabilidad patrimonial de las Administraciones P\u00fablicas.<\/span><span style=\"font-weight: 400;\"><br \/>\n<\/span><span style=\"font-weight: 400;\"> Considera probado el nexo causal entre el funcionamiento deficiente del servicio p\u00fablico educativo (la inacci\u00f3n y mala praxis del centro) y el da\u00f1o sufrido por el menor, un da\u00f1o que ni \u00e9l ni su familia ten\u00edan el deber jur\u00eddico de soportar.<\/span><\/p>\n<p><span style=\"font-weight: 400;\">En cuanto a la cuant\u00eda, si bien la reclamaci\u00f3n de la familia era de 50.000 euros, el TSJBaleares la reduce a 20.000 euros al considerar esta cifra suficiente y proporcional, a falta de una aportaci\u00f3n de criterios objetivos que sustenten la valoraci\u00f3n de la cifra pretendida.<\/span><\/p>\n<h3><b>Conclusiones valorativas<\/b><\/h3>\n<p><span style=\"font-weight: 400;\">Esta sentencia env\u00eda un mensaje claro a las instituciones educativas.<\/span><span style=\"font-weight: 400;\"><br \/>\n<\/span><span style=\"font-weight: 400;\"> Estamos ante un ejemplo de resoluci\u00f3n judicial sensible frente a estas problem\u00e1ticas, que ampara a la v\u00edctima y pone el foco en el deber de diligencia de los centros educativos, cuya vulneraci\u00f3n puede y debe ser compensada por el sufrimiento prolongado que se haya producido.<\/span><span style=\"font-weight: 400;\"><br \/>\n<\/span><span style=\"font-weight: 400;\"> Refuerza tambi\u00e9n la exigencia de contar con protocolos y, sobre todo, que sean efectivos para evitar que las conductas de los acosadores se repitan, recordando que el sistema educativo se configura de acuerdo con los valores constitucionales y se fundamenta en el respeto de los derechos y libertades que se reconocen, tal como dispone la Ley Org\u00e1nica 2\/2006, de 3 de mayo, de Educaci\u00f3n, que precisamente se inspira en la educaci\u00f3n para la no violencia en todos los \u00e1mbitos, y en especial, del acoso escolar, para ayudar al alumnado a reconocer toda forma de maltrato, abuso y violencia o discriminaci\u00f3n, y reaccionar ante esta.<\/span><\/p>\n<p><i><span style=\"font-weight: 400;\">El presente art\u00edculo es meramente divulgativo y no supone asesoramiento ni compromiso de actualizaci\u00f3n.<\/span><\/i><i><span style=\"font-weight: 400;\"><br \/>\n<\/span><\/i><i><span style=\"font-weight: 400;\"> Para m\u00e1s informaci\u00f3n, contacte con info@fernandezadvocats.es<\/span><\/i><\/p>\n","protected":false},"excerpt":{"rendered":"<p>La Sala Contenciosa-Administrativa del Tribunal Superior de Justicia de las Islas Baleares en Sentencia 312\/2025, de 10 de julio, ha vuelto a poner sobre la mesa una cuesti\u00f3n de m\u00e1xima relevancia social y jur\u00eddica en los tiempos actuales: la responsabilidad de las administraciones educativas ante casos de acoso escolar. La resoluci\u00f3n, que condena a la [&hellip;]<\/p>\n","protected":false},"author":19,"featured_media":253818,"comment_status":"closed","ping_status":"closed","sticky":false,"template":"","format":"standard","meta":{"_et_pb_use_builder":"","_et_pb_old_content":"","_et_gb_content_width":"","footnotes":""},"categories":[28,131,24],"tags":[],"class_list":["post-253815","post","type-post","status-publish","format-standard","has-post-thumbnail","hentry","category-articulos-fa","category-derecho-administrativo","category-menores"],"yoast_head":"<!-- This site is optimized with the Yoast SEO plugin v27.1.1 - https:\/\/yoast.com\/product\/yoast-seo-wordpress\/ -->\n<title>Acoso escolar y responsabilidad patrimonial de la Administraci\u00f3n educativa | Fern\u00e1ndez Advocats<\/title>\n<meta name=\"description\" content=\"El TSJ Baleares condena a la Administraci\u00f3n por un caso grave de acoso escolar y mala praxis del centro. An\u00e1lisis jur\u00eddico de la Sentencia 312\/2025.\" \/>\n<meta name=\"robots\" content=\"index, follow, max-snippet:-1, max-image-preview:large, max-video-preview:-1\" \/>\n<link rel=\"canonical\" href=\"https:\/\/fernandezadvocats.es\/es\/acoso-escolar-responsabilidad-patrimonial-administracion-educativa\/\" \/>\n<meta property=\"og:locale\" content=\"es_ES\" \/>\n<meta property=\"og:type\" content=\"article\" \/>\n<meta property=\"og:title\" content=\"Acoso escolar y responsabilidad patrimonial de la Administraci\u00f3n educativa | Fern\u00e1ndez Advocats\" \/>\n<meta property=\"og:description\" content=\"El TSJ Baleares condena a la Administraci\u00f3n por un caso grave de acoso escolar y mala praxis del centro. An\u00e1lisis jur\u00eddico de la Sentencia 312\/2025.\" \/>\n<meta property=\"og:url\" content=\"https:\/\/fernandezadvocats.es\/es\/acoso-escolar-responsabilidad-patrimonial-administracion-educativa\/\" \/>\n<meta property=\"og:site_name\" content=\"Fern\u00e1ndez Advocats\" \/>\n<meta property=\"article:published_time\" content=\"2025-12-02T09:18:12+00:00\" \/>\n<meta property=\"article:modified_time\" content=\"2026-01-21T16:14:44+00:00\" \/>\n<meta property=\"og:image\" content=\"https:\/\/fernandezadvocats.es\/wp-content\/uploads\/2025\/12\/acoso-escolar.jpg\" \/>\n\t<meta property=\"og:image:width\" content=\"1313\" \/>\n\t<meta property=\"og:image:height\" content=\"875\" \/>\n\t<meta property=\"og:image:type\" content=\"image\/jpeg\" \/>\n<meta name=\"author\" content=\"mrclickbarcelona@gmail.com\" \/>\n<meta name=\"twitter:card\" content=\"summary_large_image\" \/>\n<meta name=\"twitter:label1\" content=\"Escrito por\" \/>\n\t<meta name=\"twitter:data1\" content=\"mrclickbarcelona@gmail.com\" \/>\n\t<meta name=\"twitter:label2\" content=\"Tiempo de lectura\" \/>\n\t<meta name=\"twitter:data2\" content=\"5 minutos\" \/>\n<script type=\"application\/ld+json\" class=\"yoast-schema-graph\">{\"@context\":\"https:\/\/schema.org\",\"@graph\":[{\"@type\":\"Article\",\"@id\":\"https:\/\/fernandezadvocats.es\/es\/acoso-escolar-responsabilidad-patrimonial-administracion-educativa\/#article\",\"isPartOf\":{\"@id\":\"https:\/\/fernandezadvocats.es\/es\/acoso-escolar-responsabilidad-patrimonial-administracion-educativa\/\"},\"author\":{\"name\":\"mrclickbarcelona@gmail.com\",\"@id\":\"https:\/\/fernandezadvocats.es\/#\/schema\/person\/8ee482a071b4b039d55e3b5981b20a98\"},\"headline\":\"Acoso escolar y responsabilidad patrimonial de la Administraci\u00f3n educativa\",\"datePublished\":\"2025-12-02T09:18:12+00:00\",\"dateModified\":\"2026-01-21T16:14:44+00:00\",\"mainEntityOfPage\":{\"@id\":\"https:\/\/fernandezadvocats.es\/es\/acoso-escolar-responsabilidad-patrimonial-administracion-educativa\/\"},\"wordCount\":928,\"publisher\":{\"@id\":\"https:\/\/fernandezadvocats.es\/#organization\"},\"image\":{\"@id\":\"https:\/\/fernandezadvocats.es\/es\/acoso-escolar-responsabilidad-patrimonial-administracion-educativa\/#primaryimage\"},\"thumbnailUrl\":\"https:\/\/fernandezadvocats.es\/wp-content\/uploads\/2025\/12\/acoso-escolar.jpg\",\"articleSection\":[\"Art\u00edculos FA\",\"Derecho Administrativo\",\"Menores\"],\"inLanguage\":\"es\"},{\"@type\":\"WebPage\",\"@id\":\"https:\/\/fernandezadvocats.es\/es\/acoso-escolar-responsabilidad-patrimonial-administracion-educativa\/\",\"url\":\"https:\/\/fernandezadvocats.es\/es\/acoso-escolar-responsabilidad-patrimonial-administracion-educativa\/\",\"name\":\"Acoso escolar y responsabilidad patrimonial de la Administraci\u00f3n educativa | Fern\u00e1ndez Advocats\",\"isPartOf\":{\"@id\":\"https:\/\/fernandezadvocats.es\/#website\"},\"primaryImageOfPage\":{\"@id\":\"https:\/\/fernandezadvocats.es\/es\/acoso-escolar-responsabilidad-patrimonial-administracion-educativa\/#primaryimage\"},\"image\":{\"@id\":\"https:\/\/fernandezadvocats.es\/es\/acoso-escolar-responsabilidad-patrimonial-administracion-educativa\/#primaryimage\"},\"thumbnailUrl\":\"https:\/\/fernandezadvocats.es\/wp-content\/uploads\/2025\/12\/acoso-escolar.jpg\",\"datePublished\":\"2025-12-02T09:18:12+00:00\",\"dateModified\":\"2026-01-21T16:14:44+00:00\",\"description\":\"El TSJ Baleares condena a la Administraci\u00f3n por un caso grave de acoso escolar y mala praxis del centro. An\u00e1lisis jur\u00eddico de la Sentencia 312\/2025.\",\"breadcrumb\":{\"@id\":\"https:\/\/fernandezadvocats.es\/es\/acoso-escolar-responsabilidad-patrimonial-administracion-educativa\/#breadcrumb\"},\"inLanguage\":\"es\",\"potentialAction\":[{\"@type\":\"ReadAction\",\"target\":[\"https:\/\/fernandezadvocats.es\/es\/acoso-escolar-responsabilidad-patrimonial-administracion-educativa\/\"]}]},{\"@type\":\"ImageObject\",\"inLanguage\":\"es\",\"@id\":\"https:\/\/fernandezadvocats.es\/es\/acoso-escolar-responsabilidad-patrimonial-administracion-educativa\/#primaryimage\",\"url\":\"https:\/\/fernandezadvocats.es\/wp-content\/uploads\/2025\/12\/acoso-escolar.jpg\",\"contentUrl\":\"https:\/\/fernandezadvocats.es\/wp-content\/uploads\/2025\/12\/acoso-escolar.jpg\",\"width\":1313,\"height\":875},{\"@type\":\"BreadcrumbList\",\"@id\":\"https:\/\/fernandezadvocats.es\/es\/acoso-escolar-responsabilidad-patrimonial-administracion-educativa\/#breadcrumb\",\"itemListElement\":[{\"@type\":\"ListItem\",\"position\":1,\"name\":\"Portada\",\"item\":\"https:\/\/fernandezadvocats.es\/es\/fernandez-advocats-berga\/\"},{\"@type\":\"ListItem\",\"position\":2,\"name\":\"Acoso escolar y responsabilidad patrimonial de la Administraci\u00f3n educativa\"}]},{\"@type\":\"WebSite\",\"@id\":\"https:\/\/fernandezadvocats.es\/#website\",\"url\":\"https:\/\/fernandezadvocats.es\/\",\"name\":\"Fern\u00e1ndez Advocats\",\"description\":\"Advocats Berga i Barcelona\",\"publisher\":{\"@id\":\"https:\/\/fernandezadvocats.es\/#organization\"},\"alternateName\":\"Abogados Berga y Bracelona\",\"potentialAction\":[{\"@type\":\"SearchAction\",\"target\":{\"@type\":\"EntryPoint\",\"urlTemplate\":\"https:\/\/fernandezadvocats.es\/?s={search_term_string}\"},\"query-input\":{\"@type\":\"PropertyValueSpecification\",\"valueRequired\":true,\"valueName\":\"search_term_string\"}}],\"inLanguage\":\"es\"},{\"@type\":\"Organization\",\"@id\":\"https:\/\/fernandezadvocats.es\/#organization\",\"name\":\"Fern\u00e1ndez Advocats\",\"url\":\"https:\/\/fernandezadvocats.es\/\",\"logo\":{\"@type\":\"ImageObject\",\"inLanguage\":\"es\",\"@id\":\"https:\/\/fernandezadvocats.es\/#\/schema\/logo\/image\/\",\"url\":\"https:\/\/fernandezadvocats.es\/wp-content\/uploads\/2024\/11\/cropped-BF-e1731427554424.png\",\"contentUrl\":\"https:\/\/fernandezadvocats.es\/wp-content\/uploads\/2024\/11\/cropped-BF-e1731427554424.png\",\"width\":512,\"height\":512,\"caption\":\"Fern\u00e1ndez Advocats\"},\"image\":{\"@id\":\"https:\/\/fernandezadvocats.es\/#\/schema\/logo\/image\/\"}},{\"@type\":\"Person\",\"@id\":\"https:\/\/fernandezadvocats.es\/#\/schema\/person\/8ee482a071b4b039d55e3b5981b20a98\",\"name\":\"mrclickbarcelona@gmail.com\",\"image\":{\"@type\":\"ImageObject\",\"inLanguage\":\"es\",\"@id\":\"https:\/\/fernandezadvocats.es\/#\/schema\/person\/image\/\",\"url\":\"https:\/\/secure.gravatar.com\/avatar\/e16cc9a830d1a221b9e83b040154617903c650598282d145b5b76cdcb02f009e?s=96&d=mm&r=g\",\"contentUrl\":\"https:\/\/secure.gravatar.com\/avatar\/e16cc9a830d1a221b9e83b040154617903c650598282d145b5b76cdcb02f009e?s=96&d=mm&r=g\",\"caption\":\"mrclickbarcelona@gmail.com\"},\"url\":\"https:\/\/fernandezadvocats.es\/es\/author\/mrclickbarcelonagmail-com\/\"}]}<\/script>\n<!-- \/ Yoast SEO plugin. -->","yoast_head_json":{"title":"Acoso escolar y responsabilidad patrimonial de la Administraci\u00f3n educativa | Fern\u00e1ndez Advocats","description":"El TSJ Baleares condena a la Administraci\u00f3n por un caso grave de acoso escolar y mala praxis del centro. An\u00e1lisis jur\u00eddico de la Sentencia 312\/2025.","robots":{"index":"index","follow":"follow","max-snippet":"max-snippet:-1","max-image-preview":"max-image-preview:large","max-video-preview":"max-video-preview:-1"},"canonical":"https:\/\/fernandezadvocats.es\/es\/acoso-escolar-responsabilidad-patrimonial-administracion-educativa\/","og_locale":"es_ES","og_type":"article","og_title":"Acoso escolar y responsabilidad patrimonial de la Administraci\u00f3n educativa | Fern\u00e1ndez Advocats","og_description":"El TSJ Baleares condena a la Administraci\u00f3n por un caso grave de acoso escolar y mala praxis del centro. An\u00e1lisis jur\u00eddico de la Sentencia 312\/2025.","og_url":"https:\/\/fernandezadvocats.es\/es\/acoso-escolar-responsabilidad-patrimonial-administracion-educativa\/","og_site_name":"Fern\u00e1ndez Advocats","article_published_time":"2025-12-02T09:18:12+00:00","article_modified_time":"2026-01-21T16:14:44+00:00","og_image":[{"width":1313,"height":875,"url":"https:\/\/fernandezadvocats.es\/wp-content\/uploads\/2025\/12\/acoso-escolar.jpg","type":"image\/jpeg"}],"author":"mrclickbarcelona@gmail.com","twitter_card":"summary_large_image","twitter_misc":{"Escrito por":"mrclickbarcelona@gmail.com","Tiempo de lectura":"5 minutos"},"schema":{"@context":"https:\/\/schema.org","@graph":[{"@type":"Article","@id":"https:\/\/fernandezadvocats.es\/es\/acoso-escolar-responsabilidad-patrimonial-administracion-educativa\/#article","isPartOf":{"@id":"https:\/\/fernandezadvocats.es\/es\/acoso-escolar-responsabilidad-patrimonial-administracion-educativa\/"},"author":{"name":"mrclickbarcelona@gmail.com","@id":"https:\/\/fernandezadvocats.es\/#\/schema\/person\/8ee482a071b4b039d55e3b5981b20a98"},"headline":"Acoso escolar y responsabilidad patrimonial de la Administraci\u00f3n educativa","datePublished":"2025-12-02T09:18:12+00:00","dateModified":"2026-01-21T16:14:44+00:00","mainEntityOfPage":{"@id":"https:\/\/fernandezadvocats.es\/es\/acoso-escolar-responsabilidad-patrimonial-administracion-educativa\/"},"wordCount":928,"publisher":{"@id":"https:\/\/fernandezadvocats.es\/#organization"},"image":{"@id":"https:\/\/fernandezadvocats.es\/es\/acoso-escolar-responsabilidad-patrimonial-administracion-educativa\/#primaryimage"},"thumbnailUrl":"https:\/\/fernandezadvocats.es\/wp-content\/uploads\/2025\/12\/acoso-escolar.jpg","articleSection":["Art\u00edculos FA","Derecho Administrativo","Menores"],"inLanguage":"es"},{"@type":"WebPage","@id":"https:\/\/fernandezadvocats.es\/es\/acoso-escolar-responsabilidad-patrimonial-administracion-educativa\/","url":"https:\/\/fernandezadvocats.es\/es\/acoso-escolar-responsabilidad-patrimonial-administracion-educativa\/","name":"Acoso escolar y responsabilidad patrimonial de la Administraci\u00f3n educativa | Fern\u00e1ndez Advocats","isPartOf":{"@id":"https:\/\/fernandezadvocats.es\/#website"},"primaryImageOfPage":{"@id":"https:\/\/fernandezadvocats.es\/es\/acoso-escolar-responsabilidad-patrimonial-administracion-educativa\/#primaryimage"},"image":{"@id":"https:\/\/fernandezadvocats.es\/es\/acoso-escolar-responsabilidad-patrimonial-administracion-educativa\/#primaryimage"},"thumbnailUrl":"https:\/\/fernandezadvocats.es\/wp-content\/uploads\/2025\/12\/acoso-escolar.jpg","datePublished":"2025-12-02T09:18:12+00:00","dateModified":"2026-01-21T16:14:44+00:00","description":"El TSJ Baleares condena a la Administraci\u00f3n por un caso grave de acoso escolar y mala praxis del centro. An\u00e1lisis jur\u00eddico de la Sentencia 312\/2025.","breadcrumb":{"@id":"https:\/\/fernandezadvocats.es\/es\/acoso-escolar-responsabilidad-patrimonial-administracion-educativa\/#breadcrumb"},"inLanguage":"es","potentialAction":[{"@type":"ReadAction","target":["https:\/\/fernandezadvocats.es\/es\/acoso-escolar-responsabilidad-patrimonial-administracion-educativa\/"]}]},{"@type":"ImageObject","inLanguage":"es","@id":"https:\/\/fernandezadvocats.es\/es\/acoso-escolar-responsabilidad-patrimonial-administracion-educativa\/#primaryimage","url":"https:\/\/fernandezadvocats.es\/wp-content\/uploads\/2025\/12\/acoso-escolar.jpg","contentUrl":"https:\/\/fernandezadvocats.es\/wp-content\/uploads\/2025\/12\/acoso-escolar.jpg","width":1313,"height":875},{"@type":"BreadcrumbList","@id":"https:\/\/fernandezadvocats.es\/es\/acoso-escolar-responsabilidad-patrimonial-administracion-educativa\/#breadcrumb","itemListElement":[{"@type":"ListItem","position":1,"name":"Portada","item":"https:\/\/fernandezadvocats.es\/es\/fernandez-advocats-berga\/"},{"@type":"ListItem","position":2,"name":"Acoso escolar y responsabilidad patrimonial de la Administraci\u00f3n educativa"}]},{"@type":"WebSite","@id":"https:\/\/fernandezadvocats.es\/#website","url":"https:\/\/fernandezadvocats.es\/","name":"Fern\u00e1ndez Advocats","description":"Advocats Berga i Barcelona","publisher":{"@id":"https:\/\/fernandezadvocats.es\/#organization"},"alternateName":"Abogados Berga y Bracelona","potentialAction":[{"@type":"SearchAction","target":{"@type":"EntryPoint","urlTemplate":"https:\/\/fernandezadvocats.es\/?s={search_term_string}"},"query-input":{"@type":"PropertyValueSpecification","valueRequired":true,"valueName":"search_term_string"}}],"inLanguage":"es"},{"@type":"Organization","@id":"https:\/\/fernandezadvocats.es\/#organization","name":"Fern\u00e1ndez Advocats","url":"https:\/\/fernandezadvocats.es\/","logo":{"@type":"ImageObject","inLanguage":"es","@id":"https:\/\/fernandezadvocats.es\/#\/schema\/logo\/image\/","url":"https:\/\/fernandezadvocats.es\/wp-content\/uploads\/2024\/11\/cropped-BF-e1731427554424.png","contentUrl":"https:\/\/fernandezadvocats.es\/wp-content\/uploads\/2024\/11\/cropped-BF-e1731427554424.png","width":512,"height":512,"caption":"Fern\u00e1ndez Advocats"},"image":{"@id":"https:\/\/fernandezadvocats.es\/#\/schema\/logo\/image\/"}},{"@type":"Person","@id":"https:\/\/fernandezadvocats.es\/#\/schema\/person\/8ee482a071b4b039d55e3b5981b20a98","name":"mrclickbarcelona@gmail.com","image":{"@type":"ImageObject","inLanguage":"es","@id":"https:\/\/fernandezadvocats.es\/#\/schema\/person\/image\/","url":"https:\/\/secure.gravatar.com\/avatar\/e16cc9a830d1a221b9e83b040154617903c650598282d145b5b76cdcb02f009e?s=96&d=mm&r=g","contentUrl":"https:\/\/secure.gravatar.com\/avatar\/e16cc9a830d1a221b9e83b040154617903c650598282d145b5b76cdcb02f009e?s=96&d=mm&r=g","caption":"mrclickbarcelona@gmail.com"},"url":"https:\/\/fernandezadvocats.es\/es\/author\/mrclickbarcelonagmail-com\/"}]}},"_links":{"self":[{"href":"https:\/\/fernandezadvocats.es\/es\/wp-json\/wp\/v2\/posts\/253815","targetHints":{"allow":["GET"]}}],"collection":[{"href":"https:\/\/fernandezadvocats.es\/es\/wp-json\/wp\/v2\/posts"}],"about":[{"href":"https:\/\/fernandezadvocats.es\/es\/wp-json\/wp\/v2\/types\/post"}],"author":[{"embeddable":true,"href":"https:\/\/fernandezadvocats.es\/es\/wp-json\/wp\/v2\/users\/19"}],"replies":[{"embeddable":true,"href":"https:\/\/fernandezadvocats.es\/es\/wp-json\/wp\/v2\/comments?post=253815"}],"version-history":[{"count":1,"href":"https:\/\/fernandezadvocats.es\/es\/wp-json\/wp\/v2\/posts\/253815\/revisions"}],"predecessor-version":[{"id":253816,"href":"https:\/\/fernandezadvocats.es\/es\/wp-json\/wp\/v2\/posts\/253815\/revisions\/253816"}],"wp:featuredmedia":[{"embeddable":true,"href":"https:\/\/fernandezadvocats.es\/es\/wp-json\/wp\/v2\/media\/253818"}],"wp:attachment":[{"href":"https:\/\/fernandezadvocats.es\/es\/wp-json\/wp\/v2\/media?parent=253815"}],"wp:term":[{"taxonomy":"category","embeddable":true,"href":"https:\/\/fernandezadvocats.es\/es\/wp-json\/wp\/v2\/categories?post=253815"},{"taxonomy":"post_tag","embeddable":true,"href":"https:\/\/fernandezadvocats.es\/es\/wp-json\/wp\/v2\/tags?post=253815"}],"curies":[{"name":"wp","href":"https:\/\/api.w.org\/{rel}","templated":true}]}}