{"id":253876,"date":"2025-12-18T11:59:01","date_gmt":"2025-12-18T10:59:01","guid":{"rendered":"https:\/\/fernandezadvocats.es\/?p=253876"},"modified":"2026-01-21T17:05:04","modified_gmt":"2026-01-21T16:05:04","slug":"reclamacion-seguro-mixto-prescripcion-exclusion","status":"publish","type":"post","link":"https:\/\/fernandezadvocats.es\/es\/reclamacion-seguro-mixto-prescripcion-exclusion\/","title":{"rendered":"Reclamaci\u00f3n judicial para el cobro de un seguro mixto ante la negativa de la aseguradora por prescripci\u00f3n y exclusi\u00f3n de cobertura del fallecimiento"},"content":{"rendered":"<p><strong><a href=\"https:\/\/fernandezadvocats.es\/wp-content\/uploads\/2025\/12\/EXPERTISE_Seguro-mixto-1.pdf\">DESCARGAR ART\u00cdCULO COMPLETO EN PDF. <\/a><\/strong><\/p>\n<h2><b>Antecedentes del caso<\/b><\/h2>\n<p><span style=\"font-weight: 400;\">Nuestro cliente es el beneficiario de una p\u00f3liza de seguro constituida como un \u201cPlan Familiar de Jubilaci\u00f3n\u201d suscrito por su marido como asegurado en los a\u00f1os ochenta. La p\u00f3liza no solo contemplaba el fallecimiento del asegurado, sino tambi\u00e9n la situaci\u00f3n de invalidez o la supervivencia al vencimiento del plan, por lo que se configuraba como un seguro mixto.\u00a0<\/span><\/p>\n<p><span style=\"font-weight: 400;\">Sin embargo, al fallecer el asegurado en 2001 en un tr\u00e1gico accidente de helic\u00f3ptero y ponerlo en conocimiento de la compa\u00f1\u00eda aseguradora, esta comunic\u00f3 al beneficiario que la p\u00f3liza quedaba liberada del pago de primas a consecuencia del fallecimiento, pero que el deceso no estaba cubierto por aplicar una cl\u00e1usula de exclusi\u00f3n de cobertura.<\/span><\/p>\n<p><span style=\"font-weight: 400;\">El beneficiario manifest\u00f3 su desacuerdo y decidi\u00f3 esperar al vencimiento de la p\u00f3liza a diciembre de 2019 para reclamar lo que en derecho le corresponde. Una vez vencido el plazo de la p\u00f3liza, se envi\u00f3 hasta dos burofaxes a la compa\u00f1\u00eda aseguradora reclamando el pago del importe total, haci\u00e9ndose caso omiso a tal petici\u00f3n.\u00a0<\/span><\/p>\n<h2><b>Desarrollo del procedimiento judicial<\/b><\/h2>\n<p><span style=\"font-weight: 400;\">Interponemos demanda judicial reclamando el importe \u00edntegro, m\u00e1s los intereses seg\u00fan el art\u00edculo 20 de la Ley de Contrato de Seguros (en adelante, LCS), fundamentando nuestro c\u00e1lculo y reclamaci\u00f3n a partir de las condiciones particulares de la p\u00f3liza contratada, siendo que la cl\u00e1usula 25 establec\u00eda que, si el asegurado falleciera, los beneficiarios que vivan al vencimiento del contrato podr\u00e1n optar por percibir el capital asegurado. Esto sit\u00faa el nacimiento del derecho al cobro en la fecha de vencimiento (diciembre 2019), no antes.<\/span><\/p>\n<p><span style=\"font-weight: 400;\">La contestaci\u00f3n a la demanda de la aseguradora se centr\u00f3 esencialmente en:<\/span><\/p>\n<ol>\n<li style=\"font-weight: 400;\" aria-level=\"1\"><span style=\"font-weight: 400;\">Prescripci\u00f3n<\/span><span style=\"font-weight: 400;\">: por haber transcurrido cinco a\u00f1os desde el fallecimiento del asegurado, invocando el art. 23 LCS sobre las acciones que se derivan del contrato de seguro de personas.\u00a0<\/span><\/li>\n<li style=\"font-weight: 400;\" aria-level=\"1\"><span style=\"font-weight: 400;\">Exclusi\u00f3n de cobertura al fallecer en un siniestro de aviaci\u00f3n<\/span><span style=\"font-weight: 400;\">: no consideraron el vuelo ni como vuelo comercial ni ch\u00e1rter y, en consecuencia, sostuvieron que no ten\u00eda cobertura.<\/span><\/li>\n<\/ol>\n<p><span style=\"font-weight: 400;\">Sin embargo, pese a los motivos de oposici\u00f3n de adverso (uno de \u00edndole procesal y otro de fondo), esta parte sostuvo en el desarrollo del pleito y en fase de conclusiones:<\/span><\/p>\n<ol>\n<li style=\"font-weight: 400;\" aria-level=\"1\"><span style=\"font-weight: 400;\">Por un lado, que no se trataba del t\u00edpico seguro de vida, sino que era una p\u00f3liza mixta con fecha de vencimiento ajeno al deceso, por lo que el c\u00f3mputo para la prescripci\u00f3n iniciaba a diciembre de 2019 y que se hab\u00eda interrumpido hasta en dos ocasiones.\u00a0<\/span><\/li>\n<li style=\"font-weight: 400;\" aria-level=\"1\"><span style=\"font-weight: 400;\">Por otro lado, que, acudiendo a las condiciones particulares, la cl\u00e1usula 3\u00aa dispon\u00eda que los riesgos de aviaci\u00f3n s\u00ed estaban cubiertos por la p\u00f3liza y solamente quedaban excluidos de esta concesi\u00f3n los profesionales del sector a\u00e9reo en el ejercicio de su profesi\u00f3n. Esto no suced\u00eda en ese pleito, dado que el asegurado falleci\u00f3 en un vuelo de helic\u00f3ptero ch\u00e1rter contratado por la empresa en la que trabajaba como instalador el\u00e9ctrico. De hecho, su profesi\u00f3n como instalador se recog\u00eda expl\u00edcitamente en las condiciones particulares de la p\u00f3liza.\u00a0<\/span><\/li>\n<\/ol>\n<h2><b>Fundamentos jur\u00eddicos de aplicaci\u00f3n<\/b><\/h2>\n<p><span style=\"font-weight: 400;\">As\u00ed las cosas, el juzgado competente suscribi\u00f3 nuestro alegato en su cabalidad, desestimando los dos argumentos de la aseguradora. En resumen:\u00a0\u00a0<\/span><\/p>\n<ul>\n<li style=\"font-weight: 400;\" aria-level=\"1\"><span style=\"font-weight: 400;\">Sobre la prescripci\u00f3n<\/span><span style=\"font-weight: 400;\">: La sentencia determina que la acci\u00f3n no ha prescrito. Se apoya en la cl\u00e1usula 25 de la p\u00f3liza, que establece expl\u00edcitamente que el derecho a percibir el capital nace al vencimiento del contrato (30 de diciembre de 2019), incluso si el asegurado hubiera fallecido con anterioridad. Por tanto, el plazo de prescripci\u00f3n de cinco a\u00f1os comenz\u00f3 a contar desde esa fecha y no desde la fecha del fallecimiento en 2001.<\/span><\/li>\n<li style=\"font-weight: 400;\" aria-level=\"1\"><span style=\"font-weight: 400;\">Sobre la exclusi\u00f3n de la p\u00f3liza<\/span><span style=\"font-weight: 400;\">: La jueza considera que el siniestro s\u00ed est\u00e1 cubierto. El debate se centra en si el vuelo en helic\u00f3ptero puede considerarse un \u201cvuelo ch\u00e1rter\u201d. Dado que la p\u00f3liza no define este t\u00e9rmino, la sentencia acude a la definici\u00f3n de la RAE y a la aportada por la propia demandada, concluyendo que el vuelo encaja en dicha categor\u00eda, pues era un vuelo no regular, con una finalidad espec\u00edfica y para un grupo exclusivo de personas. Adem\u00e1s, se destaca que el fallecido era instalador y no un profesional de la aviaci\u00f3n, por lo que no le aplicaba la exclusi\u00f3n profesional. En aplicaci\u00f3n del principio de interpretaci\u00f3n <\/span><i><span style=\"font-weight: 400;\">contra proferentem<\/span><\/i><span style=\"font-weight: 400;\"> (las cl\u00e1usulas ambiguas se interpretan en contra de quien las redact\u00f3, en este caso, la aseguradora) y se resuelve la duda a favor del beneficiario del asegurado.<\/span><\/li>\n<\/ul>\n<p><span style=\"font-weight: 400;\">En este sentido, es de aplicaci\u00f3n el art. 91 LCS que indica que la aseguradora solo se libera de su obligaci\u00f3n de pago si el fallecimiento se produce por causas expresamente excluidas en la p\u00f3liza. Asimismo, en cuanto a la interpretaci\u00f3n de las condiciones particulares y de la concreta exclusi\u00f3n de cobertura invocada por la aseguradora, como regla de interpretaci\u00f3n contractual deber\u00e1 buscarse la voluntad real de las partes (art. 1281 del C\u00f3digo Civil) y realizarse de forma sistem\u00e1tica y no meramente literal, en base al principio de buena fe y en favor del consumidor (<\/span><i><span style=\"font-weight: 400;\">pro consumatore<\/span><\/i><span style=\"font-weight: 400;\">). Se apoya esta tesis en la STS, Sala 1\u00aa, n\u00fam. 671\/2016.<\/span><\/p>\n<h2><b>Resultado: Sentencia estimatoria<\/b><\/h2>\n<p><span style=\"font-weight: 400;\">Finalmente, con inmensa alegr\u00eda por parte de nuestro cliente y del despacho despu\u00e9s de a\u00f1os de batalla extrajudicial y judicial, se estima \u00edntegramente la demanda con la cuant\u00eda total reclamada y se imponen los intereses del art\u00edculo 20 de la Ley de Contrato de Seguro (mucho m\u00e1s generosos que el simple inter\u00e9s legal) desde la fecha de vencimiento del contrato (30\/12\/2019), al considerar que no exist\u00eda una causa justificada para que la aseguradora rechazara el pago. Adem\u00e1s, con expl\u00edcita condena en costas a pagar por la aseguradora.<\/span><\/p>\n<p>El presente art\u00edculo es meramente divulgativo y no supone asesoramiento ni compromiso de actualizaci\u00f3n.<br data-start=\"4673\" data-end=\"4676\" \/>Para m\u00e1s informaci\u00f3n, contacte con <a class=\"decorated-link cursor-pointer\" rel=\"noopener\" data-start=\"4711\" data-end=\"4736\">info@fernandezadvocats.es<\/a><\/p>\n<p>&nbsp;<\/p>\n","protected":false},"excerpt":{"rendered":"<p>DESCARGAR ART\u00cdCULO COMPLETO EN PDF. Antecedentes del caso Nuestro cliente es el beneficiario de una p\u00f3liza de seguro constituida como un \u201cPlan Familiar de Jubilaci\u00f3n\u201d suscrito por su marido como asegurado en los a\u00f1os ochenta. La p\u00f3liza no solo contemplaba el fallecimiento del asegurado, sino tambi\u00e9n la situaci\u00f3n de invalidez o la supervivencia al vencimiento [&hellip;]<\/p>\n","protected":false},"author":19,"featured_media":253872,"comment_status":"closed","ping_status":"closed","sticky":false,"template":"","format":"standard","meta":{"_et_pb_use_builder":"","_et_pb_old_content":"","_et_gb_content_width":"","footnotes":""},"categories":[40,29,55],"tags":[],"class_list":["post-253876","post","type-post","status-publish","format-standard","has-post-thumbnail","hentry","category-derecho-civil","category-expertise-fa-es","category-sentencia-2"],"yoast_head":"<!-- This site is optimized with the Yoast SEO plugin v27.1.1 - https:\/\/yoast.com\/product\/yoast-seo-wordpress\/ -->\n<title>Sentencia estimatoria en reclamaci\u00f3n de seguro mixto frente a aseguradora por prescripci\u00f3n y exclusi\u00f3n de cobertura. An\u00e1lisis jur\u00eddico completo.<\/title>\n<meta name=\"description\" content=\"Sentencia estimatoria en reclamaci\u00f3n de seguro mixto frente a aseguradora por prescripci\u00f3n y exclusi\u00f3n de cobertura. An\u00e1lisis jur\u00eddico completo.\" \/>\n<meta name=\"robots\" content=\"index, follow, max-snippet:-1, max-image-preview:large, max-video-preview:-1\" \/>\n<link rel=\"canonical\" href=\"https:\/\/fernandezadvocats.es\/es\/reclamacion-seguro-mixto-prescripcion-exclusion\/\" \/>\n<meta property=\"og:locale\" content=\"es_ES\" \/>\n<meta property=\"og:type\" content=\"article\" \/>\n<meta property=\"og:title\" content=\"Sentencia estimatoria en reclamaci\u00f3n de seguro mixto frente a aseguradora por prescripci\u00f3n y exclusi\u00f3n de cobertura. An\u00e1lisis jur\u00eddico completo.\" \/>\n<meta property=\"og:description\" content=\"Sentencia estimatoria en reclamaci\u00f3n de seguro mixto frente a aseguradora por prescripci\u00f3n y exclusi\u00f3n de cobertura. An\u00e1lisis jur\u00eddico completo.\" \/>\n<meta property=\"og:url\" content=\"https:\/\/fernandezadvocats.es\/es\/reclamacion-seguro-mixto-prescripcion-exclusion\/\" \/>\n<meta property=\"og:site_name\" content=\"Fern\u00e1ndez Advocats\" \/>\n<meta property=\"article:published_time\" content=\"2025-12-18T10:59:01+00:00\" \/>\n<meta property=\"article:modified_time\" content=\"2026-01-21T16:05:04+00:00\" \/>\n<meta property=\"og:image\" content=\"https:\/\/fernandezadvocats.es\/wp-content\/uploads\/2025\/12\/Sentencia-favorable-en-reclamacio-de-segur-mix.jpg\" \/>\n\t<meta property=\"og:image:width\" content=\"1499\" \/>\n\t<meta property=\"og:image:height\" content=\"1000\" \/>\n\t<meta property=\"og:image:type\" content=\"image\/jpeg\" \/>\n<meta name=\"author\" content=\"mrclickbarcelona@gmail.com\" \/>\n<meta name=\"twitter:card\" content=\"summary_large_image\" \/>\n<meta name=\"twitter:label1\" content=\"Escrito por\" \/>\n\t<meta name=\"twitter:data1\" content=\"mrclickbarcelona@gmail.com\" \/>\n\t<meta name=\"twitter:label2\" content=\"Tiempo de lectura\" \/>\n\t<meta name=\"twitter:data2\" content=\"6 minutos\" \/>\n<script type=\"application\/ld+json\" class=\"yoast-schema-graph\">{\"@context\":\"https:\/\/schema.org\",\"@graph\":[{\"@type\":\"Article\",\"@id\":\"https:\/\/fernandezadvocats.es\/es\/reclamacion-seguro-mixto-prescripcion-exclusion\/#article\",\"isPartOf\":{\"@id\":\"https:\/\/fernandezadvocats.es\/es\/reclamacion-seguro-mixto-prescripcion-exclusion\/\"},\"author\":{\"name\":\"mrclickbarcelona@gmail.com\",\"@id\":\"https:\/\/fernandezadvocats.es\/#\/schema\/person\/8ee482a071b4b039d55e3b5981b20a98\"},\"headline\":\"Reclamaci\u00f3n judicial para el cobro de un seguro mixto ante la negativa de la aseguradora por prescripci\u00f3n y exclusi\u00f3n de cobertura del fallecimiento\",\"datePublished\":\"2025-12-18T10:59:01+00:00\",\"dateModified\":\"2026-01-21T16:05:04+00:00\",\"mainEntityOfPage\":{\"@id\":\"https:\/\/fernandezadvocats.es\/es\/reclamacion-seguro-mixto-prescripcion-exclusion\/\"},\"wordCount\":1061,\"publisher\":{\"@id\":\"https:\/\/fernandezadvocats.es\/#organization\"},\"image\":{\"@id\":\"https:\/\/fernandezadvocats.es\/es\/reclamacion-seguro-mixto-prescripcion-exclusion\/#primaryimage\"},\"thumbnailUrl\":\"https:\/\/fernandezadvocats.es\/wp-content\/uploads\/2025\/12\/Sentencia-favorable-en-reclamacio-de-segur-mix.jpg\",\"articleSection\":[\"Derecho Civil\",\"Expertise FA\",\"Sentencia\"],\"inLanguage\":\"es\"},{\"@type\":\"WebPage\",\"@id\":\"https:\/\/fernandezadvocats.es\/es\/reclamacion-seguro-mixto-prescripcion-exclusion\/\",\"url\":\"https:\/\/fernandezadvocats.es\/es\/reclamacion-seguro-mixto-prescripcion-exclusion\/\",\"name\":\"Sentencia estimatoria en reclamaci\u00f3n de seguro mixto frente a aseguradora por prescripci\u00f3n y exclusi\u00f3n de cobertura. An\u00e1lisis jur\u00eddico completo.\",\"isPartOf\":{\"@id\":\"https:\/\/fernandezadvocats.es\/#website\"},\"primaryImageOfPage\":{\"@id\":\"https:\/\/fernandezadvocats.es\/es\/reclamacion-seguro-mixto-prescripcion-exclusion\/#primaryimage\"},\"image\":{\"@id\":\"https:\/\/fernandezadvocats.es\/es\/reclamacion-seguro-mixto-prescripcion-exclusion\/#primaryimage\"},\"thumbnailUrl\":\"https:\/\/fernandezadvocats.es\/wp-content\/uploads\/2025\/12\/Sentencia-favorable-en-reclamacio-de-segur-mix.jpg\",\"datePublished\":\"2025-12-18T10:59:01+00:00\",\"dateModified\":\"2026-01-21T16:05:04+00:00\",\"description\":\"Sentencia estimatoria en reclamaci\u00f3n de seguro mixto frente a aseguradora por prescripci\u00f3n y exclusi\u00f3n de cobertura. An\u00e1lisis jur\u00eddico completo.\",\"breadcrumb\":{\"@id\":\"https:\/\/fernandezadvocats.es\/es\/reclamacion-seguro-mixto-prescripcion-exclusion\/#breadcrumb\"},\"inLanguage\":\"es\",\"potentialAction\":[{\"@type\":\"ReadAction\",\"target\":[\"https:\/\/fernandezadvocats.es\/es\/reclamacion-seguro-mixto-prescripcion-exclusion\/\"]}]},{\"@type\":\"ImageObject\",\"inLanguage\":\"es\",\"@id\":\"https:\/\/fernandezadvocats.es\/es\/reclamacion-seguro-mixto-prescripcion-exclusion\/#primaryimage\",\"url\":\"https:\/\/fernandezadvocats.es\/wp-content\/uploads\/2025\/12\/Sentencia-favorable-en-reclamacio-de-segur-mix.jpg\",\"contentUrl\":\"https:\/\/fernandezadvocats.es\/wp-content\/uploads\/2025\/12\/Sentencia-favorable-en-reclamacio-de-segur-mix.jpg\",\"width\":1499,\"height\":1000,\"caption\":\"Reclamaci\u00f3 judicial de segur mixt per prescripci\u00f3 i exclusi\u00f3 de cobertura\"},{\"@type\":\"BreadcrumbList\",\"@id\":\"https:\/\/fernandezadvocats.es\/es\/reclamacion-seguro-mixto-prescripcion-exclusion\/#breadcrumb\",\"itemListElement\":[{\"@type\":\"ListItem\",\"position\":1,\"name\":\"Portada\",\"item\":\"https:\/\/fernandezadvocats.es\/es\/fernandez-advocats-berga\/\"},{\"@type\":\"ListItem\",\"position\":2,\"name\":\"Reclamaci\u00f3n judicial para el cobro de un seguro mixto ante la negativa de la aseguradora por prescripci\u00f3n y exclusi\u00f3n de cobertura del fallecimiento\"}]},{\"@type\":\"WebSite\",\"@id\":\"https:\/\/fernandezadvocats.es\/#website\",\"url\":\"https:\/\/fernandezadvocats.es\/\",\"name\":\"Fern\u00e1ndez Advocats\",\"description\":\"Advocats Berga i Barcelona\",\"publisher\":{\"@id\":\"https:\/\/fernandezadvocats.es\/#organization\"},\"alternateName\":\"Abogados Berga y Bracelona\",\"potentialAction\":[{\"@type\":\"SearchAction\",\"target\":{\"@type\":\"EntryPoint\",\"urlTemplate\":\"https:\/\/fernandezadvocats.es\/?s={search_term_string}\"},\"query-input\":{\"@type\":\"PropertyValueSpecification\",\"valueRequired\":true,\"valueName\":\"search_term_string\"}}],\"inLanguage\":\"es\"},{\"@type\":\"Organization\",\"@id\":\"https:\/\/fernandezadvocats.es\/#organization\",\"name\":\"Fern\u00e1ndez Advocats\",\"url\":\"https:\/\/fernandezadvocats.es\/\",\"logo\":{\"@type\":\"ImageObject\",\"inLanguage\":\"es\",\"@id\":\"https:\/\/fernandezadvocats.es\/#\/schema\/logo\/image\/\",\"url\":\"https:\/\/fernandezadvocats.es\/wp-content\/uploads\/2024\/11\/cropped-BF-e1731427554424.png\",\"contentUrl\":\"https:\/\/fernandezadvocats.es\/wp-content\/uploads\/2024\/11\/cropped-BF-e1731427554424.png\",\"width\":512,\"height\":512,\"caption\":\"Fern\u00e1ndez Advocats\"},\"image\":{\"@id\":\"https:\/\/fernandezadvocats.es\/#\/schema\/logo\/image\/\"}},{\"@type\":\"Person\",\"@id\":\"https:\/\/fernandezadvocats.es\/#\/schema\/person\/8ee482a071b4b039d55e3b5981b20a98\",\"name\":\"mrclickbarcelona@gmail.com\",\"image\":{\"@type\":\"ImageObject\",\"inLanguage\":\"es\",\"@id\":\"https:\/\/fernandezadvocats.es\/#\/schema\/person\/image\/\",\"url\":\"https:\/\/secure.gravatar.com\/avatar\/e16cc9a830d1a221b9e83b040154617903c650598282d145b5b76cdcb02f009e?s=96&d=mm&r=g\",\"contentUrl\":\"https:\/\/secure.gravatar.com\/avatar\/e16cc9a830d1a221b9e83b040154617903c650598282d145b5b76cdcb02f009e?s=96&d=mm&r=g\",\"caption\":\"mrclickbarcelona@gmail.com\"},\"url\":\"https:\/\/fernandezadvocats.es\/es\/author\/mrclickbarcelonagmail-com\/\"}]}<\/script>\n<!-- \/ Yoast SEO plugin. -->","yoast_head_json":{"title":"Sentencia estimatoria en reclamaci\u00f3n de seguro mixto frente a aseguradora por prescripci\u00f3n y exclusi\u00f3n de cobertura. An\u00e1lisis jur\u00eddico completo.","description":"Sentencia estimatoria en reclamaci\u00f3n de seguro mixto frente a aseguradora por prescripci\u00f3n y exclusi\u00f3n de cobertura. An\u00e1lisis jur\u00eddico completo.","robots":{"index":"index","follow":"follow","max-snippet":"max-snippet:-1","max-image-preview":"max-image-preview:large","max-video-preview":"max-video-preview:-1"},"canonical":"https:\/\/fernandezadvocats.es\/es\/reclamacion-seguro-mixto-prescripcion-exclusion\/","og_locale":"es_ES","og_type":"article","og_title":"Sentencia estimatoria en reclamaci\u00f3n de seguro mixto frente a aseguradora por prescripci\u00f3n y exclusi\u00f3n de cobertura. An\u00e1lisis jur\u00eddico completo.","og_description":"Sentencia estimatoria en reclamaci\u00f3n de seguro mixto frente a aseguradora por prescripci\u00f3n y exclusi\u00f3n de cobertura. An\u00e1lisis jur\u00eddico completo.","og_url":"https:\/\/fernandezadvocats.es\/es\/reclamacion-seguro-mixto-prescripcion-exclusion\/","og_site_name":"Fern\u00e1ndez Advocats","article_published_time":"2025-12-18T10:59:01+00:00","article_modified_time":"2026-01-21T16:05:04+00:00","og_image":[{"width":1499,"height":1000,"url":"https:\/\/fernandezadvocats.es\/wp-content\/uploads\/2025\/12\/Sentencia-favorable-en-reclamacio-de-segur-mix.jpg","type":"image\/jpeg"}],"author":"mrclickbarcelona@gmail.com","twitter_card":"summary_large_image","twitter_misc":{"Escrito por":"mrclickbarcelona@gmail.com","Tiempo de lectura":"6 minutos"},"schema":{"@context":"https:\/\/schema.org","@graph":[{"@type":"Article","@id":"https:\/\/fernandezadvocats.es\/es\/reclamacion-seguro-mixto-prescripcion-exclusion\/#article","isPartOf":{"@id":"https:\/\/fernandezadvocats.es\/es\/reclamacion-seguro-mixto-prescripcion-exclusion\/"},"author":{"name":"mrclickbarcelona@gmail.com","@id":"https:\/\/fernandezadvocats.es\/#\/schema\/person\/8ee482a071b4b039d55e3b5981b20a98"},"headline":"Reclamaci\u00f3n judicial para el cobro de un seguro mixto ante la negativa de la aseguradora por prescripci\u00f3n y exclusi\u00f3n de cobertura del fallecimiento","datePublished":"2025-12-18T10:59:01+00:00","dateModified":"2026-01-21T16:05:04+00:00","mainEntityOfPage":{"@id":"https:\/\/fernandezadvocats.es\/es\/reclamacion-seguro-mixto-prescripcion-exclusion\/"},"wordCount":1061,"publisher":{"@id":"https:\/\/fernandezadvocats.es\/#organization"},"image":{"@id":"https:\/\/fernandezadvocats.es\/es\/reclamacion-seguro-mixto-prescripcion-exclusion\/#primaryimage"},"thumbnailUrl":"https:\/\/fernandezadvocats.es\/wp-content\/uploads\/2025\/12\/Sentencia-favorable-en-reclamacio-de-segur-mix.jpg","articleSection":["Derecho Civil","Expertise FA","Sentencia"],"inLanguage":"es"},{"@type":"WebPage","@id":"https:\/\/fernandezadvocats.es\/es\/reclamacion-seguro-mixto-prescripcion-exclusion\/","url":"https:\/\/fernandezadvocats.es\/es\/reclamacion-seguro-mixto-prescripcion-exclusion\/","name":"Sentencia estimatoria en reclamaci\u00f3n de seguro mixto frente a aseguradora por prescripci\u00f3n y exclusi\u00f3n de cobertura. An\u00e1lisis jur\u00eddico completo.","isPartOf":{"@id":"https:\/\/fernandezadvocats.es\/#website"},"primaryImageOfPage":{"@id":"https:\/\/fernandezadvocats.es\/es\/reclamacion-seguro-mixto-prescripcion-exclusion\/#primaryimage"},"image":{"@id":"https:\/\/fernandezadvocats.es\/es\/reclamacion-seguro-mixto-prescripcion-exclusion\/#primaryimage"},"thumbnailUrl":"https:\/\/fernandezadvocats.es\/wp-content\/uploads\/2025\/12\/Sentencia-favorable-en-reclamacio-de-segur-mix.jpg","datePublished":"2025-12-18T10:59:01+00:00","dateModified":"2026-01-21T16:05:04+00:00","description":"Sentencia estimatoria en reclamaci\u00f3n de seguro mixto frente a aseguradora por prescripci\u00f3n y exclusi\u00f3n de cobertura. An\u00e1lisis jur\u00eddico completo.","breadcrumb":{"@id":"https:\/\/fernandezadvocats.es\/es\/reclamacion-seguro-mixto-prescripcion-exclusion\/#breadcrumb"},"inLanguage":"es","potentialAction":[{"@type":"ReadAction","target":["https:\/\/fernandezadvocats.es\/es\/reclamacion-seguro-mixto-prescripcion-exclusion\/"]}]},{"@type":"ImageObject","inLanguage":"es","@id":"https:\/\/fernandezadvocats.es\/es\/reclamacion-seguro-mixto-prescripcion-exclusion\/#primaryimage","url":"https:\/\/fernandezadvocats.es\/wp-content\/uploads\/2025\/12\/Sentencia-favorable-en-reclamacio-de-segur-mix.jpg","contentUrl":"https:\/\/fernandezadvocats.es\/wp-content\/uploads\/2025\/12\/Sentencia-favorable-en-reclamacio-de-segur-mix.jpg","width":1499,"height":1000,"caption":"Reclamaci\u00f3 judicial de segur mixt per prescripci\u00f3 i exclusi\u00f3 de cobertura"},{"@type":"BreadcrumbList","@id":"https:\/\/fernandezadvocats.es\/es\/reclamacion-seguro-mixto-prescripcion-exclusion\/#breadcrumb","itemListElement":[{"@type":"ListItem","position":1,"name":"Portada","item":"https:\/\/fernandezadvocats.es\/es\/fernandez-advocats-berga\/"},{"@type":"ListItem","position":2,"name":"Reclamaci\u00f3n judicial para el cobro de un seguro mixto ante la negativa de la aseguradora por prescripci\u00f3n y exclusi\u00f3n de cobertura del fallecimiento"}]},{"@type":"WebSite","@id":"https:\/\/fernandezadvocats.es\/#website","url":"https:\/\/fernandezadvocats.es\/","name":"Fern\u00e1ndez Advocats","description":"Advocats Berga i Barcelona","publisher":{"@id":"https:\/\/fernandezadvocats.es\/#organization"},"alternateName":"Abogados Berga y Bracelona","potentialAction":[{"@type":"SearchAction","target":{"@type":"EntryPoint","urlTemplate":"https:\/\/fernandezadvocats.es\/?s={search_term_string}"},"query-input":{"@type":"PropertyValueSpecification","valueRequired":true,"valueName":"search_term_string"}}],"inLanguage":"es"},{"@type":"Organization","@id":"https:\/\/fernandezadvocats.es\/#organization","name":"Fern\u00e1ndez Advocats","url":"https:\/\/fernandezadvocats.es\/","logo":{"@type":"ImageObject","inLanguage":"es","@id":"https:\/\/fernandezadvocats.es\/#\/schema\/logo\/image\/","url":"https:\/\/fernandezadvocats.es\/wp-content\/uploads\/2024\/11\/cropped-BF-e1731427554424.png","contentUrl":"https:\/\/fernandezadvocats.es\/wp-content\/uploads\/2024\/11\/cropped-BF-e1731427554424.png","width":512,"height":512,"caption":"Fern\u00e1ndez Advocats"},"image":{"@id":"https:\/\/fernandezadvocats.es\/#\/schema\/logo\/image\/"}},{"@type":"Person","@id":"https:\/\/fernandezadvocats.es\/#\/schema\/person\/8ee482a071b4b039d55e3b5981b20a98","name":"mrclickbarcelona@gmail.com","image":{"@type":"ImageObject","inLanguage":"es","@id":"https:\/\/fernandezadvocats.es\/#\/schema\/person\/image\/","url":"https:\/\/secure.gravatar.com\/avatar\/e16cc9a830d1a221b9e83b040154617903c650598282d145b5b76cdcb02f009e?s=96&d=mm&r=g","contentUrl":"https:\/\/secure.gravatar.com\/avatar\/e16cc9a830d1a221b9e83b040154617903c650598282d145b5b76cdcb02f009e?s=96&d=mm&r=g","caption":"mrclickbarcelona@gmail.com"},"url":"https:\/\/fernandezadvocats.es\/es\/author\/mrclickbarcelonagmail-com\/"}]}},"_links":{"self":[{"href":"https:\/\/fernandezadvocats.es\/es\/wp-json\/wp\/v2\/posts\/253876","targetHints":{"allow":["GET"]}}],"collection":[{"href":"https:\/\/fernandezadvocats.es\/es\/wp-json\/wp\/v2\/posts"}],"about":[{"href":"https:\/\/fernandezadvocats.es\/es\/wp-json\/wp\/v2\/types\/post"}],"author":[{"embeddable":true,"href":"https:\/\/fernandezadvocats.es\/es\/wp-json\/wp\/v2\/users\/19"}],"replies":[{"embeddable":true,"href":"https:\/\/fernandezadvocats.es\/es\/wp-json\/wp\/v2\/comments?post=253876"}],"version-history":[{"count":3,"href":"https:\/\/fernandezadvocats.es\/es\/wp-json\/wp\/v2\/posts\/253876\/revisions"}],"predecessor-version":[{"id":254197,"href":"https:\/\/fernandezadvocats.es\/es\/wp-json\/wp\/v2\/posts\/253876\/revisions\/254197"}],"wp:featuredmedia":[{"embeddable":true,"href":"https:\/\/fernandezadvocats.es\/es\/wp-json\/wp\/v2\/media\/253872"}],"wp:attachment":[{"href":"https:\/\/fernandezadvocats.es\/es\/wp-json\/wp\/v2\/media?parent=253876"}],"wp:term":[{"taxonomy":"category","embeddable":true,"href":"https:\/\/fernandezadvocats.es\/es\/wp-json\/wp\/v2\/categories?post=253876"},{"taxonomy":"post_tag","embeddable":true,"href":"https:\/\/fernandezadvocats.es\/es\/wp-json\/wp\/v2\/tags?post=253876"}],"curies":[{"name":"wp","href":"https:\/\/api.w.org\/{rel}","templated":true}]}}