{"id":253881,"date":"2025-12-23T13:40:22","date_gmt":"2025-12-23T12:40:22","guid":{"rendered":"https:\/\/fernandezadvocats.es\/?p=253881"},"modified":"2026-01-21T17:04:15","modified_gmt":"2026-01-21T16:04:15","slug":"ibi-tasa-basuras-contrato-alquiler","status":"publish","type":"post","link":"https:\/\/fernandezadvocats.es\/es\/ibi-tasa-basuras-contrato-alquiler\/","title":{"rendered":"\u00bfPuede el inquilino negarse a pagar el IBI o la tasa de basuras si en el contrato de arrendamiento no se especifica su importe?"},"content":{"rendered":"<p><strong><a href=\"https:\/\/fernandezadvocats.es\/wp-content\/uploads\/2025\/12\/Validez-IBI-o-tasa-de-residuos-en-contrato-alquiler.pdf\">DESCARGAR ART\u00cdCULO COMPLETO EN PDF. <\/a><\/strong><\/p>\n<p><span style=\"font-weight: 400;\">Es habitual que en los contratos de arrendamiento de vivienda se recoja que el coste del Impuesto de Bienes Inmuebles y\/o la tasa de basuras ir\u00e1n a cargo del arrendatario. M\u00e1s a\u00fan ahora que muchas localidades de Catalu\u00f1a est\u00e1n incluidas dentro de las zonas de mercado residencial tensionado y se aplique una limitaci\u00f3n de los precios de alquiler a tenor de los postulados de la famosa Ley 12\/2023, de 24 de mayo, por el derecho a la vivienda.<\/span><\/p>\n<p><span style=\"font-weight: 400;\">En no pocas ocasiones, el arrendador imputa contractualmente al arrendatario el pago del IBI y tasa de residuos sin concretar el importe anual que estos impuestos suponen en el momento de perfeccionar el contrato. \u00bfEs esta cl\u00e1usula v\u00e1lida o puede ser declarada nula? Consiguientemente, \u00bfel inquilino tiene derecho a negarse a abonar estos importes cuando el arrendador le remita el recibo sin la mencionada previsi\u00f3n de precio anual?<\/span><\/p>\n<h2><b>Libertad de pacto que habilita imponer al inquilino la carga de pagar el IBI y tasa de basuras<\/b><\/h2>\n<p><span style=\"font-weight: 400;\">La libre autonom\u00eda de la libertad como principio rector del derecho civil permite que si arrendador y arrendatario pactan expresamente en el contrato que el coste devengado por el IBI y la tasa de basuras ser\u00e1 asumido por el inquilino, este pacto tenga plena validez, constituy\u00e9ndose en una obligaci\u00f3n que el inquilino deber\u00e1 cumplir.<\/span><\/p>\n<p><span style=\"font-weight: 400;\">De hecho, los tribunales han venido confirmando que debe admitirse el pacto por el que el arrendatario asume el pago del IBI. Algo que, por lo dem\u00e1s, contempl\u00f3 el apartado 10.2 de la disposici\u00f3n transitoria segunda de la Ley 29\/1994, de 24 de noviembre, de Arrendamientos Urbanos, para los contratos de arrendamiento de vivienda celebrados con anterioridad al 9 de mayo de 1985, previendo, adem\u00e1s, de manera espec\u00edfica, que cuando la cuota del IBI no estuviese individualizada \u201cse dividir\u00e1 en proporci\u00f3n a la superficie de cada vivienda\u201d.<\/span><\/p>\n<p><span style=\"font-weight: 400;\">As\u00ed las cosas, en caso de no efectuarse el pago por parte del arrendatario, se tratar\u00eda de un incumplimiento de las obligaciones recogido en el art\u00edculo 27 de la Ley de Arrendamientos Urbanos (en adelante, LAU), sobre \u201cla falta de pago de la renta o, en su caso, de cualquiera de las cantidades cuyo pago haya asumido o corresponda al arrendatario\u201d (art. 27.2 letra a), en conexi\u00f3n con el art. 1124 del C\u00f3digo Civil, que permite al arrendador exigir el cumplimiento de la obligaci\u00f3n o a promover la resoluci\u00f3n del contrato mediante la correspondiente acci\u00f3n de desahucio por falta de pago y reclamaci\u00f3n de cantidad (art. 250.1.1\u00ba LEC).\u00a0<\/span><\/p>\n<p><span style=\"font-weight: 400;\">Ahora bien, \u00bfc\u00f3mo debe recogerse la obligaci\u00f3n del pago del IBI y tasa de basuras por parte del arrendatario, para que sea legal y no pueda ser invalidado?\u00a0<\/span><\/p>\n<p><span style=\"font-weight: 400;\">El art. 20 LAU, sobre los gastos generales y de servicios individuales recoge en su apartado 1 que \u201c<\/span><i><span style=\"font-weight: 400;\">las partes podr\u00e1n pactar que los gastos generales para el adecuado sostenimiento del inmueble, sus servicios, tributos, cargas y responsabilidades que no sean susceptibles de individualizaci\u00f3n y que correspondan a la vivienda arrendada o a sus accesorios, sean a cargo del arrendatario<\/span><\/i><span style=\"font-weight: 400;\">\u201d, si bien sigue diciendo que \u201c<\/span><i><span style=\"font-weight: 400;\">para su validez, este pacto deber\u00e1 constar por escrito y determinar el importe anual de dichos gastos a la fecha del contrato<\/span><\/i><span style=\"font-weight: 400;\">\u201d.<\/span><\/p>\n<p><span style=\"font-weight: 400;\">Acogi\u00e9ndose a este redactado, algunos abogados del arrendatario demandado intentan invalidar la cl\u00e1usula que recoge la obligaci\u00f3n de pago de dichos gastos o tributos aduciendo que, si no se determina en el contrato su importe anual a la fecha del contrato esta cl\u00e1usula es nula y, por ende, no resulta de aplicaci\u00f3n.\u00a0<\/span><\/p>\n<h2><b>Interpretaci\u00f3n del art. 20 LAU: el IBI y la tasa de basuras son gastos individualizados<\/b><\/h2>\n<p><span style=\"font-weight: 400;\">Esta cuesti\u00f3n sobre la especificaci\u00f3n en el contrato de cu\u00e1l era el importe del IBI y la tasa de basuras en el momento del contrato ha llegado a nuestro m\u00e1s alto Tribunal, el <\/span><span style=\"font-weight: 400;\">Tribunal Supremo<\/span><span style=\"font-weight: 400;\">, el cual ha resuelto recientemente mediante <\/span><span style=\"font-weight: 400;\">sentencia n\u00ba 1637\/2025, de 17 de noviembre<\/span><span style=\"font-weight: 400;\"> confirmando que el pacto de que el arrendatario asuma dichos pagos es v\u00e1lido pese a que no se determine el importe anual a la fecha del contrato, pues se trata de importes anuales que se encuentran individualizados para la vivienda arrendada.\u00a0<\/span><\/p>\n<p><span style=\"font-weight: 400;\">De esta forma, la mentada STS, Sala 1\u00aa, n\u00ba 1637\/2025, de 17 de noviembre lleva a cabo una interpretaci\u00f3n hermen\u00e9utica del art. 20 LAU y parte de una distinci\u00f3n clave entre: gastos individualizables vs. no individualizables. A estos efectos debemos concretar lo siguiente:\u00a0<\/span><\/p>\n<ol>\n<li style=\"font-weight: 400;\" aria-level=\"1\"><b>Gastos no susceptibles de individualizaci\u00f3n<\/b><span style=\"font-weight: 400;\">: Son aquellos que corresponden al edificio en su conjunto (gastos generales de la comunidad, tributos sobre el inmueble total, costes de seguros de la comunidad o del edificio, etc.) y que no pueden medirse o asignarse de forma precisa a una vivienda concreta. Para repercutirlos al inquilino, se utilizan criterios de reparto como la cuota de participaci\u00f3n o la superficie.<\/span><\/li>\n<li style=\"font-weight: 400;\" aria-level=\"1\"><b>Gastos susceptibles de individualizaci\u00f3n<\/b><span style=\"font-weight: 400;\">: Son aquellos que, adem\u00e1s de los medidos por contador, se asignan de forma precisa y directa a la vivienda arrendada. Es decir, que se incluyen en la categor\u00eda de gastos individualizables: IBI, tasa de basuras o gastos por servicios con contador individual (agua, electricidad, gas, tel\u00e9fono, etc.).\u00a0<\/span><\/li>\n<\/ol>\n<h2><b>Conclusiones<\/b><\/h2>\n<p><span style=\"font-weight: 400;\">El Tribunal Supremo, partiendo de esta distinci\u00f3n conceptual entre gastos individualizables y no individualizables concluye que, siendo que el IBI y la tasa de basuras recaen de forma individualizada sobre la vivienda objeto del contrato, no se consideran gastos generales no susceptibles de individualizaci\u00f3n. Por ende, como la exigencia de determinar el importe anual solo aplica a los gastos no individualizables, el requisito del p\u00e1rrafo 4\u00ba del art. 20.1 LAU no le ser\u00e1 de aplicaci\u00f3n.<\/span><\/p>\n<p>&nbsp;<\/p>\n<p><span style=\"font-weight: 400;\">De este modo, la exigencia del art. 20 LAU de determinar el importe anual se aplica, exclusivamente, a los gastos generales del inmueble que no sean susceptibles de individualizaci\u00f3n (por ejemplo, seguro de la comunidad o gastos generales de limpieza del edificio), quedando el IBI y la tasa de basuras fuera del \u00e1mbito del art. 20.1 LAU.\u00a0<\/span><\/p>\n<p>&nbsp;<\/p>\n<p><span style=\"font-weight: 400;\">En definitiva, por el momento, los arrendadores que hubieran previsto esta cl\u00e1usula sin determinar el importe pueden respirar tranquilos, porque este pacto se entiendo v\u00e1lido y exigible. Sin embargo, parece que hay consenso en el Congreso de los Diputados para realizar una nueva reforma en materia de alquileres que prohibir\u00e1 expl\u00edcitamente imputar el pago del IBI al arrendatario.<\/span><\/p>\n<p>&nbsp;<\/p>\n<p><i><span style=\"font-weight: 400;\">*El presente art\u00edculo es meramente divulgativo y no supone asesoramiento ni compromiso de actualizaci\u00f3n.<\/span><\/i><\/p>\n<p><i><span style=\"font-weight: 400;\">Para m\u00e1s informaci\u00f3n o asesoramiento, contacte con <\/span><\/i><a href=\"mailto:info@fernandezadvocats.es\"><i><span style=\"font-weight: 400;\">info@fernandezadvocats.es<\/span><\/i><\/a><\/p>\n","protected":false},"excerpt":{"rendered":"<p>DESCARGAR ART\u00cdCULO COMPLETO EN PDF. Es habitual que en los contratos de arrendamiento de vivienda se recoja que el coste del Impuesto de Bienes Inmuebles y\/o la tasa de basuras ir\u00e1n a cargo del arrendatario. M\u00e1s a\u00fan ahora que muchas localidades de Catalu\u00f1a est\u00e1n incluidas dentro de las zonas de mercado residencial tensionado y se [&hellip;]<\/p>\n","protected":false},"author":19,"featured_media":253887,"comment_status":"closed","ping_status":"closed","sticky":false,"template":"","format":"standard","meta":{"_et_pb_use_builder":"","_et_pb_old_content":"","_et_gb_content_width":"","footnotes":""},"categories":[145,28,40],"tags":[],"class_list":["post-253881","post","type-post","status-publish","format-standard","has-post-thumbnail","hentry","category-arrendamientos-urbanos","category-articulos-fa","category-derecho-civil"],"yoast_head":"<!-- This site is optimized with the Yoast SEO plugin v27.1.1 - https:\/\/yoast.com\/product\/yoast-seo-wordpress\/ -->\n<title>IBI y tasa de basuras en alquiler: \u00bfpuede negarse el inquilino?<\/title>\n<meta name=\"description\" content=\"El Tribunal Supremo confirma la validez de repercutir el IBI y la tasa de basuras al inquilino aunque el contrato no especifique su importe anual.\" \/>\n<meta name=\"robots\" content=\"index, follow, max-snippet:-1, max-image-preview:large, max-video-preview:-1\" \/>\n<link rel=\"canonical\" href=\"https:\/\/fernandezadvocats.es\/es\/ibi-tasa-basuras-contrato-alquiler\/\" \/>\n<meta property=\"og:locale\" content=\"es_ES\" \/>\n<meta property=\"og:type\" content=\"article\" \/>\n<meta property=\"og:title\" content=\"IBI y tasa de basuras en alquiler: \u00bfpuede negarse el inquilino?\" \/>\n<meta property=\"og:description\" content=\"El Tribunal Supremo confirma la validez de repercutir el IBI y la tasa de basuras al inquilino aunque el contrato no especifique su importe anual.\" \/>\n<meta property=\"og:url\" content=\"https:\/\/fernandezadvocats.es\/es\/ibi-tasa-basuras-contrato-alquiler\/\" \/>\n<meta property=\"og:site_name\" content=\"Fern\u00e1ndez Advocats\" \/>\n<meta property=\"article:published_time\" content=\"2025-12-23T12:40:22+00:00\" \/>\n<meta property=\"article:modified_time\" content=\"2026-01-21T16:04:15+00:00\" \/>\n<meta property=\"og:image\" content=\"https:\/\/fernandezadvocats.es\/wp-content\/uploads\/2025\/12\/IBI-i-taxa-descombraries-en-contractes-de-lloguer.jpg\" \/>\n\t<meta property=\"og:image:width\" content=\"999\" \/>\n\t<meta property=\"og:image:height\" content=\"674\" \/>\n\t<meta property=\"og:image:type\" content=\"image\/jpeg\" \/>\n<meta name=\"author\" content=\"mrclickbarcelona@gmail.com\" \/>\n<meta name=\"twitter:card\" content=\"summary_large_image\" \/>\n<meta name=\"twitter:label1\" content=\"Escrito por\" \/>\n\t<meta name=\"twitter:data1\" content=\"mrclickbarcelona@gmail.com\" \/>\n\t<meta name=\"twitter:label2\" content=\"Tiempo de lectura\" \/>\n\t<meta name=\"twitter:data2\" content=\"6 minutos\" \/>\n<script type=\"application\/ld+json\" class=\"yoast-schema-graph\">{\"@context\":\"https:\/\/schema.org\",\"@graph\":[{\"@type\":\"Article\",\"@id\":\"https:\/\/fernandezadvocats.es\/es\/ibi-tasa-basuras-contrato-alquiler\/#article\",\"isPartOf\":{\"@id\":\"https:\/\/fernandezadvocats.es\/es\/ibi-tasa-basuras-contrato-alquiler\/\"},\"author\":{\"name\":\"mrclickbarcelona@gmail.com\",\"@id\":\"https:\/\/fernandezadvocats.es\/#\/schema\/person\/8ee482a071b4b039d55e3b5981b20a98\"},\"headline\":\"\u00bfPuede el inquilino negarse a pagar el IBI o la tasa de basuras si en el contrato de arrendamiento no se especifica su importe?\",\"datePublished\":\"2025-12-23T12:40:22+00:00\",\"dateModified\":\"2026-01-21T16:04:15+00:00\",\"mainEntityOfPage\":{\"@id\":\"https:\/\/fernandezadvocats.es\/es\/ibi-tasa-basuras-contrato-alquiler\/\"},\"wordCount\":1129,\"publisher\":{\"@id\":\"https:\/\/fernandezadvocats.es\/#organization\"},\"image\":{\"@id\":\"https:\/\/fernandezadvocats.es\/es\/ibi-tasa-basuras-contrato-alquiler\/#primaryimage\"},\"thumbnailUrl\":\"https:\/\/fernandezadvocats.es\/wp-content\/uploads\/2025\/12\/IBI-i-taxa-descombraries-en-contractes-de-lloguer.jpg\",\"articleSection\":[\"Arrendamientos Urbanos\",\"Art\u00edculos FA\",\"Derecho Civil\"],\"inLanguage\":\"es\"},{\"@type\":\"WebPage\",\"@id\":\"https:\/\/fernandezadvocats.es\/es\/ibi-tasa-basuras-contrato-alquiler\/\",\"url\":\"https:\/\/fernandezadvocats.es\/es\/ibi-tasa-basuras-contrato-alquiler\/\",\"name\":\"IBI y tasa de basuras en alquiler: \u00bfpuede negarse el inquilino?\",\"isPartOf\":{\"@id\":\"https:\/\/fernandezadvocats.es\/#website\"},\"primaryImageOfPage\":{\"@id\":\"https:\/\/fernandezadvocats.es\/es\/ibi-tasa-basuras-contrato-alquiler\/#primaryimage\"},\"image\":{\"@id\":\"https:\/\/fernandezadvocats.es\/es\/ibi-tasa-basuras-contrato-alquiler\/#primaryimage\"},\"thumbnailUrl\":\"https:\/\/fernandezadvocats.es\/wp-content\/uploads\/2025\/12\/IBI-i-taxa-descombraries-en-contractes-de-lloguer.jpg\",\"datePublished\":\"2025-12-23T12:40:22+00:00\",\"dateModified\":\"2026-01-21T16:04:15+00:00\",\"description\":\"El Tribunal Supremo confirma la validez de repercutir el IBI y la tasa de basuras al inquilino aunque el contrato no especifique su importe anual.\",\"breadcrumb\":{\"@id\":\"https:\/\/fernandezadvocats.es\/es\/ibi-tasa-basuras-contrato-alquiler\/#breadcrumb\"},\"inLanguage\":\"es\",\"potentialAction\":[{\"@type\":\"ReadAction\",\"target\":[\"https:\/\/fernandezadvocats.es\/es\/ibi-tasa-basuras-contrato-alquiler\/\"]}]},{\"@type\":\"ImageObject\",\"inLanguage\":\"es\",\"@id\":\"https:\/\/fernandezadvocats.es\/es\/ibi-tasa-basuras-contrato-alquiler\/#primaryimage\",\"url\":\"https:\/\/fernandezadvocats.es\/wp-content\/uploads\/2025\/12\/IBI-i-taxa-descombraries-en-contractes-de-lloguer.jpg\",\"contentUrl\":\"https:\/\/fernandezadvocats.es\/wp-content\/uploads\/2025\/12\/IBI-i-taxa-descombraries-en-contractes-de-lloguer.jpg\",\"width\":999,\"height\":674,\"caption\":\"Validesa del pagament de l\u2019IBI i la taxa d\u2019escombraries per part de l\u2019inquil\u00ed\"},{\"@type\":\"BreadcrumbList\",\"@id\":\"https:\/\/fernandezadvocats.es\/es\/ibi-tasa-basuras-contrato-alquiler\/#breadcrumb\",\"itemListElement\":[{\"@type\":\"ListItem\",\"position\":1,\"name\":\"Portada\",\"item\":\"https:\/\/fernandezadvocats.es\/es\/fernandez-advocats-berga\/\"},{\"@type\":\"ListItem\",\"position\":2,\"name\":\"\u00bfPuede el inquilino negarse a pagar el IBI o la tasa de basuras si en el contrato de arrendamiento no se especifica su importe?\"}]},{\"@type\":\"WebSite\",\"@id\":\"https:\/\/fernandezadvocats.es\/#website\",\"url\":\"https:\/\/fernandezadvocats.es\/\",\"name\":\"Fern\u00e1ndez Advocats\",\"description\":\"Advocats Berga i Barcelona\",\"publisher\":{\"@id\":\"https:\/\/fernandezadvocats.es\/#organization\"},\"alternateName\":\"Abogados Berga y Bracelona\",\"potentialAction\":[{\"@type\":\"SearchAction\",\"target\":{\"@type\":\"EntryPoint\",\"urlTemplate\":\"https:\/\/fernandezadvocats.es\/?s={search_term_string}\"},\"query-input\":{\"@type\":\"PropertyValueSpecification\",\"valueRequired\":true,\"valueName\":\"search_term_string\"}}],\"inLanguage\":\"es\"},{\"@type\":\"Organization\",\"@id\":\"https:\/\/fernandezadvocats.es\/#organization\",\"name\":\"Fern\u00e1ndez Advocats\",\"url\":\"https:\/\/fernandezadvocats.es\/\",\"logo\":{\"@type\":\"ImageObject\",\"inLanguage\":\"es\",\"@id\":\"https:\/\/fernandezadvocats.es\/#\/schema\/logo\/image\/\",\"url\":\"https:\/\/fernandezadvocats.es\/wp-content\/uploads\/2024\/11\/cropped-BF-e1731427554424.png\",\"contentUrl\":\"https:\/\/fernandezadvocats.es\/wp-content\/uploads\/2024\/11\/cropped-BF-e1731427554424.png\",\"width\":512,\"height\":512,\"caption\":\"Fern\u00e1ndez Advocats\"},\"image\":{\"@id\":\"https:\/\/fernandezadvocats.es\/#\/schema\/logo\/image\/\"}},{\"@type\":\"Person\",\"@id\":\"https:\/\/fernandezadvocats.es\/#\/schema\/person\/8ee482a071b4b039d55e3b5981b20a98\",\"name\":\"mrclickbarcelona@gmail.com\",\"image\":{\"@type\":\"ImageObject\",\"inLanguage\":\"es\",\"@id\":\"https:\/\/fernandezadvocats.es\/#\/schema\/person\/image\/\",\"url\":\"https:\/\/secure.gravatar.com\/avatar\/e16cc9a830d1a221b9e83b040154617903c650598282d145b5b76cdcb02f009e?s=96&d=mm&r=g\",\"contentUrl\":\"https:\/\/secure.gravatar.com\/avatar\/e16cc9a830d1a221b9e83b040154617903c650598282d145b5b76cdcb02f009e?s=96&d=mm&r=g\",\"caption\":\"mrclickbarcelona@gmail.com\"},\"url\":\"https:\/\/fernandezadvocats.es\/es\/author\/mrclickbarcelonagmail-com\/\"}]}<\/script>\n<!-- \/ Yoast SEO plugin. -->","yoast_head_json":{"title":"IBI y tasa de basuras en alquiler: \u00bfpuede negarse el inquilino?","description":"El Tribunal Supremo confirma la validez de repercutir el IBI y la tasa de basuras al inquilino aunque el contrato no especifique su importe anual.","robots":{"index":"index","follow":"follow","max-snippet":"max-snippet:-1","max-image-preview":"max-image-preview:large","max-video-preview":"max-video-preview:-1"},"canonical":"https:\/\/fernandezadvocats.es\/es\/ibi-tasa-basuras-contrato-alquiler\/","og_locale":"es_ES","og_type":"article","og_title":"IBI y tasa de basuras en alquiler: \u00bfpuede negarse el inquilino?","og_description":"El Tribunal Supremo confirma la validez de repercutir el IBI y la tasa de basuras al inquilino aunque el contrato no especifique su importe anual.","og_url":"https:\/\/fernandezadvocats.es\/es\/ibi-tasa-basuras-contrato-alquiler\/","og_site_name":"Fern\u00e1ndez Advocats","article_published_time":"2025-12-23T12:40:22+00:00","article_modified_time":"2026-01-21T16:04:15+00:00","og_image":[{"width":999,"height":674,"url":"https:\/\/fernandezadvocats.es\/wp-content\/uploads\/2025\/12\/IBI-i-taxa-descombraries-en-contractes-de-lloguer.jpg","type":"image\/jpeg"}],"author":"mrclickbarcelona@gmail.com","twitter_card":"summary_large_image","twitter_misc":{"Escrito por":"mrclickbarcelona@gmail.com","Tiempo de lectura":"6 minutos"},"schema":{"@context":"https:\/\/schema.org","@graph":[{"@type":"Article","@id":"https:\/\/fernandezadvocats.es\/es\/ibi-tasa-basuras-contrato-alquiler\/#article","isPartOf":{"@id":"https:\/\/fernandezadvocats.es\/es\/ibi-tasa-basuras-contrato-alquiler\/"},"author":{"name":"mrclickbarcelona@gmail.com","@id":"https:\/\/fernandezadvocats.es\/#\/schema\/person\/8ee482a071b4b039d55e3b5981b20a98"},"headline":"\u00bfPuede el inquilino negarse a pagar el IBI o la tasa de basuras si en el contrato de arrendamiento no se especifica su importe?","datePublished":"2025-12-23T12:40:22+00:00","dateModified":"2026-01-21T16:04:15+00:00","mainEntityOfPage":{"@id":"https:\/\/fernandezadvocats.es\/es\/ibi-tasa-basuras-contrato-alquiler\/"},"wordCount":1129,"publisher":{"@id":"https:\/\/fernandezadvocats.es\/#organization"},"image":{"@id":"https:\/\/fernandezadvocats.es\/es\/ibi-tasa-basuras-contrato-alquiler\/#primaryimage"},"thumbnailUrl":"https:\/\/fernandezadvocats.es\/wp-content\/uploads\/2025\/12\/IBI-i-taxa-descombraries-en-contractes-de-lloguer.jpg","articleSection":["Arrendamientos Urbanos","Art\u00edculos FA","Derecho Civil"],"inLanguage":"es"},{"@type":"WebPage","@id":"https:\/\/fernandezadvocats.es\/es\/ibi-tasa-basuras-contrato-alquiler\/","url":"https:\/\/fernandezadvocats.es\/es\/ibi-tasa-basuras-contrato-alquiler\/","name":"IBI y tasa de basuras en alquiler: \u00bfpuede negarse el inquilino?","isPartOf":{"@id":"https:\/\/fernandezadvocats.es\/#website"},"primaryImageOfPage":{"@id":"https:\/\/fernandezadvocats.es\/es\/ibi-tasa-basuras-contrato-alquiler\/#primaryimage"},"image":{"@id":"https:\/\/fernandezadvocats.es\/es\/ibi-tasa-basuras-contrato-alquiler\/#primaryimage"},"thumbnailUrl":"https:\/\/fernandezadvocats.es\/wp-content\/uploads\/2025\/12\/IBI-i-taxa-descombraries-en-contractes-de-lloguer.jpg","datePublished":"2025-12-23T12:40:22+00:00","dateModified":"2026-01-21T16:04:15+00:00","description":"El Tribunal Supremo confirma la validez de repercutir el IBI y la tasa de basuras al inquilino aunque el contrato no especifique su importe anual.","breadcrumb":{"@id":"https:\/\/fernandezadvocats.es\/es\/ibi-tasa-basuras-contrato-alquiler\/#breadcrumb"},"inLanguage":"es","potentialAction":[{"@type":"ReadAction","target":["https:\/\/fernandezadvocats.es\/es\/ibi-tasa-basuras-contrato-alquiler\/"]}]},{"@type":"ImageObject","inLanguage":"es","@id":"https:\/\/fernandezadvocats.es\/es\/ibi-tasa-basuras-contrato-alquiler\/#primaryimage","url":"https:\/\/fernandezadvocats.es\/wp-content\/uploads\/2025\/12\/IBI-i-taxa-descombraries-en-contractes-de-lloguer.jpg","contentUrl":"https:\/\/fernandezadvocats.es\/wp-content\/uploads\/2025\/12\/IBI-i-taxa-descombraries-en-contractes-de-lloguer.jpg","width":999,"height":674,"caption":"Validesa del pagament de l\u2019IBI i la taxa d\u2019escombraries per part de l\u2019inquil\u00ed"},{"@type":"BreadcrumbList","@id":"https:\/\/fernandezadvocats.es\/es\/ibi-tasa-basuras-contrato-alquiler\/#breadcrumb","itemListElement":[{"@type":"ListItem","position":1,"name":"Portada","item":"https:\/\/fernandezadvocats.es\/es\/fernandez-advocats-berga\/"},{"@type":"ListItem","position":2,"name":"\u00bfPuede el inquilino negarse a pagar el IBI o la tasa de basuras si en el contrato de arrendamiento no se especifica su importe?"}]},{"@type":"WebSite","@id":"https:\/\/fernandezadvocats.es\/#website","url":"https:\/\/fernandezadvocats.es\/","name":"Fern\u00e1ndez Advocats","description":"Advocats Berga i Barcelona","publisher":{"@id":"https:\/\/fernandezadvocats.es\/#organization"},"alternateName":"Abogados Berga y Bracelona","potentialAction":[{"@type":"SearchAction","target":{"@type":"EntryPoint","urlTemplate":"https:\/\/fernandezadvocats.es\/?s={search_term_string}"},"query-input":{"@type":"PropertyValueSpecification","valueRequired":true,"valueName":"search_term_string"}}],"inLanguage":"es"},{"@type":"Organization","@id":"https:\/\/fernandezadvocats.es\/#organization","name":"Fern\u00e1ndez Advocats","url":"https:\/\/fernandezadvocats.es\/","logo":{"@type":"ImageObject","inLanguage":"es","@id":"https:\/\/fernandezadvocats.es\/#\/schema\/logo\/image\/","url":"https:\/\/fernandezadvocats.es\/wp-content\/uploads\/2024\/11\/cropped-BF-e1731427554424.png","contentUrl":"https:\/\/fernandezadvocats.es\/wp-content\/uploads\/2024\/11\/cropped-BF-e1731427554424.png","width":512,"height":512,"caption":"Fern\u00e1ndez Advocats"},"image":{"@id":"https:\/\/fernandezadvocats.es\/#\/schema\/logo\/image\/"}},{"@type":"Person","@id":"https:\/\/fernandezadvocats.es\/#\/schema\/person\/8ee482a071b4b039d55e3b5981b20a98","name":"mrclickbarcelona@gmail.com","image":{"@type":"ImageObject","inLanguage":"es","@id":"https:\/\/fernandezadvocats.es\/#\/schema\/person\/image\/","url":"https:\/\/secure.gravatar.com\/avatar\/e16cc9a830d1a221b9e83b040154617903c650598282d145b5b76cdcb02f009e?s=96&d=mm&r=g","contentUrl":"https:\/\/secure.gravatar.com\/avatar\/e16cc9a830d1a221b9e83b040154617903c650598282d145b5b76cdcb02f009e?s=96&d=mm&r=g","caption":"mrclickbarcelona@gmail.com"},"url":"https:\/\/fernandezadvocats.es\/es\/author\/mrclickbarcelonagmail-com\/"}]}},"_links":{"self":[{"href":"https:\/\/fernandezadvocats.es\/es\/wp-json\/wp\/v2\/posts\/253881","targetHints":{"allow":["GET"]}}],"collection":[{"href":"https:\/\/fernandezadvocats.es\/es\/wp-json\/wp\/v2\/posts"}],"about":[{"href":"https:\/\/fernandezadvocats.es\/es\/wp-json\/wp\/v2\/types\/post"}],"author":[{"embeddable":true,"href":"https:\/\/fernandezadvocats.es\/es\/wp-json\/wp\/v2\/users\/19"}],"replies":[{"embeddable":true,"href":"https:\/\/fernandezadvocats.es\/es\/wp-json\/wp\/v2\/comments?post=253881"}],"version-history":[{"count":5,"href":"https:\/\/fernandezadvocats.es\/es\/wp-json\/wp\/v2\/posts\/253881\/revisions"}],"predecessor-version":[{"id":254196,"href":"https:\/\/fernandezadvocats.es\/es\/wp-json\/wp\/v2\/posts\/253881\/revisions\/254196"}],"wp:featuredmedia":[{"embeddable":true,"href":"https:\/\/fernandezadvocats.es\/es\/wp-json\/wp\/v2\/media\/253887"}],"wp:attachment":[{"href":"https:\/\/fernandezadvocats.es\/es\/wp-json\/wp\/v2\/media?parent=253881"}],"wp:term":[{"taxonomy":"category","embeddable":true,"href":"https:\/\/fernandezadvocats.es\/es\/wp-json\/wp\/v2\/categories?post=253881"},{"taxonomy":"post_tag","embeddable":true,"href":"https:\/\/fernandezadvocats.es\/es\/wp-json\/wp\/v2\/tags?post=253881"}],"curies":[{"name":"wp","href":"https:\/\/api.w.org\/{rel}","templated":true}]}}