{"id":253898,"date":"2025-12-29T12:25:37","date_gmt":"2025-12-29T11:25:37","guid":{"rendered":"https:\/\/fernandezadvocats.es\/?p=253898"},"modified":"2026-01-21T17:00:46","modified_gmt":"2026-01-21T16:00:46","slug":"inspeccions-treball-catalunya-requeriments-sancions","status":"publish","type":"post","link":"https:\/\/fernandezadvocats.es\/es\/inspeccions-treball-catalunya-requeriments-sancions\/","title":{"rendered":"La incapacidad permamente y el contrato de trabajo: cuando el reconocimiento no implica extinci\u00f3n autom\u00e0tica."},"content":{"rendered":"<p><span style=\"font-weight: 400;\"><strong><a href=\"https:\/\/fernandezadvocats.es\/wp-content\/uploads\/2025\/12\/Incapacidad-permamente-y-contrato-de-trabajo-1.pdf\">DESCARGAR ART\u00cdCULO COMPLETO EN PDF. <\/a><\/strong><\/span><\/p>\n<p>La ley 2\/2025, de 29 de abril, ha supuesto una transformaci\u00f3n fundamental en la forma en que la declaraci\u00f3n de una Incapacidad Permanente afectaba en una relaci\u00f3n laboral. Este cambio legislativo abandona el anterior paradigma de extinci\u00f3n autom\u00e1tica del contrato de trabajo para adoptar un modelo que prioriza la conservaci\u00f3n del empleo y el principio de no discriminaci\u00f3n por raz\u00f3n de discapacidad.<\/p>\n<p><span style=\"font-weight: 400;\">Dicha ley es la respuesta que alcanzo el Tribunal Superior de Justicia de la Uni\u00f3n Europea, ante las cuestiones prejudiciales planteadas por el Tribunal Superior de Justicia de las Islas Baleares. En definitiva, la justicia europea consider\u00f3 que para que el empresario pueda finalizar la relaci\u00f3n laboral por declaraci\u00f3n de incapacidad permanente, primero de todo deb\u00eda realizar ajustes y adaptaciones necesarias que permitieran al trabajador poder compatibilizar la incapacidad con el empleo, o demostrar que efectivamente dichos ajustes y adaptaciones no eran posibles.\u00a0<\/span><\/p>\n<h2><b>El R\u00e9gimen anterior: La extinci\u00f3n como regla general.\u00a0<\/b><\/h2>\n<p><span style=\"font-weight: 400;\">Hasta abril de 2025, el Estatuto de los Trabajadores, en su art\u00edculo 49.1 e) incluya la declaraci\u00f3n de incapacidad permanente total, absoluta o gran incapacidad como causa directa de extinci\u00f3n del contrato de trabajo.\u00a0<\/span><\/p>\n<h2><b>La Nueva regulaci\u00f3n: Principio de continuidad laboral.<\/b><\/h2>\n<p><span style=\"font-weight: 400;\">Con la reforma, la extinci\u00f3n se convierte en una medida excepcional, sujeta a procedimiento y causa recogida en el apartado n) del art\u00edculo 49.1 del Estatuto de los Trabajadores.\u00a0<\/span><\/p>\n<h2><b>Procedimiento para gestionar la situaci\u00f3n de un trabajador declarado en situaci\u00f3n de Incapacidad Permanente.\u00a0<\/b><\/h2>\n<p><span style=\"font-weight: 400;\">El trabajador tiene un plazo de diez d\u00edas naturales desde que se le notifica la resoluci\u00f3n en la que se califica la incapacidad peramente, para comunicar por escrito a la empresa su voluntad de mantener la relaci\u00f3n laboral. Con ello, el trabajador activa la obligaci\u00f3n de la empresa de iniciar el procedimiento de adaptaci\u00f3n.<\/span><\/p>\n<p><span style=\"font-weight: 400;\">La empresa dispone de un plazo m\u00e1ximo de 3 meses para evaluar la situaci\u00f3n, pudiendo realizar los ajustes razonables en el puesto de trabajo actual para adaptarlo a las nuevas capacidades del trabajador, o bien ofrecer un cambio a un puesto vacante y disponible, que sea compatible con el perfil profesional y con su nueva situaci\u00f3n.\u00a0<\/span><\/p>\n<p><span style=\"font-weight: 400;\">En el presente procedimiento los servicios de prevenci\u00f3n de la empresa deben intervenir y determinar el alcance y caracter\u00edsticas de las medidas e identificar puestos compatibles.\u00a0<\/span><\/p>\n<h2><b>Causas tasadas de extinci\u00f3n del contrato: Las excepciones a la regla<\/b><\/h2>\n<p><span style=\"font-weight: 400;\">\u00danicamente en este mismo plazo de 3 meses, la empresa podr\u00e1 extinguir el contrato de trabajo, si seguido el procedimiento, se acredita que el ajuste y adaptaci\u00f3n supone una carga excesiva o no haya un puesto vacante compatible con la situaci\u00f3n del trabajador.\u00a0<\/span><\/p>\n<p><span style=\"font-weight: 400;\">Respecto a la determinaci\u00f3n de lo que se entiende por carga excesiva, la ley establece criterios para determinarlo, pero solo para empresas con plantilla de menos de 25 trabajadores. En este caso cuando el coste de adaptaci\u00f3n del puesto de trabajo supere la cantidad en concepto de indemnizaci\u00f3n por despido improcedente o seis meses de salario del trabajador, todo ello sin tener en cuenta las posibles ayudas percibidas.\u00a0<\/span><\/p>\n<p><span style=\"font-weight: 400;\">Por el resto de empresas de m\u00e1s de 25 trabajadores, la nueva regulaci\u00f3n solo fija que para determinar si la carga excesiva se valoraran los par\u00e1metros de coste de medidas de adaptaci\u00f3n en relaci\u00f3n al tama\u00f1o, recursos econ\u00f3micos, situaci\u00f3n econ\u00f3mica y volumen de negocio de la empresa.\u00a0<\/span><\/p>\n<p><span style=\"font-weight: 400;\">Otra de las excepciones consiste en la inexistencia de puesto vacante y compatible. Tras an\u00e1lisis exhaustivo de la empresa, junto con el servicio de prevenci\u00f3n de riesgos, se concluye que no hay puesto alternativo que el trabajador pueda desempe\u00f1ar.\u00a0<\/span><\/p>\n<p><span style=\"font-weight: 400;\">Es importante determinar, que, durante el tiempo que la empresa realice los ajustes razonables o cambio a un puesto compatible, se mantiene la suspensi\u00f3n del contrato laboral, por lo que, m\u00e1ximo podr\u00e1 suspenderse el contrato 3 meses.\u00a0<\/span><\/p>\n<h2><b>Consecuencias jur\u00eddicas y aspectos relevantes.\u00a0<\/b><\/h2>\n<p><span style=\"font-weight: 400;\">En caso de que la empresa reubique al trabajador o bien adapte el puesto de trabajo, por la declaraci\u00f3n de incapacidad permanente, la pensi\u00f3n asociada a tal declaraci\u00f3n se suspender\u00e1 mientras se desempe\u00f1e el puesto.\u00a0<\/span><\/p>\n<p><span style=\"font-weight: 400;\">Existe alto riesgo empresarial, si la empresa decide extinguir el contrato sin seguir el procedimiento establecido o sin que concurra las causas tasadas de carga excesiva e inexistencia de puesto vacante, que podr\u00eda conllevar la nulidad del despido por discriminaci\u00f3n, con las consiguientes consecuencias de tal declaraci\u00f3n.\u00a0<\/span><\/p>\n<h2><b>Conclusiones<\/b><\/h2>\n<p><span style=\"font-weight: 400;\">La reforma introducida por la Ley 2\/2025, marca un antes y un despu\u00e9s en la protecci\u00f3n del empleo de las personas con una discapacidad. Este nuevo marco legal obliga a las empresas a adoptar un rol proactivo en la b\u00fasqueda de soluciones, consolidando la extinci\u00f3n de contrato como el \u00faltimo recurso.\u00a0<\/span><\/p>\n<p><i><span style=\"font-weight: 400;\">*El presente art\u00edculo es meramente divulgativo y no supone asesoramiento ni compromiso de actualizaci\u00f3n.<\/span><\/i><\/p>\n<p><i><span style=\"font-weight: 400;\">Para m\u00e1s informaci\u00f3n o asesoramiento, contacte con info@fernandezadvocats.es.<\/span><\/i><\/p>\n<p>&nbsp;<\/p>\n","protected":false},"excerpt":{"rendered":"<p>DESCARGAR ART\u00cdCULO COMPLETO EN PDF. La ley 2\/2025, de 29 de abril, ha supuesto una transformaci\u00f3n fundamental en la forma en que la declaraci\u00f3n de una Incapacidad Permanente afectaba en una relaci\u00f3n laboral. Este cambio legislativo abandona el anterior paradigma de extinci\u00f3n autom\u00e1tica del contrato de trabajo para adoptar un modelo que prioriza la conservaci\u00f3n [&hellip;]<\/p>\n","protected":false},"author":19,"featured_media":253893,"comment_status":"closed","ping_status":"closed","sticky":false,"template":"","format":"standard","meta":{"_et_pb_use_builder":"","_et_pb_old_content":"","_et_gb_content_width":"","footnotes":""},"categories":[28,39,35],"tags":[],"class_list":["post-253898","post","type-post","status-publish","format-standard","has-post-thumbnail","hentry","category-articulos-fa","category-derecho-laboral","category-resolucion"],"yoast_head":"<!-- This site is optimized with the Yoast SEO plugin v27.1.1 - https:\/\/yoast.com\/product\/yoast-seo-wordpress\/ -->\n<title>Incapacitat permanent i contracte laboral despr\u00e9s de la Llei 2\/2025<\/title>\n<meta name=\"description\" content=\"La Llei 2\/2025 elimina l\u2019extinci\u00f3 autom\u00e0tica del contracte per incapacitat permanent i obliga a adaptar el lloc de treball.\" \/>\n<meta name=\"robots\" content=\"index, follow, max-snippet:-1, max-image-preview:large, max-video-preview:-1\" \/>\n<link rel=\"canonical\" href=\"https:\/\/fernandezadvocats.es\/es\/inspeccions-treball-catalunya-requeriments-sancions\/\" \/>\n<meta property=\"og:locale\" content=\"es_ES\" \/>\n<meta property=\"og:type\" content=\"article\" \/>\n<meta property=\"og:title\" content=\"Incapacitat permanent i contracte laboral despr\u00e9s de la Llei 2\/2025\" \/>\n<meta property=\"og:description\" content=\"La Llei 2\/2025 elimina l\u2019extinci\u00f3 autom\u00e0tica del contracte per incapacitat permanent i obliga a adaptar el lloc de treball.\" \/>\n<meta property=\"og:url\" content=\"https:\/\/fernandezadvocats.es\/es\/inspeccions-treball-catalunya-requeriments-sancions\/\" \/>\n<meta property=\"og:site_name\" content=\"Fern\u00e1ndez Advocats\" \/>\n<meta property=\"article:published_time\" content=\"2025-12-29T11:25:37+00:00\" \/>\n<meta property=\"article:modified_time\" content=\"2026-01-21T16:00:46+00:00\" \/>\n<meta property=\"og:image\" content=\"https:\/\/fernandezadvocats.es\/wp-content\/uploads\/2025\/12\/incapacidad-permanente.jpg\" \/>\n\t<meta property=\"og:image:width\" content=\"906\" \/>\n\t<meta property=\"og:image:height\" content=\"603\" \/>\n\t<meta property=\"og:image:type\" content=\"image\/jpeg\" \/>\n<meta name=\"author\" content=\"mrclickbarcelona@gmail.com\" \/>\n<meta name=\"twitter:card\" content=\"summary_large_image\" \/>\n<meta name=\"twitter:label1\" content=\"Escrito por\" \/>\n\t<meta name=\"twitter:data1\" content=\"mrclickbarcelona@gmail.com\" \/>\n\t<meta name=\"twitter:label2\" content=\"Tiempo de lectura\" \/>\n\t<meta name=\"twitter:data2\" content=\"5 minutos\" \/>\n<script type=\"application\/ld+json\" class=\"yoast-schema-graph\">{\"@context\":\"https:\/\/schema.org\",\"@graph\":[{\"@type\":\"Article\",\"@id\":\"https:\/\/fernandezadvocats.es\/es\/inspeccions-treball-catalunya-requeriments-sancions\/#article\",\"isPartOf\":{\"@id\":\"https:\/\/fernandezadvocats.es\/es\/inspeccions-treball-catalunya-requeriments-sancions\/\"},\"author\":{\"name\":\"mrclickbarcelona@gmail.com\",\"@id\":\"https:\/\/fernandezadvocats.es\/#\/schema\/person\/8ee482a071b4b039d55e3b5981b20a98\"},\"headline\":\"La incapacidad permamente y el contrato de trabajo: cuando el reconocimiento no implica extinci\u00f3n autom\u00e0tica.\",\"datePublished\":\"2025-12-29T11:25:37+00:00\",\"dateModified\":\"2026-01-21T16:00:46+00:00\",\"mainEntityOfPage\":{\"@id\":\"https:\/\/fernandezadvocats.es\/es\/inspeccions-treball-catalunya-requeriments-sancions\/\"},\"wordCount\":862,\"publisher\":{\"@id\":\"https:\/\/fernandezadvocats.es\/#organization\"},\"image\":{\"@id\":\"https:\/\/fernandezadvocats.es\/es\/inspeccions-treball-catalunya-requeriments-sancions\/#primaryimage\"},\"thumbnailUrl\":\"https:\/\/fernandezadvocats.es\/wp-content\/uploads\/2025\/12\/incapacidad-permanente.jpg\",\"articleSection\":[\"Art\u00edculos FA\",\"Derecho Laboral\",\"Resoluci\u00f3n\"],\"inLanguage\":\"es\"},{\"@type\":\"WebPage\",\"@id\":\"https:\/\/fernandezadvocats.es\/es\/inspeccions-treball-catalunya-requeriments-sancions\/\",\"url\":\"https:\/\/fernandezadvocats.es\/es\/inspeccions-treball-catalunya-requeriments-sancions\/\",\"name\":\"Incapacitat permanent i contracte laboral despr\u00e9s de la Llei 2\/2025\",\"isPartOf\":{\"@id\":\"https:\/\/fernandezadvocats.es\/#website\"},\"primaryImageOfPage\":{\"@id\":\"https:\/\/fernandezadvocats.es\/es\/inspeccions-treball-catalunya-requeriments-sancions\/#primaryimage\"},\"image\":{\"@id\":\"https:\/\/fernandezadvocats.es\/es\/inspeccions-treball-catalunya-requeriments-sancions\/#primaryimage\"},\"thumbnailUrl\":\"https:\/\/fernandezadvocats.es\/wp-content\/uploads\/2025\/12\/incapacidad-permanente.jpg\",\"datePublished\":\"2025-12-29T11:25:37+00:00\",\"dateModified\":\"2026-01-21T16:00:46+00:00\",\"description\":\"La Llei 2\/2025 elimina l\u2019extinci\u00f3 autom\u00e0tica del contracte per incapacitat permanent i obliga a adaptar el lloc de treball.\",\"breadcrumb\":{\"@id\":\"https:\/\/fernandezadvocats.es\/es\/inspeccions-treball-catalunya-requeriments-sancions\/#breadcrumb\"},\"inLanguage\":\"es\",\"potentialAction\":[{\"@type\":\"ReadAction\",\"target\":[\"https:\/\/fernandezadvocats.es\/es\/inspeccions-treball-catalunya-requeriments-sancions\/\"]}]},{\"@type\":\"ImageObject\",\"inLanguage\":\"es\",\"@id\":\"https:\/\/fernandezadvocats.es\/es\/inspeccions-treball-catalunya-requeriments-sancions\/#primaryimage\",\"url\":\"https:\/\/fernandezadvocats.es\/wp-content\/uploads\/2025\/12\/incapacidad-permanente.jpg\",\"contentUrl\":\"https:\/\/fernandezadvocats.es\/wp-content\/uploads\/2025\/12\/incapacidad-permanente.jpg\",\"width\":906,\"height\":603,\"caption\":\"Nova regulaci\u00f3 de la incapacitat permanent i el seu impacte en el contracte de treball\"},{\"@type\":\"BreadcrumbList\",\"@id\":\"https:\/\/fernandezadvocats.es\/es\/inspeccions-treball-catalunya-requeriments-sancions\/#breadcrumb\",\"itemListElement\":[{\"@type\":\"ListItem\",\"position\":1,\"name\":\"Portada\",\"item\":\"https:\/\/fernandezadvocats.es\/es\/fernandez-advocats-berga\/\"},{\"@type\":\"ListItem\",\"position\":2,\"name\":\"La incapacidad permamente y el contrato de trabajo: cuando el reconocimiento no implica extinci\u00f3n autom\u00e0tica.\"}]},{\"@type\":\"WebSite\",\"@id\":\"https:\/\/fernandezadvocats.es\/#website\",\"url\":\"https:\/\/fernandezadvocats.es\/\",\"name\":\"Fern\u00e1ndez Advocats\",\"description\":\"Advocats Berga i Barcelona\",\"publisher\":{\"@id\":\"https:\/\/fernandezadvocats.es\/#organization\"},\"alternateName\":\"Abogados Berga y Bracelona\",\"potentialAction\":[{\"@type\":\"SearchAction\",\"target\":{\"@type\":\"EntryPoint\",\"urlTemplate\":\"https:\/\/fernandezadvocats.es\/?s={search_term_string}\"},\"query-input\":{\"@type\":\"PropertyValueSpecification\",\"valueRequired\":true,\"valueName\":\"search_term_string\"}}],\"inLanguage\":\"es\"},{\"@type\":\"Organization\",\"@id\":\"https:\/\/fernandezadvocats.es\/#organization\",\"name\":\"Fern\u00e1ndez Advocats\",\"url\":\"https:\/\/fernandezadvocats.es\/\",\"logo\":{\"@type\":\"ImageObject\",\"inLanguage\":\"es\",\"@id\":\"https:\/\/fernandezadvocats.es\/#\/schema\/logo\/image\/\",\"url\":\"https:\/\/fernandezadvocats.es\/wp-content\/uploads\/2024\/11\/cropped-BF-e1731427554424.png\",\"contentUrl\":\"https:\/\/fernandezadvocats.es\/wp-content\/uploads\/2024\/11\/cropped-BF-e1731427554424.png\",\"width\":512,\"height\":512,\"caption\":\"Fern\u00e1ndez Advocats\"},\"image\":{\"@id\":\"https:\/\/fernandezadvocats.es\/#\/schema\/logo\/image\/\"}},{\"@type\":\"Person\",\"@id\":\"https:\/\/fernandezadvocats.es\/#\/schema\/person\/8ee482a071b4b039d55e3b5981b20a98\",\"name\":\"mrclickbarcelona@gmail.com\",\"image\":{\"@type\":\"ImageObject\",\"inLanguage\":\"es\",\"@id\":\"https:\/\/fernandezadvocats.es\/#\/schema\/person\/image\/\",\"url\":\"https:\/\/secure.gravatar.com\/avatar\/e16cc9a830d1a221b9e83b040154617903c650598282d145b5b76cdcb02f009e?s=96&d=mm&r=g\",\"contentUrl\":\"https:\/\/secure.gravatar.com\/avatar\/e16cc9a830d1a221b9e83b040154617903c650598282d145b5b76cdcb02f009e?s=96&d=mm&r=g\",\"caption\":\"mrclickbarcelona@gmail.com\"},\"url\":\"https:\/\/fernandezadvocats.es\/es\/author\/mrclickbarcelonagmail-com\/\"}]}<\/script>\n<!-- \/ Yoast SEO plugin. -->","yoast_head_json":{"title":"Incapacitat permanent i contracte laboral despr\u00e9s de la Llei 2\/2025","description":"La Llei 2\/2025 elimina l\u2019extinci\u00f3 autom\u00e0tica del contracte per incapacitat permanent i obliga a adaptar el lloc de treball.","robots":{"index":"index","follow":"follow","max-snippet":"max-snippet:-1","max-image-preview":"max-image-preview:large","max-video-preview":"max-video-preview:-1"},"canonical":"https:\/\/fernandezadvocats.es\/es\/inspeccions-treball-catalunya-requeriments-sancions\/","og_locale":"es_ES","og_type":"article","og_title":"Incapacitat permanent i contracte laboral despr\u00e9s de la Llei 2\/2025","og_description":"La Llei 2\/2025 elimina l\u2019extinci\u00f3 autom\u00e0tica del contracte per incapacitat permanent i obliga a adaptar el lloc de treball.","og_url":"https:\/\/fernandezadvocats.es\/es\/inspeccions-treball-catalunya-requeriments-sancions\/","og_site_name":"Fern\u00e1ndez Advocats","article_published_time":"2025-12-29T11:25:37+00:00","article_modified_time":"2026-01-21T16:00:46+00:00","og_image":[{"width":906,"height":603,"url":"https:\/\/fernandezadvocats.es\/wp-content\/uploads\/2025\/12\/incapacidad-permanente.jpg","type":"image\/jpeg"}],"author":"mrclickbarcelona@gmail.com","twitter_card":"summary_large_image","twitter_misc":{"Escrito por":"mrclickbarcelona@gmail.com","Tiempo de lectura":"5 minutos"},"schema":{"@context":"https:\/\/schema.org","@graph":[{"@type":"Article","@id":"https:\/\/fernandezadvocats.es\/es\/inspeccions-treball-catalunya-requeriments-sancions\/#article","isPartOf":{"@id":"https:\/\/fernandezadvocats.es\/es\/inspeccions-treball-catalunya-requeriments-sancions\/"},"author":{"name":"mrclickbarcelona@gmail.com","@id":"https:\/\/fernandezadvocats.es\/#\/schema\/person\/8ee482a071b4b039d55e3b5981b20a98"},"headline":"La incapacidad permamente y el contrato de trabajo: cuando el reconocimiento no implica extinci\u00f3n autom\u00e0tica.","datePublished":"2025-12-29T11:25:37+00:00","dateModified":"2026-01-21T16:00:46+00:00","mainEntityOfPage":{"@id":"https:\/\/fernandezadvocats.es\/es\/inspeccions-treball-catalunya-requeriments-sancions\/"},"wordCount":862,"publisher":{"@id":"https:\/\/fernandezadvocats.es\/#organization"},"image":{"@id":"https:\/\/fernandezadvocats.es\/es\/inspeccions-treball-catalunya-requeriments-sancions\/#primaryimage"},"thumbnailUrl":"https:\/\/fernandezadvocats.es\/wp-content\/uploads\/2025\/12\/incapacidad-permanente.jpg","articleSection":["Art\u00edculos FA","Derecho Laboral","Resoluci\u00f3n"],"inLanguage":"es"},{"@type":"WebPage","@id":"https:\/\/fernandezadvocats.es\/es\/inspeccions-treball-catalunya-requeriments-sancions\/","url":"https:\/\/fernandezadvocats.es\/es\/inspeccions-treball-catalunya-requeriments-sancions\/","name":"Incapacitat permanent i contracte laboral despr\u00e9s de la Llei 2\/2025","isPartOf":{"@id":"https:\/\/fernandezadvocats.es\/#website"},"primaryImageOfPage":{"@id":"https:\/\/fernandezadvocats.es\/es\/inspeccions-treball-catalunya-requeriments-sancions\/#primaryimage"},"image":{"@id":"https:\/\/fernandezadvocats.es\/es\/inspeccions-treball-catalunya-requeriments-sancions\/#primaryimage"},"thumbnailUrl":"https:\/\/fernandezadvocats.es\/wp-content\/uploads\/2025\/12\/incapacidad-permanente.jpg","datePublished":"2025-12-29T11:25:37+00:00","dateModified":"2026-01-21T16:00:46+00:00","description":"La Llei 2\/2025 elimina l\u2019extinci\u00f3 autom\u00e0tica del contracte per incapacitat permanent i obliga a adaptar el lloc de treball.","breadcrumb":{"@id":"https:\/\/fernandezadvocats.es\/es\/inspeccions-treball-catalunya-requeriments-sancions\/#breadcrumb"},"inLanguage":"es","potentialAction":[{"@type":"ReadAction","target":["https:\/\/fernandezadvocats.es\/es\/inspeccions-treball-catalunya-requeriments-sancions\/"]}]},{"@type":"ImageObject","inLanguage":"es","@id":"https:\/\/fernandezadvocats.es\/es\/inspeccions-treball-catalunya-requeriments-sancions\/#primaryimage","url":"https:\/\/fernandezadvocats.es\/wp-content\/uploads\/2025\/12\/incapacidad-permanente.jpg","contentUrl":"https:\/\/fernandezadvocats.es\/wp-content\/uploads\/2025\/12\/incapacidad-permanente.jpg","width":906,"height":603,"caption":"Nova regulaci\u00f3 de la incapacitat permanent i el seu impacte en el contracte de treball"},{"@type":"BreadcrumbList","@id":"https:\/\/fernandezadvocats.es\/es\/inspeccions-treball-catalunya-requeriments-sancions\/#breadcrumb","itemListElement":[{"@type":"ListItem","position":1,"name":"Portada","item":"https:\/\/fernandezadvocats.es\/es\/fernandez-advocats-berga\/"},{"@type":"ListItem","position":2,"name":"La incapacidad permamente y el contrato de trabajo: cuando el reconocimiento no implica extinci\u00f3n autom\u00e0tica."}]},{"@type":"WebSite","@id":"https:\/\/fernandezadvocats.es\/#website","url":"https:\/\/fernandezadvocats.es\/","name":"Fern\u00e1ndez Advocats","description":"Advocats Berga i Barcelona","publisher":{"@id":"https:\/\/fernandezadvocats.es\/#organization"},"alternateName":"Abogados Berga y Bracelona","potentialAction":[{"@type":"SearchAction","target":{"@type":"EntryPoint","urlTemplate":"https:\/\/fernandezadvocats.es\/?s={search_term_string}"},"query-input":{"@type":"PropertyValueSpecification","valueRequired":true,"valueName":"search_term_string"}}],"inLanguage":"es"},{"@type":"Organization","@id":"https:\/\/fernandezadvocats.es\/#organization","name":"Fern\u00e1ndez Advocats","url":"https:\/\/fernandezadvocats.es\/","logo":{"@type":"ImageObject","inLanguage":"es","@id":"https:\/\/fernandezadvocats.es\/#\/schema\/logo\/image\/","url":"https:\/\/fernandezadvocats.es\/wp-content\/uploads\/2024\/11\/cropped-BF-e1731427554424.png","contentUrl":"https:\/\/fernandezadvocats.es\/wp-content\/uploads\/2024\/11\/cropped-BF-e1731427554424.png","width":512,"height":512,"caption":"Fern\u00e1ndez Advocats"},"image":{"@id":"https:\/\/fernandezadvocats.es\/#\/schema\/logo\/image\/"}},{"@type":"Person","@id":"https:\/\/fernandezadvocats.es\/#\/schema\/person\/8ee482a071b4b039d55e3b5981b20a98","name":"mrclickbarcelona@gmail.com","image":{"@type":"ImageObject","inLanguage":"es","@id":"https:\/\/fernandezadvocats.es\/#\/schema\/person\/image\/","url":"https:\/\/secure.gravatar.com\/avatar\/e16cc9a830d1a221b9e83b040154617903c650598282d145b5b76cdcb02f009e?s=96&d=mm&r=g","contentUrl":"https:\/\/secure.gravatar.com\/avatar\/e16cc9a830d1a221b9e83b040154617903c650598282d145b5b76cdcb02f009e?s=96&d=mm&r=g","caption":"mrclickbarcelona@gmail.com"},"url":"https:\/\/fernandezadvocats.es\/es\/author\/mrclickbarcelonagmail-com\/"}]}},"_links":{"self":[{"href":"https:\/\/fernandezadvocats.es\/es\/wp-json\/wp\/v2\/posts\/253898","targetHints":{"allow":["GET"]}}],"collection":[{"href":"https:\/\/fernandezadvocats.es\/es\/wp-json\/wp\/v2\/posts"}],"about":[{"href":"https:\/\/fernandezadvocats.es\/es\/wp-json\/wp\/v2\/types\/post"}],"author":[{"embeddable":true,"href":"https:\/\/fernandezadvocats.es\/es\/wp-json\/wp\/v2\/users\/19"}],"replies":[{"embeddable":true,"href":"https:\/\/fernandezadvocats.es\/es\/wp-json\/wp\/v2\/comments?post=253898"}],"version-history":[{"count":3,"href":"https:\/\/fernandezadvocats.es\/es\/wp-json\/wp\/v2\/posts\/253898\/revisions"}],"predecessor-version":[{"id":254194,"href":"https:\/\/fernandezadvocats.es\/es\/wp-json\/wp\/v2\/posts\/253898\/revisions\/254194"}],"wp:featuredmedia":[{"embeddable":true,"href":"https:\/\/fernandezadvocats.es\/es\/wp-json\/wp\/v2\/media\/253893"}],"wp:attachment":[{"href":"https:\/\/fernandezadvocats.es\/es\/wp-json\/wp\/v2\/media?parent=253898"}],"wp:term":[{"taxonomy":"category","embeddable":true,"href":"https:\/\/fernandezadvocats.es\/es\/wp-json\/wp\/v2\/categories?post=253898"},{"taxonomy":"post_tag","embeddable":true,"href":"https:\/\/fernandezadvocats.es\/es\/wp-json\/wp\/v2\/tags?post=253898"}],"curies":[{"name":"wp","href":"https:\/\/api.w.org\/{rel}","templated":true}]}}