{"id":253918,"date":"2026-01-13T09:03:42","date_gmt":"2026-01-13T08:03:42","guid":{"rendered":"https:\/\/fernandezadvocats.es\/?p=253918"},"modified":"2026-01-21T18:32:13","modified_gmt":"2026-01-21T17:32:13","slug":"violencia-economica-control-dinero-maltrato","status":"publish","type":"post","link":"https:\/\/fernandezadvocats.es\/es\/violencia-economica-control-dinero-maltrato\/","title":{"rendered":"Violencia econ\u00f3mica: cuando el control del dinero se convierte en maltrato"},"content":{"rendered":"<p><strong><a href=\"https:\/\/fernandezadvocats.es\/wp-content\/uploads\/2026\/01\/Violencia-economica.pdf\">DESCARGAR ART\u00cdCULO COMPLETO EN PDF. <\/a><\/strong><\/p>\n<p><span style=\"font-weight: 400;\">Cuando pensamos en violencia de g\u00e9nero, la imagen m\u00e1s recurrente acostumbra a ser la de agresi\u00f3n f\u00edsica. No obstante, existen formas de maltrato m\u00e1s sutiles y silenciosas, pero igualmente destructivas, que minan la autonom\u00eda, la dignidad y la libertad. Una de las violencias m\u00e1s invisibilizadas es la violencia econ\u00f3mica, una forma de dominaci\u00f3n que puede pasar desapercibida durante a\u00f1os, disfrazada de decisiones cotidianas sobre el dinero, la organizaci\u00f3n familiar o la econom\u00eda dom\u00e9stica.\u00a0<\/span><\/p>\n<p><span style=\"font-weight: 400;\">Este tipo de violencia no deja moratones ni marcas visibles en el cuerpo, pero limita la independencia, condiciona las decisiones de la v\u00edctima y, en muchos casos, le impide abandonar la relaci\u00f3n de abuso. Se trata de un control progresivo y constante que puede afectar no solo a la v\u00edctima directa, sino tambi\u00e9n a sus hijos e incluso a su entorno familiar. Por ello, es esencial reconocerla como forma aut\u00f3noma de violencia de g\u00e9nero y dotarla del mismo nivel de protecci\u00f3n jur\u00eddica que a las dem\u00e1s.<\/span><\/p>\n<h2><b>C\u00f3mo se define violencia econ\u00f3mica seg\u00fan la ley<\/b><\/h2>\n<p><span style=\"font-weight: 400;\">La legislaci\u00f3n espa\u00f1ola, tanto a nivel estatal como auton\u00f3mico, ha dado pasos importantes para reconocer la violencia econ\u00f3mica en forma de violencia de g\u00e9nero. El concepto se recoge en diversas normativas, que permiten identificar estas conductas y activar los mecanismos de protecci\u00f3n.\u00a0\u00a0<\/span><\/p>\n<p><span style=\"font-weight: 400;\">Por ejemplo, la Ley de medidas de prevenci\u00f3n y protecci\u00f3n integral contra la violencia de g\u00e9nero, en su Art\u00edculo 3. Concepto, tipolog\u00eda y manifestaciones de violencia de g\u00e9nero., la define como:<\/span><\/p>\n<blockquote><p><span style=\"font-weight: 400;\">\u201c<\/span><i><span style=\"font-weight: 400;\">la privaci\u00f3n intencionada y no justificada legalmente de recursos, incluidos los patrimoniales, para el bienestar f\u00edsico o psicol\u00f3gico de la v\u00edctima, de sus hijos o hijas o de las personas de ella dependientes, o la discriminaci\u00f3n en la disposici\u00f3n de los recursos que le correspondan legalmente o el imposibilitar el acceso de la mujer al mercado laboral con el fin de generar dependencia econ\u00f3mica.\u201d<\/span><\/i><\/p><\/blockquote>\n<p><span style=\"font-weight: 400;\">De forma similar, la Ley del derecho de las mujeres a erradicar la violencia machista, en su Art\u00edculo 4. Formas de violencia machista., ampl\u00eda el concepto incluyendo expresamente:<\/span><\/p>\n<blockquote><p><i><span style=\"font-weight: 400;\">\u201cel impago reiterado e injustificado de pensiones alimenticias estipuladas en caso de separaci\u00f3n o divorcio, en el hecho de obstaculizar la disposici\u00f3n de los recursos propios o compartidos en el \u00e1mbito familiar o de pareja y en la apropiaci\u00f3n ileg\u00edtima de bienes de la mujer.\u201d<\/span><\/i><\/p><\/blockquote>\n<h2><b>Manifestaciones y formas de control<\/b><\/h2>\n<p><span style=\"font-weight: 400;\">La violencia econ\u00f3mica puede pasar inadvertida porque no se manifiesta necesariamente mediante amenazas expl\u00edcitas sino a trav\u00e9s de conductas aparentemente \u201cnormales\u201d dentro de la din\u00e1mica familiar. No obstante, sus efectos son profundos y sostenidos en el tiempo.\u00a0<\/span><\/p>\n<p><span style=\"font-weight: 400;\">Algunas manifestaciones son:\u00a0\u00a0<\/span><\/p>\n<ul>\n<li style=\"font-weight: 400;\" aria-level=\"1\"><span style=\"font-weight: 400;\">Control sobre los ingresos:<\/span><span style=\"font-weight: 400;\"> Impedir que la mujer administre su propio salario o los ingresos familiares, exigi\u00e9ndole entregar todo el dinero que gana.<\/span><\/li>\n<li style=\"font-weight: 400;\" aria-level=\"1\"><span style=\"font-weight: 400;\">Limitaci\u00f3n de acceso a recursos:<\/span><span style=\"font-weight: 400;\"> Prohibir el acceso a cuentas bancarias, tarjetas de cr\u00e9dito o informaci\u00f3n financiera de la familia.<\/span><\/li>\n<li style=\"font-weight: 400;\" aria-level=\"1\"><span style=\"font-weight: 400;\">Sabotaje laboral o acad\u00e9mico:<\/span><span style=\"font-weight: 400;\"> Obstaculizar las oportunidades de la mujer para trabajar, estudiar o desarrollarse profesionalmente, con el fin de limitar su independencia.<\/span><\/li>\n<li style=\"font-weight: 400;\" aria-level=\"1\"><span style=\"font-weight: 400;\">Imposici\u00f3n de deudas:<\/span><span style=\"font-weight: 400;\"> Obligar a la mujer a contraer deudas o firmar documentos financieros en su nombre, dej\u00e1ndola en una situaci\u00f3n de vulnerabilidad econ\u00f3mica.<\/span><\/li>\n<li style=\"font-weight: 400;\" aria-level=\"1\"><span style=\"font-weight: 400;\">Uso indebido de bienes<\/span><span style=\"font-weight: 400;\">: Vender o disponer de bienes comunes o privativos de la mujer sin su consentimiento.<\/span><\/li>\n<li style=\"font-weight: 400;\" aria-level=\"1\"><span style=\"font-weight: 400;\">Impago de pensiones:<\/span><span style=\"font-weight: 400;\"> El incumplimiento reiterado del pago de la pensi\u00f3n de alimentos para los hijos e hijas es una de las formas m\u00e1s comunes y da\u00f1inas de violencia econ\u00f3mica post-separaci\u00f3n.<\/span><\/li>\n<\/ul>\n<p><span style=\"font-weight: 400;\">Todas estas actitudes convierten la vida cotidiana en una forma de control y sometimiento, donde la falta de dinero se usa como herramienta de castigo. La v\u00edctima queda atrapada en un c\u00edrculo de dependencia que dificulta enormemente la ruptura con el agresor, por miedo a quedarse sin recursos o a no poder sostener a sus hijos<\/span><\/p>\n<h2><b>Marco normativo y reconocimiento legal<\/b><\/h2>\n<p><span style=\"font-weight: 400;\">Aunque la Ley Org\u00e1nica 1\/2004, de 28 de diciembre, de Medidas de Protecci\u00f3n Integral contra la Violencia de G\u00e9nero no menciona expl\u00edcitamente el t\u00e9rmino \u00abviolencia econ\u00f3mica\u00bb en su art\u00edculo 1, su objeto es actuar contra la violencia como \u00abmanifestaci\u00f3n de la discriminaci\u00f3n, la situaci\u00f3n de desigualdad y las relaciones de poder de los hombres sobre las mujeres\u00bb. La violencia econ\u00f3mica es, sin duda, una de esas manifestaciones.<\/span><\/p>\n<p><span style=\"font-weight: 400;\">M\u00e1s importante a\u00fan, la protecci\u00f3n contra esta forma de violencia se ha reforzado expl\u00edcitamente a trav\u00e9s de modificaciones posteriores. La Disposici\u00f3n final novena de la Ley Org\u00e1nica 10\/2022, de 6 de septiembre, modifica la Ley Org\u00e1nica 1\/2004 para establecer en su disposici\u00f3n adicional decimonovena que:<\/span><\/p>\n<blockquote><p><i><span style=\"font-weight: 400;\">\u00abEn el marco de la protecci\u00f3n contra la violencia econ\u00f3mica en los t\u00e9rminos previstos en esta ley, el Estado garantizar\u00e1 el pago de alimentos reconocidos e impagados a favor de los hijos e hijas menores de edad en convenio judicialmente aprobado o en resoluci\u00f3n judicial (&#8230;)\u00bb.<\/span><\/i><\/p><\/blockquote>\n<p><span style=\"font-weight: 400;\">Este reconocimiento a nivel estatal es fundamental, ya que vincula directamente el impago de pensiones con la violencia econ\u00f3mica y establece una obligaci\u00f3n de garant\u00eda por parte del Estado.<\/span><\/p>\n<p><span style=\"font-weight: 400;\">A nivel auton\u00f3mico, leyes como la andaluza, catalana, castellano-leonesa o navarra s\u00ed la definen y la incluyen expresamente en sus cat\u00e1logos de formas de violencia de g\u00e9nero.<\/span><\/p>\n<h2><b>Acreditaci\u00f3n de la situaci\u00f3n de violencia econ\u00f3mica<\/b><\/h2>\n<p><span style=\"font-weight: 400;\">Para acceder a los derechos y recursos, la v\u00edctima debe acreditar su situaci\u00f3n. El Art\u00edculo 23 de la Ley Org\u00e1nica 1\/2004, modificado por el Real Decreto-ley 9\/2018, de 3 de agosto, establece los medios de acreditaci\u00f3n:<\/span><\/p>\n<ol>\n<li style=\"font-weight: 400;\" aria-level=\"1\"><span style=\"font-weight: 400;\">Sentencia condenatoria por un delito de violencia de g\u00e9nero.<\/span><\/li>\n<li style=\"font-weight: 400;\" aria-level=\"1\"><span style=\"font-weight: 400;\">Orden de protecci\u00f3n o cualquier otra resoluci\u00f3n judicial que acuerde una medida cautelar a favor de la v\u00edctima.<\/span><\/li>\n<li style=\"font-weight: 400;\" aria-level=\"1\"><span style=\"font-weight: 400;\">Informe del Ministerio Fiscal que indique la existencia de indicios de que la demandante es v\u00edctima de violencia de g\u00e9nero.<\/span><\/li>\n<li style=\"font-weight: 400;\" aria-level=\"1\"><span style=\"font-weight: 400;\">Informe de los servicios sociales, de los servicios especializados, o de los servicios de acogida destinados a v\u00edctimas de violencia de g\u00e9nero de la Administraci\u00f3n P\u00fablica competente.<\/span><\/li>\n<li style=\"font-weight: 400;\" aria-level=\"1\"><span style=\"font-weight: 400;\">Cualquier otro t\u00edtulo previsto en disposiciones normativas sectoriales.<\/span><\/li>\n<\/ol>\n<p><span style=\"font-weight: 400;\">Es relevante destacar que, seg\u00fan el art\u00edculo 1 bis de la Ley de medidas de prevenci\u00f3n y protecci\u00f3n integral contra la violencia de g\u00e9nero de Andaluc\u00eda, se considerar\u00e1n v\u00edctimas de violencia de g\u00e9nero (incluida la econ\u00f3mica) y tendr\u00e1n reconocidos los derechos de la norma sin necesidad de interposici\u00f3n de denuncia.<\/span><\/p>\n<h2><b>Derechos y medidas de protecci\u00f3n para las v\u00edctimas<\/b><\/h2>\n<p><span style=\"font-weight: 400;\">El ordenamiento jur\u00eddico prev\u00e9 una serie de medidas para proteger y asistir a las v\u00edctimas de violencia econ\u00f3mica:<\/span><\/p>\n<ul>\n<li style=\"font-weight: 400;\" aria-level=\"1\"><span style=\"font-weight: 400;\">Ayuda Econ\u00f3mica Espec\u00edfica:<\/span><span style=\"font-weight: 400;\"> El Art\u00edculo 27 de la Ley Org\u00e1nica 1\/2004 establece una ayuda de pago \u00fanico para las v\u00edctimas de violencia de g\u00e9nero que, por su edad, falta de preparaci\u00f3n general o especializada y circunstancias sociales, tengan especiales dificultades para obtener un empleo y carezcan de rentas. El objeto de esta ayuda, regulada por el Real Decreto 1452\/2005, es facilitar su integraci\u00f3n social.<\/span><\/li>\n<li style=\"font-weight: 400;\" aria-level=\"1\"><span style=\"font-weight: 400;\">Garant\u00eda de Pago de Alimentos<\/span><span style=\"font-weight: 400;\">: Como se mencion\u00f3, la legislaci\u00f3n prev\u00e9 la actuaci\u00f3n del Fondo de Garant\u00eda del Pago de Alimentos para reforzar las medidas de apoyo a las v\u00edctimas de violencia econ\u00f3mica.<\/span><\/li>\n<li style=\"font-weight: 400;\" aria-level=\"1\"><span style=\"font-weight: 400;\">Derecho a la Asistencia Social Integral:<\/span><span style=\"font-weight: 400;\"> El Art\u00edculo 19 de la Ley Org\u00e1nica 1\/2004 garantiza el derecho a servicios sociales de atenci\u00f3n, de emergencia, de apoyo y acogida y de recuperaci\u00f3n integral. Esto incluye apoyo a la formaci\u00f3n e inserci\u00f3n laboral, clave para romper la dependencia econ\u00f3mica.<\/span><\/li>\n<li style=\"font-weight: 400;\" aria-level=\"1\"><span style=\"font-weight: 400;\">Asistencia Jur\u00eddica Gratuita<\/span><span style=\"font-weight: 400;\">: El Art\u00edculo 20 de la Ley Org\u00e1nica 1\/2004 asegura el derecho a la defensa y representaci\u00f3n gratuitas en todos los procesos que tengan causa directa o indirecta en la violencia padecida.<\/span><\/li>\n<\/ul>\n<h2><b>Conclusi\u00f3n<\/b><\/h2>\n<p><span style=\"font-weight: 400;\">La violencia econ\u00f3mica es una herramienta de control y dominaci\u00f3n que perpet\u00faa la desigualdad y atrapa a las mujeres en ciclos de abuso. El marco legal espa\u00f1ol, tanto a nivel estatal como auton\u00f3mico, ha evolucionado para reconocerla expl\u00edcitamente como una forma de violencia de g\u00e9nero, estableciendo mecanismos para su acreditaci\u00f3n y articulando medidas de protecci\u00f3n y apoyo econ\u00f3mico.<\/span><\/p>\n<p><span style=\"font-weight: 400;\">Para los profesionales del derecho, es fundamental conocer estas herramientas para poder identificar estas situaciones, asesorar adecuadamente a las v\u00edctimas y solicitar las medidas de protecci\u00f3n y reparaci\u00f3n que la ley contempla, contribuyendo as\u00ed a romper el c\u00edrculo de la violencia y a restaurar la autonom\u00eda y dignidad de las mujeres afectadas.<\/span><\/p>\n<p><i><span style=\"font-weight: 400;\">*El presente art\u00edculo es meramente divulgativo y no supone asesoramiento ni compromiso de actualizaci\u00f3n.<\/span><\/i><\/p>\n<p>&nbsp;<\/p>\n<p><i><span style=\"font-weight: 400;\">Para m\u00e1s informaci\u00f3n o asesoramiento, contacte con info@fernandezadvocats.es.<\/span><\/i><\/p>\n","protected":false},"excerpt":{"rendered":"<p>DESCARGAR ART\u00cdCULO COMPLETO EN PDF. Cuando pensamos en violencia de g\u00e9nero, la imagen m\u00e1s recurrente acostumbra a ser la de agresi\u00f3n f\u00edsica. No obstante, existen formas de maltrato m\u00e1s sutiles y silenciosas, pero igualmente destructivas, que minan la autonom\u00eda, la dignidad y la libertad. Una de las violencias m\u00e1s invisibilizadas es la violencia econ\u00f3mica, una [&hellip;]<\/p>\n","protected":false},"author":19,"featured_media":253916,"comment_status":"closed","ping_status":"closed","sticky":false,"template":"","format":"standard","meta":{"_et_pb_use_builder":"","_et_pb_old_content":"","_et_gb_content_width":"","footnotes":""},"categories":[28,40],"tags":[],"class_list":["post-253918","post","type-post","status-publish","format-standard","has-post-thumbnail","hentry","category-articulos-fa","category-derecho-civil"],"yoast_head":"<!-- This site is optimized with the Yoast SEO plugin v27.1.1 - https:\/\/yoast.com\/product\/yoast-seo-wordpress\/ -->\n<title>Violencia econ\u00f3mica: definici\u00f3n legal y protecci\u00f3n jur\u00eddica<\/title>\n<meta name=\"description\" content=\"Qu\u00e9 es la violencia econ\u00f3mica, c\u00f3mo la reconoce la ley y qu\u00e9 derechos y medidas de protecci\u00f3n existen para las v\u00edctimas seg\u00fan la normativa vigente.\" \/>\n<meta name=\"robots\" content=\"index, follow, max-snippet:-1, max-image-preview:large, max-video-preview:-1\" \/>\n<link rel=\"canonical\" href=\"https:\/\/fernandezadvocats.es\/es\/violencia-economica-control-dinero-maltrato\/\" \/>\n<meta property=\"og:locale\" content=\"es_ES\" \/>\n<meta property=\"og:type\" content=\"article\" \/>\n<meta property=\"og:title\" content=\"Violencia econ\u00f3mica: definici\u00f3n legal y protecci\u00f3n jur\u00eddica\" \/>\n<meta property=\"og:description\" content=\"Qu\u00e9 es la violencia econ\u00f3mica, c\u00f3mo la reconoce la ley y qu\u00e9 derechos y medidas de protecci\u00f3n existen para las v\u00edctimas seg\u00fan la normativa vigente.\" \/>\n<meta property=\"og:url\" content=\"https:\/\/fernandezadvocats.es\/es\/violencia-economica-control-dinero-maltrato\/\" \/>\n<meta property=\"og:site_name\" content=\"Fern\u00e1ndez Advocats\" \/>\n<meta property=\"article:published_time\" content=\"2026-01-13T08:03:42+00:00\" \/>\n<meta property=\"article:modified_time\" content=\"2026-01-21T17:32:13+00:00\" \/>\n<meta property=\"og:image\" content=\"https:\/\/fernandezadvocats.es\/wp-content\/uploads\/2026\/01\/violencia-economica.jpg\" \/>\n\t<meta property=\"og:image:width\" content=\"2033\" \/>\n\t<meta property=\"og:image:height\" content=\"1356\" \/>\n\t<meta property=\"og:image:type\" content=\"image\/jpeg\" \/>\n<meta name=\"author\" content=\"mrclickbarcelona@gmail.com\" \/>\n<meta name=\"twitter:card\" content=\"summary_large_image\" \/>\n<meta name=\"twitter:label1\" content=\"Escrito por\" \/>\n\t<meta name=\"twitter:data1\" content=\"mrclickbarcelona@gmail.com\" \/>\n\t<meta name=\"twitter:label2\" content=\"Tiempo de lectura\" \/>\n\t<meta name=\"twitter:data2\" content=\"7 minutos\" \/>\n<script type=\"application\/ld+json\" class=\"yoast-schema-graph\">{\"@context\":\"https:\/\/schema.org\",\"@graph\":[{\"@type\":\"Article\",\"@id\":\"https:\/\/fernandezadvocats.es\/es\/violencia-economica-control-dinero-maltrato\/#article\",\"isPartOf\":{\"@id\":\"https:\/\/fernandezadvocats.es\/es\/violencia-economica-control-dinero-maltrato\/\"},\"author\":{\"name\":\"mrclickbarcelona@gmail.com\",\"@id\":\"https:\/\/fernandezadvocats.es\/#\/schema\/person\/8ee482a071b4b039d55e3b5981b20a98\"},\"headline\":\"Violencia econ\u00f3mica: cuando el control del dinero se convierte en maltrato\",\"datePublished\":\"2026-01-13T08:03:42+00:00\",\"dateModified\":\"2026-01-21T17:32:13+00:00\",\"mainEntityOfPage\":{\"@id\":\"https:\/\/fernandezadvocats.es\/es\/violencia-economica-control-dinero-maltrato\/\"},\"wordCount\":1529,\"publisher\":{\"@id\":\"https:\/\/fernandezadvocats.es\/#organization\"},\"image\":{\"@id\":\"https:\/\/fernandezadvocats.es\/es\/violencia-economica-control-dinero-maltrato\/#primaryimage\"},\"thumbnailUrl\":\"https:\/\/fernandezadvocats.es\/wp-content\/uploads\/2026\/01\/violencia-economica.jpg\",\"articleSection\":[\"Art\u00edculos FA\",\"Derecho Civil\"],\"inLanguage\":\"es\"},{\"@type\":\"WebPage\",\"@id\":\"https:\/\/fernandezadvocats.es\/es\/violencia-economica-control-dinero-maltrato\/\",\"url\":\"https:\/\/fernandezadvocats.es\/es\/violencia-economica-control-dinero-maltrato\/\",\"name\":\"Violencia econ\u00f3mica: definici\u00f3n legal y protecci\u00f3n jur\u00eddica\",\"isPartOf\":{\"@id\":\"https:\/\/fernandezadvocats.es\/#website\"},\"primaryImageOfPage\":{\"@id\":\"https:\/\/fernandezadvocats.es\/es\/violencia-economica-control-dinero-maltrato\/#primaryimage\"},\"image\":{\"@id\":\"https:\/\/fernandezadvocats.es\/es\/violencia-economica-control-dinero-maltrato\/#primaryimage\"},\"thumbnailUrl\":\"https:\/\/fernandezadvocats.es\/wp-content\/uploads\/2026\/01\/violencia-economica.jpg\",\"datePublished\":\"2026-01-13T08:03:42+00:00\",\"dateModified\":\"2026-01-21T17:32:13+00:00\",\"description\":\"Qu\u00e9 es la violencia econ\u00f3mica, c\u00f3mo la reconoce la ley y qu\u00e9 derechos y medidas de protecci\u00f3n existen para las v\u00edctimas seg\u00fan la normativa vigente.\",\"breadcrumb\":{\"@id\":\"https:\/\/fernandezadvocats.es\/es\/violencia-economica-control-dinero-maltrato\/#breadcrumb\"},\"inLanguage\":\"es\",\"potentialAction\":[{\"@type\":\"ReadAction\",\"target\":[\"https:\/\/fernandezadvocats.es\/es\/violencia-economica-control-dinero-maltrato\/\"]}]},{\"@type\":\"ImageObject\",\"inLanguage\":\"es\",\"@id\":\"https:\/\/fernandezadvocats.es\/es\/violencia-economica-control-dinero-maltrato\/#primaryimage\",\"url\":\"https:\/\/fernandezadvocats.es\/wp-content\/uploads\/2026\/01\/violencia-economica.jpg\",\"contentUrl\":\"https:\/\/fernandezadvocats.es\/wp-content\/uploads\/2026\/01\/violencia-economica.jpg\",\"width\":2033,\"height\":1356,\"caption\":\"Representaci\u00f3 del control econ\u00f2mic com a forma de viol\u00e8ncia masclista\"},{\"@type\":\"BreadcrumbList\",\"@id\":\"https:\/\/fernandezadvocats.es\/es\/violencia-economica-control-dinero-maltrato\/#breadcrumb\",\"itemListElement\":[{\"@type\":\"ListItem\",\"position\":1,\"name\":\"Portada\",\"item\":\"https:\/\/fernandezadvocats.es\/es\/fernandez-advocats-berga\/\"},{\"@type\":\"ListItem\",\"position\":2,\"name\":\"Violencia econ\u00f3mica: cuando el control del dinero se convierte en maltrato\"}]},{\"@type\":\"WebSite\",\"@id\":\"https:\/\/fernandezadvocats.es\/#website\",\"url\":\"https:\/\/fernandezadvocats.es\/\",\"name\":\"Fern\u00e1ndez Advocats\",\"description\":\"Advocats Berga i Barcelona\",\"publisher\":{\"@id\":\"https:\/\/fernandezadvocats.es\/#organization\"},\"alternateName\":\"Abogados Berga y Bracelona\",\"potentialAction\":[{\"@type\":\"SearchAction\",\"target\":{\"@type\":\"EntryPoint\",\"urlTemplate\":\"https:\/\/fernandezadvocats.es\/?s={search_term_string}\"},\"query-input\":{\"@type\":\"PropertyValueSpecification\",\"valueRequired\":true,\"valueName\":\"search_term_string\"}}],\"inLanguage\":\"es\"},{\"@type\":\"Organization\",\"@id\":\"https:\/\/fernandezadvocats.es\/#organization\",\"name\":\"Fern\u00e1ndez Advocats\",\"url\":\"https:\/\/fernandezadvocats.es\/\",\"logo\":{\"@type\":\"ImageObject\",\"inLanguage\":\"es\",\"@id\":\"https:\/\/fernandezadvocats.es\/#\/schema\/logo\/image\/\",\"url\":\"https:\/\/fernandezadvocats.es\/wp-content\/uploads\/2024\/11\/cropped-BF-e1731427554424.png\",\"contentUrl\":\"https:\/\/fernandezadvocats.es\/wp-content\/uploads\/2024\/11\/cropped-BF-e1731427554424.png\",\"width\":512,\"height\":512,\"caption\":\"Fern\u00e1ndez Advocats\"},\"image\":{\"@id\":\"https:\/\/fernandezadvocats.es\/#\/schema\/logo\/image\/\"}},{\"@type\":\"Person\",\"@id\":\"https:\/\/fernandezadvocats.es\/#\/schema\/person\/8ee482a071b4b039d55e3b5981b20a98\",\"name\":\"mrclickbarcelona@gmail.com\",\"image\":{\"@type\":\"ImageObject\",\"inLanguage\":\"es\",\"@id\":\"https:\/\/fernandezadvocats.es\/#\/schema\/person\/image\/\",\"url\":\"https:\/\/secure.gravatar.com\/avatar\/e16cc9a830d1a221b9e83b040154617903c650598282d145b5b76cdcb02f009e?s=96&d=mm&r=g\",\"contentUrl\":\"https:\/\/secure.gravatar.com\/avatar\/e16cc9a830d1a221b9e83b040154617903c650598282d145b5b76cdcb02f009e?s=96&d=mm&r=g\",\"caption\":\"mrclickbarcelona@gmail.com\"},\"url\":\"https:\/\/fernandezadvocats.es\/es\/author\/mrclickbarcelonagmail-com\/\"}]}<\/script>\n<!-- \/ Yoast SEO plugin. -->","yoast_head_json":{"title":"Violencia econ\u00f3mica: definici\u00f3n legal y protecci\u00f3n jur\u00eddica","description":"Qu\u00e9 es la violencia econ\u00f3mica, c\u00f3mo la reconoce la ley y qu\u00e9 derechos y medidas de protecci\u00f3n existen para las v\u00edctimas seg\u00fan la normativa vigente.","robots":{"index":"index","follow":"follow","max-snippet":"max-snippet:-1","max-image-preview":"max-image-preview:large","max-video-preview":"max-video-preview:-1"},"canonical":"https:\/\/fernandezadvocats.es\/es\/violencia-economica-control-dinero-maltrato\/","og_locale":"es_ES","og_type":"article","og_title":"Violencia econ\u00f3mica: definici\u00f3n legal y protecci\u00f3n jur\u00eddica","og_description":"Qu\u00e9 es la violencia econ\u00f3mica, c\u00f3mo la reconoce la ley y qu\u00e9 derechos y medidas de protecci\u00f3n existen para las v\u00edctimas seg\u00fan la normativa vigente.","og_url":"https:\/\/fernandezadvocats.es\/es\/violencia-economica-control-dinero-maltrato\/","og_site_name":"Fern\u00e1ndez Advocats","article_published_time":"2026-01-13T08:03:42+00:00","article_modified_time":"2026-01-21T17:32:13+00:00","og_image":[{"width":2033,"height":1356,"url":"https:\/\/fernandezadvocats.es\/wp-content\/uploads\/2026\/01\/violencia-economica.jpg","type":"image\/jpeg"}],"author":"mrclickbarcelona@gmail.com","twitter_card":"summary_large_image","twitter_misc":{"Escrito por":"mrclickbarcelona@gmail.com","Tiempo de lectura":"7 minutos"},"schema":{"@context":"https:\/\/schema.org","@graph":[{"@type":"Article","@id":"https:\/\/fernandezadvocats.es\/es\/violencia-economica-control-dinero-maltrato\/#article","isPartOf":{"@id":"https:\/\/fernandezadvocats.es\/es\/violencia-economica-control-dinero-maltrato\/"},"author":{"name":"mrclickbarcelona@gmail.com","@id":"https:\/\/fernandezadvocats.es\/#\/schema\/person\/8ee482a071b4b039d55e3b5981b20a98"},"headline":"Violencia econ\u00f3mica: cuando el control del dinero se convierte en maltrato","datePublished":"2026-01-13T08:03:42+00:00","dateModified":"2026-01-21T17:32:13+00:00","mainEntityOfPage":{"@id":"https:\/\/fernandezadvocats.es\/es\/violencia-economica-control-dinero-maltrato\/"},"wordCount":1529,"publisher":{"@id":"https:\/\/fernandezadvocats.es\/#organization"},"image":{"@id":"https:\/\/fernandezadvocats.es\/es\/violencia-economica-control-dinero-maltrato\/#primaryimage"},"thumbnailUrl":"https:\/\/fernandezadvocats.es\/wp-content\/uploads\/2026\/01\/violencia-economica.jpg","articleSection":["Art\u00edculos FA","Derecho Civil"],"inLanguage":"es"},{"@type":"WebPage","@id":"https:\/\/fernandezadvocats.es\/es\/violencia-economica-control-dinero-maltrato\/","url":"https:\/\/fernandezadvocats.es\/es\/violencia-economica-control-dinero-maltrato\/","name":"Violencia econ\u00f3mica: definici\u00f3n legal y protecci\u00f3n jur\u00eddica","isPartOf":{"@id":"https:\/\/fernandezadvocats.es\/#website"},"primaryImageOfPage":{"@id":"https:\/\/fernandezadvocats.es\/es\/violencia-economica-control-dinero-maltrato\/#primaryimage"},"image":{"@id":"https:\/\/fernandezadvocats.es\/es\/violencia-economica-control-dinero-maltrato\/#primaryimage"},"thumbnailUrl":"https:\/\/fernandezadvocats.es\/wp-content\/uploads\/2026\/01\/violencia-economica.jpg","datePublished":"2026-01-13T08:03:42+00:00","dateModified":"2026-01-21T17:32:13+00:00","description":"Qu\u00e9 es la violencia econ\u00f3mica, c\u00f3mo la reconoce la ley y qu\u00e9 derechos y medidas de protecci\u00f3n existen para las v\u00edctimas seg\u00fan la normativa vigente.","breadcrumb":{"@id":"https:\/\/fernandezadvocats.es\/es\/violencia-economica-control-dinero-maltrato\/#breadcrumb"},"inLanguage":"es","potentialAction":[{"@type":"ReadAction","target":["https:\/\/fernandezadvocats.es\/es\/violencia-economica-control-dinero-maltrato\/"]}]},{"@type":"ImageObject","inLanguage":"es","@id":"https:\/\/fernandezadvocats.es\/es\/violencia-economica-control-dinero-maltrato\/#primaryimage","url":"https:\/\/fernandezadvocats.es\/wp-content\/uploads\/2026\/01\/violencia-economica.jpg","contentUrl":"https:\/\/fernandezadvocats.es\/wp-content\/uploads\/2026\/01\/violencia-economica.jpg","width":2033,"height":1356,"caption":"Representaci\u00f3 del control econ\u00f2mic com a forma de viol\u00e8ncia masclista"},{"@type":"BreadcrumbList","@id":"https:\/\/fernandezadvocats.es\/es\/violencia-economica-control-dinero-maltrato\/#breadcrumb","itemListElement":[{"@type":"ListItem","position":1,"name":"Portada","item":"https:\/\/fernandezadvocats.es\/es\/fernandez-advocats-berga\/"},{"@type":"ListItem","position":2,"name":"Violencia econ\u00f3mica: cuando el control del dinero se convierte en maltrato"}]},{"@type":"WebSite","@id":"https:\/\/fernandezadvocats.es\/#website","url":"https:\/\/fernandezadvocats.es\/","name":"Fern\u00e1ndez Advocats","description":"Advocats Berga i Barcelona","publisher":{"@id":"https:\/\/fernandezadvocats.es\/#organization"},"alternateName":"Abogados Berga y Bracelona","potentialAction":[{"@type":"SearchAction","target":{"@type":"EntryPoint","urlTemplate":"https:\/\/fernandezadvocats.es\/?s={search_term_string}"},"query-input":{"@type":"PropertyValueSpecification","valueRequired":true,"valueName":"search_term_string"}}],"inLanguage":"es"},{"@type":"Organization","@id":"https:\/\/fernandezadvocats.es\/#organization","name":"Fern\u00e1ndez Advocats","url":"https:\/\/fernandezadvocats.es\/","logo":{"@type":"ImageObject","inLanguage":"es","@id":"https:\/\/fernandezadvocats.es\/#\/schema\/logo\/image\/","url":"https:\/\/fernandezadvocats.es\/wp-content\/uploads\/2024\/11\/cropped-BF-e1731427554424.png","contentUrl":"https:\/\/fernandezadvocats.es\/wp-content\/uploads\/2024\/11\/cropped-BF-e1731427554424.png","width":512,"height":512,"caption":"Fern\u00e1ndez Advocats"},"image":{"@id":"https:\/\/fernandezadvocats.es\/#\/schema\/logo\/image\/"}},{"@type":"Person","@id":"https:\/\/fernandezadvocats.es\/#\/schema\/person\/8ee482a071b4b039d55e3b5981b20a98","name":"mrclickbarcelona@gmail.com","image":{"@type":"ImageObject","inLanguage":"es","@id":"https:\/\/fernandezadvocats.es\/#\/schema\/person\/image\/","url":"https:\/\/secure.gravatar.com\/avatar\/e16cc9a830d1a221b9e83b040154617903c650598282d145b5b76cdcb02f009e?s=96&d=mm&r=g","contentUrl":"https:\/\/secure.gravatar.com\/avatar\/e16cc9a830d1a221b9e83b040154617903c650598282d145b5b76cdcb02f009e?s=96&d=mm&r=g","caption":"mrclickbarcelona@gmail.com"},"url":"https:\/\/fernandezadvocats.es\/es\/author\/mrclickbarcelonagmail-com\/"}]}},"_links":{"self":[{"href":"https:\/\/fernandezadvocats.es\/es\/wp-json\/wp\/v2\/posts\/253918","targetHints":{"allow":["GET"]}}],"collection":[{"href":"https:\/\/fernandezadvocats.es\/es\/wp-json\/wp\/v2\/posts"}],"about":[{"href":"https:\/\/fernandezadvocats.es\/es\/wp-json\/wp\/v2\/types\/post"}],"author":[{"embeddable":true,"href":"https:\/\/fernandezadvocats.es\/es\/wp-json\/wp\/v2\/users\/19"}],"replies":[{"embeddable":true,"href":"https:\/\/fernandezadvocats.es\/es\/wp-json\/wp\/v2\/comments?post=253918"}],"version-history":[{"count":4,"href":"https:\/\/fernandezadvocats.es\/es\/wp-json\/wp\/v2\/posts\/253918\/revisions"}],"predecessor-version":[{"id":254268,"href":"https:\/\/fernandezadvocats.es\/es\/wp-json\/wp\/v2\/posts\/253918\/revisions\/254268"}],"wp:featuredmedia":[{"embeddable":true,"href":"https:\/\/fernandezadvocats.es\/es\/wp-json\/wp\/v2\/media\/253916"}],"wp:attachment":[{"href":"https:\/\/fernandezadvocats.es\/es\/wp-json\/wp\/v2\/media?parent=253918"}],"wp:term":[{"taxonomy":"category","embeddable":true,"href":"https:\/\/fernandezadvocats.es\/es\/wp-json\/wp\/v2\/categories?post=253918"},{"taxonomy":"post_tag","embeddable":true,"href":"https:\/\/fernandezadvocats.es\/es\/wp-json\/wp\/v2\/tags?post=253918"}],"curies":[{"name":"wp","href":"https:\/\/api.w.org\/{rel}","templated":true}]}}