{"id":254047,"date":"2026-01-15T09:41:47","date_gmt":"2026-01-15T08:41:47","guid":{"rendered":"https:\/\/fernandezadvocats.es\/?p=254047"},"modified":"2026-01-21T18:33:06","modified_gmt":"2026-01-21T17:33:06","slug":"anulacion-sancion-consumo-gimnasio-practica-desleal","status":"publish","type":"post","link":"https:\/\/fernandezadvocats.es\/es\/anulacion-sancion-consumo-gimnasio-practica-desleal\/","title":{"rendered":"Anulada sanci\u00f3n en materia de consumo que impon\u00eda una multa de 240 veces el importe del supuesto beneficio obtenido deslealmente a costa del consumidor"},"content":{"rendered":"<p><span style=\"font-weight: 400;\"><strong><a href=\"https:\/\/fernandezadvocats.es\/wp-content\/uploads\/2026\/01\/EXPERTISE-Anullacio-sancio-gimnas-per-comportament-deslleial-en-materia-de-consum.pdf\">DESCARGAR ART\u00cdCULO COMPLETO EN PDF. <\/a><\/strong><\/span><\/p>\n<p>El Juzgado Contencioso-Administrativo n\u00ba 6 de Barcelona ha dictado Sentencia favorable a los intereses de nuestro cliente, una Empresa explotadora de un gimnasio que recibi\u00f3 una queja de uno de sus abonados en relaci\u00f3n con el sistema de compensaci\u00f3n de servicios por los d\u00edas de clausura del mes de marzo del a\u00f1o 2020, cuando estall\u00f3 la pandemia de la COVID-19 y se declar\u00f3 el Estado de Alarma.<\/p>\n<p><span style=\"font-weight: 400;\">Como consecuencia de las fuertes medidas y restricciones impuestas al inicio de la pandemia, determinadas actividades y sectores comerciales se vieron en la tesitura de tener que encontrar f\u00f3rmulas de compensaci\u00f3n para sus clientes y usuarios. Los gimnasios fueron una de estas actividades que deb\u00edan ofrecer opciones de compensaci\u00f3n por los d\u00edas en que no se pod\u00eda acudir a las instalaciones, con libertad de ofrecimiento y, \u00fanicamente si el usuario no las aceptaba, se establec\u00eda una obligaci\u00f3n (de car\u00e1cter civil) de tener que devolver las cantidades abonadas. La norma excepcional no preve\u00eda ning\u00fan r\u00e9gimen sancionador-administrativo que castigara eventuales incumplimientos derivados del ofrecimiento o no de compensaci\u00f3n.<\/span><\/p>\n<h2><b>Los antecedentes del caso<\/b><\/h2>\n<p><span style=\"font-weight: 400;\">Fruto de esta normativa excepcional y tan cambiante en plena crisis sanitaria, con la actividad paralizada, nuestra cliente proporcion\u00f3 un sistema de compensaci\u00f3n justo y adecuado por los d\u00edas de no disponibilidad de las instalaciones a favor de sus abonados (incluso por precio de venta al p\u00fablico superior a la parte de cuota no disfrutada, y sin caducidad), siendo que solo uno de ellos present\u00f3 reticencias, hasta el punto de promover una queja ante la Agencia Catalana de Consumo (ACC), fruto de un malentendido.<\/span><\/p>\n<p><span style=\"font-weight: 400;\">A ra\u00edz de la queja, la Agencia inco\u00f3 un expediente sancionador, entendiendo que los hechos eran constitutivos de una infracci\u00f3n grave consistente en \u201cRealizar pr\u00e1cticas comerciales desleales por acci\u00f3n o por omisi\u00f3n que provoquen y puedan provocar a la persona consumidora un comportamiento econ\u00f3mico que de otro modo no habr\u00eda tenido\u201d, proponiendo la imposici\u00f3n de una sanci\u00f3n econ\u00f3mica que supon\u00eda, ni m\u00e1s ni menos, que casi 250 veces el importe de la cuota abonada y supuestamente no compensada adecuadamente. A criterio de la ACC, el gimnasio deb\u00eda informar al usuario sobre las opciones de compensaci\u00f3n de los servicios no disfrutados, considerando que al no hacerlo se actuaba deslealmente frente al usuario. No obstante, la norma excepcional, directamente, no impon\u00eda la obligaci\u00f3n de informar sino de compensar, como tampoco preve\u00eda un sistema de sanciones administrativas al respecto.<\/span><\/p>\n<p><span style=\"font-weight: 400;\">Al margen de lo anterior, cabe destacar que concurr\u00eda la circunstancia de que el usuario en cuesti\u00f3n fue debidamente compensado despu\u00e9s de la queja, e incluso renunciaba a cualquier tipo de reclamaci\u00f3n frente a la empresa, extremo que, pese a ser puesto en conocimiento de la ACC, no impidi\u00f3 que se continuara con el procedimiento hasta la imposici\u00f3n de la citada sanci\u00f3n.<\/span><\/p>\n<p><span style=\"font-weight: 400;\">En sede administrativa ya planteamos las serias dudas de legalidad que nos merec\u00eda la sanci\u00f3n, se\u00f1alando toda clase de cuestiones sobre el procedimiento iniciado, tales como que los hechos no pod\u00edan ser reprochados a nivel administrativo-sancionador como infracci\u00f3n por pr\u00e1ctica comercial desleal, la constataci\u00f3n de una actuaci\u00f3n de buena fe de la Empresa y la proactividad en encontrar f\u00f3rmulas de justa compensaci\u00f3n al usuario, la falta de valoraci\u00f3n de las circunstancias del caso en t\u00e9rminos objetivos y la situaci\u00f3n de incertidumbre jur\u00eddica derivada de la propia evoluci\u00f3n de la pandemia, as\u00ed como la flagrante desproporci\u00f3n entre la sanci\u00f3n y el importe en juego, entre otras.<\/span><\/p>\n<p><span style=\"font-weight: 400;\">No obstante, desestimado el recurso de alzada, \u00fanicamente quedaba acudir a la v\u00eda judicial contencioso-administrativa.<\/span><\/p>\n<h2><b>Proceso judicial y Sentencia que anula la sanci\u00f3n<\/b><\/h2>\n<p><span style=\"font-weight: 400;\">Nuestro objetivo en el proceso judicial era poder evidenciar la improcedencia de la acci\u00f3n sancionadora, que entend\u00edamos totalmente extralimitada y con un componente incluso recaudatorio. As\u00ed, y reforzando el argumentario ya trabajado previamente en sede administrativa, tambi\u00e9n planteamos al Juzgado la posibilidad de hacer uso de cuesti\u00f3n prejudicial ante el TJUE, dado que el derecho a interpretar presentaba algunos elementos de inter\u00e9s que podr\u00edan justificar la interpretaci\u00f3n conforme con la normativa europea.<\/span><\/p>\n<p><span style=\"font-weight: 400;\">En el acto de la vista se aport\u00f3 un testimonio de c\u00f3mo se desarrollaron los hechos y las relaciones con el usuario reclamante, m\u00e1xime cuando a d\u00eda de hoy y tanto tiempo despu\u00e9s de los hechos contin\u00faa abonado al gimnasio. Por su parte, la ACC defend\u00eda la correcci\u00f3n del expediente sancionador y la proporcionalidad de la sanci\u00f3n impuesta en atenci\u00f3n a las circunstancias de la Empresa, y aportaba una sentencia judicial previa sobre otro caso con escasas similitudes con el que propiamente nos ocupaba (se confirmaba la sanci\u00f3n impuesta a una compa\u00f1\u00eda a\u00e9rea por pr\u00e1cticas desleales en el sistema de devoluci\u00f3n de importes de los clientes a trav\u00e9s de la web corporativa).<\/span><\/p>\n<p><span style=\"font-weight: 400;\">La Sentencia que ha puesto fin al litigio, y que es totalmente firme, anula definitivamente la sanci\u00f3n impuesta por la ACC considerando, al igual que entend\u00edamos y ven\u00edamos denunciando ya en sede administrativa, que los hechos no forman parte del tipo sancionador que se atribu\u00eda y que no pueden ser castigados en ning\u00fan caso.<\/span><\/p>\n<p><i><span style=\"font-weight: 400;\">El presente art\u00edculo es meramente divulgativo y no supone asesoramiento ni compromiso de actualizaci\u00f3n.<\/span><\/i><i><span style=\"font-weight: 400;\"><br \/>\n<\/span><\/i><i><span style=\"font-weight: 400;\"> Para m\u00e1s informaci\u00f3n, contacte con info@fernandezadvocats.es<\/span><\/i><\/p>\n","protected":false},"excerpt":{"rendered":"<p>DESCARGAR ART\u00cdCULO COMPLETO EN PDF. El Juzgado Contencioso-Administrativo n\u00ba 6 de Barcelona ha dictado Sentencia favorable a los intereses de nuestro cliente, una Empresa explotadora de un gimnasio que recibi\u00f3 una queja de uno de sus abonados en relaci\u00f3n con el sistema de compensaci\u00f3n de servicios por los d\u00edas de clausura del mes de marzo [&hellip;]<\/p>\n","protected":false},"author":19,"featured_media":254045,"comment_status":"closed","ping_status":"closed","sticky":false,"template":"","format":"standard","meta":{"_et_pb_use_builder":"","_et_pb_old_content":"","_et_gb_content_width":"","footnotes":""},"categories":[131,29,35],"tags":[],"class_list":["post-254047","post","type-post","status-publish","format-standard","has-post-thumbnail","hentry","category-derecho-administrativo","category-expertise-fa-es","category-resolucion"],"yoast_head":"<!-- This site is optimized with the Yoast SEO plugin v27.1.1 - https:\/\/yoast.com\/product\/yoast-seo-wordpress\/ -->\n<title>Anulada sanci\u00f3n de consumo a un gimnasio por pr\u00e1ctica desleal<\/title>\n<meta name=\"description\" content=\"Sentencia que anula una sanci\u00f3n de consumo desproporcionada por supuestas pr\u00e1cticas comerciales desleales durante la COVID-19.\" \/>\n<meta name=\"robots\" content=\"index, follow, max-snippet:-1, max-image-preview:large, max-video-preview:-1\" \/>\n<link rel=\"canonical\" href=\"https:\/\/fernandezadvocats.es\/es\/anulacion-sancion-consumo-gimnasio-practica-desleal\/\" \/>\n<meta property=\"og:locale\" content=\"es_ES\" \/>\n<meta property=\"og:type\" content=\"article\" \/>\n<meta property=\"og:title\" content=\"Anulada sanci\u00f3n de consumo a un gimnasio por pr\u00e1ctica desleal\" \/>\n<meta property=\"og:description\" content=\"Sentencia que anula una sanci\u00f3n de consumo desproporcionada por supuestas pr\u00e1cticas comerciales desleales durante la COVID-19.\" \/>\n<meta property=\"og:url\" content=\"https:\/\/fernandezadvocats.es\/es\/anulacion-sancion-consumo-gimnasio-practica-desleal\/\" \/>\n<meta property=\"og:site_name\" content=\"Fern\u00e1ndez Advocats\" \/>\n<meta property=\"article:published_time\" content=\"2026-01-15T08:41:47+00:00\" \/>\n<meta property=\"article:modified_time\" content=\"2026-01-21T17:33:06+00:00\" \/>\n<meta property=\"og:image\" content=\"https:\/\/fernandezadvocats.es\/wp-content\/uploads\/2026\/01\/Anullacio-de-sancio-administrativa-en-materia-de-consum-1-scaled.jpg\" \/>\n\t<meta property=\"og:image:width\" content=\"2560\" \/>\n\t<meta property=\"og:image:height\" content=\"1706\" \/>\n\t<meta property=\"og:image:type\" content=\"image\/jpeg\" \/>\n<meta name=\"author\" content=\"mrclickbarcelona@gmail.com\" \/>\n<meta name=\"twitter:card\" content=\"summary_large_image\" \/>\n<meta name=\"twitter:label1\" content=\"Escrito por\" \/>\n\t<meta name=\"twitter:data1\" content=\"mrclickbarcelona@gmail.com\" \/>\n\t<meta name=\"twitter:label2\" content=\"Tiempo de lectura\" \/>\n\t<meta name=\"twitter:data2\" content=\"5 minutos\" \/>\n<script type=\"application\/ld+json\" class=\"yoast-schema-graph\">{\"@context\":\"https:\/\/schema.org\",\"@graph\":[{\"@type\":\"Article\",\"@id\":\"https:\/\/fernandezadvocats.es\/es\/anulacion-sancion-consumo-gimnasio-practica-desleal\/#article\",\"isPartOf\":{\"@id\":\"https:\/\/fernandezadvocats.es\/es\/anulacion-sancion-consumo-gimnasio-practica-desleal\/\"},\"author\":{\"name\":\"mrclickbarcelona@gmail.com\",\"@id\":\"https:\/\/fernandezadvocats.es\/#\/schema\/person\/8ee482a071b4b039d55e3b5981b20a98\"},\"headline\":\"Anulada sanci\u00f3n en materia de consumo que impon\u00eda una multa de 240 veces el importe del supuesto beneficio obtenido deslealmente a costa del consumidor\",\"datePublished\":\"2026-01-15T08:41:47+00:00\",\"dateModified\":\"2026-01-21T17:33:06+00:00\",\"mainEntityOfPage\":{\"@id\":\"https:\/\/fernandezadvocats.es\/es\/anulacion-sancion-consumo-gimnasio-practica-desleal\/\"},\"wordCount\":968,\"publisher\":{\"@id\":\"https:\/\/fernandezadvocats.es\/#organization\"},\"image\":{\"@id\":\"https:\/\/fernandezadvocats.es\/es\/anulacion-sancion-consumo-gimnasio-practica-desleal\/#primaryimage\"},\"thumbnailUrl\":\"https:\/\/fernandezadvocats.es\/wp-content\/uploads\/2026\/01\/Anullacio-de-sancio-administrativa-en-materia-de-consum-1-scaled.jpg\",\"articleSection\":[\"Derecho Administrativo\",\"Expertise FA\",\"Resoluci\u00f3n\"],\"inLanguage\":\"es\"},{\"@type\":\"WebPage\",\"@id\":\"https:\/\/fernandezadvocats.es\/es\/anulacion-sancion-consumo-gimnasio-practica-desleal\/\",\"url\":\"https:\/\/fernandezadvocats.es\/es\/anulacion-sancion-consumo-gimnasio-practica-desleal\/\",\"name\":\"Anulada sanci\u00f3n de consumo a un gimnasio por pr\u00e1ctica desleal\",\"isPartOf\":{\"@id\":\"https:\/\/fernandezadvocats.es\/#website\"},\"primaryImageOfPage\":{\"@id\":\"https:\/\/fernandezadvocats.es\/es\/anulacion-sancion-consumo-gimnasio-practica-desleal\/#primaryimage\"},\"image\":{\"@id\":\"https:\/\/fernandezadvocats.es\/es\/anulacion-sancion-consumo-gimnasio-practica-desleal\/#primaryimage\"},\"thumbnailUrl\":\"https:\/\/fernandezadvocats.es\/wp-content\/uploads\/2026\/01\/Anullacio-de-sancio-administrativa-en-materia-de-consum-1-scaled.jpg\",\"datePublished\":\"2026-01-15T08:41:47+00:00\",\"dateModified\":\"2026-01-21T17:33:06+00:00\",\"description\":\"Sentencia que anula una sanci\u00f3n de consumo desproporcionada por supuestas pr\u00e1cticas comerciales desleales durante la COVID-19.\",\"breadcrumb\":{\"@id\":\"https:\/\/fernandezadvocats.es\/es\/anulacion-sancion-consumo-gimnasio-practica-desleal\/#breadcrumb\"},\"inLanguage\":\"es\",\"potentialAction\":[{\"@type\":\"ReadAction\",\"target\":[\"https:\/\/fernandezadvocats.es\/es\/anulacion-sancion-consumo-gimnasio-practica-desleal\/\"]}]},{\"@type\":\"ImageObject\",\"inLanguage\":\"es\",\"@id\":\"https:\/\/fernandezadvocats.es\/es\/anulacion-sancion-consumo-gimnasio-practica-desleal\/#primaryimage\",\"url\":\"https:\/\/fernandezadvocats.es\/wp-content\/uploads\/2026\/01\/Anullacio-de-sancio-administrativa-en-materia-de-consum-1-scaled.jpg\",\"contentUrl\":\"https:\/\/fernandezadvocats.es\/wp-content\/uploads\/2026\/01\/Anullacio-de-sancio-administrativa-en-materia-de-consum-1-scaled.jpg\",\"width\":2560,\"height\":1706,\"caption\":\"Sent\u00e8ncia que anul\u00b7la una sanci\u00f3 de l\u2019Ag\u00e8ncia Catalana de Consum\"},{\"@type\":\"BreadcrumbList\",\"@id\":\"https:\/\/fernandezadvocats.es\/es\/anulacion-sancion-consumo-gimnasio-practica-desleal\/#breadcrumb\",\"itemListElement\":[{\"@type\":\"ListItem\",\"position\":1,\"name\":\"Portada\",\"item\":\"https:\/\/fernandezadvocats.es\/es\/fernandez-advocats-berga\/\"},{\"@type\":\"ListItem\",\"position\":2,\"name\":\"Anulada sanci\u00f3n en materia de consumo que impon\u00eda una multa de 240 veces el importe del supuesto beneficio obtenido deslealmente a costa del consumidor\"}]},{\"@type\":\"WebSite\",\"@id\":\"https:\/\/fernandezadvocats.es\/#website\",\"url\":\"https:\/\/fernandezadvocats.es\/\",\"name\":\"Fern\u00e1ndez Advocats\",\"description\":\"Advocats Berga i Barcelona\",\"publisher\":{\"@id\":\"https:\/\/fernandezadvocats.es\/#organization\"},\"alternateName\":\"Abogados Berga y Bracelona\",\"potentialAction\":[{\"@type\":\"SearchAction\",\"target\":{\"@type\":\"EntryPoint\",\"urlTemplate\":\"https:\/\/fernandezadvocats.es\/?s={search_term_string}\"},\"query-input\":{\"@type\":\"PropertyValueSpecification\",\"valueRequired\":true,\"valueName\":\"search_term_string\"}}],\"inLanguage\":\"es\"},{\"@type\":\"Organization\",\"@id\":\"https:\/\/fernandezadvocats.es\/#organization\",\"name\":\"Fern\u00e1ndez Advocats\",\"url\":\"https:\/\/fernandezadvocats.es\/\",\"logo\":{\"@type\":\"ImageObject\",\"inLanguage\":\"es\",\"@id\":\"https:\/\/fernandezadvocats.es\/#\/schema\/logo\/image\/\",\"url\":\"https:\/\/fernandezadvocats.es\/wp-content\/uploads\/2024\/11\/cropped-BF-e1731427554424.png\",\"contentUrl\":\"https:\/\/fernandezadvocats.es\/wp-content\/uploads\/2024\/11\/cropped-BF-e1731427554424.png\",\"width\":512,\"height\":512,\"caption\":\"Fern\u00e1ndez Advocats\"},\"image\":{\"@id\":\"https:\/\/fernandezadvocats.es\/#\/schema\/logo\/image\/\"}},{\"@type\":\"Person\",\"@id\":\"https:\/\/fernandezadvocats.es\/#\/schema\/person\/8ee482a071b4b039d55e3b5981b20a98\",\"name\":\"mrclickbarcelona@gmail.com\",\"image\":{\"@type\":\"ImageObject\",\"inLanguage\":\"es\",\"@id\":\"https:\/\/fernandezadvocats.es\/#\/schema\/person\/image\/\",\"url\":\"https:\/\/secure.gravatar.com\/avatar\/e16cc9a830d1a221b9e83b040154617903c650598282d145b5b76cdcb02f009e?s=96&d=mm&r=g\",\"contentUrl\":\"https:\/\/secure.gravatar.com\/avatar\/e16cc9a830d1a221b9e83b040154617903c650598282d145b5b76cdcb02f009e?s=96&d=mm&r=g\",\"caption\":\"mrclickbarcelona@gmail.com\"},\"url\":\"https:\/\/fernandezadvocats.es\/es\/author\/mrclickbarcelonagmail-com\/\"}]}<\/script>\n<!-- \/ Yoast SEO plugin. -->","yoast_head_json":{"title":"Anulada sanci\u00f3n de consumo a un gimnasio por pr\u00e1ctica desleal","description":"Sentencia que anula una sanci\u00f3n de consumo desproporcionada por supuestas pr\u00e1cticas comerciales desleales durante la COVID-19.","robots":{"index":"index","follow":"follow","max-snippet":"max-snippet:-1","max-image-preview":"max-image-preview:large","max-video-preview":"max-video-preview:-1"},"canonical":"https:\/\/fernandezadvocats.es\/es\/anulacion-sancion-consumo-gimnasio-practica-desleal\/","og_locale":"es_ES","og_type":"article","og_title":"Anulada sanci\u00f3n de consumo a un gimnasio por pr\u00e1ctica desleal","og_description":"Sentencia que anula una sanci\u00f3n de consumo desproporcionada por supuestas pr\u00e1cticas comerciales desleales durante la COVID-19.","og_url":"https:\/\/fernandezadvocats.es\/es\/anulacion-sancion-consumo-gimnasio-practica-desleal\/","og_site_name":"Fern\u00e1ndez Advocats","article_published_time":"2026-01-15T08:41:47+00:00","article_modified_time":"2026-01-21T17:33:06+00:00","og_image":[{"width":2560,"height":1706,"url":"https:\/\/fernandezadvocats.es\/wp-content\/uploads\/2026\/01\/Anullacio-de-sancio-administrativa-en-materia-de-consum-1-scaled.jpg","type":"image\/jpeg"}],"author":"mrclickbarcelona@gmail.com","twitter_card":"summary_large_image","twitter_misc":{"Escrito por":"mrclickbarcelona@gmail.com","Tiempo de lectura":"5 minutos"},"schema":{"@context":"https:\/\/schema.org","@graph":[{"@type":"Article","@id":"https:\/\/fernandezadvocats.es\/es\/anulacion-sancion-consumo-gimnasio-practica-desleal\/#article","isPartOf":{"@id":"https:\/\/fernandezadvocats.es\/es\/anulacion-sancion-consumo-gimnasio-practica-desleal\/"},"author":{"name":"mrclickbarcelona@gmail.com","@id":"https:\/\/fernandezadvocats.es\/#\/schema\/person\/8ee482a071b4b039d55e3b5981b20a98"},"headline":"Anulada sanci\u00f3n en materia de consumo que impon\u00eda una multa de 240 veces el importe del supuesto beneficio obtenido deslealmente a costa del consumidor","datePublished":"2026-01-15T08:41:47+00:00","dateModified":"2026-01-21T17:33:06+00:00","mainEntityOfPage":{"@id":"https:\/\/fernandezadvocats.es\/es\/anulacion-sancion-consumo-gimnasio-practica-desleal\/"},"wordCount":968,"publisher":{"@id":"https:\/\/fernandezadvocats.es\/#organization"},"image":{"@id":"https:\/\/fernandezadvocats.es\/es\/anulacion-sancion-consumo-gimnasio-practica-desleal\/#primaryimage"},"thumbnailUrl":"https:\/\/fernandezadvocats.es\/wp-content\/uploads\/2026\/01\/Anullacio-de-sancio-administrativa-en-materia-de-consum-1-scaled.jpg","articleSection":["Derecho Administrativo","Expertise FA","Resoluci\u00f3n"],"inLanguage":"es"},{"@type":"WebPage","@id":"https:\/\/fernandezadvocats.es\/es\/anulacion-sancion-consumo-gimnasio-practica-desleal\/","url":"https:\/\/fernandezadvocats.es\/es\/anulacion-sancion-consumo-gimnasio-practica-desleal\/","name":"Anulada sanci\u00f3n de consumo a un gimnasio por pr\u00e1ctica desleal","isPartOf":{"@id":"https:\/\/fernandezadvocats.es\/#website"},"primaryImageOfPage":{"@id":"https:\/\/fernandezadvocats.es\/es\/anulacion-sancion-consumo-gimnasio-practica-desleal\/#primaryimage"},"image":{"@id":"https:\/\/fernandezadvocats.es\/es\/anulacion-sancion-consumo-gimnasio-practica-desleal\/#primaryimage"},"thumbnailUrl":"https:\/\/fernandezadvocats.es\/wp-content\/uploads\/2026\/01\/Anullacio-de-sancio-administrativa-en-materia-de-consum-1-scaled.jpg","datePublished":"2026-01-15T08:41:47+00:00","dateModified":"2026-01-21T17:33:06+00:00","description":"Sentencia que anula una sanci\u00f3n de consumo desproporcionada por supuestas pr\u00e1cticas comerciales desleales durante la COVID-19.","breadcrumb":{"@id":"https:\/\/fernandezadvocats.es\/es\/anulacion-sancion-consumo-gimnasio-practica-desleal\/#breadcrumb"},"inLanguage":"es","potentialAction":[{"@type":"ReadAction","target":["https:\/\/fernandezadvocats.es\/es\/anulacion-sancion-consumo-gimnasio-practica-desleal\/"]}]},{"@type":"ImageObject","inLanguage":"es","@id":"https:\/\/fernandezadvocats.es\/es\/anulacion-sancion-consumo-gimnasio-practica-desleal\/#primaryimage","url":"https:\/\/fernandezadvocats.es\/wp-content\/uploads\/2026\/01\/Anullacio-de-sancio-administrativa-en-materia-de-consum-1-scaled.jpg","contentUrl":"https:\/\/fernandezadvocats.es\/wp-content\/uploads\/2026\/01\/Anullacio-de-sancio-administrativa-en-materia-de-consum-1-scaled.jpg","width":2560,"height":1706,"caption":"Sent\u00e8ncia que anul\u00b7la una sanci\u00f3 de l\u2019Ag\u00e8ncia Catalana de Consum"},{"@type":"BreadcrumbList","@id":"https:\/\/fernandezadvocats.es\/es\/anulacion-sancion-consumo-gimnasio-practica-desleal\/#breadcrumb","itemListElement":[{"@type":"ListItem","position":1,"name":"Portada","item":"https:\/\/fernandezadvocats.es\/es\/fernandez-advocats-berga\/"},{"@type":"ListItem","position":2,"name":"Anulada sanci\u00f3n en materia de consumo que impon\u00eda una multa de 240 veces el importe del supuesto beneficio obtenido deslealmente a costa del consumidor"}]},{"@type":"WebSite","@id":"https:\/\/fernandezadvocats.es\/#website","url":"https:\/\/fernandezadvocats.es\/","name":"Fern\u00e1ndez Advocats","description":"Advocats Berga i Barcelona","publisher":{"@id":"https:\/\/fernandezadvocats.es\/#organization"},"alternateName":"Abogados Berga y Bracelona","potentialAction":[{"@type":"SearchAction","target":{"@type":"EntryPoint","urlTemplate":"https:\/\/fernandezadvocats.es\/?s={search_term_string}"},"query-input":{"@type":"PropertyValueSpecification","valueRequired":true,"valueName":"search_term_string"}}],"inLanguage":"es"},{"@type":"Organization","@id":"https:\/\/fernandezadvocats.es\/#organization","name":"Fern\u00e1ndez Advocats","url":"https:\/\/fernandezadvocats.es\/","logo":{"@type":"ImageObject","inLanguage":"es","@id":"https:\/\/fernandezadvocats.es\/#\/schema\/logo\/image\/","url":"https:\/\/fernandezadvocats.es\/wp-content\/uploads\/2024\/11\/cropped-BF-e1731427554424.png","contentUrl":"https:\/\/fernandezadvocats.es\/wp-content\/uploads\/2024\/11\/cropped-BF-e1731427554424.png","width":512,"height":512,"caption":"Fern\u00e1ndez Advocats"},"image":{"@id":"https:\/\/fernandezadvocats.es\/#\/schema\/logo\/image\/"}},{"@type":"Person","@id":"https:\/\/fernandezadvocats.es\/#\/schema\/person\/8ee482a071b4b039d55e3b5981b20a98","name":"mrclickbarcelona@gmail.com","image":{"@type":"ImageObject","inLanguage":"es","@id":"https:\/\/fernandezadvocats.es\/#\/schema\/person\/image\/","url":"https:\/\/secure.gravatar.com\/avatar\/e16cc9a830d1a221b9e83b040154617903c650598282d145b5b76cdcb02f009e?s=96&d=mm&r=g","contentUrl":"https:\/\/secure.gravatar.com\/avatar\/e16cc9a830d1a221b9e83b040154617903c650598282d145b5b76cdcb02f009e?s=96&d=mm&r=g","caption":"mrclickbarcelona@gmail.com"},"url":"https:\/\/fernandezadvocats.es\/es\/author\/mrclickbarcelonagmail-com\/"}]}},"_links":{"self":[{"href":"https:\/\/fernandezadvocats.es\/es\/wp-json\/wp\/v2\/posts\/254047","targetHints":{"allow":["GET"]}}],"collection":[{"href":"https:\/\/fernandezadvocats.es\/es\/wp-json\/wp\/v2\/posts"}],"about":[{"href":"https:\/\/fernandezadvocats.es\/es\/wp-json\/wp\/v2\/types\/post"}],"author":[{"embeddable":true,"href":"https:\/\/fernandezadvocats.es\/es\/wp-json\/wp\/v2\/users\/19"}],"replies":[{"embeddable":true,"href":"https:\/\/fernandezadvocats.es\/es\/wp-json\/wp\/v2\/comments?post=254047"}],"version-history":[{"count":2,"href":"https:\/\/fernandezadvocats.es\/es\/wp-json\/wp\/v2\/posts\/254047\/revisions"}],"predecessor-version":[{"id":254269,"href":"https:\/\/fernandezadvocats.es\/es\/wp-json\/wp\/v2\/posts\/254047\/revisions\/254269"}],"wp:featuredmedia":[{"embeddable":true,"href":"https:\/\/fernandezadvocats.es\/es\/wp-json\/wp\/v2\/media\/254045"}],"wp:attachment":[{"href":"https:\/\/fernandezadvocats.es\/es\/wp-json\/wp\/v2\/media?parent=254047"}],"wp:term":[{"taxonomy":"category","embeddable":true,"href":"https:\/\/fernandezadvocats.es\/es\/wp-json\/wp\/v2\/categories?post=254047"},{"taxonomy":"post_tag","embeddable":true,"href":"https:\/\/fernandezadvocats.es\/es\/wp-json\/wp\/v2\/tags?post=254047"}],"curies":[{"name":"wp","href":"https:\/\/api.w.org\/{rel}","templated":true}]}}