{"id":254279,"date":"2026-01-27T10:36:22","date_gmt":"2026-01-27T09:36:22","guid":{"rendered":"https:\/\/fernandezadvocats.es\/?p=254279"},"modified":"2026-01-27T17:23:16","modified_gmt":"2026-01-27T16:23:16","slug":"motivacion-contratacion-publica-nulidad","status":"publish","type":"post","link":"https:\/\/fernandezadvocats.es\/es\/motivacion-contratacion-publica-nulidad\/","title":{"rendered":"La motivaci\u00f3n en la Contrataci\u00f3n P\u00fablica: una garant\u00eda fundamental"},"content":{"rendered":"<p><strong><a href=\"https:\/\/fernandezadvocats.es\/wp-content\/uploads\/2026\/01\/Motivacio-a-la-contractacio-publica.pdf\">DESCARGAR ART\u00cdCULO COMPLETO EN PDF. <\/a><\/strong><\/p>\n<p><span style=\"font-weight: 400;\">En el complejo mundo de la contrataci\u00f3n p\u00fablica, donde los principios de transparencia, igualdad de trato y libre concurrencia son pilares fundamentales, la motivaci\u00f3n de las decisiones de la Administraci\u00f3n no es un simple formalismo, sino la l\u00ednea que separa la discrecionalidad t\u00e9cnica de la arbitrariedad. Una reciente resoluci\u00f3n del Tribunal Catal\u00e1n de Contratos del Sector P\u00fablico (TCCSP) nos recuerda, con contundencia, las posibles graves consecuencias de no justificar adecuadamente la valoraci\u00f3n de las ofertas: la nulidad de todo el procedimiento de licitaci\u00f3n.<\/span><\/p>\n<h2><b>El caso: falta de justificaci\u00f3n en la valoraci\u00f3n de ofertas<\/b><\/h2>\n<p><span style=\"font-weight: 400;\">Con el fin de explicar la instituci\u00f3n, analizaremos una reciente e interesante Resoluci\u00f3n TCCSP n\u00ba 484\/2025. El caso analizado por el Tribunal Catal\u00e1n nace de un recurso especial interpuesto por la empresa AS SLU contra la adjudicaci\u00f3n del servicio de atenci\u00f3n domiciliaria del Ayuntamiento de Sitges. La recurrente impugnaba principalmente la puntuaci\u00f3n obtenida en un criterio sujeto a juicio de valor: la aportaci\u00f3n de un plan de actuaci\u00f3n para la administraci\u00f3n y control de la medicaci\u00f3n.<\/span><\/p>\n<p><span style=\"font-weight: 400;\">El informe t\u00e9cnico del \u00f3rgano de contrataci\u00f3n se limitaba a enumerar las caracter\u00edsticas de las ofertas presentadas (por ejemplo, \u201cpresentan proyecto piloto\u201d, \u201cincluye novedades tecnol\u00f3gicas\u201d), sin explicar por qu\u00e9 unas propuestas eran consideradas superiores a otras ni qu\u00e9 elementos concretos hab\u00edan llevado a asignar una puntuaci\u00f3n determinada.<\/span><\/p>\n<h2><b>La doctrina del Tribunal: la motivaci\u00f3n como umbral de la arbitrariedad<\/b><\/h2>\n<p><span style=\"font-weight: 400;\">El TCCSP acoge el motivo del recurso, reiterando su doctrina pac\u00edfica sobre la necesidad de una motivaci\u00f3n suficiente en los informes de valoraci\u00f3n. El Tribunal subraya que, si bien el \u00f3rgano de contrataci\u00f3n goza de discrecionalidad t\u00e9cnica, esta no es absoluta. La motivaci\u00f3n debe permitir dos cosas:<\/span><\/p>\n<ol>\n<li style=\"font-weight: 400;\" aria-level=\"1\"><b>A los licitadores:<\/b><span style=\"font-weight: 400;\"> conocer las razones concretas por las cuales su oferta ha recibido una determinada puntuaci\u00f3n, garantizando as\u00ed su derecho a una buena administraci\u00f3n y su derecho de defensa.<\/span><\/li>\n<li style=\"font-weight: 400;\" aria-level=\"1\"><b>Al Tribunal Administrativo en materia de contrataci\u00f3n:<\/b><span style=\"font-weight: 400;\"> poder ejercer su funci\u00f3n revisora sobre la legalidad de la actuaci\u00f3n administrativa con ocasi\u00f3n del recurso especial.<\/span><\/li>\n<\/ol>\n<p><span style=\"font-weight: 400;\">Como afirma la resoluci\u00f3n, \u201cel umbral que separa la discrecionalidad t\u00e9cnica en la valoraci\u00f3n de las ofertas de la arbitrariedad radica en la motivaci\u00f3n de las valoraciones\u201d. Un informe que solo describe, pero no compara ni justifica, impide conocer el razonamiento del \u00f3rgano evaluador y, por tanto, resulta insuficiente.<\/span><\/p>\n<p><span style=\"font-weight: 400;\">Cabe se\u00f1alar que, en materia de motivaci\u00f3n de la valoraci\u00f3n de ofertas, los informes t\u00e9cnicos tienen un peso preeminente (entre otras, Resoluci\u00f3n TCCSP n\u00ba 345\/2025 o n\u00ba 252\/2024), ya que eval\u00faan las ofertas conforme a los criterios establecidos, compar\u00e1ndolas, ponder\u00e1ndolas y asignando la puntuaci\u00f3n prevista en los pliegos. No resulta esencial que el informe sea exhaustivo, pero necesariamente debe ser racional y suficiente (vid. STS, Sala Tercera, de 13 de enero de 2000), quedando asimismo vedado que esta motivaci\u00f3n se enriquezca o aparezca en fase de recurso (vid. Resoluci\u00f3n TCCSP n\u00ba 30\/2024).<\/span><\/p>\n<h2><b>La consecuencia m\u00e1s dr\u00e1stica: nulidad de todo el procedimiento<\/b><\/h2>\n<p><span style=\"font-weight: 400;\">Ante la falta de motivaci\u00f3n, el Tribunal no ordena una simple retroacci\u00f3n de actuaciones para volver a valorar el criterio subjetivo. Ello se debe a que, en ese momento del procedimiento, ya se hab\u00edan abierto los sobres con las ofertas evaluables mediante f\u00f3rmulas, incluidas las propuestas econ\u00f3micas. Realizar una nueva valoraci\u00f3n subjetiva con conocimiento de las ofertas econ\u00f3micas compromete irremediablemente la imparcialidad y vulnera el secreto de las proposiciones, principios rectores de la contrataci\u00f3n p\u00fablica recogidos en la Ley 9\/2017, de Contratos del Sector P\u00fablico.<\/span><\/p>\n<p><span style=\"font-weight: 400;\">Por tanto, la \u00fanica soluci\u00f3n posible es la anulaci\u00f3n de todo el procedimiento de licitaci\u00f3n.<\/span><\/p>\n<h2><b>Un segundo error: la ambig\u00fcedad de los pliegos<\/b><\/h2>\n<p><span style=\"font-weight: 400;\">La resoluci\u00f3n tambi\u00e9n analiza la incorrecta valoraci\u00f3n de un criterio autom\u00e1tico relativo a sesiones de fisioterapia. El Tribunal constata que la redacci\u00f3n del pliego y del modelo de proposici\u00f3n era ambigua, lo que provoc\u00f3 ofertas no comparables. El intento de la mesa de contrataci\u00f3n de interpretar la intenci\u00f3n de cada empresa a posteriori fue considerado contrario a los principios de igualdad y transparencia.<\/span><\/p>\n<h2><b>Utilidades para licitadores y poderes p\u00fablicos adjudicadores<\/b><\/h2>\n<p><span style=\"font-weight: 400;\">De esta resoluci\u00f3n se derivan conclusiones fundamentales, y por partida doble:<\/span><\/p>\n<h3><b>Para los \u00f3rganos de contrataci\u00f3n:<\/b><\/h3>\n<p><b>Contar con una motivaci\u00f3n exhaustiva:<\/b><b><br \/>\n<\/b><span style=\"font-weight: 400;\"> Los informes t\u00e9cnicos deben ir m\u00e1s all\u00e1 de la simple descripci\u00f3n. Deben contener un an\u00e1lisis comparativo que explique claramente por qu\u00e9 una oferta es superior a otra en cada criterio sujeto a juicio de valor.<\/span><\/p>\n<p><b>Claridad en los pliegos:<\/b><b><br \/>\n<\/b><span style=\"font-weight: 400;\"> Los pliegos deben ser redactados con la m\u00e1xima precisi\u00f3n para evitar ambig\u00fcedades. Cualquier aclaraci\u00f3n durante la licitaci\u00f3n debe formalizarse mediante una enmienda para garantizar que todos los operadores econ\u00f3micos trabajan sobre la misma base.<\/span><\/p>\n<p><b>Rigor procedimental:<\/b><b><br \/>\n<\/b><span style=\"font-weight: 400;\"> El orden de apertura y valoraci\u00f3n de los sobres es sagrado. Un error en la fase de valoraci\u00f3n subjetiva puede tener consecuencias fatales para toda la licitaci\u00f3n si se descubre tarde.<\/span><\/p>\n<h3><b>Para los licitadores<\/b><\/h3>\n<p><b>El derecho a una decisi\u00f3n motivada:<\/b><b><br \/>\n<\/b><span style=\"font-weight: 400;\"> Esta resoluci\u00f3n refuerza el derecho de las empresas a exigir una explicaci\u00f3n detallada de la puntuaci\u00f3n obtenida.<\/span><\/p>\n<p><b>V\u00edas de recurso efectivas:<\/b><b><br \/>\n<\/b><span style=\"font-weight: 400;\"> Demuestra una vez m\u00e1s que impugnar una valoraci\u00f3n insuficientemente motivada es una v\u00eda con altas probabilidades de \u00e9xito.<\/span><\/p>\n<p><b>An\u00e1lisis de los informes:<\/b><b><br \/>\n<\/b><span style=\"font-weight: 400;\"> Resulta crucial analizar en detalle los informes de valoraci\u00f3n publicados para detectar posibles defectos de motivaci\u00f3n que puedan fundamentar un recurso especial.<\/span><\/p>\n<p><span style=\"font-weight: 400;\">En definitiva, la transparencia y la motivaci\u00f3n no son opcionales. Son requisitos indispensables que, si se incumplen, pueden conducir a la consecuencia m\u00e1s dr\u00e1stica y costosa para el inter\u00e9s p\u00fablico: la nulidad total del procedimiento de contrataci\u00f3n.<\/span><\/p>\n<p><i><span style=\"font-weight: 400;\">El presente art\u00edculo es meramente divulgativo y no supone asesoramiento ni compromiso de actualizaci\u00f3n.<\/span><\/i><i><span style=\"font-weight: 400;\"><br \/>\n<\/span><\/i><i><span style=\"font-weight: 400;\">Para m\u00e1s informaci\u00f3n, contacte con<a href=\"mailto:info@fernandezadvocats.es\"> info@fernandezadvocats.es<\/a><\/span><\/i><\/p>\n","protected":false},"excerpt":{"rendered":"<p>DESCARGAR ART\u00cdCULO COMPLETO EN PDF. En el complejo mundo de la contrataci\u00f3n p\u00fablica, donde los principios de transparencia, igualdad de trato y libre concurrencia son pilares fundamentales, la motivaci\u00f3n de las decisiones de la Administraci\u00f3n no es un simple formalismo, sino la l\u00ednea que separa la discrecionalidad t\u00e9cnica de la arbitrariedad. Una reciente resoluci\u00f3n del [&hellip;]<\/p>\n","protected":false},"author":19,"featured_media":254278,"comment_status":"closed","ping_status":"closed","sticky":false,"template":"","format":"standard","meta":{"_et_pb_use_builder":"","_et_pb_old_content":"","_et_gb_content_width":"","footnotes":""},"categories":[28,130,127],"tags":[],"class_list":["post-254279","post","type-post","status-publish","format-standard","has-post-thumbnail","hentry","category-articulos-fa","category-contratacion-publica","category-derecho-funcion-publica"],"yoast_head":"<!-- This site is optimized with the Yoast SEO plugin v27.1.1 - https:\/\/yoast.com\/product\/yoast-seo-wordpress\/ -->\n<title>Motivaci\u00f3n en la contrataci\u00f3n p\u00fablica y nulidad del procedimiento<\/title>\n<meta name=\"description\" content=\"La falta de motivaci\u00f3n en la valoraci\u00f3n de ofertas puede provocar la nulidad de la licitaci\u00f3n. An\u00e1lisis de la doctrina del TCCSP y sus consecuencias.\" \/>\n<meta name=\"robots\" content=\"index, follow, max-snippet:-1, max-image-preview:large, max-video-preview:-1\" \/>\n<link rel=\"canonical\" href=\"https:\/\/fernandezadvocats.es\/es\/motivacion-contratacion-publica-nulidad\/\" \/>\n<meta property=\"og:locale\" content=\"es_ES\" \/>\n<meta property=\"og:type\" content=\"article\" \/>\n<meta property=\"og:title\" content=\"Motivaci\u00f3n en la contrataci\u00f3n p\u00fablica y nulidad del procedimiento\" \/>\n<meta property=\"og:description\" content=\"La falta de motivaci\u00f3n en la valoraci\u00f3n de ofertas puede provocar la nulidad de la licitaci\u00f3n. An\u00e1lisis de la doctrina del TCCSP y sus consecuencias.\" \/>\n<meta property=\"og:url\" content=\"https:\/\/fernandezadvocats.es\/es\/motivacion-contratacion-publica-nulidad\/\" \/>\n<meta property=\"og:site_name\" content=\"Fern\u00e1ndez Advocats\" \/>\n<meta property=\"article:published_time\" content=\"2026-01-27T09:36:22+00:00\" \/>\n<meta property=\"article:modified_time\" content=\"2026-01-27T16:23:16+00:00\" \/>\n<meta property=\"og:image\" content=\"https:\/\/fernandezadvocats.es\/wp-content\/uploads\/2026\/01\/motivacio-contractacio-publica.jpg\" \/>\n\t<meta property=\"og:image:width\" content=\"1349\" \/>\n\t<meta property=\"og:image:height\" content=\"711\" \/>\n\t<meta property=\"og:image:type\" content=\"image\/jpeg\" \/>\n<meta name=\"author\" content=\"mrclickbarcelona@gmail.com\" \/>\n<meta name=\"twitter:card\" content=\"summary_large_image\" \/>\n<meta name=\"twitter:label1\" content=\"Escrito por\" \/>\n\t<meta name=\"twitter:data1\" content=\"mrclickbarcelona@gmail.com\" \/>\n\t<meta name=\"twitter:label2\" content=\"Tiempo de lectura\" \/>\n\t<meta name=\"twitter:data2\" content=\"6 minutos\" \/>\n<script type=\"application\/ld+json\" class=\"yoast-schema-graph\">{\"@context\":\"https:\/\/schema.org\",\"@graph\":[{\"@type\":\"Article\",\"@id\":\"https:\/\/fernandezadvocats.es\/es\/motivacion-contratacion-publica-nulidad\/#article\",\"isPartOf\":{\"@id\":\"https:\/\/fernandezadvocats.es\/es\/motivacion-contratacion-publica-nulidad\/\"},\"author\":{\"name\":\"mrclickbarcelona@gmail.com\",\"@id\":\"https:\/\/fernandezadvocats.es\/#\/schema\/person\/8ee482a071b4b039d55e3b5981b20a98\"},\"headline\":\"La motivaci\u00f3n en la Contrataci\u00f3n P\u00fablica: una garant\u00eda fundamental\",\"datePublished\":\"2026-01-27T09:36:22+00:00\",\"dateModified\":\"2026-01-27T16:23:16+00:00\",\"mainEntityOfPage\":{\"@id\":\"https:\/\/fernandezadvocats.es\/es\/motivacion-contratacion-publica-nulidad\/\"},\"wordCount\":1047,\"publisher\":{\"@id\":\"https:\/\/fernandezadvocats.es\/#organization\"},\"image\":{\"@id\":\"https:\/\/fernandezadvocats.es\/es\/motivacion-contratacion-publica-nulidad\/#primaryimage\"},\"thumbnailUrl\":\"https:\/\/fernandezadvocats.es\/wp-content\/uploads\/2026\/01\/motivacio-contractacio-publica.jpg\",\"articleSection\":[\"Art\u00edculos FA\",\"Contrataci\u00f3n P\u00fablica\",\"Derecho Funci\u00f3n P\u00fablica\"],\"inLanguage\":\"es\"},{\"@type\":\"WebPage\",\"@id\":\"https:\/\/fernandezadvocats.es\/es\/motivacion-contratacion-publica-nulidad\/\",\"url\":\"https:\/\/fernandezadvocats.es\/es\/motivacion-contratacion-publica-nulidad\/\",\"name\":\"Motivaci\u00f3n en la contrataci\u00f3n p\u00fablica y nulidad del procedimiento\",\"isPartOf\":{\"@id\":\"https:\/\/fernandezadvocats.es\/#website\"},\"primaryImageOfPage\":{\"@id\":\"https:\/\/fernandezadvocats.es\/es\/motivacion-contratacion-publica-nulidad\/#primaryimage\"},\"image\":{\"@id\":\"https:\/\/fernandezadvocats.es\/es\/motivacion-contratacion-publica-nulidad\/#primaryimage\"},\"thumbnailUrl\":\"https:\/\/fernandezadvocats.es\/wp-content\/uploads\/2026\/01\/motivacio-contractacio-publica.jpg\",\"datePublished\":\"2026-01-27T09:36:22+00:00\",\"dateModified\":\"2026-01-27T16:23:16+00:00\",\"description\":\"La falta de motivaci\u00f3n en la valoraci\u00f3n de ofertas puede provocar la nulidad de la licitaci\u00f3n. An\u00e1lisis de la doctrina del TCCSP y sus consecuencias.\",\"breadcrumb\":{\"@id\":\"https:\/\/fernandezadvocats.es\/es\/motivacion-contratacion-publica-nulidad\/#breadcrumb\"},\"inLanguage\":\"es\",\"potentialAction\":[{\"@type\":\"ReadAction\",\"target\":[\"https:\/\/fernandezadvocats.es\/es\/motivacion-contratacion-publica-nulidad\/\"]}]},{\"@type\":\"ImageObject\",\"inLanguage\":\"es\",\"@id\":\"https:\/\/fernandezadvocats.es\/es\/motivacion-contratacion-publica-nulidad\/#primaryimage\",\"url\":\"https:\/\/fernandezadvocats.es\/wp-content\/uploads\/2026\/01\/motivacio-contractacio-publica.jpg\",\"contentUrl\":\"https:\/\/fernandezadvocats.es\/wp-content\/uploads\/2026\/01\/motivacio-contractacio-publica.jpg\",\"width\":1349,\"height\":711,\"caption\":\"Motivaci\u00f3 de les decisions administratives en contractaci\u00f3 p\u00fablica\"},{\"@type\":\"BreadcrumbList\",\"@id\":\"https:\/\/fernandezadvocats.es\/es\/motivacion-contratacion-publica-nulidad\/#breadcrumb\",\"itemListElement\":[{\"@type\":\"ListItem\",\"position\":1,\"name\":\"Portada\",\"item\":\"https:\/\/fernandezadvocats.es\/es\/fernandez-advocats-berga\/\"},{\"@type\":\"ListItem\",\"position\":2,\"name\":\"La motivaci\u00f3n en la Contrataci\u00f3n P\u00fablica: una garant\u00eda fundamental\"}]},{\"@type\":\"WebSite\",\"@id\":\"https:\/\/fernandezadvocats.es\/#website\",\"url\":\"https:\/\/fernandezadvocats.es\/\",\"name\":\"Fern\u00e1ndez Advocats\",\"description\":\"Advocats Berga i Barcelona\",\"publisher\":{\"@id\":\"https:\/\/fernandezadvocats.es\/#organization\"},\"alternateName\":\"Abogados Berga y Bracelona\",\"potentialAction\":[{\"@type\":\"SearchAction\",\"target\":{\"@type\":\"EntryPoint\",\"urlTemplate\":\"https:\/\/fernandezadvocats.es\/?s={search_term_string}\"},\"query-input\":{\"@type\":\"PropertyValueSpecification\",\"valueRequired\":true,\"valueName\":\"search_term_string\"}}],\"inLanguage\":\"es\"},{\"@type\":\"Organization\",\"@id\":\"https:\/\/fernandezadvocats.es\/#organization\",\"name\":\"Fern\u00e1ndez Advocats\",\"url\":\"https:\/\/fernandezadvocats.es\/\",\"logo\":{\"@type\":\"ImageObject\",\"inLanguage\":\"es\",\"@id\":\"https:\/\/fernandezadvocats.es\/#\/schema\/logo\/image\/\",\"url\":\"https:\/\/fernandezadvocats.es\/wp-content\/uploads\/2024\/11\/cropped-BF-e1731427554424.png\",\"contentUrl\":\"https:\/\/fernandezadvocats.es\/wp-content\/uploads\/2024\/11\/cropped-BF-e1731427554424.png\",\"width\":512,\"height\":512,\"caption\":\"Fern\u00e1ndez Advocats\"},\"image\":{\"@id\":\"https:\/\/fernandezadvocats.es\/#\/schema\/logo\/image\/\"}},{\"@type\":\"Person\",\"@id\":\"https:\/\/fernandezadvocats.es\/#\/schema\/person\/8ee482a071b4b039d55e3b5981b20a98\",\"name\":\"mrclickbarcelona@gmail.com\",\"image\":{\"@type\":\"ImageObject\",\"inLanguage\":\"es\",\"@id\":\"https:\/\/fernandezadvocats.es\/#\/schema\/person\/image\/\",\"url\":\"https:\/\/secure.gravatar.com\/avatar\/e16cc9a830d1a221b9e83b040154617903c650598282d145b5b76cdcb02f009e?s=96&d=mm&r=g\",\"contentUrl\":\"https:\/\/secure.gravatar.com\/avatar\/e16cc9a830d1a221b9e83b040154617903c650598282d145b5b76cdcb02f009e?s=96&d=mm&r=g\",\"caption\":\"mrclickbarcelona@gmail.com\"},\"url\":\"https:\/\/fernandezadvocats.es\/es\/author\/mrclickbarcelonagmail-com\/\"}]}<\/script>\n<!-- \/ Yoast SEO plugin. -->","yoast_head_json":{"title":"Motivaci\u00f3n en la contrataci\u00f3n p\u00fablica y nulidad del procedimiento","description":"La falta de motivaci\u00f3n en la valoraci\u00f3n de ofertas puede provocar la nulidad de la licitaci\u00f3n. An\u00e1lisis de la doctrina del TCCSP y sus consecuencias.","robots":{"index":"index","follow":"follow","max-snippet":"max-snippet:-1","max-image-preview":"max-image-preview:large","max-video-preview":"max-video-preview:-1"},"canonical":"https:\/\/fernandezadvocats.es\/es\/motivacion-contratacion-publica-nulidad\/","og_locale":"es_ES","og_type":"article","og_title":"Motivaci\u00f3n en la contrataci\u00f3n p\u00fablica y nulidad del procedimiento","og_description":"La falta de motivaci\u00f3n en la valoraci\u00f3n de ofertas puede provocar la nulidad de la licitaci\u00f3n. An\u00e1lisis de la doctrina del TCCSP y sus consecuencias.","og_url":"https:\/\/fernandezadvocats.es\/es\/motivacion-contratacion-publica-nulidad\/","og_site_name":"Fern\u00e1ndez Advocats","article_published_time":"2026-01-27T09:36:22+00:00","article_modified_time":"2026-01-27T16:23:16+00:00","og_image":[{"width":1349,"height":711,"url":"https:\/\/fernandezadvocats.es\/wp-content\/uploads\/2026\/01\/motivacio-contractacio-publica.jpg","type":"image\/jpeg"}],"author":"mrclickbarcelona@gmail.com","twitter_card":"summary_large_image","twitter_misc":{"Escrito por":"mrclickbarcelona@gmail.com","Tiempo de lectura":"6 minutos"},"schema":{"@context":"https:\/\/schema.org","@graph":[{"@type":"Article","@id":"https:\/\/fernandezadvocats.es\/es\/motivacion-contratacion-publica-nulidad\/#article","isPartOf":{"@id":"https:\/\/fernandezadvocats.es\/es\/motivacion-contratacion-publica-nulidad\/"},"author":{"name":"mrclickbarcelona@gmail.com","@id":"https:\/\/fernandezadvocats.es\/#\/schema\/person\/8ee482a071b4b039d55e3b5981b20a98"},"headline":"La motivaci\u00f3n en la Contrataci\u00f3n P\u00fablica: una garant\u00eda fundamental","datePublished":"2026-01-27T09:36:22+00:00","dateModified":"2026-01-27T16:23:16+00:00","mainEntityOfPage":{"@id":"https:\/\/fernandezadvocats.es\/es\/motivacion-contratacion-publica-nulidad\/"},"wordCount":1047,"publisher":{"@id":"https:\/\/fernandezadvocats.es\/#organization"},"image":{"@id":"https:\/\/fernandezadvocats.es\/es\/motivacion-contratacion-publica-nulidad\/#primaryimage"},"thumbnailUrl":"https:\/\/fernandezadvocats.es\/wp-content\/uploads\/2026\/01\/motivacio-contractacio-publica.jpg","articleSection":["Art\u00edculos FA","Contrataci\u00f3n P\u00fablica","Derecho Funci\u00f3n P\u00fablica"],"inLanguage":"es"},{"@type":"WebPage","@id":"https:\/\/fernandezadvocats.es\/es\/motivacion-contratacion-publica-nulidad\/","url":"https:\/\/fernandezadvocats.es\/es\/motivacion-contratacion-publica-nulidad\/","name":"Motivaci\u00f3n en la contrataci\u00f3n p\u00fablica y nulidad del procedimiento","isPartOf":{"@id":"https:\/\/fernandezadvocats.es\/#website"},"primaryImageOfPage":{"@id":"https:\/\/fernandezadvocats.es\/es\/motivacion-contratacion-publica-nulidad\/#primaryimage"},"image":{"@id":"https:\/\/fernandezadvocats.es\/es\/motivacion-contratacion-publica-nulidad\/#primaryimage"},"thumbnailUrl":"https:\/\/fernandezadvocats.es\/wp-content\/uploads\/2026\/01\/motivacio-contractacio-publica.jpg","datePublished":"2026-01-27T09:36:22+00:00","dateModified":"2026-01-27T16:23:16+00:00","description":"La falta de motivaci\u00f3n en la valoraci\u00f3n de ofertas puede provocar la nulidad de la licitaci\u00f3n. An\u00e1lisis de la doctrina del TCCSP y sus consecuencias.","breadcrumb":{"@id":"https:\/\/fernandezadvocats.es\/es\/motivacion-contratacion-publica-nulidad\/#breadcrumb"},"inLanguage":"es","potentialAction":[{"@type":"ReadAction","target":["https:\/\/fernandezadvocats.es\/es\/motivacion-contratacion-publica-nulidad\/"]}]},{"@type":"ImageObject","inLanguage":"es","@id":"https:\/\/fernandezadvocats.es\/es\/motivacion-contratacion-publica-nulidad\/#primaryimage","url":"https:\/\/fernandezadvocats.es\/wp-content\/uploads\/2026\/01\/motivacio-contractacio-publica.jpg","contentUrl":"https:\/\/fernandezadvocats.es\/wp-content\/uploads\/2026\/01\/motivacio-contractacio-publica.jpg","width":1349,"height":711,"caption":"Motivaci\u00f3 de les decisions administratives en contractaci\u00f3 p\u00fablica"},{"@type":"BreadcrumbList","@id":"https:\/\/fernandezadvocats.es\/es\/motivacion-contratacion-publica-nulidad\/#breadcrumb","itemListElement":[{"@type":"ListItem","position":1,"name":"Portada","item":"https:\/\/fernandezadvocats.es\/es\/fernandez-advocats-berga\/"},{"@type":"ListItem","position":2,"name":"La motivaci\u00f3n en la Contrataci\u00f3n P\u00fablica: una garant\u00eda fundamental"}]},{"@type":"WebSite","@id":"https:\/\/fernandezadvocats.es\/#website","url":"https:\/\/fernandezadvocats.es\/","name":"Fern\u00e1ndez Advocats","description":"Advocats Berga i Barcelona","publisher":{"@id":"https:\/\/fernandezadvocats.es\/#organization"},"alternateName":"Abogados Berga y Bracelona","potentialAction":[{"@type":"SearchAction","target":{"@type":"EntryPoint","urlTemplate":"https:\/\/fernandezadvocats.es\/?s={search_term_string}"},"query-input":{"@type":"PropertyValueSpecification","valueRequired":true,"valueName":"search_term_string"}}],"inLanguage":"es"},{"@type":"Organization","@id":"https:\/\/fernandezadvocats.es\/#organization","name":"Fern\u00e1ndez Advocats","url":"https:\/\/fernandezadvocats.es\/","logo":{"@type":"ImageObject","inLanguage":"es","@id":"https:\/\/fernandezadvocats.es\/#\/schema\/logo\/image\/","url":"https:\/\/fernandezadvocats.es\/wp-content\/uploads\/2024\/11\/cropped-BF-e1731427554424.png","contentUrl":"https:\/\/fernandezadvocats.es\/wp-content\/uploads\/2024\/11\/cropped-BF-e1731427554424.png","width":512,"height":512,"caption":"Fern\u00e1ndez Advocats"},"image":{"@id":"https:\/\/fernandezadvocats.es\/#\/schema\/logo\/image\/"}},{"@type":"Person","@id":"https:\/\/fernandezadvocats.es\/#\/schema\/person\/8ee482a071b4b039d55e3b5981b20a98","name":"mrclickbarcelona@gmail.com","image":{"@type":"ImageObject","inLanguage":"es","@id":"https:\/\/fernandezadvocats.es\/#\/schema\/person\/image\/","url":"https:\/\/secure.gravatar.com\/avatar\/e16cc9a830d1a221b9e83b040154617903c650598282d145b5b76cdcb02f009e?s=96&d=mm&r=g","contentUrl":"https:\/\/secure.gravatar.com\/avatar\/e16cc9a830d1a221b9e83b040154617903c650598282d145b5b76cdcb02f009e?s=96&d=mm&r=g","caption":"mrclickbarcelona@gmail.com"},"url":"https:\/\/fernandezadvocats.es\/es\/author\/mrclickbarcelonagmail-com\/"}]}},"_links":{"self":[{"href":"https:\/\/fernandezadvocats.es\/es\/wp-json\/wp\/v2\/posts\/254279","targetHints":{"allow":["GET"]}}],"collection":[{"href":"https:\/\/fernandezadvocats.es\/es\/wp-json\/wp\/v2\/posts"}],"about":[{"href":"https:\/\/fernandezadvocats.es\/es\/wp-json\/wp\/v2\/types\/post"}],"author":[{"embeddable":true,"href":"https:\/\/fernandezadvocats.es\/es\/wp-json\/wp\/v2\/users\/19"}],"replies":[{"embeddable":true,"href":"https:\/\/fernandezadvocats.es\/es\/wp-json\/wp\/v2\/comments?post=254279"}],"version-history":[{"count":1,"href":"https:\/\/fernandezadvocats.es\/es\/wp-json\/wp\/v2\/posts\/254279\/revisions"}],"predecessor-version":[{"id":254280,"href":"https:\/\/fernandezadvocats.es\/es\/wp-json\/wp\/v2\/posts\/254279\/revisions\/254280"}],"wp:featuredmedia":[{"embeddable":true,"href":"https:\/\/fernandezadvocats.es\/es\/wp-json\/wp\/v2\/media\/254278"}],"wp:attachment":[{"href":"https:\/\/fernandezadvocats.es\/es\/wp-json\/wp\/v2\/media?parent=254279"}],"wp:term":[{"taxonomy":"category","embeddable":true,"href":"https:\/\/fernandezadvocats.es\/es\/wp-json\/wp\/v2\/categories?post=254279"},{"taxonomy":"post_tag","embeddable":true,"href":"https:\/\/fernandezadvocats.es\/es\/wp-json\/wp\/v2\/tags?post=254279"}],"curies":[{"name":"wp","href":"https:\/\/api.w.org\/{rel}","templated":true}]}}