{"id":254327,"date":"2026-02-10T10:42:29","date_gmt":"2026-02-10T09:42:29","guid":{"rendered":"https:\/\/fernandezadvocats.es\/?p=254327"},"modified":"2026-02-10T10:48:53","modified_gmt":"2026-02-10T09:48:53","slug":"patinete-electrico-potente-sin-carnet-delito-sts-944-2025","status":"publish","type":"post","link":"https:\/\/fernandezadvocats.es\/es\/patinete-electrico-potente-sin-carnet-delito-sts-944-2025\/","title":{"rendered":"El tribunal supremo lo confirma: conducir un patinete el\u00e9ctrico potente sin carnet puede ser delito"},"content":{"rendered":"<p><span style=\"font-weight: 400;\"><strong><a href=\"https:\/\/fernandezadvocats.es\/wp-content\/uploads\/2026\/02\/FET-EL-TRIBUNAL-SUPREMO-LO-CONFIRMA_-CONDUCIR-UN-PATINETE-ELECTRICO-POTENTE-SIN-CARNET-PUEDE-SER-DELITO-.pdf\">DESCARGAR ART\u00cdCULO COMPLETO EN PDF.<\/a><\/strong><\/span><\/p>\n<h2><span style=\"font-weight: 400;\"><br \/>\n<b>An\u00e1lisis de la sts 944\/2025, de 17 de noviembre.<\/b> <\/span><\/h2>\n<p><span style=\"font-weight: 400;\">La creciente popularidad de los veh\u00edculos de movilidad personal (VMP), com\u00fanmente conocidos como patinetes el\u00e9ctricos, ha generado un panorama complejo y lleno de incertidumbre legal. La confusi\u00f3n radica en cuestiones fundamentales: \u00bfqu\u00e9 veh\u00edculos se consideran patinetes y cu\u00e1les no? \u00bfCu\u00e1ndo es obligatorio contar con un permiso de conducci\u00f3n?<\/span><\/p>\n<p><span style=\"font-weight: 400;\">La reciente sentencia del Tribunal Supremo ha arrojado luz sobre estas cuestiones, estableciendo criterios claros y con importantes implicaciones penales para los usuarios.\u00a0<\/span><b><\/b><\/p>\n<h3><b>Antecedentes del Caso: De un patinete a un proceso penal<\/b><b><\/b><\/h3>\n<p><span style=\"font-weight: 400;\">El caso se origina con la condena de un ciudadano como autor de un delito contra la seguridad vial al conducir sin el permiso correspondiente. El veh\u00edculo en cuesti\u00f3n era un patinete el\u00e9ctrico, marca Sabway, modelo Diablo, con una potencia de 1.900 vatios y capaz de alcanzar una velocidad m\u00e1xima de 45 km\/h.\u00a0<\/span><\/p>\n<p><span style=\"font-weight: 400;\">La condena impuesta en primera instancia fue confirmada a posterior por la Audiencia Provincial de Barcelona. Sin embargo, la defensa del acusado, inconforme con la decisi\u00f3n, interpuso un recurso de casaci\u00f3n ante el Tribunal Supremo, argumentando principalmente un error en la valoraci\u00f3n de la prueba sobre la naturaleza del veh\u00edculo y una vulneraci\u00f3n del principio de presunci\u00f3n de inocencia.\u00a0<\/span><b><\/b><\/p>\n<h3><b>El fondo del Asunto: \u00bfPatinete (VMP) o Ciclomotor?<\/b><b><\/b><\/h3>\n<p><span style=\"font-weight: 400;\">El n\u00facleo del debate radica en la clasificaci\u00f3n del veh\u00edculo. El Tribunal Supremo establece que para clasificar un veh\u00edculo no debemos fijarnos en su apariencia externa (\u201cque se parezca a un patinete\u201d), sino en sus caracter\u00edsticas t\u00e9cnicas reales.\u00a0<\/span><\/p>\n<p><span style=\"font-weight: 400;\">Para ello, acude a las definiciones legales:<\/span><\/p>\n<ul>\n<li style=\"font-weight: 400;\" aria-level=\"1\"><span style=\"font-weight: 400;\">Veh\u00edculo de Movilidad Personal (VMP):<\/span><span style=\"font-weight: 400;\"> Veh\u00edculo de una o m\u00e1s ruedas, de una \u00fanica plaza y propulsado por motores el\u00e9ctricos, con una velocidad m\u00e1xima por dise\u00f1o de entre 6 y 25 km\/h.\u00a0<\/span><\/li>\n<li style=\"font-weight: 400;\" aria-level=\"1\"><span style=\"font-weight: 400;\">Ciclomotor:<\/span><span style=\"font-weight: 400;\"> Veh\u00edculo de dos ruedas con un motor de cilindrada no superior a 50 cm<\/span><span style=\"font-weight: 400;\">3<\/span><span style=\"font-weight: 400;\"> (si es de combusti\u00f3n) y con una velocidad m\u00e1xima por construcci\u00f3n no superior a 45 km\/h.\u00a0<\/span><\/li>\n<\/ul>\n<p>&nbsp;<\/p>\n<p><span style=\"font-weight: 400;\">Aplicando estas definiciones, el Tribunal Supremo concluye de forma rotunda que el patinete conducido por el acusado, con una potencia de 1.900W y una velocidad m\u00e1xima de 45 km\/h, excede con creces los l\u00edmites de un VMP y encaja perfectamente en la categor\u00eda de ciclomotor, concretamente en la categor\u00eda L1e- B del reglamento UE n\u00ba 168\/2013.\u00a0<\/span><\/p>\n<p><span style=\"font-weight: 400;\">La consecuencia jur\u00eddica es directa: si un veh\u00edculo es legamente un ciclomotor, para su conducci\u00f3n se exige la correspondiente autorizaci\u00f3n administrativa, es decir un permiso de conducir. La ausencia de dicho permiso al pilotar un veh\u00edculo de estas caracter\u00edsticas consuma el delito contra la seguridad vial previsto y tipificado en el art\u00edculo 384 del C\u00f3digo Penal.\u00a0<\/span><\/p>\n<p>&nbsp;<\/p>\n<h3><b>Conclusiones y consecuencias pr\u00e1cticas<\/b><\/h3>\n<p><span style=\"font-weight: 400;\">Esta sentencia del Tribunal Supremo transmite un mensaje claro a fabricantes, vendedores y, sobre todo, a usuarios de patinetes el\u00e9ctricos.\u00a0<\/span><\/p>\n<ol>\n<li style=\"font-weight: 400;\" aria-level=\"1\"><span style=\"font-weight: 400;\">Primac\u00eda de las caracter\u00edsticas t\u00e9cnicas<\/span><span style=\"font-weight: 400;\">: No importa si el veh\u00edculo se ha comercializado como \u201cpatinete\u201d. Si su potencia o velocidad superan los l\u00edmites establecidos para los VMP, puede ser considerado un ciclomotor a efectos legales y, sobre todo, penales.\u00a0<\/span><\/li>\n<li style=\"font-weight: 400;\" aria-level=\"1\"><span style=\"font-weight: 400;\">Riesgo de comisi\u00f3n de un delito:<\/span><span style=\"font-weight: 400;\"> Conducir uno de estos \u201csuper-patinetes\u201d sin\u00a0 la licencia adecuada no es una simple infracci\u00f3n administrativa, sino que puede constituir un delito contra la seguridad vial, castigado con penas de prisi\u00f3n, multa o trabajos en beneficio a la comunidad.\u00a0<\/span><\/li>\n<li style=\"font-weight: 400;\" aria-level=\"1\"><span style=\"font-weight: 400;\">Obligaciones adicionales:<\/span><span style=\"font-weight: 400;\"> Si un veh\u00edculo es considerado un ciclomotor, su conductor no solo necesita el permiso de conducir, sino que tambi\u00e9n est\u00e1 obligado a tener un seguro de responsabilidad civil, matricular el veh\u00edculo y utilizar el casco.<\/span><\/li>\n<li style=\"font-weight: 400;\" aria-level=\"1\"><span style=\"font-weight: 400;\">Atenci\u00f3n a las modificaciones:<\/span><span style=\"font-weight: 400;\"> La sentencia tambi\u00e9n advierte sobre los veh\u00edculos que, aunque originalmente eran VMP, han sido modificados (\u201ctrucados\u201d) para aumentar su potencia o velocidad. Estos tambi\u00e9n pasar\u00edan a ser considerados ciclomotores, con todas las consecuencias legales que ello implica.<\/span><\/li>\n<\/ol>\n<p><span style=\"font-weight: 400;\">En conclusi\u00f3n, la STS 944\/2025 establece un criterio claro y vinculante que permitir\u00e1 a usuarios, fabricantes y autoridades actuar conforme a la legalidad, evitando riesgos penales derivados de la conducci\u00f3n de veh\u00edculos que excedan los l\u00edmites de los VMP.<\/span><\/p>\n<p>&nbsp;<\/p>\n<p><i><span style=\"font-weight: 400;\">*El presente art\u00edculo es meramente divulgativo y no supone asesoramiento ni compromiso de actualizaci\u00f3n.<\/span><\/i><\/p>\n<p><i><span style=\"font-weight: 400;\">Para m\u00e1s informaci\u00f3n o asesoramiento, contacte con info@fernandezadvocats.es.<\/span><\/i><\/p>\n","protected":false},"excerpt":{"rendered":"<p>DESCARGAR ART\u00cdCULO COMPLETO EN PDF. An\u00e1lisis de la sts 944\/2025, de 17 de noviembre. La creciente popularidad de los veh\u00edculos de movilidad personal (VMP), com\u00fanmente conocidos como patinetes el\u00e9ctricos, ha generado un panorama complejo y lleno de incertidumbre legal. La confusi\u00f3n radica en cuestiones fundamentales: \u00bfqu\u00e9 veh\u00edculos se consideran patinetes y cu\u00e1les no? \u00bfCu\u00e1ndo es [&hellip;]<\/p>\n","protected":false},"author":19,"featured_media":254322,"comment_status":"closed","ping_status":"closed","sticky":false,"template":"","format":"standard","meta":{"_et_pb_use_builder":"","_et_pb_old_content":"","_et_gb_content_width":"","footnotes":""},"categories":[28,44,56],"tags":[],"class_list":["post-254327","post","type-post","status-publish","format-standard","has-post-thumbnail","hentry","category-articulos-fa","category-derecho-penal","category-tsjc-2"],"yoast_head":"<!-- This site is optimized with the Yoast SEO plugin v27.1.1 - https:\/\/yoast.com\/product\/yoast-seo-wordpress\/ -->\n<title>Conducir patinete potente sin carnet es delito | STS 944\/2025<\/title>\n<meta name=\"description\" content=\"El Tribunal Supremo confirma que conducir un patinete el\u00e9ctrico potente sin carnet puede ser delito. An\u00e1lisis de la STS 944\/2025.\" \/>\n<meta name=\"robots\" content=\"index, follow, max-snippet:-1, max-image-preview:large, max-video-preview:-1\" \/>\n<link rel=\"canonical\" href=\"https:\/\/fernandezadvocats.es\/es\/patinete-electrico-potente-sin-carnet-delito-sts-944-2025\/\" \/>\n<meta property=\"og:locale\" content=\"es_ES\" \/>\n<meta property=\"og:type\" content=\"article\" \/>\n<meta property=\"og:title\" content=\"Conducir patinete potente sin carnet es delito | STS 944\/2025\" \/>\n<meta property=\"og:description\" content=\"El Tribunal Supremo confirma que conducir un patinete el\u00e9ctrico potente sin carnet puede ser delito. An\u00e1lisis de la STS 944\/2025.\" \/>\n<meta property=\"og:url\" content=\"https:\/\/fernandezadvocats.es\/es\/patinete-electrico-potente-sin-carnet-delito-sts-944-2025\/\" \/>\n<meta property=\"og:site_name\" content=\"Fern\u00e1ndez Advocats\" \/>\n<meta property=\"article:published_time\" content=\"2026-02-10T09:42:29+00:00\" \/>\n<meta property=\"article:modified_time\" content=\"2026-02-10T09:48:53+00:00\" \/>\n<meta property=\"og:image\" content=\"https:\/\/fernandezadvocats.es\/wp-content\/uploads\/2026\/02\/patinete-electrico-potente-sin-carnet-delito-scaled.jpg\" \/>\n\t<meta property=\"og:image:width\" content=\"2560\" \/>\n\t<meta property=\"og:image:height\" content=\"1709\" \/>\n\t<meta property=\"og:image:type\" content=\"image\/jpeg\" \/>\n<meta name=\"author\" content=\"mrclickbarcelona@gmail.com\" \/>\n<meta name=\"twitter:card\" content=\"summary_large_image\" \/>\n<meta name=\"twitter:label1\" content=\"Escrito por\" \/>\n\t<meta name=\"twitter:data1\" content=\"mrclickbarcelona@gmail.com\" \/>\n\t<meta name=\"twitter:label2\" content=\"Tiempo de lectura\" \/>\n\t<meta name=\"twitter:data2\" content=\"4 minutos\" \/>\n<script type=\"application\/ld+json\" class=\"yoast-schema-graph\">{\"@context\":\"https:\/\/schema.org\",\"@graph\":[{\"@type\":\"Article\",\"@id\":\"https:\/\/fernandezadvocats.es\/es\/patinete-electrico-potente-sin-carnet-delito-sts-944-2025\/#article\",\"isPartOf\":{\"@id\":\"https:\/\/fernandezadvocats.es\/es\/patinete-electrico-potente-sin-carnet-delito-sts-944-2025\/\"},\"author\":{\"name\":\"mrclickbarcelona@gmail.com\",\"@id\":\"https:\/\/fernandezadvocats.es\/#\/schema\/person\/8ee482a071b4b039d55e3b5981b20a98\"},\"headline\":\"El tribunal supremo lo confirma: conducir un patinete el\u00e9ctrico potente sin carnet puede ser delito\",\"datePublished\":\"2026-02-10T09:42:29+00:00\",\"dateModified\":\"2026-02-10T09:48:53+00:00\",\"mainEntityOfPage\":{\"@id\":\"https:\/\/fernandezadvocats.es\/es\/patinete-electrico-potente-sin-carnet-delito-sts-944-2025\/\"},\"wordCount\":769,\"publisher\":{\"@id\":\"https:\/\/fernandezadvocats.es\/#organization\"},\"image\":{\"@id\":\"https:\/\/fernandezadvocats.es\/es\/patinete-electrico-potente-sin-carnet-delito-sts-944-2025\/#primaryimage\"},\"thumbnailUrl\":\"https:\/\/fernandezadvocats.es\/wp-content\/uploads\/2026\/02\/patinete-electrico-potente-sin-carnet-delito-scaled.jpg\",\"articleSection\":[\"Art\u00edculos FA\",\"Derecho Penal\",\"TSJC\"],\"inLanguage\":\"es\"},{\"@type\":\"WebPage\",\"@id\":\"https:\/\/fernandezadvocats.es\/es\/patinete-electrico-potente-sin-carnet-delito-sts-944-2025\/\",\"url\":\"https:\/\/fernandezadvocats.es\/es\/patinete-electrico-potente-sin-carnet-delito-sts-944-2025\/\",\"name\":\"Conducir patinete potente sin carnet es delito | STS 944\/2025\",\"isPartOf\":{\"@id\":\"https:\/\/fernandezadvocats.es\/#website\"},\"primaryImageOfPage\":{\"@id\":\"https:\/\/fernandezadvocats.es\/es\/patinete-electrico-potente-sin-carnet-delito-sts-944-2025\/#primaryimage\"},\"image\":{\"@id\":\"https:\/\/fernandezadvocats.es\/es\/patinete-electrico-potente-sin-carnet-delito-sts-944-2025\/#primaryimage\"},\"thumbnailUrl\":\"https:\/\/fernandezadvocats.es\/wp-content\/uploads\/2026\/02\/patinete-electrico-potente-sin-carnet-delito-scaled.jpg\",\"datePublished\":\"2026-02-10T09:42:29+00:00\",\"dateModified\":\"2026-02-10T09:48:53+00:00\",\"description\":\"El Tribunal Supremo confirma que conducir un patinete el\u00e9ctrico potente sin carnet puede ser delito. An\u00e1lisis de la STS 944\/2025.\",\"breadcrumb\":{\"@id\":\"https:\/\/fernandezadvocats.es\/es\/patinete-electrico-potente-sin-carnet-delito-sts-944-2025\/#breadcrumb\"},\"inLanguage\":\"es\",\"potentialAction\":[{\"@type\":\"ReadAction\",\"target\":[\"https:\/\/fernandezadvocats.es\/es\/patinete-electrico-potente-sin-carnet-delito-sts-944-2025\/\"]}]},{\"@type\":\"ImageObject\",\"inLanguage\":\"es\",\"@id\":\"https:\/\/fernandezadvocats.es\/es\/patinete-electrico-potente-sin-carnet-delito-sts-944-2025\/#primaryimage\",\"url\":\"https:\/\/fernandezadvocats.es\/wp-content\/uploads\/2026\/02\/patinete-electrico-potente-sin-carnet-delito-scaled.jpg\",\"contentUrl\":\"https:\/\/fernandezadvocats.es\/wp-content\/uploads\/2026\/02\/patinete-electrico-potente-sin-carnet-delito-scaled.jpg\",\"width\":2560,\"height\":1709,\"caption\":\"Mother and daughter riding electric scooters in city park\"},{\"@type\":\"BreadcrumbList\",\"@id\":\"https:\/\/fernandezadvocats.es\/es\/patinete-electrico-potente-sin-carnet-delito-sts-944-2025\/#breadcrumb\",\"itemListElement\":[{\"@type\":\"ListItem\",\"position\":1,\"name\":\"Portada\",\"item\":\"https:\/\/fernandezadvocats.es\/es\/fernandez-advocats-berga\/\"},{\"@type\":\"ListItem\",\"position\":2,\"name\":\"El tribunal supremo lo confirma: conducir un patinete el\u00e9ctrico potente sin carnet puede ser delito\"}]},{\"@type\":\"WebSite\",\"@id\":\"https:\/\/fernandezadvocats.es\/#website\",\"url\":\"https:\/\/fernandezadvocats.es\/\",\"name\":\"Fern\u00e1ndez Advocats\",\"description\":\"Advocats Berga i Barcelona\",\"publisher\":{\"@id\":\"https:\/\/fernandezadvocats.es\/#organization\"},\"alternateName\":\"Abogados Berga y Bracelona\",\"potentialAction\":[{\"@type\":\"SearchAction\",\"target\":{\"@type\":\"EntryPoint\",\"urlTemplate\":\"https:\/\/fernandezadvocats.es\/?s={search_term_string}\"},\"query-input\":{\"@type\":\"PropertyValueSpecification\",\"valueRequired\":true,\"valueName\":\"search_term_string\"}}],\"inLanguage\":\"es\"},{\"@type\":\"Organization\",\"@id\":\"https:\/\/fernandezadvocats.es\/#organization\",\"name\":\"Fern\u00e1ndez Advocats\",\"url\":\"https:\/\/fernandezadvocats.es\/\",\"logo\":{\"@type\":\"ImageObject\",\"inLanguage\":\"es\",\"@id\":\"https:\/\/fernandezadvocats.es\/#\/schema\/logo\/image\/\",\"url\":\"https:\/\/fernandezadvocats.es\/wp-content\/uploads\/2024\/11\/cropped-BF-e1731427554424.png\",\"contentUrl\":\"https:\/\/fernandezadvocats.es\/wp-content\/uploads\/2024\/11\/cropped-BF-e1731427554424.png\",\"width\":512,\"height\":512,\"caption\":\"Fern\u00e1ndez Advocats\"},\"image\":{\"@id\":\"https:\/\/fernandezadvocats.es\/#\/schema\/logo\/image\/\"}},{\"@type\":\"Person\",\"@id\":\"https:\/\/fernandezadvocats.es\/#\/schema\/person\/8ee482a071b4b039d55e3b5981b20a98\",\"name\":\"mrclickbarcelona@gmail.com\",\"image\":{\"@type\":\"ImageObject\",\"inLanguage\":\"es\",\"@id\":\"https:\/\/fernandezadvocats.es\/#\/schema\/person\/image\/\",\"url\":\"https:\/\/secure.gravatar.com\/avatar\/e16cc9a830d1a221b9e83b040154617903c650598282d145b5b76cdcb02f009e?s=96&d=mm&r=g\",\"contentUrl\":\"https:\/\/secure.gravatar.com\/avatar\/e16cc9a830d1a221b9e83b040154617903c650598282d145b5b76cdcb02f009e?s=96&d=mm&r=g\",\"caption\":\"mrclickbarcelona@gmail.com\"},\"url\":\"https:\/\/fernandezadvocats.es\/es\/author\/mrclickbarcelonagmail-com\/\"}]}<\/script>\n<!-- \/ Yoast SEO plugin. -->","yoast_head_json":{"title":"Conducir patinete potente sin carnet es delito | STS 944\/2025","description":"El Tribunal Supremo confirma que conducir un patinete el\u00e9ctrico potente sin carnet puede ser delito. An\u00e1lisis de la STS 944\/2025.","robots":{"index":"index","follow":"follow","max-snippet":"max-snippet:-1","max-image-preview":"max-image-preview:large","max-video-preview":"max-video-preview:-1"},"canonical":"https:\/\/fernandezadvocats.es\/es\/patinete-electrico-potente-sin-carnet-delito-sts-944-2025\/","og_locale":"es_ES","og_type":"article","og_title":"Conducir patinete potente sin carnet es delito | STS 944\/2025","og_description":"El Tribunal Supremo confirma que conducir un patinete el\u00e9ctrico potente sin carnet puede ser delito. An\u00e1lisis de la STS 944\/2025.","og_url":"https:\/\/fernandezadvocats.es\/es\/patinete-electrico-potente-sin-carnet-delito-sts-944-2025\/","og_site_name":"Fern\u00e1ndez Advocats","article_published_time":"2026-02-10T09:42:29+00:00","article_modified_time":"2026-02-10T09:48:53+00:00","og_image":[{"width":2560,"height":1709,"url":"https:\/\/fernandezadvocats.es\/wp-content\/uploads\/2026\/02\/patinete-electrico-potente-sin-carnet-delito-scaled.jpg","type":"image\/jpeg"}],"author":"mrclickbarcelona@gmail.com","twitter_card":"summary_large_image","twitter_misc":{"Escrito por":"mrclickbarcelona@gmail.com","Tiempo de lectura":"4 minutos"},"schema":{"@context":"https:\/\/schema.org","@graph":[{"@type":"Article","@id":"https:\/\/fernandezadvocats.es\/es\/patinete-electrico-potente-sin-carnet-delito-sts-944-2025\/#article","isPartOf":{"@id":"https:\/\/fernandezadvocats.es\/es\/patinete-electrico-potente-sin-carnet-delito-sts-944-2025\/"},"author":{"name":"mrclickbarcelona@gmail.com","@id":"https:\/\/fernandezadvocats.es\/#\/schema\/person\/8ee482a071b4b039d55e3b5981b20a98"},"headline":"El tribunal supremo lo confirma: conducir un patinete el\u00e9ctrico potente sin carnet puede ser delito","datePublished":"2026-02-10T09:42:29+00:00","dateModified":"2026-02-10T09:48:53+00:00","mainEntityOfPage":{"@id":"https:\/\/fernandezadvocats.es\/es\/patinete-electrico-potente-sin-carnet-delito-sts-944-2025\/"},"wordCount":769,"publisher":{"@id":"https:\/\/fernandezadvocats.es\/#organization"},"image":{"@id":"https:\/\/fernandezadvocats.es\/es\/patinete-electrico-potente-sin-carnet-delito-sts-944-2025\/#primaryimage"},"thumbnailUrl":"https:\/\/fernandezadvocats.es\/wp-content\/uploads\/2026\/02\/patinete-electrico-potente-sin-carnet-delito-scaled.jpg","articleSection":["Art\u00edculos FA","Derecho Penal","TSJC"],"inLanguage":"es"},{"@type":"WebPage","@id":"https:\/\/fernandezadvocats.es\/es\/patinete-electrico-potente-sin-carnet-delito-sts-944-2025\/","url":"https:\/\/fernandezadvocats.es\/es\/patinete-electrico-potente-sin-carnet-delito-sts-944-2025\/","name":"Conducir patinete potente sin carnet es delito | STS 944\/2025","isPartOf":{"@id":"https:\/\/fernandezadvocats.es\/#website"},"primaryImageOfPage":{"@id":"https:\/\/fernandezadvocats.es\/es\/patinete-electrico-potente-sin-carnet-delito-sts-944-2025\/#primaryimage"},"image":{"@id":"https:\/\/fernandezadvocats.es\/es\/patinete-electrico-potente-sin-carnet-delito-sts-944-2025\/#primaryimage"},"thumbnailUrl":"https:\/\/fernandezadvocats.es\/wp-content\/uploads\/2026\/02\/patinete-electrico-potente-sin-carnet-delito-scaled.jpg","datePublished":"2026-02-10T09:42:29+00:00","dateModified":"2026-02-10T09:48:53+00:00","description":"El Tribunal Supremo confirma que conducir un patinete el\u00e9ctrico potente sin carnet puede ser delito. An\u00e1lisis de la STS 944\/2025.","breadcrumb":{"@id":"https:\/\/fernandezadvocats.es\/es\/patinete-electrico-potente-sin-carnet-delito-sts-944-2025\/#breadcrumb"},"inLanguage":"es","potentialAction":[{"@type":"ReadAction","target":["https:\/\/fernandezadvocats.es\/es\/patinete-electrico-potente-sin-carnet-delito-sts-944-2025\/"]}]},{"@type":"ImageObject","inLanguage":"es","@id":"https:\/\/fernandezadvocats.es\/es\/patinete-electrico-potente-sin-carnet-delito-sts-944-2025\/#primaryimage","url":"https:\/\/fernandezadvocats.es\/wp-content\/uploads\/2026\/02\/patinete-electrico-potente-sin-carnet-delito-scaled.jpg","contentUrl":"https:\/\/fernandezadvocats.es\/wp-content\/uploads\/2026\/02\/patinete-electrico-potente-sin-carnet-delito-scaled.jpg","width":2560,"height":1709,"caption":"Mother and daughter riding electric scooters in city park"},{"@type":"BreadcrumbList","@id":"https:\/\/fernandezadvocats.es\/es\/patinete-electrico-potente-sin-carnet-delito-sts-944-2025\/#breadcrumb","itemListElement":[{"@type":"ListItem","position":1,"name":"Portada","item":"https:\/\/fernandezadvocats.es\/es\/fernandez-advocats-berga\/"},{"@type":"ListItem","position":2,"name":"El tribunal supremo lo confirma: conducir un patinete el\u00e9ctrico potente sin carnet puede ser delito"}]},{"@type":"WebSite","@id":"https:\/\/fernandezadvocats.es\/#website","url":"https:\/\/fernandezadvocats.es\/","name":"Fern\u00e1ndez Advocats","description":"Advocats Berga i Barcelona","publisher":{"@id":"https:\/\/fernandezadvocats.es\/#organization"},"alternateName":"Abogados Berga y Bracelona","potentialAction":[{"@type":"SearchAction","target":{"@type":"EntryPoint","urlTemplate":"https:\/\/fernandezadvocats.es\/?s={search_term_string}"},"query-input":{"@type":"PropertyValueSpecification","valueRequired":true,"valueName":"search_term_string"}}],"inLanguage":"es"},{"@type":"Organization","@id":"https:\/\/fernandezadvocats.es\/#organization","name":"Fern\u00e1ndez Advocats","url":"https:\/\/fernandezadvocats.es\/","logo":{"@type":"ImageObject","inLanguage":"es","@id":"https:\/\/fernandezadvocats.es\/#\/schema\/logo\/image\/","url":"https:\/\/fernandezadvocats.es\/wp-content\/uploads\/2024\/11\/cropped-BF-e1731427554424.png","contentUrl":"https:\/\/fernandezadvocats.es\/wp-content\/uploads\/2024\/11\/cropped-BF-e1731427554424.png","width":512,"height":512,"caption":"Fern\u00e1ndez Advocats"},"image":{"@id":"https:\/\/fernandezadvocats.es\/#\/schema\/logo\/image\/"}},{"@type":"Person","@id":"https:\/\/fernandezadvocats.es\/#\/schema\/person\/8ee482a071b4b039d55e3b5981b20a98","name":"mrclickbarcelona@gmail.com","image":{"@type":"ImageObject","inLanguage":"es","@id":"https:\/\/fernandezadvocats.es\/#\/schema\/person\/image\/","url":"https:\/\/secure.gravatar.com\/avatar\/e16cc9a830d1a221b9e83b040154617903c650598282d145b5b76cdcb02f009e?s=96&d=mm&r=g","contentUrl":"https:\/\/secure.gravatar.com\/avatar\/e16cc9a830d1a221b9e83b040154617903c650598282d145b5b76cdcb02f009e?s=96&d=mm&r=g","caption":"mrclickbarcelona@gmail.com"},"url":"https:\/\/fernandezadvocats.es\/es\/author\/mrclickbarcelonagmail-com\/"}]}},"_links":{"self":[{"href":"https:\/\/fernandezadvocats.es\/es\/wp-json\/wp\/v2\/posts\/254327","targetHints":{"allow":["GET"]}}],"collection":[{"href":"https:\/\/fernandezadvocats.es\/es\/wp-json\/wp\/v2\/posts"}],"about":[{"href":"https:\/\/fernandezadvocats.es\/es\/wp-json\/wp\/v2\/types\/post"}],"author":[{"embeddable":true,"href":"https:\/\/fernandezadvocats.es\/es\/wp-json\/wp\/v2\/users\/19"}],"replies":[{"embeddable":true,"href":"https:\/\/fernandezadvocats.es\/es\/wp-json\/wp\/v2\/comments?post=254327"}],"version-history":[{"count":2,"href":"https:\/\/fernandezadvocats.es\/es\/wp-json\/wp\/v2\/posts\/254327\/revisions"}],"predecessor-version":[{"id":254329,"href":"https:\/\/fernandezadvocats.es\/es\/wp-json\/wp\/v2\/posts\/254327\/revisions\/254329"}],"wp:featuredmedia":[{"embeddable":true,"href":"https:\/\/fernandezadvocats.es\/es\/wp-json\/wp\/v2\/media\/254322"}],"wp:attachment":[{"href":"https:\/\/fernandezadvocats.es\/es\/wp-json\/wp\/v2\/media?parent=254327"}],"wp:term":[{"taxonomy":"category","embeddable":true,"href":"https:\/\/fernandezadvocats.es\/es\/wp-json\/wp\/v2\/categories?post=254327"},{"taxonomy":"post_tag","embeddable":true,"href":"https:\/\/fernandezadvocats.es\/es\/wp-json\/wp\/v2\/tags?post=254327"}],"curies":[{"name":"wp","href":"https:\/\/api.w.org\/{rel}","templated":true}]}}