{"id":254368,"date":"2026-02-19T13:35:19","date_gmt":"2026-02-19T12:35:19","guid":{"rendered":"https:\/\/fernandezadvocats.es\/?p=254368"},"modified":"2026-02-19T13:45:27","modified_gmt":"2026-02-19T12:45:27","slug":"indemnizacion-1800-complemento-maternidad-inss-sts-889-2025","status":"publish","type":"post","link":"https:\/\/fernandezadvocats.es\/es\/indemnizacion-1800-complemento-maternidad-inss-sts-889-2025\/","title":{"rendered":"El Tribunal Supremo fija una indemnizaci\u00f3n de 1.800 euros para los hombres a los que el inss deneg\u00f3 el complemento de maternidad"},"content":{"rendered":"<p><strong><a href=\"https:\/\/fernandezadvocats.es\/wp-content\/uploads\/2026\/02\/Indemnitzacio-pel-complement-de-maternitat-denegat-per-lINSS.pdf\">DESCARGAR ART\u00cdCULO COMPLETO EN PDF. <\/a><\/strong><\/p>\n<p>&nbsp;<\/p>\n<p><span style=\"font-weight: 400;\">Una reciente sentencia del Tribunal Supremo &#8211; Sentencia de la Sala Cuarta del Tribunal Supremo n\u00ba 889\/2025, de 14 de octubre &#8211; ha unificado doctrina y ha establecido un criterio claro para compensar a los hombres que fueron discriminados por el Instituto Nacional de la Seguridad Social (INSS) al denegarles el complemento de maternidad por aportaci\u00f3n demogr\u00e1fica. La decisi\u00f3n establece una indemnizaci\u00f3n de 1.800 euros para reparar el perjuicio causado, una medida que busca no solo compensar a los afectados, sino tambi\u00e9n corregir una pr\u00e1ctica administrativa contraria al derecho europeo, y se espera que automatice el tratamiento de la cuesti\u00f3n, que los Tribunales de todo el territorio est\u00e1n valorando con soluciones dispares.<\/span><\/p>\n<h3><b>1. El origen del conflicto: la sentencia del TJUE y la persistencia del INSS<\/b><\/h3>\n<p><span style=\"font-weight: 400;\">El contexto de esta decisi\u00f3n se remonta a la Sentencia del Tribunal de Justicia de la Uni\u00f3n Europea (TJUE) de 12 de diciembre de 2019 (asunto C-450\/18). Esta resoluci\u00f3n declar\u00f3 que la normativa espa\u00f1ola que exclu\u00eda a los hombres del reconocimiento del complemento de maternidad era discriminatoria y contraria a la Directiva 79\/7\/CEE sobre igualdad de trato.<\/span><\/p>\n<p><span style=\"font-weight: 400;\">A pesar de esta sentencia, el INSS continu\u00f3 denegando sistem\u00e1ticamente las solicitudes presentadas por hombres, oblig\u00e1ndolos a recurrir a la v\u00eda judicial para defender un derecho ya reconocido. Esta actitud gener\u00f3 una segunda discriminaci\u00f3n: adem\u00e1s de la denegaci\u00f3n inicial, los afectados tuvieron que asumir demoras y gastos legales para obtener lo que les correspond\u00eda.<\/span><\/p>\n<h3><b>2. El periplo judicial del padre pensionista reclamante<\/b><\/h3>\n<p><span style=\"font-weight: 400;\">Para ilustrar la situaci\u00f3n a la que se enfrentaron muchos padres, el caso que ha dado lugar a la sentencia del Supremo es francamente paradigm\u00e1tico.<\/span><\/p>\n<p><span style=\"font-weight: 400;\">El actor solicit\u00f3 su pensi\u00f3n de jubilaci\u00f3n en febrero de 2020. M\u00e1s tarde, en noviembre de 2021, solicit\u00f3 el complemento por aportaci\u00f3n demogr\u00e1fica, acreditando su paternidad. Ante el silencio del INSS, se vio obligado a presentar una reclamaci\u00f3n previa y, finalmente, una demanda judicial en junio de 2022.<\/span><\/p>\n<p><span style=\"font-weight: 400;\">No fue hasta octubre de 2022, ya iniciado el proceso judicial, que el INSS le reconoci\u00f3 el complemento con efectos retroactivos. No obstante, su petici\u00f3n de indemnizaci\u00f3n por el perjuicio causado fue desestimada tanto por el Juzgado de lo Social como por el Tribunal Superior de Justicia de Madrid. Este \u00faltimo argument\u00f3 que no hab\u00eda discriminaci\u00f3n porque el actor no hab\u00eda comunicado su condici\u00f3n de padre en la solicitud inicial. Este largo recorrido procesal culmin\u00f3 con el recurso ante el Tribunal Supremo, que finalmente ha establecido un criterio unificado para todos los casos similares.<\/span><\/p>\n<h3><b>3. La decisi\u00f3n del Tribunal Supremo: una indemnizaci\u00f3n autom\u00e1tica y homog\u00e9nea<\/b><\/h3>\n<p><span style=\"font-weight: 400;\">En la Sentencia de 14 de octubre de 2025, se establece que los hombres que se vieron forzados a litigar tienen derecho a una reparaci\u00f3n \u00edntegra del perjuicio sufrido. Para garantizar la seguridad jur\u00eddica y evitar desigualdades entre los afectados, el Tribunal fija una indemnizaci\u00f3n a tanto alzado de 1.800 euros.<\/span><\/p>\n<p><span style=\"font-weight: 400;\">Esta cantidad se otorga de manera autom\u00e1tica, sin que el afectado tenga que demostrar los da\u00f1os y perjuicios espec\u00edficos. La sentencia considera que esta cifra cubre todos los perjuicios derivados de la necesidad de acudir a la v\u00eda judicial, incluyendo: i) Costes procesales y honorarios de abogado; ii) Posibles da\u00f1os morales, como la incertidumbre y las molestias ocasionadas.<\/span><\/p>\n<p><span style=\"font-weight: 400;\">El objetivo es aplicar una soluci\u00f3n homog\u00e9nea para todos los afectados, ya que el perjuicio causado por la actuaci\u00f3n del INSS es el mismo en todos los casos.<\/span><\/p>\n<h3><b>4. \u00bfQui\u00e9n puede reclamar esta indemnizaci\u00f3n?<\/b><\/h3>\n<p><span style=\"font-weight: 400;\">Pueden solicitar esta compensaci\u00f3n los hombres que cumplan los siguientes requisitos:<\/span><\/p>\n<ol>\n<li><span style=\"font-weight: 400;\">A) Haber solicitado el complemento de maternidad por aportaci\u00f3n demogr\u00e1fica (seg\u00fan la antigua redacci\u00f3n del art\u00edculo 60 del Texto refundido de la Ley General de la Seguridad Social), teniendo, naturalmente, derecho a su percepci\u00f3n.<\/span><\/li>\n<li><span style=\"font-weight: 400;\">B) Que su solicitud fuera denegada por el INSS despu\u00e9s de la sentencia del TJUE de 12 de diciembre de 2019.<\/span><\/li>\n<li><span style=\"font-weight: 400;\">C) Haber iniciado un procedimiento judicial para el reconocimiento de su derecho.<\/span><\/li>\n<\/ol>\n<h3><b>5. Conclusi\u00f3n<\/b><\/h3>\n<p><span style=\"font-weight: 400;\">Esta Sentencia representa un avance significativo en la protecci\u00f3n del derecho a la igualdad y la no discriminaci\u00f3n. No solo corrige la pr\u00e1ctica del INSS, sino que tambi\u00e9n establece un mecanismo efectivo y disuasorio para compensar a los ciudadanos que han tenido que defender sus derechos ante los tribunales por la inacci\u00f3n de la Administraci\u00f3n.<\/span><\/p>\n<p><i><span style=\"font-weight: 400;\">El presente art\u00edculo es meramente divulgativo y no supone asesoramiento ni compromiso de actualizaci\u00f3n.<\/span><\/i><i><span style=\"font-weight: 400;\"><br \/>\n<\/span><\/i><i><span style=\"font-weight: 400;\">Para m\u00e1s informaci\u00f3n o asesoramiento, contacte con info@fernandezadvocats.es<\/span><\/i><\/p>\n","protected":false},"excerpt":{"rendered":"<p>DESCARGAR ART\u00cdCULO COMPLETO EN PDF. &nbsp; Una reciente sentencia del Tribunal Supremo &#8211; Sentencia de la Sala Cuarta del Tribunal Supremo n\u00ba 889\/2025, de 14 de octubre &#8211; ha unificado doctrina y ha establecido un criterio claro para compensar a los hombres que fueron discriminados por el Instituto Nacional de la Seguridad Social (INSS) al [&hellip;]<\/p>\n","protected":false},"author":19,"featured_media":254363,"comment_status":"closed","ping_status":"closed","sticky":false,"template":"","format":"standard","meta":{"_et_pb_use_builder":"","_et_pb_old_content":"","_et_gb_content_width":"","footnotes":""},"categories":[28,39,55,56],"tags":[],"class_list":["post-254368","post","type-post","status-publish","format-standard","has-post-thumbnail","hentry","category-articulos-fa","category-derecho-laboral","category-sentencia-2","category-tsjc-2"],"yoast_head":"<!-- This site is optimized with the Yoast SEO plugin v27.1.1 - https:\/\/yoast.com\/product\/yoast-seo-wordpress\/ -->\n<title>Indemnizaci\u00f3n 1.800\u20ac complemento maternidad | STS 889\/2025<\/title>\n<meta name=\"description\" content=\"El Tribunal Supremo fija 1.800\u20ac de indemnizaci\u00f3n a hombres a los que el INSS deneg\u00f3 el complemento de maternidad tras la sentencia del TJUE.\" \/>\n<meta name=\"robots\" content=\"index, follow, max-snippet:-1, max-image-preview:large, max-video-preview:-1\" \/>\n<link rel=\"canonical\" href=\"https:\/\/fernandezadvocats.es\/es\/indemnizacion-1800-complemento-maternidad-inss-sts-889-2025\/\" \/>\n<meta property=\"og:locale\" content=\"es_ES\" \/>\n<meta property=\"og:type\" content=\"article\" \/>\n<meta property=\"og:title\" content=\"Indemnizaci\u00f3n 1.800\u20ac complemento maternidad | STS 889\/2025\" \/>\n<meta property=\"og:description\" content=\"El Tribunal Supremo fija 1.800\u20ac de indemnizaci\u00f3n a hombres a los que el INSS deneg\u00f3 el complemento de maternidad tras la sentencia del TJUE.\" \/>\n<meta property=\"og:url\" content=\"https:\/\/fernandezadvocats.es\/es\/indemnizacion-1800-complemento-maternidad-inss-sts-889-2025\/\" \/>\n<meta property=\"og:site_name\" content=\"Fern\u00e1ndez Advocats\" \/>\n<meta property=\"article:published_time\" content=\"2026-02-19T12:35:19+00:00\" \/>\n<meta property=\"article:modified_time\" content=\"2026-02-19T12:45:27+00:00\" \/>\n<meta property=\"og:image\" content=\"https:\/\/fernandezadvocats.es\/wp-content\/uploads\/2026\/02\/indemnitzacio-1800-complement-maternitat-inss-sts-889-2025.jpg\" \/>\n\t<meta property=\"og:image:width\" content=\"1998\" \/>\n\t<meta property=\"og:image:height\" content=\"1335\" \/>\n\t<meta property=\"og:image:type\" content=\"image\/jpeg\" \/>\n<meta name=\"author\" content=\"mrclickbarcelona@gmail.com\" \/>\n<meta name=\"twitter:card\" content=\"summary_large_image\" \/>\n<meta name=\"twitter:label1\" content=\"Escrito por\" \/>\n\t<meta name=\"twitter:data1\" content=\"mrclickbarcelona@gmail.com\" \/>\n\t<meta name=\"twitter:label2\" content=\"Tiempo de lectura\" \/>\n\t<meta name=\"twitter:data2\" content=\"5 minutos\" \/>\n<script type=\"application\/ld+json\" class=\"yoast-schema-graph\">{\"@context\":\"https:\/\/schema.org\",\"@graph\":[{\"@type\":\"Article\",\"@id\":\"https:\/\/fernandezadvocats.es\/es\/indemnizacion-1800-complemento-maternidad-inss-sts-889-2025\/#article\",\"isPartOf\":{\"@id\":\"https:\/\/fernandezadvocats.es\/es\/indemnizacion-1800-complemento-maternidad-inss-sts-889-2025\/\"},\"author\":{\"name\":\"mrclickbarcelona@gmail.com\",\"@id\":\"https:\/\/fernandezadvocats.es\/#\/schema\/person\/8ee482a071b4b039d55e3b5981b20a98\"},\"headline\":\"El Tribunal Supremo fija una indemnizaci\u00f3n de 1.800 euros para los hombres a los que el inss deneg\u00f3 el complemento de maternidad\",\"datePublished\":\"2026-02-19T12:35:19+00:00\",\"dateModified\":\"2026-02-19T12:45:27+00:00\",\"mainEntityOfPage\":{\"@id\":\"https:\/\/fernandezadvocats.es\/es\/indemnizacion-1800-complemento-maternidad-inss-sts-889-2025\/\"},\"wordCount\":804,\"publisher\":{\"@id\":\"https:\/\/fernandezadvocats.es\/#organization\"},\"image\":{\"@id\":\"https:\/\/fernandezadvocats.es\/es\/indemnizacion-1800-complemento-maternidad-inss-sts-889-2025\/#primaryimage\"},\"thumbnailUrl\":\"https:\/\/fernandezadvocats.es\/wp-content\/uploads\/2026\/02\/indemnitzacio-1800-complement-maternitat-inss-sts-889-2025.jpg\",\"articleSection\":[\"Art\u00edculos FA\",\"Derecho Laboral\",\"Sentencia\",\"TSJC\"],\"inLanguage\":\"es\"},{\"@type\":\"WebPage\",\"@id\":\"https:\/\/fernandezadvocats.es\/es\/indemnizacion-1800-complemento-maternidad-inss-sts-889-2025\/\",\"url\":\"https:\/\/fernandezadvocats.es\/es\/indemnizacion-1800-complemento-maternidad-inss-sts-889-2025\/\",\"name\":\"Indemnizaci\u00f3n 1.800\u20ac complemento maternidad | STS 889\/2025\",\"isPartOf\":{\"@id\":\"https:\/\/fernandezadvocats.es\/#website\"},\"primaryImageOfPage\":{\"@id\":\"https:\/\/fernandezadvocats.es\/es\/indemnizacion-1800-complemento-maternidad-inss-sts-889-2025\/#primaryimage\"},\"image\":{\"@id\":\"https:\/\/fernandezadvocats.es\/es\/indemnizacion-1800-complemento-maternidad-inss-sts-889-2025\/#primaryimage\"},\"thumbnailUrl\":\"https:\/\/fernandezadvocats.es\/wp-content\/uploads\/2026\/02\/indemnitzacio-1800-complement-maternitat-inss-sts-889-2025.jpg\",\"datePublished\":\"2026-02-19T12:35:19+00:00\",\"dateModified\":\"2026-02-19T12:45:27+00:00\",\"description\":\"El Tribunal Supremo fija 1.800\u20ac de indemnizaci\u00f3n a hombres a los que el INSS deneg\u00f3 el complemento de maternidad tras la sentencia del TJUE.\",\"breadcrumb\":{\"@id\":\"https:\/\/fernandezadvocats.es\/es\/indemnizacion-1800-complemento-maternidad-inss-sts-889-2025\/#breadcrumb\"},\"inLanguage\":\"es\",\"potentialAction\":[{\"@type\":\"ReadAction\",\"target\":[\"https:\/\/fernandezadvocats.es\/es\/indemnizacion-1800-complemento-maternidad-inss-sts-889-2025\/\"]}]},{\"@type\":\"ImageObject\",\"inLanguage\":\"es\",\"@id\":\"https:\/\/fernandezadvocats.es\/es\/indemnizacion-1800-complemento-maternidad-inss-sts-889-2025\/#primaryimage\",\"url\":\"https:\/\/fernandezadvocats.es\/wp-content\/uploads\/2026\/02\/indemnitzacio-1800-complement-maternitat-inss-sts-889-2025.jpg\",\"contentUrl\":\"https:\/\/fernandezadvocats.es\/wp-content\/uploads\/2026\/02\/indemnitzacio-1800-complement-maternitat-inss-sts-889-2025.jpg\",\"width\":1998,\"height\":1335,\"caption\":\"complement maternitat INSS indemnitzaci\u00f3 1800 euros STS 889\/2025\"},{\"@type\":\"BreadcrumbList\",\"@id\":\"https:\/\/fernandezadvocats.es\/es\/indemnizacion-1800-complemento-maternidad-inss-sts-889-2025\/#breadcrumb\",\"itemListElement\":[{\"@type\":\"ListItem\",\"position\":1,\"name\":\"Portada\",\"item\":\"https:\/\/fernandezadvocats.es\/es\/fernandez-advocats-berga\/\"},{\"@type\":\"ListItem\",\"position\":2,\"name\":\"El Tribunal Supremo fija una indemnizaci\u00f3n de 1.800 euros para los hombres a los que el inss deneg\u00f3 el complemento de maternidad\"}]},{\"@type\":\"WebSite\",\"@id\":\"https:\/\/fernandezadvocats.es\/#website\",\"url\":\"https:\/\/fernandezadvocats.es\/\",\"name\":\"Fern\u00e1ndez Advocats\",\"description\":\"Advocats Berga i Barcelona\",\"publisher\":{\"@id\":\"https:\/\/fernandezadvocats.es\/#organization\"},\"alternateName\":\"Abogados Berga y Bracelona\",\"potentialAction\":[{\"@type\":\"SearchAction\",\"target\":{\"@type\":\"EntryPoint\",\"urlTemplate\":\"https:\/\/fernandezadvocats.es\/?s={search_term_string}\"},\"query-input\":{\"@type\":\"PropertyValueSpecification\",\"valueRequired\":true,\"valueName\":\"search_term_string\"}}],\"inLanguage\":\"es\"},{\"@type\":\"Organization\",\"@id\":\"https:\/\/fernandezadvocats.es\/#organization\",\"name\":\"Fern\u00e1ndez Advocats\",\"url\":\"https:\/\/fernandezadvocats.es\/\",\"logo\":{\"@type\":\"ImageObject\",\"inLanguage\":\"es\",\"@id\":\"https:\/\/fernandezadvocats.es\/#\/schema\/logo\/image\/\",\"url\":\"https:\/\/fernandezadvocats.es\/wp-content\/uploads\/2024\/11\/cropped-BF-e1731427554424.png\",\"contentUrl\":\"https:\/\/fernandezadvocats.es\/wp-content\/uploads\/2024\/11\/cropped-BF-e1731427554424.png\",\"width\":512,\"height\":512,\"caption\":\"Fern\u00e1ndez Advocats\"},\"image\":{\"@id\":\"https:\/\/fernandezadvocats.es\/#\/schema\/logo\/image\/\"}},{\"@type\":\"Person\",\"@id\":\"https:\/\/fernandezadvocats.es\/#\/schema\/person\/8ee482a071b4b039d55e3b5981b20a98\",\"name\":\"mrclickbarcelona@gmail.com\",\"image\":{\"@type\":\"ImageObject\",\"inLanguage\":\"es\",\"@id\":\"https:\/\/fernandezadvocats.es\/#\/schema\/person\/image\/\",\"url\":\"https:\/\/secure.gravatar.com\/avatar\/e16cc9a830d1a221b9e83b040154617903c650598282d145b5b76cdcb02f009e?s=96&d=mm&r=g\",\"contentUrl\":\"https:\/\/secure.gravatar.com\/avatar\/e16cc9a830d1a221b9e83b040154617903c650598282d145b5b76cdcb02f009e?s=96&d=mm&r=g\",\"caption\":\"mrclickbarcelona@gmail.com\"},\"url\":\"https:\/\/fernandezadvocats.es\/es\/author\/mrclickbarcelonagmail-com\/\"}]}<\/script>\n<!-- \/ Yoast SEO plugin. -->","yoast_head_json":{"title":"Indemnizaci\u00f3n 1.800\u20ac complemento maternidad | STS 889\/2025","description":"El Tribunal Supremo fija 1.800\u20ac de indemnizaci\u00f3n a hombres a los que el INSS deneg\u00f3 el complemento de maternidad tras la sentencia del TJUE.","robots":{"index":"index","follow":"follow","max-snippet":"max-snippet:-1","max-image-preview":"max-image-preview:large","max-video-preview":"max-video-preview:-1"},"canonical":"https:\/\/fernandezadvocats.es\/es\/indemnizacion-1800-complemento-maternidad-inss-sts-889-2025\/","og_locale":"es_ES","og_type":"article","og_title":"Indemnizaci\u00f3n 1.800\u20ac complemento maternidad | STS 889\/2025","og_description":"El Tribunal Supremo fija 1.800\u20ac de indemnizaci\u00f3n a hombres a los que el INSS deneg\u00f3 el complemento de maternidad tras la sentencia del TJUE.","og_url":"https:\/\/fernandezadvocats.es\/es\/indemnizacion-1800-complemento-maternidad-inss-sts-889-2025\/","og_site_name":"Fern\u00e1ndez Advocats","article_published_time":"2026-02-19T12:35:19+00:00","article_modified_time":"2026-02-19T12:45:27+00:00","og_image":[{"width":1998,"height":1335,"url":"https:\/\/fernandezadvocats.es\/wp-content\/uploads\/2026\/02\/indemnitzacio-1800-complement-maternitat-inss-sts-889-2025.jpg","type":"image\/jpeg"}],"author":"mrclickbarcelona@gmail.com","twitter_card":"summary_large_image","twitter_misc":{"Escrito por":"mrclickbarcelona@gmail.com","Tiempo de lectura":"5 minutos"},"schema":{"@context":"https:\/\/schema.org","@graph":[{"@type":"Article","@id":"https:\/\/fernandezadvocats.es\/es\/indemnizacion-1800-complemento-maternidad-inss-sts-889-2025\/#article","isPartOf":{"@id":"https:\/\/fernandezadvocats.es\/es\/indemnizacion-1800-complemento-maternidad-inss-sts-889-2025\/"},"author":{"name":"mrclickbarcelona@gmail.com","@id":"https:\/\/fernandezadvocats.es\/#\/schema\/person\/8ee482a071b4b039d55e3b5981b20a98"},"headline":"El Tribunal Supremo fija una indemnizaci\u00f3n de 1.800 euros para los hombres a los que el inss deneg\u00f3 el complemento de maternidad","datePublished":"2026-02-19T12:35:19+00:00","dateModified":"2026-02-19T12:45:27+00:00","mainEntityOfPage":{"@id":"https:\/\/fernandezadvocats.es\/es\/indemnizacion-1800-complemento-maternidad-inss-sts-889-2025\/"},"wordCount":804,"publisher":{"@id":"https:\/\/fernandezadvocats.es\/#organization"},"image":{"@id":"https:\/\/fernandezadvocats.es\/es\/indemnizacion-1800-complemento-maternidad-inss-sts-889-2025\/#primaryimage"},"thumbnailUrl":"https:\/\/fernandezadvocats.es\/wp-content\/uploads\/2026\/02\/indemnitzacio-1800-complement-maternitat-inss-sts-889-2025.jpg","articleSection":["Art\u00edculos FA","Derecho Laboral","Sentencia","TSJC"],"inLanguage":"es"},{"@type":"WebPage","@id":"https:\/\/fernandezadvocats.es\/es\/indemnizacion-1800-complemento-maternidad-inss-sts-889-2025\/","url":"https:\/\/fernandezadvocats.es\/es\/indemnizacion-1800-complemento-maternidad-inss-sts-889-2025\/","name":"Indemnizaci\u00f3n 1.800\u20ac complemento maternidad | STS 889\/2025","isPartOf":{"@id":"https:\/\/fernandezadvocats.es\/#website"},"primaryImageOfPage":{"@id":"https:\/\/fernandezadvocats.es\/es\/indemnizacion-1800-complemento-maternidad-inss-sts-889-2025\/#primaryimage"},"image":{"@id":"https:\/\/fernandezadvocats.es\/es\/indemnizacion-1800-complemento-maternidad-inss-sts-889-2025\/#primaryimage"},"thumbnailUrl":"https:\/\/fernandezadvocats.es\/wp-content\/uploads\/2026\/02\/indemnitzacio-1800-complement-maternitat-inss-sts-889-2025.jpg","datePublished":"2026-02-19T12:35:19+00:00","dateModified":"2026-02-19T12:45:27+00:00","description":"El Tribunal Supremo fija 1.800\u20ac de indemnizaci\u00f3n a hombres a los que el INSS deneg\u00f3 el complemento de maternidad tras la sentencia del TJUE.","breadcrumb":{"@id":"https:\/\/fernandezadvocats.es\/es\/indemnizacion-1800-complemento-maternidad-inss-sts-889-2025\/#breadcrumb"},"inLanguage":"es","potentialAction":[{"@type":"ReadAction","target":["https:\/\/fernandezadvocats.es\/es\/indemnizacion-1800-complemento-maternidad-inss-sts-889-2025\/"]}]},{"@type":"ImageObject","inLanguage":"es","@id":"https:\/\/fernandezadvocats.es\/es\/indemnizacion-1800-complemento-maternidad-inss-sts-889-2025\/#primaryimage","url":"https:\/\/fernandezadvocats.es\/wp-content\/uploads\/2026\/02\/indemnitzacio-1800-complement-maternitat-inss-sts-889-2025.jpg","contentUrl":"https:\/\/fernandezadvocats.es\/wp-content\/uploads\/2026\/02\/indemnitzacio-1800-complement-maternitat-inss-sts-889-2025.jpg","width":1998,"height":1335,"caption":"complement maternitat INSS indemnitzaci\u00f3 1800 euros STS 889\/2025"},{"@type":"BreadcrumbList","@id":"https:\/\/fernandezadvocats.es\/es\/indemnizacion-1800-complemento-maternidad-inss-sts-889-2025\/#breadcrumb","itemListElement":[{"@type":"ListItem","position":1,"name":"Portada","item":"https:\/\/fernandezadvocats.es\/es\/fernandez-advocats-berga\/"},{"@type":"ListItem","position":2,"name":"El Tribunal Supremo fija una indemnizaci\u00f3n de 1.800 euros para los hombres a los que el inss deneg\u00f3 el complemento de maternidad"}]},{"@type":"WebSite","@id":"https:\/\/fernandezadvocats.es\/#website","url":"https:\/\/fernandezadvocats.es\/","name":"Fern\u00e1ndez Advocats","description":"Advocats Berga i Barcelona","publisher":{"@id":"https:\/\/fernandezadvocats.es\/#organization"},"alternateName":"Abogados Berga y Bracelona","potentialAction":[{"@type":"SearchAction","target":{"@type":"EntryPoint","urlTemplate":"https:\/\/fernandezadvocats.es\/?s={search_term_string}"},"query-input":{"@type":"PropertyValueSpecification","valueRequired":true,"valueName":"search_term_string"}}],"inLanguage":"es"},{"@type":"Organization","@id":"https:\/\/fernandezadvocats.es\/#organization","name":"Fern\u00e1ndez Advocats","url":"https:\/\/fernandezadvocats.es\/","logo":{"@type":"ImageObject","inLanguage":"es","@id":"https:\/\/fernandezadvocats.es\/#\/schema\/logo\/image\/","url":"https:\/\/fernandezadvocats.es\/wp-content\/uploads\/2024\/11\/cropped-BF-e1731427554424.png","contentUrl":"https:\/\/fernandezadvocats.es\/wp-content\/uploads\/2024\/11\/cropped-BF-e1731427554424.png","width":512,"height":512,"caption":"Fern\u00e1ndez Advocats"},"image":{"@id":"https:\/\/fernandezadvocats.es\/#\/schema\/logo\/image\/"}},{"@type":"Person","@id":"https:\/\/fernandezadvocats.es\/#\/schema\/person\/8ee482a071b4b039d55e3b5981b20a98","name":"mrclickbarcelona@gmail.com","image":{"@type":"ImageObject","inLanguage":"es","@id":"https:\/\/fernandezadvocats.es\/#\/schema\/person\/image\/","url":"https:\/\/secure.gravatar.com\/avatar\/e16cc9a830d1a221b9e83b040154617903c650598282d145b5b76cdcb02f009e?s=96&d=mm&r=g","contentUrl":"https:\/\/secure.gravatar.com\/avatar\/e16cc9a830d1a221b9e83b040154617903c650598282d145b5b76cdcb02f009e?s=96&d=mm&r=g","caption":"mrclickbarcelona@gmail.com"},"url":"https:\/\/fernandezadvocats.es\/es\/author\/mrclickbarcelonagmail-com\/"}]}},"_links":{"self":[{"href":"https:\/\/fernandezadvocats.es\/es\/wp-json\/wp\/v2\/posts\/254368","targetHints":{"allow":["GET"]}}],"collection":[{"href":"https:\/\/fernandezadvocats.es\/es\/wp-json\/wp\/v2\/posts"}],"about":[{"href":"https:\/\/fernandezadvocats.es\/es\/wp-json\/wp\/v2\/types\/post"}],"author":[{"embeddable":true,"href":"https:\/\/fernandezadvocats.es\/es\/wp-json\/wp\/v2\/users\/19"}],"replies":[{"embeddable":true,"href":"https:\/\/fernandezadvocats.es\/es\/wp-json\/wp\/v2\/comments?post=254368"}],"version-history":[{"count":1,"href":"https:\/\/fernandezadvocats.es\/es\/wp-json\/wp\/v2\/posts\/254368\/revisions"}],"predecessor-version":[{"id":254369,"href":"https:\/\/fernandezadvocats.es\/es\/wp-json\/wp\/v2\/posts\/254368\/revisions\/254369"}],"wp:featuredmedia":[{"embeddable":true,"href":"https:\/\/fernandezadvocats.es\/es\/wp-json\/wp\/v2\/media\/254363"}],"wp:attachment":[{"href":"https:\/\/fernandezadvocats.es\/es\/wp-json\/wp\/v2\/media?parent=254368"}],"wp:term":[{"taxonomy":"category","embeddable":true,"href":"https:\/\/fernandezadvocats.es\/es\/wp-json\/wp\/v2\/categories?post=254368"},{"taxonomy":"post_tag","embeddable":true,"href":"https:\/\/fernandezadvocats.es\/es\/wp-json\/wp\/v2\/tags?post=254368"}],"curies":[{"name":"wp","href":"https:\/\/api.w.org\/{rel}","templated":true}]}}