{"id":254374,"date":"2026-02-24T09:15:31","date_gmt":"2026-02-24T08:15:31","guid":{"rendered":"https:\/\/fernandezadvocats.es\/?p=254374"},"modified":"2026-02-24T17:16:10","modified_gmt":"2026-02-24T16:16:10","slug":"ley-11-2025-vivienda-cataluna-alquiler-vpo","status":"publish","type":"post","link":"https:\/\/fernandezadvocats.es\/es\/ley-11-2025-vivienda-cataluna-alquiler-vpo\/","title":{"rendered":"Ley 11\/2025 de Vivienda: Nuevas reglas para el alquiler de temporada, alquiler de habitaciones y vivienda protegida en Catalu\u00f1a."},"content":{"rendered":"<p><strong><a href=\"https:\/\/fernandezadvocats.es\/wp-content\/uploads\/2026\/02\/Novetat-legislativa-lloguers-de-temporada-habitacions-i-proteccio-oficial.pdf\">DESCARGAR ART\u00cdCULO COMPLETO EN PDF. <\/a><\/strong><\/p>\n<p>&nbsp;<\/p>\n<p><span style=\"font-weight: 400;\">El pasado 29 de diciembre de 2025 se public\u00f3 en el Diario Oficial de la Generalitat de Catalunya la Ley 11\/2025, de medidas en materia de vivienda y urbanismo. Esta norma introduce modificaciones relevantes en la Ley 18\/2007, del derecho a la vivienda, que afectan directamente a propietarios, arrendadores y arrendatarios, especialmente en materia de contratos de alquiler de temporada, alquiler de habitaciones y r\u00e9gimen de las viviendas con protecci\u00f3n oficial. En este art\u00edculo analizaremos sus novedades m\u00e1s destacadas.<\/span><\/p>\n<h2><b>Nuevas reglas para el alquiler de temporada<\/b><\/h2>\n<p><span style=\"font-weight: 400;\">Se incorpora una regulaci\u00f3n espec\u00edfica de los arrendamientos de viviendas con car\u00e1cter temporal, estableciendo criterios concretos para distinguirlos de los arrendamientos de vivienda permanente y limitando su uso indebido.<\/span><\/p>\n<h3><b>Arrendamiento de vivienda permanente versus temporal.<\/b><\/h3>\n<p><span style=\"font-weight: 400;\">La norma define como arrendamiento de vivienda permanente aquel destinado a satisfacer la necesidad de vivienda, con independencia de su duraci\u00f3n. Quedan excluidas de esta categor\u00eda las viviendas destinadas a usos recreativos, tur\u00edsticos o de temporada de vacaciones. Estas finalidades deben constar expresamente en el contrato.<\/span><\/p>\n<p><span style=\"font-weight: 400;\">A los arrendamientos suscritos con car\u00e1cter temporal por razones profesionales, laborales, de estudios, de atenci\u00f3n o asistencia m\u00e9dica, de situaciones provisionales en espera de entrega de vivienda o de retorno a la residencia habitual, o por otros usos an\u00e1logos que no sean distintos de la satisfacci\u00f3n de la necesidad de vivienda, se les aplican las normas de los arrendamientos de vivienda relativas a la fianza, las garant\u00edas adicionales, la determinaci\u00f3n y actualizaci\u00f3n de la renta, la elevaci\u00f3n de la renta por mejoras en el inmueble y la asunci\u00f3n de gastos generales y servicios individuales.<\/span><\/p>\n<h3><b>Acreditaci\u00f3n de la temporalidad.<\/b><\/h3>\n<p><span style=\"font-weight: 400;\">Debe dejarse constancia de la finalidad del contrato y su acreditaci\u00f3n documental, que deber\u00e1 depositarse junto con la fianza en el registro correspondiente. Se presume que el arrendamiento tiene finalidad de vivienda permanente si en el registro correspondiente no consta acreditado un uso distinto del de vivienda.<\/span><\/p>\n<h3><b>Usos recreativos, de vacaciones o de ocio.<\/b><\/h3>\n<p><span style=\"font-weight: 400;\">A las viviendas que tengan una finalidad exclusivamente recreativa, de vacaciones o de ocio se les aplican las normas relativas al arrendamiento para usos distintos del de vivienda. Esta causa o finalidad debe hacerse constar en el contrato con aportaci\u00f3n de documentaci\u00f3n espec\u00edfica y debe acreditarse debidamente. Tambi\u00e9n debe constar el lugar de residencia permanente de la parte arrendataria.<\/span><\/p>\n<h3><b>Pr\u00f3rroga y renovaci\u00f3n de contratos temporales.<\/b><\/h3>\n<p><span style=\"font-weight: 400;\">En caso de pr\u00f3rroga de los arrendamientos temporales por causas acreditadas, si el arrendatario no ha acreditado expresamente la causa de la temporalidad y que tiene su residencia en otro lugar, el contrato se considera sometido a la legislaci\u00f3n en materia de arrendamientos urbanos para vivienda permanente y se aplica su r\u00e9gimen jur\u00eddico, incluida la duraci\u00f3n legal m\u00ednima y el r\u00e9gimen de pr\u00f3rrogas a contar desde la fecha en que se formaliz\u00f3 el contrato inicial.<\/span><\/p>\n<p><span style=\"font-weight: 400;\">Si el contrato no se prorroga pero se formaliza un nuevo contrato con la misma parte arrendataria y sobre la misma vivienda, este queda sujeto a las normas del contrato de arrendamiento para vivienda permanente, salvo que la parte arrendadora acredite debidamente la pr\u00f3rroga de las circunstancias que causaban la necesidad temporal de vivienda.<\/span><\/p>\n<h2><b>Nuevos l\u00edmites y regulaci\u00f3n para el alquiler de habitaciones.<\/b><\/h2>\n<p><span style=\"font-weight: 400;\">Se establecen nuevos l\u00edmites y condiciones en relaci\u00f3n con el alquiler de habitaciones.<\/span><\/p>\n<h3><b>Definici\u00f3n del arrendamiento de habitaci\u00f3n<\/b><\/h3>\n<p><span style=\"font-weight: 400;\">El arrendamiento de habitaci\u00f3n es el contrato por el cual la parte arrendadora se obliga a atribuir a la arrendataria el uso exclusivo de una habitaci\u00f3n y el derecho a utilizar otras estancias o espacios de uso com\u00fan de la vivienda, a cambio de un precio.<\/span><\/p>\n<p><span style=\"font-weight: 400;\">El arrendamiento de habitaciones debe respetar los est\u00e1ndares de superficie por persona y el umbral m\u00e1ximo de ocupaci\u00f3n de la vivienda fijados por la normativa sectorial en materia de vivienda y especificados en la c\u00e9dula de habitabilidad.<\/span><\/p>\n<h3><b>R\u00e9gimen aplicable y l\u00edmite de rentas<\/b><\/h3>\n<p><span style=\"font-weight: 400;\">El arrendamiento de vivienda por habitaciones o cualquier otra clase de fragmentaci\u00f3n f\u00edsica o contractual no desnaturaliza el car\u00e1cter de arrendamiento de vivienda ni evita la aplicaci\u00f3n de las reglas que le son propias.<\/span><\/p>\n<p><span style=\"font-weight: 400;\">La norma establece una limitaci\u00f3n concreta: la suma de las rentas pactadas en varios contratos de arrendamiento de vigencia simult\u00e1nea de una vivienda situada en una zona de mercado residencial tensionado no puede superar la renta m\u00e1xima aplicable al arrendamiento del conjunto de la vivienda.<\/span><\/p>\n<h2><b>Viviendas de protecci\u00f3n oficial: ampliaci\u00f3n y nuevas reglas.<\/b><\/h2>\n<p><span style=\"font-weight: 400;\">Se introducen modificaciones relevantes en el r\u00e9gimen de las viviendas con protecci\u00f3n oficial, tanto en lo que respecta a su incorporaci\u00f3n al parque protegido como a su r\u00e9gimen de precios y duraci\u00f3n de la calificaci\u00f3n.<\/span><\/p>\n<h3><b>Ampliaci\u00f3n de supuestos de calificaci\u00f3n.<\/b><\/h3>\n<p><span style=\"font-weight: 400;\">Las viviendas con protecci\u00f3n oficial se sujetan al r\u00e9gimen de precios m\u00e1ximos de venta y de rentas determinados de acuerdo con la normativa aplicable o los que establezcan, en su caso, los programas espec\u00edficos de fomento del acceso a la vivienda y de la rehabilitaci\u00f3n.<\/span><\/p>\n<p><span style=\"font-weight: 400;\">La norma ampl\u00eda los supuestos en que una vivienda puede adquirir la calificaci\u00f3n de protecci\u00f3n oficial, incluyendo los casos en que as\u00ed lo establezcan programas espec\u00edficos de fomento del acceso a la vivienda y de la rehabilitaci\u00f3n.<\/span><\/p>\n<h3><b>Vigencia de la calificaci\u00f3n en zonas de mercado residencial tensionado.<\/b><\/h3>\n<p><span style=\"font-weight: 400;\">En el caso de viviendas calificadas o que se califiquen con protecci\u00f3n oficial situadas en una zona de mercado residencial tensionado, declarada de acuerdo con la normativa estatal aplicable, la calificaci\u00f3n ser\u00e1 vigente mientras lo sea la declaraci\u00f3n de zona de mercado residencial tensionado.<\/span><\/p>\n<p><span style=\"font-weight: 400;\">Esta vigencia de la calificaci\u00f3n se aplica tambi\u00e9n a las viviendas con protecci\u00f3n oficial que est\u00e9n calificadas definitivamente antes de la entrada en vigor de la Ley 11\/2025 y que est\u00e9n incluidas en una zona de mercado residencial tensionado.<\/span><\/p>\n<h3><b>Registro de solicitantes: caducidad y renovaci\u00f3n.<\/b><\/h3>\n<p><span style=\"font-weight: 400;\">La inscripci\u00f3n en el Registro de solicitantes de vivienda con protecci\u00f3n oficial caduca en el plazo de dos a\u00f1os, salvo que sea renovada antes del transcurso de dicho plazo mediante la presentaci\u00f3n de una declaraci\u00f3n responsable sobre el cumplimiento de los requisitos exigidos.<\/span><\/p>\n<h3><b>Procedimiento de adjudicaci\u00f3n.<\/b><\/h3>\n<p><span style=\"font-weight: 400;\">Los promotores pueden optar por realizar un procedimiento de adjudicaci\u00f3n en el que puedan presentarse las personas inscritas en el Registro de solicitantes de viviendas con protecci\u00f3n oficial que est\u00e9n interesadas en la promoci\u00f3n concreta. Tienen prioridad en la adjudicaci\u00f3n de las viviendas las personas inscritas en dicho Registro con mayor antig\u00fcedad de inscripci\u00f3n.<\/span><\/p>\n<p><span style=\"font-weight: 400;\">El hecho de que las personas inscritas, aun cumpliendo los requisitos establecidos por el anuncio, no participen en el procedimiento es causa de baja del Registro, salvo en los casos en que se acredite que la vivienda o las condiciones de contrataci\u00f3n no son adecuadas para la unidad de convivencia. La baja requiere la notificaci\u00f3n previa a la persona interesada de la correspondiente propuesta de resoluci\u00f3n administrativa y la apertura de un plazo de quince d\u00edas para la presentaci\u00f3n de alegaciones.<\/span><\/p>\n<h3><b>Viviendas adquiridas por tanteo y retracto.<\/b><\/h3>\n<p><span style=\"font-weight: 400;\">Todas las viviendas adquiridas por la Administraci\u00f3n mediante el ejercicio de los derechos de tanteo y retracto que establece la normativa aplicable deben calificarse de manera permanente como viviendas con protecci\u00f3n oficial de r\u00e9gimen general o figura equivalente existente, aunque superen los precios m\u00e1ximos establecidos para el correspondiente tipo de viviendas con protecci\u00f3n oficial.<\/span><\/p>\n<p><span style=\"font-weight: 400;\">El precio m\u00e1ximo de estas viviendas en sucesivas transmisiones es el precio establecido en la escritura p\u00fablica de adquisici\u00f3n de la vivienda, incrementado con la variaci\u00f3n interanual del \u00edndice de precios de consumo (IPC) calculada en funci\u00f3n de las medias anuales del conjunto del Estado, entre el a\u00f1o de la calificaci\u00f3n y el a\u00f1o de la formalizaci\u00f3n del contrato.<\/span><\/p>\n<h2><b> Conclusi\u00f3n.<\/b><\/h2>\n<p><span style=\"font-weight: 400;\">La Ley 11\/2025 supone un cambio normativo relevante que afecta directamente a las relaciones contractuales en materia de vivienda en Catalu\u00f1a. Las nuevas reglas sobre alquiler de temporada y alquiler de habitaciones establecen obligaciones espec\u00edficas de acreditaci\u00f3n y documentaci\u00f3n, as\u00ed como l\u00edmites de renta en determinados supuestos. En cuanto a las viviendas con protecci\u00f3n oficial, se ampl\u00edan los supuestos de calificaci\u00f3n y se establecen reglas especiales para zonas de mercado residencial tensionado.<\/span><\/p>\n<p><span style=\"font-weight: 400;\">Cada situaci\u00f3n presenta particularidades propias que requieren un an\u00e1lisis jur\u00eddico individualizado. En Fern\u00e1ndez Advocats contamos con una dilatada experiencia en derecho inmobiliario y en el asesoramiento a propietarios, arrendadores y arrendatarios ante las modificaciones legislativas en materia de vivienda. La adecuada planificaci\u00f3n jur\u00eddica en este \u00e1mbito resulta esencial para prevenir contingencias futuras y garantizar la seguridad jur\u00eddica de las operaciones inmobiliarias.<\/span><\/p>\n<p><i><span style=\"font-weight: 400;\">El presente art\u00edculo es meramente divulgativo y no supone asesoramiento ni compromiso de actualizaci\u00f3n.<\/span><\/i><i><span style=\"font-weight: 400;\"><br \/>\n<\/span><\/i><i><span style=\"font-weight: 400;\"> Para m\u00e1s informaci\u00f3n o asesoramiento, contacte con info@fernandezadvocats.es<\/span><\/i><\/p>\n<p>&nbsp;<\/p>\n","protected":false},"excerpt":{"rendered":"<p>DESCARGAR ART\u00cdCULO COMPLETO EN PDF. &nbsp; El pasado 29 de diciembre de 2025 se public\u00f3 en el Diario Oficial de la Generalitat de Catalunya la Ley 11\/2025, de medidas en materia de vivienda y urbanismo. Esta norma introduce modificaciones relevantes en la Ley 18\/2007, del derecho a la vivienda, que afectan directamente a propietarios, arrendadores [&hellip;]<\/p>\n","protected":false},"author":19,"featured_media":254372,"comment_status":"closed","ping_status":"closed","sticky":false,"template":"","format":"standard","meta":{"_et_pb_use_builder":"","_et_pb_old_content":"","_et_gb_content_width":"","footnotes":""},"categories":[36,145,176,28,40,109],"tags":[],"class_list":["post-254374","post","type-post","status-publish","format-standard","has-post-thumbnail","hentry","category-arrendamiento-viviendas","category-arrendamientos-urbanos","category-articles-fa-es","category-articulos-fa","category-derecho-civil","category-vivienda"],"yoast_head":"<!-- This site is optimized with the Yoast SEO plugin v27.1.1 - https:\/\/yoast.com\/product\/yoast-seo-wordpress\/ -->\n<title>Ley 11\/2025 vivienda: alquiler y VPO en Catalu\u00f1a<\/title>\n<meta name=\"description\" content=\"Ley 11\/2025 de vivienda en Catalu\u00f1a: nuevas reglas para alquiler de temporada, habitaciones y vivienda protegida en zonas tensionadas.\" \/>\n<meta name=\"robots\" content=\"index, follow, max-snippet:-1, max-image-preview:large, max-video-preview:-1\" \/>\n<link rel=\"canonical\" href=\"https:\/\/fernandezadvocats.es\/es\/ley-11-2025-vivienda-cataluna-alquiler-vpo\/\" \/>\n<meta property=\"og:locale\" content=\"es_ES\" \/>\n<meta property=\"og:type\" content=\"article\" \/>\n<meta property=\"og:title\" content=\"Ley 11\/2025 vivienda: alquiler y VPO en Catalu\u00f1a\" \/>\n<meta property=\"og:description\" content=\"Ley 11\/2025 de vivienda en Catalu\u00f1a: nuevas reglas para alquiler de temporada, habitaciones y vivienda protegida en zonas tensionadas.\" \/>\n<meta property=\"og:url\" content=\"https:\/\/fernandezadvocats.es\/es\/ley-11-2025-vivienda-cataluna-alquiler-vpo\/\" \/>\n<meta property=\"og:site_name\" content=\"Fern\u00e1ndez Advocats\" \/>\n<meta property=\"article:published_time\" content=\"2026-02-24T08:15:31+00:00\" \/>\n<meta property=\"article:modified_time\" content=\"2026-02-24T16:16:10+00:00\" \/>\n<meta property=\"og:image\" content=\"https:\/\/fernandezadvocats.es\/wp-content\/uploads\/2026\/02\/Llei-112025-habitatge.jpg\" \/>\n\t<meta property=\"og:image:width\" content=\"437\" \/>\n\t<meta property=\"og:image:height\" content=\"292\" \/>\n\t<meta property=\"og:image:type\" content=\"image\/jpeg\" \/>\n<meta name=\"author\" content=\"mrclickbarcelona@gmail.com\" \/>\n<meta name=\"twitter:card\" content=\"summary_large_image\" \/>\n<meta name=\"twitter:label1\" content=\"Escrito por\" \/>\n\t<meta name=\"twitter:data1\" content=\"mrclickbarcelona@gmail.com\" \/>\n\t<meta name=\"twitter:label2\" content=\"Tiempo de lectura\" \/>\n\t<meta name=\"twitter:data2\" content=\"8 minutos\" \/>\n<script type=\"application\/ld+json\" class=\"yoast-schema-graph\">{\"@context\":\"https:\/\/schema.org\",\"@graph\":[{\"@type\":\"Article\",\"@id\":\"https:\/\/fernandezadvocats.es\/es\/ley-11-2025-vivienda-cataluna-alquiler-vpo\/#article\",\"isPartOf\":{\"@id\":\"https:\/\/fernandezadvocats.es\/es\/ley-11-2025-vivienda-cataluna-alquiler-vpo\/\"},\"author\":{\"name\":\"mrclickbarcelona@gmail.com\",\"@id\":\"https:\/\/fernandezadvocats.es\/#\/schema\/person\/8ee482a071b4b039d55e3b5981b20a98\"},\"headline\":\"Ley 11\/2025 de Vivienda: Nuevas reglas para el alquiler de temporada, alquiler de habitaciones y vivienda protegida en Catalu\u00f1a.\",\"datePublished\":\"2026-02-24T08:15:31+00:00\",\"dateModified\":\"2026-02-24T16:16:10+00:00\",\"mainEntityOfPage\":{\"@id\":\"https:\/\/fernandezadvocats.es\/es\/ley-11-2025-vivienda-cataluna-alquiler-vpo\/\"},\"wordCount\":1557,\"publisher\":{\"@id\":\"https:\/\/fernandezadvocats.es\/#organization\"},\"image\":{\"@id\":\"https:\/\/fernandezadvocats.es\/es\/ley-11-2025-vivienda-cataluna-alquiler-vpo\/#primaryimage\"},\"thumbnailUrl\":\"https:\/\/fernandezadvocats.es\/wp-content\/uploads\/2026\/02\/Llei-112025-habitatge.jpg\",\"articleSection\":[\"Arrendamiento viviendas\",\"Arrendamientos Urbanos\",\"Articles FA\",\"Art\u00edculos FA\",\"Derecho Civil\",\"Vivienda\"],\"inLanguage\":\"es\"},{\"@type\":\"WebPage\",\"@id\":\"https:\/\/fernandezadvocats.es\/es\/ley-11-2025-vivienda-cataluna-alquiler-vpo\/\",\"url\":\"https:\/\/fernandezadvocats.es\/es\/ley-11-2025-vivienda-cataluna-alquiler-vpo\/\",\"name\":\"Ley 11\/2025 vivienda: alquiler y VPO en Catalu\u00f1a\",\"isPartOf\":{\"@id\":\"https:\/\/fernandezadvocats.es\/#website\"},\"primaryImageOfPage\":{\"@id\":\"https:\/\/fernandezadvocats.es\/es\/ley-11-2025-vivienda-cataluna-alquiler-vpo\/#primaryimage\"},\"image\":{\"@id\":\"https:\/\/fernandezadvocats.es\/es\/ley-11-2025-vivienda-cataluna-alquiler-vpo\/#primaryimage\"},\"thumbnailUrl\":\"https:\/\/fernandezadvocats.es\/wp-content\/uploads\/2026\/02\/Llei-112025-habitatge.jpg\",\"datePublished\":\"2026-02-24T08:15:31+00:00\",\"dateModified\":\"2026-02-24T16:16:10+00:00\",\"description\":\"Ley 11\/2025 de vivienda en Catalu\u00f1a: nuevas reglas para alquiler de temporada, habitaciones y vivienda protegida en zonas tensionadas.\",\"breadcrumb\":{\"@id\":\"https:\/\/fernandezadvocats.es\/es\/ley-11-2025-vivienda-cataluna-alquiler-vpo\/#breadcrumb\"},\"inLanguage\":\"es\",\"potentialAction\":[{\"@type\":\"ReadAction\",\"target\":[\"https:\/\/fernandezadvocats.es\/es\/ley-11-2025-vivienda-cataluna-alquiler-vpo\/\"]}]},{\"@type\":\"ImageObject\",\"inLanguage\":\"es\",\"@id\":\"https:\/\/fernandezadvocats.es\/es\/ley-11-2025-vivienda-cataluna-alquiler-vpo\/#primaryimage\",\"url\":\"https:\/\/fernandezadvocats.es\/wp-content\/uploads\/2026\/02\/Llei-112025-habitatge.jpg\",\"contentUrl\":\"https:\/\/fernandezadvocats.es\/wp-content\/uploads\/2026\/02\/Llei-112025-habitatge.jpg\",\"width\":437,\"height\":292,\"caption\":\"Llei 112025 habitatge\"},{\"@type\":\"BreadcrumbList\",\"@id\":\"https:\/\/fernandezadvocats.es\/es\/ley-11-2025-vivienda-cataluna-alquiler-vpo\/#breadcrumb\",\"itemListElement\":[{\"@type\":\"ListItem\",\"position\":1,\"name\":\"Portada\",\"item\":\"https:\/\/fernandezadvocats.es\/es\/fernandez-advocats-berga\/\"},{\"@type\":\"ListItem\",\"position\":2,\"name\":\"Ley 11\/2025 de Vivienda: Nuevas reglas para el alquiler de temporada, alquiler de habitaciones y vivienda protegida en Catalu\u00f1a.\"}]},{\"@type\":\"WebSite\",\"@id\":\"https:\/\/fernandezadvocats.es\/#website\",\"url\":\"https:\/\/fernandezadvocats.es\/\",\"name\":\"Fern\u00e1ndez Advocats\",\"description\":\"Advocats Berga i Barcelona\",\"publisher\":{\"@id\":\"https:\/\/fernandezadvocats.es\/#organization\"},\"alternateName\":\"Abogados Berga y Bracelona\",\"potentialAction\":[{\"@type\":\"SearchAction\",\"target\":{\"@type\":\"EntryPoint\",\"urlTemplate\":\"https:\/\/fernandezadvocats.es\/?s={search_term_string}\"},\"query-input\":{\"@type\":\"PropertyValueSpecification\",\"valueRequired\":true,\"valueName\":\"search_term_string\"}}],\"inLanguage\":\"es\"},{\"@type\":\"Organization\",\"@id\":\"https:\/\/fernandezadvocats.es\/#organization\",\"name\":\"Fern\u00e1ndez Advocats\",\"url\":\"https:\/\/fernandezadvocats.es\/\",\"logo\":{\"@type\":\"ImageObject\",\"inLanguage\":\"es\",\"@id\":\"https:\/\/fernandezadvocats.es\/#\/schema\/logo\/image\/\",\"url\":\"https:\/\/fernandezadvocats.es\/wp-content\/uploads\/2024\/11\/cropped-BF-e1731427554424.png\",\"contentUrl\":\"https:\/\/fernandezadvocats.es\/wp-content\/uploads\/2024\/11\/cropped-BF-e1731427554424.png\",\"width\":512,\"height\":512,\"caption\":\"Fern\u00e1ndez Advocats\"},\"image\":{\"@id\":\"https:\/\/fernandezadvocats.es\/#\/schema\/logo\/image\/\"}},{\"@type\":\"Person\",\"@id\":\"https:\/\/fernandezadvocats.es\/#\/schema\/person\/8ee482a071b4b039d55e3b5981b20a98\",\"name\":\"mrclickbarcelona@gmail.com\",\"image\":{\"@type\":\"ImageObject\",\"inLanguage\":\"es\",\"@id\":\"https:\/\/fernandezadvocats.es\/#\/schema\/person\/image\/\",\"url\":\"https:\/\/secure.gravatar.com\/avatar\/e16cc9a830d1a221b9e83b040154617903c650598282d145b5b76cdcb02f009e?s=96&d=mm&r=g\",\"contentUrl\":\"https:\/\/secure.gravatar.com\/avatar\/e16cc9a830d1a221b9e83b040154617903c650598282d145b5b76cdcb02f009e?s=96&d=mm&r=g\",\"caption\":\"mrclickbarcelona@gmail.com\"},\"url\":\"https:\/\/fernandezadvocats.es\/es\/author\/mrclickbarcelonagmail-com\/\"}]}<\/script>\n<!-- \/ Yoast SEO plugin. -->","yoast_head_json":{"title":"Ley 11\/2025 vivienda: alquiler y VPO en Catalu\u00f1a","description":"Ley 11\/2025 de vivienda en Catalu\u00f1a: nuevas reglas para alquiler de temporada, habitaciones y vivienda protegida en zonas tensionadas.","robots":{"index":"index","follow":"follow","max-snippet":"max-snippet:-1","max-image-preview":"max-image-preview:large","max-video-preview":"max-video-preview:-1"},"canonical":"https:\/\/fernandezadvocats.es\/es\/ley-11-2025-vivienda-cataluna-alquiler-vpo\/","og_locale":"es_ES","og_type":"article","og_title":"Ley 11\/2025 vivienda: alquiler y VPO en Catalu\u00f1a","og_description":"Ley 11\/2025 de vivienda en Catalu\u00f1a: nuevas reglas para alquiler de temporada, habitaciones y vivienda protegida en zonas tensionadas.","og_url":"https:\/\/fernandezadvocats.es\/es\/ley-11-2025-vivienda-cataluna-alquiler-vpo\/","og_site_name":"Fern\u00e1ndez Advocats","article_published_time":"2026-02-24T08:15:31+00:00","article_modified_time":"2026-02-24T16:16:10+00:00","og_image":[{"width":437,"height":292,"url":"https:\/\/fernandezadvocats.es\/wp-content\/uploads\/2026\/02\/Llei-112025-habitatge.jpg","type":"image\/jpeg"}],"author":"mrclickbarcelona@gmail.com","twitter_card":"summary_large_image","twitter_misc":{"Escrito por":"mrclickbarcelona@gmail.com","Tiempo de lectura":"8 minutos"},"schema":{"@context":"https:\/\/schema.org","@graph":[{"@type":"Article","@id":"https:\/\/fernandezadvocats.es\/es\/ley-11-2025-vivienda-cataluna-alquiler-vpo\/#article","isPartOf":{"@id":"https:\/\/fernandezadvocats.es\/es\/ley-11-2025-vivienda-cataluna-alquiler-vpo\/"},"author":{"name":"mrclickbarcelona@gmail.com","@id":"https:\/\/fernandezadvocats.es\/#\/schema\/person\/8ee482a071b4b039d55e3b5981b20a98"},"headline":"Ley 11\/2025 de Vivienda: Nuevas reglas para el alquiler de temporada, alquiler de habitaciones y vivienda protegida en Catalu\u00f1a.","datePublished":"2026-02-24T08:15:31+00:00","dateModified":"2026-02-24T16:16:10+00:00","mainEntityOfPage":{"@id":"https:\/\/fernandezadvocats.es\/es\/ley-11-2025-vivienda-cataluna-alquiler-vpo\/"},"wordCount":1557,"publisher":{"@id":"https:\/\/fernandezadvocats.es\/#organization"},"image":{"@id":"https:\/\/fernandezadvocats.es\/es\/ley-11-2025-vivienda-cataluna-alquiler-vpo\/#primaryimage"},"thumbnailUrl":"https:\/\/fernandezadvocats.es\/wp-content\/uploads\/2026\/02\/Llei-112025-habitatge.jpg","articleSection":["Arrendamiento viviendas","Arrendamientos Urbanos","Articles FA","Art\u00edculos FA","Derecho Civil","Vivienda"],"inLanguage":"es"},{"@type":"WebPage","@id":"https:\/\/fernandezadvocats.es\/es\/ley-11-2025-vivienda-cataluna-alquiler-vpo\/","url":"https:\/\/fernandezadvocats.es\/es\/ley-11-2025-vivienda-cataluna-alquiler-vpo\/","name":"Ley 11\/2025 vivienda: alquiler y VPO en Catalu\u00f1a","isPartOf":{"@id":"https:\/\/fernandezadvocats.es\/#website"},"primaryImageOfPage":{"@id":"https:\/\/fernandezadvocats.es\/es\/ley-11-2025-vivienda-cataluna-alquiler-vpo\/#primaryimage"},"image":{"@id":"https:\/\/fernandezadvocats.es\/es\/ley-11-2025-vivienda-cataluna-alquiler-vpo\/#primaryimage"},"thumbnailUrl":"https:\/\/fernandezadvocats.es\/wp-content\/uploads\/2026\/02\/Llei-112025-habitatge.jpg","datePublished":"2026-02-24T08:15:31+00:00","dateModified":"2026-02-24T16:16:10+00:00","description":"Ley 11\/2025 de vivienda en Catalu\u00f1a: nuevas reglas para alquiler de temporada, habitaciones y vivienda protegida en zonas tensionadas.","breadcrumb":{"@id":"https:\/\/fernandezadvocats.es\/es\/ley-11-2025-vivienda-cataluna-alquiler-vpo\/#breadcrumb"},"inLanguage":"es","potentialAction":[{"@type":"ReadAction","target":["https:\/\/fernandezadvocats.es\/es\/ley-11-2025-vivienda-cataluna-alquiler-vpo\/"]}]},{"@type":"ImageObject","inLanguage":"es","@id":"https:\/\/fernandezadvocats.es\/es\/ley-11-2025-vivienda-cataluna-alquiler-vpo\/#primaryimage","url":"https:\/\/fernandezadvocats.es\/wp-content\/uploads\/2026\/02\/Llei-112025-habitatge.jpg","contentUrl":"https:\/\/fernandezadvocats.es\/wp-content\/uploads\/2026\/02\/Llei-112025-habitatge.jpg","width":437,"height":292,"caption":"Llei 112025 habitatge"},{"@type":"BreadcrumbList","@id":"https:\/\/fernandezadvocats.es\/es\/ley-11-2025-vivienda-cataluna-alquiler-vpo\/#breadcrumb","itemListElement":[{"@type":"ListItem","position":1,"name":"Portada","item":"https:\/\/fernandezadvocats.es\/es\/fernandez-advocats-berga\/"},{"@type":"ListItem","position":2,"name":"Ley 11\/2025 de Vivienda: Nuevas reglas para el alquiler de temporada, alquiler de habitaciones y vivienda protegida en Catalu\u00f1a."}]},{"@type":"WebSite","@id":"https:\/\/fernandezadvocats.es\/#website","url":"https:\/\/fernandezadvocats.es\/","name":"Fern\u00e1ndez Advocats","description":"Advocats Berga i Barcelona","publisher":{"@id":"https:\/\/fernandezadvocats.es\/#organization"},"alternateName":"Abogados Berga y Bracelona","potentialAction":[{"@type":"SearchAction","target":{"@type":"EntryPoint","urlTemplate":"https:\/\/fernandezadvocats.es\/?s={search_term_string}"},"query-input":{"@type":"PropertyValueSpecification","valueRequired":true,"valueName":"search_term_string"}}],"inLanguage":"es"},{"@type":"Organization","@id":"https:\/\/fernandezadvocats.es\/#organization","name":"Fern\u00e1ndez Advocats","url":"https:\/\/fernandezadvocats.es\/","logo":{"@type":"ImageObject","inLanguage":"es","@id":"https:\/\/fernandezadvocats.es\/#\/schema\/logo\/image\/","url":"https:\/\/fernandezadvocats.es\/wp-content\/uploads\/2024\/11\/cropped-BF-e1731427554424.png","contentUrl":"https:\/\/fernandezadvocats.es\/wp-content\/uploads\/2024\/11\/cropped-BF-e1731427554424.png","width":512,"height":512,"caption":"Fern\u00e1ndez Advocats"},"image":{"@id":"https:\/\/fernandezadvocats.es\/#\/schema\/logo\/image\/"}},{"@type":"Person","@id":"https:\/\/fernandezadvocats.es\/#\/schema\/person\/8ee482a071b4b039d55e3b5981b20a98","name":"mrclickbarcelona@gmail.com","image":{"@type":"ImageObject","inLanguage":"es","@id":"https:\/\/fernandezadvocats.es\/#\/schema\/person\/image\/","url":"https:\/\/secure.gravatar.com\/avatar\/e16cc9a830d1a221b9e83b040154617903c650598282d145b5b76cdcb02f009e?s=96&d=mm&r=g","contentUrl":"https:\/\/secure.gravatar.com\/avatar\/e16cc9a830d1a221b9e83b040154617903c650598282d145b5b76cdcb02f009e?s=96&d=mm&r=g","caption":"mrclickbarcelona@gmail.com"},"url":"https:\/\/fernandezadvocats.es\/es\/author\/mrclickbarcelonagmail-com\/"}]}},"_links":{"self":[{"href":"https:\/\/fernandezadvocats.es\/es\/wp-json\/wp\/v2\/posts\/254374","targetHints":{"allow":["GET"]}}],"collection":[{"href":"https:\/\/fernandezadvocats.es\/es\/wp-json\/wp\/v2\/posts"}],"about":[{"href":"https:\/\/fernandezadvocats.es\/es\/wp-json\/wp\/v2\/types\/post"}],"author":[{"embeddable":true,"href":"https:\/\/fernandezadvocats.es\/es\/wp-json\/wp\/v2\/users\/19"}],"replies":[{"embeddable":true,"href":"https:\/\/fernandezadvocats.es\/es\/wp-json\/wp\/v2\/comments?post=254374"}],"version-history":[{"count":2,"href":"https:\/\/fernandezadvocats.es\/es\/wp-json\/wp\/v2\/posts\/254374\/revisions"}],"predecessor-version":[{"id":254378,"href":"https:\/\/fernandezadvocats.es\/es\/wp-json\/wp\/v2\/posts\/254374\/revisions\/254378"}],"wp:featuredmedia":[{"embeddable":true,"href":"https:\/\/fernandezadvocats.es\/es\/wp-json\/wp\/v2\/media\/254372"}],"wp:attachment":[{"href":"https:\/\/fernandezadvocats.es\/es\/wp-json\/wp\/v2\/media?parent=254374"}],"wp:term":[{"taxonomy":"category","embeddable":true,"href":"https:\/\/fernandezadvocats.es\/es\/wp-json\/wp\/v2\/categories?post=254374"},{"taxonomy":"post_tag","embeddable":true,"href":"https:\/\/fernandezadvocats.es\/es\/wp-json\/wp\/v2\/tags?post=254374"}],"curies":[{"name":"wp","href":"https:\/\/api.w.org\/{rel}","templated":true}]}}