{"id":254385,"date":"2026-02-26T10:47:43","date_gmt":"2026-02-26T09:47:43","guid":{"rendered":"https:\/\/fernandezadvocats.es\/?p=254385"},"modified":"2026-02-26T18:59:27","modified_gmt":"2026-02-26T17:59:27","slug":"unificacio-conveni-collectiu-article-41-et","status":"publish","type":"post","link":"https:\/\/fernandezadvocats.es\/es\/unificacio-conveni-collectiu-article-41-et\/","title":{"rendered":"Como y cu\u00e1ndo una empresa puede unificar el convenio colectivo aplicable por la v\u00eda del art\u00edculo 41 del estatuto de los trabajadores"},"content":{"rendered":"<p><strong><a href=\"https:\/\/fernandezadvocats.es\/wp-content\/uploads\/2026\/02\/El-Tribunal-Suprem-aclareix-com-i-quan-pot-una-empresa-unificar-el-conveni-collectiu-aplicable-per-la-via-de-larticle-41-TRLET.pdf\">DESCARGAR ART\u00cdCULO COMPLETO EN PDF. <\/a><\/strong><\/p>\n<p><span style=\"font-weight: 400;\">Una reciente Sentencia de la Sala Social del Tribunal Supremo, la n\u00fam. 1244\/2025, de 11 de diciembre (rec. 261\/2024), ha aportado una luz indispensable sobre una cuesti\u00f3n de gran relevancia pr\u00e1ctica para muchas empresas: la posibilidad de modificar el convenio colectivo aplicable a parte de su plantilla para unificarlo bajo un \u00fanico marco normativo.<\/span><\/p>\n<p><span style=\"font-weight: 400;\">La respuesta del Supremo es afirmativa, pero establece unos l\u00edmites claros y rigurosos, validando el uso de la modificaci\u00f3n sustancial de las condiciones de trabajo (MSCT) del art\u00edculo 41 del Texto refundido de la Ley del Estatuto de los Trabajadores como v\u00eda adecuada para esta finalidad.<\/span><\/p>\n<h2><span style=\"font-weight: 400;\">Una actividad \u00fanica, diversos convenios<\/span><\/h2>\n<p><span style=\"font-weight: 400;\">El caso analizado por el Alto Tribunal se refiere a una empresa dedicada a servicios inform\u00e1ticos y tecnol\u00f3gicos. Pese a desarrollar una actividad \u00fanica y homog\u00e9nea en todos sus centros de trabajo, una parte de la plantilla (115 trabajadores de un total de 1.592) se reg\u00eda por convenios provinciales del sector del metal, mientras que la gran mayor\u00eda estaba adscrita al Convenio colectivo estatal de empresas de consultor\u00eda.<\/span><\/p>\n<p><span style=\"font-weight: 400;\">La empresa, alegando causas organizativas y productivas, inici\u00f3 un procedimiento de MSCT para unificar a toda la plantilla bajo el convenio de consultor\u00eda, que consideraba el correcto seg\u00fan su actividad principal.<\/span><\/p>\n<h2><span style=\"font-weight: 400;\">Sustituci\u00f3n de convenio vs. \u00abdescuelgue\u00bb<\/span><\/h2>\n<p><span style=\"font-weight: 400;\">El punto central de la sentencia es la distinci\u00f3n precisa entre dos figuras que a menudo se confunden:<\/span><\/p>\n<ol>\n<li style=\"font-weight: 400;\" aria-level=\"1\"><span style=\"font-weight: 400;\">Sustituci\u00f3n del marco convencional (v\u00eda art\u00edculo 41 ET): Es el procedimiento adecuado cuando una empresa no pretende dejar de aplicar condiciones concretas de un convenio que le corresponde, sino reordenar y adscribir la plantilla al convenio colectivo que realmente se ajusta a su actividad preponderante. El objetivo es corregir una aplicaci\u00f3n convencional incorrecta o diversa y unificar las condiciones.<\/span><span style=\"font-weight: 400;\">\n<p><\/span><\/li>\n<li style=\"font-weight: 400;\" aria-level=\"1\"><span style=\"font-weight: 400;\">Inaplicaci\u00f3n convencional o \u00abdescuelgue\u00bb (v\u00eda art\u00edculo 82.3 ET): Esta v\u00eda se utiliza cuando, aun aplicando el convenio correcto, la empresa necesita dejar de aplicar temporalmente condiciones espec\u00edficas (salariales, de jornada, etc.) por causas econ\u00f3micas, t\u00e9cnicas, organizativas o de producci\u00f3n.<\/span><span style=\"font-weight: 400;\">\n<p><\/span><\/li>\n<\/ol>\n<p><span style=\"font-weight: 400;\">El Tribunal Supremo avala que el cambio de convenio, entendido como una sustituci\u00f3n \u00edntegra, es una modificaci\u00f3n de tal trascendencia que encaja perfectamente en el procedimiento del art\u00edculo 41 ET.<\/span><\/p>\n<h2><span style=\"font-weight: 400;\">Requisitos para la unificaci\u00f3n convencional v\u00eda art\u00edculo 41 ET<\/span><\/h2>\n<p><span style=\"font-weight: 400;\">La Sentencia no otorga una carta blanca a las empresas. Para que la medida sea l\u00edcita, se deben cumplir dos requisitos fundamentales:<\/span><\/p>\n<h3><span style=\"font-weight: 400;\">i) Causa justificada: El principio de actividad preponderante<\/span><\/h3>\n<p><span style=\"font-weight: 400;\">La decisi\u00f3n debe estar fundamentada en causas organizativas o productivas probadas. En este caso, el Tribunal considera que la necesidad de homogeneizar las condiciones laborales en una empresa con una \u00fanica actividad es una causa suficiente.<\/span><\/p>\n<p><span style=\"font-weight: 400;\">Apoy\u00e1ndose en la doctrina consolidada de la unidad de empresa y la actividad preponderante, el Supremo afirma que la determinaci\u00f3n del convenio aplicable no es una cuesti\u00f3n disponible para las partes, sino una norma de orden p\u00fablico. Si la actividad de la empresa es \u00fanica, no tiene sentido mantener una pluralidad de convenios, y es l\u00edcito buscar la adscripci\u00f3n de toda la plantilla al convenio que realmente corresponde a esta actividad principal.<\/span><\/p>\n<h3><span style=\"font-weight: 400;\">ii) Otorgamiento de un per\u00edodo de consultas real y efectivo<\/span><\/h3>\n<p><span style=\"font-weight: 400;\">El segundo pilar es la negociaci\u00f3n de buena fe. El Tribunal no se limita a verificar la existencia formal de un per\u00edodo de consultas, sino que analiza su contenido. En el caso enjuiciado, valora positivamente que:<\/span><\/p>\n<ul>\n<li><span style=\"font-weight: 400;\"> La empresa present\u00f3 diversas propuestas y no se mantuvo en una posici\u00f3n inmutable.<\/span><span style=\"font-weight: 400;\"><br \/>\n<\/span><span style=\"font-weight: 400;\"> \u2022 El planteamiento inicial se modific\u00f3 durante la negociaci\u00f3n para acoger algunas de las preocupaciones de la parte social.<\/span><span style=\"font-weight: 400;\"><br \/>\n<\/span><span style=\"font-weight: 400;\"> \u2022 Hubo un debate efectivo sobre aspectos esenciales como los salarios (garantizando que nadie sufriera una reducci\u00f3n), la jornada o la estructura retributiva.<\/span><\/li>\n<\/ul>\n<p><span style=\"font-weight: 400;\">El hecho de que el per\u00edodo de consultas finalizara sin acuerdo no invalida la decisi\u00f3n empresarial**, siempre que se demuestre que la negociaci\u00f3n fue real, din\u00e1mica y llevada a cabo con buena fe, cumpliendo las exigencias del art\u00edculo 41.4 ET.<\/span><\/p>\n<h2><span style=\"font-weight: 400;\">Implicaciones pr\u00e1cticas de la doctrina abordada<\/span><\/h2>\n<p><span style=\"font-weight: 400;\">Esta sentencia es clave para cualquier empresa que, por razones hist\u00f3ricas, subrogaciones u otras circunstancias, se encuentre aplicando diversos convenios colectivos pese a tener una \u00fanica l\u00ednea de negocio.<\/span><\/p>\n<p><span style=\"font-weight: 400;\">De entrada, ofrece seguridad jur\u00eddica para abordar procesos de homogeneizaci\u00f3n de condiciones laborales. En segundo t\u00e9rmino, es una herramienta estrat\u00e9gica que permite a las empresas alinear su marco de relaciones laborales con su realidad productiva, ganando en eficiencia organizativa y coherencia interna. No obstante, exige un procedimiento impecable, dado que la decisi\u00f3n debe estar s\u00f3lidamente justificada y, sobre todo, el per\u00edodo de consultas debe ser una negociaci\u00f3n genuina, pues una tramitaci\u00f3n meramente formal podr\u00eda comportar problemas sobre la validez de esta medida; que se diferencia del \u201cdescuelgue\u201d que inaplica cl\u00e1usulas convencionales.<\/span><\/p>\n<p><i><span style=\"font-weight: 400;\">El presente art\u00edculo es meramente divulgativo y no supone asesoramiento ni compromiso de actualizaci\u00f3n.<\/span><\/i><i><span style=\"font-weight: 400;\"><br \/>\n<\/span><\/i><i><span style=\"font-weight: 400;\"> Para m\u00e1s informaci\u00f3n, contacte con info@fernandezadvocats.es<\/span><\/i><\/p>\n","protected":false},"excerpt":{"rendered":"<p>DESCARGAR ART\u00cdCULO COMPLETO EN PDF. Una reciente Sentencia de la Sala Social del Tribunal Supremo, la n\u00fam. 1244\/2025, de 11 de diciembre (rec. 261\/2024), ha aportado una luz indispensable sobre una cuesti\u00f3n de gran relevancia pr\u00e1ctica para muchas empresas: la posibilidad de modificar el convenio colectivo aplicable a parte de su plantilla para unificarlo bajo [&hellip;]<\/p>\n","protected":false},"author":19,"featured_media":254383,"comment_status":"closed","ping_status":"closed","sticky":false,"template":"","format":"standard","meta":{"_et_pb_use_builder":"","_et_pb_old_content":"","_et_gb_content_width":"","footnotes":""},"categories":[176,28,39],"tags":[],"class_list":["post-254385","post","type-post","status-publish","format-standard","has-post-thumbnail","hentry","category-articles-fa-es","category-articulos-fa","category-derecho-laboral"],"yoast_head":"<!-- This site is optimized with the Yoast SEO plugin v27.1.1 - https:\/\/yoast.com\/product\/yoast-seo-wordpress\/ -->\n<title>Unificaci\u00f3 de conveni col\u00b7lectiu via art. 41 ET<\/title>\n<meta name=\"description\" content=\"El Tribunal Suprem avala unificar el conveni col\u00b7lectiu mitjan\u00e7ant l\u2019art. 41 ET si existeix causa organitzativa i negociaci\u00f3 real i efectiva.\" \/>\n<meta name=\"robots\" content=\"index, follow, max-snippet:-1, max-image-preview:large, max-video-preview:-1\" \/>\n<link rel=\"canonical\" href=\"https:\/\/fernandezadvocats.es\/es\/unificacio-conveni-collectiu-article-41-et\/\" \/>\n<meta property=\"og:locale\" content=\"es_ES\" \/>\n<meta property=\"og:type\" content=\"article\" \/>\n<meta property=\"og:title\" content=\"Unificaci\u00f3 de conveni col\u00b7lectiu via art. 41 ET\" \/>\n<meta property=\"og:description\" content=\"El Tribunal Suprem avala unificar el conveni col\u00b7lectiu mitjan\u00e7ant l\u2019art. 41 ET si existeix causa organitzativa i negociaci\u00f3 real i efectiva.\" \/>\n<meta property=\"og:url\" content=\"https:\/\/fernandezadvocats.es\/es\/unificacio-conveni-collectiu-article-41-et\/\" \/>\n<meta property=\"og:site_name\" content=\"Fern\u00e1ndez Advocats\" \/>\n<meta property=\"article:published_time\" content=\"2026-02-26T09:47:43+00:00\" \/>\n<meta property=\"article:modified_time\" content=\"2026-02-26T17:59:27+00:00\" \/>\n<meta property=\"og:image\" content=\"https:\/\/fernandezadvocats.es\/wp-content\/uploads\/2026\/02\/Unificacio-de-conveni-collectiu-segons-el-Tribunal-Suprem.jpg\" \/>\n\t<meta property=\"og:image:width\" content=\"1280\" \/>\n\t<meta property=\"og:image:height\" content=\"853\" \/>\n\t<meta property=\"og:image:type\" content=\"image\/jpeg\" \/>\n<meta name=\"author\" content=\"mrclickbarcelona@gmail.com\" \/>\n<meta name=\"twitter:card\" content=\"summary_large_image\" \/>\n<meta name=\"twitter:label1\" content=\"Escrito por\" \/>\n\t<meta name=\"twitter:data1\" content=\"mrclickbarcelona@gmail.com\" \/>\n\t<meta name=\"twitter:label2\" content=\"Tiempo de lectura\" \/>\n\t<meta name=\"twitter:data2\" content=\"5 minutos\" \/>\n<script type=\"application\/ld+json\" class=\"yoast-schema-graph\">{\"@context\":\"https:\/\/schema.org\",\"@graph\":[{\"@type\":\"Article\",\"@id\":\"https:\/\/fernandezadvocats.es\/es\/unificacio-conveni-collectiu-article-41-et\/#article\",\"isPartOf\":{\"@id\":\"https:\/\/fernandezadvocats.es\/es\/unificacio-conveni-collectiu-article-41-et\/\"},\"author\":{\"name\":\"mrclickbarcelona@gmail.com\",\"@id\":\"https:\/\/fernandezadvocats.es\/#\/schema\/person\/8ee482a071b4b039d55e3b5981b20a98\"},\"headline\":\"Como y cu\u00e1ndo una empresa puede unificar el convenio colectivo aplicable por la v\u00eda del art\u00edculo 41 del estatuto de los trabajadores\",\"datePublished\":\"2026-02-26T09:47:43+00:00\",\"dateModified\":\"2026-02-26T17:59:27+00:00\",\"mainEntityOfPage\":{\"@id\":\"https:\/\/fernandezadvocats.es\/es\/unificacio-conveni-collectiu-article-41-et\/\"},\"wordCount\":880,\"publisher\":{\"@id\":\"https:\/\/fernandezadvocats.es\/#organization\"},\"image\":{\"@id\":\"https:\/\/fernandezadvocats.es\/es\/unificacio-conveni-collectiu-article-41-et\/#primaryimage\"},\"thumbnailUrl\":\"https:\/\/fernandezadvocats.es\/wp-content\/uploads\/2026\/02\/Unificacio-de-conveni-collectiu-segons-el-Tribunal-Suprem.jpg\",\"articleSection\":[\"Articles FA\",\"Art\u00edculos FA\",\"Derecho Laboral\"],\"inLanguage\":\"es\"},{\"@type\":\"WebPage\",\"@id\":\"https:\/\/fernandezadvocats.es\/es\/unificacio-conveni-collectiu-article-41-et\/\",\"url\":\"https:\/\/fernandezadvocats.es\/es\/unificacio-conveni-collectiu-article-41-et\/\",\"name\":\"Unificaci\u00f3 de conveni col\u00b7lectiu via art. 41 ET\",\"isPartOf\":{\"@id\":\"https:\/\/fernandezadvocats.es\/#website\"},\"primaryImageOfPage\":{\"@id\":\"https:\/\/fernandezadvocats.es\/es\/unificacio-conveni-collectiu-article-41-et\/#primaryimage\"},\"image\":{\"@id\":\"https:\/\/fernandezadvocats.es\/es\/unificacio-conveni-collectiu-article-41-et\/#primaryimage\"},\"thumbnailUrl\":\"https:\/\/fernandezadvocats.es\/wp-content\/uploads\/2026\/02\/Unificacio-de-conveni-collectiu-segons-el-Tribunal-Suprem.jpg\",\"datePublished\":\"2026-02-26T09:47:43+00:00\",\"dateModified\":\"2026-02-26T17:59:27+00:00\",\"description\":\"El Tribunal Suprem avala unificar el conveni col\u00b7lectiu mitjan\u00e7ant l\u2019art. 41 ET si existeix causa organitzativa i negociaci\u00f3 real i efectiva.\",\"breadcrumb\":{\"@id\":\"https:\/\/fernandezadvocats.es\/es\/unificacio-conveni-collectiu-article-41-et\/#breadcrumb\"},\"inLanguage\":\"es\",\"potentialAction\":[{\"@type\":\"ReadAction\",\"target\":[\"https:\/\/fernandezadvocats.es\/es\/unificacio-conveni-collectiu-article-41-et\/\"]}]},{\"@type\":\"ImageObject\",\"inLanguage\":\"es\",\"@id\":\"https:\/\/fernandezadvocats.es\/es\/unificacio-conveni-collectiu-article-41-et\/#primaryimage\",\"url\":\"https:\/\/fernandezadvocats.es\/wp-content\/uploads\/2026\/02\/Unificacio-de-conveni-collectiu-segons-el-Tribunal-Suprem.jpg\",\"contentUrl\":\"https:\/\/fernandezadvocats.es\/wp-content\/uploads\/2026\/02\/Unificacio-de-conveni-collectiu-segons-el-Tribunal-Suprem.jpg\",\"width\":1280,\"height\":853,\"caption\":\"Unificaci\u00f3 de conveni col\u00b7lectiu segons el Tribunal Suprem\"},{\"@type\":\"BreadcrumbList\",\"@id\":\"https:\/\/fernandezadvocats.es\/es\/unificacio-conveni-collectiu-article-41-et\/#breadcrumb\",\"itemListElement\":[{\"@type\":\"ListItem\",\"position\":1,\"name\":\"Portada\",\"item\":\"https:\/\/fernandezadvocats.es\/es\/fernandez-advocats-berga\/\"},{\"@type\":\"ListItem\",\"position\":2,\"name\":\"Como y cu\u00e1ndo una empresa puede unificar el convenio colectivo aplicable por la v\u00eda del art\u00edculo 41 del estatuto de los trabajadores\"}]},{\"@type\":\"WebSite\",\"@id\":\"https:\/\/fernandezadvocats.es\/#website\",\"url\":\"https:\/\/fernandezadvocats.es\/\",\"name\":\"Fern\u00e1ndez Advocats\",\"description\":\"Advocats Berga i Barcelona\",\"publisher\":{\"@id\":\"https:\/\/fernandezadvocats.es\/#organization\"},\"alternateName\":\"Abogados Berga y Bracelona\",\"potentialAction\":[{\"@type\":\"SearchAction\",\"target\":{\"@type\":\"EntryPoint\",\"urlTemplate\":\"https:\/\/fernandezadvocats.es\/?s={search_term_string}\"},\"query-input\":{\"@type\":\"PropertyValueSpecification\",\"valueRequired\":true,\"valueName\":\"search_term_string\"}}],\"inLanguage\":\"es\"},{\"@type\":\"Organization\",\"@id\":\"https:\/\/fernandezadvocats.es\/#organization\",\"name\":\"Fern\u00e1ndez Advocats\",\"url\":\"https:\/\/fernandezadvocats.es\/\",\"logo\":{\"@type\":\"ImageObject\",\"inLanguage\":\"es\",\"@id\":\"https:\/\/fernandezadvocats.es\/#\/schema\/logo\/image\/\",\"url\":\"https:\/\/fernandezadvocats.es\/wp-content\/uploads\/2024\/11\/cropped-BF-e1731427554424.png\",\"contentUrl\":\"https:\/\/fernandezadvocats.es\/wp-content\/uploads\/2024\/11\/cropped-BF-e1731427554424.png\",\"width\":512,\"height\":512,\"caption\":\"Fern\u00e1ndez Advocats\"},\"image\":{\"@id\":\"https:\/\/fernandezadvocats.es\/#\/schema\/logo\/image\/\"}},{\"@type\":\"Person\",\"@id\":\"https:\/\/fernandezadvocats.es\/#\/schema\/person\/8ee482a071b4b039d55e3b5981b20a98\",\"name\":\"mrclickbarcelona@gmail.com\",\"image\":{\"@type\":\"ImageObject\",\"inLanguage\":\"es\",\"@id\":\"https:\/\/fernandezadvocats.es\/#\/schema\/person\/image\/\",\"url\":\"https:\/\/secure.gravatar.com\/avatar\/e16cc9a830d1a221b9e83b040154617903c650598282d145b5b76cdcb02f009e?s=96&d=mm&r=g\",\"contentUrl\":\"https:\/\/secure.gravatar.com\/avatar\/e16cc9a830d1a221b9e83b040154617903c650598282d145b5b76cdcb02f009e?s=96&d=mm&r=g\",\"caption\":\"mrclickbarcelona@gmail.com\"},\"url\":\"https:\/\/fernandezadvocats.es\/es\/author\/mrclickbarcelonagmail-com\/\"}]}<\/script>\n<!-- \/ Yoast SEO plugin. -->","yoast_head_json":{"title":"Unificaci\u00f3 de conveni col\u00b7lectiu via art. 41 ET","description":"El Tribunal Suprem avala unificar el conveni col\u00b7lectiu mitjan\u00e7ant l\u2019art. 41 ET si existeix causa organitzativa i negociaci\u00f3 real i efectiva.","robots":{"index":"index","follow":"follow","max-snippet":"max-snippet:-1","max-image-preview":"max-image-preview:large","max-video-preview":"max-video-preview:-1"},"canonical":"https:\/\/fernandezadvocats.es\/es\/unificacio-conveni-collectiu-article-41-et\/","og_locale":"es_ES","og_type":"article","og_title":"Unificaci\u00f3 de conveni col\u00b7lectiu via art. 41 ET","og_description":"El Tribunal Suprem avala unificar el conveni col\u00b7lectiu mitjan\u00e7ant l\u2019art. 41 ET si existeix causa organitzativa i negociaci\u00f3 real i efectiva.","og_url":"https:\/\/fernandezadvocats.es\/es\/unificacio-conveni-collectiu-article-41-et\/","og_site_name":"Fern\u00e1ndez Advocats","article_published_time":"2026-02-26T09:47:43+00:00","article_modified_time":"2026-02-26T17:59:27+00:00","og_image":[{"width":1280,"height":853,"url":"https:\/\/fernandezadvocats.es\/wp-content\/uploads\/2026\/02\/Unificacio-de-conveni-collectiu-segons-el-Tribunal-Suprem.jpg","type":"image\/jpeg"}],"author":"mrclickbarcelona@gmail.com","twitter_card":"summary_large_image","twitter_misc":{"Escrito por":"mrclickbarcelona@gmail.com","Tiempo de lectura":"5 minutos"},"schema":{"@context":"https:\/\/schema.org","@graph":[{"@type":"Article","@id":"https:\/\/fernandezadvocats.es\/es\/unificacio-conveni-collectiu-article-41-et\/#article","isPartOf":{"@id":"https:\/\/fernandezadvocats.es\/es\/unificacio-conveni-collectiu-article-41-et\/"},"author":{"name":"mrclickbarcelona@gmail.com","@id":"https:\/\/fernandezadvocats.es\/#\/schema\/person\/8ee482a071b4b039d55e3b5981b20a98"},"headline":"Como y cu\u00e1ndo una empresa puede unificar el convenio colectivo aplicable por la v\u00eda del art\u00edculo 41 del estatuto de los trabajadores","datePublished":"2026-02-26T09:47:43+00:00","dateModified":"2026-02-26T17:59:27+00:00","mainEntityOfPage":{"@id":"https:\/\/fernandezadvocats.es\/es\/unificacio-conveni-collectiu-article-41-et\/"},"wordCount":880,"publisher":{"@id":"https:\/\/fernandezadvocats.es\/#organization"},"image":{"@id":"https:\/\/fernandezadvocats.es\/es\/unificacio-conveni-collectiu-article-41-et\/#primaryimage"},"thumbnailUrl":"https:\/\/fernandezadvocats.es\/wp-content\/uploads\/2026\/02\/Unificacio-de-conveni-collectiu-segons-el-Tribunal-Suprem.jpg","articleSection":["Articles FA","Art\u00edculos FA","Derecho Laboral"],"inLanguage":"es"},{"@type":"WebPage","@id":"https:\/\/fernandezadvocats.es\/es\/unificacio-conveni-collectiu-article-41-et\/","url":"https:\/\/fernandezadvocats.es\/es\/unificacio-conveni-collectiu-article-41-et\/","name":"Unificaci\u00f3 de conveni col\u00b7lectiu via art. 41 ET","isPartOf":{"@id":"https:\/\/fernandezadvocats.es\/#website"},"primaryImageOfPage":{"@id":"https:\/\/fernandezadvocats.es\/es\/unificacio-conveni-collectiu-article-41-et\/#primaryimage"},"image":{"@id":"https:\/\/fernandezadvocats.es\/es\/unificacio-conveni-collectiu-article-41-et\/#primaryimage"},"thumbnailUrl":"https:\/\/fernandezadvocats.es\/wp-content\/uploads\/2026\/02\/Unificacio-de-conveni-collectiu-segons-el-Tribunal-Suprem.jpg","datePublished":"2026-02-26T09:47:43+00:00","dateModified":"2026-02-26T17:59:27+00:00","description":"El Tribunal Suprem avala unificar el conveni col\u00b7lectiu mitjan\u00e7ant l\u2019art. 41 ET si existeix causa organitzativa i negociaci\u00f3 real i efectiva.","breadcrumb":{"@id":"https:\/\/fernandezadvocats.es\/es\/unificacio-conveni-collectiu-article-41-et\/#breadcrumb"},"inLanguage":"es","potentialAction":[{"@type":"ReadAction","target":["https:\/\/fernandezadvocats.es\/es\/unificacio-conveni-collectiu-article-41-et\/"]}]},{"@type":"ImageObject","inLanguage":"es","@id":"https:\/\/fernandezadvocats.es\/es\/unificacio-conveni-collectiu-article-41-et\/#primaryimage","url":"https:\/\/fernandezadvocats.es\/wp-content\/uploads\/2026\/02\/Unificacio-de-conveni-collectiu-segons-el-Tribunal-Suprem.jpg","contentUrl":"https:\/\/fernandezadvocats.es\/wp-content\/uploads\/2026\/02\/Unificacio-de-conveni-collectiu-segons-el-Tribunal-Suprem.jpg","width":1280,"height":853,"caption":"Unificaci\u00f3 de conveni col\u00b7lectiu segons el Tribunal Suprem"},{"@type":"BreadcrumbList","@id":"https:\/\/fernandezadvocats.es\/es\/unificacio-conveni-collectiu-article-41-et\/#breadcrumb","itemListElement":[{"@type":"ListItem","position":1,"name":"Portada","item":"https:\/\/fernandezadvocats.es\/es\/fernandez-advocats-berga\/"},{"@type":"ListItem","position":2,"name":"Como y cu\u00e1ndo una empresa puede unificar el convenio colectivo aplicable por la v\u00eda del art\u00edculo 41 del estatuto de los trabajadores"}]},{"@type":"WebSite","@id":"https:\/\/fernandezadvocats.es\/#website","url":"https:\/\/fernandezadvocats.es\/","name":"Fern\u00e1ndez Advocats","description":"Advocats Berga i Barcelona","publisher":{"@id":"https:\/\/fernandezadvocats.es\/#organization"},"alternateName":"Abogados Berga y Bracelona","potentialAction":[{"@type":"SearchAction","target":{"@type":"EntryPoint","urlTemplate":"https:\/\/fernandezadvocats.es\/?s={search_term_string}"},"query-input":{"@type":"PropertyValueSpecification","valueRequired":true,"valueName":"search_term_string"}}],"inLanguage":"es"},{"@type":"Organization","@id":"https:\/\/fernandezadvocats.es\/#organization","name":"Fern\u00e1ndez Advocats","url":"https:\/\/fernandezadvocats.es\/","logo":{"@type":"ImageObject","inLanguage":"es","@id":"https:\/\/fernandezadvocats.es\/#\/schema\/logo\/image\/","url":"https:\/\/fernandezadvocats.es\/wp-content\/uploads\/2024\/11\/cropped-BF-e1731427554424.png","contentUrl":"https:\/\/fernandezadvocats.es\/wp-content\/uploads\/2024\/11\/cropped-BF-e1731427554424.png","width":512,"height":512,"caption":"Fern\u00e1ndez Advocats"},"image":{"@id":"https:\/\/fernandezadvocats.es\/#\/schema\/logo\/image\/"}},{"@type":"Person","@id":"https:\/\/fernandezadvocats.es\/#\/schema\/person\/8ee482a071b4b039d55e3b5981b20a98","name":"mrclickbarcelona@gmail.com","image":{"@type":"ImageObject","inLanguage":"es","@id":"https:\/\/fernandezadvocats.es\/#\/schema\/person\/image\/","url":"https:\/\/secure.gravatar.com\/avatar\/e16cc9a830d1a221b9e83b040154617903c650598282d145b5b76cdcb02f009e?s=96&d=mm&r=g","contentUrl":"https:\/\/secure.gravatar.com\/avatar\/e16cc9a830d1a221b9e83b040154617903c650598282d145b5b76cdcb02f009e?s=96&d=mm&r=g","caption":"mrclickbarcelona@gmail.com"},"url":"https:\/\/fernandezadvocats.es\/es\/author\/mrclickbarcelonagmail-com\/"}]}},"_links":{"self":[{"href":"https:\/\/fernandezadvocats.es\/es\/wp-json\/wp\/v2\/posts\/254385","targetHints":{"allow":["GET"]}}],"collection":[{"href":"https:\/\/fernandezadvocats.es\/es\/wp-json\/wp\/v2\/posts"}],"about":[{"href":"https:\/\/fernandezadvocats.es\/es\/wp-json\/wp\/v2\/types\/post"}],"author":[{"embeddable":true,"href":"https:\/\/fernandezadvocats.es\/es\/wp-json\/wp\/v2\/users\/19"}],"replies":[{"embeddable":true,"href":"https:\/\/fernandezadvocats.es\/es\/wp-json\/wp\/v2\/comments?post=254385"}],"version-history":[{"count":1,"href":"https:\/\/fernandezadvocats.es\/es\/wp-json\/wp\/v2\/posts\/254385\/revisions"}],"predecessor-version":[{"id":254388,"href":"https:\/\/fernandezadvocats.es\/es\/wp-json\/wp\/v2\/posts\/254385\/revisions\/254388"}],"wp:featuredmedia":[{"embeddable":true,"href":"https:\/\/fernandezadvocats.es\/es\/wp-json\/wp\/v2\/media\/254383"}],"wp:attachment":[{"href":"https:\/\/fernandezadvocats.es\/es\/wp-json\/wp\/v2\/media?parent=254385"}],"wp:term":[{"taxonomy":"category","embeddable":true,"href":"https:\/\/fernandezadvocats.es\/es\/wp-json\/wp\/v2\/categories?post=254385"},{"taxonomy":"post_tag","embeddable":true,"href":"https:\/\/fernandezadvocats.es\/es\/wp-json\/wp\/v2\/tags?post=254385"}],"curies":[{"name":"wp","href":"https:\/\/api.w.org\/{rel}","templated":true}]}}