{"id":254452,"date":"2026-03-03T11:52:09","date_gmt":"2026-03-03T10:52:09","guid":{"rendered":"https:\/\/fernandezadvocats.es\/?p=254452"},"modified":"2026-03-03T12:01:50","modified_gmt":"2026-03-03T11:01:50","slug":"permiso-paternidad-jornadas-especiales-semana-completa-trebep","status":"publish","type":"post","link":"https:\/\/fernandezadvocats.es\/es\/permiso-paternidad-jornadas-especiales-semana-completa-trebep\/","title":{"rendered":"El Tribunal Supremo establece doctrina sobre el permiso de paternidad en jornadas especiales de los funcionarios: el concepto de \u201csemana completa\u201d."},"content":{"rendered":"<p><a href=\"https:\/\/fernandezadvocats.es\/wp-content\/uploads\/2026\/03\/Permis-paternitat-en-jornades-especials-a-ladministracio.pdf\"><strong>DESCARGAR ART\u00cdCULO COMPLETO EN PDF. <\/strong><\/a><\/p>\n<h2><\/h2>\n<h2><span style=\"font-weight: 400;\">Comentario a la sentencia del Tribunal Supremo, sala tercera, n\u00ba 1272\/2025 de 13 de octubre (rec. 3548\/2024)<\/span><\/h2>\n<p><span style=\"font-weight: 400;\">Una reciente sentencia del Tribunal Supremo aclara c\u00f3mo debe computarse el permiso del progenitor distinto de la madre biol\u00f3gica cuando se disfruta de forma interrumpida y el funcionario tiene una jornada especial (por turnos, guardias, etc.). El Supremo prioriza el principio de igualdad entre trabajadores y avala la aplicaci\u00f3n de criterios de proporcionalidad para evitar agravios comparativos que puedan producirse con el disfrute.<\/span><\/p>\n<h2><span style=\"font-weight: 400;\">Antecedentes del caso<\/span><\/h2>\n<p><span style=\"font-weight: 400;\">El caso analizado parte de la reclamaci\u00f3n de un funcionario de la Polic\u00eda Local, sujeto a un r\u00e9gimen de jornada especial con rotaci\u00f3n de turnos (8&#215;6 ma\u00f1anas, 8&#215;6 tardes, y 7&#215;7 noches). El funcionario solicit\u00f3 disfrutar de diversas semanas de su permiso de nacimiento de forma interrumpida, tal y como a priori permitir\u00eda una interpretaci\u00f3n del art\u00edculo 49.c) del Texto Refundido del Estatuto B\u00e1sico del Empleado P\u00fablico (TREBEP).<\/span><\/p>\n<p><span style=\"font-weight: 400;\">El Ayuntamiento deneg\u00f3 las solicitudes en la forma planteada, argumentando que el funcionario escog\u00eda las semanas que acumulaban un n\u00famero de d\u00edas laborables superior al de una jornada ordinaria. Esta elecci\u00f3n \u201cestrat\u00e9gica\u201d le permit\u00eda, en la pr\u00e1ctica, alargar la duraci\u00f3n efectiva del permiso en comparaci\u00f3n con un empleado con una jornada est\u00e1ndar u ordinaria, de lunes a viernes. La Administraci\u00f3n aplic\u00f3 una circular interna que exig\u00eda que cada semana de permiso contuviera una proporci\u00f3n equivalente de d\u00edas de trabajo y de descanso respecto a la jornada ordinaria, denegando la petici\u00f3n del polic\u00eda.<\/span><\/p>\n<p><span style=\"font-weight: 400;\">Mientras que el Juzgado Contencioso-Administrativo dio la raz\u00f3n al funcionario en primera instancia, el Tribunal Superior de Justicia de Valencia revoc\u00f3 la decisi\u00f3n en apelaci\u00f3n, avalando el criterio del Ayuntamiento, y el caso lleg\u00f3 finalmente al Tribunal Supremo para la formaci\u00f3n de jurisprudencia.<\/span><\/p>\n<h2><span style=\"font-weight: 400;\">La cuesti\u00f3n a debate: las semanas completas del art\u00edculo 49.c) TREBEP<\/span><\/h2>\n<p><span style=\"font-weight: 400;\">La controversia se centraba en la interpretaci\u00f3n del concepto \u00absemanas completas\u00bb que exige el art\u00edculo 49.c) del TREBEP para el disfrute interrumpido del permiso. Deb\u00eda determinarse, por tanto, si se refiere a un per\u00edodo de siete d\u00edas naturales consecutivos, sin m\u00e1s, o bien si su c\u00f3mputo debe estar condicionado o proporcionado por el tipo de jornada del solicitante para garantizar un trato equitativo.<\/span><\/p>\n<h2><span style=\"font-weight: 400;\">Decisi\u00f3n y doctrina del Tribunal Supremo<\/span><\/h2>\n<p><span style=\"font-weight: 400;\">El Tribunal Supremo desestima el recurso del funcionario y establece una doctrina clara y relevante:<\/span><\/p>\n<ol>\n<li style=\"font-weight: 400;\" aria-level=\"1\"><span style=\"font-weight: 400;\">El principio de igualdad prevalece sobre una interpretaci\u00f3n literal: El concepto de \u00absemana completa\u00bb no puede interpretarse de manera aislada. Debe ponerse en relaci\u00f3n con la finalidad del permiso, que es eximir al funcionario de su tiempo de trabajo efectivo, y con el principio de igualdad entre todos los empleados p\u00fablicos.<\/span>&nbsp;<\/li>\n<li style=\"font-weight: 400;\" aria-level=\"1\"><span style=\"font-weight: 400;\">La necesidad de una regla de proporcionalidad: En jornadas especiales con una distribuci\u00f3n irregular de trabajo y descanso, aplicar un c\u00f3mputo de siete d\u00edas naturales puede generar un agravio comparativo entre funcionarios. Si se entendiera que un funcionario en este r\u00e9gimen podr\u00eda escoger semanas con siete d\u00edas de trabajo consecutivos, obtendr\u00eda un beneficio desproporcionado. Para evitarlo, el Supremo avala la aplicaci\u00f3n de una regla de proporcionalidad, atendiendo a las circunstancias concretas. La semana de permiso debe ser equivalente, en tiempo de trabajo efectivo exonerado, a la de un funcionario con jornada ordinaria (generalmente, cinco d\u00edas de trabajo y dos de descanso).<\/span>&nbsp;<\/li>\n<li style=\"font-weight: 400;\" aria-level=\"1\"><span style=\"font-weight: 400;\">Libertad de elecci\u00f3n no es libertad de configuraci\u00f3n desigual: El funcionario mantiene la libertad para decidir cu\u00e1ndo disfruta de las semanas de permiso interrumpido (dentro del plazo de doce meses del hijo\/a). No obstante, esta facultad no le permitir\u00eda configurar los per\u00edodos de manera que se produzca un \u00abalargamiento artificial del permiso\u00bb y una desigualdad respecto al resto de compa\u00f1eros.<\/span>&nbsp;<\/li>\n<\/ol>\n<p><span style=\"font-weight: 400;\">De este modo, la Sala Tercera concluye que la denegaci\u00f3n del Ayuntamiento, basada en su circular interna, fue conforme a derecho, ya que buscaba precisamente preservar esta igualdad y aplicar correctamente el esp\u00edritu de la norma.<\/span><\/p>\n<h2><span style=\"font-weight: 400;\">An\u00e1lisis cr\u00edtico e implicaciones pr\u00e1cticas del pronunciamiento<\/span><\/h2>\n<p><span style=\"font-weight: 400;\">Esta Sentencia, que interpreta el art\u00edculo 49.c) TREBEP, tiene una gran trascendencia para colectivos con jornadas especiales como polic\u00edas, bomberos, personal sanitario o incluso militar.<\/span><\/p>\n<p><span style=\"font-weight: 400;\">Por una parte, y de cara a los servidores p\u00fablicos con esta tipolog\u00eda de jornadas diferentes a las usuales, limita la posibilidad de optimizar el disfrute del permiso interrumpido para maximizar los d\u00edas libres. Aunque puede percibirse como una restricci\u00f3n, la decisi\u00f3n en realidad aporta seguridad jur\u00eddica y garantiza un trato homog\u00e9neo para toda la plantilla, independientemente de su calendario laboral y la distribuci\u00f3n de la jornada.<\/span><\/p>\n<p><span style=\"font-weight: 400;\">No obstante, a las AAPP les ofrece un apoyo jurisprudencial s\u00f3lido para regular internamente el c\u00f3mputo de estos permisos, pues las habilita para denegar solicitudes que, aun cumpliendo el requisito literal de \u00absemanas completas\u00bb, vulneren el principio de igualdad y supongan un abuso de derecho.<\/span><\/p>\n<p><span style=\"font-weight: 400;\">En definitiva, el Tribunal Supremo prioriza una interpretaci\u00f3n finalista y sistem\u00e1tica de la norma frente a una estrat\u00e9gica, asegurando que el derecho a la conciliaci\u00f3n familiar se ejerza en condiciones de equidad para todos los empleados p\u00fablicos, sin tratos desiguales.<\/span><\/p>\n<p><i><span style=\"font-weight: 400;\">El presente art\u00edculo es meramente divulgativo y no supone asesoramiento ni compromiso de actualizaci\u00f3n.<\/span><\/i><i><span style=\"font-weight: 400;\"><br \/>\n<\/span><\/i><i><span style=\"font-weight: 400;\"> Para m\u00e1s informaci\u00f3n, contacte con info@fernandezadvocats.es<\/span><\/i><\/p>\n","protected":false},"excerpt":{"rendered":"<p>DESCARGAR ART\u00cdCULO COMPLETO EN PDF. Comentario a la sentencia del Tribunal Supremo, sala tercera, n\u00ba 1272\/2025 de 13 de octubre (rec. 3548\/2024) Una reciente sentencia del Tribunal Supremo aclara c\u00f3mo debe computarse el permiso del progenitor distinto de la madre biol\u00f3gica cuando se disfruta de forma interrumpida y el funcionario tiene una jornada especial (por [&hellip;]<\/p>\n","protected":false},"author":19,"featured_media":254449,"comment_status":"closed","ping_status":"closed","sticky":false,"template":"","format":"standard","meta":{"_et_pb_use_builder":"","_et_pb_old_content":"","_et_gb_content_width":"","footnotes":""},"categories":[28,127,128],"tags":[],"class_list":["post-254452","post","type-post","status-publish","format-standard","has-post-thumbnail","hentry","category-articulos-fa","category-derecho-funcion-publica","category-empleados-publicos"],"yoast_head":"<!-- This site is optimized with the Yoast SEO plugin v27.1.1 - https:\/\/yoast.com\/product\/yoast-seo-wordpress\/ -->\n<title>Permiso de paternidad y jornadas especiales<\/title>\n<meta name=\"description\" content=\"El Tribunal Supremo fija doctrina sobre el permiso de paternidad en jornadas especiales y el concepto de semana completa en el art. 49.c) TREBEP.\" \/>\n<meta name=\"robots\" content=\"index, follow, max-snippet:-1, max-image-preview:large, max-video-preview:-1\" \/>\n<link rel=\"canonical\" href=\"https:\/\/fernandezadvocats.es\/es\/permiso-paternidad-jornadas-especiales-semana-completa-trebep\/\" \/>\n<meta property=\"og:locale\" content=\"es_ES\" \/>\n<meta property=\"og:type\" content=\"article\" \/>\n<meta property=\"og:title\" content=\"Permiso de paternidad y jornadas especiales\" \/>\n<meta property=\"og:description\" content=\"El Tribunal Supremo fija doctrina sobre el permiso de paternidad en jornadas especiales y el concepto de semana completa en el art. 49.c) TREBEP.\" \/>\n<meta property=\"og:url\" content=\"https:\/\/fernandezadvocats.es\/es\/permiso-paternidad-jornadas-especiales-semana-completa-trebep\/\" \/>\n<meta property=\"og:site_name\" content=\"Fern\u00e1ndez Advocats\" \/>\n<meta property=\"article:published_time\" content=\"2026-03-03T10:52:09+00:00\" \/>\n<meta property=\"article:modified_time\" content=\"2026-03-03T11:01:50+00:00\" \/>\n<meta property=\"og:image\" content=\"https:\/\/fernandezadvocats.es\/wp-content\/uploads\/2026\/03\/overhead-view-of-a-father-and-his-son-playing-with-2026-01-09-11-17-36-utc-scaled.jpg\" \/>\n\t<meta property=\"og:image:width\" content=\"2560\" \/>\n\t<meta property=\"og:image:height\" content=\"1707\" \/>\n\t<meta property=\"og:image:type\" content=\"image\/jpeg\" \/>\n<meta name=\"author\" content=\"mrclickbarcelona@gmail.com\" \/>\n<meta name=\"twitter:card\" content=\"summary_large_image\" \/>\n<meta name=\"twitter:label1\" content=\"Escrito por\" \/>\n\t<meta name=\"twitter:data1\" content=\"mrclickbarcelona@gmail.com\" \/>\n\t<meta name=\"twitter:label2\" content=\"Tiempo de lectura\" \/>\n\t<meta name=\"twitter:data2\" content=\"5 minutos\" \/>\n<script type=\"application\/ld+json\" class=\"yoast-schema-graph\">{\"@context\":\"https:\/\/schema.org\",\"@graph\":[{\"@type\":\"Article\",\"@id\":\"https:\/\/fernandezadvocats.es\/es\/permiso-paternidad-jornadas-especiales-semana-completa-trebep\/#article\",\"isPartOf\":{\"@id\":\"https:\/\/fernandezadvocats.es\/es\/permiso-paternidad-jornadas-especiales-semana-completa-trebep\/\"},\"author\":{\"name\":\"mrclickbarcelona@gmail.com\",\"@id\":\"https:\/\/fernandezadvocats.es\/#\/schema\/person\/8ee482a071b4b039d55e3b5981b20a98\"},\"headline\":\"El Tribunal Supremo establece doctrina sobre el permiso de paternidad en jornadas especiales de los funcionarios: el concepto de \u201csemana completa\u201d.\",\"datePublished\":\"2026-03-03T10:52:09+00:00\",\"dateModified\":\"2026-03-03T11:01:50+00:00\",\"mainEntityOfPage\":{\"@id\":\"https:\/\/fernandezadvocats.es\/es\/permiso-paternidad-jornadas-especiales-semana-completa-trebep\/\"},\"wordCount\":950,\"publisher\":{\"@id\":\"https:\/\/fernandezadvocats.es\/#organization\"},\"image\":{\"@id\":\"https:\/\/fernandezadvocats.es\/es\/permiso-paternidad-jornadas-especiales-semana-completa-trebep\/#primaryimage\"},\"thumbnailUrl\":\"https:\/\/fernandezadvocats.es\/wp-content\/uploads\/2026\/03\/overhead-view-of-a-father-and-his-son-playing-with-2026-01-09-11-17-36-utc-scaled.jpg\",\"articleSection\":[\"Art\u00edculos FA\",\"Derecho Funci\u00f3n P\u00fablica\",\"Empleados p\u00fablicos\"],\"inLanguage\":\"es\"},{\"@type\":\"WebPage\",\"@id\":\"https:\/\/fernandezadvocats.es\/es\/permiso-paternidad-jornadas-especiales-semana-completa-trebep\/\",\"url\":\"https:\/\/fernandezadvocats.es\/es\/permiso-paternidad-jornadas-especiales-semana-completa-trebep\/\",\"name\":\"Permiso de paternidad y jornadas especiales\",\"isPartOf\":{\"@id\":\"https:\/\/fernandezadvocats.es\/#website\"},\"primaryImageOfPage\":{\"@id\":\"https:\/\/fernandezadvocats.es\/es\/permiso-paternidad-jornadas-especiales-semana-completa-trebep\/#primaryimage\"},\"image\":{\"@id\":\"https:\/\/fernandezadvocats.es\/es\/permiso-paternidad-jornadas-especiales-semana-completa-trebep\/#primaryimage\"},\"thumbnailUrl\":\"https:\/\/fernandezadvocats.es\/wp-content\/uploads\/2026\/03\/overhead-view-of-a-father-and-his-son-playing-with-2026-01-09-11-17-36-utc-scaled.jpg\",\"datePublished\":\"2026-03-03T10:52:09+00:00\",\"dateModified\":\"2026-03-03T11:01:50+00:00\",\"description\":\"El Tribunal Supremo fija doctrina sobre el permiso de paternidad en jornadas especiales y el concepto de semana completa en el art. 49.c) TREBEP.\",\"breadcrumb\":{\"@id\":\"https:\/\/fernandezadvocats.es\/es\/permiso-paternidad-jornadas-especiales-semana-completa-trebep\/#breadcrumb\"},\"inLanguage\":\"es\",\"potentialAction\":[{\"@type\":\"ReadAction\",\"target\":[\"https:\/\/fernandezadvocats.es\/es\/permiso-paternidad-jornadas-especiales-semana-completa-trebep\/\"]}]},{\"@type\":\"ImageObject\",\"inLanguage\":\"es\",\"@id\":\"https:\/\/fernandezadvocats.es\/es\/permiso-paternidad-jornadas-especiales-semana-completa-trebep\/#primaryimage\",\"url\":\"https:\/\/fernandezadvocats.es\/wp-content\/uploads\/2026\/03\/overhead-view-of-a-father-and-his-son-playing-with-2026-01-09-11-17-36-utc-scaled.jpg\",\"contentUrl\":\"https:\/\/fernandezadvocats.es\/wp-content\/uploads\/2026\/03\/overhead-view-of-a-father-and-his-son-playing-with-2026-01-09-11-17-36-utc-scaled.jpg\",\"width\":2560,\"height\":1707,\"caption\":\"Overhead view of a father and his son playing with toy cars on the floor.\"},{\"@type\":\"BreadcrumbList\",\"@id\":\"https:\/\/fernandezadvocats.es\/es\/permiso-paternidad-jornadas-especiales-semana-completa-trebep\/#breadcrumb\",\"itemListElement\":[{\"@type\":\"ListItem\",\"position\":1,\"name\":\"Portada\",\"item\":\"https:\/\/fernandezadvocats.es\/es\/fernandez-advocats-berga\/\"},{\"@type\":\"ListItem\",\"position\":2,\"name\":\"El Tribunal Supremo establece doctrina sobre el permiso de paternidad en jornadas especiales de los funcionarios: el concepto de \u201csemana completa\u201d.\"}]},{\"@type\":\"WebSite\",\"@id\":\"https:\/\/fernandezadvocats.es\/#website\",\"url\":\"https:\/\/fernandezadvocats.es\/\",\"name\":\"Fern\u00e1ndez Advocats\",\"description\":\"Advocats Berga i Barcelona\",\"publisher\":{\"@id\":\"https:\/\/fernandezadvocats.es\/#organization\"},\"alternateName\":\"Abogados Berga y Bracelona\",\"potentialAction\":[{\"@type\":\"SearchAction\",\"target\":{\"@type\":\"EntryPoint\",\"urlTemplate\":\"https:\/\/fernandezadvocats.es\/?s={search_term_string}\"},\"query-input\":{\"@type\":\"PropertyValueSpecification\",\"valueRequired\":true,\"valueName\":\"search_term_string\"}}],\"inLanguage\":\"es\"},{\"@type\":\"Organization\",\"@id\":\"https:\/\/fernandezadvocats.es\/#organization\",\"name\":\"Fern\u00e1ndez Advocats\",\"url\":\"https:\/\/fernandezadvocats.es\/\",\"logo\":{\"@type\":\"ImageObject\",\"inLanguage\":\"es\",\"@id\":\"https:\/\/fernandezadvocats.es\/#\/schema\/logo\/image\/\",\"url\":\"https:\/\/fernandezadvocats.es\/wp-content\/uploads\/2024\/11\/cropped-BF-e1731427554424.png\",\"contentUrl\":\"https:\/\/fernandezadvocats.es\/wp-content\/uploads\/2024\/11\/cropped-BF-e1731427554424.png\",\"width\":512,\"height\":512,\"caption\":\"Fern\u00e1ndez Advocats\"},\"image\":{\"@id\":\"https:\/\/fernandezadvocats.es\/#\/schema\/logo\/image\/\"}},{\"@type\":\"Person\",\"@id\":\"https:\/\/fernandezadvocats.es\/#\/schema\/person\/8ee482a071b4b039d55e3b5981b20a98\",\"name\":\"mrclickbarcelona@gmail.com\",\"image\":{\"@type\":\"ImageObject\",\"inLanguage\":\"es\",\"@id\":\"https:\/\/fernandezadvocats.es\/#\/schema\/person\/image\/\",\"url\":\"https:\/\/secure.gravatar.com\/avatar\/e16cc9a830d1a221b9e83b040154617903c650598282d145b5b76cdcb02f009e?s=96&d=mm&r=g\",\"contentUrl\":\"https:\/\/secure.gravatar.com\/avatar\/e16cc9a830d1a221b9e83b040154617903c650598282d145b5b76cdcb02f009e?s=96&d=mm&r=g\",\"caption\":\"mrclickbarcelona@gmail.com\"},\"url\":\"https:\/\/fernandezadvocats.es\/es\/author\/mrclickbarcelonagmail-com\/\"}]}<\/script>\n<!-- \/ Yoast SEO plugin. -->","yoast_head_json":{"title":"Permiso de paternidad y jornadas especiales","description":"El Tribunal Supremo fija doctrina sobre el permiso de paternidad en jornadas especiales y el concepto de semana completa en el art. 49.c) TREBEP.","robots":{"index":"index","follow":"follow","max-snippet":"max-snippet:-1","max-image-preview":"max-image-preview:large","max-video-preview":"max-video-preview:-1"},"canonical":"https:\/\/fernandezadvocats.es\/es\/permiso-paternidad-jornadas-especiales-semana-completa-trebep\/","og_locale":"es_ES","og_type":"article","og_title":"Permiso de paternidad y jornadas especiales","og_description":"El Tribunal Supremo fija doctrina sobre el permiso de paternidad en jornadas especiales y el concepto de semana completa en el art. 49.c) TREBEP.","og_url":"https:\/\/fernandezadvocats.es\/es\/permiso-paternidad-jornadas-especiales-semana-completa-trebep\/","og_site_name":"Fern\u00e1ndez Advocats","article_published_time":"2026-03-03T10:52:09+00:00","article_modified_time":"2026-03-03T11:01:50+00:00","og_image":[{"width":2560,"height":1707,"url":"https:\/\/fernandezadvocats.es\/wp-content\/uploads\/2026\/03\/overhead-view-of-a-father-and-his-son-playing-with-2026-01-09-11-17-36-utc-scaled.jpg","type":"image\/jpeg"}],"author":"mrclickbarcelona@gmail.com","twitter_card":"summary_large_image","twitter_misc":{"Escrito por":"mrclickbarcelona@gmail.com","Tiempo de lectura":"5 minutos"},"schema":{"@context":"https:\/\/schema.org","@graph":[{"@type":"Article","@id":"https:\/\/fernandezadvocats.es\/es\/permiso-paternidad-jornadas-especiales-semana-completa-trebep\/#article","isPartOf":{"@id":"https:\/\/fernandezadvocats.es\/es\/permiso-paternidad-jornadas-especiales-semana-completa-trebep\/"},"author":{"name":"mrclickbarcelona@gmail.com","@id":"https:\/\/fernandezadvocats.es\/#\/schema\/person\/8ee482a071b4b039d55e3b5981b20a98"},"headline":"El Tribunal Supremo establece doctrina sobre el permiso de paternidad en jornadas especiales de los funcionarios: el concepto de \u201csemana completa\u201d.","datePublished":"2026-03-03T10:52:09+00:00","dateModified":"2026-03-03T11:01:50+00:00","mainEntityOfPage":{"@id":"https:\/\/fernandezadvocats.es\/es\/permiso-paternidad-jornadas-especiales-semana-completa-trebep\/"},"wordCount":950,"publisher":{"@id":"https:\/\/fernandezadvocats.es\/#organization"},"image":{"@id":"https:\/\/fernandezadvocats.es\/es\/permiso-paternidad-jornadas-especiales-semana-completa-trebep\/#primaryimage"},"thumbnailUrl":"https:\/\/fernandezadvocats.es\/wp-content\/uploads\/2026\/03\/overhead-view-of-a-father-and-his-son-playing-with-2026-01-09-11-17-36-utc-scaled.jpg","articleSection":["Art\u00edculos FA","Derecho Funci\u00f3n P\u00fablica","Empleados p\u00fablicos"],"inLanguage":"es"},{"@type":"WebPage","@id":"https:\/\/fernandezadvocats.es\/es\/permiso-paternidad-jornadas-especiales-semana-completa-trebep\/","url":"https:\/\/fernandezadvocats.es\/es\/permiso-paternidad-jornadas-especiales-semana-completa-trebep\/","name":"Permiso de paternidad y jornadas especiales","isPartOf":{"@id":"https:\/\/fernandezadvocats.es\/#website"},"primaryImageOfPage":{"@id":"https:\/\/fernandezadvocats.es\/es\/permiso-paternidad-jornadas-especiales-semana-completa-trebep\/#primaryimage"},"image":{"@id":"https:\/\/fernandezadvocats.es\/es\/permiso-paternidad-jornadas-especiales-semana-completa-trebep\/#primaryimage"},"thumbnailUrl":"https:\/\/fernandezadvocats.es\/wp-content\/uploads\/2026\/03\/overhead-view-of-a-father-and-his-son-playing-with-2026-01-09-11-17-36-utc-scaled.jpg","datePublished":"2026-03-03T10:52:09+00:00","dateModified":"2026-03-03T11:01:50+00:00","description":"El Tribunal Supremo fija doctrina sobre el permiso de paternidad en jornadas especiales y el concepto de semana completa en el art. 49.c) TREBEP.","breadcrumb":{"@id":"https:\/\/fernandezadvocats.es\/es\/permiso-paternidad-jornadas-especiales-semana-completa-trebep\/#breadcrumb"},"inLanguage":"es","potentialAction":[{"@type":"ReadAction","target":["https:\/\/fernandezadvocats.es\/es\/permiso-paternidad-jornadas-especiales-semana-completa-trebep\/"]}]},{"@type":"ImageObject","inLanguage":"es","@id":"https:\/\/fernandezadvocats.es\/es\/permiso-paternidad-jornadas-especiales-semana-completa-trebep\/#primaryimage","url":"https:\/\/fernandezadvocats.es\/wp-content\/uploads\/2026\/03\/overhead-view-of-a-father-and-his-son-playing-with-2026-01-09-11-17-36-utc-scaled.jpg","contentUrl":"https:\/\/fernandezadvocats.es\/wp-content\/uploads\/2026\/03\/overhead-view-of-a-father-and-his-son-playing-with-2026-01-09-11-17-36-utc-scaled.jpg","width":2560,"height":1707,"caption":"Overhead view of a father and his son playing with toy cars on the floor."},{"@type":"BreadcrumbList","@id":"https:\/\/fernandezadvocats.es\/es\/permiso-paternidad-jornadas-especiales-semana-completa-trebep\/#breadcrumb","itemListElement":[{"@type":"ListItem","position":1,"name":"Portada","item":"https:\/\/fernandezadvocats.es\/es\/fernandez-advocats-berga\/"},{"@type":"ListItem","position":2,"name":"El Tribunal Supremo establece doctrina sobre el permiso de paternidad en jornadas especiales de los funcionarios: el concepto de \u201csemana completa\u201d."}]},{"@type":"WebSite","@id":"https:\/\/fernandezadvocats.es\/#website","url":"https:\/\/fernandezadvocats.es\/","name":"Fern\u00e1ndez Advocats","description":"Advocats Berga i Barcelona","publisher":{"@id":"https:\/\/fernandezadvocats.es\/#organization"},"alternateName":"Abogados Berga y Bracelona","potentialAction":[{"@type":"SearchAction","target":{"@type":"EntryPoint","urlTemplate":"https:\/\/fernandezadvocats.es\/?s={search_term_string}"},"query-input":{"@type":"PropertyValueSpecification","valueRequired":true,"valueName":"search_term_string"}}],"inLanguage":"es"},{"@type":"Organization","@id":"https:\/\/fernandezadvocats.es\/#organization","name":"Fern\u00e1ndez Advocats","url":"https:\/\/fernandezadvocats.es\/","logo":{"@type":"ImageObject","inLanguage":"es","@id":"https:\/\/fernandezadvocats.es\/#\/schema\/logo\/image\/","url":"https:\/\/fernandezadvocats.es\/wp-content\/uploads\/2024\/11\/cropped-BF-e1731427554424.png","contentUrl":"https:\/\/fernandezadvocats.es\/wp-content\/uploads\/2024\/11\/cropped-BF-e1731427554424.png","width":512,"height":512,"caption":"Fern\u00e1ndez Advocats"},"image":{"@id":"https:\/\/fernandezadvocats.es\/#\/schema\/logo\/image\/"}},{"@type":"Person","@id":"https:\/\/fernandezadvocats.es\/#\/schema\/person\/8ee482a071b4b039d55e3b5981b20a98","name":"mrclickbarcelona@gmail.com","image":{"@type":"ImageObject","inLanguage":"es","@id":"https:\/\/fernandezadvocats.es\/#\/schema\/person\/image\/","url":"https:\/\/secure.gravatar.com\/avatar\/e16cc9a830d1a221b9e83b040154617903c650598282d145b5b76cdcb02f009e?s=96&d=mm&r=g","contentUrl":"https:\/\/secure.gravatar.com\/avatar\/e16cc9a830d1a221b9e83b040154617903c650598282d145b5b76cdcb02f009e?s=96&d=mm&r=g","caption":"mrclickbarcelona@gmail.com"},"url":"https:\/\/fernandezadvocats.es\/es\/author\/mrclickbarcelonagmail-com\/"}]}},"_links":{"self":[{"href":"https:\/\/fernandezadvocats.es\/es\/wp-json\/wp\/v2\/posts\/254452","targetHints":{"allow":["GET"]}}],"collection":[{"href":"https:\/\/fernandezadvocats.es\/es\/wp-json\/wp\/v2\/posts"}],"about":[{"href":"https:\/\/fernandezadvocats.es\/es\/wp-json\/wp\/v2\/types\/post"}],"author":[{"embeddable":true,"href":"https:\/\/fernandezadvocats.es\/es\/wp-json\/wp\/v2\/users\/19"}],"replies":[{"embeddable":true,"href":"https:\/\/fernandezadvocats.es\/es\/wp-json\/wp\/v2\/comments?post=254452"}],"version-history":[{"count":2,"href":"https:\/\/fernandezadvocats.es\/es\/wp-json\/wp\/v2\/posts\/254452\/revisions"}],"predecessor-version":[{"id":254454,"href":"https:\/\/fernandezadvocats.es\/es\/wp-json\/wp\/v2\/posts\/254452\/revisions\/254454"}],"wp:featuredmedia":[{"embeddable":true,"href":"https:\/\/fernandezadvocats.es\/es\/wp-json\/wp\/v2\/media\/254449"}],"wp:attachment":[{"href":"https:\/\/fernandezadvocats.es\/es\/wp-json\/wp\/v2\/media?parent=254452"}],"wp:term":[{"taxonomy":"category","embeddable":true,"href":"https:\/\/fernandezadvocats.es\/es\/wp-json\/wp\/v2\/categories?post=254452"},{"taxonomy":"post_tag","embeddable":true,"href":"https:\/\/fernandezadvocats.es\/es\/wp-json\/wp\/v2\/tags?post=254452"}],"curies":[{"name":"wp","href":"https:\/\/api.w.org\/{rel}","templated":true}]}}